{"id":57743,"date":"2023-08-27T23:19:42","date_gmt":"2023-08-27T21:19:42","guid":{"rendered":"https:\/\/www.lichen.pl\/?p=57743"},"modified":"2023-08-29T00:04:03","modified_gmt":"2023-08-28T22:04:03","slug":"koncert-joanny-kwiatkowskiej-festiwal-basilica-sonans","status":"publish","type":"post","link":"https:\/\/www.lichen.pl\/es\/koncert-joanny-kwiatkowskiej-festiwal-basilica-sonans\/","title":{"rendered":"Koncert Joanny Kwiatkowskiej &#8211; Festiwal &#8220;Basilica Sonans&#8221;"},"content":{"rendered":"<div data-elementor-type=\"wp-post\" data-elementor-id=\"57743\" class=\"elementor elementor-57743\" data-elementor-post-type=\"post\">\n\t\t\t\t\t\t<section class=\"elementor-section elementor-top-section elementor-element elementor-element-f51f753 elementor-section-boxed elementor-section-height-default elementor-section-height-default\" data-id=\"f51f753\" data-element_type=\"section\" data-e-type=\"section\">\n\t\t\t\t\t\t<div class=\"elementor-container elementor-column-gap-default\">\n\t\t\t\t\t<div class=\"elementor-column elementor-col-100 elementor-top-column elementor-element elementor-element-f60655a\" data-id=\"f60655a\" data-element_type=\"column\" data-e-type=\"column\">\n\t\t\t<div class=\"elementor-widget-wrap elementor-element-populated\">\n\t\t\t\t\t\t<div class=\"elementor-element elementor-element-2c1dcc5 elementor-widget elementor-widget-heading\" data-id=\"2c1dcc5\" data-element_type=\"widget\" data-e-type=\"widget\" data-widget_type=\"heading.default\">\n\t\t\t\t<div class=\"elementor-widget-container\">\n\t\t\t\t\t<h2 class=\"elementor-heading-title elementor-size-default\">Recitalem Joanny Kwiatkowskiej zako\u0144czy\u0142 si\u0119 V  Mi\u0119dzynarodowy Liche\u0144ski Festiwal Muzyki Organowej \"Basilica Sonans\". Podczas fina\u0142owego koncertu mo\u017cna by\u0142o us\u0142ysze\u0107 s\u0142ynnego \u201ePoloneza\u201d Wojciecha Kilara znanego z filmu \u201ePan Tadeusz\u201d w re\u017cyserii Andrzeja Wajdy, VI Sonat\u0119 d-moll Felixa Mendelssohna Bartholdy\u2019ego oraz Fantazj\u0119 \"Ad nos, ad salutarem undam\" Franciszka Liszta.<\/h2>\t\t\t\t<\/div>\n\t\t\t\t<\/div>\n\t\t\t\t<div class=\"elementor-element elementor-element-d847fc0 elementor-widget elementor-widget-text-editor\" data-id=\"d847fc0\" data-element_type=\"widget\" data-e-type=\"widget\" data-widget_type=\"text-editor.default\">\n\t\t\t\t<div class=\"elementor-widget-container\">\n\t\t\t\t\t\t\t\t\t<p>Pani Kwiatkowska przyzna\u0142a, \u017ce zagranie koncertu na liche\u0144skich organach by\u0142o jednym z jej muzycznych marze\u0144 &#8211; Zagra\u0142am na jednym z najwspanialszych wsp\u00f3\u0142czesnych instrument\u00f3w, liche\u0144skich organach. Ka\u017cdy cz\u0142owiek ma swoje marzenia, te ma\u0142e i te wielkie. Dzi\u015b prze\u017cy\u0142am chwile prawdziwego szcz\u0119\u015bcia mog\u0105c spe\u0142ni\u0107 jedno z nich &#8211; wpisa\u0142a artystka w festiwalowej ksi\u0119dze pami\u0105tkowej.<\/p><p>\u2013 Mamy nadziej\u0119, \u017ce w przysz\u0142ym roku znowu si\u0119 tu spotkamy i ten pi\u0119kny instrument w tej wspania\u0142ej bazylice znowu zabrzmi, by cieszy\u0107 nasze uszy i dostarcza\u0107 nam pi\u0119knych wra\u017ce\u0144 \u2013 m\u00f3wi\u0142 ks. S\u0142awomir Homoncik MIC, nowy kustosz liche\u0144skiego sanktuarium<\/p><p>Ko\u0144cz\u0105c jubileuszow\u0105 edycj\u0119 Mi\u0119dzynarodowego Liche\u0144skiego Festiwalu Muzyki Organowej, marianin wyrazi\u0142 wdzi\u0119czno\u015b\u0107 wszystkim, dzi\u0119ki kt\u00f3rym wydarzenie mog\u0142o si\u0119 odby\u0107. Podzi\u0119kowania skierowa\u0142 \u00a0m. in. do prof. Andrzeja Chorosi\u0144skiego, dyrektora artystycznego festiwalu i projektanta koncepcji brzmieniowej instrumentu, ks. Janusza Kumali MIC, poprzedniego kustosza, dzi\u0119ki kt\u00f3remu festiwal rozpocz\u0105\u0142 swoje istnienie, wszystkich artyst\u00f3w, kt\u00f3rzy wyst\u0105pili oraz Jacka Hy\u017cnego, koordynatora festiwalu, kt\u00f3ry wspomaga wszystkich wyst\u0119puj\u0105cych, zar\u00f3wno, gdy zapoznaj\u0105 si\u0119 z liche\u0144skimi organami jak i pe\u0142ni\u0105c funkcj\u0119 registranta podczas koncert\u00f3w. \u2013 Sporo os\u00f3b pracuje na to, by\u015bmy mogli si\u0119 cieszy\u0107 t\u0105 muzyk\u0105 \u00ad \u2013 zauwa\u017cy\u0142 marianin.<\/p>\t\t\t\t\t\t\t\t<\/div>\n\t\t\t\t<\/div>\n\t\t\t\t<div class=\"elementor-element elementor-element-e538802 elementor-widget elementor-widget-image-gallery\" data-id=\"e538802\" data-element_type=\"widget\" data-e-type=\"widget\" data-widget_type=\"image-gallery.default\">\n\t\t\t\t<div class=\"elementor-widget-container\">\n\t\t\t\t\t\t\t<div class=\"elementor-image-gallery\">\n\t\t\t<div id='gallery-1' class='gallery galleryid-57743 gallery-columns-5 gallery-size-thumbnail'><figure class='gallery-item'>\n\t\t\t<div class='gallery-icon portrait'>\n\t\t\t\t<a data-elementor-open-lightbox=\"yes\" data-elementor-lightbox-slideshow=\"e538802\" data-elementor-lightbox-title=\"Joanna Kwiatkowska - koncert\" data-e-action-hash=\"#elementor-action%3Aaction%3Dlightbox%26settings%3DeyJpZCI6NTc3NzksInVybCI6Imh0dHBzOlwvXC93d3cubGljaGVuLnBsXC93cC1jb250ZW50XC91cGxvYWRzXC8yMDIzXC8wOFwvSm9hbm5hLUt3aWF0a293c2thLWtvbmNlcnQuanBnIiwic2xpZGVzaG93IjoiZTUzODgwMiJ9\" href='https:\/\/www.lichen.pl\/wp-content\/uploads\/2023\/08\/Joanna-Kwiatkowska-koncert.jpg'><img width=\"150\" height=\"150\" src=\"https:\/\/www.lichen.pl\/wp-content\/uploads\/2023\/08\/Joanna-Kwiatkowska-koncert-150x150.jpg\" class=\"attachment-thumbnail size-thumbnail\" alt=\"\" decoding=\"async\" srcset=\"https:\/\/www.lichen.pl\/wp-content\/uploads\/2023\/08\/Joanna-Kwiatkowska-koncert-150x150.jpg 150w, https:\/\/www.lichen.pl\/wp-content\/uploads\/2023\/08\/Joanna-Kwiatkowska-koncert-300x300.jpg 300w\" sizes=\"(max-width: 150px) 100vw, 150px\" \/><\/a>\n\t\t\t<\/div><\/figure><figure class='gallery-item'>\n\t\t\t<div class='gallery-icon landscape'>\n\t\t\t\t<a data-elementor-open-lightbox=\"yes\" data-elementor-lightbox-slideshow=\"e538802\" data-elementor-lightbox-title=\"Koncert Joanny Kwiatkowskiej\" data-e-action-hash=\"#elementor-action%3Aaction%3Dlightbox%26settings%3DeyJpZCI6NTc3NTEsInVybCI6Imh0dHBzOlwvXC93d3cubGljaGVuLnBsXC93cC1jb250ZW50XC91cGxvYWRzXC8yMDIzXC8wOFwvOFo1QTk5MzguanBnIiwic2xpZGVzaG93IjoiZTUzODgwMiJ9\" href='https:\/\/www.lichen.pl\/wp-content\/uploads\/2023\/08\/8Z5A9938.jpg'><img width=\"150\" height=\"150\" src=\"https:\/\/www.lichen.pl\/wp-content\/uploads\/2023\/08\/8Z5A9938-150x150.jpg\" class=\"attachment-thumbnail size-thumbnail\" alt=\"\" decoding=\"async\" srcset=\"https:\/\/www.lichen.pl\/wp-content\/uploads\/2023\/08\/8Z5A9938-150x150.jpg 150w, https:\/\/www.lichen.pl\/wp-content\/uploads\/2023\/08\/8Z5A9938-300x300.jpg 300w\" sizes=\"(max-width: 150px) 100vw, 150px\" \/><\/a>\n\t\t\t<\/div><\/figure><figure class='gallery-item'>\n\t\t\t<div class='gallery-icon landscape'>\n\t\t\t\t<a data-elementor-open-lightbox=\"yes\" data-elementor-lightbox-slideshow=\"e538802\" data-elementor-lightbox-title=\"Koncert Joanny Kwiatkowskiej\" data-e-action-hash=\"#elementor-action%3Aaction%3Dlightbox%26settings%3DeyJpZCI6NTc3NjAsInVybCI6Imh0dHBzOlwvXC93d3cubGljaGVuLnBsXC93cC1jb250ZW50XC91cGxvYWRzXC8yMDIzXC8wOFwvOFo1QTk5NTkuanBnIiwic2xpZGVzaG93IjoiZTUzODgwMiJ9\" href='https:\/\/www.lichen.pl\/wp-content\/uploads\/2023\/08\/8Z5A9959.jpg'><img width=\"150\" height=\"150\" src=\"https:\/\/www.lichen.pl\/wp-content\/uploads\/2023\/08\/8Z5A9959-150x150.jpg\" class=\"attachment-thumbnail size-thumbnail\" alt=\"\" decoding=\"async\" srcset=\"https:\/\/www.lichen.pl\/wp-content\/uploads\/2023\/08\/8Z5A9959-150x150.jpg 150w, https:\/\/www.lichen.pl\/wp-content\/uploads\/2023\/08\/8Z5A9959-300x300.jpg 300w\" sizes=\"(max-width: 150px) 100vw, 150px\" \/><\/a>\n\t\t\t<\/div><\/figure><figure class='gallery-item'>\n\t\t\t<div class='gallery-icon portrait'>\n\t\t\t\t<a data-elementor-open-lightbox=\"yes\" data-elementor-lightbox-slideshow=\"e538802\" data-elementor-lightbox-title=\"Koncert Joanny Kwiatkowskiej\" data-e-action-hash=\"#elementor-action%3Aaction%3Dlightbox%26settings%3DeyJpZCI6NTc3NTUsInVybCI6Imh0dHBzOlwvXC93d3cubGljaGVuLnBsXC93cC1jb250ZW50XC91cGxvYWRzXC8yMDIzXC8wOFwvOFo1QTk5NDQuanBnIiwic2xpZGVzaG93IjoiZTUzODgwMiJ9\" href='https:\/\/www.lichen.pl\/wp-content\/uploads\/2023\/08\/8Z5A9944.jpg'><img loading=\"lazy\" width=\"150\" height=\"150\" src=\"https:\/\/www.lichen.pl\/wp-content\/uploads\/2023\/08\/8Z5A9944-150x150.jpg\" class=\"attachment-thumbnail size-thumbnail\" alt=\"\" decoding=\"async\" srcset=\"https:\/\/www.lichen.pl\/wp-content\/uploads\/2023\/08\/8Z5A9944-150x150.jpg 150w, https:\/\/www.lichen.pl\/wp-content\/uploads\/2023\/08\/8Z5A9944-300x300.jpg 300w\" sizes=\"(max-width: 150px) 100vw, 150px\" \/><\/a>\n\t\t\t<\/div><\/figure><figure class='gallery-item'>\n\t\t\t<div class='gallery-icon landscape'>\n\t\t\t\t<a data-elementor-open-lightbox=\"yes\" data-elementor-lightbox-slideshow=\"e538802\" data-elementor-lightbox-title=\"Koncert Joanny Kwiatkowskiej\" data-e-action-hash=\"#elementor-action%3Aaction%3Dlightbox%26settings%3DeyJpZCI6NTc3NTQsInVybCI6Imh0dHBzOlwvXC93d3cubGljaGVuLnBsXC93cC1jb250ZW50XC91cGxvYWRzXC8yMDIzXC8wOFwvOFo1QTk5NDMuanBnIiwic2xpZGVzaG93IjoiZTUzODgwMiJ9\" href='https:\/\/www.lichen.pl\/wp-content\/uploads\/2023\/08\/8Z5A9943.jpg'><img loading=\"lazy\" width=\"150\" height=\"150\" src=\"https:\/\/www.lichen.pl\/wp-content\/uploads\/2023\/08\/8Z5A9943-150x150.jpg\" class=\"attachment-thumbnail size-thumbnail\" alt=\"\" decoding=\"async\" srcset=\"https:\/\/www.lichen.pl\/wp-content\/uploads\/2023\/08\/8Z5A9943-150x150.jpg 150w, https:\/\/www.lichen.pl\/wp-content\/uploads\/2023\/08\/8Z5A9943-300x300.jpg 300w\" sizes=\"(max-width: 150px) 100vw, 150px\" \/><\/a>\n\t\t\t<\/div><\/figure><figure class='gallery-item'>\n\t\t\t<div class='gallery-icon landscape'>\n\t\t\t\t<a data-elementor-open-lightbox=\"yes\" data-elementor-lightbox-slideshow=\"e538802\" data-elementor-lightbox-title=\"Koncert Joanny Kwiatkowskiej\" data-e-action-hash=\"#elementor-action%3Aaction%3Dlightbox%26settings%3DeyJpZCI6NTc3NTMsInVybCI6Imh0dHBzOlwvXC93d3cubGljaGVuLnBsXC93cC1jb250ZW50XC91cGxvYWRzXC8yMDIzXC8wOFwvOFo1QTk5NDIuanBnIiwic2xpZGVzaG93IjoiZTUzODgwMiJ9\" href='https:\/\/www.lichen.pl\/wp-content\/uploads\/2023\/08\/8Z5A9942.jpg'><img loading=\"lazy\" width=\"150\" height=\"150\" src=\"https:\/\/www.lichen.pl\/wp-content\/uploads\/2023\/08\/8Z5A9942-150x150.jpg\" class=\"attachment-thumbnail size-thumbnail\" alt=\"\" decoding=\"async\" srcset=\"https:\/\/www.lichen.pl\/wp-content\/uploads\/2023\/08\/8Z5A9942-150x150.jpg 150w, https:\/\/www.lichen.pl\/wp-content\/uploads\/2023\/08\/8Z5A9942-300x300.jpg 300w\" sizes=\"(max-width: 150px) 100vw, 150px\" \/><\/a>\n\t\t\t<\/div><\/figure><figure class='gallery-item'>\n\t\t\t<div class='gallery-icon landscape'>\n\t\t\t\t<a data-elementor-open-lightbox=\"yes\" data-elementor-lightbox-slideshow=\"e538802\" data-elementor-lightbox-title=\"Koncert Joanny Kwiatkowskiej\" data-e-action-hash=\"#elementor-action%3Aaction%3Dlightbox%26settings%3DeyJpZCI6NTc3NTYsInVybCI6Imh0dHBzOlwvXC93d3cubGljaGVuLnBsXC93cC1jb250ZW50XC91cGxvYWRzXC8yMDIzXC8wOFwvOFo1QTk5NDguanBnIiwic2xpZGVzaG93IjoiZTUzODgwMiJ9\" href='https:\/\/www.lichen.pl\/wp-content\/uploads\/2023\/08\/8Z5A9948.jpg'><img loading=\"lazy\" width=\"150\" height=\"150\" src=\"https:\/\/www.lichen.pl\/wp-content\/uploads\/2023\/08\/8Z5A9948-150x150.jpg\" class=\"attachment-thumbnail size-thumbnail\" alt=\"\" decoding=\"async\" srcset=\"https:\/\/www.lichen.pl\/wp-content\/uploads\/2023\/08\/8Z5A9948-150x150.jpg 150w, https:\/\/www.lichen.pl\/wp-content\/uploads\/2023\/08\/8Z5A9948-300x300.jpg 300w\" sizes=\"(max-width: 150px) 100vw, 150px\" \/><\/a>\n\t\t\t<\/div><\/figure><figure class='gallery-item'>\n\t\t\t<div class='gallery-icon landscape'>\n\t\t\t\t<a data-elementor-open-lightbox=\"yes\" data-elementor-lightbox-slideshow=\"e538802\" data-elementor-lightbox-title=\"Koncert Joanny Kwiatkowskiej\" data-e-action-hash=\"#elementor-action%3Aaction%3Dlightbox%26settings%3DeyJpZCI6NTc3NTgsInVybCI6Imh0dHBzOlwvXC93d3cubGljaGVuLnBsXC93cC1jb250ZW50XC91cGxvYWRzXC8yMDIzXC8wOFwvOFo1QTk5NTEuanBnIiwic2xpZGVzaG93IjoiZTUzODgwMiJ9\" href='https:\/\/www.lichen.pl\/wp-content\/uploads\/2023\/08\/8Z5A9951.jpg'><img loading=\"lazy\" width=\"150\" height=\"150\" src=\"https:\/\/www.lichen.pl\/wp-content\/uploads\/2023\/08\/8Z5A9951-150x150.jpg\" class=\"attachment-thumbnail size-thumbnail\" alt=\"\" decoding=\"async\" srcset=\"https:\/\/www.lichen.pl\/wp-content\/uploads\/2023\/08\/8Z5A9951-150x150.jpg 150w, https:\/\/www.lichen.pl\/wp-content\/uploads\/2023\/08\/8Z5A9951-300x300.jpg 300w\" sizes=\"(max-width: 150px) 100vw, 150px\" \/><\/a>\n\t\t\t<\/div><\/figure><figure class='gallery-item'>\n\t\t\t<div class='gallery-icon portrait'>\n\t\t\t\t<a data-elementor-open-lightbox=\"yes\" data-elementor-lightbox-slideshow=\"e538802\" data-elementor-lightbox-title=\"Koncert Joanny Kwiatkowskiej\" data-e-action-hash=\"#elementor-action%3Aaction%3Dlightbox%26settings%3DeyJpZCI6NTc3NTIsInVybCI6Imh0dHBzOlwvXC93d3cubGljaGVuLnBsXC93cC1jb250ZW50XC91cGxvYWRzXC8yMDIzXC8wOFwvOFo1QTk5NDEuanBnIiwic2xpZGVzaG93IjoiZTUzODgwMiJ9\" href='https:\/\/www.lichen.pl\/wp-content\/uploads\/2023\/08\/8Z5A9941.jpg'><img loading=\"lazy\" width=\"150\" height=\"150\" src=\"https:\/\/www.lichen.pl\/wp-content\/uploads\/2023\/08\/8Z5A9941-150x150.jpg\" class=\"attachment-thumbnail size-thumbnail\" alt=\"\" decoding=\"async\" srcset=\"https:\/\/www.lichen.pl\/wp-content\/uploads\/2023\/08\/8Z5A9941-150x150.jpg 150w, https:\/\/www.lichen.pl\/wp-content\/uploads\/2023\/08\/8Z5A9941-300x300.jpg 300w\" sizes=\"(max-width: 150px) 100vw, 150px\" \/><\/a>\n\t\t\t<\/div><\/figure><figure class='gallery-item'>\n\t\t\t<div class='gallery-icon landscape'>\n\t\t\t\t<a data-elementor-open-lightbox=\"yes\" data-elementor-lightbox-slideshow=\"e538802\" data-elementor-lightbox-title=\"Koncert Joanny Kwiatkowskiej\" data-e-action-hash=\"#elementor-action%3Aaction%3Dlightbox%26settings%3DeyJpZCI6NTc3NTksInVybCI6Imh0dHBzOlwvXC93d3cubGljaGVuLnBsXC93cC1jb250ZW50XC91cGxvYWRzXC8yMDIzXC8wOFwvOFo1QTk5NTIuanBnIiwic2xpZGVzaG93IjoiZTUzODgwMiJ9\" href='https:\/\/www.lichen.pl\/wp-content\/uploads\/2023\/08\/8Z5A9952.jpg'><img loading=\"lazy\" width=\"150\" height=\"150\" src=\"https:\/\/www.lichen.pl\/wp-content\/uploads\/2023\/08\/8Z5A9952-150x150.jpg\" class=\"attachment-thumbnail size-thumbnail\" alt=\"\" decoding=\"async\" srcset=\"https:\/\/www.lichen.pl\/wp-content\/uploads\/2023\/08\/8Z5A9952-150x150.jpg 150w, https:\/\/www.lichen.pl\/wp-content\/uploads\/2023\/08\/8Z5A9952-300x300.jpg 300w\" sizes=\"(max-width: 150px) 100vw, 150px\" \/><\/a>\n\t\t\t<\/div><\/figure><figure class='gallery-item'>\n\t\t\t<div class='gallery-icon landscape'>\n\t\t\t\t<a data-elementor-open-lightbox=\"yes\" data-elementor-lightbox-slideshow=\"e538802\" data-elementor-lightbox-title=\"Koncert Joanny Kwiatkowskiej\" data-e-action-hash=\"#elementor-action%3Aaction%3Dlightbox%26settings%3DeyJpZCI6NTc3NDksInVybCI6Imh0dHBzOlwvXC93d3cubGljaGVuLnBsXC93cC1jb250ZW50XC91cGxvYWRzXC8yMDIzXC8wOFwvOFo1QTk5MzMuanBnIiwic2xpZGVzaG93IjoiZTUzODgwMiJ9\" href='https:\/\/www.lichen.pl\/wp-content\/uploads\/2023\/08\/8Z5A9933.jpg'><img loading=\"lazy\" width=\"150\" height=\"150\" src=\"https:\/\/www.lichen.pl\/wp-content\/uploads\/2023\/08\/8Z5A9933-150x150.jpg\" class=\"attachment-thumbnail size-thumbnail\" alt=\"\" decoding=\"async\" srcset=\"https:\/\/www.lichen.pl\/wp-content\/uploads\/2023\/08\/8Z5A9933-150x150.jpg 150w, https:\/\/www.lichen.pl\/wp-content\/uploads\/2023\/08\/8Z5A9933-300x300.jpg 300w\" sizes=\"(max-width: 150px) 100vw, 150px\" \/><\/a>\n\t\t\t<\/div><\/figure><figure class='gallery-item'>\n\t\t\t<div class='gallery-icon landscape'>\n\t\t\t\t<a data-elementor-open-lightbox=\"yes\" data-elementor-lightbox-slideshow=\"e538802\" data-elementor-lightbox-title=\"Koncert Joanny Kwiatkowskiej\" data-e-action-hash=\"#elementor-action%3Aaction%3Dlightbox%26settings%3DeyJpZCI6NTc3NTcsInVybCI6Imh0dHBzOlwvXC93d3cubGljaGVuLnBsXC93cC1jb250ZW50XC91cGxvYWRzXC8yMDIzXC8wOFwvOFo1QTk5NTAuanBnIiwic2xpZGVzaG93IjoiZTUzODgwMiJ9\" href='https:\/\/www.lichen.pl\/wp-content\/uploads\/2023\/08\/8Z5A9950.jpg'><img loading=\"lazy\" width=\"150\" height=\"150\" src=\"https:\/\/www.lichen.pl\/wp-content\/uploads\/2023\/08\/8Z5A9950-150x150.jpg\" class=\"attachment-thumbnail size-thumbnail\" alt=\"\" decoding=\"async\" srcset=\"https:\/\/www.lichen.pl\/wp-content\/uploads\/2023\/08\/8Z5A9950-150x150.jpg 150w, https:\/\/www.lichen.pl\/wp-content\/uploads\/2023\/08\/8Z5A9950-300x300.jpg 300w\" sizes=\"(max-width: 150px) 100vw, 150px\" \/><\/a>\n\t\t\t<\/div><\/figure><figure class='gallery-item'>\n\t\t\t<div class='gallery-icon landscape'>\n\t\t\t\t<a data-elementor-open-lightbox=\"yes\" data-elementor-lightbox-slideshow=\"e538802\" data-elementor-lightbox-title=\"Koncert Joanny Kwiatkowskiej\" data-e-action-hash=\"#elementor-action%3Aaction%3Dlightbox%26settings%3DeyJpZCI6NTc3NTAsInVybCI6Imh0dHBzOlwvXC93d3cubGljaGVuLnBsXC93cC1jb250ZW50XC91cGxvYWRzXC8yMDIzXC8wOFwvOFo1QTk5MzcuanBnIiwic2xpZGVzaG93IjoiZTUzODgwMiJ9\" href='https:\/\/www.lichen.pl\/wp-content\/uploads\/2023\/08\/8Z5A9937.jpg'><img loading=\"lazy\" width=\"150\" height=\"150\" src=\"https:\/\/www.lichen.pl\/wp-content\/uploads\/2023\/08\/8Z5A9937-150x150.jpg\" class=\"attachment-thumbnail size-thumbnail\" alt=\"\" decoding=\"async\" srcset=\"https:\/\/www.lichen.pl\/wp-content\/uploads\/2023\/08\/8Z5A9937-150x150.jpg 150w, https:\/\/www.lichen.pl\/wp-content\/uploads\/2023\/08\/8Z5A9937-300x300.jpg 300w\" sizes=\"(max-width: 150px) 100vw, 150px\" \/><\/a>\n\t\t\t<\/div><\/figure><figure class='gallery-item'>\n\t\t\t<div class='gallery-icon portrait'>\n\t\t\t\t<a data-elementor-open-lightbox=\"yes\" data-elementor-lightbox-slideshow=\"e538802\" data-elementor-lightbox-title=\"Koncert Joanny Kwiatkowskiej\" data-e-action-hash=\"#elementor-action%3Aaction%3Dlightbox%26settings%3DeyJpZCI6NTc3NDgsInVybCI6Imh0dHBzOlwvXC93d3cubGljaGVuLnBsXC93cC1jb250ZW50XC91cGxvYWRzXC8yMDIzXC8wOFwvOFo1QTk5MzEuanBnIiwic2xpZGVzaG93IjoiZTUzODgwMiJ9\" href='https:\/\/www.lichen.pl\/wp-content\/uploads\/2023\/08\/8Z5A9931.jpg'><img loading=\"lazy\" width=\"150\" height=\"150\" src=\"https:\/\/www.lichen.pl\/wp-content\/uploads\/2023\/08\/8Z5A9931-150x150.jpg\" class=\"attachment-thumbnail size-thumbnail\" alt=\"\" decoding=\"async\" srcset=\"https:\/\/www.lichen.pl\/wp-content\/uploads\/2023\/08\/8Z5A9931-150x150.jpg 150w, https:\/\/www.lichen.pl\/wp-content\/uploads\/2023\/08\/8Z5A9931-300x300.jpg 300w\" sizes=\"(max-width: 150px) 100vw, 150px\" \/><\/a>\n\t\t\t<\/div><\/figure><figure class='gallery-item'>\n\t\t\t<div class='gallery-icon portrait'>\n\t\t\t\t<a data-elementor-open-lightbox=\"yes\" data-elementor-lightbox-slideshow=\"e538802\" data-elementor-lightbox-title=\"Koncert Joanny Kwiatkowskiej\" data-e-action-hash=\"#elementor-action%3Aaction%3Dlightbox%26settings%3DeyJpZCI6NTc3NjIsInVybCI6Imh0dHBzOlwvXC93d3cubGljaGVuLnBsXC93cC1jb250ZW50XC91cGxvYWRzXC8yMDIzXC8wOFwvOFo1QTk5NjkuanBnIiwic2xpZGVzaG93IjoiZTUzODgwMiJ9\" href='https:\/\/www.lichen.pl\/wp-content\/uploads\/2023\/08\/8Z5A9969.jpg'><img loading=\"lazy\" width=\"150\" height=\"150\" src=\"https:\/\/www.lichen.pl\/wp-content\/uploads\/2023\/08\/8Z5A9969-150x150.jpg\" class=\"attachment-thumbnail size-thumbnail\" alt=\"\" decoding=\"async\" srcset=\"https:\/\/www.lichen.pl\/wp-content\/uploads\/2023\/08\/8Z5A9969-150x150.jpg 150w, https:\/\/www.lichen.pl\/wp-content\/uploads\/2023\/08\/8Z5A9969-300x300.jpg 300w\" sizes=\"(max-width: 150px) 100vw, 150px\" \/><\/a>\n\t\t\t<\/div><\/figure><figure class='gallery-item'>\n\t\t\t<div class='gallery-icon portrait'>\n\t\t\t\t<a data-elementor-open-lightbox=\"yes\" data-elementor-lightbox-slideshow=\"e538802\" data-elementor-lightbox-title=\"Koncert Joanny Kwiatkowskiej\" data-e-action-hash=\"#elementor-action%3Aaction%3Dlightbox%26settings%3DeyJpZCI6NTc3NjQsInVybCI6Imh0dHBzOlwvXC93d3cubGljaGVuLnBsXC93cC1jb250ZW50XC91cGxvYWRzXC8yMDIzXC8wOFwvOFo1QTk5NzcuanBnIiwic2xpZGVzaG93IjoiZTUzODgwMiJ9\" href='https:\/\/www.lichen.pl\/wp-content\/uploads\/2023\/08\/8Z5A9977.jpg'><img loading=\"lazy\" width=\"150\" height=\"150\" src=\"https:\/\/www.lichen.pl\/wp-content\/uploads\/2023\/08\/8Z5A9977-150x150.jpg\" class=\"attachment-thumbnail size-thumbnail\" alt=\"\" decoding=\"async\" srcset=\"https:\/\/www.lichen.pl\/wp-content\/uploads\/2023\/08\/8Z5A9977-150x150.jpg 150w, https:\/\/www.lichen.pl\/wp-content\/uploads\/2023\/08\/8Z5A9977-300x300.jpg 300w\" sizes=\"(max-width: 150px) 100vw, 150px\" \/><\/a>\n\t\t\t<\/div><\/figure><figure class='gallery-item'>\n\t\t\t<div class='gallery-icon portrait'>\n\t\t\t\t<a data-elementor-open-lightbox=\"yes\" data-elementor-lightbox-slideshow=\"e538802\" data-elementor-lightbox-title=\"Koncert Joanny Kwiatkowskiej\" data-e-action-hash=\"#elementor-action%3Aaction%3Dlightbox%26settings%3DeyJpZCI6NTc3NjEsInVybCI6Imh0dHBzOlwvXC93d3cubGljaGVuLnBsXC93cC1jb250ZW50XC91cGxvYWRzXC8yMDIzXC8wOFwvOFo1QTk5NjcuanBnIiwic2xpZGVzaG93IjoiZTUzODgwMiJ9\" href='https:\/\/www.lichen.pl\/wp-content\/uploads\/2023\/08\/8Z5A9967.jpg'><img loading=\"lazy\" width=\"150\" height=\"150\" src=\"https:\/\/www.lichen.pl\/wp-content\/uploads\/2023\/08\/8Z5A9967-150x150.jpg\" class=\"attachment-thumbnail size-thumbnail\" alt=\"\" decoding=\"async\" srcset=\"https:\/\/www.lichen.pl\/wp-content\/uploads\/2023\/08\/8Z5A9967-150x150.jpg 150w, https:\/\/www.lichen.pl\/wp-content\/uploads\/2023\/08\/8Z5A9967-300x300.jpg 300w\" sizes=\"(max-width: 150px) 100vw, 150px\" \/><\/a>\n\t\t\t<\/div><\/figure><figure class='gallery-item'>\n\t\t\t<div class='gallery-icon portrait'>\n\t\t\t\t<a data-elementor-open-lightbox=\"yes\" data-elementor-lightbox-slideshow=\"e538802\" data-elementor-lightbox-title=\"Koncert Joanny Kwiatkowskiej\" data-e-action-hash=\"#elementor-action%3Aaction%3Dlightbox%26settings%3DeyJpZCI6NTc3NjMsInVybCI6Imh0dHBzOlwvXC93d3cubGljaGVuLnBsXC93cC1jb250ZW50XC91cGxvYWRzXC8yMDIzXC8wOFwvOFo1QTk5NzEuanBnIiwic2xpZGVzaG93IjoiZTUzODgwMiJ9\" href='https:\/\/www.lichen.pl\/wp-content\/uploads\/2023\/08\/8Z5A9971.jpg'><img loading=\"lazy\" width=\"150\" height=\"150\" src=\"https:\/\/www.lichen.pl\/wp-content\/uploads\/2023\/08\/8Z5A9971-150x150.jpg\" class=\"attachment-thumbnail size-thumbnail\" alt=\"\" decoding=\"async\" srcset=\"https:\/\/www.lichen.pl\/wp-content\/uploads\/2023\/08\/8Z5A9971-150x150.jpg 150w, https:\/\/www.lichen.pl\/wp-content\/uploads\/2023\/08\/8Z5A9971-300x300.jpg 300w\" sizes=\"(max-width: 150px) 100vw, 150px\" \/><\/a>\n\t\t\t<\/div><\/figure><figure class='gallery-item'>\n\t\t\t<div class='gallery-icon landscape'>\n\t\t\t\t<a data-elementor-open-lightbox=\"yes\" data-elementor-lightbox-slideshow=\"e538802\" data-elementor-lightbox-title=\"Koncert Joanny Kwiatkowskiej\" data-e-action-hash=\"#elementor-action%3Aaction%3Dlightbox%26settings%3DeyJpZCI6NTc3NjUsInVybCI6Imh0dHBzOlwvXC93d3cubGljaGVuLnBsXC93cC1jb250ZW50XC91cGxvYWRzXC8yMDIzXC8wOFwvOFo1QTk5ODEuanBnIiwic2xpZGVzaG93IjoiZTUzODgwMiJ9\" href='https:\/\/www.lichen.pl\/wp-content\/uploads\/2023\/08\/8Z5A9981.jpg'><img loading=\"lazy\" width=\"150\" height=\"150\" src=\"https:\/\/www.lichen.pl\/wp-content\/uploads\/2023\/08\/8Z5A9981-150x150.jpg\" class=\"attachment-thumbnail size-thumbnail\" alt=\"\" decoding=\"async\" srcset=\"https:\/\/www.lichen.pl\/wp-content\/uploads\/2023\/08\/8Z5A9981-150x150.jpg 150w, https:\/\/www.lichen.pl\/wp-content\/uploads\/2023\/08\/8Z5A9981-300x300.jpg 300w\" sizes=\"(max-width: 150px) 100vw, 150px\" \/><\/a>\n\t\t\t<\/div><\/figure><figure class='gallery-item'>\n\t\t\t<div class='gallery-icon portrait'>\n\t\t\t\t<a data-elementor-open-lightbox=\"yes\" data-elementor-lightbox-slideshow=\"e538802\" data-elementor-lightbox-title=\"Koncert Joanny Kwiatkowskiej\" data-e-action-hash=\"#elementor-action%3Aaction%3Dlightbox%26settings%3DeyJpZCI6NTc3NjYsInVybCI6Imh0dHBzOlwvXC93d3cubGljaGVuLnBsXC93cC1jb250ZW50XC91cGxvYWRzXC8yMDIzXC8wOFwvOFo1QTk5ODUuanBnIiwic2xpZGVzaG93IjoiZTUzODgwMiJ9\" href='https:\/\/www.lichen.pl\/wp-content\/uploads\/2023\/08\/8Z5A9985.jpg'><img loading=\"lazy\" width=\"150\" height=\"150\" src=\"https:\/\/www.lichen.pl\/wp-content\/uploads\/2023\/08\/8Z5A9985-150x150.jpg\" class=\"attachment-thumbnail size-thumbnail\" alt=\"\" decoding=\"async\" srcset=\"https:\/\/www.lichen.pl\/wp-content\/uploads\/2023\/08\/8Z5A9985-150x150.jpg 150w, https:\/\/www.lichen.pl\/wp-content\/uploads\/2023\/08\/8Z5A9985-300x300.jpg 300w\" sizes=\"(max-width: 150px) 100vw, 150px\" \/><\/a>\n\t\t\t<\/div><\/figure><figure class='gallery-item'>\n\t\t\t<div class='gallery-icon portrait'>\n\t\t\t\t<a data-elementor-open-lightbox=\"yes\" data-elementor-lightbox-slideshow=\"e538802\" data-elementor-lightbox-title=\"Koncert Joanny Kwiatkowskiej\" data-e-action-hash=\"#elementor-action%3Aaction%3Dlightbox%26settings%3DeyJpZCI6NTc3NDUsInVybCI6Imh0dHBzOlwvXC93d3cubGljaGVuLnBsXC93cC1jb250ZW50XC91cGxvYWRzXC8yMDIzXC8wOFwvOFo1QTAwMDEuanBnIiwic2xpZGVzaG93IjoiZTUzODgwMiJ9\" href='https:\/\/www.lichen.pl\/wp-content\/uploads\/2023\/08\/8Z5A0001.jpg'><img loading=\"lazy\" width=\"150\" height=\"150\" src=\"https:\/\/www.lichen.pl\/wp-content\/uploads\/2023\/08\/8Z5A0001-150x150.jpg\" class=\"attachment-thumbnail size-thumbnail\" alt=\"\" decoding=\"async\" srcset=\"https:\/\/www.lichen.pl\/wp-content\/uploads\/2023\/08\/8Z5A0001-150x150.jpg 150w, https:\/\/www.lichen.pl\/wp-content\/uploads\/2023\/08\/8Z5A0001-300x300.jpg 300w\" sizes=\"(max-width: 150px) 100vw, 150px\" \/><\/a>\n\t\t\t<\/div><\/figure><figure class='gallery-item'>\n\t\t\t<div class='gallery-icon landscape'>\n\t\t\t\t<a data-elementor-open-lightbox=\"yes\" data-elementor-lightbox-slideshow=\"e538802\" data-elementor-lightbox-title=\"8Z5A00Koncert Joanny Kwiatkowskiej02\" data-e-action-hash=\"#elementor-action%3Aaction%3Dlightbox%26settings%3DeyJpZCI6NTc3NDYsInVybCI6Imh0dHBzOlwvXC93d3cubGljaGVuLnBsXC93cC1jb250ZW50XC91cGxvYWRzXC8yMDIzXC8wOFwvOFo1QTAwMDIuanBnIiwic2xpZGVzaG93IjoiZTUzODgwMiJ9\" href='https:\/\/www.lichen.pl\/wp-content\/uploads\/2023\/08\/8Z5A0002.jpg'><img loading=\"lazy\" width=\"150\" height=\"150\" src=\"https:\/\/www.lichen.pl\/wp-content\/uploads\/2023\/08\/8Z5A0002-150x150.jpg\" class=\"attachment-thumbnail size-thumbnail\" alt=\"\" decoding=\"async\" srcset=\"https:\/\/www.lichen.pl\/wp-content\/uploads\/2023\/08\/8Z5A0002-150x150.jpg 150w, https:\/\/www.lichen.pl\/wp-content\/uploads\/2023\/08\/8Z5A0002-300x300.jpg 300w\" sizes=\"(max-width: 150px) 100vw, 150px\" \/><\/a>\n\t\t\t<\/div><\/figure><figure class='gallery-item'>\n\t\t\t<div class='gallery-icon landscape'>\n\t\t\t\t<a data-elementor-open-lightbox=\"yes\" data-elementor-lightbox-slideshow=\"e538802\" data-elementor-lightbox-title=\"Koncert Joanny Kwiatkowskiej\" data-e-action-hash=\"#elementor-action%3Aaction%3Dlightbox%26settings%3DeyJpZCI6NTc3NDcsInVybCI6Imh0dHBzOlwvXC93d3cubGljaGVuLnBsXC93cC1jb250ZW50XC91cGxvYWRzXC8yMDIzXC8wOFwvOFo1QTAwMDYuanBnIiwic2xpZGVzaG93IjoiZTUzODgwMiJ9\" href='https:\/\/www.lichen.pl\/wp-content\/uploads\/2023\/08\/8Z5A0006.jpg'><img loading=\"lazy\" width=\"150\" height=\"150\" src=\"https:\/\/www.lichen.pl\/wp-content\/uploads\/2023\/08\/8Z5A0006-150x150.jpg\" class=\"attachment-thumbnail size-thumbnail\" alt=\"\" decoding=\"async\" srcset=\"https:\/\/www.lichen.pl\/wp-content\/uploads\/2023\/08\/8Z5A0006-150x150.jpg 150w, https:\/\/www.lichen.pl\/wp-content\/uploads\/2023\/08\/8Z5A0006-300x300.jpg 300w\" sizes=\"(max-width: 150px) 100vw, 150px\" \/><\/a>\n\t\t\t<\/div><\/figure><figure class='gallery-item'>\n\t\t\t<div class='gallery-icon portrait'>\n\t\t\t\t<a data-elementor-open-lightbox=\"yes\" data-elementor-lightbox-slideshow=\"e538802\" data-elementor-lightbox-title=\"Koncert Joanny Kwiatkowskiej (3)\" data-e-action-hash=\"#elementor-action%3Aaction%3Dlightbox%26settings%3DeyJpZCI6NTc3ODEsInVybCI6Imh0dHBzOlwvXC93d3cubGljaGVuLnBsXC93cC1jb250ZW50XC91cGxvYWRzXC8yMDIzXC8wOFwvS29uY2VydC1Kb2FubnktS3dpYXRrb3dza2llai0zLXJvdGF0ZWQuanBnIiwic2xpZGVzaG93IjoiZTUzODgwMiJ9\" href='https:\/\/www.lichen.pl\/wp-content\/uploads\/2023\/08\/Koncert-Joanny-Kwiatkowskiej-3-rotated.jpg'><img loading=\"lazy\" width=\"150\" height=\"150\" src=\"https:\/\/www.lichen.pl\/wp-content\/uploads\/2023\/08\/Koncert-Joanny-Kwiatkowskiej-3-150x150.jpg\" class=\"attachment-thumbnail size-thumbnail\" alt=\"\" decoding=\"async\" srcset=\"https:\/\/www.lichen.pl\/wp-content\/uploads\/2023\/08\/Koncert-Joanny-Kwiatkowskiej-3-150x150.jpg 150w, https:\/\/www.lichen.pl\/wp-content\/uploads\/2023\/08\/Koncert-Joanny-Kwiatkowskiej-3-rotated-300x300.jpg 300w\" sizes=\"(max-width: 150px) 100vw, 150px\" \/><\/a>\n\t\t\t<\/div><\/figure><figure class='gallery-item'>\n\t\t\t<div class='gallery-icon landscape'>\n\t\t\t\t<a data-elementor-open-lightbox=\"yes\" data-elementor-lightbox-slideshow=\"e538802\" data-elementor-lightbox-title=\"Koncert Joanny Kwiatkowskiej (4)\" data-e-action-hash=\"#elementor-action%3Aaction%3Dlightbox%26settings%3DeyJpZCI6NTc3ODIsInVybCI6Imh0dHBzOlwvXC93d3cubGljaGVuLnBsXC93cC1jb250ZW50XC91cGxvYWRzXC8yMDIzXC8wOFwvS29uY2VydC1Kb2FubnktS3dpYXRrb3dza2llai00LmpwZyIsInNsaWRlc2hvdyI6ImU1Mzg4MDIifQ%3D%3D\" href='https:\/\/www.lichen.pl\/wp-content\/uploads\/2023\/08\/Koncert-Joanny-Kwiatkowskiej-4.jpg'><img loading=\"lazy\" width=\"150\" height=\"150\" src=\"https:\/\/www.lichen.pl\/wp-content\/uploads\/2023\/08\/Koncert-Joanny-Kwiatkowskiej-4-150x150.jpg\" class=\"attachment-thumbnail size-thumbnail\" alt=\"\" decoding=\"async\" srcset=\"https:\/\/www.lichen.pl\/wp-content\/uploads\/2023\/08\/Koncert-Joanny-Kwiatkowskiej-4-150x150.jpg 150w, https:\/\/www.lichen.pl\/wp-content\/uploads\/2023\/08\/Koncert-Joanny-Kwiatkowskiej-4-300x300.jpg 300w\" sizes=\"(max-width: 150px) 100vw, 150px\" \/><\/a>\n\t\t\t<\/div><\/figure>\n\t\t<\/div>\n\t\t<\/div>\n\t\t\t\t\t\t<\/div>\n\t\t\t\t<\/div>\n\t\t\t\t<div class=\"elementor-element elementor-element-37dfd81 elementor-widget elementor-widget-text-editor\" data-id=\"37dfd81\" data-element_type=\"widget\" data-e-type=\"widget\" data-widget_type=\"text-editor.default\">\n\t\t\t\t<div class=\"elementor-widget-container\">\n\t\t\t\t\t\t\t\t\t<div dir=\"auto\"><div dir=\"auto\">JOANNA KWIATKOWSKA uko\u0144czy\u0142a Liceum Muzyczne im. Karola Lipi\u0144skiego w Lublinie w klasie organ\u00f3w S\u0142awomira Kurczaby. Kontynuowa\u0142a nauk\u0119 w zakresie gry na organach i improwizacji u Jerzego Kukli. W latach 1994-1999 studiowa\u0142a na Akademii Muzycznej im. Fryderyka Chopina w Warszawie w klasie organ\u00f3w prof. Andrzeja Chorosi\u0144skiego, uzyskuj\u0105c dyplom z wyr\u00f3\u017cnieniem. W 1998 r. na I Mi\u0119dzynarodowym Konkursie Organowym w Warszawie otrzyma\u0142a nagrod\u0119 specjaln\u0105 za najlepsze wykonanie utworu Da pacem Domine Stanis\u0142awa Moryto oraz szereg nagr\u00f3d pozaregulaminowych. W swoim repertuarze ma utwory kompozytor\u00f3w z r\u00f3\u017cnych epok. Szczeg\u00f3lne miejsce zajmuj\u0105 wielkie dzie\u0142a epoki romantyzmu (jak Ad nos ad salutarem undam Franciszka Liszta oraz Fantazja i fuga na temat B-A-C-H i Wariacje fis-moll Maxa Regera) i kompozytor\u00f3w francuskich (jak VI Symfonia Organowa Luisa Vierne&#8217;a). Wyst\u0119puje jako solistka i kameralistka, wykonuj\u0105c w duecie z Jackiem Kwiatkowskim liczne transkrypcje muzyki orkiestrowej na organy. Koncertowa\u0142a na wielu festiwalach organowych w Polsce i za granic\u0105. Opr\u00f3cz dzia\u0142alno\u015bci koncertowej zajmuje si\u0119 prac\u0105 pedagogiczn\u0105.<\/div><\/div>\t\t\t\t\t\t\t\t<\/div>\n\t\t\t\t<\/div>\n\t\t\t\t<div class=\"elementor-element elementor-element-a17128e elementor-widget elementor-widget-text-editor\" data-id=\"a17128e\" data-element_type=\"widget\" data-e-type=\"widget\" data-widget_type=\"text-editor.default\">\n\t\t\t\t<div class=\"elementor-widget-container\">\n\t\t\t\t\t\t\t\t\t<p><strong>Patroni V Mi\u0119dzynarodowego Liche\u0144skiego Festiwalu Muzyki Organowej \u201cBasilica Sonans\u201d\u00a0<\/strong><\/p>\t\t\t\t\t\t\t\t<\/div>\n\t\t\t\t<\/div>\n\t\t\t\t<div class=\"elementor-element elementor-element-fe715ed elementor-skin-carousel elementor-arrows-yes elementor-pagination-type-bullets elementor-pagination-position-outside elementor-widget elementor-widget-media-carousel\" data-id=\"fe715ed\" data-element_type=\"widget\" data-e-type=\"widget\" data-settings=\"{&quot;slides_per_view&quot;:&quot;3&quot;,&quot;speed&quot;:300,&quot;skin&quot;:&quot;carousel&quot;,&quot;effect&quot;:&quot;slide&quot;,&quot;show_arrows&quot;:&quot;yes&quot;,&quot;pagination&quot;:&quot;bullets&quot;,&quot;autoplay&quot;:&quot;yes&quot;,&quot;autoplay_speed&quot;:5000,&quot;loop&quot;:&quot;yes&quot;,&quot;pause_on_hover&quot;:&quot;yes&quot;,&quot;pause_on_interaction&quot;:&quot;yes&quot;,&quot;space_between&quot;:{&quot;unit&quot;:&quot;px&quot;,&quot;size&quot;:10,&quot;sizes&quot;:[]},&quot;space_between_tablet&quot;:{&quot;unit&quot;:&quot;px&quot;,&quot;size&quot;:10,&quot;sizes&quot;:[]},&quot;space_between_mobile&quot;:{&quot;unit&quot;:&quot;px&quot;,&quot;size&quot;:10,&quot;sizes&quot;:[]}}\" data-widget_type=\"media-carousel.default\">\n\t\t\t\t<div class=\"elementor-widget-container\">\n\t\t\t\t\t\t\t\t\t<div class=\"elementor-swiper\">\n\t\t\t\t\t<div class=\"elementor-main-swiper swiper\" role=\"region\" aria-roledescription=\"carousel\" aria-label=\"Diapositives\">\n\t\t\t\t<div class=\"swiper-wrapper\">\n\t\t\t\t\t\t\t\t\t\t\t<div class=\"swiper-slide\" role=\"group\" aria-roledescription=\"slide\">\n\t\t\t\t\t\t\t<a href=\"https:\/\/www.diecezja.wloclawek.pl\/\">\t\t<div class=\"elementor-carousel-image\" role=\"img\" aria-label=\"Patronat Biskup W\u0142oc\u0142awki\" style=\"background-image: url(&#039;https:\/\/www.lichen.pl\/wp-content\/uploads\/2023\/05\/Patronat-Biskup-Wloclawki-300x251.jpg&#039;)\">\n\n\t\t\t\n\t\t\t\t\t<\/div>\n\t\t<\/a>\t\t\t\t\t\t<\/div>\n\t\t\t\t\t\t\t\t\t\t\t<div class=\"swiper-slide\" role=\"group\" aria-roledescription=\"slide\">\n\t\t\t\t\t\t\t<a href=\"https:\/\/www.ekai.pl\/\">\t\t<div class=\"elementor-carousel-image\" role=\"img\" aria-label=\"Patronat KAI\" style=\"background-image: url(&#039;https:\/\/www.lichen.pl\/wp-content\/uploads\/2023\/05\/Patronat-KAI-300x251.jpg&#039;)\">\n\n\t\t\t\n\t\t\t\t\t<\/div>\n\t\t<\/a>\t\t\t\t\t\t<\/div>\n\t\t\t\t\t\t\t\t\t\t\t<div class=\"swiper-slide\" role=\"group\" aria-roledescription=\"slide\">\n\t\t\t\t\t\t\t<a href=\"https:\/\/poznan.tvp.pl\/\">\t\t<div class=\"elementor-carousel-image\" role=\"img\" aria-label=\"Patronat TVP3 Pozna\u0144\" style=\"background-image: url(&#039;https:\/\/www.lichen.pl\/wp-content\/uploads\/2023\/05\/Patronat-TVP3-Poznan-300x251.jpg&#039;)\">\n\n\t\t\t\n\t\t\t\t\t<\/div>\n\t\t<\/a>\t\t\t\t\t\t<\/div>\n\t\t\t\t\t\t\t\t\t\t\t<div class=\"swiper-slide\" role=\"group\" aria-roledescription=\"slide\">\n\t\t\t\t\t\t\t<a href=\"https:\/\/konin.fm\/\">\t\t<div class=\"elementor-carousel-image\" role=\"img\" aria-label=\"Patronat Konin FM\" style=\"background-image: url(&#039;https:\/\/www.lichen.pl\/wp-content\/uploads\/2023\/05\/Patronat-Konin-FM-300x251.jpg&#039;)\">\n\n\t\t\t\n\t\t\t\t\t<\/div>\n\t\t<\/a>\t\t\t\t\t\t<\/div>\n\t\t\t\t\t\t\t\t\t\t\t<div class=\"swiper-slide\" role=\"group\" aria-roledescription=\"slide\">\n\t\t\t\t\t\t\t<a href=\"http:\/\/idziemy.pl\/\">\t\t<div class=\"elementor-carousel-image\" role=\"img\" aria-label=\"Patronat Idziemy\" style=\"background-image: url(&#039;https:\/\/www.lichen.pl\/wp-content\/uploads\/2023\/05\/Patronat-Idziemy-300x251.jpg&#039;)\">\n\n\t\t\t\n\t\t\t\t\t<\/div>\n\t\t<\/a>\t\t\t\t\t\t<\/div>\n\t\t\t\t\t\t\t\t\t\t\t<div class=\"swiper-slide\" role=\"group\" aria-roledescription=\"slide\">\n\t\t\t\t\t\t\t<a href=\"https:\/\/www.facebook.com\/ladbozy\/\">\t\t<div class=\"elementor-carousel-image\" role=\"img\" aria-label=\"Patronat \u0141ad Bo\u017cy\" style=\"background-image: url(&#039;https:\/\/www.lichen.pl\/wp-content\/uploads\/2023\/05\/Patronat-Lad-Bozy-300x251.jpg&#039;)\">\n\n\t\t\t\n\t\t\t\t\t<\/div>\n\t\t<\/a>\t\t\t\t\t\t<\/div>\n\t\t\t\t\t\t\t\t\t\t\t<div class=\"swiper-slide\" role=\"group\" aria-roledescription=\"slide\">\n\t\t\t\t\t\t\t<a href=\"https:\/\/cameralmusic.pl\/\">\t\t<div class=\"elementor-carousel-image\" role=\"img\" aria-label=\"Basilica Sonans patronat\" style=\"background-image: url(&#039;https:\/\/www.lichen.pl\/wp-content\/uploads\/2023\/05\/Basilica-Sonans-3-300x251.jpg&#039;)\">\n\n\t\t\t\n\t\t\t\t\t<\/div>\n\t\t<\/a>\t\t\t\t\t\t<\/div>\n\t\t\t\t\t\t\t\t\t<\/div>\n\t\t\t\t\t\t\t\t\t\t\t\t\t\t\t<div class=\"elementor-swiper-button elementor-swiper-button-prev\" role=\"button\" tabindex=\"0\" aria-label=\"Pr\u00e9c\u00e9dent\" data-no-translation-aria-label=\"\">\n\t\t\t\t\t\t\t<i aria-hidden=\"true\" class=\"eicon-chevron-left\"><\/i>\t\t\t\t\t\t<\/div>\n\t\t\t\t\t\t<div class=\"elementor-swiper-button elementor-swiper-button-next\" role=\"button\" tabindex=\"0\" aria-label=\"Prochain\" data-no-translation-aria-label=\"\">\n\t\t\t\t\t\t\t<i aria-hidden=\"true\" class=\"eicon-chevron-right\"><\/i>\t\t\t\t\t\t<\/div>\n\t\t\t\t\t\t\t\t\t\t\t\t\t\t\t\t<div class=\"swiper-pagination\"><\/div>\n\t\t\t\t\t\t\t\t\t\t\t\t<\/div>\n\t\t\t\t<\/div>\n\t\t\t\t\t\t\t\t<\/div>\n\t\t\t\t<\/div>\n\t\t\t\t<section class=\"elementor-section elementor-inner-section elementor-element elementor-element-2bed2ce elementor-section-boxed elementor-section-height-default elementor-section-height-default\" data-id=\"2bed2ce\" data-element_type=\"section\" data-e-type=\"section\">\n\t\t\t\t\t\t<div class=\"elementor-container elementor-column-gap-default\">\n\t\t\t\t\t<div class=\"elementor-column elementor-col-50 elementor-inner-column elementor-element elementor-element-e91f527\" data-id=\"e91f527\" data-element_type=\"column\" data-e-type=\"column\">\n\t\t\t<div class=\"elementor-widget-wrap elementor-element-populated\">\n\t\t\t\t\t\t<div class=\"elementor-element elementor-element-8c96be9 elementor-widget elementor-widget-text-editor\" data-id=\"8c96be9\" data-element_type=\"widget\" data-e-type=\"widget\" data-widget_type=\"text-editor.default\">\n\t\t\t\t<div class=\"elementor-widget-container\">\n\t\t\t\t\t\t\t\t\t<p><strong>ZAOBSERWUJ<br \/>Festiwal &#8220;Basilica Sonans&#8221; na Facebooku \ud83d\udc49<\/strong><\/p>\t\t\t\t\t\t\t\t<\/div>\n\t\t\t\t<\/div>\n\t\t\t\t\t<\/div>\n\t\t<\/div>\n\t\t\t\t<div class=\"elementor-column elementor-col-50 elementor-inner-column elementor-element elementor-element-288c229\" data-id=\"288c229\" data-element_type=\"column\" data-e-type=\"column\">\n\t\t\t<div class=\"elementor-widget-wrap elementor-element-populated\">\n\t\t\t\t\t\t<div class=\"elementor-element elementor-element-560697e elementor-widget__width-inherit elementor-widget elementor-widget-facebook-page\" data-id=\"560697e\" data-element_type=\"widget\" data-e-type=\"widget\" data-widget_type=\"facebook-page.default\">\n\t\t\t\t<div class=\"elementor-widget-container\">\n\t\t\t\t\t<div class=\"elementor-facebook-widget fb-page\" data-href=\"https:\/\/www.facebook.com\/BasilicaSonans\" data-tabs=\"\" data-height=\"134px\" data-width=\"500px\" data-small-header=\"false\" data-hide-cover=\"false\" data-show-facepile=\"true\" data-hide-cta=\"false\" style=\"min-height: 1px;height:134px\"><\/div>\t\t\t\t<\/div>\n\t\t\t\t<\/div>\n\t\t\t\t\t<\/div>\n\t\t<\/div>\n\t\t\t\t\t<\/div>\n\t\t<\/section>\n\t\t\t\t\t<\/div>\n\t\t<\/div>\n\t\t\t\t\t<\/div>\n\t\t<\/section>\n\t\t\t\t<\/div>","protected":false},"excerpt":{"rendered":"<p>Recitalem Joanny Kwiatkowskiej zako\u0144czy\u0142 si\u0119 V Mi\u0119dzynarodowy Liche\u0144ski Festiwal Muzyki Organowej &#8220;Basilica Sonans&#8221;. Podczas fina\u0142owego koncertu mo\u017cna by\u0142o us\u0142ysze\u0107 s\u0142ynnego \u201ePoloneza\u201d Wojciecha Kilara znanego z filmu \u201ePan Tadeusz\u201d w re\u017cyserii Andrzeja Wajdy, VI Sonat\u0119 d-moll Felixa Mendelssohna Bartholdy\u2019ego oraz Fantazj\u0119 &#8220;Ad nos, ad salutarem undam&#8221; Franciszka Liszta. Pani Kwiatkowska przyzna\u0142a, \u017ce zagranie koncertu na liche\u0144skich [&hellip;]<\/p>\n","protected":false},"author":5,"featured_media":57751,"comment_status":"closed","ping_status":"closed","sticky":false,"template":"","format":"standard","meta":{"footnotes":""},"categories":[73],"tags":[],"class_list":["post-57743","post","type-post","status-publish","format-standard","has-post-thumbnail","hentry","category-relcaje-koncertow","wpbf-post"],"yoast_head":"<!-- This site is optimized with the Yoast SEO plugin v27.4 - https:\/\/yoast.com\/product\/yoast-seo-wordpress\/ -->\n<title>Koncert Joanny Kwiatkowskiej - Festiwal &quot;Basilica Sonans&quot; - SANKTUARIUM W LICHENIU<\/title>\n<meta name=\"robots\" content=\"index, follow, max-snippet:-1, max-image-preview:large, max-video-preview:-1\" \/>\n<link rel=\"canonical\" href=\"https:\/\/www.lichen.pl\/es\/koncert-joanny-kwiatkowskiej-festiwal-basilica-sonans\/\" \/>\n<meta property=\"og:locale\" content=\"es_ES\" \/>\n<meta property=\"og:type\" content=\"article\" \/>\n<meta property=\"og:title\" content=\"Koncert Joanny Kwiatkowskiej - Festiwal &quot;Basilica Sonans&quot; - SANKTUARIUM W LICHENIU\" \/>\n<meta property=\"og:description\" content=\"Recitalem Joanny Kwiatkowskiej zako\u0144czy\u0142 si\u0119 V Mi\u0119dzynarodowy Liche\u0144ski Festiwal Muzyki Organowej &#8220;Basilica Sonans&#8221;. Podczas fina\u0142owego koncertu mo\u017cna by\u0142o us\u0142ysze\u0107 s\u0142ynnego \u201ePoloneza\u201d Wojciecha Kilara znanego z filmu \u201ePan Tadeusz\u201d w re\u017cyserii Andrzeja Wajdy, VI Sonat\u0119 d-moll Felixa Mendelssohna Bartholdy\u2019ego oraz Fantazj\u0119 &#8220;Ad nos, ad salutarem undam&#8221; Franciszka Liszta. Pani Kwiatkowska przyzna\u0142a, \u017ce zagranie koncertu na liche\u0144skich [&hellip;]\" \/>\n<meta property=\"og:url\" content=\"https:\/\/www.lichen.pl\/es\/koncert-joanny-kwiatkowskiej-festiwal-basilica-sonans\/\" \/>\n<meta property=\"og:site_name\" content=\"SANKTUARIUM W LICHENIU\" \/>\n<meta property=\"article:published_time\" content=\"2023-08-27T21:19:42+00:00\" \/>\n<meta property=\"article:modified_time\" content=\"2023-08-28T22:04:03+00:00\" \/>\n<meta property=\"og:image\" content=\"https:\/\/www.lichen.pl\/wp-content\/uploads\/2023\/08\/8Z5A9938-1024x683.jpg\" \/>\n\t<meta property=\"og:image:width\" content=\"1024\" \/>\n\t<meta property=\"og:image:height\" content=\"683\" \/>\n\t<meta property=\"og:image:type\" content=\"image\/jpeg\" \/>\n<meta name=\"author\" content=\"Justyna Zacharek\" \/>\n<meta name=\"twitter:card\" content=\"summary_large_image\" \/>\n<meta name=\"twitter:label1\" content=\"Escrito por\" \/>\n\t<meta name=\"twitter:data1\" content=\"Justyna Zacharek\" \/>\n\t<meta name=\"twitter:label2\" content=\"Tiempo de lectura\" \/>\n\t<meta name=\"twitter:data2\" content=\"8 minutos\" \/>\n<script type=\"application\/ld+json\" class=\"yoast-schema-graph\">{\"@context\":\"https:\\\/\\\/schema.org\",\"@graph\":[{\"@type\":\"Article\",\"@id\":\"https:\\\/\\\/www.lichen.pl\\\/koncert-joanny-kwiatkowskiej-festiwal-basilica-sonans\\\/#article\",\"isPartOf\":{\"@id\":\"https:\\\/\\\/www.lichen.pl\\\/koncert-joanny-kwiatkowskiej-festiwal-basilica-sonans\\\/\"},\"author\":{\"name\":\"Justyna Zacharek\",\"@id\":\"https:\\\/\\\/www.lichen.pl\\\/fr\\\/#\\\/schema\\\/person\\\/9f57a1408d363022abd305da0323b703\"},\"headline\":\"Koncert Joanny Kwiatkowskiej &#8211; Festiwal &#8220;Basilica Sonans&#8221;\",\"datePublished\":\"2023-08-27T21:19:42+00:00\",\"dateModified\":\"2023-08-28T22:04:03+00:00\",\"mainEntityOfPage\":{\"@id\":\"https:\\\/\\\/www.lichen.pl\\\/koncert-joanny-kwiatkowskiej-festiwal-basilica-sonans\\\/\"},\"wordCount\":492,\"image\":{\"@id\":\"https:\\\/\\\/www.lichen.pl\\\/koncert-joanny-kwiatkowskiej-festiwal-basilica-sonans\\\/#primaryimage\"},\"thumbnailUrl\":\"https:\\\/\\\/www.lichen.pl\\\/wp-content\\\/uploads\\\/2023\\\/08\\\/8Z5A9938.jpg\",\"articleSection\":[\"Relcaje koncert\u00f3w\"],\"inLanguage\":\"es\"},{\"@type\":\"WebPage\",\"@id\":\"https:\\\/\\\/www.lichen.pl\\\/koncert-joanny-kwiatkowskiej-festiwal-basilica-sonans\\\/\",\"url\":\"https:\\\/\\\/www.lichen.pl\\\/koncert-joanny-kwiatkowskiej-festiwal-basilica-sonans\\\/\",\"name\":\"Koncert Joanny Kwiatkowskiej - Festiwal \\\"Basilica Sonans\\\" - SANKTUARIUM W LICHENIU\",\"isPartOf\":{\"@id\":\"https:\\\/\\\/www.lichen.pl\\\/fr\\\/#website\"},\"primaryImageOfPage\":{\"@id\":\"https:\\\/\\\/www.lichen.pl\\\/koncert-joanny-kwiatkowskiej-festiwal-basilica-sonans\\\/#primaryimage\"},\"image\":{\"@id\":\"https:\\\/\\\/www.lichen.pl\\\/koncert-joanny-kwiatkowskiej-festiwal-basilica-sonans\\\/#primaryimage\"},\"thumbnailUrl\":\"https:\\\/\\\/www.lichen.pl\\\/wp-content\\\/uploads\\\/2023\\\/08\\\/8Z5A9938.jpg\",\"datePublished\":\"2023-08-27T21:19:42+00:00\",\"dateModified\":\"2023-08-28T22:04:03+00:00\",\"author\":{\"@id\":\"https:\\\/\\\/www.lichen.pl\\\/fr\\\/#\\\/schema\\\/person\\\/9f57a1408d363022abd305da0323b703\"},\"breadcrumb\":{\"@id\":\"https:\\\/\\\/www.lichen.pl\\\/koncert-joanny-kwiatkowskiej-festiwal-basilica-sonans\\\/#breadcrumb\"},\"inLanguage\":\"es\",\"potentialAction\":[{\"@type\":\"ReadAction\",\"target\":[\"https:\\\/\\\/www.lichen.pl\\\/koncert-joanny-kwiatkowskiej-festiwal-basilica-sonans\\\/\"]}]},{\"@type\":\"ImageObject\",\"inLanguage\":\"es\",\"@id\":\"https:\\\/\\\/www.lichen.pl\\\/koncert-joanny-kwiatkowskiej-festiwal-basilica-sonans\\\/#primaryimage\",\"url\":\"https:\\\/\\\/www.lichen.pl\\\/wp-content\\\/uploads\\\/2023\\\/08\\\/8Z5A9938.jpg\",\"contentUrl\":\"https:\\\/\\\/www.lichen.pl\\\/wp-content\\\/uploads\\\/2023\\\/08\\\/8Z5A9938.jpg\",\"width\":1920,\"height\":1280},{\"@type\":\"BreadcrumbList\",\"@id\":\"https:\\\/\\\/www.lichen.pl\\\/koncert-joanny-kwiatkowskiej-festiwal-basilica-sonans\\\/#breadcrumb\",\"itemListElement\":[{\"@type\":\"ListItem\",\"position\":1,\"name\":\"Strona g\u0142\u00f3wna\",\"item\":\"https:\\\/\\\/www.lichen.pl\\\/\"},{\"@type\":\"ListItem\",\"position\":2,\"name\":\"Koncert Joanny Kwiatkowskiej &#8211; Festiwal &#8220;Basilica Sonans&#8221;\"}]},{\"@type\":\"WebSite\",\"@id\":\"https:\\\/\\\/www.lichen.pl\\\/fr\\\/#website\",\"url\":\"https:\\\/\\\/www.lichen.pl\\\/fr\\\/\",\"name\":\"SANKTUARIUM W LICHENIU\",\"description\":\"MATKI BO\u017bEJ LICHE\u0143SKIEJ BOLESNEJ KR\u00d3LOWEJ POLSKI\",\"potentialAction\":[{\"@type\":\"SearchAction\",\"target\":{\"@type\":\"EntryPoint\",\"urlTemplate\":\"https:\\\/\\\/www.lichen.pl\\\/fr\\\/?s={search_term_string}\"},\"query-input\":{\"@type\":\"PropertyValueSpecification\",\"valueRequired\":true,\"valueName\":\"search_term_string\"}}],\"inLanguage\":\"es\"},{\"@type\":\"Person\",\"@id\":\"https:\\\/\\\/www.lichen.pl\\\/fr\\\/#\\\/schema\\\/person\\\/9f57a1408d363022abd305da0323b703\",\"name\":\"Justyna Zacharek\",\"image\":{\"@type\":\"ImageObject\",\"inLanguage\":\"es\",\"@id\":\"https:\\\/\\\/secure.gravatar.com\\\/avatar\\\/7be193626a4fb4d6a7d53a7686c3bbf938efff653c427e0182457b838e9d2c3b?s=96&d=retro&r=g\",\"url\":\"https:\\\/\\\/secure.gravatar.com\\\/avatar\\\/7be193626a4fb4d6a7d53a7686c3bbf938efff653c427e0182457b838e9d2c3b?s=96&d=retro&r=g\",\"contentUrl\":\"https:\\\/\\\/secure.gravatar.com\\\/avatar\\\/7be193626a4fb4d6a7d53a7686c3bbf938efff653c427e0182457b838e9d2c3b?s=96&d=retro&r=g\",\"caption\":\"Justyna Zacharek\"},\"url\":\"https:\\\/\\\/www.lichen.pl\\\/es\\\/author\\\/justyna\\\/\"}]}<\/script>\n<!-- \/ Yoast SEO plugin. -->","yoast_head_json":{"title":"Koncert Joanny Kwiatkowskiej - Festiwal \"Basilica Sonans\" - SANKTUARIUM W LICHENIU","robots":{"index":"index","follow":"follow","max-snippet":"max-snippet:-1","max-image-preview":"max-image-preview:large","max-video-preview":"max-video-preview:-1"},"canonical":"https:\/\/www.lichen.pl\/es\/koncert-joanny-kwiatkowskiej-festiwal-basilica-sonans\/","og_locale":"es_ES","og_type":"article","og_title":"Koncert Joanny Kwiatkowskiej - Festiwal \"Basilica Sonans\" - SANKTUARIUM W LICHENIU","og_description":"Recitalem Joanny Kwiatkowskiej zako\u0144czy\u0142 si\u0119 V Mi\u0119dzynarodowy Liche\u0144ski Festiwal Muzyki Organowej &#8220;Basilica Sonans&#8221;. Podczas fina\u0142owego koncertu mo\u017cna by\u0142o us\u0142ysze\u0107 s\u0142ynnego \u201ePoloneza\u201d Wojciecha Kilara znanego z filmu \u201ePan Tadeusz\u201d w re\u017cyserii Andrzeja Wajdy, VI Sonat\u0119 d-moll Felixa Mendelssohna Bartholdy\u2019ego oraz Fantazj\u0119 &#8220;Ad nos, ad salutarem undam&#8221; Franciszka Liszta. Pani Kwiatkowska przyzna\u0142a, \u017ce zagranie koncertu na liche\u0144skich [&hellip;]","og_url":"https:\/\/www.lichen.pl\/es\/koncert-joanny-kwiatkowskiej-festiwal-basilica-sonans\/","og_site_name":"SANKTUARIUM W LICHENIU","article_published_time":"2023-08-27T21:19:42+00:00","article_modified_time":"2023-08-28T22:04:03+00:00","og_image":[{"width":1024,"height":683,"url":"https:\/\/www.lichen.pl\/wp-content\/uploads\/2023\/08\/8Z5A9938-1024x683.jpg","type":"image\/jpeg"}],"author":"Justyna Zacharek","twitter_card":"summary_large_image","twitter_misc":{"Escrito por":"Justyna Zacharek","Tiempo de lectura":"8 minutos"},"schema":{"@context":"https:\/\/schema.org","@graph":[{"@type":"Article","@id":"https:\/\/www.lichen.pl\/koncert-joanny-kwiatkowskiej-festiwal-basilica-sonans\/#article","isPartOf":{"@id":"https:\/\/www.lichen.pl\/koncert-joanny-kwiatkowskiej-festiwal-basilica-sonans\/"},"author":{"name":"Justyna Zacharek","@id":"https:\/\/www.lichen.pl\/fr\/#\/schema\/person\/9f57a1408d363022abd305da0323b703"},"headline":"Koncert Joanny Kwiatkowskiej &#8211; Festiwal &#8220;Basilica Sonans&#8221;","datePublished":"2023-08-27T21:19:42+00:00","dateModified":"2023-08-28T22:04:03+00:00","mainEntityOfPage":{"@id":"https:\/\/www.lichen.pl\/koncert-joanny-kwiatkowskiej-festiwal-basilica-sonans\/"},"wordCount":492,"image":{"@id":"https:\/\/www.lichen.pl\/koncert-joanny-kwiatkowskiej-festiwal-basilica-sonans\/#primaryimage"},"thumbnailUrl":"https:\/\/www.lichen.pl\/wp-content\/uploads\/2023\/08\/8Z5A9938.jpg","articleSection":["Relcaje koncert\u00f3w"],"inLanguage":"es"},{"@type":"WebPage","@id":"https:\/\/www.lichen.pl\/koncert-joanny-kwiatkowskiej-festiwal-basilica-sonans\/","url":"https:\/\/www.lichen.pl\/koncert-joanny-kwiatkowskiej-festiwal-basilica-sonans\/","name":"Koncert Joanny Kwiatkowskiej - Festiwal \"Basilica Sonans\" - SANKTUARIUM W LICHENIU","isPartOf":{"@id":"https:\/\/www.lichen.pl\/fr\/#website"},"primaryImageOfPage":{"@id":"https:\/\/www.lichen.pl\/koncert-joanny-kwiatkowskiej-festiwal-basilica-sonans\/#primaryimage"},"image":{"@id":"https:\/\/www.lichen.pl\/koncert-joanny-kwiatkowskiej-festiwal-basilica-sonans\/#primaryimage"},"thumbnailUrl":"https:\/\/www.lichen.pl\/wp-content\/uploads\/2023\/08\/8Z5A9938.jpg","datePublished":"2023-08-27T21:19:42+00:00","dateModified":"2023-08-28T22:04:03+00:00","author":{"@id":"https:\/\/www.lichen.pl\/fr\/#\/schema\/person\/9f57a1408d363022abd305da0323b703"},"breadcrumb":{"@id":"https:\/\/www.lichen.pl\/koncert-joanny-kwiatkowskiej-festiwal-basilica-sonans\/#breadcrumb"},"inLanguage":"es","potentialAction":[{"@type":"ReadAction","target":["https:\/\/www.lichen.pl\/koncert-joanny-kwiatkowskiej-festiwal-basilica-sonans\/"]}]},{"@type":"ImageObject","inLanguage":"es","@id":"https:\/\/www.lichen.pl\/koncert-joanny-kwiatkowskiej-festiwal-basilica-sonans\/#primaryimage","url":"https:\/\/www.lichen.pl\/wp-content\/uploads\/2023\/08\/8Z5A9938.jpg","contentUrl":"https:\/\/www.lichen.pl\/wp-content\/uploads\/2023\/08\/8Z5A9938.jpg","width":1920,"height":1280},{"@type":"BreadcrumbList","@id":"https:\/\/www.lichen.pl\/koncert-joanny-kwiatkowskiej-festiwal-basilica-sonans\/#breadcrumb","itemListElement":[{"@type":"ListItem","position":1,"name":"Strona g\u0142\u00f3wna","item":"https:\/\/www.lichen.pl\/"},{"@type":"ListItem","position":2,"name":"Koncert Joanny Kwiatkowskiej &#8211; Festiwal &#8220;Basilica Sonans&#8221;"}]},{"@type":"WebSite","@id":"https:\/\/www.lichen.pl\/fr\/#website","url":"https:\/\/www.lichen.pl\/fr\/","name":"SANTUARIO EN LICHENIA","description":"LA DOLOROSA REINA DE POLONIA DE NUESTRO LICHEN","potentialAction":[{"@type":"SearchAction","target":{"@type":"EntryPoint","urlTemplate":"https:\/\/www.lichen.pl\/fr\/?s={search_term_string}"},"query-input":{"@type":"PropertyValueSpecification","valueRequired":true,"valueName":"search_term_string"}}],"inLanguage":"es"},{"@type":"Person","@id":"https:\/\/www.lichen.pl\/fr\/#\/schema\/person\/9f57a1408d363022abd305da0323b703","name":"Justyna Zacharek","image":{"@type":"ImageObject","inLanguage":"es","@id":"https:\/\/secure.gravatar.com\/avatar\/7be193626a4fb4d6a7d53a7686c3bbf938efff653c427e0182457b838e9d2c3b?s=96&d=retro&r=g","url":"https:\/\/secure.gravatar.com\/avatar\/7be193626a4fb4d6a7d53a7686c3bbf938efff653c427e0182457b838e9d2c3b?s=96&d=retro&r=g","contentUrl":"https:\/\/secure.gravatar.com\/avatar\/7be193626a4fb4d6a7d53a7686c3bbf938efff653c427e0182457b838e9d2c3b?s=96&d=retro&r=g","caption":"Justyna Zacharek"},"url":"https:\/\/www.lichen.pl\/es\/author\/justyna\/"}]}},"_links":{"self":[{"href":"https:\/\/www.lichen.pl\/es\/wp-json\/wp\/v2\/posts\/57743","targetHints":{"allow":["GET"]}}],"collection":[{"href":"https:\/\/www.lichen.pl\/es\/wp-json\/wp\/v2\/posts"}],"about":[{"href":"https:\/\/www.lichen.pl\/es\/wp-json\/wp\/v2\/types\/post"}],"author":[{"embeddable":true,"href":"https:\/\/www.lichen.pl\/es\/wp-json\/wp\/v2\/users\/5"}],"replies":[{"embeddable":true,"href":"https:\/\/www.lichen.pl\/es\/wp-json\/wp\/v2\/comments?post=57743"}],"version-history":[{"count":6,"href":"https:\/\/www.lichen.pl\/es\/wp-json\/wp\/v2\/posts\/57743\/revisions"}],"predecessor-version":[{"id":57786,"href":"https:\/\/www.lichen.pl\/es\/wp-json\/wp\/v2\/posts\/57743\/revisions\/57786"}],"wp:featuredmedia":[{"embeddable":true,"href":"https:\/\/www.lichen.pl\/es\/wp-json\/wp\/v2\/media\/57751"}],"wp:attachment":[{"href":"https:\/\/www.lichen.pl\/es\/wp-json\/wp\/v2\/media?parent=57743"}],"wp:term":[{"taxonomy":"category","embeddable":true,"href":"https:\/\/www.lichen.pl\/es\/wp-json\/wp\/v2\/categories?post=57743"},{"taxonomy":"post_tag","embeddable":true,"href":"https:\/\/www.lichen.pl\/es\/wp-json\/wp\/v2\/tags?post=57743"}],"curies":[{"name":"wp","href":"https:\/\/api.w.org\/{rel}","templated":true}]}}