{"id":62304,"date":"2023-12-08T19:47:05","date_gmt":"2023-12-08T18:47:05","guid":{"rendered":"https:\/\/www.lichen.pl\/?p=62304"},"modified":"2023-12-11T10:22:59","modified_gmt":"2023-12-11T09:22:59","slug":"uroczystosc-niepokalanego-poczecia-naswietszej-maryi-panny","status":"publish","type":"post","link":"https:\/\/www.lichen.pl\/es\/uroczystosc-niepokalanego-poczecia-naswietszej-maryi-panny\/","title":{"rendered":"Uroczysto\u015b\u0107 Niepokalanego Pocz\u0119cia Na\u015bwi\u0119tszej Maryi Panny"},"content":{"rendered":"<div data-elementor-type=\"wp-post\" data-elementor-id=\"62304\" class=\"elementor elementor-62304\" data-elementor-post-type=\"post\">\n\t\t\t\t\t\t<section class=\"elementor-section elementor-top-section elementor-element elementor-element-6fb4d57 elementor-section-boxed elementor-section-height-default elementor-section-height-default\" data-id=\"6fb4d57\" data-element_type=\"section\" data-e-type=\"section\">\n\t\t\t\t\t\t<div class=\"elementor-container elementor-column-gap-default\">\n\t\t\t\t\t<div class=\"elementor-column elementor-col-100 elementor-top-column elementor-element elementor-element-c7d286c\" data-id=\"c7d286c\" data-element_type=\"column\" data-e-type=\"column\">\n\t\t\t<div class=\"elementor-widget-wrap elementor-element-populated\">\n\t\t\t\t\t\t<div class=\"elementor-element elementor-element-0359be0 elementor-widget elementor-widget-heading\" data-id=\"0359be0\" data-element_type=\"widget\" data-e-type=\"widget\" data-widget_type=\"heading.default\">\n\t\t\t\t<div class=\"elementor-widget-container\">\n\t\t\t\t\t<h2 class=\"elementor-heading-title elementor-size-default\">W uroczysto\u015b\u0107 Niepokalanego Pocz\u0119cia Naj\u015bwi\u0119tszej Maryi Panny marianie uroczy\u015bcie odnowili trzy \u015bluby: czysto\u015bci, ub\u00f3stwa i pos\u0142usze\u0144stwa. 8 grudnia obchodzone jest \u015bwi\u0119to patronalne zgromadzenia opiekuj\u0105cego si\u0119 liche\u0144skim sanktuarium. Z tajemnic\u0105 tego wydarzenia zakonnicy zwi\u0105zali swoje \u017cycie.<\/h2>\t\t\t\t<\/div>\n\t\t\t\t<\/div>\n\t\t\t\t\t<\/div>\n\t\t<\/div>\n\t\t\t\t\t<\/div>\n\t\t<\/section>\n\t\t\t\t<section class=\"elementor-section elementor-top-section elementor-element elementor-element-1c28bbd elementor-section-boxed elementor-section-height-default elementor-section-height-default\" data-id=\"1c28bbd\" data-element_type=\"section\" data-e-type=\"section\">\n\t\t\t\t\t\t<div class=\"elementor-container elementor-column-gap-default\">\n\t\t\t\t\t<div class=\"elementor-column elementor-col-100 elementor-top-column elementor-element elementor-element-b18cdda\" data-id=\"b18cdda\" data-element_type=\"column\" data-e-type=\"column\">\n\t\t\t<div class=\"elementor-widget-wrap elementor-element-populated\">\n\t\t\t\t\t\t<section class=\"elementor-section elementor-inner-section elementor-element elementor-element-46b8009 elementor-section-boxed elementor-section-height-default elementor-section-height-default\" data-id=\"46b8009\" data-element_type=\"section\" data-e-type=\"section\">\n\t\t\t\t\t\t<div class=\"elementor-container elementor-column-gap-default\">\n\t\t\t\t\t<div class=\"elementor-column elementor-col-50 elementor-inner-column elementor-element elementor-element-beecac8\" data-id=\"beecac8\" data-element_type=\"column\" data-e-type=\"column\">\n\t\t\t<div class=\"elementor-widget-wrap elementor-element-populated\">\n\t\t\t\t\t\t<div class=\"elementor-element elementor-element-562bf3f elementor-widget elementor-widget-image\" data-id=\"562bf3f\" data-element_type=\"widget\" data-e-type=\"widget\" data-widget_type=\"image.default\">\n\t\t\t\t<div class=\"elementor-widget-container\">\n\t\t\t\t\t\t\t\t\t\t\t\t\t\t\t<img fetchpriority=\"high\" decoding=\"async\" width=\"1024\" height=\"683\" src=\"https:\/\/www.lichen.pl\/wp-content\/uploads\/2023\/12\/IMG_7578-1024x683.jpg\" class=\"attachment-large size-large wp-image-62305\" alt=\"\" srcset=\"https:\/\/www.lichen.pl\/wp-content\/uploads\/2023\/12\/IMG_7578-1024x683.jpg 1024w, https:\/\/www.lichen.pl\/wp-content\/uploads\/2023\/12\/IMG_7578-800x533.jpg 800w, https:\/\/www.lichen.pl\/wp-content\/uploads\/2023\/12\/IMG_7578-300x200.jpg 300w, https:\/\/www.lichen.pl\/wp-content\/uploads\/2023\/12\/IMG_7578-768x512.jpg 768w, https:\/\/www.lichen.pl\/wp-content\/uploads\/2023\/12\/IMG_7578-1536x1024.jpg 1536w, https:\/\/www.lichen.pl\/wp-content\/uploads\/2023\/12\/IMG_7578-2048x1365.jpg 2048w, https:\/\/www.lichen.pl\/wp-content\/uploads\/2023\/12\/IMG_7578-18x12.jpg 18w, https:\/\/www.lichen.pl\/wp-content\/uploads\/2023\/12\/IMG_7578.jpg 1920w\" sizes=\"(max-width: 1024px) 100vw, 1024px\" \/>\t\t\t\t\t\t\t\t\t\t\t\t\t\t\t<\/div>\n\t\t\t\t<\/div>\n\t\t\t\t\t<\/div>\n\t\t<\/div>\n\t\t\t\t<div class=\"elementor-column elementor-col-50 elementor-inner-column elementor-element elementor-element-d0a742e\" data-id=\"d0a742e\" data-element_type=\"column\" data-e-type=\"column\">\n\t\t\t<div class=\"elementor-widget-wrap elementor-element-populated\">\n\t\t\t\t\t\t<div class=\"elementor-element elementor-element-af01250 elementor-widget elementor-widget-text-editor\" data-id=\"af01250\" data-element_type=\"widget\" data-e-type=\"widget\" data-widget_type=\"text-editor.default\">\n\t\t\t\t<div class=\"elementor-widget-container\">\n\t\t\t\t\t\t\t\t\t<p>G\u0142\u00f3wnej mszy, na kt\u00f3rej w bazylice zgromadzi\u0142a si\u0119 liche\u0144ska wsp\u00f3lnota zakonna, przewodniczy\u0142 ks. Eugeniusz Zarzeczny MIC, prze\u0142o\u017cony polskiej prowincji Zgromadzenia Ksi\u0119\u017cy Marian\u00f3w. Eucharysti\u0119 odprawiono w intencji prowincji i liche\u0144skiej wsp\u00f3lnoty zakonnej. Proszono o nowe powo\u0142ania do zgromadzenia, aby Jubileusz 350.-lecia powstania Zgromadzenia Ksi\u0119\u017cy Marian\u00f3w, przyczyni\u0142 si\u0119 do liczebnego wzrostu maria\u0144skiej wsp\u00f3lnoty oraz pog\u0142\u0119bieniu duchowego dziedzictwa.<\/p><p>Rozpoczynaj\u0105c Msz\u0119 \u015awi\u0119t\u0105 ks. S\u0142awomir Homoncik MIC, kustosz liche\u0144skiego sanktuarium zwr\u00f3ci\u0142 si\u0119 do uczestnik\u00f3w, polecaj\u0105c marian\u00f3w ich modlitwom, by byli wierni swojemu duchowemu dziedzictwu i powo\u0142aniu.<\/p>\t\t\t\t\t\t\t\t<\/div>\n\t\t\t\t<\/div>\n\t\t\t\t\t<\/div>\n\t\t<\/div>\n\t\t\t\t\t<\/div>\n\t\t<\/section>\n\t\t\t\t<div class=\"elementor-element elementor-element-63b189c elementor-widget elementor-widget-text-editor\" data-id=\"63b189c\" data-element_type=\"widget\" data-e-type=\"widget\" data-widget_type=\"text-editor.default\">\n\t\t\t\t<div class=\"elementor-widget-container\">\n\t\t\t\t\t\t\t\t\t<p>Ksi\u0105dz kustosz wyja\u015bni\u0142, \u017ce \u015bw. o. Stanis\u0142aw Papczy\u0144ski za\u0142o\u017cy\u0142 zgromadzenie dla szerzenia kultu Niepokalanego Pocz\u0119cia Naj\u015bwi\u0119tszej Maryi Panny. \u2013 Tego dnia przypominamy sobie wielk\u0105 \u0142ask\u0119, jaka sta\u0142a si\u0119 udzia\u0142em Matki Bo\u017cej, kt\u00f3ra zosta\u0142a zachowana od grzechu pierworodnego \u2013 m\u00f3wi\u0142 marianin. Zwr\u00f3ci\u0142 uwag\u0119 tak\u017ce na str\u00f3j obecnych braci i ksi\u0119\u017cy \u2013 Ostatnia kapitu\u0142a generalna pozwoli\u0142a, by marianie mogli powr\u00f3ci\u0107 do bia\u0142ego habitu , kt\u00f3ry na cze\u015b\u0107 Niepokalanego Pocz\u0119cia nosi\u0142 o. Papczy\u0144ski \u2013 wyja\u015bni\u0142.<\/p><p>\u2013 Dzi\u015b wielbimy Boga z ca\u0142ym Ko\u015bcio\u0142em, dzi\u0119kuj\u0105c mu za dary, kt\u00f3re widzimy i kt\u00f3rych nie widzimy, za Maryj\u0119 Niepokalanie Pocz\u0119t\u0105, kt\u00f3ra przypomina nam o Chrystusie i\u00a0 zdaje si\u0119 powtarza\u0107: \u201ezr\u00f3bcie wszystko, cokolwiek wam powie\u201d \u2013 m\u00f3wi\u0142 w homilii ks. Eugeniusz Zarzeczny. Zakonnik przypomnia\u0142 prawd\u0119 o darmowej mi\u0142o\u015bci Boga. \u2013 By\u0107 \u015bwi\u0119tym i nieskalanym przed Jego obliczem nie oznacza bycia perfekcyjnym, kim\u015b, kto nerwowo ogl\u0105da si\u0119 za siebie, sprawdza ca\u0142y czas prawo. Wtedy cz\u0119sto nie ma \u015blad\u00f3w mi\u0142o\u015bci Boga. \u015awi\u0119to\u015b\u0107 polega na bliskiej relacji z Bogiem. Ta blisko\u015b\u0107 czyni nas \u015bwi\u0119tymi, nie odbiera cz\u0142owiekowi wolno\u015bci \u2013 stwierdzi\u0142 ksi\u0105dz prowincja\u0142.<\/p><p>Marianin wyja\u015bni\u0142, \u017ce poprzez Niepokalane Pocz\u0119cie B\u00f3g przygotowa\u0142 Maryj\u0119, by sta\u0142a si\u0119 mieszkaniem dla Syna Bo\u017cego. \u2013 Tylko b\u0119d\u0105c blisko Boga mo\u017cemy zobaczy\u0107 nasze pi\u0119kno, kt\u00f3re jest w nas. NP. przypomina nam, jakimi B\u00f3g nas chcia\u0142. Zostali\u015bmy pomy\u015blani przez Boga niepowtarzalni. By\u0107 obdarowanym przez Niego to rzecz niepowtarzalna.<\/p><p>\u2013 Wspominamy dzi\u015b to najwa\u017cniejsze dla nas wydarzenie, kiedy nasz \u015bwi\u0119ty Ojciec Stanis\u0142aw dokona\u0142 aktu Oblatio i ca\u0142kowicie odda\u0142 siebie Bogu w Tr\u00f3jcy Jedynemu i Tobie, wypowiadaj\u0105c s\u0142owa, kt\u00f3re dzisiaj ka\u017cdy z nas wypowiada w Duchu \u015awi\u0119tym raz jeszcze: ,,ofiaruj\u0119 i po\u015bwi\u0119cam Bogu Ojcu Wszechmog\u0105cemu i Synowi, i Duchowi \u015awi\u0119temu oraz Bogurodzicy, zawsze Dziewicy Maryi bez zmazy pierworodnej pocz\u0119tej, moje serce, moj\u0105 dusz\u0119, rozum, pami\u0119\u0107, wol\u0119, uczucia, ca\u0142y umys\u0142, ca\u0142ego ducha, zmys\u0142y wewn\u0119trzne i zewn\u0119trzne, i cia\u0142o moje, niczego zupe\u0142nie sobie nie pozostawiaj\u0105c, abym w taki spos\u00f3b by\u0142 odt\u0105d ca\u0142y s\u0142ug\u0105 tego\u017c Wszechmog\u0105cego i B\u0142ogos\u0142awionej Dziewicy Maryi\u201d \u2013 m\u00f3wili zakonnicy odczytuj\u0105c s\u0142owa aktu ofiarowania.<\/p>\t\t\t\t\t\t\t\t<\/div>\n\t\t\t\t<\/div>\n\t\t\t\t<div class=\"elementor-element elementor-element-4242ab4 elementor-widget elementor-widget-facebook-embed\" data-id=\"4242ab4\" data-element_type=\"widget\" data-e-type=\"widget\" data-widget_type=\"facebook-embed.default\">\n\t\t\t\t<div class=\"elementor-widget-container\">\n\t\t\t\t\t<div style=\"min-height: 1px\" class=\"elementor-facebook-widget fb-post\" data-href=\"https:\/\/www.facebook.com\/SanktuariumLichen\/videos\/1086518382362780\" data-show-text=\"false\"><\/div>\t\t\t\t<\/div>\n\t\t\t\t<\/div>\n\t\t\t\t<div class=\"elementor-element elementor-element-7366605 elementor-widget elementor-widget-image-gallery\" data-id=\"7366605\" data-element_type=\"widget\" data-e-type=\"widget\" data-widget_type=\"image-gallery.default\">\n\t\t\t\t<div class=\"elementor-widget-container\">\n\t\t\t\t\t\t\t<div class=\"elementor-image-gallery\">\n\t\t\t<div id='gallery-1' class='gallery galleryid-62304 gallery-columns-6 gallery-size-thumbnail'><figure class='gallery-item'>\n\t\t\t<div class='gallery-icon portrait'>\n\t\t\t\t<a data-elementor-open-lightbox=\"yes\" data-elementor-lightbox-slideshow=\"7366605\" data-elementor-lightbox-title=\"Niepokalane Pocz\u0119cie 2023 (5)\" data-e-action-hash=\"#elementor-action%3Aaction%3Dlightbox%26settings%3DeyJpZCI6NjIzMTIsInVybCI6Imh0dHBzOlwvXC93d3cubGljaGVuLnBsXC93cC1jb250ZW50XC91cGxvYWRzXC8yMDIzXC8xMlwvTmllcG9rYWxhbmUtUG9jemVjaWUtMjAyMy01LmpwZyIsInNsaWRlc2hvdyI6IjczNjY2MDUifQ%3D%3D\" href='https:\/\/www.lichen.pl\/wp-content\/uploads\/2023\/12\/Niepokalane-Poczecie-2023-5.jpg'><img width=\"150\" height=\"150\" src=\"https:\/\/www.lichen.pl\/wp-content\/uploads\/2023\/12\/Niepokalane-Poczecie-2023-5-150x150.jpg\" class=\"attachment-thumbnail size-thumbnail\" alt=\"\" decoding=\"async\" srcset=\"https:\/\/www.lichen.pl\/wp-content\/uploads\/2023\/12\/Niepokalane-Poczecie-2023-5-150x150.jpg 150w, https:\/\/www.lichen.pl\/wp-content\/uploads\/2023\/12\/Niepokalane-Poczecie-2023-5-300x300.jpg 300w\" sizes=\"(max-width: 150px) 100vw, 150px\" \/><\/a>\n\t\t\t<\/div><\/figure><figure class='gallery-item'>\n\t\t\t<div class='gallery-icon portrait'>\n\t\t\t\t<a data-elementor-open-lightbox=\"yes\" data-elementor-lightbox-slideshow=\"7366605\" data-elementor-lightbox-title=\"Niepokalane Pocz\u0119cie 2023 (6)\" data-e-action-hash=\"#elementor-action%3Aaction%3Dlightbox%26settings%3DeyJpZCI6NjIzMTMsInVybCI6Imh0dHBzOlwvXC93d3cubGljaGVuLnBsXC93cC1jb250ZW50XC91cGxvYWRzXC8yMDIzXC8xMlwvTmllcG9rYWxhbmUtUG9jemVjaWUtMjAyMy02LmpwZyIsInNsaWRlc2hvdyI6IjczNjY2MDUifQ%3D%3D\" href='https:\/\/www.lichen.pl\/wp-content\/uploads\/2023\/12\/Niepokalane-Poczecie-2023-6.jpg'><img width=\"150\" height=\"150\" src=\"https:\/\/www.lichen.pl\/wp-content\/uploads\/2023\/12\/Niepokalane-Poczecie-2023-6-150x150.jpg\" class=\"attachment-thumbnail size-thumbnail\" alt=\"\" decoding=\"async\" srcset=\"https:\/\/www.lichen.pl\/wp-content\/uploads\/2023\/12\/Niepokalane-Poczecie-2023-6-150x150.jpg 150w, https:\/\/www.lichen.pl\/wp-content\/uploads\/2023\/12\/Niepokalane-Poczecie-2023-6-300x300.jpg 300w\" sizes=\"(max-width: 150px) 100vw, 150px\" \/><\/a>\n\t\t\t<\/div><\/figure><figure class='gallery-item'>\n\t\t\t<div class='gallery-icon landscape'>\n\t\t\t\t<a data-elementor-open-lightbox=\"yes\" data-elementor-lightbox-slideshow=\"7366605\" data-elementor-lightbox-title=\"Niepokalane Pocz\u0119cie 2023 (7)\" data-e-action-hash=\"#elementor-action%3Aaction%3Dlightbox%26settings%3DeyJpZCI6NjIzMTQsInVybCI6Imh0dHBzOlwvXC93d3cubGljaGVuLnBsXC93cC1jb250ZW50XC91cGxvYWRzXC8yMDIzXC8xMlwvTmllcG9rYWxhbmUtUG9jemVjaWUtMjAyMy03LmpwZyIsInNsaWRlc2hvdyI6IjczNjY2MDUifQ%3D%3D\" href='https:\/\/www.lichen.pl\/wp-content\/uploads\/2023\/12\/Niepokalane-Poczecie-2023-7.jpg'><img loading=\"lazy\" width=\"150\" height=\"150\" src=\"https:\/\/www.lichen.pl\/wp-content\/uploads\/2023\/12\/Niepokalane-Poczecie-2023-7-150x150.jpg\" class=\"attachment-thumbnail size-thumbnail\" alt=\"\" decoding=\"async\" srcset=\"https:\/\/www.lichen.pl\/wp-content\/uploads\/2023\/12\/Niepokalane-Poczecie-2023-7-150x150.jpg 150w, https:\/\/www.lichen.pl\/wp-content\/uploads\/2023\/12\/Niepokalane-Poczecie-2023-7-300x300.jpg 300w\" sizes=\"(max-width: 150px) 100vw, 150px\" \/><\/a>\n\t\t\t<\/div><\/figure><figure class='gallery-item'>\n\t\t\t<div class='gallery-icon portrait'>\n\t\t\t\t<a data-elementor-open-lightbox=\"yes\" data-elementor-lightbox-slideshow=\"7366605\" data-elementor-lightbox-title=\"Niepokalane Pocz\u0119cie 2023 (8)\" data-e-action-hash=\"#elementor-action%3Aaction%3Dlightbox%26settings%3DeyJpZCI6NjIzMTUsInVybCI6Imh0dHBzOlwvXC93d3cubGljaGVuLnBsXC93cC1jb250ZW50XC91cGxvYWRzXC8yMDIzXC8xMlwvTmllcG9rYWxhbmUtUG9jemVjaWUtMjAyMy04LmpwZyIsInNsaWRlc2hvdyI6IjczNjY2MDUifQ%3D%3D\" href='https:\/\/www.lichen.pl\/wp-content\/uploads\/2023\/12\/Niepokalane-Poczecie-2023-8.jpg'><img loading=\"lazy\" width=\"150\" height=\"150\" src=\"https:\/\/www.lichen.pl\/wp-content\/uploads\/2023\/12\/Niepokalane-Poczecie-2023-8-150x150.jpg\" class=\"attachment-thumbnail size-thumbnail\" alt=\"\" decoding=\"async\" srcset=\"https:\/\/www.lichen.pl\/wp-content\/uploads\/2023\/12\/Niepokalane-Poczecie-2023-8-150x150.jpg 150w, https:\/\/www.lichen.pl\/wp-content\/uploads\/2023\/12\/Niepokalane-Poczecie-2023-8-300x300.jpg 300w\" sizes=\"(max-width: 150px) 100vw, 150px\" \/><\/a>\n\t\t\t<\/div><\/figure><figure class='gallery-item'>\n\t\t\t<div class='gallery-icon portrait'>\n\t\t\t\t<a data-elementor-open-lightbox=\"yes\" data-elementor-lightbox-slideshow=\"7366605\" data-elementor-lightbox-title=\"Niepokalane Pocz\u0119cie 2023 (9)\" data-e-action-hash=\"#elementor-action%3Aaction%3Dlightbox%26settings%3DeyJpZCI6NjIzMTYsInVybCI6Imh0dHBzOlwvXC93d3cubGljaGVuLnBsXC93cC1jb250ZW50XC91cGxvYWRzXC8yMDIzXC8xMlwvTmllcG9rYWxhbmUtUG9jemVjaWUtMjAyMy05LmpwZyIsInNsaWRlc2hvdyI6IjczNjY2MDUifQ%3D%3D\" href='https:\/\/www.lichen.pl\/wp-content\/uploads\/2023\/12\/Niepokalane-Poczecie-2023-9.jpg'><img loading=\"lazy\" width=\"150\" height=\"150\" src=\"https:\/\/www.lichen.pl\/wp-content\/uploads\/2023\/12\/Niepokalane-Poczecie-2023-9-150x150.jpg\" class=\"attachment-thumbnail size-thumbnail\" alt=\"\" decoding=\"async\" srcset=\"https:\/\/www.lichen.pl\/wp-content\/uploads\/2023\/12\/Niepokalane-Poczecie-2023-9-150x150.jpg 150w, https:\/\/www.lichen.pl\/wp-content\/uploads\/2023\/12\/Niepokalane-Poczecie-2023-9-300x300.jpg 300w\" sizes=\"(max-width: 150px) 100vw, 150px\" \/><\/a>\n\t\t\t<\/div><\/figure><figure class='gallery-item'>\n\t\t\t<div class='gallery-icon landscape'>\n\t\t\t\t<a data-elementor-open-lightbox=\"yes\" data-elementor-lightbox-slideshow=\"7366605\" data-elementor-lightbox-title=\"Niepokalane Pocz\u0119cie 2023 (10)\" data-e-action-hash=\"#elementor-action%3Aaction%3Dlightbox%26settings%3DeyJpZCI6NjIzMTcsInVybCI6Imh0dHBzOlwvXC93d3cubGljaGVuLnBsXC93cC1jb250ZW50XC91cGxvYWRzXC8yMDIzXC8xMlwvTmllcG9rYWxhbmUtUG9jemVjaWUtMjAyMy0xMC5qcGciLCJzbGlkZXNob3ciOiI3MzY2NjA1In0%3D\" href='https:\/\/www.lichen.pl\/wp-content\/uploads\/2023\/12\/Niepokalane-Poczecie-2023-10.jpg'><img loading=\"lazy\" width=\"150\" height=\"150\" src=\"https:\/\/www.lichen.pl\/wp-content\/uploads\/2023\/12\/Niepokalane-Poczecie-2023-10-150x150.jpg\" class=\"attachment-thumbnail size-thumbnail\" alt=\"\" decoding=\"async\" srcset=\"https:\/\/www.lichen.pl\/wp-content\/uploads\/2023\/12\/Niepokalane-Poczecie-2023-10-150x150.jpg 150w, https:\/\/www.lichen.pl\/wp-content\/uploads\/2023\/12\/Niepokalane-Poczecie-2023-10-300x300.jpg 300w\" sizes=\"(max-width: 150px) 100vw, 150px\" \/><\/a>\n\t\t\t<\/div><\/figure><figure class='gallery-item'>\n\t\t\t<div class='gallery-icon landscape'>\n\t\t\t\t<a data-elementor-open-lightbox=\"yes\" data-elementor-lightbox-slideshow=\"7366605\" data-elementor-lightbox-title=\"Niepokalane Pocz\u0119cie 2023 (11)\" data-e-action-hash=\"#elementor-action%3Aaction%3Dlightbox%26settings%3DeyJpZCI6NjIzMTgsInVybCI6Imh0dHBzOlwvXC93d3cubGljaGVuLnBsXC93cC1jb250ZW50XC91cGxvYWRzXC8yMDIzXC8xMlwvTmllcG9rYWxhbmUtUG9jemVjaWUtMjAyMy0xMS5qcGciLCJzbGlkZXNob3ciOiI3MzY2NjA1In0%3D\" href='https:\/\/www.lichen.pl\/wp-content\/uploads\/2023\/12\/Niepokalane-Poczecie-2023-11.jpg'><img loading=\"lazy\" width=\"150\" height=\"150\" src=\"https:\/\/www.lichen.pl\/wp-content\/uploads\/2023\/12\/Niepokalane-Poczecie-2023-11-150x150.jpg\" class=\"attachment-thumbnail size-thumbnail\" alt=\"\" decoding=\"async\" srcset=\"https:\/\/www.lichen.pl\/wp-content\/uploads\/2023\/12\/Niepokalane-Poczecie-2023-11-150x150.jpg 150w, https:\/\/www.lichen.pl\/wp-content\/uploads\/2023\/12\/Niepokalane-Poczecie-2023-11-300x300.jpg 300w\" sizes=\"(max-width: 150px) 100vw, 150px\" \/><\/a>\n\t\t\t<\/div><\/figure><figure class='gallery-item'>\n\t\t\t<div class='gallery-icon landscape'>\n\t\t\t\t<a data-elementor-open-lightbox=\"yes\" data-elementor-lightbox-slideshow=\"7366605\" data-elementor-lightbox-title=\"Niepokalane Pocz\u0119cie 2023 (12)\" data-e-action-hash=\"#elementor-action%3Aaction%3Dlightbox%26settings%3DeyJpZCI6NjIzMTksInVybCI6Imh0dHBzOlwvXC93d3cubGljaGVuLnBsXC93cC1jb250ZW50XC91cGxvYWRzXC8yMDIzXC8xMlwvTmllcG9rYWxhbmUtUG9jemVjaWUtMjAyMy0xMi5qcGciLCJzbGlkZXNob3ciOiI3MzY2NjA1In0%3D\" href='https:\/\/www.lichen.pl\/wp-content\/uploads\/2023\/12\/Niepokalane-Poczecie-2023-12.jpg'><img loading=\"lazy\" width=\"150\" height=\"150\" src=\"https:\/\/www.lichen.pl\/wp-content\/uploads\/2023\/12\/Niepokalane-Poczecie-2023-12-150x150.jpg\" class=\"attachment-thumbnail size-thumbnail\" alt=\"\" decoding=\"async\" srcset=\"https:\/\/www.lichen.pl\/wp-content\/uploads\/2023\/12\/Niepokalane-Poczecie-2023-12-150x150.jpg 150w, https:\/\/www.lichen.pl\/wp-content\/uploads\/2023\/12\/Niepokalane-Poczecie-2023-12-300x300.jpg 300w\" sizes=\"(max-width: 150px) 100vw, 150px\" \/><\/a>\n\t\t\t<\/div><\/figure><figure class='gallery-item'>\n\t\t\t<div class='gallery-icon landscape'>\n\t\t\t\t<a data-elementor-open-lightbox=\"yes\" data-elementor-lightbox-slideshow=\"7366605\" data-elementor-lightbox-title=\"Niepokalane Pocz\u0119cie 2023 (13)\" data-e-action-hash=\"#elementor-action%3Aaction%3Dlightbox%26settings%3DeyJpZCI6NjIzMjAsInVybCI6Imh0dHBzOlwvXC93d3cubGljaGVuLnBsXC93cC1jb250ZW50XC91cGxvYWRzXC8yMDIzXC8xMlwvTmllcG9rYWxhbmUtUG9jemVjaWUtMjAyMy0xMy5qcGciLCJzbGlkZXNob3ciOiI3MzY2NjA1In0%3D\" href='https:\/\/www.lichen.pl\/wp-content\/uploads\/2023\/12\/Niepokalane-Poczecie-2023-13.jpg'><img loading=\"lazy\" width=\"150\" height=\"150\" src=\"https:\/\/www.lichen.pl\/wp-content\/uploads\/2023\/12\/Niepokalane-Poczecie-2023-13-150x150.jpg\" class=\"attachment-thumbnail size-thumbnail\" alt=\"\" decoding=\"async\" srcset=\"https:\/\/www.lichen.pl\/wp-content\/uploads\/2023\/12\/Niepokalane-Poczecie-2023-13-150x150.jpg 150w, https:\/\/www.lichen.pl\/wp-content\/uploads\/2023\/12\/Niepokalane-Poczecie-2023-13-300x300.jpg 300w\" sizes=\"(max-width: 150px) 100vw, 150px\" \/><\/a>\n\t\t\t<\/div><\/figure><figure class='gallery-item'>\n\t\t\t<div class='gallery-icon portrait'>\n\t\t\t\t<a data-elementor-open-lightbox=\"yes\" data-elementor-lightbox-slideshow=\"7366605\" data-elementor-lightbox-title=\"Niepokalane Pocz\u0119cie 2023 (14)\" data-e-action-hash=\"#elementor-action%3Aaction%3Dlightbox%26settings%3DeyJpZCI6NjIzMjEsInVybCI6Imh0dHBzOlwvXC93d3cubGljaGVuLnBsXC93cC1jb250ZW50XC91cGxvYWRzXC8yMDIzXC8xMlwvTmllcG9rYWxhbmUtUG9jemVjaWUtMjAyMy0xNC5qcGciLCJzbGlkZXNob3ciOiI3MzY2NjA1In0%3D\" href='https:\/\/www.lichen.pl\/wp-content\/uploads\/2023\/12\/Niepokalane-Poczecie-2023-14.jpg'><img loading=\"lazy\" width=\"150\" height=\"150\" src=\"https:\/\/www.lichen.pl\/wp-content\/uploads\/2023\/12\/Niepokalane-Poczecie-2023-14-150x150.jpg\" class=\"attachment-thumbnail size-thumbnail\" alt=\"\" decoding=\"async\" srcset=\"https:\/\/www.lichen.pl\/wp-content\/uploads\/2023\/12\/Niepokalane-Poczecie-2023-14-150x150.jpg 150w, https:\/\/www.lichen.pl\/wp-content\/uploads\/2023\/12\/Niepokalane-Poczecie-2023-14-300x300.jpg 300w\" sizes=\"(max-width: 150px) 100vw, 150px\" \/><\/a>\n\t\t\t<\/div><\/figure><figure class='gallery-item'>\n\t\t\t<div class='gallery-icon portrait'>\n\t\t\t\t<a data-elementor-open-lightbox=\"yes\" data-elementor-lightbox-slideshow=\"7366605\" data-elementor-lightbox-title=\"Niepokalane Pocz\u0119cie 2023 (15)\" data-e-action-hash=\"#elementor-action%3Aaction%3Dlightbox%26settings%3DeyJpZCI6NjIzMjIsInVybCI6Imh0dHBzOlwvXC93d3cubGljaGVuLnBsXC93cC1jb250ZW50XC91cGxvYWRzXC8yMDIzXC8xMlwvTmllcG9rYWxhbmUtUG9jemVjaWUtMjAyMy0xNS5qcGciLCJzbGlkZXNob3ciOiI3MzY2NjA1In0%3D\" href='https:\/\/www.lichen.pl\/wp-content\/uploads\/2023\/12\/Niepokalane-Poczecie-2023-15.jpg'><img loading=\"lazy\" width=\"150\" height=\"150\" src=\"https:\/\/www.lichen.pl\/wp-content\/uploads\/2023\/12\/Niepokalane-Poczecie-2023-15-150x150.jpg\" class=\"attachment-thumbnail size-thumbnail\" alt=\"\" decoding=\"async\" srcset=\"https:\/\/www.lichen.pl\/wp-content\/uploads\/2023\/12\/Niepokalane-Poczecie-2023-15-150x150.jpg 150w, https:\/\/www.lichen.pl\/wp-content\/uploads\/2023\/12\/Niepokalane-Poczecie-2023-15-300x300.jpg 300w\" sizes=\"(max-width: 150px) 100vw, 150px\" \/><\/a>\n\t\t\t<\/div><\/figure><figure class='gallery-item'>\n\t\t\t<div class='gallery-icon portrait'>\n\t\t\t\t<a data-elementor-open-lightbox=\"yes\" data-elementor-lightbox-slideshow=\"7366605\" data-elementor-lightbox-title=\"Niepokalane Pocz\u0119cie 2023 (16)\" data-e-action-hash=\"#elementor-action%3Aaction%3Dlightbox%26settings%3DeyJpZCI6NjIzMjMsInVybCI6Imh0dHBzOlwvXC93d3cubGljaGVuLnBsXC93cC1jb250ZW50XC91cGxvYWRzXC8yMDIzXC8xMlwvTmllcG9rYWxhbmUtUG9jemVjaWUtMjAyMy0xNi5qcGciLCJzbGlkZXNob3ciOiI3MzY2NjA1In0%3D\" href='https:\/\/www.lichen.pl\/wp-content\/uploads\/2023\/12\/Niepokalane-Poczecie-2023-16.jpg'><img loading=\"lazy\" width=\"150\" height=\"150\" src=\"https:\/\/www.lichen.pl\/wp-content\/uploads\/2023\/12\/Niepokalane-Poczecie-2023-16-150x150.jpg\" class=\"attachment-thumbnail size-thumbnail\" alt=\"\" decoding=\"async\" srcset=\"https:\/\/www.lichen.pl\/wp-content\/uploads\/2023\/12\/Niepokalane-Poczecie-2023-16-150x150.jpg 150w, https:\/\/www.lichen.pl\/wp-content\/uploads\/2023\/12\/Niepokalane-Poczecie-2023-16-300x300.jpg 300w\" sizes=\"(max-width: 150px) 100vw, 150px\" \/><\/a>\n\t\t\t<\/div><\/figure><figure class='gallery-item'>\n\t\t\t<div class='gallery-icon landscape'>\n\t\t\t\t<a data-elementor-open-lightbox=\"yes\" data-elementor-lightbox-slideshow=\"7366605\" data-elementor-lightbox-title=\"Niepokalane Pocz\u0119cie 2023 (17)\" data-e-action-hash=\"#elementor-action%3Aaction%3Dlightbox%26settings%3DeyJpZCI6NjIzMjQsInVybCI6Imh0dHBzOlwvXC93d3cubGljaGVuLnBsXC93cC1jb250ZW50XC91cGxvYWRzXC8yMDIzXC8xMlwvTmllcG9rYWxhbmUtUG9jemVjaWUtMjAyMy0xNy5qcGciLCJzbGlkZXNob3ciOiI3MzY2NjA1In0%3D\" href='https:\/\/www.lichen.pl\/wp-content\/uploads\/2023\/12\/Niepokalane-Poczecie-2023-17.jpg'><img loading=\"lazy\" width=\"150\" height=\"150\" src=\"https:\/\/www.lichen.pl\/wp-content\/uploads\/2023\/12\/Niepokalane-Poczecie-2023-17-150x150.jpg\" class=\"attachment-thumbnail size-thumbnail\" alt=\"\" decoding=\"async\" srcset=\"https:\/\/www.lichen.pl\/wp-content\/uploads\/2023\/12\/Niepokalane-Poczecie-2023-17-150x150.jpg 150w, https:\/\/www.lichen.pl\/wp-content\/uploads\/2023\/12\/Niepokalane-Poczecie-2023-17-300x300.jpg 300w\" sizes=\"(max-width: 150px) 100vw, 150px\" \/><\/a>\n\t\t\t<\/div><\/figure><figure class='gallery-item'>\n\t\t\t<div class='gallery-icon landscape'>\n\t\t\t\t<a data-elementor-open-lightbox=\"yes\" data-elementor-lightbox-slideshow=\"7366605\" data-elementor-lightbox-title=\"Niepokalane Pocz\u0119cie 2023 (18)\" data-e-action-hash=\"#elementor-action%3Aaction%3Dlightbox%26settings%3DeyJpZCI6NjIzMjUsInVybCI6Imh0dHBzOlwvXC93d3cubGljaGVuLnBsXC93cC1jb250ZW50XC91cGxvYWRzXC8yMDIzXC8xMlwvTmllcG9rYWxhbmUtUG9jemVjaWUtMjAyMy0xOC5qcGciLCJzbGlkZXNob3ciOiI3MzY2NjA1In0%3D\" href='https:\/\/www.lichen.pl\/wp-content\/uploads\/2023\/12\/Niepokalane-Poczecie-2023-18.jpg'><img loading=\"lazy\" width=\"150\" height=\"150\" src=\"https:\/\/www.lichen.pl\/wp-content\/uploads\/2023\/12\/Niepokalane-Poczecie-2023-18-150x150.jpg\" class=\"attachment-thumbnail size-thumbnail\" alt=\"\" decoding=\"async\" srcset=\"https:\/\/www.lichen.pl\/wp-content\/uploads\/2023\/12\/Niepokalane-Poczecie-2023-18-150x150.jpg 150w, https:\/\/www.lichen.pl\/wp-content\/uploads\/2023\/12\/Niepokalane-Poczecie-2023-18-300x300.jpg 300w\" sizes=\"(max-width: 150px) 100vw, 150px\" \/><\/a>\n\t\t\t<\/div><\/figure><figure class='gallery-item'>\n\t\t\t<div class='gallery-icon landscape'>\n\t\t\t\t<a data-elementor-open-lightbox=\"yes\" data-elementor-lightbox-slideshow=\"7366605\" data-elementor-lightbox-title=\"Niepokalane Pocz\u0119cie 2023 (20)\" data-e-action-hash=\"#elementor-action%3Aaction%3Dlightbox%26settings%3DeyJpZCI6NjIzMjcsInVybCI6Imh0dHBzOlwvXC93d3cubGljaGVuLnBsXC93cC1jb250ZW50XC91cGxvYWRzXC8yMDIzXC8xMlwvTmllcG9rYWxhbmUtUG9jemVjaWUtMjAyMy0yMC5qcGciLCJzbGlkZXNob3ciOiI3MzY2NjA1In0%3D\" href='https:\/\/www.lichen.pl\/wp-content\/uploads\/2023\/12\/Niepokalane-Poczecie-2023-20.jpg'><img loading=\"lazy\" width=\"150\" height=\"150\" src=\"https:\/\/www.lichen.pl\/wp-content\/uploads\/2023\/12\/Niepokalane-Poczecie-2023-20-150x150.jpg\" class=\"attachment-thumbnail size-thumbnail\" alt=\"\" decoding=\"async\" srcset=\"https:\/\/www.lichen.pl\/wp-content\/uploads\/2023\/12\/Niepokalane-Poczecie-2023-20-150x150.jpg 150w, https:\/\/www.lichen.pl\/wp-content\/uploads\/2023\/12\/Niepokalane-Poczecie-2023-20-300x300.jpg 300w\" sizes=\"(max-width: 150px) 100vw, 150px\" \/><\/a>\n\t\t\t<\/div><\/figure><figure class='gallery-item'>\n\t\t\t<div class='gallery-icon landscape'>\n\t\t\t\t<a data-elementor-open-lightbox=\"yes\" data-elementor-lightbox-slideshow=\"7366605\" data-elementor-lightbox-title=\"Niepokalane Pocz\u0119cie 2023 (21)\" data-e-action-hash=\"#elementor-action%3Aaction%3Dlightbox%26settings%3DeyJpZCI6NjIzMjgsInVybCI6Imh0dHBzOlwvXC93d3cubGljaGVuLnBsXC93cC1jb250ZW50XC91cGxvYWRzXC8yMDIzXC8xMlwvTmllcG9rYWxhbmUtUG9jemVjaWUtMjAyMy0yMS5qcGciLCJzbGlkZXNob3ciOiI3MzY2NjA1In0%3D\" href='https:\/\/www.lichen.pl\/wp-content\/uploads\/2023\/12\/Niepokalane-Poczecie-2023-21.jpg'><img loading=\"lazy\" width=\"150\" height=\"150\" src=\"https:\/\/www.lichen.pl\/wp-content\/uploads\/2023\/12\/Niepokalane-Poczecie-2023-21-150x150.jpg\" class=\"attachment-thumbnail size-thumbnail\" alt=\"\" decoding=\"async\" srcset=\"https:\/\/www.lichen.pl\/wp-content\/uploads\/2023\/12\/Niepokalane-Poczecie-2023-21-150x150.jpg 150w, https:\/\/www.lichen.pl\/wp-content\/uploads\/2023\/12\/Niepokalane-Poczecie-2023-21-300x300.jpg 300w\" sizes=\"(max-width: 150px) 100vw, 150px\" \/><\/a>\n\t\t\t<\/div><\/figure><figure class='gallery-item'>\n\t\t\t<div class='gallery-icon portrait'>\n\t\t\t\t<a data-elementor-open-lightbox=\"yes\" data-elementor-lightbox-slideshow=\"7366605\" data-elementor-lightbox-title=\"Niepokalane Pocz\u0119cie 2023 (23)\" data-e-action-hash=\"#elementor-action%3Aaction%3Dlightbox%26settings%3DeyJpZCI6NjIzMzAsInVybCI6Imh0dHBzOlwvXC93d3cubGljaGVuLnBsXC93cC1jb250ZW50XC91cGxvYWRzXC8yMDIzXC8xMlwvTmllcG9rYWxhbmUtUG9jemVjaWUtMjAyMy0yMy5qcGciLCJzbGlkZXNob3ciOiI3MzY2NjA1In0%3D\" href='https:\/\/www.lichen.pl\/wp-content\/uploads\/2023\/12\/Niepokalane-Poczecie-2023-23.jpg'><img loading=\"lazy\" width=\"150\" height=\"150\" src=\"https:\/\/www.lichen.pl\/wp-content\/uploads\/2023\/12\/Niepokalane-Poczecie-2023-23-150x150.jpg\" class=\"attachment-thumbnail size-thumbnail\" alt=\"\" decoding=\"async\" srcset=\"https:\/\/www.lichen.pl\/wp-content\/uploads\/2023\/12\/Niepokalane-Poczecie-2023-23-150x150.jpg 150w, https:\/\/www.lichen.pl\/wp-content\/uploads\/2023\/12\/Niepokalane-Poczecie-2023-23-300x300.jpg 300w\" sizes=\"(max-width: 150px) 100vw, 150px\" \/><\/a>\n\t\t\t<\/div><\/figure><figure class='gallery-item'>\n\t\t\t<div class='gallery-icon portrait'>\n\t\t\t\t<a data-elementor-open-lightbox=\"yes\" data-elementor-lightbox-slideshow=\"7366605\" data-elementor-lightbox-title=\"Niepokalane Pocz\u0119cie 2023 (24)\" data-e-action-hash=\"#elementor-action%3Aaction%3Dlightbox%26settings%3DeyJpZCI6NjIzMzEsInVybCI6Imh0dHBzOlwvXC93d3cubGljaGVuLnBsXC93cC1jb250ZW50XC91cGxvYWRzXC8yMDIzXC8xMlwvTmllcG9rYWxhbmUtUG9jemVjaWUtMjAyMy0yNC5qcGciLCJzbGlkZXNob3ciOiI3MzY2NjA1In0%3D\" href='https:\/\/www.lichen.pl\/wp-content\/uploads\/2023\/12\/Niepokalane-Poczecie-2023-24.jpg'><img loading=\"lazy\" width=\"150\" height=\"150\" src=\"https:\/\/www.lichen.pl\/wp-content\/uploads\/2023\/12\/Niepokalane-Poczecie-2023-24-150x150.jpg\" class=\"attachment-thumbnail size-thumbnail\" alt=\"\" decoding=\"async\" srcset=\"https:\/\/www.lichen.pl\/wp-content\/uploads\/2023\/12\/Niepokalane-Poczecie-2023-24-150x150.jpg 150w, https:\/\/www.lichen.pl\/wp-content\/uploads\/2023\/12\/Niepokalane-Poczecie-2023-24-300x300.jpg 300w\" sizes=\"(max-width: 150px) 100vw, 150px\" \/><\/a>\n\t\t\t<\/div><\/figure><figure class='gallery-item'>\n\t\t\t<div class='gallery-icon portrait'>\n\t\t\t\t<a data-elementor-open-lightbox=\"yes\" data-elementor-lightbox-slideshow=\"7366605\" data-elementor-lightbox-title=\"Niepokalane Pocz\u0119cie 2023 (25)\" data-e-action-hash=\"#elementor-action%3Aaction%3Dlightbox%26settings%3DeyJpZCI6NjIzMzIsInVybCI6Imh0dHBzOlwvXC93d3cubGljaGVuLnBsXC93cC1jb250ZW50XC91cGxvYWRzXC8yMDIzXC8xMlwvTmllcG9rYWxhbmUtUG9jemVjaWUtMjAyMy0yNS5qcGciLCJzbGlkZXNob3ciOiI3MzY2NjA1In0%3D\" href='https:\/\/www.lichen.pl\/wp-content\/uploads\/2023\/12\/Niepokalane-Poczecie-2023-25.jpg'><img loading=\"lazy\" width=\"150\" height=\"150\" src=\"https:\/\/www.lichen.pl\/wp-content\/uploads\/2023\/12\/Niepokalane-Poczecie-2023-25-150x150.jpg\" class=\"attachment-thumbnail size-thumbnail\" alt=\"\" decoding=\"async\" srcset=\"https:\/\/www.lichen.pl\/wp-content\/uploads\/2023\/12\/Niepokalane-Poczecie-2023-25-150x150.jpg 150w, https:\/\/www.lichen.pl\/wp-content\/uploads\/2023\/12\/Niepokalane-Poczecie-2023-25-300x300.jpg 300w\" sizes=\"(max-width: 150px) 100vw, 150px\" \/><\/a>\n\t\t\t<\/div><\/figure><figure class='gallery-item'>\n\t\t\t<div class='gallery-icon portrait'>\n\t\t\t\t<a data-elementor-open-lightbox=\"yes\" data-elementor-lightbox-slideshow=\"7366605\" data-elementor-lightbox-title=\"Niepokalane Pocz\u0119cie 2023 (26)\" data-e-action-hash=\"#elementor-action%3Aaction%3Dlightbox%26settings%3DeyJpZCI6NjIzMzMsInVybCI6Imh0dHBzOlwvXC93d3cubGljaGVuLnBsXC93cC1jb250ZW50XC91cGxvYWRzXC8yMDIzXC8xMlwvTmllcG9rYWxhbmUtUG9jemVjaWUtMjAyMy0yNi5qcGciLCJzbGlkZXNob3ciOiI3MzY2NjA1In0%3D\" href='https:\/\/www.lichen.pl\/wp-content\/uploads\/2023\/12\/Niepokalane-Poczecie-2023-26.jpg'><img loading=\"lazy\" width=\"150\" height=\"150\" src=\"https:\/\/www.lichen.pl\/wp-content\/uploads\/2023\/12\/Niepokalane-Poczecie-2023-26-150x150.jpg\" class=\"attachment-thumbnail size-thumbnail\" alt=\"\" decoding=\"async\" srcset=\"https:\/\/www.lichen.pl\/wp-content\/uploads\/2023\/12\/Niepokalane-Poczecie-2023-26-150x150.jpg 150w, https:\/\/www.lichen.pl\/wp-content\/uploads\/2023\/12\/Niepokalane-Poczecie-2023-26-300x300.jpg 300w\" sizes=\"(max-width: 150px) 100vw, 150px\" \/><\/a>\n\t\t\t<\/div><\/figure><figure class='gallery-item'>\n\t\t\t<div class='gallery-icon landscape'>\n\t\t\t\t<a data-elementor-open-lightbox=\"yes\" data-elementor-lightbox-slideshow=\"7366605\" data-elementor-lightbox-title=\"Niepokalane Pocz\u0119cie 2023 (27)\" data-e-action-hash=\"#elementor-action%3Aaction%3Dlightbox%26settings%3DeyJpZCI6NjIzMzQsInVybCI6Imh0dHBzOlwvXC93d3cubGljaGVuLnBsXC93cC1jb250ZW50XC91cGxvYWRzXC8yMDIzXC8xMlwvTmllcG9rYWxhbmUtUG9jemVjaWUtMjAyMy0yNy5qcGciLCJzbGlkZXNob3ciOiI3MzY2NjA1In0%3D\" href='https:\/\/www.lichen.pl\/wp-content\/uploads\/2023\/12\/Niepokalane-Poczecie-2023-27.jpg'><img loading=\"lazy\" width=\"150\" height=\"150\" src=\"https:\/\/www.lichen.pl\/wp-content\/uploads\/2023\/12\/Niepokalane-Poczecie-2023-27-150x150.jpg\" class=\"attachment-thumbnail size-thumbnail\" alt=\"\" decoding=\"async\" srcset=\"https:\/\/www.lichen.pl\/wp-content\/uploads\/2023\/12\/Niepokalane-Poczecie-2023-27-150x150.jpg 150w, https:\/\/www.lichen.pl\/wp-content\/uploads\/2023\/12\/Niepokalane-Poczecie-2023-27-300x300.jpg 300w\" sizes=\"(max-width: 150px) 100vw, 150px\" \/><\/a>\n\t\t\t<\/div><\/figure><figure class='gallery-item'>\n\t\t\t<div class='gallery-icon landscape'>\n\t\t\t\t<a data-elementor-open-lightbox=\"yes\" data-elementor-lightbox-slideshow=\"7366605\" data-elementor-lightbox-title=\"Niepokalane Pocz\u0119cie 2023 (28)\" data-e-action-hash=\"#elementor-action%3Aaction%3Dlightbox%26settings%3DeyJpZCI6NjIzMzUsInVybCI6Imh0dHBzOlwvXC93d3cubGljaGVuLnBsXC93cC1jb250ZW50XC91cGxvYWRzXC8yMDIzXC8xMlwvTmllcG9rYWxhbmUtUG9jemVjaWUtMjAyMy0yOC5qcGciLCJzbGlkZXNob3ciOiI3MzY2NjA1In0%3D\" href='https:\/\/www.lichen.pl\/wp-content\/uploads\/2023\/12\/Niepokalane-Poczecie-2023-28.jpg'><img loading=\"lazy\" width=\"150\" height=\"150\" src=\"https:\/\/www.lichen.pl\/wp-content\/uploads\/2023\/12\/Niepokalane-Poczecie-2023-28-150x150.jpg\" class=\"attachment-thumbnail size-thumbnail\" alt=\"\" decoding=\"async\" srcset=\"https:\/\/www.lichen.pl\/wp-content\/uploads\/2023\/12\/Niepokalane-Poczecie-2023-28-150x150.jpg 150w, https:\/\/www.lichen.pl\/wp-content\/uploads\/2023\/12\/Niepokalane-Poczecie-2023-28-300x300.jpg 300w\" sizes=\"(max-width: 150px) 100vw, 150px\" \/><\/a>\n\t\t\t<\/div><\/figure><figure class='gallery-item'>\n\t\t\t<div class='gallery-icon portrait'>\n\t\t\t\t<a data-elementor-open-lightbox=\"yes\" data-elementor-lightbox-slideshow=\"7366605\" data-elementor-lightbox-title=\"Niepokalane Pocz\u0119cie 2023 (29)\" data-e-action-hash=\"#elementor-action%3Aaction%3Dlightbox%26settings%3DeyJpZCI6NjIzMzYsInVybCI6Imh0dHBzOlwvXC93d3cubGljaGVuLnBsXC93cC1jb250ZW50XC91cGxvYWRzXC8yMDIzXC8xMlwvTmllcG9rYWxhbmUtUG9jemVjaWUtMjAyMy0yOS5qcGciLCJzbGlkZXNob3ciOiI3MzY2NjA1In0%3D\" href='https:\/\/www.lichen.pl\/wp-content\/uploads\/2023\/12\/Niepokalane-Poczecie-2023-29.jpg'><img loading=\"lazy\" width=\"150\" height=\"150\" src=\"https:\/\/www.lichen.pl\/wp-content\/uploads\/2023\/12\/Niepokalane-Poczecie-2023-29-150x150.jpg\" class=\"attachment-thumbnail size-thumbnail\" alt=\"\" decoding=\"async\" srcset=\"https:\/\/www.lichen.pl\/wp-content\/uploads\/2023\/12\/Niepokalane-Poczecie-2023-29-150x150.jpg 150w, https:\/\/www.lichen.pl\/wp-content\/uploads\/2023\/12\/Niepokalane-Poczecie-2023-29-300x300.jpg 300w\" sizes=\"(max-width: 150px) 100vw, 150px\" \/><\/a>\n\t\t\t<\/div><\/figure><figure class='gallery-item'>\n\t\t\t<div class='gallery-icon landscape'>\n\t\t\t\t<a data-elementor-open-lightbox=\"yes\" data-elementor-lightbox-slideshow=\"7366605\" data-elementor-lightbox-title=\"Niepokalane Pocz\u0119cie 2023 (30)\" data-e-action-hash=\"#elementor-action%3Aaction%3Dlightbox%26settings%3DeyJpZCI6NjIzMzcsInVybCI6Imh0dHBzOlwvXC93d3cubGljaGVuLnBsXC93cC1jb250ZW50XC91cGxvYWRzXC8yMDIzXC8xMlwvTmllcG9rYWxhbmUtUG9jemVjaWUtMjAyMy0zMC5qcGciLCJzbGlkZXNob3ciOiI3MzY2NjA1In0%3D\" href='https:\/\/www.lichen.pl\/wp-content\/uploads\/2023\/12\/Niepokalane-Poczecie-2023-30.jpg'><img loading=\"lazy\" width=\"150\" height=\"150\" src=\"https:\/\/www.lichen.pl\/wp-content\/uploads\/2023\/12\/Niepokalane-Poczecie-2023-30-150x150.jpg\" class=\"attachment-thumbnail size-thumbnail\" alt=\"\" decoding=\"async\" srcset=\"https:\/\/www.lichen.pl\/wp-content\/uploads\/2023\/12\/Niepokalane-Poczecie-2023-30-150x150.jpg 150w, https:\/\/www.lichen.pl\/wp-content\/uploads\/2023\/12\/Niepokalane-Poczecie-2023-30-300x300.jpg 300w\" sizes=\"(max-width: 150px) 100vw, 150px\" \/><\/a>\n\t\t\t<\/div><\/figure><figure class='gallery-item'>\n\t\t\t<div class='gallery-icon landscape'>\n\t\t\t\t<a data-elementor-open-lightbox=\"yes\" data-elementor-lightbox-slideshow=\"7366605\" data-elementor-lightbox-title=\"Niepokalane Pocz\u0119cie 2023 (31)\" data-e-action-hash=\"#elementor-action%3Aaction%3Dlightbox%26settings%3DeyJpZCI6NjIzMzgsInVybCI6Imh0dHBzOlwvXC93d3cubGljaGVuLnBsXC93cC1jb250ZW50XC91cGxvYWRzXC8yMDIzXC8xMlwvTmllcG9rYWxhbmUtUG9jemVjaWUtMjAyMy0zMS5qcGciLCJzbGlkZXNob3ciOiI3MzY2NjA1In0%3D\" href='https:\/\/www.lichen.pl\/wp-content\/uploads\/2023\/12\/Niepokalane-Poczecie-2023-31.jpg'><img loading=\"lazy\" width=\"150\" height=\"150\" src=\"https:\/\/www.lichen.pl\/wp-content\/uploads\/2023\/12\/Niepokalane-Poczecie-2023-31-150x150.jpg\" class=\"attachment-thumbnail size-thumbnail\" alt=\"\" decoding=\"async\" srcset=\"https:\/\/www.lichen.pl\/wp-content\/uploads\/2023\/12\/Niepokalane-Poczecie-2023-31-150x150.jpg 150w, https:\/\/www.lichen.pl\/wp-content\/uploads\/2023\/12\/Niepokalane-Poczecie-2023-31-300x300.jpg 300w\" sizes=\"(max-width: 150px) 100vw, 150px\" \/><\/a>\n\t\t\t<\/div><\/figure><figure class='gallery-item'>\n\t\t\t<div class='gallery-icon landscape'>\n\t\t\t\t<a data-elementor-open-lightbox=\"yes\" data-elementor-lightbox-slideshow=\"7366605\" data-elementor-lightbox-title=\"Niepokalane Pocz\u0119cie 2023 (32)\" data-e-action-hash=\"#elementor-action%3Aaction%3Dlightbox%26settings%3DeyJpZCI6NjIzMzksInVybCI6Imh0dHBzOlwvXC93d3cubGljaGVuLnBsXC93cC1jb250ZW50XC91cGxvYWRzXC8yMDIzXC8xMlwvTmllcG9rYWxhbmUtUG9jemVjaWUtMjAyMy0zMi5qcGciLCJzbGlkZXNob3ciOiI3MzY2NjA1In0%3D\" href='https:\/\/www.lichen.pl\/wp-content\/uploads\/2023\/12\/Niepokalane-Poczecie-2023-32.jpg'><img loading=\"lazy\" width=\"150\" height=\"150\" src=\"https:\/\/www.lichen.pl\/wp-content\/uploads\/2023\/12\/Niepokalane-Poczecie-2023-32-150x150.jpg\" class=\"attachment-thumbnail size-thumbnail\" alt=\"\" decoding=\"async\" srcset=\"https:\/\/www.lichen.pl\/wp-content\/uploads\/2023\/12\/Niepokalane-Poczecie-2023-32-150x150.jpg 150w, https:\/\/www.lichen.pl\/wp-content\/uploads\/2023\/12\/Niepokalane-Poczecie-2023-32-300x300.jpg 300w\" sizes=\"(max-width: 150px) 100vw, 150px\" \/><\/a>\n\t\t\t<\/div><\/figure><figure class='gallery-item'>\n\t\t\t<div class='gallery-icon landscape'>\n\t\t\t\t<a data-elementor-open-lightbox=\"yes\" data-elementor-lightbox-slideshow=\"7366605\" data-elementor-lightbox-title=\"Niepokalane Pocz\u0119cie 2023 (33)\" data-e-action-hash=\"#elementor-action%3Aaction%3Dlightbox%26settings%3DeyJpZCI6NjIzNDAsInVybCI6Imh0dHBzOlwvXC93d3cubGljaGVuLnBsXC93cC1jb250ZW50XC91cGxvYWRzXC8yMDIzXC8xMlwvTmllcG9rYWxhbmUtUG9jemVjaWUtMjAyMy0zMy5qcGciLCJzbGlkZXNob3ciOiI3MzY2NjA1In0%3D\" href='https:\/\/www.lichen.pl\/wp-content\/uploads\/2023\/12\/Niepokalane-Poczecie-2023-33.jpg'><img loading=\"lazy\" width=\"150\" height=\"150\" src=\"https:\/\/www.lichen.pl\/wp-content\/uploads\/2023\/12\/Niepokalane-Poczecie-2023-33-150x150.jpg\" class=\"attachment-thumbnail size-thumbnail\" alt=\"\" decoding=\"async\" srcset=\"https:\/\/www.lichen.pl\/wp-content\/uploads\/2023\/12\/Niepokalane-Poczecie-2023-33-150x150.jpg 150w, https:\/\/www.lichen.pl\/wp-content\/uploads\/2023\/12\/Niepokalane-Poczecie-2023-33-300x300.jpg 300w\" sizes=\"(max-width: 150px) 100vw, 150px\" \/><\/a>\n\t\t\t<\/div><\/figure><figure class='gallery-item'>\n\t\t\t<div class='gallery-icon landscape'>\n\t\t\t\t<a data-elementor-open-lightbox=\"yes\" data-elementor-lightbox-slideshow=\"7366605\" data-elementor-lightbox-title=\"Niepokalane Pocz\u0119cie 2023 (34)\" data-e-action-hash=\"#elementor-action%3Aaction%3Dlightbox%26settings%3DeyJpZCI6NjIzNDEsInVybCI6Imh0dHBzOlwvXC93d3cubGljaGVuLnBsXC93cC1jb250ZW50XC91cGxvYWRzXC8yMDIzXC8xMlwvTmllcG9rYWxhbmUtUG9jemVjaWUtMjAyMy0zNC5qcGciLCJzbGlkZXNob3ciOiI3MzY2NjA1In0%3D\" href='https:\/\/www.lichen.pl\/wp-content\/uploads\/2023\/12\/Niepokalane-Poczecie-2023-34.jpg'><img loading=\"lazy\" width=\"150\" height=\"150\" src=\"https:\/\/www.lichen.pl\/wp-content\/uploads\/2023\/12\/Niepokalane-Poczecie-2023-34-150x150.jpg\" class=\"attachment-thumbnail size-thumbnail\" alt=\"\" decoding=\"async\" srcset=\"https:\/\/www.lichen.pl\/wp-content\/uploads\/2023\/12\/Niepokalane-Poczecie-2023-34-150x150.jpg 150w, https:\/\/www.lichen.pl\/wp-content\/uploads\/2023\/12\/Niepokalane-Poczecie-2023-34-300x300.jpg 300w\" sizes=\"(max-width: 150px) 100vw, 150px\" \/><\/a>\n\t\t\t<\/div><\/figure><figure class='gallery-item'>\n\t\t\t<div class='gallery-icon portrait'>\n\t\t\t\t<a data-elementor-open-lightbox=\"yes\" data-elementor-lightbox-slideshow=\"7366605\" data-elementor-lightbox-title=\"Niepokalane Pocz\u0119cie 2023 (35)\" data-e-action-hash=\"#elementor-action%3Aaction%3Dlightbox%26settings%3DeyJpZCI6NjIzNDIsInVybCI6Imh0dHBzOlwvXC93d3cubGljaGVuLnBsXC93cC1jb250ZW50XC91cGxvYWRzXC8yMDIzXC8xMlwvTmllcG9rYWxhbmUtUG9jemVjaWUtMjAyMy0zNS5qcGciLCJzbGlkZXNob3ciOiI3MzY2NjA1In0%3D\" href='https:\/\/www.lichen.pl\/wp-content\/uploads\/2023\/12\/Niepokalane-Poczecie-2023-35.jpg'><img loading=\"lazy\" width=\"150\" height=\"150\" src=\"https:\/\/www.lichen.pl\/wp-content\/uploads\/2023\/12\/Niepokalane-Poczecie-2023-35-150x150.jpg\" class=\"attachment-thumbnail size-thumbnail\" alt=\"\" decoding=\"async\" srcset=\"https:\/\/www.lichen.pl\/wp-content\/uploads\/2023\/12\/Niepokalane-Poczecie-2023-35-150x150.jpg 150w, https:\/\/www.lichen.pl\/wp-content\/uploads\/2023\/12\/Niepokalane-Poczecie-2023-35-300x300.jpg 300w\" sizes=\"(max-width: 150px) 100vw, 150px\" \/><\/a>\n\t\t\t<\/div><\/figure><figure class='gallery-item'>\n\t\t\t<div class='gallery-icon landscape'>\n\t\t\t\t<a data-elementor-open-lightbox=\"yes\" data-elementor-lightbox-slideshow=\"7366605\" data-elementor-lightbox-title=\"Niepokalane Pocz\u0119cie 2023 (36)\" data-e-action-hash=\"#elementor-action%3Aaction%3Dlightbox%26settings%3DeyJpZCI6NjIzNDMsInVybCI6Imh0dHBzOlwvXC93d3cubGljaGVuLnBsXC93cC1jb250ZW50XC91cGxvYWRzXC8yMDIzXC8xMlwvTmllcG9rYWxhbmUtUG9jemVjaWUtMjAyMy0zNi5qcGciLCJzbGlkZXNob3ciOiI3MzY2NjA1In0%3D\" href='https:\/\/www.lichen.pl\/wp-content\/uploads\/2023\/12\/Niepokalane-Poczecie-2023-36.jpg'><img loading=\"lazy\" width=\"150\" height=\"150\" src=\"https:\/\/www.lichen.pl\/wp-content\/uploads\/2023\/12\/Niepokalane-Poczecie-2023-36-150x150.jpg\" class=\"attachment-thumbnail size-thumbnail\" alt=\"\" decoding=\"async\" srcset=\"https:\/\/www.lichen.pl\/wp-content\/uploads\/2023\/12\/Niepokalane-Poczecie-2023-36-150x150.jpg 150w, https:\/\/www.lichen.pl\/wp-content\/uploads\/2023\/12\/Niepokalane-Poczecie-2023-36-300x300.jpg 300w\" sizes=\"(max-width: 150px) 100vw, 150px\" \/><\/a>\n\t\t\t<\/div><\/figure><figure class='gallery-item'>\n\t\t\t<div class='gallery-icon portrait'>\n\t\t\t\t<a data-elementor-open-lightbox=\"yes\" data-elementor-lightbox-slideshow=\"7366605\" data-elementor-lightbox-title=\"Niepokalane Pocz\u0119cie 2023 (37)\" data-e-action-hash=\"#elementor-action%3Aaction%3Dlightbox%26settings%3DeyJpZCI6NjIzNDQsInVybCI6Imh0dHBzOlwvXC93d3cubGljaGVuLnBsXC93cC1jb250ZW50XC91cGxvYWRzXC8yMDIzXC8xMlwvTmllcG9rYWxhbmUtUG9jemVjaWUtMjAyMy0zNy5qcGciLCJzbGlkZXNob3ciOiI3MzY2NjA1In0%3D\" href='https:\/\/www.lichen.pl\/wp-content\/uploads\/2023\/12\/Niepokalane-Poczecie-2023-37.jpg'><img loading=\"lazy\" width=\"150\" height=\"150\" src=\"https:\/\/www.lichen.pl\/wp-content\/uploads\/2023\/12\/Niepokalane-Poczecie-2023-37-150x150.jpg\" class=\"attachment-thumbnail size-thumbnail\" alt=\"\" decoding=\"async\" srcset=\"https:\/\/www.lichen.pl\/wp-content\/uploads\/2023\/12\/Niepokalane-Poczecie-2023-37-150x150.jpg 150w, https:\/\/www.lichen.pl\/wp-content\/uploads\/2023\/12\/Niepokalane-Poczecie-2023-37-300x300.jpg 300w\" sizes=\"(max-width: 150px) 100vw, 150px\" \/><\/a>\n\t\t\t<\/div><\/figure><figure class='gallery-item'>\n\t\t\t<div class='gallery-icon landscape'>\n\t\t\t\t<a data-elementor-open-lightbox=\"yes\" data-elementor-lightbox-slideshow=\"7366605\" data-elementor-lightbox-title=\"Niepokalane Pocz\u0119cie 2023 (38)\" data-e-action-hash=\"#elementor-action%3Aaction%3Dlightbox%26settings%3DeyJpZCI6NjIzNDUsInVybCI6Imh0dHBzOlwvXC93d3cubGljaGVuLnBsXC93cC1jb250ZW50XC91cGxvYWRzXC8yMDIzXC8xMlwvTmllcG9rYWxhbmUtUG9jemVjaWUtMjAyMy0zOC5qcGciLCJzbGlkZXNob3ciOiI3MzY2NjA1In0%3D\" href='https:\/\/www.lichen.pl\/wp-content\/uploads\/2023\/12\/Niepokalane-Poczecie-2023-38.jpg'><img loading=\"lazy\" width=\"150\" height=\"150\" src=\"https:\/\/www.lichen.pl\/wp-content\/uploads\/2023\/12\/Niepokalane-Poczecie-2023-38-150x150.jpg\" class=\"attachment-thumbnail size-thumbnail\" alt=\"\" decoding=\"async\" srcset=\"https:\/\/www.lichen.pl\/wp-content\/uploads\/2023\/12\/Niepokalane-Poczecie-2023-38-150x150.jpg 150w, https:\/\/www.lichen.pl\/wp-content\/uploads\/2023\/12\/Niepokalane-Poczecie-2023-38-300x300.jpg 300w\" sizes=\"(max-width: 150px) 100vw, 150px\" \/><\/a>\n\t\t\t<\/div><\/figure><figure class='gallery-item'>\n\t\t\t<div class='gallery-icon landscape'>\n\t\t\t\t<a data-elementor-open-lightbox=\"yes\" data-elementor-lightbox-slideshow=\"7366605\" data-elementor-lightbox-title=\"Niepokalane Pocz\u0119cie 2023 (39)\" data-e-action-hash=\"#elementor-action%3Aaction%3Dlightbox%26settings%3DeyJpZCI6NjIzNDYsInVybCI6Imh0dHBzOlwvXC93d3cubGljaGVuLnBsXC93cC1jb250ZW50XC91cGxvYWRzXC8yMDIzXC8xMlwvTmllcG9rYWxhbmUtUG9jemVjaWUtMjAyMy0zOS5qcGciLCJzbGlkZXNob3ciOiI3MzY2NjA1In0%3D\" href='https:\/\/www.lichen.pl\/wp-content\/uploads\/2023\/12\/Niepokalane-Poczecie-2023-39.jpg'><img loading=\"lazy\" width=\"150\" height=\"150\" src=\"https:\/\/www.lichen.pl\/wp-content\/uploads\/2023\/12\/Niepokalane-Poczecie-2023-39-150x150.jpg\" class=\"attachment-thumbnail size-thumbnail\" alt=\"\" decoding=\"async\" srcset=\"https:\/\/www.lichen.pl\/wp-content\/uploads\/2023\/12\/Niepokalane-Poczecie-2023-39-150x150.jpg 150w, https:\/\/www.lichen.pl\/wp-content\/uploads\/2023\/12\/Niepokalane-Poczecie-2023-39-300x300.jpg 300w\" sizes=\"(max-width: 150px) 100vw, 150px\" \/><\/a>\n\t\t\t<\/div><\/figure><figure class='gallery-item'>\n\t\t\t<div class='gallery-icon portrait'>\n\t\t\t\t<a data-elementor-open-lightbox=\"yes\" data-elementor-lightbox-slideshow=\"7366605\" data-elementor-lightbox-title=\"Niepokalane Pocz\u0119cie 2023 (40)\" data-e-action-hash=\"#elementor-action%3Aaction%3Dlightbox%26settings%3DeyJpZCI6NjIzNDcsInVybCI6Imh0dHBzOlwvXC93d3cubGljaGVuLnBsXC93cC1jb250ZW50XC91cGxvYWRzXC8yMDIzXC8xMlwvTmllcG9rYWxhbmUtUG9jemVjaWUtMjAyMy00MC5qcGciLCJzbGlkZXNob3ciOiI3MzY2NjA1In0%3D\" href='https:\/\/www.lichen.pl\/wp-content\/uploads\/2023\/12\/Niepokalane-Poczecie-2023-40.jpg'><img loading=\"lazy\" width=\"150\" height=\"150\" src=\"https:\/\/www.lichen.pl\/wp-content\/uploads\/2023\/12\/Niepokalane-Poczecie-2023-40-150x150.jpg\" class=\"attachment-thumbnail size-thumbnail\" alt=\"\" decoding=\"async\" srcset=\"https:\/\/www.lichen.pl\/wp-content\/uploads\/2023\/12\/Niepokalane-Poczecie-2023-40-150x150.jpg 150w, https:\/\/www.lichen.pl\/wp-content\/uploads\/2023\/12\/Niepokalane-Poczecie-2023-40-300x300.jpg 300w\" sizes=\"(max-width: 150px) 100vw, 150px\" \/><\/a>\n\t\t\t<\/div><\/figure><figure class='gallery-item'>\n\t\t\t<div class='gallery-icon landscape'>\n\t\t\t\t<a data-elementor-open-lightbox=\"yes\" data-elementor-lightbox-slideshow=\"7366605\" data-elementor-lightbox-title=\"Niepokalane Pocz\u0119cie 2023 (41)\" data-e-action-hash=\"#elementor-action%3Aaction%3Dlightbox%26settings%3DeyJpZCI6NjIzNDgsInVybCI6Imh0dHBzOlwvXC93d3cubGljaGVuLnBsXC93cC1jb250ZW50XC91cGxvYWRzXC8yMDIzXC8xMlwvTmllcG9rYWxhbmUtUG9jemVjaWUtMjAyMy00MS5qcGciLCJzbGlkZXNob3ciOiI3MzY2NjA1In0%3D\" href='https:\/\/www.lichen.pl\/wp-content\/uploads\/2023\/12\/Niepokalane-Poczecie-2023-41.jpg'><img loading=\"lazy\" width=\"150\" height=\"150\" src=\"https:\/\/www.lichen.pl\/wp-content\/uploads\/2023\/12\/Niepokalane-Poczecie-2023-41-150x150.jpg\" class=\"attachment-thumbnail size-thumbnail\" alt=\"\" decoding=\"async\" srcset=\"https:\/\/www.lichen.pl\/wp-content\/uploads\/2023\/12\/Niepokalane-Poczecie-2023-41-150x150.jpg 150w, https:\/\/www.lichen.pl\/wp-content\/uploads\/2023\/12\/Niepokalane-Poczecie-2023-41-300x300.jpg 300w\" sizes=\"(max-width: 150px) 100vw, 150px\" \/><\/a>\n\t\t\t<\/div><\/figure><figure class='gallery-item'>\n\t\t\t<div class='gallery-icon portrait'>\n\t\t\t\t<a data-elementor-open-lightbox=\"yes\" data-elementor-lightbox-slideshow=\"7366605\" data-elementor-lightbox-title=\"Niepokalane Pocz\u0119cie 2023 (43)\" data-e-action-hash=\"#elementor-action%3Aaction%3Dlightbox%26settings%3DeyJpZCI6NjIzNTAsInVybCI6Imh0dHBzOlwvXC93d3cubGljaGVuLnBsXC93cC1jb250ZW50XC91cGxvYWRzXC8yMDIzXC8xMlwvTmllcG9rYWxhbmUtUG9jemVjaWUtMjAyMy00My5qcGciLCJzbGlkZXNob3ciOiI3MzY2NjA1In0%3D\" href='https:\/\/www.lichen.pl\/wp-content\/uploads\/2023\/12\/Niepokalane-Poczecie-2023-43.jpg'><img loading=\"lazy\" width=\"150\" height=\"150\" src=\"https:\/\/www.lichen.pl\/wp-content\/uploads\/2023\/12\/Niepokalane-Poczecie-2023-43-150x150.jpg\" class=\"attachment-thumbnail size-thumbnail\" alt=\"\" decoding=\"async\" srcset=\"https:\/\/www.lichen.pl\/wp-content\/uploads\/2023\/12\/Niepokalane-Poczecie-2023-43-150x150.jpg 150w, https:\/\/www.lichen.pl\/wp-content\/uploads\/2023\/12\/Niepokalane-Poczecie-2023-43-300x300.jpg 300w\" sizes=\"(max-width: 150px) 100vw, 150px\" \/><\/a>\n\t\t\t<\/div><\/figure><figure class='gallery-item'>\n\t\t\t<div class='gallery-icon portrait'>\n\t\t\t\t<a data-elementor-open-lightbox=\"yes\" data-elementor-lightbox-slideshow=\"7366605\" data-elementor-lightbox-title=\"Niepokalane Pocz\u0119cie 2023 (44)\" data-e-action-hash=\"#elementor-action%3Aaction%3Dlightbox%26settings%3DeyJpZCI6NjIzNTEsInVybCI6Imh0dHBzOlwvXC93d3cubGljaGVuLnBsXC93cC1jb250ZW50XC91cGxvYWRzXC8yMDIzXC8xMlwvTmllcG9rYWxhbmUtUG9jemVjaWUtMjAyMy00NC5qcGciLCJzbGlkZXNob3ciOiI3MzY2NjA1In0%3D\" href='https:\/\/www.lichen.pl\/wp-content\/uploads\/2023\/12\/Niepokalane-Poczecie-2023-44.jpg'><img loading=\"lazy\" width=\"150\" height=\"150\" src=\"https:\/\/www.lichen.pl\/wp-content\/uploads\/2023\/12\/Niepokalane-Poczecie-2023-44-150x150.jpg\" class=\"attachment-thumbnail size-thumbnail\" alt=\"\" decoding=\"async\" srcset=\"https:\/\/www.lichen.pl\/wp-content\/uploads\/2023\/12\/Niepokalane-Poczecie-2023-44-150x150.jpg 150w, https:\/\/www.lichen.pl\/wp-content\/uploads\/2023\/12\/Niepokalane-Poczecie-2023-44-300x300.jpg 300w\" sizes=\"(max-width: 150px) 100vw, 150px\" \/><\/a>\n\t\t\t<\/div><\/figure><figure class='gallery-item'>\n\t\t\t<div class='gallery-icon landscape'>\n\t\t\t\t<a data-elementor-open-lightbox=\"yes\" data-elementor-lightbox-slideshow=\"7366605\" data-elementor-lightbox-title=\"Niepokalane Pocz\u0119cie 2023 (45)\" data-e-action-hash=\"#elementor-action%3Aaction%3Dlightbox%26settings%3DeyJpZCI6NjIzNTIsInVybCI6Imh0dHBzOlwvXC93d3cubGljaGVuLnBsXC93cC1jb250ZW50XC91cGxvYWRzXC8yMDIzXC8xMlwvTmllcG9rYWxhbmUtUG9jemVjaWUtMjAyMy00NS5qcGciLCJzbGlkZXNob3ciOiI3MzY2NjA1In0%3D\" href='https:\/\/www.lichen.pl\/wp-content\/uploads\/2023\/12\/Niepokalane-Poczecie-2023-45.jpg'><img loading=\"lazy\" width=\"150\" height=\"150\" src=\"https:\/\/www.lichen.pl\/wp-content\/uploads\/2023\/12\/Niepokalane-Poczecie-2023-45-150x150.jpg\" class=\"attachment-thumbnail size-thumbnail\" alt=\"\" decoding=\"async\" srcset=\"https:\/\/www.lichen.pl\/wp-content\/uploads\/2023\/12\/Niepokalane-Poczecie-2023-45-150x150.jpg 150w, https:\/\/www.lichen.pl\/wp-content\/uploads\/2023\/12\/Niepokalane-Poczecie-2023-45-300x300.jpg 300w\" sizes=\"(max-width: 150px) 100vw, 150px\" \/><\/a>\n\t\t\t<\/div><\/figure><figure class='gallery-item'>\n\t\t\t<div class='gallery-icon landscape'>\n\t\t\t\t<a data-elementor-open-lightbox=\"yes\" data-elementor-lightbox-slideshow=\"7366605\" data-elementor-lightbox-title=\"Niepokalane Pocz\u0119cie 2023 (47)\" data-e-action-hash=\"#elementor-action%3Aaction%3Dlightbox%26settings%3DeyJpZCI6NjIzNTQsInVybCI6Imh0dHBzOlwvXC93d3cubGljaGVuLnBsXC93cC1jb250ZW50XC91cGxvYWRzXC8yMDIzXC8xMlwvTmllcG9rYWxhbmUtUG9jemVjaWUtMjAyMy00Ny5qcGciLCJzbGlkZXNob3ciOiI3MzY2NjA1In0%3D\" href='https:\/\/www.lichen.pl\/wp-content\/uploads\/2023\/12\/Niepokalane-Poczecie-2023-47.jpg'><img loading=\"lazy\" width=\"150\" height=\"150\" src=\"https:\/\/www.lichen.pl\/wp-content\/uploads\/2023\/12\/Niepokalane-Poczecie-2023-47-150x150.jpg\" class=\"attachment-thumbnail size-thumbnail\" alt=\"\" decoding=\"async\" srcset=\"https:\/\/www.lichen.pl\/wp-content\/uploads\/2023\/12\/Niepokalane-Poczecie-2023-47-150x150.jpg 150w, https:\/\/www.lichen.pl\/wp-content\/uploads\/2023\/12\/Niepokalane-Poczecie-2023-47-300x300.jpg 300w\" sizes=\"(max-width: 150px) 100vw, 150px\" \/><\/a>\n\t\t\t<\/div><\/figure><figure class='gallery-item'>\n\t\t\t<div class='gallery-icon landscape'>\n\t\t\t\t<a data-elementor-open-lightbox=\"yes\" data-elementor-lightbox-slideshow=\"7366605\" data-elementor-lightbox-title=\"Niepokalane Pocz\u0119cie 2023 (49)\" data-e-action-hash=\"#elementor-action%3Aaction%3Dlightbox%26settings%3DeyJpZCI6NjIzNTYsInVybCI6Imh0dHBzOlwvXC93d3cubGljaGVuLnBsXC93cC1jb250ZW50XC91cGxvYWRzXC8yMDIzXC8xMlwvTmllcG9rYWxhbmUtUG9jemVjaWUtMjAyMy00OS5qcGciLCJzbGlkZXNob3ciOiI3MzY2NjA1In0%3D\" href='https:\/\/www.lichen.pl\/wp-content\/uploads\/2023\/12\/Niepokalane-Poczecie-2023-49.jpg'><img loading=\"lazy\" width=\"150\" height=\"150\" src=\"https:\/\/www.lichen.pl\/wp-content\/uploads\/2023\/12\/Niepokalane-Poczecie-2023-49-150x150.jpg\" class=\"attachment-thumbnail size-thumbnail\" alt=\"\" decoding=\"async\" srcset=\"https:\/\/www.lichen.pl\/wp-content\/uploads\/2023\/12\/Niepokalane-Poczecie-2023-49-150x150.jpg 150w, https:\/\/www.lichen.pl\/wp-content\/uploads\/2023\/12\/Niepokalane-Poczecie-2023-49-300x300.jpg 300w\" sizes=\"(max-width: 150px) 100vw, 150px\" \/><\/a>\n\t\t\t<\/div><\/figure><figure class='gallery-item'>\n\t\t\t<div class='gallery-icon portrait'>\n\t\t\t\t<a data-elementor-open-lightbox=\"yes\" data-elementor-lightbox-slideshow=\"7366605\" data-elementor-lightbox-title=\"Niepokalane Pocz\u0119cie 2023 (50)\" data-e-action-hash=\"#elementor-action%3Aaction%3Dlightbox%26settings%3DeyJpZCI6NjIzNTcsInVybCI6Imh0dHBzOlwvXC93d3cubGljaGVuLnBsXC93cC1jb250ZW50XC91cGxvYWRzXC8yMDIzXC8xMlwvTmllcG9rYWxhbmUtUG9jemVjaWUtMjAyMy01MC5qcGciLCJzbGlkZXNob3ciOiI3MzY2NjA1In0%3D\" href='https:\/\/www.lichen.pl\/wp-content\/uploads\/2023\/12\/Niepokalane-Poczecie-2023-50.jpg'><img loading=\"lazy\" width=\"150\" height=\"150\" src=\"https:\/\/www.lichen.pl\/wp-content\/uploads\/2023\/12\/Niepokalane-Poczecie-2023-50-150x150.jpg\" class=\"attachment-thumbnail size-thumbnail\" alt=\"\" decoding=\"async\" srcset=\"https:\/\/www.lichen.pl\/wp-content\/uploads\/2023\/12\/Niepokalane-Poczecie-2023-50-150x150.jpg 150w, https:\/\/www.lichen.pl\/wp-content\/uploads\/2023\/12\/Niepokalane-Poczecie-2023-50-300x300.jpg 300w\" sizes=\"(max-width: 150px) 100vw, 150px\" \/><\/a>\n\t\t\t<\/div><\/figure><figure class='gallery-item'>\n\t\t\t<div class='gallery-icon portrait'>\n\t\t\t\t<a data-elementor-open-lightbox=\"yes\" data-elementor-lightbox-slideshow=\"7366605\" data-elementor-lightbox-title=\"Niepokalane Pocz\u0119cie 2023 (52)\" data-e-action-hash=\"#elementor-action%3Aaction%3Dlightbox%26settings%3DeyJpZCI6NjIzNTksInVybCI6Imh0dHBzOlwvXC93d3cubGljaGVuLnBsXC93cC1jb250ZW50XC91cGxvYWRzXC8yMDIzXC8xMlwvTmllcG9rYWxhbmUtUG9jemVjaWUtMjAyMy01Mi5qcGciLCJzbGlkZXNob3ciOiI3MzY2NjA1In0%3D\" href='https:\/\/www.lichen.pl\/wp-content\/uploads\/2023\/12\/Niepokalane-Poczecie-2023-52.jpg'><img loading=\"lazy\" width=\"150\" height=\"150\" src=\"https:\/\/www.lichen.pl\/wp-content\/uploads\/2023\/12\/Niepokalane-Poczecie-2023-52-150x150.jpg\" class=\"attachment-thumbnail size-thumbnail\" alt=\"\" decoding=\"async\" srcset=\"https:\/\/www.lichen.pl\/wp-content\/uploads\/2023\/12\/Niepokalane-Poczecie-2023-52-150x150.jpg 150w, https:\/\/www.lichen.pl\/wp-content\/uploads\/2023\/12\/Niepokalane-Poczecie-2023-52-300x300.jpg 300w\" sizes=\"(max-width: 150px) 100vw, 150px\" \/><\/a>\n\t\t\t<\/div><\/figure><figure class='gallery-item'>\n\t\t\t<div class='gallery-icon landscape'>\n\t\t\t\t<a data-elementor-open-lightbox=\"yes\" data-elementor-lightbox-slideshow=\"7366605\" data-elementor-lightbox-title=\"Niepokalane Pocz\u0119cie 2023 (53)\" data-e-action-hash=\"#elementor-action%3Aaction%3Dlightbox%26settings%3DeyJpZCI6NjIzNjAsInVybCI6Imh0dHBzOlwvXC93d3cubGljaGVuLnBsXC93cC1jb250ZW50XC91cGxvYWRzXC8yMDIzXC8xMlwvTmllcG9rYWxhbmUtUG9jemVjaWUtMjAyMy01My5qcGciLCJzbGlkZXNob3ciOiI3MzY2NjA1In0%3D\" href='https:\/\/www.lichen.pl\/wp-content\/uploads\/2023\/12\/Niepokalane-Poczecie-2023-53.jpg'><img loading=\"lazy\" width=\"150\" height=\"150\" src=\"https:\/\/www.lichen.pl\/wp-content\/uploads\/2023\/12\/Niepokalane-Poczecie-2023-53-150x150.jpg\" class=\"attachment-thumbnail size-thumbnail\" alt=\"\" decoding=\"async\" srcset=\"https:\/\/www.lichen.pl\/wp-content\/uploads\/2023\/12\/Niepokalane-Poczecie-2023-53-150x150.jpg 150w, https:\/\/www.lichen.pl\/wp-content\/uploads\/2023\/12\/Niepokalane-Poczecie-2023-53-300x300.jpg 300w\" sizes=\"(max-width: 150px) 100vw, 150px\" \/><\/a>\n\t\t\t<\/div><\/figure><figure class='gallery-item'>\n\t\t\t<div class='gallery-icon portrait'>\n\t\t\t\t<a data-elementor-open-lightbox=\"yes\" data-elementor-lightbox-slideshow=\"7366605\" data-elementor-lightbox-title=\"Niepokalane Pocz\u0119cie 2023 (54)\" data-e-action-hash=\"#elementor-action%3Aaction%3Dlightbox%26settings%3DeyJpZCI6NjIzNjEsInVybCI6Imh0dHBzOlwvXC93d3cubGljaGVuLnBsXC93cC1jb250ZW50XC91cGxvYWRzXC8yMDIzXC8xMlwvTmllcG9rYWxhbmUtUG9jemVjaWUtMjAyMy01NC5qcGciLCJzbGlkZXNob3ciOiI3MzY2NjA1In0%3D\" href='https:\/\/www.lichen.pl\/wp-content\/uploads\/2023\/12\/Niepokalane-Poczecie-2023-54.jpg'><img loading=\"lazy\" width=\"150\" height=\"150\" src=\"https:\/\/www.lichen.pl\/wp-content\/uploads\/2023\/12\/Niepokalane-Poczecie-2023-54-150x150.jpg\" class=\"attachment-thumbnail size-thumbnail\" alt=\"\" decoding=\"async\" srcset=\"https:\/\/www.lichen.pl\/wp-content\/uploads\/2023\/12\/Niepokalane-Poczecie-2023-54-150x150.jpg 150w, https:\/\/www.lichen.pl\/wp-content\/uploads\/2023\/12\/Niepokalane-Poczecie-2023-54-300x300.jpg 300w\" sizes=\"(max-width: 150px) 100vw, 150px\" \/><\/a>\n\t\t\t<\/div><\/figure><figure class='gallery-item'>\n\t\t\t<div class='gallery-icon landscape'>\n\t\t\t\t<a data-elementor-open-lightbox=\"yes\" data-elementor-lightbox-slideshow=\"7366605\" data-elementor-lightbox-title=\"Niepokalane Pocz\u0119cie 2023 (55)\" data-e-action-hash=\"#elementor-action%3Aaction%3Dlightbox%26settings%3DeyJpZCI6NjIzNjIsInVybCI6Imh0dHBzOlwvXC93d3cubGljaGVuLnBsXC93cC1jb250ZW50XC91cGxvYWRzXC8yMDIzXC8xMlwvTmllcG9rYWxhbmUtUG9jemVjaWUtMjAyMy01NS5qcGciLCJzbGlkZXNob3ciOiI3MzY2NjA1In0%3D\" href='https:\/\/www.lichen.pl\/wp-content\/uploads\/2023\/12\/Niepokalane-Poczecie-2023-55.jpg'><img loading=\"lazy\" width=\"150\" height=\"150\" src=\"https:\/\/www.lichen.pl\/wp-content\/uploads\/2023\/12\/Niepokalane-Poczecie-2023-55-150x150.jpg\" class=\"attachment-thumbnail size-thumbnail\" alt=\"\" decoding=\"async\" srcset=\"https:\/\/www.lichen.pl\/wp-content\/uploads\/2023\/12\/Niepokalane-Poczecie-2023-55-150x150.jpg 150w, https:\/\/www.lichen.pl\/wp-content\/uploads\/2023\/12\/Niepokalane-Poczecie-2023-55-300x300.jpg 300w\" sizes=\"(max-width: 150px) 100vw, 150px\" \/><\/a>\n\t\t\t<\/div><\/figure><figure class='gallery-item'>\n\t\t\t<div class='gallery-icon landscape'>\n\t\t\t\t<a data-elementor-open-lightbox=\"yes\" data-elementor-lightbox-slideshow=\"7366605\" data-elementor-lightbox-title=\"Niepokalane Pocz\u0119cie 2023 (56)\" data-e-action-hash=\"#elementor-action%3Aaction%3Dlightbox%26settings%3DeyJpZCI6NjIzNjMsInVybCI6Imh0dHBzOlwvXC93d3cubGljaGVuLnBsXC93cC1jb250ZW50XC91cGxvYWRzXC8yMDIzXC8xMlwvTmllcG9rYWxhbmUtUG9jemVjaWUtMjAyMy01Ni5qcGciLCJzbGlkZXNob3ciOiI3MzY2NjA1In0%3D\" href='https:\/\/www.lichen.pl\/wp-content\/uploads\/2023\/12\/Niepokalane-Poczecie-2023-56.jpg'><img loading=\"lazy\" width=\"150\" height=\"150\" src=\"https:\/\/www.lichen.pl\/wp-content\/uploads\/2023\/12\/Niepokalane-Poczecie-2023-56-150x150.jpg\" class=\"attachment-thumbnail size-thumbnail\" alt=\"\" decoding=\"async\" srcset=\"https:\/\/www.lichen.pl\/wp-content\/uploads\/2023\/12\/Niepokalane-Poczecie-2023-56-150x150.jpg 150w, https:\/\/www.lichen.pl\/wp-content\/uploads\/2023\/12\/Niepokalane-Poczecie-2023-56-300x300.jpg 300w\" sizes=\"(max-width: 150px) 100vw, 150px\" \/><\/a>\n\t\t\t<\/div><\/figure><figure class='gallery-item'>\n\t\t\t<div class='gallery-icon landscape'>\n\t\t\t\t<a data-elementor-open-lightbox=\"yes\" data-elementor-lightbox-slideshow=\"7366605\" data-elementor-lightbox-title=\"Niepokalane Pocz\u0119cie 2023 (58)\" data-e-action-hash=\"#elementor-action%3Aaction%3Dlightbox%26settings%3DeyJpZCI6NjIzNjUsInVybCI6Imh0dHBzOlwvXC93d3cubGljaGVuLnBsXC93cC1jb250ZW50XC91cGxvYWRzXC8yMDIzXC8xMlwvTmllcG9rYWxhbmUtUG9jemVjaWUtMjAyMy01OC5qcGciLCJzbGlkZXNob3ciOiI3MzY2NjA1In0%3D\" href='https:\/\/www.lichen.pl\/wp-content\/uploads\/2023\/12\/Niepokalane-Poczecie-2023-58.jpg'><img loading=\"lazy\" width=\"150\" height=\"150\" src=\"https:\/\/www.lichen.pl\/wp-content\/uploads\/2023\/12\/Niepokalane-Poczecie-2023-58-150x150.jpg\" class=\"attachment-thumbnail size-thumbnail\" alt=\"\" decoding=\"async\" srcset=\"https:\/\/www.lichen.pl\/wp-content\/uploads\/2023\/12\/Niepokalane-Poczecie-2023-58-150x150.jpg 150w, https:\/\/www.lichen.pl\/wp-content\/uploads\/2023\/12\/Niepokalane-Poczecie-2023-58-300x300.jpg 300w\" sizes=\"(max-width: 150px) 100vw, 150px\" \/><\/a>\n\t\t\t<\/div><\/figure><figure class='gallery-item'>\n\t\t\t<div class='gallery-icon landscape'>\n\t\t\t\t<a data-elementor-open-lightbox=\"yes\" data-elementor-lightbox-slideshow=\"7366605\" data-elementor-lightbox-title=\"Niepokalane Pocz\u0119cie 2023 (62)\" data-e-action-hash=\"#elementor-action%3Aaction%3Dlightbox%26settings%3DeyJpZCI6NjIzNjksInVybCI6Imh0dHBzOlwvXC93d3cubGljaGVuLnBsXC93cC1jb250ZW50XC91cGxvYWRzXC8yMDIzXC8xMlwvTmllcG9rYWxhbmUtUG9jemVjaWUtMjAyMy02Mi5qcGciLCJzbGlkZXNob3ciOiI3MzY2NjA1In0%3D\" href='https:\/\/www.lichen.pl\/wp-content\/uploads\/2023\/12\/Niepokalane-Poczecie-2023-62.jpg'><img loading=\"lazy\" width=\"150\" height=\"150\" src=\"https:\/\/www.lichen.pl\/wp-content\/uploads\/2023\/12\/Niepokalane-Poczecie-2023-62-150x150.jpg\" class=\"attachment-thumbnail size-thumbnail\" alt=\"\" decoding=\"async\" srcset=\"https:\/\/www.lichen.pl\/wp-content\/uploads\/2023\/12\/Niepokalane-Poczecie-2023-62-150x150.jpg 150w, https:\/\/www.lichen.pl\/wp-content\/uploads\/2023\/12\/Niepokalane-Poczecie-2023-62-300x300.jpg 300w\" sizes=\"(max-width: 150px) 100vw, 150px\" \/><\/a>\n\t\t\t<\/div><\/figure>\n\t\t<\/div>\n\t\t<\/div>\n\t\t\t\t\t\t<\/div>\n\t\t\t\t<\/div>\n\t\t\t\t\t<\/div>\n\t\t<\/div>\n\t\t\t\t\t<\/div>\n\t\t<\/section>\n\t\t\t\t<\/div>","protected":false},"excerpt":{"rendered":"<p>W uroczysto\u015b\u0107 Niepokalanego Pocz\u0119cia Naj\u015bwi\u0119tszej Maryi Panny marianie uroczy\u015bcie odnowili trzy \u015bluby: czysto\u015bci, ub\u00f3stwa i pos\u0142usze\u0144stwa. 8 grudnia obchodzone jest \u015bwi\u0119to patronalne zgromadzenia opiekuj\u0105cego si\u0119 liche\u0144skim sanktuarium. Z tajemnic\u0105 tego wydarzenia zakonnicy zwi\u0105zali swoje \u017cycie. G\u0142\u00f3wnej mszy, na kt\u00f3rej w bazylice zgromadzi\u0142a si\u0119 liche\u0144ska wsp\u00f3lnota zakonna, przewodniczy\u0142 ks. Eugeniusz Zarzeczny MIC, prze\u0142o\u017cony polskiej prowincji Zgromadzenia [&hellip;]<\/p>\n","protected":false},"author":5,"featured_media":62305,"comment_status":"closed","ping_status":"closed","sticky":false,"template":"","format":"standard","meta":{"footnotes":""},"categories":[1],"tags":[],"class_list":["post-62304","post","type-post","status-publish","format-standard","has-post-thumbnail","hentry","category-aktualnosci","wpbf-post"],"yoast_head":"<!-- This site is optimized with the Yoast SEO plugin v27.4 - https:\/\/yoast.com\/product\/yoast-seo-wordpress\/ -->\n<title>Uroczysto\u015b\u0107 Niepokalanego Pocz\u0119cia Na\u015bwi\u0119tszej Maryi Panny - SANKTUARIUM W LICHENIU<\/title>\n<meta name=\"robots\" content=\"index, follow, max-snippet:-1, max-image-preview:large, max-video-preview:-1\" \/>\n<link rel=\"canonical\" href=\"https:\/\/www.lichen.pl\/es\/uroczystosc-niepokalanego-poczecia-naswietszej-maryi-panny\/\" \/>\n<meta property=\"og:locale\" content=\"es_ES\" \/>\n<meta property=\"og:type\" content=\"article\" \/>\n<meta property=\"og:title\" content=\"Uroczysto\u015b\u0107 Niepokalanego Pocz\u0119cia Na\u015bwi\u0119tszej Maryi Panny - SANKTUARIUM W LICHENIU\" \/>\n<meta property=\"og:description\" content=\"W uroczysto\u015b\u0107 Niepokalanego Pocz\u0119cia Naj\u015bwi\u0119tszej Maryi Panny marianie uroczy\u015bcie odnowili trzy \u015bluby: czysto\u015bci, ub\u00f3stwa i pos\u0142usze\u0144stwa. 8 grudnia obchodzone jest \u015bwi\u0119to patronalne zgromadzenia opiekuj\u0105cego si\u0119 liche\u0144skim sanktuarium. Z tajemnic\u0105 tego wydarzenia zakonnicy zwi\u0105zali swoje \u017cycie. G\u0142\u00f3wnej mszy, na kt\u00f3rej w bazylice zgromadzi\u0142a si\u0119 liche\u0144ska wsp\u00f3lnota zakonna, przewodniczy\u0142 ks. Eugeniusz Zarzeczny MIC, prze\u0142o\u017cony polskiej prowincji Zgromadzenia [&hellip;]\" \/>\n<meta property=\"og:url\" content=\"https:\/\/www.lichen.pl\/es\/uroczystosc-niepokalanego-poczecia-naswietszej-maryi-panny\/\" \/>\n<meta property=\"og:site_name\" content=\"SANKTUARIUM W LICHENIU\" \/>\n<meta property=\"article:published_time\" content=\"2023-12-08T18:47:05+00:00\" \/>\n<meta property=\"article:modified_time\" content=\"2023-12-11T09:22:59+00:00\" \/>\n<meta property=\"og:image\" content=\"https:\/\/www.lichen.pl\/wp-content\/uploads\/2023\/12\/IMG_7578-1024x683.jpg\" \/>\n\t<meta property=\"og:image:width\" content=\"1024\" \/>\n\t<meta property=\"og:image:height\" content=\"683\" \/>\n\t<meta property=\"og:image:type\" content=\"image\/jpeg\" \/>\n<meta name=\"author\" content=\"Justyna Zacharek\" \/>\n<meta name=\"twitter:card\" content=\"summary_large_image\" \/>\n<meta name=\"twitter:label1\" content=\"Escrito por\" \/>\n\t<meta name=\"twitter:data1\" content=\"Justyna Zacharek\" \/>\n\t<meta name=\"twitter:label2\" content=\"Tiempo de lectura\" \/>\n\t<meta name=\"twitter:data2\" content=\"13 minutos\" \/>\n<script type=\"application\/ld+json\" class=\"yoast-schema-graph\">{\"@context\":\"https:\\\/\\\/schema.org\",\"@graph\":[{\"@type\":\"Article\",\"@id\":\"https:\\\/\\\/www.lichen.pl\\\/uroczystosc-niepokalanego-poczecia-naswietszej-maryi-panny\\\/#article\",\"isPartOf\":{\"@id\":\"https:\\\/\\\/www.lichen.pl\\\/uroczystosc-niepokalanego-poczecia-naswietszej-maryi-panny\\\/\"},\"author\":{\"name\":\"Justyna Zacharek\",\"@id\":\"https:\\\/\\\/www.lichen.pl\\\/fr\\\/#\\\/schema\\\/person\\\/9f57a1408d363022abd305da0323b703\"},\"headline\":\"Uroczysto\u015b\u0107 Niepokalanego Pocz\u0119cia Na\u015bwi\u0119tszej Maryi Panny\",\"datePublished\":\"2023-12-08T18:47:05+00:00\",\"dateModified\":\"2023-12-11T09:22:59+00:00\",\"mainEntityOfPage\":{\"@id\":\"https:\\\/\\\/www.lichen.pl\\\/uroczystosc-niepokalanego-poczecia-naswietszej-maryi-panny\\\/\"},\"wordCount\":571,\"image\":{\"@id\":\"https:\\\/\\\/www.lichen.pl\\\/uroczystosc-niepokalanego-poczecia-naswietszej-maryi-panny\\\/#primaryimage\"},\"thumbnailUrl\":\"https:\\\/\\\/www.lichen.pl\\\/wp-content\\\/uploads\\\/2023\\\/12\\\/IMG_7578.jpg\",\"articleSection\":[\"Aktualno\u015bci\"],\"inLanguage\":\"es\"},{\"@type\":\"WebPage\",\"@id\":\"https:\\\/\\\/www.lichen.pl\\\/uroczystosc-niepokalanego-poczecia-naswietszej-maryi-panny\\\/\",\"url\":\"https:\\\/\\\/www.lichen.pl\\\/uroczystosc-niepokalanego-poczecia-naswietszej-maryi-panny\\\/\",\"name\":\"Uroczysto\u015b\u0107 Niepokalanego Pocz\u0119cia Na\u015bwi\u0119tszej Maryi Panny - SANKTUARIUM W LICHENIU\",\"isPartOf\":{\"@id\":\"https:\\\/\\\/www.lichen.pl\\\/fr\\\/#website\"},\"primaryImageOfPage\":{\"@id\":\"https:\\\/\\\/www.lichen.pl\\\/uroczystosc-niepokalanego-poczecia-naswietszej-maryi-panny\\\/#primaryimage\"},\"image\":{\"@id\":\"https:\\\/\\\/www.lichen.pl\\\/uroczystosc-niepokalanego-poczecia-naswietszej-maryi-panny\\\/#primaryimage\"},\"thumbnailUrl\":\"https:\\\/\\\/www.lichen.pl\\\/wp-content\\\/uploads\\\/2023\\\/12\\\/IMG_7578.jpg\",\"datePublished\":\"2023-12-08T18:47:05+00:00\",\"dateModified\":\"2023-12-11T09:22:59+00:00\",\"author\":{\"@id\":\"https:\\\/\\\/www.lichen.pl\\\/fr\\\/#\\\/schema\\\/person\\\/9f57a1408d363022abd305da0323b703\"},\"breadcrumb\":{\"@id\":\"https:\\\/\\\/www.lichen.pl\\\/uroczystosc-niepokalanego-poczecia-naswietszej-maryi-panny\\\/#breadcrumb\"},\"inLanguage\":\"es\",\"potentialAction\":[{\"@type\":\"ReadAction\",\"target\":[\"https:\\\/\\\/www.lichen.pl\\\/uroczystosc-niepokalanego-poczecia-naswietszej-maryi-panny\\\/\"]}]},{\"@type\":\"ImageObject\",\"inLanguage\":\"es\",\"@id\":\"https:\\\/\\\/www.lichen.pl\\\/uroczystosc-niepokalanego-poczecia-naswietszej-maryi-panny\\\/#primaryimage\",\"url\":\"https:\\\/\\\/www.lichen.pl\\\/wp-content\\\/uploads\\\/2023\\\/12\\\/IMG_7578.jpg\",\"contentUrl\":\"https:\\\/\\\/www.lichen.pl\\\/wp-content\\\/uploads\\\/2023\\\/12\\\/IMG_7578.jpg\",\"width\":1920,\"height\":1280},{\"@type\":\"BreadcrumbList\",\"@id\":\"https:\\\/\\\/www.lichen.pl\\\/uroczystosc-niepokalanego-poczecia-naswietszej-maryi-panny\\\/#breadcrumb\",\"itemListElement\":[{\"@type\":\"ListItem\",\"position\":1,\"name\":\"Strona g\u0142\u00f3wna\",\"item\":\"https:\\\/\\\/www.lichen.pl\\\/\"},{\"@type\":\"ListItem\",\"position\":2,\"name\":\"Uroczysto\u015b\u0107 Niepokalanego Pocz\u0119cia Na\u015bwi\u0119tszej Maryi Panny\"}]},{\"@type\":\"WebSite\",\"@id\":\"https:\\\/\\\/www.lichen.pl\\\/fr\\\/#website\",\"url\":\"https:\\\/\\\/www.lichen.pl\\\/fr\\\/\",\"name\":\"SANKTUARIUM W LICHENIU\",\"description\":\"MATKI BO\u017bEJ LICHE\u0143SKIEJ BOLESNEJ KR\u00d3LOWEJ POLSKI\",\"potentialAction\":[{\"@type\":\"SearchAction\",\"target\":{\"@type\":\"EntryPoint\",\"urlTemplate\":\"https:\\\/\\\/www.lichen.pl\\\/fr\\\/?s={search_term_string}\"},\"query-input\":{\"@type\":\"PropertyValueSpecification\",\"valueRequired\":true,\"valueName\":\"search_term_string\"}}],\"inLanguage\":\"es\"},{\"@type\":\"Person\",\"@id\":\"https:\\\/\\\/www.lichen.pl\\\/fr\\\/#\\\/schema\\\/person\\\/9f57a1408d363022abd305da0323b703\",\"name\":\"Justyna Zacharek\",\"image\":{\"@type\":\"ImageObject\",\"inLanguage\":\"es\",\"@id\":\"https:\\\/\\\/secure.gravatar.com\\\/avatar\\\/7be193626a4fb4d6a7d53a7686c3bbf938efff653c427e0182457b838e9d2c3b?s=96&d=retro&r=g\",\"url\":\"https:\\\/\\\/secure.gravatar.com\\\/avatar\\\/7be193626a4fb4d6a7d53a7686c3bbf938efff653c427e0182457b838e9d2c3b?s=96&d=retro&r=g\",\"contentUrl\":\"https:\\\/\\\/secure.gravatar.com\\\/avatar\\\/7be193626a4fb4d6a7d53a7686c3bbf938efff653c427e0182457b838e9d2c3b?s=96&d=retro&r=g\",\"caption\":\"Justyna Zacharek\"},\"url\":\"https:\\\/\\\/www.lichen.pl\\\/es\\\/author\\\/justyna\\\/\"}]}<\/script>\n<!-- \/ Yoast SEO plugin. -->","yoast_head_json":{"title":"Uroczysto\u015b\u0107 Niepokalanego Pocz\u0119cia Na\u015bwi\u0119tszej Maryi Panny - SANKTUARIUM W LICHENIU","robots":{"index":"index","follow":"follow","max-snippet":"max-snippet:-1","max-image-preview":"max-image-preview:large","max-video-preview":"max-video-preview:-1"},"canonical":"https:\/\/www.lichen.pl\/es\/uroczystosc-niepokalanego-poczecia-naswietszej-maryi-panny\/","og_locale":"es_ES","og_type":"article","og_title":"Uroczysto\u015b\u0107 Niepokalanego Pocz\u0119cia Na\u015bwi\u0119tszej Maryi Panny - SANKTUARIUM W LICHENIU","og_description":"W uroczysto\u015b\u0107 Niepokalanego Pocz\u0119cia Naj\u015bwi\u0119tszej Maryi Panny marianie uroczy\u015bcie odnowili trzy \u015bluby: czysto\u015bci, ub\u00f3stwa i pos\u0142usze\u0144stwa. 8 grudnia obchodzone jest \u015bwi\u0119to patronalne zgromadzenia opiekuj\u0105cego si\u0119 liche\u0144skim sanktuarium. Z tajemnic\u0105 tego wydarzenia zakonnicy zwi\u0105zali swoje \u017cycie. G\u0142\u00f3wnej mszy, na kt\u00f3rej w bazylice zgromadzi\u0142a si\u0119 liche\u0144ska wsp\u00f3lnota zakonna, przewodniczy\u0142 ks. Eugeniusz Zarzeczny MIC, prze\u0142o\u017cony polskiej prowincji Zgromadzenia [&hellip;]","og_url":"https:\/\/www.lichen.pl\/es\/uroczystosc-niepokalanego-poczecia-naswietszej-maryi-panny\/","og_site_name":"SANKTUARIUM W LICHENIU","article_published_time":"2023-12-08T18:47:05+00:00","article_modified_time":"2023-12-11T09:22:59+00:00","og_image":[{"width":1024,"height":683,"url":"https:\/\/www.lichen.pl\/wp-content\/uploads\/2023\/12\/IMG_7578-1024x683.jpg","type":"image\/jpeg"}],"author":"Justyna Zacharek","twitter_card":"summary_large_image","twitter_misc":{"Escrito por":"Justyna Zacharek","Tiempo de lectura":"13 minutos"},"schema":{"@context":"https:\/\/schema.org","@graph":[{"@type":"Article","@id":"https:\/\/www.lichen.pl\/uroczystosc-niepokalanego-poczecia-naswietszej-maryi-panny\/#article","isPartOf":{"@id":"https:\/\/www.lichen.pl\/uroczystosc-niepokalanego-poczecia-naswietszej-maryi-panny\/"},"author":{"name":"Justyna Zacharek","@id":"https:\/\/www.lichen.pl\/fr\/#\/schema\/person\/9f57a1408d363022abd305da0323b703"},"headline":"Uroczysto\u015b\u0107 Niepokalanego Pocz\u0119cia Na\u015bwi\u0119tszej Maryi Panny","datePublished":"2023-12-08T18:47:05+00:00","dateModified":"2023-12-11T09:22:59+00:00","mainEntityOfPage":{"@id":"https:\/\/www.lichen.pl\/uroczystosc-niepokalanego-poczecia-naswietszej-maryi-panny\/"},"wordCount":571,"image":{"@id":"https:\/\/www.lichen.pl\/uroczystosc-niepokalanego-poczecia-naswietszej-maryi-panny\/#primaryimage"},"thumbnailUrl":"https:\/\/www.lichen.pl\/wp-content\/uploads\/2023\/12\/IMG_7578.jpg","articleSection":["Aktualno\u015bci"],"inLanguage":"es"},{"@type":"WebPage","@id":"https:\/\/www.lichen.pl\/uroczystosc-niepokalanego-poczecia-naswietszej-maryi-panny\/","url":"https:\/\/www.lichen.pl\/uroczystosc-niepokalanego-poczecia-naswietszej-maryi-panny\/","name":"Uroczysto\u015b\u0107 Niepokalanego Pocz\u0119cia Na\u015bwi\u0119tszej Maryi Panny - SANKTUARIUM W LICHENIU","isPartOf":{"@id":"https:\/\/www.lichen.pl\/fr\/#website"},"primaryImageOfPage":{"@id":"https:\/\/www.lichen.pl\/uroczystosc-niepokalanego-poczecia-naswietszej-maryi-panny\/#primaryimage"},"image":{"@id":"https:\/\/www.lichen.pl\/uroczystosc-niepokalanego-poczecia-naswietszej-maryi-panny\/#primaryimage"},"thumbnailUrl":"https:\/\/www.lichen.pl\/wp-content\/uploads\/2023\/12\/IMG_7578.jpg","datePublished":"2023-12-08T18:47:05+00:00","dateModified":"2023-12-11T09:22:59+00:00","author":{"@id":"https:\/\/www.lichen.pl\/fr\/#\/schema\/person\/9f57a1408d363022abd305da0323b703"},"breadcrumb":{"@id":"https:\/\/www.lichen.pl\/uroczystosc-niepokalanego-poczecia-naswietszej-maryi-panny\/#breadcrumb"},"inLanguage":"es","potentialAction":[{"@type":"ReadAction","target":["https:\/\/www.lichen.pl\/uroczystosc-niepokalanego-poczecia-naswietszej-maryi-panny\/"]}]},{"@type":"ImageObject","inLanguage":"es","@id":"https:\/\/www.lichen.pl\/uroczystosc-niepokalanego-poczecia-naswietszej-maryi-panny\/#primaryimage","url":"https:\/\/www.lichen.pl\/wp-content\/uploads\/2023\/12\/IMG_7578.jpg","contentUrl":"https:\/\/www.lichen.pl\/wp-content\/uploads\/2023\/12\/IMG_7578.jpg","width":1920,"height":1280},{"@type":"BreadcrumbList","@id":"https:\/\/www.lichen.pl\/uroczystosc-niepokalanego-poczecia-naswietszej-maryi-panny\/#breadcrumb","itemListElement":[{"@type":"ListItem","position":1,"name":"Strona g\u0142\u00f3wna","item":"https:\/\/www.lichen.pl\/"},{"@type":"ListItem","position":2,"name":"Uroczysto\u015b\u0107 Niepokalanego Pocz\u0119cia Na\u015bwi\u0119tszej Maryi Panny"}]},{"@type":"WebSite","@id":"https:\/\/www.lichen.pl\/fr\/#website","url":"https:\/\/www.lichen.pl\/fr\/","name":"SANTUARIO EN LICHENIA","description":"LA DOLOROSA REINA DE POLONIA DE NUESTRO LICHEN","potentialAction":[{"@type":"SearchAction","target":{"@type":"EntryPoint","urlTemplate":"https:\/\/www.lichen.pl\/fr\/?s={search_term_string}"},"query-input":{"@type":"PropertyValueSpecification","valueRequired":true,"valueName":"search_term_string"}}],"inLanguage":"es"},{"@type":"Person","@id":"https:\/\/www.lichen.pl\/fr\/#\/schema\/person\/9f57a1408d363022abd305da0323b703","name":"Justyna Zacharek","image":{"@type":"ImageObject","inLanguage":"es","@id":"https:\/\/secure.gravatar.com\/avatar\/7be193626a4fb4d6a7d53a7686c3bbf938efff653c427e0182457b838e9d2c3b?s=96&d=retro&r=g","url":"https:\/\/secure.gravatar.com\/avatar\/7be193626a4fb4d6a7d53a7686c3bbf938efff653c427e0182457b838e9d2c3b?s=96&d=retro&r=g","contentUrl":"https:\/\/secure.gravatar.com\/avatar\/7be193626a4fb4d6a7d53a7686c3bbf938efff653c427e0182457b838e9d2c3b?s=96&d=retro&r=g","caption":"Justyna Zacharek"},"url":"https:\/\/www.lichen.pl\/es\/author\/justyna\/"}]}},"_links":{"self":[{"href":"https:\/\/www.lichen.pl\/es\/wp-json\/wp\/v2\/posts\/62304","targetHints":{"allow":["GET"]}}],"collection":[{"href":"https:\/\/www.lichen.pl\/es\/wp-json\/wp\/v2\/posts"}],"about":[{"href":"https:\/\/www.lichen.pl\/es\/wp-json\/wp\/v2\/types\/post"}],"author":[{"embeddable":true,"href":"https:\/\/www.lichen.pl\/es\/wp-json\/wp\/v2\/users\/5"}],"replies":[{"embeddable":true,"href":"https:\/\/www.lichen.pl\/es\/wp-json\/wp\/v2\/comments?post=62304"}],"version-history":[{"count":7,"href":"https:\/\/www.lichen.pl\/es\/wp-json\/wp\/v2\/posts\/62304\/revisions"}],"predecessor-version":[{"id":62417,"href":"https:\/\/www.lichen.pl\/es\/wp-json\/wp\/v2\/posts\/62304\/revisions\/62417"}],"wp:featuredmedia":[{"embeddable":true,"href":"https:\/\/www.lichen.pl\/es\/wp-json\/wp\/v2\/media\/62305"}],"wp:attachment":[{"href":"https:\/\/www.lichen.pl\/es\/wp-json\/wp\/v2\/media?parent=62304"}],"wp:term":[{"taxonomy":"category","embeddable":true,"href":"https:\/\/www.lichen.pl\/es\/wp-json\/wp\/v2\/categories?post=62304"},{"taxonomy":"post_tag","embeddable":true,"href":"https:\/\/www.lichen.pl\/es\/wp-json\/wp\/v2\/tags?post=62304"}],"curies":[{"name":"wp","href":"https:\/\/api.w.org\/{rel}","templated":true}]}}