{"id":73891,"date":"2024-08-31T19:31:36","date_gmt":"2024-08-31T17:31:36","guid":{"rendered":"https:\/\/www.lichen.pl\/?p=73891"},"modified":"2024-09-05T11:33:14","modified_gmt":"2024-09-05T09:33:14","slug":"dla-niej-koncert-marcina-stycznia","status":"publish","type":"post","link":"https:\/\/www.lichen.pl\/es\/dla-niej-koncert-marcina-stycznia\/","title":{"rendered":"&#8220;Dla Niej&#8230;&#8221; &#8211; Koncert Marcina Stycznia"},"content":{"rendered":"<div data-elementor-type=\"wp-post\" data-elementor-id=\"73891\" class=\"elementor elementor-73891\" data-elementor-post-type=\"post\">\n\t\t\t\t\t\t<section class=\"elementor-section elementor-top-section elementor-element elementor-element-900c652 elementor-section-boxed elementor-section-height-default elementor-section-height-default\" data-id=\"900c652\" data-element_type=\"section\" data-e-type=\"section\">\n\t\t\t\t\t\t<div class=\"elementor-container elementor-column-gap-default\">\n\t\t\t\t\t<div class=\"elementor-column elementor-col-100 elementor-top-column elementor-element elementor-element-c1a89bd\" data-id=\"c1a89bd\" data-element_type=\"column\" data-e-type=\"column\">\n\t\t\t<div class=\"elementor-widget-wrap elementor-element-populated\">\n\t\t\t\t\t\t<div class=\"elementor-element elementor-element-0937b1d elementor-widget elementor-widget-heading\" data-id=\"0937b1d\" data-element_type=\"widget\" data-e-type=\"widget\" data-widget_type=\"heading.default\">\n\t\t\t\t<div class=\"elementor-widget-container\">\n\t\t\t\t\t<h2 class=\"elementor-heading-title elementor-size-default\">\u2013 Zapraszam ludzi, aby wyruszyli w podr\u00f3\u017c, kt\u00f3ra nie tyle wiedzie w gor\u0119, co wiedzie w g\u0142\u0105b \u2013 m\u00f3wi\u0142 Marcin Stycze\u0144, wykonawca koncertu, kt\u00f3ry odby\u0142 si\u0119 w ostatni\u0105 sobot\u0119 sierpnia w sanktuarium Matki Bo\u017cej Liche\u0144skiej. <\/h2>\t\t\t\t<\/div>\n\t\t\t\t<\/div>\n\t\t\t\t\t<\/div>\n\t\t<\/div>\n\t\t\t\t\t<\/div>\n\t\t<\/section>\n\t\t\t\t<section class=\"elementor-section elementor-top-section elementor-element elementor-element-4ec3889 elementor-section-boxed elementor-section-height-default elementor-section-height-default\" data-id=\"4ec3889\" data-element_type=\"section\" data-e-type=\"section\">\n\t\t\t\t\t\t<div class=\"elementor-container elementor-column-gap-default\">\n\t\t\t\t\t<div class=\"elementor-column elementor-col-100 elementor-top-column elementor-element elementor-element-4a5252f\" data-id=\"4a5252f\" data-element_type=\"column\" data-e-type=\"column\">\n\t\t\t<div class=\"elementor-widget-wrap elementor-element-populated\">\n\t\t\t\t\t\t<div class=\"elementor-element elementor-element-ec7dd83 elementor-widget elementor-widget-text-editor\" data-id=\"ec7dd83\" data-element_type=\"widget\" data-e-type=\"widget\" data-widget_type=\"text-editor.default\">\n\t\t\t\t<div class=\"elementor-widget-container\">\n\t\t\t\t\t\t\t\t\t<p>\u201eJak fala ku morzu, tak ja ku Tobie, Dobry Bo\u017ce, prosz\u0119, otw\u00f3rz oczy moje, bym wreszcie przejrza\u0142 Twoimi oczami, bym si\u0119 nie \u015bciga\u0142 ju\u017c wi\u0119cej z innymi falami\u201d \u015bpiewa\u0142 Marcin Stycze\u0144 w autorskiej piosence \u201eFala jest morzem\u201d. Podczas koncertu mo\u017cna by\u0142o us\u0142ysze\u0107 piosenki zrodzone z do\u015bwiadczenia medytacji chrze\u015bcija\u0144skiej, m.in. \u201eNa dwa g\u0142osy\u201d. Nie zabrak\u0142o pie\u015bni skierowanej do Maryi, kt\u00f3rej dedykowany by\u0142 koncert. Zabrzmia\u0142a jedna z najbardziej popularnych kompozycji Marcina Stycznia \u201eMadonna od popapra\u0144c\u00f3w\u201d.\u00a0 \u2013 Ta piosenka trafi\u0142a do schronisk i na pielgrzymki. Co roku dostaj\u0119 nagrania od grup pielgrzymkowych, kt\u00f3re z ni\u0105 na ustach wchodz\u0105 na Jasn\u0105 G\u00f3r\u0119 \u2013 m\u00f3wi\u0142 o utworze sam artysta. Marcin Stycze\u0144 za\u015bpiewa\u0142 tak\u017ce znane pie\u015bni kanadyjskiego barda \u2013 Leonarda Cohena w autorskim t\u0142umaczeniu wykonawcy, m.in. \u201eWe\u017a sw\u00f3j ster\u201d, \u201eAmen\u201d. Pie\u015bniarzowi towarzyszy\u0142 gitarzyst\u00ada \u2013 Tomasz Pfeiffer.<\/p><p>Koncert poezji \u015bpiewanej \u201eDla Niej\u2026\u201d zgromadzi\u0142 w ogrodzie nieopodal domu pielgrzyma Arka liczn\u0105 publiczno\u015b\u0107. Specjalnie na koncert przyjechali fani artysty m.in. Konina, Kutna czy P\u0142ocka. Zebranych zachwyci\u0142y g\u0142\u0119bokie, daj\u0105ce do my\u015blenia teksty ale tak\u017ce przejmuj\u0105cy, ciep\u0142y g\u0142os wykonawcy. Koncert by\u0142 okazj\u0105 do refleksji w wyj\u0105tkowo pi\u0119knym otoczeniu barwnej ro\u015blinno\u015bci liche\u0144skich ogrod\u00f3w. \u2013 Poezja \u015bpiewana jest o nas, naszych trudach i rado\u015bciach \u2013 m\u00f3wi\u0142a Maria Nowakowska, organizatorka wydarzenia, dzi\u0119kuj\u0105c wykonawcom.<\/p><p>Marcin Stycze\u0144 to pie\u015bniarz, kompozytor i autor tekst\u00f3w. Jego artystyczny dorobek stanowi dwana\u015bcie p\u0142yt. Pi\u0119\u0107 z nich stworzy\u0142 wsp\u00f3lnie z poet\u0105, Ernestem Bryllem. Wykonawca, jak sam o sobie m\u00f3wi, jest artyst\u0105 niezale\u017cnym od wielkich wytw\u00f3rni, m\u00f3d i dyktatury mainstreamowych medi\u00f3w. Zale\u017cny za to od swoich s\u0142uchaczy.<\/p>\t\t\t\t\t\t\t\t<\/div>\n\t\t\t\t<\/div>\n\t\t\t\t\t<\/div>\n\t\t<\/div>\n\t\t\t\t\t<\/div>\n\t\t<\/section>\n\t\t\t\t<section class=\"elementor-section elementor-top-section elementor-element elementor-element-9665c5e elementor-section-boxed elementor-section-height-default elementor-section-height-default\" data-id=\"9665c5e\" data-element_type=\"section\" data-e-type=\"section\">\n\t\t\t\t\t\t<div class=\"elementor-container elementor-column-gap-default\">\n\t\t\t\t\t<div class=\"elementor-column elementor-col-100 elementor-top-column elementor-element elementor-element-ee0bff0\" data-id=\"ee0bff0\" data-element_type=\"column\" data-e-type=\"column\">\n\t\t\t<div class=\"elementor-widget-wrap\">\n\t\t\t\t\t\t\t<\/div>\n\t\t<\/div>\n\t\t\t\t\t<\/div>\n\t\t<\/section>\n\t\t\t\t<section class=\"elementor-section elementor-top-section elementor-element elementor-element-37faf3e elementor-section-boxed elementor-section-height-default elementor-section-height-default\" data-id=\"37faf3e\" data-element_type=\"section\" data-e-type=\"section\">\n\t\t\t\t\t\t<div class=\"elementor-container elementor-column-gap-default\">\n\t\t\t\t\t<div class=\"elementor-column elementor-col-100 elementor-top-column elementor-element elementor-element-a359b4f\" data-id=\"a359b4f\" data-element_type=\"column\" data-e-type=\"column\">\n\t\t\t<div class=\"elementor-widget-wrap elementor-element-populated\">\n\t\t\t\t\t\t<div class=\"elementor-element elementor-element-368a7cf elementor-widget elementor-widget-image-gallery\" data-id=\"368a7cf\" data-element_type=\"widget\" data-e-type=\"widget\" data-widget_type=\"image-gallery.default\">\n\t\t\t\t<div class=\"elementor-widget-container\">\n\t\t\t\t\t\t\t<div class=\"elementor-image-gallery\">\n\t\t\t\n<a data-elementor-open-lightbox=\"yes\" data-elementor-lightbox-slideshow=\"368a7cf\" data-elementor-lightbox-title=\"Koncert Marcin Stycze\u0144 LICHE\u0143 (13)\" data-e-action-hash=\"#elementor-action%3Aaction%3Dlightbox%26settings%3DeyJpZCI6NzM5MTQsInVybCI6Imh0dHBzOlwvXC93d3cubGljaGVuLnBsXC93cC1jb250ZW50XC91cGxvYWRzXC8yMDI0XC8wOFwvS29uY2VydC1NYXJjaW4tU3R5Y3plbi1MSUNIRU4tMTMuanBnIiwic2xpZGVzaG93IjoiMzY4YTdjZiJ9\" href='https:\/\/www.lichen.pl\/wp-content\/uploads\/2024\/08\/Koncert-Marcin-Styczen-LICHEN-13.jpg'><img decoding=\"async\" width=\"150\" height=\"150\" src=\"https:\/\/www.lichen.pl\/wp-content\/uploads\/2024\/08\/Koncert-Marcin-Styczen-LICHEN-13-150x150.jpg\" class=\"attachment-thumbnail size-thumbnail\" alt=\"\" srcset=\"https:\/\/www.lichen.pl\/wp-content\/uploads\/2024\/08\/Koncert-Marcin-Styczen-LICHEN-13-150x150.jpg 150w, https:\/\/www.lichen.pl\/wp-content\/uploads\/2024\/08\/Koncert-Marcin-Styczen-LICHEN-13-300x300.jpg 300w\" sizes=\"(max-width: 150px) 100vw, 150px\" \/><\/a>\n<a data-elementor-open-lightbox=\"yes\" data-elementor-lightbox-slideshow=\"368a7cf\" data-elementor-lightbox-title=\"Koncert Marcin Stycze\u0144 LICHE\u0143 (14)\" data-e-action-hash=\"#elementor-action%3Aaction%3Dlightbox%26settings%3DeyJpZCI6NzM5MTUsInVybCI6Imh0dHBzOlwvXC93d3cubGljaGVuLnBsXC93cC1jb250ZW50XC91cGxvYWRzXC8yMDI0XC8wOFwvS29uY2VydC1NYXJjaW4tU3R5Y3plbi1MSUNIRU4tMTQuanBnIiwic2xpZGVzaG93IjoiMzY4YTdjZiJ9\" href='https:\/\/www.lichen.pl\/wp-content\/uploads\/2024\/08\/Koncert-Marcin-Styczen-LICHEN-14.jpg'><img decoding=\"async\" width=\"150\" height=\"150\" src=\"https:\/\/www.lichen.pl\/wp-content\/uploads\/2024\/08\/Koncert-Marcin-Styczen-LICHEN-14-150x150.jpg\" class=\"attachment-thumbnail size-thumbnail\" alt=\"\" srcset=\"https:\/\/www.lichen.pl\/wp-content\/uploads\/2024\/08\/Koncert-Marcin-Styczen-LICHEN-14-150x150.jpg 150w, https:\/\/www.lichen.pl\/wp-content\/uploads\/2024\/08\/Koncert-Marcin-Styczen-LICHEN-14-300x300.jpg 300w\" sizes=\"(max-width: 150px) 100vw, 150px\" \/><\/a>\n<a data-elementor-open-lightbox=\"yes\" data-elementor-lightbox-slideshow=\"368a7cf\" data-elementor-lightbox-title=\"Koncert Marcin Stycze\u0144 LICHE\u0143 (1)\" data-e-action-hash=\"#elementor-action%3Aaction%3Dlightbox%26settings%3DeyJpZCI6NzM5MDIsInVybCI6Imh0dHBzOlwvXC93d3cubGljaGVuLnBsXC93cC1jb250ZW50XC91cGxvYWRzXC8yMDI0XC8wOFwvS29uY2VydC1NYXJjaW4tU3R5Y3plbi1MSUNIRU4tMS5qcGciLCJzbGlkZXNob3ciOiIzNjhhN2NmIn0%3D\" href='https:\/\/www.lichen.pl\/wp-content\/uploads\/2024\/08\/Koncert-Marcin-Styczen-LICHEN-1.jpg'><img decoding=\"async\" width=\"150\" height=\"150\" src=\"https:\/\/www.lichen.pl\/wp-content\/uploads\/2024\/08\/Koncert-Marcin-Styczen-LICHEN-1-150x150.jpg\" class=\"attachment-thumbnail size-thumbnail\" alt=\"\" srcset=\"https:\/\/www.lichen.pl\/wp-content\/uploads\/2024\/08\/Koncert-Marcin-Styczen-LICHEN-1-150x150.jpg 150w, https:\/\/www.lichen.pl\/wp-content\/uploads\/2024\/08\/Koncert-Marcin-Styczen-LICHEN-1-300x300.jpg 300w\" sizes=\"(max-width: 150px) 100vw, 150px\" \/><\/a>\n<a data-elementor-open-lightbox=\"yes\" data-elementor-lightbox-slideshow=\"368a7cf\" data-elementor-lightbox-title=\"Koncert Marcin Stycze\u0144 LICHE\u0143 (2)\" data-e-action-hash=\"#elementor-action%3Aaction%3Dlightbox%26settings%3DeyJpZCI6NzM5MDMsInVybCI6Imh0dHBzOlwvXC93d3cubGljaGVuLnBsXC93cC1jb250ZW50XC91cGxvYWRzXC8yMDI0XC8wOFwvS29uY2VydC1NYXJjaW4tU3R5Y3plbi1MSUNIRU4tMi5qcGciLCJzbGlkZXNob3ciOiIzNjhhN2NmIn0%3D\" href='https:\/\/www.lichen.pl\/wp-content\/uploads\/2024\/08\/Koncert-Marcin-Styczen-LICHEN-2.jpg'><img loading=\"lazy\" decoding=\"async\" width=\"150\" height=\"150\" src=\"https:\/\/www.lichen.pl\/wp-content\/uploads\/2024\/08\/Koncert-Marcin-Styczen-LICHEN-2-150x150.jpg\" class=\"attachment-thumbnail size-thumbnail\" alt=\"\" srcset=\"https:\/\/www.lichen.pl\/wp-content\/uploads\/2024\/08\/Koncert-Marcin-Styczen-LICHEN-2-150x150.jpg 150w, https:\/\/www.lichen.pl\/wp-content\/uploads\/2024\/08\/Koncert-Marcin-Styczen-LICHEN-2-300x300.jpg 300w\" sizes=\"(max-width: 150px) 100vw, 150px\" \/><\/a>\n<a data-elementor-open-lightbox=\"yes\" data-elementor-lightbox-slideshow=\"368a7cf\" data-elementor-lightbox-title=\"Koncert Marcin Stycze\u0144 LICHE\u0143 (3)\" data-e-action-hash=\"#elementor-action%3Aaction%3Dlightbox%26settings%3DeyJpZCI6NzM5MDQsInVybCI6Imh0dHBzOlwvXC93d3cubGljaGVuLnBsXC93cC1jb250ZW50XC91cGxvYWRzXC8yMDI0XC8wOFwvS29uY2VydC1NYXJjaW4tU3R5Y3plbi1MSUNIRU4tMy5qcGciLCJzbGlkZXNob3ciOiIzNjhhN2NmIn0%3D\" href='https:\/\/www.lichen.pl\/wp-content\/uploads\/2024\/08\/Koncert-Marcin-Styczen-LICHEN-3.jpg'><img loading=\"lazy\" decoding=\"async\" width=\"150\" height=\"150\" src=\"https:\/\/www.lichen.pl\/wp-content\/uploads\/2024\/08\/Koncert-Marcin-Styczen-LICHEN-3-150x150.jpg\" class=\"attachment-thumbnail size-thumbnail\" alt=\"\" srcset=\"https:\/\/www.lichen.pl\/wp-content\/uploads\/2024\/08\/Koncert-Marcin-Styczen-LICHEN-3-150x150.jpg 150w, https:\/\/www.lichen.pl\/wp-content\/uploads\/2024\/08\/Koncert-Marcin-Styczen-LICHEN-3-300x300.jpg 300w\" sizes=\"(max-width: 150px) 100vw, 150px\" \/><\/a>\n<a data-elementor-open-lightbox=\"yes\" data-elementor-lightbox-slideshow=\"368a7cf\" data-elementor-lightbox-title=\"Koncert Marcin Stycze\u0144 LICHE\u0143 (4)\" data-e-action-hash=\"#elementor-action%3Aaction%3Dlightbox%26settings%3DeyJpZCI6NzM5MDUsInVybCI6Imh0dHBzOlwvXC93d3cubGljaGVuLnBsXC93cC1jb250ZW50XC91cGxvYWRzXC8yMDI0XC8wOFwvS29uY2VydC1NYXJjaW4tU3R5Y3plbi1MSUNIRU4tNC5qcGciLCJzbGlkZXNob3ciOiIzNjhhN2NmIn0%3D\" href='https:\/\/www.lichen.pl\/wp-content\/uploads\/2024\/08\/Koncert-Marcin-Styczen-LICHEN-4.jpg'><img loading=\"lazy\" decoding=\"async\" width=\"150\" height=\"150\" src=\"https:\/\/www.lichen.pl\/wp-content\/uploads\/2024\/08\/Koncert-Marcin-Styczen-LICHEN-4-150x150.jpg\" class=\"attachment-thumbnail size-thumbnail\" alt=\"\" srcset=\"https:\/\/www.lichen.pl\/wp-content\/uploads\/2024\/08\/Koncert-Marcin-Styczen-LICHEN-4-150x150.jpg 150w, https:\/\/www.lichen.pl\/wp-content\/uploads\/2024\/08\/Koncert-Marcin-Styczen-LICHEN-4-300x300.jpg 300w\" sizes=\"(max-width: 150px) 100vw, 150px\" \/><\/a>\n<a data-elementor-open-lightbox=\"yes\" data-elementor-lightbox-slideshow=\"368a7cf\" data-elementor-lightbox-title=\"Koncert Marcin Stycze\u0144 LICHE\u0143 (5)\" data-e-action-hash=\"#elementor-action%3Aaction%3Dlightbox%26settings%3DeyJpZCI6NzM5MDYsInVybCI6Imh0dHBzOlwvXC93d3cubGljaGVuLnBsXC93cC1jb250ZW50XC91cGxvYWRzXC8yMDI0XC8wOFwvS29uY2VydC1NYXJjaW4tU3R5Y3plbi1MSUNIRU4tNS5qcGciLCJzbGlkZXNob3ciOiIzNjhhN2NmIn0%3D\" href='https:\/\/www.lichen.pl\/wp-content\/uploads\/2024\/08\/Koncert-Marcin-Styczen-LICHEN-5.jpg'><img loading=\"lazy\" decoding=\"async\" width=\"150\" height=\"150\" src=\"https:\/\/www.lichen.pl\/wp-content\/uploads\/2024\/08\/Koncert-Marcin-Styczen-LICHEN-5-150x150.jpg\" class=\"attachment-thumbnail size-thumbnail\" alt=\"\" srcset=\"https:\/\/www.lichen.pl\/wp-content\/uploads\/2024\/08\/Koncert-Marcin-Styczen-LICHEN-5-150x150.jpg 150w, https:\/\/www.lichen.pl\/wp-content\/uploads\/2024\/08\/Koncert-Marcin-Styczen-LICHEN-5-300x300.jpg 300w\" sizes=\"(max-width: 150px) 100vw, 150px\" \/><\/a>\n<a data-elementor-open-lightbox=\"yes\" data-elementor-lightbox-slideshow=\"368a7cf\" data-elementor-lightbox-title=\"Koncert Marcin Stycze\u0144 LICHE\u0143 (6)\" data-e-action-hash=\"#elementor-action%3Aaction%3Dlightbox%26settings%3DeyJpZCI6NzM5MDcsInVybCI6Imh0dHBzOlwvXC93d3cubGljaGVuLnBsXC93cC1jb250ZW50XC91cGxvYWRzXC8yMDI0XC8wOFwvS29uY2VydC1NYXJjaW4tU3R5Y3plbi1MSUNIRU4tNi5qcGciLCJzbGlkZXNob3ciOiIzNjhhN2NmIn0%3D\" href='https:\/\/www.lichen.pl\/wp-content\/uploads\/2024\/08\/Koncert-Marcin-Styczen-LICHEN-6.jpg'><img loading=\"lazy\" decoding=\"async\" width=\"150\" height=\"150\" src=\"https:\/\/www.lichen.pl\/wp-content\/uploads\/2024\/08\/Koncert-Marcin-Styczen-LICHEN-6-150x150.jpg\" class=\"attachment-thumbnail size-thumbnail\" alt=\"\" srcset=\"https:\/\/www.lichen.pl\/wp-content\/uploads\/2024\/08\/Koncert-Marcin-Styczen-LICHEN-6-150x150.jpg 150w, https:\/\/www.lichen.pl\/wp-content\/uploads\/2024\/08\/Koncert-Marcin-Styczen-LICHEN-6-300x300.jpg 300w\" sizes=\"(max-width: 150px) 100vw, 150px\" \/><\/a>\n<a data-elementor-open-lightbox=\"yes\" data-elementor-lightbox-slideshow=\"368a7cf\" data-elementor-lightbox-title=\"Koncert Marcin Stycze\u0144 LICHE\u0143 (7)\" data-e-action-hash=\"#elementor-action%3Aaction%3Dlightbox%26settings%3DeyJpZCI6NzM5MDgsInVybCI6Imh0dHBzOlwvXC93d3cubGljaGVuLnBsXC93cC1jb250ZW50XC91cGxvYWRzXC8yMDI0XC8wOFwvS29uY2VydC1NYXJjaW4tU3R5Y3plbi1MSUNIRU4tNy5qcGciLCJzbGlkZXNob3ciOiIzNjhhN2NmIn0%3D\" href='https:\/\/www.lichen.pl\/wp-content\/uploads\/2024\/08\/Koncert-Marcin-Styczen-LICHEN-7.jpg'><img loading=\"lazy\" decoding=\"async\" width=\"150\" height=\"150\" src=\"https:\/\/www.lichen.pl\/wp-content\/uploads\/2024\/08\/Koncert-Marcin-Styczen-LICHEN-7-150x150.jpg\" class=\"attachment-thumbnail size-thumbnail\" alt=\"\" srcset=\"https:\/\/www.lichen.pl\/wp-content\/uploads\/2024\/08\/Koncert-Marcin-Styczen-LICHEN-7-150x150.jpg 150w, https:\/\/www.lichen.pl\/wp-content\/uploads\/2024\/08\/Koncert-Marcin-Styczen-LICHEN-7-300x300.jpg 300w\" sizes=\"(max-width: 150px) 100vw, 150px\" \/><\/a>\n<a data-elementor-open-lightbox=\"yes\" data-elementor-lightbox-slideshow=\"368a7cf\" data-elementor-lightbox-title=\"Koncert Marcin Stycze\u0144 LICHE\u0143 (8)\" data-e-action-hash=\"#elementor-action%3Aaction%3Dlightbox%26settings%3DeyJpZCI6NzM5MDksInVybCI6Imh0dHBzOlwvXC93d3cubGljaGVuLnBsXC93cC1jb250ZW50XC91cGxvYWRzXC8yMDI0XC8wOFwvS29uY2VydC1NYXJjaW4tU3R5Y3plbi1MSUNIRU4tOC5qcGciLCJzbGlkZXNob3ciOiIzNjhhN2NmIn0%3D\" href='https:\/\/www.lichen.pl\/wp-content\/uploads\/2024\/08\/Koncert-Marcin-Styczen-LICHEN-8.jpg'><img loading=\"lazy\" decoding=\"async\" width=\"150\" height=\"150\" src=\"https:\/\/www.lichen.pl\/wp-content\/uploads\/2024\/08\/Koncert-Marcin-Styczen-LICHEN-8-150x150.jpg\" class=\"attachment-thumbnail size-thumbnail\" alt=\"\" srcset=\"https:\/\/www.lichen.pl\/wp-content\/uploads\/2024\/08\/Koncert-Marcin-Styczen-LICHEN-8-150x150.jpg 150w, https:\/\/www.lichen.pl\/wp-content\/uploads\/2024\/08\/Koncert-Marcin-Styczen-LICHEN-8-300x300.jpg 300w\" sizes=\"(max-width: 150px) 100vw, 150px\" \/><\/a>\n<a data-elementor-open-lightbox=\"yes\" data-elementor-lightbox-slideshow=\"368a7cf\" data-elementor-lightbox-title=\"Koncert Marcin Stycze\u0144 LICHE\u0143 (9)\" data-e-action-hash=\"#elementor-action%3Aaction%3Dlightbox%26settings%3DeyJpZCI6NzM5MTAsInVybCI6Imh0dHBzOlwvXC93d3cubGljaGVuLnBsXC93cC1jb250ZW50XC91cGxvYWRzXC8yMDI0XC8wOFwvS29uY2VydC1NYXJjaW4tU3R5Y3plbi1MSUNIRU4tOS5qcGciLCJzbGlkZXNob3ciOiIzNjhhN2NmIn0%3D\" href='https:\/\/www.lichen.pl\/wp-content\/uploads\/2024\/08\/Koncert-Marcin-Styczen-LICHEN-9.jpg'><img loading=\"lazy\" decoding=\"async\" width=\"150\" height=\"150\" src=\"https:\/\/www.lichen.pl\/wp-content\/uploads\/2024\/08\/Koncert-Marcin-Styczen-LICHEN-9-150x150.jpg\" class=\"attachment-thumbnail size-thumbnail\" alt=\"\" srcset=\"https:\/\/www.lichen.pl\/wp-content\/uploads\/2024\/08\/Koncert-Marcin-Styczen-LICHEN-9-150x150.jpg 150w, https:\/\/www.lichen.pl\/wp-content\/uploads\/2024\/08\/Koncert-Marcin-Styczen-LICHEN-9-300x300.jpg 300w\" sizes=\"(max-width: 150px) 100vw, 150px\" \/><\/a>\n<a data-elementor-open-lightbox=\"yes\" data-elementor-lightbox-slideshow=\"368a7cf\" data-elementor-lightbox-title=\"Koncert Marcin Stycze\u0144 LICHE\u0143 (10)\" data-e-action-hash=\"#elementor-action%3Aaction%3Dlightbox%26settings%3DeyJpZCI6NzM5MTEsInVybCI6Imh0dHBzOlwvXC93d3cubGljaGVuLnBsXC93cC1jb250ZW50XC91cGxvYWRzXC8yMDI0XC8wOFwvS29uY2VydC1NYXJjaW4tU3R5Y3plbi1MSUNIRU4tMTAuanBnIiwic2xpZGVzaG93IjoiMzY4YTdjZiJ9\" href='https:\/\/www.lichen.pl\/wp-content\/uploads\/2024\/08\/Koncert-Marcin-Styczen-LICHEN-10.jpg'><img loading=\"lazy\" decoding=\"async\" width=\"150\" height=\"150\" src=\"https:\/\/www.lichen.pl\/wp-content\/uploads\/2024\/08\/Koncert-Marcin-Styczen-LICHEN-10-150x150.jpg\" class=\"attachment-thumbnail size-thumbnail\" alt=\"\" srcset=\"https:\/\/www.lichen.pl\/wp-content\/uploads\/2024\/08\/Koncert-Marcin-Styczen-LICHEN-10-150x150.jpg 150w, https:\/\/www.lichen.pl\/wp-content\/uploads\/2024\/08\/Koncert-Marcin-Styczen-LICHEN-10-300x300.jpg 300w\" sizes=\"(max-width: 150px) 100vw, 150px\" \/><\/a>\n<a data-elementor-open-lightbox=\"yes\" data-elementor-lightbox-slideshow=\"368a7cf\" data-elementor-lightbox-title=\"Koncert Marcin Stycze\u0144 LICHE\u0143 (11)\" data-e-action-hash=\"#elementor-action%3Aaction%3Dlightbox%26settings%3DeyJpZCI6NzM5MTIsInVybCI6Imh0dHBzOlwvXC93d3cubGljaGVuLnBsXC93cC1jb250ZW50XC91cGxvYWRzXC8yMDI0XC8wOFwvS29uY2VydC1NYXJjaW4tU3R5Y3plbi1MSUNIRU4tMTEuanBnIiwic2xpZGVzaG93IjoiMzY4YTdjZiJ9\" href='https:\/\/www.lichen.pl\/wp-content\/uploads\/2024\/08\/Koncert-Marcin-Styczen-LICHEN-11.jpg'><img loading=\"lazy\" decoding=\"async\" width=\"150\" height=\"150\" src=\"https:\/\/www.lichen.pl\/wp-content\/uploads\/2024\/08\/Koncert-Marcin-Styczen-LICHEN-11-150x150.jpg\" class=\"attachment-thumbnail size-thumbnail\" alt=\"\" srcset=\"https:\/\/www.lichen.pl\/wp-content\/uploads\/2024\/08\/Koncert-Marcin-Styczen-LICHEN-11-150x150.jpg 150w, https:\/\/www.lichen.pl\/wp-content\/uploads\/2024\/08\/Koncert-Marcin-Styczen-LICHEN-11-300x300.jpg 300w\" sizes=\"(max-width: 150px) 100vw, 150px\" \/><\/a>\n<a data-elementor-open-lightbox=\"yes\" data-elementor-lightbox-slideshow=\"368a7cf\" data-elementor-lightbox-title=\"Koncert Marcin Stycze\u0144 LICHE\u0143 (12)\" data-e-action-hash=\"#elementor-action%3Aaction%3Dlightbox%26settings%3DeyJpZCI6NzM5MTMsInVybCI6Imh0dHBzOlwvXC93d3cubGljaGVuLnBsXC93cC1jb250ZW50XC91cGxvYWRzXC8yMDI0XC8wOFwvS29uY2VydC1NYXJjaW4tU3R5Y3plbi1MSUNIRU4tMTIuanBnIiwic2xpZGVzaG93IjoiMzY4YTdjZiJ9\" href='https:\/\/www.lichen.pl\/wp-content\/uploads\/2024\/08\/Koncert-Marcin-Styczen-LICHEN-12.jpg'><img loading=\"lazy\" decoding=\"async\" width=\"150\" height=\"150\" src=\"https:\/\/www.lichen.pl\/wp-content\/uploads\/2024\/08\/Koncert-Marcin-Styczen-LICHEN-12-150x150.jpg\" class=\"attachment-thumbnail size-thumbnail\" alt=\"\" srcset=\"https:\/\/www.lichen.pl\/wp-content\/uploads\/2024\/08\/Koncert-Marcin-Styczen-LICHEN-12-150x150.jpg 150w, https:\/\/www.lichen.pl\/wp-content\/uploads\/2024\/08\/Koncert-Marcin-Styczen-LICHEN-12-300x300.jpg 300w\" sizes=\"(max-width: 150px) 100vw, 150px\" \/><\/a>\n<a data-elementor-open-lightbox=\"yes\" data-elementor-lightbox-slideshow=\"368a7cf\" data-elementor-lightbox-title=\"Koncert Marcin Stycze\u0144 LICHE\u0143 (15)\" data-e-action-hash=\"#elementor-action%3Aaction%3Dlightbox%26settings%3DeyJpZCI6NzM5MTYsInVybCI6Imh0dHBzOlwvXC93d3cubGljaGVuLnBsXC93cC1jb250ZW50XC91cGxvYWRzXC8yMDI0XC8wOFwvS29uY2VydC1NYXJjaW4tU3R5Y3plbi1MSUNIRU4tMTUuanBnIiwic2xpZGVzaG93IjoiMzY4YTdjZiJ9\" href='https:\/\/www.lichen.pl\/wp-content\/uploads\/2024\/08\/Koncert-Marcin-Styczen-LICHEN-15.jpg'><img loading=\"lazy\" decoding=\"async\" width=\"150\" height=\"150\" src=\"https:\/\/www.lichen.pl\/wp-content\/uploads\/2024\/08\/Koncert-Marcin-Styczen-LICHEN-15-150x150.jpg\" class=\"attachment-thumbnail size-thumbnail\" alt=\"\" srcset=\"https:\/\/www.lichen.pl\/wp-content\/uploads\/2024\/08\/Koncert-Marcin-Styczen-LICHEN-15-150x150.jpg 150w, https:\/\/www.lichen.pl\/wp-content\/uploads\/2024\/08\/Koncert-Marcin-Styczen-LICHEN-15-300x300.jpg 300w\" sizes=\"(max-width: 150px) 100vw, 150px\" \/><\/a>\n<a data-elementor-open-lightbox=\"yes\" data-elementor-lightbox-slideshow=\"368a7cf\" data-elementor-lightbox-title=\"Koncert Marcin Stycze\u0144 LICHE\u0143 (16)\" data-e-action-hash=\"#elementor-action%3Aaction%3Dlightbox%26settings%3DeyJpZCI6NzM5MTcsInVybCI6Imh0dHBzOlwvXC93d3cubGljaGVuLnBsXC93cC1jb250ZW50XC91cGxvYWRzXC8yMDI0XC8wOFwvS29uY2VydC1NYXJjaW4tU3R5Y3plbi1MSUNIRU4tMTYuanBnIiwic2xpZGVzaG93IjoiMzY4YTdjZiJ9\" href='https:\/\/www.lichen.pl\/wp-content\/uploads\/2024\/08\/Koncert-Marcin-Styczen-LICHEN-16.jpg'><img loading=\"lazy\" decoding=\"async\" width=\"150\" height=\"150\" src=\"https:\/\/www.lichen.pl\/wp-content\/uploads\/2024\/08\/Koncert-Marcin-Styczen-LICHEN-16-150x150.jpg\" class=\"attachment-thumbnail size-thumbnail\" alt=\"\" srcset=\"https:\/\/www.lichen.pl\/wp-content\/uploads\/2024\/08\/Koncert-Marcin-Styczen-LICHEN-16-150x150.jpg 150w, https:\/\/www.lichen.pl\/wp-content\/uploads\/2024\/08\/Koncert-Marcin-Styczen-LICHEN-16-300x300.jpg 300w\" sizes=\"(max-width: 150px) 100vw, 150px\" \/><\/a>\n<a data-elementor-open-lightbox=\"yes\" data-elementor-lightbox-slideshow=\"368a7cf\" data-elementor-lightbox-title=\"Koncert Marcin Stycze\u0144 LICHE\u0143 (17)\" data-e-action-hash=\"#elementor-action%3Aaction%3Dlightbox%26settings%3DeyJpZCI6NzM5MTgsInVybCI6Imh0dHBzOlwvXC93d3cubGljaGVuLnBsXC93cC1jb250ZW50XC91cGxvYWRzXC8yMDI0XC8wOFwvS29uY2VydC1NYXJjaW4tU3R5Y3plbi1MSUNIRU4tMTcuanBnIiwic2xpZGVzaG93IjoiMzY4YTdjZiJ9\" href='https:\/\/www.lichen.pl\/wp-content\/uploads\/2024\/08\/Koncert-Marcin-Styczen-LICHEN-17.jpg'><img loading=\"lazy\" decoding=\"async\" width=\"150\" height=\"150\" src=\"https:\/\/www.lichen.pl\/wp-content\/uploads\/2024\/08\/Koncert-Marcin-Styczen-LICHEN-17-150x150.jpg\" class=\"attachment-thumbnail size-thumbnail\" alt=\"\" srcset=\"https:\/\/www.lichen.pl\/wp-content\/uploads\/2024\/08\/Koncert-Marcin-Styczen-LICHEN-17-150x150.jpg 150w, https:\/\/www.lichen.pl\/wp-content\/uploads\/2024\/08\/Koncert-Marcin-Styczen-LICHEN-17-300x300.jpg 300w\" sizes=\"(max-width: 150px) 100vw, 150px\" \/><\/a>\n<a data-elementor-open-lightbox=\"yes\" data-elementor-lightbox-slideshow=\"368a7cf\" data-elementor-lightbox-title=\"Koncert Marcin Stycze\u0144 LICHE\u0143 (18)\" data-e-action-hash=\"#elementor-action%3Aaction%3Dlightbox%26settings%3DeyJpZCI6NzM5MTksInVybCI6Imh0dHBzOlwvXC93d3cubGljaGVuLnBsXC93cC1jb250ZW50XC91cGxvYWRzXC8yMDI0XC8wOFwvS29uY2VydC1NYXJjaW4tU3R5Y3plbi1MSUNIRU4tMTguanBnIiwic2xpZGVzaG93IjoiMzY4YTdjZiJ9\" href='https:\/\/www.lichen.pl\/wp-content\/uploads\/2024\/08\/Koncert-Marcin-Styczen-LICHEN-18.jpg'><img loading=\"lazy\" decoding=\"async\" width=\"150\" height=\"150\" src=\"https:\/\/www.lichen.pl\/wp-content\/uploads\/2024\/08\/Koncert-Marcin-Styczen-LICHEN-18-150x150.jpg\" class=\"attachment-thumbnail size-thumbnail\" alt=\"\" srcset=\"https:\/\/www.lichen.pl\/wp-content\/uploads\/2024\/08\/Koncert-Marcin-Styczen-LICHEN-18-150x150.jpg 150w, https:\/\/www.lichen.pl\/wp-content\/uploads\/2024\/08\/Koncert-Marcin-Styczen-LICHEN-18-300x300.jpg 300w\" sizes=\"(max-width: 150px) 100vw, 150px\" \/><\/a>\n\t\t<\/div>\n\t\t\t\t\t\t<\/div>\n\t\t\t\t<\/div>\n\t\t\t\t\t<\/div>\n\t\t<\/div>\n\t\t\t\t\t<\/div>\n\t\t<\/section>\n\t\t\t\t<\/div>","protected":false},"excerpt":{"rendered":"<p>\u2013 Zapraszam ludzi, aby wyruszyli w podr\u00f3\u017c, kt\u00f3ra nie tyle wiedzie w gor\u0119, co wiedzie w g\u0142\u0105b \u2013 m\u00f3wi\u0142 Marcin Stycze\u0144, wykonawca koncertu, kt\u00f3ry odby\u0142 si\u0119 w ostatni\u0105 sobot\u0119 sierpnia w sanktuarium Matki Bo\u017cej Liche\u0144skiej. \u201eJak fala ku morzu, tak ja ku Tobie, Dobry Bo\u017ce, prosz\u0119, otw\u00f3rz oczy moje, bym wreszcie przejrza\u0142 Twoimi oczami, bym [&hellip;]<\/p>\n","protected":false},"author":5,"featured_media":73892,"comment_status":"closed","ping_status":"closed","sticky":false,"template":"","format":"standard","meta":{"footnotes":""},"categories":[1],"tags":[],"class_list":["post-73891","post","type-post","status-publish","format-standard","has-post-thumbnail","hentry","category-aktualnosci","wpbf-post"],"yoast_head":"<!-- This site is optimized with the Yoast SEO plugin v27.4 - https:\/\/yoast.com\/product\/yoast-seo-wordpress\/ -->\n<title>&quot;Dla Niej...&quot; - Koncert Marcina Stycznia - SANKTUARIUM W LICHENIU<\/title>\n<meta name=\"robots\" content=\"index, follow, max-snippet:-1, max-image-preview:large, max-video-preview:-1\" \/>\n<link rel=\"canonical\" href=\"https:\/\/www.lichen.pl\/es\/dla-niej-koncert-marcina-stycznia\/\" \/>\n<meta property=\"og:locale\" content=\"es_ES\" \/>\n<meta property=\"og:type\" content=\"article\" \/>\n<meta property=\"og:title\" content=\"&quot;Dla Niej...&quot; - Koncert Marcina Stycznia - SANKTUARIUM W LICHENIU\" \/>\n<meta property=\"og:description\" content=\"\u2013 Zapraszam ludzi, aby wyruszyli w podr\u00f3\u017c, kt\u00f3ra nie tyle wiedzie w gor\u0119, co wiedzie w g\u0142\u0105b \u2013 m\u00f3wi\u0142 Marcin Stycze\u0144, wykonawca koncertu, kt\u00f3ry odby\u0142 si\u0119 w ostatni\u0105 sobot\u0119 sierpnia w sanktuarium Matki Bo\u017cej Liche\u0144skiej. \u201eJak fala ku morzu, tak ja ku Tobie, Dobry Bo\u017ce, prosz\u0119, otw\u00f3rz oczy moje, bym wreszcie przejrza\u0142 Twoimi oczami, bym [&hellip;]\" \/>\n<meta property=\"og:url\" content=\"https:\/\/www.lichen.pl\/es\/dla-niej-koncert-marcina-stycznia\/\" \/>\n<meta property=\"og:site_name\" content=\"SANKTUARIUM W LICHENIU\" \/>\n<meta property=\"article:published_time\" content=\"2024-08-31T17:31:36+00:00\" \/>\n<meta property=\"article:modified_time\" content=\"2024-09-05T09:33:14+00:00\" \/>\n<meta property=\"og:image\" content=\"https:\/\/www.lichen.pl\/wp-content\/uploads\/2024\/08\/IMG_8384-e1725125486855.jpg\" \/>\n\t<meta property=\"og:image:width\" content=\"853\" \/>\n\t<meta property=\"og:image:height\" content=\"494\" \/>\n\t<meta property=\"og:image:type\" content=\"image\/jpeg\" \/>\n<meta name=\"author\" content=\"Justyna Zacharek\" \/>\n<meta name=\"twitter:card\" content=\"summary_large_image\" \/>\n<meta name=\"twitter:label1\" content=\"Escrito por\" \/>\n\t<meta name=\"twitter:data1\" content=\"Justyna Zacharek\" \/>\n\t<meta name=\"twitter:label2\" content=\"Tiempo de lectura\" \/>\n\t<meta name=\"twitter:data2\" content=\"6 minutos\" \/>\n<script type=\"application\/ld+json\" class=\"yoast-schema-graph\">{\"@context\":\"https:\\\/\\\/schema.org\",\"@graph\":[{\"@type\":\"Article\",\"@id\":\"https:\\\/\\\/www.lichen.pl\\\/dla-niej-koncert-marcina-stycznia\\\/#article\",\"isPartOf\":{\"@id\":\"https:\\\/\\\/www.lichen.pl\\\/dla-niej-koncert-marcina-stycznia\\\/\"},\"author\":{\"name\":\"Justyna Zacharek\",\"@id\":\"https:\\\/\\\/www.lichen.pl\\\/fr\\\/#\\\/schema\\\/person\\\/9f57a1408d363022abd305da0323b703\"},\"headline\":\"&#8220;Dla Niej&#8230;&#8221; &#8211; Koncert Marcina Stycznia\",\"datePublished\":\"2024-08-31T17:31:36+00:00\",\"dateModified\":\"2024-09-05T09:33:14+00:00\",\"mainEntityOfPage\":{\"@id\":\"https:\\\/\\\/www.lichen.pl\\\/dla-niej-koncert-marcina-stycznia\\\/\"},\"wordCount\":346,\"image\":{\"@id\":\"https:\\\/\\\/www.lichen.pl\\\/dla-niej-koncert-marcina-stycznia\\\/#primaryimage\"},\"thumbnailUrl\":\"https:\\\/\\\/www.lichen.pl\\\/wp-content\\\/uploads\\\/2024\\\/08\\\/IMG_8384-e1725125486855.jpg\",\"articleSection\":[\"Aktualno\u015bci\"],\"inLanguage\":\"es\"},{\"@type\":\"WebPage\",\"@id\":\"https:\\\/\\\/www.lichen.pl\\\/dla-niej-koncert-marcina-stycznia\\\/\",\"url\":\"https:\\\/\\\/www.lichen.pl\\\/dla-niej-koncert-marcina-stycznia\\\/\",\"name\":\"\\\"Dla Niej...\\\" - Koncert Marcina Stycznia - SANKTUARIUM W LICHENIU\",\"isPartOf\":{\"@id\":\"https:\\\/\\\/www.lichen.pl\\\/fr\\\/#website\"},\"primaryImageOfPage\":{\"@id\":\"https:\\\/\\\/www.lichen.pl\\\/dla-niej-koncert-marcina-stycznia\\\/#primaryimage\"},\"image\":{\"@id\":\"https:\\\/\\\/www.lichen.pl\\\/dla-niej-koncert-marcina-stycznia\\\/#primaryimage\"},\"thumbnailUrl\":\"https:\\\/\\\/www.lichen.pl\\\/wp-content\\\/uploads\\\/2024\\\/08\\\/IMG_8384-e1725125486855.jpg\",\"datePublished\":\"2024-08-31T17:31:36+00:00\",\"dateModified\":\"2024-09-05T09:33:14+00:00\",\"author\":{\"@id\":\"https:\\\/\\\/www.lichen.pl\\\/fr\\\/#\\\/schema\\\/person\\\/9f57a1408d363022abd305da0323b703\"},\"breadcrumb\":{\"@id\":\"https:\\\/\\\/www.lichen.pl\\\/dla-niej-koncert-marcina-stycznia\\\/#breadcrumb\"},\"inLanguage\":\"es\",\"potentialAction\":[{\"@type\":\"ReadAction\",\"target\":[\"https:\\\/\\\/www.lichen.pl\\\/dla-niej-koncert-marcina-stycznia\\\/\"]}]},{\"@type\":\"ImageObject\",\"inLanguage\":\"es\",\"@id\":\"https:\\\/\\\/www.lichen.pl\\\/dla-niej-koncert-marcina-stycznia\\\/#primaryimage\",\"url\":\"https:\\\/\\\/www.lichen.pl\\\/wp-content\\\/uploads\\\/2024\\\/08\\\/IMG_8384-e1725125486855.jpg\",\"contentUrl\":\"https:\\\/\\\/www.lichen.pl\\\/wp-content\\\/uploads\\\/2024\\\/08\\\/IMG_8384-e1725125486855.jpg\",\"width\":853,\"height\":494},{\"@type\":\"BreadcrumbList\",\"@id\":\"https:\\\/\\\/www.lichen.pl\\\/dla-niej-koncert-marcina-stycznia\\\/#breadcrumb\",\"itemListElement\":[{\"@type\":\"ListItem\",\"position\":1,\"name\":\"Strona g\u0142\u00f3wna\",\"item\":\"https:\\\/\\\/www.lichen.pl\\\/\"},{\"@type\":\"ListItem\",\"position\":2,\"name\":\"&#8222;Dla Niej&#8230;&#8221; &#8211; Koncert Marcina Stycznia\"}]},{\"@type\":\"WebSite\",\"@id\":\"https:\\\/\\\/www.lichen.pl\\\/fr\\\/#website\",\"url\":\"https:\\\/\\\/www.lichen.pl\\\/fr\\\/\",\"name\":\"SANKTUARIUM W LICHENIU\",\"description\":\"MATKI BO\u017bEJ LICHE\u0143SKIEJ BOLESNEJ KR\u00d3LOWEJ POLSKI\",\"potentialAction\":[{\"@type\":\"SearchAction\",\"target\":{\"@type\":\"EntryPoint\",\"urlTemplate\":\"https:\\\/\\\/www.lichen.pl\\\/fr\\\/?s={search_term_string}\"},\"query-input\":{\"@type\":\"PropertyValueSpecification\",\"valueRequired\":true,\"valueName\":\"search_term_string\"}}],\"inLanguage\":\"es\"},{\"@type\":\"Person\",\"@id\":\"https:\\\/\\\/www.lichen.pl\\\/fr\\\/#\\\/schema\\\/person\\\/9f57a1408d363022abd305da0323b703\",\"name\":\"Justyna Zacharek\",\"image\":{\"@type\":\"ImageObject\",\"inLanguage\":\"es\",\"@id\":\"https:\\\/\\\/secure.gravatar.com\\\/avatar\\\/7be193626a4fb4d6a7d53a7686c3bbf938efff653c427e0182457b838e9d2c3b?s=96&d=retro&r=g\",\"url\":\"https:\\\/\\\/secure.gravatar.com\\\/avatar\\\/7be193626a4fb4d6a7d53a7686c3bbf938efff653c427e0182457b838e9d2c3b?s=96&d=retro&r=g\",\"contentUrl\":\"https:\\\/\\\/secure.gravatar.com\\\/avatar\\\/7be193626a4fb4d6a7d53a7686c3bbf938efff653c427e0182457b838e9d2c3b?s=96&d=retro&r=g\",\"caption\":\"Justyna Zacharek\"},\"url\":\"https:\\\/\\\/www.lichen.pl\\\/es\\\/author\\\/justyna\\\/\"}]}<\/script>\n<!-- \/ Yoast SEO plugin. -->","yoast_head_json":{"title":"\"Dla Niej...\" - Koncert Marcina Stycznia - SANKTUARIUM W LICHENIU","robots":{"index":"index","follow":"follow","max-snippet":"max-snippet:-1","max-image-preview":"max-image-preview:large","max-video-preview":"max-video-preview:-1"},"canonical":"https:\/\/www.lichen.pl\/es\/dla-niej-koncert-marcina-stycznia\/","og_locale":"es_ES","og_type":"article","og_title":"\"Dla Niej...\" - Koncert Marcina Stycznia - SANKTUARIUM W LICHENIU","og_description":"\u2013 Zapraszam ludzi, aby wyruszyli w podr\u00f3\u017c, kt\u00f3ra nie tyle wiedzie w gor\u0119, co wiedzie w g\u0142\u0105b \u2013 m\u00f3wi\u0142 Marcin Stycze\u0144, wykonawca koncertu, kt\u00f3ry odby\u0142 si\u0119 w ostatni\u0105 sobot\u0119 sierpnia w sanktuarium Matki Bo\u017cej Liche\u0144skiej. \u201eJak fala ku morzu, tak ja ku Tobie, Dobry Bo\u017ce, prosz\u0119, otw\u00f3rz oczy moje, bym wreszcie przejrza\u0142 Twoimi oczami, bym [&hellip;]","og_url":"https:\/\/www.lichen.pl\/es\/dla-niej-koncert-marcina-stycznia\/","og_site_name":"SANKTUARIUM W LICHENIU","article_published_time":"2024-08-31T17:31:36+00:00","article_modified_time":"2024-09-05T09:33:14+00:00","og_image":[{"width":853,"height":494,"url":"https:\/\/www.lichen.pl\/wp-content\/uploads\/2024\/08\/IMG_8384-e1725125486855.jpg","type":"image\/jpeg"}],"author":"Justyna Zacharek","twitter_card":"summary_large_image","twitter_misc":{"Escrito por":"Justyna Zacharek","Tiempo de lectura":"6 minutos"},"schema":{"@context":"https:\/\/schema.org","@graph":[{"@type":"Article","@id":"https:\/\/www.lichen.pl\/dla-niej-koncert-marcina-stycznia\/#article","isPartOf":{"@id":"https:\/\/www.lichen.pl\/dla-niej-koncert-marcina-stycznia\/"},"author":{"name":"Justyna Zacharek","@id":"https:\/\/www.lichen.pl\/fr\/#\/schema\/person\/9f57a1408d363022abd305da0323b703"},"headline":"&#8220;Dla Niej&#8230;&#8221; &#8211; Koncert Marcina Stycznia","datePublished":"2024-08-31T17:31:36+00:00","dateModified":"2024-09-05T09:33:14+00:00","mainEntityOfPage":{"@id":"https:\/\/www.lichen.pl\/dla-niej-koncert-marcina-stycznia\/"},"wordCount":346,"image":{"@id":"https:\/\/www.lichen.pl\/dla-niej-koncert-marcina-stycznia\/#primaryimage"},"thumbnailUrl":"https:\/\/www.lichen.pl\/wp-content\/uploads\/2024\/08\/IMG_8384-e1725125486855.jpg","articleSection":["Aktualno\u015bci"],"inLanguage":"es"},{"@type":"WebPage","@id":"https:\/\/www.lichen.pl\/dla-niej-koncert-marcina-stycznia\/","url":"https:\/\/www.lichen.pl\/dla-niej-koncert-marcina-stycznia\/","name":"\"Dla Niej...\" - Koncert Marcina Stycznia - SANKTUARIUM W LICHENIU","isPartOf":{"@id":"https:\/\/www.lichen.pl\/fr\/#website"},"primaryImageOfPage":{"@id":"https:\/\/www.lichen.pl\/dla-niej-koncert-marcina-stycznia\/#primaryimage"},"image":{"@id":"https:\/\/www.lichen.pl\/dla-niej-koncert-marcina-stycznia\/#primaryimage"},"thumbnailUrl":"https:\/\/www.lichen.pl\/wp-content\/uploads\/2024\/08\/IMG_8384-e1725125486855.jpg","datePublished":"2024-08-31T17:31:36+00:00","dateModified":"2024-09-05T09:33:14+00:00","author":{"@id":"https:\/\/www.lichen.pl\/fr\/#\/schema\/person\/9f57a1408d363022abd305da0323b703"},"breadcrumb":{"@id":"https:\/\/www.lichen.pl\/dla-niej-koncert-marcina-stycznia\/#breadcrumb"},"inLanguage":"es","potentialAction":[{"@type":"ReadAction","target":["https:\/\/www.lichen.pl\/dla-niej-koncert-marcina-stycznia\/"]}]},{"@type":"ImageObject","inLanguage":"es","@id":"https:\/\/www.lichen.pl\/dla-niej-koncert-marcina-stycznia\/#primaryimage","url":"https:\/\/www.lichen.pl\/wp-content\/uploads\/2024\/08\/IMG_8384-e1725125486855.jpg","contentUrl":"https:\/\/www.lichen.pl\/wp-content\/uploads\/2024\/08\/IMG_8384-e1725125486855.jpg","width":853,"height":494},{"@type":"BreadcrumbList","@id":"https:\/\/www.lichen.pl\/dla-niej-koncert-marcina-stycznia\/#breadcrumb","itemListElement":[{"@type":"ListItem","position":1,"name":"Strona g\u0142\u00f3wna","item":"https:\/\/www.lichen.pl\/"},{"@type":"ListItem","position":2,"name":"&#8222;Dla Niej&#8230;&#8221; &#8211; Koncert Marcina Stycznia"}]},{"@type":"WebSite","@id":"https:\/\/www.lichen.pl\/fr\/#website","url":"https:\/\/www.lichen.pl\/fr\/","name":"SANTUARIO EN LICHENIA","description":"LA DOLOROSA REINA DE POLONIA DE NUESTRO LICHEN","potentialAction":[{"@type":"SearchAction","target":{"@type":"EntryPoint","urlTemplate":"https:\/\/www.lichen.pl\/fr\/?s={search_term_string}"},"query-input":{"@type":"PropertyValueSpecification","valueRequired":true,"valueName":"search_term_string"}}],"inLanguage":"es"},{"@type":"Person","@id":"https:\/\/www.lichen.pl\/fr\/#\/schema\/person\/9f57a1408d363022abd305da0323b703","name":"Justyna Zacharek","image":{"@type":"ImageObject","inLanguage":"es","@id":"https:\/\/secure.gravatar.com\/avatar\/7be193626a4fb4d6a7d53a7686c3bbf938efff653c427e0182457b838e9d2c3b?s=96&d=retro&r=g","url":"https:\/\/secure.gravatar.com\/avatar\/7be193626a4fb4d6a7d53a7686c3bbf938efff653c427e0182457b838e9d2c3b?s=96&d=retro&r=g","contentUrl":"https:\/\/secure.gravatar.com\/avatar\/7be193626a4fb4d6a7d53a7686c3bbf938efff653c427e0182457b838e9d2c3b?s=96&d=retro&r=g","caption":"Justyna Zacharek"},"url":"https:\/\/www.lichen.pl\/es\/author\/justyna\/"}]}},"_links":{"self":[{"href":"https:\/\/www.lichen.pl\/es\/wp-json\/wp\/v2\/posts\/73891","targetHints":{"allow":["GET"]}}],"collection":[{"href":"https:\/\/www.lichen.pl\/es\/wp-json\/wp\/v2\/posts"}],"about":[{"href":"https:\/\/www.lichen.pl\/es\/wp-json\/wp\/v2\/types\/post"}],"author":[{"embeddable":true,"href":"https:\/\/www.lichen.pl\/es\/wp-json\/wp\/v2\/users\/5"}],"replies":[{"embeddable":true,"href":"https:\/\/www.lichen.pl\/es\/wp-json\/wp\/v2\/comments?post=73891"}],"version-history":[{"count":8,"href":"https:\/\/www.lichen.pl\/es\/wp-json\/wp\/v2\/posts\/73891\/revisions"}],"predecessor-version":[{"id":73997,"href":"https:\/\/www.lichen.pl\/es\/wp-json\/wp\/v2\/posts\/73891\/revisions\/73997"}],"wp:featuredmedia":[{"embeddable":true,"href":"https:\/\/www.lichen.pl\/es\/wp-json\/wp\/v2\/media\/73892"}],"wp:attachment":[{"href":"https:\/\/www.lichen.pl\/es\/wp-json\/wp\/v2\/media?parent=73891"}],"wp:term":[{"taxonomy":"category","embeddable":true,"href":"https:\/\/www.lichen.pl\/es\/wp-json\/wp\/v2\/categories?post=73891"},{"taxonomy":"post_tag","embeddable":true,"href":"https:\/\/www.lichen.pl\/es\/wp-json\/wp\/v2\/tags?post=73891"}],"curies":[{"name":"wp","href":"https:\/\/api.w.org\/{rel}","templated":true}]}}