{"id":78585,"date":"2024-12-22T20:00:38","date_gmt":"2024-12-22T19:00:38","guid":{"rendered":"https:\/\/www.lichen.pl\/?p=78585"},"modified":"2024-12-22T20:09:03","modified_gmt":"2024-12-22T19:09:03","slug":"iv-niedziela-adwentu","status":"publish","type":"post","link":"https:\/\/www.lichen.pl\/es\/iv-niedziela-adwentu\/","title":{"rendered":"IV Niedziela Adwentu"},"content":{"rendered":"<div data-elementor-type=\"wp-post\" data-elementor-id=\"78585\" class=\"elementor elementor-78585\" data-elementor-post-type=\"post\">\n\t\t\t\t\t\t<section class=\"elementor-section elementor-top-section elementor-element elementor-element-9c2a0a9 elementor-section-boxed elementor-section-height-default elementor-section-height-default\" data-id=\"9c2a0a9\" data-element_type=\"section\" data-e-type=\"section\">\n\t\t\t\t\t\t<div class=\"elementor-container elementor-column-gap-default\">\n\t\t\t\t\t<div class=\"elementor-column elementor-col-100 elementor-top-column elementor-element elementor-element-a7af971\" data-id=\"a7af971\" data-element_type=\"column\" data-e-type=\"column\">\n\t\t\t<div class=\"elementor-widget-wrap elementor-element-populated\">\n\t\t\t\t\t\t<div class=\"elementor-element elementor-element-6cbade4 elementor-widget elementor-widget-heading\" data-id=\"6cbade4\" data-element_type=\"widget\" data-e-type=\"widget\" data-widget_type=\"heading.default\">\n\t\t\t\t<div class=\"elementor-widget-container\">\n\t\t\t\t\t<h2 class=\"elementor-heading-title elementor-size-default\">IV Niedziela Adwentu \u2013 Maryja, Matka Oczekiwanego Mesjasza<\/h2>\t\t\t\t<\/div>\n\t\t\t\t<\/div>\n\t\t\t\t\t<\/div>\n\t\t<\/div>\n\t\t\t\t\t<\/div>\n\t\t<\/section>\n\t\t\t\t<section class=\"elementor-section elementor-top-section elementor-element elementor-element-bc03f87 elementor-section-boxed elementor-section-height-default elementor-section-height-default\" data-id=\"bc03f87\" data-element_type=\"section\" data-e-type=\"section\">\n\t\t\t\t\t\t<div class=\"elementor-container elementor-column-gap-default\">\n\t\t\t\t\t<div class=\"elementor-column elementor-col-100 elementor-top-column elementor-element elementor-element-8dd46ab\" data-id=\"8dd46ab\" data-element_type=\"column\" data-e-type=\"column\">\n\t\t\t<div class=\"elementor-widget-wrap elementor-element-populated\">\n\t\t\t\t\t\t<div class=\"elementor-element elementor-element-1ce7a1d elementor-widget elementor-widget-text-editor\" data-id=\"1ce7a1d\" data-element_type=\"widget\" data-e-type=\"widget\" data-widget_type=\"text-editor.default\">\n\t\t\t\t<div class=\"elementor-widget-container\">\n\t\t\t\t\t\t\t\t\t<h4>Dzisiejsza czwarta niedziela Adwentu wprowadza nas bezpo\u015brednio w tajemnic\u0119 Bo\u017cego Narodzenia. W tym dniu szczeg\u00f3lnie wspominamy Maryj\u0119, przez kt\u00f3r\u0105 Syn Bo\u017cy sta\u0142 si\u0119 Cz\u0142owiekiem. W liche\u0144skim sanktuarium jest to wyj\u0105tkowy czas, poniewa\u017c tutaj, przed \u0142askami s\u0142yn\u0105cym wizerunkiem Matki Bo\u017cej, mo\u017cemy jeszcze g\u0142\u0119biej prze\u017cywa\u0107 radosne oczekiwanie na przyj\u015bcie Zbawiciela.<\/h4>\t\t\t\t\t\t\t\t<\/div>\n\t\t\t\t<\/div>\n\t\t\t\t\t<\/div>\n\t\t<\/div>\n\t\t\t\t\t<\/div>\n\t\t<\/section>\n\t\t\t\t<section class=\"elementor-section elementor-top-section elementor-element elementor-element-d4eecca elementor-section-boxed elementor-section-height-default elementor-section-height-default\" data-id=\"d4eecca\" data-element_type=\"section\" data-e-type=\"section\">\n\t\t\t\t\t\t<div class=\"elementor-container elementor-column-gap-default\">\n\t\t\t\t\t<div class=\"elementor-column elementor-col-100 elementor-top-column elementor-element elementor-element-8a1cf88\" data-id=\"8a1cf88\" data-element_type=\"column\" data-e-type=\"column\">\n\t\t\t<div class=\"elementor-widget-wrap elementor-element-populated\">\n\t\t\t\t\t\t<div class=\"elementor-element elementor-element-f0669bf elementor-widget elementor-widget-text-editor\" data-id=\"f0669bf\" data-element_type=\"widget\" data-e-type=\"widget\" data-widget_type=\"text-editor.default\">\n\t\t\t\t<div class=\"elementor-widget-container\">\n\t\t\t\t\t\t\t\t\t<p><span style=\"color: #000000;\">Kustosz sanktuarium ks. S\u0142awomir Homoncik MIC podczas Mszy \u015awi\u0119tej zach\u0119ca\u0142 wiernych, by w nat\u0142oku przygotowa\u0144 \u015bwi\u0105tecznych znale\u017a\u0107 czas na zatrzymanie si\u0119 i refleksj\u0119 nad tym, co Pan B\u00f3g m\u00f3wi do nas w tych dniach. Przypomnia\u0142, \u017ce Bo\u017ce Narodzenie to nie tylko \u015bwi\u0119ta pe\u0142ne tradycji rodzinnych, ale przede wszystkim spotkanie z \u017cywym Bogiem, kt\u00f3ry staje si\u0119 jednym z nas.<\/span><\/p><p><span style=\"color: #000000;\"><a style=\"color: #000000;\" name=\"_GoBack\"><\/a> Liturgia s\u0142owa dzisiejszego dnia ukazuje nam Maryj\u0119, kt\u00f3ra z wiar\u0105 przyjmuje Bo\u017ce S\u0142owo i niesie Jezusa do El\u017cbiety. Jak zauwa\u017cy\u0142 ksi\u0105dz kustosz, Maryja i El\u017cbieta nie rozmawiaj\u0105 o sprawach codziennych, ale dziel\u0105 si\u0119 swoim do\u015bwiadczeniem dzia\u0142ania Boga. To przyk\u0142ad dla nas, by nasze rozmowy w nadchodz\u0105ce \u015awi\u0119ta wype\u0142nia\u0142y \u015bwiadectwa wiary i pasja \u017cycia Bo\u017cym S\u0142owem.<\/span><\/p>\t\t\t\t\t\t\t\t<\/div>\n\t\t\t\t<\/div>\n\t\t\t\t\t<\/div>\n\t\t<\/div>\n\t\t\t\t\t<\/div>\n\t\t<\/section>\n\t\t\t\t<section class=\"elementor-section elementor-top-section elementor-element elementor-element-6c0afd8 elementor-section-boxed elementor-section-height-default elementor-section-height-default\" data-id=\"6c0afd8\" data-element_type=\"section\" data-e-type=\"section\">\n\t\t\t\t\t\t<div class=\"elementor-container elementor-column-gap-default\">\n\t\t\t\t\t<div class=\"elementor-column elementor-col-100 elementor-top-column elementor-element elementor-element-e1340f6\" data-id=\"e1340f6\" data-element_type=\"column\" data-e-type=\"column\">\n\t\t\t<div class=\"elementor-widget-wrap elementor-element-populated\">\n\t\t\t\t\t\t<div class=\"elementor-element elementor-element-ac4606b elementor-widget elementor-widget-heading\" data-id=\"ac4606b\" data-element_type=\"widget\" data-e-type=\"widget\" data-widget_type=\"heading.default\">\n\t\t\t\t<div class=\"elementor-widget-container\">\n\t\t\t\t\t<h2 class=\"elementor-heading-title elementor-size-default\">Betlejemskie \u015awiate\u0142ko Pokoju \u2013 niech ponownie roz\u015bwietli nasze serca p\u0142omieniem nadziei<\/h2>\t\t\t\t<\/div>\n\t\t\t\t<\/div>\n\t\t\t\t\t<\/div>\n\t\t<\/div>\n\t\t\t\t\t<\/div>\n\t\t<\/section>\n\t\t\t\t<section class=\"elementor-section elementor-top-section elementor-element elementor-element-dd36219 elementor-section-boxed elementor-section-height-default elementor-section-height-default\" data-id=\"dd36219\" data-element_type=\"section\" data-e-type=\"section\">\n\t\t\t\t\t\t<div class=\"elementor-container elementor-column-gap-default\">\n\t\t\t\t\t<div class=\"elementor-column elementor-col-100 elementor-top-column elementor-element elementor-element-f854cb1\" data-id=\"f854cb1\" data-element_type=\"column\" data-e-type=\"column\">\n\t\t\t<div class=\"elementor-widget-wrap elementor-element-populated\">\n\t\t\t\t\t\t<div class=\"elementor-element elementor-element-b6ceb8b elementor-widget elementor-widget-text-editor\" data-id=\"b6ceb8b\" data-element_type=\"widget\" data-e-type=\"widget\" data-widget_type=\"text-editor.default\">\n\t\t\t\t<div class=\"elementor-widget-container\">\n\t\t\t\t\t\t\t\t\t<p><span style=\"color: #000000;\">Dzisiejsz\u0105 niedziel\u0119 wzbogaci\u0142 szczeg\u00f3lny symbol \u2013 \u015awiate\u0142ko Betlejemskie. Jest to \u015bwiat\u0142o pokoju i nadziei, kt\u00f3re zap\u0142on\u0119\u0142o w Grocie Narodzenia w Betlejem, a dzisiaj dotar\u0142o r\u00f3wnie\u017c do liche\u0144skiego Domu Matki. Gromada Zuchowa \u201ePrzyjaciele Zielonego Lasu\u201d z W\u0105sosz przyby\u0142a do Lichenia z Betlejemskim \u015awiat\u0142em Pokoju, kt\u00f3rego p\u0142omie\u0144 mo\u017cna by\u0142o zabra\u0107 do swoich dom\u00f3w. \u015awiate\u0142ko to dociera do Polski od ponad 30 lat i przypomina nam, \u017ce Chrystus \u2013 \u015awiat\u0142o\u015b\u0107 \u015awiata \u2013 rozprasza ka\u017cd\u0105 ciemno\u015b\u0107.<\/span><\/p><p><span style=\"color: #000000;\">Na koniec Eucharystii pob\u0142ogos\u0142awione zosta\u0142y figurki Dzieci\u0105tka Jezus i \u017c\u0142\u00f3bki, kt\u00f3re dzieci uczestnicz\u0105ce we Mszy \u015awi\u0119tej zabra\u0142y ze sob\u0105 do domu.<\/span><\/p><p><span style=\"color: #000000;\">Niech te ostatnie dni Adwentu b\u0119d\u0105 czasem pokoju, wyciszenia i duchowego przygotowania na spotkanie z Jezusem, kt\u00f3ry przychodzi, by narodzi\u0107 si\u0119 w naszych sercach.<\/span><\/p>\t\t\t\t\t\t\t\t<\/div>\n\t\t\t\t<\/div>\n\t\t\t\t\t<\/div>\n\t\t<\/div>\n\t\t\t\t\t<\/div>\n\t\t<\/section>\n\t\t\t\t<section class=\"elementor-section elementor-top-section elementor-element elementor-element-10302db elementor-section-boxed elementor-section-height-default elementor-section-height-default\" data-id=\"10302db\" data-element_type=\"section\" data-e-type=\"section\">\n\t\t\t\t\t\t<div class=\"elementor-container elementor-column-gap-default\">\n\t\t\t\t\t<div class=\"elementor-column elementor-col-100 elementor-top-column elementor-element elementor-element-a4b1176\" data-id=\"a4b1176\" data-element_type=\"column\" data-e-type=\"column\">\n\t\t\t<div class=\"elementor-widget-wrap elementor-element-populated\">\n\t\t\t\t\t\t<div class=\"elementor-element elementor-element-8da4d0f elementor-widget elementor-widget-gallery\" data-id=\"8da4d0f\" data-element_type=\"widget\" data-e-type=\"widget\" data-settings=\"{&quot;lazyload&quot;:&quot;yes&quot;,&quot;gallery_layout&quot;:&quot;grid&quot;,&quot;columns&quot;:4,&quot;columns_tablet&quot;:2,&quot;columns_mobile&quot;:1,&quot;gap&quot;:{&quot;unit&quot;:&quot;px&quot;,&quot;size&quot;:10,&quot;sizes&quot;:[]},&quot;gap_tablet&quot;:{&quot;unit&quot;:&quot;px&quot;,&quot;size&quot;:10,&quot;sizes&quot;:[]},&quot;gap_mobile&quot;:{&quot;unit&quot;:&quot;px&quot;,&quot;size&quot;:10,&quot;sizes&quot;:[]},&quot;link_to&quot;:&quot;file&quot;,&quot;aspect_ratio&quot;:&quot;3:2&quot;,&quot;overlay_background&quot;:&quot;yes&quot;,&quot;content_hover_animation&quot;:&quot;fade-in&quot;}\" data-widget_type=\"gallery.default\">\n\t\t\t\t<div class=\"elementor-widget-container\">\n\t\t\t\t\t\t\t<div class=\"elementor-gallery__container\">\n\t\t\t\t\t\t\t<a class=\"e-gallery-item elementor-gallery-item elementor-animated-content\" href=\"https:\/\/www.lichen.pl\/wp-content\/uploads\/2024\/12\/IV-Niedziela-Adwentu-1.jpg\" data-elementor-open-lightbox=\"yes\" data-elementor-lightbox-slideshow=\"8da4d0f\" data-elementor-lightbox-title=\"IV Niedziela Adwentu (1)\" data-e-action-hash=\"#elementor-action%3Aaction%3Dlightbox%26settings%3DeyJpZCI6Nzg1ODcsInVybCI6Imh0dHBzOlwvXC93d3cubGljaGVuLnBsXC93cC1jb250ZW50XC91cGxvYWRzXC8yMDI0XC8xMlwvSVYtTmllZHppZWxhLUFkd2VudHUtMS5qcGciLCJzbGlkZXNob3ciOiI4ZGE0ZDBmIn0%3D\">\n\t\t\t\t\t<div class=\"e-gallery-image elementor-gallery-item__image\" data-thumbnail=\"https:\/\/www.lichen.pl\/wp-content\/uploads\/2024\/12\/IV-Niedziela-Adwentu-1-300x200.jpg\" data-width=\"300\" data-height=\"200\" aria-label=\"\" role=\"img\" ><\/div>\n\t\t\t\t\t\t\t\t\t\t\t<div class=\"elementor-gallery-item__overlay\"><\/div>\n\t\t\t\t\t\t\t\t\t\t\t\t\t\t<\/a>\n\t\t\t\t\t\t\t<a class=\"e-gallery-item elementor-gallery-item elementor-animated-content\" href=\"https:\/\/www.lichen.pl\/wp-content\/uploads\/2024\/12\/IV-Niedziela-Adwentu-2.jpg\" data-elementor-open-lightbox=\"yes\" data-elementor-lightbox-slideshow=\"8da4d0f\" data-elementor-lightbox-title=\"IV Niedziela Adwentu (2)\" data-e-action-hash=\"#elementor-action%3Aaction%3Dlightbox%26settings%3DeyJpZCI6Nzg1ODgsInVybCI6Imh0dHBzOlwvXC93d3cubGljaGVuLnBsXC93cC1jb250ZW50XC91cGxvYWRzXC8yMDI0XC8xMlwvSVYtTmllZHppZWxhLUFkd2VudHUtMi5qcGciLCJzbGlkZXNob3ciOiI4ZGE0ZDBmIn0%3D\">\n\t\t\t\t\t<div class=\"e-gallery-image elementor-gallery-item__image\" data-thumbnail=\"https:\/\/www.lichen.pl\/wp-content\/uploads\/2024\/12\/IV-Niedziela-Adwentu-2-300x200.jpg\" data-width=\"300\" data-height=\"200\" aria-label=\"\" role=\"img\" ><\/div>\n\t\t\t\t\t\t\t\t\t\t\t<div class=\"elementor-gallery-item__overlay\"><\/div>\n\t\t\t\t\t\t\t\t\t\t\t\t\t\t<\/a>\n\t\t\t\t\t\t\t<a class=\"e-gallery-item elementor-gallery-item elementor-animated-content\" href=\"https:\/\/www.lichen.pl\/wp-content\/uploads\/2024\/12\/IV-Niedziela-Adwentu-3.jpg\" data-elementor-open-lightbox=\"yes\" data-elementor-lightbox-slideshow=\"8da4d0f\" data-elementor-lightbox-title=\"IV Niedziela Adwentu (3)\" data-e-action-hash=\"#elementor-action%3Aaction%3Dlightbox%26settings%3DeyJpZCI6Nzg1ODksInVybCI6Imh0dHBzOlwvXC93d3cubGljaGVuLnBsXC93cC1jb250ZW50XC91cGxvYWRzXC8yMDI0XC8xMlwvSVYtTmllZHppZWxhLUFkd2VudHUtMy5qcGciLCJzbGlkZXNob3ciOiI4ZGE0ZDBmIn0%3D\">\n\t\t\t\t\t<div class=\"e-gallery-image elementor-gallery-item__image\" data-thumbnail=\"https:\/\/www.lichen.pl\/wp-content\/uploads\/2024\/12\/IV-Niedziela-Adwentu-3-300x200.jpg\" data-width=\"300\" data-height=\"200\" aria-label=\"\" role=\"img\" ><\/div>\n\t\t\t\t\t\t\t\t\t\t\t<div class=\"elementor-gallery-item__overlay\"><\/div>\n\t\t\t\t\t\t\t\t\t\t\t\t\t\t<\/a>\n\t\t\t\t\t\t\t<a class=\"e-gallery-item elementor-gallery-item elementor-animated-content\" href=\"https:\/\/www.lichen.pl\/wp-content\/uploads\/2024\/12\/IV-Niedziela-Adwentu-4.jpg\" data-elementor-open-lightbox=\"yes\" data-elementor-lightbox-slideshow=\"8da4d0f\" data-elementor-lightbox-title=\"IV Niedziela Adwentu (4)\" data-e-action-hash=\"#elementor-action%3Aaction%3Dlightbox%26settings%3DeyJpZCI6Nzg1OTAsInVybCI6Imh0dHBzOlwvXC93d3cubGljaGVuLnBsXC93cC1jb250ZW50XC91cGxvYWRzXC8yMDI0XC8xMlwvSVYtTmllZHppZWxhLUFkd2VudHUtNC5qcGciLCJzbGlkZXNob3ciOiI4ZGE0ZDBmIn0%3D\">\n\t\t\t\t\t<div class=\"e-gallery-image elementor-gallery-item__image\" data-thumbnail=\"https:\/\/www.lichen.pl\/wp-content\/uploads\/2024\/12\/IV-Niedziela-Adwentu-4-300x200.jpg\" data-width=\"300\" data-height=\"200\" aria-label=\"\" role=\"img\" ><\/div>\n\t\t\t\t\t\t\t\t\t\t\t<div class=\"elementor-gallery-item__overlay\"><\/div>\n\t\t\t\t\t\t\t\t\t\t\t\t\t\t<\/a>\n\t\t\t\t\t\t\t<a class=\"e-gallery-item elementor-gallery-item elementor-animated-content\" href=\"https:\/\/www.lichen.pl\/wp-content\/uploads\/2024\/12\/IV-Niedziela-Adwentu-5.jpg\" data-elementor-open-lightbox=\"yes\" data-elementor-lightbox-slideshow=\"8da4d0f\" data-elementor-lightbox-title=\"IV Niedziela Adwentu (5)\" data-e-action-hash=\"#elementor-action%3Aaction%3Dlightbox%26settings%3DeyJpZCI6Nzg1OTEsInVybCI6Imh0dHBzOlwvXC93d3cubGljaGVuLnBsXC93cC1jb250ZW50XC91cGxvYWRzXC8yMDI0XC8xMlwvSVYtTmllZHppZWxhLUFkd2VudHUtNS5qcGciLCJzbGlkZXNob3ciOiI4ZGE0ZDBmIn0%3D\">\n\t\t\t\t\t<div class=\"e-gallery-image elementor-gallery-item__image\" data-thumbnail=\"https:\/\/www.lichen.pl\/wp-content\/uploads\/2024\/12\/IV-Niedziela-Adwentu-5-300x200.jpg\" data-width=\"300\" data-height=\"200\" aria-label=\"\" role=\"img\" ><\/div>\n\t\t\t\t\t\t\t\t\t\t\t<div class=\"elementor-gallery-item__overlay\"><\/div>\n\t\t\t\t\t\t\t\t\t\t\t\t\t\t<\/a>\n\t\t\t\t\t\t\t<a class=\"e-gallery-item elementor-gallery-item elementor-animated-content\" href=\"https:\/\/www.lichen.pl\/wp-content\/uploads\/2024\/12\/IV-Niedziela-Adwentu-6.jpg\" data-elementor-open-lightbox=\"yes\" data-elementor-lightbox-slideshow=\"8da4d0f\" data-elementor-lightbox-title=\"IV Niedziela Adwentu (6)\" data-e-action-hash=\"#elementor-action%3Aaction%3Dlightbox%26settings%3DeyJpZCI6Nzg1OTIsInVybCI6Imh0dHBzOlwvXC93d3cubGljaGVuLnBsXC93cC1jb250ZW50XC91cGxvYWRzXC8yMDI0XC8xMlwvSVYtTmllZHppZWxhLUFkd2VudHUtNi5qcGciLCJzbGlkZXNob3ciOiI4ZGE0ZDBmIn0%3D\">\n\t\t\t\t\t<div class=\"e-gallery-image elementor-gallery-item__image\" data-thumbnail=\"https:\/\/www.lichen.pl\/wp-content\/uploads\/2024\/12\/IV-Niedziela-Adwentu-6-300x200.jpg\" data-width=\"300\" data-height=\"200\" aria-label=\"\" role=\"img\" ><\/div>\n\t\t\t\t\t\t\t\t\t\t\t<div class=\"elementor-gallery-item__overlay\"><\/div>\n\t\t\t\t\t\t\t\t\t\t\t\t\t\t<\/a>\n\t\t\t\t\t\t\t<a class=\"e-gallery-item elementor-gallery-item elementor-animated-content\" href=\"https:\/\/www.lichen.pl\/wp-content\/uploads\/2024\/12\/IV-Niedziela-Adwentu-7.jpg\" data-elementor-open-lightbox=\"yes\" data-elementor-lightbox-slideshow=\"8da4d0f\" data-elementor-lightbox-title=\"IV Niedziela Adwentu (7)\" data-e-action-hash=\"#elementor-action%3Aaction%3Dlightbox%26settings%3DeyJpZCI6Nzg1OTMsInVybCI6Imh0dHBzOlwvXC93d3cubGljaGVuLnBsXC93cC1jb250ZW50XC91cGxvYWRzXC8yMDI0XC8xMlwvSVYtTmllZHppZWxhLUFkd2VudHUtNy5qcGciLCJzbGlkZXNob3ciOiI4ZGE0ZDBmIn0%3D\">\n\t\t\t\t\t<div class=\"e-gallery-image elementor-gallery-item__image\" data-thumbnail=\"https:\/\/www.lichen.pl\/wp-content\/uploads\/2024\/12\/IV-Niedziela-Adwentu-7-300x200.jpg\" data-width=\"300\" data-height=\"200\" aria-label=\"\" role=\"img\" ><\/div>\n\t\t\t\t\t\t\t\t\t\t\t<div class=\"elementor-gallery-item__overlay\"><\/div>\n\t\t\t\t\t\t\t\t\t\t\t\t\t\t<\/a>\n\t\t\t\t\t\t\t<a class=\"e-gallery-item elementor-gallery-item elementor-animated-content\" href=\"https:\/\/www.lichen.pl\/wp-content\/uploads\/2024\/12\/IV-Niedziela-Adwentu-8.jpg\" data-elementor-open-lightbox=\"yes\" data-elementor-lightbox-slideshow=\"8da4d0f\" data-elementor-lightbox-title=\"IV Niedziela Adwentu (8)\" data-e-action-hash=\"#elementor-action%3Aaction%3Dlightbox%26settings%3DeyJpZCI6Nzg1OTQsInVybCI6Imh0dHBzOlwvXC93d3cubGljaGVuLnBsXC93cC1jb250ZW50XC91cGxvYWRzXC8yMDI0XC8xMlwvSVYtTmllZHppZWxhLUFkd2VudHUtOC5qcGciLCJzbGlkZXNob3ciOiI4ZGE0ZDBmIn0%3D\">\n\t\t\t\t\t<div class=\"e-gallery-image elementor-gallery-item__image\" data-thumbnail=\"https:\/\/www.lichen.pl\/wp-content\/uploads\/2024\/12\/IV-Niedziela-Adwentu-8-300x200.jpg\" data-width=\"300\" data-height=\"200\" aria-label=\"\" role=\"img\" ><\/div>\n\t\t\t\t\t\t\t\t\t\t\t<div class=\"elementor-gallery-item__overlay\"><\/div>\n\t\t\t\t\t\t\t\t\t\t\t\t\t\t<\/a>\n\t\t\t\t\t\t\t<a class=\"e-gallery-item elementor-gallery-item elementor-animated-content\" href=\"https:\/\/www.lichen.pl\/wp-content\/uploads\/2024\/12\/IV-Niedziela-Adwentu-9.jpg\" data-elementor-open-lightbox=\"yes\" data-elementor-lightbox-slideshow=\"8da4d0f\" data-elementor-lightbox-title=\"IV Niedziela Adwentu (9)\" data-e-action-hash=\"#elementor-action%3Aaction%3Dlightbox%26settings%3DeyJpZCI6Nzg1OTUsInVybCI6Imh0dHBzOlwvXC93d3cubGljaGVuLnBsXC93cC1jb250ZW50XC91cGxvYWRzXC8yMDI0XC8xMlwvSVYtTmllZHppZWxhLUFkd2VudHUtOS5qcGciLCJzbGlkZXNob3ciOiI4ZGE0ZDBmIn0%3D\">\n\t\t\t\t\t<div class=\"e-gallery-image elementor-gallery-item__image\" data-thumbnail=\"https:\/\/www.lichen.pl\/wp-content\/uploads\/2024\/12\/IV-Niedziela-Adwentu-9-300x200.jpg\" data-width=\"300\" data-height=\"200\" aria-label=\"\" role=\"img\" ><\/div>\n\t\t\t\t\t\t\t\t\t\t\t<div class=\"elementor-gallery-item__overlay\"><\/div>\n\t\t\t\t\t\t\t\t\t\t\t\t\t\t<\/a>\n\t\t\t\t\t\t\t<a class=\"e-gallery-item elementor-gallery-item elementor-animated-content\" href=\"https:\/\/www.lichen.pl\/wp-content\/uploads\/2024\/12\/IV-Niedziela-Adwentu-10.jpg\" data-elementor-open-lightbox=\"yes\" data-elementor-lightbox-slideshow=\"8da4d0f\" data-elementor-lightbox-title=\"IV Niedziela Adwentu (10)\" data-e-action-hash=\"#elementor-action%3Aaction%3Dlightbox%26settings%3DeyJpZCI6Nzg1OTYsInVybCI6Imh0dHBzOlwvXC93d3cubGljaGVuLnBsXC93cC1jb250ZW50XC91cGxvYWRzXC8yMDI0XC8xMlwvSVYtTmllZHppZWxhLUFkd2VudHUtMTAuanBnIiwic2xpZGVzaG93IjoiOGRhNGQwZiJ9\">\n\t\t\t\t\t<div class=\"e-gallery-image elementor-gallery-item__image\" data-thumbnail=\"https:\/\/www.lichen.pl\/wp-content\/uploads\/2024\/12\/IV-Niedziela-Adwentu-10-300x200.jpg\" data-width=\"300\" data-height=\"200\" aria-label=\"\" role=\"img\" ><\/div>\n\t\t\t\t\t\t\t\t\t\t\t<div class=\"elementor-gallery-item__overlay\"><\/div>\n\t\t\t\t\t\t\t\t\t\t\t\t\t\t<\/a>\n\t\t\t\t\t\t\t<a class=\"e-gallery-item elementor-gallery-item elementor-animated-content\" href=\"https:\/\/www.lichen.pl\/wp-content\/uploads\/2024\/12\/IV-Niedziela-Adwentu-11.jpg\" data-elementor-open-lightbox=\"yes\" data-elementor-lightbox-slideshow=\"8da4d0f\" data-elementor-lightbox-title=\"IV Niedziela Adwentu (11)\" data-e-action-hash=\"#elementor-action%3Aaction%3Dlightbox%26settings%3DeyJpZCI6Nzg1OTcsInVybCI6Imh0dHBzOlwvXC93d3cubGljaGVuLnBsXC93cC1jb250ZW50XC91cGxvYWRzXC8yMDI0XC8xMlwvSVYtTmllZHppZWxhLUFkd2VudHUtMTEuanBnIiwic2xpZGVzaG93IjoiOGRhNGQwZiJ9\">\n\t\t\t\t\t<div class=\"e-gallery-image elementor-gallery-item__image\" data-thumbnail=\"https:\/\/www.lichen.pl\/wp-content\/uploads\/2024\/12\/IV-Niedziela-Adwentu-11-300x200.jpg\" data-width=\"300\" data-height=\"200\" aria-label=\"\" role=\"img\" ><\/div>\n\t\t\t\t\t\t\t\t\t\t\t<div class=\"elementor-gallery-item__overlay\"><\/div>\n\t\t\t\t\t\t\t\t\t\t\t\t\t\t<\/a>\n\t\t\t\t\t\t\t<a class=\"e-gallery-item elementor-gallery-item elementor-animated-content\" href=\"https:\/\/www.lichen.pl\/wp-content\/uploads\/2024\/12\/IV-Niedziela-Adwentu-12.jpg\" data-elementor-open-lightbox=\"yes\" data-elementor-lightbox-slideshow=\"8da4d0f\" data-elementor-lightbox-title=\"IV Niedziela Adwentu (12)\" data-e-action-hash=\"#elementor-action%3Aaction%3Dlightbox%26settings%3DeyJpZCI6Nzg1OTgsInVybCI6Imh0dHBzOlwvXC93d3cubGljaGVuLnBsXC93cC1jb250ZW50XC91cGxvYWRzXC8yMDI0XC8xMlwvSVYtTmllZHppZWxhLUFkd2VudHUtMTIuanBnIiwic2xpZGVzaG93IjoiOGRhNGQwZiJ9\">\n\t\t\t\t\t<div class=\"e-gallery-image elementor-gallery-item__image\" data-thumbnail=\"https:\/\/www.lichen.pl\/wp-content\/uploads\/2024\/12\/IV-Niedziela-Adwentu-12-300x200.jpg\" data-width=\"300\" data-height=\"200\" aria-label=\"\" role=\"img\" ><\/div>\n\t\t\t\t\t\t\t\t\t\t\t<div class=\"elementor-gallery-item__overlay\"><\/div>\n\t\t\t\t\t\t\t\t\t\t\t\t\t\t<\/a>\n\t\t\t\t\t<\/div>\n\t\t\t\t\t<\/div>\n\t\t\t\t<\/div>\n\t\t\t\t\t<\/div>\n\t\t<\/div>\n\t\t\t\t\t<\/div>\n\t\t<\/section>\n\t\t\t\t<\/div>","protected":false},"excerpt":{"rendered":"<p>IV Niedziela Adwentu \u2013 Maryja, Matka Oczekiwanego Mesjasza Dzisiejsza czwarta niedziela Adwentu wprowadza nas bezpo\u015brednio w tajemnic\u0119 Bo\u017cego Narodzenia. W tym dniu szczeg\u00f3lnie wspominamy Maryj\u0119, przez kt\u00f3r\u0105 Syn Bo\u017cy sta\u0142 si\u0119 Cz\u0142owiekiem. W liche\u0144skim sanktuarium jest to wyj\u0105tkowy czas, poniewa\u017c tutaj, przed \u0142askami s\u0142yn\u0105cym wizerunkiem Matki Bo\u017cej, mo\u017cemy jeszcze g\u0142\u0119biej prze\u017cywa\u0107 radosne oczekiwanie na przyj\u015bcie [&hellip;]<\/p>\n","protected":false},"author":8,"featured_media":78596,"comment_status":"closed","ping_status":"closed","sticky":false,"template":"","format":"standard","meta":{"footnotes":""},"categories":[1],"tags":[],"class_list":["post-78585","post","type-post","status-publish","format-standard","has-post-thumbnail","hentry","category-aktualnosci","wpbf-post"],"yoast_head":"<!-- This site is optimized with the Yoast SEO plugin v27.4 - https:\/\/yoast.com\/product\/yoast-seo-wordpress\/ -->\n<title>IV Niedziela Adwentu - SANKTUARIUM W LICHENIU<\/title>\n<meta name=\"robots\" content=\"index, follow, max-snippet:-1, max-image-preview:large, max-video-preview:-1\" \/>\n<link rel=\"canonical\" href=\"https:\/\/www.lichen.pl\/es\/iv-niedziela-adwentu\/\" \/>\n<meta property=\"og:locale\" content=\"es_ES\" \/>\n<meta property=\"og:type\" content=\"article\" \/>\n<meta property=\"og:title\" content=\"IV Niedziela Adwentu - SANKTUARIUM W LICHENIU\" \/>\n<meta property=\"og:description\" content=\"IV Niedziela Adwentu \u2013 Maryja, Matka Oczekiwanego Mesjasza Dzisiejsza czwarta niedziela Adwentu wprowadza nas bezpo\u015brednio w tajemnic\u0119 Bo\u017cego Narodzenia. W tym dniu szczeg\u00f3lnie wspominamy Maryj\u0119, przez kt\u00f3r\u0105 Syn Bo\u017cy sta\u0142 si\u0119 Cz\u0142owiekiem. W liche\u0144skim sanktuarium jest to wyj\u0105tkowy czas, poniewa\u017c tutaj, przed \u0142askami s\u0142yn\u0105cym wizerunkiem Matki Bo\u017cej, mo\u017cemy jeszcze g\u0142\u0119biej prze\u017cywa\u0107 radosne oczekiwanie na przyj\u015bcie [&hellip;]\" \/>\n<meta property=\"og:url\" content=\"https:\/\/www.lichen.pl\/es\/iv-niedziela-adwentu\/\" \/>\n<meta property=\"og:site_name\" content=\"SANKTUARIUM W LICHENIU\" \/>\n<meta property=\"article:published_time\" content=\"2024-12-22T19:00:38+00:00\" \/>\n<meta property=\"article:modified_time\" content=\"2024-12-22T19:09:03+00:00\" \/>\n<meta property=\"og:image\" content=\"https:\/\/www.lichen.pl\/wp-content\/uploads\/2024\/12\/IV-Niedziela-Adwentu-10-1024x683.jpg\" \/>\n\t<meta property=\"og:image:width\" content=\"1024\" \/>\n\t<meta property=\"og:image:height\" content=\"683\" \/>\n\t<meta property=\"og:image:type\" content=\"image\/jpeg\" \/>\n<meta name=\"author\" content=\"Biuro Prasowe\" \/>\n<meta name=\"twitter:card\" content=\"summary_large_image\" \/>\n<meta name=\"twitter:label1\" content=\"Escrito por\" \/>\n\t<meta name=\"twitter:data1\" content=\"Biuro Prasowe\" \/>\n\t<meta name=\"twitter:label2\" content=\"Tiempo de lectura\" \/>\n\t<meta name=\"twitter:data2\" content=\"2 minutos\" \/>\n<script type=\"application\/ld+json\" class=\"yoast-schema-graph\">{\"@context\":\"https:\\\/\\\/schema.org\",\"@graph\":[{\"@type\":\"Article\",\"@id\":\"https:\\\/\\\/www.lichen.pl\\\/iv-niedziela-adwentu\\\/#article\",\"isPartOf\":{\"@id\":\"https:\\\/\\\/www.lichen.pl\\\/iv-niedziela-adwentu\\\/\"},\"author\":{\"name\":\"Biuro Prasowe\",\"@id\":\"https:\\\/\\\/www.lichen.pl\\\/fr\\\/#\\\/schema\\\/person\\\/682b5cfa2f8a664a298ed0bc19782a02\"},\"headline\":\"IV Niedziela Adwentu\",\"datePublished\":\"2024-12-22T19:00:38+00:00\",\"dateModified\":\"2024-12-22T19:09:03+00:00\",\"mainEntityOfPage\":{\"@id\":\"https:\\\/\\\/www.lichen.pl\\\/iv-niedziela-adwentu\\\/\"},\"wordCount\":370,\"image\":{\"@id\":\"https:\\\/\\\/www.lichen.pl\\\/iv-niedziela-adwentu\\\/#primaryimage\"},\"thumbnailUrl\":\"https:\\\/\\\/www.lichen.pl\\\/wp-content\\\/uploads\\\/2024\\\/12\\\/IV-Niedziela-Adwentu-10.jpg\",\"articleSection\":[\"Aktualno\u015bci\"],\"inLanguage\":\"es\"},{\"@type\":\"WebPage\",\"@id\":\"https:\\\/\\\/www.lichen.pl\\\/iv-niedziela-adwentu\\\/\",\"url\":\"https:\\\/\\\/www.lichen.pl\\\/iv-niedziela-adwentu\\\/\",\"name\":\"IV Niedziela Adwentu - SANKTUARIUM W LICHENIU\",\"isPartOf\":{\"@id\":\"https:\\\/\\\/www.lichen.pl\\\/fr\\\/#website\"},\"primaryImageOfPage\":{\"@id\":\"https:\\\/\\\/www.lichen.pl\\\/iv-niedziela-adwentu\\\/#primaryimage\"},\"image\":{\"@id\":\"https:\\\/\\\/www.lichen.pl\\\/iv-niedziela-adwentu\\\/#primaryimage\"},\"thumbnailUrl\":\"https:\\\/\\\/www.lichen.pl\\\/wp-content\\\/uploads\\\/2024\\\/12\\\/IV-Niedziela-Adwentu-10.jpg\",\"datePublished\":\"2024-12-22T19:00:38+00:00\",\"dateModified\":\"2024-12-22T19:09:03+00:00\",\"author\":{\"@id\":\"https:\\\/\\\/www.lichen.pl\\\/fr\\\/#\\\/schema\\\/person\\\/682b5cfa2f8a664a298ed0bc19782a02\"},\"breadcrumb\":{\"@id\":\"https:\\\/\\\/www.lichen.pl\\\/iv-niedziela-adwentu\\\/#breadcrumb\"},\"inLanguage\":\"es\",\"potentialAction\":[{\"@type\":\"ReadAction\",\"target\":[\"https:\\\/\\\/www.lichen.pl\\\/iv-niedziela-adwentu\\\/\"]}]},{\"@type\":\"ImageObject\",\"inLanguage\":\"es\",\"@id\":\"https:\\\/\\\/www.lichen.pl\\\/iv-niedziela-adwentu\\\/#primaryimage\",\"url\":\"https:\\\/\\\/www.lichen.pl\\\/wp-content\\\/uploads\\\/2024\\\/12\\\/IV-Niedziela-Adwentu-10.jpg\",\"contentUrl\":\"https:\\\/\\\/www.lichen.pl\\\/wp-content\\\/uploads\\\/2024\\\/12\\\/IV-Niedziela-Adwentu-10.jpg\",\"width\":1600,\"height\":1067},{\"@type\":\"BreadcrumbList\",\"@id\":\"https:\\\/\\\/www.lichen.pl\\\/iv-niedziela-adwentu\\\/#breadcrumb\",\"itemListElement\":[{\"@type\":\"ListItem\",\"position\":1,\"name\":\"Strona g\u0142\u00f3wna\",\"item\":\"https:\\\/\\\/www.lichen.pl\\\/\"},{\"@type\":\"ListItem\",\"position\":2,\"name\":\"IV Niedziela Adwentu\"}]},{\"@type\":\"WebSite\",\"@id\":\"https:\\\/\\\/www.lichen.pl\\\/fr\\\/#website\",\"url\":\"https:\\\/\\\/www.lichen.pl\\\/fr\\\/\",\"name\":\"SANKTUARIUM W LICHENIU\",\"description\":\"MATKI BO\u017bEJ LICHE\u0143SKIEJ BOLESNEJ KR\u00d3LOWEJ POLSKI\",\"potentialAction\":[{\"@type\":\"SearchAction\",\"target\":{\"@type\":\"EntryPoint\",\"urlTemplate\":\"https:\\\/\\\/www.lichen.pl\\\/fr\\\/?s={search_term_string}\"},\"query-input\":{\"@type\":\"PropertyValueSpecification\",\"valueRequired\":true,\"valueName\":\"search_term_string\"}}],\"inLanguage\":\"es\"},{\"@type\":\"Person\",\"@id\":\"https:\\\/\\\/www.lichen.pl\\\/fr\\\/#\\\/schema\\\/person\\\/682b5cfa2f8a664a298ed0bc19782a02\",\"name\":\"Biuro Prasowe\",\"image\":{\"@type\":\"ImageObject\",\"inLanguage\":\"es\",\"@id\":\"https:\\\/\\\/secure.gravatar.com\\\/avatar\\\/07fa3449d37670fd38888cb2e3db27aa13df245d811ec65206e44888f202bb53?s=96&d=retro&r=g\",\"url\":\"https:\\\/\\\/secure.gravatar.com\\\/avatar\\\/07fa3449d37670fd38888cb2e3db27aa13df245d811ec65206e44888f202bb53?s=96&d=retro&r=g\",\"contentUrl\":\"https:\\\/\\\/secure.gravatar.com\\\/avatar\\\/07fa3449d37670fd38888cb2e3db27aa13df245d811ec65206e44888f202bb53?s=96&d=retro&r=g\",\"caption\":\"Biuro Prasowe\"},\"sameAs\":[\"http:\\\/\\\/www.lichen.pl\"],\"url\":\"https:\\\/\\\/www.lichen.pl\\\/es\\\/author\\\/biuro-prasowe\\\/\"}]}<\/script>\n<!-- \/ Yoast SEO plugin. -->","yoast_head_json":{"title":"IV Niedziela Adwentu - SANKTUARIUM W LICHENIU","robots":{"index":"index","follow":"follow","max-snippet":"max-snippet:-1","max-image-preview":"max-image-preview:large","max-video-preview":"max-video-preview:-1"},"canonical":"https:\/\/www.lichen.pl\/es\/iv-niedziela-adwentu\/","og_locale":"es_ES","og_type":"article","og_title":"IV Niedziela Adwentu - SANKTUARIUM W LICHENIU","og_description":"IV Niedziela Adwentu \u2013 Maryja, Matka Oczekiwanego Mesjasza Dzisiejsza czwarta niedziela Adwentu wprowadza nas bezpo\u015brednio w tajemnic\u0119 Bo\u017cego Narodzenia. W tym dniu szczeg\u00f3lnie wspominamy Maryj\u0119, przez kt\u00f3r\u0105 Syn Bo\u017cy sta\u0142 si\u0119 Cz\u0142owiekiem. W liche\u0144skim sanktuarium jest to wyj\u0105tkowy czas, poniewa\u017c tutaj, przed \u0142askami s\u0142yn\u0105cym wizerunkiem Matki Bo\u017cej, mo\u017cemy jeszcze g\u0142\u0119biej prze\u017cywa\u0107 radosne oczekiwanie na przyj\u015bcie [&hellip;]","og_url":"https:\/\/www.lichen.pl\/es\/iv-niedziela-adwentu\/","og_site_name":"SANKTUARIUM W LICHENIU","article_published_time":"2024-12-22T19:00:38+00:00","article_modified_time":"2024-12-22T19:09:03+00:00","og_image":[{"width":1024,"height":683,"url":"https:\/\/www.lichen.pl\/wp-content\/uploads\/2024\/12\/IV-Niedziela-Adwentu-10-1024x683.jpg","type":"image\/jpeg"}],"author":"Biuro Prasowe","twitter_card":"summary_large_image","twitter_misc":{"Escrito por":"Biuro Prasowe","Tiempo de lectura":"2 minutos"},"schema":{"@context":"https:\/\/schema.org","@graph":[{"@type":"Article","@id":"https:\/\/www.lichen.pl\/iv-niedziela-adwentu\/#article","isPartOf":{"@id":"https:\/\/www.lichen.pl\/iv-niedziela-adwentu\/"},"author":{"name":"Biuro Prasowe","@id":"https:\/\/www.lichen.pl\/fr\/#\/schema\/person\/682b5cfa2f8a664a298ed0bc19782a02"},"headline":"IV Niedziela Adwentu","datePublished":"2024-12-22T19:00:38+00:00","dateModified":"2024-12-22T19:09:03+00:00","mainEntityOfPage":{"@id":"https:\/\/www.lichen.pl\/iv-niedziela-adwentu\/"},"wordCount":370,"image":{"@id":"https:\/\/www.lichen.pl\/iv-niedziela-adwentu\/#primaryimage"},"thumbnailUrl":"https:\/\/www.lichen.pl\/wp-content\/uploads\/2024\/12\/IV-Niedziela-Adwentu-10.jpg","articleSection":["Aktualno\u015bci"],"inLanguage":"es"},{"@type":"WebPage","@id":"https:\/\/www.lichen.pl\/iv-niedziela-adwentu\/","url":"https:\/\/www.lichen.pl\/iv-niedziela-adwentu\/","name":"IV Niedziela Adwentu - SANKTUARIUM W LICHENIU","isPartOf":{"@id":"https:\/\/www.lichen.pl\/fr\/#website"},"primaryImageOfPage":{"@id":"https:\/\/www.lichen.pl\/iv-niedziela-adwentu\/#primaryimage"},"image":{"@id":"https:\/\/www.lichen.pl\/iv-niedziela-adwentu\/#primaryimage"},"thumbnailUrl":"https:\/\/www.lichen.pl\/wp-content\/uploads\/2024\/12\/IV-Niedziela-Adwentu-10.jpg","datePublished":"2024-12-22T19:00:38+00:00","dateModified":"2024-12-22T19:09:03+00:00","author":{"@id":"https:\/\/www.lichen.pl\/fr\/#\/schema\/person\/682b5cfa2f8a664a298ed0bc19782a02"},"breadcrumb":{"@id":"https:\/\/www.lichen.pl\/iv-niedziela-adwentu\/#breadcrumb"},"inLanguage":"es","potentialAction":[{"@type":"ReadAction","target":["https:\/\/www.lichen.pl\/iv-niedziela-adwentu\/"]}]},{"@type":"ImageObject","inLanguage":"es","@id":"https:\/\/www.lichen.pl\/iv-niedziela-adwentu\/#primaryimage","url":"https:\/\/www.lichen.pl\/wp-content\/uploads\/2024\/12\/IV-Niedziela-Adwentu-10.jpg","contentUrl":"https:\/\/www.lichen.pl\/wp-content\/uploads\/2024\/12\/IV-Niedziela-Adwentu-10.jpg","width":1600,"height":1067},{"@type":"BreadcrumbList","@id":"https:\/\/www.lichen.pl\/iv-niedziela-adwentu\/#breadcrumb","itemListElement":[{"@type":"ListItem","position":1,"name":"Strona g\u0142\u00f3wna","item":"https:\/\/www.lichen.pl\/"},{"@type":"ListItem","position":2,"name":"IV Niedziela Adwentu"}]},{"@type":"WebSite","@id":"https:\/\/www.lichen.pl\/fr\/#website","url":"https:\/\/www.lichen.pl\/fr\/","name":"SANTUARIO EN LICHENIA","description":"LA DOLOROSA REINA DE POLONIA DE NUESTRO LICHEN","potentialAction":[{"@type":"SearchAction","target":{"@type":"EntryPoint","urlTemplate":"https:\/\/www.lichen.pl\/fr\/?s={search_term_string}"},"query-input":{"@type":"PropertyValueSpecification","valueRequired":true,"valueName":"search_term_string"}}],"inLanguage":"es"},{"@type":"Person","@id":"https:\/\/www.lichen.pl\/fr\/#\/schema\/person\/682b5cfa2f8a664a298ed0bc19782a02","name":"Biuro Prasowe","image":{"@type":"ImageObject","inLanguage":"es","@id":"https:\/\/secure.gravatar.com\/avatar\/07fa3449d37670fd38888cb2e3db27aa13df245d811ec65206e44888f202bb53?s=96&d=retro&r=g","url":"https:\/\/secure.gravatar.com\/avatar\/07fa3449d37670fd38888cb2e3db27aa13df245d811ec65206e44888f202bb53?s=96&d=retro&r=g","contentUrl":"https:\/\/secure.gravatar.com\/avatar\/07fa3449d37670fd38888cb2e3db27aa13df245d811ec65206e44888f202bb53?s=96&d=retro&r=g","caption":"Biuro Prasowe"},"sameAs":["http:\/\/www.lichen.pl"],"url":"https:\/\/www.lichen.pl\/es\/author\/biuro-prasowe\/"}]}},"_links":{"self":[{"href":"https:\/\/www.lichen.pl\/es\/wp-json\/wp\/v2\/posts\/78585","targetHints":{"allow":["GET"]}}],"collection":[{"href":"https:\/\/www.lichen.pl\/es\/wp-json\/wp\/v2\/posts"}],"about":[{"href":"https:\/\/www.lichen.pl\/es\/wp-json\/wp\/v2\/types\/post"}],"author":[{"embeddable":true,"href":"https:\/\/www.lichen.pl\/es\/wp-json\/wp\/v2\/users\/8"}],"replies":[{"embeddable":true,"href":"https:\/\/www.lichen.pl\/es\/wp-json\/wp\/v2\/comments?post=78585"}],"version-history":[{"count":3,"href":"https:\/\/www.lichen.pl\/es\/wp-json\/wp\/v2\/posts\/78585\/revisions"}],"predecessor-version":[{"id":78601,"href":"https:\/\/www.lichen.pl\/es\/wp-json\/wp\/v2\/posts\/78585\/revisions\/78601"}],"wp:featuredmedia":[{"embeddable":true,"href":"https:\/\/www.lichen.pl\/es\/wp-json\/wp\/v2\/media\/78596"}],"wp:attachment":[{"href":"https:\/\/www.lichen.pl\/es\/wp-json\/wp\/v2\/media?parent=78585"}],"wp:term":[{"taxonomy":"category","embeddable":true,"href":"https:\/\/www.lichen.pl\/es\/wp-json\/wp\/v2\/categories?post=78585"},{"taxonomy":"post_tag","embeddable":true,"href":"https:\/\/www.lichen.pl\/es\/wp-json\/wp\/v2\/tags?post=78585"}],"curies":[{"name":"wp","href":"https:\/\/api.w.org\/{rel}","templated":true}]}}