{"id":78688,"date":"2024-12-25T17:15:22","date_gmt":"2024-12-25T16:15:22","guid":{"rendered":"https:\/\/www.lichen.pl\/?p=78688"},"modified":"2024-12-25T17:23:14","modified_gmt":"2024-12-25T16:23:14","slug":"pasterka-w-sanktuarium-matki-bozej-lichenskiej-refleksja-i-misterium-bozego-narodzenia","status":"publish","type":"post","link":"https:\/\/www.lichen.pl\/es\/pasterka-w-sanktuarium-matki-bozej-lichenskiej-refleksja-i-misterium-bozego-narodzenia\/","title":{"rendered":"Pasterka w sanktuarium Matki Bo\u017cej Liche\u0144skiej \u2013 Refleksja i Misterium Bo\u017cego Narodzenia"},"content":{"rendered":"<div data-elementor-type=\"wp-post\" data-elementor-id=\"78688\" class=\"elementor elementor-78688\" data-elementor-post-type=\"post\">\n\t\t\t\t\t\t<section class=\"elementor-section elementor-top-section elementor-element elementor-element-07500b3 elementor-section-boxed elementor-section-height-default elementor-section-height-default\" data-id=\"07500b3\" data-element_type=\"section\" data-e-type=\"section\">\n\t\t\t\t\t\t<div class=\"elementor-container elementor-column-gap-default\">\n\t\t\t\t\t<div class=\"elementor-column elementor-col-100 elementor-top-column elementor-element elementor-element-07ab660\" data-id=\"07ab660\" data-element_type=\"column\" data-e-type=\"column\">\n\t\t\t<div class=\"elementor-widget-wrap elementor-element-populated\">\n\t\t\t\t\t\t<div class=\"elementor-element elementor-element-daf304d elementor-widget elementor-widget-text-editor\" data-id=\"daf304d\" data-element_type=\"widget\" data-e-type=\"widget\" data-widget_type=\"text-editor.default\">\n\t\t\t\t<div class=\"elementor-widget-container\">\n\t\t\t\t\t\t\t\t\t<h3>W blasku \u015bwi\u0105tecznych \u015bwiate\u0142 i przy d\u017awi\u0119kach kol\u0119d wierni zgromadzeni w sanktuarium Matki Bo\u017cej Liche\u0144skiej prze\u017cywali tegoroczn\u0105 Pasterk\u0119, kt\u00f3ra g\u0142\u0119boko wpisa\u0142a si\u0119 w serca i pami\u0119\u0107 wszystkich obecnych w liche\u0144skiej bazylice. Uroczysto\u015b\u0107, kt\u00f3ra rozpocz\u0119\u0142a si\u0119 o p\u00f3\u0142nocy, zgromadzi\u0142a licznych pielgrzym\u00f3w i liche\u0144skich parafian, kt\u00f3rzy przybyli, by wsp\u00f3lnie celebrowa\u0107 misterium narodzenia Zbawiciela.<\/h3>\t\t\t\t\t\t\t\t<\/div>\n\t\t\t\t<\/div>\n\t\t\t\t\t<\/div>\n\t\t<\/div>\n\t\t\t\t\t<\/div>\n\t\t<\/section>\n\t\t\t\t<section class=\"elementor-section elementor-top-section elementor-element elementor-element-f78f333 elementor-section-boxed elementor-section-height-default elementor-section-height-default\" data-id=\"f78f333\" data-element_type=\"section\" data-e-type=\"section\">\n\t\t\t\t\t\t<div class=\"elementor-container elementor-column-gap-default\">\n\t\t\t\t\t<div class=\"elementor-column elementor-col-100 elementor-top-column elementor-element elementor-element-18bce46\" data-id=\"18bce46\" data-element_type=\"column\" data-e-type=\"column\">\n\t\t\t<div class=\"elementor-widget-wrap elementor-element-populated\">\n\t\t\t\t\t\t<div class=\"elementor-element elementor-element-f832d73 elementor-widget elementor-widget-text-editor\" data-id=\"f832d73\" data-element_type=\"widget\" data-e-type=\"widget\" data-widget_type=\"text-editor.default\">\n\t\t\t\t<div class=\"elementor-widget-container\">\n\t\t\t\t\t\t\t\t\t<p><span style=\"color: #000000;\">Ju\u017c na pocz\u0105tku Eucharystii podkre\u015blono wyj\u0105tkowo\u015b\u0107 tej nocy. Zauwa\u017cono, \u017ce wigilijna wieczerza i\u00a0<\/span><span style=\"color: #000000;\">dzielenie si\u0119 op\u0142atkiem przygotowa\u0142y wszystkich na przyj\u0119cie najwa\u017cniejszej Uczty \u2013 Eucharystii.\u00a0<\/span><span style=\"color: #000000;\">Kustosz sanktuarium, ks. S\u0142awomir Homoncik MIC wprowadzi\u0142 zgromadzonych w g\u0142\u0119bi\u0119 tego\u00a0<\/span><span style=\"color: #000000;\">wydarzenia, wskazuj\u0105c na obecno\u015b\u0107 Emmanuela \u2013 Boga, kt\u00f3ry sta\u0142 si\u0119 Cz\u0142owiekiem, aby by\u0107 blisko\u00a0<\/span><span style=\"color: #000000;\">ka\u017cdego z nas.<\/span><\/p>\t\t\t\t\t\t\t\t<\/div>\n\t\t\t\t<\/div>\n\t\t\t\t\t<\/div>\n\t\t<\/div>\n\t\t\t\t\t<\/div>\n\t\t<\/section>\n\t\t\t\t<section class=\"elementor-section elementor-top-section elementor-element elementor-element-bbfd737 elementor-section-boxed elementor-section-height-default elementor-section-height-default\" data-id=\"bbfd737\" data-element_type=\"section\" data-e-type=\"section\">\n\t\t\t\t\t\t<div class=\"elementor-container elementor-column-gap-default\">\n\t\t\t\t\t<div class=\"elementor-column elementor-col-100 elementor-top-column elementor-element elementor-element-43af97b\" data-id=\"43af97b\" data-element_type=\"column\" data-e-type=\"column\">\n\t\t\t<div class=\"elementor-widget-wrap elementor-element-populated\">\n\t\t\t\t\t\t<div class=\"elementor-element elementor-element-9f15fad elementor-widget elementor-widget-text-editor\" data-id=\"9f15fad\" data-element_type=\"widget\" data-e-type=\"widget\" data-widget_type=\"text-editor.default\">\n\t\t\t\t<div class=\"elementor-widget-container\">\n\t\t\t\t\t\t\t\t\t<p><span style=\"color: #000000;\">Msz\u0119 \u015bw. poprzedzi\u0142a procesja, w kt\u00f3rej wniesiono figur\u0119 Dzieci\u0105tka Jezus. Urok tego momentu\u00a0<\/span><span style=\"color: #000000;\">podkre\u015bla\u0142a sceneria nawi\u0105zuj\u0105ca do betlejemskiej szopki \u2013 prostej, skromnej, lecz pe\u0142nej niezwyk\u0142ego\u00a0<\/span><span style=\"color: #000000;\">\u015bwiat\u0142a. Ksi\u0105dz Homoncik, ukazuj\u0105c figurk\u0119 Dzieci\u0105tka, zach\u0119ca\u0142 zgromadzonych do g\u0142\u0119bokiej\u00a0<\/span><span style=\"color: #000000;\">kontemplacji Daru, jaki B\u00f3g z\u0142o\u017cy\u0142 w t\u0119 noc dla ka\u017cdego cz\u0142owieka.<\/span><\/p>\t\t\t\t\t\t\t\t<\/div>\n\t\t\t\t<\/div>\n\t\t\t\t\t<\/div>\n\t\t<\/div>\n\t\t\t\t\t<\/div>\n\t\t<\/section>\n\t\t\t\t<section class=\"elementor-section elementor-top-section elementor-element elementor-element-df28042 elementor-section-boxed elementor-section-height-default elementor-section-height-default\" data-id=\"df28042\" data-element_type=\"section\" data-e-type=\"section\">\n\t\t\t\t\t\t<div class=\"elementor-container elementor-column-gap-default\">\n\t\t\t\t\t<div class=\"elementor-column elementor-col-100 elementor-top-column elementor-element elementor-element-bc3abfa\" data-id=\"bc3abfa\" data-element_type=\"column\" data-e-type=\"column\">\n\t\t\t<div class=\"elementor-widget-wrap elementor-element-populated\">\n\t\t\t\t\t\t<div class=\"elementor-element elementor-element-62acffa elementor-widget elementor-widget-image\" data-id=\"62acffa\" data-element_type=\"widget\" data-e-type=\"widget\" data-widget_type=\"image.default\">\n\t\t\t\t<div class=\"elementor-widget-container\">\n\t\t\t\t\t\t\t\t\t\t\t\t\t\t\t<img fetchpriority=\"high\" decoding=\"async\" width=\"1024\" height=\"683\" src=\"https:\/\/www.lichen.pl\/wp-content\/uploads\/2024\/12\/IMG_5321-Poprawione-Szum-1024x683.jpg\" class=\"attachment-large size-large wp-image-78690\" alt=\"\" srcset=\"https:\/\/www.lichen.pl\/wp-content\/uploads\/2024\/12\/IMG_5321-Poprawione-Szum-1024x683.jpg 1024w, https:\/\/www.lichen.pl\/wp-content\/uploads\/2024\/12\/IMG_5321-Poprawione-Szum-800x533.jpg 800w, https:\/\/www.lichen.pl\/wp-content\/uploads\/2024\/12\/IMG_5321-Poprawione-Szum-300x200.jpg 300w, https:\/\/www.lichen.pl\/wp-content\/uploads\/2024\/12\/IMG_5321-Poprawione-Szum-768x512.jpg 768w, https:\/\/www.lichen.pl\/wp-content\/uploads\/2024\/12\/IMG_5321-Poprawione-Szum-1536x1024.jpg 1536w, https:\/\/www.lichen.pl\/wp-content\/uploads\/2024\/12\/IMG_5321-Poprawione-Szum-2048x1365.jpg 2048w, https:\/\/www.lichen.pl\/wp-content\/uploads\/2024\/12\/IMG_5321-Poprawione-Szum-18x12.jpg 18w, https:\/\/www.lichen.pl\/wp-content\/uploads\/2024\/12\/IMG_5321-Poprawione-Szum.jpg 1920w\" sizes=\"(max-width: 1024px) 100vw, 1024px\" \/>\t\t\t\t\t\t\t\t\t\t\t\t\t\t\t<\/div>\n\t\t\t\t<\/div>\n\t\t\t\t\t<\/div>\n\t\t<\/div>\n\t\t\t\t\t<\/div>\n\t\t<\/section>\n\t\t\t\t<section class=\"elementor-section elementor-top-section elementor-element elementor-element-5ef9c26 elementor-section-boxed elementor-section-height-default elementor-section-height-default\" data-id=\"5ef9c26\" data-element_type=\"section\" data-e-type=\"section\">\n\t\t\t\t\t\t<div class=\"elementor-container elementor-column-gap-default\">\n\t\t\t\t\t<div class=\"elementor-column elementor-col-100 elementor-top-column elementor-element elementor-element-5e44a0e\" data-id=\"5e44a0e\" data-element_type=\"column\" data-e-type=\"column\">\n\t\t\t<div class=\"elementor-widget-wrap elementor-element-populated\">\n\t\t\t\t\t\t<div class=\"elementor-element elementor-element-25cd62e elementor-widget elementor-widget-text-editor\" data-id=\"25cd62e\" data-element_type=\"widget\" data-e-type=\"widget\" data-widget_type=\"text-editor.default\">\n\t\t\t\t<div class=\"elementor-widget-container\">\n\t\t\t\t\t\t\t\t\t<p><span style=\"color: #000000;\">Podczas liturgii odczytano fragment Ewangelii wed\u0142ug \u015bw. \u0141ukasza, odnosz\u0105c wszystkich do czas\u00f3w\u00a0<\/span><span style=\"color: #000000;\">narodzin Chrystusa \u2013 opowie\u015bci o prostocie i pokorze J\u00f3zefa i Maryi, kt\u00f3rzy w skromnych warunkach\u00a0<\/span><span style=\"color: #000000;\">powitali Zbawiciela \u015bwiata. Homilia ks. Homoncika by\u0142a swoist\u0105 medytacj\u0105 nad \u0142ask\u0105 Bo\u017c\u0105, kt\u00f3ra\u00a0<\/span><span style=\"color: #000000;\">objawi\u0142a si\u0119 w postaci Dzieci\u0119cia.<\/span><\/p>\t\t\t\t\t\t\t\t<\/div>\n\t\t\t\t<\/div>\n\t\t\t\t\t<\/div>\n\t\t<\/div>\n\t\t\t\t\t<\/div>\n\t\t<\/section>\n\t\t\t\t<section class=\"elementor-section elementor-top-section elementor-element elementor-element-e910896 elementor-section-boxed elementor-section-height-default elementor-section-height-default\" data-id=\"e910896\" data-element_type=\"section\" data-e-type=\"section\">\n\t\t\t\t\t\t<div class=\"elementor-container elementor-column-gap-default\">\n\t\t\t\t\t<div class=\"elementor-column elementor-col-100 elementor-top-column elementor-element elementor-element-51b0d41\" data-id=\"51b0d41\" data-element_type=\"column\" data-e-type=\"column\">\n\t\t\t<div class=\"elementor-widget-wrap elementor-element-populated\">\n\t\t\t\t\t\t<div class=\"elementor-element elementor-element-4cb1763 elementor-widget elementor-widget-text-editor\" data-id=\"4cb1763\" data-element_type=\"widget\" data-e-type=\"widget\" data-widget_type=\"text-editor.default\">\n\t\t\t\t<div class=\"elementor-widget-container\">\n\t\t\t\t\t\t\t\t\t<p><span style=\"color: #000000;\">Ksi\u0105dz kustosz skierowa\u0142 do zgromadzonych pytanie: Kt\u00f3re ze \u015bwi\u0105t Bo\u017cego Narodzenia najbardziej\u00a0<\/span><span style=\"color: #000000;\">zapad\u0142y wam w pami\u0119\u0107? Co sprawi\u0142o, \u017ce by\u0142y wyj\u0105tkowe? Wskaza\u0142 na prawd\u0119, \u017ce \u015bwi\u0119ta to czas mi\u0142o\u015bci,\u00a0<\/span><span style=\"color: #000000;\">pojednania i otwierania si\u0119 na \u0142ask\u0119 Bo\u017c\u0105. Przypomnia\u0142 tak\u017ce, \u017ce Bo\u017ce Narodzenie nie jest jedynie\u00a0<\/span><span style=\"color: #000000;\">wspomnieniem historycznego wydarzenia, lecz aktualnym darem \u2013 zaproszeniem do przyj\u0119cia Jezusa w<\/span><br \/><span style=\"color: #000000;\">codziennym \u017cyciu.<\/span><\/p>\t\t\t\t\t\t\t\t<\/div>\n\t\t\t\t<\/div>\n\t\t\t\t\t<\/div>\n\t\t<\/div>\n\t\t\t\t\t<\/div>\n\t\t<\/section>\n\t\t\t\t<section class=\"elementor-section elementor-top-section elementor-element elementor-element-6bcc6d1 elementor-section-boxed elementor-section-height-default elementor-section-height-default\" data-id=\"6bcc6d1\" data-element_type=\"section\" data-e-type=\"section\">\n\t\t\t\t\t\t<div class=\"elementor-container elementor-column-gap-default\">\n\t\t\t\t\t<div class=\"elementor-column elementor-col-100 elementor-top-column elementor-element elementor-element-8a60829\" data-id=\"8a60829\" data-element_type=\"column\" data-e-type=\"column\">\n\t\t\t<div class=\"elementor-widget-wrap elementor-element-populated\">\n\t\t\t\t\t\t<div class=\"elementor-element elementor-element-4ea1062 elementor-widget elementor-widget-text-editor\" data-id=\"4ea1062\" data-element_type=\"widget\" data-e-type=\"widget\" data-widget_type=\"text-editor.default\">\n\t\t\t\t<div class=\"elementor-widget-container\">\n\t\t\t\t\t\t\t\t\t<p><span style=\"color: #000000;\">Podkre\u015bli\u0142 rol\u0119 prostoty i pokory, kt\u00f3re prowadz\u0105 do prawdziwego spotkania z Bogiem. Nawi\u0105zuj\u0105c do\u00a0<\/span><span style=\"color: #000000;\">obrazu pasterzy, ks. Homoncik wskaza\u0142 na ich postaw\u0119 otwarto\u015bci i gotowo\u015bci odpowiedzi na wezwanie\u00a0<\/span><span style=\"color: #000000;\">\u0142aski. Zauwa\u017cy\u0142, \u017ce r\u00f3wnie\u017c dzisiaj, w zgie\u0142ku codzienno\u015bci, wielu mo\u017ce przeoczy\u0107 obecno\u015b\u0107 Chrystusa.<\/span><\/p>\t\t\t\t\t\t\t\t<\/div>\n\t\t\t\t<\/div>\n\t\t\t\t\t<\/div>\n\t\t<\/div>\n\t\t\t\t\t<\/div>\n\t\t<\/section>\n\t\t\t\t<section class=\"elementor-section elementor-top-section elementor-element elementor-element-8d686b4 elementor-section-boxed elementor-section-height-default elementor-section-height-default\" data-id=\"8d686b4\" data-element_type=\"section\" data-e-type=\"section\">\n\t\t\t\t\t\t<div class=\"elementor-container elementor-column-gap-default\">\n\t\t\t\t\t<div class=\"elementor-column elementor-col-100 elementor-top-column elementor-element elementor-element-aa0b2cf\" data-id=\"aa0b2cf\" data-element_type=\"column\" data-e-type=\"column\">\n\t\t\t<div class=\"elementor-widget-wrap elementor-element-populated\">\n\t\t\t\t\t\t<div class=\"elementor-element elementor-element-997ee3f elementor-widget elementor-widget-heading\" data-id=\"997ee3f\" data-element_type=\"widget\" data-e-type=\"widget\" data-widget_type=\"heading.default\">\n\t\t\t\t<div class=\"elementor-widget-container\">\n\t\t\t\t\t<h2 class=\"elementor-heading-title elementor-size-default\">Przes\u0142anie na \u015awi\u0119ta<\/h2>\t\t\t\t<\/div>\n\t\t\t\t<\/div>\n\t\t\t\t<div class=\"elementor-element elementor-element-646ca21 elementor-widget elementor-widget-text-editor\" data-id=\"646ca21\" data-element_type=\"widget\" data-e-type=\"widget\" data-widget_type=\"text-editor.default\">\n\t\t\t\t<div class=\"elementor-widget-container\">\n\t\t\t\t\t\t\t\t\t<p><span style=\"color: #000000;\">Tegoroczna Pasterka w sanktuarium Matki Bo\u017cej Liche\u0144skiej by\u0142a g\u0142\u0119boko duchowym do\u015bwiadczeniem,\u00a0<\/span><span style=\"color: #000000;\">kt\u00f3re otworzy\u0142o ludzkie serca na przyj\u0119cie Dzieci\u0105tka Jezus, pozwalaj\u0105c, by Jego mi\u0142o\u015b\u0107 i pok\u00f3j\u00a0<\/span><span style=\"color: #000000;\">przemienia\u0142y wszystkich wewn\u0119trznie, uzdrawia\u0142y i umacnia\u0142y ludzkie relacje w duchu mi\u0142o\u015bci, dobra i\u00a0<\/span><span style=\"color: #000000;\">pokoju.<\/span><\/p>\t\t\t\t\t\t\t\t<\/div>\n\t\t\t\t<\/div>\n\t\t\t\t\t<\/div>\n\t\t<\/div>\n\t\t\t\t\t<\/div>\n\t\t<\/section>\n\t\t\t\t<section class=\"elementor-section elementor-top-section elementor-element elementor-element-6cffac3 elementor-section-boxed elementor-section-height-default elementor-section-height-default\" data-id=\"6cffac3\" data-element_type=\"section\" data-e-type=\"section\">\n\t\t\t\t\t\t<div class=\"elementor-container elementor-column-gap-default\">\n\t\t\t\t\t<div class=\"elementor-column elementor-col-100 elementor-top-column elementor-element elementor-element-82acaf5\" data-id=\"82acaf5\" data-element_type=\"column\" data-e-type=\"column\">\n\t\t\t<div class=\"elementor-widget-wrap elementor-element-populated\">\n\t\t\t\t\t\t<div class=\"elementor-element elementor-element-ed70474 elementor-widget elementor-widget-text-editor\" data-id=\"ed70474\" data-element_type=\"widget\" data-e-type=\"widget\" data-widget_type=\"text-editor.default\">\n\t\t\t\t<div class=\"elementor-widget-container\">\n\t\t\t\t\t\t\t\t\t<p><span style=\"color: #000000;\">Przyjmijmy przychodz\u0105cego Jezusa do naszych serc, a te roz\u015bwietlone blaskiem Jego \u015bwiat\u0142a b\u0119d\u0105 mog\u0142y\u00a0<\/span><span style=\"color: #000000;\">na nowo do\u015bwiadczy\u0107 obecno\u015bci Emmanuela \u2013 Boga z nami. Boga, kt\u00f3ry jest mi\u0142o\u015bci\u0105 i nadziej\u0105, maj\u0105c\u0105\u00a0<\/span><span style=\"color: #000000;\">poprowadzi\u0107 nas przez rozpoczynaj\u0105cy si\u0119 Jubileusz 2025, czas dzi\u0119kczynienia za tajemnic\u0119 Wcielenia\u00a0<\/span><span style=\"color: #000000;\">Bo\u017cego Syna.<\/span><\/p>\t\t\t\t\t\t\t\t<\/div>\n\t\t\t\t<\/div>\n\t\t\t\t\t<\/div>\n\t\t<\/div>\n\t\t\t\t\t<\/div>\n\t\t<\/section>\n\t\t\t\t<section class=\"elementor-section elementor-top-section elementor-element elementor-element-86289e0 elementor-section-boxed elementor-section-height-default elementor-section-height-default\" data-id=\"86289e0\" data-element_type=\"section\" data-e-type=\"section\">\n\t\t\t\t\t\t<div class=\"elementor-container elementor-column-gap-default\">\n\t\t\t\t\t<div class=\"elementor-column elementor-col-100 elementor-top-column elementor-element elementor-element-f5a6cff\" data-id=\"f5a6cff\" data-element_type=\"column\" data-e-type=\"column\">\n\t\t\t<div class=\"elementor-widget-wrap elementor-element-populated\">\n\t\t\t\t\t\t<div class=\"elementor-element elementor-element-f1b6ad5 elementor-widget elementor-widget-image-gallery\" data-id=\"f1b6ad5\" data-element_type=\"widget\" data-e-type=\"widget\" data-widget_type=\"image-gallery.default\">\n\t\t\t\t<div class=\"elementor-widget-container\">\n\t\t\t\t\t\t\t<div class=\"elementor-image-gallery\">\n\t\t\t<div id='gallery-1' class='gallery galleryid-78688 gallery-columns-4 gallery-size-medium_large'><figure class='gallery-item'>\n\t\t\t<div class='gallery-icon landscape'>\n\t\t\t\t<a data-elementor-open-lightbox=\"yes\" data-elementor-lightbox-slideshow=\"f1b6ad5\" data-elementor-lightbox-title=\"Pasterka (1)\" data-e-action-hash=\"#elementor-action%3Aaction%3Dlightbox%26settings%3DeyJpZCI6Nzg2OTEsInVybCI6Imh0dHBzOlwvXC93d3cubGljaGVuLnBsXC93cC1jb250ZW50XC91cGxvYWRzXC8yMDI0XC8xMlwvUGFzdGVya2EtMS5qcGciLCJzbGlkZXNob3ciOiJmMWI2YWQ1In0%3D\" href='https:\/\/www.lichen.pl\/wp-content\/uploads\/2024\/12\/Pasterka-1.jpg'><img decoding=\"async\" width=\"768\" height=\"512\" src=\"https:\/\/www.lichen.pl\/wp-content\/uploads\/2024\/12\/Pasterka-1-768x512.jpg\" class=\"attachment-medium_large size-medium_large\" alt=\"\" srcset=\"https:\/\/www.lichen.pl\/wp-content\/uploads\/2024\/12\/Pasterka-1-768x512.jpg 768w, https:\/\/www.lichen.pl\/wp-content\/uploads\/2024\/12\/Pasterka-1-800x533.jpg 800w, https:\/\/www.lichen.pl\/wp-content\/uploads\/2024\/12\/Pasterka-1-300x200.jpg 300w, https:\/\/www.lichen.pl\/wp-content\/uploads\/2024\/12\/Pasterka-1-1024x683.jpg 1024w, https:\/\/www.lichen.pl\/wp-content\/uploads\/2024\/12\/Pasterka-1-1536x1024.jpg 1536w, https:\/\/www.lichen.pl\/wp-content\/uploads\/2024\/12\/Pasterka-1-2048x1365.jpg 2048w, https:\/\/www.lichen.pl\/wp-content\/uploads\/2024\/12\/Pasterka-1-18x12.jpg 18w, https:\/\/www.lichen.pl\/wp-content\/uploads\/2024\/12\/Pasterka-1.jpg 1920w\" sizes=\"(max-width: 768px) 100vw, 768px\" \/><\/a>\n\t\t\t<\/div><\/figure><figure class='gallery-item'>\n\t\t\t<div class='gallery-icon landscape'>\n\t\t\t\t<a data-elementor-open-lightbox=\"yes\" data-elementor-lightbox-slideshow=\"f1b6ad5\" data-elementor-lightbox-title=\"Pasterka (2)\" data-e-action-hash=\"#elementor-action%3Aaction%3Dlightbox%26settings%3DeyJpZCI6Nzg2OTIsInVybCI6Imh0dHBzOlwvXC93d3cubGljaGVuLnBsXC93cC1jb250ZW50XC91cGxvYWRzXC8yMDI0XC8xMlwvUGFzdGVya2EtMi5qcGciLCJzbGlkZXNob3ciOiJmMWI2YWQ1In0%3D\" href='https:\/\/www.lichen.pl\/wp-content\/uploads\/2024\/12\/Pasterka-2.jpg'><img decoding=\"async\" width=\"768\" height=\"512\" src=\"https:\/\/www.lichen.pl\/wp-content\/uploads\/2024\/12\/Pasterka-2-768x512.jpg\" class=\"attachment-medium_large size-medium_large\" alt=\"\" srcset=\"https:\/\/www.lichen.pl\/wp-content\/uploads\/2024\/12\/Pasterka-2-768x512.jpg 768w, https:\/\/www.lichen.pl\/wp-content\/uploads\/2024\/12\/Pasterka-2-800x533.jpg 800w, https:\/\/www.lichen.pl\/wp-content\/uploads\/2024\/12\/Pasterka-2-300x200.jpg 300w, https:\/\/www.lichen.pl\/wp-content\/uploads\/2024\/12\/Pasterka-2-1024x683.jpg 1024w, https:\/\/www.lichen.pl\/wp-content\/uploads\/2024\/12\/Pasterka-2-1536x1024.jpg 1536w, https:\/\/www.lichen.pl\/wp-content\/uploads\/2024\/12\/Pasterka-2-2048x1365.jpg 2048w, https:\/\/www.lichen.pl\/wp-content\/uploads\/2024\/12\/Pasterka-2-18x12.jpg 18w, https:\/\/www.lichen.pl\/wp-content\/uploads\/2024\/12\/Pasterka-2.jpg 1920w\" sizes=\"(max-width: 768px) 100vw, 768px\" \/><\/a>\n\t\t\t<\/div><\/figure><figure class='gallery-item'>\n\t\t\t<div class='gallery-icon landscape'>\n\t\t\t\t<a data-elementor-open-lightbox=\"yes\" data-elementor-lightbox-slideshow=\"f1b6ad5\" data-elementor-lightbox-title=\"Pasterka (3)\" data-e-action-hash=\"#elementor-action%3Aaction%3Dlightbox%26settings%3DeyJpZCI6Nzg2OTMsInVybCI6Imh0dHBzOlwvXC93d3cubGljaGVuLnBsXC93cC1jb250ZW50XC91cGxvYWRzXC8yMDI0XC8xMlwvUGFzdGVya2EtMy5qcGciLCJzbGlkZXNob3ciOiJmMWI2YWQ1In0%3D\" href='https:\/\/www.lichen.pl\/wp-content\/uploads\/2024\/12\/Pasterka-3.jpg'><img loading=\"lazy\" decoding=\"async\" width=\"768\" height=\"512\" src=\"https:\/\/www.lichen.pl\/wp-content\/uploads\/2024\/12\/Pasterka-3-768x512.jpg\" class=\"attachment-medium_large size-medium_large\" alt=\"\" srcset=\"https:\/\/www.lichen.pl\/wp-content\/uploads\/2024\/12\/Pasterka-3-768x512.jpg 768w, https:\/\/www.lichen.pl\/wp-content\/uploads\/2024\/12\/Pasterka-3-800x533.jpg 800w, https:\/\/www.lichen.pl\/wp-content\/uploads\/2024\/12\/Pasterka-3-300x200.jpg 300w, https:\/\/www.lichen.pl\/wp-content\/uploads\/2024\/12\/Pasterka-3-1024x683.jpg 1024w, https:\/\/www.lichen.pl\/wp-content\/uploads\/2024\/12\/Pasterka-3-1536x1024.jpg 1536w, https:\/\/www.lichen.pl\/wp-content\/uploads\/2024\/12\/Pasterka-3-2048x1365.jpg 2048w, https:\/\/www.lichen.pl\/wp-content\/uploads\/2024\/12\/Pasterka-3-18x12.jpg 18w, https:\/\/www.lichen.pl\/wp-content\/uploads\/2024\/12\/Pasterka-3.jpg 1920w\" sizes=\"(max-width: 768px) 100vw, 768px\" \/><\/a>\n\t\t\t<\/div><\/figure><figure class='gallery-item'>\n\t\t\t<div class='gallery-icon landscape'>\n\t\t\t\t<a data-elementor-open-lightbox=\"yes\" data-elementor-lightbox-slideshow=\"f1b6ad5\" data-elementor-lightbox-title=\"Pasterka (4)\" data-e-action-hash=\"#elementor-action%3Aaction%3Dlightbox%26settings%3DeyJpZCI6Nzg2OTQsInVybCI6Imh0dHBzOlwvXC93d3cubGljaGVuLnBsXC93cC1jb250ZW50XC91cGxvYWRzXC8yMDI0XC8xMlwvUGFzdGVya2EtNC5qcGciLCJzbGlkZXNob3ciOiJmMWI2YWQ1In0%3D\" href='https:\/\/www.lichen.pl\/wp-content\/uploads\/2024\/12\/Pasterka-4.jpg'><img loading=\"lazy\" decoding=\"async\" width=\"768\" height=\"512\" src=\"https:\/\/www.lichen.pl\/wp-content\/uploads\/2024\/12\/Pasterka-4-768x512.jpg\" class=\"attachment-medium_large size-medium_large\" alt=\"\" srcset=\"https:\/\/www.lichen.pl\/wp-content\/uploads\/2024\/12\/Pasterka-4-768x512.jpg 768w, https:\/\/www.lichen.pl\/wp-content\/uploads\/2024\/12\/Pasterka-4-800x534.jpg 800w, https:\/\/www.lichen.pl\/wp-content\/uploads\/2024\/12\/Pasterka-4-300x200.jpg 300w, https:\/\/www.lichen.pl\/wp-content\/uploads\/2024\/12\/Pasterka-4-1024x683.jpg 1024w, https:\/\/www.lichen.pl\/wp-content\/uploads\/2024\/12\/Pasterka-4-1536x1024.jpg 1536w, https:\/\/www.lichen.pl\/wp-content\/uploads\/2024\/12\/Pasterka-4-2048x1365.jpg 2048w, https:\/\/www.lichen.pl\/wp-content\/uploads\/2024\/12\/Pasterka-4-18x12.jpg 18w, https:\/\/www.lichen.pl\/wp-content\/uploads\/2024\/12\/Pasterka-4.jpg 1600w\" sizes=\"(max-width: 768px) 100vw, 768px\" \/><\/a>\n\t\t\t<\/div><\/figure><figure class='gallery-item'>\n\t\t\t<div class='gallery-icon landscape'>\n\t\t\t\t<a data-elementor-open-lightbox=\"yes\" data-elementor-lightbox-slideshow=\"f1b6ad5\" data-elementor-lightbox-title=\"Pasterka (5)\" data-e-action-hash=\"#elementor-action%3Aaction%3Dlightbox%26settings%3DeyJpZCI6Nzg2OTUsInVybCI6Imh0dHBzOlwvXC93d3cubGljaGVuLnBsXC93cC1jb250ZW50XC91cGxvYWRzXC8yMDI0XC8xMlwvUGFzdGVya2EtNS5qcGciLCJzbGlkZXNob3ciOiJmMWI2YWQ1In0%3D\" href='https:\/\/www.lichen.pl\/wp-content\/uploads\/2024\/12\/Pasterka-5.jpg'><img loading=\"lazy\" decoding=\"async\" width=\"768\" height=\"512\" src=\"https:\/\/www.lichen.pl\/wp-content\/uploads\/2024\/12\/Pasterka-5-768x512.jpg\" class=\"attachment-medium_large size-medium_large\" alt=\"\" srcset=\"https:\/\/www.lichen.pl\/wp-content\/uploads\/2024\/12\/Pasterka-5-768x512.jpg 768w, https:\/\/www.lichen.pl\/wp-content\/uploads\/2024\/12\/Pasterka-5-800x534.jpg 800w, https:\/\/www.lichen.pl\/wp-content\/uploads\/2024\/12\/Pasterka-5-300x200.jpg 300w, https:\/\/www.lichen.pl\/wp-content\/uploads\/2024\/12\/Pasterka-5-1024x683.jpg 1024w, https:\/\/www.lichen.pl\/wp-content\/uploads\/2024\/12\/Pasterka-5-1536x1024.jpg 1536w, https:\/\/www.lichen.pl\/wp-content\/uploads\/2024\/12\/Pasterka-5-2048x1365.jpg 2048w, https:\/\/www.lichen.pl\/wp-content\/uploads\/2024\/12\/Pasterka-5-18x12.jpg 18w, https:\/\/www.lichen.pl\/wp-content\/uploads\/2024\/12\/Pasterka-5.jpg 1600w\" sizes=\"(max-width: 768px) 100vw, 768px\" \/><\/a>\n\t\t\t<\/div><\/figure><figure class='gallery-item'>\n\t\t\t<div class='gallery-icon landscape'>\n\t\t\t\t<a data-elementor-open-lightbox=\"yes\" data-elementor-lightbox-slideshow=\"f1b6ad5\" data-elementor-lightbox-title=\"Pasterka (6)\" data-e-action-hash=\"#elementor-action%3Aaction%3Dlightbox%26settings%3DeyJpZCI6Nzg2OTYsInVybCI6Imh0dHBzOlwvXC93d3cubGljaGVuLnBsXC93cC1jb250ZW50XC91cGxvYWRzXC8yMDI0XC8xMlwvUGFzdGVya2EtNi5qcGciLCJzbGlkZXNob3ciOiJmMWI2YWQ1In0%3D\" href='https:\/\/www.lichen.pl\/wp-content\/uploads\/2024\/12\/Pasterka-6.jpg'><img loading=\"lazy\" decoding=\"async\" width=\"768\" height=\"512\" src=\"https:\/\/www.lichen.pl\/wp-content\/uploads\/2024\/12\/Pasterka-6-768x512.jpg\" class=\"attachment-medium_large size-medium_large\" alt=\"\" srcset=\"https:\/\/www.lichen.pl\/wp-content\/uploads\/2024\/12\/Pasterka-6-768x512.jpg 768w, https:\/\/www.lichen.pl\/wp-content\/uploads\/2024\/12\/Pasterka-6-800x534.jpg 800w, https:\/\/www.lichen.pl\/wp-content\/uploads\/2024\/12\/Pasterka-6-300x200.jpg 300w, https:\/\/www.lichen.pl\/wp-content\/uploads\/2024\/12\/Pasterka-6-1024x683.jpg 1024w, https:\/\/www.lichen.pl\/wp-content\/uploads\/2024\/12\/Pasterka-6-1536x1024.jpg 1536w, https:\/\/www.lichen.pl\/wp-content\/uploads\/2024\/12\/Pasterka-6-2048x1365.jpg 2048w, https:\/\/www.lichen.pl\/wp-content\/uploads\/2024\/12\/Pasterka-6-18x12.jpg 18w, https:\/\/www.lichen.pl\/wp-content\/uploads\/2024\/12\/Pasterka-6.jpg 1600w\" sizes=\"(max-width: 768px) 100vw, 768px\" \/><\/a>\n\t\t\t<\/div><\/figure><figure class='gallery-item'>\n\t\t\t<div class='gallery-icon landscape'>\n\t\t\t\t<a data-elementor-open-lightbox=\"yes\" data-elementor-lightbox-slideshow=\"f1b6ad5\" data-elementor-lightbox-title=\"Pasterka (7)\" data-e-action-hash=\"#elementor-action%3Aaction%3Dlightbox%26settings%3DeyJpZCI6Nzg2OTcsInVybCI6Imh0dHBzOlwvXC93d3cubGljaGVuLnBsXC93cC1jb250ZW50XC91cGxvYWRzXC8yMDI0XC8xMlwvUGFzdGVya2EtNy5qcGciLCJzbGlkZXNob3ciOiJmMWI2YWQ1In0%3D\" href='https:\/\/www.lichen.pl\/wp-content\/uploads\/2024\/12\/Pasterka-7.jpg'><img loading=\"lazy\" decoding=\"async\" width=\"768\" height=\"512\" src=\"https:\/\/www.lichen.pl\/wp-content\/uploads\/2024\/12\/Pasterka-7-768x512.jpg\" class=\"attachment-medium_large size-medium_large\" alt=\"\" srcset=\"https:\/\/www.lichen.pl\/wp-content\/uploads\/2024\/12\/Pasterka-7-768x512.jpg 768w, https:\/\/www.lichen.pl\/wp-content\/uploads\/2024\/12\/Pasterka-7-800x533.jpg 800w, https:\/\/www.lichen.pl\/wp-content\/uploads\/2024\/12\/Pasterka-7-300x200.jpg 300w, https:\/\/www.lichen.pl\/wp-content\/uploads\/2024\/12\/Pasterka-7-1024x683.jpg 1024w, https:\/\/www.lichen.pl\/wp-content\/uploads\/2024\/12\/Pasterka-7-1536x1024.jpg 1536w, https:\/\/www.lichen.pl\/wp-content\/uploads\/2024\/12\/Pasterka-7-2048x1365.jpg 2048w, https:\/\/www.lichen.pl\/wp-content\/uploads\/2024\/12\/Pasterka-7-18x12.jpg 18w, https:\/\/www.lichen.pl\/wp-content\/uploads\/2024\/12\/Pasterka-7.jpg 1920w\" sizes=\"(max-width: 768px) 100vw, 768px\" \/><\/a>\n\t\t\t<\/div><\/figure><figure class='gallery-item'>\n\t\t\t<div class='gallery-icon landscape'>\n\t\t\t\t<a data-elementor-open-lightbox=\"yes\" data-elementor-lightbox-slideshow=\"f1b6ad5\" data-elementor-lightbox-title=\"Pasterka (8)\" data-e-action-hash=\"#elementor-action%3Aaction%3Dlightbox%26settings%3DeyJpZCI6Nzg2OTgsInVybCI6Imh0dHBzOlwvXC93d3cubGljaGVuLnBsXC93cC1jb250ZW50XC91cGxvYWRzXC8yMDI0XC8xMlwvUGFzdGVya2EtOC5qcGciLCJzbGlkZXNob3ciOiJmMWI2YWQ1In0%3D\" href='https:\/\/www.lichen.pl\/wp-content\/uploads\/2024\/12\/Pasterka-8.jpg'><img loading=\"lazy\" decoding=\"async\" width=\"768\" height=\"512\" src=\"https:\/\/www.lichen.pl\/wp-content\/uploads\/2024\/12\/Pasterka-8-768x512.jpg\" class=\"attachment-medium_large size-medium_large\" alt=\"\" srcset=\"https:\/\/www.lichen.pl\/wp-content\/uploads\/2024\/12\/Pasterka-8-768x512.jpg 768w, https:\/\/www.lichen.pl\/wp-content\/uploads\/2024\/12\/Pasterka-8-800x533.jpg 800w, https:\/\/www.lichen.pl\/wp-content\/uploads\/2024\/12\/Pasterka-8-300x200.jpg 300w, https:\/\/www.lichen.pl\/wp-content\/uploads\/2024\/12\/Pasterka-8-1024x683.jpg 1024w, https:\/\/www.lichen.pl\/wp-content\/uploads\/2024\/12\/Pasterka-8-1536x1024.jpg 1536w, https:\/\/www.lichen.pl\/wp-content\/uploads\/2024\/12\/Pasterka-8-2048x1365.jpg 2048w, https:\/\/www.lichen.pl\/wp-content\/uploads\/2024\/12\/Pasterka-8-18x12.jpg 18w, https:\/\/www.lichen.pl\/wp-content\/uploads\/2024\/12\/Pasterka-8.jpg 1920w\" sizes=\"(max-width: 768px) 100vw, 768px\" \/><\/a>\n\t\t\t<\/div><\/figure><figure class='gallery-item'>\n\t\t\t<div class='gallery-icon landscape'>\n\t\t\t\t<a data-elementor-open-lightbox=\"yes\" data-elementor-lightbox-slideshow=\"f1b6ad5\" data-elementor-lightbox-title=\"Pasterka (9)\" data-e-action-hash=\"#elementor-action%3Aaction%3Dlightbox%26settings%3DeyJpZCI6Nzg2OTksInVybCI6Imh0dHBzOlwvXC93d3cubGljaGVuLnBsXC93cC1jb250ZW50XC91cGxvYWRzXC8yMDI0XC8xMlwvUGFzdGVya2EtOS5qcGciLCJzbGlkZXNob3ciOiJmMWI2YWQ1In0%3D\" href='https:\/\/www.lichen.pl\/wp-content\/uploads\/2024\/12\/Pasterka-9.jpg'><img loading=\"lazy\" decoding=\"async\" width=\"768\" height=\"512\" src=\"https:\/\/www.lichen.pl\/wp-content\/uploads\/2024\/12\/Pasterka-9-768x512.jpg\" class=\"attachment-medium_large size-medium_large\" alt=\"\" srcset=\"https:\/\/www.lichen.pl\/wp-content\/uploads\/2024\/12\/Pasterka-9-768x512.jpg 768w, https:\/\/www.lichen.pl\/wp-content\/uploads\/2024\/12\/Pasterka-9-800x533.jpg 800w, https:\/\/www.lichen.pl\/wp-content\/uploads\/2024\/12\/Pasterka-9-300x200.jpg 300w, https:\/\/www.lichen.pl\/wp-content\/uploads\/2024\/12\/Pasterka-9-1024x683.jpg 1024w, https:\/\/www.lichen.pl\/wp-content\/uploads\/2024\/12\/Pasterka-9-1536x1024.jpg 1536w, https:\/\/www.lichen.pl\/wp-content\/uploads\/2024\/12\/Pasterka-9-2048x1365.jpg 2048w, https:\/\/www.lichen.pl\/wp-content\/uploads\/2024\/12\/Pasterka-9-18x12.jpg 18w, https:\/\/www.lichen.pl\/wp-content\/uploads\/2024\/12\/Pasterka-9.jpg 1920w\" sizes=\"(max-width: 768px) 100vw, 768px\" \/><\/a>\n\t\t\t<\/div><\/figure><figure class='gallery-item'>\n\t\t\t<div class='gallery-icon landscape'>\n\t\t\t\t<a data-elementor-open-lightbox=\"yes\" data-elementor-lightbox-slideshow=\"f1b6ad5\" data-elementor-lightbox-title=\"Pasterka (10)\" data-e-action-hash=\"#elementor-action%3Aaction%3Dlightbox%26settings%3DeyJpZCI6Nzg3MDAsInVybCI6Imh0dHBzOlwvXC93d3cubGljaGVuLnBsXC93cC1jb250ZW50XC91cGxvYWRzXC8yMDI0XC8xMlwvUGFzdGVya2EtMTAuanBnIiwic2xpZGVzaG93IjoiZjFiNmFkNSJ9\" href='https:\/\/www.lichen.pl\/wp-content\/uploads\/2024\/12\/Pasterka-10.jpg'><img loading=\"lazy\" decoding=\"async\" width=\"768\" height=\"512\" src=\"https:\/\/www.lichen.pl\/wp-content\/uploads\/2024\/12\/Pasterka-10-768x512.jpg\" class=\"attachment-medium_large size-medium_large\" alt=\"\" srcset=\"https:\/\/www.lichen.pl\/wp-content\/uploads\/2024\/12\/Pasterka-10-768x512.jpg 768w, https:\/\/www.lichen.pl\/wp-content\/uploads\/2024\/12\/Pasterka-10-800x533.jpg 800w, https:\/\/www.lichen.pl\/wp-content\/uploads\/2024\/12\/Pasterka-10-300x200.jpg 300w, https:\/\/www.lichen.pl\/wp-content\/uploads\/2024\/12\/Pasterka-10-1024x683.jpg 1024w, https:\/\/www.lichen.pl\/wp-content\/uploads\/2024\/12\/Pasterka-10-1536x1024.jpg 1536w, https:\/\/www.lichen.pl\/wp-content\/uploads\/2024\/12\/Pasterka-10-2048x1365.jpg 2048w, https:\/\/www.lichen.pl\/wp-content\/uploads\/2024\/12\/Pasterka-10-18x12.jpg 18w, https:\/\/www.lichen.pl\/wp-content\/uploads\/2024\/12\/Pasterka-10.jpg 1920w\" sizes=\"(max-width: 768px) 100vw, 768px\" \/><\/a>\n\t\t\t<\/div><\/figure><figure class='gallery-item'>\n\t\t\t<div class='gallery-icon landscape'>\n\t\t\t\t<a data-elementor-open-lightbox=\"yes\" data-elementor-lightbox-slideshow=\"f1b6ad5\" data-elementor-lightbox-title=\"Pasterka (11)\" data-e-action-hash=\"#elementor-action%3Aaction%3Dlightbox%26settings%3DeyJpZCI6Nzg3MDEsInVybCI6Imh0dHBzOlwvXC93d3cubGljaGVuLnBsXC93cC1jb250ZW50XC91cGxvYWRzXC8yMDI0XC8xMlwvUGFzdGVya2EtMTEuanBnIiwic2xpZGVzaG93IjoiZjFiNmFkNSJ9\" href='https:\/\/www.lichen.pl\/wp-content\/uploads\/2024\/12\/Pasterka-11.jpg'><img loading=\"lazy\" decoding=\"async\" width=\"768\" height=\"512\" src=\"https:\/\/www.lichen.pl\/wp-content\/uploads\/2024\/12\/Pasterka-11-768x512.jpg\" class=\"attachment-medium_large size-medium_large\" alt=\"\" srcset=\"https:\/\/www.lichen.pl\/wp-content\/uploads\/2024\/12\/Pasterka-11-768x512.jpg 768w, https:\/\/www.lichen.pl\/wp-content\/uploads\/2024\/12\/Pasterka-11-800x534.jpg 800w, https:\/\/www.lichen.pl\/wp-content\/uploads\/2024\/12\/Pasterka-11-300x200.jpg 300w, https:\/\/www.lichen.pl\/wp-content\/uploads\/2024\/12\/Pasterka-11-1024x683.jpg 1024w, https:\/\/www.lichen.pl\/wp-content\/uploads\/2024\/12\/Pasterka-11-1536x1024.jpg 1536w, https:\/\/www.lichen.pl\/wp-content\/uploads\/2024\/12\/Pasterka-11-2048x1365.jpg 2048w, https:\/\/www.lichen.pl\/wp-content\/uploads\/2024\/12\/Pasterka-11-18x12.jpg 18w, https:\/\/www.lichen.pl\/wp-content\/uploads\/2024\/12\/Pasterka-11.jpg 1600w\" sizes=\"(max-width: 768px) 100vw, 768px\" \/><\/a>\n\t\t\t<\/div><\/figure><figure class='gallery-item'>\n\t\t\t<div class='gallery-icon landscape'>\n\t\t\t\t<a data-elementor-open-lightbox=\"yes\" data-elementor-lightbox-slideshow=\"f1b6ad5\" data-elementor-lightbox-title=\"Pasterka (12)\" data-e-action-hash=\"#elementor-action%3Aaction%3Dlightbox%26settings%3DeyJpZCI6Nzg3MDIsInVybCI6Imh0dHBzOlwvXC93d3cubGljaGVuLnBsXC93cC1jb250ZW50XC91cGxvYWRzXC8yMDI0XC8xMlwvUGFzdGVya2EtMTIuanBnIiwic2xpZGVzaG93IjoiZjFiNmFkNSJ9\" href='https:\/\/www.lichen.pl\/wp-content\/uploads\/2024\/12\/Pasterka-12.jpg'><img loading=\"lazy\" decoding=\"async\" width=\"768\" height=\"512\" src=\"https:\/\/www.lichen.pl\/wp-content\/uploads\/2024\/12\/Pasterka-12-768x512.jpg\" class=\"attachment-medium_large size-medium_large\" alt=\"\" srcset=\"https:\/\/www.lichen.pl\/wp-content\/uploads\/2024\/12\/Pasterka-12-768x512.jpg 768w, https:\/\/www.lichen.pl\/wp-content\/uploads\/2024\/12\/Pasterka-12-800x534.jpg 800w, https:\/\/www.lichen.pl\/wp-content\/uploads\/2024\/12\/Pasterka-12-300x200.jpg 300w, https:\/\/www.lichen.pl\/wp-content\/uploads\/2024\/12\/Pasterka-12-1024x683.jpg 1024w, https:\/\/www.lichen.pl\/wp-content\/uploads\/2024\/12\/Pasterka-12-1536x1024.jpg 1536w, https:\/\/www.lichen.pl\/wp-content\/uploads\/2024\/12\/Pasterka-12-2048x1365.jpg 2048w, https:\/\/www.lichen.pl\/wp-content\/uploads\/2024\/12\/Pasterka-12-18x12.jpg 18w, https:\/\/www.lichen.pl\/wp-content\/uploads\/2024\/12\/Pasterka-12.jpg 1600w\" sizes=\"(max-width: 768px) 100vw, 768px\" \/><\/a>\n\t\t\t<\/div><\/figure><figure class='gallery-item'>\n\t\t\t<div class='gallery-icon landscape'>\n\t\t\t\t<a data-elementor-open-lightbox=\"yes\" data-elementor-lightbox-slideshow=\"f1b6ad5\" data-elementor-lightbox-title=\"Pasterka (13)\" data-e-action-hash=\"#elementor-action%3Aaction%3Dlightbox%26settings%3DeyJpZCI6Nzg3MDMsInVybCI6Imh0dHBzOlwvXC93d3cubGljaGVuLnBsXC93cC1jb250ZW50XC91cGxvYWRzXC8yMDI0XC8xMlwvUGFzdGVya2EtMTMuanBnIiwic2xpZGVzaG93IjoiZjFiNmFkNSJ9\" href='https:\/\/www.lichen.pl\/wp-content\/uploads\/2024\/12\/Pasterka-13.jpg'><img loading=\"lazy\" decoding=\"async\" width=\"768\" height=\"512\" src=\"https:\/\/www.lichen.pl\/wp-content\/uploads\/2024\/12\/Pasterka-13-768x512.jpg\" class=\"attachment-medium_large size-medium_large\" alt=\"\" srcset=\"https:\/\/www.lichen.pl\/wp-content\/uploads\/2024\/12\/Pasterka-13-768x512.jpg 768w, https:\/\/www.lichen.pl\/wp-content\/uploads\/2024\/12\/Pasterka-13-800x534.jpg 800w, https:\/\/www.lichen.pl\/wp-content\/uploads\/2024\/12\/Pasterka-13-300x200.jpg 300w, https:\/\/www.lichen.pl\/wp-content\/uploads\/2024\/12\/Pasterka-13-1024x683.jpg 1024w, https:\/\/www.lichen.pl\/wp-content\/uploads\/2024\/12\/Pasterka-13-1536x1024.jpg 1536w, https:\/\/www.lichen.pl\/wp-content\/uploads\/2024\/12\/Pasterka-13-2048x1365.jpg 2048w, https:\/\/www.lichen.pl\/wp-content\/uploads\/2024\/12\/Pasterka-13-18x12.jpg 18w, https:\/\/www.lichen.pl\/wp-content\/uploads\/2024\/12\/Pasterka-13.jpg 1600w\" sizes=\"(max-width: 768px) 100vw, 768px\" \/><\/a>\n\t\t\t<\/div><\/figure><figure class='gallery-item'>\n\t\t\t<div class='gallery-icon landscape'>\n\t\t\t\t<a data-elementor-open-lightbox=\"yes\" data-elementor-lightbox-slideshow=\"f1b6ad5\" data-elementor-lightbox-title=\"Pasterka (14)\" data-e-action-hash=\"#elementor-action%3Aaction%3Dlightbox%26settings%3DeyJpZCI6Nzg3MDQsInVybCI6Imh0dHBzOlwvXC93d3cubGljaGVuLnBsXC93cC1jb250ZW50XC91cGxvYWRzXC8yMDI0XC8xMlwvUGFzdGVya2EtMTQuanBnIiwic2xpZGVzaG93IjoiZjFiNmFkNSJ9\" href='https:\/\/www.lichen.pl\/wp-content\/uploads\/2024\/12\/Pasterka-14.jpg'><img loading=\"lazy\" decoding=\"async\" width=\"768\" height=\"512\" src=\"https:\/\/www.lichen.pl\/wp-content\/uploads\/2024\/12\/Pasterka-14-768x512.jpg\" class=\"attachment-medium_large size-medium_large\" alt=\"\" srcset=\"https:\/\/www.lichen.pl\/wp-content\/uploads\/2024\/12\/Pasterka-14-768x512.jpg 768w, https:\/\/www.lichen.pl\/wp-content\/uploads\/2024\/12\/Pasterka-14-800x534.jpg 800w, https:\/\/www.lichen.pl\/wp-content\/uploads\/2024\/12\/Pasterka-14-300x200.jpg 300w, https:\/\/www.lichen.pl\/wp-content\/uploads\/2024\/12\/Pasterka-14-1024x683.jpg 1024w, https:\/\/www.lichen.pl\/wp-content\/uploads\/2024\/12\/Pasterka-14-1536x1024.jpg 1536w, https:\/\/www.lichen.pl\/wp-content\/uploads\/2024\/12\/Pasterka-14-2048x1365.jpg 2048w, https:\/\/www.lichen.pl\/wp-content\/uploads\/2024\/12\/Pasterka-14-18x12.jpg 18w, https:\/\/www.lichen.pl\/wp-content\/uploads\/2024\/12\/Pasterka-14.jpg 1600w\" sizes=\"(max-width: 768px) 100vw, 768px\" \/><\/a>\n\t\t\t<\/div><\/figure><figure class='gallery-item'>\n\t\t\t<div class='gallery-icon landscape'>\n\t\t\t\t<a data-elementor-open-lightbox=\"yes\" data-elementor-lightbox-slideshow=\"f1b6ad5\" data-elementor-lightbox-title=\"Pasterka (15)\" data-e-action-hash=\"#elementor-action%3Aaction%3Dlightbox%26settings%3DeyJpZCI6Nzg3MDUsInVybCI6Imh0dHBzOlwvXC93d3cubGljaGVuLnBsXC93cC1jb250ZW50XC91cGxvYWRzXC8yMDI0XC8xMlwvUGFzdGVya2EtMTUuanBnIiwic2xpZGVzaG93IjoiZjFiNmFkNSJ9\" href='https:\/\/www.lichen.pl\/wp-content\/uploads\/2024\/12\/Pasterka-15.jpg'><img loading=\"lazy\" decoding=\"async\" width=\"768\" height=\"512\" src=\"https:\/\/www.lichen.pl\/wp-content\/uploads\/2024\/12\/Pasterka-15-768x512.jpg\" class=\"attachment-medium_large size-medium_large\" alt=\"\" srcset=\"https:\/\/www.lichen.pl\/wp-content\/uploads\/2024\/12\/Pasterka-15-768x512.jpg 768w, https:\/\/www.lichen.pl\/wp-content\/uploads\/2024\/12\/Pasterka-15-800x534.jpg 800w, https:\/\/www.lichen.pl\/wp-content\/uploads\/2024\/12\/Pasterka-15-300x200.jpg 300w, https:\/\/www.lichen.pl\/wp-content\/uploads\/2024\/12\/Pasterka-15-1024x683.jpg 1024w, https:\/\/www.lichen.pl\/wp-content\/uploads\/2024\/12\/Pasterka-15-1536x1024.jpg 1536w, https:\/\/www.lichen.pl\/wp-content\/uploads\/2024\/12\/Pasterka-15-2048x1365.jpg 2048w, https:\/\/www.lichen.pl\/wp-content\/uploads\/2024\/12\/Pasterka-15-18x12.jpg 18w, https:\/\/www.lichen.pl\/wp-content\/uploads\/2024\/12\/Pasterka-15.jpg 1600w\" sizes=\"(max-width: 768px) 100vw, 768px\" \/><\/a>\n\t\t\t<\/div><\/figure><figure class='gallery-item'>\n\t\t\t<div class='gallery-icon landscape'>\n\t\t\t\t<a data-elementor-open-lightbox=\"yes\" data-elementor-lightbox-slideshow=\"f1b6ad5\" data-elementor-lightbox-title=\"Pasterka (16)\" data-e-action-hash=\"#elementor-action%3Aaction%3Dlightbox%26settings%3DeyJpZCI6Nzg3MDYsInVybCI6Imh0dHBzOlwvXC93d3cubGljaGVuLnBsXC93cC1jb250ZW50XC91cGxvYWRzXC8yMDI0XC8xMlwvUGFzdGVya2EtMTYuanBnIiwic2xpZGVzaG93IjoiZjFiNmFkNSJ9\" href='https:\/\/www.lichen.pl\/wp-content\/uploads\/2024\/12\/Pasterka-16.jpg'><img loading=\"lazy\" decoding=\"async\" width=\"768\" height=\"512\" src=\"https:\/\/www.lichen.pl\/wp-content\/uploads\/2024\/12\/Pasterka-16-768x512.jpg\" class=\"attachment-medium_large size-medium_large\" alt=\"\" srcset=\"https:\/\/www.lichen.pl\/wp-content\/uploads\/2024\/12\/Pasterka-16-768x512.jpg 768w, https:\/\/www.lichen.pl\/wp-content\/uploads\/2024\/12\/Pasterka-16-800x533.jpg 800w, https:\/\/www.lichen.pl\/wp-content\/uploads\/2024\/12\/Pasterka-16-300x200.jpg 300w, https:\/\/www.lichen.pl\/wp-content\/uploads\/2024\/12\/Pasterka-16-1024x683.jpg 1024w, https:\/\/www.lichen.pl\/wp-content\/uploads\/2024\/12\/Pasterka-16-1536x1024.jpg 1536w, https:\/\/www.lichen.pl\/wp-content\/uploads\/2024\/12\/Pasterka-16-2048x1365.jpg 2048w, https:\/\/www.lichen.pl\/wp-content\/uploads\/2024\/12\/Pasterka-16-18x12.jpg 18w, https:\/\/www.lichen.pl\/wp-content\/uploads\/2024\/12\/Pasterka-16.jpg 1920w\" sizes=\"(max-width: 768px) 100vw, 768px\" \/><\/a>\n\t\t\t<\/div><\/figure>\n\t\t<\/div>\n\t\t<\/div>\n\t\t\t\t\t\t<\/div>\n\t\t\t\t<\/div>\n\t\t\t\t\t<\/div>\n\t\t<\/div>\n\t\t\t\t\t<\/div>\n\t\t<\/section>\n\t\t\t\t<\/div>","protected":false},"excerpt":{"rendered":"<p>W blasku \u015bwi\u0105tecznych \u015bwiate\u0142 i przy d\u017awi\u0119kach kol\u0119d wierni zgromadzeni w sanktuarium Matki Bo\u017cej Liche\u0144skiej prze\u017cywali tegoroczn\u0105 Pasterk\u0119, kt\u00f3ra g\u0142\u0119boko wpisa\u0142a si\u0119 w serca i pami\u0119\u0107 wszystkich obecnych w liche\u0144skiej bazylice. Uroczysto\u015b\u0107, kt\u00f3ra rozpocz\u0119\u0142a si\u0119 o p\u00f3\u0142nocy, zgromadzi\u0142a licznych pielgrzym\u00f3w i liche\u0144skich parafian, kt\u00f3rzy przybyli, by wsp\u00f3lnie celebrowa\u0107 misterium narodzenia Zbawiciela. Ju\u017c na pocz\u0105tku Eucharystii [&hellip;]<\/p>\n","protected":false},"author":8,"featured_media":78689,"comment_status":"closed","ping_status":"closed","sticky":false,"template":"","format":"standard","meta":{"footnotes":""},"categories":[1],"tags":[],"class_list":["post-78688","post","type-post","status-publish","format-standard","has-post-thumbnail","hentry","category-aktualnosci","wpbf-post"],"yoast_head":"<!-- This site is optimized with the Yoast SEO plugin v27.4 - https:\/\/yoast.com\/product\/yoast-seo-wordpress\/ -->\n<title>Pasterka w sanktuarium Matki Bo\u017cej Liche\u0144skiej \u2013 Refleksja i Misterium Bo\u017cego Narodzenia - SANKTUARIUM W LICHENIU<\/title>\n<meta name=\"robots\" content=\"index, follow, max-snippet:-1, max-image-preview:large, max-video-preview:-1\" \/>\n<link rel=\"canonical\" href=\"https:\/\/www.lichen.pl\/es\/pasterka-w-sanktuarium-matki-bozej-lichenskiej-refleksja-i-misterium-bozego-narodzenia\/\" \/>\n<meta property=\"og:locale\" content=\"es_ES\" \/>\n<meta property=\"og:type\" content=\"article\" \/>\n<meta property=\"og:title\" content=\"Pasterka w sanktuarium Matki Bo\u017cej Liche\u0144skiej \u2013 Refleksja i Misterium Bo\u017cego Narodzenia - SANKTUARIUM W LICHENIU\" \/>\n<meta property=\"og:description\" content=\"W blasku \u015bwi\u0105tecznych \u015bwiate\u0142 i przy d\u017awi\u0119kach kol\u0119d wierni zgromadzeni w sanktuarium Matki Bo\u017cej Liche\u0144skiej prze\u017cywali tegoroczn\u0105 Pasterk\u0119, kt\u00f3ra g\u0142\u0119boko wpisa\u0142a si\u0119 w serca i pami\u0119\u0107 wszystkich obecnych w liche\u0144skiej bazylice. Uroczysto\u015b\u0107, kt\u00f3ra rozpocz\u0119\u0142a si\u0119 o p\u00f3\u0142nocy, zgromadzi\u0142a licznych pielgrzym\u00f3w i liche\u0144skich parafian, kt\u00f3rzy przybyli, by wsp\u00f3lnie celebrowa\u0107 misterium narodzenia Zbawiciela. Ju\u017c na pocz\u0105tku Eucharystii [&hellip;]\" \/>\n<meta property=\"og:url\" content=\"https:\/\/www.lichen.pl\/es\/pasterka-w-sanktuarium-matki-bozej-lichenskiej-refleksja-i-misterium-bozego-narodzenia\/\" \/>\n<meta property=\"og:site_name\" content=\"SANKTUARIUM W LICHENIU\" \/>\n<meta property=\"article:published_time\" content=\"2024-12-25T16:15:22+00:00\" \/>\n<meta property=\"article:modified_time\" content=\"2024-12-25T16:23:14+00:00\" \/>\n<meta property=\"og:image\" content=\"https:\/\/www.lichen.pl\/wp-content\/uploads\/2024\/12\/IMG_5319-Poprawione-Szum-1024x683.jpg\" \/>\n\t<meta property=\"og:image:width\" content=\"1024\" \/>\n\t<meta property=\"og:image:height\" content=\"683\" \/>\n\t<meta property=\"og:image:type\" content=\"image\/jpeg\" \/>\n<meta name=\"author\" content=\"Biuro Prasowe\" \/>\n<meta name=\"twitter:card\" content=\"summary_large_image\" \/>\n<meta name=\"twitter:label1\" content=\"Escrito por\" \/>\n\t<meta name=\"twitter:data1\" content=\"Biuro Prasowe\" \/>\n\t<meta name=\"twitter:label2\" content=\"Tiempo de lectura\" \/>\n\t<meta name=\"twitter:data2\" content=\"6 minutos\" \/>\n<script type=\"application\/ld+json\" class=\"yoast-schema-graph\">{\"@context\":\"https:\\\/\\\/schema.org\",\"@graph\":[{\"@type\":\"Article\",\"@id\":\"https:\\\/\\\/www.lichen.pl\\\/pasterka-w-sanktuarium-matki-bozej-lichenskiej-refleksja-i-misterium-bozego-narodzenia\\\/#article\",\"isPartOf\":{\"@id\":\"https:\\\/\\\/www.lichen.pl\\\/pasterka-w-sanktuarium-matki-bozej-lichenskiej-refleksja-i-misterium-bozego-narodzenia\\\/\"},\"author\":{\"name\":\"Biuro Prasowe\",\"@id\":\"https:\\\/\\\/www.lichen.pl\\\/fr\\\/#\\\/schema\\\/person\\\/682b5cfa2f8a664a298ed0bc19782a02\"},\"headline\":\"Pasterka w sanktuarium Matki Bo\u017cej Liche\u0144skiej \u2013 Refleksja i Misterium Bo\u017cego Narodzenia\",\"datePublished\":\"2024-12-25T16:15:22+00:00\",\"dateModified\":\"2024-12-25T16:23:14+00:00\",\"mainEntityOfPage\":{\"@id\":\"https:\\\/\\\/www.lichen.pl\\\/pasterka-w-sanktuarium-matki-bozej-lichenskiej-refleksja-i-misterium-bozego-narodzenia\\\/\"},\"wordCount\":507,\"image\":{\"@id\":\"https:\\\/\\\/www.lichen.pl\\\/pasterka-w-sanktuarium-matki-bozej-lichenskiej-refleksja-i-misterium-bozego-narodzenia\\\/#primaryimage\"},\"thumbnailUrl\":\"https:\\\/\\\/www.lichen.pl\\\/wp-content\\\/uploads\\\/2024\\\/12\\\/IMG_5319-Poprawione-Szum.jpg\",\"articleSection\":[\"Aktualno\u015bci\"],\"inLanguage\":\"es\"},{\"@type\":\"WebPage\",\"@id\":\"https:\\\/\\\/www.lichen.pl\\\/pasterka-w-sanktuarium-matki-bozej-lichenskiej-refleksja-i-misterium-bozego-narodzenia\\\/\",\"url\":\"https:\\\/\\\/www.lichen.pl\\\/pasterka-w-sanktuarium-matki-bozej-lichenskiej-refleksja-i-misterium-bozego-narodzenia\\\/\",\"name\":\"Pasterka w sanktuarium Matki Bo\u017cej Liche\u0144skiej \u2013 Refleksja i Misterium Bo\u017cego Narodzenia - SANKTUARIUM W LICHENIU\",\"isPartOf\":{\"@id\":\"https:\\\/\\\/www.lichen.pl\\\/fr\\\/#website\"},\"primaryImageOfPage\":{\"@id\":\"https:\\\/\\\/www.lichen.pl\\\/pasterka-w-sanktuarium-matki-bozej-lichenskiej-refleksja-i-misterium-bozego-narodzenia\\\/#primaryimage\"},\"image\":{\"@id\":\"https:\\\/\\\/www.lichen.pl\\\/pasterka-w-sanktuarium-matki-bozej-lichenskiej-refleksja-i-misterium-bozego-narodzenia\\\/#primaryimage\"},\"thumbnailUrl\":\"https:\\\/\\\/www.lichen.pl\\\/wp-content\\\/uploads\\\/2024\\\/12\\\/IMG_5319-Poprawione-Szum.jpg\",\"datePublished\":\"2024-12-25T16:15:22+00:00\",\"dateModified\":\"2024-12-25T16:23:14+00:00\",\"author\":{\"@id\":\"https:\\\/\\\/www.lichen.pl\\\/fr\\\/#\\\/schema\\\/person\\\/682b5cfa2f8a664a298ed0bc19782a02\"},\"breadcrumb\":{\"@id\":\"https:\\\/\\\/www.lichen.pl\\\/pasterka-w-sanktuarium-matki-bozej-lichenskiej-refleksja-i-misterium-bozego-narodzenia\\\/#breadcrumb\"},\"inLanguage\":\"es\",\"potentialAction\":[{\"@type\":\"ReadAction\",\"target\":[\"https:\\\/\\\/www.lichen.pl\\\/pasterka-w-sanktuarium-matki-bozej-lichenskiej-refleksja-i-misterium-bozego-narodzenia\\\/\"]}]},{\"@type\":\"ImageObject\",\"inLanguage\":\"es\",\"@id\":\"https:\\\/\\\/www.lichen.pl\\\/pasterka-w-sanktuarium-matki-bozej-lichenskiej-refleksja-i-misterium-bozego-narodzenia\\\/#primaryimage\",\"url\":\"https:\\\/\\\/www.lichen.pl\\\/wp-content\\\/uploads\\\/2024\\\/12\\\/IMG_5319-Poprawione-Szum.jpg\",\"contentUrl\":\"https:\\\/\\\/www.lichen.pl\\\/wp-content\\\/uploads\\\/2024\\\/12\\\/IMG_5319-Poprawione-Szum.jpg\",\"width\":1920,\"height\":1280},{\"@type\":\"BreadcrumbList\",\"@id\":\"https:\\\/\\\/www.lichen.pl\\\/pasterka-w-sanktuarium-matki-bozej-lichenskiej-refleksja-i-misterium-bozego-narodzenia\\\/#breadcrumb\",\"itemListElement\":[{\"@type\":\"ListItem\",\"position\":1,\"name\":\"Strona g\u0142\u00f3wna\",\"item\":\"https:\\\/\\\/www.lichen.pl\\\/\"},{\"@type\":\"ListItem\",\"position\":2,\"name\":\"Pasterka w sanktuarium Matki Bo\u017cej Liche\u0144skiej \u2013 Refleksja i Misterium Bo\u017cego Narodzenia\"}]},{\"@type\":\"WebSite\",\"@id\":\"https:\\\/\\\/www.lichen.pl\\\/fr\\\/#website\",\"url\":\"https:\\\/\\\/www.lichen.pl\\\/fr\\\/\",\"name\":\"SANKTUARIUM W LICHENIU\",\"description\":\"MATKI BO\u017bEJ LICHE\u0143SKIEJ BOLESNEJ KR\u00d3LOWEJ POLSKI\",\"potentialAction\":[{\"@type\":\"SearchAction\",\"target\":{\"@type\":\"EntryPoint\",\"urlTemplate\":\"https:\\\/\\\/www.lichen.pl\\\/fr\\\/?s={search_term_string}\"},\"query-input\":{\"@type\":\"PropertyValueSpecification\",\"valueRequired\":true,\"valueName\":\"search_term_string\"}}],\"inLanguage\":\"es\"},{\"@type\":\"Person\",\"@id\":\"https:\\\/\\\/www.lichen.pl\\\/fr\\\/#\\\/schema\\\/person\\\/682b5cfa2f8a664a298ed0bc19782a02\",\"name\":\"Biuro Prasowe\",\"image\":{\"@type\":\"ImageObject\",\"inLanguage\":\"es\",\"@id\":\"https:\\\/\\\/secure.gravatar.com\\\/avatar\\\/07fa3449d37670fd38888cb2e3db27aa13df245d811ec65206e44888f202bb53?s=96&d=retro&r=g\",\"url\":\"https:\\\/\\\/secure.gravatar.com\\\/avatar\\\/07fa3449d37670fd38888cb2e3db27aa13df245d811ec65206e44888f202bb53?s=96&d=retro&r=g\",\"contentUrl\":\"https:\\\/\\\/secure.gravatar.com\\\/avatar\\\/07fa3449d37670fd38888cb2e3db27aa13df245d811ec65206e44888f202bb53?s=96&d=retro&r=g\",\"caption\":\"Biuro Prasowe\"},\"sameAs\":[\"http:\\\/\\\/www.lichen.pl\"],\"url\":\"https:\\\/\\\/www.lichen.pl\\\/es\\\/author\\\/biuro-prasowe\\\/\"}]}<\/script>\n<!-- \/ Yoast SEO plugin. -->","yoast_head_json":{"title":"Pasterka w sanktuarium Matki Bo\u017cej Liche\u0144skiej \u2013 Refleksja i Misterium Bo\u017cego Narodzenia - SANKTUARIUM W LICHENIU","robots":{"index":"index","follow":"follow","max-snippet":"max-snippet:-1","max-image-preview":"max-image-preview:large","max-video-preview":"max-video-preview:-1"},"canonical":"https:\/\/www.lichen.pl\/es\/pasterka-w-sanktuarium-matki-bozej-lichenskiej-refleksja-i-misterium-bozego-narodzenia\/","og_locale":"es_ES","og_type":"article","og_title":"Pasterka w sanktuarium Matki Bo\u017cej Liche\u0144skiej \u2013 Refleksja i Misterium Bo\u017cego Narodzenia - SANKTUARIUM W LICHENIU","og_description":"W blasku \u015bwi\u0105tecznych \u015bwiate\u0142 i przy d\u017awi\u0119kach kol\u0119d wierni zgromadzeni w sanktuarium Matki Bo\u017cej Liche\u0144skiej prze\u017cywali tegoroczn\u0105 Pasterk\u0119, kt\u00f3ra g\u0142\u0119boko wpisa\u0142a si\u0119 w serca i pami\u0119\u0107 wszystkich obecnych w liche\u0144skiej bazylice. Uroczysto\u015b\u0107, kt\u00f3ra rozpocz\u0119\u0142a si\u0119 o p\u00f3\u0142nocy, zgromadzi\u0142a licznych pielgrzym\u00f3w i liche\u0144skich parafian, kt\u00f3rzy przybyli, by wsp\u00f3lnie celebrowa\u0107 misterium narodzenia Zbawiciela. Ju\u017c na pocz\u0105tku Eucharystii [&hellip;]","og_url":"https:\/\/www.lichen.pl\/es\/pasterka-w-sanktuarium-matki-bozej-lichenskiej-refleksja-i-misterium-bozego-narodzenia\/","og_site_name":"SANKTUARIUM W LICHENIU","article_published_time":"2024-12-25T16:15:22+00:00","article_modified_time":"2024-12-25T16:23:14+00:00","og_image":[{"width":1024,"height":683,"url":"https:\/\/www.lichen.pl\/wp-content\/uploads\/2024\/12\/IMG_5319-Poprawione-Szum-1024x683.jpg","type":"image\/jpeg"}],"author":"Biuro Prasowe","twitter_card":"summary_large_image","twitter_misc":{"Escrito por":"Biuro Prasowe","Tiempo de lectura":"6 minutos"},"schema":{"@context":"https:\/\/schema.org","@graph":[{"@type":"Article","@id":"https:\/\/www.lichen.pl\/pasterka-w-sanktuarium-matki-bozej-lichenskiej-refleksja-i-misterium-bozego-narodzenia\/#article","isPartOf":{"@id":"https:\/\/www.lichen.pl\/pasterka-w-sanktuarium-matki-bozej-lichenskiej-refleksja-i-misterium-bozego-narodzenia\/"},"author":{"name":"Biuro Prasowe","@id":"https:\/\/www.lichen.pl\/fr\/#\/schema\/person\/682b5cfa2f8a664a298ed0bc19782a02"},"headline":"Pasterka w sanktuarium Matki Bo\u017cej Liche\u0144skiej \u2013 Refleksja i Misterium Bo\u017cego Narodzenia","datePublished":"2024-12-25T16:15:22+00:00","dateModified":"2024-12-25T16:23:14+00:00","mainEntityOfPage":{"@id":"https:\/\/www.lichen.pl\/pasterka-w-sanktuarium-matki-bozej-lichenskiej-refleksja-i-misterium-bozego-narodzenia\/"},"wordCount":507,"image":{"@id":"https:\/\/www.lichen.pl\/pasterka-w-sanktuarium-matki-bozej-lichenskiej-refleksja-i-misterium-bozego-narodzenia\/#primaryimage"},"thumbnailUrl":"https:\/\/www.lichen.pl\/wp-content\/uploads\/2024\/12\/IMG_5319-Poprawione-Szum.jpg","articleSection":["Aktualno\u015bci"],"inLanguage":"es"},{"@type":"WebPage","@id":"https:\/\/www.lichen.pl\/pasterka-w-sanktuarium-matki-bozej-lichenskiej-refleksja-i-misterium-bozego-narodzenia\/","url":"https:\/\/www.lichen.pl\/pasterka-w-sanktuarium-matki-bozej-lichenskiej-refleksja-i-misterium-bozego-narodzenia\/","name":"Pasterka w sanktuarium Matki Bo\u017cej Liche\u0144skiej \u2013 Refleksja i Misterium Bo\u017cego Narodzenia - SANKTUARIUM W LICHENIU","isPartOf":{"@id":"https:\/\/www.lichen.pl\/fr\/#website"},"primaryImageOfPage":{"@id":"https:\/\/www.lichen.pl\/pasterka-w-sanktuarium-matki-bozej-lichenskiej-refleksja-i-misterium-bozego-narodzenia\/#primaryimage"},"image":{"@id":"https:\/\/www.lichen.pl\/pasterka-w-sanktuarium-matki-bozej-lichenskiej-refleksja-i-misterium-bozego-narodzenia\/#primaryimage"},"thumbnailUrl":"https:\/\/www.lichen.pl\/wp-content\/uploads\/2024\/12\/IMG_5319-Poprawione-Szum.jpg","datePublished":"2024-12-25T16:15:22+00:00","dateModified":"2024-12-25T16:23:14+00:00","author":{"@id":"https:\/\/www.lichen.pl\/fr\/#\/schema\/person\/682b5cfa2f8a664a298ed0bc19782a02"},"breadcrumb":{"@id":"https:\/\/www.lichen.pl\/pasterka-w-sanktuarium-matki-bozej-lichenskiej-refleksja-i-misterium-bozego-narodzenia\/#breadcrumb"},"inLanguage":"es","potentialAction":[{"@type":"ReadAction","target":["https:\/\/www.lichen.pl\/pasterka-w-sanktuarium-matki-bozej-lichenskiej-refleksja-i-misterium-bozego-narodzenia\/"]}]},{"@type":"ImageObject","inLanguage":"es","@id":"https:\/\/www.lichen.pl\/pasterka-w-sanktuarium-matki-bozej-lichenskiej-refleksja-i-misterium-bozego-narodzenia\/#primaryimage","url":"https:\/\/www.lichen.pl\/wp-content\/uploads\/2024\/12\/IMG_5319-Poprawione-Szum.jpg","contentUrl":"https:\/\/www.lichen.pl\/wp-content\/uploads\/2024\/12\/IMG_5319-Poprawione-Szum.jpg","width":1920,"height":1280},{"@type":"BreadcrumbList","@id":"https:\/\/www.lichen.pl\/pasterka-w-sanktuarium-matki-bozej-lichenskiej-refleksja-i-misterium-bozego-narodzenia\/#breadcrumb","itemListElement":[{"@type":"ListItem","position":1,"name":"Strona g\u0142\u00f3wna","item":"https:\/\/www.lichen.pl\/"},{"@type":"ListItem","position":2,"name":"Pasterka w sanktuarium Matki Bo\u017cej Liche\u0144skiej \u2013 Refleksja i Misterium Bo\u017cego Narodzenia"}]},{"@type":"WebSite","@id":"https:\/\/www.lichen.pl\/fr\/#website","url":"https:\/\/www.lichen.pl\/fr\/","name":"SANTUARIO EN LICHENIA","description":"LA DOLOROSA REINA DE POLONIA DE NUESTRO LICHEN","potentialAction":[{"@type":"SearchAction","target":{"@type":"EntryPoint","urlTemplate":"https:\/\/www.lichen.pl\/fr\/?s={search_term_string}"},"query-input":{"@type":"PropertyValueSpecification","valueRequired":true,"valueName":"search_term_string"}}],"inLanguage":"es"},{"@type":"Person","@id":"https:\/\/www.lichen.pl\/fr\/#\/schema\/person\/682b5cfa2f8a664a298ed0bc19782a02","name":"Biuro Prasowe","image":{"@type":"ImageObject","inLanguage":"es","@id":"https:\/\/secure.gravatar.com\/avatar\/07fa3449d37670fd38888cb2e3db27aa13df245d811ec65206e44888f202bb53?s=96&d=retro&r=g","url":"https:\/\/secure.gravatar.com\/avatar\/07fa3449d37670fd38888cb2e3db27aa13df245d811ec65206e44888f202bb53?s=96&d=retro&r=g","contentUrl":"https:\/\/secure.gravatar.com\/avatar\/07fa3449d37670fd38888cb2e3db27aa13df245d811ec65206e44888f202bb53?s=96&d=retro&r=g","caption":"Biuro Prasowe"},"sameAs":["http:\/\/www.lichen.pl"],"url":"https:\/\/www.lichen.pl\/es\/author\/biuro-prasowe\/"}]}},"_links":{"self":[{"href":"https:\/\/www.lichen.pl\/es\/wp-json\/wp\/v2\/posts\/78688","targetHints":{"allow":["GET"]}}],"collection":[{"href":"https:\/\/www.lichen.pl\/es\/wp-json\/wp\/v2\/posts"}],"about":[{"href":"https:\/\/www.lichen.pl\/es\/wp-json\/wp\/v2\/types\/post"}],"author":[{"embeddable":true,"href":"https:\/\/www.lichen.pl\/es\/wp-json\/wp\/v2\/users\/8"}],"replies":[{"embeddable":true,"href":"https:\/\/www.lichen.pl\/es\/wp-json\/wp\/v2\/comments?post=78688"}],"version-history":[{"count":6,"href":"https:\/\/www.lichen.pl\/es\/wp-json\/wp\/v2\/posts\/78688\/revisions"}],"predecessor-version":[{"id":78713,"href":"https:\/\/www.lichen.pl\/es\/wp-json\/wp\/v2\/posts\/78688\/revisions\/78713"}],"wp:featuredmedia":[{"embeddable":true,"href":"https:\/\/www.lichen.pl\/es\/wp-json\/wp\/v2\/media\/78689"}],"wp:attachment":[{"href":"https:\/\/www.lichen.pl\/es\/wp-json\/wp\/v2\/media?parent=78688"}],"wp:term":[{"taxonomy":"category","embeddable":true,"href":"https:\/\/www.lichen.pl\/es\/wp-json\/wp\/v2\/categories?post=78688"},{"taxonomy":"post_tag","embeddable":true,"href":"https:\/\/www.lichen.pl\/es\/wp-json\/wp\/v2\/tags?post=78688"}],"curies":[{"name":"wp","href":"https:\/\/api.w.org\/{rel}","templated":true}]}}