{"id":78852,"date":"2025-01-02T11:41:46","date_gmt":"2025-01-02T10:41:46","guid":{"rendered":"https:\/\/www.lichen.pl\/?p=78852"},"modified":"2025-01-02T11:42:12","modified_gmt":"2025-01-02T10:42:12","slug":"uroczystosc-swietej-bozej-rodzicielki-maryi-w-licheniu-rozpoczecie-roku-jubileuszowego","status":"publish","type":"post","link":"https:\/\/www.lichen.pl\/es\/uroczystosc-swietej-bozej-rodzicielki-maryi-w-licheniu-rozpoczecie-roku-jubileuszowego\/","title":{"rendered":"Uroczysto\u015b\u0107 \u015awi\u0119tej Bo\u017cej Rodzicielki Maryi w Licheniu \u2013 rozpocz\u0119cie Roku Jubileuszowego"},"content":{"rendered":"<div data-elementor-type=\"wp-post\" data-elementor-id=\"78852\" class=\"elementor elementor-78852\" data-elementor-post-type=\"post\">\n\t\t\t\t\t\t<section class=\"elementor-section elementor-top-section elementor-element elementor-element-83bdde0 elementor-section-boxed elementor-section-height-default elementor-section-height-default\" data-id=\"83bdde0\" data-element_type=\"section\" data-e-type=\"section\">\n\t\t\t\t\t\t<div class=\"elementor-container elementor-column-gap-default\">\n\t\t\t\t\t<div class=\"elementor-column elementor-col-100 elementor-top-column elementor-element elementor-element-b8e0b97\" data-id=\"b8e0b97\" data-element_type=\"column\" data-e-type=\"column\">\n\t\t\t<div class=\"elementor-widget-wrap elementor-element-populated\">\n\t\t\t\t\t\t<div class=\"elementor-element elementor-element-8cbb681 elementor-widget elementor-widget-text-editor\" data-id=\"8cbb681\" data-element_type=\"widget\" data-e-type=\"widget\" data-widget_type=\"text-editor.default\">\n\t\t\t\t<div class=\"elementor-widget-container\">\n\t\t\t\t\t\t\t\t\t<h3>W wyj\u0105tkowy spos\u00f3b rozpocz\u0119to Nowy Rok w sanktuarium Matki Bo\u017cej Liche\u0144skiej. 1 stycznia, w uroczysto\u015b\u0107 \u015awi\u0119tej Bo\u017cej Rodzicielki Maryi wierni zgromadzeni w liche\u0144skiej bazylice wzi\u0119li udzia\u0142 w uroczystej Mszy \u015awi\u0119tej, kt\u00f3ra zainaugurowa\u0142a Rok Jubileuszowy. Has\u0142em przewodnim tego czasu \u0142aski s\u0105 s\u0142owa: \u201ePielgrzymi nadziei\u201d. Wskazuje ono, \u017ce ludzkie \u017cycie jest w\u0119dr\u00f3wk\u0105 w stron\u0119 Boga, a nadzieja chrze\u015bcija\u0144ska opiera si\u0119 na wierze w zmartwychwstanie i \u017cycie wieczne.<\/h3>\t\t\t\t\t\t\t\t<\/div>\n\t\t\t\t<\/div>\n\t\t\t\t\t<\/div>\n\t\t<\/div>\n\t\t\t\t\t<\/div>\n\t\t<\/section>\n\t\t\t\t<section class=\"elementor-section elementor-top-section elementor-element elementor-element-9ab4005 elementor-section-boxed elementor-section-height-default elementor-section-height-default\" data-id=\"9ab4005\" data-element_type=\"section\" data-e-type=\"section\">\n\t\t\t\t\t\t<div class=\"elementor-container elementor-column-gap-default\">\n\t\t\t\t\t<div class=\"elementor-column elementor-col-100 elementor-top-column elementor-element elementor-element-8288d92\" data-id=\"8288d92\" data-element_type=\"column\" data-e-type=\"column\">\n\t\t\t<div class=\"elementor-widget-wrap elementor-element-populated\">\n\t\t\t\t\t\t<div class=\"elementor-element elementor-element-ad40c48 elementor-widget elementor-widget-heading\" data-id=\"ad40c48\" data-element_type=\"widget\" data-e-type=\"widget\" data-widget_type=\"heading.default\">\n\t\t\t\t<div class=\"elementor-widget-container\">\n\t\t\t\t\t<h2 class=\"elementor-heading-title elementor-size-default\">Symboliczne rozpocz\u0119cie roku \u0142aski \u2013 zapalenie \u015bwiecy jubileuszowej<\/h2>\t\t\t\t<\/div>\n\t\t\t\t<\/div>\n\t\t\t\t\t<\/div>\n\t\t<\/div>\n\t\t\t\t\t<\/div>\n\t\t<\/section>\n\t\t\t\t<section class=\"elementor-section elementor-top-section elementor-element elementor-element-4947591 elementor-section-boxed elementor-section-height-default elementor-section-height-default\" data-id=\"4947591\" data-element_type=\"section\" data-e-type=\"section\">\n\t\t\t\t\t\t<div class=\"elementor-container elementor-column-gap-default\">\n\t\t\t\t\t<div class=\"elementor-column elementor-col-100 elementor-top-column elementor-element elementor-element-87e972c\" data-id=\"87e972c\" data-element_type=\"column\" data-e-type=\"column\">\n\t\t\t<div class=\"elementor-widget-wrap elementor-element-populated\">\n\t\t\t\t\t\t<div class=\"elementor-element elementor-element-03e4869 elementor-widget elementor-widget-text-editor\" data-id=\"03e4869\" data-element_type=\"widget\" data-e-type=\"widget\" data-widget_type=\"text-editor.default\">\n\t\t\t\t<div class=\"elementor-widget-container\">\n\t\t\t\t\t\t\t\t\t<p><span style=\"color: #000000;\">Msz\u0119 \u015awi\u0119t\u0105 celebrowa\u0142 ordynariusz diecezji w\u0142oc\u0142awskiej biskup Krzysztof W\u0119tkowski, kt\u00f3ry wcze\u015bniej og\u0142osi\u0142 bazylik\u0119 liche\u0144sk\u0105 \u015bwi\u0105tyni\u0105 jubileuszow\u0105. Uroczysto\u015b\u0107 rozpocz\u0119\u0142a si\u0119 od po\u015bwi\u0119cenia jubileuszowej \u015bwiecy \u2013 symbolu nadziei i \u015bwiat\u0142a Chrystusa. \u015awieca ta b\u0119dzie towarzyszy\u0107 wszystkim nabo\u017ce\u0144stwom i wydarzeniom w sanktuarium przez ca\u0142y rok. Po zako\u0144czonej Eucharystii wierni mogli zabra\u0107 ze sob\u0105 pami\u0105tkowe ma\u0142e \u015bwieczki przygotowane z okazji jubileuszu, zapali\u0107 p\u0142omie\u0144 od \u015bwiecy jubileuszowej i zabra\u0107 go do swoich dom\u00f3w.<\/span><\/p><p><span style=\"color: #000000;\">We wprowadzeniu do Mszy \u015awi\u0119tej kustosz sanktuarium ks. S\u0142awomir Homoncik MIC podkre\u015bli\u0142 wyj\u0105tkowy charakter tego wydarzenia: \u2013 \u201eCieszymy si\u0119, \u017ce nasza \u015bwi\u0105tynia, Dom Matki, b\u0119dzie miejscem, w kt\u00f3rym pielgrzymi mog\u0105 do\u015bwiadczy\u0107 \u0142aski Bo\u017cej, umocni\u0107 swoj\u0105 wiar\u0119 oraz rozpali\u0107 w sercach nadziej\u0119 \u017cycia wiecznego. \u015awiat\u0142o \u015bwiecy jubileuszowej b\u0119dzie nam przypomina\u0107, \u017ce Chrystus jest \u017ar\u00f3d\u0142em \u015bwiat\u0142a i nadziei, kt\u00f3re rozprasza mroki \u017cycia\u201d.<\/span><\/p>\t\t\t\t\t\t\t\t<\/div>\n\t\t\t\t<\/div>\n\t\t\t\t\t<\/div>\n\t\t<\/div>\n\t\t\t\t\t<\/div>\n\t\t<\/section>\n\t\t\t\t<section class=\"elementor-section elementor-top-section elementor-element elementor-element-5bb2f85 elementor-section-boxed elementor-section-height-default elementor-section-height-default\" data-id=\"5bb2f85\" data-element_type=\"section\" data-e-type=\"section\">\n\t\t\t\t\t\t<div class=\"elementor-container elementor-column-gap-default\">\n\t\t\t\t\t<div class=\"elementor-column elementor-col-100 elementor-top-column elementor-element elementor-element-296b3f4\" data-id=\"296b3f4\" data-element_type=\"column\" data-e-type=\"column\">\n\t\t\t<div class=\"elementor-widget-wrap elementor-element-populated\">\n\t\t\t\t\t\t<div class=\"elementor-element elementor-element-eb39ab8 elementor-widget elementor-widget-heading\" data-id=\"eb39ab8\" data-element_type=\"widget\" data-e-type=\"widget\" data-widget_type=\"heading.default\">\n\t\t\t\t<div class=\"elementor-widget-container\">\n\t\t\t\t\t<h2 class=\"elementor-heading-title elementor-size-default\">Pok\u00f3j \u2013 dar Boga i wezwanie dla \u015bwiata<\/h2>\t\t\t\t<\/div>\n\t\t\t\t<\/div>\n\t\t\t\t\t<\/div>\n\t\t<\/div>\n\t\t\t\t\t<\/div>\n\t\t<\/section>\n\t\t\t\t<section class=\"elementor-section elementor-top-section elementor-element elementor-element-14e5e1f elementor-section-boxed elementor-section-height-default elementor-section-height-default\" data-id=\"14e5e1f\" data-element_type=\"section\" data-e-type=\"section\">\n\t\t\t\t\t\t<div class=\"elementor-container elementor-column-gap-default\">\n\t\t\t\t\t<div class=\"elementor-column elementor-col-100 elementor-top-column elementor-element elementor-element-fc0c520\" data-id=\"fc0c520\" data-element_type=\"column\" data-e-type=\"column\">\n\t\t\t<div class=\"elementor-widget-wrap elementor-element-populated\">\n\t\t\t\t\t\t<div class=\"elementor-element elementor-element-4e66c31 elementor-widget elementor-widget-text-editor\" data-id=\"4e66c31\" data-element_type=\"widget\" data-e-type=\"widget\" data-widget_type=\"text-editor.default\">\n\t\t\t\t<div class=\"elementor-widget-container\">\n\t\t\t\t\t\t\t\t\t<p><span style=\"color: #000000;\">Pierwszy dzie\u0144 nowego roku od wielu lat jest tak\u017ce \u015awiatowym Dniem Modlitwy o Pok\u00f3j. W tym kontek\u015bcie biskup odni\u00f3s\u0142 si\u0119 do or\u0119dzia papie\u017ca Franciszka na ten dzie\u0144, zatytu\u0142owanego \u201eOdpu\u015b\u0107 nam nasze winy, obdarz nas Twoim pokojem\u201d. Wskaza\u0142 na tragiczne skutki wojen, kt\u00f3re wci\u0105\u017c trwaj\u0105 na \u015bwiecie, r\u00f3wnie\u017c blisko polskich granic.<\/span><\/p><p><span style=\"color: #000000;\">\u201eJeste\u015bmy przera\u017ceni zniszczeniami, jakie powoduj\u0105 wojny \u2013 \u015bmierci\u0105 niewinnych ludzi, dzieci, ogromnymi stratami materialnymi. Ale musimy te\u017c mie\u0107 \u015bwiadomo\u015b\u0107 bitwy o ludzkie umys\u0142y, kt\u00f3ra toczy si\u0119 w przestrzeni medialnej\u201d \u2013 zaznaczy\u0142, odwo\u0142uj\u0105c si\u0119 tak\u017ce do wyzwa\u0144 i konflikt\u00f3w wewn\u0119trznych w Polsce. Biskup wyrazi\u0142 zaniepokojenie chaosem spo\u0142ecznym, prawnym i edukacyjnym, kt\u00f3ry przypomina trudne momenty z historii naszego kraju. Poleca\u0142 tak\u017ce: \u201eNa pocz\u0105tku nowego roku postan\u00f3wmy sobie, \u017ce nigdy nie stracimy z oczu Chrystusa: od \u017c\u0142\u00f3bka do Eucharystii; \u017ce pozwolimy, by nas o\u015bwieca\u0142. Wtedy z pewno\u015bci\u0105 b\u0119dziemy na dobrej drodze \u017cyciowego pielgrzymowania\u201d.<\/span><\/p>\t\t\t\t\t\t\t\t<\/div>\n\t\t\t\t<\/div>\n\t\t\t\t\t<\/div>\n\t\t<\/div>\n\t\t\t\t\t<\/div>\n\t\t<\/section>\n\t\t\t\t<section class=\"elementor-section elementor-top-section elementor-element elementor-element-951f6e7 elementor-section-boxed elementor-section-height-default elementor-section-height-default\" data-id=\"951f6e7\" data-element_type=\"section\" data-e-type=\"section\">\n\t\t\t\t\t\t<div class=\"elementor-container elementor-column-gap-default\">\n\t\t\t\t\t<div class=\"elementor-column elementor-col-100 elementor-top-column elementor-element elementor-element-36a13fd\" data-id=\"36a13fd\" data-element_type=\"column\" data-e-type=\"column\">\n\t\t\t<div class=\"elementor-widget-wrap elementor-element-populated\">\n\t\t\t\t\t\t<div class=\"elementor-element elementor-element-cafdde8 elementor-widget elementor-widget-heading\" data-id=\"cafdde8\" data-element_type=\"widget\" data-e-type=\"widget\" data-widget_type=\"heading.default\">\n\t\t\t\t<div class=\"elementor-widget-container\">\n\t\t\t\t\t<h2 class=\"elementor-heading-title elementor-size-default\">Matko Bo\u017ca Liche\u0144ska, Kr\u00f3lowo Polski, udziel pokoju dniom naszym!<\/h2>\t\t\t\t<\/div>\n\t\t\t\t<\/div>\n\t\t\t\t\t<\/div>\n\t\t<\/div>\n\t\t\t\t\t<\/div>\n\t\t<\/section>\n\t\t\t\t<section class=\"elementor-section elementor-top-section elementor-element elementor-element-5cdaf65 elementor-section-boxed elementor-section-height-default elementor-section-height-default\" data-id=\"5cdaf65\" data-element_type=\"section\" data-e-type=\"section\">\n\t\t\t\t\t\t<div class=\"elementor-container elementor-column-gap-default\">\n\t\t\t\t\t<div class=\"elementor-column elementor-col-100 elementor-top-column elementor-element elementor-element-cd087eb\" data-id=\"cd087eb\" data-element_type=\"column\" data-e-type=\"column\">\n\t\t\t<div class=\"elementor-widget-wrap elementor-element-populated\">\n\t\t\t\t\t\t<div class=\"elementor-element elementor-element-e962b84 elementor-widget elementor-widget-text-editor\" data-id=\"e962b84\" data-element_type=\"widget\" data-e-type=\"widget\" data-widget_type=\"text-editor.default\">\n\t\t\t\t<div class=\"elementor-widget-container\">\n\t\t\t\t\t\t\t\t\t<p><span style=\"color: #000000;\">Ordynariusz diecezji w\u0142oc\u0142awskiej nawi\u0105za\u0142 tak\u017ce do odczytanej Ewangelii, kt\u00f3ra m\u00f3wi\u0142a o Maryi, \u017ce w swoim sercu zachowywa\u0142a wszystkie s\u0142owa i wydarzenia, \u0142\u0105cz\u0105c je w ca\u0142o\u015b\u0107, w kt\u00f3rej widzia\u0142a i ukazywa\u0142a wielk\u0105 Tajemnic\u0119 Boga. Podkre\u015bla\u0142, \u017ce \u201eMaryja przynosi nam \u015bwiat\u0142o Boga i dodaje nam odwagi, aby\u015bmy tak jak Ona powiedzieli \u00abtak\u00bb woli Bo\u017cej, nawet wtedy, gdy jest niezrozumia\u0142a i trudna\u201d. Akcentowa\u0142, \u017ce ma Ona przy tym g\u0142\u0119bokie przekonanie, i\u017c wola Bo\u017ca jest zawsze dobra.<\/span><\/p><p><span style=\"color: #000000;\">Bo\u017cej Rodzicielce Maryi ks. bp Krzysztof W\u0119tkowski zawierzy\u0142 rozpoczynaj\u0105cy si\u0119 rok i czas jubileuszowy. Modli\u0142 si\u0119: \u201ePro\u015bmy Maryj\u0119, aby da\u0142a nam Chrystusa jako owoc swojego \u0142ona. Aby nas prowadzi\u0142a i nam pomaga\u0142a. Zawierzamy si\u0119 Maryjo Twojej macierzy\u0144skiej pami\u0119ci. Zawierzamy Ci dni Nowego Roku, przysz\u0142o\u015b\u0107 Ko\u015bcio\u0142a, naszej Ojczyzny i ca\u0142ego \u015bwiata\u201d.<\/span><\/p>\t\t\t\t\t\t\t\t<\/div>\n\t\t\t\t<\/div>\n\t\t\t\t\t<\/div>\n\t\t<\/div>\n\t\t\t\t\t<\/div>\n\t\t<\/section>\n\t\t\t\t<section class=\"elementor-section elementor-top-section elementor-element elementor-element-9aa59a5 elementor-section-boxed elementor-section-height-default elementor-section-height-default\" data-id=\"9aa59a5\" data-element_type=\"section\" data-e-type=\"section\">\n\t\t\t\t\t\t<div class=\"elementor-container elementor-column-gap-default\">\n\t\t\t\t\t<div class=\"elementor-column elementor-col-100 elementor-top-column elementor-element elementor-element-328b0a6\" data-id=\"328b0a6\" data-element_type=\"column\" data-e-type=\"column\">\n\t\t\t<div class=\"elementor-widget-wrap elementor-element-populated\">\n\t\t\t\t\t\t<div class=\"elementor-element elementor-element-dbd78ce elementor-widget elementor-widget-heading\" data-id=\"dbd78ce\" data-element_type=\"widget\" data-e-type=\"widget\" data-widget_type=\"heading.default\">\n\t\t\t\t<div class=\"elementor-widget-container\">\n\t\t\t\t\t<h2 class=\"elementor-heading-title elementor-size-default\">Rok Jubileuszowy \u2013 czas \u0142aski i pojednania<\/h2>\t\t\t\t<\/div>\n\t\t\t\t<\/div>\n\t\t\t\t\t<\/div>\n\t\t<\/div>\n\t\t\t\t\t<\/div>\n\t\t<\/section>\n\t\t\t\t<section class=\"elementor-section elementor-top-section elementor-element elementor-element-a17e7bc elementor-section-boxed elementor-section-height-default elementor-section-height-default\" data-id=\"a17e7bc\" data-element_type=\"section\" data-e-type=\"section\">\n\t\t\t\t\t\t<div class=\"elementor-container elementor-column-gap-default\">\n\t\t\t\t\t<div class=\"elementor-column elementor-col-100 elementor-top-column elementor-element elementor-element-0f7d56e\" data-id=\"0f7d56e\" data-element_type=\"column\" data-e-type=\"column\">\n\t\t\t<div class=\"elementor-widget-wrap elementor-element-populated\">\n\t\t\t\t\t\t<div class=\"elementor-element elementor-element-73ce5c5 elementor-widget elementor-widget-text-editor\" data-id=\"73ce5c5\" data-element_type=\"widget\" data-e-type=\"widget\" data-widget_type=\"text-editor.default\">\n\t\t\t\t<div class=\"elementor-widget-container\">\n\t\t\t\t\t\t\t\t\t<p><span style=\"color: #000000;\">Rok Jubileuszowy og\u0142aszany jest w Ko\u015bciele katolickim co 25 lat. Jest to czas szczeg\u00f3lnej \u0142aski, w kt\u00f3rym wierni mog\u0105 uzyska\u0107 odpusty zupe\u0142ne, zar\u00f3wno za siebie, jak i za zmar\u0142ych. Papie\u017c Franciszek zach\u0119ca, by ten czas prze\u017cywa\u0107 w duchu nadziei, pojednania i mi\u0142osierdzia, szczeg\u00f3lnie zwracaj\u0105c si\u0119 ku osobom potrzebuj\u0105cym \u2013 ubogim, samotnym czy cierpi\u0105cym. Sanktuarium Matki Bo\u017cej Liche\u0144skiej Bolesnej Kr\u00f3lowej Polski, ustanowione w tym roku \u015bwi\u0105tyni\u0105 jubileuszow\u0105, stanie si\u0119 miejscem szczeg\u00f3lnej modlitwy i nadziei.<\/span><\/p>\t\t\t\t\t\t\t\t<\/div>\n\t\t\t\t<\/div>\n\t\t\t\t\t<\/div>\n\t\t<\/div>\n\t\t\t\t\t<\/div>\n\t\t<\/section>\n\t\t\t\t<section class=\"elementor-section elementor-top-section elementor-element elementor-element-fee95df elementor-section-boxed elementor-section-height-default elementor-section-height-default\" data-id=\"fee95df\" data-element_type=\"section\" data-e-type=\"section\">\n\t\t\t\t\t\t<div class=\"elementor-container elementor-column-gap-default\">\n\t\t\t\t\t<div class=\"elementor-column elementor-col-100 elementor-top-column elementor-element elementor-element-e608b60\" data-id=\"e608b60\" data-element_type=\"column\" data-e-type=\"column\">\n\t\t\t<div class=\"elementor-widget-wrap elementor-element-populated\">\n\t\t\t\t\t\t<div class=\"elementor-element elementor-element-e3b7b72 elementor-widget elementor-widget-heading\" data-id=\"e3b7b72\" data-element_type=\"widget\" data-e-type=\"widget\" data-widget_type=\"heading.default\">\n\t\t\t\t<div class=\"elementor-widget-container\">\n\t\t\t\t\t<h2 class=\"elementor-heading-title elementor-size-default\">\u201ePielgrzymie, pielgrzymuj do Domu Matki\u201d<\/h2>\t\t\t\t<\/div>\n\t\t\t\t<\/div>\n\t\t\t\t\t<\/div>\n\t\t<\/div>\n\t\t\t\t\t<\/div>\n\t\t<\/section>\n\t\t\t\t<section class=\"elementor-section elementor-top-section elementor-element elementor-element-da61bf5 elementor-section-boxed elementor-section-height-default elementor-section-height-default\" data-id=\"da61bf5\" data-element_type=\"section\" data-e-type=\"section\">\n\t\t\t\t\t\t<div class=\"elementor-container elementor-column-gap-default\">\n\t\t\t\t\t<div class=\"elementor-column elementor-col-100 elementor-top-column elementor-element elementor-element-fdea018\" data-id=\"fdea018\" data-element_type=\"column\" data-e-type=\"column\">\n\t\t\t<div class=\"elementor-widget-wrap elementor-element-populated\">\n\t\t\t\t\t\t<div class=\"elementor-element elementor-element-4e2df7c elementor-widget elementor-widget-text-editor\" data-id=\"4e2df7c\" data-element_type=\"widget\" data-e-type=\"widget\" data-widget_type=\"text-editor.default\">\n\t\t\t\t<div class=\"elementor-widget-container\">\n\t\t\t\t\t\t\t\t\t<p><span style=\"color: #000000;\">Rok Jubileuszowy to szczeg\u00f3lna okazja, by na nowo odkry\u0107 swoj\u0105 wiar\u0119. Jak podkre\u015bla ks. Homoncik: \u201eKa\u017cdy pielgrzym, niezale\u017cnie od swojej drogi duchowej, znajdzie tutaj przestrze\u0144 do spotkania z Jezusem Chrystusem i Jego Matk\u0105. Rok Jubileuszowy to czas, by z nadziej\u0105 wyruszy\u0107 na pielgrzymi szlak, przekroczy\u0107 swoje l\u0119ki i pozwoli\u0107, by B\u00f3g rozpali\u0142 nasze serca \u015bwiat\u0142em swojej mi\u0142o\u015bci\u201d.<\/span><\/p><p><span style=\"color: #000000;\">Zach\u0119camy wszystkich, by odwiedzili Dom Matki w Licheniu. Sanktuarium Matki Bo\u017cej Liche\u0144skiej od lat jest miejscem, do kt\u00f3rego zmierzaj\u0105 tysi\u0105ce pielgrzym\u00f3w. Naszym tegorocznym has\u0142em s\u0105 s\u0142owa zaproszenia: \u201ePielgrzymie pielgrzymuj do Domu Matki\u201d.<\/span><\/p>\t\t\t\t\t\t\t\t<\/div>\n\t\t\t\t<\/div>\n\t\t\t\t\t<\/div>\n\t\t<\/div>\n\t\t\t\t\t<\/div>\n\t\t<\/section>\n\t\t\t\t<section class=\"elementor-section elementor-top-section elementor-element elementor-element-e921755 elementor-section-boxed elementor-section-height-default elementor-section-height-default\" data-id=\"e921755\" data-element_type=\"section\" data-e-type=\"section\">\n\t\t\t\t\t\t<div class=\"elementor-container elementor-column-gap-default\">\n\t\t\t\t\t<div class=\"elementor-column elementor-col-100 elementor-top-column elementor-element elementor-element-22ae745\" data-id=\"22ae745\" data-element_type=\"column\" data-e-type=\"column\">\n\t\t\t<div class=\"elementor-widget-wrap elementor-element-populated\">\n\t\t\t\t\t\t<div class=\"elementor-element elementor-element-8399a1b elementor-widget elementor-widget-gallery\" data-id=\"8399a1b\" data-element_type=\"widget\" data-e-type=\"widget\" data-settings=\"{&quot;lazyload&quot;:&quot;yes&quot;,&quot;gallery_layout&quot;:&quot;grid&quot;,&quot;columns&quot;:4,&quot;columns_tablet&quot;:2,&quot;columns_mobile&quot;:1,&quot;gap&quot;:{&quot;unit&quot;:&quot;px&quot;,&quot;size&quot;:10,&quot;sizes&quot;:[]},&quot;gap_tablet&quot;:{&quot;unit&quot;:&quot;px&quot;,&quot;size&quot;:10,&quot;sizes&quot;:[]},&quot;gap_mobile&quot;:{&quot;unit&quot;:&quot;px&quot;,&quot;size&quot;:10,&quot;sizes&quot;:[]},&quot;link_to&quot;:&quot;file&quot;,&quot;aspect_ratio&quot;:&quot;3:2&quot;,&quot;overlay_background&quot;:&quot;yes&quot;,&quot;content_hover_animation&quot;:&quot;fade-in&quot;}\" data-widget_type=\"gallery.default\">\n\t\t\t\t<div class=\"elementor-widget-container\">\n\t\t\t\t\t\t\t<div class=\"elementor-gallery__container\">\n\t\t\t\t\t\t\t<a class=\"e-gallery-item elementor-gallery-item elementor-animated-content\" href=\"https:\/\/www.lichen.pl\/wp-content\/uploads\/2025\/01\/Inauguracja_roku_jubileuszowego-6.jpg\" data-elementor-open-lightbox=\"yes\" data-elementor-lightbox-slideshow=\"8399a1b\" data-elementor-lightbox-title=\"Inauguracja_roku_jubileuszowego (6)\" data-e-action-hash=\"#elementor-action%3Aaction%3Dlightbox%26settings%3DeyJpZCI6Nzg4NTMsInVybCI6Imh0dHBzOlwvXC93d3cubGljaGVuLnBsXC93cC1jb250ZW50XC91cGxvYWRzXC8yMDI1XC8wMVwvSW5hdWd1cmFjamFfcm9rdV9qdWJpbGV1c3pvd2Vnby02LmpwZyIsInNsaWRlc2hvdyI6IjgzOTlhMWIifQ%3D%3D\">\n\t\t\t\t\t<div class=\"e-gallery-image elementor-gallery-item__image\" data-thumbnail=\"https:\/\/www.lichen.pl\/wp-content\/uploads\/2025\/01\/Inauguracja_roku_jubileuszowego-6-300x200.jpg\" data-width=\"300\" data-height=\"200\" aria-label=\"\" role=\"img\" ><\/div>\n\t\t\t\t\t\t\t\t\t\t\t<div class=\"elementor-gallery-item__overlay\"><\/div>\n\t\t\t\t\t\t\t\t\t\t\t\t\t\t<\/a>\n\t\t\t\t\t\t\t<a class=\"e-gallery-item elementor-gallery-item elementor-animated-content\" href=\"https:\/\/www.lichen.pl\/wp-content\/uploads\/2025\/01\/Inauguracja_roku_jubileuszowego-9.jpg\" data-elementor-open-lightbox=\"yes\" data-elementor-lightbox-slideshow=\"8399a1b\" data-elementor-lightbox-title=\"Inauguracja_roku_jubileuszowego (9)\" data-e-action-hash=\"#elementor-action%3Aaction%3Dlightbox%26settings%3DeyJpZCI6Nzg4NTQsInVybCI6Imh0dHBzOlwvXC93d3cubGljaGVuLnBsXC93cC1jb250ZW50XC91cGxvYWRzXC8yMDI1XC8wMVwvSW5hdWd1cmFjamFfcm9rdV9qdWJpbGV1c3pvd2Vnby05LmpwZyIsInNsaWRlc2hvdyI6IjgzOTlhMWIifQ%3D%3D\">\n\t\t\t\t\t<div class=\"e-gallery-image elementor-gallery-item__image\" data-thumbnail=\"https:\/\/www.lichen.pl\/wp-content\/uploads\/2025\/01\/Inauguracja_roku_jubileuszowego-9-300x200.jpg\" data-width=\"300\" data-height=\"200\" aria-label=\"\" role=\"img\" ><\/div>\n\t\t\t\t\t\t\t\t\t\t\t<div class=\"elementor-gallery-item__overlay\"><\/div>\n\t\t\t\t\t\t\t\t\t\t\t\t\t\t<\/a>\n\t\t\t\t\t\t\t<a class=\"e-gallery-item elementor-gallery-item elementor-animated-content\" href=\"https:\/\/www.lichen.pl\/wp-content\/uploads\/2025\/01\/Inauguracja_roku_jubileuszowego-13.jpg\" data-elementor-open-lightbox=\"yes\" data-elementor-lightbox-slideshow=\"8399a1b\" data-elementor-lightbox-title=\"Inauguracja_roku_jubileuszowego (13)\" data-e-action-hash=\"#elementor-action%3Aaction%3Dlightbox%26settings%3DeyJpZCI6Nzg4NTUsInVybCI6Imh0dHBzOlwvXC93d3cubGljaGVuLnBsXC93cC1jb250ZW50XC91cGxvYWRzXC8yMDI1XC8wMVwvSW5hdWd1cmFjamFfcm9rdV9qdWJpbGV1c3pvd2Vnby0xMy5qcGciLCJzbGlkZXNob3ciOiI4Mzk5YTFiIn0%3D\">\n\t\t\t\t\t<div class=\"e-gallery-image elementor-gallery-item__image\" data-thumbnail=\"https:\/\/www.lichen.pl\/wp-content\/uploads\/2025\/01\/Inauguracja_roku_jubileuszowego-13-300x200.jpg\" data-width=\"300\" data-height=\"200\" aria-label=\"\" role=\"img\" ><\/div>\n\t\t\t\t\t\t\t\t\t\t\t<div class=\"elementor-gallery-item__overlay\"><\/div>\n\t\t\t\t\t\t\t\t\t\t\t\t\t\t<\/a>\n\t\t\t\t\t\t\t<a class=\"e-gallery-item elementor-gallery-item elementor-animated-content\" href=\"https:\/\/www.lichen.pl\/wp-content\/uploads\/2025\/01\/Inauguracja_roku_jubileuszowego-16.jpg\" data-elementor-open-lightbox=\"yes\" data-elementor-lightbox-slideshow=\"8399a1b\" data-elementor-lightbox-title=\"Inauguracja_roku_jubileuszowego (16)\" data-e-action-hash=\"#elementor-action%3Aaction%3Dlightbox%26settings%3DeyJpZCI6Nzg4NTYsInVybCI6Imh0dHBzOlwvXC93d3cubGljaGVuLnBsXC93cC1jb250ZW50XC91cGxvYWRzXC8yMDI1XC8wMVwvSW5hdWd1cmFjamFfcm9rdV9qdWJpbGV1c3pvd2Vnby0xNi5qcGciLCJzbGlkZXNob3ciOiI4Mzk5YTFiIn0%3D\">\n\t\t\t\t\t<div class=\"e-gallery-image elementor-gallery-item__image\" data-thumbnail=\"https:\/\/www.lichen.pl\/wp-content\/uploads\/2025\/01\/Inauguracja_roku_jubileuszowego-16-300x200.jpg\" data-width=\"300\" data-height=\"200\" aria-label=\"\" role=\"img\" ><\/div>\n\t\t\t\t\t\t\t\t\t\t\t<div class=\"elementor-gallery-item__overlay\"><\/div>\n\t\t\t\t\t\t\t\t\t\t\t\t\t\t<\/a>\n\t\t\t\t\t\t\t<a class=\"e-gallery-item elementor-gallery-item elementor-animated-content\" href=\"https:\/\/www.lichen.pl\/wp-content\/uploads\/2025\/01\/Inauguracja_roku_jubileuszowego-18.jpg\" data-elementor-open-lightbox=\"yes\" data-elementor-lightbox-slideshow=\"8399a1b\" data-elementor-lightbox-title=\"Inauguracja_roku_jubileuszowego (18)\" data-e-action-hash=\"#elementor-action%3Aaction%3Dlightbox%26settings%3DeyJpZCI6Nzg4NTcsInVybCI6Imh0dHBzOlwvXC93d3cubGljaGVuLnBsXC93cC1jb250ZW50XC91cGxvYWRzXC8yMDI1XC8wMVwvSW5hdWd1cmFjamFfcm9rdV9qdWJpbGV1c3pvd2Vnby0xOC5qcGciLCJzbGlkZXNob3ciOiI4Mzk5YTFiIn0%3D\">\n\t\t\t\t\t<div class=\"e-gallery-image elementor-gallery-item__image\" data-thumbnail=\"https:\/\/www.lichen.pl\/wp-content\/uploads\/2025\/01\/Inauguracja_roku_jubileuszowego-18-300x200.jpg\" data-width=\"300\" data-height=\"200\" aria-label=\"\" role=\"img\" ><\/div>\n\t\t\t\t\t\t\t\t\t\t\t<div class=\"elementor-gallery-item__overlay\"><\/div>\n\t\t\t\t\t\t\t\t\t\t\t\t\t\t<\/a>\n\t\t\t\t\t\t\t<a class=\"e-gallery-item elementor-gallery-item elementor-animated-content\" href=\"https:\/\/www.lichen.pl\/wp-content\/uploads\/2025\/01\/Inauguracja_roku_jubileuszowego-19.jpg\" data-elementor-open-lightbox=\"yes\" data-elementor-lightbox-slideshow=\"8399a1b\" data-elementor-lightbox-title=\"Inauguracja_roku_jubileuszowego (19)\" data-e-action-hash=\"#elementor-action%3Aaction%3Dlightbox%26settings%3DeyJpZCI6Nzg4NTgsInVybCI6Imh0dHBzOlwvXC93d3cubGljaGVuLnBsXC93cC1jb250ZW50XC91cGxvYWRzXC8yMDI1XC8wMVwvSW5hdWd1cmFjamFfcm9rdV9qdWJpbGV1c3pvd2Vnby0xOS5qcGciLCJzbGlkZXNob3ciOiI4Mzk5YTFiIn0%3D\">\n\t\t\t\t\t<div class=\"e-gallery-image elementor-gallery-item__image\" data-thumbnail=\"https:\/\/www.lichen.pl\/wp-content\/uploads\/2025\/01\/Inauguracja_roku_jubileuszowego-19-300x200.jpg\" data-width=\"300\" data-height=\"200\" aria-label=\"\" role=\"img\" ><\/div>\n\t\t\t\t\t\t\t\t\t\t\t<div class=\"elementor-gallery-item__overlay\"><\/div>\n\t\t\t\t\t\t\t\t\t\t\t\t\t\t<\/a>\n\t\t\t\t\t\t\t<a class=\"e-gallery-item elementor-gallery-item elementor-animated-content\" href=\"https:\/\/www.lichen.pl\/wp-content\/uploads\/2025\/01\/Inauguracja_roku_jubileuszowego-25.jpg\" data-elementor-open-lightbox=\"yes\" data-elementor-lightbox-slideshow=\"8399a1b\" data-elementor-lightbox-title=\"Inauguracja_roku_jubileuszowego (25)\" data-e-action-hash=\"#elementor-action%3Aaction%3Dlightbox%26settings%3DeyJpZCI6Nzg4NTksInVybCI6Imh0dHBzOlwvXC93d3cubGljaGVuLnBsXC93cC1jb250ZW50XC91cGxvYWRzXC8yMDI1XC8wMVwvSW5hdWd1cmFjamFfcm9rdV9qdWJpbGV1c3pvd2Vnby0yNS5qcGciLCJzbGlkZXNob3ciOiI4Mzk5YTFiIn0%3D\">\n\t\t\t\t\t<div class=\"e-gallery-image elementor-gallery-item__image\" data-thumbnail=\"https:\/\/www.lichen.pl\/wp-content\/uploads\/2025\/01\/Inauguracja_roku_jubileuszowego-25-300x200.jpg\" data-width=\"300\" data-height=\"200\" aria-label=\"\" role=\"img\" ><\/div>\n\t\t\t\t\t\t\t\t\t\t\t<div class=\"elementor-gallery-item__overlay\"><\/div>\n\t\t\t\t\t\t\t\t\t\t\t\t\t\t<\/a>\n\t\t\t\t\t\t\t<a class=\"e-gallery-item elementor-gallery-item elementor-animated-content\" href=\"https:\/\/www.lichen.pl\/wp-content\/uploads\/2025\/01\/Inauguracja_roku_jubileuszowego-39.jpg\" data-elementor-open-lightbox=\"yes\" data-elementor-lightbox-slideshow=\"8399a1b\" data-elementor-lightbox-title=\"Inauguracja_roku_jubileuszowego (39)\" data-e-action-hash=\"#elementor-action%3Aaction%3Dlightbox%26settings%3DeyJpZCI6Nzg4NjAsInVybCI6Imh0dHBzOlwvXC93d3cubGljaGVuLnBsXC93cC1jb250ZW50XC91cGxvYWRzXC8yMDI1XC8wMVwvSW5hdWd1cmFjamFfcm9rdV9qdWJpbGV1c3pvd2Vnby0zOS5qcGciLCJzbGlkZXNob3ciOiI4Mzk5YTFiIn0%3D\">\n\t\t\t\t\t<div class=\"e-gallery-image elementor-gallery-item__image\" data-thumbnail=\"https:\/\/www.lichen.pl\/wp-content\/uploads\/2025\/01\/Inauguracja_roku_jubileuszowego-39-300x200.jpg\" data-width=\"300\" data-height=\"200\" aria-label=\"\" role=\"img\" ><\/div>\n\t\t\t\t\t\t\t\t\t\t\t<div class=\"elementor-gallery-item__overlay\"><\/div>\n\t\t\t\t\t\t\t\t\t\t\t\t\t\t<\/a>\n\t\t\t\t\t\t\t<a class=\"e-gallery-item elementor-gallery-item elementor-animated-content\" href=\"https:\/\/www.lichen.pl\/wp-content\/uploads\/2025\/01\/Inauguracja_roku_jubileuszowego-40.jpg\" data-elementor-open-lightbox=\"yes\" data-elementor-lightbox-slideshow=\"8399a1b\" data-elementor-lightbox-title=\"Inauguracja_roku_jubileuszowego (40)\" data-e-action-hash=\"#elementor-action%3Aaction%3Dlightbox%26settings%3DeyJpZCI6Nzg4NjEsInVybCI6Imh0dHBzOlwvXC93d3cubGljaGVuLnBsXC93cC1jb250ZW50XC91cGxvYWRzXC8yMDI1XC8wMVwvSW5hdWd1cmFjamFfcm9rdV9qdWJpbGV1c3pvd2Vnby00MC5qcGciLCJzbGlkZXNob3ciOiI4Mzk5YTFiIn0%3D\">\n\t\t\t\t\t<div class=\"e-gallery-image elementor-gallery-item__image\" data-thumbnail=\"https:\/\/www.lichen.pl\/wp-content\/uploads\/2025\/01\/Inauguracja_roku_jubileuszowego-40-300x200.jpg\" data-width=\"300\" data-height=\"200\" aria-label=\"\" role=\"img\" ><\/div>\n\t\t\t\t\t\t\t\t\t\t\t<div class=\"elementor-gallery-item__overlay\"><\/div>\n\t\t\t\t\t\t\t\t\t\t\t\t\t\t<\/a>\n\t\t\t\t\t\t\t<a class=\"e-gallery-item elementor-gallery-item elementor-animated-content\" href=\"https:\/\/www.lichen.pl\/wp-content\/uploads\/2025\/01\/Inauguracja_roku_jubileuszowego-46.jpg\" data-elementor-open-lightbox=\"yes\" data-elementor-lightbox-slideshow=\"8399a1b\" data-elementor-lightbox-title=\"Inauguracja_roku_jubileuszowego (46)\" data-e-action-hash=\"#elementor-action%3Aaction%3Dlightbox%26settings%3DeyJpZCI6Nzg4NjIsInVybCI6Imh0dHBzOlwvXC93d3cubGljaGVuLnBsXC93cC1jb250ZW50XC91cGxvYWRzXC8yMDI1XC8wMVwvSW5hdWd1cmFjamFfcm9rdV9qdWJpbGV1c3pvd2Vnby00Ni5qcGciLCJzbGlkZXNob3ciOiI4Mzk5YTFiIn0%3D\">\n\t\t\t\t\t<div class=\"e-gallery-image elementor-gallery-item__image\" data-thumbnail=\"https:\/\/www.lichen.pl\/wp-content\/uploads\/2025\/01\/Inauguracja_roku_jubileuszowego-46-300x200.jpg\" data-width=\"300\" data-height=\"200\" aria-label=\"\" role=\"img\" ><\/div>\n\t\t\t\t\t\t\t\t\t\t\t<div class=\"elementor-gallery-item__overlay\"><\/div>\n\t\t\t\t\t\t\t\t\t\t\t\t\t\t<\/a>\n\t\t\t\t\t\t\t<a class=\"e-gallery-item elementor-gallery-item elementor-animated-content\" href=\"https:\/\/www.lichen.pl\/wp-content\/uploads\/2025\/01\/Inauguracja_roku_jubileuszowego-47.jpg\" data-elementor-open-lightbox=\"yes\" data-elementor-lightbox-slideshow=\"8399a1b\" data-elementor-lightbox-title=\"Inauguracja_roku_jubileuszowego (47)\" data-e-action-hash=\"#elementor-action%3Aaction%3Dlightbox%26settings%3DeyJpZCI6Nzg4NjMsInVybCI6Imh0dHBzOlwvXC93d3cubGljaGVuLnBsXC93cC1jb250ZW50XC91cGxvYWRzXC8yMDI1XC8wMVwvSW5hdWd1cmFjamFfcm9rdV9qdWJpbGV1c3pvd2Vnby00Ny5qcGciLCJzbGlkZXNob3ciOiI4Mzk5YTFiIn0%3D\">\n\t\t\t\t\t<div class=\"e-gallery-image elementor-gallery-item__image\" data-thumbnail=\"https:\/\/www.lichen.pl\/wp-content\/uploads\/2025\/01\/Inauguracja_roku_jubileuszowego-47-300x200.jpg\" data-width=\"300\" data-height=\"200\" aria-label=\"\" role=\"img\" ><\/div>\n\t\t\t\t\t\t\t\t\t\t\t<div class=\"elementor-gallery-item__overlay\"><\/div>\n\t\t\t\t\t\t\t\t\t\t\t\t\t\t<\/a>\n\t\t\t\t\t\t\t<a class=\"e-gallery-item elementor-gallery-item elementor-animated-content\" href=\"https:\/\/www.lichen.pl\/wp-content\/uploads\/2025\/01\/Inauguracja_roku_jubileuszowego-49.jpg\" data-elementor-open-lightbox=\"yes\" data-elementor-lightbox-slideshow=\"8399a1b\" data-elementor-lightbox-title=\"Inauguracja_roku_jubileuszowego (49)\" data-e-action-hash=\"#elementor-action%3Aaction%3Dlightbox%26settings%3DeyJpZCI6Nzg4NjQsInVybCI6Imh0dHBzOlwvXC93d3cubGljaGVuLnBsXC93cC1jb250ZW50XC91cGxvYWRzXC8yMDI1XC8wMVwvSW5hdWd1cmFjamFfcm9rdV9qdWJpbGV1c3pvd2Vnby00OS5qcGciLCJzbGlkZXNob3ciOiI4Mzk5YTFiIn0%3D\">\n\t\t\t\t\t<div class=\"e-gallery-image elementor-gallery-item__image\" data-thumbnail=\"https:\/\/www.lichen.pl\/wp-content\/uploads\/2025\/01\/Inauguracja_roku_jubileuszowego-49-300x200.jpg\" data-width=\"300\" data-height=\"200\" aria-label=\"\" role=\"img\" ><\/div>\n\t\t\t\t\t\t\t\t\t\t\t<div class=\"elementor-gallery-item__overlay\"><\/div>\n\t\t\t\t\t\t\t\t\t\t\t\t\t\t<\/a>\n\t\t\t\t\t\t\t<a class=\"e-gallery-item elementor-gallery-item elementor-animated-content\" href=\"https:\/\/www.lichen.pl\/wp-content\/uploads\/2025\/01\/Inauguracja_roku_jubileuszowego-53.jpg\" data-elementor-open-lightbox=\"yes\" data-elementor-lightbox-slideshow=\"8399a1b\" data-elementor-lightbox-title=\"Inauguracja_roku_jubileuszowego (53)\" data-e-action-hash=\"#elementor-action%3Aaction%3Dlightbox%26settings%3DeyJpZCI6Nzg4NjUsInVybCI6Imh0dHBzOlwvXC93d3cubGljaGVuLnBsXC93cC1jb250ZW50XC91cGxvYWRzXC8yMDI1XC8wMVwvSW5hdWd1cmFjamFfcm9rdV9qdWJpbGV1c3pvd2Vnby01My5qcGciLCJzbGlkZXNob3ciOiI4Mzk5YTFiIn0%3D\">\n\t\t\t\t\t<div class=\"e-gallery-image elementor-gallery-item__image\" data-thumbnail=\"https:\/\/www.lichen.pl\/wp-content\/uploads\/2025\/01\/Inauguracja_roku_jubileuszowego-53-300x200.jpg\" data-width=\"300\" data-height=\"200\" aria-label=\"\" role=\"img\" ><\/div>\n\t\t\t\t\t\t\t\t\t\t\t<div class=\"elementor-gallery-item__overlay\"><\/div>\n\t\t\t\t\t\t\t\t\t\t\t\t\t\t<\/a>\n\t\t\t\t\t\t\t<a class=\"e-gallery-item elementor-gallery-item elementor-animated-content\" href=\"https:\/\/www.lichen.pl\/wp-content\/uploads\/2025\/01\/Inauguracja_roku_jubileuszowego-54.jpg\" data-elementor-open-lightbox=\"yes\" data-elementor-lightbox-slideshow=\"8399a1b\" data-elementor-lightbox-title=\"Inauguracja_roku_jubileuszowego (54)\" data-e-action-hash=\"#elementor-action%3Aaction%3Dlightbox%26settings%3DeyJpZCI6Nzg4NjYsInVybCI6Imh0dHBzOlwvXC93d3cubGljaGVuLnBsXC93cC1jb250ZW50XC91cGxvYWRzXC8yMDI1XC8wMVwvSW5hdWd1cmFjamFfcm9rdV9qdWJpbGV1c3pvd2Vnby01NC5qcGciLCJzbGlkZXNob3ciOiI4Mzk5YTFiIn0%3D\">\n\t\t\t\t\t<div class=\"e-gallery-image elementor-gallery-item__image\" data-thumbnail=\"https:\/\/www.lichen.pl\/wp-content\/uploads\/2025\/01\/Inauguracja_roku_jubileuszowego-54-300x200.jpg\" data-width=\"300\" data-height=\"200\" aria-label=\"\" role=\"img\" ><\/div>\n\t\t\t\t\t\t\t\t\t\t\t<div class=\"elementor-gallery-item__overlay\"><\/div>\n\t\t\t\t\t\t\t\t\t\t\t\t\t\t<\/a>\n\t\t\t\t\t\t\t<a class=\"e-gallery-item elementor-gallery-item elementor-animated-content\" href=\"https:\/\/www.lichen.pl\/wp-content\/uploads\/2025\/01\/Inauguracja_roku_jubileuszowego-55.jpg\" data-elementor-open-lightbox=\"yes\" data-elementor-lightbox-slideshow=\"8399a1b\" data-elementor-lightbox-title=\"Inauguracja_roku_jubileuszowego (55)\" data-e-action-hash=\"#elementor-action%3Aaction%3Dlightbox%26settings%3DeyJpZCI6Nzg4NjcsInVybCI6Imh0dHBzOlwvXC93d3cubGljaGVuLnBsXC93cC1jb250ZW50XC91cGxvYWRzXC8yMDI1XC8wMVwvSW5hdWd1cmFjamFfcm9rdV9qdWJpbGV1c3pvd2Vnby01NS5qcGciLCJzbGlkZXNob3ciOiI4Mzk5YTFiIn0%3D\">\n\t\t\t\t\t<div class=\"e-gallery-image elementor-gallery-item__image\" data-thumbnail=\"https:\/\/www.lichen.pl\/wp-content\/uploads\/2025\/01\/Inauguracja_roku_jubileuszowego-55-300x200.jpg\" data-width=\"300\" data-height=\"200\" aria-label=\"\" role=\"img\" ><\/div>\n\t\t\t\t\t\t\t\t\t\t\t<div class=\"elementor-gallery-item__overlay\"><\/div>\n\t\t\t\t\t\t\t\t\t\t\t\t\t\t<\/a>\n\t\t\t\t\t\t\t<a class=\"e-gallery-item elementor-gallery-item elementor-animated-content\" href=\"https:\/\/www.lichen.pl\/wp-content\/uploads\/2025\/01\/Inauguracja_roku_jubileuszowego-59.jpg\" data-elementor-open-lightbox=\"yes\" data-elementor-lightbox-slideshow=\"8399a1b\" data-elementor-lightbox-title=\"Inauguracja_roku_jubileuszowego (59)\" data-e-action-hash=\"#elementor-action%3Aaction%3Dlightbox%26settings%3DeyJpZCI6Nzg4NjgsInVybCI6Imh0dHBzOlwvXC93d3cubGljaGVuLnBsXC93cC1jb250ZW50XC91cGxvYWRzXC8yMDI1XC8wMVwvSW5hdWd1cmFjamFfcm9rdV9qdWJpbGV1c3pvd2Vnby01OS5qcGciLCJzbGlkZXNob3ciOiI4Mzk5YTFiIn0%3D\">\n\t\t\t\t\t<div class=\"e-gallery-image elementor-gallery-item__image\" data-thumbnail=\"https:\/\/www.lichen.pl\/wp-content\/uploads\/2025\/01\/Inauguracja_roku_jubileuszowego-59-300x200.jpg\" data-width=\"300\" data-height=\"200\" aria-label=\"\" role=\"img\" ><\/div>\n\t\t\t\t\t\t\t\t\t\t\t<div class=\"elementor-gallery-item__overlay\"><\/div>\n\t\t\t\t\t\t\t\t\t\t\t\t\t\t<\/a>\n\t\t\t\t\t<\/div>\n\t\t\t\t\t<\/div>\n\t\t\t\t<\/div>\n\t\t\t\t\t<\/div>\n\t\t<\/div>\n\t\t\t\t\t<\/div>\n\t\t<\/section>\n\t\t\t\t<\/div>","protected":false},"excerpt":{"rendered":"<p>W wyj\u0105tkowy spos\u00f3b rozpocz\u0119to Nowy Rok w sanktuarium Matki Bo\u017cej Liche\u0144skiej. 1 stycznia, w uroczysto\u015b\u0107 \u015awi\u0119tej Bo\u017cej Rodzicielki Maryi wierni zgromadzeni w liche\u0144skiej bazylice wzi\u0119li udzia\u0142 w uroczystej Mszy \u015awi\u0119tej, kt\u00f3ra zainaugurowa\u0142a Rok Jubileuszowy. Has\u0142em przewodnim tego czasu \u0142aski s\u0105 s\u0142owa: \u201ePielgrzymi nadziei\u201d. Wskazuje ono, \u017ce ludzkie \u017cycie jest w\u0119dr\u00f3wk\u0105 w stron\u0119 Boga, a nadzieja [&hellip;]<\/p>\n","protected":false},"author":8,"featured_media":78869,"comment_status":"closed","ping_status":"closed","sticky":false,"template":"","format":"standard","meta":{"footnotes":""},"categories":[1],"tags":[],"class_list":["post-78852","post","type-post","status-publish","format-standard","has-post-thumbnail","hentry","category-aktualnosci","wpbf-post"],"yoast_head":"<!-- This site is optimized with the Yoast SEO plugin v27.4 - https:\/\/yoast.com\/product\/yoast-seo-wordpress\/ -->\n<title>Uroczysto\u015b\u0107 \u015awi\u0119tej Bo\u017cej Rodzicielki Maryi w Licheniu \u2013 rozpocz\u0119cie Roku Jubileuszowego - SANKTUARIUM W LICHENIU<\/title>\n<meta name=\"robots\" content=\"index, follow, max-snippet:-1, max-image-preview:large, max-video-preview:-1\" \/>\n<link rel=\"canonical\" href=\"https:\/\/www.lichen.pl\/es\/uroczystosc-swietej-bozej-rodzicielki-maryi-w-licheniu-rozpoczecie-roku-jubileuszowego\/\" \/>\n<meta property=\"og:locale\" content=\"es_ES\" \/>\n<meta property=\"og:type\" content=\"article\" \/>\n<meta property=\"og:title\" content=\"Uroczysto\u015b\u0107 \u015awi\u0119tej Bo\u017cej Rodzicielki Maryi w Licheniu \u2013 rozpocz\u0119cie Roku Jubileuszowego - SANKTUARIUM W LICHENIU\" \/>\n<meta property=\"og:description\" content=\"W wyj\u0105tkowy spos\u00f3b rozpocz\u0119to Nowy Rok w sanktuarium Matki Bo\u017cej Liche\u0144skiej. 1 stycznia, w uroczysto\u015b\u0107 \u015awi\u0119tej Bo\u017cej Rodzicielki Maryi wierni zgromadzeni w liche\u0144skiej bazylice wzi\u0119li udzia\u0142 w uroczystej Mszy \u015awi\u0119tej, kt\u00f3ra zainaugurowa\u0142a Rok Jubileuszowy. Has\u0142em przewodnim tego czasu \u0142aski s\u0105 s\u0142owa: \u201ePielgrzymi nadziei\u201d. Wskazuje ono, \u017ce ludzkie \u017cycie jest w\u0119dr\u00f3wk\u0105 w stron\u0119 Boga, a nadzieja [&hellip;]\" \/>\n<meta property=\"og:url\" content=\"https:\/\/www.lichen.pl\/es\/uroczystosc-swietej-bozej-rodzicielki-maryi-w-licheniu-rozpoczecie-roku-jubileuszowego\/\" \/>\n<meta property=\"og:site_name\" content=\"SANKTUARIUM W LICHENIU\" \/>\n<meta property=\"article:published_time\" content=\"2025-01-02T10:41:46+00:00\" \/>\n<meta property=\"article:modified_time\" content=\"2025-01-02T10:42:12+00:00\" \/>\n<meta property=\"og:image\" content=\"https:\/\/www.lichen.pl\/wp-content\/uploads\/2025\/01\/Inauguracja_roku_jubileuszowego-20-1024x683.jpg\" \/>\n\t<meta property=\"og:image:width\" content=\"1024\" \/>\n\t<meta property=\"og:image:height\" content=\"683\" \/>\n\t<meta property=\"og:image:type\" content=\"image\/jpeg\" \/>\n<meta name=\"author\" content=\"Biuro Prasowe\" \/>\n<meta name=\"twitter:card\" content=\"summary_large_image\" \/>\n<meta name=\"twitter:label1\" content=\"Escrito por\" \/>\n\t<meta name=\"twitter:data1\" content=\"Biuro Prasowe\" \/>\n\t<meta name=\"twitter:label2\" content=\"Tiempo de lectura\" \/>\n\t<meta name=\"twitter:data2\" content=\"4 minutos\" \/>\n<script type=\"application\/ld+json\" class=\"yoast-schema-graph\">{\"@context\":\"https:\\\/\\\/schema.org\",\"@graph\":[{\"@type\":\"Article\",\"@id\":\"https:\\\/\\\/www.lichen.pl\\\/uroczystosc-swietej-bozej-rodzicielki-maryi-w-licheniu-rozpoczecie-roku-jubileuszowego\\\/#article\",\"isPartOf\":{\"@id\":\"https:\\\/\\\/www.lichen.pl\\\/uroczystosc-swietej-bozej-rodzicielki-maryi-w-licheniu-rozpoczecie-roku-jubileuszowego\\\/\"},\"author\":{\"name\":\"Biuro Prasowe\",\"@id\":\"https:\\\/\\\/www.lichen.pl\\\/fr\\\/#\\\/schema\\\/person\\\/682b5cfa2f8a664a298ed0bc19782a02\"},\"headline\":\"Uroczysto\u015b\u0107 \u015awi\u0119tej Bo\u017cej Rodzicielki Maryi w Licheniu \u2013 rozpocz\u0119cie Roku Jubileuszowego\",\"datePublished\":\"2025-01-02T10:41:46+00:00\",\"dateModified\":\"2025-01-02T10:42:12+00:00\",\"mainEntityOfPage\":{\"@id\":\"https:\\\/\\\/www.lichen.pl\\\/uroczystosc-swietej-bozej-rodzicielki-maryi-w-licheniu-rozpoczecie-roku-jubileuszowego\\\/\"},\"wordCount\":814,\"image\":{\"@id\":\"https:\\\/\\\/www.lichen.pl\\\/uroczystosc-swietej-bozej-rodzicielki-maryi-w-licheniu-rozpoczecie-roku-jubileuszowego\\\/#primaryimage\"},\"thumbnailUrl\":\"https:\\\/\\\/www.lichen.pl\\\/wp-content\\\/uploads\\\/2025\\\/01\\\/Inauguracja_roku_jubileuszowego-20.jpg\",\"articleSection\":[\"Aktualno\u015bci\"],\"inLanguage\":\"es\"},{\"@type\":\"WebPage\",\"@id\":\"https:\\\/\\\/www.lichen.pl\\\/uroczystosc-swietej-bozej-rodzicielki-maryi-w-licheniu-rozpoczecie-roku-jubileuszowego\\\/\",\"url\":\"https:\\\/\\\/www.lichen.pl\\\/uroczystosc-swietej-bozej-rodzicielki-maryi-w-licheniu-rozpoczecie-roku-jubileuszowego\\\/\",\"name\":\"Uroczysto\u015b\u0107 \u015awi\u0119tej Bo\u017cej Rodzicielki Maryi w Licheniu \u2013 rozpocz\u0119cie Roku Jubileuszowego - SANKTUARIUM W LICHENIU\",\"isPartOf\":{\"@id\":\"https:\\\/\\\/www.lichen.pl\\\/fr\\\/#website\"},\"primaryImageOfPage\":{\"@id\":\"https:\\\/\\\/www.lichen.pl\\\/uroczystosc-swietej-bozej-rodzicielki-maryi-w-licheniu-rozpoczecie-roku-jubileuszowego\\\/#primaryimage\"},\"image\":{\"@id\":\"https:\\\/\\\/www.lichen.pl\\\/uroczystosc-swietej-bozej-rodzicielki-maryi-w-licheniu-rozpoczecie-roku-jubileuszowego\\\/#primaryimage\"},\"thumbnailUrl\":\"https:\\\/\\\/www.lichen.pl\\\/wp-content\\\/uploads\\\/2025\\\/01\\\/Inauguracja_roku_jubileuszowego-20.jpg\",\"datePublished\":\"2025-01-02T10:41:46+00:00\",\"dateModified\":\"2025-01-02T10:42:12+00:00\",\"author\":{\"@id\":\"https:\\\/\\\/www.lichen.pl\\\/fr\\\/#\\\/schema\\\/person\\\/682b5cfa2f8a664a298ed0bc19782a02\"},\"breadcrumb\":{\"@id\":\"https:\\\/\\\/www.lichen.pl\\\/uroczystosc-swietej-bozej-rodzicielki-maryi-w-licheniu-rozpoczecie-roku-jubileuszowego\\\/#breadcrumb\"},\"inLanguage\":\"es\",\"potentialAction\":[{\"@type\":\"ReadAction\",\"target\":[\"https:\\\/\\\/www.lichen.pl\\\/uroczystosc-swietej-bozej-rodzicielki-maryi-w-licheniu-rozpoczecie-roku-jubileuszowego\\\/\"]}]},{\"@type\":\"ImageObject\",\"inLanguage\":\"es\",\"@id\":\"https:\\\/\\\/www.lichen.pl\\\/uroczystosc-swietej-bozej-rodzicielki-maryi-w-licheniu-rozpoczecie-roku-jubileuszowego\\\/#primaryimage\",\"url\":\"https:\\\/\\\/www.lichen.pl\\\/wp-content\\\/uploads\\\/2025\\\/01\\\/Inauguracja_roku_jubileuszowego-20.jpg\",\"contentUrl\":\"https:\\\/\\\/www.lichen.pl\\\/wp-content\\\/uploads\\\/2025\\\/01\\\/Inauguracja_roku_jubileuszowego-20.jpg\",\"width\":1920,\"height\":1280},{\"@type\":\"BreadcrumbList\",\"@id\":\"https:\\\/\\\/www.lichen.pl\\\/uroczystosc-swietej-bozej-rodzicielki-maryi-w-licheniu-rozpoczecie-roku-jubileuszowego\\\/#breadcrumb\",\"itemListElement\":[{\"@type\":\"ListItem\",\"position\":1,\"name\":\"Strona g\u0142\u00f3wna\",\"item\":\"https:\\\/\\\/www.lichen.pl\\\/\"},{\"@type\":\"ListItem\",\"position\":2,\"name\":\"Uroczysto\u015b\u0107 \u015awi\u0119tej Bo\u017cej Rodzicielki Maryi w Licheniu \u2013 rozpocz\u0119cie Roku Jubileuszowego\"}]},{\"@type\":\"WebSite\",\"@id\":\"https:\\\/\\\/www.lichen.pl\\\/fr\\\/#website\",\"url\":\"https:\\\/\\\/www.lichen.pl\\\/fr\\\/\",\"name\":\"SANKTUARIUM W LICHENIU\",\"description\":\"MATKI BO\u017bEJ LICHE\u0143SKIEJ BOLESNEJ KR\u00d3LOWEJ POLSKI\",\"potentialAction\":[{\"@type\":\"SearchAction\",\"target\":{\"@type\":\"EntryPoint\",\"urlTemplate\":\"https:\\\/\\\/www.lichen.pl\\\/fr\\\/?s={search_term_string}\"},\"query-input\":{\"@type\":\"PropertyValueSpecification\",\"valueRequired\":true,\"valueName\":\"search_term_string\"}}],\"inLanguage\":\"es\"},{\"@type\":\"Person\",\"@id\":\"https:\\\/\\\/www.lichen.pl\\\/fr\\\/#\\\/schema\\\/person\\\/682b5cfa2f8a664a298ed0bc19782a02\",\"name\":\"Biuro Prasowe\",\"image\":{\"@type\":\"ImageObject\",\"inLanguage\":\"es\",\"@id\":\"https:\\\/\\\/secure.gravatar.com\\\/avatar\\\/07fa3449d37670fd38888cb2e3db27aa13df245d811ec65206e44888f202bb53?s=96&d=retro&r=g\",\"url\":\"https:\\\/\\\/secure.gravatar.com\\\/avatar\\\/07fa3449d37670fd38888cb2e3db27aa13df245d811ec65206e44888f202bb53?s=96&d=retro&r=g\",\"contentUrl\":\"https:\\\/\\\/secure.gravatar.com\\\/avatar\\\/07fa3449d37670fd38888cb2e3db27aa13df245d811ec65206e44888f202bb53?s=96&d=retro&r=g\",\"caption\":\"Biuro Prasowe\"},\"sameAs\":[\"http:\\\/\\\/www.lichen.pl\"],\"url\":\"https:\\\/\\\/www.lichen.pl\\\/es\\\/author\\\/biuro-prasowe\\\/\"}]}<\/script>\n<!-- \/ Yoast SEO plugin. -->","yoast_head_json":{"title":"Uroczysto\u015b\u0107 \u015awi\u0119tej Bo\u017cej Rodzicielki Maryi w Licheniu \u2013 rozpocz\u0119cie Roku Jubileuszowego - SANKTUARIUM W LICHENIU","robots":{"index":"index","follow":"follow","max-snippet":"max-snippet:-1","max-image-preview":"max-image-preview:large","max-video-preview":"max-video-preview:-1"},"canonical":"https:\/\/www.lichen.pl\/es\/uroczystosc-swietej-bozej-rodzicielki-maryi-w-licheniu-rozpoczecie-roku-jubileuszowego\/","og_locale":"es_ES","og_type":"article","og_title":"Uroczysto\u015b\u0107 \u015awi\u0119tej Bo\u017cej Rodzicielki Maryi w Licheniu \u2013 rozpocz\u0119cie Roku Jubileuszowego - SANKTUARIUM W LICHENIU","og_description":"W wyj\u0105tkowy spos\u00f3b rozpocz\u0119to Nowy Rok w sanktuarium Matki Bo\u017cej Liche\u0144skiej. 1 stycznia, w uroczysto\u015b\u0107 \u015awi\u0119tej Bo\u017cej Rodzicielki Maryi wierni zgromadzeni w liche\u0144skiej bazylice wzi\u0119li udzia\u0142 w uroczystej Mszy \u015awi\u0119tej, kt\u00f3ra zainaugurowa\u0142a Rok Jubileuszowy. Has\u0142em przewodnim tego czasu \u0142aski s\u0105 s\u0142owa: \u201ePielgrzymi nadziei\u201d. Wskazuje ono, \u017ce ludzkie \u017cycie jest w\u0119dr\u00f3wk\u0105 w stron\u0119 Boga, a nadzieja [&hellip;]","og_url":"https:\/\/www.lichen.pl\/es\/uroczystosc-swietej-bozej-rodzicielki-maryi-w-licheniu-rozpoczecie-roku-jubileuszowego\/","og_site_name":"SANKTUARIUM W LICHENIU","article_published_time":"2025-01-02T10:41:46+00:00","article_modified_time":"2025-01-02T10:42:12+00:00","og_image":[{"width":1024,"height":683,"url":"https:\/\/www.lichen.pl\/wp-content\/uploads\/2025\/01\/Inauguracja_roku_jubileuszowego-20-1024x683.jpg","type":"image\/jpeg"}],"author":"Biuro Prasowe","twitter_card":"summary_large_image","twitter_misc":{"Escrito por":"Biuro Prasowe","Tiempo de lectura":"4 minutos"},"schema":{"@context":"https:\/\/schema.org","@graph":[{"@type":"Article","@id":"https:\/\/www.lichen.pl\/uroczystosc-swietej-bozej-rodzicielki-maryi-w-licheniu-rozpoczecie-roku-jubileuszowego\/#article","isPartOf":{"@id":"https:\/\/www.lichen.pl\/uroczystosc-swietej-bozej-rodzicielki-maryi-w-licheniu-rozpoczecie-roku-jubileuszowego\/"},"author":{"name":"Biuro Prasowe","@id":"https:\/\/www.lichen.pl\/fr\/#\/schema\/person\/682b5cfa2f8a664a298ed0bc19782a02"},"headline":"Uroczysto\u015b\u0107 \u015awi\u0119tej Bo\u017cej Rodzicielki Maryi w Licheniu \u2013 rozpocz\u0119cie Roku Jubileuszowego","datePublished":"2025-01-02T10:41:46+00:00","dateModified":"2025-01-02T10:42:12+00:00","mainEntityOfPage":{"@id":"https:\/\/www.lichen.pl\/uroczystosc-swietej-bozej-rodzicielki-maryi-w-licheniu-rozpoczecie-roku-jubileuszowego\/"},"wordCount":814,"image":{"@id":"https:\/\/www.lichen.pl\/uroczystosc-swietej-bozej-rodzicielki-maryi-w-licheniu-rozpoczecie-roku-jubileuszowego\/#primaryimage"},"thumbnailUrl":"https:\/\/www.lichen.pl\/wp-content\/uploads\/2025\/01\/Inauguracja_roku_jubileuszowego-20.jpg","articleSection":["Aktualno\u015bci"],"inLanguage":"es"},{"@type":"WebPage","@id":"https:\/\/www.lichen.pl\/uroczystosc-swietej-bozej-rodzicielki-maryi-w-licheniu-rozpoczecie-roku-jubileuszowego\/","url":"https:\/\/www.lichen.pl\/uroczystosc-swietej-bozej-rodzicielki-maryi-w-licheniu-rozpoczecie-roku-jubileuszowego\/","name":"Uroczysto\u015b\u0107 \u015awi\u0119tej Bo\u017cej Rodzicielki Maryi w Licheniu \u2013 rozpocz\u0119cie Roku Jubileuszowego - SANKTUARIUM W LICHENIU","isPartOf":{"@id":"https:\/\/www.lichen.pl\/fr\/#website"},"primaryImageOfPage":{"@id":"https:\/\/www.lichen.pl\/uroczystosc-swietej-bozej-rodzicielki-maryi-w-licheniu-rozpoczecie-roku-jubileuszowego\/#primaryimage"},"image":{"@id":"https:\/\/www.lichen.pl\/uroczystosc-swietej-bozej-rodzicielki-maryi-w-licheniu-rozpoczecie-roku-jubileuszowego\/#primaryimage"},"thumbnailUrl":"https:\/\/www.lichen.pl\/wp-content\/uploads\/2025\/01\/Inauguracja_roku_jubileuszowego-20.jpg","datePublished":"2025-01-02T10:41:46+00:00","dateModified":"2025-01-02T10:42:12+00:00","author":{"@id":"https:\/\/www.lichen.pl\/fr\/#\/schema\/person\/682b5cfa2f8a664a298ed0bc19782a02"},"breadcrumb":{"@id":"https:\/\/www.lichen.pl\/uroczystosc-swietej-bozej-rodzicielki-maryi-w-licheniu-rozpoczecie-roku-jubileuszowego\/#breadcrumb"},"inLanguage":"es","potentialAction":[{"@type":"ReadAction","target":["https:\/\/www.lichen.pl\/uroczystosc-swietej-bozej-rodzicielki-maryi-w-licheniu-rozpoczecie-roku-jubileuszowego\/"]}]},{"@type":"ImageObject","inLanguage":"es","@id":"https:\/\/www.lichen.pl\/uroczystosc-swietej-bozej-rodzicielki-maryi-w-licheniu-rozpoczecie-roku-jubileuszowego\/#primaryimage","url":"https:\/\/www.lichen.pl\/wp-content\/uploads\/2025\/01\/Inauguracja_roku_jubileuszowego-20.jpg","contentUrl":"https:\/\/www.lichen.pl\/wp-content\/uploads\/2025\/01\/Inauguracja_roku_jubileuszowego-20.jpg","width":1920,"height":1280},{"@type":"BreadcrumbList","@id":"https:\/\/www.lichen.pl\/uroczystosc-swietej-bozej-rodzicielki-maryi-w-licheniu-rozpoczecie-roku-jubileuszowego\/#breadcrumb","itemListElement":[{"@type":"ListItem","position":1,"name":"Strona g\u0142\u00f3wna","item":"https:\/\/www.lichen.pl\/"},{"@type":"ListItem","position":2,"name":"Uroczysto\u015b\u0107 \u015awi\u0119tej Bo\u017cej Rodzicielki Maryi w Licheniu \u2013 rozpocz\u0119cie Roku Jubileuszowego"}]},{"@type":"WebSite","@id":"https:\/\/www.lichen.pl\/fr\/#website","url":"https:\/\/www.lichen.pl\/fr\/","name":"SANTUARIO EN LICHENIA","description":"LA DOLOROSA REINA DE POLONIA DE NUESTRO LICHEN","potentialAction":[{"@type":"SearchAction","target":{"@type":"EntryPoint","urlTemplate":"https:\/\/www.lichen.pl\/fr\/?s={search_term_string}"},"query-input":{"@type":"PropertyValueSpecification","valueRequired":true,"valueName":"search_term_string"}}],"inLanguage":"es"},{"@type":"Person","@id":"https:\/\/www.lichen.pl\/fr\/#\/schema\/person\/682b5cfa2f8a664a298ed0bc19782a02","name":"Biuro Prasowe","image":{"@type":"ImageObject","inLanguage":"es","@id":"https:\/\/secure.gravatar.com\/avatar\/07fa3449d37670fd38888cb2e3db27aa13df245d811ec65206e44888f202bb53?s=96&d=retro&r=g","url":"https:\/\/secure.gravatar.com\/avatar\/07fa3449d37670fd38888cb2e3db27aa13df245d811ec65206e44888f202bb53?s=96&d=retro&r=g","contentUrl":"https:\/\/secure.gravatar.com\/avatar\/07fa3449d37670fd38888cb2e3db27aa13df245d811ec65206e44888f202bb53?s=96&d=retro&r=g","caption":"Biuro Prasowe"},"sameAs":["http:\/\/www.lichen.pl"],"url":"https:\/\/www.lichen.pl\/es\/author\/biuro-prasowe\/"}]}},"_links":{"self":[{"href":"https:\/\/www.lichen.pl\/es\/wp-json\/wp\/v2\/posts\/78852","targetHints":{"allow":["GET"]}}],"collection":[{"href":"https:\/\/www.lichen.pl\/es\/wp-json\/wp\/v2\/posts"}],"about":[{"href":"https:\/\/www.lichen.pl\/es\/wp-json\/wp\/v2\/types\/post"}],"author":[{"embeddable":true,"href":"https:\/\/www.lichen.pl\/es\/wp-json\/wp\/v2\/users\/8"}],"replies":[{"embeddable":true,"href":"https:\/\/www.lichen.pl\/es\/wp-json\/wp\/v2\/comments?post=78852"}],"version-history":[{"count":4,"href":"https:\/\/www.lichen.pl\/es\/wp-json\/wp\/v2\/posts\/78852\/revisions"}],"predecessor-version":[{"id":78873,"href":"https:\/\/www.lichen.pl\/es\/wp-json\/wp\/v2\/posts\/78852\/revisions\/78873"}],"wp:featuredmedia":[{"embeddable":true,"href":"https:\/\/www.lichen.pl\/es\/wp-json\/wp\/v2\/media\/78869"}],"wp:attachment":[{"href":"https:\/\/www.lichen.pl\/es\/wp-json\/wp\/v2\/media?parent=78852"}],"wp:term":[{"taxonomy":"category","embeddable":true,"href":"https:\/\/www.lichen.pl\/es\/wp-json\/wp\/v2\/categories?post=78852"},{"taxonomy":"post_tag","embeddable":true,"href":"https:\/\/www.lichen.pl\/es\/wp-json\/wp\/v2\/tags?post=78852"}],"curies":[{"name":"wp","href":"https:\/\/api.w.org\/{rel}","templated":true}]}}