{"id":80485,"date":"2025-02-23T11:34:22","date_gmt":"2025-02-23T10:34:22","guid":{"rendered":"https:\/\/www.lichen.pl\/?p=80485"},"modified":"2025-02-23T11:37:57","modified_gmt":"2025-02-23T10:37:57","slug":"modlitwa-na-swiatowy-dzien-walki-z-depresja","status":"publish","type":"post","link":"https:\/\/www.lichen.pl\/es\/modlitwa-na-swiatowy-dzien-walki-z-depresja\/","title":{"rendered":"Modlitwa na \u015awiatowy Dzie\u0144 Walki z Depresj\u0105"},"content":{"rendered":"<div data-elementor-type=\"wp-post\" data-elementor-id=\"80485\" class=\"elementor elementor-80485\" data-elementor-post-type=\"post\">\n\t\t\t\t\t\t<section class=\"elementor-section elementor-top-section elementor-element elementor-element-671f51b elementor-section-boxed elementor-section-height-default elementor-section-height-default\" data-id=\"671f51b\" data-element_type=\"section\" data-e-type=\"section\">\n\t\t\t\t\t\t<div class=\"elementor-container elementor-column-gap-default\">\n\t\t\t\t\t<div class=\"elementor-column elementor-col-100 elementor-top-column elementor-element elementor-element-d768688\" data-id=\"d768688\" data-element_type=\"column\" data-e-type=\"column\">\n\t\t\t<div class=\"elementor-widget-wrap elementor-element-populated\">\n\t\t\t\t\t\t<div class=\"elementor-element elementor-element-6bd6a2e elementor-widget elementor-widget-heading\" data-id=\"6bd6a2e\" data-element_type=\"widget\" data-e-type=\"widget\" data-widget_type=\"heading.default\">\n\t\t\t\t<div class=\"elementor-widget-container\">\n\t\t\t\t\t<h2 class=\"elementor-heading-title elementor-size-default\">Modlitwa do Matki Bo\u017cej Liche\u0144skiej w do\u015bwiadczeniu choroby depresji<\/h2>\t\t\t\t<\/div>\n\t\t\t\t<\/div>\n\t\t\t\t\t<\/div>\n\t\t<\/div>\n\t\t\t\t\t<\/div>\n\t\t<\/section>\n\t\t\t\t<section class=\"elementor-section elementor-top-section elementor-element elementor-element-d8fe72f elementor-section-boxed elementor-section-height-default elementor-section-height-default\" data-id=\"d8fe72f\" data-element_type=\"section\" data-e-type=\"section\">\n\t\t\t\t\t\t<div class=\"elementor-container elementor-column-gap-default\">\n\t\t\t\t\t<div class=\"elementor-column elementor-col-100 elementor-top-column elementor-element elementor-element-e899acb\" data-id=\"e899acb\" data-element_type=\"column\" data-e-type=\"column\">\n\t\t\t<div class=\"elementor-widget-wrap elementor-element-populated\">\n\t\t\t\t\t\t<div class=\"elementor-element elementor-element-3549dc2 elementor-widget__width-initial elementor-widget elementor-widget-text-editor\" data-id=\"3549dc2\" data-element_type=\"widget\" data-e-type=\"widget\" data-widget_type=\"text-editor.default\">\n\t\t\t\t<div class=\"elementor-widget-container\">\n\t\t\t\t\t\t\t\t\t<p><span style=\"color: #000000;\">Maryjo, Matko Bo\u017ca Liche\u0144ska, czu\u0142a Opiekunko, przychodz\u0119 do Ciebie, bo Ty\u00a0<\/span><span style=\"color: #000000;\">dobrze znasz moje serce \u2013 serce swojego dziecka, kt\u00f3re dzisiaj w spos\u00f3b\u00a0<\/span><span style=\"color: #000000;\">szczeg\u00f3lny raduje si\u0119 i pragnie wraz z Tob\u0105 \u015bpiewa\u0107 Bogu pie\u015b\u0144 dzi\u0119kczynienia.\u00a0<\/span><span style=\"color: #000000;\">Chc\u0119 podzi\u0119kowa\u0107 Jezusowi, Twojemu ukochanemu Synowi, za wszelkie dobro,\u00a0<\/span><span style=\"color: #000000;\">kt\u00f3rego do\u015bwiadczam ka\u017cdego dnia. To On prowadzi mnie bezpiecznymi\u00a0<\/span><span style=\"color: #000000;\">drogami mojego \u017cycia, przeprowadza przez ciemn\u0105 dolin\u0119, kiedy wok\u00f3\u0142 atakuj\u0105\u00a0<\/span><span style=\"color: #000000;\">moce z\u0142a. W Nim duch m\u00f3j znajduje ratunek i pocieszenie w chwilach smutku i\u00a0<\/span><span style=\"color: #000000;\">samotno\u015bci, w mojej chorobie depresji. Jezus troszczy si\u0119 o mnie, obejmuje\u00a0<\/span><span style=\"color: #000000;\">swoim ramieniem i m\u00f3wi: Jeste\u015b umi\u0142owanym dzieckiem Bo\u017cym, ufaj!<\/span><\/p>\t\t\t\t\t\t\t\t<\/div>\n\t\t\t\t<\/div>\n\t\t\t\t\t<\/div>\n\t\t<\/div>\n\t\t\t\t\t<\/div>\n\t\t<\/section>\n\t\t\t\t<section class=\"elementor-section elementor-top-section elementor-element elementor-element-473bf95 elementor-section-boxed elementor-section-height-default elementor-section-height-default\" data-id=\"473bf95\" data-element_type=\"section\" data-e-type=\"section\">\n\t\t\t\t\t\t<div class=\"elementor-container elementor-column-gap-default\">\n\t\t\t\t\t<div class=\"elementor-column elementor-col-100 elementor-top-column elementor-element elementor-element-18cb328\" data-id=\"18cb328\" data-element_type=\"column\" data-e-type=\"column\">\n\t\t\t<div class=\"elementor-widget-wrap elementor-element-populated\">\n\t\t\t\t\t\t<div class=\"elementor-element elementor-element-fc3d79e elementor-widget elementor-widget-text-editor\" data-id=\"fc3d79e\" data-element_type=\"widget\" data-e-type=\"widget\" data-widget_type=\"text-editor.default\">\n\t\t\t\t<div class=\"elementor-widget-container\">\n\t\t\t\t\t\t\t\t\t<p><span style=\"color: #000000;\">Prosz\u0119, Maryjo, naucz mnie ufa\u0107 Jezusowi, zawsze i ca\u0142\u0105 sob\u0105. Twoje s\u0142owa z\u00a0<\/span><span style=\"color: #000000;\">Kany Galilejskiej: Zr\u00f3bcie wszystko, cokolwiek powie wam m\u00f3j Syn (J 2,5) s\u0105 dla\u00a0<\/span><span style=\"color: #000000;\">mnie drogowskazem. Pos\u0142uszna Twemu matczynemu poleceniu, pragn\u0119 pe\u0142ni\u0107\u00a0<\/span><span style=\"color: #000000;\">wol\u0119 Jezusa nawet w sytuacji dla mnie trudnej, po\u015br\u00f3d niesprzyjaj\u0105cych\u00a0<\/span><span style=\"color: #000000; font-family: var( --e-global-typography-text-font-family ), aleo;\">okoliczno\u015bci, wydarze\u0144 po ludzku niezrozumia\u0142ych i budz\u0105cych l\u0119k. Wiem\u00a0<\/span><span style=\"color: #000000; font-family: var( --e-global-typography-text-font-family ), aleo;\">jednak, \u017ce Ty jeste\u015b, Matko, ze mn\u0105 i czuwasz, bym w bezradno\u015bci mojej, w\u00a0<\/span><span style=\"color: #000000; font-family: var( --e-global-typography-text-font-family ), aleo;\">chwiejno\u015bci my\u015bli i uczu\u0107, w niezrozumieniu spraw zawsze odnajdywa\u0142a w sobie\u00a0<\/span><span style=\"color: #000000; font-family: var( --e-global-typography-text-font-family ), aleo;\">moc Ducha Bo\u017cego i z wytrwa\u0142o\u015bci\u0105 pod\u0105\u017ca\u0142a, krok za krokiem, drogami mi\u0142o\u015bci\u00a0<\/span><span style=\"color: #000000; font-family: var( --e-global-typography-text-font-family ), aleo;\">Boga i bli\u017aniego.<\/span><\/p>\t\t\t\t\t\t\t\t<\/div>\n\t\t\t\t<\/div>\n\t\t\t\t\t<\/div>\n\t\t<\/div>\n\t\t\t\t\t<\/div>\n\t\t<\/section>\n\t\t\t\t<section class=\"elementor-section elementor-top-section elementor-element elementor-element-2a4afb2 elementor-section-boxed elementor-section-height-default elementor-section-height-default\" data-id=\"2a4afb2\" data-element_type=\"section\" data-e-type=\"section\">\n\t\t\t\t\t\t<div class=\"elementor-container elementor-column-gap-default\">\n\t\t\t\t\t<div class=\"elementor-column elementor-col-100 elementor-top-column elementor-element elementor-element-c087347\" data-id=\"c087347\" data-element_type=\"column\" data-e-type=\"column\">\n\t\t\t<div class=\"elementor-widget-wrap elementor-element-populated\">\n\t\t\t\t\t\t<div class=\"elementor-element elementor-element-aa67301 elementor-widget elementor-widget-text-editor\" data-id=\"aa67301\" data-element_type=\"widget\" data-e-type=\"widget\" data-widget_type=\"text-editor.default\">\n\t\t\t\t<div class=\"elementor-widget-container\">\n\t\t\t\t\t\t\t\t\t<p><span style=\"color: #000000;\">Jeste\u015b, Maryjo, blisko i czuwasz nade mn\u0105. Tu, w Twoim Domu odnajduj\u0119 pok\u00f3j&nbsp;<\/span><span style=\"color: #000000;\">serca i pocieszenie. Dzi\u0119kuj\u0119, \u017ce Jezus da\u0142 mi Ciebie za Matk\u0119. Jeste\u015b dobrem&nbsp;<\/span><span style=\"color: #000000;\">mojego \u017cycia ponad wszelkie inne dobra tego \u015bwiata. Niech Bogu b\u0119dzie&nbsp;<\/span><span style=\"color: #000000;\">chwa\u0142a, teraz i na wieki wiek\u00f3w. Amen.<\/span><\/p>\t\t\t\t\t\t\t\t<\/div>\n\t\t\t\t<\/div>\n\t\t\t\t\t<\/div>\n\t\t<\/div>\n\t\t\t\t\t<\/div>\n\t\t<\/section>\n\t\t\t\t<\/div>","protected":false},"excerpt":{"rendered":"<p>Modlitwa do Matki Bo\u017cej Liche\u0144skiej w do\u015bwiadczeniu choroby depresji Maryjo, Matko Bo\u017ca Liche\u0144ska, czu\u0142a Opiekunko, przychodz\u0119 do Ciebie, bo Ty\u00a0dobrze znasz moje serce \u2013 serce swojego dziecka, kt\u00f3re dzisiaj w spos\u00f3b\u00a0szczeg\u00f3lny raduje si\u0119 i pragnie wraz z Tob\u0105 \u015bpiewa\u0107 Bogu pie\u015b\u0144 dzi\u0119kczynienia.\u00a0Chc\u0119 podzi\u0119kowa\u0107 Jezusowi, Twojemu ukochanemu Synowi, za wszelkie dobro,\u00a0kt\u00f3rego do\u015bwiadczam ka\u017cdego dnia. To On [&hellip;]<\/p>\n","protected":false},"author":8,"featured_media":80486,"comment_status":"closed","ping_status":"closed","sticky":false,"template":"","format":"standard","meta":{"footnotes":""},"categories":[1],"tags":[],"class_list":["post-80485","post","type-post","status-publish","format-standard","has-post-thumbnail","hentry","category-aktualnosci","wpbf-post"],"yoast_head":"<!-- This site is optimized with the Yoast SEO plugin v27.4 - https:\/\/yoast.com\/product\/yoast-seo-wordpress\/ -->\n<title>Modlitwa na \u015awiatowy Dzie\u0144 Walki z Depresj\u0105 - SANKTUARIUM W LICHENIU<\/title>\n<meta name=\"robots\" content=\"index, follow, max-snippet:-1, max-image-preview:large, max-video-preview:-1\" \/>\n<link rel=\"canonical\" href=\"https:\/\/www.lichen.pl\/es\/modlitwa-na-swiatowy-dzien-walki-z-depresja\/\" \/>\n<meta property=\"og:locale\" content=\"es_ES\" \/>\n<meta property=\"og:type\" content=\"article\" \/>\n<meta property=\"og:title\" content=\"Modlitwa na \u015awiatowy Dzie\u0144 Walki z Depresj\u0105 - SANKTUARIUM W LICHENIU\" \/>\n<meta property=\"og:description\" content=\"Modlitwa do Matki Bo\u017cej Liche\u0144skiej w do\u015bwiadczeniu choroby depresji Maryjo, Matko Bo\u017ca Liche\u0144ska, czu\u0142a Opiekunko, przychodz\u0119 do Ciebie, bo Ty\u00a0dobrze znasz moje serce \u2013 serce swojego dziecka, kt\u00f3re dzisiaj w spos\u00f3b\u00a0szczeg\u00f3lny raduje si\u0119 i pragnie wraz z Tob\u0105 \u015bpiewa\u0107 Bogu pie\u015b\u0144 dzi\u0119kczynienia.\u00a0Chc\u0119 podzi\u0119kowa\u0107 Jezusowi, Twojemu ukochanemu Synowi, za wszelkie dobro,\u00a0kt\u00f3rego do\u015bwiadczam ka\u017cdego dnia. To On [&hellip;]\" \/>\n<meta property=\"og:url\" content=\"https:\/\/www.lichen.pl\/es\/modlitwa-na-swiatowy-dzien-walki-z-depresja\/\" \/>\n<meta property=\"og:site_name\" content=\"SANKTUARIUM W LICHENIU\" \/>\n<meta property=\"article:published_time\" content=\"2025-02-23T10:34:22+00:00\" \/>\n<meta property=\"article:modified_time\" content=\"2025-02-23T10:37:57+00:00\" \/>\n<meta property=\"og:image\" content=\"https:\/\/www.lichen.pl\/wp-content\/uploads\/2025\/02\/Z-mlodymi-i-dla-mlodych-38-1024x683.jpg\" \/>\n\t<meta property=\"og:image:width\" content=\"1024\" \/>\n\t<meta property=\"og:image:height\" content=\"683\" \/>\n\t<meta property=\"og:image:type\" content=\"image\/jpeg\" \/>\n<meta name=\"author\" content=\"Biuro Prasowe\" \/>\n<meta name=\"twitter:card\" content=\"summary_large_image\" \/>\n<meta name=\"twitter:label1\" content=\"Escrito por\" \/>\n\t<meta name=\"twitter:data1\" content=\"Biuro Prasowe\" \/>\n\t<meta name=\"twitter:label2\" content=\"Tiempo de lectura\" \/>\n\t<meta name=\"twitter:data2\" content=\"2 minutos\" \/>\n<script type=\"application\/ld+json\" class=\"yoast-schema-graph\">{\"@context\":\"https:\\\/\\\/schema.org\",\"@graph\":[{\"@type\":\"Article\",\"@id\":\"https:\\\/\\\/www.lichen.pl\\\/modlitwa-na-swiatowy-dzien-walki-z-depresja\\\/#article\",\"isPartOf\":{\"@id\":\"https:\\\/\\\/www.lichen.pl\\\/modlitwa-na-swiatowy-dzien-walki-z-depresja\\\/\"},\"author\":{\"name\":\"Biuro Prasowe\",\"@id\":\"https:\\\/\\\/www.lichen.pl\\\/fr\\\/#\\\/schema\\\/person\\\/682b5cfa2f8a664a298ed0bc19782a02\"},\"headline\":\"Modlitwa na \u015awiatowy Dzie\u0144 Walki z Depresj\u0105\",\"datePublished\":\"2025-02-23T10:34:22+00:00\",\"dateModified\":\"2025-02-23T10:37:57+00:00\",\"mainEntityOfPage\":{\"@id\":\"https:\\\/\\\/www.lichen.pl\\\/modlitwa-na-swiatowy-dzien-walki-z-depresja\\\/\"},\"wordCount\":297,\"image\":{\"@id\":\"https:\\\/\\\/www.lichen.pl\\\/modlitwa-na-swiatowy-dzien-walki-z-depresja\\\/#primaryimage\"},\"thumbnailUrl\":\"https:\\\/\\\/www.lichen.pl\\\/wp-content\\\/uploads\\\/2025\\\/02\\\/Z-mlodymi-i-dla-mlodych-38.jpg\",\"articleSection\":[\"Aktualno\u015bci\"],\"inLanguage\":\"es\"},{\"@type\":\"WebPage\",\"@id\":\"https:\\\/\\\/www.lichen.pl\\\/modlitwa-na-swiatowy-dzien-walki-z-depresja\\\/\",\"url\":\"https:\\\/\\\/www.lichen.pl\\\/modlitwa-na-swiatowy-dzien-walki-z-depresja\\\/\",\"name\":\"Modlitwa na \u015awiatowy Dzie\u0144 Walki z Depresj\u0105 - SANKTUARIUM W LICHENIU\",\"isPartOf\":{\"@id\":\"https:\\\/\\\/www.lichen.pl\\\/fr\\\/#website\"},\"primaryImageOfPage\":{\"@id\":\"https:\\\/\\\/www.lichen.pl\\\/modlitwa-na-swiatowy-dzien-walki-z-depresja\\\/#primaryimage\"},\"image\":{\"@id\":\"https:\\\/\\\/www.lichen.pl\\\/modlitwa-na-swiatowy-dzien-walki-z-depresja\\\/#primaryimage\"},\"thumbnailUrl\":\"https:\\\/\\\/www.lichen.pl\\\/wp-content\\\/uploads\\\/2025\\\/02\\\/Z-mlodymi-i-dla-mlodych-38.jpg\",\"datePublished\":\"2025-02-23T10:34:22+00:00\",\"dateModified\":\"2025-02-23T10:37:57+00:00\",\"author\":{\"@id\":\"https:\\\/\\\/www.lichen.pl\\\/fr\\\/#\\\/schema\\\/person\\\/682b5cfa2f8a664a298ed0bc19782a02\"},\"breadcrumb\":{\"@id\":\"https:\\\/\\\/www.lichen.pl\\\/modlitwa-na-swiatowy-dzien-walki-z-depresja\\\/#breadcrumb\"},\"inLanguage\":\"es\",\"potentialAction\":[{\"@type\":\"ReadAction\",\"target\":[\"https:\\\/\\\/www.lichen.pl\\\/modlitwa-na-swiatowy-dzien-walki-z-depresja\\\/\"]}]},{\"@type\":\"ImageObject\",\"inLanguage\":\"es\",\"@id\":\"https:\\\/\\\/www.lichen.pl\\\/modlitwa-na-swiatowy-dzien-walki-z-depresja\\\/#primaryimage\",\"url\":\"https:\\\/\\\/www.lichen.pl\\\/wp-content\\\/uploads\\\/2025\\\/02\\\/Z-mlodymi-i-dla-mlodych-38.jpg\",\"contentUrl\":\"https:\\\/\\\/www.lichen.pl\\\/wp-content\\\/uploads\\\/2025\\\/02\\\/Z-mlodymi-i-dla-mlodych-38.jpg\",\"width\":1920,\"height\":1280},{\"@type\":\"BreadcrumbList\",\"@id\":\"https:\\\/\\\/www.lichen.pl\\\/modlitwa-na-swiatowy-dzien-walki-z-depresja\\\/#breadcrumb\",\"itemListElement\":[{\"@type\":\"ListItem\",\"position\":1,\"name\":\"Strona g\u0142\u00f3wna\",\"item\":\"https:\\\/\\\/www.lichen.pl\\\/\"},{\"@type\":\"ListItem\",\"position\":2,\"name\":\"Modlitwa na \u015awiatowy Dzie\u0144 Walki z Depresj\u0105\"}]},{\"@type\":\"WebSite\",\"@id\":\"https:\\\/\\\/www.lichen.pl\\\/fr\\\/#website\",\"url\":\"https:\\\/\\\/www.lichen.pl\\\/fr\\\/\",\"name\":\"SANKTUARIUM W LICHENIU\",\"description\":\"MATKI BO\u017bEJ LICHE\u0143SKIEJ BOLESNEJ KR\u00d3LOWEJ POLSKI\",\"potentialAction\":[{\"@type\":\"SearchAction\",\"target\":{\"@type\":\"EntryPoint\",\"urlTemplate\":\"https:\\\/\\\/www.lichen.pl\\\/fr\\\/?s={search_term_string}\"},\"query-input\":{\"@type\":\"PropertyValueSpecification\",\"valueRequired\":true,\"valueName\":\"search_term_string\"}}],\"inLanguage\":\"es\"},{\"@type\":\"Person\",\"@id\":\"https:\\\/\\\/www.lichen.pl\\\/fr\\\/#\\\/schema\\\/person\\\/682b5cfa2f8a664a298ed0bc19782a02\",\"name\":\"Biuro Prasowe\",\"image\":{\"@type\":\"ImageObject\",\"inLanguage\":\"es\",\"@id\":\"https:\\\/\\\/secure.gravatar.com\\\/avatar\\\/07fa3449d37670fd38888cb2e3db27aa13df245d811ec65206e44888f202bb53?s=96&d=retro&r=g\",\"url\":\"https:\\\/\\\/secure.gravatar.com\\\/avatar\\\/07fa3449d37670fd38888cb2e3db27aa13df245d811ec65206e44888f202bb53?s=96&d=retro&r=g\",\"contentUrl\":\"https:\\\/\\\/secure.gravatar.com\\\/avatar\\\/07fa3449d37670fd38888cb2e3db27aa13df245d811ec65206e44888f202bb53?s=96&d=retro&r=g\",\"caption\":\"Biuro Prasowe\"},\"sameAs\":[\"http:\\\/\\\/www.lichen.pl\"],\"url\":\"https:\\\/\\\/www.lichen.pl\\\/es\\\/author\\\/biuro-prasowe\\\/\"}]}<\/script>\n<!-- \/ Yoast SEO plugin. -->","yoast_head_json":{"title":"Modlitwa na \u015awiatowy Dzie\u0144 Walki z Depresj\u0105 - SANKTUARIUM W LICHENIU","robots":{"index":"index","follow":"follow","max-snippet":"max-snippet:-1","max-image-preview":"max-image-preview:large","max-video-preview":"max-video-preview:-1"},"canonical":"https:\/\/www.lichen.pl\/es\/modlitwa-na-swiatowy-dzien-walki-z-depresja\/","og_locale":"es_ES","og_type":"article","og_title":"Modlitwa na \u015awiatowy Dzie\u0144 Walki z Depresj\u0105 - SANKTUARIUM W LICHENIU","og_description":"Modlitwa do Matki Bo\u017cej Liche\u0144skiej w do\u015bwiadczeniu choroby depresji Maryjo, Matko Bo\u017ca Liche\u0144ska, czu\u0142a Opiekunko, przychodz\u0119 do Ciebie, bo Ty\u00a0dobrze znasz moje serce \u2013 serce swojego dziecka, kt\u00f3re dzisiaj w spos\u00f3b\u00a0szczeg\u00f3lny raduje si\u0119 i pragnie wraz z Tob\u0105 \u015bpiewa\u0107 Bogu pie\u015b\u0144 dzi\u0119kczynienia.\u00a0Chc\u0119 podzi\u0119kowa\u0107 Jezusowi, Twojemu ukochanemu Synowi, za wszelkie dobro,\u00a0kt\u00f3rego do\u015bwiadczam ka\u017cdego dnia. To On [&hellip;]","og_url":"https:\/\/www.lichen.pl\/es\/modlitwa-na-swiatowy-dzien-walki-z-depresja\/","og_site_name":"SANKTUARIUM W LICHENIU","article_published_time":"2025-02-23T10:34:22+00:00","article_modified_time":"2025-02-23T10:37:57+00:00","og_image":[{"width":1024,"height":683,"url":"https:\/\/www.lichen.pl\/wp-content\/uploads\/2025\/02\/Z-mlodymi-i-dla-mlodych-38-1024x683.jpg","type":"image\/jpeg"}],"author":"Biuro Prasowe","twitter_card":"summary_large_image","twitter_misc":{"Escrito por":"Biuro Prasowe","Tiempo de lectura":"2 minutos"},"schema":{"@context":"https:\/\/schema.org","@graph":[{"@type":"Article","@id":"https:\/\/www.lichen.pl\/modlitwa-na-swiatowy-dzien-walki-z-depresja\/#article","isPartOf":{"@id":"https:\/\/www.lichen.pl\/modlitwa-na-swiatowy-dzien-walki-z-depresja\/"},"author":{"name":"Biuro Prasowe","@id":"https:\/\/www.lichen.pl\/fr\/#\/schema\/person\/682b5cfa2f8a664a298ed0bc19782a02"},"headline":"Modlitwa na \u015awiatowy Dzie\u0144 Walki z Depresj\u0105","datePublished":"2025-02-23T10:34:22+00:00","dateModified":"2025-02-23T10:37:57+00:00","mainEntityOfPage":{"@id":"https:\/\/www.lichen.pl\/modlitwa-na-swiatowy-dzien-walki-z-depresja\/"},"wordCount":297,"image":{"@id":"https:\/\/www.lichen.pl\/modlitwa-na-swiatowy-dzien-walki-z-depresja\/#primaryimage"},"thumbnailUrl":"https:\/\/www.lichen.pl\/wp-content\/uploads\/2025\/02\/Z-mlodymi-i-dla-mlodych-38.jpg","articleSection":["Aktualno\u015bci"],"inLanguage":"es"},{"@type":"WebPage","@id":"https:\/\/www.lichen.pl\/modlitwa-na-swiatowy-dzien-walki-z-depresja\/","url":"https:\/\/www.lichen.pl\/modlitwa-na-swiatowy-dzien-walki-z-depresja\/","name":"Modlitwa na \u015awiatowy Dzie\u0144 Walki z Depresj\u0105 - SANKTUARIUM W LICHENIU","isPartOf":{"@id":"https:\/\/www.lichen.pl\/fr\/#website"},"primaryImageOfPage":{"@id":"https:\/\/www.lichen.pl\/modlitwa-na-swiatowy-dzien-walki-z-depresja\/#primaryimage"},"image":{"@id":"https:\/\/www.lichen.pl\/modlitwa-na-swiatowy-dzien-walki-z-depresja\/#primaryimage"},"thumbnailUrl":"https:\/\/www.lichen.pl\/wp-content\/uploads\/2025\/02\/Z-mlodymi-i-dla-mlodych-38.jpg","datePublished":"2025-02-23T10:34:22+00:00","dateModified":"2025-02-23T10:37:57+00:00","author":{"@id":"https:\/\/www.lichen.pl\/fr\/#\/schema\/person\/682b5cfa2f8a664a298ed0bc19782a02"},"breadcrumb":{"@id":"https:\/\/www.lichen.pl\/modlitwa-na-swiatowy-dzien-walki-z-depresja\/#breadcrumb"},"inLanguage":"es","potentialAction":[{"@type":"ReadAction","target":["https:\/\/www.lichen.pl\/modlitwa-na-swiatowy-dzien-walki-z-depresja\/"]}]},{"@type":"ImageObject","inLanguage":"es","@id":"https:\/\/www.lichen.pl\/modlitwa-na-swiatowy-dzien-walki-z-depresja\/#primaryimage","url":"https:\/\/www.lichen.pl\/wp-content\/uploads\/2025\/02\/Z-mlodymi-i-dla-mlodych-38.jpg","contentUrl":"https:\/\/www.lichen.pl\/wp-content\/uploads\/2025\/02\/Z-mlodymi-i-dla-mlodych-38.jpg","width":1920,"height":1280},{"@type":"BreadcrumbList","@id":"https:\/\/www.lichen.pl\/modlitwa-na-swiatowy-dzien-walki-z-depresja\/#breadcrumb","itemListElement":[{"@type":"ListItem","position":1,"name":"Strona g\u0142\u00f3wna","item":"https:\/\/www.lichen.pl\/"},{"@type":"ListItem","position":2,"name":"Modlitwa na \u015awiatowy Dzie\u0144 Walki z Depresj\u0105"}]},{"@type":"WebSite","@id":"https:\/\/www.lichen.pl\/fr\/#website","url":"https:\/\/www.lichen.pl\/fr\/","name":"SANTUARIO EN LICHENIA","description":"LA DOLOROSA REINA DE POLONIA DE NUESTRO LICHEN","potentialAction":[{"@type":"SearchAction","target":{"@type":"EntryPoint","urlTemplate":"https:\/\/www.lichen.pl\/fr\/?s={search_term_string}"},"query-input":{"@type":"PropertyValueSpecification","valueRequired":true,"valueName":"search_term_string"}}],"inLanguage":"es"},{"@type":"Person","@id":"https:\/\/www.lichen.pl\/fr\/#\/schema\/person\/682b5cfa2f8a664a298ed0bc19782a02","name":"Biuro Prasowe","image":{"@type":"ImageObject","inLanguage":"es","@id":"https:\/\/secure.gravatar.com\/avatar\/07fa3449d37670fd38888cb2e3db27aa13df245d811ec65206e44888f202bb53?s=96&d=retro&r=g","url":"https:\/\/secure.gravatar.com\/avatar\/07fa3449d37670fd38888cb2e3db27aa13df245d811ec65206e44888f202bb53?s=96&d=retro&r=g","contentUrl":"https:\/\/secure.gravatar.com\/avatar\/07fa3449d37670fd38888cb2e3db27aa13df245d811ec65206e44888f202bb53?s=96&d=retro&r=g","caption":"Biuro Prasowe"},"sameAs":["http:\/\/www.lichen.pl"],"url":"https:\/\/www.lichen.pl\/es\/author\/biuro-prasowe\/"}]}},"_links":{"self":[{"href":"https:\/\/www.lichen.pl\/es\/wp-json\/wp\/v2\/posts\/80485","targetHints":{"allow":["GET"]}}],"collection":[{"href":"https:\/\/www.lichen.pl\/es\/wp-json\/wp\/v2\/posts"}],"about":[{"href":"https:\/\/www.lichen.pl\/es\/wp-json\/wp\/v2\/types\/post"}],"author":[{"embeddable":true,"href":"https:\/\/www.lichen.pl\/es\/wp-json\/wp\/v2\/users\/8"}],"replies":[{"embeddable":true,"href":"https:\/\/www.lichen.pl\/es\/wp-json\/wp\/v2\/comments?post=80485"}],"version-history":[{"count":5,"href":"https:\/\/www.lichen.pl\/es\/wp-json\/wp\/v2\/posts\/80485\/revisions"}],"predecessor-version":[{"id":80491,"href":"https:\/\/www.lichen.pl\/es\/wp-json\/wp\/v2\/posts\/80485\/revisions\/80491"}],"wp:featuredmedia":[{"embeddable":true,"href":"https:\/\/www.lichen.pl\/es\/wp-json\/wp\/v2\/media\/80486"}],"wp:attachment":[{"href":"https:\/\/www.lichen.pl\/es\/wp-json\/wp\/v2\/media?parent=80485"}],"wp:term":[{"taxonomy":"category","embeddable":true,"href":"https:\/\/www.lichen.pl\/es\/wp-json\/wp\/v2\/categories?post=80485"},{"taxonomy":"post_tag","embeddable":true,"href":"https:\/\/www.lichen.pl\/es\/wp-json\/wp\/v2\/tags?post=80485"}],"curies":[{"name":"wp","href":"https:\/\/api.w.org\/{rel}","templated":true}]}}