{"id":80492,"date":"2025-02-23T17:19:52","date_gmt":"2025-02-23T16:19:52","guid":{"rendered":"https:\/\/www.lichen.pl\/?p=80492"},"modified":"2025-02-23T17:37:46","modified_gmt":"2025-02-23T16:37:46","slug":"swiatowy-dzien-walki-z-depresja-w-sanktuarium-matki-bozej-lichenskiej","status":"publish","type":"post","link":"https:\/\/www.lichen.pl\/es\/swiatowy-dzien-walki-z-depresja-w-sanktuarium-matki-bozej-lichenskiej\/","title":{"rendered":"\u015awiatowy Dzie\u0144 Walki z Depresj\u0105 w Sanktuarium Matki Bo\u017cej Liche\u0144skiej"},"content":{"rendered":"<div data-elementor-type=\"wp-post\" data-elementor-id=\"80492\" class=\"elementor elementor-80492\" data-elementor-post-type=\"post\">\n\t\t\t\t\t\t<section class=\"elementor-section elementor-top-section elementor-element elementor-element-1eafba9 elementor-section-boxed elementor-section-height-default elementor-section-height-default\" data-id=\"1eafba9\" data-element_type=\"section\" data-e-type=\"section\">\n\t\t\t\t\t\t<div class=\"elementor-container elementor-column-gap-default\">\n\t\t\t\t\t<div class=\"elementor-column elementor-col-100 elementor-top-column elementor-element elementor-element-ba2a2e1\" data-id=\"ba2a2e1\" data-element_type=\"column\" data-e-type=\"column\">\n\t\t\t<div class=\"elementor-widget-wrap elementor-element-populated\">\n\t\t\t\t\t\t<div class=\"elementor-element elementor-element-8ad4eae elementor-widget elementor-widget-heading\" data-id=\"8ad4eae\" data-element_type=\"widget\" data-e-type=\"widget\" data-widget_type=\"heading.default\">\n\t\t\t\t<div class=\"elementor-widget-container\">\n\t\t\t\t\t<h2 class=\"elementor-heading-title elementor-size-default\">Modlitwa za cierpi\u0105cych na depresj\u0119<\/h2>\t\t\t\t<\/div>\n\t\t\t\t<\/div>\n\t\t\t\t<div class=\"elementor-element elementor-element-513a37b elementor-widget elementor-widget-text-editor\" data-id=\"513a37b\" data-element_type=\"widget\" data-e-type=\"widget\" data-widget_type=\"text-editor.default\">\n\t\t\t\t<div class=\"elementor-widget-container\">\n\t\t\t\t\t\t\t\t\t<p lang=\"pl-PL\"><span style=\"font-family: 'Liberation Sans', sans-serif; color: #000000;\"><span style=\"font-size: medium;\"><b>W Sanktuarium Matki Bo\u017cej Liche\u0144skiej 23 lutego z okazji \u015awiatowego Dnia Walki z Depresj\u0105 wierni \u0142\u0105czyli si\u0119 w modlitwie z osobami do\u015bwiadczaj\u0105cymi tej choroby. Intencje by\u0142y zanoszone podczas Mszy \u015bw. o godzinie 10:00 i 12:00.<\/b><\/span><\/span><\/p>\t\t\t\t\t\t\t\t<\/div>\n\t\t\t\t<\/div>\n\t\t\t\t<div class=\"elementor-element elementor-element-c523bf5 elementor-widget elementor-widget-heading\" data-id=\"c523bf5\" data-element_type=\"widget\" data-e-type=\"widget\" data-widget_type=\"heading.default\">\n\t\t\t\t<div class=\"elementor-widget-container\">\n\t\t\t\t\t<h2 class=\"elementor-heading-title elementor-size-default\">Pos\u0142uga muzyczna \u2013 d\u017awi\u0119ki skrzypiec i organ\u00f3w<\/h2>\t\t\t\t<\/div>\n\t\t\t\t<\/div>\n\t\t\t\t<div class=\"elementor-element elementor-element-a8c7b77 elementor-widget elementor-widget-text-editor\" data-id=\"a8c7b77\" data-element_type=\"widget\" data-e-type=\"widget\" data-widget_type=\"text-editor.default\">\n\t\t\t\t<div class=\"elementor-widget-container\">\n\t\t\t\t\t\t\t\t\t<p lang=\"pl-PL\"><span style=\"font-family: 'Liberation Sans', sans-serif; color: #000000;\"><span style=\"font-size: medium;\">Msza \u015awi\u0119ta zyska\u0142a wyj\u0105tkow\u0105 pos\u0142ug\u0119 muzyczn\u0105. Pan Krystian Panfil, graj\u0105cy na skrzypcach, harmonijnie wsp\u00f3\u0142brzmia\u0142 z muzyk\u0105 organow\u0105 w wykonaniu pani Barbary Kaczor, organistki liche\u0144skiej bazyliki. Ich wsp\u00f3lne, pi\u0119kne brzmienie podkre\u015bla\u0142o podnios\u0142o\u015b\u0107 chwili, a muzyka sta\u0142a si\u0119 wyrazem modlitwy i porusza\u0142a serca.<\/span><\/span><\/p><p lang=\"pl-PL\"><span style=\"font-family: 'Liberation Sans', sans-serif; color: #000000;\"><span style=\"font-size: medium;\">Ks. kustosz S\u0142awomir Homoncik MIC podkre\u015bli\u0142: <\/span><\/span><\/p><p lang=\"pl-PL\" style=\"padding-left: 40px;\"><em><span style=\"color: #000000;\">&quot;<span style=\"font-family: Liberation Sans, sans-serif;\"><span style=\"font-size: medium;\">Obecno\u015b\u0107 pana Krystiana, tej dzisiejszej pos\u0142ugi podczas liturgii, ubogaconej o wykonanie skrzypiec, jest takim sygna\u0142em, \u017ce muzyka mo\u017ce r\u00f3wnie\u017c pom\u00f3c i st\u0105d dzisiaj wraz z pani\u0105 Basi\u0105 rozszerzaj\u0105 nam serce w tej modlitwie\u201d.<\/span><\/span><\/span><\/em><\/p>\t\t\t\t\t\t\t\t<\/div>\n\t\t\t\t<\/div>\n\t\t\t\t<div class=\"elementor-element elementor-element-a52e1d3 elementor-widget elementor-widget-heading\" data-id=\"a52e1d3\" data-element_type=\"widget\" data-e-type=\"widget\" data-widget_type=\"heading.default\">\n\t\t\t\t<div class=\"elementor-widget-container\">\n\t\t\t\t\t<h2 class=\"elementor-heading-title elementor-size-default\">\u015awiadectwa os\u00f3b dotkni\u0119tych depresj\u0105<\/h2>\t\t\t\t<\/div>\n\t\t\t\t<\/div>\n\t\t\t\t<div class=\"elementor-element elementor-element-bee390d elementor-widget elementor-widget-text-editor\" data-id=\"bee390d\" data-element_type=\"widget\" data-e-type=\"widget\" data-widget_type=\"text-editor.default\">\n\t\t\t\t<div class=\"elementor-widget-container\">\n\t\t\t\t\t\t\t\t\t<p lang=\"pl-PL\"><span style=\"font-family: 'Liberation Sans', sans-serif; color: #000000;\"><span style=\"font-size: medium;\">Podczas Mszy \u015awi\u0119tej o godzinie 10:00 swoj\u0105 refleksj\u0105 podzieli\u0142a si\u0119 pani Agnieszka. M\u00f3wi\u0142a o swoich do\u015bwiadczeniach zwi\u0105zanych z depresj\u0105 oraz jak wa\u017cne jest podj\u0119cie leczenia i duchowe wsparcie.<\/span><\/span><\/p><blockquote lang=\"pl-PL\"><span style=\"color: #000000;\">&quot;<span style=\"font-family: Liberation Sans, sans-serif;\"><span style=\"font-size: medium;\">Depresja jest chorob\u0105, kt\u00f3r\u0105 mo\u017cna i nale\u017cy leczy\u0107. Depresja cz\u0119sto jest wyleczalna ca\u0142kowicie. Nie zawsze si\u0119 do niej wraca. Ze wzgl\u0119du na powa\u017cne konsekwencje tych objaw\u00f3w, nie mo\u017cna jej lekcewa\u017cy\u0107\u201d.<\/span><\/span><\/span><\/blockquote><p lang=\"pl-PL\"><span style=\"font-family: 'Liberation Sans', sans-serif; color: #000000;\"><span style=\"font-size: medium;\">Pani Agnieszka opowiedzia\u0142a r\u00f3wnie\u017c o tym, jak relacja z Bogiem pomog\u0142a jej znale\u017a\u0107 sens \u017cycia:<\/span><\/span><\/p><blockquote lang=\"pl-PL\"><span style=\"color: #000000;\">&quot;<span style=\"font-family: Liberation Sans, sans-serif;\"><span style=\"font-size: medium;\">Pan B\u00f3g odpowiada na te nasze wo\u0142ania, na te nasze rozpacze i nasze r\u00f3\u017cnego rodzaju n\u0119dze. Czasem dzia\u0142aniem od razu, a czasem takim wyd\u0142u\u017conym\u201d.<\/span><\/span><\/span><\/blockquote><p lang=\"pl-PL\"><span style=\"font-family: 'Liberation Sans', sans-serif; color: #000000;\"><span style=\"font-size: medium;\">O godzinie 12:00 kolejne \u015bwiadectwo wyg\u0142osi\u0142a pani Ania, kt\u00f3ra r\u00f3wnie\u017c dzieli\u0142a si\u0119 swoimi do\u015bwiadczeniami, podkre\u015blaj\u0105c, jak to s\u0142owa Pana Boga trafi\u0142y do niej, gdy \u017cadne inne nie potrafi\u0142y.<\/span><\/span><\/p><blockquote><span style=\"color: #000000;\">&quot;<span style=\"font-family: Liberation Sans, sans-serif;\"><span style=\"font-size: medium;\"><span lang=\"pl-PL\">A s\u0142owa typu we\u017a si\u0119 w gar\u015b\u0107, nie przesadzaj, poradzisz sobie, dasz rad\u0119. Nic tak naprawd\u0119 nie zmienia\u0142o w moim \u017cyciu. By\u0142 to te\u017c czas, kiedy tak bardzo czu\u0142am si\u0119 samotna, niekochana, niechciana. I s\u0142owem Pan Jezus dotkn\u0105\u0142 bardzo moje serce. Ju\u017c w tej takiej ciemnej w\u0142a\u015bnie nocy, jak te\u017c ksi\u0105dz dzi\u015b m\u00f3wi\u0142, posz\u0142am po Pismo \u015awi\u0119te, kt\u00f3re babcia mia\u0142a w szafce. <\/span><span lang=\"pl-PL\">O<\/span><span lang=\"pl-PL\">tworzy\u0142am na stronie z ksi\u0119gi <\/span><span lang=\"pl-PL\">Iz<\/span><span lang=\"pl-PL\">ajasza. <\/span><span lang=\"pl-PL\">S<\/span><span lang=\"pl-PL\">\u0142owa, kt\u00f3re przeczyta\u0142am &#8211; <\/span><span lang=\"pl-PL\">Nie b\u00f3j si\u0119, robaczku Jakubie. To by\u0142y przepi\u0119kne s\u0142owa, kt\u00f3re po prostu by\u0142y jak taka strza\u0142a w moje serce, pe\u0142ne mi\u0142o\u015bci, czu\u0142o\u015bci. Tego, co na ten moment by\u0142o mi potrzebne.\u201d<\/span><\/span><\/span><\/span><\/blockquote>\t\t\t\t\t\t\t\t<\/div>\n\t\t\t\t<\/div>\n\t\t\t\t\t<\/div>\n\t\t<\/div>\n\t\t\t\t\t<\/div>\n\t\t<\/section>\n\t\t\t\t<section class=\"elementor-section elementor-top-section elementor-element elementor-element-6bbfaf3 elementor-section-boxed elementor-section-height-default elementor-section-height-default\" data-id=\"6bbfaf3\" data-element_type=\"section\" data-e-type=\"section\">\n\t\t\t\t\t\t<div class=\"elementor-container elementor-column-gap-default\">\n\t\t\t\t\t<div class=\"elementor-column elementor-col-100 elementor-top-column elementor-element elementor-element-84f34c7\" data-id=\"84f34c7\" data-element_type=\"column\" data-e-type=\"column\">\n\t\t\t<div class=\"elementor-widget-wrap elementor-element-populated\">\n\t\t\t\t\t\t<div class=\"elementor-element elementor-element-ba159b6 elementor-widget elementor-widget-heading\" data-id=\"ba159b6\" data-element_type=\"widget\" data-e-type=\"widget\" data-widget_type=\"heading.default\">\n\t\t\t\t<div class=\"elementor-widget-container\">\n\t\t\t\t\t<h2 class=\"elementor-heading-title elementor-size-default\">Przes\u0142anie nadziei i modlitwa<\/h2>\t\t\t\t<\/div>\n\t\t\t\t<\/div>\n\t\t\t\t\t<\/div>\n\t\t<\/div>\n\t\t\t\t\t<\/div>\n\t\t<\/section>\n\t\t\t\t<section class=\"elementor-section elementor-top-section elementor-element elementor-element-69afdeb elementor-section-boxed elementor-section-height-default elementor-section-height-default\" data-id=\"69afdeb\" data-element_type=\"section\" data-e-type=\"section\">\n\t\t\t\t\t\t<div class=\"elementor-container elementor-column-gap-default\">\n\t\t\t\t\t<div class=\"elementor-column elementor-col-100 elementor-top-column elementor-element elementor-element-502add0\" data-id=\"502add0\" data-element_type=\"column\" data-e-type=\"column\">\n\t\t\t<div class=\"elementor-widget-wrap elementor-element-populated\">\n\t\t\t\t\t\t<div class=\"elementor-element elementor-element-ba45a7f elementor-widget elementor-widget-text-editor\" data-id=\"ba45a7f\" data-element_type=\"widget\" data-e-type=\"widget\" data-widget_type=\"text-editor.default\">\n\t\t\t\t<div class=\"elementor-widget-container\">\n\t\t\t\t\t\t\t\t\t<p><span style=\"font-family: 'Liberation Sans', sans-serif; color: #000000;\"><span style=\"font-size: medium;\"><span lang=\"pl-PL\">Podczas homilii ks. kustosz S\u0142awomir Homoncik MIC zach\u0119ca\u0142 do dostrzegania ma\u0142ych promieni \u015bwiat\u0142a nawet w najciemniejszych chwilach:<\/span><\/span><\/span><\/p><blockquote lang=\"pl-PL\"><span style=\"color: #000000;\">&quot;<span style=\"font-family: Liberation Sans, sans-serif;\"><span style=\"font-size: medium;\">Bracia i siostry, dzisiaj modlimy si\u0119 w tej Mszy \u015awi\u0119tej w intencji os\u00f3b, kt\u00f3re cierpi\u0105 z powodu depresji. Te osoby dotykaj\u0105 \u015bwiata, mo\u017cna by powiedzie\u0107 \u2013 \u015bwiata ciemno\u015bci, pewnej beznadziei, gdzie wida\u0107 tylko to, co z\u0142e. Ale warto te\u017c pr\u00f3bowa\u0107, je\u015bli cierpimy na depresj\u0119 czy prze\u017cywamy jak\u0105\u015b noc ciemn\u0105, by\u015bmy mieli kogo\u015b, kto nam b\u0119dzie przypomina\u0142 o tym, \u017ce opr\u00f3cz tej ciemnej strony \u017cycia s\u0105 jakie\u015b przeb\u0142yski \u015bwiat\u0142a\u201d.<\/span><\/span><\/span><\/blockquote><p lang=\"pl-PL\"><span style=\"font-family: 'Liberation Sans', sans-serif; color: #000000;\"><span style=\"font-size: medium;\">Na zako\u0144czenie Mszy \u015bw. wierni wsp\u00f3lnie odm\u00f3wili modlitw\u0119, powierzaj\u0105c Matce Bo\u017cej Liche\u0144skiej wszystkich cierpi\u0105cych na depresj\u0119 i prosz\u0105c o \u0142ask\u0119 uzdrowienia:<\/span><\/span><\/p><p align=\"justify\"><span style=\"color: #000000;\">&quot;<span style=\"font-family: Liberation Sans, sans-serif;\"><span style=\"font-size: medium;\"><span lang=\"pl-PL\"><b>Maryjo, Matko Bo\u017ca Liche\u0144ska, czu\u0142a Opiekunko, przychodz\u0119 do Ciebie, bo Ty dobrze znasz moje serce \u2013 serce swojego dziecka, kt\u00f3re dzisiaj w spos\u00f3b szczeg\u00f3lny raduje si\u0119 i pragnie wraz z Tob\u0105 \u015bpiewa\u0107 Bogu pie\u015b\u0144 dzi\u0119kczynienia. Chc\u0119 podzi\u0119kowa\u0107 Jezusowi, Twojemu ukochanemu Synowi, za wszelkie dobro, kt\u00f3rego do\u015bwiadczam ka\u017cdego dnia. To On prowadzi mnie bezpiecznymi drogami mojego \u017cycia, przeprowadza przez ciemn\u0105 dolin\u0119, kiedy wok\u00f3\u0142 atakuj\u0105 moce z\u0142a. W Nim duch m\u00f3j znajduje ratunek i pocieszenie w chwilach smutku i samotno\u015bci, w mojej chorobie depresji. Jezus troszczy si\u0119 o mnie, obejmuje swoim ramieniem i m\u00f3wi: Jeste\u015b umi\u0142owanym dzieckiem Bo\u017cym, ufaj<\/b><\/span><\/span><\/span><span style=\"font-family: Liberation Sans, sans-serif;\"><span style=\"font-size: medium;\"><span lang=\"pl-PL\"><b>&quot;.<\/b><\/span><\/span><\/span><\/span><\/p>\t\t\t\t\t\t\t\t<\/div>\n\t\t\t\t<\/div>\n\t\t\t\t\t<\/div>\n\t\t<\/div>\n\t\t\t\t\t<\/div>\n\t\t<\/section>\n\t\t\t\t<section class=\"elementor-section elementor-top-section elementor-element elementor-element-c242ec8 elementor-section-boxed elementor-section-height-default elementor-section-height-default\" data-id=\"c242ec8\" data-element_type=\"section\" data-e-type=\"section\">\n\t\t\t\t\t\t<div class=\"elementor-container elementor-column-gap-default\">\n\t\t\t\t\t<div class=\"elementor-column elementor-col-100 elementor-top-column elementor-element elementor-element-57a9b15\" data-id=\"57a9b15\" data-element_type=\"column\" data-e-type=\"column\">\n\t\t\t<div class=\"elementor-widget-wrap elementor-element-populated\">\n\t\t\t\t\t\t<div class=\"elementor-element elementor-element-9abc631 elementor-widget elementor-widget-heading\" data-id=\"9abc631\" data-element_type=\"widget\" data-e-type=\"widget\" data-widget_type=\"heading.default\">\n\t\t\t\t<div class=\"elementor-widget-container\">\n\t\t\t\t\t<h2 class=\"elementor-heading-title elementor-size-default\">Wsp\u00f3lnota w walce z depresj\u0105<\/h2>\t\t\t\t<\/div>\n\t\t\t\t<\/div>\n\t\t\t\t\t<\/div>\n\t\t<\/div>\n\t\t\t\t\t<\/div>\n\t\t<\/section>\n\t\t\t\t<section class=\"elementor-section elementor-top-section elementor-element elementor-element-40eed49 elementor-section-boxed elementor-section-height-default elementor-section-height-default\" data-id=\"40eed49\" data-element_type=\"section\" data-e-type=\"section\">\n\t\t\t\t\t\t<div class=\"elementor-container elementor-column-gap-default\">\n\t\t\t\t\t<div class=\"elementor-column elementor-col-100 elementor-top-column elementor-element elementor-element-fb949aa\" data-id=\"fb949aa\" data-element_type=\"column\" data-e-type=\"column\">\n\t\t\t<div class=\"elementor-widget-wrap elementor-element-populated\">\n\t\t\t\t\t\t<div class=\"elementor-element elementor-element-d1c29cd elementor-widget elementor-widget-text-editor\" data-id=\"d1c29cd\" data-element_type=\"widget\" data-e-type=\"widget\" data-widget_type=\"text-editor.default\">\n\t\t\t\t<div class=\"elementor-widget-container\">\n\t\t\t\t\t\t\t\t\t<p lang=\"pl-PL\"><span style=\"font-family: 'Liberation Sans', sans-serif; color: #000000;\"><span style=\"font-size: medium;\">\u015awiatowy Dzie\u0144 Walki z Depresj\u0105 w sanktuarium liche\u0144skim sta\u0142 si\u0119 okazj\u0105 do wsp\u00f3lnej modlitwy, wzajemnego wsparcia oraz budzenia \u015bwiadomo\u015bci, \u017ce nikt nie jest sam w swoim cierpieniu. W sanktuarium Matki Bo\u017cej Liche\u0144skiej po raz kolejny wybrzmia\u0142o przes\u0142anie nadziei \u2013 \u017ce mimo trudno\u015bci i ciemno\u015bci, zawsze istnieje droga do \u015bwiat\u0142a.<\/span><\/span><\/p>\t\t\t\t\t\t\t\t<\/div>\n\t\t\t\t<\/div>\n\t\t\t\t\t<\/div>\n\t\t<\/div>\n\t\t\t\t\t<\/div>\n\t\t<\/section>\n\t\t\t\t<section class=\"elementor-section elementor-top-section elementor-element elementor-element-ef89ada elementor-section-boxed elementor-section-height-default elementor-section-height-default\" data-id=\"ef89ada\" data-element_type=\"section\" data-e-type=\"section\">\n\t\t\t\t\t\t<div class=\"elementor-container elementor-column-gap-default\">\n\t\t\t\t\t<div class=\"elementor-column elementor-col-100 elementor-top-column elementor-element elementor-element-966035a\" data-id=\"966035a\" data-element_type=\"column\" data-e-type=\"column\">\n\t\t\t<div class=\"elementor-widget-wrap elementor-element-populated\">\n\t\t\t\t\t\t<div class=\"elementor-element elementor-element-12eb508 elementor-widget elementor-widget-gallery\" data-id=\"12eb508\" data-element_type=\"widget\" data-e-type=\"widget\" data-settings=\"{&quot;lazyload&quot;:&quot;yes&quot;,&quot;gallery_layout&quot;:&quot;grid&quot;,&quot;columns&quot;:4,&quot;columns_tablet&quot;:2,&quot;columns_mobile&quot;:1,&quot;gap&quot;:{&quot;unit&quot;:&quot;px&quot;,&quot;size&quot;:10,&quot;sizes&quot;:[]},&quot;gap_tablet&quot;:{&quot;unit&quot;:&quot;px&quot;,&quot;size&quot;:10,&quot;sizes&quot;:[]},&quot;gap_mobile&quot;:{&quot;unit&quot;:&quot;px&quot;,&quot;size&quot;:10,&quot;sizes&quot;:[]},&quot;link_to&quot;:&quot;file&quot;,&quot;aspect_ratio&quot;:&quot;3:2&quot;,&quot;overlay_background&quot;:&quot;yes&quot;,&quot;content_hover_animation&quot;:&quot;fade-in&quot;}\" data-widget_type=\"gallery.default\">\n\t\t\t\t<div class=\"elementor-widget-container\">\n\t\t\t\t\t\t\t<div class=\"elementor-gallery__container\">\n\t\t\t\t\t\t\t<a class=\"e-gallery-item elementor-gallery-item elementor-animated-content\" href=\"https:\/\/www.lichen.pl\/wp-content\/uploads\/2025\/02\/Swiatowy-Dzien-Walki-z-Depresja-13.jpg\" data-elementor-open-lightbox=\"yes\" data-elementor-lightbox-slideshow=\"12eb508\" data-elementor-lightbox-title=\"\u015awiatowy Dzie\u0144 Walki z Depresj\u0105 (13)\" data-e-action-hash=\"#elementor-action%3Aaction%3Dlightbox%26settings%3DeyJpZCI6ODA0OTUsInVybCI6Imh0dHBzOlwvXC93d3cubGljaGVuLnBsXC93cC1jb250ZW50XC91cGxvYWRzXC8yMDI1XC8wMlwvU3dpYXRvd3ktRHppZW4tV2Fsa2ktei1EZXByZXNqYS0xMy5qcGciLCJzbGlkZXNob3ciOiIxMmViNTA4In0%3D\">\n\t\t\t\t\t<div class=\"e-gallery-image elementor-gallery-item__image\" data-thumbnail=\"https:\/\/www.lichen.pl\/wp-content\/uploads\/2025\/02\/Swiatowy-Dzien-Walki-z-Depresja-13-300x200.jpg\" data-width=\"300\" data-height=\"200\" aria-label=\"\" role=\"img\" ><\/div>\n\t\t\t\t\t\t\t\t\t\t\t<div class=\"elementor-gallery-item__overlay\"><\/div>\n\t\t\t\t\t\t\t\t\t\t\t\t\t\t<\/a>\n\t\t\t\t\t\t\t<a class=\"e-gallery-item elementor-gallery-item elementor-animated-content\" href=\"https:\/\/www.lichen.pl\/wp-content\/uploads\/2025\/02\/Swiatowy-Dzien-Walki-z-Depresja-44.jpg\" data-elementor-open-lightbox=\"yes\" data-elementor-lightbox-slideshow=\"12eb508\" data-elementor-lightbox-title=\"\u015awiatowy Dzie\u0144 Walki z Depresj\u0105 (44)\" data-e-action-hash=\"#elementor-action%3Aaction%3Dlightbox%26settings%3DeyJpZCI6ODA1MDIsInVybCI6Imh0dHBzOlwvXC93d3cubGljaGVuLnBsXC93cC1jb250ZW50XC91cGxvYWRzXC8yMDI1XC8wMlwvU3dpYXRvd3ktRHppZW4tV2Fsa2ktei1EZXByZXNqYS00NC5qcGciLCJzbGlkZXNob3ciOiIxMmViNTA4In0%3D\">\n\t\t\t\t\t<div class=\"e-gallery-image elementor-gallery-item__image\" data-thumbnail=\"https:\/\/www.lichen.pl\/wp-content\/uploads\/2025\/02\/Swiatowy-Dzien-Walki-z-Depresja-44-300x200.jpg\" data-width=\"300\" data-height=\"200\" aria-label=\"\" role=\"img\" ><\/div>\n\t\t\t\t\t\t\t\t\t\t\t<div class=\"elementor-gallery-item__overlay\"><\/div>\n\t\t\t\t\t\t\t\t\t\t\t\t\t\t<\/a>\n\t\t\t\t\t\t\t<a class=\"e-gallery-item elementor-gallery-item elementor-animated-content\" href=\"https:\/\/www.lichen.pl\/wp-content\/uploads\/2025\/02\/Swiatowy-Dzien-Walki-z-Depresja-1.jpg\" data-elementor-open-lightbox=\"yes\" data-elementor-lightbox-slideshow=\"12eb508\" data-elementor-lightbox-title=\"\u015awiatowy Dzie\u0144 Walki z Depresj\u0105 (1)\" data-e-action-hash=\"#elementor-action%3Aaction%3Dlightbox%26settings%3DeyJpZCI6ODA0OTQsInVybCI6Imh0dHBzOlwvXC93d3cubGljaGVuLnBsXC93cC1jb250ZW50XC91cGxvYWRzXC8yMDI1XC8wMlwvU3dpYXRvd3ktRHppZW4tV2Fsa2ktei1EZXByZXNqYS0xLmpwZyIsInNsaWRlc2hvdyI6IjEyZWI1MDgifQ%3D%3D\">\n\t\t\t\t\t<div class=\"e-gallery-image elementor-gallery-item__image\" data-thumbnail=\"https:\/\/www.lichen.pl\/wp-content\/uploads\/2025\/02\/Swiatowy-Dzien-Walki-z-Depresja-1-300x200.jpg\" data-width=\"300\" data-height=\"200\" aria-label=\"\" role=\"img\" ><\/div>\n\t\t\t\t\t\t\t\t\t\t\t<div class=\"elementor-gallery-item__overlay\"><\/div>\n\t\t\t\t\t\t\t\t\t\t\t\t\t\t<\/a>\n\t\t\t\t\t\t\t<a class=\"e-gallery-item elementor-gallery-item elementor-animated-content\" href=\"https:\/\/www.lichen.pl\/wp-content\/uploads\/2025\/02\/Swiatowy-Dzien-Walki-z-Depresja-23.jpg\" data-elementor-open-lightbox=\"yes\" data-elementor-lightbox-slideshow=\"12eb508\" data-elementor-lightbox-title=\"\u015awiatowy Dzie\u0144 Walki z Depresj\u0105 (23)\" data-e-action-hash=\"#elementor-action%3Aaction%3Dlightbox%26settings%3DeyJpZCI6ODA0OTYsInVybCI6Imh0dHBzOlwvXC93d3cubGljaGVuLnBsXC93cC1jb250ZW50XC91cGxvYWRzXC8yMDI1XC8wMlwvU3dpYXRvd3ktRHppZW4tV2Fsa2ktei1EZXByZXNqYS0yMy5qcGciLCJzbGlkZXNob3ciOiIxMmViNTA4In0%3D\">\n\t\t\t\t\t<div class=\"e-gallery-image elementor-gallery-item__image\" data-thumbnail=\"https:\/\/www.lichen.pl\/wp-content\/uploads\/2025\/02\/Swiatowy-Dzien-Walki-z-Depresja-23-300x200.jpg\" data-width=\"300\" data-height=\"200\" aria-label=\"\" role=\"img\" ><\/div>\n\t\t\t\t\t\t\t\t\t\t\t<div class=\"elementor-gallery-item__overlay\"><\/div>\n\t\t\t\t\t\t\t\t\t\t\t\t\t\t<\/a>\n\t\t\t\t\t\t\t<a class=\"e-gallery-item elementor-gallery-item elementor-animated-content\" href=\"https:\/\/www.lichen.pl\/wp-content\/uploads\/2025\/02\/Swiatowy-Dzien-Walki-z-Depresja-28.jpg\" data-elementor-open-lightbox=\"yes\" data-elementor-lightbox-slideshow=\"12eb508\" data-elementor-lightbox-title=\"\u015awiatowy Dzie\u0144 Walki z Depresj\u0105 (28)\" data-e-action-hash=\"#elementor-action%3Aaction%3Dlightbox%26settings%3DeyJpZCI6ODA0OTgsInVybCI6Imh0dHBzOlwvXC93d3cubGljaGVuLnBsXC93cC1jb250ZW50XC91cGxvYWRzXC8yMDI1XC8wMlwvU3dpYXRvd3ktRHppZW4tV2Fsa2ktei1EZXByZXNqYS0yOC5qcGciLCJzbGlkZXNob3ciOiIxMmViNTA4In0%3D\">\n\t\t\t\t\t<div class=\"e-gallery-image elementor-gallery-item__image\" data-thumbnail=\"https:\/\/www.lichen.pl\/wp-content\/uploads\/2025\/02\/Swiatowy-Dzien-Walki-z-Depresja-28-300x200.jpg\" data-width=\"300\" data-height=\"200\" aria-label=\"\" role=\"img\" ><\/div>\n\t\t\t\t\t\t\t\t\t\t\t<div class=\"elementor-gallery-item__overlay\"><\/div>\n\t\t\t\t\t\t\t\t\t\t\t\t\t\t<\/a>\n\t\t\t\t\t\t\t<a class=\"e-gallery-item elementor-gallery-item elementor-animated-content\" href=\"https:\/\/www.lichen.pl\/wp-content\/uploads\/2025\/02\/Swiatowy-Dzien-Walki-z-Depresja-32.jpg\" data-elementor-open-lightbox=\"yes\" data-elementor-lightbox-slideshow=\"12eb508\" data-elementor-lightbox-title=\"\u015awiatowy Dzie\u0144 Walki z Depresj\u0105 (32)\" data-e-action-hash=\"#elementor-action%3Aaction%3Dlightbox%26settings%3DeyJpZCI6ODA0OTksInVybCI6Imh0dHBzOlwvXC93d3cubGljaGVuLnBsXC93cC1jb250ZW50XC91cGxvYWRzXC8yMDI1XC8wMlwvU3dpYXRvd3ktRHppZW4tV2Fsa2ktei1EZXByZXNqYS0zMi5qcGciLCJzbGlkZXNob3ciOiIxMmViNTA4In0%3D\">\n\t\t\t\t\t<div class=\"e-gallery-image elementor-gallery-item__image\" data-thumbnail=\"https:\/\/www.lichen.pl\/wp-content\/uploads\/2025\/02\/Swiatowy-Dzien-Walki-z-Depresja-32-300x200.jpg\" data-width=\"300\" data-height=\"200\" aria-label=\"\" role=\"img\" ><\/div>\n\t\t\t\t\t\t\t\t\t\t\t<div class=\"elementor-gallery-item__overlay\"><\/div>\n\t\t\t\t\t\t\t\t\t\t\t\t\t\t<\/a>\n\t\t\t\t\t\t\t<a class=\"e-gallery-item elementor-gallery-item elementor-animated-content\" href=\"https:\/\/www.lichen.pl\/wp-content\/uploads\/2025\/02\/Swiatowy-Dzien-Walki-z-Depresja-39.jpg\" data-elementor-open-lightbox=\"yes\" data-elementor-lightbox-slideshow=\"12eb508\" data-elementor-lightbox-title=\"\u015awiatowy Dzie\u0144 Walki z Depresj\u0105 (39)\" data-e-action-hash=\"#elementor-action%3Aaction%3Dlightbox%26settings%3DeyJpZCI6ODA1MDAsInVybCI6Imh0dHBzOlwvXC93d3cubGljaGVuLnBsXC93cC1jb250ZW50XC91cGxvYWRzXC8yMDI1XC8wMlwvU3dpYXRvd3ktRHppZW4tV2Fsa2ktei1EZXByZXNqYS0zOS5qcGciLCJzbGlkZXNob3ciOiIxMmViNTA4In0%3D\">\n\t\t\t\t\t<div class=\"e-gallery-image elementor-gallery-item__image\" data-thumbnail=\"https:\/\/www.lichen.pl\/wp-content\/uploads\/2025\/02\/Swiatowy-Dzien-Walki-z-Depresja-39-300x200.jpg\" data-width=\"300\" data-height=\"200\" aria-label=\"\" role=\"img\" ><\/div>\n\t\t\t\t\t\t\t\t\t\t\t<div class=\"elementor-gallery-item__overlay\"><\/div>\n\t\t\t\t\t\t\t\t\t\t\t\t\t\t<\/a>\n\t\t\t\t\t\t\t<a class=\"e-gallery-item elementor-gallery-item elementor-animated-content\" href=\"https:\/\/www.lichen.pl\/wp-content\/uploads\/2025\/02\/Swiatowy-Dzien-Walki-z-Depresja-41.jpg\" data-elementor-open-lightbox=\"yes\" data-elementor-lightbox-slideshow=\"12eb508\" data-elementor-lightbox-title=\"\u015awiatowy Dzie\u0144 Walki z Depresj\u0105 (41)\" data-e-action-hash=\"#elementor-action%3Aaction%3Dlightbox%26settings%3DeyJpZCI6ODA1MDEsInVybCI6Imh0dHBzOlwvXC93d3cubGljaGVuLnBsXC93cC1jb250ZW50XC91cGxvYWRzXC8yMDI1XC8wMlwvU3dpYXRvd3ktRHppZW4tV2Fsa2ktei1EZXByZXNqYS00MS5qcGciLCJzbGlkZXNob3ciOiIxMmViNTA4In0%3D\">\n\t\t\t\t\t<div class=\"e-gallery-image elementor-gallery-item__image\" data-thumbnail=\"https:\/\/www.lichen.pl\/wp-content\/uploads\/2025\/02\/Swiatowy-Dzien-Walki-z-Depresja-41-300x200.jpg\" data-width=\"300\" data-height=\"200\" aria-label=\"\" role=\"img\" ><\/div>\n\t\t\t\t\t\t\t\t\t\t\t<div class=\"elementor-gallery-item__overlay\"><\/div>\n\t\t\t\t\t\t\t\t\t\t\t\t\t\t<\/a>\n\t\t\t\t\t<\/div>\n\t\t\t\t\t<\/div>\n\t\t\t\t<\/div>\n\t\t\t\t\t<\/div>\n\t\t<\/div>\n\t\t\t\t\t<\/div>\n\t\t<\/section>\n\t\t\t\t<section class=\"elementor-section elementor-top-section elementor-element elementor-element-db9ce81 elementor-section-boxed elementor-section-height-default elementor-section-height-default\" data-id=\"db9ce81\" data-element_type=\"section\" data-e-type=\"section\">\n\t\t\t\t\t\t<div class=\"elementor-container elementor-column-gap-default\">\n\t\t\t\t\t<div class=\"elementor-column elementor-col-100 elementor-top-column elementor-element elementor-element-86237ab\" data-id=\"86237ab\" data-element_type=\"column\" data-e-type=\"column\">\n\t\t\t<div class=\"elementor-widget-wrap\">\n\t\t\t\t\t\t\t<\/div>\n\t\t<\/div>\n\t\t\t\t\t<\/div>\n\t\t<\/section>\n\t\t\t\t<\/div>","protected":false},"excerpt":{"rendered":"<p>Modlitwa za cierpi\u0105cych na depresj\u0119 W Sanktuarium Matki Bo\u017cej Liche\u0144skiej 23 lutego z okazji \u015awiatowego Dnia Walki z Depresj\u0105 wierni \u0142\u0105czyli si\u0119 w modlitwie z osobami do\u015bwiadczaj\u0105cymi tej choroby. Intencje by\u0142y zanoszone podczas Mszy \u015bw. o godzinie 10:00 i 12:00. Pos\u0142uga muzyczna \u2013 d\u017awi\u0119ki skrzypiec i organ\u00f3w Msza \u015awi\u0119ta zyska\u0142a wyj\u0105tkow\u0105 pos\u0142ug\u0119 muzyczn\u0105. Pan Krystian [&hellip;]<\/p>\n","protected":false},"author":8,"featured_media":80497,"comment_status":"closed","ping_status":"closed","sticky":false,"template":"","format":"standard","meta":{"footnotes":""},"categories":[1],"tags":[],"class_list":["post-80492","post","type-post","status-publish","format-standard","has-post-thumbnail","hentry","category-aktualnosci","wpbf-post"],"yoast_head":"<!-- This site is optimized with the Yoast SEO plugin v27.4 - https:\/\/yoast.com\/product\/yoast-seo-wordpress\/ -->\n<title>\u015awiatowy Dzie\u0144 Walki z Depresj\u0105 w Sanktuarium Matki Bo\u017cej Liche\u0144skiej - SANKTUARIUM W LICHENIU<\/title>\n<meta name=\"robots\" content=\"index, follow, max-snippet:-1, max-image-preview:large, max-video-preview:-1\" \/>\n<link rel=\"canonical\" href=\"https:\/\/www.lichen.pl\/es\/swiatowy-dzien-walki-z-depresja-w-sanktuarium-matki-bozej-lichenskiej\/\" \/>\n<meta property=\"og:locale\" content=\"es_ES\" \/>\n<meta property=\"og:type\" content=\"article\" \/>\n<meta property=\"og:title\" content=\"\u015awiatowy Dzie\u0144 Walki z Depresj\u0105 w Sanktuarium Matki Bo\u017cej Liche\u0144skiej - SANKTUARIUM W LICHENIU\" \/>\n<meta property=\"og:description\" content=\"Modlitwa za cierpi\u0105cych na depresj\u0119 W Sanktuarium Matki Bo\u017cej Liche\u0144skiej 23 lutego z okazji \u015awiatowego Dnia Walki z Depresj\u0105 wierni \u0142\u0105czyli si\u0119 w modlitwie z osobami do\u015bwiadczaj\u0105cymi tej choroby. Intencje by\u0142y zanoszone podczas Mszy \u015bw. o godzinie 10:00 i 12:00. Pos\u0142uga muzyczna \u2013 d\u017awi\u0119ki skrzypiec i organ\u00f3w Msza \u015awi\u0119ta zyska\u0142a wyj\u0105tkow\u0105 pos\u0142ug\u0119 muzyczn\u0105. Pan Krystian [&hellip;]\" \/>\n<meta property=\"og:url\" content=\"https:\/\/www.lichen.pl\/es\/swiatowy-dzien-walki-z-depresja-w-sanktuarium-matki-bozej-lichenskiej\/\" \/>\n<meta property=\"og:site_name\" content=\"SANKTUARIUM W LICHENIU\" \/>\n<meta property=\"article:published_time\" content=\"2025-02-23T16:19:52+00:00\" \/>\n<meta property=\"article:modified_time\" content=\"2025-02-23T16:37:46+00:00\" \/>\n<meta property=\"og:image\" content=\"https:\/\/www.lichen.pl\/wp-content\/uploads\/2025\/02\/Swiatowy-Dzien-Walki-z-Depresja-24-1024x683.jpg\" \/>\n\t<meta property=\"og:image:width\" content=\"1024\" \/>\n\t<meta property=\"og:image:height\" content=\"683\" \/>\n\t<meta property=\"og:image:type\" content=\"image\/jpeg\" \/>\n<meta name=\"author\" content=\"Biuro Prasowe\" \/>\n<meta name=\"twitter:card\" content=\"summary_large_image\" \/>\n<meta name=\"twitter:label1\" content=\"Escrito por\" \/>\n\t<meta name=\"twitter:data1\" content=\"Biuro Prasowe\" \/>\n\t<meta name=\"twitter:label2\" content=\"Tiempo de lectura\" \/>\n\t<meta name=\"twitter:data2\" content=\"3 minutos\" \/>\n<script type=\"application\/ld+json\" class=\"yoast-schema-graph\">{\"@context\":\"https:\\\/\\\/schema.org\",\"@graph\":[{\"@type\":\"Article\",\"@id\":\"https:\\\/\\\/www.lichen.pl\\\/swiatowy-dzien-walki-z-depresja-w-sanktuarium-matki-bozej-lichenskiej\\\/#article\",\"isPartOf\":{\"@id\":\"https:\\\/\\\/www.lichen.pl\\\/swiatowy-dzien-walki-z-depresja-w-sanktuarium-matki-bozej-lichenskiej\\\/\"},\"author\":{\"name\":\"Biuro Prasowe\",\"@id\":\"https:\\\/\\\/www.lichen.pl\\\/fr\\\/#\\\/schema\\\/person\\\/682b5cfa2f8a664a298ed0bc19782a02\"},\"headline\":\"\u015awiatowy Dzie\u0144 Walki z Depresj\u0105 w Sanktuarium Matki Bo\u017cej Liche\u0144skiej\",\"datePublished\":\"2025-02-23T16:19:52+00:00\",\"dateModified\":\"2025-02-23T16:37:46+00:00\",\"mainEntityOfPage\":{\"@id\":\"https:\\\/\\\/www.lichen.pl\\\/swiatowy-dzien-walki-z-depresja-w-sanktuarium-matki-bozej-lichenskiej\\\/\"},\"wordCount\":780,\"image\":{\"@id\":\"https:\\\/\\\/www.lichen.pl\\\/swiatowy-dzien-walki-z-depresja-w-sanktuarium-matki-bozej-lichenskiej\\\/#primaryimage\"},\"thumbnailUrl\":\"https:\\\/\\\/www.lichen.pl\\\/wp-content\\\/uploads\\\/2025\\\/02\\\/Swiatowy-Dzien-Walki-z-Depresja-24.jpg\",\"articleSection\":[\"Aktualno\u015bci\"],\"inLanguage\":\"es\"},{\"@type\":\"WebPage\",\"@id\":\"https:\\\/\\\/www.lichen.pl\\\/swiatowy-dzien-walki-z-depresja-w-sanktuarium-matki-bozej-lichenskiej\\\/\",\"url\":\"https:\\\/\\\/www.lichen.pl\\\/swiatowy-dzien-walki-z-depresja-w-sanktuarium-matki-bozej-lichenskiej\\\/\",\"name\":\"\u015awiatowy Dzie\u0144 Walki z Depresj\u0105 w Sanktuarium Matki Bo\u017cej Liche\u0144skiej - SANKTUARIUM W LICHENIU\",\"isPartOf\":{\"@id\":\"https:\\\/\\\/www.lichen.pl\\\/fr\\\/#website\"},\"primaryImageOfPage\":{\"@id\":\"https:\\\/\\\/www.lichen.pl\\\/swiatowy-dzien-walki-z-depresja-w-sanktuarium-matki-bozej-lichenskiej\\\/#primaryimage\"},\"image\":{\"@id\":\"https:\\\/\\\/www.lichen.pl\\\/swiatowy-dzien-walki-z-depresja-w-sanktuarium-matki-bozej-lichenskiej\\\/#primaryimage\"},\"thumbnailUrl\":\"https:\\\/\\\/www.lichen.pl\\\/wp-content\\\/uploads\\\/2025\\\/02\\\/Swiatowy-Dzien-Walki-z-Depresja-24.jpg\",\"datePublished\":\"2025-02-23T16:19:52+00:00\",\"dateModified\":\"2025-02-23T16:37:46+00:00\",\"author\":{\"@id\":\"https:\\\/\\\/www.lichen.pl\\\/fr\\\/#\\\/schema\\\/person\\\/682b5cfa2f8a664a298ed0bc19782a02\"},\"breadcrumb\":{\"@id\":\"https:\\\/\\\/www.lichen.pl\\\/swiatowy-dzien-walki-z-depresja-w-sanktuarium-matki-bozej-lichenskiej\\\/#breadcrumb\"},\"inLanguage\":\"es\",\"potentialAction\":[{\"@type\":\"ReadAction\",\"target\":[\"https:\\\/\\\/www.lichen.pl\\\/swiatowy-dzien-walki-z-depresja-w-sanktuarium-matki-bozej-lichenskiej\\\/\"]}]},{\"@type\":\"ImageObject\",\"inLanguage\":\"es\",\"@id\":\"https:\\\/\\\/www.lichen.pl\\\/swiatowy-dzien-walki-z-depresja-w-sanktuarium-matki-bozej-lichenskiej\\\/#primaryimage\",\"url\":\"https:\\\/\\\/www.lichen.pl\\\/wp-content\\\/uploads\\\/2025\\\/02\\\/Swiatowy-Dzien-Walki-z-Depresja-24.jpg\",\"contentUrl\":\"https:\\\/\\\/www.lichen.pl\\\/wp-content\\\/uploads\\\/2025\\\/02\\\/Swiatowy-Dzien-Walki-z-Depresja-24.jpg\",\"width\":1920,\"height\":1280},{\"@type\":\"BreadcrumbList\",\"@id\":\"https:\\\/\\\/www.lichen.pl\\\/swiatowy-dzien-walki-z-depresja-w-sanktuarium-matki-bozej-lichenskiej\\\/#breadcrumb\",\"itemListElement\":[{\"@type\":\"ListItem\",\"position\":1,\"name\":\"Strona g\u0142\u00f3wna\",\"item\":\"https:\\\/\\\/www.lichen.pl\\\/\"},{\"@type\":\"ListItem\",\"position\":2,\"name\":\"\u015awiatowy Dzie\u0144 Walki z Depresj\u0105 w Sanktuarium Matki Bo\u017cej Liche\u0144skiej\"}]},{\"@type\":\"WebSite\",\"@id\":\"https:\\\/\\\/www.lichen.pl\\\/fr\\\/#website\",\"url\":\"https:\\\/\\\/www.lichen.pl\\\/fr\\\/\",\"name\":\"SANKTUARIUM W LICHENIU\",\"description\":\"MATKI BO\u017bEJ LICHE\u0143SKIEJ BOLESNEJ KR\u00d3LOWEJ POLSKI\",\"potentialAction\":[{\"@type\":\"SearchAction\",\"target\":{\"@type\":\"EntryPoint\",\"urlTemplate\":\"https:\\\/\\\/www.lichen.pl\\\/fr\\\/?s={search_term_string}\"},\"query-input\":{\"@type\":\"PropertyValueSpecification\",\"valueRequired\":true,\"valueName\":\"search_term_string\"}}],\"inLanguage\":\"es\"},{\"@type\":\"Person\",\"@id\":\"https:\\\/\\\/www.lichen.pl\\\/fr\\\/#\\\/schema\\\/person\\\/682b5cfa2f8a664a298ed0bc19782a02\",\"name\":\"Biuro Prasowe\",\"image\":{\"@type\":\"ImageObject\",\"inLanguage\":\"es\",\"@id\":\"https:\\\/\\\/secure.gravatar.com\\\/avatar\\\/07fa3449d37670fd38888cb2e3db27aa13df245d811ec65206e44888f202bb53?s=96&d=retro&r=g\",\"url\":\"https:\\\/\\\/secure.gravatar.com\\\/avatar\\\/07fa3449d37670fd38888cb2e3db27aa13df245d811ec65206e44888f202bb53?s=96&d=retro&r=g\",\"contentUrl\":\"https:\\\/\\\/secure.gravatar.com\\\/avatar\\\/07fa3449d37670fd38888cb2e3db27aa13df245d811ec65206e44888f202bb53?s=96&d=retro&r=g\",\"caption\":\"Biuro Prasowe\"},\"sameAs\":[\"http:\\\/\\\/www.lichen.pl\"],\"url\":\"https:\\\/\\\/www.lichen.pl\\\/es\\\/author\\\/biuro-prasowe\\\/\"}]}<\/script>\n<!-- \/ Yoast SEO plugin. -->","yoast_head_json":{"title":"\u015awiatowy Dzie\u0144 Walki z Depresj\u0105 w Sanktuarium Matki Bo\u017cej Liche\u0144skiej - SANKTUARIUM W LICHENIU","robots":{"index":"index","follow":"follow","max-snippet":"max-snippet:-1","max-image-preview":"max-image-preview:large","max-video-preview":"max-video-preview:-1"},"canonical":"https:\/\/www.lichen.pl\/es\/swiatowy-dzien-walki-z-depresja-w-sanktuarium-matki-bozej-lichenskiej\/","og_locale":"es_ES","og_type":"article","og_title":"\u015awiatowy Dzie\u0144 Walki z Depresj\u0105 w Sanktuarium Matki Bo\u017cej Liche\u0144skiej - SANKTUARIUM W LICHENIU","og_description":"Modlitwa za cierpi\u0105cych na depresj\u0119 W Sanktuarium Matki Bo\u017cej Liche\u0144skiej 23 lutego z okazji \u015awiatowego Dnia Walki z Depresj\u0105 wierni \u0142\u0105czyli si\u0119 w modlitwie z osobami do\u015bwiadczaj\u0105cymi tej choroby. Intencje by\u0142y zanoszone podczas Mszy \u015bw. o godzinie 10:00 i 12:00. Pos\u0142uga muzyczna \u2013 d\u017awi\u0119ki skrzypiec i organ\u00f3w Msza \u015awi\u0119ta zyska\u0142a wyj\u0105tkow\u0105 pos\u0142ug\u0119 muzyczn\u0105. Pan Krystian [&hellip;]","og_url":"https:\/\/www.lichen.pl\/es\/swiatowy-dzien-walki-z-depresja-w-sanktuarium-matki-bozej-lichenskiej\/","og_site_name":"SANKTUARIUM W LICHENIU","article_published_time":"2025-02-23T16:19:52+00:00","article_modified_time":"2025-02-23T16:37:46+00:00","og_image":[{"width":1024,"height":683,"url":"https:\/\/www.lichen.pl\/wp-content\/uploads\/2025\/02\/Swiatowy-Dzien-Walki-z-Depresja-24-1024x683.jpg","type":"image\/jpeg"}],"author":"Biuro Prasowe","twitter_card":"summary_large_image","twitter_misc":{"Escrito por":"Biuro Prasowe","Tiempo de lectura":"3 minutos"},"schema":{"@context":"https:\/\/schema.org","@graph":[{"@type":"Article","@id":"https:\/\/www.lichen.pl\/swiatowy-dzien-walki-z-depresja-w-sanktuarium-matki-bozej-lichenskiej\/#article","isPartOf":{"@id":"https:\/\/www.lichen.pl\/swiatowy-dzien-walki-z-depresja-w-sanktuarium-matki-bozej-lichenskiej\/"},"author":{"name":"Biuro Prasowe","@id":"https:\/\/www.lichen.pl\/fr\/#\/schema\/person\/682b5cfa2f8a664a298ed0bc19782a02"},"headline":"\u015awiatowy Dzie\u0144 Walki z Depresj\u0105 w Sanktuarium Matki Bo\u017cej Liche\u0144skiej","datePublished":"2025-02-23T16:19:52+00:00","dateModified":"2025-02-23T16:37:46+00:00","mainEntityOfPage":{"@id":"https:\/\/www.lichen.pl\/swiatowy-dzien-walki-z-depresja-w-sanktuarium-matki-bozej-lichenskiej\/"},"wordCount":780,"image":{"@id":"https:\/\/www.lichen.pl\/swiatowy-dzien-walki-z-depresja-w-sanktuarium-matki-bozej-lichenskiej\/#primaryimage"},"thumbnailUrl":"https:\/\/www.lichen.pl\/wp-content\/uploads\/2025\/02\/Swiatowy-Dzien-Walki-z-Depresja-24.jpg","articleSection":["Aktualno\u015bci"],"inLanguage":"es"},{"@type":"WebPage","@id":"https:\/\/www.lichen.pl\/swiatowy-dzien-walki-z-depresja-w-sanktuarium-matki-bozej-lichenskiej\/","url":"https:\/\/www.lichen.pl\/swiatowy-dzien-walki-z-depresja-w-sanktuarium-matki-bozej-lichenskiej\/","name":"\u015awiatowy Dzie\u0144 Walki z Depresj\u0105 w Sanktuarium Matki Bo\u017cej Liche\u0144skiej - SANKTUARIUM W LICHENIU","isPartOf":{"@id":"https:\/\/www.lichen.pl\/fr\/#website"},"primaryImageOfPage":{"@id":"https:\/\/www.lichen.pl\/swiatowy-dzien-walki-z-depresja-w-sanktuarium-matki-bozej-lichenskiej\/#primaryimage"},"image":{"@id":"https:\/\/www.lichen.pl\/swiatowy-dzien-walki-z-depresja-w-sanktuarium-matki-bozej-lichenskiej\/#primaryimage"},"thumbnailUrl":"https:\/\/www.lichen.pl\/wp-content\/uploads\/2025\/02\/Swiatowy-Dzien-Walki-z-Depresja-24.jpg","datePublished":"2025-02-23T16:19:52+00:00","dateModified":"2025-02-23T16:37:46+00:00","author":{"@id":"https:\/\/www.lichen.pl\/fr\/#\/schema\/person\/682b5cfa2f8a664a298ed0bc19782a02"},"breadcrumb":{"@id":"https:\/\/www.lichen.pl\/swiatowy-dzien-walki-z-depresja-w-sanktuarium-matki-bozej-lichenskiej\/#breadcrumb"},"inLanguage":"es","potentialAction":[{"@type":"ReadAction","target":["https:\/\/www.lichen.pl\/swiatowy-dzien-walki-z-depresja-w-sanktuarium-matki-bozej-lichenskiej\/"]}]},{"@type":"ImageObject","inLanguage":"es","@id":"https:\/\/www.lichen.pl\/swiatowy-dzien-walki-z-depresja-w-sanktuarium-matki-bozej-lichenskiej\/#primaryimage","url":"https:\/\/www.lichen.pl\/wp-content\/uploads\/2025\/02\/Swiatowy-Dzien-Walki-z-Depresja-24.jpg","contentUrl":"https:\/\/www.lichen.pl\/wp-content\/uploads\/2025\/02\/Swiatowy-Dzien-Walki-z-Depresja-24.jpg","width":1920,"height":1280},{"@type":"BreadcrumbList","@id":"https:\/\/www.lichen.pl\/swiatowy-dzien-walki-z-depresja-w-sanktuarium-matki-bozej-lichenskiej\/#breadcrumb","itemListElement":[{"@type":"ListItem","position":1,"name":"Strona g\u0142\u00f3wna","item":"https:\/\/www.lichen.pl\/"},{"@type":"ListItem","position":2,"name":"\u015awiatowy Dzie\u0144 Walki z Depresj\u0105 w Sanktuarium Matki Bo\u017cej Liche\u0144skiej"}]},{"@type":"WebSite","@id":"https:\/\/www.lichen.pl\/fr\/#website","url":"https:\/\/www.lichen.pl\/fr\/","name":"SANTUARIO EN LICHENIA","description":"LA DOLOROSA REINA DE POLONIA DE NUESTRO LICHEN","potentialAction":[{"@type":"SearchAction","target":{"@type":"EntryPoint","urlTemplate":"https:\/\/www.lichen.pl\/fr\/?s={search_term_string}"},"query-input":{"@type":"PropertyValueSpecification","valueRequired":true,"valueName":"search_term_string"}}],"inLanguage":"es"},{"@type":"Person","@id":"https:\/\/www.lichen.pl\/fr\/#\/schema\/person\/682b5cfa2f8a664a298ed0bc19782a02","name":"Biuro Prasowe","image":{"@type":"ImageObject","inLanguage":"es","@id":"https:\/\/secure.gravatar.com\/avatar\/07fa3449d37670fd38888cb2e3db27aa13df245d811ec65206e44888f202bb53?s=96&d=retro&r=g","url":"https:\/\/secure.gravatar.com\/avatar\/07fa3449d37670fd38888cb2e3db27aa13df245d811ec65206e44888f202bb53?s=96&d=retro&r=g","contentUrl":"https:\/\/secure.gravatar.com\/avatar\/07fa3449d37670fd38888cb2e3db27aa13df245d811ec65206e44888f202bb53?s=96&d=retro&r=g","caption":"Biuro Prasowe"},"sameAs":["http:\/\/www.lichen.pl"],"url":"https:\/\/www.lichen.pl\/es\/author\/biuro-prasowe\/"}]}},"_links":{"self":[{"href":"https:\/\/www.lichen.pl\/es\/wp-json\/wp\/v2\/posts\/80492","targetHints":{"allow":["GET"]}}],"collection":[{"href":"https:\/\/www.lichen.pl\/es\/wp-json\/wp\/v2\/posts"}],"about":[{"href":"https:\/\/www.lichen.pl\/es\/wp-json\/wp\/v2\/types\/post"}],"author":[{"embeddable":true,"href":"https:\/\/www.lichen.pl\/es\/wp-json\/wp\/v2\/users\/8"}],"replies":[{"embeddable":true,"href":"https:\/\/www.lichen.pl\/es\/wp-json\/wp\/v2\/comments?post=80492"}],"version-history":[{"count":12,"href":"https:\/\/www.lichen.pl\/es\/wp-json\/wp\/v2\/posts\/80492\/revisions"}],"predecessor-version":[{"id":80515,"href":"https:\/\/www.lichen.pl\/es\/wp-json\/wp\/v2\/posts\/80492\/revisions\/80515"}],"wp:featuredmedia":[{"embeddable":true,"href":"https:\/\/www.lichen.pl\/es\/wp-json\/wp\/v2\/media\/80497"}],"wp:attachment":[{"href":"https:\/\/www.lichen.pl\/es\/wp-json\/wp\/v2\/media?parent=80492"}],"wp:term":[{"taxonomy":"category","embeddable":true,"href":"https:\/\/www.lichen.pl\/es\/wp-json\/wp\/v2\/categories?post=80492"},{"taxonomy":"post_tag","embeddable":true,"href":"https:\/\/www.lichen.pl\/es\/wp-json\/wp\/v2\/tags?post=80492"}],"curies":[{"name":"wp","href":"https:\/\/api.w.org\/{rel}","templated":true}]}}