{"id":80541,"date":"2025-02-24T11:27:32","date_gmt":"2025-02-24T10:27:32","guid":{"rendered":"https:\/\/www.lichen.pl\/?p=80541"},"modified":"2025-02-24T11:30:22","modified_gmt":"2025-02-24T10:30:22","slug":"z-mlodymi-i-dla-mlodych-4","status":"publish","type":"post","link":"https:\/\/www.lichen.pl\/es\/z-mlodymi-i-dla-mlodych-4\/","title":{"rendered":"Z m\u0142odymi i dla m\u0142odych"},"content":{"rendered":"<div data-elementor-type=\"wp-post\" data-elementor-id=\"80541\" class=\"elementor elementor-80541\" data-elementor-post-type=\"post\">\n\t\t\t\t\t\t<section class=\"elementor-section elementor-top-section elementor-element elementor-element-758ef4b elementor-section-boxed elementor-section-height-default elementor-section-height-default\" data-id=\"758ef4b\" data-element_type=\"section\" data-e-type=\"section\">\n\t\t\t\t\t\t<div class=\"elementor-container elementor-column-gap-default\">\n\t\t\t\t\t<div class=\"elementor-column elementor-col-100 elementor-top-column elementor-element elementor-element-9869fc5\" data-id=\"9869fc5\" data-element_type=\"column\" data-e-type=\"column\">\n\t\t\t<div class=\"elementor-widget-wrap elementor-element-populated\">\n\t\t\t\t\t\t<div class=\"elementor-element elementor-element-a3565e8 elementor-widget elementor-widget-text-editor\" data-id=\"a3565e8\" data-element_type=\"widget\" data-e-type=\"widget\" data-widget_type=\"text-editor.default\">\n\t\t\t\t<div class=\"elementor-widget-container\">\n\t\t\t\t\t\t\t\t\t<h2>\u201ePrzychodzimy tu po mi\u0142o\u015b\u0107, aby\u015bmy umieli kocha\u0107 jak B\u00f3g\u201d \u2013 m\u00f3wi\u0142 ks. Pawe\u0142 Skonieczny podczas kolejnego spotkania z cyklu \u201eZ m\u0142odymi i dla m\u0142odych\u201d, kt\u00f3re odbywaj\u0105 si\u0119 w liche\u0144skim sanktuarium regularnie w ka\u017cd\u0105 4. niedziel\u0119 miesi\u0105ca.\u00a0<\/h2>\t\t\t\t\t\t\t\t<\/div>\n\t\t\t\t<\/div>\n\t\t\t\t\t<\/div>\n\t\t<\/div>\n\t\t\t\t\t<\/div>\n\t\t<\/section>\n\t\t\t\t<section class=\"elementor-section elementor-top-section elementor-element elementor-element-ee520a6 elementor-section-boxed elementor-section-height-default elementor-section-height-default\" data-id=\"ee520a6\" data-element_type=\"section\" data-e-type=\"section\">\n\t\t\t\t\t\t<div class=\"elementor-container elementor-column-gap-default\">\n\t\t\t\t\t<div class=\"elementor-column elementor-col-100 elementor-top-column elementor-element elementor-element-b7388df\" data-id=\"b7388df\" data-element_type=\"column\" data-e-type=\"column\">\n\t\t\t<div class=\"elementor-widget-wrap elementor-element-populated\">\n\t\t\t\t\t\t<div class=\"elementor-element elementor-element-3f65234 elementor-widget elementor-widget-text-editor\" data-id=\"3f65234\" data-element_type=\"widget\" data-e-type=\"widget\" data-widget_type=\"text-editor.default\">\n\t\t\t\t<div class=\"elementor-widget-container\">\n\t\t\t\t\t\t\t\t\t<p><span style=\"color: #000000;\">Mszy \u015awi\u0119tej dla m\u0142odych przewodniczy\u0142 ks. Pawe\u0142 Skonieczny MIC. Opieraj\u0105c si\u0119 na Ewangelii, m\u00f3wi\u0142 o konieczno\u015bci uczenia si\u0119 mi\u0142o\u015bci wobec nieprzyjaci\u00f3\u0142. Zach\u0119ca\u0142 do zastanowienia si\u0119, czy wok\u00f3\u0142 nas nie ma przypadkiem takich os\u00f3b, kt\u00f3re s\u0105 dla nas trudne, kwestionuj\u0105 nas i po ludzku ci\u0119\u017cko ich kocha\u0107, aby mie\u0107 wobec nich mi\u0142o\u015b\u0107, kt\u00f3rej uczy nas Pan.<\/span><\/p>\t\t\t\t\t\t\t\t<\/div>\n\t\t\t\t<\/div>\n\t\t\t\t\t<\/div>\n\t\t<\/div>\n\t\t\t\t\t<\/div>\n\t\t<\/section>\n\t\t\t\t<section class=\"elementor-section elementor-top-section elementor-element elementor-element-0e36451 elementor-section-boxed elementor-section-height-default elementor-section-height-default\" data-id=\"0e36451\" data-element_type=\"section\" data-e-type=\"section\">\n\t\t\t\t\t\t<div class=\"elementor-container elementor-column-gap-default\">\n\t\t\t\t\t<div class=\"elementor-column elementor-col-100 elementor-top-column elementor-element elementor-element-65e3870\" data-id=\"65e3870\" data-element_type=\"column\" data-e-type=\"column\">\n\t\t\t<div class=\"elementor-widget-wrap elementor-element-populated\">\n\t\t\t\t\t\t<div class=\"elementor-element elementor-element-7e6c024 elementor-widget elementor-widget-heading\" data-id=\"7e6c024\" data-element_type=\"widget\" data-e-type=\"widget\" data-widget_type=\"heading.default\">\n\t\t\t\t<div class=\"elementor-widget-container\">\n\t\t\t\t\t<h2 class=\"elementor-heading-title elementor-size-default\">Przytoczy\u0142 histori\u0119 z apoftegmat\u00f3w Ojc\u00f3w Pustyni:<\/h2>\t\t\t\t<\/div>\n\t\t\t\t<\/div>\n\t\t\t\t\t<\/div>\n\t\t<\/div>\n\t\t\t\t\t<\/div>\n\t\t<\/section>\n\t\t\t\t<section class=\"elementor-section elementor-top-section elementor-element elementor-element-5b5a6e3 elementor-section-boxed elementor-section-height-default elementor-section-height-default\" data-id=\"5b5a6e3\" data-element_type=\"section\" data-e-type=\"section\">\n\t\t\t\t\t\t<div class=\"elementor-container elementor-column-gap-default\">\n\t\t\t\t\t<div class=\"elementor-column elementor-col-100 elementor-top-column elementor-element elementor-element-dc74abf\" data-id=\"dc74abf\" data-element_type=\"column\" data-e-type=\"column\">\n\t\t\t<div class=\"elementor-widget-wrap elementor-element-populated\">\n\t\t\t\t\t\t<div class=\"elementor-element elementor-element-ffbf6e8 elementor-widget elementor-widget-text-editor\" data-id=\"ffbf6e8\" data-element_type=\"widget\" data-e-type=\"widget\" data-widget_type=\"text-editor.default\">\n\t\t\t\t<div class=\"elementor-widget-container\">\n\t\t\t\t\t\t\t\t\t<p style=\"padding-left: 40px;\"><em><span style=\"color: #000000;\">\u201eBracia przyszli do abba Antoniego i poprosili go: \u00abPowiedz nam s\u0142owo, jak si\u0119 mamy zbawi\u0107\u00bb. Starzec im odpowiedzia\u0142: \u00abS\u0142yszeli\u015bcie s\u0142owa Pisma? One wam pomog\u0105\u00bb. Oni na to: \u00abAle i od ciebie chcemy to us\u0142ysze\u0107, ojcze\u00bb. Rzek\u0142 im starzec: \u00abM\u00f3wi Ewangelista: Je\u015bli ci\u0119 kto uderzy w prawy policzek, nadstaw mu jeszcze drugi\u00bb. Odpowiedzieli: \u00abTego robi\u0107 nie potrafimy\u00bb. Starzec na to: \u00abJe\u015bli nie potraficie nadstawi\u0107 drugiego policzka, to przynajmniej znie\u015bcie uderzenie w jeden\u00bb. Odrzekli: \u00abI tego tak\u017ce nie potrafimy\u00bb. Starzec na to: \u00abJe\u015bli nawet i tego nie potraficie, to nie oddawajcie otrzymanego policzka\u00bb. A oni na to: \u00abNawet i tego nie potrafimy\u00bb. Starzec zwr\u00f3ci\u0142 si\u0119 do swego ucznia: \u00abUgotuj im troch\u0119 kaszki, bo s\u0105 chorzy\u00bb. A im powiedzia\u0142: \u00abJe\u015bli ani tego nie umiecie, ani tamtego nie chcecie, to co mam zrobi\u0107 z wami? Potrzeba modlitwy\u201d.<\/span><\/em><\/p>\t\t\t\t\t\t\t\t<\/div>\n\t\t\t\t<\/div>\n\t\t\t\t\t<\/div>\n\t\t<\/div>\n\t\t\t\t\t<\/div>\n\t\t<\/section>\n\t\t\t\t<section class=\"elementor-section elementor-top-section elementor-element elementor-element-52c1b5a elementor-section-boxed elementor-section-height-default elementor-section-height-default\" data-id=\"52c1b5a\" data-element_type=\"section\" data-e-type=\"section\">\n\t\t\t\t\t\t<div class=\"elementor-container elementor-column-gap-default\">\n\t\t\t\t\t<div class=\"elementor-column elementor-col-100 elementor-top-column elementor-element elementor-element-44a3c4e\" data-id=\"44a3c4e\" data-element_type=\"column\" data-e-type=\"column\">\n\t\t\t<div class=\"elementor-widget-wrap elementor-element-populated\">\n\t\t\t\t\t\t<div class=\"elementor-element elementor-element-dde70f3 elementor-widget elementor-widget-image\" data-id=\"dde70f3\" data-element_type=\"widget\" data-e-type=\"widget\" data-widget_type=\"image.default\">\n\t\t\t\t<div class=\"elementor-widget-container\">\n\t\t\t\t\t\t\t\t\t\t\t\t\t\t\t<img fetchpriority=\"high\" decoding=\"async\" width=\"1024\" height=\"683\" src=\"https:\/\/www.lichen.pl\/wp-content\/uploads\/2025\/02\/z_mlodymi-8-1024x683.jpg\" class=\"attachment-large size-large wp-image-80542\" alt=\"\" srcset=\"https:\/\/www.lichen.pl\/wp-content\/uploads\/2025\/02\/z_mlodymi-8-1024x683.jpg 1024w, https:\/\/www.lichen.pl\/wp-content\/uploads\/2025\/02\/z_mlodymi-8-300x200.jpg 300w, https:\/\/www.lichen.pl\/wp-content\/uploads\/2025\/02\/z_mlodymi-8-768x512.jpg 768w, https:\/\/www.lichen.pl\/wp-content\/uploads\/2025\/02\/z_mlodymi-8-1536x1024.jpg 1536w, https:\/\/www.lichen.pl\/wp-content\/uploads\/2025\/02\/z_mlodymi-8-2048x1365.jpg 2048w, https:\/\/www.lichen.pl\/wp-content\/uploads\/2025\/02\/z_mlodymi-8-18x12.jpg 18w, https:\/\/www.lichen.pl\/wp-content\/uploads\/2025\/02\/z_mlodymi-8-800x533.jpg 800w, https:\/\/www.lichen.pl\/wp-content\/uploads\/2025\/02\/z_mlodymi-8.jpg 1920w\" sizes=\"(max-width: 1024px) 100vw, 1024px\" \/>\t\t\t\t\t\t\t\t\t\t\t\t\t\t\t<\/div>\n\t\t\t\t<\/div>\n\t\t\t\t\t<\/div>\n\t\t<\/div>\n\t\t\t\t\t<\/div>\n\t\t<\/section>\n\t\t\t\t<section class=\"elementor-section elementor-top-section elementor-element elementor-element-3f558a6 elementor-section-boxed elementor-section-height-default elementor-section-height-default\" data-id=\"3f558a6\" data-element_type=\"section\" data-e-type=\"section\">\n\t\t\t\t\t\t<div class=\"elementor-container elementor-column-gap-default\">\n\t\t\t\t\t<div class=\"elementor-column elementor-col-100 elementor-top-column elementor-element elementor-element-c3ff72c\" data-id=\"c3ff72c\" data-element_type=\"column\" data-e-type=\"column\">\n\t\t\t<div class=\"elementor-widget-wrap elementor-element-populated\">\n\t\t\t\t\t\t<div class=\"elementor-element elementor-element-b0104ea elementor-widget elementor-widget-text-editor\" data-id=\"b0104ea\" data-element_type=\"widget\" data-e-type=\"widget\" data-widget_type=\"text-editor.default\">\n\t\t\t\t<div class=\"elementor-widget-container\">\n\t\t\t\t\t\t\t\t\t<p><span style=\"color: #000000;\">Po Mszy \u015awi\u0119tej swoim \u015bwiadectwem wiary podzieli\u0142 si\u0119 Igor Jarosz, kt\u00f3ry pozna\u0142 Boga poprzez muzyk\u0119 rapera TAU. Pocz\u0105tkowo mia\u0142 z\u0142y obraz Ko\u015bcio\u0142a, jednak z czasem B\u00f3g zacz\u0105\u0142 pokazywa\u0107 mu prawdziwe jego oblicze i dobrych ksi\u0119\u017cy. Na Lednicy po raz pierwszy prze\u017cy\u0142 szczer\u0105 spowied\u017a, po kt\u00f3rej B\u00f3g zabra\u0142 ca\u0142y jego ci\u0119\u017car i pozostawi\u0142 uczucie mi\u0142o\u015bci, jakiej wcze\u015bniej nie zazna\u0142.<\/span><\/p>\t\t\t\t\t\t\t\t<\/div>\n\t\t\t\t<\/div>\n\t\t\t\t\t<\/div>\n\t\t<\/div>\n\t\t\t\t\t<\/div>\n\t\t<\/section>\n\t\t\t\t<section class=\"elementor-section elementor-top-section elementor-element elementor-element-02e9731 elementor-section-boxed elementor-section-height-default elementor-section-height-default\" data-id=\"02e9731\" data-element_type=\"section\" data-e-type=\"section\">\n\t\t\t\t\t\t<div class=\"elementor-container elementor-column-gap-default\">\n\t\t\t\t\t<div class=\"elementor-column elementor-col-100 elementor-top-column elementor-element elementor-element-2cf946e\" data-id=\"2cf946e\" data-element_type=\"column\" data-e-type=\"column\">\n\t\t\t<div class=\"elementor-widget-wrap elementor-element-populated\">\n\t\t\t\t\t\t<div class=\"elementor-element elementor-element-c1cfb75 elementor-widget elementor-widget-image\" data-id=\"c1cfb75\" data-element_type=\"widget\" data-e-type=\"widget\" data-widget_type=\"image.default\">\n\t\t\t\t<div class=\"elementor-widget-container\">\n\t\t\t\t\t\t\t\t\t\t\t\t\t\t\t<img decoding=\"async\" width=\"1024\" height=\"683\" src=\"https:\/\/www.lichen.pl\/wp-content\/uploads\/2025\/02\/Z_mlodymi_i_dla_mlodych-8-1024x683.jpg\" class=\"attachment-large size-large wp-image-80550\" alt=\"\" srcset=\"https:\/\/www.lichen.pl\/wp-content\/uploads\/2025\/02\/Z_mlodymi_i_dla_mlodych-8-1024x683.jpg 1024w, https:\/\/www.lichen.pl\/wp-content\/uploads\/2025\/02\/Z_mlodymi_i_dla_mlodych-8-300x200.jpg 300w, https:\/\/www.lichen.pl\/wp-content\/uploads\/2025\/02\/Z_mlodymi_i_dla_mlodych-8-768x512.jpg 768w, https:\/\/www.lichen.pl\/wp-content\/uploads\/2025\/02\/Z_mlodymi_i_dla_mlodych-8-1536x1024.jpg 1536w, https:\/\/www.lichen.pl\/wp-content\/uploads\/2025\/02\/Z_mlodymi_i_dla_mlodych-8-2048x1365.jpg 2048w, https:\/\/www.lichen.pl\/wp-content\/uploads\/2025\/02\/Z_mlodymi_i_dla_mlodych-8-18x12.jpg 18w, https:\/\/www.lichen.pl\/wp-content\/uploads\/2025\/02\/Z_mlodymi_i_dla_mlodych-8-800x533.jpg 800w\" sizes=\"(max-width: 1024px) 100vw, 1024px\" \/>\t\t\t\t\t\t\t\t\t\t\t\t\t\t\t<\/div>\n\t\t\t\t<\/div>\n\t\t\t\t\t<\/div>\n\t\t<\/div>\n\t\t\t\t\t<\/div>\n\t\t<\/section>\n\t\t\t\t<section class=\"elementor-section elementor-top-section elementor-element elementor-element-00ded6e elementor-section-boxed elementor-section-height-default elementor-section-height-default\" data-id=\"00ded6e\" data-element_type=\"section\" data-e-type=\"section\">\n\t\t\t\t\t\t<div class=\"elementor-container elementor-column-gap-default\">\n\t\t\t\t\t<div class=\"elementor-column elementor-col-100 elementor-top-column elementor-element elementor-element-61807ba\" data-id=\"61807ba\" data-element_type=\"column\" data-e-type=\"column\">\n\t\t\t<div class=\"elementor-widget-wrap elementor-element-populated\">\n\t\t\t\t\t\t<div class=\"elementor-element elementor-element-e3d43d6 elementor-widget elementor-widget-text-editor\" data-id=\"e3d43d6\" data-element_type=\"widget\" data-e-type=\"widget\" data-widget_type=\"text-editor.default\">\n\t\t\t\t<div class=\"elementor-widget-container\">\n\t\t\t\t\t\t\t\t\t<p style=\"padding-left: 40px;\"><span style=\"color: #000000;\">Obietnic\u0119 swojej obecno\u015bci Jezus zostawia nam w Ewangelii \u015bw. Mateusza: \u201eA oto Ja jestem z wami przez wszystkie dni, a\u017c do sko\u0144czenia \u015bwiata\u201d (Mt 28,20).<\/span><\/p>\t\t\t\t\t\t\t\t<\/div>\n\t\t\t\t<\/div>\n\t\t\t\t\t<\/div>\n\t\t<\/div>\n\t\t\t\t\t<\/div>\n\t\t<\/section>\n\t\t\t\t<section class=\"elementor-section elementor-top-section elementor-element elementor-element-5ea2f8f elementor-section-boxed elementor-section-height-default elementor-section-height-default\" data-id=\"5ea2f8f\" data-element_type=\"section\" data-e-type=\"section\">\n\t\t\t\t\t\t<div class=\"elementor-container elementor-column-gap-default\">\n\t\t\t\t\t<div class=\"elementor-column elementor-col-100 elementor-top-column elementor-element elementor-element-d084849\" data-id=\"d084849\" data-element_type=\"column\" data-e-type=\"column\">\n\t\t\t<div class=\"elementor-widget-wrap elementor-element-populated\">\n\t\t\t\t\t\t<div class=\"elementor-element elementor-element-791b9d1 elementor-widget elementor-widget-text-editor\" data-id=\"791b9d1\" data-element_type=\"widget\" data-e-type=\"widget\" data-widget_type=\"text-editor.default\">\n\t\t\t\t<div class=\"elementor-widget-container\">\n\t\t\t\t\t\t\t\t\t<p style=\"padding-left: 40px;\"><span style=\"color: #000000;\">\u201eOdczu\u0142em, \u017ce jestem blisko Niego, \u017ce nic mnie z Nim nie dzieli, \u017ce jestem Jego dzieckiem\u201d \u2013 m\u00f3wi\u0142 Igor.<\/span><\/p>\t\t\t\t\t\t\t\t<\/div>\n\t\t\t\t<\/div>\n\t\t\t\t\t<\/div>\n\t\t<\/div>\n\t\t\t\t\t<\/div>\n\t\t<\/section>\n\t\t\t\t<section class=\"elementor-section elementor-top-section elementor-element elementor-element-69695bb elementor-section-boxed elementor-section-height-default elementor-section-height-default\" data-id=\"69695bb\" data-element_type=\"section\" data-e-type=\"section\">\n\t\t\t\t\t\t<div class=\"elementor-container elementor-column-gap-default\">\n\t\t\t\t\t<div class=\"elementor-column elementor-col-100 elementor-top-column elementor-element elementor-element-127b190\" data-id=\"127b190\" data-element_type=\"column\" data-e-type=\"column\">\n\t\t\t<div class=\"elementor-widget-wrap elementor-element-populated\">\n\t\t\t\t\t\t<div class=\"elementor-element elementor-element-24020d6 elementor-widget elementor-widget-text-editor\" data-id=\"24020d6\" data-element_type=\"widget\" data-e-type=\"widget\" data-widget_type=\"text-editor.default\">\n\t\t\t\t<div class=\"elementor-widget-container\">\n\t\t\t\t\t\t\t\t\t<p style=\"padding-left: 40px;\"><span style=\"color: #000000;\">Na koniec podkre\u015bli\u0142, \u017ce \u201ew relacji z Bogiem nie chodzi o to, \u017ceby Go czu\u0107. To nie jest jedyne kryterium. Jego imi\u0119 brzmi \u00abJa Jestem\u00bb\u201d.<\/span><\/p>\t\t\t\t\t\t\t\t<\/div>\n\t\t\t\t<\/div>\n\t\t\t\t\t<\/div>\n\t\t<\/div>\n\t\t\t\t\t<\/div>\n\t\t<\/section>\n\t\t\t\t<section class=\"elementor-section elementor-top-section elementor-element elementor-element-9888808 elementor-section-boxed elementor-section-height-default elementor-section-height-default\" data-id=\"9888808\" data-element_type=\"section\" data-e-type=\"section\">\n\t\t\t\t\t\t<div class=\"elementor-container elementor-column-gap-default\">\n\t\t\t\t\t<div class=\"elementor-column elementor-col-100 elementor-top-column elementor-element elementor-element-45fefee\" data-id=\"45fefee\" data-element_type=\"column\" data-e-type=\"column\">\n\t\t\t<div class=\"elementor-widget-wrap elementor-element-populated\">\n\t\t\t\t\t\t<div class=\"elementor-element elementor-element-5e3baf1 elementor-widget elementor-widget-text-editor\" data-id=\"5e3baf1\" data-element_type=\"widget\" data-e-type=\"widget\" data-widget_type=\"text-editor.default\">\n\t\t\t\t<div class=\"elementor-widget-container\">\n\t\t\t\t\t\t\t\t\t<p><span style=\"color: #000000;\">Pos\u0142ug\u0119 muzyczn\u0105 podczas Mszy \u015bw. poprowadzi\u0142 duet Alicja Zi\u00f3\u0142kowska i Hanna Kmie\u0107.<\/span><\/p>\t\t\t\t\t\t\t\t<\/div>\n\t\t\t\t<\/div>\n\t\t\t\t\t<\/div>\n\t\t<\/div>\n\t\t\t\t\t<\/div>\n\t\t<\/section>\n\t\t\t\t<section class=\"elementor-section elementor-top-section elementor-element elementor-element-629e6f1 elementor-section-boxed elementor-section-height-default elementor-section-height-default\" data-id=\"629e6f1\" data-element_type=\"section\" data-e-type=\"section\">\n\t\t\t\t\t\t<div class=\"elementor-container elementor-column-gap-default\">\n\t\t\t\t\t<div class=\"elementor-column elementor-col-100 elementor-top-column elementor-element elementor-element-5c423d3\" data-id=\"5c423d3\" data-element_type=\"column\" data-e-type=\"column\">\n\t\t\t<div class=\"elementor-widget-wrap elementor-element-populated\">\n\t\t\t\t\t\t<div class=\"elementor-element elementor-element-d584a85 elementor-widget elementor-widget-text-editor\" data-id=\"d584a85\" data-element_type=\"widget\" data-e-type=\"widget\" data-widget_type=\"text-editor.default\">\n\t\t\t\t<div class=\"elementor-widget-container\">\n\t\t\t\t\t\t\t\t\t<p><span style=\"color: #000000;\">Ksi\u0119\u017ca Marianie, opiekunowie liche\u0144skiego sanktuarium, serdecznie dzi\u0119kuj\u0105 pos\u0142uguj\u0105cym w\u00a0spotkaniu, Igorowi Jaroszowi, za\u00a0przyj\u0119cie zaproszenia i\u00a0czas sp\u0119dzony w\u00a0duchowej blisko\u015bci z\u00a0Jezusem w\u00a0Domu Matki Bo\u017cej Liche\u0144skiej. Ju\u017c dzisiaj te\u017c zapraszaj\u0105 wszystkich m\u0142odych wiekiem i\u00a0duchem na\u00a0kolej\u0105 niedziel\u0119 \u201eZ m\u0142odymi i\u00a0dla m\u0142odych\u201d 23\u00a0marca<\/span><\/p>\t\t\t\t\t\t\t\t<\/div>\n\t\t\t\t<\/div>\n\t\t\t\t\t<\/div>\n\t\t<\/div>\n\t\t\t\t\t<\/div>\n\t\t<\/section>\n\t\t\t\t<section class=\"elementor-section elementor-top-section elementor-element elementor-element-eabbf84 elementor-section-boxed elementor-section-height-default elementor-section-height-default\" data-id=\"eabbf84\" data-element_type=\"section\" data-e-type=\"section\">\n\t\t\t\t\t\t<div class=\"elementor-container elementor-column-gap-default\">\n\t\t\t\t\t<div class=\"elementor-column elementor-col-100 elementor-top-column elementor-element elementor-element-c95a2f0\" data-id=\"c95a2f0\" data-element_type=\"column\" data-e-type=\"column\">\n\t\t\t<div class=\"elementor-widget-wrap elementor-element-populated\">\n\t\t\t\t\t\t<div class=\"elementor-element elementor-element-cbb5bb5 elementor-widget elementor-widget-text-editor\" data-id=\"cbb5bb5\" data-element_type=\"widget\" data-e-type=\"widget\" data-widget_type=\"text-editor.default\">\n\t\t\t\t<div class=\"elementor-widget-container\">\n\t\t\t\t\t\t\t\t\t<p><span style=\"color: #000000;\">Wi\u0119cej informacji znajdziecie na\u00a0<a href=\"https:\/\/www.instagram.com\/lichenmlodych\/\">@lichenmlodych<\/a><\/span><\/p>\t\t\t\t\t\t\t\t<\/div>\n\t\t\t\t<\/div>\n\t\t\t\t\t<\/div>\n\t\t<\/div>\n\t\t\t\t\t<\/div>\n\t\t<\/section>\n\t\t\t\t<section class=\"elementor-section elementor-top-section elementor-element elementor-element-493f108 elementor-section-boxed elementor-section-height-default elementor-section-height-default\" data-id=\"493f108\" data-element_type=\"section\" data-e-type=\"section\">\n\t\t\t\t\t\t<div class=\"elementor-container elementor-column-gap-default\">\n\t\t\t\t\t<div class=\"elementor-column elementor-col-100 elementor-top-column elementor-element elementor-element-970c3c7\" data-id=\"970c3c7\" data-element_type=\"column\" data-e-type=\"column\">\n\t\t\t<div class=\"elementor-widget-wrap elementor-element-populated\">\n\t\t\t\t\t\t<div class=\"elementor-element elementor-element-3a2a37e elementor-widget elementor-widget-image-gallery\" data-id=\"3a2a37e\" data-element_type=\"widget\" data-e-type=\"widget\" data-widget_type=\"image-gallery.default\">\n\t\t\t\t<div class=\"elementor-widget-container\">\n\t\t\t\t\t\t\t<div class=\"elementor-image-gallery\">\n\t\t\t<div id='gallery-1' class='gallery galleryid-80541 gallery-columns-4 gallery-size-medium'><figure class='gallery-item'>\n\t\t\t<div class='gallery-icon landscape'>\n\t\t\t\t<a data-elementor-open-lightbox=\"yes\" data-elementor-lightbox-slideshow=\"3a2a37e\" data-elementor-lightbox-title=\"Z_mlodymi_i_dla_mlodych (1)\" data-e-action-hash=\"#elementor-action%3Aaction%3Dlightbox%26settings%3DeyJpZCI6ODA1NDMsInVybCI6Imh0dHBzOlwvXC93d3cubGljaGVuLnBsXC93cC1jb250ZW50XC91cGxvYWRzXC8yMDI1XC8wMlwvWl9tbG9keW1pX2lfZGxhX21sb2R5Y2gtMS5qcGciLCJzbGlkZXNob3ciOiIzYTJhMzdlIn0%3D\" href='https:\/\/www.lichen.pl\/wp-content\/uploads\/2025\/02\/Z_mlodymi_i_dla_mlodych-1.jpg'><img width=\"300\" height=\"200\" src=\"https:\/\/www.lichen.pl\/wp-content\/uploads\/2025\/02\/Z_mlodymi_i_dla_mlodych-1-300x200.jpg\" class=\"attachment-medium size-medium\" alt=\"\" decoding=\"async\" srcset=\"https:\/\/www.lichen.pl\/wp-content\/uploads\/2025\/02\/Z_mlodymi_i_dla_mlodych-1-300x200.jpg 300w, https:\/\/www.lichen.pl\/wp-content\/uploads\/2025\/02\/Z_mlodymi_i_dla_mlodych-1-1024x683.jpg 1024w, https:\/\/www.lichen.pl\/wp-content\/uploads\/2025\/02\/Z_mlodymi_i_dla_mlodych-1-768x512.jpg 768w, https:\/\/www.lichen.pl\/wp-content\/uploads\/2025\/02\/Z_mlodymi_i_dla_mlodych-1-1536x1024.jpg 1536w, https:\/\/www.lichen.pl\/wp-content\/uploads\/2025\/02\/Z_mlodymi_i_dla_mlodych-1-2048x1365.jpg 2048w, https:\/\/www.lichen.pl\/wp-content\/uploads\/2025\/02\/Z_mlodymi_i_dla_mlodych-1-18x12.jpg 18w, https:\/\/www.lichen.pl\/wp-content\/uploads\/2025\/02\/Z_mlodymi_i_dla_mlodych-1-800x533.jpg 800w\" sizes=\"(max-width: 300px) 100vw, 300px\" \/><\/a>\n\t\t\t<\/div><\/figure><figure class='gallery-item'>\n\t\t\t<div class='gallery-icon landscape'>\n\t\t\t\t<a data-elementor-open-lightbox=\"yes\" data-elementor-lightbox-slideshow=\"3a2a37e\" data-elementor-lightbox-title=\"Z_mlodymi_i_dla_mlodych (2)\" data-e-action-hash=\"#elementor-action%3Aaction%3Dlightbox%26settings%3DeyJpZCI6ODA1NDQsInVybCI6Imh0dHBzOlwvXC93d3cubGljaGVuLnBsXC93cC1jb250ZW50XC91cGxvYWRzXC8yMDI1XC8wMlwvWl9tbG9keW1pX2lfZGxhX21sb2R5Y2gtMi5qcGciLCJzbGlkZXNob3ciOiIzYTJhMzdlIn0%3D\" href='https:\/\/www.lichen.pl\/wp-content\/uploads\/2025\/02\/Z_mlodymi_i_dla_mlodych-2.jpg'><img loading=\"lazy\" width=\"300\" height=\"200\" src=\"https:\/\/www.lichen.pl\/wp-content\/uploads\/2025\/02\/Z_mlodymi_i_dla_mlodych-2-300x200.jpg\" class=\"attachment-medium size-medium\" alt=\"\" decoding=\"async\" srcset=\"https:\/\/www.lichen.pl\/wp-content\/uploads\/2025\/02\/Z_mlodymi_i_dla_mlodych-2-300x200.jpg 300w, https:\/\/www.lichen.pl\/wp-content\/uploads\/2025\/02\/Z_mlodymi_i_dla_mlodych-2-1024x683.jpg 1024w, https:\/\/www.lichen.pl\/wp-content\/uploads\/2025\/02\/Z_mlodymi_i_dla_mlodych-2-768x512.jpg 768w, https:\/\/www.lichen.pl\/wp-content\/uploads\/2025\/02\/Z_mlodymi_i_dla_mlodych-2-1536x1024.jpg 1536w, https:\/\/www.lichen.pl\/wp-content\/uploads\/2025\/02\/Z_mlodymi_i_dla_mlodych-2-2048x1365.jpg 2048w, https:\/\/www.lichen.pl\/wp-content\/uploads\/2025\/02\/Z_mlodymi_i_dla_mlodych-2-18x12.jpg 18w, https:\/\/www.lichen.pl\/wp-content\/uploads\/2025\/02\/Z_mlodymi_i_dla_mlodych-2-800x533.jpg 800w, https:\/\/www.lichen.pl\/wp-content\/uploads\/2025\/02\/Z_mlodymi_i_dla_mlodych-2.jpg 1920w\" sizes=\"(max-width: 300px) 100vw, 300px\" \/><\/a>\n\t\t\t<\/div><\/figure><figure class='gallery-item'>\n\t\t\t<div class='gallery-icon landscape'>\n\t\t\t\t<a data-elementor-open-lightbox=\"yes\" data-elementor-lightbox-slideshow=\"3a2a37e\" data-elementor-lightbox-title=\"Z_mlodymi_i_dla_mlodych (3)\" data-e-action-hash=\"#elementor-action%3Aaction%3Dlightbox%26settings%3DeyJpZCI6ODA1NDUsInVybCI6Imh0dHBzOlwvXC93d3cubGljaGVuLnBsXC93cC1jb250ZW50XC91cGxvYWRzXC8yMDI1XC8wMlwvWl9tbG9keW1pX2lfZGxhX21sb2R5Y2gtMy5qcGciLCJzbGlkZXNob3ciOiIzYTJhMzdlIn0%3D\" href='https:\/\/www.lichen.pl\/wp-content\/uploads\/2025\/02\/Z_mlodymi_i_dla_mlodych-3.jpg'><img loading=\"lazy\" width=\"300\" height=\"200\" src=\"https:\/\/www.lichen.pl\/wp-content\/uploads\/2025\/02\/Z_mlodymi_i_dla_mlodych-3-300x200.jpg\" class=\"attachment-medium size-medium\" alt=\"\" decoding=\"async\" srcset=\"https:\/\/www.lichen.pl\/wp-content\/uploads\/2025\/02\/Z_mlodymi_i_dla_mlodych-3-300x200.jpg 300w, https:\/\/www.lichen.pl\/wp-content\/uploads\/2025\/02\/Z_mlodymi_i_dla_mlodych-3-1024x683.jpg 1024w, https:\/\/www.lichen.pl\/wp-content\/uploads\/2025\/02\/Z_mlodymi_i_dla_mlodych-3-768x512.jpg 768w, https:\/\/www.lichen.pl\/wp-content\/uploads\/2025\/02\/Z_mlodymi_i_dla_mlodych-3-1536x1024.jpg 1536w, https:\/\/www.lichen.pl\/wp-content\/uploads\/2025\/02\/Z_mlodymi_i_dla_mlodych-3-2048x1365.jpg 2048w, https:\/\/www.lichen.pl\/wp-content\/uploads\/2025\/02\/Z_mlodymi_i_dla_mlodych-3-18x12.jpg 18w, https:\/\/www.lichen.pl\/wp-content\/uploads\/2025\/02\/Z_mlodymi_i_dla_mlodych-3-800x533.jpg 800w, https:\/\/www.lichen.pl\/wp-content\/uploads\/2025\/02\/Z_mlodymi_i_dla_mlodych-3.jpg 1920w\" sizes=\"(max-width: 300px) 100vw, 300px\" \/><\/a>\n\t\t\t<\/div><\/figure><figure class='gallery-item'>\n\t\t\t<div class='gallery-icon landscape'>\n\t\t\t\t<a data-elementor-open-lightbox=\"yes\" data-elementor-lightbox-slideshow=\"3a2a37e\" data-elementor-lightbox-title=\"Z_mlodymi_i_dla_mlodych (4)\" data-e-action-hash=\"#elementor-action%3Aaction%3Dlightbox%26settings%3DeyJpZCI6ODA1NDYsInVybCI6Imh0dHBzOlwvXC93d3cubGljaGVuLnBsXC93cC1jb250ZW50XC91cGxvYWRzXC8yMDI1XC8wMlwvWl9tbG9keW1pX2lfZGxhX21sb2R5Y2gtNC5qcGciLCJzbGlkZXNob3ciOiIzYTJhMzdlIn0%3D\" href='https:\/\/www.lichen.pl\/wp-content\/uploads\/2025\/02\/Z_mlodymi_i_dla_mlodych-4.jpg'><img loading=\"lazy\" width=\"300\" height=\"200\" src=\"https:\/\/www.lichen.pl\/wp-content\/uploads\/2025\/02\/Z_mlodymi_i_dla_mlodych-4-300x200.jpg\" class=\"attachment-medium size-medium\" alt=\"\" decoding=\"async\" srcset=\"https:\/\/www.lichen.pl\/wp-content\/uploads\/2025\/02\/Z_mlodymi_i_dla_mlodych-4-300x200.jpg 300w, https:\/\/www.lichen.pl\/wp-content\/uploads\/2025\/02\/Z_mlodymi_i_dla_mlodych-4-1024x683.jpg 1024w, https:\/\/www.lichen.pl\/wp-content\/uploads\/2025\/02\/Z_mlodymi_i_dla_mlodych-4-768x512.jpg 768w, https:\/\/www.lichen.pl\/wp-content\/uploads\/2025\/02\/Z_mlodymi_i_dla_mlodych-4-1536x1024.jpg 1536w, https:\/\/www.lichen.pl\/wp-content\/uploads\/2025\/02\/Z_mlodymi_i_dla_mlodych-4-2048x1365.jpg 2048w, https:\/\/www.lichen.pl\/wp-content\/uploads\/2025\/02\/Z_mlodymi_i_dla_mlodych-4-18x12.jpg 18w, https:\/\/www.lichen.pl\/wp-content\/uploads\/2025\/02\/Z_mlodymi_i_dla_mlodych-4-800x533.jpg 800w, https:\/\/www.lichen.pl\/wp-content\/uploads\/2025\/02\/Z_mlodymi_i_dla_mlodych-4.jpg 1920w\" sizes=\"(max-width: 300px) 100vw, 300px\" \/><\/a>\n\t\t\t<\/div><\/figure><figure class='gallery-item'>\n\t\t\t<div class='gallery-icon landscape'>\n\t\t\t\t<a data-elementor-open-lightbox=\"yes\" data-elementor-lightbox-slideshow=\"3a2a37e\" data-elementor-lightbox-title=\"Z_mlodymi_i_dla_mlodych (5)\" data-e-action-hash=\"#elementor-action%3Aaction%3Dlightbox%26settings%3DeyJpZCI6ODA1NDcsInVybCI6Imh0dHBzOlwvXC93d3cubGljaGVuLnBsXC93cC1jb250ZW50XC91cGxvYWRzXC8yMDI1XC8wMlwvWl9tbG9keW1pX2lfZGxhX21sb2R5Y2gtNS5qcGciLCJzbGlkZXNob3ciOiIzYTJhMzdlIn0%3D\" href='https:\/\/www.lichen.pl\/wp-content\/uploads\/2025\/02\/Z_mlodymi_i_dla_mlodych-5.jpg'><img loading=\"lazy\" width=\"300\" height=\"200\" src=\"https:\/\/www.lichen.pl\/wp-content\/uploads\/2025\/02\/Z_mlodymi_i_dla_mlodych-5-300x200.jpg\" class=\"attachment-medium size-medium\" alt=\"\" decoding=\"async\" srcset=\"https:\/\/www.lichen.pl\/wp-content\/uploads\/2025\/02\/Z_mlodymi_i_dla_mlodych-5-300x200.jpg 300w, https:\/\/www.lichen.pl\/wp-content\/uploads\/2025\/02\/Z_mlodymi_i_dla_mlodych-5-1024x683.jpg 1024w, https:\/\/www.lichen.pl\/wp-content\/uploads\/2025\/02\/Z_mlodymi_i_dla_mlodych-5-768x512.jpg 768w, https:\/\/www.lichen.pl\/wp-content\/uploads\/2025\/02\/Z_mlodymi_i_dla_mlodych-5-1536x1024.jpg 1536w, https:\/\/www.lichen.pl\/wp-content\/uploads\/2025\/02\/Z_mlodymi_i_dla_mlodych-5-2048x1365.jpg 2048w, https:\/\/www.lichen.pl\/wp-content\/uploads\/2025\/02\/Z_mlodymi_i_dla_mlodych-5-18x12.jpg 18w, https:\/\/www.lichen.pl\/wp-content\/uploads\/2025\/02\/Z_mlodymi_i_dla_mlodych-5-800x533.jpg 800w, https:\/\/www.lichen.pl\/wp-content\/uploads\/2025\/02\/Z_mlodymi_i_dla_mlodych-5.jpg 1920w\" sizes=\"(max-width: 300px) 100vw, 300px\" \/><\/a>\n\t\t\t<\/div><\/figure><figure class='gallery-item'>\n\t\t\t<div class='gallery-icon landscape'>\n\t\t\t\t<a data-elementor-open-lightbox=\"yes\" data-elementor-lightbox-slideshow=\"3a2a37e\" data-elementor-lightbox-title=\"Z_mlodymi_i_dla_mlodych (6)\" data-e-action-hash=\"#elementor-action%3Aaction%3Dlightbox%26settings%3DeyJpZCI6ODA1NDgsInVybCI6Imh0dHBzOlwvXC93d3cubGljaGVuLnBsXC93cC1jb250ZW50XC91cGxvYWRzXC8yMDI1XC8wMlwvWl9tbG9keW1pX2lfZGxhX21sb2R5Y2gtNi5qcGciLCJzbGlkZXNob3ciOiIzYTJhMzdlIn0%3D\" href='https:\/\/www.lichen.pl\/wp-content\/uploads\/2025\/02\/Z_mlodymi_i_dla_mlodych-6.jpg'><img loading=\"lazy\" width=\"300\" height=\"200\" src=\"https:\/\/www.lichen.pl\/wp-content\/uploads\/2025\/02\/Z_mlodymi_i_dla_mlodych-6-300x200.jpg\" class=\"attachment-medium size-medium\" alt=\"\" decoding=\"async\" srcset=\"https:\/\/www.lichen.pl\/wp-content\/uploads\/2025\/02\/Z_mlodymi_i_dla_mlodych-6-300x200.jpg 300w, https:\/\/www.lichen.pl\/wp-content\/uploads\/2025\/02\/Z_mlodymi_i_dla_mlodych-6-1024x683.jpg 1024w, https:\/\/www.lichen.pl\/wp-content\/uploads\/2025\/02\/Z_mlodymi_i_dla_mlodych-6-768x512.jpg 768w, https:\/\/www.lichen.pl\/wp-content\/uploads\/2025\/02\/Z_mlodymi_i_dla_mlodych-6-1536x1024.jpg 1536w, https:\/\/www.lichen.pl\/wp-content\/uploads\/2025\/02\/Z_mlodymi_i_dla_mlodych-6-2048x1365.jpg 2048w, https:\/\/www.lichen.pl\/wp-content\/uploads\/2025\/02\/Z_mlodymi_i_dla_mlodych-6-18x12.jpg 18w, https:\/\/www.lichen.pl\/wp-content\/uploads\/2025\/02\/Z_mlodymi_i_dla_mlodych-6-800x533.jpg 800w, https:\/\/www.lichen.pl\/wp-content\/uploads\/2025\/02\/Z_mlodymi_i_dla_mlodych-6.jpg 1920w\" sizes=\"(max-width: 300px) 100vw, 300px\" \/><\/a>\n\t\t\t<\/div><\/figure><figure class='gallery-item'>\n\t\t\t<div class='gallery-icon landscape'>\n\t\t\t\t<a data-elementor-open-lightbox=\"yes\" data-elementor-lightbox-slideshow=\"3a2a37e\" data-elementor-lightbox-title=\"Z_mlodymi_i_dla_mlodych (7)\" data-e-action-hash=\"#elementor-action%3Aaction%3Dlightbox%26settings%3DeyJpZCI6ODA1NDksInVybCI6Imh0dHBzOlwvXC93d3cubGljaGVuLnBsXC93cC1jb250ZW50XC91cGxvYWRzXC8yMDI1XC8wMlwvWl9tbG9keW1pX2lfZGxhX21sb2R5Y2gtNy5qcGciLCJzbGlkZXNob3ciOiIzYTJhMzdlIn0%3D\" href='https:\/\/www.lichen.pl\/wp-content\/uploads\/2025\/02\/Z_mlodymi_i_dla_mlodych-7.jpg'><img loading=\"lazy\" width=\"300\" height=\"200\" src=\"https:\/\/www.lichen.pl\/wp-content\/uploads\/2025\/02\/Z_mlodymi_i_dla_mlodych-7-300x200.jpg\" class=\"attachment-medium size-medium\" alt=\"\" decoding=\"async\" srcset=\"https:\/\/www.lichen.pl\/wp-content\/uploads\/2025\/02\/Z_mlodymi_i_dla_mlodych-7-300x200.jpg 300w, https:\/\/www.lichen.pl\/wp-content\/uploads\/2025\/02\/Z_mlodymi_i_dla_mlodych-7-1024x683.jpg 1024w, https:\/\/www.lichen.pl\/wp-content\/uploads\/2025\/02\/Z_mlodymi_i_dla_mlodych-7-768x512.jpg 768w, https:\/\/www.lichen.pl\/wp-content\/uploads\/2025\/02\/Z_mlodymi_i_dla_mlodych-7-1536x1024.jpg 1536w, https:\/\/www.lichen.pl\/wp-content\/uploads\/2025\/02\/Z_mlodymi_i_dla_mlodych-7-2048x1365.jpg 2048w, https:\/\/www.lichen.pl\/wp-content\/uploads\/2025\/02\/Z_mlodymi_i_dla_mlodych-7-18x12.jpg 18w, https:\/\/www.lichen.pl\/wp-content\/uploads\/2025\/02\/Z_mlodymi_i_dla_mlodych-7-800x533.jpg 800w\" sizes=\"(max-width: 300px) 100vw, 300px\" \/><\/a>\n\t\t\t<\/div><\/figure><figure class='gallery-item'>\n\t\t\t<div class='gallery-icon landscape'>\n\t\t\t\t<a data-elementor-open-lightbox=\"yes\" data-elementor-lightbox-slideshow=\"3a2a37e\" data-elementor-lightbox-title=\"Z_mlodymi_i_dla_mlodych (9)\" data-e-action-hash=\"#elementor-action%3Aaction%3Dlightbox%26settings%3DeyJpZCI6ODA1NTEsInVybCI6Imh0dHBzOlwvXC93d3cubGljaGVuLnBsXC93cC1jb250ZW50XC91cGxvYWRzXC8yMDI1XC8wMlwvWl9tbG9keW1pX2lfZGxhX21sb2R5Y2gtOS5qcGciLCJzbGlkZXNob3ciOiIzYTJhMzdlIn0%3D\" href='https:\/\/www.lichen.pl\/wp-content\/uploads\/2025\/02\/Z_mlodymi_i_dla_mlodych-9.jpg'><img loading=\"lazy\" width=\"300\" height=\"200\" src=\"https:\/\/www.lichen.pl\/wp-content\/uploads\/2025\/02\/Z_mlodymi_i_dla_mlodych-9-300x200.jpg\" class=\"attachment-medium size-medium\" alt=\"\" decoding=\"async\" srcset=\"https:\/\/www.lichen.pl\/wp-content\/uploads\/2025\/02\/Z_mlodymi_i_dla_mlodych-9-300x200.jpg 300w, https:\/\/www.lichen.pl\/wp-content\/uploads\/2025\/02\/Z_mlodymi_i_dla_mlodych-9-1024x683.jpg 1024w, https:\/\/www.lichen.pl\/wp-content\/uploads\/2025\/02\/Z_mlodymi_i_dla_mlodych-9-768x512.jpg 768w, https:\/\/www.lichen.pl\/wp-content\/uploads\/2025\/02\/Z_mlodymi_i_dla_mlodych-9-1536x1024.jpg 1536w, https:\/\/www.lichen.pl\/wp-content\/uploads\/2025\/02\/Z_mlodymi_i_dla_mlodych-9-2048x1365.jpg 2048w, https:\/\/www.lichen.pl\/wp-content\/uploads\/2025\/02\/Z_mlodymi_i_dla_mlodych-9-18x12.jpg 18w, https:\/\/www.lichen.pl\/wp-content\/uploads\/2025\/02\/Z_mlodymi_i_dla_mlodych-9-800x533.jpg 800w\" sizes=\"(max-width: 300px) 100vw, 300px\" \/><\/a>\n\t\t\t<\/div><\/figure>\n\t\t<\/div>\n\t\t<\/div>\n\t\t\t\t\t\t<\/div>\n\t\t\t\t<\/div>\n\t\t\t\t\t<\/div>\n\t\t<\/div>\n\t\t\t\t\t<\/div>\n\t\t<\/section>\n\t\t\t\t<\/div>","protected":false},"excerpt":{"rendered":"<p>\u201ePrzychodzimy tu po mi\u0142o\u015b\u0107, aby\u015bmy umieli kocha\u0107 jak B\u00f3g\u201d \u2013 m\u00f3wi\u0142 ks. Pawe\u0142 Skonieczny podczas kolejnego spotkania z cyklu \u201eZ m\u0142odymi i dla m\u0142odych\u201d, kt\u00f3re odbywaj\u0105 si\u0119 w liche\u0144skim sanktuarium regularnie w ka\u017cd\u0105 4. niedziel\u0119 miesi\u0105ca.\u00a0 Mszy \u015awi\u0119tej dla m\u0142odych przewodniczy\u0142 ks. Pawe\u0142 Skonieczny MIC. Opieraj\u0105c si\u0119 na Ewangelii, m\u00f3wi\u0142 o konieczno\u015bci uczenia si\u0119 mi\u0142o\u015bci [&hellip;]<\/p>\n","protected":false},"author":8,"featured_media":80548,"comment_status":"closed","ping_status":"closed","sticky":false,"template":"","format":"standard","meta":{"footnotes":""},"categories":[1],"tags":[],"class_list":["post-80541","post","type-post","status-publish","format-standard","has-post-thumbnail","hentry","category-aktualnosci","wpbf-post"],"yoast_head":"<!-- This site is optimized with the Yoast SEO plugin v27.4 - https:\/\/yoast.com\/product\/yoast-seo-wordpress\/ -->\n<title>Z m\u0142odymi i dla m\u0142odych - SANKTUARIUM W LICHENIU<\/title>\n<meta name=\"robots\" content=\"index, follow, max-snippet:-1, max-image-preview:large, max-video-preview:-1\" \/>\n<link rel=\"canonical\" href=\"https:\/\/www.lichen.pl\/es\/z-mlodymi-i-dla-mlodych-4\/\" \/>\n<meta property=\"og:locale\" content=\"es_ES\" \/>\n<meta property=\"og:type\" content=\"article\" \/>\n<meta property=\"og:title\" content=\"Z m\u0142odymi i dla m\u0142odych - SANKTUARIUM W LICHENIU\" \/>\n<meta property=\"og:description\" content=\"\u201ePrzychodzimy tu po mi\u0142o\u015b\u0107, aby\u015bmy umieli kocha\u0107 jak B\u00f3g\u201d \u2013 m\u00f3wi\u0142 ks. Pawe\u0142 Skonieczny podczas kolejnego spotkania z cyklu \u201eZ m\u0142odymi i dla m\u0142odych\u201d, kt\u00f3re odbywaj\u0105 si\u0119 w liche\u0144skim sanktuarium regularnie w ka\u017cd\u0105 4. niedziel\u0119 miesi\u0105ca.\u00a0 Mszy \u015awi\u0119tej dla m\u0142odych przewodniczy\u0142 ks. Pawe\u0142 Skonieczny MIC. Opieraj\u0105c si\u0119 na Ewangelii, m\u00f3wi\u0142 o konieczno\u015bci uczenia si\u0119 mi\u0142o\u015bci [&hellip;]\" \/>\n<meta property=\"og:url\" content=\"https:\/\/www.lichen.pl\/es\/z-mlodymi-i-dla-mlodych-4\/\" \/>\n<meta property=\"og:site_name\" content=\"SANKTUARIUM W LICHENIU\" \/>\n<meta property=\"article:published_time\" content=\"2025-02-24T10:27:32+00:00\" \/>\n<meta property=\"article:modified_time\" content=\"2025-02-24T10:30:22+00:00\" \/>\n<meta property=\"og:image\" content=\"https:\/\/www.lichen.pl\/wp-content\/uploads\/2025\/02\/Z_mlodymi_i_dla_mlodych-6-1024x683.jpg\" \/>\n\t<meta property=\"og:image:width\" content=\"1024\" \/>\n\t<meta property=\"og:image:height\" content=\"683\" \/>\n\t<meta property=\"og:image:type\" content=\"image\/jpeg\" \/>\n<meta name=\"author\" content=\"Biuro Prasowe\" \/>\n<meta name=\"twitter:card\" content=\"summary_large_image\" \/>\n<meta name=\"twitter:label1\" content=\"Escrito por\" \/>\n\t<meta name=\"twitter:data1\" content=\"Biuro Prasowe\" \/>\n\t<meta name=\"twitter:label2\" content=\"Tiempo de lectura\" \/>\n\t<meta name=\"twitter:data2\" content=\"5 minutos\" \/>\n<script type=\"application\/ld+json\" class=\"yoast-schema-graph\">{\"@context\":\"https:\\\/\\\/schema.org\",\"@graph\":[{\"@type\":\"Article\",\"@id\":\"https:\\\/\\\/www.lichen.pl\\\/z-mlodymi-i-dla-mlodych-4\\\/#article\",\"isPartOf\":{\"@id\":\"https:\\\/\\\/www.lichen.pl\\\/z-mlodymi-i-dla-mlodych-4\\\/\"},\"author\":{\"name\":\"Biuro Prasowe\",\"@id\":\"https:\\\/\\\/www.lichen.pl\\\/fr\\\/#\\\/schema\\\/person\\\/682b5cfa2f8a664a298ed0bc19782a02\"},\"headline\":\"Z m\u0142odymi i dla m\u0142odych\",\"datePublished\":\"2025-02-24T10:27:32+00:00\",\"dateModified\":\"2025-02-24T10:30:22+00:00\",\"mainEntityOfPage\":{\"@id\":\"https:\\\/\\\/www.lichen.pl\\\/z-mlodymi-i-dla-mlodych-4\\\/\"},\"wordCount\":498,\"image\":{\"@id\":\"https:\\\/\\\/www.lichen.pl\\\/z-mlodymi-i-dla-mlodych-4\\\/#primaryimage\"},\"thumbnailUrl\":\"https:\\\/\\\/www.lichen.pl\\\/wp-content\\\/uploads\\\/2025\\\/02\\\/Z_mlodymi_i_dla_mlodych-6.jpg\",\"articleSection\":[\"Aktualno\u015bci\"],\"inLanguage\":\"es\"},{\"@type\":\"WebPage\",\"@id\":\"https:\\\/\\\/www.lichen.pl\\\/z-mlodymi-i-dla-mlodych-4\\\/\",\"url\":\"https:\\\/\\\/www.lichen.pl\\\/z-mlodymi-i-dla-mlodych-4\\\/\",\"name\":\"Z m\u0142odymi i dla m\u0142odych - SANKTUARIUM W LICHENIU\",\"isPartOf\":{\"@id\":\"https:\\\/\\\/www.lichen.pl\\\/fr\\\/#website\"},\"primaryImageOfPage\":{\"@id\":\"https:\\\/\\\/www.lichen.pl\\\/z-mlodymi-i-dla-mlodych-4\\\/#primaryimage\"},\"image\":{\"@id\":\"https:\\\/\\\/www.lichen.pl\\\/z-mlodymi-i-dla-mlodych-4\\\/#primaryimage\"},\"thumbnailUrl\":\"https:\\\/\\\/www.lichen.pl\\\/wp-content\\\/uploads\\\/2025\\\/02\\\/Z_mlodymi_i_dla_mlodych-6.jpg\",\"datePublished\":\"2025-02-24T10:27:32+00:00\",\"dateModified\":\"2025-02-24T10:30:22+00:00\",\"author\":{\"@id\":\"https:\\\/\\\/www.lichen.pl\\\/fr\\\/#\\\/schema\\\/person\\\/682b5cfa2f8a664a298ed0bc19782a02\"},\"breadcrumb\":{\"@id\":\"https:\\\/\\\/www.lichen.pl\\\/z-mlodymi-i-dla-mlodych-4\\\/#breadcrumb\"},\"inLanguage\":\"es\",\"potentialAction\":[{\"@type\":\"ReadAction\",\"target\":[\"https:\\\/\\\/www.lichen.pl\\\/z-mlodymi-i-dla-mlodych-4\\\/\"]}]},{\"@type\":\"ImageObject\",\"inLanguage\":\"es\",\"@id\":\"https:\\\/\\\/www.lichen.pl\\\/z-mlodymi-i-dla-mlodych-4\\\/#primaryimage\",\"url\":\"https:\\\/\\\/www.lichen.pl\\\/wp-content\\\/uploads\\\/2025\\\/02\\\/Z_mlodymi_i_dla_mlodych-6.jpg\",\"contentUrl\":\"https:\\\/\\\/www.lichen.pl\\\/wp-content\\\/uploads\\\/2025\\\/02\\\/Z_mlodymi_i_dla_mlodych-6.jpg\",\"width\":1920,\"height\":1280},{\"@type\":\"BreadcrumbList\",\"@id\":\"https:\\\/\\\/www.lichen.pl\\\/z-mlodymi-i-dla-mlodych-4\\\/#breadcrumb\",\"itemListElement\":[{\"@type\":\"ListItem\",\"position\":1,\"name\":\"Strona g\u0142\u00f3wna\",\"item\":\"https:\\\/\\\/www.lichen.pl\\\/\"},{\"@type\":\"ListItem\",\"position\":2,\"name\":\"Z m\u0142odymi i dla m\u0142odych\"}]},{\"@type\":\"WebSite\",\"@id\":\"https:\\\/\\\/www.lichen.pl\\\/fr\\\/#website\",\"url\":\"https:\\\/\\\/www.lichen.pl\\\/fr\\\/\",\"name\":\"SANKTUARIUM W LICHENIU\",\"description\":\"MATKI BO\u017bEJ LICHE\u0143SKIEJ BOLESNEJ KR\u00d3LOWEJ POLSKI\",\"potentialAction\":[{\"@type\":\"SearchAction\",\"target\":{\"@type\":\"EntryPoint\",\"urlTemplate\":\"https:\\\/\\\/www.lichen.pl\\\/fr\\\/?s={search_term_string}\"},\"query-input\":{\"@type\":\"PropertyValueSpecification\",\"valueRequired\":true,\"valueName\":\"search_term_string\"}}],\"inLanguage\":\"es\"},{\"@type\":\"Person\",\"@id\":\"https:\\\/\\\/www.lichen.pl\\\/fr\\\/#\\\/schema\\\/person\\\/682b5cfa2f8a664a298ed0bc19782a02\",\"name\":\"Biuro Prasowe\",\"image\":{\"@type\":\"ImageObject\",\"inLanguage\":\"es\",\"@id\":\"https:\\\/\\\/secure.gravatar.com\\\/avatar\\\/07fa3449d37670fd38888cb2e3db27aa13df245d811ec65206e44888f202bb53?s=96&d=retro&r=g\",\"url\":\"https:\\\/\\\/secure.gravatar.com\\\/avatar\\\/07fa3449d37670fd38888cb2e3db27aa13df245d811ec65206e44888f202bb53?s=96&d=retro&r=g\",\"contentUrl\":\"https:\\\/\\\/secure.gravatar.com\\\/avatar\\\/07fa3449d37670fd38888cb2e3db27aa13df245d811ec65206e44888f202bb53?s=96&d=retro&r=g\",\"caption\":\"Biuro Prasowe\"},\"sameAs\":[\"http:\\\/\\\/www.lichen.pl\"],\"url\":\"https:\\\/\\\/www.lichen.pl\\\/es\\\/author\\\/biuro-prasowe\\\/\"}]}<\/script>\n<!-- \/ Yoast SEO plugin. -->","yoast_head_json":{"title":"Z m\u0142odymi i dla m\u0142odych - SANKTUARIUM W LICHENIU","robots":{"index":"index","follow":"follow","max-snippet":"max-snippet:-1","max-image-preview":"max-image-preview:large","max-video-preview":"max-video-preview:-1"},"canonical":"https:\/\/www.lichen.pl\/es\/z-mlodymi-i-dla-mlodych-4\/","og_locale":"es_ES","og_type":"article","og_title":"Z m\u0142odymi i dla m\u0142odych - SANKTUARIUM W LICHENIU","og_description":"\u201ePrzychodzimy tu po mi\u0142o\u015b\u0107, aby\u015bmy umieli kocha\u0107 jak B\u00f3g\u201d \u2013 m\u00f3wi\u0142 ks. Pawe\u0142 Skonieczny podczas kolejnego spotkania z cyklu \u201eZ m\u0142odymi i dla m\u0142odych\u201d, kt\u00f3re odbywaj\u0105 si\u0119 w liche\u0144skim sanktuarium regularnie w ka\u017cd\u0105 4. niedziel\u0119 miesi\u0105ca.\u00a0 Mszy \u015awi\u0119tej dla m\u0142odych przewodniczy\u0142 ks. Pawe\u0142 Skonieczny MIC. Opieraj\u0105c si\u0119 na Ewangelii, m\u00f3wi\u0142 o konieczno\u015bci uczenia si\u0119 mi\u0142o\u015bci [&hellip;]","og_url":"https:\/\/www.lichen.pl\/es\/z-mlodymi-i-dla-mlodych-4\/","og_site_name":"SANKTUARIUM W LICHENIU","article_published_time":"2025-02-24T10:27:32+00:00","article_modified_time":"2025-02-24T10:30:22+00:00","og_image":[{"width":1024,"height":683,"url":"https:\/\/www.lichen.pl\/wp-content\/uploads\/2025\/02\/Z_mlodymi_i_dla_mlodych-6-1024x683.jpg","type":"image\/jpeg"}],"author":"Biuro Prasowe","twitter_card":"summary_large_image","twitter_misc":{"Escrito por":"Biuro Prasowe","Tiempo de lectura":"5 minutos"},"schema":{"@context":"https:\/\/schema.org","@graph":[{"@type":"Article","@id":"https:\/\/www.lichen.pl\/z-mlodymi-i-dla-mlodych-4\/#article","isPartOf":{"@id":"https:\/\/www.lichen.pl\/z-mlodymi-i-dla-mlodych-4\/"},"author":{"name":"Biuro Prasowe","@id":"https:\/\/www.lichen.pl\/fr\/#\/schema\/person\/682b5cfa2f8a664a298ed0bc19782a02"},"headline":"Z m\u0142odymi i dla m\u0142odych","datePublished":"2025-02-24T10:27:32+00:00","dateModified":"2025-02-24T10:30:22+00:00","mainEntityOfPage":{"@id":"https:\/\/www.lichen.pl\/z-mlodymi-i-dla-mlodych-4\/"},"wordCount":498,"image":{"@id":"https:\/\/www.lichen.pl\/z-mlodymi-i-dla-mlodych-4\/#primaryimage"},"thumbnailUrl":"https:\/\/www.lichen.pl\/wp-content\/uploads\/2025\/02\/Z_mlodymi_i_dla_mlodych-6.jpg","articleSection":["Aktualno\u015bci"],"inLanguage":"es"},{"@type":"WebPage","@id":"https:\/\/www.lichen.pl\/z-mlodymi-i-dla-mlodych-4\/","url":"https:\/\/www.lichen.pl\/z-mlodymi-i-dla-mlodych-4\/","name":"Z m\u0142odymi i dla m\u0142odych - SANKTUARIUM W LICHENIU","isPartOf":{"@id":"https:\/\/www.lichen.pl\/fr\/#website"},"primaryImageOfPage":{"@id":"https:\/\/www.lichen.pl\/z-mlodymi-i-dla-mlodych-4\/#primaryimage"},"image":{"@id":"https:\/\/www.lichen.pl\/z-mlodymi-i-dla-mlodych-4\/#primaryimage"},"thumbnailUrl":"https:\/\/www.lichen.pl\/wp-content\/uploads\/2025\/02\/Z_mlodymi_i_dla_mlodych-6.jpg","datePublished":"2025-02-24T10:27:32+00:00","dateModified":"2025-02-24T10:30:22+00:00","author":{"@id":"https:\/\/www.lichen.pl\/fr\/#\/schema\/person\/682b5cfa2f8a664a298ed0bc19782a02"},"breadcrumb":{"@id":"https:\/\/www.lichen.pl\/z-mlodymi-i-dla-mlodych-4\/#breadcrumb"},"inLanguage":"es","potentialAction":[{"@type":"ReadAction","target":["https:\/\/www.lichen.pl\/z-mlodymi-i-dla-mlodych-4\/"]}]},{"@type":"ImageObject","inLanguage":"es","@id":"https:\/\/www.lichen.pl\/z-mlodymi-i-dla-mlodych-4\/#primaryimage","url":"https:\/\/www.lichen.pl\/wp-content\/uploads\/2025\/02\/Z_mlodymi_i_dla_mlodych-6.jpg","contentUrl":"https:\/\/www.lichen.pl\/wp-content\/uploads\/2025\/02\/Z_mlodymi_i_dla_mlodych-6.jpg","width":1920,"height":1280},{"@type":"BreadcrumbList","@id":"https:\/\/www.lichen.pl\/z-mlodymi-i-dla-mlodych-4\/#breadcrumb","itemListElement":[{"@type":"ListItem","position":1,"name":"Strona g\u0142\u00f3wna","item":"https:\/\/www.lichen.pl\/"},{"@type":"ListItem","position":2,"name":"Z m\u0142odymi i dla m\u0142odych"}]},{"@type":"WebSite","@id":"https:\/\/www.lichen.pl\/fr\/#website","url":"https:\/\/www.lichen.pl\/fr\/","name":"SANTUARIO EN LICHENIA","description":"LA DOLOROSA REINA DE POLONIA DE NUESTRO LICHEN","potentialAction":[{"@type":"SearchAction","target":{"@type":"EntryPoint","urlTemplate":"https:\/\/www.lichen.pl\/fr\/?s={search_term_string}"},"query-input":{"@type":"PropertyValueSpecification","valueRequired":true,"valueName":"search_term_string"}}],"inLanguage":"es"},{"@type":"Person","@id":"https:\/\/www.lichen.pl\/fr\/#\/schema\/person\/682b5cfa2f8a664a298ed0bc19782a02","name":"Biuro Prasowe","image":{"@type":"ImageObject","inLanguage":"es","@id":"https:\/\/secure.gravatar.com\/avatar\/07fa3449d37670fd38888cb2e3db27aa13df245d811ec65206e44888f202bb53?s=96&d=retro&r=g","url":"https:\/\/secure.gravatar.com\/avatar\/07fa3449d37670fd38888cb2e3db27aa13df245d811ec65206e44888f202bb53?s=96&d=retro&r=g","contentUrl":"https:\/\/secure.gravatar.com\/avatar\/07fa3449d37670fd38888cb2e3db27aa13df245d811ec65206e44888f202bb53?s=96&d=retro&r=g","caption":"Biuro Prasowe"},"sameAs":["http:\/\/www.lichen.pl"],"url":"https:\/\/www.lichen.pl\/es\/author\/biuro-prasowe\/"}]}},"_links":{"self":[{"href":"https:\/\/www.lichen.pl\/es\/wp-json\/wp\/v2\/posts\/80541","targetHints":{"allow":["GET"]}}],"collection":[{"href":"https:\/\/www.lichen.pl\/es\/wp-json\/wp\/v2\/posts"}],"about":[{"href":"https:\/\/www.lichen.pl\/es\/wp-json\/wp\/v2\/types\/post"}],"author":[{"embeddable":true,"href":"https:\/\/www.lichen.pl\/es\/wp-json\/wp\/v2\/users\/8"}],"replies":[{"embeddable":true,"href":"https:\/\/www.lichen.pl\/es\/wp-json\/wp\/v2\/comments?post=80541"}],"version-history":[{"count":4,"href":"https:\/\/www.lichen.pl\/es\/wp-json\/wp\/v2\/posts\/80541\/revisions"}],"predecessor-version":[{"id":80556,"href":"https:\/\/www.lichen.pl\/es\/wp-json\/wp\/v2\/posts\/80541\/revisions\/80556"}],"wp:featuredmedia":[{"embeddable":true,"href":"https:\/\/www.lichen.pl\/es\/wp-json\/wp\/v2\/media\/80548"}],"wp:attachment":[{"href":"https:\/\/www.lichen.pl\/es\/wp-json\/wp\/v2\/media?parent=80541"}],"wp:term":[{"taxonomy":"category","embeddable":true,"href":"https:\/\/www.lichen.pl\/es\/wp-json\/wp\/v2\/categories?post=80541"},{"taxonomy":"post_tag","embeddable":true,"href":"https:\/\/www.lichen.pl\/es\/wp-json\/wp\/v2\/tags?post=80541"}],"curies":[{"name":"wp","href":"https:\/\/api.w.org\/{rel}","templated":true}]}}