{"id":81085,"date":"2025-03-23T21:36:24","date_gmt":"2025-03-23T20:36:24","guid":{"rendered":"https:\/\/www.lichen.pl\/?p=81085"},"modified":"2025-03-23T22:52:45","modified_gmt":"2025-03-23T21:52:45","slug":"milosc-ktora-nie-zna-granic-obchody-dnia-osob-z-zespolem-downa","status":"publish","type":"post","link":"https:\/\/www.lichen.pl\/es\/milosc-ktora-nie-zna-granic-obchody-dnia-osob-z-zespolem-downa\/","title":{"rendered":"Mi\u0142o\u015b\u0107, kt\u00f3ra nie zna granic \u2013 obchody Dnia Os\u00f3b z Zespo\u0142em Downa"},"content":{"rendered":"<div data-elementor-type=\"wp-post\" data-elementor-id=\"81085\" class=\"elementor elementor-81085\" data-elementor-post-type=\"post\">\n\t\t\t\t\t\t<section class=\"elementor-section elementor-top-section elementor-element elementor-element-562adf0 elementor-section-boxed elementor-section-height-default elementor-section-height-default\" data-id=\"562adf0\" data-element_type=\"section\" data-e-type=\"section\">\n\t\t\t\t\t\t<div class=\"elementor-container elementor-column-gap-default\">\n\t\t\t\t\t<div class=\"elementor-column elementor-col-100 elementor-top-column elementor-element elementor-element-b08f1e9\" data-id=\"b08f1e9\" data-element_type=\"column\" data-e-type=\"column\">\n\t\t\t<div class=\"elementor-widget-wrap elementor-element-populated\">\n\t\t\t\t\t\t<div class=\"elementor-element elementor-element-d2cbcc4 elementor-widget elementor-widget-text-editor\" data-id=\"d2cbcc4\" data-element_type=\"widget\" data-e-type=\"widget\" data-widget_type=\"text-editor.default\">\n\t\t\t\t<div class=\"elementor-widget-container\">\n\t\t\t\t\t\t\t\t\t<h2><span style=\"color: #000000;\">W niedzielne popo\u0142udnie sanktuarium sta\u0142o si\u0119 miejscem szczeg\u00f3lnego<\/span><br \/><span style=\"color: #000000;\">spotkania \u2013 obchod\u00f3w Dnia Os\u00f3b z Zespo\u0142em Downa. Wydarzenie zgromadzi\u0142o<\/span><br \/><span style=\"color: #000000;\">rodziny, przyjaci\u00f3\u0142 oraz wszystkich, kt\u00f3rym bliska jest idea integracji i<\/span><br \/><span style=\"color: #000000;\">akceptacji os\u00f3b z Zespo\u0142em Downa. By\u0142 to czas pe\u0142en \u017cyczliwo\u015bci, rado\u015bci i<\/span><br \/><span style=\"color: #000000;\">refleksji, pokazuj\u0105cy, jak wielk\u0105 si\u0142\u0119 ma wsp\u00f3lnota oparta na mi\u0142o\u015bci i<\/span><br \/><span style=\"color: #000000;\">zrozumieniu. Centralnym punktem obchod\u00f3w by\u0142a Msza \u015awi\u0119ta o godzinie<\/span><br \/><span style=\"color: #000000;\">12:00, po kt\u00f3rej uczestnicy wzi\u0119li udzia\u0142 w spotkaniu integracyjnym pe\u0142nym<\/span><br \/><span style=\"color: #000000;\">ciep\u0142a i niezwyk\u0142ych chwil.<\/span><\/h2>\t\t\t\t\t\t\t\t<\/div>\n\t\t\t\t<\/div>\n\t\t\t\t\t<\/div>\n\t\t<\/div>\n\t\t\t\t\t<\/div>\n\t\t<\/section>\n\t\t\t\t<section class=\"elementor-section elementor-top-section elementor-element elementor-element-df1bd74 elementor-section-boxed elementor-section-height-default elementor-section-height-default\" data-id=\"df1bd74\" data-element_type=\"section\" data-e-type=\"section\">\n\t\t\t\t\t\t<div class=\"elementor-container elementor-column-gap-default\">\n\t\t\t\t\t<div class=\"elementor-column elementor-col-100 elementor-top-column elementor-element elementor-element-7755c6d\" data-id=\"7755c6d\" data-element_type=\"column\" data-e-type=\"column\">\n\t\t\t<div class=\"elementor-widget-wrap elementor-element-populated\">\n\t\t\t\t\t\t<div class=\"elementor-element elementor-element-5601507 elementor-widget elementor-widget-heading\" data-id=\"5601507\" data-element_type=\"widget\" data-e-type=\"widget\" data-widget_type=\"heading.default\">\n\t\t\t\t<div class=\"elementor-widget-container\">\n\t\t\t\t\t<h2 class=\"elementor-heading-title elementor-size-default\">\u015awi\u0119to \u017cycia i akceptacji \u2013 przes\u0142anie p\u0142yn\u0105ce z Eucharystii<\/h2>\t\t\t\t<\/div>\n\t\t\t\t<\/div>\n\t\t\t\t\t<\/div>\n\t\t<\/div>\n\t\t\t\t\t<\/div>\n\t\t<\/section>\n\t\t\t\t<section class=\"elementor-section elementor-top-section elementor-element elementor-element-241700d elementor-section-boxed elementor-section-height-default elementor-section-height-default\" data-id=\"241700d\" data-element_type=\"section\" data-e-type=\"section\">\n\t\t\t\t\t\t<div class=\"elementor-container elementor-column-gap-default\">\n\t\t\t\t\t<div class=\"elementor-column elementor-col-100 elementor-top-column elementor-element elementor-element-67b1762\" data-id=\"67b1762\" data-element_type=\"column\" data-e-type=\"column\">\n\t\t\t<div class=\"elementor-widget-wrap elementor-element-populated\">\n\t\t\t\t\t\t<div class=\"elementor-element elementor-element-55a0f92 elementor-widget elementor-widget-text-editor\" data-id=\"55a0f92\" data-element_type=\"widget\" data-e-type=\"widget\" data-widget_type=\"text-editor.default\">\n\t\t\t\t<div class=\"elementor-widget-container\">\n\t\t\t\t\t\t\t\t\t<p><span style=\"color: #000000;\">Eucharystia odprawiona w intencji os\u00f3b z Zespo\u0142em Downa i ich rodzin\u00a0<\/span><span style=\"color: #000000;\">zgromadzi\u0142a licznych wiernych. W homilii ks. S\u0142awomir Homoncik MIC\u00a0<\/span><span style=\"color: #000000;\">podkre\u015bli\u0142, \u017ce ka\u017cde \u017cycie jest \u015bwi\u0119te i otoczone mi\u0142o\u015bci\u0105 Boga.<\/span><\/p><ul><li><em><span style=\"color: #000000;\">Jeste\u015bmy nieustannie piel\u0119gnowani przez Pana Boga. Pan B\u00f3g na nas chucha,\u00a0<\/span><span style=\"color: #000000;\">dmucha, m\u00f3wi nam o swojej mi\u0142o\u015bci, po to, \u017ceby\u015bmy odkryli t\u0119 \u015bwi\u0119to\u015b\u0107\u00a0<\/span><span style=\"color: #000000;\">narodzin drugiego cz\u0142owieka \u2013 m\u00f3wi\u0142 kustosz sanktuarium. \u2013 B\u00f3g wobec \u017cycia\u00a0<\/span><span style=\"color: #000000;\">ludzkiego m\u00f3wi: ,,Zdejmij sanda\u0142y, bo jest to ziemia \u015bwi\u0119ta&#8221;, bo ukocha\u0142em t\u0119\u00a0<\/span><span style=\"color: #000000;\">osob\u0119, ukocha\u0142em ciebie, wi\u0119c ty te\u017c postaraj si\u0119 kocha\u0107 drugiego \u2013 doda\u0142.<\/span><\/em><\/li><\/ul><p><span style=\"color: #000000;\">Rodziny podkre\u015bla\u0142y, jak wa\u017cna jest dla nich mo\u017cliwo\u015b\u0107 wsp\u00f3lnej modlitwy oraz\u00a0<\/span><span style=\"color: #000000;\">poczucie akceptacji i wsp\u00f3lnoty. Dzieci aktywnie uczestniczy\u0142y w liturgii, ich\u00a0<\/span><span style=\"color: #000000;\">radosne \u015bpiewy i u\u015bmiechy wype\u0142nia\u0142y wn\u0119trze \u015bwi\u0105tyni, tworz\u0105c atmosfer\u0119\u00a0<\/span><span style=\"color: #000000;\">prawdziwego ciep\u0142a i nadziei.<\/span><\/p>\t\t\t\t\t\t\t\t<\/div>\n\t\t\t\t<\/div>\n\t\t\t\t\t<\/div>\n\t\t<\/div>\n\t\t\t\t\t<\/div>\n\t\t<\/section>\n\t\t\t\t<section class=\"elementor-section elementor-top-section elementor-element elementor-element-99aca1f elementor-section-boxed elementor-section-height-default elementor-section-height-default\" data-id=\"99aca1f\" data-element_type=\"section\" data-e-type=\"section\">\n\t\t\t\t\t\t<div class=\"elementor-container elementor-column-gap-default\">\n\t\t\t\t\t<div class=\"elementor-column elementor-col-100 elementor-top-column elementor-element elementor-element-c5d1490\" data-id=\"c5d1490\" data-element_type=\"column\" data-e-type=\"column\">\n\t\t\t<div class=\"elementor-widget-wrap elementor-element-populated\">\n\t\t\t\t\t\t<div class=\"elementor-element elementor-element-2ad9e2e elementor-widget elementor-widget-heading\" data-id=\"2ad9e2e\" data-element_type=\"widget\" data-e-type=\"widget\" data-widget_type=\"heading.default\">\n\t\t\t\t<div class=\"elementor-widget-container\">\n\t\t\t\t\t<h2 class=\"elementor-heading-title elementor-size-default\">Wsp\u00f3lnota, kt\u00f3ra dodaje si\u0142 \u2013 integracja, wsparcie i wzruszaj\u0105ce chwile<\/h2>\t\t\t\t<\/div>\n\t\t\t\t<\/div>\n\t\t\t\t\t<\/div>\n\t\t<\/div>\n\t\t\t\t\t<\/div>\n\t\t<\/section>\n\t\t\t\t<section class=\"elementor-section elementor-top-section elementor-element elementor-element-5a4679d elementor-section-boxed elementor-section-height-default elementor-section-height-default\" data-id=\"5a4679d\" data-element_type=\"section\" data-e-type=\"section\">\n\t\t\t\t\t\t<div class=\"elementor-container elementor-column-gap-default\">\n\t\t\t\t\t<div class=\"elementor-column elementor-col-100 elementor-top-column elementor-element elementor-element-2870f2b\" data-id=\"2870f2b\" data-element_type=\"column\" data-e-type=\"column\">\n\t\t\t<div class=\"elementor-widget-wrap elementor-element-populated\">\n\t\t\t\t\t\t<div class=\"elementor-element elementor-element-64a88a3 elementor-widget elementor-widget-text-editor\" data-id=\"64a88a3\" data-element_type=\"widget\" data-e-type=\"widget\" data-widget_type=\"text-editor.default\">\n\t\t\t\t<div class=\"elementor-widget-container\">\n\t\t\t\t\t\t\t\t\t<p><span style=\"color: #000000;\">Po zako\u0144czeniu liturgii uczestnicy spotkali si\u0119 w sali Ca\u0142unu Tury\u0144skiego, gdzie\u00a0<\/span><span style=\"color: #000000;\">czeka\u0142o na nich wiele atrakcji. W ramach spotkania odby\u0142a si\u0119 prezentacja\u00a0<\/span><span style=\"color: #000000;\">wystawy z pracami plastycznymi i fotograficznymi, warsztaty plastyczne,\u00a0<\/span><span style=\"color: #000000; font-family: var( --e-global-typography-text-font-family ), aleo;\">podczas kt\u00f3rych dzieci malowa\u0142y serca, oraz spotkanie autorskie z\u00a0<\/span><span style=\"color: #000000; font-family: var( --e-global-typography-text-font-family ), aleo;\">przedstawicielami Fundacji \u201eTeraz Wy\u201d. Szczeg\u00f3lnie poruszaj\u0105cym momentem\u00a0<\/span><span style=\"color: #000000; font-family: var( --e-global-typography-text-font-family ), aleo;\">by\u0142o ofiarowanie przez dzieci w\u0142asnor\u0119cznie wykonanych serc swoim\u00a0<\/span><span style=\"color: #000000; font-family: var( --e-global-typography-text-font-family ), aleo;\">opiekunom jako wyraz mi\u0142o\u015bci i wdzi\u0119czno\u015bci. U\u015bmiechy pojawia\u0142y si\u0119 na\u00a0<\/span><span style=\"color: #000000; font-family: var( --e-global-typography-text-font-family ), aleo;\">twarzach rodzic\u00f3w i opiekun\u00f3w, kt\u00f3rzy ka\u017cdego dnia po\u015bwi\u0119caj\u0105 serce swoim\u00a0<\/span><span style=\"color: #000000; font-family: var( --e-global-typography-text-font-family ), aleo;\">wyj\u0105tkowym dzieciom.<\/span><\/p>\t\t\t\t\t\t\t\t<\/div>\n\t\t\t\t<\/div>\n\t\t\t\t\t<\/div>\n\t\t<\/div>\n\t\t\t\t\t<\/div>\n\t\t<\/section>\n\t\t\t\t<section class=\"elementor-section elementor-top-section elementor-element elementor-element-8cbec71 elementor-section-boxed elementor-section-height-default elementor-section-height-default\" data-id=\"8cbec71\" data-element_type=\"section\" data-e-type=\"section\">\n\t\t\t\t\t\t<div class=\"elementor-container elementor-column-gap-default\">\n\t\t\t\t\t<div class=\"elementor-column elementor-col-100 elementor-top-column elementor-element elementor-element-9a617c9\" data-id=\"9a617c9\" data-element_type=\"column\" data-e-type=\"column\">\n\t\t\t<div class=\"elementor-widget-wrap elementor-element-populated\">\n\t\t\t\t\t\t<div class=\"elementor-element elementor-element-3889b17 elementor-widget elementor-widget-text-editor\" data-id=\"3889b17\" data-element_type=\"widget\" data-e-type=\"widget\" data-widget_type=\"text-editor.default\">\n\t\t\t\t<div class=\"elementor-widget-container\">\n\t\t\t\t\t\t\t\t\t<ul><li><em><span style=\"color: #000000;\">To dzie\u0144 pe\u0142en szczeg\u00f3lnych emocji, du\u017co rado\u015bci, \u017cyczliwo\u015bci, gdzie mo\u017cemy\u00a0<\/span><span style=\"color: #000000;\">si\u0119 jednoczy\u0107 z innymi osobami, z rodzinami, kt\u00f3re tak\u017ce nosz\u0105 to brzemi\u0119\u00a0<\/span><span style=\"color: #000000;\">Zespo\u0142u Downa, i nie czujemy si\u0119 sami \u2013 m\u00f3wi Piotrek z Fundacji \u201eOtwarcie\u201d w\u00a0<\/span><span style=\"color: #000000;\">Koninie. \u2013 Cieszymy si\u0119 razem z nimi, wymieniamy si\u0119 do\u015bwiadczeniami. Jest\u00a0<\/span><span style=\"color: #000000;\">to dla nas bardzo buduj\u0105ce \u2013 dodaje.<\/span><\/em><\/li><\/ul>\t\t\t\t\t\t\t\t<\/div>\n\t\t\t\t<\/div>\n\t\t\t\t\t<\/div>\n\t\t<\/div>\n\t\t\t\t\t<\/div>\n\t\t<\/section>\n\t\t\t\t<section class=\"elementor-section elementor-top-section elementor-element elementor-element-0f50441 elementor-section-boxed elementor-section-height-default elementor-section-height-default\" data-id=\"0f50441\" data-element_type=\"section\" data-e-type=\"section\">\n\t\t\t\t\t\t<div class=\"elementor-container elementor-column-gap-default\">\n\t\t\t\t\t<div class=\"elementor-column elementor-col-100 elementor-top-column elementor-element elementor-element-9f2ea05\" data-id=\"9f2ea05\" data-element_type=\"column\" data-e-type=\"column\">\n\t\t\t<div class=\"elementor-widget-wrap elementor-element-populated\">\n\t\t\t\t\t\t<div class=\"elementor-element elementor-element-b85d180 elementor-widget elementor-widget-image\" data-id=\"b85d180\" data-element_type=\"widget\" data-e-type=\"widget\" data-widget_type=\"image.default\">\n\t\t\t\t<div class=\"elementor-widget-container\">\n\t\t\t\t\t\t\t\t\t\t\t\t\t\t\t<img fetchpriority=\"high\" decoding=\"async\" width=\"1024\" height=\"683\" src=\"https:\/\/www.lichen.pl\/wp-content\/uploads\/2025\/03\/Obchody-Dnia-Osob-z-Zespolem-Downa-29-1024x683.jpg\" class=\"attachment-large size-large wp-image-81086\" alt=\"\" srcset=\"https:\/\/www.lichen.pl\/wp-content\/uploads\/2025\/03\/Obchody-Dnia-Osob-z-Zespolem-Downa-29-1024x683.jpg 1024w, https:\/\/www.lichen.pl\/wp-content\/uploads\/2025\/03\/Obchody-Dnia-Osob-z-Zespolem-Downa-29-300x200.jpg 300w, https:\/\/www.lichen.pl\/wp-content\/uploads\/2025\/03\/Obchody-Dnia-Osob-z-Zespolem-Downa-29-768x512.jpg 768w, https:\/\/www.lichen.pl\/wp-content\/uploads\/2025\/03\/Obchody-Dnia-Osob-z-Zespolem-Downa-29-1536x1024.jpg 1536w, https:\/\/www.lichen.pl\/wp-content\/uploads\/2025\/03\/Obchody-Dnia-Osob-z-Zespolem-Downa-29-2048x1365.jpg 2048w, https:\/\/www.lichen.pl\/wp-content\/uploads\/2025\/03\/Obchody-Dnia-Osob-z-Zespolem-Downa-29-18x12.jpg 18w, https:\/\/www.lichen.pl\/wp-content\/uploads\/2025\/03\/Obchody-Dnia-Osob-z-Zespolem-Downa-29-800x533.jpg 800w, https:\/\/www.lichen.pl\/wp-content\/uploads\/2025\/03\/Obchody-Dnia-Osob-z-Zespolem-Downa-29.jpg 1920w\" sizes=\"(max-width: 1024px) 100vw, 1024px\" \/>\t\t\t\t\t\t\t\t\t\t\t\t\t\t\t<\/div>\n\t\t\t\t<\/div>\n\t\t\t\t\t<\/div>\n\t\t<\/div>\n\t\t\t\t\t<\/div>\n\t\t<\/section>\n\t\t\t\t<section class=\"elementor-section elementor-top-section elementor-element elementor-element-af495ab elementor-section-boxed elementor-section-height-default elementor-section-height-default\" data-id=\"af495ab\" data-element_type=\"section\" data-e-type=\"section\">\n\t\t\t\t\t\t<div class=\"elementor-container elementor-column-gap-default\">\n\t\t\t\t\t<div class=\"elementor-column elementor-col-100 elementor-top-column elementor-element elementor-element-f304a7c\" data-id=\"f304a7c\" data-element_type=\"column\" data-e-type=\"column\">\n\t\t\t<div class=\"elementor-widget-wrap elementor-element-populated\">\n\t\t\t\t\t\t<div class=\"elementor-element elementor-element-6f4a6fa elementor-widget elementor-widget-text-editor\" data-id=\"6f4a6fa\" data-element_type=\"widget\" data-e-type=\"widget\" data-widget_type=\"text-editor.default\">\n\t\t\t\t<div class=\"elementor-widget-container\">\n\t\t\t\t\t\t\t\t\t<p><span style=\"color: #000000;\">Podczas cz\u0119\u015bci integracyjnej odby\u0142o si\u0119 tak\u017ce kolorowanie skarpetek, symbolu\u00a0<\/span><span style=\"color: #000000;\">solidarno\u015bci z osobami z Zespo\u0142em Downa, oraz prelekcja \u201ePodr\u00f3\u017c kolorowych\u00a0<\/span><span style=\"color: #000000;\">skarpetek nie do pary z Wielkiej Brytanii do Polski\u201d, przypominaj\u0105ca o pi\u0119knie\u00a0<\/span><span style=\"color: #000000;\">r\u00f3\u017cnorodno\u015bci. Uczestnicy z entuzjazmem wzi\u0119li r\u00f3wnie\u017c udzia\u0142 w\u00a0<\/span><span style=\"color: #000000;\">\u201eskarpetkowym pokazie mody\u201d na czerwonym dywanie, kt\u00f3ry wywo\u0142a\u0142\u00a0<\/span><span style=\"color: #000000;\">mn\u00f3stwo u\u015bmiech\u00f3w i rado\u015bci.<\/span><\/p>\t\t\t\t\t\t\t\t<\/div>\n\t\t\t\t<\/div>\n\t\t\t\t\t<\/div>\n\t\t<\/div>\n\t\t\t\t\t<\/div>\n\t\t<\/section>\n\t\t\t\t<section class=\"elementor-section elementor-top-section elementor-element elementor-element-a163cf6 elementor-section-boxed elementor-section-height-default elementor-section-height-default\" data-id=\"a163cf6\" data-element_type=\"section\" data-e-type=\"section\">\n\t\t\t\t\t\t<div class=\"elementor-container elementor-column-gap-default\">\n\t\t\t\t\t<div class=\"elementor-column elementor-col-100 elementor-top-column elementor-element elementor-element-861f98b\" data-id=\"861f98b\" data-element_type=\"column\" data-e-type=\"column\">\n\t\t\t<div class=\"elementor-widget-wrap elementor-element-populated\">\n\t\t\t\t\t\t<div class=\"elementor-element elementor-element-1d52ba6 elementor-widget elementor-widget-text-editor\" data-id=\"1d52ba6\" data-element_type=\"widget\" data-e-type=\"widget\" data-widget_type=\"text-editor.default\">\n\t\t\t\t<div class=\"elementor-widget-container\">\n\t\t\t\t\t\t\t\t\t<ul><li><span style=\"color: #000000;\">Rado\u015b\u0107 jest tak samo pi\u0119kna i tak samo trudna zar\u00f3wno przy wychowywaniu <\/span><span style=\"color: #000000;\">dziecka z Zespo\u0142em Downa, jak i zdrowego dziecka \u2013 m\u00f3wi Marta, mama 13-\u00a0<\/span><span style=\"color: #000000;\">letniej Ady. \u2013 Nie ukrywam, \u017ce gdy urodzi\u0142am Ad\u0119, nabra\u0142am wi\u0119kszego luzu w\u00a0<\/span><span style=\"color: #000000;\">\u017cyciu. Nauczy\u0142a mnie, \u017ce nie wszystko musi by\u0107 idealne, ale wszystko mo\u017ce by\u0107\u00a0<\/span><span style=\"color: #000000;\">pi\u0119kne \u2013 dodaje.<\/span><\/li><\/ul>\t\t\t\t\t\t\t\t<\/div>\n\t\t\t\t<\/div>\n\t\t\t\t\t<\/div>\n\t\t<\/div>\n\t\t\t\t\t<\/div>\n\t\t<\/section>\n\t\t\t\t<section class=\"elementor-section elementor-top-section elementor-element elementor-element-5e2886b elementor-section-boxed elementor-section-height-default elementor-section-height-default\" data-id=\"5e2886b\" data-element_type=\"section\" data-e-type=\"section\">\n\t\t\t\t\t\t<div class=\"elementor-container elementor-column-gap-default\">\n\t\t\t\t\t<div class=\"elementor-column elementor-col-100 elementor-top-column elementor-element elementor-element-2acd018\" data-id=\"2acd018\" data-element_type=\"column\" data-e-type=\"column\">\n\t\t\t<div class=\"elementor-widget-wrap elementor-element-populated\">\n\t\t\t\t\t\t<div class=\"elementor-element elementor-element-7b43812 elementor-widget elementor-widget-image\" data-id=\"7b43812\" data-element_type=\"widget\" data-e-type=\"widget\" data-widget_type=\"image.default\">\n\t\t\t\t<div class=\"elementor-widget-container\">\n\t\t\t\t\t\t\t\t\t\t\t\t\t\t\t<img decoding=\"async\" width=\"1024\" height=\"683\" src=\"https:\/\/www.lichen.pl\/wp-content\/uploads\/2025\/03\/Obchody-Dnia-Osob-z-Zespolem-Downa-38-1024x683.jpg\" class=\"attachment-large size-large wp-image-81087\" alt=\"\" srcset=\"https:\/\/www.lichen.pl\/wp-content\/uploads\/2025\/03\/Obchody-Dnia-Osob-z-Zespolem-Downa-38-1024x683.jpg 1024w, https:\/\/www.lichen.pl\/wp-content\/uploads\/2025\/03\/Obchody-Dnia-Osob-z-Zespolem-Downa-38-300x200.jpg 300w, https:\/\/www.lichen.pl\/wp-content\/uploads\/2025\/03\/Obchody-Dnia-Osob-z-Zespolem-Downa-38-768x512.jpg 768w, https:\/\/www.lichen.pl\/wp-content\/uploads\/2025\/03\/Obchody-Dnia-Osob-z-Zespolem-Downa-38-1536x1024.jpg 1536w, https:\/\/www.lichen.pl\/wp-content\/uploads\/2025\/03\/Obchody-Dnia-Osob-z-Zespolem-Downa-38-2048x1365.jpg 2048w, https:\/\/www.lichen.pl\/wp-content\/uploads\/2025\/03\/Obchody-Dnia-Osob-z-Zespolem-Downa-38-18x12.jpg 18w, https:\/\/www.lichen.pl\/wp-content\/uploads\/2025\/03\/Obchody-Dnia-Osob-z-Zespolem-Downa-38-800x533.jpg 800w, https:\/\/www.lichen.pl\/wp-content\/uploads\/2025\/03\/Obchody-Dnia-Osob-z-Zespolem-Downa-38.jpg 1920w\" sizes=\"(max-width: 1024px) 100vw, 1024px\" \/>\t\t\t\t\t\t\t\t\t\t\t\t\t\t\t<\/div>\n\t\t\t\t<\/div>\n\t\t\t\t\t<\/div>\n\t\t<\/div>\n\t\t\t\t\t<\/div>\n\t\t<\/section>\n\t\t\t\t<section class=\"elementor-section elementor-top-section elementor-element elementor-element-891355e elementor-section-boxed elementor-section-height-default elementor-section-height-default\" data-id=\"891355e\" data-element_type=\"section\" data-e-type=\"section\">\n\t\t\t\t\t\t<div class=\"elementor-container elementor-column-gap-default\">\n\t\t\t\t\t<div class=\"elementor-column elementor-col-100 elementor-top-column elementor-element elementor-element-d6ba449\" data-id=\"d6ba449\" data-element_type=\"column\" data-e-type=\"column\">\n\t\t\t<div class=\"elementor-widget-wrap elementor-element-populated\">\n\t\t\t\t\t\t<div class=\"elementor-element elementor-element-11d4bba elementor-widget elementor-widget-text-editor\" data-id=\"11d4bba\" data-element_type=\"widget\" data-e-type=\"widget\" data-widget_type=\"text-editor.default\">\n\t\t\t\t<div class=\"elementor-widget-container\">\n\t\t\t\t\t\t\t\t\t<p><span style=\"color: #000000;\">Dla wielu uczestnik\u00f3w wydarzenia szczeg\u00f3ln\u0105 atrakcj\u0105 by\u0142o tak\u017ce zwiedzanie\u00a0<\/span><span style=\"color: #000000;\">sanktuarium z przewodnikiem, kt\u00f3ry przybli\u017cy\u0142 histori\u0119 tego wyj\u0105tkowego\u00a0<\/span><span style=\"color: #000000;\">miejsca. W rozmowach da\u0142o si\u0119 us\u0142ysze\u0107, jak wielkie znaczenie ma takie\u00a0<\/span><span style=\"color: #000000;\">spotkanie dla rodzin, kt\u00f3re na co dzie\u0144 borykaj\u0105 si\u0119 z r\u00f3\u017cnymi wyzwaniami, ale\u00a0<\/span><span style=\"color: #000000;\">w tej wsp\u00f3lnocie czuj\u0105 si\u0119 zrozumiane i akceptowane.<\/span><\/p>\t\t\t\t\t\t\t\t<\/div>\n\t\t\t\t<\/div>\n\t\t\t\t\t<\/div>\n\t\t<\/div>\n\t\t\t\t\t<\/div>\n\t\t<\/section>\n\t\t\t\t<section class=\"elementor-section elementor-top-section elementor-element elementor-element-27f8f32 elementor-section-boxed elementor-section-height-default elementor-section-height-default\" data-id=\"27f8f32\" data-element_type=\"section\" data-e-type=\"section\">\n\t\t\t\t\t\t<div class=\"elementor-container elementor-column-gap-default\">\n\t\t\t\t\t<div class=\"elementor-column elementor-col-100 elementor-top-column elementor-element elementor-element-34b8cca\" data-id=\"34b8cca\" data-element_type=\"column\" data-e-type=\"column\">\n\t\t\t<div class=\"elementor-widget-wrap elementor-element-populated\">\n\t\t\t\t\t\t<div class=\"elementor-element elementor-element-80d8d54 elementor-widget elementor-widget-heading\" data-id=\"80d8d54\" data-element_type=\"widget\" data-e-type=\"widget\" data-widget_type=\"heading.default\">\n\t\t\t\t<div class=\"elementor-widget-container\">\n\t\t\t\t\t<h2 class=\"elementor-heading-title elementor-size-default\">\u017bywa lekcja mi\u0142o\u015bci i rado\u015bci \u2013 przes\u0142anie na przysz\u0142o\u015b\u0107<\/h2>\t\t\t\t<\/div>\n\t\t\t\t<\/div>\n\t\t\t\t\t<\/div>\n\t\t<\/div>\n\t\t\t\t\t<\/div>\n\t\t<\/section>\n\t\t\t\t<section class=\"elementor-section elementor-top-section elementor-element elementor-element-fa3b82d elementor-section-boxed elementor-section-height-default elementor-section-height-default\" data-id=\"fa3b82d\" data-element_type=\"section\" data-e-type=\"section\">\n\t\t\t\t\t\t<div class=\"elementor-container elementor-column-gap-default\">\n\t\t\t\t\t<div class=\"elementor-column elementor-col-100 elementor-top-column elementor-element elementor-element-4f657a6\" data-id=\"4f657a6\" data-element_type=\"column\" data-e-type=\"column\">\n\t\t\t<div class=\"elementor-widget-wrap elementor-element-populated\">\n\t\t\t\t\t\t<div class=\"elementor-element elementor-element-4378a9c elementor-widget elementor-widget-text-editor\" data-id=\"4378a9c\" data-element_type=\"widget\" data-e-type=\"widget\" data-widget_type=\"text-editor.default\">\n\t\t\t\t<div class=\"elementor-widget-container\">\n\t\t\t\t\t\t\t\t\t<p><span style=\"color: #000000;\">Dzie\u0144 Os\u00f3b z Zespo\u0142em Downa to nie tylko okazja do \u015bwi\u0119towania, ale przede\u00a0<\/span><span style=\"color: #000000;\">wszystkim przypomnienie o warto\u015bciach, kt\u00f3re powinny kszta\u0142towa\u0107 relacje\u00a0<\/span><span style=\"color: #000000;\">mi\u0119dzyludzkie \u2013 akceptacji, szacunku i otwarto\u015bci. Obchody w sanktuarium\u00a0<\/span><span style=\"color: #000000;\">pokaza\u0142y, \u017ce osoby z Zespo\u0142em Downa s\u0105 integraln\u0105 cz\u0119\u015bci\u0105 spo\u0142ecze\u0144stwa i \u017ce\u00a0<\/span><span style=\"color: #000000;\">ich obecno\u015b\u0107 wzbogaca wsp\u00f3lnot\u0119. To w\u0142a\u015bnie ich u\u015bmiechy, autentyczno\u015b\u0107 i\u00a0<\/span><span style=\"color: #000000;\">bezwarunkowa mi\u0142o\u015b\u0107 sprawiaj\u0105, \u017ce \u015bwiat staje si\u0119 lepszym miejscem.<\/span><\/p>\t\t\t\t\t\t\t\t<\/div>\n\t\t\t\t<\/div>\n\t\t\t\t\t<\/div>\n\t\t<\/div>\n\t\t\t\t\t<\/div>\n\t\t<\/section>\n\t\t\t\t<section class=\"elementor-section elementor-top-section elementor-element elementor-element-3a1c0a1 elementor-section-boxed elementor-section-height-default elementor-section-height-default\" data-id=\"3a1c0a1\" data-element_type=\"section\" data-e-type=\"section\">\n\t\t\t\t\t\t<div class=\"elementor-container elementor-column-gap-default\">\n\t\t\t\t\t<div class=\"elementor-column elementor-col-100 elementor-top-column elementor-element elementor-element-6250194\" data-id=\"6250194\" data-element_type=\"column\" data-e-type=\"column\">\n\t\t\t<div class=\"elementor-widget-wrap elementor-element-populated\">\n\t\t\t\t\t\t<div class=\"elementor-element elementor-element-2b60fb6 elementor-widget elementor-widget-text-editor\" data-id=\"2b60fb6\" data-element_type=\"widget\" data-e-type=\"widget\" data-widget_type=\"text-editor.default\">\n\t\t\t\t<div class=\"elementor-widget-container\">\n\t\t\t\t\t\t\t\t\t<ul><li><em><span style=\"color: #000000;\">\u00a0Dobrze si\u0119 tu bawi\u0119. Lubi\u0119 chodzi\u0107 do ko\u015bcio\u0142a, a najbardziej podobaj\u0105 mi si\u0119\u00a0<\/span><\/em><em><span style=\"color: #000000;\">Msze \u2013 m\u00f3wi 27-letnia Michalina, uczestniczka wydarzenia.<\/span><\/em><\/li><\/ul>\t\t\t\t\t\t\t\t<\/div>\n\t\t\t\t<\/div>\n\t\t\t\t\t<\/div>\n\t\t<\/div>\n\t\t\t\t\t<\/div>\n\t\t<\/section>\n\t\t\t\t<section class=\"elementor-section elementor-top-section elementor-element elementor-element-35cf0e8 elementor-section-boxed elementor-section-height-default elementor-section-height-default\" data-id=\"35cf0e8\" data-element_type=\"section\" data-e-type=\"section\">\n\t\t\t\t\t\t<div class=\"elementor-container elementor-column-gap-default\">\n\t\t\t\t\t<div class=\"elementor-column elementor-col-100 elementor-top-column elementor-element elementor-element-5ed2b56\" data-id=\"5ed2b56\" data-element_type=\"column\" data-e-type=\"column\">\n\t\t\t<div class=\"elementor-widget-wrap elementor-element-populated\">\n\t\t\t\t\t\t<div class=\"elementor-element elementor-element-76e0042 elementor-widget elementor-widget-text-editor\" data-id=\"76e0042\" data-element_type=\"widget\" data-e-type=\"widget\" data-widget_type=\"text-editor.default\">\n\t\t\t\t<div class=\"elementor-widget-container\">\n\t\t\t\t\t\t\t\t\t<p><span style=\"color: #000000;\">W \u015bwiecie, kt\u00f3ry cz\u0119sto d\u0105\u017cy do perfekcji, to w\u0142a\u015bnie osoby z Zespo\u0142em Downa\u00a0\u00a0<\/span><span style=\"color: #000000;\">przypominaj\u0105 o tym, \u017ce prawdziwa warto\u015b\u0107 tkwi w prostocie, szczero\u015bci i\u00a0<\/span><span style=\"color: #000000;\">rado\u015bci z ma\u0142ych rzeczy. Jak podkre\u015blaj\u0105 rodziny uczestnicz\u0105ce w wydarzeniu \u2013\u00a0<\/span><span style=\"color: #000000;\">to lekcja, kt\u00f3r\u0105 warto zapami\u0119ta\u0107 na co dzie\u0144. Bo prawdziwa mi\u0142o\u015b\u0107 nie zna\u00a0<\/span><span style=\"color: #000000;\">barier ani ogranicze\u0144 \u2013 jest pe\u0142na akceptacji, ciep\u0142a i wdzi\u0119czno\u015bci za to, kim\u00a0<\/span><span style=\"color: #000000;\">jeste\u015bmy i kim s\u0105 nasi najbli\u017csi.<\/span><\/p>\t\t\t\t\t\t\t\t<\/div>\n\t\t\t\t<\/div>\n\t\t\t\t\t<\/div>\n\t\t<\/div>\n\t\t\t\t\t<\/div>\n\t\t<\/section>\n\t\t\t\t<section class=\"elementor-section elementor-top-section elementor-element elementor-element-d47087f elementor-section-boxed elementor-section-height-default elementor-section-height-default\" data-id=\"d47087f\" data-element_type=\"section\" data-e-type=\"section\">\n\t\t\t\t\t\t<div class=\"elementor-container elementor-column-gap-default\">\n\t\t\t\t\t<div class=\"elementor-column elementor-col-100 elementor-top-column elementor-element elementor-element-753f167\" data-id=\"753f167\" data-element_type=\"column\" data-e-type=\"column\">\n\t\t\t<div class=\"elementor-widget-wrap elementor-element-populated\">\n\t\t\t\t\t\t<div class=\"elementor-element elementor-element-84b97db elementor-widget elementor-widget-image-gallery\" data-id=\"84b97db\" data-element_type=\"widget\" data-e-type=\"widget\" data-widget_type=\"image-gallery.default\">\n\t\t\t\t<div class=\"elementor-widget-container\">\n\t\t\t\t\t\t\t<div class=\"elementor-image-gallery\">\n\t\t\t<div id='gallery-1' class='gallery galleryid-81085 gallery-columns-4 gallery-size-medium'><figure class='gallery-item'>\n\t\t\t<div class='gallery-icon landscape'>\n\t\t\t\t<a data-elementor-open-lightbox=\"yes\" data-elementor-lightbox-slideshow=\"84b97db\" data-elementor-lightbox-title=\"Obchody Dnia Os\u00f3b z Zespo\u0142em Downa (1)\" data-e-action-hash=\"#elementor-action%3Aaction%3Dlightbox%26settings%3DeyJpZCI6ODEwODgsInVybCI6Imh0dHBzOlwvXC93d3cubGljaGVuLnBsXC93cC1jb250ZW50XC91cGxvYWRzXC8yMDI1XC8wM1wvT2JjaG9keS1EbmlhLU9zb2Itei1aZXNwb2xlbS1Eb3duYS0xLmpwZyIsInNsaWRlc2hvdyI6Ijg0Yjk3ZGIifQ%3D%3D\" href='https:\/\/www.lichen.pl\/wp-content\/uploads\/2025\/03\/Obchody-Dnia-Osob-z-Zespolem-Downa-1.jpg'><img width=\"300\" height=\"200\" src=\"https:\/\/www.lichen.pl\/wp-content\/uploads\/2025\/03\/Obchody-Dnia-Osob-z-Zespolem-Downa-1-300x200.jpg\" class=\"attachment-medium size-medium\" alt=\"\" decoding=\"async\" srcset=\"https:\/\/www.lichen.pl\/wp-content\/uploads\/2025\/03\/Obchody-Dnia-Osob-z-Zespolem-Downa-1-300x200.jpg 300w, https:\/\/www.lichen.pl\/wp-content\/uploads\/2025\/03\/Obchody-Dnia-Osob-z-Zespolem-Downa-1-1024x683.jpg 1024w, https:\/\/www.lichen.pl\/wp-content\/uploads\/2025\/03\/Obchody-Dnia-Osob-z-Zespolem-Downa-1-768x512.jpg 768w, https:\/\/www.lichen.pl\/wp-content\/uploads\/2025\/03\/Obchody-Dnia-Osob-z-Zespolem-Downa-1-1536x1024.jpg 1536w, https:\/\/www.lichen.pl\/wp-content\/uploads\/2025\/03\/Obchody-Dnia-Osob-z-Zespolem-Downa-1-2048x1365.jpg 2048w, https:\/\/www.lichen.pl\/wp-content\/uploads\/2025\/03\/Obchody-Dnia-Osob-z-Zespolem-Downa-1-18x12.jpg 18w, https:\/\/www.lichen.pl\/wp-content\/uploads\/2025\/03\/Obchody-Dnia-Osob-z-Zespolem-Downa-1-800x533.jpg 800w, https:\/\/www.lichen.pl\/wp-content\/uploads\/2025\/03\/Obchody-Dnia-Osob-z-Zespolem-Downa-1.jpg 1920w\" sizes=\"(max-width: 300px) 100vw, 300px\" \/><\/a>\n\t\t\t<\/div><\/figure><figure class='gallery-item'>\n\t\t\t<div class='gallery-icon landscape'>\n\t\t\t\t<a data-elementor-open-lightbox=\"yes\" data-elementor-lightbox-slideshow=\"84b97db\" data-elementor-lightbox-title=\"Obchody Dnia Os\u00f3b z Zespo\u0142em Downa (2)\" data-e-action-hash=\"#elementor-action%3Aaction%3Dlightbox%26settings%3DeyJpZCI6ODEwODksInVybCI6Imh0dHBzOlwvXC93d3cubGljaGVuLnBsXC93cC1jb250ZW50XC91cGxvYWRzXC8yMDI1XC8wM1wvT2JjaG9keS1EbmlhLU9zb2Itei1aZXNwb2xlbS1Eb3duYS0yLmpwZyIsInNsaWRlc2hvdyI6Ijg0Yjk3ZGIifQ%3D%3D\" href='https:\/\/www.lichen.pl\/wp-content\/uploads\/2025\/03\/Obchody-Dnia-Osob-z-Zespolem-Downa-2.jpg'><img loading=\"lazy\" width=\"300\" height=\"200\" src=\"https:\/\/www.lichen.pl\/wp-content\/uploads\/2025\/03\/Obchody-Dnia-Osob-z-Zespolem-Downa-2-300x200.jpg\" class=\"attachment-medium size-medium\" alt=\"\" decoding=\"async\" srcset=\"https:\/\/www.lichen.pl\/wp-content\/uploads\/2025\/03\/Obchody-Dnia-Osob-z-Zespolem-Downa-2-300x200.jpg 300w, https:\/\/www.lichen.pl\/wp-content\/uploads\/2025\/03\/Obchody-Dnia-Osob-z-Zespolem-Downa-2-1024x683.jpg 1024w, https:\/\/www.lichen.pl\/wp-content\/uploads\/2025\/03\/Obchody-Dnia-Osob-z-Zespolem-Downa-2-768x512.jpg 768w, https:\/\/www.lichen.pl\/wp-content\/uploads\/2025\/03\/Obchody-Dnia-Osob-z-Zespolem-Downa-2-1536x1024.jpg 1536w, https:\/\/www.lichen.pl\/wp-content\/uploads\/2025\/03\/Obchody-Dnia-Osob-z-Zespolem-Downa-2-2048x1365.jpg 2048w, https:\/\/www.lichen.pl\/wp-content\/uploads\/2025\/03\/Obchody-Dnia-Osob-z-Zespolem-Downa-2-18x12.jpg 18w, https:\/\/www.lichen.pl\/wp-content\/uploads\/2025\/03\/Obchody-Dnia-Osob-z-Zespolem-Downa-2-800x533.jpg 800w, https:\/\/www.lichen.pl\/wp-content\/uploads\/2025\/03\/Obchody-Dnia-Osob-z-Zespolem-Downa-2.jpg 1920w\" sizes=\"(max-width: 300px) 100vw, 300px\" \/><\/a>\n\t\t\t<\/div><\/figure><figure class='gallery-item'>\n\t\t\t<div class='gallery-icon landscape'>\n\t\t\t\t<a data-elementor-open-lightbox=\"yes\" data-elementor-lightbox-slideshow=\"84b97db\" data-elementor-lightbox-title=\"Obchody Dnia Os\u00f3b z Zespo\u0142em Downa (3)\" data-e-action-hash=\"#elementor-action%3Aaction%3Dlightbox%26settings%3DeyJpZCI6ODEwOTAsInVybCI6Imh0dHBzOlwvXC93d3cubGljaGVuLnBsXC93cC1jb250ZW50XC91cGxvYWRzXC8yMDI1XC8wM1wvT2JjaG9keS1EbmlhLU9zb2Itei1aZXNwb2xlbS1Eb3duYS0zLmpwZyIsInNsaWRlc2hvdyI6Ijg0Yjk3ZGIifQ%3D%3D\" href='https:\/\/www.lichen.pl\/wp-content\/uploads\/2025\/03\/Obchody-Dnia-Osob-z-Zespolem-Downa-3.jpg'><img loading=\"lazy\" width=\"300\" height=\"200\" src=\"https:\/\/www.lichen.pl\/wp-content\/uploads\/2025\/03\/Obchody-Dnia-Osob-z-Zespolem-Downa-3-300x200.jpg\" class=\"attachment-medium size-medium\" alt=\"\" decoding=\"async\" srcset=\"https:\/\/www.lichen.pl\/wp-content\/uploads\/2025\/03\/Obchody-Dnia-Osob-z-Zespolem-Downa-3-300x200.jpg 300w, https:\/\/www.lichen.pl\/wp-content\/uploads\/2025\/03\/Obchody-Dnia-Osob-z-Zespolem-Downa-3-1024x683.jpg 1024w, https:\/\/www.lichen.pl\/wp-content\/uploads\/2025\/03\/Obchody-Dnia-Osob-z-Zespolem-Downa-3-768x512.jpg 768w, https:\/\/www.lichen.pl\/wp-content\/uploads\/2025\/03\/Obchody-Dnia-Osob-z-Zespolem-Downa-3-1536x1024.jpg 1536w, https:\/\/www.lichen.pl\/wp-content\/uploads\/2025\/03\/Obchody-Dnia-Osob-z-Zespolem-Downa-3-2048x1365.jpg 2048w, https:\/\/www.lichen.pl\/wp-content\/uploads\/2025\/03\/Obchody-Dnia-Osob-z-Zespolem-Downa-3-18x12.jpg 18w, https:\/\/www.lichen.pl\/wp-content\/uploads\/2025\/03\/Obchody-Dnia-Osob-z-Zespolem-Downa-3-800x533.jpg 800w, https:\/\/www.lichen.pl\/wp-content\/uploads\/2025\/03\/Obchody-Dnia-Osob-z-Zespolem-Downa-3.jpg 1920w\" sizes=\"(max-width: 300px) 100vw, 300px\" \/><\/a>\n\t\t\t<\/div><\/figure><figure class='gallery-item'>\n\t\t\t<div class='gallery-icon landscape'>\n\t\t\t\t<a data-elementor-open-lightbox=\"yes\" data-elementor-lightbox-slideshow=\"84b97db\" data-elementor-lightbox-title=\"Obchody Dnia Os\u00f3b z Zespo\u0142em Downa (4)\" data-e-action-hash=\"#elementor-action%3Aaction%3Dlightbox%26settings%3DeyJpZCI6ODEwOTEsInVybCI6Imh0dHBzOlwvXC93d3cubGljaGVuLnBsXC93cC1jb250ZW50XC91cGxvYWRzXC8yMDI1XC8wM1wvT2JjaG9keS1EbmlhLU9zb2Itei1aZXNwb2xlbS1Eb3duYS00LmpwZyIsInNsaWRlc2hvdyI6Ijg0Yjk3ZGIifQ%3D%3D\" href='https:\/\/www.lichen.pl\/wp-content\/uploads\/2025\/03\/Obchody-Dnia-Osob-z-Zespolem-Downa-4.jpg'><img loading=\"lazy\" width=\"300\" height=\"200\" src=\"https:\/\/www.lichen.pl\/wp-content\/uploads\/2025\/03\/Obchody-Dnia-Osob-z-Zespolem-Downa-4-300x200.jpg\" class=\"attachment-medium size-medium\" alt=\"\" decoding=\"async\" srcset=\"https:\/\/www.lichen.pl\/wp-content\/uploads\/2025\/03\/Obchody-Dnia-Osob-z-Zespolem-Downa-4-300x200.jpg 300w, https:\/\/www.lichen.pl\/wp-content\/uploads\/2025\/03\/Obchody-Dnia-Osob-z-Zespolem-Downa-4-1024x683.jpg 1024w, https:\/\/www.lichen.pl\/wp-content\/uploads\/2025\/03\/Obchody-Dnia-Osob-z-Zespolem-Downa-4-768x512.jpg 768w, https:\/\/www.lichen.pl\/wp-content\/uploads\/2025\/03\/Obchody-Dnia-Osob-z-Zespolem-Downa-4-1536x1024.jpg 1536w, https:\/\/www.lichen.pl\/wp-content\/uploads\/2025\/03\/Obchody-Dnia-Osob-z-Zespolem-Downa-4-2048x1365.jpg 2048w, https:\/\/www.lichen.pl\/wp-content\/uploads\/2025\/03\/Obchody-Dnia-Osob-z-Zespolem-Downa-4-18x12.jpg 18w, https:\/\/www.lichen.pl\/wp-content\/uploads\/2025\/03\/Obchody-Dnia-Osob-z-Zespolem-Downa-4-800x533.jpg 800w\" sizes=\"(max-width: 300px) 100vw, 300px\" \/><\/a>\n\t\t\t<\/div><\/figure><figure class='gallery-item'>\n\t\t\t<div class='gallery-icon landscape'>\n\t\t\t\t<a data-elementor-open-lightbox=\"yes\" data-elementor-lightbox-slideshow=\"84b97db\" data-elementor-lightbox-title=\"Obchody Dnia Os\u00f3b z Zespo\u0142em Downa (6)\" data-e-action-hash=\"#elementor-action%3Aaction%3Dlightbox%26settings%3DeyJpZCI6ODEwOTMsInVybCI6Imh0dHBzOlwvXC93d3cubGljaGVuLnBsXC93cC1jb250ZW50XC91cGxvYWRzXC8yMDI1XC8wM1wvT2JjaG9keS1EbmlhLU9zb2Itei1aZXNwb2xlbS1Eb3duYS02LmpwZyIsInNsaWRlc2hvdyI6Ijg0Yjk3ZGIifQ%3D%3D\" href='https:\/\/www.lichen.pl\/wp-content\/uploads\/2025\/03\/Obchody-Dnia-Osob-z-Zespolem-Downa-6.jpg'><img loading=\"lazy\" width=\"300\" height=\"200\" src=\"https:\/\/www.lichen.pl\/wp-content\/uploads\/2025\/03\/Obchody-Dnia-Osob-z-Zespolem-Downa-6-300x200.jpg\" class=\"attachment-medium size-medium\" alt=\"\" decoding=\"async\" srcset=\"https:\/\/www.lichen.pl\/wp-content\/uploads\/2025\/03\/Obchody-Dnia-Osob-z-Zespolem-Downa-6-300x200.jpg 300w, https:\/\/www.lichen.pl\/wp-content\/uploads\/2025\/03\/Obchody-Dnia-Osob-z-Zespolem-Downa-6-1024x683.jpg 1024w, https:\/\/www.lichen.pl\/wp-content\/uploads\/2025\/03\/Obchody-Dnia-Osob-z-Zespolem-Downa-6-768x512.jpg 768w, https:\/\/www.lichen.pl\/wp-content\/uploads\/2025\/03\/Obchody-Dnia-Osob-z-Zespolem-Downa-6-1536x1024.jpg 1536w, https:\/\/www.lichen.pl\/wp-content\/uploads\/2025\/03\/Obchody-Dnia-Osob-z-Zespolem-Downa-6-2048x1365.jpg 2048w, https:\/\/www.lichen.pl\/wp-content\/uploads\/2025\/03\/Obchody-Dnia-Osob-z-Zespolem-Downa-6-18x12.jpg 18w, https:\/\/www.lichen.pl\/wp-content\/uploads\/2025\/03\/Obchody-Dnia-Osob-z-Zespolem-Downa-6-800x533.jpg 800w, https:\/\/www.lichen.pl\/wp-content\/uploads\/2025\/03\/Obchody-Dnia-Osob-z-Zespolem-Downa-6.jpg 1920w\" sizes=\"(max-width: 300px) 100vw, 300px\" \/><\/a>\n\t\t\t<\/div><\/figure><figure class='gallery-item'>\n\t\t\t<div class='gallery-icon landscape'>\n\t\t\t\t<a data-elementor-open-lightbox=\"yes\" data-elementor-lightbox-slideshow=\"84b97db\" data-elementor-lightbox-title=\"Obchody Dnia Os\u00f3b z Zespo\u0142em Downa (7)\" data-e-action-hash=\"#elementor-action%3Aaction%3Dlightbox%26settings%3DeyJpZCI6ODEwOTQsInVybCI6Imh0dHBzOlwvXC93d3cubGljaGVuLnBsXC93cC1jb250ZW50XC91cGxvYWRzXC8yMDI1XC8wM1wvT2JjaG9keS1EbmlhLU9zb2Itei1aZXNwb2xlbS1Eb3duYS03LmpwZyIsInNsaWRlc2hvdyI6Ijg0Yjk3ZGIifQ%3D%3D\" href='https:\/\/www.lichen.pl\/wp-content\/uploads\/2025\/03\/Obchody-Dnia-Osob-z-Zespolem-Downa-7.jpg'><img loading=\"lazy\" width=\"300\" height=\"200\" src=\"https:\/\/www.lichen.pl\/wp-content\/uploads\/2025\/03\/Obchody-Dnia-Osob-z-Zespolem-Downa-7-300x200.jpg\" class=\"attachment-medium size-medium\" alt=\"\" decoding=\"async\" srcset=\"https:\/\/www.lichen.pl\/wp-content\/uploads\/2025\/03\/Obchody-Dnia-Osob-z-Zespolem-Downa-7-300x200.jpg 300w, https:\/\/www.lichen.pl\/wp-content\/uploads\/2025\/03\/Obchody-Dnia-Osob-z-Zespolem-Downa-7-1024x683.jpg 1024w, https:\/\/www.lichen.pl\/wp-content\/uploads\/2025\/03\/Obchody-Dnia-Osob-z-Zespolem-Downa-7-768x512.jpg 768w, https:\/\/www.lichen.pl\/wp-content\/uploads\/2025\/03\/Obchody-Dnia-Osob-z-Zespolem-Downa-7-1536x1024.jpg 1536w, https:\/\/www.lichen.pl\/wp-content\/uploads\/2025\/03\/Obchody-Dnia-Osob-z-Zespolem-Downa-7-2048x1365.jpg 2048w, https:\/\/www.lichen.pl\/wp-content\/uploads\/2025\/03\/Obchody-Dnia-Osob-z-Zespolem-Downa-7-18x12.jpg 18w, https:\/\/www.lichen.pl\/wp-content\/uploads\/2025\/03\/Obchody-Dnia-Osob-z-Zespolem-Downa-7-800x533.jpg 800w\" sizes=\"(max-width: 300px) 100vw, 300px\" \/><\/a>\n\t\t\t<\/div><\/figure><figure class='gallery-item'>\n\t\t\t<div class='gallery-icon landscape'>\n\t\t\t\t<a data-elementor-open-lightbox=\"yes\" data-elementor-lightbox-slideshow=\"84b97db\" data-elementor-lightbox-title=\"Obchody Dnia Os\u00f3b z Zespo\u0142em Downa (8)\" data-e-action-hash=\"#elementor-action%3Aaction%3Dlightbox%26settings%3DeyJpZCI6ODEwOTUsInVybCI6Imh0dHBzOlwvXC93d3cubGljaGVuLnBsXC93cC1jb250ZW50XC91cGxvYWRzXC8yMDI1XC8wM1wvT2JjaG9keS1EbmlhLU9zb2Itei1aZXNwb2xlbS1Eb3duYS04LmpwZyIsInNsaWRlc2hvdyI6Ijg0Yjk3ZGIifQ%3D%3D\" href='https:\/\/www.lichen.pl\/wp-content\/uploads\/2025\/03\/Obchody-Dnia-Osob-z-Zespolem-Downa-8.jpg'><img loading=\"lazy\" width=\"300\" height=\"200\" src=\"https:\/\/www.lichen.pl\/wp-content\/uploads\/2025\/03\/Obchody-Dnia-Osob-z-Zespolem-Downa-8-300x200.jpg\" class=\"attachment-medium size-medium\" alt=\"\" decoding=\"async\" srcset=\"https:\/\/www.lichen.pl\/wp-content\/uploads\/2025\/03\/Obchody-Dnia-Osob-z-Zespolem-Downa-8-300x200.jpg 300w, https:\/\/www.lichen.pl\/wp-content\/uploads\/2025\/03\/Obchody-Dnia-Osob-z-Zespolem-Downa-8-1024x683.jpg 1024w, https:\/\/www.lichen.pl\/wp-content\/uploads\/2025\/03\/Obchody-Dnia-Osob-z-Zespolem-Downa-8-768x512.jpg 768w, https:\/\/www.lichen.pl\/wp-content\/uploads\/2025\/03\/Obchody-Dnia-Osob-z-Zespolem-Downa-8-1536x1024.jpg 1536w, https:\/\/www.lichen.pl\/wp-content\/uploads\/2025\/03\/Obchody-Dnia-Osob-z-Zespolem-Downa-8-2048x1365.jpg 2048w, https:\/\/www.lichen.pl\/wp-content\/uploads\/2025\/03\/Obchody-Dnia-Osob-z-Zespolem-Downa-8-18x12.jpg 18w, https:\/\/www.lichen.pl\/wp-content\/uploads\/2025\/03\/Obchody-Dnia-Osob-z-Zespolem-Downa-8-800x533.jpg 800w\" sizes=\"(max-width: 300px) 100vw, 300px\" \/><\/a>\n\t\t\t<\/div><\/figure><figure class='gallery-item'>\n\t\t\t<div class='gallery-icon landscape'>\n\t\t\t\t<a data-elementor-open-lightbox=\"yes\" data-elementor-lightbox-slideshow=\"84b97db\" data-elementor-lightbox-title=\"Obchody Dnia Os\u00f3b z Zespo\u0142em Downa (9)\" data-e-action-hash=\"#elementor-action%3Aaction%3Dlightbox%26settings%3DeyJpZCI6ODEwOTYsInVybCI6Imh0dHBzOlwvXC93d3cubGljaGVuLnBsXC93cC1jb250ZW50XC91cGxvYWRzXC8yMDI1XC8wM1wvT2JjaG9keS1EbmlhLU9zb2Itei1aZXNwb2xlbS1Eb3duYS05LmpwZyIsInNsaWRlc2hvdyI6Ijg0Yjk3ZGIifQ%3D%3D\" href='https:\/\/www.lichen.pl\/wp-content\/uploads\/2025\/03\/Obchody-Dnia-Osob-z-Zespolem-Downa-9.jpg'><img loading=\"lazy\" width=\"300\" height=\"200\" src=\"https:\/\/www.lichen.pl\/wp-content\/uploads\/2025\/03\/Obchody-Dnia-Osob-z-Zespolem-Downa-9-300x200.jpg\" class=\"attachment-medium size-medium\" alt=\"\" decoding=\"async\" srcset=\"https:\/\/www.lichen.pl\/wp-content\/uploads\/2025\/03\/Obchody-Dnia-Osob-z-Zespolem-Downa-9-300x200.jpg 300w, https:\/\/www.lichen.pl\/wp-content\/uploads\/2025\/03\/Obchody-Dnia-Osob-z-Zespolem-Downa-9-1024x683.jpg 1024w, https:\/\/www.lichen.pl\/wp-content\/uploads\/2025\/03\/Obchody-Dnia-Osob-z-Zespolem-Downa-9-768x512.jpg 768w, https:\/\/www.lichen.pl\/wp-content\/uploads\/2025\/03\/Obchody-Dnia-Osob-z-Zespolem-Downa-9-1536x1024.jpg 1536w, https:\/\/www.lichen.pl\/wp-content\/uploads\/2025\/03\/Obchody-Dnia-Osob-z-Zespolem-Downa-9-2048x1365.jpg 2048w, https:\/\/www.lichen.pl\/wp-content\/uploads\/2025\/03\/Obchody-Dnia-Osob-z-Zespolem-Downa-9-18x12.jpg 18w, https:\/\/www.lichen.pl\/wp-content\/uploads\/2025\/03\/Obchody-Dnia-Osob-z-Zespolem-Downa-9-800x533.jpg 800w, https:\/\/www.lichen.pl\/wp-content\/uploads\/2025\/03\/Obchody-Dnia-Osob-z-Zespolem-Downa-9.jpg 1920w\" sizes=\"(max-width: 300px) 100vw, 300px\" \/><\/a>\n\t\t\t<\/div><\/figure><figure class='gallery-item'>\n\t\t\t<div class='gallery-icon landscape'>\n\t\t\t\t<a data-elementor-open-lightbox=\"yes\" data-elementor-lightbox-slideshow=\"84b97db\" data-elementor-lightbox-title=\"Obchody Dnia Os\u00f3b z Zespo\u0142em Downa (10)\" data-e-action-hash=\"#elementor-action%3Aaction%3Dlightbox%26settings%3DeyJpZCI6ODEwOTcsInVybCI6Imh0dHBzOlwvXC93d3cubGljaGVuLnBsXC93cC1jb250ZW50XC91cGxvYWRzXC8yMDI1XC8wM1wvT2JjaG9keS1EbmlhLU9zb2Itei1aZXNwb2xlbS1Eb3duYS0xMC5qcGciLCJzbGlkZXNob3ciOiI4NGI5N2RiIn0%3D\" href='https:\/\/www.lichen.pl\/wp-content\/uploads\/2025\/03\/Obchody-Dnia-Osob-z-Zespolem-Downa-10.jpg'><img loading=\"lazy\" width=\"300\" height=\"200\" src=\"https:\/\/www.lichen.pl\/wp-content\/uploads\/2025\/03\/Obchody-Dnia-Osob-z-Zespolem-Downa-10-300x200.jpg\" class=\"attachment-medium size-medium\" alt=\"\" decoding=\"async\" srcset=\"https:\/\/www.lichen.pl\/wp-content\/uploads\/2025\/03\/Obchody-Dnia-Osob-z-Zespolem-Downa-10-300x200.jpg 300w, https:\/\/www.lichen.pl\/wp-content\/uploads\/2025\/03\/Obchody-Dnia-Osob-z-Zespolem-Downa-10-1024x683.jpg 1024w, https:\/\/www.lichen.pl\/wp-content\/uploads\/2025\/03\/Obchody-Dnia-Osob-z-Zespolem-Downa-10-768x512.jpg 768w, https:\/\/www.lichen.pl\/wp-content\/uploads\/2025\/03\/Obchody-Dnia-Osob-z-Zespolem-Downa-10-1536x1024.jpg 1536w, https:\/\/www.lichen.pl\/wp-content\/uploads\/2025\/03\/Obchody-Dnia-Osob-z-Zespolem-Downa-10-2048x1365.jpg 2048w, https:\/\/www.lichen.pl\/wp-content\/uploads\/2025\/03\/Obchody-Dnia-Osob-z-Zespolem-Downa-10-18x12.jpg 18w, https:\/\/www.lichen.pl\/wp-content\/uploads\/2025\/03\/Obchody-Dnia-Osob-z-Zespolem-Downa-10-800x533.jpg 800w\" sizes=\"(max-width: 300px) 100vw, 300px\" \/><\/a>\n\t\t\t<\/div><\/figure><figure class='gallery-item'>\n\t\t\t<div class='gallery-icon landscape'>\n\t\t\t\t<a data-elementor-open-lightbox=\"yes\" data-elementor-lightbox-slideshow=\"84b97db\" data-elementor-lightbox-title=\"Obchody Dnia Os\u00f3b z Zespo\u0142em Downa (11)\" data-e-action-hash=\"#elementor-action%3Aaction%3Dlightbox%26settings%3DeyJpZCI6ODEwOTgsInVybCI6Imh0dHBzOlwvXC93d3cubGljaGVuLnBsXC93cC1jb250ZW50XC91cGxvYWRzXC8yMDI1XC8wM1wvT2JjaG9keS1EbmlhLU9zb2Itei1aZXNwb2xlbS1Eb3duYS0xMS5qcGciLCJzbGlkZXNob3ciOiI4NGI5N2RiIn0%3D\" href='https:\/\/www.lichen.pl\/wp-content\/uploads\/2025\/03\/Obchody-Dnia-Osob-z-Zespolem-Downa-11.jpg'><img loading=\"lazy\" width=\"300\" height=\"200\" src=\"https:\/\/www.lichen.pl\/wp-content\/uploads\/2025\/03\/Obchody-Dnia-Osob-z-Zespolem-Downa-11-300x200.jpg\" class=\"attachment-medium size-medium\" alt=\"\" decoding=\"async\" srcset=\"https:\/\/www.lichen.pl\/wp-content\/uploads\/2025\/03\/Obchody-Dnia-Osob-z-Zespolem-Downa-11-300x200.jpg 300w, https:\/\/www.lichen.pl\/wp-content\/uploads\/2025\/03\/Obchody-Dnia-Osob-z-Zespolem-Downa-11-1024x683.jpg 1024w, https:\/\/www.lichen.pl\/wp-content\/uploads\/2025\/03\/Obchody-Dnia-Osob-z-Zespolem-Downa-11-768x512.jpg 768w, https:\/\/www.lichen.pl\/wp-content\/uploads\/2025\/03\/Obchody-Dnia-Osob-z-Zespolem-Downa-11-1536x1024.jpg 1536w, https:\/\/www.lichen.pl\/wp-content\/uploads\/2025\/03\/Obchody-Dnia-Osob-z-Zespolem-Downa-11-2048x1365.jpg 2048w, https:\/\/www.lichen.pl\/wp-content\/uploads\/2025\/03\/Obchody-Dnia-Osob-z-Zespolem-Downa-11-18x12.jpg 18w, https:\/\/www.lichen.pl\/wp-content\/uploads\/2025\/03\/Obchody-Dnia-Osob-z-Zespolem-Downa-11-800x533.jpg 800w\" sizes=\"(max-width: 300px) 100vw, 300px\" \/><\/a>\n\t\t\t<\/div><\/figure><figure class='gallery-item'>\n\t\t\t<div class='gallery-icon landscape'>\n\t\t\t\t<a data-elementor-open-lightbox=\"yes\" data-elementor-lightbox-slideshow=\"84b97db\" data-elementor-lightbox-title=\"Obchody Dnia Os\u00f3b z Zespo\u0142em Downa (12)\" data-e-action-hash=\"#elementor-action%3Aaction%3Dlightbox%26settings%3DeyJpZCI6ODEwOTksInVybCI6Imh0dHBzOlwvXC93d3cubGljaGVuLnBsXC93cC1jb250ZW50XC91cGxvYWRzXC8yMDI1XC8wM1wvT2JjaG9keS1EbmlhLU9zb2Itei1aZXNwb2xlbS1Eb3duYS0xMi5qcGciLCJzbGlkZXNob3ciOiI4NGI5N2RiIn0%3D\" href='https:\/\/www.lichen.pl\/wp-content\/uploads\/2025\/03\/Obchody-Dnia-Osob-z-Zespolem-Downa-12.jpg'><img loading=\"lazy\" width=\"300\" height=\"200\" src=\"https:\/\/www.lichen.pl\/wp-content\/uploads\/2025\/03\/Obchody-Dnia-Osob-z-Zespolem-Downa-12-300x200.jpg\" class=\"attachment-medium size-medium\" alt=\"\" decoding=\"async\" srcset=\"https:\/\/www.lichen.pl\/wp-content\/uploads\/2025\/03\/Obchody-Dnia-Osob-z-Zespolem-Downa-12-300x200.jpg 300w, https:\/\/www.lichen.pl\/wp-content\/uploads\/2025\/03\/Obchody-Dnia-Osob-z-Zespolem-Downa-12-1024x683.jpg 1024w, https:\/\/www.lichen.pl\/wp-content\/uploads\/2025\/03\/Obchody-Dnia-Osob-z-Zespolem-Downa-12-768x512.jpg 768w, https:\/\/www.lichen.pl\/wp-content\/uploads\/2025\/03\/Obchody-Dnia-Osob-z-Zespolem-Downa-12-1536x1024.jpg 1536w, https:\/\/www.lichen.pl\/wp-content\/uploads\/2025\/03\/Obchody-Dnia-Osob-z-Zespolem-Downa-12-2048x1365.jpg 2048w, https:\/\/www.lichen.pl\/wp-content\/uploads\/2025\/03\/Obchody-Dnia-Osob-z-Zespolem-Downa-12-18x12.jpg 18w, https:\/\/www.lichen.pl\/wp-content\/uploads\/2025\/03\/Obchody-Dnia-Osob-z-Zespolem-Downa-12-800x533.jpg 800w\" sizes=\"(max-width: 300px) 100vw, 300px\" \/><\/a>\n\t\t\t<\/div><\/figure><figure class='gallery-item'>\n\t\t\t<div class='gallery-icon landscape'>\n\t\t\t\t<a data-elementor-open-lightbox=\"yes\" data-elementor-lightbox-slideshow=\"84b97db\" data-elementor-lightbox-title=\"Obchody Dnia Os\u00f3b z Zespo\u0142em Downa (13)\" data-e-action-hash=\"#elementor-action%3Aaction%3Dlightbox%26settings%3DeyJpZCI6ODExMDAsInVybCI6Imh0dHBzOlwvXC93d3cubGljaGVuLnBsXC93cC1jb250ZW50XC91cGxvYWRzXC8yMDI1XC8wM1wvT2JjaG9keS1EbmlhLU9zb2Itei1aZXNwb2xlbS1Eb3duYS0xMy5qcGciLCJzbGlkZXNob3ciOiI4NGI5N2RiIn0%3D\" href='https:\/\/www.lichen.pl\/wp-content\/uploads\/2025\/03\/Obchody-Dnia-Osob-z-Zespolem-Downa-13.jpg'><img loading=\"lazy\" width=\"300\" height=\"200\" src=\"https:\/\/www.lichen.pl\/wp-content\/uploads\/2025\/03\/Obchody-Dnia-Osob-z-Zespolem-Downa-13-300x200.jpg\" class=\"attachment-medium size-medium\" alt=\"\" decoding=\"async\" srcset=\"https:\/\/www.lichen.pl\/wp-content\/uploads\/2025\/03\/Obchody-Dnia-Osob-z-Zespolem-Downa-13-300x200.jpg 300w, https:\/\/www.lichen.pl\/wp-content\/uploads\/2025\/03\/Obchody-Dnia-Osob-z-Zespolem-Downa-13-1024x683.jpg 1024w, https:\/\/www.lichen.pl\/wp-content\/uploads\/2025\/03\/Obchody-Dnia-Osob-z-Zespolem-Downa-13-768x512.jpg 768w, https:\/\/www.lichen.pl\/wp-content\/uploads\/2025\/03\/Obchody-Dnia-Osob-z-Zespolem-Downa-13-1536x1024.jpg 1536w, https:\/\/www.lichen.pl\/wp-content\/uploads\/2025\/03\/Obchody-Dnia-Osob-z-Zespolem-Downa-13-2048x1365.jpg 2048w, https:\/\/www.lichen.pl\/wp-content\/uploads\/2025\/03\/Obchody-Dnia-Osob-z-Zespolem-Downa-13-18x12.jpg 18w, https:\/\/www.lichen.pl\/wp-content\/uploads\/2025\/03\/Obchody-Dnia-Osob-z-Zespolem-Downa-13-800x533.jpg 800w\" sizes=\"(max-width: 300px) 100vw, 300px\" \/><\/a>\n\t\t\t<\/div><\/figure><figure class='gallery-item'>\n\t\t\t<div class='gallery-icon landscape'>\n\t\t\t\t<a data-elementor-open-lightbox=\"yes\" data-elementor-lightbox-slideshow=\"84b97db\" data-elementor-lightbox-title=\"Obchody Dnia Os\u00f3b z Zespo\u0142em Downa (14)\" data-e-action-hash=\"#elementor-action%3Aaction%3Dlightbox%26settings%3DeyJpZCI6ODExMDEsInVybCI6Imh0dHBzOlwvXC93d3cubGljaGVuLnBsXC93cC1jb250ZW50XC91cGxvYWRzXC8yMDI1XC8wM1wvT2JjaG9keS1EbmlhLU9zb2Itei1aZXNwb2xlbS1Eb3duYS0xNC5qcGciLCJzbGlkZXNob3ciOiI4NGI5N2RiIn0%3D\" href='https:\/\/www.lichen.pl\/wp-content\/uploads\/2025\/03\/Obchody-Dnia-Osob-z-Zespolem-Downa-14.jpg'><img loading=\"lazy\" width=\"300\" height=\"200\" src=\"https:\/\/www.lichen.pl\/wp-content\/uploads\/2025\/03\/Obchody-Dnia-Osob-z-Zespolem-Downa-14-300x200.jpg\" class=\"attachment-medium size-medium\" alt=\"\" decoding=\"async\" srcset=\"https:\/\/www.lichen.pl\/wp-content\/uploads\/2025\/03\/Obchody-Dnia-Osob-z-Zespolem-Downa-14-300x200.jpg 300w, https:\/\/www.lichen.pl\/wp-content\/uploads\/2025\/03\/Obchody-Dnia-Osob-z-Zespolem-Downa-14-1024x683.jpg 1024w, https:\/\/www.lichen.pl\/wp-content\/uploads\/2025\/03\/Obchody-Dnia-Osob-z-Zespolem-Downa-14-768x512.jpg 768w, https:\/\/www.lichen.pl\/wp-content\/uploads\/2025\/03\/Obchody-Dnia-Osob-z-Zespolem-Downa-14-1536x1024.jpg 1536w, https:\/\/www.lichen.pl\/wp-content\/uploads\/2025\/03\/Obchody-Dnia-Osob-z-Zespolem-Downa-14-2048x1365.jpg 2048w, https:\/\/www.lichen.pl\/wp-content\/uploads\/2025\/03\/Obchody-Dnia-Osob-z-Zespolem-Downa-14-18x12.jpg 18w, https:\/\/www.lichen.pl\/wp-content\/uploads\/2025\/03\/Obchody-Dnia-Osob-z-Zespolem-Downa-14-800x533.jpg 800w\" sizes=\"(max-width: 300px) 100vw, 300px\" \/><\/a>\n\t\t\t<\/div><\/figure><figure class='gallery-item'>\n\t\t\t<div class='gallery-icon landscape'>\n\t\t\t\t<a data-elementor-open-lightbox=\"yes\" data-elementor-lightbox-slideshow=\"84b97db\" data-elementor-lightbox-title=\"Obchody Dnia Os\u00f3b z Zespo\u0142em Downa (15)\" data-e-action-hash=\"#elementor-action%3Aaction%3Dlightbox%26settings%3DeyJpZCI6ODExMDIsInVybCI6Imh0dHBzOlwvXC93d3cubGljaGVuLnBsXC93cC1jb250ZW50XC91cGxvYWRzXC8yMDI1XC8wM1wvT2JjaG9keS1EbmlhLU9zb2Itei1aZXNwb2xlbS1Eb3duYS0xNS5qcGciLCJzbGlkZXNob3ciOiI4NGI5N2RiIn0%3D\" href='https:\/\/www.lichen.pl\/wp-content\/uploads\/2025\/03\/Obchody-Dnia-Osob-z-Zespolem-Downa-15.jpg'><img loading=\"lazy\" width=\"300\" height=\"200\" src=\"https:\/\/www.lichen.pl\/wp-content\/uploads\/2025\/03\/Obchody-Dnia-Osob-z-Zespolem-Downa-15-300x200.jpg\" class=\"attachment-medium size-medium\" alt=\"\" decoding=\"async\" srcset=\"https:\/\/www.lichen.pl\/wp-content\/uploads\/2025\/03\/Obchody-Dnia-Osob-z-Zespolem-Downa-15-300x200.jpg 300w, https:\/\/www.lichen.pl\/wp-content\/uploads\/2025\/03\/Obchody-Dnia-Osob-z-Zespolem-Downa-15-1024x683.jpg 1024w, https:\/\/www.lichen.pl\/wp-content\/uploads\/2025\/03\/Obchody-Dnia-Osob-z-Zespolem-Downa-15-768x512.jpg 768w, https:\/\/www.lichen.pl\/wp-content\/uploads\/2025\/03\/Obchody-Dnia-Osob-z-Zespolem-Downa-15-1536x1024.jpg 1536w, https:\/\/www.lichen.pl\/wp-content\/uploads\/2025\/03\/Obchody-Dnia-Osob-z-Zespolem-Downa-15-2048x1365.jpg 2048w, https:\/\/www.lichen.pl\/wp-content\/uploads\/2025\/03\/Obchody-Dnia-Osob-z-Zespolem-Downa-15-18x12.jpg 18w, https:\/\/www.lichen.pl\/wp-content\/uploads\/2025\/03\/Obchody-Dnia-Osob-z-Zespolem-Downa-15-800x533.jpg 800w\" sizes=\"(max-width: 300px) 100vw, 300px\" \/><\/a>\n\t\t\t<\/div><\/figure><figure class='gallery-item'>\n\t\t\t<div class='gallery-icon landscape'>\n\t\t\t\t<a data-elementor-open-lightbox=\"yes\" data-elementor-lightbox-slideshow=\"84b97db\" data-elementor-lightbox-title=\"Obchody Dnia Os\u00f3b z Zespo\u0142em Downa (16)\" data-e-action-hash=\"#elementor-action%3Aaction%3Dlightbox%26settings%3DeyJpZCI6ODExMDMsInVybCI6Imh0dHBzOlwvXC93d3cubGljaGVuLnBsXC93cC1jb250ZW50XC91cGxvYWRzXC8yMDI1XC8wM1wvT2JjaG9keS1EbmlhLU9zb2Itei1aZXNwb2xlbS1Eb3duYS0xNi5qcGciLCJzbGlkZXNob3ciOiI4NGI5N2RiIn0%3D\" href='https:\/\/www.lichen.pl\/wp-content\/uploads\/2025\/03\/Obchody-Dnia-Osob-z-Zespolem-Downa-16.jpg'><img loading=\"lazy\" width=\"300\" height=\"200\" src=\"https:\/\/www.lichen.pl\/wp-content\/uploads\/2025\/03\/Obchody-Dnia-Osob-z-Zespolem-Downa-16-300x200.jpg\" class=\"attachment-medium size-medium\" alt=\"\" decoding=\"async\" srcset=\"https:\/\/www.lichen.pl\/wp-content\/uploads\/2025\/03\/Obchody-Dnia-Osob-z-Zespolem-Downa-16-300x200.jpg 300w, https:\/\/www.lichen.pl\/wp-content\/uploads\/2025\/03\/Obchody-Dnia-Osob-z-Zespolem-Downa-16-1024x683.jpg 1024w, https:\/\/www.lichen.pl\/wp-content\/uploads\/2025\/03\/Obchody-Dnia-Osob-z-Zespolem-Downa-16-768x512.jpg 768w, https:\/\/www.lichen.pl\/wp-content\/uploads\/2025\/03\/Obchody-Dnia-Osob-z-Zespolem-Downa-16-1536x1024.jpg 1536w, https:\/\/www.lichen.pl\/wp-content\/uploads\/2025\/03\/Obchody-Dnia-Osob-z-Zespolem-Downa-16-2048x1365.jpg 2048w, https:\/\/www.lichen.pl\/wp-content\/uploads\/2025\/03\/Obchody-Dnia-Osob-z-Zespolem-Downa-16-18x12.jpg 18w, https:\/\/www.lichen.pl\/wp-content\/uploads\/2025\/03\/Obchody-Dnia-Osob-z-Zespolem-Downa-16-800x533.jpg 800w\" sizes=\"(max-width: 300px) 100vw, 300px\" \/><\/a>\n\t\t\t<\/div><\/figure><figure class='gallery-item'>\n\t\t\t<div class='gallery-icon landscape'>\n\t\t\t\t<a data-elementor-open-lightbox=\"yes\" data-elementor-lightbox-slideshow=\"84b97db\" data-elementor-lightbox-title=\"Obchody Dnia Os\u00f3b z Zespo\u0142em Downa (17)\" data-e-action-hash=\"#elementor-action%3Aaction%3Dlightbox%26settings%3DeyJpZCI6ODExMDQsInVybCI6Imh0dHBzOlwvXC93d3cubGljaGVuLnBsXC93cC1jb250ZW50XC91cGxvYWRzXC8yMDI1XC8wM1wvT2JjaG9keS1EbmlhLU9zb2Itei1aZXNwb2xlbS1Eb3duYS0xNy5qcGciLCJzbGlkZXNob3ciOiI4NGI5N2RiIn0%3D\" href='https:\/\/www.lichen.pl\/wp-content\/uploads\/2025\/03\/Obchody-Dnia-Osob-z-Zespolem-Downa-17.jpg'><img loading=\"lazy\" width=\"300\" height=\"200\" src=\"https:\/\/www.lichen.pl\/wp-content\/uploads\/2025\/03\/Obchody-Dnia-Osob-z-Zespolem-Downa-17-300x200.jpg\" class=\"attachment-medium size-medium\" alt=\"\" decoding=\"async\" srcset=\"https:\/\/www.lichen.pl\/wp-content\/uploads\/2025\/03\/Obchody-Dnia-Osob-z-Zespolem-Downa-17-300x200.jpg 300w, https:\/\/www.lichen.pl\/wp-content\/uploads\/2025\/03\/Obchody-Dnia-Osob-z-Zespolem-Downa-17-1024x683.jpg 1024w, https:\/\/www.lichen.pl\/wp-content\/uploads\/2025\/03\/Obchody-Dnia-Osob-z-Zespolem-Downa-17-768x512.jpg 768w, https:\/\/www.lichen.pl\/wp-content\/uploads\/2025\/03\/Obchody-Dnia-Osob-z-Zespolem-Downa-17-1536x1024.jpg 1536w, https:\/\/www.lichen.pl\/wp-content\/uploads\/2025\/03\/Obchody-Dnia-Osob-z-Zespolem-Downa-17-2048x1365.jpg 2048w, https:\/\/www.lichen.pl\/wp-content\/uploads\/2025\/03\/Obchody-Dnia-Osob-z-Zespolem-Downa-17-18x12.jpg 18w, https:\/\/www.lichen.pl\/wp-content\/uploads\/2025\/03\/Obchody-Dnia-Osob-z-Zespolem-Downa-17-800x533.jpg 800w\" sizes=\"(max-width: 300px) 100vw, 300px\" \/><\/a>\n\t\t\t<\/div><\/figure><figure class='gallery-item'>\n\t\t\t<div class='gallery-icon landscape'>\n\t\t\t\t<a data-elementor-open-lightbox=\"yes\" data-elementor-lightbox-slideshow=\"84b97db\" data-elementor-lightbox-title=\"Obchody Dnia Os\u00f3b z Zespo\u0142em Downa (18)\" data-e-action-hash=\"#elementor-action%3Aaction%3Dlightbox%26settings%3DeyJpZCI6ODExMDUsInVybCI6Imh0dHBzOlwvXC93d3cubGljaGVuLnBsXC93cC1jb250ZW50XC91cGxvYWRzXC8yMDI1XC8wM1wvT2JjaG9keS1EbmlhLU9zb2Itei1aZXNwb2xlbS1Eb3duYS0xOC5qcGciLCJzbGlkZXNob3ciOiI4NGI5N2RiIn0%3D\" href='https:\/\/www.lichen.pl\/wp-content\/uploads\/2025\/03\/Obchody-Dnia-Osob-z-Zespolem-Downa-18.jpg'><img loading=\"lazy\" width=\"300\" height=\"200\" src=\"https:\/\/www.lichen.pl\/wp-content\/uploads\/2025\/03\/Obchody-Dnia-Osob-z-Zespolem-Downa-18-300x200.jpg\" class=\"attachment-medium size-medium\" alt=\"\" decoding=\"async\" srcset=\"https:\/\/www.lichen.pl\/wp-content\/uploads\/2025\/03\/Obchody-Dnia-Osob-z-Zespolem-Downa-18-300x200.jpg 300w, https:\/\/www.lichen.pl\/wp-content\/uploads\/2025\/03\/Obchody-Dnia-Osob-z-Zespolem-Downa-18-1024x683.jpg 1024w, https:\/\/www.lichen.pl\/wp-content\/uploads\/2025\/03\/Obchody-Dnia-Osob-z-Zespolem-Downa-18-768x512.jpg 768w, https:\/\/www.lichen.pl\/wp-content\/uploads\/2025\/03\/Obchody-Dnia-Osob-z-Zespolem-Downa-18-1536x1024.jpg 1536w, https:\/\/www.lichen.pl\/wp-content\/uploads\/2025\/03\/Obchody-Dnia-Osob-z-Zespolem-Downa-18-2048x1365.jpg 2048w, https:\/\/www.lichen.pl\/wp-content\/uploads\/2025\/03\/Obchody-Dnia-Osob-z-Zespolem-Downa-18-18x12.jpg 18w, https:\/\/www.lichen.pl\/wp-content\/uploads\/2025\/03\/Obchody-Dnia-Osob-z-Zespolem-Downa-18-800x533.jpg 800w, https:\/\/www.lichen.pl\/wp-content\/uploads\/2025\/03\/Obchody-Dnia-Osob-z-Zespolem-Downa-18.jpg 1920w\" sizes=\"(max-width: 300px) 100vw, 300px\" \/><\/a>\n\t\t\t<\/div><\/figure><figure class='gallery-item'>\n\t\t\t<div class='gallery-icon landscape'>\n\t\t\t\t<a data-elementor-open-lightbox=\"yes\" data-elementor-lightbox-slideshow=\"84b97db\" data-elementor-lightbox-title=\"Obchody Dnia Os\u00f3b z Zespo\u0142em Downa (19)\" data-e-action-hash=\"#elementor-action%3Aaction%3Dlightbox%26settings%3DeyJpZCI6ODExMDYsInVybCI6Imh0dHBzOlwvXC93d3cubGljaGVuLnBsXC93cC1jb250ZW50XC91cGxvYWRzXC8yMDI1XC8wM1wvT2JjaG9keS1EbmlhLU9zb2Itei1aZXNwb2xlbS1Eb3duYS0xOS5qcGciLCJzbGlkZXNob3ciOiI4NGI5N2RiIn0%3D\" href='https:\/\/www.lichen.pl\/wp-content\/uploads\/2025\/03\/Obchody-Dnia-Osob-z-Zespolem-Downa-19.jpg'><img loading=\"lazy\" width=\"300\" height=\"200\" src=\"https:\/\/www.lichen.pl\/wp-content\/uploads\/2025\/03\/Obchody-Dnia-Osob-z-Zespolem-Downa-19-300x200.jpg\" class=\"attachment-medium size-medium\" alt=\"\" decoding=\"async\" srcset=\"https:\/\/www.lichen.pl\/wp-content\/uploads\/2025\/03\/Obchody-Dnia-Osob-z-Zespolem-Downa-19-300x200.jpg 300w, https:\/\/www.lichen.pl\/wp-content\/uploads\/2025\/03\/Obchody-Dnia-Osob-z-Zespolem-Downa-19-1024x683.jpg 1024w, https:\/\/www.lichen.pl\/wp-content\/uploads\/2025\/03\/Obchody-Dnia-Osob-z-Zespolem-Downa-19-768x512.jpg 768w, https:\/\/www.lichen.pl\/wp-content\/uploads\/2025\/03\/Obchody-Dnia-Osob-z-Zespolem-Downa-19-1536x1024.jpg 1536w, https:\/\/www.lichen.pl\/wp-content\/uploads\/2025\/03\/Obchody-Dnia-Osob-z-Zespolem-Downa-19-2048x1365.jpg 2048w, https:\/\/www.lichen.pl\/wp-content\/uploads\/2025\/03\/Obchody-Dnia-Osob-z-Zespolem-Downa-19-18x12.jpg 18w, https:\/\/www.lichen.pl\/wp-content\/uploads\/2025\/03\/Obchody-Dnia-Osob-z-Zespolem-Downa-19-800x533.jpg 800w\" sizes=\"(max-width: 300px) 100vw, 300px\" \/><\/a>\n\t\t\t<\/div><\/figure><figure class='gallery-item'>\n\t\t\t<div class='gallery-icon landscape'>\n\t\t\t\t<a data-elementor-open-lightbox=\"yes\" data-elementor-lightbox-slideshow=\"84b97db\" data-elementor-lightbox-title=\"Obchody Dnia Os\u00f3b z Zespo\u0142em Downa (20)\" data-e-action-hash=\"#elementor-action%3Aaction%3Dlightbox%26settings%3DeyJpZCI6ODExMDcsInVybCI6Imh0dHBzOlwvXC93d3cubGljaGVuLnBsXC93cC1jb250ZW50XC91cGxvYWRzXC8yMDI1XC8wM1wvT2JjaG9keS1EbmlhLU9zb2Itei1aZXNwb2xlbS1Eb3duYS0yMC5qcGciLCJzbGlkZXNob3ciOiI4NGI5N2RiIn0%3D\" href='https:\/\/www.lichen.pl\/wp-content\/uploads\/2025\/03\/Obchody-Dnia-Osob-z-Zespolem-Downa-20.jpg'><img loading=\"lazy\" width=\"300\" height=\"200\" src=\"https:\/\/www.lichen.pl\/wp-content\/uploads\/2025\/03\/Obchody-Dnia-Osob-z-Zespolem-Downa-20-300x200.jpg\" class=\"attachment-medium size-medium\" alt=\"\" decoding=\"async\" srcset=\"https:\/\/www.lichen.pl\/wp-content\/uploads\/2025\/03\/Obchody-Dnia-Osob-z-Zespolem-Downa-20-300x200.jpg 300w, https:\/\/www.lichen.pl\/wp-content\/uploads\/2025\/03\/Obchody-Dnia-Osob-z-Zespolem-Downa-20-1024x683.jpg 1024w, https:\/\/www.lichen.pl\/wp-content\/uploads\/2025\/03\/Obchody-Dnia-Osob-z-Zespolem-Downa-20-768x512.jpg 768w, https:\/\/www.lichen.pl\/wp-content\/uploads\/2025\/03\/Obchody-Dnia-Osob-z-Zespolem-Downa-20-1536x1024.jpg 1536w, https:\/\/www.lichen.pl\/wp-content\/uploads\/2025\/03\/Obchody-Dnia-Osob-z-Zespolem-Downa-20-2048x1365.jpg 2048w, https:\/\/www.lichen.pl\/wp-content\/uploads\/2025\/03\/Obchody-Dnia-Osob-z-Zespolem-Downa-20-18x12.jpg 18w, https:\/\/www.lichen.pl\/wp-content\/uploads\/2025\/03\/Obchody-Dnia-Osob-z-Zespolem-Downa-20-800x533.jpg 800w\" sizes=\"(max-width: 300px) 100vw, 300px\" \/><\/a>\n\t\t\t<\/div><\/figure><figure class='gallery-item'>\n\t\t\t<div class='gallery-icon landscape'>\n\t\t\t\t<a data-elementor-open-lightbox=\"yes\" data-elementor-lightbox-slideshow=\"84b97db\" data-elementor-lightbox-title=\"Obchody Dnia Os\u00f3b z Zespo\u0142em Downa (21)\" data-e-action-hash=\"#elementor-action%3Aaction%3Dlightbox%26settings%3DeyJpZCI6ODExMDgsInVybCI6Imh0dHBzOlwvXC93d3cubGljaGVuLnBsXC93cC1jb250ZW50XC91cGxvYWRzXC8yMDI1XC8wM1wvT2JjaG9keS1EbmlhLU9zb2Itei1aZXNwb2xlbS1Eb3duYS0yMS5qcGciLCJzbGlkZXNob3ciOiI4NGI5N2RiIn0%3D\" href='https:\/\/www.lichen.pl\/wp-content\/uploads\/2025\/03\/Obchody-Dnia-Osob-z-Zespolem-Downa-21.jpg'><img loading=\"lazy\" width=\"300\" height=\"200\" src=\"https:\/\/www.lichen.pl\/wp-content\/uploads\/2025\/03\/Obchody-Dnia-Osob-z-Zespolem-Downa-21-300x200.jpg\" class=\"attachment-medium size-medium\" alt=\"\" decoding=\"async\" srcset=\"https:\/\/www.lichen.pl\/wp-content\/uploads\/2025\/03\/Obchody-Dnia-Osob-z-Zespolem-Downa-21-300x200.jpg 300w, https:\/\/www.lichen.pl\/wp-content\/uploads\/2025\/03\/Obchody-Dnia-Osob-z-Zespolem-Downa-21-1024x683.jpg 1024w, https:\/\/www.lichen.pl\/wp-content\/uploads\/2025\/03\/Obchody-Dnia-Osob-z-Zespolem-Downa-21-768x512.jpg 768w, https:\/\/www.lichen.pl\/wp-content\/uploads\/2025\/03\/Obchody-Dnia-Osob-z-Zespolem-Downa-21-1536x1024.jpg 1536w, https:\/\/www.lichen.pl\/wp-content\/uploads\/2025\/03\/Obchody-Dnia-Osob-z-Zespolem-Downa-21-2048x1365.jpg 2048w, https:\/\/www.lichen.pl\/wp-content\/uploads\/2025\/03\/Obchody-Dnia-Osob-z-Zespolem-Downa-21-18x12.jpg 18w, https:\/\/www.lichen.pl\/wp-content\/uploads\/2025\/03\/Obchody-Dnia-Osob-z-Zespolem-Downa-21-800x533.jpg 800w\" sizes=\"(max-width: 300px) 100vw, 300px\" \/><\/a>\n\t\t\t<\/div><\/figure><figure class='gallery-item'>\n\t\t\t<div class='gallery-icon landscape'>\n\t\t\t\t<a data-elementor-open-lightbox=\"yes\" data-elementor-lightbox-slideshow=\"84b97db\" data-elementor-lightbox-title=\"IMG_287Obchody Dnia Os\u00f3b z Zespo\u0142em Downa (21,5)5-Poprawione-Szum\" data-e-action-hash=\"#elementor-action%3Aaction%3Dlightbox%26settings%3DeyJpZCI6ODExMzYsInVybCI6Imh0dHBzOlwvXC93d3cubGljaGVuLnBsXC93cC1jb250ZW50XC91cGxvYWRzXC8yMDI1XC8wM1wvSU1HXzI4NzUtUG9wcmF3aW9uZS1TenVtLmpwZyIsInNsaWRlc2hvdyI6Ijg0Yjk3ZGIifQ%3D%3D\" href='https:\/\/www.lichen.pl\/wp-content\/uploads\/2025\/03\/IMG_2875-Poprawione-Szum.jpg'><img loading=\"lazy\" width=\"300\" height=\"200\" src=\"https:\/\/www.lichen.pl\/wp-content\/uploads\/2025\/03\/IMG_2875-Poprawione-Szum-300x200.jpg\" class=\"attachment-medium size-medium\" alt=\"\" decoding=\"async\" srcset=\"https:\/\/www.lichen.pl\/wp-content\/uploads\/2025\/03\/IMG_2875-Poprawione-Szum-300x200.jpg 300w, https:\/\/www.lichen.pl\/wp-content\/uploads\/2025\/03\/IMG_2875-Poprawione-Szum-1024x683.jpg 1024w, https:\/\/www.lichen.pl\/wp-content\/uploads\/2025\/03\/IMG_2875-Poprawione-Szum-768x512.jpg 768w, https:\/\/www.lichen.pl\/wp-content\/uploads\/2025\/03\/IMG_2875-Poprawione-Szum-1536x1024.jpg 1536w, https:\/\/www.lichen.pl\/wp-content\/uploads\/2025\/03\/IMG_2875-Poprawione-Szum-2048x1365.jpg 2048w, https:\/\/www.lichen.pl\/wp-content\/uploads\/2025\/03\/IMG_2875-Poprawione-Szum-18x12.jpg 18w, https:\/\/www.lichen.pl\/wp-content\/uploads\/2025\/03\/IMG_2875-Poprawione-Szum-800x533.jpg 800w, https:\/\/www.lichen.pl\/wp-content\/uploads\/2025\/03\/IMG_2875-Poprawione-Szum.jpg 1920w\" sizes=\"(max-width: 300px) 100vw, 300px\" \/><\/a>\n\t\t\t<\/div><\/figure><figure class='gallery-item'>\n\t\t\t<div class='gallery-icon landscape'>\n\t\t\t\t<a data-elementor-open-lightbox=\"yes\" data-elementor-lightbox-slideshow=\"84b97db\" data-elementor-lightbox-title=\"Obchody Dnia Os\u00f3b z Zespo\u0142em Downa (22)\" data-e-action-hash=\"#elementor-action%3Aaction%3Dlightbox%26settings%3DeyJpZCI6ODExMDksInVybCI6Imh0dHBzOlwvXC93d3cubGljaGVuLnBsXC93cC1jb250ZW50XC91cGxvYWRzXC8yMDI1XC8wM1wvT2JjaG9keS1EbmlhLU9zb2Itei1aZXNwb2xlbS1Eb3duYS0yMi5qcGciLCJzbGlkZXNob3ciOiI4NGI5N2RiIn0%3D\" href='https:\/\/www.lichen.pl\/wp-content\/uploads\/2025\/03\/Obchody-Dnia-Osob-z-Zespolem-Downa-22.jpg'><img loading=\"lazy\" width=\"300\" height=\"200\" src=\"https:\/\/www.lichen.pl\/wp-content\/uploads\/2025\/03\/Obchody-Dnia-Osob-z-Zespolem-Downa-22-300x200.jpg\" class=\"attachment-medium size-medium\" alt=\"\" decoding=\"async\" srcset=\"https:\/\/www.lichen.pl\/wp-content\/uploads\/2025\/03\/Obchody-Dnia-Osob-z-Zespolem-Downa-22-300x200.jpg 300w, https:\/\/www.lichen.pl\/wp-content\/uploads\/2025\/03\/Obchody-Dnia-Osob-z-Zespolem-Downa-22-1024x683.jpg 1024w, https:\/\/www.lichen.pl\/wp-content\/uploads\/2025\/03\/Obchody-Dnia-Osob-z-Zespolem-Downa-22-768x512.jpg 768w, https:\/\/www.lichen.pl\/wp-content\/uploads\/2025\/03\/Obchody-Dnia-Osob-z-Zespolem-Downa-22-1536x1024.jpg 1536w, https:\/\/www.lichen.pl\/wp-content\/uploads\/2025\/03\/Obchody-Dnia-Osob-z-Zespolem-Downa-22-2048x1365.jpg 2048w, https:\/\/www.lichen.pl\/wp-content\/uploads\/2025\/03\/Obchody-Dnia-Osob-z-Zespolem-Downa-22-18x12.jpg 18w, https:\/\/www.lichen.pl\/wp-content\/uploads\/2025\/03\/Obchody-Dnia-Osob-z-Zespolem-Downa-22-800x533.jpg 800w, https:\/\/www.lichen.pl\/wp-content\/uploads\/2025\/03\/Obchody-Dnia-Osob-z-Zespolem-Downa-22.jpg 1920w\" sizes=\"(max-width: 300px) 100vw, 300px\" \/><\/a>\n\t\t\t<\/div><\/figure><figure class='gallery-item'>\n\t\t\t<div class='gallery-icon landscape'>\n\t\t\t\t<a data-elementor-open-lightbox=\"yes\" data-elementor-lightbox-slideshow=\"84b97db\" data-elementor-lightbox-title=\"Obchody Dnia Os\u00f3b z Zespo\u0142em Downa (23)\" data-e-action-hash=\"#elementor-action%3Aaction%3Dlightbox%26settings%3DeyJpZCI6ODExMTAsInVybCI6Imh0dHBzOlwvXC93d3cubGljaGVuLnBsXC93cC1jb250ZW50XC91cGxvYWRzXC8yMDI1XC8wM1wvT2JjaG9keS1EbmlhLU9zb2Itei1aZXNwb2xlbS1Eb3duYS0yMy5qcGciLCJzbGlkZXNob3ciOiI4NGI5N2RiIn0%3D\" href='https:\/\/www.lichen.pl\/wp-content\/uploads\/2025\/03\/Obchody-Dnia-Osob-z-Zespolem-Downa-23.jpg'><img loading=\"lazy\" width=\"300\" height=\"200\" src=\"https:\/\/www.lichen.pl\/wp-content\/uploads\/2025\/03\/Obchody-Dnia-Osob-z-Zespolem-Downa-23-300x200.jpg\" class=\"attachment-medium size-medium\" alt=\"\" decoding=\"async\" srcset=\"https:\/\/www.lichen.pl\/wp-content\/uploads\/2025\/03\/Obchody-Dnia-Osob-z-Zespolem-Downa-23-300x200.jpg 300w, https:\/\/www.lichen.pl\/wp-content\/uploads\/2025\/03\/Obchody-Dnia-Osob-z-Zespolem-Downa-23-1024x683.jpg 1024w, https:\/\/www.lichen.pl\/wp-content\/uploads\/2025\/03\/Obchody-Dnia-Osob-z-Zespolem-Downa-23-768x512.jpg 768w, https:\/\/www.lichen.pl\/wp-content\/uploads\/2025\/03\/Obchody-Dnia-Osob-z-Zespolem-Downa-23-1536x1024.jpg 1536w, https:\/\/www.lichen.pl\/wp-content\/uploads\/2025\/03\/Obchody-Dnia-Osob-z-Zespolem-Downa-23-2048x1365.jpg 2048w, https:\/\/www.lichen.pl\/wp-content\/uploads\/2025\/03\/Obchody-Dnia-Osob-z-Zespolem-Downa-23-18x12.jpg 18w, https:\/\/www.lichen.pl\/wp-content\/uploads\/2025\/03\/Obchody-Dnia-Osob-z-Zespolem-Downa-23-800x533.jpg 800w, https:\/\/www.lichen.pl\/wp-content\/uploads\/2025\/03\/Obchody-Dnia-Osob-z-Zespolem-Downa-23.jpg 1920w\" sizes=\"(max-width: 300px) 100vw, 300px\" \/><\/a>\n\t\t\t<\/div><\/figure><figure class='gallery-item'>\n\t\t\t<div class='gallery-icon landscape'>\n\t\t\t\t<a data-elementor-open-lightbox=\"yes\" data-elementor-lightbox-slideshow=\"84b97db\" data-elementor-lightbox-title=\"Obchody Dnia Os\u00f3b z Zespo\u0142em Downa (24)\" data-e-action-hash=\"#elementor-action%3Aaction%3Dlightbox%26settings%3DeyJpZCI6ODExMTEsInVybCI6Imh0dHBzOlwvXC93d3cubGljaGVuLnBsXC93cC1jb250ZW50XC91cGxvYWRzXC8yMDI1XC8wM1wvT2JjaG9keS1EbmlhLU9zb2Itei1aZXNwb2xlbS1Eb3duYS0yNC5qcGciLCJzbGlkZXNob3ciOiI4NGI5N2RiIn0%3D\" href='https:\/\/www.lichen.pl\/wp-content\/uploads\/2025\/03\/Obchody-Dnia-Osob-z-Zespolem-Downa-24.jpg'><img loading=\"lazy\" width=\"300\" height=\"200\" src=\"https:\/\/www.lichen.pl\/wp-content\/uploads\/2025\/03\/Obchody-Dnia-Osob-z-Zespolem-Downa-24-300x200.jpg\" class=\"attachment-medium size-medium\" alt=\"\" decoding=\"async\" srcset=\"https:\/\/www.lichen.pl\/wp-content\/uploads\/2025\/03\/Obchody-Dnia-Osob-z-Zespolem-Downa-24-300x200.jpg 300w, https:\/\/www.lichen.pl\/wp-content\/uploads\/2025\/03\/Obchody-Dnia-Osob-z-Zespolem-Downa-24-1024x683.jpg 1024w, https:\/\/www.lichen.pl\/wp-content\/uploads\/2025\/03\/Obchody-Dnia-Osob-z-Zespolem-Downa-24-768x512.jpg 768w, https:\/\/www.lichen.pl\/wp-content\/uploads\/2025\/03\/Obchody-Dnia-Osob-z-Zespolem-Downa-24-1536x1024.jpg 1536w, https:\/\/www.lichen.pl\/wp-content\/uploads\/2025\/03\/Obchody-Dnia-Osob-z-Zespolem-Downa-24-2048x1365.jpg 2048w, https:\/\/www.lichen.pl\/wp-content\/uploads\/2025\/03\/Obchody-Dnia-Osob-z-Zespolem-Downa-24-18x12.jpg 18w, https:\/\/www.lichen.pl\/wp-content\/uploads\/2025\/03\/Obchody-Dnia-Osob-z-Zespolem-Downa-24-800x533.jpg 800w, https:\/\/www.lichen.pl\/wp-content\/uploads\/2025\/03\/Obchody-Dnia-Osob-z-Zespolem-Downa-24.jpg 1600w\" sizes=\"(max-width: 300px) 100vw, 300px\" \/><\/a>\n\t\t\t<\/div><\/figure><figure class='gallery-item'>\n\t\t\t<div class='gallery-icon landscape'>\n\t\t\t\t<a data-elementor-open-lightbox=\"yes\" data-elementor-lightbox-slideshow=\"84b97db\" data-elementor-lightbox-title=\"Obchody Dnia Os\u00f3b z Zespo\u0142em Downa (25)\" data-e-action-hash=\"#elementor-action%3Aaction%3Dlightbox%26settings%3DeyJpZCI6ODExMTIsInVybCI6Imh0dHBzOlwvXC93d3cubGljaGVuLnBsXC93cC1jb250ZW50XC91cGxvYWRzXC8yMDI1XC8wM1wvT2JjaG9keS1EbmlhLU9zb2Itei1aZXNwb2xlbS1Eb3duYS0yNS5qcGciLCJzbGlkZXNob3ciOiI4NGI5N2RiIn0%3D\" href='https:\/\/www.lichen.pl\/wp-content\/uploads\/2025\/03\/Obchody-Dnia-Osob-z-Zespolem-Downa-25.jpg'><img loading=\"lazy\" width=\"300\" height=\"200\" src=\"https:\/\/www.lichen.pl\/wp-content\/uploads\/2025\/03\/Obchody-Dnia-Osob-z-Zespolem-Downa-25-300x200.jpg\" class=\"attachment-medium size-medium\" alt=\"\" decoding=\"async\" srcset=\"https:\/\/www.lichen.pl\/wp-content\/uploads\/2025\/03\/Obchody-Dnia-Osob-z-Zespolem-Downa-25-300x200.jpg 300w, https:\/\/www.lichen.pl\/wp-content\/uploads\/2025\/03\/Obchody-Dnia-Osob-z-Zespolem-Downa-25-1024x683.jpg 1024w, https:\/\/www.lichen.pl\/wp-content\/uploads\/2025\/03\/Obchody-Dnia-Osob-z-Zespolem-Downa-25-768x512.jpg 768w, https:\/\/www.lichen.pl\/wp-content\/uploads\/2025\/03\/Obchody-Dnia-Osob-z-Zespolem-Downa-25-1536x1024.jpg 1536w, https:\/\/www.lichen.pl\/wp-content\/uploads\/2025\/03\/Obchody-Dnia-Osob-z-Zespolem-Downa-25-2048x1365.jpg 2048w, https:\/\/www.lichen.pl\/wp-content\/uploads\/2025\/03\/Obchody-Dnia-Osob-z-Zespolem-Downa-25-18x12.jpg 18w, https:\/\/www.lichen.pl\/wp-content\/uploads\/2025\/03\/Obchody-Dnia-Osob-z-Zespolem-Downa-25-800x533.jpg 800w, https:\/\/www.lichen.pl\/wp-content\/uploads\/2025\/03\/Obchody-Dnia-Osob-z-Zespolem-Downa-25.jpg 1600w\" sizes=\"(max-width: 300px) 100vw, 300px\" \/><\/a>\n\t\t\t<\/div><\/figure><figure class='gallery-item'>\n\t\t\t<div class='gallery-icon landscape'>\n\t\t\t\t<a data-elementor-open-lightbox=\"yes\" data-elementor-lightbox-slideshow=\"84b97db\" data-elementor-lightbox-title=\"Obchody Dnia Os\u00f3b z Zespo\u0142em Downa (26)\" data-e-action-hash=\"#elementor-action%3Aaction%3Dlightbox%26settings%3DeyJpZCI6ODExMTMsInVybCI6Imh0dHBzOlwvXC93d3cubGljaGVuLnBsXC93cC1jb250ZW50XC91cGxvYWRzXC8yMDI1XC8wM1wvT2JjaG9keS1EbmlhLU9zb2Itei1aZXNwb2xlbS1Eb3duYS0yNi5qcGciLCJzbGlkZXNob3ciOiI4NGI5N2RiIn0%3D\" href='https:\/\/www.lichen.pl\/wp-content\/uploads\/2025\/03\/Obchody-Dnia-Osob-z-Zespolem-Downa-26.jpg'><img loading=\"lazy\" width=\"300\" height=\"200\" src=\"https:\/\/www.lichen.pl\/wp-content\/uploads\/2025\/03\/Obchody-Dnia-Osob-z-Zespolem-Downa-26-300x200.jpg\" class=\"attachment-medium size-medium\" alt=\"\" decoding=\"async\" srcset=\"https:\/\/www.lichen.pl\/wp-content\/uploads\/2025\/03\/Obchody-Dnia-Osob-z-Zespolem-Downa-26-300x200.jpg 300w, https:\/\/www.lichen.pl\/wp-content\/uploads\/2025\/03\/Obchody-Dnia-Osob-z-Zespolem-Downa-26-1024x683.jpg 1024w, https:\/\/www.lichen.pl\/wp-content\/uploads\/2025\/03\/Obchody-Dnia-Osob-z-Zespolem-Downa-26-768x512.jpg 768w, https:\/\/www.lichen.pl\/wp-content\/uploads\/2025\/03\/Obchody-Dnia-Osob-z-Zespolem-Downa-26-1536x1024.jpg 1536w, https:\/\/www.lichen.pl\/wp-content\/uploads\/2025\/03\/Obchody-Dnia-Osob-z-Zespolem-Downa-26-2048x1365.jpg 2048w, https:\/\/www.lichen.pl\/wp-content\/uploads\/2025\/03\/Obchody-Dnia-Osob-z-Zespolem-Downa-26-18x12.jpg 18w, https:\/\/www.lichen.pl\/wp-content\/uploads\/2025\/03\/Obchody-Dnia-Osob-z-Zespolem-Downa-26-800x533.jpg 800w, https:\/\/www.lichen.pl\/wp-content\/uploads\/2025\/03\/Obchody-Dnia-Osob-z-Zespolem-Downa-26.jpg 1600w\" sizes=\"(max-width: 300px) 100vw, 300px\" \/><\/a>\n\t\t\t<\/div><\/figure><figure class='gallery-item'>\n\t\t\t<div class='gallery-icon landscape'>\n\t\t\t\t<a data-elementor-open-lightbox=\"yes\" data-elementor-lightbox-slideshow=\"84b97db\" data-elementor-lightbox-title=\"Obchody Dnia Os\u00f3b z Zespo\u0142em Downa (27)\" data-e-action-hash=\"#elementor-action%3Aaction%3Dlightbox%26settings%3DeyJpZCI6ODExMTQsInVybCI6Imh0dHBzOlwvXC93d3cubGljaGVuLnBsXC93cC1jb250ZW50XC91cGxvYWRzXC8yMDI1XC8wM1wvT2JjaG9keS1EbmlhLU9zb2Itei1aZXNwb2xlbS1Eb3duYS0yNy5qcGciLCJzbGlkZXNob3ciOiI4NGI5N2RiIn0%3D\" href='https:\/\/www.lichen.pl\/wp-content\/uploads\/2025\/03\/Obchody-Dnia-Osob-z-Zespolem-Downa-27.jpg'><img loading=\"lazy\" width=\"300\" height=\"200\" src=\"https:\/\/www.lichen.pl\/wp-content\/uploads\/2025\/03\/Obchody-Dnia-Osob-z-Zespolem-Downa-27-300x200.jpg\" class=\"attachment-medium size-medium\" alt=\"\" decoding=\"async\" srcset=\"https:\/\/www.lichen.pl\/wp-content\/uploads\/2025\/03\/Obchody-Dnia-Osob-z-Zespolem-Downa-27-300x200.jpg 300w, https:\/\/www.lichen.pl\/wp-content\/uploads\/2025\/03\/Obchody-Dnia-Osob-z-Zespolem-Downa-27-1024x683.jpg 1024w, https:\/\/www.lichen.pl\/wp-content\/uploads\/2025\/03\/Obchody-Dnia-Osob-z-Zespolem-Downa-27-768x512.jpg 768w, https:\/\/www.lichen.pl\/wp-content\/uploads\/2025\/03\/Obchody-Dnia-Osob-z-Zespolem-Downa-27-1536x1024.jpg 1536w, https:\/\/www.lichen.pl\/wp-content\/uploads\/2025\/03\/Obchody-Dnia-Osob-z-Zespolem-Downa-27-2048x1365.jpg 2048w, https:\/\/www.lichen.pl\/wp-content\/uploads\/2025\/03\/Obchody-Dnia-Osob-z-Zespolem-Downa-27-18x12.jpg 18w, https:\/\/www.lichen.pl\/wp-content\/uploads\/2025\/03\/Obchody-Dnia-Osob-z-Zespolem-Downa-27-800x533.jpg 800w\" sizes=\"(max-width: 300px) 100vw, 300px\" \/><\/a>\n\t\t\t<\/div><\/figure><figure class='gallery-item'>\n\t\t\t<div class='gallery-icon landscape'>\n\t\t\t\t<a data-elementor-open-lightbox=\"yes\" data-elementor-lightbox-slideshow=\"84b97db\" data-elementor-lightbox-title=\"Obchody Dnia Os\u00f3b z Zespo\u0142em Downa (28)\" data-e-action-hash=\"#elementor-action%3Aaction%3Dlightbox%26settings%3DeyJpZCI6ODExMTUsInVybCI6Imh0dHBzOlwvXC93d3cubGljaGVuLnBsXC93cC1jb250ZW50XC91cGxvYWRzXC8yMDI1XC8wM1wvT2JjaG9keS1EbmlhLU9zb2Itei1aZXNwb2xlbS1Eb3duYS0yOC5qcGciLCJzbGlkZXNob3ciOiI4NGI5N2RiIn0%3D\" href='https:\/\/www.lichen.pl\/wp-content\/uploads\/2025\/03\/Obchody-Dnia-Osob-z-Zespolem-Downa-28.jpg'><img loading=\"lazy\" width=\"300\" height=\"200\" src=\"https:\/\/www.lichen.pl\/wp-content\/uploads\/2025\/03\/Obchody-Dnia-Osob-z-Zespolem-Downa-28-300x200.jpg\" class=\"attachment-medium size-medium\" alt=\"\" decoding=\"async\" srcset=\"https:\/\/www.lichen.pl\/wp-content\/uploads\/2025\/03\/Obchody-Dnia-Osob-z-Zespolem-Downa-28-300x200.jpg 300w, https:\/\/www.lichen.pl\/wp-content\/uploads\/2025\/03\/Obchody-Dnia-Osob-z-Zespolem-Downa-28-1024x683.jpg 1024w, https:\/\/www.lichen.pl\/wp-content\/uploads\/2025\/03\/Obchody-Dnia-Osob-z-Zespolem-Downa-28-768x512.jpg 768w, https:\/\/www.lichen.pl\/wp-content\/uploads\/2025\/03\/Obchody-Dnia-Osob-z-Zespolem-Downa-28-1536x1024.jpg 1536w, https:\/\/www.lichen.pl\/wp-content\/uploads\/2025\/03\/Obchody-Dnia-Osob-z-Zespolem-Downa-28-2048x1365.jpg 2048w, https:\/\/www.lichen.pl\/wp-content\/uploads\/2025\/03\/Obchody-Dnia-Osob-z-Zespolem-Downa-28-18x12.jpg 18w, https:\/\/www.lichen.pl\/wp-content\/uploads\/2025\/03\/Obchody-Dnia-Osob-z-Zespolem-Downa-28-800x533.jpg 800w\" sizes=\"(max-width: 300px) 100vw, 300px\" \/><\/a>\n\t\t\t<\/div><\/figure><figure class='gallery-item'>\n\t\t\t<div class='gallery-icon landscape'>\n\t\t\t\t<a data-elementor-open-lightbox=\"yes\" data-elementor-lightbox-slideshow=\"84b97db\" data-elementor-lightbox-title=\"Obchody Dnia Os\u00f3b z Zespo\u0142em Downa (29)\" data-e-action-hash=\"#elementor-action%3Aaction%3Dlightbox%26settings%3DeyJpZCI6ODExMTYsInVybCI6Imh0dHBzOlwvXC93d3cubGljaGVuLnBsXC93cC1jb250ZW50XC91cGxvYWRzXC8yMDI1XC8wM1wvT2JjaG9keS1EbmlhLU9zb2Itei1aZXNwb2xlbS1Eb3duYS0yOS0xLmpwZyIsInNsaWRlc2hvdyI6Ijg0Yjk3ZGIifQ%3D%3D\" href='https:\/\/www.lichen.pl\/wp-content\/uploads\/2025\/03\/Obchody-Dnia-Osob-z-Zespolem-Downa-29-1.jpg'><img loading=\"lazy\" width=\"300\" height=\"200\" src=\"https:\/\/www.lichen.pl\/wp-content\/uploads\/2025\/03\/Obchody-Dnia-Osob-z-Zespolem-Downa-29-1-300x200.jpg\" class=\"attachment-medium size-medium\" alt=\"\" decoding=\"async\" srcset=\"https:\/\/www.lichen.pl\/wp-content\/uploads\/2025\/03\/Obchody-Dnia-Osob-z-Zespolem-Downa-29-1-300x200.jpg 300w, https:\/\/www.lichen.pl\/wp-content\/uploads\/2025\/03\/Obchody-Dnia-Osob-z-Zespolem-Downa-29-1-1024x683.jpg 1024w, https:\/\/www.lichen.pl\/wp-content\/uploads\/2025\/03\/Obchody-Dnia-Osob-z-Zespolem-Downa-29-1-768x512.jpg 768w, https:\/\/www.lichen.pl\/wp-content\/uploads\/2025\/03\/Obchody-Dnia-Osob-z-Zespolem-Downa-29-1-1536x1024.jpg 1536w, https:\/\/www.lichen.pl\/wp-content\/uploads\/2025\/03\/Obchody-Dnia-Osob-z-Zespolem-Downa-29-1-2048x1365.jpg 2048w, https:\/\/www.lichen.pl\/wp-content\/uploads\/2025\/03\/Obchody-Dnia-Osob-z-Zespolem-Downa-29-1-18x12.jpg 18w, https:\/\/www.lichen.pl\/wp-content\/uploads\/2025\/03\/Obchody-Dnia-Osob-z-Zespolem-Downa-29-1-800x533.jpg 800w, https:\/\/www.lichen.pl\/wp-content\/uploads\/2025\/03\/Obchody-Dnia-Osob-z-Zespolem-Downa-29-1.jpg 1920w\" sizes=\"(max-width: 300px) 100vw, 300px\" \/><\/a>\n\t\t\t<\/div><\/figure><figure class='gallery-item'>\n\t\t\t<div class='gallery-icon landscape'>\n\t\t\t\t<a data-elementor-open-lightbox=\"yes\" data-elementor-lightbox-slideshow=\"84b97db\" data-elementor-lightbox-title=\"Obchody Dnia Os\u00f3b z Zespo\u0142em Downa (30)\" data-e-action-hash=\"#elementor-action%3Aaction%3Dlightbox%26settings%3DeyJpZCI6ODExMTcsInVybCI6Imh0dHBzOlwvXC93d3cubGljaGVuLnBsXC93cC1jb250ZW50XC91cGxvYWRzXC8yMDI1XC8wM1wvT2JjaG9keS1EbmlhLU9zb2Itei1aZXNwb2xlbS1Eb3duYS0zMC5qcGciLCJzbGlkZXNob3ciOiI4NGI5N2RiIn0%3D\" href='https:\/\/www.lichen.pl\/wp-content\/uploads\/2025\/03\/Obchody-Dnia-Osob-z-Zespolem-Downa-30.jpg'><img loading=\"lazy\" width=\"300\" height=\"200\" src=\"https:\/\/www.lichen.pl\/wp-content\/uploads\/2025\/03\/Obchody-Dnia-Osob-z-Zespolem-Downa-30-300x200.jpg\" class=\"attachment-medium size-medium\" alt=\"\" decoding=\"async\" srcset=\"https:\/\/www.lichen.pl\/wp-content\/uploads\/2025\/03\/Obchody-Dnia-Osob-z-Zespolem-Downa-30-300x200.jpg 300w, https:\/\/www.lichen.pl\/wp-content\/uploads\/2025\/03\/Obchody-Dnia-Osob-z-Zespolem-Downa-30-1024x683.jpg 1024w, https:\/\/www.lichen.pl\/wp-content\/uploads\/2025\/03\/Obchody-Dnia-Osob-z-Zespolem-Downa-30-768x512.jpg 768w, https:\/\/www.lichen.pl\/wp-content\/uploads\/2025\/03\/Obchody-Dnia-Osob-z-Zespolem-Downa-30-1536x1024.jpg 1536w, https:\/\/www.lichen.pl\/wp-content\/uploads\/2025\/03\/Obchody-Dnia-Osob-z-Zespolem-Downa-30-2048x1365.jpg 2048w, https:\/\/www.lichen.pl\/wp-content\/uploads\/2025\/03\/Obchody-Dnia-Osob-z-Zespolem-Downa-30-18x12.jpg 18w, https:\/\/www.lichen.pl\/wp-content\/uploads\/2025\/03\/Obchody-Dnia-Osob-z-Zespolem-Downa-30-800x533.jpg 800w, https:\/\/www.lichen.pl\/wp-content\/uploads\/2025\/03\/Obchody-Dnia-Osob-z-Zespolem-Downa-30.jpg 1920w\" sizes=\"(max-width: 300px) 100vw, 300px\" \/><\/a>\n\t\t\t<\/div><\/figure><figure class='gallery-item'>\n\t\t\t<div class='gallery-icon landscape'>\n\t\t\t\t<a data-elementor-open-lightbox=\"yes\" data-elementor-lightbox-slideshow=\"84b97db\" data-elementor-lightbox-title=\"Obchody Dnia Os\u00f3b z Zespo\u0142em Downa (31)\" data-e-action-hash=\"#elementor-action%3Aaction%3Dlightbox%26settings%3DeyJpZCI6ODExMTgsInVybCI6Imh0dHBzOlwvXC93d3cubGljaGVuLnBsXC93cC1jb250ZW50XC91cGxvYWRzXC8yMDI1XC8wM1wvT2JjaG9keS1EbmlhLU9zb2Itei1aZXNwb2xlbS1Eb3duYS0zMS5qcGciLCJzbGlkZXNob3ciOiI4NGI5N2RiIn0%3D\" href='https:\/\/www.lichen.pl\/wp-content\/uploads\/2025\/03\/Obchody-Dnia-Osob-z-Zespolem-Downa-31.jpg'><img loading=\"lazy\" width=\"300\" height=\"200\" src=\"https:\/\/www.lichen.pl\/wp-content\/uploads\/2025\/03\/Obchody-Dnia-Osob-z-Zespolem-Downa-31-300x200.jpg\" class=\"attachment-medium size-medium\" alt=\"\" decoding=\"async\" srcset=\"https:\/\/www.lichen.pl\/wp-content\/uploads\/2025\/03\/Obchody-Dnia-Osob-z-Zespolem-Downa-31-300x200.jpg 300w, https:\/\/www.lichen.pl\/wp-content\/uploads\/2025\/03\/Obchody-Dnia-Osob-z-Zespolem-Downa-31-1024x683.jpg 1024w, https:\/\/www.lichen.pl\/wp-content\/uploads\/2025\/03\/Obchody-Dnia-Osob-z-Zespolem-Downa-31-768x512.jpg 768w, https:\/\/www.lichen.pl\/wp-content\/uploads\/2025\/03\/Obchody-Dnia-Osob-z-Zespolem-Downa-31-1536x1024.jpg 1536w, https:\/\/www.lichen.pl\/wp-content\/uploads\/2025\/03\/Obchody-Dnia-Osob-z-Zespolem-Downa-31-2048x1365.jpg 2048w, https:\/\/www.lichen.pl\/wp-content\/uploads\/2025\/03\/Obchody-Dnia-Osob-z-Zespolem-Downa-31-18x12.jpg 18w, https:\/\/www.lichen.pl\/wp-content\/uploads\/2025\/03\/Obchody-Dnia-Osob-z-Zespolem-Downa-31-800x533.jpg 800w\" sizes=\"(max-width: 300px) 100vw, 300px\" \/><\/a>\n\t\t\t<\/div><\/figure><figure class='gallery-item'>\n\t\t\t<div class='gallery-icon landscape'>\n\t\t\t\t<a data-elementor-open-lightbox=\"yes\" data-elementor-lightbox-slideshow=\"84b97db\" data-elementor-lightbox-title=\"Obchody Dnia Os\u00f3b z Zespo\u0142em Downa (32)\" data-e-action-hash=\"#elementor-action%3Aaction%3Dlightbox%26settings%3DeyJpZCI6ODExMTksInVybCI6Imh0dHBzOlwvXC93d3cubGljaGVuLnBsXC93cC1jb250ZW50XC91cGxvYWRzXC8yMDI1XC8wM1wvT2JjaG9keS1EbmlhLU9zb2Itei1aZXNwb2xlbS1Eb3duYS0zMi5qcGciLCJzbGlkZXNob3ciOiI4NGI5N2RiIn0%3D\" href='https:\/\/www.lichen.pl\/wp-content\/uploads\/2025\/03\/Obchody-Dnia-Osob-z-Zespolem-Downa-32.jpg'><img loading=\"lazy\" width=\"300\" height=\"200\" src=\"https:\/\/www.lichen.pl\/wp-content\/uploads\/2025\/03\/Obchody-Dnia-Osob-z-Zespolem-Downa-32-300x200.jpg\" class=\"attachment-medium size-medium\" alt=\"\" decoding=\"async\" srcset=\"https:\/\/www.lichen.pl\/wp-content\/uploads\/2025\/03\/Obchody-Dnia-Osob-z-Zespolem-Downa-32-300x200.jpg 300w, https:\/\/www.lichen.pl\/wp-content\/uploads\/2025\/03\/Obchody-Dnia-Osob-z-Zespolem-Downa-32-1024x683.jpg 1024w, https:\/\/www.lichen.pl\/wp-content\/uploads\/2025\/03\/Obchody-Dnia-Osob-z-Zespolem-Downa-32-768x512.jpg 768w, https:\/\/www.lichen.pl\/wp-content\/uploads\/2025\/03\/Obchody-Dnia-Osob-z-Zespolem-Downa-32-1536x1024.jpg 1536w, https:\/\/www.lichen.pl\/wp-content\/uploads\/2025\/03\/Obchody-Dnia-Osob-z-Zespolem-Downa-32-2048x1365.jpg 2048w, https:\/\/www.lichen.pl\/wp-content\/uploads\/2025\/03\/Obchody-Dnia-Osob-z-Zespolem-Downa-32-18x12.jpg 18w, https:\/\/www.lichen.pl\/wp-content\/uploads\/2025\/03\/Obchody-Dnia-Osob-z-Zespolem-Downa-32-800x533.jpg 800w\" sizes=\"(max-width: 300px) 100vw, 300px\" \/><\/a>\n\t\t\t<\/div><\/figure><figure class='gallery-item'>\n\t\t\t<div class='gallery-icon landscape'>\n\t\t\t\t<a data-elementor-open-lightbox=\"yes\" data-elementor-lightbox-slideshow=\"84b97db\" data-elementor-lightbox-title=\"Obchody Dnia Os\u00f3b z Zespo\u0142em Downa (33)\" data-e-action-hash=\"#elementor-action%3Aaction%3Dlightbox%26settings%3DeyJpZCI6ODExMjAsInVybCI6Imh0dHBzOlwvXC93d3cubGljaGVuLnBsXC93cC1jb250ZW50XC91cGxvYWRzXC8yMDI1XC8wM1wvT2JjaG9keS1EbmlhLU9zb2Itei1aZXNwb2xlbS1Eb3duYS0zMy5qcGciLCJzbGlkZXNob3ciOiI4NGI5N2RiIn0%3D\" href='https:\/\/www.lichen.pl\/wp-content\/uploads\/2025\/03\/Obchody-Dnia-Osob-z-Zespolem-Downa-33.jpg'><img loading=\"lazy\" width=\"300\" height=\"200\" src=\"https:\/\/www.lichen.pl\/wp-content\/uploads\/2025\/03\/Obchody-Dnia-Osob-z-Zespolem-Downa-33-300x200.jpg\" class=\"attachment-medium size-medium\" alt=\"\" decoding=\"async\" srcset=\"https:\/\/www.lichen.pl\/wp-content\/uploads\/2025\/03\/Obchody-Dnia-Osob-z-Zespolem-Downa-33-300x200.jpg 300w, https:\/\/www.lichen.pl\/wp-content\/uploads\/2025\/03\/Obchody-Dnia-Osob-z-Zespolem-Downa-33-1024x683.jpg 1024w, https:\/\/www.lichen.pl\/wp-content\/uploads\/2025\/03\/Obchody-Dnia-Osob-z-Zespolem-Downa-33-768x512.jpg 768w, https:\/\/www.lichen.pl\/wp-content\/uploads\/2025\/03\/Obchody-Dnia-Osob-z-Zespolem-Downa-33-1536x1024.jpg 1536w, https:\/\/www.lichen.pl\/wp-content\/uploads\/2025\/03\/Obchody-Dnia-Osob-z-Zespolem-Downa-33-2048x1365.jpg 2048w, https:\/\/www.lichen.pl\/wp-content\/uploads\/2025\/03\/Obchody-Dnia-Osob-z-Zespolem-Downa-33-18x12.jpg 18w, https:\/\/www.lichen.pl\/wp-content\/uploads\/2025\/03\/Obchody-Dnia-Osob-z-Zespolem-Downa-33-800x533.jpg 800w\" sizes=\"(max-width: 300px) 100vw, 300px\" \/><\/a>\n\t\t\t<\/div><\/figure><figure class='gallery-item'>\n\t\t\t<div class='gallery-icon landscape'>\n\t\t\t\t<a data-elementor-open-lightbox=\"yes\" data-elementor-lightbox-slideshow=\"84b97db\" data-elementor-lightbox-title=\"Obchody Dnia Os\u00f3b z Zespo\u0142em Downa (303,5\" data-e-action-hash=\"#elementor-action%3Aaction%3Dlightbox%26settings%3DeyJpZCI6ODExMjcsInVybCI6Imh0dHBzOlwvXC93d3cubGljaGVuLnBsXC93cC1jb250ZW50XC91cGxvYWRzXC8yMDI1XC8wM1wvSU1HXzI4OTgtUG9wcmF3aW9uZS1TenVtLmpwZyIsInNsaWRlc2hvdyI6Ijg0Yjk3ZGIifQ%3D%3D\" href='https:\/\/www.lichen.pl\/wp-content\/uploads\/2025\/03\/IMG_2898-Poprawione-Szum.jpg'><img loading=\"lazy\" width=\"300\" height=\"200\" src=\"https:\/\/www.lichen.pl\/wp-content\/uploads\/2025\/03\/IMG_2898-Poprawione-Szum-300x200.jpg\" class=\"attachment-medium size-medium\" alt=\"\" decoding=\"async\" srcset=\"https:\/\/www.lichen.pl\/wp-content\/uploads\/2025\/03\/IMG_2898-Poprawione-Szum-300x200.jpg 300w, https:\/\/www.lichen.pl\/wp-content\/uploads\/2025\/03\/IMG_2898-Poprawione-Szum-1024x683.jpg 1024w, https:\/\/www.lichen.pl\/wp-content\/uploads\/2025\/03\/IMG_2898-Poprawione-Szum-768x512.jpg 768w, https:\/\/www.lichen.pl\/wp-content\/uploads\/2025\/03\/IMG_2898-Poprawione-Szum-1536x1024.jpg 1536w, https:\/\/www.lichen.pl\/wp-content\/uploads\/2025\/03\/IMG_2898-Poprawione-Szum-2048x1365.jpg 2048w, https:\/\/www.lichen.pl\/wp-content\/uploads\/2025\/03\/IMG_2898-Poprawione-Szum-18x12.jpg 18w, https:\/\/www.lichen.pl\/wp-content\/uploads\/2025\/03\/IMG_2898-Poprawione-Szum-800x533.jpg 800w, https:\/\/www.lichen.pl\/wp-content\/uploads\/2025\/03\/IMG_2898-Poprawione-Szum.jpg 1920w\" sizes=\"(max-width: 300px) 100vw, 300px\" \/><\/a>\n\t\t\t<\/div><\/figure><figure class='gallery-item'>\n\t\t\t<div class='gallery-icon landscape'>\n\t\t\t\t<a data-elementor-open-lightbox=\"yes\" data-elementor-lightbox-slideshow=\"84b97db\" data-elementor-lightbox-title=\"Obchody Dnia Os\u00f3b z Zespo\u0142em Downa (34)\" data-e-action-hash=\"#elementor-action%3Aaction%3Dlightbox%26settings%3DeyJpZCI6ODExMjEsInVybCI6Imh0dHBzOlwvXC93d3cubGljaGVuLnBsXC93cC1jb250ZW50XC91cGxvYWRzXC8yMDI1XC8wM1wvT2JjaG9keS1EbmlhLU9zb2Itei1aZXNwb2xlbS1Eb3duYS0zNC5qcGciLCJzbGlkZXNob3ciOiI4NGI5N2RiIn0%3D\" href='https:\/\/www.lichen.pl\/wp-content\/uploads\/2025\/03\/Obchody-Dnia-Osob-z-Zespolem-Downa-34.jpg'><img loading=\"lazy\" width=\"300\" height=\"200\" src=\"https:\/\/www.lichen.pl\/wp-content\/uploads\/2025\/03\/Obchody-Dnia-Osob-z-Zespolem-Downa-34-300x200.jpg\" class=\"attachment-medium size-medium\" alt=\"\" decoding=\"async\" srcset=\"https:\/\/www.lichen.pl\/wp-content\/uploads\/2025\/03\/Obchody-Dnia-Osob-z-Zespolem-Downa-34-300x200.jpg 300w, https:\/\/www.lichen.pl\/wp-content\/uploads\/2025\/03\/Obchody-Dnia-Osob-z-Zespolem-Downa-34-1024x683.jpg 1024w, https:\/\/www.lichen.pl\/wp-content\/uploads\/2025\/03\/Obchody-Dnia-Osob-z-Zespolem-Downa-34-768x512.jpg 768w, https:\/\/www.lichen.pl\/wp-content\/uploads\/2025\/03\/Obchody-Dnia-Osob-z-Zespolem-Downa-34-1536x1024.jpg 1536w, https:\/\/www.lichen.pl\/wp-content\/uploads\/2025\/03\/Obchody-Dnia-Osob-z-Zespolem-Downa-34-2048x1365.jpg 2048w, https:\/\/www.lichen.pl\/wp-content\/uploads\/2025\/03\/Obchody-Dnia-Osob-z-Zespolem-Downa-34-18x12.jpg 18w, https:\/\/www.lichen.pl\/wp-content\/uploads\/2025\/03\/Obchody-Dnia-Osob-z-Zespolem-Downa-34-800x533.jpg 800w\" sizes=\"(max-width: 300px) 100vw, 300px\" \/><\/a>\n\t\t\t<\/div><\/figure><figure class='gallery-item'>\n\t\t\t<div class='gallery-icon landscape'>\n\t\t\t\t<a data-elementor-open-lightbox=\"yes\" data-elementor-lightbox-slideshow=\"84b97db\" data-elementor-lightbox-title=\"Obchody Dnia Os\u00f3b z Zespo\u0142em Downa (35)\" data-e-action-hash=\"#elementor-action%3Aaction%3Dlightbox%26settings%3DeyJpZCI6ODExMjIsInVybCI6Imh0dHBzOlwvXC93d3cubGljaGVuLnBsXC93cC1jb250ZW50XC91cGxvYWRzXC8yMDI1XC8wM1wvT2JjaG9keS1EbmlhLU9zb2Itei1aZXNwb2xlbS1Eb3duYS0zNS5qcGciLCJzbGlkZXNob3ciOiI4NGI5N2RiIn0%3D\" href='https:\/\/www.lichen.pl\/wp-content\/uploads\/2025\/03\/Obchody-Dnia-Osob-z-Zespolem-Downa-35.jpg'><img loading=\"lazy\" width=\"300\" height=\"200\" src=\"https:\/\/www.lichen.pl\/wp-content\/uploads\/2025\/03\/Obchody-Dnia-Osob-z-Zespolem-Downa-35-300x200.jpg\" class=\"attachment-medium size-medium\" alt=\"\" decoding=\"async\" srcset=\"https:\/\/www.lichen.pl\/wp-content\/uploads\/2025\/03\/Obchody-Dnia-Osob-z-Zespolem-Downa-35-300x200.jpg 300w, https:\/\/www.lichen.pl\/wp-content\/uploads\/2025\/03\/Obchody-Dnia-Osob-z-Zespolem-Downa-35-1024x683.jpg 1024w, https:\/\/www.lichen.pl\/wp-content\/uploads\/2025\/03\/Obchody-Dnia-Osob-z-Zespolem-Downa-35-768x512.jpg 768w, https:\/\/www.lichen.pl\/wp-content\/uploads\/2025\/03\/Obchody-Dnia-Osob-z-Zespolem-Downa-35-1536x1024.jpg 1536w, https:\/\/www.lichen.pl\/wp-content\/uploads\/2025\/03\/Obchody-Dnia-Osob-z-Zespolem-Downa-35-2048x1365.jpg 2048w, https:\/\/www.lichen.pl\/wp-content\/uploads\/2025\/03\/Obchody-Dnia-Osob-z-Zespolem-Downa-35-18x12.jpg 18w, https:\/\/www.lichen.pl\/wp-content\/uploads\/2025\/03\/Obchody-Dnia-Osob-z-Zespolem-Downa-35-800x533.jpg 800w\" sizes=\"(max-width: 300px) 100vw, 300px\" \/><\/a>\n\t\t\t<\/div><\/figure><figure class='gallery-item'>\n\t\t\t<div class='gallery-icon landscape'>\n\t\t\t\t<a data-elementor-open-lightbox=\"yes\" data-elementor-lightbox-slideshow=\"84b97db\" data-elementor-lightbox-title=\"Obchody Dnia Os\u00f3b z Zespo\u0142em Downa (35,5)\" data-e-action-hash=\"#elementor-action%3Aaction%3Dlightbox%26settings%3DeyJpZCI6ODExMjgsInVybCI6Imh0dHBzOlwvXC93d3cubGljaGVuLnBsXC93cC1jb250ZW50XC91cGxvYWRzXC8yMDI1XC8wM1wvSU1HXzI5MTYtUG9wcmF3aW9uZS1TenVtLmpwZyIsInNsaWRlc2hvdyI6Ijg0Yjk3ZGIifQ%3D%3D\" href='https:\/\/www.lichen.pl\/wp-content\/uploads\/2025\/03\/IMG_2916-Poprawione-Szum.jpg'><img loading=\"lazy\" width=\"300\" height=\"200\" src=\"https:\/\/www.lichen.pl\/wp-content\/uploads\/2025\/03\/IMG_2916-Poprawione-Szum-300x200.jpg\" class=\"attachment-medium size-medium\" alt=\"\" decoding=\"async\" srcset=\"https:\/\/www.lichen.pl\/wp-content\/uploads\/2025\/03\/IMG_2916-Poprawione-Szum-300x200.jpg 300w, https:\/\/www.lichen.pl\/wp-content\/uploads\/2025\/03\/IMG_2916-Poprawione-Szum-1024x683.jpg 1024w, https:\/\/www.lichen.pl\/wp-content\/uploads\/2025\/03\/IMG_2916-Poprawione-Szum-768x512.jpg 768w, https:\/\/www.lichen.pl\/wp-content\/uploads\/2025\/03\/IMG_2916-Poprawione-Szum-1536x1024.jpg 1536w, https:\/\/www.lichen.pl\/wp-content\/uploads\/2025\/03\/IMG_2916-Poprawione-Szum-2048x1365.jpg 2048w, https:\/\/www.lichen.pl\/wp-content\/uploads\/2025\/03\/IMG_2916-Poprawione-Szum-18x12.jpg 18w, https:\/\/www.lichen.pl\/wp-content\/uploads\/2025\/03\/IMG_2916-Poprawione-Szum-800x533.jpg 800w, https:\/\/www.lichen.pl\/wp-content\/uploads\/2025\/03\/IMG_2916-Poprawione-Szum.jpg 1920w\" sizes=\"(max-width: 300px) 100vw, 300px\" \/><\/a>\n\t\t\t<\/div><\/figure><figure class='gallery-item'>\n\t\t\t<div class='gallery-icon landscape'>\n\t\t\t\t<a data-elementor-open-lightbox=\"yes\" data-elementor-lightbox-slideshow=\"84b97db\" data-elementor-lightbox-title=\"Obchody Dnia Os\u00f3b z Zespo\u0142em Downa (36)\" data-e-action-hash=\"#elementor-action%3Aaction%3Dlightbox%26settings%3DeyJpZCI6ODExMjMsInVybCI6Imh0dHBzOlwvXC93d3cubGljaGVuLnBsXC93cC1jb250ZW50XC91cGxvYWRzXC8yMDI1XC8wM1wvT2JjaG9keS1EbmlhLU9zb2Itei1aZXNwb2xlbS1Eb3duYS0zNi5qcGciLCJzbGlkZXNob3ciOiI4NGI5N2RiIn0%3D\" href='https:\/\/www.lichen.pl\/wp-content\/uploads\/2025\/03\/Obchody-Dnia-Osob-z-Zespolem-Downa-36.jpg'><img loading=\"lazy\" width=\"300\" height=\"200\" src=\"https:\/\/www.lichen.pl\/wp-content\/uploads\/2025\/03\/Obchody-Dnia-Osob-z-Zespolem-Downa-36-300x200.jpg\" class=\"attachment-medium size-medium\" alt=\"\" decoding=\"async\" srcset=\"https:\/\/www.lichen.pl\/wp-content\/uploads\/2025\/03\/Obchody-Dnia-Osob-z-Zespolem-Downa-36-300x200.jpg 300w, https:\/\/www.lichen.pl\/wp-content\/uploads\/2025\/03\/Obchody-Dnia-Osob-z-Zespolem-Downa-36-1024x683.jpg 1024w, https:\/\/www.lichen.pl\/wp-content\/uploads\/2025\/03\/Obchody-Dnia-Osob-z-Zespolem-Downa-36-768x512.jpg 768w, https:\/\/www.lichen.pl\/wp-content\/uploads\/2025\/03\/Obchody-Dnia-Osob-z-Zespolem-Downa-36-1536x1024.jpg 1536w, https:\/\/www.lichen.pl\/wp-content\/uploads\/2025\/03\/Obchody-Dnia-Osob-z-Zespolem-Downa-36-2048x1365.jpg 2048w, https:\/\/www.lichen.pl\/wp-content\/uploads\/2025\/03\/Obchody-Dnia-Osob-z-Zespolem-Downa-36-18x12.jpg 18w, https:\/\/www.lichen.pl\/wp-content\/uploads\/2025\/03\/Obchody-Dnia-Osob-z-Zespolem-Downa-36-800x533.jpg 800w\" sizes=\"(max-width: 300px) 100vw, 300px\" \/><\/a>\n\t\t\t<\/div><\/figure><figure class='gallery-item'>\n\t\t\t<div class='gallery-icon landscape'>\n\t\t\t\t<a data-elementor-open-lightbox=\"yes\" data-elementor-lightbox-slideshow=\"84b97db\" data-elementor-lightbox-title=\"Obchody Dnia Os\u00f3b z Zespo\u0142em Downa (37)\" data-e-action-hash=\"#elementor-action%3Aaction%3Dlightbox%26settings%3DeyJpZCI6ODExMjQsInVybCI6Imh0dHBzOlwvXC93d3cubGljaGVuLnBsXC93cC1jb250ZW50XC91cGxvYWRzXC8yMDI1XC8wM1wvT2JjaG9keS1EbmlhLU9zb2Itei1aZXNwb2xlbS1Eb3duYS0zNy5qcGciLCJzbGlkZXNob3ciOiI4NGI5N2RiIn0%3D\" href='https:\/\/www.lichen.pl\/wp-content\/uploads\/2025\/03\/Obchody-Dnia-Osob-z-Zespolem-Downa-37.jpg'><img loading=\"lazy\" width=\"300\" height=\"200\" src=\"https:\/\/www.lichen.pl\/wp-content\/uploads\/2025\/03\/Obchody-Dnia-Osob-z-Zespolem-Downa-37-300x200.jpg\" class=\"attachment-medium size-medium\" alt=\"\" decoding=\"async\" srcset=\"https:\/\/www.lichen.pl\/wp-content\/uploads\/2025\/03\/Obchody-Dnia-Osob-z-Zespolem-Downa-37-300x200.jpg 300w, https:\/\/www.lichen.pl\/wp-content\/uploads\/2025\/03\/Obchody-Dnia-Osob-z-Zespolem-Downa-37-1024x683.jpg 1024w, https:\/\/www.lichen.pl\/wp-content\/uploads\/2025\/03\/Obchody-Dnia-Osob-z-Zespolem-Downa-37-768x512.jpg 768w, https:\/\/www.lichen.pl\/wp-content\/uploads\/2025\/03\/Obchody-Dnia-Osob-z-Zespolem-Downa-37-1536x1024.jpg 1536w, https:\/\/www.lichen.pl\/wp-content\/uploads\/2025\/03\/Obchody-Dnia-Osob-z-Zespolem-Downa-37-2048x1365.jpg 2048w, https:\/\/www.lichen.pl\/wp-content\/uploads\/2025\/03\/Obchody-Dnia-Osob-z-Zespolem-Downa-37-18x12.jpg 18w, https:\/\/www.lichen.pl\/wp-content\/uploads\/2025\/03\/Obchody-Dnia-Osob-z-Zespolem-Downa-37-800x533.jpg 800w\" sizes=\"(max-width: 300px) 100vw, 300px\" \/><\/a>\n\t\t\t<\/div><\/figure><figure class='gallery-item'>\n\t\t\t<div class='gallery-icon landscape'>\n\t\t\t\t<a data-elementor-open-lightbox=\"yes\" data-elementor-lightbox-slideshow=\"84b97db\" data-elementor-lightbox-title=\"Obchody Dnia Os\u00f3b z Zespo\u0142em Downa (39)\" data-e-action-hash=\"#elementor-action%3Aaction%3Dlightbox%26settings%3DeyJpZCI6ODExMjYsInVybCI6Imh0dHBzOlwvXC93d3cubGljaGVuLnBsXC93cC1jb250ZW50XC91cGxvYWRzXC8yMDI1XC8wM1wvT2JjaG9keS1EbmlhLU9zb2Itei1aZXNwb2xlbS1Eb3duYS0zOS5qcGciLCJzbGlkZXNob3ciOiI4NGI5N2RiIn0%3D\" href='https:\/\/www.lichen.pl\/wp-content\/uploads\/2025\/03\/Obchody-Dnia-Osob-z-Zespolem-Downa-39.jpg'><img loading=\"lazy\" width=\"300\" height=\"200\" src=\"https:\/\/www.lichen.pl\/wp-content\/uploads\/2025\/03\/Obchody-Dnia-Osob-z-Zespolem-Downa-39-300x200.jpg\" class=\"attachment-medium size-medium\" alt=\"\" decoding=\"async\" srcset=\"https:\/\/www.lichen.pl\/wp-content\/uploads\/2025\/03\/Obchody-Dnia-Osob-z-Zespolem-Downa-39-300x200.jpg 300w, https:\/\/www.lichen.pl\/wp-content\/uploads\/2025\/03\/Obchody-Dnia-Osob-z-Zespolem-Downa-39-1024x683.jpg 1024w, https:\/\/www.lichen.pl\/wp-content\/uploads\/2025\/03\/Obchody-Dnia-Osob-z-Zespolem-Downa-39-768x512.jpg 768w, https:\/\/www.lichen.pl\/wp-content\/uploads\/2025\/03\/Obchody-Dnia-Osob-z-Zespolem-Downa-39-1536x1024.jpg 1536w, https:\/\/www.lichen.pl\/wp-content\/uploads\/2025\/03\/Obchody-Dnia-Osob-z-Zespolem-Downa-39-2048x1365.jpg 2048w, https:\/\/www.lichen.pl\/wp-content\/uploads\/2025\/03\/Obchody-Dnia-Osob-z-Zespolem-Downa-39-18x12.jpg 18w, https:\/\/www.lichen.pl\/wp-content\/uploads\/2025\/03\/Obchody-Dnia-Osob-z-Zespolem-Downa-39-800x533.jpg 800w, https:\/\/www.lichen.pl\/wp-content\/uploads\/2025\/03\/Obchody-Dnia-Osob-z-Zespolem-Downa-39.jpg 1920w\" sizes=\"(max-width: 300px) 100vw, 300px\" \/><\/a>\n\t\t\t<\/div><\/figure>\n\t\t<\/div>\n\t\t<\/div>\n\t\t\t\t\t\t<\/div>\n\t\t\t\t<\/div>\n\t\t\t\t\t<\/div>\n\t\t<\/div>\n\t\t\t\t\t<\/div>\n\t\t<\/section>\n\t\t\t\t<\/div>","protected":false},"excerpt":{"rendered":"<p>W niedzielne popo\u0142udnie sanktuarium sta\u0142o si\u0119 miejscem szczeg\u00f3lnegospotkania \u2013 obchod\u00f3w Dnia Os\u00f3b z Zespo\u0142em Downa. Wydarzenie zgromadzi\u0142orodziny, przyjaci\u00f3\u0142 oraz wszystkich, kt\u00f3rym bliska jest idea integracji iakceptacji os\u00f3b z Zespo\u0142em Downa. By\u0142 to czas pe\u0142en \u017cyczliwo\u015bci, rado\u015bci irefleksji, pokazuj\u0105cy, jak wielk\u0105 si\u0142\u0119 ma wsp\u00f3lnota oparta na mi\u0142o\u015bci izrozumieniu. Centralnym punktem obchod\u00f3w by\u0142a Msza \u015awi\u0119ta o godzinie12:00, [&hellip;]<\/p>\n","protected":false},"author":8,"featured_media":81095,"comment_status":"closed","ping_status":"closed","sticky":false,"template":"","format":"standard","meta":{"footnotes":""},"categories":[1],"tags":[],"class_list":["post-81085","post","type-post","status-publish","format-standard","has-post-thumbnail","hentry","category-aktualnosci","wpbf-post"],"yoast_head":"<!-- This site is optimized with the Yoast SEO plugin v27.4 - https:\/\/yoast.com\/product\/yoast-seo-wordpress\/ -->\n<title>Mi\u0142o\u015b\u0107, kt\u00f3ra nie zna granic \u2013 obchody Dnia Os\u00f3b z Zespo\u0142em Downa - SANKTUARIUM W LICHENIU<\/title>\n<meta name=\"robots\" content=\"index, follow, max-snippet:-1, max-image-preview:large, max-video-preview:-1\" \/>\n<link rel=\"canonical\" href=\"https:\/\/www.lichen.pl\/es\/milosc-ktora-nie-zna-granic-obchody-dnia-osob-z-zespolem-downa\/\" \/>\n<meta property=\"og:locale\" content=\"es_ES\" \/>\n<meta property=\"og:type\" content=\"article\" \/>\n<meta property=\"og:title\" content=\"Mi\u0142o\u015b\u0107, kt\u00f3ra nie zna granic \u2013 obchody Dnia Os\u00f3b z Zespo\u0142em Downa - SANKTUARIUM W LICHENIU\" \/>\n<meta property=\"og:description\" content=\"W niedzielne popo\u0142udnie sanktuarium sta\u0142o si\u0119 miejscem szczeg\u00f3lnegospotkania \u2013 obchod\u00f3w Dnia Os\u00f3b z Zespo\u0142em Downa. Wydarzenie zgromadzi\u0142orodziny, przyjaci\u00f3\u0142 oraz wszystkich, kt\u00f3rym bliska jest idea integracji iakceptacji os\u00f3b z Zespo\u0142em Downa. By\u0142 to czas pe\u0142en \u017cyczliwo\u015bci, rado\u015bci irefleksji, pokazuj\u0105cy, jak wielk\u0105 si\u0142\u0119 ma wsp\u00f3lnota oparta na mi\u0142o\u015bci izrozumieniu. Centralnym punktem obchod\u00f3w by\u0142a Msza \u015awi\u0119ta o godzinie12:00, [&hellip;]\" \/>\n<meta property=\"og:url\" content=\"https:\/\/www.lichen.pl\/es\/milosc-ktora-nie-zna-granic-obchody-dnia-osob-z-zespolem-downa\/\" \/>\n<meta property=\"og:site_name\" content=\"SANKTUARIUM W LICHENIU\" \/>\n<meta property=\"article:published_time\" content=\"2025-03-23T20:36:24+00:00\" \/>\n<meta property=\"article:modified_time\" content=\"2025-03-23T21:52:45+00:00\" \/>\n<meta property=\"og:image\" content=\"https:\/\/www.lichen.pl\/wp-content\/uploads\/2025\/03\/Obchody-Dnia-Osob-z-Zespolem-Downa-8-1024x683.jpg\" \/>\n\t<meta property=\"og:image:width\" content=\"1024\" \/>\n\t<meta property=\"og:image:height\" content=\"683\" \/>\n\t<meta property=\"og:image:type\" content=\"image\/jpeg\" \/>\n<meta name=\"author\" content=\"Biuro Prasowe\" \/>\n<meta name=\"twitter:card\" content=\"summary_large_image\" \/>\n<meta name=\"twitter:label1\" content=\"Escrito por\" \/>\n\t<meta name=\"twitter:data1\" content=\"Biuro Prasowe\" \/>\n\t<meta name=\"twitter:label2\" content=\"Tiempo de lectura\" \/>\n\t<meta name=\"twitter:data2\" content=\"13 minutos\" \/>\n<script type=\"application\/ld+json\" class=\"yoast-schema-graph\">{\"@context\":\"https:\\\/\\\/schema.org\",\"@graph\":[{\"@type\":\"Article\",\"@id\":\"https:\\\/\\\/www.lichen.pl\\\/milosc-ktora-nie-zna-granic-obchody-dnia-osob-z-zespolem-downa\\\/#article\",\"isPartOf\":{\"@id\":\"https:\\\/\\\/www.lichen.pl\\\/milosc-ktora-nie-zna-granic-obchody-dnia-osob-z-zespolem-downa\\\/\"},\"author\":{\"name\":\"Biuro Prasowe\",\"@id\":\"https:\\\/\\\/www.lichen.pl\\\/fr\\\/#\\\/schema\\\/person\\\/682b5cfa2f8a664a298ed0bc19782a02\"},\"headline\":\"Mi\u0142o\u015b\u0107, kt\u00f3ra nie zna granic \u2013 obchody Dnia Os\u00f3b z Zespo\u0142em Downa\",\"datePublished\":\"2025-03-23T20:36:24+00:00\",\"dateModified\":\"2025-03-23T21:52:45+00:00\",\"mainEntityOfPage\":{\"@id\":\"https:\\\/\\\/www.lichen.pl\\\/milosc-ktora-nie-zna-granic-obchody-dnia-osob-z-zespolem-downa\\\/\"},\"wordCount\":841,\"image\":{\"@id\":\"https:\\\/\\\/www.lichen.pl\\\/milosc-ktora-nie-zna-granic-obchody-dnia-osob-z-zespolem-downa\\\/#primaryimage\"},\"thumbnailUrl\":\"https:\\\/\\\/www.lichen.pl\\\/wp-content\\\/uploads\\\/2025\\\/03\\\/Obchody-Dnia-Osob-z-Zespolem-Downa-8.jpg\",\"articleSection\":[\"Aktualno\u015bci\"],\"inLanguage\":\"es\"},{\"@type\":\"WebPage\",\"@id\":\"https:\\\/\\\/www.lichen.pl\\\/milosc-ktora-nie-zna-granic-obchody-dnia-osob-z-zespolem-downa\\\/\",\"url\":\"https:\\\/\\\/www.lichen.pl\\\/milosc-ktora-nie-zna-granic-obchody-dnia-osob-z-zespolem-downa\\\/\",\"name\":\"Mi\u0142o\u015b\u0107, kt\u00f3ra nie zna granic \u2013 obchody Dnia Os\u00f3b z Zespo\u0142em Downa - SANKTUARIUM W LICHENIU\",\"isPartOf\":{\"@id\":\"https:\\\/\\\/www.lichen.pl\\\/fr\\\/#website\"},\"primaryImageOfPage\":{\"@id\":\"https:\\\/\\\/www.lichen.pl\\\/milosc-ktora-nie-zna-granic-obchody-dnia-osob-z-zespolem-downa\\\/#primaryimage\"},\"image\":{\"@id\":\"https:\\\/\\\/www.lichen.pl\\\/milosc-ktora-nie-zna-granic-obchody-dnia-osob-z-zespolem-downa\\\/#primaryimage\"},\"thumbnailUrl\":\"https:\\\/\\\/www.lichen.pl\\\/wp-content\\\/uploads\\\/2025\\\/03\\\/Obchody-Dnia-Osob-z-Zespolem-Downa-8.jpg\",\"datePublished\":\"2025-03-23T20:36:24+00:00\",\"dateModified\":\"2025-03-23T21:52:45+00:00\",\"author\":{\"@id\":\"https:\\\/\\\/www.lichen.pl\\\/fr\\\/#\\\/schema\\\/person\\\/682b5cfa2f8a664a298ed0bc19782a02\"},\"breadcrumb\":{\"@id\":\"https:\\\/\\\/www.lichen.pl\\\/milosc-ktora-nie-zna-granic-obchody-dnia-osob-z-zespolem-downa\\\/#breadcrumb\"},\"inLanguage\":\"es\",\"potentialAction\":[{\"@type\":\"ReadAction\",\"target\":[\"https:\\\/\\\/www.lichen.pl\\\/milosc-ktora-nie-zna-granic-obchody-dnia-osob-z-zespolem-downa\\\/\"]}]},{\"@type\":\"ImageObject\",\"inLanguage\":\"es\",\"@id\":\"https:\\\/\\\/www.lichen.pl\\\/milosc-ktora-nie-zna-granic-obchody-dnia-osob-z-zespolem-downa\\\/#primaryimage\",\"url\":\"https:\\\/\\\/www.lichen.pl\\\/wp-content\\\/uploads\\\/2025\\\/03\\\/Obchody-Dnia-Osob-z-Zespolem-Downa-8.jpg\",\"contentUrl\":\"https:\\\/\\\/www.lichen.pl\\\/wp-content\\\/uploads\\\/2025\\\/03\\\/Obchody-Dnia-Osob-z-Zespolem-Downa-8.jpg\",\"width\":5880,\"height\":3920},{\"@type\":\"BreadcrumbList\",\"@id\":\"https:\\\/\\\/www.lichen.pl\\\/milosc-ktora-nie-zna-granic-obchody-dnia-osob-z-zespolem-downa\\\/#breadcrumb\",\"itemListElement\":[{\"@type\":\"ListItem\",\"position\":1,\"name\":\"Strona g\u0142\u00f3wna\",\"item\":\"https:\\\/\\\/www.lichen.pl\\\/\"},{\"@type\":\"ListItem\",\"position\":2,\"name\":\"Mi\u0142o\u015b\u0107, kt\u00f3ra nie zna granic \u2013 obchody Dnia Os\u00f3b z Zespo\u0142em Downa\"}]},{\"@type\":\"WebSite\",\"@id\":\"https:\\\/\\\/www.lichen.pl\\\/fr\\\/#website\",\"url\":\"https:\\\/\\\/www.lichen.pl\\\/fr\\\/\",\"name\":\"SANKTUARIUM W LICHENIU\",\"description\":\"MATKI BO\u017bEJ LICHE\u0143SKIEJ BOLESNEJ KR\u00d3LOWEJ POLSKI\",\"potentialAction\":[{\"@type\":\"SearchAction\",\"target\":{\"@type\":\"EntryPoint\",\"urlTemplate\":\"https:\\\/\\\/www.lichen.pl\\\/fr\\\/?s={search_term_string}\"},\"query-input\":{\"@type\":\"PropertyValueSpecification\",\"valueRequired\":true,\"valueName\":\"search_term_string\"}}],\"inLanguage\":\"es\"},{\"@type\":\"Person\",\"@id\":\"https:\\\/\\\/www.lichen.pl\\\/fr\\\/#\\\/schema\\\/person\\\/682b5cfa2f8a664a298ed0bc19782a02\",\"name\":\"Biuro Prasowe\",\"image\":{\"@type\":\"ImageObject\",\"inLanguage\":\"es\",\"@id\":\"https:\\\/\\\/secure.gravatar.com\\\/avatar\\\/07fa3449d37670fd38888cb2e3db27aa13df245d811ec65206e44888f202bb53?s=96&d=retro&r=g\",\"url\":\"https:\\\/\\\/secure.gravatar.com\\\/avatar\\\/07fa3449d37670fd38888cb2e3db27aa13df245d811ec65206e44888f202bb53?s=96&d=retro&r=g\",\"contentUrl\":\"https:\\\/\\\/secure.gravatar.com\\\/avatar\\\/07fa3449d37670fd38888cb2e3db27aa13df245d811ec65206e44888f202bb53?s=96&d=retro&r=g\",\"caption\":\"Biuro Prasowe\"},\"sameAs\":[\"http:\\\/\\\/www.lichen.pl\"],\"url\":\"https:\\\/\\\/www.lichen.pl\\\/es\\\/author\\\/biuro-prasowe\\\/\"}]}<\/script>\n<!-- \/ Yoast SEO plugin. -->","yoast_head_json":{"title":"Mi\u0142o\u015b\u0107, kt\u00f3ra nie zna granic \u2013 obchody Dnia Os\u00f3b z Zespo\u0142em Downa - SANKTUARIUM W LICHENIU","robots":{"index":"index","follow":"follow","max-snippet":"max-snippet:-1","max-image-preview":"max-image-preview:large","max-video-preview":"max-video-preview:-1"},"canonical":"https:\/\/www.lichen.pl\/es\/milosc-ktora-nie-zna-granic-obchody-dnia-osob-z-zespolem-downa\/","og_locale":"es_ES","og_type":"article","og_title":"Mi\u0142o\u015b\u0107, kt\u00f3ra nie zna granic \u2013 obchody Dnia Os\u00f3b z Zespo\u0142em Downa - SANKTUARIUM W LICHENIU","og_description":"W niedzielne popo\u0142udnie sanktuarium sta\u0142o si\u0119 miejscem szczeg\u00f3lnegospotkania \u2013 obchod\u00f3w Dnia Os\u00f3b z Zespo\u0142em Downa. Wydarzenie zgromadzi\u0142orodziny, przyjaci\u00f3\u0142 oraz wszystkich, kt\u00f3rym bliska jest idea integracji iakceptacji os\u00f3b z Zespo\u0142em Downa. By\u0142 to czas pe\u0142en \u017cyczliwo\u015bci, rado\u015bci irefleksji, pokazuj\u0105cy, jak wielk\u0105 si\u0142\u0119 ma wsp\u00f3lnota oparta na mi\u0142o\u015bci izrozumieniu. Centralnym punktem obchod\u00f3w by\u0142a Msza \u015awi\u0119ta o godzinie12:00, [&hellip;]","og_url":"https:\/\/www.lichen.pl\/es\/milosc-ktora-nie-zna-granic-obchody-dnia-osob-z-zespolem-downa\/","og_site_name":"SANKTUARIUM W LICHENIU","article_published_time":"2025-03-23T20:36:24+00:00","article_modified_time":"2025-03-23T21:52:45+00:00","og_image":[{"width":1024,"height":683,"url":"https:\/\/www.lichen.pl\/wp-content\/uploads\/2025\/03\/Obchody-Dnia-Osob-z-Zespolem-Downa-8-1024x683.jpg","type":"image\/jpeg"}],"author":"Biuro Prasowe","twitter_card":"summary_large_image","twitter_misc":{"Escrito por":"Biuro Prasowe","Tiempo de lectura":"13 minutos"},"schema":{"@context":"https:\/\/schema.org","@graph":[{"@type":"Article","@id":"https:\/\/www.lichen.pl\/milosc-ktora-nie-zna-granic-obchody-dnia-osob-z-zespolem-downa\/#article","isPartOf":{"@id":"https:\/\/www.lichen.pl\/milosc-ktora-nie-zna-granic-obchody-dnia-osob-z-zespolem-downa\/"},"author":{"name":"Biuro Prasowe","@id":"https:\/\/www.lichen.pl\/fr\/#\/schema\/person\/682b5cfa2f8a664a298ed0bc19782a02"},"headline":"Mi\u0142o\u015b\u0107, kt\u00f3ra nie zna granic \u2013 obchody Dnia Os\u00f3b z Zespo\u0142em Downa","datePublished":"2025-03-23T20:36:24+00:00","dateModified":"2025-03-23T21:52:45+00:00","mainEntityOfPage":{"@id":"https:\/\/www.lichen.pl\/milosc-ktora-nie-zna-granic-obchody-dnia-osob-z-zespolem-downa\/"},"wordCount":841,"image":{"@id":"https:\/\/www.lichen.pl\/milosc-ktora-nie-zna-granic-obchody-dnia-osob-z-zespolem-downa\/#primaryimage"},"thumbnailUrl":"https:\/\/www.lichen.pl\/wp-content\/uploads\/2025\/03\/Obchody-Dnia-Osob-z-Zespolem-Downa-8.jpg","articleSection":["Aktualno\u015bci"],"inLanguage":"es"},{"@type":"WebPage","@id":"https:\/\/www.lichen.pl\/milosc-ktora-nie-zna-granic-obchody-dnia-osob-z-zespolem-downa\/","url":"https:\/\/www.lichen.pl\/milosc-ktora-nie-zna-granic-obchody-dnia-osob-z-zespolem-downa\/","name":"Mi\u0142o\u015b\u0107, kt\u00f3ra nie zna granic \u2013 obchody Dnia Os\u00f3b z Zespo\u0142em Downa - SANKTUARIUM W LICHENIU","isPartOf":{"@id":"https:\/\/www.lichen.pl\/fr\/#website"},"primaryImageOfPage":{"@id":"https:\/\/www.lichen.pl\/milosc-ktora-nie-zna-granic-obchody-dnia-osob-z-zespolem-downa\/#primaryimage"},"image":{"@id":"https:\/\/www.lichen.pl\/milosc-ktora-nie-zna-granic-obchody-dnia-osob-z-zespolem-downa\/#primaryimage"},"thumbnailUrl":"https:\/\/www.lichen.pl\/wp-content\/uploads\/2025\/03\/Obchody-Dnia-Osob-z-Zespolem-Downa-8.jpg","datePublished":"2025-03-23T20:36:24+00:00","dateModified":"2025-03-23T21:52:45+00:00","author":{"@id":"https:\/\/www.lichen.pl\/fr\/#\/schema\/person\/682b5cfa2f8a664a298ed0bc19782a02"},"breadcrumb":{"@id":"https:\/\/www.lichen.pl\/milosc-ktora-nie-zna-granic-obchody-dnia-osob-z-zespolem-downa\/#breadcrumb"},"inLanguage":"es","potentialAction":[{"@type":"ReadAction","target":["https:\/\/www.lichen.pl\/milosc-ktora-nie-zna-granic-obchody-dnia-osob-z-zespolem-downa\/"]}]},{"@type":"ImageObject","inLanguage":"es","@id":"https:\/\/www.lichen.pl\/milosc-ktora-nie-zna-granic-obchody-dnia-osob-z-zespolem-downa\/#primaryimage","url":"https:\/\/www.lichen.pl\/wp-content\/uploads\/2025\/03\/Obchody-Dnia-Osob-z-Zespolem-Downa-8.jpg","contentUrl":"https:\/\/www.lichen.pl\/wp-content\/uploads\/2025\/03\/Obchody-Dnia-Osob-z-Zespolem-Downa-8.jpg","width":5880,"height":3920},{"@type":"BreadcrumbList","@id":"https:\/\/www.lichen.pl\/milosc-ktora-nie-zna-granic-obchody-dnia-osob-z-zespolem-downa\/#breadcrumb","itemListElement":[{"@type":"ListItem","position":1,"name":"Strona g\u0142\u00f3wna","item":"https:\/\/www.lichen.pl\/"},{"@type":"ListItem","position":2,"name":"Mi\u0142o\u015b\u0107, kt\u00f3ra nie zna granic \u2013 obchody Dnia Os\u00f3b z Zespo\u0142em Downa"}]},{"@type":"WebSite","@id":"https:\/\/www.lichen.pl\/fr\/#website","url":"https:\/\/www.lichen.pl\/fr\/","name":"SANTUARIO EN LICHENIA","description":"LA DOLOROSA REINA DE POLONIA DE NUESTRO LICHEN","potentialAction":[{"@type":"SearchAction","target":{"@type":"EntryPoint","urlTemplate":"https:\/\/www.lichen.pl\/fr\/?s={search_term_string}"},"query-input":{"@type":"PropertyValueSpecification","valueRequired":true,"valueName":"search_term_string"}}],"inLanguage":"es"},{"@type":"Person","@id":"https:\/\/www.lichen.pl\/fr\/#\/schema\/person\/682b5cfa2f8a664a298ed0bc19782a02","name":"Biuro Prasowe","image":{"@type":"ImageObject","inLanguage":"es","@id":"https:\/\/secure.gravatar.com\/avatar\/07fa3449d37670fd38888cb2e3db27aa13df245d811ec65206e44888f202bb53?s=96&d=retro&r=g","url":"https:\/\/secure.gravatar.com\/avatar\/07fa3449d37670fd38888cb2e3db27aa13df245d811ec65206e44888f202bb53?s=96&d=retro&r=g","contentUrl":"https:\/\/secure.gravatar.com\/avatar\/07fa3449d37670fd38888cb2e3db27aa13df245d811ec65206e44888f202bb53?s=96&d=retro&r=g","caption":"Biuro Prasowe"},"sameAs":["http:\/\/www.lichen.pl"],"url":"https:\/\/www.lichen.pl\/es\/author\/biuro-prasowe\/"}]}},"_links":{"self":[{"href":"https:\/\/www.lichen.pl\/es\/wp-json\/wp\/v2\/posts\/81085","targetHints":{"allow":["GET"]}}],"collection":[{"href":"https:\/\/www.lichen.pl\/es\/wp-json\/wp\/v2\/posts"}],"about":[{"href":"https:\/\/www.lichen.pl\/es\/wp-json\/wp\/v2\/types\/post"}],"author":[{"embeddable":true,"href":"https:\/\/www.lichen.pl\/es\/wp-json\/wp\/v2\/users\/8"}],"replies":[{"embeddable":true,"href":"https:\/\/www.lichen.pl\/es\/wp-json\/wp\/v2\/comments?post=81085"}],"version-history":[{"count":12,"href":"https:\/\/www.lichen.pl\/es\/wp-json\/wp\/v2\/posts\/81085\/revisions"}],"predecessor-version":[{"id":81142,"href":"https:\/\/www.lichen.pl\/es\/wp-json\/wp\/v2\/posts\/81085\/revisions\/81142"}],"wp:featuredmedia":[{"embeddable":true,"href":"https:\/\/www.lichen.pl\/es\/wp-json\/wp\/v2\/media\/81095"}],"wp:attachment":[{"href":"https:\/\/www.lichen.pl\/es\/wp-json\/wp\/v2\/media?parent=81085"}],"wp:term":[{"taxonomy":"category","embeddable":true,"href":"https:\/\/www.lichen.pl\/es\/wp-json\/wp\/v2\/categories?post=81085"},{"taxonomy":"post_tag","embeddable":true,"href":"https:\/\/www.lichen.pl\/es\/wp-json\/wp\/v2\/tags?post=81085"}],"curies":[{"name":"wp","href":"https:\/\/api.w.org\/{rel}","templated":true}]}}