{"id":9432,"date":"2021-05-22T13:00:16","date_gmt":"2021-05-22T13:00:16","guid":{"rendered":"http:\/\/www.lichen.pl\/?p=9432"},"modified":"2021-06-17T14:31:51","modified_gmt":"2021-06-17T14:31:51","slug":"przygotowujace-do-spowiedzi-generalnej","status":"publish","type":"post","link":"https:\/\/www.lichen.pl\/es\/przygotowujace-do-spowiedzi-generalnej\/","title":{"rendered":"Ya ha comenzado el retiro de preparaci\u00f3n para la confesi\u00f3n general. Te invitamos."},"content":{"rendered":"<div data-elementor-type=\"wp-post\" data-elementor-id=\"9432\" class=\"elementor elementor-9432\" data-elementor-post-type=\"post\">\n\t\t\t\t\t\t<section class=\"elementor-section elementor-top-section elementor-element elementor-element-2e3f36bc elementor-section-boxed elementor-section-height-default elementor-section-height-default\" data-id=\"2e3f36bc\" data-element_type=\"section\" data-e-type=\"section\">\n\t\t\t\t\t\t<div class=\"elementor-container elementor-column-gap-default\">\n\t\t\t\t\t<div class=\"elementor-column elementor-col-100 elementor-top-column elementor-element elementor-element-7118f876\" data-id=\"7118f876\" data-element_type=\"column\" data-e-type=\"column\">\n\t\t\t<div class=\"elementor-widget-wrap elementor-element-populated\">\n\t\t\t\t\t\t<div class=\"elementor-element elementor-element-4eae27ed elementor-drop-cap-yes elementor-drop-cap-view-default elementor-widget elementor-widget-text-editor\" data-id=\"4eae27ed\" data-element_type=\"widget\" data-e-type=\"widget\" data-settings=\"{&quot;drop_cap&quot;:&quot;yes&quot;}\" data-widget_type=\"text-editor.default\">\n\t\t\t\t<div class=\"elementor-widget-container\">\n\t\t\t\t\t\t\t\t\t<p>Otra edici\u00f3n de retiros de preparaci\u00f3n a la confesi\u00f3n general tiene lugar en el Santuario Mariano de Liche\u0144. - &quot;Es un tiempo de gracia y de silencio, que es para ayudarte a analizar tu vida&quot; - dice el p. Jaros\u0142aw Hybza, MIC de Liche\u0144, quien, durante un retiro de cuatro d\u00edas, trata de mostrar a los participantes el camino correcto que conduce a Dios, a trav\u00e9s de la renuncia y el rechazo del pecado que pesa sobre el coraz\u00f3n humano.<\/p><p>Entre los que decidieron hacer un retiro de preparaci\u00f3n para la confesi\u00f3n general, est\u00e1 la Sra. Lucyna de Lubo\u0144, cerca de Pozna\u0144, para quien este es el primer retiro en el santuario de Liche\u0144. Sin embargo, solo ahora, despu\u00e9s de jubilarse, estaba lista para tomar la decisi\u00f3n de venir a Liche\u0144 y aprovechar la oportunidad para resumir su vida: - \u201cTuve mi primera confesi\u00f3n general a la edad de 28 a\u00f1os. Fue poco despu\u00e9s de mi conversi\u00f3n, dos a\u00f1os antes. Me un\u00ed a la Renovaci\u00f3n en el Esp\u00edritu Santo, donde me gust\u00f3 mucho. Sin embargo, despu\u00e9s de casarme, mi vida espiritual qued\u00f3 relegada a un segundo plano. Iba a la iglesia, pero ya no era como antes, ya sabes: casa, familia, hijos, deberes diarios. Ahora, cuando estoy jubilado, ha madurado en m\u00ed un deseo de resolver algunas cuestiones no dichas y no resueltas&quot;.<\/p><p>La Sra. Lucyna prest\u00f3 especial atenci\u00f3n a la forma de traducir y explicar los temas contenidos en las Sagradas Escrituras por parte del P. Jaroslaw Hybza, MIC. - \u201cLa forma de transmitir el retiro del sacerdote me parece sensacional. Hasta ahora no estaba acostumbrado a un an\u00e1lisis tan profundo de los textos b\u00edblicos. Y resulta que los temas dif\u00edciles se pueden transmitir de una manera extremadamente simple y clara. Adem\u00e1s, siento la gu\u00eda del Esp\u00edritu Santo que abre y muestra ciertas cosas\u201d.<\/p><p>El l\u00edder del retiro mariano, el P. Jaros\u0142aw Hybza, MIC, hablando de la esencia de estos ejercicios espirituales, enfatiza el hecho de que al introducir a los participantes en el contenido de la Biblia, trata de transmitirles que no deben centrarse en el pecado, sino en la misericordia de Dios, que limpia. y da vida nueva, gracias a la cual pueden prepararse para el nuevo nacimiento con y para Cristo. - \u201cLos retiros de preparaci\u00f3n a la confesi\u00f3n general son un tiempo de gracia y de silencio, que est\u00e1 para ayudarte a analizar tu vida. Gracias a esto, podemos detenernos en esos momentos y pecados que no confesamos antes por varias razones, porque, por ejemplo, nos avergonzamos de ellos, nos avergonzamos o simplemente nos olvidamos de ellos. Se trata especialmente de los pecados que nos molestan mucho, que est\u00e1n grabados profundamente en nuestro coraz\u00f3n. El retiro de preparaci\u00f3n para la confesi\u00f3n general es una oportunidad para confesarse honesta y aut\u00e9nticamente de todos estos pecados\u201d.<\/p><p>Durante el retiro, la mariana les dice a los participantes que una buena confesi\u00f3n tiene una confesi\u00f3n en tres palabras. Debe ser simple, breve y honesto. - &quot;Aqu\u00ed en Liche\u0144, en la casa de Nuestra Se\u00f1ora, estamos tratando de preparar a los fieles para expresar de una vez por todas todo lo que se esconde en el fondo del coraz\u00f3n de una manera simple, breve, accesible, clara y concisa&quot; - agrega el sacerdote.<\/p><p>El momento central de cada d\u00eda de retiro es la participaci\u00f3n en la Santa Misa. Los ejercitantes pueden hacerlo uni\u00e9ndose a la Eucarist\u00eda que se celebra en la bas\u00edlica de Lichen o en la iglesia parroquial de St. S t. Dorothy.\u00a0<\/p><p>Este a\u00f1o es la segunda ronda de retiros de preparaci\u00f3n para la confesi\u00f3n general. Las personas que deseen experimentar estos u otros retiros organizados por el Santuario Mariano en Liche\u0144 Stary, pueden comunicarse con la Oficina de Atenci\u00f3n al Peregrino por tel\u00e9fono (63 270 81 63) o por correo electr\u00f3nico (lichen@lichen.pl).\u00a0<\/p><p><span style=\"text-decoration: underline;\"><strong><span style=\"color: #0000ff; text-decoration: underline;\">M\u00e1s sobre el retiro <a style=\"color: #0000ff; text-decoration: underline;\" href=\"http:\/\/www.lichen.pl\/es\/rekolekcje-przygotowujace-do-spowiedzi-generalnej\/\" target=\"_blank\" rel=\"noopener\">aqu\u00ed<\/a><\/span><\/strong><\/span><\/p>\t\t\t\t\t\t\t\t<\/div>\n\t\t\t\t<\/div>\n\t\t\t\t\t<\/div>\n\t\t<\/div>\n\t\t\t\t\t<\/div>\n\t\t<\/section>\n\t\t\t\t<section class=\"elementor-section elementor-top-section elementor-element elementor-element-7f0bf3e elementor-section-boxed elementor-section-height-default elementor-section-height-default\" data-id=\"7f0bf3e\" data-element_type=\"section\" data-e-type=\"section\">\n\t\t\t\t\t\t<div class=\"elementor-container elementor-column-gap-default\">\n\t\t\t\t\t<div class=\"elementor-column elementor-col-100 elementor-top-column elementor-element elementor-element-acb62e6\" data-id=\"acb62e6\" data-element_type=\"column\" data-e-type=\"column\">\n\t\t\t<div class=\"elementor-widget-wrap elementor-element-populated\">\n\t\t\t\t\t\t<div class=\"elementor-element elementor-element-630efa2 elementor-widget-divider--view-line elementor-widget elementor-widget-divider\" data-id=\"630efa2\" data-element_type=\"widget\" data-e-type=\"widget\" data-widget_type=\"divider.default\">\n\t\t\t\t<div class=\"elementor-widget-container\">\n\t\t\t\t\t\t\t<div class=\"elementor-divider\">\n\t\t\t<span class=\"elementor-divider-separator\">\n\t\t\t\t\t\t<\/span>\n\t\t<\/div>\n\t\t\t\t\t\t<\/div>\n\t\t\t\t<\/div>\n\t\t\t\t\t<\/div>\n\t\t<\/div>\n\t\t\t\t\t<\/div>\n\t\t<\/section>\n\t\t\t\t<section class=\"elementor-section elementor-top-section elementor-element elementor-element-be72025 elementor-section-boxed elementor-section-height-default elementor-section-height-default\" data-id=\"be72025\" data-element_type=\"section\" data-e-type=\"section\">\n\t\t\t\t\t\t<div class=\"elementor-container elementor-column-gap-default\">\n\t\t\t\t\t<div class=\"elementor-column elementor-col-100 elementor-top-column elementor-element elementor-element-4db6d29\" data-id=\"4db6d29\" data-element_type=\"column\" data-e-type=\"column\">\n\t\t\t<div class=\"elementor-widget-wrap elementor-element-populated\">\n\t\t\t\t\t\t<div class=\"elementor-element elementor-element-bd7f28e elementor-widget elementor-widget-image\" data-id=\"bd7f28e\" data-element_type=\"widget\" data-e-type=\"widget\" data-widget_type=\"image.default\">\n\t\t\t\t<div class=\"elementor-widget-container\">\n\t\t\t\t\t\t\t\t\t\t\t\t\t\t\t<img fetchpriority=\"high\" decoding=\"async\" width=\"1024\" height=\"613\" src=\"https:\/\/www.lichen.pl\/wp-content\/uploads\/2021\/05\/IMG_7778-1024x613.jpg\" class=\"attachment-large size-large wp-image-9454\" alt=\"Uczestnicy rekolekcji z ks. Jaros\u0142awem Hybz\u0105 MIC\" srcset=\"https:\/\/www.lichen.pl\/wp-content\/uploads\/2021\/05\/IMG_7778-1024x613.jpg 1024w, https:\/\/www.lichen.pl\/wp-content\/uploads\/2021\/05\/IMG_7778-800x479.jpg 800w, https:\/\/www.lichen.pl\/wp-content\/uploads\/2021\/05\/IMG_7778-300x180.jpg 300w, https:\/\/www.lichen.pl\/wp-content\/uploads\/2021\/05\/IMG_7778-768x460.jpg 768w, https:\/\/www.lichen.pl\/wp-content\/uploads\/2021\/05\/IMG_7778.jpg 1283w\" sizes=\"(max-width: 1024px) 100vw, 1024px\" \/>\t\t\t\t\t\t\t\t\t\t\t\t\t\t\t<\/div>\n\t\t\t\t<\/div>\n\t\t\t\t\t<\/div>\n\t\t<\/div>\n\t\t\t\t\t<\/div>\n\t\t<\/section>\n\t\t\t\t<\/div>","protected":false},"excerpt":{"rendered":"<p>W Sanktuarium Maryjnym w Licheniu odbywa si\u0119 kolejna edycja rekolekcji przygotowuj\u0105cych do spowiedzi generalnej. &#8211; \u201eJest to czas \u0142aski i wyciszenia, kt\u00f3ry ma pom\u00f3c w przeanalizowaniu swojego \u017cycia\u201d\u2013 m\u00f3wi ks. Jaros\u0142aw Hybza MIC z Lichenia, kt\u00f3ry w trakcie czterodniowych rekolekcji stara si\u0119 wskaza\u0107 uczestnikom w\u0142a\u015bciw\u0105 drog\u0119 prowadz\u0105c\u0105 do Boga, poprzez wyrzeczenie si\u0119 i odrzucenie grzechu, [&hellip;]<\/p>\n","protected":false},"author":4,"featured_media":9519,"comment_status":"open","ping_status":"open","sticky":false,"template":"","format":"standard","meta":{"footnotes":""},"categories":[1],"tags":[],"class_list":["post-9432","post","type-post","status-publish","format-standard","has-post-thumbnail","hentry","category-aktualnosci","wpbf-post"],"yoast_head":"<!-- This site is optimized with the Yoast SEO plugin v27.4 - https:\/\/yoast.com\/product\/yoast-seo-wordpress\/ -->\n<title>Rekolekcje przygotowuj\u0105ce do spowiedzi generalnej ju\u017c ruszy\u0142y. Zapraszamy. - SANKTUARIUM W LICHENIU<\/title>\n<meta name=\"robots\" content=\"index, follow, max-snippet:-1, max-image-preview:large, max-video-preview:-1\" \/>\n<link rel=\"canonical\" href=\"http:\/\/www.lichen.pl\/es\/przygotowujace-do-spowiedzi-generalnej\/\" \/>\n<meta property=\"og:locale\" content=\"es_ES\" \/>\n<meta property=\"og:type\" content=\"article\" \/>\n<meta property=\"og:title\" content=\"Rekolekcje przygotowuj\u0105ce do spowiedzi generalnej ju\u017c ruszy\u0142y. Zapraszamy. - SANKTUARIUM W LICHENIU\" \/>\n<meta property=\"og:description\" content=\"W Sanktuarium Maryjnym w Licheniu odbywa si\u0119 kolejna edycja rekolekcji przygotowuj\u0105cych do spowiedzi generalnej. &#8211; \u201eJest to czas \u0142aski i wyciszenia, kt\u00f3ry ma pom\u00f3c w przeanalizowaniu swojego \u017cycia\u201d\u2013 m\u00f3wi ks. Jaros\u0142aw Hybza MIC z Lichenia, kt\u00f3ry w trakcie czterodniowych rekolekcji stara si\u0119 wskaza\u0107 uczestnikom w\u0142a\u015bciw\u0105 drog\u0119 prowadz\u0105c\u0105 do Boga, poprzez wyrzeczenie si\u0119 i odrzucenie grzechu, [&hellip;]\" \/>\n<meta property=\"og:url\" content=\"http:\/\/www.lichen.pl\/es\/przygotowujace-do-spowiedzi-generalnej\/\" \/>\n<meta property=\"og:site_name\" content=\"SANKTUARIUM W LICHENIU\" \/>\n<meta property=\"article:published_time\" content=\"2021-05-22T13:00:16+00:00\" \/>\n<meta property=\"article:modified_time\" content=\"2021-06-17T14:31:51+00:00\" \/>\n<meta property=\"og:image\" content=\"http:\/\/www.lichen.pl\/wp-content\/uploads\/2021\/05\/unnamed.jpg\" \/>\n\t<meta property=\"og:image:width\" content=\"512\" \/>\n\t<meta property=\"og:image:height\" content=\"384\" \/>\n\t<meta property=\"og:image:type\" content=\"image\/jpeg\" \/>\n<meta name=\"author\" content=\"ROBERT ADAMCZYK\" \/>\n<meta name=\"twitter:card\" content=\"summary_large_image\" \/>\n<meta name=\"twitter:label1\" content=\"Escrito por\" \/>\n\t<meta name=\"twitter:data1\" content=\"ROBERT ADAMCZYK\" \/>\n\t<meta name=\"twitter:label2\" content=\"Tiempo de lectura\" \/>\n\t<meta name=\"twitter:data2\" content=\"3 minutos\" \/>\n<script type=\"application\/ld+json\" class=\"yoast-schema-graph\">{\"@context\":\"https:\\\/\\\/schema.org\",\"@graph\":[{\"@type\":\"Article\",\"@id\":\"http:\\\/\\\/www.lichen.pl\\\/es\\\/przygotowujace-do-spowiedzi-generalnej\\\/#article\",\"isPartOf\":{\"@id\":\"http:\\\/\\\/www.lichen.pl\\\/es\\\/przygotowujace-do-spowiedzi-generalnej\\\/\"},\"author\":{\"name\":\"ROBERT ADAMCZYK\",\"@id\":\"https:\\\/\\\/www.lichen.pl\\\/fr\\\/#\\\/schema\\\/person\\\/c06cd926b95870cc59f18d6ee6e33da5\"},\"headline\":\"Rekolekcje przygotowuj\u0105ce do spowiedzi generalnej ju\u017c ruszy\u0142y. Zapraszamy.\",\"datePublished\":\"2021-05-22T13:00:16+00:00\",\"dateModified\":\"2021-06-17T14:31:51+00:00\",\"mainEntityOfPage\":{\"@id\":\"http:\\\/\\\/www.lichen.pl\\\/es\\\/przygotowujace-do-spowiedzi-generalnej\\\/\"},\"wordCount\":648,\"commentCount\":0,\"image\":{\"@id\":\"http:\\\/\\\/www.lichen.pl\\\/es\\\/przygotowujace-do-spowiedzi-generalnej\\\/#primaryimage\"},\"thumbnailUrl\":\"https:\\\/\\\/www.lichen.pl\\\/wp-content\\\/uploads\\\/2021\\\/05\\\/unnamed.jpg\",\"articleSection\":[\"Aktualno\u015bci\"],\"inLanguage\":\"es\",\"potentialAction\":[{\"@type\":\"CommentAction\",\"name\":\"Comment\",\"target\":[\"http:\\\/\\\/www.lichen.pl\\\/es\\\/przygotowujace-do-spowiedzi-generalnej\\\/#respond\"]}]},{\"@type\":\"WebPage\",\"@id\":\"http:\\\/\\\/www.lichen.pl\\\/es\\\/przygotowujace-do-spowiedzi-generalnej\\\/\",\"url\":\"http:\\\/\\\/www.lichen.pl\\\/es\\\/przygotowujace-do-spowiedzi-generalnej\\\/\",\"name\":\"Rekolekcje przygotowuj\u0105ce do spowiedzi generalnej ju\u017c ruszy\u0142y. Zapraszamy. - SANKTUARIUM W LICHENIU\",\"isPartOf\":{\"@id\":\"https:\\\/\\\/www.lichen.pl\\\/fr\\\/#website\"},\"primaryImageOfPage\":{\"@id\":\"http:\\\/\\\/www.lichen.pl\\\/es\\\/przygotowujace-do-spowiedzi-generalnej\\\/#primaryimage\"},\"image\":{\"@id\":\"http:\\\/\\\/www.lichen.pl\\\/es\\\/przygotowujace-do-spowiedzi-generalnej\\\/#primaryimage\"},\"thumbnailUrl\":\"https:\\\/\\\/www.lichen.pl\\\/wp-content\\\/uploads\\\/2021\\\/05\\\/unnamed.jpg\",\"datePublished\":\"2021-05-22T13:00:16+00:00\",\"dateModified\":\"2021-06-17T14:31:51+00:00\",\"author\":{\"@id\":\"https:\\\/\\\/www.lichen.pl\\\/fr\\\/#\\\/schema\\\/person\\\/c06cd926b95870cc59f18d6ee6e33da5\"},\"breadcrumb\":{\"@id\":\"http:\\\/\\\/www.lichen.pl\\\/es\\\/przygotowujace-do-spowiedzi-generalnej\\\/#breadcrumb\"},\"inLanguage\":\"es\",\"potentialAction\":[{\"@type\":\"ReadAction\",\"target\":[\"http:\\\/\\\/www.lichen.pl\\\/es\\\/przygotowujace-do-spowiedzi-generalnej\\\/\"]}]},{\"@type\":\"ImageObject\",\"inLanguage\":\"es\",\"@id\":\"http:\\\/\\\/www.lichen.pl\\\/es\\\/przygotowujace-do-spowiedzi-generalnej\\\/#primaryimage\",\"url\":\"https:\\\/\\\/www.lichen.pl\\\/wp-content\\\/uploads\\\/2021\\\/05\\\/unnamed.jpg\",\"contentUrl\":\"https:\\\/\\\/www.lichen.pl\\\/wp-content\\\/uploads\\\/2021\\\/05\\\/unnamed.jpg\",\"width\":512,\"height\":384,\"caption\":\"Spowied\u017a generalna\"},{\"@type\":\"BreadcrumbList\",\"@id\":\"http:\\\/\\\/www.lichen.pl\\\/es\\\/przygotowujace-do-spowiedzi-generalnej\\\/#breadcrumb\",\"itemListElement\":[{\"@type\":\"ListItem\",\"position\":1,\"name\":\"Strona g\u0142\u00f3wna\",\"item\":\"https:\\\/\\\/www.lichen.pl\\\/\"},{\"@type\":\"ListItem\",\"position\":2,\"name\":\"Rekolekcje przygotowuj\u0105ce do spowiedzi generalnej ju\u017c ruszy\u0142y. Zapraszamy.\"}]},{\"@type\":\"WebSite\",\"@id\":\"https:\\\/\\\/www.lichen.pl\\\/fr\\\/#website\",\"url\":\"https:\\\/\\\/www.lichen.pl\\\/fr\\\/\",\"name\":\"SANKTUARIUM W LICHENIU\",\"description\":\"MATKI BO\u017bEJ LICHE\u0143SKIEJ BOLESNEJ KR\u00d3LOWEJ POLSKI\",\"potentialAction\":[{\"@type\":\"SearchAction\",\"target\":{\"@type\":\"EntryPoint\",\"urlTemplate\":\"https:\\\/\\\/www.lichen.pl\\\/fr\\\/?s={search_term_string}\"},\"query-input\":{\"@type\":\"PropertyValueSpecification\",\"valueRequired\":true,\"valueName\":\"search_term_string\"}}],\"inLanguage\":\"es\"},{\"@type\":\"Person\",\"@id\":\"https:\\\/\\\/www.lichen.pl\\\/fr\\\/#\\\/schema\\\/person\\\/c06cd926b95870cc59f18d6ee6e33da5\",\"name\":\"ROBERT ADAMCZYK\",\"image\":{\"@type\":\"ImageObject\",\"inLanguage\":\"es\",\"@id\":\"https:\\\/\\\/secure.gravatar.com\\\/avatar\\\/53c330430596e73552f4c356c2e47c209ff8f6352a5106011c9b6abcce5e00df?s=96&d=retro&r=g\",\"url\":\"https:\\\/\\\/secure.gravatar.com\\\/avatar\\\/53c330430596e73552f4c356c2e47c209ff8f6352a5106011c9b6abcce5e00df?s=96&d=retro&r=g\",\"contentUrl\":\"https:\\\/\\\/secure.gravatar.com\\\/avatar\\\/53c330430596e73552f4c356c2e47c209ff8f6352a5106011c9b6abcce5e00df?s=96&d=retro&r=g\",\"caption\":\"ROBERT ADAMCZYK\"},\"url\":\"https:\\\/\\\/www.lichen.pl\\\/es\\\/author\\\/press\\\/\"}]}<\/script>\n<!-- \/ Yoast SEO plugin. -->","yoast_head_json":{"title":"Rekolekcje przygotowuj\u0105ce do spowiedzi generalnej ju\u017c ruszy\u0142y. Zapraszamy. - SANKTUARIUM W LICHENIU","robots":{"index":"index","follow":"follow","max-snippet":"max-snippet:-1","max-image-preview":"max-image-preview:large","max-video-preview":"max-video-preview:-1"},"canonical":"http:\/\/www.lichen.pl\/es\/przygotowujace-do-spowiedzi-generalnej\/","og_locale":"es_ES","og_type":"article","og_title":"Rekolekcje przygotowuj\u0105ce do spowiedzi generalnej ju\u017c ruszy\u0142y. Zapraszamy. - SANKTUARIUM W LICHENIU","og_description":"W Sanktuarium Maryjnym w Licheniu odbywa si\u0119 kolejna edycja rekolekcji przygotowuj\u0105cych do spowiedzi generalnej. &#8211; \u201eJest to czas \u0142aski i wyciszenia, kt\u00f3ry ma pom\u00f3c w przeanalizowaniu swojego \u017cycia\u201d\u2013 m\u00f3wi ks. Jaros\u0142aw Hybza MIC z Lichenia, kt\u00f3ry w trakcie czterodniowych rekolekcji stara si\u0119 wskaza\u0107 uczestnikom w\u0142a\u015bciw\u0105 drog\u0119 prowadz\u0105c\u0105 do Boga, poprzez wyrzeczenie si\u0119 i odrzucenie grzechu, [&hellip;]","og_url":"http:\/\/www.lichen.pl\/es\/przygotowujace-do-spowiedzi-generalnej\/","og_site_name":"SANKTUARIUM W LICHENIU","article_published_time":"2021-05-22T13:00:16+00:00","article_modified_time":"2021-06-17T14:31:51+00:00","og_image":[{"width":512,"height":384,"url":"http:\/\/www.lichen.pl\/wp-content\/uploads\/2021\/05\/unnamed.jpg","type":"image\/jpeg"}],"author":"ROBERT ADAMCZYK","twitter_card":"summary_large_image","twitter_misc":{"Escrito por":"ROBERT ADAMCZYK","Tiempo de lectura":"3 minutos"},"schema":{"@context":"https:\/\/schema.org","@graph":[{"@type":"Article","@id":"http:\/\/www.lichen.pl\/es\/przygotowujace-do-spowiedzi-generalnej\/#article","isPartOf":{"@id":"http:\/\/www.lichen.pl\/es\/przygotowujace-do-spowiedzi-generalnej\/"},"author":{"name":"ROBERT ADAMCZYK","@id":"https:\/\/www.lichen.pl\/fr\/#\/schema\/person\/c06cd926b95870cc59f18d6ee6e33da5"},"headline":"Rekolekcje przygotowuj\u0105ce do spowiedzi generalnej ju\u017c ruszy\u0142y. Zapraszamy.","datePublished":"2021-05-22T13:00:16+00:00","dateModified":"2021-06-17T14:31:51+00:00","mainEntityOfPage":{"@id":"http:\/\/www.lichen.pl\/es\/przygotowujace-do-spowiedzi-generalnej\/"},"wordCount":648,"commentCount":0,"image":{"@id":"http:\/\/www.lichen.pl\/es\/przygotowujace-do-spowiedzi-generalnej\/#primaryimage"},"thumbnailUrl":"https:\/\/www.lichen.pl\/wp-content\/uploads\/2021\/05\/unnamed.jpg","articleSection":["Aktualno\u015bci"],"inLanguage":"es","potentialAction":[{"@type":"CommentAction","name":"Comment","target":["http:\/\/www.lichen.pl\/es\/przygotowujace-do-spowiedzi-generalnej\/#respond"]}]},{"@type":"WebPage","@id":"http:\/\/www.lichen.pl\/es\/przygotowujace-do-spowiedzi-generalnej\/","url":"http:\/\/www.lichen.pl\/es\/przygotowujace-do-spowiedzi-generalnej\/","name":"Rekolekcje przygotowuj\u0105ce do spowiedzi generalnej ju\u017c ruszy\u0142y. Zapraszamy. - SANKTUARIUM W LICHENIU","isPartOf":{"@id":"https:\/\/www.lichen.pl\/fr\/#website"},"primaryImageOfPage":{"@id":"http:\/\/www.lichen.pl\/es\/przygotowujace-do-spowiedzi-generalnej\/#primaryimage"},"image":{"@id":"http:\/\/www.lichen.pl\/es\/przygotowujace-do-spowiedzi-generalnej\/#primaryimage"},"thumbnailUrl":"https:\/\/www.lichen.pl\/wp-content\/uploads\/2021\/05\/unnamed.jpg","datePublished":"2021-05-22T13:00:16+00:00","dateModified":"2021-06-17T14:31:51+00:00","author":{"@id":"https:\/\/www.lichen.pl\/fr\/#\/schema\/person\/c06cd926b95870cc59f18d6ee6e33da5"},"breadcrumb":{"@id":"http:\/\/www.lichen.pl\/es\/przygotowujace-do-spowiedzi-generalnej\/#breadcrumb"},"inLanguage":"es","potentialAction":[{"@type":"ReadAction","target":["http:\/\/www.lichen.pl\/es\/przygotowujace-do-spowiedzi-generalnej\/"]}]},{"@type":"ImageObject","inLanguage":"es","@id":"http:\/\/www.lichen.pl\/es\/przygotowujace-do-spowiedzi-generalnej\/#primaryimage","url":"https:\/\/www.lichen.pl\/wp-content\/uploads\/2021\/05\/unnamed.jpg","contentUrl":"https:\/\/www.lichen.pl\/wp-content\/uploads\/2021\/05\/unnamed.jpg","width":512,"height":384,"caption":"Spowied\u017a generalna"},{"@type":"BreadcrumbList","@id":"http:\/\/www.lichen.pl\/es\/przygotowujace-do-spowiedzi-generalnej\/#breadcrumb","itemListElement":[{"@type":"ListItem","position":1,"name":"Strona g\u0142\u00f3wna","item":"https:\/\/www.lichen.pl\/"},{"@type":"ListItem","position":2,"name":"Rekolekcje przygotowuj\u0105ce do spowiedzi generalnej ju\u017c ruszy\u0142y. Zapraszamy."}]},{"@type":"WebSite","@id":"https:\/\/www.lichen.pl\/fr\/#website","url":"https:\/\/www.lichen.pl\/fr\/","name":"SANTUARIO EN LICHENIA","description":"LA DOLOROSA REINA DE POLONIA DE NUESTRO LICHEN","potentialAction":[{"@type":"SearchAction","target":{"@type":"EntryPoint","urlTemplate":"https:\/\/www.lichen.pl\/fr\/?s={search_term_string}"},"query-input":{"@type":"PropertyValueSpecification","valueRequired":true,"valueName":"search_term_string"}}],"inLanguage":"es"},{"@type":"Person","@id":"https:\/\/www.lichen.pl\/fr\/#\/schema\/person\/c06cd926b95870cc59f18d6ee6e33da5","name":"ROBERT ADAMCZYK","image":{"@type":"ImageObject","inLanguage":"es","@id":"https:\/\/secure.gravatar.com\/avatar\/53c330430596e73552f4c356c2e47c209ff8f6352a5106011c9b6abcce5e00df?s=96&d=retro&r=g","url":"https:\/\/secure.gravatar.com\/avatar\/53c330430596e73552f4c356c2e47c209ff8f6352a5106011c9b6abcce5e00df?s=96&d=retro&r=g","contentUrl":"https:\/\/secure.gravatar.com\/avatar\/53c330430596e73552f4c356c2e47c209ff8f6352a5106011c9b6abcce5e00df?s=96&d=retro&r=g","caption":"ROBERT ADAMCZYK"},"url":"https:\/\/www.lichen.pl\/es\/author\/press\/"}]}},"_links":{"self":[{"href":"https:\/\/www.lichen.pl\/es\/wp-json\/wp\/v2\/posts\/9432","targetHints":{"allow":["GET"]}}],"collection":[{"href":"https:\/\/www.lichen.pl\/es\/wp-json\/wp\/v2\/posts"}],"about":[{"href":"https:\/\/www.lichen.pl\/es\/wp-json\/wp\/v2\/types\/post"}],"author":[{"embeddable":true,"href":"https:\/\/www.lichen.pl\/es\/wp-json\/wp\/v2\/users\/4"}],"replies":[{"embeddable":true,"href":"https:\/\/www.lichen.pl\/es\/wp-json\/wp\/v2\/comments?post=9432"}],"version-history":[{"count":26,"href":"https:\/\/www.lichen.pl\/es\/wp-json\/wp\/v2\/posts\/9432\/revisions"}],"predecessor-version":[{"id":14302,"href":"https:\/\/www.lichen.pl\/es\/wp-json\/wp\/v2\/posts\/9432\/revisions\/14302"}],"wp:featuredmedia":[{"embeddable":true,"href":"https:\/\/www.lichen.pl\/es\/wp-json\/wp\/v2\/media\/9519"}],"wp:attachment":[{"href":"https:\/\/www.lichen.pl\/es\/wp-json\/wp\/v2\/media?parent=9432"}],"wp:term":[{"taxonomy":"category","embeddable":true,"href":"https:\/\/www.lichen.pl\/es\/wp-json\/wp\/v2\/categories?post=9432"},{"taxonomy":"post_tag","embeddable":true,"href":"https:\/\/www.lichen.pl\/es\/wp-json\/wp\/v2\/tags?post=9432"}],"curies":[{"name":"wp","href":"https:\/\/api.w.org\/{rel}","templated":true}]}}