{"id":9727,"date":"2021-05-23T11:30:13","date_gmt":"2021-05-23T11:30:13","guid":{"rendered":"http:\/\/www.lichen.pl\/?p=9727"},"modified":"2021-06-17T08:04:25","modified_gmt":"2021-06-17T08:04:25","slug":"spowiedz-generalna","status":"publish","type":"post","link":"https:\/\/www.lichen.pl\/es\/spowiedz-generalna\/","title":{"rendered":"Retiro en preparaci\u00f3n para la confesi\u00f3n general, 20-23 de mayo"},"content":{"rendered":"<div data-elementor-type=\"wp-post\" data-elementor-id=\"9727\" class=\"elementor elementor-9727\" data-elementor-post-type=\"post\">\n\t\t\t\t\t\t<section class=\"elementor-section elementor-top-section elementor-element elementor-element-635fcede elementor-section-boxed elementor-section-height-default elementor-section-height-default\" data-id=\"635fcede\" data-element_type=\"section\" data-e-type=\"section\">\n\t\t\t\t\t\t<div class=\"elementor-container elementor-column-gap-default\">\n\t\t\t\t\t<div class=\"elementor-column elementor-col-100 elementor-top-column elementor-element elementor-element-4c6327af\" data-id=\"4c6327af\" data-element_type=\"column\" data-e-type=\"column\">\n\t\t\t<div class=\"elementor-widget-wrap elementor-element-populated\">\n\t\t\t\t\t\t<div class=\"elementor-element elementor-element-2117d07d elementor-drop-cap-yes elementor-drop-cap-view-default elementor-widget elementor-widget-text-editor\" data-id=\"2117d07d\" data-element_type=\"widget\" data-e-type=\"widget\" data-settings=\"{&quot;drop_cap&quot;:&quot;yes&quot;}\" data-widget_type=\"text-editor.default\">\n\t\t\t\t<div class=\"elementor-widget-container\">\n\t\t\t\t\t\t\t\t\t<p>Otro retiro de preparaci\u00f3n para la confesi\u00f3n general ha concluido en el Santuario Mariano de Liche\u0144 Stary. Durante la reuni\u00f3n, del jueves 20 de mayo al domingo 23 de mayo, participaron 20 personas de toda Polonia.<\/p><p>La Sra. Marzena G\u00f3rka de Zgierz vino a Liche\u0144 con su esposo Waldemar. Se enter\u00f3 del retiro siguiendo el perfil de Facebook del santuario Lichen. Tras conocer el programa del encuentro, decidi\u00f3 apuntarse para participar: &quot;Siempre he querido saber si es una confesi\u00f3n general, en qu\u00e9 se diferencia de esta confesi\u00f3n que se practica habitualmente en la parroquia, cu\u00e1l es el secreto que radica en esto, en hacer una buena confesi\u00f3n de toda tu vida\u201d. La participante admiti\u00f3 que al principio estaba un poco asustada, pero el ambiente que reinaba en el retiro hizo que el estr\u00e9s desapareciera r\u00e1pidamente: - \u201cEstoy gratamente sorprendida porque la confesi\u00f3n se hizo de manera \u201camigable\u201d, con mucha preocupaci\u00f3n. Al principio hubo estr\u00e9s, pero despu\u00e9s de un tiempo fue neutralizado por el sacerdote. Tengo que decir que estuvo bien organizado y bien dirigido&quot;.<\/p><p>Las ense\u00f1anzas del retiro fueron preparadas por el P. Adam Stankiewicz, MIC, vicecustodio del santuario Lichen. La Sra. Marzena enfatiz\u00f3 que fueron importantes y de gran utilidad para los participantes, porque el sacerdote expuso a los ejercitantes mucho contenido sobre c\u00f3mo act\u00faa Satan\u00e1s en la vida humana. \u201cGracias a estos consejos pudimos aprender a evitar las trampas de Satan\u00e1s. Gracias a esto pudimos prepararnos para una buena y fruct\u00edfera experiencia de confesi\u00f3n\u201d.<\/p><p>El participante del retiro tambi\u00e9n anima a participar en este tipo de encuentro - para cerrar ciertas etapas de su vida, para renacer a la vida en la fe, para abordar con madurez su vida espiritual, as\u00ed como para el tema de la salvaci\u00f3n, para una relaci\u00f3n con Dios, para vivir en la verdad.<\/p><p>El pr\u00f3ximo retiro de preparaci\u00f3n para la confesi\u00f3n general en Liche\u0144 tendr\u00e1 lugar del 27 al 30 de mayo. Se puede obtener informaci\u00f3n detallada en la Oficina de Atenci\u00f3n al Peregrino llamando al 63 270 81 42.<\/p><p>Liquen Stary, 23 de mayo de 2021<\/p>\t\t\t\t\t\t\t\t<\/div>\n\t\t\t\t<\/div>\n\t\t\t\t<div class=\"elementor-element elementor-element-0b4a6c4 elementor-widget-divider--view-line elementor-widget elementor-widget-divider\" data-id=\"0b4a6c4\" data-element_type=\"widget\" data-e-type=\"widget\" data-widget_type=\"divider.default\">\n\t\t\t\t<div class=\"elementor-widget-container\">\n\t\t\t\t\t\t\t<div class=\"elementor-divider\">\n\t\t\t<span class=\"elementor-divider-separator\">\n\t\t\t\t\t\t<\/span>\n\t\t<\/div>\n\t\t\t\t\t\t<\/div>\n\t\t\t\t<\/div>\n\t\t\t\t\t<\/div>\n\t\t<\/div>\n\t\t\t\t\t<\/div>\n\t\t<\/section>\n\t\t\t\t<\/div>","protected":false},"excerpt":{"rendered":"<p>W Sanktuarium Maryjnym w Licheniu Starym zako\u0144czy\u0142a si\u0119 kolejna tura rekolekcji przygotowuj\u0105cych do spowiedzi generalnej. W trakcie spotkania, od czwartku 20 maja do niedzieli 23 maja, wzi\u0119\u0142o udzia\u0142 20 os\u00f3b z ca\u0142ej Polski. Pani Marzena G\u00f3rka ze Zgierza przyjecha\u0142a do Lichenia wraz ze swoim m\u0119\u017cem Waldemarem. O rekolekcjach dowiedzia\u0142a si\u0119 \u015bledz\u0105c facebookowy profil liche\u0144skiego sanktuarium. [&hellip;]<\/p>\n","protected":false},"author":4,"featured_media":9728,"comment_status":"open","ping_status":"open","sticky":false,"template":"","format":"standard","meta":{"footnotes":""},"categories":[1],"tags":[],"class_list":["post-9727","post","type-post","status-publish","format-standard","has-post-thumbnail","hentry","category-aktualnosci","wpbf-post"],"yoast_head":"<!-- This site is optimized with the Yoast SEO plugin v27.4 - https:\/\/yoast.com\/product\/yoast-seo-wordpress\/ -->\n<title>Rekolekcje przygotowuj\u0105ce do spowiedzi generalnej, 20-23 maja - SANKTUARIUM W LICHENIU<\/title>\n<meta name=\"robots\" content=\"index, follow, max-snippet:-1, max-image-preview:large, max-video-preview:-1\" \/>\n<link rel=\"canonical\" href=\"https:\/\/www.lichen.pl\/es\/spowiedz-generalna\/\" \/>\n<meta property=\"og:locale\" content=\"es_ES\" \/>\n<meta property=\"og:type\" content=\"article\" \/>\n<meta property=\"og:title\" content=\"Rekolekcje przygotowuj\u0105ce do spowiedzi generalnej, 20-23 maja - SANKTUARIUM W LICHENIU\" \/>\n<meta property=\"og:description\" content=\"W Sanktuarium Maryjnym w Licheniu Starym zako\u0144czy\u0142a si\u0119 kolejna tura rekolekcji przygotowuj\u0105cych do spowiedzi generalnej. W trakcie spotkania, od czwartku 20 maja do niedzieli 23 maja, wzi\u0119\u0142o udzia\u0142 20 os\u00f3b z ca\u0142ej Polski. Pani Marzena G\u00f3rka ze Zgierza przyjecha\u0142a do Lichenia wraz ze swoim m\u0119\u017cem Waldemarem. O rekolekcjach dowiedzia\u0142a si\u0119 \u015bledz\u0105c facebookowy profil liche\u0144skiego sanktuarium. [&hellip;]\" \/>\n<meta property=\"og:url\" content=\"https:\/\/www.lichen.pl\/es\/spowiedz-generalna\/\" \/>\n<meta property=\"og:site_name\" content=\"SANKTUARIUM W LICHENIU\" \/>\n<meta property=\"article:published_time\" content=\"2021-05-23T11:30:13+00:00\" \/>\n<meta property=\"article:modified_time\" content=\"2021-06-17T08:04:25+00:00\" \/>\n<meta property=\"og:image\" content=\"https:\/\/www.lichen.pl\/wp-content\/uploads\/2021\/05\/20210523_090109-scaled.jpg\" \/>\n\t<meta property=\"og:image:width\" content=\"1920\" \/>\n\t<meta property=\"og:image:height\" content=\"1440\" \/>\n\t<meta property=\"og:image:type\" content=\"image\/jpeg\" \/>\n<meta name=\"author\" content=\"ROBERT ADAMCZYK\" \/>\n<meta name=\"twitter:card\" content=\"summary_large_image\" \/>\n<meta name=\"twitter:label1\" content=\"Escrito por\" \/>\n\t<meta name=\"twitter:data1\" content=\"ROBERT ADAMCZYK\" \/>\n\t<meta name=\"twitter:label2\" content=\"Tiempo de lectura\" \/>\n\t<meta name=\"twitter:data2\" content=\"2 minutos\" \/>\n<script type=\"application\/ld+json\" class=\"yoast-schema-graph\">{\"@context\":\"https:\\\/\\\/schema.org\",\"@graph\":[{\"@type\":\"Article\",\"@id\":\"https:\\\/\\\/www.lichen.pl\\\/spowiedz-generalna\\\/#article\",\"isPartOf\":{\"@id\":\"https:\\\/\\\/www.lichen.pl\\\/spowiedz-generalna\\\/\"},\"author\":{\"name\":\"ROBERT ADAMCZYK\",\"@id\":\"https:\\\/\\\/www.lichen.pl\\\/fr\\\/#\\\/schema\\\/person\\\/c06cd926b95870cc59f18d6ee6e33da5\"},\"headline\":\"Rekolekcje przygotowuj\u0105ce do spowiedzi generalnej, 20-23 maja\",\"datePublished\":\"2021-05-23T11:30:13+00:00\",\"dateModified\":\"2021-06-17T08:04:25+00:00\",\"mainEntityOfPage\":{\"@id\":\"https:\\\/\\\/www.lichen.pl\\\/spowiedz-generalna\\\/\"},\"wordCount\":359,\"commentCount\":0,\"image\":{\"@id\":\"https:\\\/\\\/www.lichen.pl\\\/spowiedz-generalna\\\/#primaryimage\"},\"thumbnailUrl\":\"https:\\\/\\\/www.lichen.pl\\\/wp-content\\\/uploads\\\/2021\\\/05\\\/20210523_090109-scaled.jpg\",\"articleSection\":[\"Aktualno\u015bci\"],\"inLanguage\":\"es\",\"potentialAction\":[{\"@type\":\"CommentAction\",\"name\":\"Comment\",\"target\":[\"https:\\\/\\\/www.lichen.pl\\\/spowiedz-generalna\\\/#respond\"]}]},{\"@type\":\"WebPage\",\"@id\":\"https:\\\/\\\/www.lichen.pl\\\/spowiedz-generalna\\\/\",\"url\":\"https:\\\/\\\/www.lichen.pl\\\/spowiedz-generalna\\\/\",\"name\":\"Rekolekcje przygotowuj\u0105ce do spowiedzi generalnej, 20-23 maja - SANKTUARIUM W LICHENIU\",\"isPartOf\":{\"@id\":\"https:\\\/\\\/www.lichen.pl\\\/fr\\\/#website\"},\"primaryImageOfPage\":{\"@id\":\"https:\\\/\\\/www.lichen.pl\\\/spowiedz-generalna\\\/#primaryimage\"},\"image\":{\"@id\":\"https:\\\/\\\/www.lichen.pl\\\/spowiedz-generalna\\\/#primaryimage\"},\"thumbnailUrl\":\"https:\\\/\\\/www.lichen.pl\\\/wp-content\\\/uploads\\\/2021\\\/05\\\/20210523_090109-scaled.jpg\",\"datePublished\":\"2021-05-23T11:30:13+00:00\",\"dateModified\":\"2021-06-17T08:04:25+00:00\",\"author\":{\"@id\":\"https:\\\/\\\/www.lichen.pl\\\/fr\\\/#\\\/schema\\\/person\\\/c06cd926b95870cc59f18d6ee6e33da5\"},\"breadcrumb\":{\"@id\":\"https:\\\/\\\/www.lichen.pl\\\/spowiedz-generalna\\\/#breadcrumb\"},\"inLanguage\":\"es\",\"potentialAction\":[{\"@type\":\"ReadAction\",\"target\":[\"https:\\\/\\\/www.lichen.pl\\\/spowiedz-generalna\\\/\"]}]},{\"@type\":\"ImageObject\",\"inLanguage\":\"es\",\"@id\":\"https:\\\/\\\/www.lichen.pl\\\/spowiedz-generalna\\\/#primaryimage\",\"url\":\"https:\\\/\\\/www.lichen.pl\\\/wp-content\\\/uploads\\\/2021\\\/05\\\/20210523_090109-scaled.jpg\",\"contentUrl\":\"https:\\\/\\\/www.lichen.pl\\\/wp-content\\\/uploads\\\/2021\\\/05\\\/20210523_090109-scaled.jpg\",\"width\":1920,\"height\":1440},{\"@type\":\"BreadcrumbList\",\"@id\":\"https:\\\/\\\/www.lichen.pl\\\/spowiedz-generalna\\\/#breadcrumb\",\"itemListElement\":[{\"@type\":\"ListItem\",\"position\":1,\"name\":\"Strona g\u0142\u00f3wna\",\"item\":\"https:\\\/\\\/www.lichen.pl\\\/\"},{\"@type\":\"ListItem\",\"position\":2,\"name\":\"Rekolekcje przygotowuj\u0105ce do spowiedzi generalnej, 20-23 maja\"}]},{\"@type\":\"WebSite\",\"@id\":\"https:\\\/\\\/www.lichen.pl\\\/fr\\\/#website\",\"url\":\"https:\\\/\\\/www.lichen.pl\\\/fr\\\/\",\"name\":\"SANKTUARIUM W LICHENIU\",\"description\":\"MATKI BO\u017bEJ LICHE\u0143SKIEJ BOLESNEJ KR\u00d3LOWEJ POLSKI\",\"potentialAction\":[{\"@type\":\"SearchAction\",\"target\":{\"@type\":\"EntryPoint\",\"urlTemplate\":\"https:\\\/\\\/www.lichen.pl\\\/fr\\\/?s={search_term_string}\"},\"query-input\":{\"@type\":\"PropertyValueSpecification\",\"valueRequired\":true,\"valueName\":\"search_term_string\"}}],\"inLanguage\":\"es\"},{\"@type\":\"Person\",\"@id\":\"https:\\\/\\\/www.lichen.pl\\\/fr\\\/#\\\/schema\\\/person\\\/c06cd926b95870cc59f18d6ee6e33da5\",\"name\":\"ROBERT ADAMCZYK\",\"image\":{\"@type\":\"ImageObject\",\"inLanguage\":\"es\",\"@id\":\"https:\\\/\\\/secure.gravatar.com\\\/avatar\\\/53c330430596e73552f4c356c2e47c209ff8f6352a5106011c9b6abcce5e00df?s=96&d=retro&r=g\",\"url\":\"https:\\\/\\\/secure.gravatar.com\\\/avatar\\\/53c330430596e73552f4c356c2e47c209ff8f6352a5106011c9b6abcce5e00df?s=96&d=retro&r=g\",\"contentUrl\":\"https:\\\/\\\/secure.gravatar.com\\\/avatar\\\/53c330430596e73552f4c356c2e47c209ff8f6352a5106011c9b6abcce5e00df?s=96&d=retro&r=g\",\"caption\":\"ROBERT ADAMCZYK\"},\"url\":\"https:\\\/\\\/www.lichen.pl\\\/es\\\/author\\\/press\\\/\"}]}<\/script>\n<!-- \/ Yoast SEO plugin. -->","yoast_head_json":{"title":"Rekolekcje przygotowuj\u0105ce do spowiedzi generalnej, 20-23 maja - SANKTUARIUM W LICHENIU","robots":{"index":"index","follow":"follow","max-snippet":"max-snippet:-1","max-image-preview":"max-image-preview:large","max-video-preview":"max-video-preview:-1"},"canonical":"https:\/\/www.lichen.pl\/es\/spowiedz-generalna\/","og_locale":"es_ES","og_type":"article","og_title":"Rekolekcje przygotowuj\u0105ce do spowiedzi generalnej, 20-23 maja - SANKTUARIUM W LICHENIU","og_description":"W Sanktuarium Maryjnym w Licheniu Starym zako\u0144czy\u0142a si\u0119 kolejna tura rekolekcji przygotowuj\u0105cych do spowiedzi generalnej. W trakcie spotkania, od czwartku 20 maja do niedzieli 23 maja, wzi\u0119\u0142o udzia\u0142 20 os\u00f3b z ca\u0142ej Polski. Pani Marzena G\u00f3rka ze Zgierza przyjecha\u0142a do Lichenia wraz ze swoim m\u0119\u017cem Waldemarem. O rekolekcjach dowiedzia\u0142a si\u0119 \u015bledz\u0105c facebookowy profil liche\u0144skiego sanktuarium. [&hellip;]","og_url":"https:\/\/www.lichen.pl\/es\/spowiedz-generalna\/","og_site_name":"SANKTUARIUM W LICHENIU","article_published_time":"2021-05-23T11:30:13+00:00","article_modified_time":"2021-06-17T08:04:25+00:00","og_image":[{"width":1920,"height":1440,"url":"https:\/\/www.lichen.pl\/wp-content\/uploads\/2021\/05\/20210523_090109-scaled.jpg","type":"image\/jpeg"}],"author":"ROBERT ADAMCZYK","twitter_card":"summary_large_image","twitter_misc":{"Escrito por":"ROBERT ADAMCZYK","Tiempo de lectura":"2 minutos"},"schema":{"@context":"https:\/\/schema.org","@graph":[{"@type":"Article","@id":"https:\/\/www.lichen.pl\/spowiedz-generalna\/#article","isPartOf":{"@id":"https:\/\/www.lichen.pl\/spowiedz-generalna\/"},"author":{"name":"ROBERT ADAMCZYK","@id":"https:\/\/www.lichen.pl\/fr\/#\/schema\/person\/c06cd926b95870cc59f18d6ee6e33da5"},"headline":"Rekolekcje przygotowuj\u0105ce do spowiedzi generalnej, 20-23 maja","datePublished":"2021-05-23T11:30:13+00:00","dateModified":"2021-06-17T08:04:25+00:00","mainEntityOfPage":{"@id":"https:\/\/www.lichen.pl\/spowiedz-generalna\/"},"wordCount":359,"commentCount":0,"image":{"@id":"https:\/\/www.lichen.pl\/spowiedz-generalna\/#primaryimage"},"thumbnailUrl":"https:\/\/www.lichen.pl\/wp-content\/uploads\/2021\/05\/20210523_090109-scaled.jpg","articleSection":["Aktualno\u015bci"],"inLanguage":"es","potentialAction":[{"@type":"CommentAction","name":"Comment","target":["https:\/\/www.lichen.pl\/spowiedz-generalna\/#respond"]}]},{"@type":"WebPage","@id":"https:\/\/www.lichen.pl\/spowiedz-generalna\/","url":"https:\/\/www.lichen.pl\/spowiedz-generalna\/","name":"Rekolekcje przygotowuj\u0105ce do spowiedzi generalnej, 20-23 maja - SANKTUARIUM W LICHENIU","isPartOf":{"@id":"https:\/\/www.lichen.pl\/fr\/#website"},"primaryImageOfPage":{"@id":"https:\/\/www.lichen.pl\/spowiedz-generalna\/#primaryimage"},"image":{"@id":"https:\/\/www.lichen.pl\/spowiedz-generalna\/#primaryimage"},"thumbnailUrl":"https:\/\/www.lichen.pl\/wp-content\/uploads\/2021\/05\/20210523_090109-scaled.jpg","datePublished":"2021-05-23T11:30:13+00:00","dateModified":"2021-06-17T08:04:25+00:00","author":{"@id":"https:\/\/www.lichen.pl\/fr\/#\/schema\/person\/c06cd926b95870cc59f18d6ee6e33da5"},"breadcrumb":{"@id":"https:\/\/www.lichen.pl\/spowiedz-generalna\/#breadcrumb"},"inLanguage":"es","potentialAction":[{"@type":"ReadAction","target":["https:\/\/www.lichen.pl\/spowiedz-generalna\/"]}]},{"@type":"ImageObject","inLanguage":"es","@id":"https:\/\/www.lichen.pl\/spowiedz-generalna\/#primaryimage","url":"https:\/\/www.lichen.pl\/wp-content\/uploads\/2021\/05\/20210523_090109-scaled.jpg","contentUrl":"https:\/\/www.lichen.pl\/wp-content\/uploads\/2021\/05\/20210523_090109-scaled.jpg","width":1920,"height":1440},{"@type":"BreadcrumbList","@id":"https:\/\/www.lichen.pl\/spowiedz-generalna\/#breadcrumb","itemListElement":[{"@type":"ListItem","position":1,"name":"Strona g\u0142\u00f3wna","item":"https:\/\/www.lichen.pl\/"},{"@type":"ListItem","position":2,"name":"Rekolekcje przygotowuj\u0105ce do spowiedzi generalnej, 20-23 maja"}]},{"@type":"WebSite","@id":"https:\/\/www.lichen.pl\/fr\/#website","url":"https:\/\/www.lichen.pl\/fr\/","name":"SANTUARIO EN LICHENIA","description":"LA DOLOROSA REINA DE POLONIA DE NUESTRO LICHEN","potentialAction":[{"@type":"SearchAction","target":{"@type":"EntryPoint","urlTemplate":"https:\/\/www.lichen.pl\/fr\/?s={search_term_string}"},"query-input":{"@type":"PropertyValueSpecification","valueRequired":true,"valueName":"search_term_string"}}],"inLanguage":"es"},{"@type":"Person","@id":"https:\/\/www.lichen.pl\/fr\/#\/schema\/person\/c06cd926b95870cc59f18d6ee6e33da5","name":"ROBERT ADAMCZYK","image":{"@type":"ImageObject","inLanguage":"es","@id":"https:\/\/secure.gravatar.com\/avatar\/53c330430596e73552f4c356c2e47c209ff8f6352a5106011c9b6abcce5e00df?s=96&d=retro&r=g","url":"https:\/\/secure.gravatar.com\/avatar\/53c330430596e73552f4c356c2e47c209ff8f6352a5106011c9b6abcce5e00df?s=96&d=retro&r=g","contentUrl":"https:\/\/secure.gravatar.com\/avatar\/53c330430596e73552f4c356c2e47c209ff8f6352a5106011c9b6abcce5e00df?s=96&d=retro&r=g","caption":"ROBERT ADAMCZYK"},"url":"https:\/\/www.lichen.pl\/es\/author\/press\/"}]}},"_links":{"self":[{"href":"https:\/\/www.lichen.pl\/es\/wp-json\/wp\/v2\/posts\/9727","targetHints":{"allow":["GET"]}}],"collection":[{"href":"https:\/\/www.lichen.pl\/es\/wp-json\/wp\/v2\/posts"}],"about":[{"href":"https:\/\/www.lichen.pl\/es\/wp-json\/wp\/v2\/types\/post"}],"author":[{"embeddable":true,"href":"https:\/\/www.lichen.pl\/es\/wp-json\/wp\/v2\/users\/4"}],"replies":[{"embeddable":true,"href":"https:\/\/www.lichen.pl\/es\/wp-json\/wp\/v2\/comments?post=9727"}],"version-history":[{"count":13,"href":"https:\/\/www.lichen.pl\/es\/wp-json\/wp\/v2\/posts\/9727\/revisions"}],"predecessor-version":[{"id":14203,"href":"https:\/\/www.lichen.pl\/es\/wp-json\/wp\/v2\/posts\/9727\/revisions\/14203"}],"wp:featuredmedia":[{"embeddable":true,"href":"https:\/\/www.lichen.pl\/es\/wp-json\/wp\/v2\/media\/9728"}],"wp:attachment":[{"href":"https:\/\/www.lichen.pl\/es\/wp-json\/wp\/v2\/media?parent=9727"}],"wp:term":[{"taxonomy":"category","embeddable":true,"href":"https:\/\/www.lichen.pl\/es\/wp-json\/wp\/v2\/categories?post=9727"},{"taxonomy":"post_tag","embeddable":true,"href":"https:\/\/www.lichen.pl\/es\/wp-json\/wp\/v2\/tags?post=9727"}],"curies":[{"name":"wp","href":"https:\/\/api.w.org\/{rel}","templated":true}]}}