{"id":11909,"date":"2018-08-29T14:57:47","date_gmt":"2018-08-29T14:57:47","guid":{"rendered":"http:\/\/www.lichen.pl\/rozmowa-na-pozegnanie-z-ks-wiktorem-gumiennym-mic-copy\/"},"modified":"2021-06-09T15:32:46","modified_gmt":"2021-06-09T15:32:46","slug":"109-rocznica-odnowienia-zgromadzenia-ksiezy-marianow","status":"publish","type":"post","link":"https:\/\/www.lichen.pl\/fr\/109-rocznica-odnowienia-zgromadzenia-ksiezy-marianow\/","title":{"rendered":"109e anniversaire du renouveau de la Congr\u00e9gation des P\u00e8res Mariaux"},"content":{"rendered":"<div data-elementor-type=\"wp-post\" data-elementor-id=\"11909\" class=\"elementor elementor-11909\" data-elementor-post-type=\"post\">\n\t\t\t\t\t\t<section class=\"elementor-section elementor-top-section elementor-element elementor-element-6148c50 elementor-section-boxed elementor-section-height-default elementor-section-height-default\" data-id=\"6148c50\" data-element_type=\"section\" data-e-type=\"section\">\n\t\t\t\t\t\t<div class=\"elementor-container elementor-column-gap-default\">\n\t\t\t\t\t<div class=\"elementor-column elementor-col-100 elementor-top-column elementor-element elementor-element-60aa1d5\" data-id=\"60aa1d5\" data-element_type=\"column\" data-e-type=\"column\">\n\t\t\t<div class=\"elementor-widget-wrap elementor-element-populated\">\n\t\t\t\t\t\t<div class=\"elementor-element elementor-element-ad01393 elementor-widget elementor-widget-heading\" data-id=\"ad01393\" data-element_type=\"widget\" data-e-type=\"widget\" data-widget_type=\"heading.default\">\n\t\t\t\t<div class=\"elementor-widget-container\">\n\t\t\t\t\t<h3 class=\"elementor-heading-title elementor-size-default\">Ils ont pri\u00e9 pour le renforcement, le renouveau spirituel et de nouvelles vocations religieuses pendant la messe de midi. dans la basilique de La Bienheureuse Vierge Marie de Liche\u0144 \u00e0 l&#039;occasion du 109e anniversaire du renouveau de la Congr\u00e9gation des P\u00e8res mariaux\n\n\u00a0<\/h3>\t\t\t\t<\/div>\n\t\t\t\t<\/div>\n\t\t\t\t<section class=\"elementor-section elementor-inner-section elementor-element elementor-element-5c862d0 elementor-section-boxed elementor-section-height-default elementor-section-height-default\" data-id=\"5c862d0\" data-element_type=\"section\" data-e-type=\"section\">\n\t\t\t\t\t\t<div class=\"elementor-container elementor-column-gap-default\">\n\t\t\t\t\t<div class=\"elementor-column elementor-col-50 elementor-inner-column elementor-element elementor-element-f9b9744\" data-id=\"f9b9744\" data-element_type=\"column\" data-e-type=\"column\">\n\t\t\t<div class=\"elementor-widget-wrap elementor-element-populated\">\n\t\t\t\t\t\t<div class=\"elementor-element elementor-element-4618a1f elementor-blockquote--skin-quotation elementor-blockquote--align-center elementor-widget elementor-widget-blockquote\" data-id=\"4618a1f\" data-element_type=\"widget\" data-e-type=\"widget\" data-widget_type=\"blockquote.default\">\n\t\t\t\t<div class=\"elementor-widget-container\">\n\t\t\t\t\t\t\t<blockquote class=\"elementor-blockquote\">\n\t\t\t<p class=\"elementor-blockquote__content\">\n\t\t\t\t&quot;Aujourd&#039;hui est un jour sp\u00e9cial et sp\u00e9cial pour toute notre Congr\u00e9gation mariale, car le 29 ao\u00fbt 1909, Dieu dans sa providence a sauv\u00e9 notre Congr\u00e9gation, qui semblait cesser d&#039;exister car un seul marial restait en vie, le P\u00e8re Wincenty S\u0119kowski&quot;\t\t\t<\/p>\n\t\t\t\t\t\t\t<div class=\"e-q-footer\">\n\t\t\t\t\t\t\t\t\t\t\t<cite class=\"elementor-blockquote__author\">Fr. Janusz Kumala, MIC, 29 ao\u00fbt 2018.<\/cite>\n\t\t\t\t\t\t\t\t\t\t\t\t\t\t<\/div>\n\t\t\t\t\t<\/blockquote>\n\t\t\t\t\t\t<\/div>\n\t\t\t\t<\/div>\n\t\t\t\t<div class=\"elementor-element elementor-element-ad174d3 elementor-widget elementor-widget-text-editor\" data-id=\"ad174d3\" data-element_type=\"widget\" data-e-type=\"widget\" data-widget_type=\"text-editor.default\">\n\t\t\t\t<div class=\"elementor-widget-container\">\n\t\t\t\t\t\t\t\t\t<p>En ce jour sp\u00e9cial pour la Congr\u00e9gation mariale de l&#039;Eucharistie, le P. Dr. Tomasz Nowaczek, MIC, Sup\u00e9rieur provincial. La conc\u00e9l\u00e9bration a \u00e9t\u00e9 suivie, entre autres, par conseillers provinciaux qui ont d\u00e9battu aujourd&#039;hui \u00e0 Liche\u0144. Parmi eux se trouvaient : le P. S\u0142awomir Homoncik, MIC - Sup\u00e9rieur adjoint, Fr. Janusz Kumala, MIC - 2e conseiller provincial et gardien du sanctuaire de Lichen, le P. Piotr Kieniewicz, MIC - secr\u00e9taire de la Province et le P. Bogus\u0142aw Binda, MIC - sup\u00e9rieur de la maison religieuse Lichen de la Congr\u00e9gation des P\u00e8res Mariaux.<\/p>\t\t\t\t\t\t\t\t<\/div>\n\t\t\t\t<\/div>\n\t\t\t\t\t<\/div>\n\t\t<\/div>\n\t\t\t\t<div class=\"elementor-column elementor-col-50 elementor-inner-column elementor-element elementor-element-e248aa8\" data-id=\"e248aa8\" data-element_type=\"column\" data-e-type=\"column\">\n\t\t\t<div class=\"elementor-widget-wrap elementor-element-populated\">\n\t\t\t\t\t\t<div class=\"elementor-element elementor-element-be079e8 elementor-widget elementor-widget-image\" data-id=\"be079e8\" data-element_type=\"widget\" data-e-type=\"widget\" data-widget_type=\"image.default\">\n\t\t\t\t<div class=\"elementor-widget-container\">\n\t\t\t\t\t\t\t\t\t\t\t\t<figure class=\"wp-caption\">\n\t\t\t\t\t\t\t\t\t\t<img fetchpriority=\"high\" decoding=\"async\" width=\"900\" height=\"600\" src=\"https:\/\/www.lichen.pl\/wp-content\/uploads\/2021\/06\/109-Marianow.jpg\" class=\"attachment-large size-large wp-image-11911\" alt=\"109e anniversaire du renouveau de la Congr\u00e9gation des P\u00e8res Mariaux\" srcset=\"https:\/\/www.lichen.pl\/wp-content\/uploads\/2021\/06\/109-Marianow.jpg 900w, https:\/\/www.lichen.pl\/wp-content\/uploads\/2021\/06\/109-Marianow-800x533.jpg 800w, https:\/\/www.lichen.pl\/wp-content\/uploads\/2021\/06\/109-Marianow-300x200.jpg 300w, https:\/\/www.lichen.pl\/wp-content\/uploads\/2021\/06\/109-Marianow-768x512.jpg 768w\" sizes=\"(max-width: 900px) 100vw, 900px\" \/>\t\t\t\t\t\t\t\t\t\t\t<figcaption class=\"widget-image-caption wp-caption-text\">Fr. Dr. Tomasz Nowaczek, MIC, pr\u00e9side l&#039;Eucharistie, 29 ao\u00fbt 2018 <\/figcaption>\n\t\t\t\t\t\t\t\t\t\t<\/figure>\n\t\t\t\t\t\t\t\t\t<\/div>\n\t\t\t\t<\/div>\n\t\t\t\t<div class=\"elementor-element elementor-element-96eadd6 elementor-widget elementor-widget-image\" data-id=\"96eadd6\" data-element_type=\"widget\" data-e-type=\"widget\" data-widget_type=\"image.default\">\n\t\t\t\t<div class=\"elementor-widget-container\">\n\t\t\t\t\t\t\t\t\t\t\t\t<figure class=\"wp-caption\">\n\t\t\t\t\t\t\t\t\t\t\t<a href=\"https:\/\/www.marianie.pl\/\" target=\"_blank\">\n\t\t\t\t\t\t\t<img decoding=\"async\" width=\"300\" height=\"297\" src=\"https:\/\/www.lichen.pl\/wp-content\/uploads\/2021\/05\/1200px-MIC_COA_2009-300x297.png\" class=\"attachment-medium size-medium wp-image-10537\" alt=\"\" srcset=\"https:\/\/www.lichen.pl\/wp-content\/uploads\/2021\/05\/1200px-MIC_COA_2009-300x297.png 300w, https:\/\/www.lichen.pl\/wp-content\/uploads\/2021\/05\/1200px-MIC_COA_2009-800x792.png 800w, https:\/\/www.lichen.pl\/wp-content\/uploads\/2021\/05\/1200px-MIC_COA_2009-1024x1014.png 1024w, https:\/\/www.lichen.pl\/wp-content\/uploads\/2021\/05\/1200px-MIC_COA_2009-150x150.png 150w, https:\/\/www.lichen.pl\/wp-content\/uploads\/2021\/05\/1200px-MIC_COA_2009-768x760.png 768w, https:\/\/www.lichen.pl\/wp-content\/uploads\/2021\/05\/1200px-MIC_COA_2009.png 1200w\" sizes=\"(max-width: 300px) 100vw, 300px\" \/>\t\t\t\t\t\t\t\t<\/a>\n\t\t\t\t\t\t\t\t\t\t\t<figcaption class=\"widget-image-caption wp-caption-text\">Visitez le site de la Congr\u00e9gation des P\u00e8res Mariaux<\/figcaption>\n\t\t\t\t\t\t\t\t\t\t<\/figure>\n\t\t\t\t\t\t\t\t\t<\/div>\n\t\t\t\t<\/div>\n\t\t\t\t\t<\/div>\n\t\t<\/div>\n\t\t\t\t\t<\/div>\n\t\t<\/section>\n\t\t\t\t\t<\/div>\n\t\t<\/div>\n\t\t\t\t\t<\/div>\n\t\t<\/section>\n\t\t\t\t<section class=\"elementor-section elementor-top-section elementor-element elementor-element-87ee3bf elementor-section-boxed elementor-section-height-default elementor-section-height-default\" data-id=\"87ee3bf\" data-element_type=\"section\" data-e-type=\"section\">\n\t\t\t\t\t\t<div class=\"elementor-container elementor-column-gap-default\">\n\t\t\t\t\t<div class=\"elementor-column elementor-col-100 elementor-top-column elementor-element elementor-element-06eb78d\" data-id=\"06eb78d\" data-element_type=\"column\" data-e-type=\"column\">\n\t\t\t<div class=\"elementor-widget-wrap elementor-element-populated\">\n\t\t\t\t\t\t<div class=\"elementor-element elementor-element-d80ce44 elementor-widget elementor-widget-text-editor\" data-id=\"d80ce44\" data-element_type=\"widget\" data-e-type=\"widget\" data-widget_type=\"text-editor.default\">\n\t\t\t\t<div class=\"elementor-widget-container\">\n\t\t\t\t\t\t\t\t\t<p>La dissolution des ordres dans la partition russe en 1864, introduite par le d\u00e9cret tsariste, a emp\u00each\u00e9 l&#039;admission de nouveaux candidats aux congr\u00e9gations monastiques, y compris les mariales, ce qui devait \u00e0 son tour entra\u00eener la fermeture spontan\u00e9e des monast\u00e8res en quelques ann\u00e9es. Cependant, selon le P. Kumali, Dieu veillait sur les Mariannes. - &quot;Alors le Seigneur Dieu envoya le P. Jerzy Matulewicz, MIC, lituanien, bienheureux aujourd&#039;hui, qui est entr\u00e9 dans notre Congr\u00e9gation, l&#039;a renouvel\u00e9e, l&#039;a r\u00e9form\u00e9e et lui a donn\u00e9 un nouveau dynamisme \u00bb, a ajout\u00e9 le gardien du sanctuaire des Lichens.<br \/><br \/>Dans l&#039;hom\u00e9lie du P. Le Dr Tomasz Nowaczek, MIC, s&#039;est demand\u00e9, se r\u00e9f\u00e9rant \u00e0 l&#039;\u00c9vangile d&#039;aujourd&#039;hui selon St. Mark \u00e0 propos de la d\u00e9capitation de Jean-Baptiste, qui des p\u00e9ch\u00e9s, nichant dans le c\u0153ur, est la douleur de Marie, la Reine Douloureuse de Pologne, v\u00e9n\u00e9r\u00e9e \u00e0 l&#039;image du lichen. - \u00ab Quel est mon p\u00e9ch\u00e9 qui \u00f4te ma joie de vivre ? En tant que p\u00e8res mariaux, nous posons cette question avec vous. Vous \u00eates des invit\u00e9s sp\u00e9ciaux \u00e0 cet endroit. Nous avons \u00e9t\u00e9 recueillis par Notre-Dame de Lichen, tr\u00e8s probablement parce que nous sommes faibles et maigres et que nous sommes tr\u00e8s fragiles ; et comme personne dans cette basilique, nous avons besoin du soutien de son Fils, pour nous donner l&#039;Esprit Saint, pour bien adh\u00e9rer \u00e0 la v\u00e9rit\u00e9 sur sa vie, pour avoir le courage de dire qu&#039;il me sauve la vie. Et nous demandons \u00e0 Marie de nous montrer cela continuellement \u00bb, a d\u00e9clar\u00e9 le marial.<\/p>\t\t\t\t\t\t\t\t<\/div>\n\t\t\t\t<\/div>\n\t\t\t\t<div class=\"elementor-element elementor-element-2c9005a elementor-blockquote--skin-quotation elementor-blockquote--align-center elementor-widget elementor-widget-blockquote\" data-id=\"2c9005a\" data-element_type=\"widget\" data-e-type=\"widget\" data-widget_type=\"blockquote.default\">\n\t\t\t\t<div class=\"elementor-widget-container\">\n\t\t\t\t\t\t\t<blockquote class=\"elementor-blockquote\">\n\t\t\t<p class=\"elementor-blockquote__content\">\n\t\t\t\tSoutenez-moi en Christ avec le don du Saint-Esprit, afin que je puisse parler avec assurance o\u00f9 commence le chemin de ma conversion, o\u00f9 commence ma compr\u00e9hension, que ma vie n&#039;est pas une erreur mais qu&#039;elle est belle, que je suis dot\u00e9 de nombreux dons qui ne garder que pour moi a la nature du p\u00e9ch\u00e9 de n\u00e9gligence\t\t\t<\/p>\n\t\t\t\t\t\t\t<div class=\"e-q-footer\">\n\t\t\t\t\t\t\t\t\t\t\t<cite class=\"elementor-blockquote__author\">Fr. Tomasz Nowaczek, MIC, 29 ao\u00fbt 2018.<\/cite>\n\t\t\t\t\t\t\t\t\t\t\t\t\t\t<\/div>\n\t\t\t\t\t<\/blockquote>\n\t\t\t\t\t\t<\/div>\n\t\t\t\t<\/div>\n\t\t\t\t<div class=\"elementor-element elementor-element-0cfd92f elementor-widget elementor-widget-text-editor\" data-id=\"0cfd92f\" data-element_type=\"widget\" data-e-type=\"widget\" data-widget_type=\"text-editor.default\">\n\t\t\t\t<div class=\"elementor-widget-container\">\n\t\t\t\t\t\t\t\t\t<p>La Congr\u00e9gation des P\u00e8res Mariaux est la plus ancienne congr\u00e9gation religieuse polonaise qui ait exist\u00e9 jusqu&#039;\u00e0 nos jours. St. P\u00e8re Stanis\u0142aw Papczy\u0144ski en 1670. Ils exercent leur minist\u00e8re pastoral dans 19 pays \u00e0 travers le monde, avec plus de 500 pr\u00eatres et fr\u00e8res r\u00e9unis dans 80 communaut\u00e9s. Les mariales de la Province de la Providence divine, y compris la Pologne, l&#039;Allemagne, l&#039;Angleterre, la Bi\u00e9lorussie, le Kazakhstan et le Vicariat tch\u00e8que, sont impliqu\u00e9es dans diverses activit\u00e9s : du travail paroissial et missionnaire, au service dans les sanctuaires, \u00e0 la recherche et \u00e0 l&#039;\u00e9dition. Tout cela conform\u00e9ment au slogan : \u00ab Pour le Christ et l&#039;\u00c9glise \u00bb.<\/p><p>Les pr\u00eatres mariaux et les fr\u00e8res religieux utilisent l&#039;abr\u00e9viation \u00ab\u00a0MIC\u00a0\u00bb pour leurs noms de famille, qui vient du latin \u00ab\u00a0Mariani Immaculatae Conceptionis\u00a0\u00bb qui signifie \u00ab\u00a0Mariens de l&#039;Immacul\u00e9e Conception\u00a0\u00bb (Bienheureuse Vierge Marie).<\/p><p>Le 29 ao\u00fbt 1909, le Bl. Jerzy Matulewicz a renouvel\u00e9 la Congr\u00e9gation, gr\u00e2ce \u00e0 laquelle elle a surv\u00e9cu jusqu&#039;aux temps modernes.<\/p>\t\t\t\t\t\t\t\t<\/div>\n\t\t\t\t<\/div>\n\t\t\t\t<div class=\"elementor-element elementor-element-52cf5a9 elementor-widget-divider--view-line elementor-widget elementor-widget-divider\" data-id=\"52cf5a9\" data-element_type=\"widget\" data-e-type=\"widget\" data-widget_type=\"divider.default\">\n\t\t\t\t<div class=\"elementor-widget-container\">\n\t\t\t\t\t\t\t<div class=\"elementor-divider\">\n\t\t\t<span class=\"elementor-divider-separator\">\n\t\t\t\t\t\t<\/span>\n\t\t<\/div>\n\t\t\t\t\t\t<\/div>\n\t\t\t\t<\/div>\n\t\t\t\t\t<\/div>\n\t\t<\/div>\n\t\t\t\t\t<\/div>\n\t\t<\/section>\n\t\t\t\t<\/div>","protected":false},"excerpt":{"rendered":"<p>O umocnienie, odnow\u0119 duchow\u0105 i nowe powo\u0142ania zakonne modlono si\u0119 podczas po\u0142udniowej Mszy \u015bw. w bazylice pw. Naj\u015bwi\u0119tszej Maryi Panny Liche\u0144skiej w 109. rocznic\u0119 odnowienia Zgromadzenia Ksi\u0119\u017cy Marian\u00f3w \u201eDzisiejszy dzie\u0144 jest wyj\u0105tkowy i szczeg\u00f3lny dla ca\u0142ego naszego Zgromadzenia Marian\u00f3w, albowiem 29 sierpnia 1909 roku, B\u00f3g w swej opatrzno\u015bci, ocali\u0142 nasze Zgromadzenie, kt\u00f3re wydawa\u0142o si\u0119, \u017ce [&hellip;]<\/p>\n","protected":false},"author":4,"featured_media":11911,"comment_status":"open","ping_status":"open","sticky":false,"template":"","format":"standard","meta":{"footnotes":""},"categories":[1],"tags":[],"class_list":["post-11909","post","type-post","status-publish","format-standard","has-post-thumbnail","hentry","category-aktualnosci","wpbf-post"],"yoast_head":"<!-- This site is optimized with the Yoast SEO plugin v27.4 - https:\/\/yoast.com\/product\/yoast-seo-wordpress\/ -->\n<title>109. rocznica odnowienia Zgromadzenia Ksi\u0119\u017cy Marian\u00f3w - SANKTUARIUM W LICHENIU<\/title>\n<meta name=\"robots\" content=\"index, follow, max-snippet:-1, max-image-preview:large, max-video-preview:-1\" \/>\n<link rel=\"canonical\" href=\"https:\/\/www.lichen.pl\/fr\/109-rocznica-odnowienia-zgromadzenia-ksiezy-marianow\/\" \/>\n<meta property=\"og:locale\" content=\"fr_FR\" \/>\n<meta property=\"og:type\" content=\"article\" \/>\n<meta property=\"og:title\" content=\"109. rocznica odnowienia Zgromadzenia Ksi\u0119\u017cy Marian\u00f3w - SANKTUARIUM W LICHENIU\" \/>\n<meta property=\"og:description\" content=\"O umocnienie, odnow\u0119 duchow\u0105 i nowe powo\u0142ania zakonne modlono si\u0119 podczas po\u0142udniowej Mszy \u015bw. w bazylice pw. Naj\u015bwi\u0119tszej Maryi Panny Liche\u0144skiej w 109. rocznic\u0119 odnowienia Zgromadzenia Ksi\u0119\u017cy Marian\u00f3w \u201eDzisiejszy dzie\u0144 jest wyj\u0105tkowy i szczeg\u00f3lny dla ca\u0142ego naszego Zgromadzenia Marian\u00f3w, albowiem 29 sierpnia 1909 roku, B\u00f3g w swej opatrzno\u015bci, ocali\u0142 nasze Zgromadzenie, kt\u00f3re wydawa\u0142o si\u0119, \u017ce [&hellip;]\" \/>\n<meta property=\"og:url\" content=\"https:\/\/www.lichen.pl\/fr\/109-rocznica-odnowienia-zgromadzenia-ksiezy-marianow\/\" \/>\n<meta property=\"og:site_name\" content=\"SANKTUARIUM W LICHENIU\" \/>\n<meta property=\"article:published_time\" content=\"2018-08-29T14:57:47+00:00\" \/>\n<meta property=\"article:modified_time\" content=\"2021-06-09T15:32:46+00:00\" \/>\n<meta property=\"og:image\" content=\"https:\/\/www.lichen.pl\/wp-content\/uploads\/2021\/06\/109-Marianow.jpg\" \/>\n\t<meta property=\"og:image:width\" content=\"900\" \/>\n\t<meta property=\"og:image:height\" content=\"600\" \/>\n\t<meta property=\"og:image:type\" content=\"image\/jpeg\" \/>\n<meta name=\"author\" content=\"ROBERT ADAMCZYK\" \/>\n<meta name=\"twitter:card\" content=\"summary_large_image\" \/>\n<meta name=\"twitter:label1\" content=\"\u00c9crit par\" \/>\n\t<meta name=\"twitter:data1\" content=\"ROBERT ADAMCZYK\" \/>\n\t<meta name=\"twitter:label2\" content=\"Dur\u00e9e de lecture estim\u00e9e\" \/>\n\t<meta name=\"twitter:data2\" content=\"3 minutes\" \/>\n<script type=\"application\/ld+json\" class=\"yoast-schema-graph\">{\"@context\":\"https:\\\/\\\/schema.org\",\"@graph\":[{\"@type\":\"Article\",\"@id\":\"https:\\\/\\\/www.lichen.pl\\\/es\\\/109-rocznica-odnowienia-zgromadzenia-ksiezy-marianow\\\/#article\",\"isPartOf\":{\"@id\":\"https:\\\/\\\/www.lichen.pl\\\/es\\\/109-rocznica-odnowienia-zgromadzenia-ksiezy-marianow\\\/\"},\"author\":{\"name\":\"ROBERT ADAMCZYK\",\"@id\":\"https:\\\/\\\/www.lichen.pl\\\/fr\\\/#\\\/schema\\\/person\\\/c06cd926b95870cc59f18d6ee6e33da5\"},\"headline\":\"109. rocznica odnowienia Zgromadzenia Ksi\u0119\u017cy Marian\u00f3w\",\"datePublished\":\"2018-08-29T14:57:47+00:00\",\"dateModified\":\"2021-06-09T15:32:46+00:00\",\"mainEntityOfPage\":{\"@id\":\"https:\\\/\\\/www.lichen.pl\\\/es\\\/109-rocznica-odnowienia-zgromadzenia-ksiezy-marianow\\\/\"},\"wordCount\":643,\"commentCount\":0,\"image\":{\"@id\":\"https:\\\/\\\/www.lichen.pl\\\/es\\\/109-rocznica-odnowienia-zgromadzenia-ksiezy-marianow\\\/#primaryimage\"},\"thumbnailUrl\":\"https:\\\/\\\/www.lichen.pl\\\/wp-content\\\/uploads\\\/2021\\\/06\\\/109-Marianow.jpg\",\"articleSection\":[\"Aktualno\u015bci\"],\"inLanguage\":\"fr-FR\",\"potentialAction\":[{\"@type\":\"CommentAction\",\"name\":\"Comment\",\"target\":[\"https:\\\/\\\/www.lichen.pl\\\/es\\\/109-rocznica-odnowienia-zgromadzenia-ksiezy-marianow\\\/#respond\"]}]},{\"@type\":\"WebPage\",\"@id\":\"https:\\\/\\\/www.lichen.pl\\\/es\\\/109-rocznica-odnowienia-zgromadzenia-ksiezy-marianow\\\/\",\"url\":\"https:\\\/\\\/www.lichen.pl\\\/es\\\/109-rocznica-odnowienia-zgromadzenia-ksiezy-marianow\\\/\",\"name\":\"109. rocznica odnowienia Zgromadzenia Ksi\u0119\u017cy Marian\u00f3w - SANKTUARIUM W LICHENIU\",\"isPartOf\":{\"@id\":\"https:\\\/\\\/www.lichen.pl\\\/fr\\\/#website\"},\"primaryImageOfPage\":{\"@id\":\"https:\\\/\\\/www.lichen.pl\\\/es\\\/109-rocznica-odnowienia-zgromadzenia-ksiezy-marianow\\\/#primaryimage\"},\"image\":{\"@id\":\"https:\\\/\\\/www.lichen.pl\\\/es\\\/109-rocznica-odnowienia-zgromadzenia-ksiezy-marianow\\\/#primaryimage\"},\"thumbnailUrl\":\"https:\\\/\\\/www.lichen.pl\\\/wp-content\\\/uploads\\\/2021\\\/06\\\/109-Marianow.jpg\",\"datePublished\":\"2018-08-29T14:57:47+00:00\",\"dateModified\":\"2021-06-09T15:32:46+00:00\",\"author\":{\"@id\":\"https:\\\/\\\/www.lichen.pl\\\/fr\\\/#\\\/schema\\\/person\\\/c06cd926b95870cc59f18d6ee6e33da5\"},\"breadcrumb\":{\"@id\":\"https:\\\/\\\/www.lichen.pl\\\/es\\\/109-rocznica-odnowienia-zgromadzenia-ksiezy-marianow\\\/#breadcrumb\"},\"inLanguage\":\"fr-FR\",\"potentialAction\":[{\"@type\":\"ReadAction\",\"target\":[\"https:\\\/\\\/www.lichen.pl\\\/es\\\/109-rocznica-odnowienia-zgromadzenia-ksiezy-marianow\\\/\"]}]},{\"@type\":\"ImageObject\",\"inLanguage\":\"fr-FR\",\"@id\":\"https:\\\/\\\/www.lichen.pl\\\/es\\\/109-rocznica-odnowienia-zgromadzenia-ksiezy-marianow\\\/#primaryimage\",\"url\":\"https:\\\/\\\/www.lichen.pl\\\/wp-content\\\/uploads\\\/2021\\\/06\\\/109-Marianow.jpg\",\"contentUrl\":\"https:\\\/\\\/www.lichen.pl\\\/wp-content\\\/uploads\\\/2021\\\/06\\\/109-Marianow.jpg\",\"width\":900,\"height\":600,\"caption\":\"109. rocznica odnowienia Zgromadzenia Ksi\u0119\u017cy Marian\u00f3w\"},{\"@type\":\"BreadcrumbList\",\"@id\":\"https:\\\/\\\/www.lichen.pl\\\/es\\\/109-rocznica-odnowienia-zgromadzenia-ksiezy-marianow\\\/#breadcrumb\",\"itemListElement\":[{\"@type\":\"ListItem\",\"position\":1,\"name\":\"Strona g\u0142\u00f3wna\",\"item\":\"https:\\\/\\\/www.lichen.pl\\\/\"},{\"@type\":\"ListItem\",\"position\":2,\"name\":\"109. rocznica odnowienia Zgromadzenia Ksi\u0119\u017cy Marian\u00f3w\"}]},{\"@type\":\"WebSite\",\"@id\":\"https:\\\/\\\/www.lichen.pl\\\/fr\\\/#website\",\"url\":\"https:\\\/\\\/www.lichen.pl\\\/fr\\\/\",\"name\":\"SANKTUARIUM W LICHENIU\",\"description\":\"MATKI BO\u017bEJ LICHE\u0143SKIEJ BOLESNEJ KR\u00d3LOWEJ POLSKI\",\"potentialAction\":[{\"@type\":\"SearchAction\",\"target\":{\"@type\":\"EntryPoint\",\"urlTemplate\":\"https:\\\/\\\/www.lichen.pl\\\/fr\\\/?s={search_term_string}\"},\"query-input\":{\"@type\":\"PropertyValueSpecification\",\"valueRequired\":true,\"valueName\":\"search_term_string\"}}],\"inLanguage\":\"fr-FR\"},{\"@type\":\"Person\",\"@id\":\"https:\\\/\\\/www.lichen.pl\\\/fr\\\/#\\\/schema\\\/person\\\/c06cd926b95870cc59f18d6ee6e33da5\",\"name\":\"ROBERT ADAMCZYK\",\"image\":{\"@type\":\"ImageObject\",\"inLanguage\":\"fr-FR\",\"@id\":\"https:\\\/\\\/secure.gravatar.com\\\/avatar\\\/53c330430596e73552f4c356c2e47c209ff8f6352a5106011c9b6abcce5e00df?s=96&d=retro&r=g\",\"url\":\"https:\\\/\\\/secure.gravatar.com\\\/avatar\\\/53c330430596e73552f4c356c2e47c209ff8f6352a5106011c9b6abcce5e00df?s=96&d=retro&r=g\",\"contentUrl\":\"https:\\\/\\\/secure.gravatar.com\\\/avatar\\\/53c330430596e73552f4c356c2e47c209ff8f6352a5106011c9b6abcce5e00df?s=96&d=retro&r=g\",\"caption\":\"ROBERT ADAMCZYK\"},\"url\":\"https:\\\/\\\/www.lichen.pl\\\/fr\\\/author\\\/press\\\/\"}]}<\/script>\n<!-- \/ Yoast SEO plugin. -->","yoast_head_json":{"title":"109. rocznica odnowienia Zgromadzenia Ksi\u0119\u017cy Marian\u00f3w - SANKTUARIUM W LICHENIU","robots":{"index":"index","follow":"follow","max-snippet":"max-snippet:-1","max-image-preview":"max-image-preview:large","max-video-preview":"max-video-preview:-1"},"canonical":"https:\/\/www.lichen.pl\/fr\/109-rocznica-odnowienia-zgromadzenia-ksiezy-marianow\/","og_locale":"fr_FR","og_type":"article","og_title":"109. rocznica odnowienia Zgromadzenia Ksi\u0119\u017cy Marian\u00f3w - SANKTUARIUM W LICHENIU","og_description":"O umocnienie, odnow\u0119 duchow\u0105 i nowe powo\u0142ania zakonne modlono si\u0119 podczas po\u0142udniowej Mszy \u015bw. w bazylice pw. Naj\u015bwi\u0119tszej Maryi Panny Liche\u0144skiej w 109. rocznic\u0119 odnowienia Zgromadzenia Ksi\u0119\u017cy Marian\u00f3w \u201eDzisiejszy dzie\u0144 jest wyj\u0105tkowy i szczeg\u00f3lny dla ca\u0142ego naszego Zgromadzenia Marian\u00f3w, albowiem 29 sierpnia 1909 roku, B\u00f3g w swej opatrzno\u015bci, ocali\u0142 nasze Zgromadzenie, kt\u00f3re wydawa\u0142o si\u0119, \u017ce [&hellip;]","og_url":"https:\/\/www.lichen.pl\/fr\/109-rocznica-odnowienia-zgromadzenia-ksiezy-marianow\/","og_site_name":"SANKTUARIUM W LICHENIU","article_published_time":"2018-08-29T14:57:47+00:00","article_modified_time":"2021-06-09T15:32:46+00:00","og_image":[{"width":900,"height":600,"url":"https:\/\/www.lichen.pl\/wp-content\/uploads\/2021\/06\/109-Marianow.jpg","type":"image\/jpeg"}],"author":"ROBERT ADAMCZYK","twitter_card":"summary_large_image","twitter_misc":{"\u00c9crit par":"ROBERT ADAMCZYK","Dur\u00e9e de lecture estim\u00e9e":"3 minutes"},"schema":{"@context":"https:\/\/schema.org","@graph":[{"@type":"Article","@id":"https:\/\/www.lichen.pl\/es\/109-rocznica-odnowienia-zgromadzenia-ksiezy-marianow\/#article","isPartOf":{"@id":"https:\/\/www.lichen.pl\/es\/109-rocznica-odnowienia-zgromadzenia-ksiezy-marianow\/"},"author":{"name":"ROBERT ADAMCZYK","@id":"https:\/\/www.lichen.pl\/fr\/#\/schema\/person\/c06cd926b95870cc59f18d6ee6e33da5"},"headline":"109. rocznica odnowienia Zgromadzenia Ksi\u0119\u017cy Marian\u00f3w","datePublished":"2018-08-29T14:57:47+00:00","dateModified":"2021-06-09T15:32:46+00:00","mainEntityOfPage":{"@id":"https:\/\/www.lichen.pl\/es\/109-rocznica-odnowienia-zgromadzenia-ksiezy-marianow\/"},"wordCount":643,"commentCount":0,"image":{"@id":"https:\/\/www.lichen.pl\/es\/109-rocznica-odnowienia-zgromadzenia-ksiezy-marianow\/#primaryimage"},"thumbnailUrl":"https:\/\/www.lichen.pl\/wp-content\/uploads\/2021\/06\/109-Marianow.jpg","articleSection":["Aktualno\u015bci"],"inLanguage":"fr-FR","potentialAction":[{"@type":"CommentAction","name":"Comment","target":["https:\/\/www.lichen.pl\/es\/109-rocznica-odnowienia-zgromadzenia-ksiezy-marianow\/#respond"]}]},{"@type":"WebPage","@id":"https:\/\/www.lichen.pl\/es\/109-rocznica-odnowienia-zgromadzenia-ksiezy-marianow\/","url":"https:\/\/www.lichen.pl\/es\/109-rocznica-odnowienia-zgromadzenia-ksiezy-marianow\/","name":"109. rocznica odnowienia Zgromadzenia Ksi\u0119\u017cy Marian\u00f3w - SANKTUARIUM W LICHENIU","isPartOf":{"@id":"https:\/\/www.lichen.pl\/fr\/#website"},"primaryImageOfPage":{"@id":"https:\/\/www.lichen.pl\/es\/109-rocznica-odnowienia-zgromadzenia-ksiezy-marianow\/#primaryimage"},"image":{"@id":"https:\/\/www.lichen.pl\/es\/109-rocznica-odnowienia-zgromadzenia-ksiezy-marianow\/#primaryimage"},"thumbnailUrl":"https:\/\/www.lichen.pl\/wp-content\/uploads\/2021\/06\/109-Marianow.jpg","datePublished":"2018-08-29T14:57:47+00:00","dateModified":"2021-06-09T15:32:46+00:00","author":{"@id":"https:\/\/www.lichen.pl\/fr\/#\/schema\/person\/c06cd926b95870cc59f18d6ee6e33da5"},"breadcrumb":{"@id":"https:\/\/www.lichen.pl\/es\/109-rocznica-odnowienia-zgromadzenia-ksiezy-marianow\/#breadcrumb"},"inLanguage":"fr-FR","potentialAction":[{"@type":"ReadAction","target":["https:\/\/www.lichen.pl\/es\/109-rocznica-odnowienia-zgromadzenia-ksiezy-marianow\/"]}]},{"@type":"ImageObject","inLanguage":"fr-FR","@id":"https:\/\/www.lichen.pl\/es\/109-rocznica-odnowienia-zgromadzenia-ksiezy-marianow\/#primaryimage","url":"https:\/\/www.lichen.pl\/wp-content\/uploads\/2021\/06\/109-Marianow.jpg","contentUrl":"https:\/\/www.lichen.pl\/wp-content\/uploads\/2021\/06\/109-Marianow.jpg","width":900,"height":600,"caption":"109. rocznica odnowienia Zgromadzenia Ksi\u0119\u017cy Marian\u00f3w"},{"@type":"BreadcrumbList","@id":"https:\/\/www.lichen.pl\/es\/109-rocznica-odnowienia-zgromadzenia-ksiezy-marianow\/#breadcrumb","itemListElement":[{"@type":"ListItem","position":1,"name":"Strona g\u0142\u00f3wna","item":"https:\/\/www.lichen.pl\/"},{"@type":"ListItem","position":2,"name":"109. rocznica odnowienia Zgromadzenia Ksi\u0119\u017cy Marian\u00f3w"}]},{"@type":"WebSite","@id":"https:\/\/www.lichen.pl\/fr\/#website","url":"https:\/\/www.lichen.pl\/fr\/","name":"SANCTUAIRE EN LICHENIE","description":"LA MAUVAISE REINE DE POLOGNE DE NOTRE LICHEN","potentialAction":[{"@type":"SearchAction","target":{"@type":"EntryPoint","urlTemplate":"https:\/\/www.lichen.pl\/fr\/?s={search_term_string}"},"query-input":{"@type":"PropertyValueSpecification","valueRequired":true,"valueName":"search_term_string"}}],"inLanguage":"fr-FR"},{"@type":"Person","@id":"https:\/\/www.lichen.pl\/fr\/#\/schema\/person\/c06cd926b95870cc59f18d6ee6e33da5","name":"ROBERT ADAMCZYK","image":{"@type":"ImageObject","inLanguage":"fr-FR","@id":"https:\/\/secure.gravatar.com\/avatar\/53c330430596e73552f4c356c2e47c209ff8f6352a5106011c9b6abcce5e00df?s=96&d=retro&r=g","url":"https:\/\/secure.gravatar.com\/avatar\/53c330430596e73552f4c356c2e47c209ff8f6352a5106011c9b6abcce5e00df?s=96&d=retro&r=g","contentUrl":"https:\/\/secure.gravatar.com\/avatar\/53c330430596e73552f4c356c2e47c209ff8f6352a5106011c9b6abcce5e00df?s=96&d=retro&r=g","caption":"ROBERT ADAMCZYK"},"url":"https:\/\/www.lichen.pl\/fr\/author\/press\/"}]}},"_links":{"self":[{"href":"https:\/\/www.lichen.pl\/fr\/wp-json\/wp\/v2\/posts\/11909","targetHints":{"allow":["GET"]}}],"collection":[{"href":"https:\/\/www.lichen.pl\/fr\/wp-json\/wp\/v2\/posts"}],"about":[{"href":"https:\/\/www.lichen.pl\/fr\/wp-json\/wp\/v2\/types\/post"}],"author":[{"embeddable":true,"href":"https:\/\/www.lichen.pl\/fr\/wp-json\/wp\/v2\/users\/4"}],"replies":[{"embeddable":true,"href":"https:\/\/www.lichen.pl\/fr\/wp-json\/wp\/v2\/comments?post=11909"}],"version-history":[{"count":13,"href":"https:\/\/www.lichen.pl\/fr\/wp-json\/wp\/v2\/posts\/11909\/revisions"}],"predecessor-version":[{"id":11928,"href":"https:\/\/www.lichen.pl\/fr\/wp-json\/wp\/v2\/posts\/11909\/revisions\/11928"}],"wp:featuredmedia":[{"embeddable":true,"href":"https:\/\/www.lichen.pl\/fr\/wp-json\/wp\/v2\/media\/11911"}],"wp:attachment":[{"href":"https:\/\/www.lichen.pl\/fr\/wp-json\/wp\/v2\/media?parent=11909"}],"wp:term":[{"taxonomy":"category","embeddable":true,"href":"https:\/\/www.lichen.pl\/fr\/wp-json\/wp\/v2\/categories?post=11909"},{"taxonomy":"post_tag","embeddable":true,"href":"https:\/\/www.lichen.pl\/fr\/wp-json\/wp\/v2\/tags?post=11909"}],"curies":[{"name":"wp","href":"https:\/\/api.w.org\/{rel}","templated":true}]}}