{"id":12033,"date":"2021-04-10T07:12:43","date_gmt":"2021-04-10T07:12:43","guid":{"rendered":"http:\/\/www.lichen.pl\/?p=12033"},"modified":"2021-06-11T07:18:16","modified_gmt":"2021-06-11T07:18:16","slug":"pielgrzymka-ruchu-rodzin-nazaretanskich","status":"publish","type":"post","link":"https:\/\/www.lichen.pl\/fr\/pielgrzymka-ruchu-rodzin-nazaretanskich\/","title":{"rendered":"Mouvement P\u00e8lerinage des Familles de Nazareth"},"content":{"rendered":"<div data-elementor-type=\"wp-post\" data-elementor-id=\"12033\" class=\"elementor elementor-12033\" data-elementor-post-type=\"post\">\n\t\t\t\t\t\t<section class=\"elementor-section elementor-top-section elementor-element elementor-element-9931fbd elementor-section-boxed elementor-section-height-default elementor-section-height-default\" data-id=\"9931fbd\" data-element_type=\"section\" data-e-type=\"section\">\n\t\t\t\t\t\t<div class=\"elementor-container elementor-column-gap-default\">\n\t\t\t\t\t<div class=\"elementor-column elementor-col-100 elementor-top-column elementor-element elementor-element-93f8c8e\" data-id=\"93f8c8e\" data-element_type=\"column\" data-e-type=\"column\">\n\t\t\t<div class=\"elementor-widget-wrap elementor-element-populated\">\n\t\t\t\t\t\t<div class=\"elementor-element elementor-element-a3b0af5 elementor-widget elementor-widget-text-editor\" data-id=\"a3b0af5\" data-element_type=\"widget\" data-e-type=\"widget\" data-widget_type=\"text-editor.default\">\n\t\t\t\t<div class=\"elementor-widget-container\">\n\t\t\t\t\t\t\t\t\t<p style=\"text-align: justify;\"><b>La veille du Dimanche de la Mis\u00e9ricorde Divine, la communaut\u00e9 du Mouvement des Familles de Nazareth a effectu\u00e9 un p\u00e8lerinage au Sanctuaire de Notre-Dame de Liche\u0144. Sainte Messe dans la basilique de Liche\u0144 a \u00e9t\u00e9 pr\u00e9sid\u00e9e le 10 avril par le P. Mgr Andrzej Siemieniewski, d\u00e9l\u00e9gu\u00e9 de la Conf\u00e9rence \u00e9piscopale polonaise pour RRN.<\/b><\/p><p style=\"text-align: justify;\">La journ\u00e9e de pri\u00e8res sous le slogan : \u00ab L&#039;Esprit Saint r\u00e9conforte et conduit \u00e0 la v\u00e9rit\u00e9 \u00bb a commenc\u00e9 par le salut des P\u00e8res mariaux. Pr. Bogus\u0142aw Binda, MIC, le sup\u00e9rieur de la communaut\u00e9 mariale de Lichen, a parl\u00e9 de la vie et de la saintet\u00e9 de St. P\u00e8re Stanis\u0142aw Papczy\u0144ski, fondateur de la Congr\u00e9gation des Mariens de l&#039;Immacul\u00e9e Conception de la Bienheureuse Vierge Marie. Avec leurs t\u00e9moignages sur les faveurs re\u00e7ues par l&#039;intercession de St. Le p\u00e8re Papczy\u0144ski pendant la pand\u00e9mie a divis\u00e9 les membres du Mouvement des familles de Nazareth. Ils ont \u00e9galement pri\u00e9 par l&#039;intercession de St. P\u00e8re Stanis\u0142aw Papczy\u0144ski pour ceux qui souffrent du coronavirus et pour ceux qui sont en r\u00e9\u00e9ducation postovid, et pour l&#039;intention de prot\u00e9ger les jeunes de la d\u00e9pravation.<\/p>\t\t\t\t\t\t\t\t<\/div>\n\t\t\t\t<\/div>\n\t\t\t\t<div class=\"elementor-element elementor-element-4f41d31 elementor-widget elementor-widget-image\" data-id=\"4f41d31\" data-element_type=\"widget\" data-e-type=\"widget\" data-widget_type=\"image.default\">\n\t\t\t\t<div class=\"elementor-widget-container\">\n\t\t\t\t\t\t\t\t\t\t\t\t\t\t\t<img fetchpriority=\"high\" decoding=\"async\" width=\"769\" height=\"1024\" src=\"https:\/\/www.lichen.pl\/wp-content\/uploads\/2021\/06\/P1340506-769x1024.jpg\" class=\"attachment-large size-large wp-image-12074\" alt=\"\" srcset=\"https:\/\/www.lichen.pl\/wp-content\/uploads\/2021\/06\/P1340506-769x1024.jpg 769w, https:\/\/www.lichen.pl\/wp-content\/uploads\/2021\/06\/P1340506-800x1065.jpg 800w, https:\/\/www.lichen.pl\/wp-content\/uploads\/2021\/06\/P1340506-225x300.jpg 225w, https:\/\/www.lichen.pl\/wp-content\/uploads\/2021\/06\/P1340506-768x1023.jpg 768w, https:\/\/www.lichen.pl\/wp-content\/uploads\/2021\/06\/P1340506.jpg 901w\" sizes=\"(max-width: 769px) 100vw, 769px\" \/>\t\t\t\t\t\t\t\t\t\t\t\t\t\t\t<\/div>\n\t\t\t\t<\/div>\n\t\t\t\t<div class=\"elementor-element elementor-element-615ae6a elementor-widget elementor-widget-text-editor\" data-id=\"615ae6a\" data-element_type=\"widget\" data-e-type=\"widget\" data-widget_type=\"text-editor.default\">\n\t\t\t\t<div class=\"elementor-widget-container\">\n\t\t\t\t\t\t\t\t\t<p style=\"text-align: justify;\">Le point central du p\u00e8lerinage \u00e9tait l&#039;Eucharistie dans la basilique de Liche\u0144, pr\u00e9sid\u00e9e par le P. pb. Andrzej Siemieniewski, qui a \u00e9galement adress\u00e9 un mot au peuple rassembl\u00e9. L&#039;\u00e9v\u00eaque a soulign\u00e9 que l&#039;Esprit Saint apporte une r\u00e9elle consolation, contrairement aux pseudo-enfants terrestres, comme les stimulants, qui facilitent une fuite d\u00e9sesp\u00e9r\u00e9e et assombrissent la m\u00e9moire. - L&#039;Eglise est un espace d&#039;action de l&#039;Esprit Saint qui ne cesse de respirer - a dit le hi\u00e9rarque. Il a \u00e9galement racont\u00e9 le geste de lever la t\u00eate vers la lumi\u00e8re, en prenant l&#039;exemple des onze ap\u00f4tres qui, accabl\u00e9s de douleur, ont entendu du Christ ressuscit\u00e9 leur demander de lever la t\u00eate. - Aujourd&#039;hui est un bon moment pour voir et entendre comment l&#039;Esprit Saint agit - a dit l&#039;\u00e9v\u00eaque aux p\u00e8lerins. - Et nous, qui avons la possibilit\u00e9 de participer \u00e0 l&#039;Eucharistie, nous sommes des porteurs, des \u00e9missaires d&#039;esp\u00e9rance - a-t-il admis. Apr\u00e8s l&#039;Eucharistie, les participants ont donn\u00e9 l&#039;acte de d\u00e9votion au Mouvement de la Mis\u00e9ricorde Divine par l&#039;intercession de Notre-Dame de Liche\u0144.<\/p>\t\t\t\t\t\t\t\t<\/div>\n\t\t\t\t<\/div>\n\t\t\t\t<div class=\"elementor-element elementor-element-9a0558f elementor-widget-divider--view-line elementor-widget elementor-widget-divider\" data-id=\"9a0558f\" data-element_type=\"widget\" data-e-type=\"widget\" data-widget_type=\"divider.default\">\n\t\t\t\t<div class=\"elementor-widget-container\">\n\t\t\t\t\t\t\t<div class=\"elementor-divider\">\n\t\t\t<span class=\"elementor-divider-separator\">\n\t\t\t\t\t\t<\/span>\n\t\t<\/div>\n\t\t\t\t\t\t<\/div>\n\t\t\t\t<\/div>\n\t\t\t\t<div class=\"elementor-element elementor-element-eac8918 elementor-blockquote--skin-quotation elementor-blockquote--align-center elementor-widget elementor-widget-blockquote\" data-id=\"eac8918\" data-element_type=\"widget\" data-e-type=\"widget\" data-widget_type=\"blockquote.default\">\n\t\t\t\t<div class=\"elementor-widget-container\">\n\t\t\t\t\t\t\t<blockquote class=\"elementor-blockquote\">\n\t\t\t<p class=\"elementor-blockquote__content\">\n\t\t\t\tL&#039;esp\u00e9rance vient d&#039;en haut : la foi, l&#039;esp\u00e9rance et l&#039;amour sont des dons de Dieu. Le Saint-Esprit r\u00e9pand l&#039;espoir dans nos c\u0153urs. \t\t\t<\/p>\n\t\t\t\t\t<\/blockquote>\n\t\t\t\t\t\t<\/div>\n\t\t\t\t<\/div>\n\t\t\t\t<div class=\"elementor-element elementor-element-0bb888a elementor-widget-divider--view-line elementor-widget elementor-widget-divider\" data-id=\"0bb888a\" data-element_type=\"widget\" data-e-type=\"widget\" data-widget_type=\"divider.default\">\n\t\t\t\t<div class=\"elementor-widget-container\">\n\t\t\t\t\t\t\t<div class=\"elementor-divider\">\n\t\t\t<span class=\"elementor-divider-separator\">\n\t\t\t\t\t\t<\/span>\n\t\t<\/div>\n\t\t\t\t\t\t<\/div>\n\t\t\t\t<\/div>\n\t\t\t\t<div class=\"elementor-element elementor-element-b56d245 elementor-widget elementor-widget-text-editor\" data-id=\"b56d245\" data-element_type=\"widget\" data-e-type=\"widget\" data-widget_type=\"text-editor.default\">\n\t\t\t\t<div class=\"elementor-widget-container\">\n\t\t\t\t\t\t\t\t\t<p><span style=\"text-align: justify;\">Le Mouvement des Familles de Nazareth a \u00e9t\u00e9 fond\u00e9 \u00e0 l&#039;initiative du P. Tadeusz Dajczer (\u2020 2009) et le P. Andrzej Buczel (\u2020 1994) et un groupe de la\u00efcs qui ont cr\u00e9\u00e9 la premi\u00e8re communaut\u00e9 d&#039;\u00e9vang\u00e9lisation en 1985 \u00e0 Varsovie. Le groupe d&#039;\u00e9tudiants a commenc\u00e9 \u00e0 appara\u00eetre dans les mariages et les familles qui voulaient vivre une vie spirituelle profonde. Comme le P. Kowalczyk, l&#039;id\u00e9e du Mouvement est de vivre la spiritualit\u00e9 de la Sainte Famille de Nazareth : \u00ab La premi\u00e8re \u00e9tape est d&#039;imiter la spiritualit\u00e9 de la Sainte Famille, la p\u00e9riode de la vie cach\u00e9e, quotidienne, ordinaire, simple, et \u00e0 la en m\u00eame temps ax\u00e9 sur la spiritualit\u00e9 profonde, la contemplation et le mysticisme.&quot; Actuellement, le Mouvement, formellement pr\u00e9sent dans 25 dioc\u00e8ses, a le statut d&#039;association de fid\u00e8les de droit dioc\u00e9sain.<\/span><\/p>\t\t\t\t\t\t\t\t<\/div>\n\t\t\t\t<\/div>\n\t\t\t\t<div class=\"elementor-element elementor-element-e4c7139 elementor-widget elementor-widget-gallery\" data-id=\"e4c7139\" data-element_type=\"widget\" data-e-type=\"widget\" data-settings=\"{&quot;lazyload&quot;:&quot;yes&quot;,&quot;gallery_layout&quot;:&quot;grid&quot;,&quot;columns&quot;:4,&quot;columns_tablet&quot;:2,&quot;columns_mobile&quot;:1,&quot;gap&quot;:{&quot;unit&quot;:&quot;px&quot;,&quot;size&quot;:10,&quot;sizes&quot;:[]},&quot;gap_tablet&quot;:{&quot;unit&quot;:&quot;px&quot;,&quot;size&quot;:10,&quot;sizes&quot;:[]},&quot;gap_mobile&quot;:{&quot;unit&quot;:&quot;px&quot;,&quot;size&quot;:10,&quot;sizes&quot;:[]},&quot;link_to&quot;:&quot;file&quot;,&quot;aspect_ratio&quot;:&quot;3:2&quot;,&quot;overlay_background&quot;:&quot;yes&quot;,&quot;content_hover_animation&quot;:&quot;fade-in&quot;}\" data-widget_type=\"gallery.default\">\n\t\t\t\t<div class=\"elementor-widget-container\">\n\t\t\t\t\t\t\t<div class=\"elementor-gallery__container\">\n\t\t\t\t\t\t\t<a class=\"e-gallery-item elementor-gallery-item elementor-animated-content\" href=\"https:\/\/www.lichen.pl\/wp-content\/uploads\/2021\/06\/P1340518.jpg\" data-elementor-open-lightbox=\"yes\" data-elementor-lightbox-slideshow=\"e4c7139\" data-elementor-lightbox-title=\"P1340518\" data-e-action-hash=\"#elementor-action%3Aaction%3Dlightbox%26settings%3DeyJpZCI6MTIwOTksInVybCI6Imh0dHBzOlwvXC93d3cubGljaGVuLnBsXC93cC1jb250ZW50XC91cGxvYWRzXC8yMDIxXC8wNlwvUDEzNDA1MTguanBnIiwic2xpZGVzaG93IjoiZTRjNzEzOSJ9\">\n\t\t\t\t\t<div class=\"e-gallery-image elementor-gallery-item__image\" data-thumbnail=\"https:\/\/www.lichen.pl\/wp-content\/uploads\/2021\/06\/P1340518-225x300.jpg\" data-width=\"225\" data-height=\"300\" aria-label=\"\" role=\"img\" ><\/div>\n\t\t\t\t\t\t\t\t\t\t\t<div class=\"elementor-gallery-item__overlay\"><\/div>\n\t\t\t\t\t\t\t\t\t\t\t\t\t\t<\/a>\n\t\t\t\t\t\t\t<a class=\"e-gallery-item elementor-gallery-item elementor-animated-content\" href=\"https:\/\/www.lichen.pl\/wp-content\/uploads\/2021\/06\/P1340516.jpg\" data-elementor-open-lightbox=\"yes\" data-elementor-lightbox-slideshow=\"e4c7139\" data-elementor-lightbox-title=\"P1340516\" data-e-action-hash=\"#elementor-action%3Aaction%3Dlightbox%26settings%3DeyJpZCI6MTIwOTQsInVybCI6Imh0dHBzOlwvXC93d3cubGljaGVuLnBsXC93cC1jb250ZW50XC91cGxvYWRzXC8yMDIxXC8wNlwvUDEzNDA1MTYuanBnIiwic2xpZGVzaG93IjoiZTRjNzEzOSJ9\">\n\t\t\t\t\t<div class=\"e-gallery-image elementor-gallery-item__image\" data-thumbnail=\"https:\/\/www.lichen.pl\/wp-content\/uploads\/2021\/06\/P1340516-300x225.jpg\" data-width=\"300\" data-height=\"225\" aria-label=\"\" role=\"img\" ><\/div>\n\t\t\t\t\t\t\t\t\t\t\t<div class=\"elementor-gallery-item__overlay\"><\/div>\n\t\t\t\t\t\t\t\t\t\t\t\t\t\t<\/a>\n\t\t\t\t\t\t\t<a class=\"e-gallery-item elementor-gallery-item elementor-animated-content\" href=\"https:\/\/www.lichen.pl\/wp-content\/uploads\/2021\/06\/P1340512.jpg\" data-elementor-open-lightbox=\"yes\" data-elementor-lightbox-slideshow=\"e4c7139\" data-elementor-lightbox-title=\"P1340512\" data-e-action-hash=\"#elementor-action%3Aaction%3Dlightbox%26settings%3DeyJpZCI6MTIwODksInVybCI6Imh0dHBzOlwvXC93d3cubGljaGVuLnBsXC93cC1jb250ZW50XC91cGxvYWRzXC8yMDIxXC8wNlwvUDEzNDA1MTIuanBnIiwic2xpZGVzaG93IjoiZTRjNzEzOSJ9\">\n\t\t\t\t\t<div class=\"e-gallery-image elementor-gallery-item__image\" data-thumbnail=\"https:\/\/www.lichen.pl\/wp-content\/uploads\/2021\/06\/P1340512-225x300.jpg\" data-width=\"225\" data-height=\"300\" aria-label=\"\" role=\"img\" ><\/div>\n\t\t\t\t\t\t\t\t\t\t\t<div class=\"elementor-gallery-item__overlay\"><\/div>\n\t\t\t\t\t\t\t\t\t\t\t\t\t\t<\/a>\n\t\t\t\t\t\t\t<a class=\"e-gallery-item elementor-gallery-item elementor-animated-content\" href=\"https:\/\/www.lichen.pl\/wp-content\/uploads\/2021\/06\/P1340510.jpg\" data-elementor-open-lightbox=\"yes\" data-elementor-lightbox-slideshow=\"e4c7139\" data-elementor-lightbox-title=\"P1340510\" data-e-action-hash=\"#elementor-action%3Aaction%3Dlightbox%26settings%3DeyJpZCI6MTIwODQsInVybCI6Imh0dHBzOlwvXC93d3cubGljaGVuLnBsXC93cC1jb250ZW50XC91cGxvYWRzXC8yMDIxXC8wNlwvUDEzNDA1MTAuanBnIiwic2xpZGVzaG93IjoiZTRjNzEzOSJ9\">\n\t\t\t\t\t<div class=\"e-gallery-image elementor-gallery-item__image\" data-thumbnail=\"https:\/\/www.lichen.pl\/wp-content\/uploads\/2021\/06\/P1340510-300x225.jpg\" data-width=\"300\" data-height=\"225\" aria-label=\"\" role=\"img\" ><\/div>\n\t\t\t\t\t\t\t\t\t\t\t<div class=\"elementor-gallery-item__overlay\"><\/div>\n\t\t\t\t\t\t\t\t\t\t\t\t\t\t<\/a>\n\t\t\t\t\t\t\t<a class=\"e-gallery-item elementor-gallery-item elementor-animated-content\" href=\"https:\/\/www.lichen.pl\/wp-content\/uploads\/2021\/06\/P1340508-scaled.jpg\" data-elementor-open-lightbox=\"yes\" data-elementor-lightbox-slideshow=\"e4c7139\" data-elementor-lightbox-title=\"P1340508\" data-e-action-hash=\"#elementor-action%3Aaction%3Dlightbox%26settings%3DeyJpZCI6MTIwNzksInVybCI6Imh0dHBzOlwvXC93d3cubGljaGVuLnBsXC93cC1jb250ZW50XC91cGxvYWRzXC8yMDIxXC8wNlwvUDEzNDA1MDgtc2NhbGVkLmpwZyIsInNsaWRlc2hvdyI6ImU0YzcxMzkifQ%3D%3D\">\n\t\t\t\t\t<div class=\"e-gallery-image elementor-gallery-item__image\" data-thumbnail=\"https:\/\/www.lichen.pl\/wp-content\/uploads\/2021\/06\/P1340508-300x225.jpg\" data-width=\"300\" data-height=\"225\" aria-label=\"\" role=\"img\" ><\/div>\n\t\t\t\t\t\t\t\t\t\t\t<div class=\"elementor-gallery-item__overlay\"><\/div>\n\t\t\t\t\t\t\t\t\t\t\t\t\t\t<\/a>\n\t\t\t\t\t\t\t<a class=\"e-gallery-item elementor-gallery-item elementor-animated-content\" href=\"https:\/\/www.lichen.pl\/wp-content\/uploads\/2021\/06\/P1340504.jpg\" data-elementor-open-lightbox=\"yes\" data-elementor-lightbox-slideshow=\"e4c7139\" data-elementor-lightbox-title=\"P1340504\" data-e-action-hash=\"#elementor-action%3Aaction%3Dlightbox%26settings%3DeyJpZCI6MTIwNjksInVybCI6Imh0dHBzOlwvXC93d3cubGljaGVuLnBsXC93cC1jb250ZW50XC91cGxvYWRzXC8yMDIxXC8wNlwvUDEzNDA1MDQuanBnIiwic2xpZGVzaG93IjoiZTRjNzEzOSJ9\">\n\t\t\t\t\t<div class=\"e-gallery-image elementor-gallery-item__image\" data-thumbnail=\"https:\/\/www.lichen.pl\/wp-content\/uploads\/2021\/06\/P1340504-225x300.jpg\" data-width=\"225\" data-height=\"300\" aria-label=\"\" role=\"img\" ><\/div>\n\t\t\t\t\t\t\t\t\t\t\t<div class=\"elementor-gallery-item__overlay\"><\/div>\n\t\t\t\t\t\t\t\t\t\t\t\t\t\t<\/a>\n\t\t\t\t\t\t\t<a class=\"e-gallery-item elementor-gallery-item elementor-animated-content\" href=\"https:\/\/www.lichen.pl\/wp-content\/uploads\/2021\/06\/P1340501.jpg\" data-elementor-open-lightbox=\"yes\" data-elementor-lightbox-slideshow=\"e4c7139\" data-elementor-lightbox-title=\"P1340501\" data-e-action-hash=\"#elementor-action%3Aaction%3Dlightbox%26settings%3DeyJpZCI6MTIwNjQsInVybCI6Imh0dHBzOlwvXC93d3cubGljaGVuLnBsXC93cC1jb250ZW50XC91cGxvYWRzXC8yMDIxXC8wNlwvUDEzNDA1MDEuanBnIiwic2xpZGVzaG93IjoiZTRjNzEzOSJ9\">\n\t\t\t\t\t<div class=\"e-gallery-image elementor-gallery-item__image\" data-thumbnail=\"https:\/\/www.lichen.pl\/wp-content\/uploads\/2021\/06\/P1340501-300x225.jpg\" data-width=\"300\" data-height=\"225\" aria-label=\"\" role=\"img\" ><\/div>\n\t\t\t\t\t\t\t\t\t\t\t<div class=\"elementor-gallery-item__overlay\"><\/div>\n\t\t\t\t\t\t\t\t\t\t\t\t\t\t<\/a>\n\t\t\t\t\t\t\t<a class=\"e-gallery-item elementor-gallery-item elementor-animated-content\" href=\"https:\/\/www.lichen.pl\/wp-content\/uploads\/2021\/06\/P1340499.jpg\" data-elementor-open-lightbox=\"yes\" data-elementor-lightbox-slideshow=\"e4c7139\" data-elementor-lightbox-title=\"P1340499\" data-e-action-hash=\"#elementor-action%3Aaction%3Dlightbox%26settings%3DeyJpZCI6MTIwNTksInVybCI6Imh0dHBzOlwvXC93d3cubGljaGVuLnBsXC93cC1jb250ZW50XC91cGxvYWRzXC8yMDIxXC8wNlwvUDEzNDA0OTkuanBnIiwic2xpZGVzaG93IjoiZTRjNzEzOSJ9\">\n\t\t\t\t\t<div class=\"e-gallery-image elementor-gallery-item__image\" data-thumbnail=\"https:\/\/www.lichen.pl\/wp-content\/uploads\/2021\/06\/P1340499-300x225.jpg\" data-width=\"300\" data-height=\"225\" aria-label=\"\" role=\"img\" ><\/div>\n\t\t\t\t\t\t\t\t\t\t\t<div class=\"elementor-gallery-item__overlay\"><\/div>\n\t\t\t\t\t\t\t\t\t\t\t\t\t\t<\/a>\n\t\t\t\t\t\t\t<a class=\"e-gallery-item elementor-gallery-item elementor-animated-content\" href=\"https:\/\/www.lichen.pl\/wp-content\/uploads\/2021\/06\/P1340496.jpg\" data-elementor-open-lightbox=\"yes\" data-elementor-lightbox-slideshow=\"e4c7139\" data-elementor-lightbox-title=\"P1340496\" data-e-action-hash=\"#elementor-action%3Aaction%3Dlightbox%26settings%3DeyJpZCI6MTIwNTQsInVybCI6Imh0dHBzOlwvXC93d3cubGljaGVuLnBsXC93cC1jb250ZW50XC91cGxvYWRzXC8yMDIxXC8wNlwvUDEzNDA0OTYuanBnIiwic2xpZGVzaG93IjoiZTRjNzEzOSJ9\">\n\t\t\t\t\t<div class=\"e-gallery-image elementor-gallery-item__image\" data-thumbnail=\"https:\/\/www.lichen.pl\/wp-content\/uploads\/2021\/06\/P1340496-225x300.jpg\" data-width=\"225\" data-height=\"300\" aria-label=\"\" role=\"img\" ><\/div>\n\t\t\t\t\t\t\t\t\t\t\t<div class=\"elementor-gallery-item__overlay\"><\/div>\n\t\t\t\t\t\t\t\t\t\t\t\t\t\t<\/a>\n\t\t\t\t\t\t\t<a class=\"e-gallery-item elementor-gallery-item elementor-animated-content\" href=\"https:\/\/www.lichen.pl\/wp-content\/uploads\/2021\/06\/P1340492.jpg\" data-elementor-open-lightbox=\"yes\" data-elementor-lightbox-slideshow=\"e4c7139\" data-elementor-lightbox-title=\"P1340492\" data-e-action-hash=\"#elementor-action%3Aaction%3Dlightbox%26settings%3DeyJpZCI6MTIwNDksInVybCI6Imh0dHBzOlwvXC93d3cubGljaGVuLnBsXC93cC1jb250ZW50XC91cGxvYWRzXC8yMDIxXC8wNlwvUDEzNDA0OTIuanBnIiwic2xpZGVzaG93IjoiZTRjNzEzOSJ9\">\n\t\t\t\t\t<div class=\"e-gallery-image elementor-gallery-item__image\" data-thumbnail=\"https:\/\/www.lichen.pl\/wp-content\/uploads\/2021\/06\/P1340492-225x300.jpg\" data-width=\"225\" data-height=\"300\" aria-label=\"\" role=\"img\" ><\/div>\n\t\t\t\t\t\t\t\t\t\t\t<div class=\"elementor-gallery-item__overlay\"><\/div>\n\t\t\t\t\t\t\t\t\t\t\t\t\t\t<\/a>\n\t\t\t\t\t\t\t<a class=\"e-gallery-item elementor-gallery-item elementor-animated-content\" href=\"https:\/\/www.lichen.pl\/wp-content\/uploads\/2021\/06\/P1340490.jpg\" data-elementor-open-lightbox=\"yes\" data-elementor-lightbox-slideshow=\"e4c7139\" data-elementor-lightbox-title=\"P1340490\" data-e-action-hash=\"#elementor-action%3Aaction%3Dlightbox%26settings%3DeyJpZCI6MTIwNDQsInVybCI6Imh0dHBzOlwvXC93d3cubGljaGVuLnBsXC93cC1jb250ZW50XC91cGxvYWRzXC8yMDIxXC8wNlwvUDEzNDA0OTAuanBnIiwic2xpZGVzaG93IjoiZTRjNzEzOSJ9\">\n\t\t\t\t\t<div class=\"e-gallery-image elementor-gallery-item__image\" data-thumbnail=\"https:\/\/www.lichen.pl\/wp-content\/uploads\/2021\/06\/P1340490-300x225.jpg\" data-width=\"300\" data-height=\"225\" aria-label=\"\" role=\"img\" ><\/div>\n\t\t\t\t\t\t\t\t\t\t\t<div class=\"elementor-gallery-item__overlay\"><\/div>\n\t\t\t\t\t\t\t\t\t\t\t\t\t\t<\/a>\n\t\t\t\t\t\t\t<a class=\"e-gallery-item elementor-gallery-item elementor-animated-content\" href=\"https:\/\/www.lichen.pl\/wp-content\/uploads\/2021\/06\/P1340488.jpg\" data-elementor-open-lightbox=\"yes\" data-elementor-lightbox-slideshow=\"e4c7139\" data-elementor-lightbox-title=\"P1340488\" data-e-action-hash=\"#elementor-action%3Aaction%3Dlightbox%26settings%3DeyJpZCI6MTIwMzksInVybCI6Imh0dHBzOlwvXC93d3cubGljaGVuLnBsXC93cC1jb250ZW50XC91cGxvYWRzXC8yMDIxXC8wNlwvUDEzNDA0ODguanBnIiwic2xpZGVzaG93IjoiZTRjNzEzOSJ9\">\n\t\t\t\t\t<div class=\"e-gallery-image elementor-gallery-item__image\" data-thumbnail=\"https:\/\/www.lichen.pl\/wp-content\/uploads\/2021\/06\/P1340488-225x300.jpg\" data-width=\"225\" data-height=\"300\" aria-label=\"\" role=\"img\" ><\/div>\n\t\t\t\t\t\t\t\t\t\t\t<div class=\"elementor-gallery-item__overlay\"><\/div>\n\t\t\t\t\t\t\t\t\t\t\t\t\t\t<\/a>\n\t\t\t\t\t<\/div>\n\t\t\t\t\t<\/div>\n\t\t\t\t<\/div>\n\t\t\t\t\t<\/div>\n\t\t<\/div>\n\t\t\t\t\t<\/div>\n\t\t<\/section>\n\t\t\t\t<\/div>","protected":false},"excerpt":{"rendered":"<p>W wigili\u0119 Niedzieli Mi\u0142osierdzia Bo\u017cego wsp\u00f3lnota Ruchu Rodzin Nazareta\u0144skich pielgrzymowa\u0142a do Sanktuarium Matki Bo\u017cej Liche\u0144skiej. Mszy \u015bw. w bazylice liche\u0144skiej przewodniczy\u0142 10 kwietnia ks. bp Andrzej Siemieniewski, Delegat Konferencji Episkopatu Polski ds. RRN. Dzie\u0144 modlitw pod has\u0142em: \u201eDuch \u015awi\u0119ty pociesza i prowadzi do prawdy\u201d rozpocz\u0119li powitaniem ksi\u0119\u017ca marianie. Ks. Bogus\u0142aw Binda MIC, prze\u0142o\u017cony liche\u0144skiej wsp\u00f3lnoty [&hellip;]<\/p>\n","protected":false},"author":6,"featured_media":12104,"comment_status":"open","ping_status":"open","sticky":false,"template":"","format":"standard","meta":{"footnotes":""},"categories":[1],"tags":[],"class_list":["post-12033","post","type-post","status-publish","format-standard","has-post-thumbnail","hentry","category-aktualnosci","wpbf-post"],"yoast_head":"<!-- This site is optimized with the Yoast SEO plugin v27.4 - https:\/\/yoast.com\/product\/yoast-seo-wordpress\/ -->\n<title>Pielgrzymka Ruchu Rodzin Nazareta\u0144skich - SANKTUARIUM W LICHENIU<\/title>\n<meta name=\"robots\" content=\"index, follow, max-snippet:-1, max-image-preview:large, max-video-preview:-1\" \/>\n<link rel=\"canonical\" href=\"http:\/\/www.lichen.pl\/fr\/pielgrzymka-ruchu-rodzin-nazaretanskich\/\" \/>\n<meta property=\"og:locale\" content=\"fr_FR\" \/>\n<meta property=\"og:type\" content=\"article\" \/>\n<meta property=\"og:title\" content=\"Pielgrzymka Ruchu Rodzin Nazareta\u0144skich - SANKTUARIUM W LICHENIU\" \/>\n<meta property=\"og:description\" content=\"W wigili\u0119 Niedzieli Mi\u0142osierdzia Bo\u017cego wsp\u00f3lnota Ruchu Rodzin Nazareta\u0144skich pielgrzymowa\u0142a do Sanktuarium Matki Bo\u017cej Liche\u0144skiej. Mszy \u015bw. w bazylice liche\u0144skiej przewodniczy\u0142 10 kwietnia ks. bp Andrzej Siemieniewski, Delegat Konferencji Episkopatu Polski ds. RRN. Dzie\u0144 modlitw pod has\u0142em: \u201eDuch \u015awi\u0119ty pociesza i prowadzi do prawdy\u201d rozpocz\u0119li powitaniem ksi\u0119\u017ca marianie. Ks. Bogus\u0142aw Binda MIC, prze\u0142o\u017cony liche\u0144skiej wsp\u00f3lnoty [&hellip;]\" \/>\n<meta property=\"og:url\" content=\"http:\/\/www.lichen.pl\/fr\/pielgrzymka-ruchu-rodzin-nazaretanskich\/\" \/>\n<meta property=\"og:site_name\" content=\"SANKTUARIUM W LICHENIU\" \/>\n<meta property=\"article:published_time\" content=\"2021-04-10T07:12:43+00:00\" \/>\n<meta property=\"article:modified_time\" content=\"2021-06-11T07:18:16+00:00\" \/>\n<meta property=\"og:image\" content=\"http:\/\/www.lichen.pl\/wp-content\/uploads\/2021\/06\/P1340521-scaled.jpg\" \/>\n\t<meta property=\"og:image:width\" content=\"1920\" \/>\n\t<meta property=\"og:image:height\" content=\"1442\" \/>\n\t<meta property=\"og:image:type\" content=\"image\/jpeg\" \/>\n<meta name=\"author\" content=\"AMELIA SIUDA-KOSZELA\" \/>\n<meta name=\"twitter:card\" content=\"summary_large_image\" \/>\n<meta name=\"twitter:label1\" content=\"\u00c9crit par\" \/>\n\t<meta name=\"twitter:data1\" content=\"AMELIA SIUDA-KOSZELA\" \/>\n\t<meta name=\"twitter:label2\" content=\"Dur\u00e9e de lecture estim\u00e9e\" \/>\n\t<meta name=\"twitter:data2\" content=\"2 minutes\" \/>\n<script type=\"application\/ld+json\" class=\"yoast-schema-graph\">{\"@context\":\"https:\\\/\\\/schema.org\",\"@graph\":[{\"@type\":\"Article\",\"@id\":\"http:\\\/\\\/www.lichen.pl\\\/it\\\/pielgrzymka-ruchu-rodzin-nazaretanskich\\\/#article\",\"isPartOf\":{\"@id\":\"http:\\\/\\\/www.lichen.pl\\\/it\\\/pielgrzymka-ruchu-rodzin-nazaretanskich\\\/\"},\"author\":{\"name\":\"AMELIA SIUDA-KOSZELA\",\"@id\":\"https:\\\/\\\/www.lichen.pl\\\/fr\\\/#\\\/schema\\\/person\\\/70bf824c102f176cf976b0d90af0d62a\"},\"headline\":\"Pielgrzymka Ruchu Rodzin Nazareta\u0144skich\",\"datePublished\":\"2021-04-10T07:12:43+00:00\",\"dateModified\":\"2021-06-11T07:18:16+00:00\",\"mainEntityOfPage\":{\"@id\":\"http:\\\/\\\/www.lichen.pl\\\/it\\\/pielgrzymka-ruchu-rodzin-nazaretanskich\\\/\"},\"wordCount\":456,\"commentCount\":0,\"image\":{\"@id\":\"http:\\\/\\\/www.lichen.pl\\\/it\\\/pielgrzymka-ruchu-rodzin-nazaretanskich\\\/#primaryimage\"},\"thumbnailUrl\":\"https:\\\/\\\/www.lichen.pl\\\/wp-content\\\/uploads\\\/2021\\\/06\\\/P1340521-scaled.jpg\",\"articleSection\":[\"Aktualno\u015bci\"],\"inLanguage\":\"fr-FR\",\"potentialAction\":[{\"@type\":\"CommentAction\",\"name\":\"Comment\",\"target\":[\"http:\\\/\\\/www.lichen.pl\\\/it\\\/pielgrzymka-ruchu-rodzin-nazaretanskich\\\/#respond\"]}]},{\"@type\":\"WebPage\",\"@id\":\"http:\\\/\\\/www.lichen.pl\\\/it\\\/pielgrzymka-ruchu-rodzin-nazaretanskich\\\/\",\"url\":\"http:\\\/\\\/www.lichen.pl\\\/it\\\/pielgrzymka-ruchu-rodzin-nazaretanskich\\\/\",\"name\":\"Pielgrzymka Ruchu Rodzin Nazareta\u0144skich - SANKTUARIUM W LICHENIU\",\"isPartOf\":{\"@id\":\"https:\\\/\\\/www.lichen.pl\\\/fr\\\/#website\"},\"primaryImageOfPage\":{\"@id\":\"http:\\\/\\\/www.lichen.pl\\\/it\\\/pielgrzymka-ruchu-rodzin-nazaretanskich\\\/#primaryimage\"},\"image\":{\"@id\":\"http:\\\/\\\/www.lichen.pl\\\/it\\\/pielgrzymka-ruchu-rodzin-nazaretanskich\\\/#primaryimage\"},\"thumbnailUrl\":\"https:\\\/\\\/www.lichen.pl\\\/wp-content\\\/uploads\\\/2021\\\/06\\\/P1340521-scaled.jpg\",\"datePublished\":\"2021-04-10T07:12:43+00:00\",\"dateModified\":\"2021-06-11T07:18:16+00:00\",\"author\":{\"@id\":\"https:\\\/\\\/www.lichen.pl\\\/fr\\\/#\\\/schema\\\/person\\\/70bf824c102f176cf976b0d90af0d62a\"},\"breadcrumb\":{\"@id\":\"http:\\\/\\\/www.lichen.pl\\\/it\\\/pielgrzymka-ruchu-rodzin-nazaretanskich\\\/#breadcrumb\"},\"inLanguage\":\"fr-FR\",\"potentialAction\":[{\"@type\":\"ReadAction\",\"target\":[\"http:\\\/\\\/www.lichen.pl\\\/it\\\/pielgrzymka-ruchu-rodzin-nazaretanskich\\\/\"]}]},{\"@type\":\"ImageObject\",\"inLanguage\":\"fr-FR\",\"@id\":\"http:\\\/\\\/www.lichen.pl\\\/it\\\/pielgrzymka-ruchu-rodzin-nazaretanskich\\\/#primaryimage\",\"url\":\"https:\\\/\\\/www.lichen.pl\\\/wp-content\\\/uploads\\\/2021\\\/06\\\/P1340521-scaled.jpg\",\"contentUrl\":\"https:\\\/\\\/www.lichen.pl\\\/wp-content\\\/uploads\\\/2021\\\/06\\\/P1340521-scaled.jpg\",\"width\":1920,\"height\":1442},{\"@type\":\"BreadcrumbList\",\"@id\":\"http:\\\/\\\/www.lichen.pl\\\/it\\\/pielgrzymka-ruchu-rodzin-nazaretanskich\\\/#breadcrumb\",\"itemListElement\":[{\"@type\":\"ListItem\",\"position\":1,\"name\":\"Strona g\u0142\u00f3wna\",\"item\":\"https:\\\/\\\/www.lichen.pl\\\/\"},{\"@type\":\"ListItem\",\"position\":2,\"name\":\"Pielgrzymka Ruchu Rodzin Nazareta\u0144skich\"}]},{\"@type\":\"WebSite\",\"@id\":\"https:\\\/\\\/www.lichen.pl\\\/fr\\\/#website\",\"url\":\"https:\\\/\\\/www.lichen.pl\\\/fr\\\/\",\"name\":\"SANKTUARIUM W LICHENIU\",\"description\":\"MATKI BO\u017bEJ LICHE\u0143SKIEJ BOLESNEJ KR\u00d3LOWEJ POLSKI\",\"potentialAction\":[{\"@type\":\"SearchAction\",\"target\":{\"@type\":\"EntryPoint\",\"urlTemplate\":\"https:\\\/\\\/www.lichen.pl\\\/fr\\\/?s={search_term_string}\"},\"query-input\":{\"@type\":\"PropertyValueSpecification\",\"valueRequired\":true,\"valueName\":\"search_term_string\"}}],\"inLanguage\":\"fr-FR\"},{\"@type\":\"Person\",\"@id\":\"https:\\\/\\\/www.lichen.pl\\\/fr\\\/#\\\/schema\\\/person\\\/70bf824c102f176cf976b0d90af0d62a\",\"name\":\"AMELIA SIUDA-KOSZELA\",\"image\":{\"@type\":\"ImageObject\",\"inLanguage\":\"fr-FR\",\"@id\":\"https:\\\/\\\/secure.gravatar.com\\\/avatar\\\/a0f9a92186ab02fb8db116f5388e3bc7280dd7bd01565c5d6b7ceb07ff27d6d9?s=96&d=retro&r=g\",\"url\":\"https:\\\/\\\/secure.gravatar.com\\\/avatar\\\/a0f9a92186ab02fb8db116f5388e3bc7280dd7bd01565c5d6b7ceb07ff27d6d9?s=96&d=retro&r=g\",\"contentUrl\":\"https:\\\/\\\/secure.gravatar.com\\\/avatar\\\/a0f9a92186ab02fb8db116f5388e3bc7280dd7bd01565c5d6b7ceb07ff27d6d9?s=96&d=retro&r=g\",\"caption\":\"AMELIA SIUDA-KOSZELA\"},\"url\":\"https:\\\/\\\/www.lichen.pl\\\/fr\\\/author\\\/amelia\\\/\"}]}<\/script>\n<!-- \/ Yoast SEO plugin. -->","yoast_head_json":{"title":"Pielgrzymka Ruchu Rodzin Nazareta\u0144skich - SANKTUARIUM W LICHENIU","robots":{"index":"index","follow":"follow","max-snippet":"max-snippet:-1","max-image-preview":"max-image-preview:large","max-video-preview":"max-video-preview:-1"},"canonical":"http:\/\/www.lichen.pl\/fr\/pielgrzymka-ruchu-rodzin-nazaretanskich\/","og_locale":"fr_FR","og_type":"article","og_title":"Pielgrzymka Ruchu Rodzin Nazareta\u0144skich - SANKTUARIUM W LICHENIU","og_description":"W wigili\u0119 Niedzieli Mi\u0142osierdzia Bo\u017cego wsp\u00f3lnota Ruchu Rodzin Nazareta\u0144skich pielgrzymowa\u0142a do Sanktuarium Matki Bo\u017cej Liche\u0144skiej. Mszy \u015bw. w bazylice liche\u0144skiej przewodniczy\u0142 10 kwietnia ks. bp Andrzej Siemieniewski, Delegat Konferencji Episkopatu Polski ds. RRN. Dzie\u0144 modlitw pod has\u0142em: \u201eDuch \u015awi\u0119ty pociesza i prowadzi do prawdy\u201d rozpocz\u0119li powitaniem ksi\u0119\u017ca marianie. Ks. Bogus\u0142aw Binda MIC, prze\u0142o\u017cony liche\u0144skiej wsp\u00f3lnoty [&hellip;]","og_url":"http:\/\/www.lichen.pl\/fr\/pielgrzymka-ruchu-rodzin-nazaretanskich\/","og_site_name":"SANKTUARIUM W LICHENIU","article_published_time":"2021-04-10T07:12:43+00:00","article_modified_time":"2021-06-11T07:18:16+00:00","og_image":[{"width":1920,"height":1442,"url":"http:\/\/www.lichen.pl\/wp-content\/uploads\/2021\/06\/P1340521-scaled.jpg","type":"image\/jpeg"}],"author":"AMELIA SIUDA-KOSZELA","twitter_card":"summary_large_image","twitter_misc":{"\u00c9crit par":"AMELIA SIUDA-KOSZELA","Dur\u00e9e de lecture estim\u00e9e":"2 minutes"},"schema":{"@context":"https:\/\/schema.org","@graph":[{"@type":"Article","@id":"http:\/\/www.lichen.pl\/it\/pielgrzymka-ruchu-rodzin-nazaretanskich\/#article","isPartOf":{"@id":"http:\/\/www.lichen.pl\/it\/pielgrzymka-ruchu-rodzin-nazaretanskich\/"},"author":{"name":"AMELIA SIUDA-KOSZELA","@id":"https:\/\/www.lichen.pl\/fr\/#\/schema\/person\/70bf824c102f176cf976b0d90af0d62a"},"headline":"Pielgrzymka Ruchu Rodzin Nazareta\u0144skich","datePublished":"2021-04-10T07:12:43+00:00","dateModified":"2021-06-11T07:18:16+00:00","mainEntityOfPage":{"@id":"http:\/\/www.lichen.pl\/it\/pielgrzymka-ruchu-rodzin-nazaretanskich\/"},"wordCount":456,"commentCount":0,"image":{"@id":"http:\/\/www.lichen.pl\/it\/pielgrzymka-ruchu-rodzin-nazaretanskich\/#primaryimage"},"thumbnailUrl":"https:\/\/www.lichen.pl\/wp-content\/uploads\/2021\/06\/P1340521-scaled.jpg","articleSection":["Aktualno\u015bci"],"inLanguage":"fr-FR","potentialAction":[{"@type":"CommentAction","name":"Comment","target":["http:\/\/www.lichen.pl\/it\/pielgrzymka-ruchu-rodzin-nazaretanskich\/#respond"]}]},{"@type":"WebPage","@id":"http:\/\/www.lichen.pl\/it\/pielgrzymka-ruchu-rodzin-nazaretanskich\/","url":"http:\/\/www.lichen.pl\/it\/pielgrzymka-ruchu-rodzin-nazaretanskich\/","name":"Pielgrzymka Ruchu Rodzin Nazareta\u0144skich - SANKTUARIUM W LICHENIU","isPartOf":{"@id":"https:\/\/www.lichen.pl\/fr\/#website"},"primaryImageOfPage":{"@id":"http:\/\/www.lichen.pl\/it\/pielgrzymka-ruchu-rodzin-nazaretanskich\/#primaryimage"},"image":{"@id":"http:\/\/www.lichen.pl\/it\/pielgrzymka-ruchu-rodzin-nazaretanskich\/#primaryimage"},"thumbnailUrl":"https:\/\/www.lichen.pl\/wp-content\/uploads\/2021\/06\/P1340521-scaled.jpg","datePublished":"2021-04-10T07:12:43+00:00","dateModified":"2021-06-11T07:18:16+00:00","author":{"@id":"https:\/\/www.lichen.pl\/fr\/#\/schema\/person\/70bf824c102f176cf976b0d90af0d62a"},"breadcrumb":{"@id":"http:\/\/www.lichen.pl\/it\/pielgrzymka-ruchu-rodzin-nazaretanskich\/#breadcrumb"},"inLanguage":"fr-FR","potentialAction":[{"@type":"ReadAction","target":["http:\/\/www.lichen.pl\/it\/pielgrzymka-ruchu-rodzin-nazaretanskich\/"]}]},{"@type":"ImageObject","inLanguage":"fr-FR","@id":"http:\/\/www.lichen.pl\/it\/pielgrzymka-ruchu-rodzin-nazaretanskich\/#primaryimage","url":"https:\/\/www.lichen.pl\/wp-content\/uploads\/2021\/06\/P1340521-scaled.jpg","contentUrl":"https:\/\/www.lichen.pl\/wp-content\/uploads\/2021\/06\/P1340521-scaled.jpg","width":1920,"height":1442},{"@type":"BreadcrumbList","@id":"http:\/\/www.lichen.pl\/it\/pielgrzymka-ruchu-rodzin-nazaretanskich\/#breadcrumb","itemListElement":[{"@type":"ListItem","position":1,"name":"Strona g\u0142\u00f3wna","item":"https:\/\/www.lichen.pl\/"},{"@type":"ListItem","position":2,"name":"Pielgrzymka Ruchu Rodzin Nazareta\u0144skich"}]},{"@type":"WebSite","@id":"https:\/\/www.lichen.pl\/fr\/#website","url":"https:\/\/www.lichen.pl\/fr\/","name":"SANCTUAIRE EN LICHENIE","description":"LA MAUVAISE REINE DE POLOGNE DE NOTRE LICHEN","potentialAction":[{"@type":"SearchAction","target":{"@type":"EntryPoint","urlTemplate":"https:\/\/www.lichen.pl\/fr\/?s={search_term_string}"},"query-input":{"@type":"PropertyValueSpecification","valueRequired":true,"valueName":"search_term_string"}}],"inLanguage":"fr-FR"},{"@type":"Person","@id":"https:\/\/www.lichen.pl\/fr\/#\/schema\/person\/70bf824c102f176cf976b0d90af0d62a","name":"AMELIA SIUDA-KOSZELA","image":{"@type":"ImageObject","inLanguage":"fr-FR","@id":"https:\/\/secure.gravatar.com\/avatar\/a0f9a92186ab02fb8db116f5388e3bc7280dd7bd01565c5d6b7ceb07ff27d6d9?s=96&d=retro&r=g","url":"https:\/\/secure.gravatar.com\/avatar\/a0f9a92186ab02fb8db116f5388e3bc7280dd7bd01565c5d6b7ceb07ff27d6d9?s=96&d=retro&r=g","contentUrl":"https:\/\/secure.gravatar.com\/avatar\/a0f9a92186ab02fb8db116f5388e3bc7280dd7bd01565c5d6b7ceb07ff27d6d9?s=96&d=retro&r=g","caption":"AMELIA SIUDA-KOSZELA"},"url":"https:\/\/www.lichen.pl\/fr\/author\/amelia\/"}]}},"_links":{"self":[{"href":"https:\/\/www.lichen.pl\/fr\/wp-json\/wp\/v2\/posts\/12033","targetHints":{"allow":["GET"]}}],"collection":[{"href":"https:\/\/www.lichen.pl\/fr\/wp-json\/wp\/v2\/posts"}],"about":[{"href":"https:\/\/www.lichen.pl\/fr\/wp-json\/wp\/v2\/types\/post"}],"author":[{"embeddable":true,"href":"https:\/\/www.lichen.pl\/fr\/wp-json\/wp\/v2\/users\/6"}],"replies":[{"embeddable":true,"href":"https:\/\/www.lichen.pl\/fr\/wp-json\/wp\/v2\/comments?post=12033"}],"version-history":[{"count":5,"href":"https:\/\/www.lichen.pl\/fr\/wp-json\/wp\/v2\/posts\/12033\/revisions"}],"predecessor-version":[{"id":12113,"href":"https:\/\/www.lichen.pl\/fr\/wp-json\/wp\/v2\/posts\/12033\/revisions\/12113"}],"wp:featuredmedia":[{"embeddable":true,"href":"https:\/\/www.lichen.pl\/fr\/wp-json\/wp\/v2\/media\/12104"}],"wp:attachment":[{"href":"https:\/\/www.lichen.pl\/fr\/wp-json\/wp\/v2\/media?parent=12033"}],"wp:term":[{"taxonomy":"category","embeddable":true,"href":"https:\/\/www.lichen.pl\/fr\/wp-json\/wp\/v2\/categories?post=12033"},{"taxonomy":"post_tag","embeddable":true,"href":"https:\/\/www.lichen.pl\/fr\/wp-json\/wp\/v2\/tags?post=12033"}],"curies":[{"name":"wp","href":"https:\/\/api.w.org\/{rel}","templated":true}]}}