{"id":12387,"date":"2018-08-29T16:05:31","date_gmt":"2018-08-29T16:05:31","guid":{"rendered":"http:\/\/www.lichen.pl\/?p=12387"},"modified":"2021-06-11T11:48:40","modified_gmt":"2021-06-11T11:48:40","slug":"ksiadz-kustosz-janusz-kumala-mic-spotkal-sie-z-dziennikarzami","status":"publish","type":"post","link":"https:\/\/www.lichen.pl\/fr\/ksiadz-kustosz-janusz-kumala-mic-spotkal-sie-z-dziennikarzami\/","title":{"rendered":"Le r\u00e9v\u00e9rend Janusz Kumala, MIC, a rencontr\u00e9 des journalistes"},"content":{"rendered":"<div data-elementor-type=\"wp-post\" data-elementor-id=\"12387\" class=\"elementor elementor-12387\" data-elementor-post-type=\"post\">\n\t\t\t\t\t\t<section class=\"elementor-section elementor-top-section elementor-element elementor-element-25410e05 elementor-section-boxed elementor-section-height-default elementor-section-height-default\" data-id=\"25410e05\" data-element_type=\"section\" data-e-type=\"section\">\n\t\t\t\t\t\t<div class=\"elementor-container elementor-column-gap-default\">\n\t\t\t\t\t<div class=\"elementor-column elementor-col-100 elementor-top-column elementor-element elementor-element-264b790b\" data-id=\"264b790b\" data-element_type=\"column\" data-e-type=\"column\">\n\t\t\t<div class=\"elementor-widget-wrap elementor-element-populated\">\n\t\t\t\t\t\t<div class=\"elementor-element elementor-element-5d68bd2 elementor-widget elementor-widget-heading\" data-id=\"5d68bd2\" data-element_type=\"widget\" data-e-type=\"widget\" data-widget_type=\"heading.default\">\n\t\t\t\t<div class=\"elementor-widget-container\">\n\t\t\t\t\t<h2 class=\"elementor-heading-title elementor-size-default\">Lichen - un lieu de renaissance spirituelle<\/h2>\t\t\t\t<\/div>\n\t\t\t\t<\/div>\n\t\t\t\t<section class=\"elementor-section elementor-inner-section elementor-element elementor-element-babf044 elementor-section-boxed elementor-section-height-default elementor-section-height-default\" data-id=\"babf044\" data-element_type=\"section\" data-e-type=\"section\">\n\t\t\t\t\t\t<div class=\"elementor-container elementor-column-gap-default\">\n\t\t\t\t\t<div class=\"elementor-column elementor-col-50 elementor-inner-column elementor-element elementor-element-5a066d7\" data-id=\"5a066d7\" data-element_type=\"column\" data-e-type=\"column\">\n\t\t\t<div class=\"elementor-widget-wrap elementor-element-populated\">\n\t\t\t\t\t\t<div class=\"elementor-element elementor-element-62e1477 elementor-widget elementor-widget-image\" data-id=\"62e1477\" data-element_type=\"widget\" data-e-type=\"widget\" data-widget_type=\"image.default\">\n\t\t\t\t<div class=\"elementor-widget-container\">\n\t\t\t\t\t\t\t\t\t\t\t\t<figure class=\"wp-caption\">\n\t\t\t\t\t\t\t\t\t\t<img fetchpriority=\"high\" decoding=\"async\" width=\"900\" height=\"600\" src=\"https:\/\/www.lichen.pl\/wp-content\/uploads\/2021\/06\/24613_img_8115.jpg\" class=\"attachment-large size-large wp-image-12389\" alt=\"\" srcset=\"https:\/\/www.lichen.pl\/wp-content\/uploads\/2021\/06\/24613_img_8115.jpg 900w, https:\/\/www.lichen.pl\/wp-content\/uploads\/2021\/06\/24613_img_8115-800x533.jpg 800w, https:\/\/www.lichen.pl\/wp-content\/uploads\/2021\/06\/24613_img_8115-300x200.jpg 300w, https:\/\/www.lichen.pl\/wp-content\/uploads\/2021\/06\/24613_img_8115-768x512.jpg 768w\" sizes=\"(max-width: 900px) 100vw, 900px\" \/>\t\t\t\t\t\t\t\t\t\t\t<figcaption class=\"widget-image-caption wp-caption-text\">Rencontre avec des journalistes, 29 ao\u00fbt 2018.<\/figcaption>\n\t\t\t\t\t\t\t\t\t\t<\/figure>\n\t\t\t\t\t\t\t\t\t<\/div>\n\t\t\t\t<\/div>\n\t\t\t\t\t<\/div>\n\t\t<\/div>\n\t\t\t\t<div class=\"elementor-column elementor-col-50 elementor-inner-column elementor-element elementor-element-86cc30c\" data-id=\"86cc30c\" data-element_type=\"column\" data-e-type=\"column\">\n\t\t\t<div class=\"elementor-widget-wrap elementor-element-populated\">\n\t\t\t\t\t\t<div class=\"elementor-element elementor-element-f261f8c elementor-widget elementor-widget-text-editor\" data-id=\"f261f8c\" data-element_type=\"widget\" data-e-type=\"widget\" data-widget_type=\"text-editor.default\">\n\t\t\t\t<div class=\"elementor-widget-container\">\n\t\t\t\t\t\t\t\t\t<p>Fr. Janusz Kumala, MIC, gardien du sanctuaire de Notre-Dame de Liche\u0144, a rencontr\u00e9 des journalistes. R\u00e9pondant aux questions, il a attir\u00e9 l&#039;attention sur le symbolisme du sanctuaire de Liche\u0144, soulignant qu&#039;il s&#039;agissait d&#039;un lieu de renforcement spirituel, de renaissance, de consolation et de recherche d&#039;un mode de vie.<\/p><p>Parlant de l&#039;image miraculeuse de Notre-Dame de Liche\u0144, le gardien Kumala a expliqu\u00e9 que l&#039;image de la M\u00e8re de Dieu est si petite, car pour que nous puissions conna\u00eetre Dieu, nous devons d&#039;abord nous en rapprocher.<\/p><p>\u00a0<\/p>\t\t\t\t\t\t\t\t<\/div>\n\t\t\t\t<\/div>\n\t\t\t\t\t<\/div>\n\t\t<\/div>\n\t\t\t\t\t<\/div>\n\t\t<\/section>\n\t\t\t\t<div class=\"elementor-element elementor-element-599d3fa1 elementor-widget elementor-widget-text-editor\" data-id=\"599d3fa1\" data-element_type=\"widget\" data-e-type=\"widget\" data-widget_type=\"text-editor.default\">\n\t\t\t\t<div class=\"elementor-widget-container\">\n\t\t\t\t\t\t\t\t\t<p>Se r\u00e9f\u00e9rant \u00e0 la basilique de Liche\u0144, le marial a dit : - <em>\u00ab Le temple Liche\u0144 veut embrasser toute notre patrie et nous rappeler les valeurs fondamentales et la pr\u00e9sence du Christ sur notre terre. Il faut se rappeler qu&#039;il s&#039;agit d&#039;une offrande votive de la nation polonaise \u00e0 l&#039;occasion du jubil\u00e9 de l&#039;Incarnation du Fils de Dieu. Dieu vient sur terre et est parmi nous, et ce temple est l\u00e0 pour vous le rappeler&quot;<\/em>.<\/p><p>Se r\u00e9f\u00e9rant au titre de Notre-Dame de Lichen, il a expliqu\u00e9 que Marie, en tant que &quot;Reine Douloureuse de Pologne&quot;, souffre avec nous, est pr\u00e9sente dans nos luttes - tant temporelles que spirituelles : - <em>\u00abC\u2019\u00e9tait ainsi dans l\u2019histoire et c\u2019est ainsi aujourd\u2019hui. Marie souffre avec nous, mais en m\u00eame temps nous montre la sortie, la solution \u00e0 nos probl\u00e8mes. Il d\u00e9signe le Christ qui est toujours avec nous et attend que nous retournions \u00e0 lui&quot;<\/em> Dit le pr\u00eatre.<\/p><p>Plus tard, le conservateur a expliqu\u00e9 pourquoi il y a tant de confessionnaux dans la basilique du Lichen.<br \/>&#8211; <em>\u00ab \u00c0 Liche\u0144, les p\u00e9cheurs sont les bienvenus. Le retour \u00e0 Dieu commence par une confession sinc\u00e8re, et pour cela vous avez besoin de confessionnaux et de pr\u00eatres qui y servent &quot;<\/em>.<\/p><p>Pour des questions sur les nouvelles qui para\u00eetront au Sanctuaire, le P. Kumala a indiqu\u00e9 une diffusion en direct de l&#039;int\u00e9rieur de la basilique de 6h00 \u00e0 22h00. - <em>\u00ab Nous avons lanc\u00e9 une diffusion audiovisuelle depuis le Sanctuaire, disponible sur notre site internet, afin d&#039;\u00eatre au plus pr\u00e8s des personnes, des p\u00e8lerins, aussi bien de ceux qui viennent en personne que de ceux qui, pour diverses raisons, ne peuvent venir, que ce soit en raison de leur \u00e2ge ou \u00e9tat de sant\u00e9. De cette fa\u00e7on, nous voulons que les fid\u00e8les puissent participer spirituellement \u00e0 leurs exp\u00e9riences religieuses. Tout cela pour que les gens puissent \u00eatre plus proches de Dieu &quot;<\/em> Le pr\u00eatre conclut.<\/p>\t\t\t\t\t\t\t\t<\/div>\n\t\t\t\t<\/div>\n\t\t\t\t<div class=\"elementor-element elementor-element-c84f251 elementor-widget-divider--view-line elementor-widget elementor-widget-divider\" data-id=\"c84f251\" data-element_type=\"widget\" data-e-type=\"widget\" data-widget_type=\"divider.default\">\n\t\t\t\t<div class=\"elementor-widget-container\">\n\t\t\t\t\t\t\t<div class=\"elementor-divider\">\n\t\t\t<span class=\"elementor-divider-separator\">\n\t\t\t\t\t\t<\/span>\n\t\t<\/div>\n\t\t\t\t\t\t<\/div>\n\t\t\t\t<\/div>\n\t\t\t\t\t<\/div>\n\t\t<\/div>\n\t\t\t\t\t<\/div>\n\t\t<\/section>\n\t\t\t\t<\/div>","protected":false},"excerpt":{"rendered":"<p>Liche\u0144 miejscem duchowego odrodzenia Spotkanie z dziennikarzami, 29 sierpnia 2018 r. Ks. Janusz Kumala MIC, kustosz sanktuarium Matki Bo\u017cej Liche\u0144skiej, spotka\u0142 si\u0119 z dziennikarzami. Odpowiadaj\u0105c na pytania, zwraca\u0142 uwag\u0119 na symbolik\u0119 liche\u0144skiego sanktuarium akcentuj\u0105c, i\u017c jest ono miejscem duchowego umocnienia, odrodzenia, pocieszenia i odnalezienia drogi \u017cyciowej. M\u00f3wi\u0105c o Cudownym Wizerunku Matki Bo\u017cej Liche\u0144skiej kustosz Kumala [&hellip;]<\/p>\n","protected":false},"author":4,"featured_media":12389,"comment_status":"open","ping_status":"open","sticky":false,"template":"","format":"standard","meta":{"footnotes":""},"categories":[1],"tags":[],"class_list":["post-12387","post","type-post","status-publish","format-standard","has-post-thumbnail","hentry","category-aktualnosci","wpbf-post"],"yoast_head":"<!-- This site is optimized with the Yoast SEO plugin v27.4 - https:\/\/yoast.com\/product\/yoast-seo-wordpress\/ -->\n<title>Ksi\u0105dz kustosz Janusz Kumala MIC spotka\u0142 si\u0119 z dziennikarzami - SANKTUARIUM W LICHENIU<\/title>\n<meta name=\"robots\" content=\"index, follow, max-snippet:-1, max-image-preview:large, max-video-preview:-1\" \/>\n<link rel=\"canonical\" href=\"http:\/\/www.lichen.pl\/fr\/ksiadz-kustosz-janusz-kumala-mic-spotkal-sie-z-dziennikarzami\/\" \/>\n<meta property=\"og:locale\" content=\"fr_FR\" \/>\n<meta property=\"og:type\" content=\"article\" \/>\n<meta property=\"og:title\" content=\"Ksi\u0105dz kustosz Janusz Kumala MIC spotka\u0142 si\u0119 z dziennikarzami - SANKTUARIUM W LICHENIU\" \/>\n<meta property=\"og:description\" content=\"Liche\u0144 miejscem duchowego odrodzenia Spotkanie z dziennikarzami, 29 sierpnia 2018 r. Ks. Janusz Kumala MIC, kustosz sanktuarium Matki Bo\u017cej Liche\u0144skiej, spotka\u0142 si\u0119 z dziennikarzami. Odpowiadaj\u0105c na pytania, zwraca\u0142 uwag\u0119 na symbolik\u0119 liche\u0144skiego sanktuarium akcentuj\u0105c, i\u017c jest ono miejscem duchowego umocnienia, odrodzenia, pocieszenia i odnalezienia drogi \u017cyciowej. M\u00f3wi\u0105c o Cudownym Wizerunku Matki Bo\u017cej Liche\u0144skiej kustosz Kumala [&hellip;]\" \/>\n<meta property=\"og:url\" content=\"http:\/\/www.lichen.pl\/fr\/ksiadz-kustosz-janusz-kumala-mic-spotkal-sie-z-dziennikarzami\/\" \/>\n<meta property=\"og:site_name\" content=\"SANKTUARIUM W LICHENIU\" \/>\n<meta property=\"article:published_time\" content=\"2018-08-29T16:05:31+00:00\" \/>\n<meta property=\"article:modified_time\" content=\"2021-06-11T11:48:40+00:00\" \/>\n<meta property=\"og:image\" content=\"http:\/\/www.lichen.pl\/wp-content\/uploads\/2021\/06\/24613_img_8115.jpg\" \/>\n\t<meta property=\"og:image:width\" content=\"900\" \/>\n\t<meta property=\"og:image:height\" content=\"600\" \/>\n\t<meta property=\"og:image:type\" content=\"image\/jpeg\" \/>\n<meta name=\"author\" content=\"ROBERT ADAMCZYK\" \/>\n<meta name=\"twitter:card\" content=\"summary_large_image\" \/>\n<meta name=\"twitter:label1\" content=\"\u00c9crit par\" \/>\n\t<meta name=\"twitter:data1\" content=\"ROBERT ADAMCZYK\" \/>\n\t<meta name=\"twitter:label2\" content=\"Dur\u00e9e de lecture estim\u00e9e\" \/>\n\t<meta name=\"twitter:data2\" content=\"2 minutes\" \/>\n<script type=\"application\/ld+json\" class=\"yoast-schema-graph\">{\"@context\":\"https:\\\/\\\/schema.org\",\"@graph\":[{\"@type\":\"Article\",\"@id\":\"http:\\\/\\\/www.lichen.pl\\\/es\\\/ksiadz-kustosz-janusz-kumala-mic-spotkal-sie-z-dziennikarzami\\\/#article\",\"isPartOf\":{\"@id\":\"http:\\\/\\\/www.lichen.pl\\\/es\\\/ksiadz-kustosz-janusz-kumala-mic-spotkal-sie-z-dziennikarzami\\\/\"},\"author\":{\"name\":\"ROBERT ADAMCZYK\",\"@id\":\"https:\\\/\\\/www.lichen.pl\\\/fr\\\/#\\\/schema\\\/person\\\/c06cd926b95870cc59f18d6ee6e33da5\"},\"headline\":\"Ksi\u0105dz kustosz Janusz Kumala MIC spotka\u0142 si\u0119 z dziennikarzami\",\"datePublished\":\"2018-08-29T16:05:31+00:00\",\"dateModified\":\"2021-06-11T11:48:40+00:00\",\"mainEntityOfPage\":{\"@id\":\"http:\\\/\\\/www.lichen.pl\\\/es\\\/ksiadz-kustosz-janusz-kumala-mic-spotkal-sie-z-dziennikarzami\\\/\"},\"wordCount\":402,\"commentCount\":0,\"image\":{\"@id\":\"http:\\\/\\\/www.lichen.pl\\\/es\\\/ksiadz-kustosz-janusz-kumala-mic-spotkal-sie-z-dziennikarzami\\\/#primaryimage\"},\"thumbnailUrl\":\"https:\\\/\\\/www.lichen.pl\\\/wp-content\\\/uploads\\\/2021\\\/06\\\/24613_img_8115.jpg\",\"articleSection\":[\"Aktualno\u015bci\"],\"inLanguage\":\"fr-FR\",\"potentialAction\":[{\"@type\":\"CommentAction\",\"name\":\"Comment\",\"target\":[\"http:\\\/\\\/www.lichen.pl\\\/es\\\/ksiadz-kustosz-janusz-kumala-mic-spotkal-sie-z-dziennikarzami\\\/#respond\"]}]},{\"@type\":\"WebPage\",\"@id\":\"http:\\\/\\\/www.lichen.pl\\\/es\\\/ksiadz-kustosz-janusz-kumala-mic-spotkal-sie-z-dziennikarzami\\\/\",\"url\":\"http:\\\/\\\/www.lichen.pl\\\/es\\\/ksiadz-kustosz-janusz-kumala-mic-spotkal-sie-z-dziennikarzami\\\/\",\"name\":\"Ksi\u0105dz kustosz Janusz Kumala MIC spotka\u0142 si\u0119 z dziennikarzami - SANKTUARIUM W LICHENIU\",\"isPartOf\":{\"@id\":\"https:\\\/\\\/www.lichen.pl\\\/fr\\\/#website\"},\"primaryImageOfPage\":{\"@id\":\"http:\\\/\\\/www.lichen.pl\\\/es\\\/ksiadz-kustosz-janusz-kumala-mic-spotkal-sie-z-dziennikarzami\\\/#primaryimage\"},\"image\":{\"@id\":\"http:\\\/\\\/www.lichen.pl\\\/es\\\/ksiadz-kustosz-janusz-kumala-mic-spotkal-sie-z-dziennikarzami\\\/#primaryimage\"},\"thumbnailUrl\":\"https:\\\/\\\/www.lichen.pl\\\/wp-content\\\/uploads\\\/2021\\\/06\\\/24613_img_8115.jpg\",\"datePublished\":\"2018-08-29T16:05:31+00:00\",\"dateModified\":\"2021-06-11T11:48:40+00:00\",\"author\":{\"@id\":\"https:\\\/\\\/www.lichen.pl\\\/fr\\\/#\\\/schema\\\/person\\\/c06cd926b95870cc59f18d6ee6e33da5\"},\"breadcrumb\":{\"@id\":\"http:\\\/\\\/www.lichen.pl\\\/es\\\/ksiadz-kustosz-janusz-kumala-mic-spotkal-sie-z-dziennikarzami\\\/#breadcrumb\"},\"inLanguage\":\"fr-FR\",\"potentialAction\":[{\"@type\":\"ReadAction\",\"target\":[\"http:\\\/\\\/www.lichen.pl\\\/es\\\/ksiadz-kustosz-janusz-kumala-mic-spotkal-sie-z-dziennikarzami\\\/\"]}]},{\"@type\":\"ImageObject\",\"inLanguage\":\"fr-FR\",\"@id\":\"http:\\\/\\\/www.lichen.pl\\\/es\\\/ksiadz-kustosz-janusz-kumala-mic-spotkal-sie-z-dziennikarzami\\\/#primaryimage\",\"url\":\"https:\\\/\\\/www.lichen.pl\\\/wp-content\\\/uploads\\\/2021\\\/06\\\/24613_img_8115.jpg\",\"contentUrl\":\"https:\\\/\\\/www.lichen.pl\\\/wp-content\\\/uploads\\\/2021\\\/06\\\/24613_img_8115.jpg\",\"width\":900,\"height\":600},{\"@type\":\"BreadcrumbList\",\"@id\":\"http:\\\/\\\/www.lichen.pl\\\/es\\\/ksiadz-kustosz-janusz-kumala-mic-spotkal-sie-z-dziennikarzami\\\/#breadcrumb\",\"itemListElement\":[{\"@type\":\"ListItem\",\"position\":1,\"name\":\"Strona g\u0142\u00f3wna\",\"item\":\"https:\\\/\\\/www.lichen.pl\\\/\"},{\"@type\":\"ListItem\",\"position\":2,\"name\":\"Ksi\u0105dz kustosz Janusz Kumala MIC spotka\u0142 si\u0119 z dziennikarzami\"}]},{\"@type\":\"WebSite\",\"@id\":\"https:\\\/\\\/www.lichen.pl\\\/fr\\\/#website\",\"url\":\"https:\\\/\\\/www.lichen.pl\\\/fr\\\/\",\"name\":\"SANKTUARIUM W LICHENIU\",\"description\":\"MATKI BO\u017bEJ LICHE\u0143SKIEJ BOLESNEJ KR\u00d3LOWEJ POLSKI\",\"potentialAction\":[{\"@type\":\"SearchAction\",\"target\":{\"@type\":\"EntryPoint\",\"urlTemplate\":\"https:\\\/\\\/www.lichen.pl\\\/fr\\\/?s={search_term_string}\"},\"query-input\":{\"@type\":\"PropertyValueSpecification\",\"valueRequired\":true,\"valueName\":\"search_term_string\"}}],\"inLanguage\":\"fr-FR\"},{\"@type\":\"Person\",\"@id\":\"https:\\\/\\\/www.lichen.pl\\\/fr\\\/#\\\/schema\\\/person\\\/c06cd926b95870cc59f18d6ee6e33da5\",\"name\":\"ROBERT ADAMCZYK\",\"image\":{\"@type\":\"ImageObject\",\"inLanguage\":\"fr-FR\",\"@id\":\"https:\\\/\\\/secure.gravatar.com\\\/avatar\\\/53c330430596e73552f4c356c2e47c209ff8f6352a5106011c9b6abcce5e00df?s=96&d=retro&r=g\",\"url\":\"https:\\\/\\\/secure.gravatar.com\\\/avatar\\\/53c330430596e73552f4c356c2e47c209ff8f6352a5106011c9b6abcce5e00df?s=96&d=retro&r=g\",\"contentUrl\":\"https:\\\/\\\/secure.gravatar.com\\\/avatar\\\/53c330430596e73552f4c356c2e47c209ff8f6352a5106011c9b6abcce5e00df?s=96&d=retro&r=g\",\"caption\":\"ROBERT ADAMCZYK\"},\"url\":\"https:\\\/\\\/www.lichen.pl\\\/fr\\\/author\\\/press\\\/\"}]}<\/script>\n<!-- \/ Yoast SEO plugin. -->","yoast_head_json":{"title":"Ksi\u0105dz kustosz Janusz Kumala MIC spotka\u0142 si\u0119 z dziennikarzami - SANKTUARIUM W LICHENIU","robots":{"index":"index","follow":"follow","max-snippet":"max-snippet:-1","max-image-preview":"max-image-preview:large","max-video-preview":"max-video-preview:-1"},"canonical":"http:\/\/www.lichen.pl\/fr\/ksiadz-kustosz-janusz-kumala-mic-spotkal-sie-z-dziennikarzami\/","og_locale":"fr_FR","og_type":"article","og_title":"Ksi\u0105dz kustosz Janusz Kumala MIC spotka\u0142 si\u0119 z dziennikarzami - SANKTUARIUM W LICHENIU","og_description":"Liche\u0144 miejscem duchowego odrodzenia Spotkanie z dziennikarzami, 29 sierpnia 2018 r. Ks. Janusz Kumala MIC, kustosz sanktuarium Matki Bo\u017cej Liche\u0144skiej, spotka\u0142 si\u0119 z dziennikarzami. Odpowiadaj\u0105c na pytania, zwraca\u0142 uwag\u0119 na symbolik\u0119 liche\u0144skiego sanktuarium akcentuj\u0105c, i\u017c jest ono miejscem duchowego umocnienia, odrodzenia, pocieszenia i odnalezienia drogi \u017cyciowej. M\u00f3wi\u0105c o Cudownym Wizerunku Matki Bo\u017cej Liche\u0144skiej kustosz Kumala [&hellip;]","og_url":"http:\/\/www.lichen.pl\/fr\/ksiadz-kustosz-janusz-kumala-mic-spotkal-sie-z-dziennikarzami\/","og_site_name":"SANKTUARIUM W LICHENIU","article_published_time":"2018-08-29T16:05:31+00:00","article_modified_time":"2021-06-11T11:48:40+00:00","og_image":[{"width":900,"height":600,"url":"http:\/\/www.lichen.pl\/wp-content\/uploads\/2021\/06\/24613_img_8115.jpg","type":"image\/jpeg"}],"author":"ROBERT ADAMCZYK","twitter_card":"summary_large_image","twitter_misc":{"\u00c9crit par":"ROBERT ADAMCZYK","Dur\u00e9e de lecture estim\u00e9e":"2 minutes"},"schema":{"@context":"https:\/\/schema.org","@graph":[{"@type":"Article","@id":"http:\/\/www.lichen.pl\/es\/ksiadz-kustosz-janusz-kumala-mic-spotkal-sie-z-dziennikarzami\/#article","isPartOf":{"@id":"http:\/\/www.lichen.pl\/es\/ksiadz-kustosz-janusz-kumala-mic-spotkal-sie-z-dziennikarzami\/"},"author":{"name":"ROBERT ADAMCZYK","@id":"https:\/\/www.lichen.pl\/fr\/#\/schema\/person\/c06cd926b95870cc59f18d6ee6e33da5"},"headline":"Ksi\u0105dz kustosz Janusz Kumala MIC spotka\u0142 si\u0119 z dziennikarzami","datePublished":"2018-08-29T16:05:31+00:00","dateModified":"2021-06-11T11:48:40+00:00","mainEntityOfPage":{"@id":"http:\/\/www.lichen.pl\/es\/ksiadz-kustosz-janusz-kumala-mic-spotkal-sie-z-dziennikarzami\/"},"wordCount":402,"commentCount":0,"image":{"@id":"http:\/\/www.lichen.pl\/es\/ksiadz-kustosz-janusz-kumala-mic-spotkal-sie-z-dziennikarzami\/#primaryimage"},"thumbnailUrl":"https:\/\/www.lichen.pl\/wp-content\/uploads\/2021\/06\/24613_img_8115.jpg","articleSection":["Aktualno\u015bci"],"inLanguage":"fr-FR","potentialAction":[{"@type":"CommentAction","name":"Comment","target":["http:\/\/www.lichen.pl\/es\/ksiadz-kustosz-janusz-kumala-mic-spotkal-sie-z-dziennikarzami\/#respond"]}]},{"@type":"WebPage","@id":"http:\/\/www.lichen.pl\/es\/ksiadz-kustosz-janusz-kumala-mic-spotkal-sie-z-dziennikarzami\/","url":"http:\/\/www.lichen.pl\/es\/ksiadz-kustosz-janusz-kumala-mic-spotkal-sie-z-dziennikarzami\/","name":"Ksi\u0105dz kustosz Janusz Kumala MIC spotka\u0142 si\u0119 z dziennikarzami - SANKTUARIUM W LICHENIU","isPartOf":{"@id":"https:\/\/www.lichen.pl\/fr\/#website"},"primaryImageOfPage":{"@id":"http:\/\/www.lichen.pl\/es\/ksiadz-kustosz-janusz-kumala-mic-spotkal-sie-z-dziennikarzami\/#primaryimage"},"image":{"@id":"http:\/\/www.lichen.pl\/es\/ksiadz-kustosz-janusz-kumala-mic-spotkal-sie-z-dziennikarzami\/#primaryimage"},"thumbnailUrl":"https:\/\/www.lichen.pl\/wp-content\/uploads\/2021\/06\/24613_img_8115.jpg","datePublished":"2018-08-29T16:05:31+00:00","dateModified":"2021-06-11T11:48:40+00:00","author":{"@id":"https:\/\/www.lichen.pl\/fr\/#\/schema\/person\/c06cd926b95870cc59f18d6ee6e33da5"},"breadcrumb":{"@id":"http:\/\/www.lichen.pl\/es\/ksiadz-kustosz-janusz-kumala-mic-spotkal-sie-z-dziennikarzami\/#breadcrumb"},"inLanguage":"fr-FR","potentialAction":[{"@type":"ReadAction","target":["http:\/\/www.lichen.pl\/es\/ksiadz-kustosz-janusz-kumala-mic-spotkal-sie-z-dziennikarzami\/"]}]},{"@type":"ImageObject","inLanguage":"fr-FR","@id":"http:\/\/www.lichen.pl\/es\/ksiadz-kustosz-janusz-kumala-mic-spotkal-sie-z-dziennikarzami\/#primaryimage","url":"https:\/\/www.lichen.pl\/wp-content\/uploads\/2021\/06\/24613_img_8115.jpg","contentUrl":"https:\/\/www.lichen.pl\/wp-content\/uploads\/2021\/06\/24613_img_8115.jpg","width":900,"height":600},{"@type":"BreadcrumbList","@id":"http:\/\/www.lichen.pl\/es\/ksiadz-kustosz-janusz-kumala-mic-spotkal-sie-z-dziennikarzami\/#breadcrumb","itemListElement":[{"@type":"ListItem","position":1,"name":"Strona g\u0142\u00f3wna","item":"https:\/\/www.lichen.pl\/"},{"@type":"ListItem","position":2,"name":"Ksi\u0105dz kustosz Janusz Kumala MIC spotka\u0142 si\u0119 z dziennikarzami"}]},{"@type":"WebSite","@id":"https:\/\/www.lichen.pl\/fr\/#website","url":"https:\/\/www.lichen.pl\/fr\/","name":"SANCTUAIRE EN LICHENIE","description":"LA MAUVAISE REINE DE POLOGNE DE NOTRE LICHEN","potentialAction":[{"@type":"SearchAction","target":{"@type":"EntryPoint","urlTemplate":"https:\/\/www.lichen.pl\/fr\/?s={search_term_string}"},"query-input":{"@type":"PropertyValueSpecification","valueRequired":true,"valueName":"search_term_string"}}],"inLanguage":"fr-FR"},{"@type":"Person","@id":"https:\/\/www.lichen.pl\/fr\/#\/schema\/person\/c06cd926b95870cc59f18d6ee6e33da5","name":"ROBERT ADAMCZYK","image":{"@type":"ImageObject","inLanguage":"fr-FR","@id":"https:\/\/secure.gravatar.com\/avatar\/53c330430596e73552f4c356c2e47c209ff8f6352a5106011c9b6abcce5e00df?s=96&d=retro&r=g","url":"https:\/\/secure.gravatar.com\/avatar\/53c330430596e73552f4c356c2e47c209ff8f6352a5106011c9b6abcce5e00df?s=96&d=retro&r=g","contentUrl":"https:\/\/secure.gravatar.com\/avatar\/53c330430596e73552f4c356c2e47c209ff8f6352a5106011c9b6abcce5e00df?s=96&d=retro&r=g","caption":"ROBERT ADAMCZYK"},"url":"https:\/\/www.lichen.pl\/fr\/author\/press\/"}]}},"_links":{"self":[{"href":"https:\/\/www.lichen.pl\/fr\/wp-json\/wp\/v2\/posts\/12387","targetHints":{"allow":["GET"]}}],"collection":[{"href":"https:\/\/www.lichen.pl\/fr\/wp-json\/wp\/v2\/posts"}],"about":[{"href":"https:\/\/www.lichen.pl\/fr\/wp-json\/wp\/v2\/types\/post"}],"author":[{"embeddable":true,"href":"https:\/\/www.lichen.pl\/fr\/wp-json\/wp\/v2\/users\/4"}],"replies":[{"embeddable":true,"href":"https:\/\/www.lichen.pl\/fr\/wp-json\/wp\/v2\/comments?post=12387"}],"version-history":[{"count":7,"href":"https:\/\/www.lichen.pl\/fr\/wp-json\/wp\/v2\/posts\/12387\/revisions"}],"predecessor-version":[{"id":12967,"href":"https:\/\/www.lichen.pl\/fr\/wp-json\/wp\/v2\/posts\/12387\/revisions\/12967"}],"wp:featuredmedia":[{"embeddable":true,"href":"https:\/\/www.lichen.pl\/fr\/wp-json\/wp\/v2\/media\/12389"}],"wp:attachment":[{"href":"https:\/\/www.lichen.pl\/fr\/wp-json\/wp\/v2\/media?parent=12387"}],"wp:term":[{"taxonomy":"category","embeddable":true,"href":"https:\/\/www.lichen.pl\/fr\/wp-json\/wp\/v2\/categories?post=12387"},{"taxonomy":"post_tag","embeddable":true,"href":"https:\/\/www.lichen.pl\/fr\/wp-json\/wp\/v2\/tags?post=12387"}],"curies":[{"name":"wp","href":"https:\/\/api.w.org\/{rel}","templated":true}]}}