{"id":12523,"date":"2021-02-21T08:32:29","date_gmt":"2021-02-21T08:32:29","guid":{"rendered":"http:\/\/www.lichen.pl\/?p=12523"},"modified":"2021-06-11T08:36:47","modified_gmt":"2021-06-11T08:36:47","slug":"modlili-sie-o-dobre-relacje-sasiedzkie","status":"publish","type":"post","link":"https:\/\/www.lichen.pl\/fr\/modlili-sie-o-dobre-relacje-sasiedzkie\/","title":{"rendered":"Ils ont pri\u00e9 pour de bonnes relations de voisinage"},"content":{"rendered":"<div data-elementor-type=\"wp-post\" data-elementor-id=\"12523\" class=\"elementor elementor-12523\" data-elementor-post-type=\"post\">\n\t\t\t\t\t\t<section class=\"elementor-section elementor-top-section elementor-element elementor-element-ad17a2c elementor-section-boxed elementor-section-height-default elementor-section-height-default\" data-id=\"ad17a2c\" data-element_type=\"section\" data-e-type=\"section\">\n\t\t\t\t\t\t<div class=\"elementor-container elementor-column-gap-default\">\n\t\t\t\t\t<div class=\"elementor-column elementor-col-100 elementor-top-column elementor-element elementor-element-163aee5\" data-id=\"163aee5\" data-element_type=\"column\" data-e-type=\"column\">\n\t\t\t<div class=\"elementor-widget-wrap elementor-element-populated\">\n\t\t\t\t\t\t<div class=\"elementor-element elementor-element-42ff2ff elementor-widget elementor-widget-text-editor\" data-id=\"42ff2ff\" data-element_type=\"widget\" data-e-type=\"widget\" data-widget_type=\"text-editor.default\">\n\t\t\t\t<div class=\"elementor-widget-container\">\n\t\t\t\t\t\t\t\t\t<p class=\"MsoNormal\" style=\"text-align: justify;\"><span style=\"color: #000000;\"><b>Le premier dimanche de Car\u00eame est devenu une occasion au Sanctuaire Notre-Dame de Liche\u0144 de prier pour les voisins, mais aussi de s&#039;ouvrir \u00e0 leurs besoins et \u00e0 l&#039;amiti\u00e9 mutuelle.\u00a0<\/b><\/span><\/p>\t\t\t\t\t\t\t\t<\/div>\n\t\t\t\t<\/div>\n\t\t\t\t<div class=\"elementor-element elementor-element-b7975a3 elementor-widget elementor-widget-image\" data-id=\"b7975a3\" data-element_type=\"widget\" data-e-type=\"widget\" data-widget_type=\"image.default\">\n\t\t\t\t<div class=\"elementor-widget-container\">\n\t\t\t\t\t\t\t\t\t\t\t\t\t\t\t<img fetchpriority=\"high\" decoding=\"async\" width=\"1024\" height=\"769\" src=\"https:\/\/www.lichen.pl\/wp-content\/uploads\/2021\/06\/P1340050-1024x769.jpg\" class=\"attachment-large size-large wp-image-12569\" alt=\"\" srcset=\"https:\/\/www.lichen.pl\/wp-content\/uploads\/2021\/06\/P1340050-1024x769.jpg 1024w, https:\/\/www.lichen.pl\/wp-content\/uploads\/2021\/06\/P1340050-800x601.jpg 800w, https:\/\/www.lichen.pl\/wp-content\/uploads\/2021\/06\/P1340050-300x225.jpg 300w, https:\/\/www.lichen.pl\/wp-content\/uploads\/2021\/06\/P1340050-768x577.jpg 768w, https:\/\/www.lichen.pl\/wp-content\/uploads\/2021\/06\/P1340050.jpg 1200w\" sizes=\"(max-width: 1024px) 100vw, 1024px\" \/>\t\t\t\t\t\t\t\t\t\t\t\t\t\t\t<\/div>\n\t\t\t\t<\/div>\n\t\t\t\t<div class=\"elementor-element elementor-element-e5b1b76 elementor-widget elementor-widget-text-editor\" data-id=\"e5b1b76\" data-element_type=\"widget\" data-e-type=\"widget\" data-widget_type=\"text-editor.default\">\n\t\t\t\t<div class=\"elementor-widget-container\">\n\t\t\t\t\t\t\t\t\t<p><span style=\"color: #000000;\">Le jour du voisin, le P. Janusz Kumala, MIC, gardien du sanctuaire Lichen pendant la Sainte Messe. \u00e0. 12 dans la basilique de Liche\u0144. - Nous voulons vivre dans un endroit o\u00f9 les voisins se disent &quot;bonjour&quot; tous les jours, o\u00f9 il y a une atmosph\u00e8re amicale et o\u00f9 les gens sont polis, amicaux et serviables les uns envers les autres. Comme c&#039;est important maintenant, pendant l&#039;\u00e9pid\u00e9mie, a admis le conservateur.<\/span><\/p><p><span style=\"color: #000000;\">- Le plus grand danger aujourd&#039;hui est la tentation de se suffire \u00e0 soi-m\u00eame, de dire qu&#039;on n&#039;a pas besoin de Dieu, a dit le P. Kumala, se r\u00e9f\u00e9rant \u00e0 l&#039;Evangile lu sur la tentation de J\u00e9sus dans le d\u00e9sert. Les paroles de J\u00e9sus, &quot;Convertissez-vous et croyez \u00e0 l&#039;Evangile !&quot; ils sont aussi le fondement du message de Notre-Dame de Liche\u0144, qui en 1850 dans la for\u00eat de Gr\u0105blin appela \u00e0 la p\u00e9nitence et \u00e0 la conversion par le berger Miko\u0142aj Sikatka. Lorsque l&#039;\u00e9pid\u00e9mie de chol\u00e9ra a fait rage en 1852, les gens se sont souvenus des paroles de Marie et ont commenc\u00e9 \u00e0 s&#039;agenouiller devant le tableau, cherchant le salut et le changement de vie. Tout d&#039;abord, sauvez la vie \u00e9ternelle. - A travers les apparitions mariales, Dieu nous appelle \u00e0 la conversion. Nous allons \u00e0 la messe pour que nos vies changent pendant l&#039;Eucharistie. C&#039;est une v\u00e9ritable conversion - a soulign\u00e9 le P. Kumala.<\/span><\/p>\t\t\t\t\t\t\t\t<\/div>\n\t\t\t\t<\/div>\n\t\t\t\t<div class=\"elementor-element elementor-element-498b335 elementor-widget elementor-widget-gallery\" data-id=\"498b335\" data-element_type=\"widget\" data-e-type=\"widget\" data-settings=\"{&quot;lazyload&quot;:&quot;yes&quot;,&quot;gallery_layout&quot;:&quot;grid&quot;,&quot;columns&quot;:4,&quot;columns_tablet&quot;:2,&quot;columns_mobile&quot;:1,&quot;gap&quot;:{&quot;unit&quot;:&quot;px&quot;,&quot;size&quot;:10,&quot;sizes&quot;:[]},&quot;gap_tablet&quot;:{&quot;unit&quot;:&quot;px&quot;,&quot;size&quot;:10,&quot;sizes&quot;:[]},&quot;gap_mobile&quot;:{&quot;unit&quot;:&quot;px&quot;,&quot;size&quot;:10,&quot;sizes&quot;:[]},&quot;link_to&quot;:&quot;file&quot;,&quot;aspect_ratio&quot;:&quot;3:2&quot;,&quot;overlay_background&quot;:&quot;yes&quot;,&quot;content_hover_animation&quot;:&quot;fade-in&quot;}\" data-widget_type=\"gallery.default\">\n\t\t\t\t<div class=\"elementor-widget-container\">\n\t\t\t\t\t\t\t<div class=\"elementor-gallery__container\">\n\t\t\t\t\t\t\t<a class=\"e-gallery-item elementor-gallery-item elementor-animated-content\" href=\"https:\/\/www.lichen.pl\/wp-content\/uploads\/2021\/06\/P1340003.jpg\" data-elementor-open-lightbox=\"yes\" data-elementor-lightbox-slideshow=\"498b335\" data-elementor-lightbox-title=\"P1340003\" data-e-action-hash=\"#elementor-action%3Aaction%3Dlightbox%26settings%3DeyJpZCI6MTI1MjQsInVybCI6Imh0dHBzOlwvXC93d3cubGljaGVuLnBsXC93cC1jb250ZW50XC91cGxvYWRzXC8yMDIxXC8wNlwvUDEzNDAwMDMuanBnIiwic2xpZGVzaG93IjoiNDk4YjMzNSJ9\">\n\t\t\t\t\t<div class=\"e-gallery-image elementor-gallery-item__image\" data-thumbnail=\"https:\/\/www.lichen.pl\/wp-content\/uploads\/2021\/06\/P1340003-225x300.jpg\" data-width=\"225\" data-height=\"300\" aria-label=\"\" role=\"img\" ><\/div>\n\t\t\t\t\t\t\t\t\t\t\t<div class=\"elementor-gallery-item__overlay\"><\/div>\n\t\t\t\t\t\t\t\t\t\t\t\t\t\t<\/a>\n\t\t\t\t\t\t\t<a class=\"e-gallery-item elementor-gallery-item elementor-animated-content\" href=\"https:\/\/www.lichen.pl\/wp-content\/uploads\/2021\/06\/P1340009.jpg\" data-elementor-open-lightbox=\"yes\" data-elementor-lightbox-slideshow=\"498b335\" data-elementor-lightbox-title=\"P1340009\" data-e-action-hash=\"#elementor-action%3Aaction%3Dlightbox%26settings%3DeyJpZCI6MTI1MjksInVybCI6Imh0dHBzOlwvXC93d3cubGljaGVuLnBsXC93cC1jb250ZW50XC91cGxvYWRzXC8yMDIxXC8wNlwvUDEzNDAwMDkuanBnIiwic2xpZGVzaG93IjoiNDk4YjMzNSJ9\">\n\t\t\t\t\t<div class=\"e-gallery-image elementor-gallery-item__image\" data-thumbnail=\"https:\/\/www.lichen.pl\/wp-content\/uploads\/2021\/06\/P1340009-225x300.jpg\" data-width=\"225\" data-height=\"300\" aria-label=\"\" role=\"img\" ><\/div>\n\t\t\t\t\t\t\t\t\t\t\t<div class=\"elementor-gallery-item__overlay\"><\/div>\n\t\t\t\t\t\t\t\t\t\t\t\t\t\t<\/a>\n\t\t\t\t\t\t\t<a class=\"e-gallery-item elementor-gallery-item elementor-animated-content\" href=\"https:\/\/www.lichen.pl\/wp-content\/uploads\/2021\/06\/P1340015.jpg\" data-elementor-open-lightbox=\"yes\" data-elementor-lightbox-slideshow=\"498b335\" data-elementor-lightbox-title=\"P1340015\" data-e-action-hash=\"#elementor-action%3Aaction%3Dlightbox%26settings%3DeyJpZCI6MTI1MzQsInVybCI6Imh0dHBzOlwvXC93d3cubGljaGVuLnBsXC93cC1jb250ZW50XC91cGxvYWRzXC8yMDIxXC8wNlwvUDEzNDAwMTUuanBnIiwic2xpZGVzaG93IjoiNDk4YjMzNSJ9\">\n\t\t\t\t\t<div class=\"e-gallery-image elementor-gallery-item__image\" data-thumbnail=\"https:\/\/www.lichen.pl\/wp-content\/uploads\/2021\/06\/P1340015-225x300.jpg\" data-width=\"225\" data-height=\"300\" aria-label=\"\" role=\"img\" ><\/div>\n\t\t\t\t\t\t\t\t\t\t\t<div class=\"elementor-gallery-item__overlay\"><\/div>\n\t\t\t\t\t\t\t\t\t\t\t\t\t\t<\/a>\n\t\t\t\t\t\t\t<a class=\"e-gallery-item elementor-gallery-item elementor-animated-content\" href=\"https:\/\/www.lichen.pl\/wp-content\/uploads\/2021\/06\/P1340018.jpg\" data-elementor-open-lightbox=\"yes\" data-elementor-lightbox-slideshow=\"498b335\" data-elementor-lightbox-title=\"P1340018\" data-e-action-hash=\"#elementor-action%3Aaction%3Dlightbox%26settings%3DeyJpZCI6MTI1MzksInVybCI6Imh0dHBzOlwvXC93d3cubGljaGVuLnBsXC93cC1jb250ZW50XC91cGxvYWRzXC8yMDIxXC8wNlwvUDEzNDAwMTguanBnIiwic2xpZGVzaG93IjoiNDk4YjMzNSJ9\">\n\t\t\t\t\t<div class=\"e-gallery-image elementor-gallery-item__image\" data-thumbnail=\"https:\/\/www.lichen.pl\/wp-content\/uploads\/2021\/06\/P1340018-225x300.jpg\" data-width=\"225\" data-height=\"300\" aria-label=\"\" role=\"img\" ><\/div>\n\t\t\t\t\t\t\t\t\t\t\t<div class=\"elementor-gallery-item__overlay\"><\/div>\n\t\t\t\t\t\t\t\t\t\t\t\t\t\t<\/a>\n\t\t\t\t\t\t\t<a class=\"e-gallery-item elementor-gallery-item elementor-animated-content\" href=\"https:\/\/www.lichen.pl\/wp-content\/uploads\/2021\/06\/P1340021.jpg\" data-elementor-open-lightbox=\"yes\" data-elementor-lightbox-slideshow=\"498b335\" data-elementor-lightbox-title=\"P1340021\" data-e-action-hash=\"#elementor-action%3Aaction%3Dlightbox%26settings%3DeyJpZCI6MTI1NDQsInVybCI6Imh0dHBzOlwvXC93d3cubGljaGVuLnBsXC93cC1jb250ZW50XC91cGxvYWRzXC8yMDIxXC8wNlwvUDEzNDAwMjEuanBnIiwic2xpZGVzaG93IjoiNDk4YjMzNSJ9\">\n\t\t\t\t\t<div class=\"e-gallery-image elementor-gallery-item__image\" data-thumbnail=\"https:\/\/www.lichen.pl\/wp-content\/uploads\/2021\/06\/P1340021-225x300.jpg\" data-width=\"225\" data-height=\"300\" aria-label=\"\" role=\"img\" ><\/div>\n\t\t\t\t\t\t\t\t\t\t\t<div class=\"elementor-gallery-item__overlay\"><\/div>\n\t\t\t\t\t\t\t\t\t\t\t\t\t\t<\/a>\n\t\t\t\t\t\t\t<a class=\"e-gallery-item elementor-gallery-item elementor-animated-content\" href=\"https:\/\/www.lichen.pl\/wp-content\/uploads\/2021\/06\/P1340027.jpg\" data-elementor-open-lightbox=\"yes\" data-elementor-lightbox-slideshow=\"498b335\" data-elementor-lightbox-title=\"P1340027\" data-e-action-hash=\"#elementor-action%3Aaction%3Dlightbox%26settings%3DeyJpZCI6MTI1NDksInVybCI6Imh0dHBzOlwvXC93d3cubGljaGVuLnBsXC93cC1jb250ZW50XC91cGxvYWRzXC8yMDIxXC8wNlwvUDEzNDAwMjcuanBnIiwic2xpZGVzaG93IjoiNDk4YjMzNSJ9\">\n\t\t\t\t\t<div class=\"e-gallery-image elementor-gallery-item__image\" data-thumbnail=\"https:\/\/www.lichen.pl\/wp-content\/uploads\/2021\/06\/P1340027-225x300.jpg\" data-width=\"225\" data-height=\"300\" aria-label=\"\" role=\"img\" ><\/div>\n\t\t\t\t\t\t\t\t\t\t\t<div class=\"elementor-gallery-item__overlay\"><\/div>\n\t\t\t\t\t\t\t\t\t\t\t\t\t\t<\/a>\n\t\t\t\t\t\t\t<a class=\"e-gallery-item elementor-gallery-item elementor-animated-content\" href=\"https:\/\/www.lichen.pl\/wp-content\/uploads\/2021\/06\/P1340035.jpg\" data-elementor-open-lightbox=\"yes\" data-elementor-lightbox-slideshow=\"498b335\" data-elementor-lightbox-title=\"P1340035\" data-e-action-hash=\"#elementor-action%3Aaction%3Dlightbox%26settings%3DeyJpZCI6MTI1NTksInVybCI6Imh0dHBzOlwvXC93d3cubGljaGVuLnBsXC93cC1jb250ZW50XC91cGxvYWRzXC8yMDIxXC8wNlwvUDEzNDAwMzUuanBnIiwic2xpZGVzaG93IjoiNDk4YjMzNSJ9\">\n\t\t\t\t\t<div class=\"e-gallery-image elementor-gallery-item__image\" data-thumbnail=\"https:\/\/www.lichen.pl\/wp-content\/uploads\/2021\/06\/P1340035-300x225.jpg\" data-width=\"300\" data-height=\"225\" aria-label=\"\" role=\"img\" ><\/div>\n\t\t\t\t\t\t\t\t\t\t\t<div class=\"elementor-gallery-item__overlay\"><\/div>\n\t\t\t\t\t\t\t\t\t\t\t\t\t\t<\/a>\n\t\t\t\t\t\t\t<a class=\"e-gallery-item elementor-gallery-item elementor-animated-content\" href=\"https:\/\/www.lichen.pl\/wp-content\/uploads\/2021\/06\/P1340040.jpg\" data-elementor-open-lightbox=\"yes\" data-elementor-lightbox-slideshow=\"498b335\" data-elementor-lightbox-title=\"P1340040\" data-e-action-hash=\"#elementor-action%3Aaction%3Dlightbox%26settings%3DeyJpZCI6MTI1NjQsInVybCI6Imh0dHBzOlwvXC93d3cubGljaGVuLnBsXC93cC1jb250ZW50XC91cGxvYWRzXC8yMDIxXC8wNlwvUDEzNDAwNDAuanBnIiwic2xpZGVzaG93IjoiNDk4YjMzNSJ9\">\n\t\t\t\t\t<div class=\"e-gallery-image elementor-gallery-item__image\" data-thumbnail=\"https:\/\/www.lichen.pl\/wp-content\/uploads\/2021\/06\/P1340040-300x225.jpg\" data-width=\"300\" data-height=\"225\" aria-label=\"\" role=\"img\" ><\/div>\n\t\t\t\t\t\t\t\t\t\t\t<div class=\"elementor-gallery-item__overlay\"><\/div>\n\t\t\t\t\t\t\t\t\t\t\t\t\t\t<\/a>\n\t\t\t\t\t<\/div>\n\t\t\t\t\t<\/div>\n\t\t\t\t<\/div>\n\t\t\t\t<div class=\"elementor-element elementor-element-9a695c7 elementor-widget elementor-widget-text-editor\" data-id=\"9a695c7\" data-element_type=\"widget\" data-e-type=\"widget\" data-widget_type=\"text-editor.default\">\n\t\t\t\t<div class=\"elementor-widget-container\">\n\t\t\t\t\t\t\t\t\t<p class=\"MsoNormal\" style=\"text-align: justify;\"><span style=\"color: #000000;\">Le conservateur du sanctuaire nous a aussi fait r\u00e9fl\u00e9chir sur ce qu&#039;est l&#039;amour de soi. - La chose la plus importante pour moi est de savoir si je vais vivre dans la maison du P\u00e8re que J\u00e9sus a pr\u00e9par\u00e9e pour moi ! La chose la plus importante est de d\u00e9couvrir qui je suis - un enfant de Dieu, cr\u00e9\u00e9 par Dieu par amour. C&#039;est ce que je vais d\u00e9couvrir pendant le Car\u00eame et organiser ainsi mes relations avec mes voisins. Cela aussi doit \u00eatre le fruit de notre conversion. Il faut ouvrir les yeux qu&#039;il y a des gens parmi nous qui ne sont pas au hasard, des voisins avec qui on a besoin les uns des autres. Ils sont n\u00e9cessaires pour que nous leur montrions de l&#039;amour, a d\u00e9clar\u00e9 le conservateur du sanctuaire. Les personnes r\u00e9unies dans la basilique de Lichen et les destinataires des \u00e9missions en ligne ont confi\u00e9 leurs voisins \u00e0 Dieu, mais ont \u00e9galement pri\u00e9 pour qu&#039;il y ait un manque d&#039;amiti\u00e9 et de respect mutuels. Qu&#039;ils construisent une v\u00e9ritable communaut\u00e9 bas\u00e9e sur l&#039;amour, la compr\u00e9hension et l&#039;entraide.<\/span><\/p><p class=\"MsoNormal\" style=\"text-align: justify;\"><span style=\"color: #000000;\">Pr. Janusz Kumala a \u00e9galement pri\u00e9 pour les voisins du sanctuaire de Lichen, tous ceux qui vivent \u00e0 proximit\u00e9, qu&#039;ils profitent de la pr\u00e9sence de Notre-Dame de Lichen, qu&#039;elle soit une protectrice sp\u00e9ciale pour eux chaque jour.\u00a0<\/span><\/p>\t\t\t\t\t\t\t\t<\/div>\n\t\t\t\t<\/div>\n\t\t\t\t<div class=\"elementor-element elementor-element-a829405 elementor-skin-carousel elementor-arrows-yes elementor-pagination-type-bullets elementor-pagination-position-outside elementor-widget elementor-widget-media-carousel\" data-id=\"a829405\" data-element_type=\"widget\" data-e-type=\"widget\" data-settings=\"{&quot;skin&quot;:&quot;carousel&quot;,&quot;effect&quot;:&quot;slide&quot;,&quot;show_arrows&quot;:&quot;yes&quot;,&quot;pagination&quot;:&quot;bullets&quot;,&quot;speed&quot;:500,&quot;autoplay&quot;:&quot;yes&quot;,&quot;autoplay_speed&quot;:5000,&quot;loop&quot;:&quot;yes&quot;,&quot;pause_on_hover&quot;:&quot;yes&quot;,&quot;pause_on_interaction&quot;:&quot;yes&quot;,&quot;space_between&quot;:{&quot;unit&quot;:&quot;px&quot;,&quot;size&quot;:10,&quot;sizes&quot;:[]},&quot;space_between_tablet&quot;:{&quot;unit&quot;:&quot;px&quot;,&quot;size&quot;:10,&quot;sizes&quot;:[]},&quot;space_between_mobile&quot;:{&quot;unit&quot;:&quot;px&quot;,&quot;size&quot;:10,&quot;sizes&quot;:[]}}\" data-widget_type=\"media-carousel.default\">\n\t\t\t\t<div class=\"elementor-widget-container\">\n\t\t\t\t\t\t\t\t\t<div class=\"elementor-swiper\">\n\t\t\t\t\t<div class=\"elementor-main-swiper swiper\" role=\"region\" aria-roledescription=\"carousel\" aria-label=\"Diapositivas\">\n\t\t\t\t<div class=\"swiper-wrapper\">\n\t\t\t\t\t\t\t\t\t\t\t<div class=\"swiper-slide\" role=\"group\" aria-roledescription=\"slide\">\n\t\t\t\t\t\t\t\t\t<div class=\"elementor-carousel-image\" role=\"img\" aria-label=\"P1340032\" style=\"background-image: url(&#039;https:\/\/www.lichen.pl\/wp-content\/uploads\/2021\/06\/P1340032.jpg&#039;)\">\n\n\t\t\t\n\t\t\t\t\t<\/div>\n\t\t\t\t\t\t\t\t<\/div>\n\t\t\t\t\t\t\t\t\t\t\t<div class=\"swiper-slide\" role=\"group\" aria-roledescription=\"slide\">\n\t\t\t\t\t\t\t\t\t<div class=\"elementor-carousel-image\" role=\"img\" aria-label=\"P1340055\" style=\"background-image: url(&#039;https:\/\/www.lichen.pl\/wp-content\/uploads\/2021\/06\/P1340055.jpg&#039;)\">\n\n\t\t\t\n\t\t\t\t\t<\/div>\n\t\t\t\t\t\t\t\t<\/div>\n\t\t\t\t\t\t\t\t\t\t\t<div class=\"swiper-slide\" role=\"group\" aria-roledescription=\"slide\">\n\t\t\t\t\t\t\t\t\t<div class=\"elementor-carousel-image\" role=\"img\" aria-label=\"P1340027\" style=\"background-image: url(&#039;https:\/\/www.lichen.pl\/wp-content\/uploads\/2021\/06\/P1340027.jpg&#039;)\">\n\n\t\t\t\n\t\t\t\t\t<\/div>\n\t\t\t\t\t\t\t\t<\/div>\n\t\t\t\t\t\t\t\t\t<\/div>\n\t\t\t\t\t\t\t\t\t\t\t\t\t\t\t<div class=\"elementor-swiper-button elementor-swiper-button-prev\" role=\"button\" tabindex=\"0\" aria-label=\"Anterior\" data-no-translation-aria-label=\"\">\n\t\t\t\t\t\t\t<i aria-hidden=\"true\" class=\"eicon-chevron-left\"><\/i>\t\t\t\t\t\t<\/div>\n\t\t\t\t\t\t<div class=\"elementor-swiper-button elementor-swiper-button-next\" role=\"button\" tabindex=\"0\" aria-label=\"Siguiente\" data-no-translation-aria-label=\"\">\n\t\t\t\t\t\t\t<i aria-hidden=\"true\" class=\"eicon-chevron-right\"><\/i>\t\t\t\t\t\t<\/div>\n\t\t\t\t\t\t\t\t\t\t\t\t\t\t\t\t<div class=\"swiper-pagination\"><\/div>\n\t\t\t\t\t\t\t\t\t\t\t\t<\/div>\n\t\t\t\t<\/div>\n\t\t\t\t\t\t\t\t<\/div>\n\t\t\t\t<\/div>\n\t\t\t\t\t<\/div>\n\t\t<\/div>\n\t\t\t\t\t<\/div>\n\t\t<\/section>\n\t\t\t\t<\/div>","protected":false},"excerpt":{"rendered":"<p>I niedziela Wielkiego Postu sta\u0142a si\u0119 okazj\u0105 w Sanktuarium Matki Bo\u017cej Liche\u0144skiej do modlitwy w intencji s\u0105siad\u00f3w, ale tak\u017ce otwarto\u015bci na ich potrzeby i wzajemn\u0105 przyja\u017a\u0144. Do wsp\u00f3lnej modlitwy za wstawiennictwem Matki Bo\u017cej Liche\u0144skiej w Dzie\u0144 s\u0105siada zaprosi\u0142 ks. Janusz Kumala MIC, kustosz liche\u0144skiego sanktuarium podczas Mszy \u015bw. o godz. 12 w bazylice liche\u0144skiej. \u2013 [&hellip;]<\/p>\n","protected":false},"author":6,"featured_media":12569,"comment_status":"open","ping_status":"open","sticky":false,"template":"","format":"standard","meta":{"footnotes":""},"categories":[1],"tags":[],"class_list":["post-12523","post","type-post","status-publish","format-standard","has-post-thumbnail","hentry","category-aktualnosci","wpbf-post"],"yoast_head":"<!-- This site is optimized with the Yoast SEO plugin v27.4 - https:\/\/yoast.com\/product\/yoast-seo-wordpress\/ -->\n<title>Modlili si\u0119 o dobre relacje s\u0105siedzkie - SANKTUARIUM W LICHENIU<\/title>\n<meta name=\"robots\" content=\"index, follow, max-snippet:-1, max-image-preview:large, max-video-preview:-1\" \/>\n<link rel=\"canonical\" href=\"http:\/\/www.lichen.pl\/fr\/modlili-sie-o-dobre-relacje-sasiedzkie\/\" \/>\n<meta property=\"og:locale\" content=\"fr_FR\" \/>\n<meta property=\"og:type\" content=\"article\" \/>\n<meta property=\"og:title\" content=\"Modlili si\u0119 o dobre relacje s\u0105siedzkie - SANKTUARIUM W LICHENIU\" \/>\n<meta property=\"og:description\" content=\"I niedziela Wielkiego Postu sta\u0142a si\u0119 okazj\u0105 w Sanktuarium Matki Bo\u017cej Liche\u0144skiej do modlitwy w intencji s\u0105siad\u00f3w, ale tak\u017ce otwarto\u015bci na ich potrzeby i wzajemn\u0105 przyja\u017a\u0144. Do wsp\u00f3lnej modlitwy za wstawiennictwem Matki Bo\u017cej Liche\u0144skiej w Dzie\u0144 s\u0105siada zaprosi\u0142 ks. Janusz Kumala MIC, kustosz liche\u0144skiego sanktuarium podczas Mszy \u015bw. o godz. 12 w bazylice liche\u0144skiej. \u2013 [&hellip;]\" \/>\n<meta property=\"og:url\" content=\"http:\/\/www.lichen.pl\/fr\/modlili-sie-o-dobre-relacje-sasiedzkie\/\" \/>\n<meta property=\"og:site_name\" content=\"SANKTUARIUM W LICHENIU\" \/>\n<meta property=\"article:published_time\" content=\"2021-02-21T08:32:29+00:00\" \/>\n<meta property=\"article:modified_time\" content=\"2021-06-11T08:36:47+00:00\" \/>\n<meta property=\"og:image\" content=\"http:\/\/www.lichen.pl\/wp-content\/uploads\/2021\/06\/P1340050.jpg\" \/>\n\t<meta property=\"og:image:width\" content=\"1200\" \/>\n\t<meta property=\"og:image:height\" content=\"901\" \/>\n\t<meta property=\"og:image:type\" content=\"image\/jpeg\" \/>\n<meta name=\"author\" content=\"AMELIA SIUDA-KOSZELA\" \/>\n<meta name=\"twitter:card\" content=\"summary_large_image\" \/>\n<meta name=\"twitter:label1\" content=\"\u00c9crit par\" \/>\n\t<meta name=\"twitter:data1\" content=\"AMELIA SIUDA-KOSZELA\" \/>\n\t<meta name=\"twitter:label2\" content=\"Dur\u00e9e de lecture estim\u00e9e\" \/>\n\t<meta name=\"twitter:data2\" content=\"2 minutes\" \/>\n<script type=\"application\/ld+json\" class=\"yoast-schema-graph\">{\"@context\":\"https:\\\/\\\/schema.org\",\"@graph\":[{\"@type\":\"Article\",\"@id\":\"http:\\\/\\\/www.lichen.pl\\\/it\\\/modlili-sie-o-dobre-relacje-sasiedzkie\\\/#article\",\"isPartOf\":{\"@id\":\"http:\\\/\\\/www.lichen.pl\\\/it\\\/modlili-sie-o-dobre-relacje-sasiedzkie\\\/\"},\"author\":{\"name\":\"AMELIA SIUDA-KOSZELA\",\"@id\":\"https:\\\/\\\/www.lichen.pl\\\/fr\\\/#\\\/schema\\\/person\\\/70bf824c102f176cf976b0d90af0d62a\"},\"headline\":\"Modlili si\u0119 o dobre relacje s\u0105siedzkie\",\"datePublished\":\"2021-02-21T08:32:29+00:00\",\"dateModified\":\"2021-06-11T08:36:47+00:00\",\"mainEntityOfPage\":{\"@id\":\"http:\\\/\\\/www.lichen.pl\\\/it\\\/modlili-sie-o-dobre-relacje-sasiedzkie\\\/\"},\"wordCount\":446,\"commentCount\":0,\"image\":{\"@id\":\"http:\\\/\\\/www.lichen.pl\\\/it\\\/modlili-sie-o-dobre-relacje-sasiedzkie\\\/#primaryimage\"},\"thumbnailUrl\":\"https:\\\/\\\/www.lichen.pl\\\/wp-content\\\/uploads\\\/2021\\\/06\\\/P1340050.jpg\",\"articleSection\":[\"Aktualno\u015bci\"],\"inLanguage\":\"fr-FR\",\"potentialAction\":[{\"@type\":\"CommentAction\",\"name\":\"Comment\",\"target\":[\"http:\\\/\\\/www.lichen.pl\\\/it\\\/modlili-sie-o-dobre-relacje-sasiedzkie\\\/#respond\"]}]},{\"@type\":\"WebPage\",\"@id\":\"http:\\\/\\\/www.lichen.pl\\\/it\\\/modlili-sie-o-dobre-relacje-sasiedzkie\\\/\",\"url\":\"http:\\\/\\\/www.lichen.pl\\\/it\\\/modlili-sie-o-dobre-relacje-sasiedzkie\\\/\",\"name\":\"Modlili si\u0119 o dobre relacje s\u0105siedzkie - SANKTUARIUM W LICHENIU\",\"isPartOf\":{\"@id\":\"https:\\\/\\\/www.lichen.pl\\\/fr\\\/#website\"},\"primaryImageOfPage\":{\"@id\":\"http:\\\/\\\/www.lichen.pl\\\/it\\\/modlili-sie-o-dobre-relacje-sasiedzkie\\\/#primaryimage\"},\"image\":{\"@id\":\"http:\\\/\\\/www.lichen.pl\\\/it\\\/modlili-sie-o-dobre-relacje-sasiedzkie\\\/#primaryimage\"},\"thumbnailUrl\":\"https:\\\/\\\/www.lichen.pl\\\/wp-content\\\/uploads\\\/2021\\\/06\\\/P1340050.jpg\",\"datePublished\":\"2021-02-21T08:32:29+00:00\",\"dateModified\":\"2021-06-11T08:36:47+00:00\",\"author\":{\"@id\":\"https:\\\/\\\/www.lichen.pl\\\/fr\\\/#\\\/schema\\\/person\\\/70bf824c102f176cf976b0d90af0d62a\"},\"breadcrumb\":{\"@id\":\"http:\\\/\\\/www.lichen.pl\\\/it\\\/modlili-sie-o-dobre-relacje-sasiedzkie\\\/#breadcrumb\"},\"inLanguage\":\"fr-FR\",\"potentialAction\":[{\"@type\":\"ReadAction\",\"target\":[\"http:\\\/\\\/www.lichen.pl\\\/it\\\/modlili-sie-o-dobre-relacje-sasiedzkie\\\/\"]}]},{\"@type\":\"ImageObject\",\"inLanguage\":\"fr-FR\",\"@id\":\"http:\\\/\\\/www.lichen.pl\\\/it\\\/modlili-sie-o-dobre-relacje-sasiedzkie\\\/#primaryimage\",\"url\":\"https:\\\/\\\/www.lichen.pl\\\/wp-content\\\/uploads\\\/2021\\\/06\\\/P1340050.jpg\",\"contentUrl\":\"https:\\\/\\\/www.lichen.pl\\\/wp-content\\\/uploads\\\/2021\\\/06\\\/P1340050.jpg\",\"width\":1200,\"height\":901},{\"@type\":\"BreadcrumbList\",\"@id\":\"http:\\\/\\\/www.lichen.pl\\\/it\\\/modlili-sie-o-dobre-relacje-sasiedzkie\\\/#breadcrumb\",\"itemListElement\":[{\"@type\":\"ListItem\",\"position\":1,\"name\":\"Strona g\u0142\u00f3wna\",\"item\":\"https:\\\/\\\/www.lichen.pl\\\/\"},{\"@type\":\"ListItem\",\"position\":2,\"name\":\"Modlili si\u0119 o dobre relacje s\u0105siedzkie\"}]},{\"@type\":\"WebSite\",\"@id\":\"https:\\\/\\\/www.lichen.pl\\\/fr\\\/#website\",\"url\":\"https:\\\/\\\/www.lichen.pl\\\/fr\\\/\",\"name\":\"SANKTUARIUM W LICHENIU\",\"description\":\"MATKI BO\u017bEJ LICHE\u0143SKIEJ BOLESNEJ KR\u00d3LOWEJ POLSKI\",\"potentialAction\":[{\"@type\":\"SearchAction\",\"target\":{\"@type\":\"EntryPoint\",\"urlTemplate\":\"https:\\\/\\\/www.lichen.pl\\\/fr\\\/?s={search_term_string}\"},\"query-input\":{\"@type\":\"PropertyValueSpecification\",\"valueRequired\":true,\"valueName\":\"search_term_string\"}}],\"inLanguage\":\"fr-FR\"},{\"@type\":\"Person\",\"@id\":\"https:\\\/\\\/www.lichen.pl\\\/fr\\\/#\\\/schema\\\/person\\\/70bf824c102f176cf976b0d90af0d62a\",\"name\":\"AMELIA SIUDA-KOSZELA\",\"image\":{\"@type\":\"ImageObject\",\"inLanguage\":\"fr-FR\",\"@id\":\"https:\\\/\\\/secure.gravatar.com\\\/avatar\\\/a0f9a92186ab02fb8db116f5388e3bc7280dd7bd01565c5d6b7ceb07ff27d6d9?s=96&d=retro&r=g\",\"url\":\"https:\\\/\\\/secure.gravatar.com\\\/avatar\\\/a0f9a92186ab02fb8db116f5388e3bc7280dd7bd01565c5d6b7ceb07ff27d6d9?s=96&d=retro&r=g\",\"contentUrl\":\"https:\\\/\\\/secure.gravatar.com\\\/avatar\\\/a0f9a92186ab02fb8db116f5388e3bc7280dd7bd01565c5d6b7ceb07ff27d6d9?s=96&d=retro&r=g\",\"caption\":\"AMELIA SIUDA-KOSZELA\"},\"url\":\"https:\\\/\\\/www.lichen.pl\\\/fr\\\/author\\\/amelia\\\/\"}]}<\/script>\n<!-- \/ Yoast SEO plugin. -->","yoast_head_json":{"title":"Modlili si\u0119 o dobre relacje s\u0105siedzkie - SANKTUARIUM W LICHENIU","robots":{"index":"index","follow":"follow","max-snippet":"max-snippet:-1","max-image-preview":"max-image-preview:large","max-video-preview":"max-video-preview:-1"},"canonical":"http:\/\/www.lichen.pl\/fr\/modlili-sie-o-dobre-relacje-sasiedzkie\/","og_locale":"fr_FR","og_type":"article","og_title":"Modlili si\u0119 o dobre relacje s\u0105siedzkie - SANKTUARIUM W LICHENIU","og_description":"I niedziela Wielkiego Postu sta\u0142a si\u0119 okazj\u0105 w Sanktuarium Matki Bo\u017cej Liche\u0144skiej do modlitwy w intencji s\u0105siad\u00f3w, ale tak\u017ce otwarto\u015bci na ich potrzeby i wzajemn\u0105 przyja\u017a\u0144. Do wsp\u00f3lnej modlitwy za wstawiennictwem Matki Bo\u017cej Liche\u0144skiej w Dzie\u0144 s\u0105siada zaprosi\u0142 ks. Janusz Kumala MIC, kustosz liche\u0144skiego sanktuarium podczas Mszy \u015bw. o godz. 12 w bazylice liche\u0144skiej. \u2013 [&hellip;]","og_url":"http:\/\/www.lichen.pl\/fr\/modlili-sie-o-dobre-relacje-sasiedzkie\/","og_site_name":"SANKTUARIUM W LICHENIU","article_published_time":"2021-02-21T08:32:29+00:00","article_modified_time":"2021-06-11T08:36:47+00:00","og_image":[{"width":1200,"height":901,"url":"http:\/\/www.lichen.pl\/wp-content\/uploads\/2021\/06\/P1340050.jpg","type":"image\/jpeg"}],"author":"AMELIA SIUDA-KOSZELA","twitter_card":"summary_large_image","twitter_misc":{"\u00c9crit par":"AMELIA SIUDA-KOSZELA","Dur\u00e9e de lecture estim\u00e9e":"2 minutes"},"schema":{"@context":"https:\/\/schema.org","@graph":[{"@type":"Article","@id":"http:\/\/www.lichen.pl\/it\/modlili-sie-o-dobre-relacje-sasiedzkie\/#article","isPartOf":{"@id":"http:\/\/www.lichen.pl\/it\/modlili-sie-o-dobre-relacje-sasiedzkie\/"},"author":{"name":"AMELIA SIUDA-KOSZELA","@id":"https:\/\/www.lichen.pl\/fr\/#\/schema\/person\/70bf824c102f176cf976b0d90af0d62a"},"headline":"Modlili si\u0119 o dobre relacje s\u0105siedzkie","datePublished":"2021-02-21T08:32:29+00:00","dateModified":"2021-06-11T08:36:47+00:00","mainEntityOfPage":{"@id":"http:\/\/www.lichen.pl\/it\/modlili-sie-o-dobre-relacje-sasiedzkie\/"},"wordCount":446,"commentCount":0,"image":{"@id":"http:\/\/www.lichen.pl\/it\/modlili-sie-o-dobre-relacje-sasiedzkie\/#primaryimage"},"thumbnailUrl":"https:\/\/www.lichen.pl\/wp-content\/uploads\/2021\/06\/P1340050.jpg","articleSection":["Aktualno\u015bci"],"inLanguage":"fr-FR","potentialAction":[{"@type":"CommentAction","name":"Comment","target":["http:\/\/www.lichen.pl\/it\/modlili-sie-o-dobre-relacje-sasiedzkie\/#respond"]}]},{"@type":"WebPage","@id":"http:\/\/www.lichen.pl\/it\/modlili-sie-o-dobre-relacje-sasiedzkie\/","url":"http:\/\/www.lichen.pl\/it\/modlili-sie-o-dobre-relacje-sasiedzkie\/","name":"Modlili si\u0119 o dobre relacje s\u0105siedzkie - SANKTUARIUM W LICHENIU","isPartOf":{"@id":"https:\/\/www.lichen.pl\/fr\/#website"},"primaryImageOfPage":{"@id":"http:\/\/www.lichen.pl\/it\/modlili-sie-o-dobre-relacje-sasiedzkie\/#primaryimage"},"image":{"@id":"http:\/\/www.lichen.pl\/it\/modlili-sie-o-dobre-relacje-sasiedzkie\/#primaryimage"},"thumbnailUrl":"https:\/\/www.lichen.pl\/wp-content\/uploads\/2021\/06\/P1340050.jpg","datePublished":"2021-02-21T08:32:29+00:00","dateModified":"2021-06-11T08:36:47+00:00","author":{"@id":"https:\/\/www.lichen.pl\/fr\/#\/schema\/person\/70bf824c102f176cf976b0d90af0d62a"},"breadcrumb":{"@id":"http:\/\/www.lichen.pl\/it\/modlili-sie-o-dobre-relacje-sasiedzkie\/#breadcrumb"},"inLanguage":"fr-FR","potentialAction":[{"@type":"ReadAction","target":["http:\/\/www.lichen.pl\/it\/modlili-sie-o-dobre-relacje-sasiedzkie\/"]}]},{"@type":"ImageObject","inLanguage":"fr-FR","@id":"http:\/\/www.lichen.pl\/it\/modlili-sie-o-dobre-relacje-sasiedzkie\/#primaryimage","url":"https:\/\/www.lichen.pl\/wp-content\/uploads\/2021\/06\/P1340050.jpg","contentUrl":"https:\/\/www.lichen.pl\/wp-content\/uploads\/2021\/06\/P1340050.jpg","width":1200,"height":901},{"@type":"BreadcrumbList","@id":"http:\/\/www.lichen.pl\/it\/modlili-sie-o-dobre-relacje-sasiedzkie\/#breadcrumb","itemListElement":[{"@type":"ListItem","position":1,"name":"Strona g\u0142\u00f3wna","item":"https:\/\/www.lichen.pl\/"},{"@type":"ListItem","position":2,"name":"Modlili si\u0119 o dobre relacje s\u0105siedzkie"}]},{"@type":"WebSite","@id":"https:\/\/www.lichen.pl\/fr\/#website","url":"https:\/\/www.lichen.pl\/fr\/","name":"SANCTUAIRE EN LICHENIE","description":"LA MAUVAISE REINE DE POLOGNE DE NOTRE LICHEN","potentialAction":[{"@type":"SearchAction","target":{"@type":"EntryPoint","urlTemplate":"https:\/\/www.lichen.pl\/fr\/?s={search_term_string}"},"query-input":{"@type":"PropertyValueSpecification","valueRequired":true,"valueName":"search_term_string"}}],"inLanguage":"fr-FR"},{"@type":"Person","@id":"https:\/\/www.lichen.pl\/fr\/#\/schema\/person\/70bf824c102f176cf976b0d90af0d62a","name":"AMELIA SIUDA-KOSZELA","image":{"@type":"ImageObject","inLanguage":"fr-FR","@id":"https:\/\/secure.gravatar.com\/avatar\/a0f9a92186ab02fb8db116f5388e3bc7280dd7bd01565c5d6b7ceb07ff27d6d9?s=96&d=retro&r=g","url":"https:\/\/secure.gravatar.com\/avatar\/a0f9a92186ab02fb8db116f5388e3bc7280dd7bd01565c5d6b7ceb07ff27d6d9?s=96&d=retro&r=g","contentUrl":"https:\/\/secure.gravatar.com\/avatar\/a0f9a92186ab02fb8db116f5388e3bc7280dd7bd01565c5d6b7ceb07ff27d6d9?s=96&d=retro&r=g","caption":"AMELIA SIUDA-KOSZELA"},"url":"https:\/\/www.lichen.pl\/fr\/author\/amelia\/"}]}},"_links":{"self":[{"href":"https:\/\/www.lichen.pl\/fr\/wp-json\/wp\/v2\/posts\/12523","targetHints":{"allow":["GET"]}}],"collection":[{"href":"https:\/\/www.lichen.pl\/fr\/wp-json\/wp\/v2\/posts"}],"about":[{"href":"https:\/\/www.lichen.pl\/fr\/wp-json\/wp\/v2\/types\/post"}],"author":[{"embeddable":true,"href":"https:\/\/www.lichen.pl\/fr\/wp-json\/wp\/v2\/users\/6"}],"replies":[{"embeddable":true,"href":"https:\/\/www.lichen.pl\/fr\/wp-json\/wp\/v2\/comments?post=12523"}],"version-history":[{"count":4,"href":"https:\/\/www.lichen.pl\/fr\/wp-json\/wp\/v2\/posts\/12523\/revisions"}],"predecessor-version":[{"id":12585,"href":"https:\/\/www.lichen.pl\/fr\/wp-json\/wp\/v2\/posts\/12523\/revisions\/12585"}],"wp:featuredmedia":[{"embeddable":true,"href":"https:\/\/www.lichen.pl\/fr\/wp-json\/wp\/v2\/media\/12569"}],"wp:attachment":[{"href":"https:\/\/www.lichen.pl\/fr\/wp-json\/wp\/v2\/media?parent=12523"}],"wp:term":[{"taxonomy":"category","embeddable":true,"href":"https:\/\/www.lichen.pl\/fr\/wp-json\/wp\/v2\/categories?post=12523"},{"taxonomy":"post_tag","embeddable":true,"href":"https:\/\/www.lichen.pl\/fr\/wp-json\/wp\/v2\/tags?post=12523"}],"curies":[{"name":"wp","href":"https:\/\/api.w.org\/{rel}","templated":true}]}}