{"id":12581,"date":"2018-08-26T19:00:21","date_gmt":"2018-08-26T19:00:21","guid":{"rendered":"http:\/\/www.lichen.pl\/?p=12581"},"modified":"2021-06-11T11:35:45","modified_gmt":"2021-06-11T11:35:45","slug":"36-piesza-pielgrzymka-ludzi-pracy","status":"publish","type":"post","link":"https:\/\/www.lichen.pl\/fr\/36-piesza-pielgrzymka-ludzi-pracy\/","title":{"rendered":"36. P\u00e8lerinage des travailleurs"},"content":{"rendered":"<div data-elementor-type=\"wp-post\" data-elementor-id=\"12581\" class=\"elementor elementor-12581\" data-elementor-post-type=\"post\">\n\t\t\t\t\t\t<section class=\"elementor-section elementor-top-section elementor-element elementor-element-64a22020 elementor-section-boxed elementor-section-height-default elementor-section-height-default\" data-id=\"64a22020\" data-element_type=\"section\" data-e-type=\"section\">\n\t\t\t\t\t\t<div class=\"elementor-container elementor-column-gap-default\">\n\t\t\t\t\t<div class=\"elementor-column elementor-col-100 elementor-top-column elementor-element elementor-element-5eb1d2b6\" data-id=\"5eb1d2b6\" data-element_type=\"column\" data-e-type=\"column\">\n\t\t\t<div class=\"elementor-widget-wrap elementor-element-populated\">\n\t\t\t\t\t\t<div class=\"elementor-element elementor-element-6602e29 elementor-widget elementor-widget-heading\" data-id=\"6602e29\" data-element_type=\"widget\" data-e-type=\"widget\" data-widget_type=\"heading.default\">\n\t\t\t\t<div class=\"elementor-widget-container\">\n\t\t\t\t\t<h2 class=\"elementor-heading-title elementor-size-default\">En la f\u00eate de Notre-Dame de Cz\u0119stochowa, le 36e p\u00e8lerinage des travailleurs de Konin a atteint le sanctuaire de Liche\u0144<\/h2>\t\t\t\t<\/div>\n\t\t\t\t<\/div>\n\t\t\t\t<section class=\"elementor-section elementor-inner-section elementor-element elementor-element-76ab643 elementor-section-boxed elementor-section-height-default elementor-section-height-default\" data-id=\"76ab643\" data-element_type=\"section\" data-e-type=\"section\">\n\t\t\t\t\t\t<div class=\"elementor-container elementor-column-gap-default\">\n\t\t\t\t\t<div class=\"elementor-column elementor-col-50 elementor-inner-column elementor-element elementor-element-81f7f11\" data-id=\"81f7f11\" data-element_type=\"column\" data-e-type=\"column\">\n\t\t\t<div class=\"elementor-widget-wrap elementor-element-populated\">\n\t\t\t\t\t\t<div class=\"elementor-element elementor-element-948bc34 elementor-widget elementor-widget-image\" data-id=\"948bc34\" data-element_type=\"widget\" data-e-type=\"widget\" data-widget_type=\"image.default\">\n\t\t\t\t<div class=\"elementor-widget-container\">\n\t\t\t\t\t\t\t\t\t\t\t\t<figure class=\"wp-caption\">\n\t\t\t\t\t\t\t\t\t\t<img fetchpriority=\"high\" decoding=\"async\" width=\"512\" height=\"228\" src=\"https:\/\/www.lichen.pl\/wp-content\/uploads\/2018\/08\/36-Pielgrzymka-Ludzi-Pracy-1.jpg\" class=\"attachment-medium_large size-medium_large wp-image-12945\" alt=\"36 Pielgrzymka Ludzi Pracy 1\" srcset=\"https:\/\/www.lichen.pl\/wp-content\/uploads\/2018\/08\/36-Pielgrzymka-Ludzi-Pracy-1.jpg 512w, https:\/\/www.lichen.pl\/wp-content\/uploads\/2018\/08\/36-Pielgrzymka-Ludzi-Pracy-1-300x134.jpg 300w\" sizes=\"(max-width: 512px) 100vw, 512px\" \/>\t\t\t\t\t\t\t\t\t\t\t<figcaption class=\"widget-image-caption wp-caption-text\">Les p\u00e8lerins du 36e p\u00e8lerinage des travailleurs sont partis de Konin<\/figcaption>\n\t\t\t\t\t\t\t\t\t\t<\/figure>\n\t\t\t\t\t\t\t\t\t<\/div>\n\t\t\t\t<\/div>\n\t\t\t\t\t<\/div>\n\t\t<\/div>\n\t\t\t\t<div class=\"elementor-column elementor-col-50 elementor-inner-column elementor-element elementor-element-e9fcc6e\" data-id=\"e9fcc6e\" data-element_type=\"column\" data-e-type=\"column\">\n\t\t\t<div class=\"elementor-widget-wrap elementor-element-populated\">\n\t\t\t\t\t\t<div class=\"elementor-element elementor-element-3b07a57 elementor-blockquote--skin-quotation elementor-blockquote--align-center elementor-widget elementor-widget-blockquote\" data-id=\"3b07a57\" data-element_type=\"widget\" data-e-type=\"widget\" data-widget_type=\"blockquote.default\">\n\t\t\t\t<div class=\"elementor-widget-container\">\n\t\t\t\t\t\t\t<blockquote class=\"elementor-blockquote\">\n\t\t\t<p class=\"elementor-blockquote__content\">\n\t\t\t\tNous voulons nous souvenir de ces beaux jubil\u00e9s - le si\u00e8cle de la reconqu\u00eate de l&#039;ind\u00e9pendance de la Pologne, mais aussi le centi\u00e8me anniversaire du soul\u00e8vement de Wielkopolska, et c&#039;est pourquoi aujourd&#039;hui nous apportons \u00e0 Marie une grande action de gr\u00e2ce pour ce cadeau, pour le miracle de la libert\u00e9.\t\t\t<\/p>\n\t\t\t\t\t\t\t<div class=\"e-q-footer\">\n\t\t\t\t\t\t\t\t\t\t\t<cite class=\"elementor-blockquote__author\">Mariola Rakiewicz, organisatrice du p\u00e8lerinage<\/cite>\n\t\t\t\t\t\t\t\t\t\t\t\t\t\t<\/div>\n\t\t\t\t\t<\/blockquote>\n\t\t\t\t\t\t<\/div>\n\t\t\t\t<\/div>\n\t\t\t\t\t<\/div>\n\t\t<\/div>\n\t\t\t\t\t<\/div>\n\t\t<\/section>\n\t\t\t\t<div class=\"elementor-element elementor-element-4809adc5 elementor-widget elementor-widget-text-editor\" data-id=\"4809adc5\" data-element_type=\"widget\" data-e-type=\"widget\" data-widget_type=\"text-editor.default\">\n\t\t\t\t<div class=\"elementor-widget-container\">\n\t\t\t\t\t\t\t\t\t<p>26 juin cette ann\u00e9e le jour de la f\u00eate de Notre-Dame de Cz\u0119stochowa, le 36e p\u00e8lerinage \u00e0 pied des travailleurs de Konin a atteint le sanctuaire de Liche\u0144. Un groupe de 200 p\u00e8lerins a pri\u00e9 pendant la Sainte Messe. \u00e0. 16 heures c\u00e9l\u00e9br\u00e9es par le P. J\u00f3zef Wysocki, cur\u00e9 de la paroisse de st. Wojciech \u00e0 Konin. La devise du p\u00e8lerinage des travailleurs de cette ann\u00e9e \u00e0 Notre-Dame de Lichen \u00e9tait la phrase suivante : <em>&quot;Avec Marie au service de Dieu et de la Patrie.&quot;<\/em><\/p><p>Les p\u00e8lerins de Liche\u0144 sont apparus \u00e0 15h00. Au monument de St. Jean-Paul II, situ\u00e9 \u00e0 proximit\u00e9 de l&#039;\u00e9glise paroissiale, les a accueillis par le R\u00e9v. Henryk Kulik, MIC, cur\u00e9 de la paroisse de Liche\u0144. Dans son mot de bienvenue, Marianin a exprim\u00e9 sa joie que les p\u00e8lerins soient venus \u00e0 Liche\u0144 pour la 36e fois.<\/p><p>L&#039;organisatrice du p\u00e8lerinage, Mme Mariola Rakiewicz, responsable de l&#039;Action catholique du dioc\u00e8se de W\u0142oc\u0142awek, a expliqu\u00e9 que le p\u00e8lerinage \u00e0 Konin est de nature multig\u00e9n\u00e9rationnelle, car leurs petits-enfants voyagent \u00e9galement avec les p\u00e8lerins qui ont particip\u00e9 \u00e0 depuis les ann\u00e9es 1980. Le p\u00e8lerinage des travailleurs de cette ann\u00e9e \u00e0 Notre-Dame de Liche\u0144 fait \u00e9galement partie des c\u00e9l\u00e9brations de la reconqu\u00eate de l&#039;ind\u00e9pendance de la Pologne il y a cent ans.<\/p><p>Lors de la procession jusqu&#039;\u00e0 l&#039;entr\u00e9e, les reliques du Bl. Fr. Jerzy Popie\u0142uszko, aum\u00f4nier du Syndicat de solidarit\u00e9. L&#039;hom\u00e9lie pendant l&#039;Eucharistie sera prononc\u00e9e par le P. Zbigniew Caba\u0144ski, cur\u00e9 de la paroisse de Notre Dame Reine de Pologne \u00e0 Konin.<br \/>Dans la parole, le pr\u00eatre se r\u00e9f\u00e9rait \u00e0 l&#039;\u00c9vangile selon S. Jean \u00e0 propos du miracle de J\u00e9sus \u00e0 Cana en Galil\u00e9e. Il a soulign\u00e9 que la b\u00e9n\u00e9diction de Dieu se r\u00e9alise par l&#039;amour. Et celle qui garde la sagesse est Marie, qui fut la premi\u00e8re \u00e0 remarquer qu&#039;il n&#039;y avait pas de vin pendant la c\u00e9r\u00e9monie du mariage :<br \/>&#8211; <em>\u00ab Marie est la maison de la sagesse. Et c&#039;est bien que des travailleurs aient fait des p\u00e8lerinages dans cette maison depuis 36 ans afin d&#039;apprendre la sagesse chez elle malgr\u00e9 les structures et les conditions de vie changeantes. Nous l&#039;apprenons de Marie, qui est toujours l\u00e0 o\u00f9 ses enfants manquent de quelque chose, comme aux noces de Cana en Galil\u00e9e&quot;<\/em> Dit le pr\u00eatre.<\/p><p>Apr\u00e8s la messe les pr\u00eatres ont donn\u00e9 des b\u00e9n\u00e9dictions individuelles aux enfants avant le d\u00e9but de la nouvelle ann\u00e9e d&#039;\u00e9tudes. Imm\u00e9diatement apr\u00e8s la fin de l&#039;Eucharistie, les participants au p\u00e8lerinage se sont rendus au monument du Bl. Fr. Jerzy Popie\u0142uszko, situ\u00e9 sur la place devant la basilique, o\u00f9, apr\u00e8s avoir chant\u00e9 l&#039;hymne national, des fleurs et des bougies ont \u00e9t\u00e9 d\u00e9pos\u00e9es, et une litanie aux bienheureux a \u00e9t\u00e9 dite.<\/p><p>Le cadre musical des c\u00e9l\u00e9brations de cette ann\u00e9e a \u00e9t\u00e9 pr\u00e9par\u00e9 conjointement par deux choeurs : &quot;Soli Deo&quot; de Konin, dirig\u00e9 par Mme Katarzyna Jaworska, et &quot;Largo&quot; de Radziej\u00f3w, dirig\u00e9 par Mme Alina Czapiewska.<\/p><p>\u00a0<\/p>\t\t\t\t\t\t\t\t<\/div>\n\t\t\t\t<\/div>\n\t\t\t\t<div class=\"elementor-element elementor-element-7d27280 elementor-widget-divider--view-line elementor-widget elementor-widget-divider\" data-id=\"7d27280\" data-element_type=\"widget\" data-e-type=\"widget\" data-widget_type=\"divider.default\">\n\t\t\t\t<div class=\"elementor-widget-container\">\n\t\t\t\t\t\t\t<div class=\"elementor-divider\">\n\t\t\t<span class=\"elementor-divider-separator\">\n\t\t\t\t\t\t<\/span>\n\t\t<\/div>\n\t\t\t\t\t\t<\/div>\n\t\t\t\t<\/div>\n\t\t\t\t\t<\/div>\n\t\t<\/div>\n\t\t\t\t\t<\/div>\n\t\t<\/section>\n\t\t\t\t<\/div>","protected":false},"excerpt":{"rendered":"<p>W uroczysto\u015b\u0107 Matki Bo\u017cej Cz\u0119stochowskiej do liche\u0144skiego sanktuarium dotar\u0142a 36. Piesza Pielgrzymka Ludzi Pracy z Konina P\u0105tnicy 36. Pielgrzymki Ludzi Pracy wyruszaj\u0105 z Konina Chcemy pami\u0119ta\u0107 o tych pi\u0119knych jubileuszach \u2013 stuleciu odzyskania przez Polsk\u0119 niepodleg\u0142o\u015bci, ale tak\u017ce setnej rocznicy wybuchu powstania wielkopolskiego i dlatego przynosimy dzi\u015b Maryi wielkie dzi\u0119kczynienie za ten dar, za cud [&hellip;]<\/p>\n","protected":false},"author":4,"featured_media":12586,"comment_status":"open","ping_status":"open","sticky":false,"template":"","format":"standard","meta":{"footnotes":""},"categories":[1],"tags":[],"class_list":["post-12581","post","type-post","status-publish","format-standard","has-post-thumbnail","hentry","category-aktualnosci","wpbf-post"],"yoast_head":"<!-- This site is optimized with the Yoast SEO plugin v27.4 - https:\/\/yoast.com\/product\/yoast-seo-wordpress\/ -->\n<title>36. Piesza Pielgrzymka Ludzi Pracy - SANKTUARIUM W LICHENIU<\/title>\n<meta name=\"robots\" content=\"index, follow, max-snippet:-1, max-image-preview:large, max-video-preview:-1\" \/>\n<link rel=\"canonical\" href=\"http:\/\/www.lichen.pl\/fr\/36-piesza-pielgrzymka-ludzi-pracy\/\" \/>\n<meta property=\"og:locale\" content=\"fr_FR\" \/>\n<meta property=\"og:type\" content=\"article\" \/>\n<meta property=\"og:title\" content=\"36. Piesza Pielgrzymka Ludzi Pracy - SANKTUARIUM W LICHENIU\" \/>\n<meta property=\"og:description\" content=\"W uroczysto\u015b\u0107 Matki Bo\u017cej Cz\u0119stochowskiej do liche\u0144skiego sanktuarium dotar\u0142a 36. Piesza Pielgrzymka Ludzi Pracy z Konina P\u0105tnicy 36. Pielgrzymki Ludzi Pracy wyruszaj\u0105 z Konina Chcemy pami\u0119ta\u0107 o tych pi\u0119knych jubileuszach \u2013 stuleciu odzyskania przez Polsk\u0119 niepodleg\u0142o\u015bci, ale tak\u017ce setnej rocznicy wybuchu powstania wielkopolskiego i dlatego przynosimy dzi\u015b Maryi wielkie dzi\u0119kczynienie za ten dar, za cud [&hellip;]\" \/>\n<meta property=\"og:url\" content=\"http:\/\/www.lichen.pl\/fr\/36-piesza-pielgrzymka-ludzi-pracy\/\" \/>\n<meta property=\"og:site_name\" content=\"SANKTUARIUM W LICHENIU\" \/>\n<meta property=\"article:published_time\" content=\"2018-08-26T19:00:21+00:00\" \/>\n<meta property=\"article:modified_time\" content=\"2021-06-11T11:35:45+00:00\" \/>\n<meta property=\"og:image\" content=\"http:\/\/www.lichen.pl\/wp-content\/uploads\/2021\/06\/55e43d8486e61_osize933x0q70hd1d2b3.jpg\" \/>\n\t<meta property=\"og:image:width\" content=\"933\" \/>\n\t<meta property=\"og:image:height\" content=\"523\" \/>\n\t<meta property=\"og:image:type\" content=\"image\/jpeg\" \/>\n<meta name=\"author\" content=\"ROBERT ADAMCZYK\" \/>\n<meta name=\"twitter:card\" content=\"summary_large_image\" \/>\n<meta name=\"twitter:label1\" content=\"\u00c9crit par\" \/>\n\t<meta name=\"twitter:data1\" content=\"ROBERT ADAMCZYK\" \/>\n\t<meta name=\"twitter:label2\" content=\"Dur\u00e9e de lecture estim\u00e9e\" \/>\n\t<meta name=\"twitter:data2\" content=\"3 minutes\" \/>\n<script type=\"application\/ld+json\" class=\"yoast-schema-graph\">{\"@context\":\"https:\\\/\\\/schema.org\",\"@graph\":[{\"@type\":\"Article\",\"@id\":\"http:\\\/\\\/www.lichen.pl\\\/it\\\/36-piesza-pielgrzymka-ludzi-pracy\\\/#article\",\"isPartOf\":{\"@id\":\"http:\\\/\\\/www.lichen.pl\\\/it\\\/36-piesza-pielgrzymka-ludzi-pracy\\\/\"},\"author\":{\"name\":\"ROBERT ADAMCZYK\",\"@id\":\"https:\\\/\\\/www.lichen.pl\\\/fr\\\/#\\\/schema\\\/person\\\/c06cd926b95870cc59f18d6ee6e33da5\"},\"headline\":\"36. Piesza Pielgrzymka Ludzi Pracy\",\"datePublished\":\"2018-08-26T19:00:21+00:00\",\"dateModified\":\"2021-06-11T11:35:45+00:00\",\"mainEntityOfPage\":{\"@id\":\"http:\\\/\\\/www.lichen.pl\\\/it\\\/36-piesza-pielgrzymka-ludzi-pracy\\\/\"},\"wordCount\":522,\"commentCount\":0,\"image\":{\"@id\":\"http:\\\/\\\/www.lichen.pl\\\/it\\\/36-piesza-pielgrzymka-ludzi-pracy\\\/#primaryimage\"},\"thumbnailUrl\":\"https:\\\/\\\/www.lichen.pl\\\/wp-content\\\/uploads\\\/2021\\\/06\\\/55e43d8486e61_osize933x0q70hd1d2b3.jpg\",\"articleSection\":[\"Aktualno\u015bci\"],\"inLanguage\":\"fr-FR\",\"potentialAction\":[{\"@type\":\"CommentAction\",\"name\":\"Comment\",\"target\":[\"http:\\\/\\\/www.lichen.pl\\\/it\\\/36-piesza-pielgrzymka-ludzi-pracy\\\/#respond\"]}]},{\"@type\":\"WebPage\",\"@id\":\"http:\\\/\\\/www.lichen.pl\\\/it\\\/36-piesza-pielgrzymka-ludzi-pracy\\\/\",\"url\":\"http:\\\/\\\/www.lichen.pl\\\/it\\\/36-piesza-pielgrzymka-ludzi-pracy\\\/\",\"name\":\"36. Piesza Pielgrzymka Ludzi Pracy - SANKTUARIUM W LICHENIU\",\"isPartOf\":{\"@id\":\"https:\\\/\\\/www.lichen.pl\\\/fr\\\/#website\"},\"primaryImageOfPage\":{\"@id\":\"http:\\\/\\\/www.lichen.pl\\\/it\\\/36-piesza-pielgrzymka-ludzi-pracy\\\/#primaryimage\"},\"image\":{\"@id\":\"http:\\\/\\\/www.lichen.pl\\\/it\\\/36-piesza-pielgrzymka-ludzi-pracy\\\/#primaryimage\"},\"thumbnailUrl\":\"https:\\\/\\\/www.lichen.pl\\\/wp-content\\\/uploads\\\/2021\\\/06\\\/55e43d8486e61_osize933x0q70hd1d2b3.jpg\",\"datePublished\":\"2018-08-26T19:00:21+00:00\",\"dateModified\":\"2021-06-11T11:35:45+00:00\",\"author\":{\"@id\":\"https:\\\/\\\/www.lichen.pl\\\/fr\\\/#\\\/schema\\\/person\\\/c06cd926b95870cc59f18d6ee6e33da5\"},\"breadcrumb\":{\"@id\":\"http:\\\/\\\/www.lichen.pl\\\/it\\\/36-piesza-pielgrzymka-ludzi-pracy\\\/#breadcrumb\"},\"inLanguage\":\"fr-FR\",\"potentialAction\":[{\"@type\":\"ReadAction\",\"target\":[\"http:\\\/\\\/www.lichen.pl\\\/it\\\/36-piesza-pielgrzymka-ludzi-pracy\\\/\"]}]},{\"@type\":\"ImageObject\",\"inLanguage\":\"fr-FR\",\"@id\":\"http:\\\/\\\/www.lichen.pl\\\/it\\\/36-piesza-pielgrzymka-ludzi-pracy\\\/#primaryimage\",\"url\":\"https:\\\/\\\/www.lichen.pl\\\/wp-content\\\/uploads\\\/2021\\\/06\\\/55e43d8486e61_osize933x0q70hd1d2b3.jpg\",\"contentUrl\":\"https:\\\/\\\/www.lichen.pl\\\/wp-content\\\/uploads\\\/2021\\\/06\\\/55e43d8486e61_osize933x0q70hd1d2b3.jpg\",\"width\":933,\"height\":523},{\"@type\":\"BreadcrumbList\",\"@id\":\"http:\\\/\\\/www.lichen.pl\\\/it\\\/36-piesza-pielgrzymka-ludzi-pracy\\\/#breadcrumb\",\"itemListElement\":[{\"@type\":\"ListItem\",\"position\":1,\"name\":\"Strona g\u0142\u00f3wna\",\"item\":\"https:\\\/\\\/www.lichen.pl\\\/\"},{\"@type\":\"ListItem\",\"position\":2,\"name\":\"36. Piesza Pielgrzymka Ludzi Pracy\"}]},{\"@type\":\"WebSite\",\"@id\":\"https:\\\/\\\/www.lichen.pl\\\/fr\\\/#website\",\"url\":\"https:\\\/\\\/www.lichen.pl\\\/fr\\\/\",\"name\":\"SANKTUARIUM W LICHENIU\",\"description\":\"MATKI BO\u017bEJ LICHE\u0143SKIEJ BOLESNEJ KR\u00d3LOWEJ POLSKI\",\"potentialAction\":[{\"@type\":\"SearchAction\",\"target\":{\"@type\":\"EntryPoint\",\"urlTemplate\":\"https:\\\/\\\/www.lichen.pl\\\/fr\\\/?s={search_term_string}\"},\"query-input\":{\"@type\":\"PropertyValueSpecification\",\"valueRequired\":true,\"valueName\":\"search_term_string\"}}],\"inLanguage\":\"fr-FR\"},{\"@type\":\"Person\",\"@id\":\"https:\\\/\\\/www.lichen.pl\\\/fr\\\/#\\\/schema\\\/person\\\/c06cd926b95870cc59f18d6ee6e33da5\",\"name\":\"ROBERT ADAMCZYK\",\"image\":{\"@type\":\"ImageObject\",\"inLanguage\":\"fr-FR\",\"@id\":\"https:\\\/\\\/secure.gravatar.com\\\/avatar\\\/53c330430596e73552f4c356c2e47c209ff8f6352a5106011c9b6abcce5e00df?s=96&d=retro&r=g\",\"url\":\"https:\\\/\\\/secure.gravatar.com\\\/avatar\\\/53c330430596e73552f4c356c2e47c209ff8f6352a5106011c9b6abcce5e00df?s=96&d=retro&r=g\",\"contentUrl\":\"https:\\\/\\\/secure.gravatar.com\\\/avatar\\\/53c330430596e73552f4c356c2e47c209ff8f6352a5106011c9b6abcce5e00df?s=96&d=retro&r=g\",\"caption\":\"ROBERT ADAMCZYK\"},\"url\":\"https:\\\/\\\/www.lichen.pl\\\/fr\\\/author\\\/press\\\/\"}]}<\/script>\n<!-- \/ Yoast SEO plugin. -->","yoast_head_json":{"title":"36. Piesza Pielgrzymka Ludzi Pracy - SANKTUARIUM W LICHENIU","robots":{"index":"index","follow":"follow","max-snippet":"max-snippet:-1","max-image-preview":"max-image-preview:large","max-video-preview":"max-video-preview:-1"},"canonical":"http:\/\/www.lichen.pl\/fr\/36-piesza-pielgrzymka-ludzi-pracy\/","og_locale":"fr_FR","og_type":"article","og_title":"36. Piesza Pielgrzymka Ludzi Pracy - SANKTUARIUM W LICHENIU","og_description":"W uroczysto\u015b\u0107 Matki Bo\u017cej Cz\u0119stochowskiej do liche\u0144skiego sanktuarium dotar\u0142a 36. Piesza Pielgrzymka Ludzi Pracy z Konina P\u0105tnicy 36. Pielgrzymki Ludzi Pracy wyruszaj\u0105 z Konina Chcemy pami\u0119ta\u0107 o tych pi\u0119knych jubileuszach \u2013 stuleciu odzyskania przez Polsk\u0119 niepodleg\u0142o\u015bci, ale tak\u017ce setnej rocznicy wybuchu powstania wielkopolskiego i dlatego przynosimy dzi\u015b Maryi wielkie dzi\u0119kczynienie za ten dar, za cud [&hellip;]","og_url":"http:\/\/www.lichen.pl\/fr\/36-piesza-pielgrzymka-ludzi-pracy\/","og_site_name":"SANKTUARIUM W LICHENIU","article_published_time":"2018-08-26T19:00:21+00:00","article_modified_time":"2021-06-11T11:35:45+00:00","og_image":[{"width":933,"height":523,"url":"http:\/\/www.lichen.pl\/wp-content\/uploads\/2021\/06\/55e43d8486e61_osize933x0q70hd1d2b3.jpg","type":"image\/jpeg"}],"author":"ROBERT ADAMCZYK","twitter_card":"summary_large_image","twitter_misc":{"\u00c9crit par":"ROBERT ADAMCZYK","Dur\u00e9e de lecture estim\u00e9e":"3 minutes"},"schema":{"@context":"https:\/\/schema.org","@graph":[{"@type":"Article","@id":"http:\/\/www.lichen.pl\/it\/36-piesza-pielgrzymka-ludzi-pracy\/#article","isPartOf":{"@id":"http:\/\/www.lichen.pl\/it\/36-piesza-pielgrzymka-ludzi-pracy\/"},"author":{"name":"ROBERT ADAMCZYK","@id":"https:\/\/www.lichen.pl\/fr\/#\/schema\/person\/c06cd926b95870cc59f18d6ee6e33da5"},"headline":"36. Piesza Pielgrzymka Ludzi Pracy","datePublished":"2018-08-26T19:00:21+00:00","dateModified":"2021-06-11T11:35:45+00:00","mainEntityOfPage":{"@id":"http:\/\/www.lichen.pl\/it\/36-piesza-pielgrzymka-ludzi-pracy\/"},"wordCount":522,"commentCount":0,"image":{"@id":"http:\/\/www.lichen.pl\/it\/36-piesza-pielgrzymka-ludzi-pracy\/#primaryimage"},"thumbnailUrl":"https:\/\/www.lichen.pl\/wp-content\/uploads\/2021\/06\/55e43d8486e61_osize933x0q70hd1d2b3.jpg","articleSection":["Aktualno\u015bci"],"inLanguage":"fr-FR","potentialAction":[{"@type":"CommentAction","name":"Comment","target":["http:\/\/www.lichen.pl\/it\/36-piesza-pielgrzymka-ludzi-pracy\/#respond"]}]},{"@type":"WebPage","@id":"http:\/\/www.lichen.pl\/it\/36-piesza-pielgrzymka-ludzi-pracy\/","url":"http:\/\/www.lichen.pl\/it\/36-piesza-pielgrzymka-ludzi-pracy\/","name":"36. Piesza Pielgrzymka Ludzi Pracy - SANKTUARIUM W LICHENIU","isPartOf":{"@id":"https:\/\/www.lichen.pl\/fr\/#website"},"primaryImageOfPage":{"@id":"http:\/\/www.lichen.pl\/it\/36-piesza-pielgrzymka-ludzi-pracy\/#primaryimage"},"image":{"@id":"http:\/\/www.lichen.pl\/it\/36-piesza-pielgrzymka-ludzi-pracy\/#primaryimage"},"thumbnailUrl":"https:\/\/www.lichen.pl\/wp-content\/uploads\/2021\/06\/55e43d8486e61_osize933x0q70hd1d2b3.jpg","datePublished":"2018-08-26T19:00:21+00:00","dateModified":"2021-06-11T11:35:45+00:00","author":{"@id":"https:\/\/www.lichen.pl\/fr\/#\/schema\/person\/c06cd926b95870cc59f18d6ee6e33da5"},"breadcrumb":{"@id":"http:\/\/www.lichen.pl\/it\/36-piesza-pielgrzymka-ludzi-pracy\/#breadcrumb"},"inLanguage":"fr-FR","potentialAction":[{"@type":"ReadAction","target":["http:\/\/www.lichen.pl\/it\/36-piesza-pielgrzymka-ludzi-pracy\/"]}]},{"@type":"ImageObject","inLanguage":"fr-FR","@id":"http:\/\/www.lichen.pl\/it\/36-piesza-pielgrzymka-ludzi-pracy\/#primaryimage","url":"https:\/\/www.lichen.pl\/wp-content\/uploads\/2021\/06\/55e43d8486e61_osize933x0q70hd1d2b3.jpg","contentUrl":"https:\/\/www.lichen.pl\/wp-content\/uploads\/2021\/06\/55e43d8486e61_osize933x0q70hd1d2b3.jpg","width":933,"height":523},{"@type":"BreadcrumbList","@id":"http:\/\/www.lichen.pl\/it\/36-piesza-pielgrzymka-ludzi-pracy\/#breadcrumb","itemListElement":[{"@type":"ListItem","position":1,"name":"Strona g\u0142\u00f3wna","item":"https:\/\/www.lichen.pl\/"},{"@type":"ListItem","position":2,"name":"36. Piesza Pielgrzymka Ludzi Pracy"}]},{"@type":"WebSite","@id":"https:\/\/www.lichen.pl\/fr\/#website","url":"https:\/\/www.lichen.pl\/fr\/","name":"SANCTUAIRE EN LICHENIE","description":"LA MAUVAISE REINE DE POLOGNE DE NOTRE LICHEN","potentialAction":[{"@type":"SearchAction","target":{"@type":"EntryPoint","urlTemplate":"https:\/\/www.lichen.pl\/fr\/?s={search_term_string}"},"query-input":{"@type":"PropertyValueSpecification","valueRequired":true,"valueName":"search_term_string"}}],"inLanguage":"fr-FR"},{"@type":"Person","@id":"https:\/\/www.lichen.pl\/fr\/#\/schema\/person\/c06cd926b95870cc59f18d6ee6e33da5","name":"ROBERT ADAMCZYK","image":{"@type":"ImageObject","inLanguage":"fr-FR","@id":"https:\/\/secure.gravatar.com\/avatar\/53c330430596e73552f4c356c2e47c209ff8f6352a5106011c9b6abcce5e00df?s=96&d=retro&r=g","url":"https:\/\/secure.gravatar.com\/avatar\/53c330430596e73552f4c356c2e47c209ff8f6352a5106011c9b6abcce5e00df?s=96&d=retro&r=g","contentUrl":"https:\/\/secure.gravatar.com\/avatar\/53c330430596e73552f4c356c2e47c209ff8f6352a5106011c9b6abcce5e00df?s=96&d=retro&r=g","caption":"ROBERT ADAMCZYK"},"url":"https:\/\/www.lichen.pl\/fr\/author\/press\/"}]}},"_links":{"self":[{"href":"https:\/\/www.lichen.pl\/fr\/wp-json\/wp\/v2\/posts\/12581","targetHints":{"allow":["GET"]}}],"collection":[{"href":"https:\/\/www.lichen.pl\/fr\/wp-json\/wp\/v2\/posts"}],"about":[{"href":"https:\/\/www.lichen.pl\/fr\/wp-json\/wp\/v2\/types\/post"}],"author":[{"embeddable":true,"href":"https:\/\/www.lichen.pl\/fr\/wp-json\/wp\/v2\/users\/4"}],"replies":[{"embeddable":true,"href":"https:\/\/www.lichen.pl\/fr\/wp-json\/wp\/v2\/comments?post=12581"}],"version-history":[{"count":13,"href":"https:\/\/www.lichen.pl\/fr\/wp-json\/wp\/v2\/posts\/12581\/revisions"}],"predecessor-version":[{"id":12960,"href":"https:\/\/www.lichen.pl\/fr\/wp-json\/wp\/v2\/posts\/12581\/revisions\/12960"}],"wp:featuredmedia":[{"embeddable":true,"href":"https:\/\/www.lichen.pl\/fr\/wp-json\/wp\/v2\/media\/12586"}],"wp:attachment":[{"href":"https:\/\/www.lichen.pl\/fr\/wp-json\/wp\/v2\/media?parent=12581"}],"wp:term":[{"taxonomy":"category","embeddable":true,"href":"https:\/\/www.lichen.pl\/fr\/wp-json\/wp\/v2\/categories?post=12581"},{"taxonomy":"post_tag","embeddable":true,"href":"https:\/\/www.lichen.pl\/fr\/wp-json\/wp\/v2\/tags?post=12581"}],"curies":[{"name":"wp","href":"https:\/\/api.w.org\/{rel}","templated":true}]}}