{"id":13971,"date":"2018-10-18T15:22:02","date_gmt":"2018-10-18T15:22:02","guid":{"rendered":"http:\/\/www.lichen.pl\/?p=13971"},"modified":"2021-06-16T10:04:34","modified_gmt":"2021-06-16T10:04:34","slug":"24-pielgrzymka-uczniow-ze-szkoly-podstawowej-im-jana-pawla-ii-w-wysokiem","status":"publish","type":"post","link":"https:\/\/www.lichen.pl\/fr\/24-pielgrzymka-uczniow-ze-szkoly-podstawowej-im-jana-pawla-ii-w-wysokiem\/","title":{"rendered":"24. p\u00e8lerinage des \u00e9l\u00e8ves de l&#039;\u00e9cole primaire Jean-Paul II \u00e0 Wysokie"},"content":{"rendered":"<div data-elementor-type=\"wp-post\" data-elementor-id=\"13971\" class=\"elementor elementor-13971\" data-elementor-post-type=\"post\">\n\t\t\t\t\t\t<section class=\"elementor-section elementor-top-section elementor-element elementor-element-1e225a4 elementor-section-boxed elementor-section-height-default elementor-section-height-default\" data-id=\"1e225a4\" data-element_type=\"section\" data-e-type=\"section\">\n\t\t\t\t\t\t<div class=\"elementor-container elementor-column-gap-default\">\n\t\t\t\t\t<div class=\"elementor-column elementor-col-100 elementor-top-column elementor-element elementor-element-6ed8402\" data-id=\"6ed8402\" data-element_type=\"column\" data-e-type=\"column\">\n\t\t\t<div class=\"elementor-widget-wrap elementor-element-populated\">\n\t\t\t\t\t\t<div class=\"elementor-element elementor-element-2517cea elementor-widget elementor-widget-heading\" data-id=\"2517cea\" data-element_type=\"widget\" data-e-type=\"widget\" data-widget_type=\"heading.default\">\n\t\t\t\t<div class=\"elementor-widget-container\">\n\t\t\t\t\t<h2 class=\"elementor-heading-title elementor-size-default\">\u00c0 l&#039;occasion du 40e anniversaire de l&#039;\u00e9lection du Card. Pour la 24\u00e8me fois, un p\u00e8lerinage d&#039;\u00e9l\u00e8ves de l&#039;Ecole Primaire de Jean-Paul II du village de Wysokie dans la commune de Kramsk<\/h2>\t\t\t\t<\/div>\n\t\t\t\t<\/div>\n\t\t\t\t\t<\/div>\n\t\t<\/div>\n\t\t\t\t\t<\/div>\n\t\t<\/section>\n\t\t\t\t<section class=\"elementor-section elementor-top-section elementor-element elementor-element-9ebfa1a elementor-section-boxed elementor-section-height-default elementor-section-height-default\" data-id=\"9ebfa1a\" data-element_type=\"section\" data-e-type=\"section\">\n\t\t\t\t\t\t<div class=\"elementor-container elementor-column-gap-default\">\n\t\t\t\t\t<div class=\"elementor-column elementor-col-100 elementor-top-column elementor-element elementor-element-b8501c0\" data-id=\"b8501c0\" data-element_type=\"column\" data-e-type=\"column\">\n\t\t\t<div class=\"elementor-widget-wrap elementor-element-populated\">\n\t\t\t\t\t\t<div class=\"elementor-element elementor-element-1d9d347 elementor-blockquote--skin-quotation elementor-blockquote--align-center elementor-widget elementor-widget-blockquote\" data-id=\"1d9d347\" data-element_type=\"widget\" data-e-type=\"widget\" data-widget_type=\"blockquote.default\">\n\t\t\t\t<div class=\"elementor-widget-container\">\n\t\t\t\t\t\t\t<blockquote class=\"elementor-blockquote\">\n\t\t\t<p class=\"elementor-blockquote__content\">\n\t\t\t\tDe cette fa\u00e7on, nous souhaitons honorer notre patron, St. Jean-Paul II. C&#039;est pourquoi, depuis 24 ans, nous faisons un p\u00e8lerinage \u00e0 Liche\u0144, o\u00f9 le pape polonais \u00e9tait et a pri\u00e9 en 1999.\t\t\t<\/p>\n\t\t\t\t\t\t\t<div class=\"e-q-footer\">\n\t\t\t\t\t\t\t\t\t\t\t<cite class=\"elementor-blockquote__author\">El\u017cbieta Bryl, directrice de l&#039;\u00e9cole primaire Jean-Paul II \u00e0 Wysokie<\/cite>\n\t\t\t\t\t\t\t\t\t\t\t\t\t\t<\/div>\n\t\t\t\t\t<\/blockquote>\n\t\t\t\t\t\t<\/div>\n\t\t\t\t<\/div>\n\t\t\t\t\t<\/div>\n\t\t<\/div>\n\t\t\t\t\t<\/div>\n\t\t<\/section>\n\t\t\t\t<section class=\"elementor-section elementor-top-section elementor-element elementor-element-b1b06fb elementor-section-boxed elementor-section-height-default elementor-section-height-default\" data-id=\"b1b06fb\" data-element_type=\"section\" data-e-type=\"section\">\n\t\t\t\t\t\t<div class=\"elementor-container elementor-column-gap-default\">\n\t\t\t\t\t<div class=\"elementor-column elementor-col-100 elementor-top-column elementor-element elementor-element-a3a0a5b\" data-id=\"a3a0a5b\" data-element_type=\"column\" data-e-type=\"column\">\n\t\t\t<div class=\"elementor-widget-wrap elementor-element-populated\">\n\t\t\t\t\t\t<section class=\"elementor-section elementor-inner-section elementor-element elementor-element-f2392fc elementor-section-boxed elementor-section-height-default elementor-section-height-default\" data-id=\"f2392fc\" data-element_type=\"section\" data-e-type=\"section\">\n\t\t\t\t\t\t<div class=\"elementor-container elementor-column-gap-default\">\n\t\t\t\t\t<div class=\"elementor-column elementor-col-50 elementor-inner-column elementor-element elementor-element-938a378\" data-id=\"938a378\" data-element_type=\"column\" data-e-type=\"column\">\n\t\t\t<div class=\"elementor-widget-wrap elementor-element-populated\">\n\t\t\t\t\t\t<div class=\"elementor-element elementor-element-79aab4f elementor-widget elementor-widget-image\" data-id=\"79aab4f\" data-element_type=\"widget\" data-e-type=\"widget\" data-widget_type=\"image.default\">\n\t\t\t\t<div class=\"elementor-widget-container\">\n\t\t\t\t\t\t\t\t\t\t\t\t<figure class=\"wp-caption\">\n\t\t\t\t\t\t\t\t\t\t<img fetchpriority=\"high\" decoding=\"async\" width=\"768\" height=\"512\" src=\"https:\/\/www.lichen.pl\/wp-content\/uploads\/2021\/06\/IMG_2398-768x512.jpg\" class=\"attachment-medium_large size-medium_large wp-image-13974\" alt=\"\" srcset=\"https:\/\/www.lichen.pl\/wp-content\/uploads\/2021\/06\/IMG_2398-768x512.jpg 768w, https:\/\/www.lichen.pl\/wp-content\/uploads\/2021\/06\/IMG_2398-800x533.jpg 800w, https:\/\/www.lichen.pl\/wp-content\/uploads\/2021\/06\/IMG_2398-300x200.jpg 300w, https:\/\/www.lichen.pl\/wp-content\/uploads\/2021\/06\/IMG_2398-1024x683.jpg 1024w, https:\/\/www.lichen.pl\/wp-content\/uploads\/2021\/06\/IMG_2398.jpg 1152w\" sizes=\"(max-width: 768px) 100vw, 768px\" \/>\t\t\t\t\t\t\t\t\t\t\t<figcaption class=\"widget-image-caption wp-caption-text\">Pr. Adam Stankiewicz, MIC accueille les \u00e9tudiants \u00e0 Liche\u0144<\/figcaption>\n\t\t\t\t\t\t\t\t\t\t<\/figure>\n\t\t\t\t\t\t\t\t\t<\/div>\n\t\t\t\t<\/div>\n\t\t\t\t\t<\/div>\n\t\t<\/div>\n\t\t\t\t<div class=\"elementor-column elementor-col-50 elementor-inner-column elementor-element elementor-element-948e79e\" data-id=\"948e79e\" data-element_type=\"column\" data-e-type=\"column\">\n\t\t\t<div class=\"elementor-widget-wrap elementor-element-populated\">\n\t\t\t\t\t\t<div class=\"elementor-element elementor-element-a467dd2 elementor-widget elementor-widget-text-editor\" data-id=\"a467dd2\" data-element_type=\"widget\" data-e-type=\"widget\" data-widget_type=\"text-editor.default\">\n\t\t\t\t<div class=\"elementor-widget-container\">\n\t\t\t\t\t\t\t\t\t<p>Comme le directeur a ajout\u00e9 Bryl, le p\u00e8lerinage de cette ann\u00e9e avait un caract\u00e8re unique, car il tombait le jour du 40e anniversaire de l&#039;\u00e9lection du card. Karol Wojtyla comme pape. De plus, les \u00e9l\u00e8ves de la 3e ann\u00e9e du coll\u00e8ge ont particip\u00e9 au p\u00e8lerinage pour la derni\u00e8re fois.<\/p><p>\u00c9l\u00e8ves, professeurs et parents ont \u00e9t\u00e9 accueillis par le P. Adam Stankiewicz, MIC, gardien adjoint du sanctuaire Notre-Dame de Liche\u0144, vous encourageant \u00e0 utiliser le temps du sanctuaire pour la pri\u00e8re et le changement d&#039;avis, pour plaire \u00e0 Dieu, \u00e0 l&#039;instar du patron de l&#039;\u00e9cole, St. Jean-Paul II.<\/p><p>Les \u00e9l\u00e8ves des classes I \u00e0 IV du primaire sont venus \u00e0 Liche\u0144 en autocars. \u00c0 leur tour, les \u00e9l\u00e8ves des classes de la 5e primaire \u00e0 la 3e ann\u00e9e du secondaire inf\u00e9rieur ont fait des p\u00e8lerinages \u00e0 Liche\u0144 \u00e0 pied, parcourant la distance de 15 km entre Wysokie et Liche\u0144.<\/p>\t\t\t\t\t\t\t\t<\/div>\n\t\t\t\t<\/div>\n\t\t\t\t\t<\/div>\n\t\t<\/div>\n\t\t\t\t\t<\/div>\n\t\t<\/section>\n\t\t\t\t<div class=\"elementor-element elementor-element-5bf81f1 elementor-widget elementor-widget-text-editor\" data-id=\"5bf81f1\" data-element_type=\"widget\" data-e-type=\"widget\" data-widget_type=\"text-editor.default\">\n\t\t\t\t<div class=\"elementor-widget-container\">\n\t\t\t\t\t\t\t\t\t<p>La messe conc\u00e9l\u00e9br\u00e9e dans la chapelle de la Sainte Trinit\u00e9 a \u00e9t\u00e9 pr\u00e9sid\u00e9e par le P. Przemys\u0142aw Strzelczak, vicaire de la paroisse de st. Stanis\u0142awa BM, cat\u00e9chiste de l&#039;\u00e9cole. Dans l&#039;hom\u00e9lie, le pr\u00eatre s&#039;est r\u00e9f\u00e9r\u00e9 \u00e0 la personne de St. Jean-Paul II, un grand Polonais. Se r\u00e9f\u00e9rant \u00e0 l&#039;Evangile lu, le pr\u00eatre a soulign\u00e9 que nous ne devrions pas \u00eatre hypocrites dans la vie comme les pharisiens. Il a \u00e9galement soulign\u00e9 le commandement de l&#039;amour de Dieu et du prochain comme le commandement le plus important que nous devrions suivre dans nos vies. Le pr\u00eatre nous a encourag\u00e9s \u00e0 les mettre en pratique, afin que nous soyons lib\u00e9r\u00e9s du fardeau du p\u00e9ch\u00e9. - \u00ab Et m\u00eame quand nous nous perdons dans la vie, J\u00e9sus nous tend la main et veut nous relever. Il nous donne toujours une nouvelle chance \u00bb, a d\u00e9clar\u00e9 le pr\u00eatre. Il a encourag\u00e9 l&#039;imitation de St. Jean-Paul II, dans son amour pour les personnes et l&#039;exemple chr\u00e9tien, que nous montrions aux perdus le chemin vers le Christ.<\/p><p>Au cours de la Sainte Messe, les \u00e9l\u00e8ves de la 1\u00e8re ann\u00e9e du primaire ont pr\u00eat\u00e9 serment solennel sur la banni\u00e8re de l&#039;\u00e9cole en pr\u00e9sence des enseignants, des parents et des amis plus \u00e2g\u00e9s.<\/p><p>Le point culminant du p\u00e8lerinage \u00e9tait une photographie commune prise devant l&#039;entr\u00e9e principale de l&#039;\u00e9glise Saint-Pierre. Bienheureuse Vierge Marie de Liche\u0144.<\/p>\t\t\t\t\t\t\t\t<\/div>\n\t\t\t\t<\/div>\n\t\t\t\t<div class=\"elementor-element elementor-element-34de739 elementor-widget elementor-widget-image\" data-id=\"34de739\" data-element_type=\"widget\" data-e-type=\"widget\" data-widget_type=\"image.default\">\n\t\t\t\t<div class=\"elementor-widget-container\">\n\t\t\t\t\t\t\t\t\t\t\t\t<figure class=\"wp-caption\">\n\t\t\t\t\t\t\t\t\t\t<img decoding=\"async\" width=\"768\" height=\"512\" src=\"https:\/\/www.lichen.pl\/wp-content\/uploads\/2021\/06\/IMG_2518-768x512.jpg\" class=\"attachment-medium_large size-medium_large wp-image-13966\" alt=\"\" srcset=\"https:\/\/www.lichen.pl\/wp-content\/uploads\/2021\/06\/IMG_2518-768x512.jpg 768w, https:\/\/www.lichen.pl\/wp-content\/uploads\/2021\/06\/IMG_2518-800x533.jpg 800w, https:\/\/www.lichen.pl\/wp-content\/uploads\/2021\/06\/IMG_2518-300x200.jpg 300w, https:\/\/www.lichen.pl\/wp-content\/uploads\/2021\/06\/IMG_2518-1024x683.jpg 1024w, https:\/\/www.lichen.pl\/wp-content\/uploads\/2021\/06\/IMG_2518.jpg 1152w\" sizes=\"(max-width: 768px) 100vw, 768px\" \/>\t\t\t\t\t\t\t\t\t\t\t<figcaption class=\"widget-image-caption wp-caption-text\">\u00c9l\u00e8ves, professeurs et parents devant la basilique<\/figcaption>\n\t\t\t\t\t\t\t\t\t\t<\/figure>\n\t\t\t\t\t\t\t\t\t<\/div>\n\t\t\t\t<\/div>\n\t\t\t\t<div class=\"elementor-element elementor-element-f973872 elementor-widget-divider--view-line elementor-widget elementor-widget-divider\" data-id=\"f973872\" data-element_type=\"widget\" data-e-type=\"widget\" data-widget_type=\"divider.default\">\n\t\t\t\t<div class=\"elementor-widget-container\">\n\t\t\t\t\t\t\t<div class=\"elementor-divider\">\n\t\t\t<span class=\"elementor-divider-separator\">\n\t\t\t\t\t\t<\/span>\n\t\t<\/div>\n\t\t\t\t\t\t<\/div>\n\t\t\t\t<\/div>\n\t\t\t\t\t<\/div>\n\t\t<\/div>\n\t\t\t\t\t<\/div>\n\t\t<\/section>\n\t\t\t\t<\/div>","protected":false},"excerpt":{"rendered":"<p>W 40. rocznic\u0119 wyboru kard. Karola Wojty\u0142y na Stolic\u0119 Piotrow\u0105 do liche\u0144skiego sanktuarium po raz 24. przyby\u0142a pielgrzymka uczni\u00f3w ze Szko\u0142y Podstawowej im. Jana Paw\u0142a II z miejscowo\u015bci Wysokie w gminie Kramsk W ten spos\u00f3b pragniemy odda\u0107 cze\u015b\u0107 naszemu patronowi, \u015bw. Janowi Paw\u0142owi II. Dlatego od 24 lat pielgrzymujemy do Lichenia, w kt\u00f3rym papie\u017c-Polak by\u0142 [&hellip;]<\/p>\n","protected":false},"author":4,"featured_media":13966,"comment_status":"open","ping_status":"open","sticky":false,"template":"","format":"standard","meta":{"footnotes":""},"categories":[1],"tags":[],"class_list":["post-13971","post","type-post","status-publish","format-standard","has-post-thumbnail","hentry","category-aktualnosci","wpbf-post"],"yoast_head":"<!-- This site is optimized with the Yoast SEO plugin v27.4 - https:\/\/yoast.com\/product\/yoast-seo-wordpress\/ -->\n<title>24. pielgrzymka uczni\u00f3w ze szko\u0142y podstawowej im. Jana Paw\u0142a II w Wysokiem - SANKTUARIUM W LICHENIU<\/title>\n<meta name=\"robots\" content=\"index, follow, max-snippet:-1, max-image-preview:large, max-video-preview:-1\" \/>\n<link rel=\"canonical\" href=\"http:\/\/www.lichen.pl\/fr\/24-pielgrzymka-uczniow-ze-szkoly-podstawowej-im-jana-pawla-ii-w-wysokiem\/\" \/>\n<meta property=\"og:locale\" content=\"fr_FR\" \/>\n<meta property=\"og:type\" content=\"article\" \/>\n<meta property=\"og:title\" content=\"24. pielgrzymka uczni\u00f3w ze szko\u0142y podstawowej im. Jana Paw\u0142a II w Wysokiem - SANKTUARIUM W LICHENIU\" \/>\n<meta property=\"og:description\" content=\"W 40. rocznic\u0119 wyboru kard. Karola Wojty\u0142y na Stolic\u0119 Piotrow\u0105 do liche\u0144skiego sanktuarium po raz 24. przyby\u0142a pielgrzymka uczni\u00f3w ze Szko\u0142y Podstawowej im. Jana Paw\u0142a II z miejscowo\u015bci Wysokie w gminie Kramsk W ten spos\u00f3b pragniemy odda\u0107 cze\u015b\u0107 naszemu patronowi, \u015bw. Janowi Paw\u0142owi II. Dlatego od 24 lat pielgrzymujemy do Lichenia, w kt\u00f3rym papie\u017c-Polak by\u0142 [&hellip;]\" \/>\n<meta property=\"og:url\" content=\"http:\/\/www.lichen.pl\/fr\/24-pielgrzymka-uczniow-ze-szkoly-podstawowej-im-jana-pawla-ii-w-wysokiem\/\" \/>\n<meta property=\"og:site_name\" content=\"SANKTUARIUM W LICHENIU\" \/>\n<meta property=\"article:published_time\" content=\"2018-10-18T15:22:02+00:00\" \/>\n<meta property=\"article:modified_time\" content=\"2021-06-16T10:04:34+00:00\" \/>\n<meta property=\"og:image\" content=\"http:\/\/www.lichen.pl\/wp-content\/uploads\/2021\/06\/IMG_2518.jpg\" \/>\n\t<meta property=\"og:image:width\" content=\"1152\" \/>\n\t<meta property=\"og:image:height\" content=\"768\" \/>\n\t<meta property=\"og:image:type\" content=\"image\/jpeg\" \/>\n<meta name=\"author\" content=\"ROBERT ADAMCZYK\" \/>\n<meta name=\"twitter:card\" content=\"summary_large_image\" \/>\n<meta name=\"twitter:label1\" content=\"\u00c9crit par\" \/>\n\t<meta name=\"twitter:data1\" content=\"ROBERT ADAMCZYK\" \/>\n\t<meta name=\"twitter:label2\" content=\"Dur\u00e9e de lecture estim\u00e9e\" \/>\n\t<meta name=\"twitter:data2\" content=\"2 minutes\" \/>\n<script type=\"application\/ld+json\" class=\"yoast-schema-graph\">{\"@context\":\"https:\\\/\\\/schema.org\",\"@graph\":[{\"@type\":\"Article\",\"@id\":\"http:\\\/\\\/www.lichen.pl\\\/it\\\/24-pielgrzymka-uczniow-ze-szkoly-podstawowej-im-jana-pawla-ii-w-wysokiem\\\/#article\",\"isPartOf\":{\"@id\":\"http:\\\/\\\/www.lichen.pl\\\/it\\\/24-pielgrzymka-uczniow-ze-szkoly-podstawowej-im-jana-pawla-ii-w-wysokiem\\\/\"},\"author\":{\"name\":\"ROBERT ADAMCZYK\",\"@id\":\"https:\\\/\\\/www.lichen.pl\\\/fr\\\/#\\\/schema\\\/person\\\/c06cd926b95870cc59f18d6ee6e33da5\"},\"headline\":\"24. pielgrzymka uczni\u00f3w ze szko\u0142y podstawowej im. Jana Paw\u0142a II w Wysokiem\",\"datePublished\":\"2018-10-18T15:22:02+00:00\",\"dateModified\":\"2021-06-16T10:04:34+00:00\",\"mainEntityOfPage\":{\"@id\":\"http:\\\/\\\/www.lichen.pl\\\/it\\\/24-pielgrzymka-uczniow-ze-szkoly-podstawowej-im-jana-pawla-ii-w-wysokiem\\\/\"},\"wordCount\":450,\"commentCount\":0,\"image\":{\"@id\":\"http:\\\/\\\/www.lichen.pl\\\/it\\\/24-pielgrzymka-uczniow-ze-szkoly-podstawowej-im-jana-pawla-ii-w-wysokiem\\\/#primaryimage\"},\"thumbnailUrl\":\"https:\\\/\\\/www.lichen.pl\\\/wp-content\\\/uploads\\\/2021\\\/06\\\/IMG_2518.jpg\",\"articleSection\":[\"Aktualno\u015bci\"],\"inLanguage\":\"fr-FR\",\"potentialAction\":[{\"@type\":\"CommentAction\",\"name\":\"Comment\",\"target\":[\"http:\\\/\\\/www.lichen.pl\\\/it\\\/24-pielgrzymka-uczniow-ze-szkoly-podstawowej-im-jana-pawla-ii-w-wysokiem\\\/#respond\"]}]},{\"@type\":\"WebPage\",\"@id\":\"http:\\\/\\\/www.lichen.pl\\\/it\\\/24-pielgrzymka-uczniow-ze-szkoly-podstawowej-im-jana-pawla-ii-w-wysokiem\\\/\",\"url\":\"http:\\\/\\\/www.lichen.pl\\\/it\\\/24-pielgrzymka-uczniow-ze-szkoly-podstawowej-im-jana-pawla-ii-w-wysokiem\\\/\",\"name\":\"24. pielgrzymka uczni\u00f3w ze szko\u0142y podstawowej im. Jana Paw\u0142a II w Wysokiem - SANKTUARIUM W LICHENIU\",\"isPartOf\":{\"@id\":\"https:\\\/\\\/www.lichen.pl\\\/fr\\\/#website\"},\"primaryImageOfPage\":{\"@id\":\"http:\\\/\\\/www.lichen.pl\\\/it\\\/24-pielgrzymka-uczniow-ze-szkoly-podstawowej-im-jana-pawla-ii-w-wysokiem\\\/#primaryimage\"},\"image\":{\"@id\":\"http:\\\/\\\/www.lichen.pl\\\/it\\\/24-pielgrzymka-uczniow-ze-szkoly-podstawowej-im-jana-pawla-ii-w-wysokiem\\\/#primaryimage\"},\"thumbnailUrl\":\"https:\\\/\\\/www.lichen.pl\\\/wp-content\\\/uploads\\\/2021\\\/06\\\/IMG_2518.jpg\",\"datePublished\":\"2018-10-18T15:22:02+00:00\",\"dateModified\":\"2021-06-16T10:04:34+00:00\",\"author\":{\"@id\":\"https:\\\/\\\/www.lichen.pl\\\/fr\\\/#\\\/schema\\\/person\\\/c06cd926b95870cc59f18d6ee6e33da5\"},\"breadcrumb\":{\"@id\":\"http:\\\/\\\/www.lichen.pl\\\/it\\\/24-pielgrzymka-uczniow-ze-szkoly-podstawowej-im-jana-pawla-ii-w-wysokiem\\\/#breadcrumb\"},\"inLanguage\":\"fr-FR\",\"potentialAction\":[{\"@type\":\"ReadAction\",\"target\":[\"http:\\\/\\\/www.lichen.pl\\\/it\\\/24-pielgrzymka-uczniow-ze-szkoly-podstawowej-im-jana-pawla-ii-w-wysokiem\\\/\"]}]},{\"@type\":\"ImageObject\",\"inLanguage\":\"fr-FR\",\"@id\":\"http:\\\/\\\/www.lichen.pl\\\/it\\\/24-pielgrzymka-uczniow-ze-szkoly-podstawowej-im-jana-pawla-ii-w-wysokiem\\\/#primaryimage\",\"url\":\"https:\\\/\\\/www.lichen.pl\\\/wp-content\\\/uploads\\\/2021\\\/06\\\/IMG_2518.jpg\",\"contentUrl\":\"https:\\\/\\\/www.lichen.pl\\\/wp-content\\\/uploads\\\/2021\\\/06\\\/IMG_2518.jpg\",\"width\":1152,\"height\":768},{\"@type\":\"BreadcrumbList\",\"@id\":\"http:\\\/\\\/www.lichen.pl\\\/it\\\/24-pielgrzymka-uczniow-ze-szkoly-podstawowej-im-jana-pawla-ii-w-wysokiem\\\/#breadcrumb\",\"itemListElement\":[{\"@type\":\"ListItem\",\"position\":1,\"name\":\"Strona g\u0142\u00f3wna\",\"item\":\"https:\\\/\\\/www.lichen.pl\\\/\"},{\"@type\":\"ListItem\",\"position\":2,\"name\":\"24. pielgrzymka uczni\u00f3w ze szko\u0142y podstawowej im. Jana Paw\u0142a II w Wysokiem\"}]},{\"@type\":\"WebSite\",\"@id\":\"https:\\\/\\\/www.lichen.pl\\\/fr\\\/#website\",\"url\":\"https:\\\/\\\/www.lichen.pl\\\/fr\\\/\",\"name\":\"SANKTUARIUM W LICHENIU\",\"description\":\"MATKI BO\u017bEJ LICHE\u0143SKIEJ BOLESNEJ KR\u00d3LOWEJ POLSKI\",\"potentialAction\":[{\"@type\":\"SearchAction\",\"target\":{\"@type\":\"EntryPoint\",\"urlTemplate\":\"https:\\\/\\\/www.lichen.pl\\\/fr\\\/?s={search_term_string}\"},\"query-input\":{\"@type\":\"PropertyValueSpecification\",\"valueRequired\":true,\"valueName\":\"search_term_string\"}}],\"inLanguage\":\"fr-FR\"},{\"@type\":\"Person\",\"@id\":\"https:\\\/\\\/www.lichen.pl\\\/fr\\\/#\\\/schema\\\/person\\\/c06cd926b95870cc59f18d6ee6e33da5\",\"name\":\"ROBERT ADAMCZYK\",\"image\":{\"@type\":\"ImageObject\",\"inLanguage\":\"fr-FR\",\"@id\":\"https:\\\/\\\/secure.gravatar.com\\\/avatar\\\/53c330430596e73552f4c356c2e47c209ff8f6352a5106011c9b6abcce5e00df?s=96&d=retro&r=g\",\"url\":\"https:\\\/\\\/secure.gravatar.com\\\/avatar\\\/53c330430596e73552f4c356c2e47c209ff8f6352a5106011c9b6abcce5e00df?s=96&d=retro&r=g\",\"contentUrl\":\"https:\\\/\\\/secure.gravatar.com\\\/avatar\\\/53c330430596e73552f4c356c2e47c209ff8f6352a5106011c9b6abcce5e00df?s=96&d=retro&r=g\",\"caption\":\"ROBERT ADAMCZYK\"},\"url\":\"https:\\\/\\\/www.lichen.pl\\\/fr\\\/author\\\/press\\\/\"}]}<\/script>\n<!-- \/ Yoast SEO plugin. -->","yoast_head_json":{"title":"24. pielgrzymka uczni\u00f3w ze szko\u0142y podstawowej im. Jana Paw\u0142a II w Wysokiem - SANKTUARIUM W LICHENIU","robots":{"index":"index","follow":"follow","max-snippet":"max-snippet:-1","max-image-preview":"max-image-preview:large","max-video-preview":"max-video-preview:-1"},"canonical":"http:\/\/www.lichen.pl\/fr\/24-pielgrzymka-uczniow-ze-szkoly-podstawowej-im-jana-pawla-ii-w-wysokiem\/","og_locale":"fr_FR","og_type":"article","og_title":"24. pielgrzymka uczni\u00f3w ze szko\u0142y podstawowej im. Jana Paw\u0142a II w Wysokiem - SANKTUARIUM W LICHENIU","og_description":"W 40. rocznic\u0119 wyboru kard. Karola Wojty\u0142y na Stolic\u0119 Piotrow\u0105 do liche\u0144skiego sanktuarium po raz 24. przyby\u0142a pielgrzymka uczni\u00f3w ze Szko\u0142y Podstawowej im. Jana Paw\u0142a II z miejscowo\u015bci Wysokie w gminie Kramsk W ten spos\u00f3b pragniemy odda\u0107 cze\u015b\u0107 naszemu patronowi, \u015bw. Janowi Paw\u0142owi II. Dlatego od 24 lat pielgrzymujemy do Lichenia, w kt\u00f3rym papie\u017c-Polak by\u0142 [&hellip;]","og_url":"http:\/\/www.lichen.pl\/fr\/24-pielgrzymka-uczniow-ze-szkoly-podstawowej-im-jana-pawla-ii-w-wysokiem\/","og_site_name":"SANKTUARIUM W LICHENIU","article_published_time":"2018-10-18T15:22:02+00:00","article_modified_time":"2021-06-16T10:04:34+00:00","og_image":[{"width":1152,"height":768,"url":"http:\/\/www.lichen.pl\/wp-content\/uploads\/2021\/06\/IMG_2518.jpg","type":"image\/jpeg"}],"author":"ROBERT ADAMCZYK","twitter_card":"summary_large_image","twitter_misc":{"\u00c9crit par":"ROBERT ADAMCZYK","Dur\u00e9e de lecture estim\u00e9e":"2 minutes"},"schema":{"@context":"https:\/\/schema.org","@graph":[{"@type":"Article","@id":"http:\/\/www.lichen.pl\/it\/24-pielgrzymka-uczniow-ze-szkoly-podstawowej-im-jana-pawla-ii-w-wysokiem\/#article","isPartOf":{"@id":"http:\/\/www.lichen.pl\/it\/24-pielgrzymka-uczniow-ze-szkoly-podstawowej-im-jana-pawla-ii-w-wysokiem\/"},"author":{"name":"ROBERT ADAMCZYK","@id":"https:\/\/www.lichen.pl\/fr\/#\/schema\/person\/c06cd926b95870cc59f18d6ee6e33da5"},"headline":"24. pielgrzymka uczni\u00f3w ze szko\u0142y podstawowej im. Jana Paw\u0142a II w Wysokiem","datePublished":"2018-10-18T15:22:02+00:00","dateModified":"2021-06-16T10:04:34+00:00","mainEntityOfPage":{"@id":"http:\/\/www.lichen.pl\/it\/24-pielgrzymka-uczniow-ze-szkoly-podstawowej-im-jana-pawla-ii-w-wysokiem\/"},"wordCount":450,"commentCount":0,"image":{"@id":"http:\/\/www.lichen.pl\/it\/24-pielgrzymka-uczniow-ze-szkoly-podstawowej-im-jana-pawla-ii-w-wysokiem\/#primaryimage"},"thumbnailUrl":"https:\/\/www.lichen.pl\/wp-content\/uploads\/2021\/06\/IMG_2518.jpg","articleSection":["Aktualno\u015bci"],"inLanguage":"fr-FR","potentialAction":[{"@type":"CommentAction","name":"Comment","target":["http:\/\/www.lichen.pl\/it\/24-pielgrzymka-uczniow-ze-szkoly-podstawowej-im-jana-pawla-ii-w-wysokiem\/#respond"]}]},{"@type":"WebPage","@id":"http:\/\/www.lichen.pl\/it\/24-pielgrzymka-uczniow-ze-szkoly-podstawowej-im-jana-pawla-ii-w-wysokiem\/","url":"http:\/\/www.lichen.pl\/it\/24-pielgrzymka-uczniow-ze-szkoly-podstawowej-im-jana-pawla-ii-w-wysokiem\/","name":"24. pielgrzymka uczni\u00f3w ze szko\u0142y podstawowej im. Jana Paw\u0142a II w Wysokiem - SANKTUARIUM W LICHENIU","isPartOf":{"@id":"https:\/\/www.lichen.pl\/fr\/#website"},"primaryImageOfPage":{"@id":"http:\/\/www.lichen.pl\/it\/24-pielgrzymka-uczniow-ze-szkoly-podstawowej-im-jana-pawla-ii-w-wysokiem\/#primaryimage"},"image":{"@id":"http:\/\/www.lichen.pl\/it\/24-pielgrzymka-uczniow-ze-szkoly-podstawowej-im-jana-pawla-ii-w-wysokiem\/#primaryimage"},"thumbnailUrl":"https:\/\/www.lichen.pl\/wp-content\/uploads\/2021\/06\/IMG_2518.jpg","datePublished":"2018-10-18T15:22:02+00:00","dateModified":"2021-06-16T10:04:34+00:00","author":{"@id":"https:\/\/www.lichen.pl\/fr\/#\/schema\/person\/c06cd926b95870cc59f18d6ee6e33da5"},"breadcrumb":{"@id":"http:\/\/www.lichen.pl\/it\/24-pielgrzymka-uczniow-ze-szkoly-podstawowej-im-jana-pawla-ii-w-wysokiem\/#breadcrumb"},"inLanguage":"fr-FR","potentialAction":[{"@type":"ReadAction","target":["http:\/\/www.lichen.pl\/it\/24-pielgrzymka-uczniow-ze-szkoly-podstawowej-im-jana-pawla-ii-w-wysokiem\/"]}]},{"@type":"ImageObject","inLanguage":"fr-FR","@id":"http:\/\/www.lichen.pl\/it\/24-pielgrzymka-uczniow-ze-szkoly-podstawowej-im-jana-pawla-ii-w-wysokiem\/#primaryimage","url":"https:\/\/www.lichen.pl\/wp-content\/uploads\/2021\/06\/IMG_2518.jpg","contentUrl":"https:\/\/www.lichen.pl\/wp-content\/uploads\/2021\/06\/IMG_2518.jpg","width":1152,"height":768},{"@type":"BreadcrumbList","@id":"http:\/\/www.lichen.pl\/it\/24-pielgrzymka-uczniow-ze-szkoly-podstawowej-im-jana-pawla-ii-w-wysokiem\/#breadcrumb","itemListElement":[{"@type":"ListItem","position":1,"name":"Strona g\u0142\u00f3wna","item":"https:\/\/www.lichen.pl\/"},{"@type":"ListItem","position":2,"name":"24. pielgrzymka uczni\u00f3w ze szko\u0142y podstawowej im. Jana Paw\u0142a II w Wysokiem"}]},{"@type":"WebSite","@id":"https:\/\/www.lichen.pl\/fr\/#website","url":"https:\/\/www.lichen.pl\/fr\/","name":"SANCTUAIRE EN LICHENIE","description":"LA MAUVAISE REINE DE POLOGNE DE NOTRE LICHEN","potentialAction":[{"@type":"SearchAction","target":{"@type":"EntryPoint","urlTemplate":"https:\/\/www.lichen.pl\/fr\/?s={search_term_string}"},"query-input":{"@type":"PropertyValueSpecification","valueRequired":true,"valueName":"search_term_string"}}],"inLanguage":"fr-FR"},{"@type":"Person","@id":"https:\/\/www.lichen.pl\/fr\/#\/schema\/person\/c06cd926b95870cc59f18d6ee6e33da5","name":"ROBERT ADAMCZYK","image":{"@type":"ImageObject","inLanguage":"fr-FR","@id":"https:\/\/secure.gravatar.com\/avatar\/53c330430596e73552f4c356c2e47c209ff8f6352a5106011c9b6abcce5e00df?s=96&d=retro&r=g","url":"https:\/\/secure.gravatar.com\/avatar\/53c330430596e73552f4c356c2e47c209ff8f6352a5106011c9b6abcce5e00df?s=96&d=retro&r=g","contentUrl":"https:\/\/secure.gravatar.com\/avatar\/53c330430596e73552f4c356c2e47c209ff8f6352a5106011c9b6abcce5e00df?s=96&d=retro&r=g","caption":"ROBERT ADAMCZYK"},"url":"https:\/\/www.lichen.pl\/fr\/author\/press\/"}]}},"_links":{"self":[{"href":"https:\/\/www.lichen.pl\/fr\/wp-json\/wp\/v2\/posts\/13971","targetHints":{"allow":["GET"]}}],"collection":[{"href":"https:\/\/www.lichen.pl\/fr\/wp-json\/wp\/v2\/posts"}],"about":[{"href":"https:\/\/www.lichen.pl\/fr\/wp-json\/wp\/v2\/types\/post"}],"author":[{"embeddable":true,"href":"https:\/\/www.lichen.pl\/fr\/wp-json\/wp\/v2\/users\/4"}],"replies":[{"embeddable":true,"href":"https:\/\/www.lichen.pl\/fr\/wp-json\/wp\/v2\/comments?post=13971"}],"version-history":[{"count":8,"href":"https:\/\/www.lichen.pl\/fr\/wp-json\/wp\/v2\/posts\/13971\/revisions"}],"predecessor-version":[{"id":13986,"href":"https:\/\/www.lichen.pl\/fr\/wp-json\/wp\/v2\/posts\/13971\/revisions\/13986"}],"wp:featuredmedia":[{"embeddable":true,"href":"https:\/\/www.lichen.pl\/fr\/wp-json\/wp\/v2\/media\/13966"}],"wp:attachment":[{"href":"https:\/\/www.lichen.pl\/fr\/wp-json\/wp\/v2\/media?parent=13971"}],"wp:term":[{"taxonomy":"category","embeddable":true,"href":"https:\/\/www.lichen.pl\/fr\/wp-json\/wp\/v2\/categories?post=13971"},{"taxonomy":"post_tag","embeddable":true,"href":"https:\/\/www.lichen.pl\/fr\/wp-json\/wp\/v2\/tags?post=13971"}],"curies":[{"name":"wp","href":"https:\/\/api.w.org\/{rel}","templated":true}]}}