{"id":14341,"date":"2019-01-17T22:55:34","date_gmt":"2019-01-17T22:55:34","guid":{"rendered":"http:\/\/www.lichen.pl\/?p=14341"},"modified":"2021-06-18T08:05:54","modified_gmt":"2021-06-18T08:05:54","slug":"rekolekcje-ruchu-rodzin-nazaretanskich","status":"publish","type":"post","link":"https:\/\/www.lichen.pl\/fr\/rekolekcje-ruchu-rodzin-nazaretanskich\/","title":{"rendered":"Mouvement de retraite des familles de Nazareth"},"content":{"rendered":"<div data-elementor-type=\"wp-post\" data-elementor-id=\"14341\" class=\"elementor elementor-14341\" data-elementor-post-type=\"post\">\n\t\t\t\t\t\t<section class=\"elementor-section elementor-top-section elementor-element elementor-element-74f6adc elementor-section-boxed elementor-section-height-default elementor-section-height-default\" data-id=\"74f6adc\" data-element_type=\"section\" data-e-type=\"section\">\n\t\t\t\t\t\t<div class=\"elementor-container elementor-column-gap-default\">\n\t\t\t\t\t<div class=\"elementor-column elementor-col-100 elementor-top-column elementor-element elementor-element-529a7e5\" data-id=\"529a7e5\" data-element_type=\"column\" data-e-type=\"column\">\n\t\t\t<div class=\"elementor-widget-wrap elementor-element-populated\">\n\t\t\t\t\t\t<div class=\"elementor-element elementor-element-e663078 elementor-widget elementor-widget-heading\" data-id=\"e663078\" data-element_type=\"widget\" data-e-type=\"widget\" data-widget_type=\"heading.default\">\n\t\t\t\t<div class=\"elementor-widget-container\">\n\t\t\t\t\t<h2 class=\"elementor-heading-title elementor-size-default\">Sur les th\u00e8mes &quot;Que cela soit fait&quot; et &quot;Avec Marie, guid\u00e9s par l&#039;Esprit Saint&quot;, les membres du Mouvement des Familles de Nazareth (RRN) se sont r\u00e9unis au Sanctuaire marial de Liche\u0144 Stary pour la retraite annuelle. La r\u00e9union, qui durera jusqu&#039;au dimanche 27 janvier, est suivie par 370 personnes - adultes, adolescents et enfants. <\/h2>\t\t\t\t<\/div>\n\t\t\t\t<\/div>\n\t\t\t\t<div class=\"elementor-element elementor-element-3943791 elementor-widget elementor-widget-text-editor\" data-id=\"3943791\" data-element_type=\"widget\" data-e-type=\"widget\" data-widget_type=\"text-editor.default\">\n\t\t\t\t<div class=\"elementor-widget-container\">\n\t\t\t\t\t\t\t\t\t<p>Lorsqu&#039;on lui a demand\u00e9 pourquoi des personnes appartenant au Mouvement des Familles de Nazareth venaient \u00e0 Liche\u0144 pour faire l&#039;exp\u00e9rience d&#039;une retraite de formation hivernale, le P. Krzysztof Dulny, organisateur de la retraite, r\u00e9pond :<\/p>\n<p>- \u00ab Il s&#039;agit de chercher quelque chose qu&#039;une personne recherche dans la vie. Nous avons beaucoup de choses dans notre vie et elles nous rendent heureux. Mais il y a un vide profond en nous que nous essayons de combler. Et nous venons \u00e0 Liche\u0144 pour savoir comment trouver cette partie manquante. Je veux dire Dieu. Nous voulons le rencontrer ici \u00bb, a expliqu\u00e9 le pr\u00eatre.<\/p>\n<p>Selon le P. Dulnego, on dit souvent qu&#039;une retraite est un moment pour recharger les batteries pour une vie future. A leur tour, les membres du RRN viennent \u00e0 Liche\u0144 dans un tout autre but : - &quot;C&#039;est le moment pour nous de d\u00e9charger nos batteries, de vouloir chercher Dieu aussi chez nous, de recharger nos batteries au quotidien.&quot;<\/p>\n<p>Le d\u00e9but des pr\u00e9paratifs de la retraite Lichen commence d\u00e9but novembre - le premier num\u00e9ro est d&#039;indiquer les sujets qui les guideront. Ensuite, le travail d&#039;organisation passe entre les mains de personnes s\u00e9lectionn\u00e9es. Parall\u00e8lement, des mat\u00e9riels sont en cours de pr\u00e9paration pour trois groupes - adultes, adolescents et enfants.<\/p>\n<p>Dans le r\u00e9cit du P. Dulny, lors des exercices spirituels, le m\u00eame sujet est abord\u00e9, mais la pr\u00e9sentation du contenu dans les groupes individuels est diff\u00e9rente et adapt\u00e9e \u00e0 l&#039;\u00e2ge et \u00e0 la perception des destinataires.<\/p>\n<p>Samedi, les participants \u00e0 la retraite Liche\u0144 RRN se connecteront via Internet avec Mgr Andrzej Siemieniewski, \u00e9v\u00eaque auxiliaire de l&#039;archidioc\u00e8se de Wroc\u0142aw, actuellement au Panama pour les Journ\u00e9es mondiales de la jeunesse. Egalement le samedi, lors de la Sainte Messe. \u00e0. 11h30, Mgr Pawe\u0142 Socha, \u00e9v\u00eaque doyen du dioc\u00e8se de Zielona G\u00f3ra et Gorz\u00f3w priera avec les retraitants.<\/p>\n<p>La retraite est suivie par des membres du RRN de Pologne occidentale : incl. de Pozna\u0144, Szczecin, Gorz\u00f3w Wielkopolski, Zielona G\u00f3ra, Legnica et Wroc\u0142aw. Des c\u00e9libataires sont \u00e9galement venus de Cracovie et de Varsovie.<\/p>\n<p>Le Mouvement des Familles de Nazareth est une communaut\u00e9 mariale op\u00e9rant en paroisses. Les personnes associ\u00e9es dans la communaut\u00e9 essaient d&#039;explorer la spiritualit\u00e9 de la Sainte Famille de Nazareth dans leur vie. Ils mettent un accent particulier sur la participation fr\u00e9quente \u00e0 l&#039;Eucharistie et au sacrement de r\u00e9conciliation.<\/p>\t\t\t\t\t\t\t\t<\/div>\n\t\t\t\t<\/div>\n\t\t\t\t\t<\/div>\n\t\t<\/div>\n\t\t\t\t\t<\/div>\n\t\t<\/section>\n\t\t\t\t<\/div>","protected":false},"excerpt":{"rendered":"<p>Pochylaj\u0105c si\u0119 na tematami \u201eNiech mi si\u0119 stanie\u201d oraz \u201eZ Maryj\u0105 prowadzeni przez Ducha \u015awi\u0119tego\u201d cz\u0142onkowie Ruchu Rodzin Nazareta\u0144skich (RRN) spotkali si\u0119 w Sanktuarium Maryjnym w Licheniu Starym na dorocznych rekolekcjach. W spotkaniu, kt\u00f3re potrwa do niedzieli, 27 stycznia, bierze udzia\u0142 370 os\u00f3b- doros\u0142ych, m\u0142odzie\u017cy i dzieci. Na pytanie dlaczego osoby nale\u017c\u0105ce do Ruchu Rodzin [&hellip;]<\/p>\n","protected":false},"author":4,"featured_media":14342,"comment_status":"open","ping_status":"open","sticky":false,"template":"","format":"standard","meta":{"footnotes":""},"categories":[1],"tags":[],"class_list":["post-14341","post","type-post","status-publish","format-standard","has-post-thumbnail","hentry","category-aktualnosci","wpbf-post"],"yoast_head":"<!-- This site is optimized with the Yoast SEO plugin v27.4 - https:\/\/yoast.com\/product\/yoast-seo-wordpress\/ -->\n<title>Rekolekcje Ruchu Rodzin Nazareta\u0144skich - SANKTUARIUM W LICHENIU<\/title>\n<meta name=\"robots\" content=\"index, follow, max-snippet:-1, max-image-preview:large, max-video-preview:-1\" \/>\n<link rel=\"canonical\" href=\"http:\/\/www.lichen.pl\/fr\/rekolekcje-ruchu-rodzin-nazaretanskich\/\" \/>\n<meta property=\"og:locale\" content=\"fr_FR\" \/>\n<meta property=\"og:type\" content=\"article\" \/>\n<meta property=\"og:title\" content=\"Rekolekcje Ruchu Rodzin Nazareta\u0144skich - SANKTUARIUM W LICHENIU\" \/>\n<meta property=\"og:description\" content=\"Pochylaj\u0105c si\u0119 na tematami \u201eNiech mi si\u0119 stanie\u201d oraz \u201eZ Maryj\u0105 prowadzeni przez Ducha \u015awi\u0119tego\u201d cz\u0142onkowie Ruchu Rodzin Nazareta\u0144skich (RRN) spotkali si\u0119 w Sanktuarium Maryjnym w Licheniu Starym na dorocznych rekolekcjach. W spotkaniu, kt\u00f3re potrwa do niedzieli, 27 stycznia, bierze udzia\u0142 370 os\u00f3b- doros\u0142ych, m\u0142odzie\u017cy i dzieci. Na pytanie dlaczego osoby nale\u017c\u0105ce do Ruchu Rodzin [&hellip;]\" \/>\n<meta property=\"og:url\" content=\"http:\/\/www.lichen.pl\/fr\/rekolekcje-ruchu-rodzin-nazaretanskich\/\" \/>\n<meta property=\"og:site_name\" content=\"SANKTUARIUM W LICHENIU\" \/>\n<meta property=\"article:published_time\" content=\"2019-01-17T22:55:34+00:00\" \/>\n<meta property=\"article:modified_time\" content=\"2021-06-18T08:05:54+00:00\" \/>\n<meta property=\"og:image\" content=\"http:\/\/www.lichen.pl\/wp-content\/uploads\/2021\/06\/IMG_0168-scaled.jpg\" \/>\n\t<meta property=\"og:image:width\" content=\"1920\" \/>\n\t<meta property=\"og:image:height\" content=\"1280\" \/>\n\t<meta property=\"og:image:type\" content=\"image\/jpeg\" \/>\n<meta name=\"author\" content=\"ROBERT ADAMCZYK\" \/>\n<meta name=\"twitter:card\" content=\"summary_large_image\" \/>\n<meta name=\"twitter:label1\" content=\"\u00c9crit par\" \/>\n\t<meta name=\"twitter:data1\" content=\"ROBERT ADAMCZYK\" \/>\n\t<meta name=\"twitter:label2\" content=\"Dur\u00e9e de lecture estim\u00e9e\" \/>\n\t<meta name=\"twitter:data2\" content=\"2 minutes\" \/>\n<script type=\"application\/ld+json\" class=\"yoast-schema-graph\">{\"@context\":\"https:\\\/\\\/schema.org\",\"@graph\":[{\"@type\":\"Article\",\"@id\":\"http:\\\/\\\/www.lichen.pl\\\/it\\\/rekolekcje-ruchu-rodzin-nazaretanskich\\\/#article\",\"isPartOf\":{\"@id\":\"http:\\\/\\\/www.lichen.pl\\\/it\\\/rekolekcje-ruchu-rodzin-nazaretanskich\\\/\"},\"author\":{\"name\":\"ROBERT ADAMCZYK\",\"@id\":\"https:\\\/\\\/www.lichen.pl\\\/fr\\\/#\\\/schema\\\/person\\\/c06cd926b95870cc59f18d6ee6e33da5\"},\"headline\":\"Rekolekcje Ruchu Rodzin Nazareta\u0144skich\",\"datePublished\":\"2019-01-17T22:55:34+00:00\",\"dateModified\":\"2021-06-18T08:05:54+00:00\",\"mainEntityOfPage\":{\"@id\":\"http:\\\/\\\/www.lichen.pl\\\/it\\\/rekolekcje-ruchu-rodzin-nazaretanskich\\\/\"},\"wordCount\":432,\"commentCount\":0,\"image\":{\"@id\":\"http:\\\/\\\/www.lichen.pl\\\/it\\\/rekolekcje-ruchu-rodzin-nazaretanskich\\\/#primaryimage\"},\"thumbnailUrl\":\"https:\\\/\\\/www.lichen.pl\\\/wp-content\\\/uploads\\\/2021\\\/06\\\/IMG_0168-scaled.jpg\",\"articleSection\":[\"Aktualno\u015bci\"],\"inLanguage\":\"fr-FR\",\"potentialAction\":[{\"@type\":\"CommentAction\",\"name\":\"Comment\",\"target\":[\"http:\\\/\\\/www.lichen.pl\\\/it\\\/rekolekcje-ruchu-rodzin-nazaretanskich\\\/#respond\"]}]},{\"@type\":\"WebPage\",\"@id\":\"http:\\\/\\\/www.lichen.pl\\\/it\\\/rekolekcje-ruchu-rodzin-nazaretanskich\\\/\",\"url\":\"http:\\\/\\\/www.lichen.pl\\\/it\\\/rekolekcje-ruchu-rodzin-nazaretanskich\\\/\",\"name\":\"Rekolekcje Ruchu Rodzin Nazareta\u0144skich - SANKTUARIUM W LICHENIU\",\"isPartOf\":{\"@id\":\"https:\\\/\\\/www.lichen.pl\\\/fr\\\/#website\"},\"primaryImageOfPage\":{\"@id\":\"http:\\\/\\\/www.lichen.pl\\\/it\\\/rekolekcje-ruchu-rodzin-nazaretanskich\\\/#primaryimage\"},\"image\":{\"@id\":\"http:\\\/\\\/www.lichen.pl\\\/it\\\/rekolekcje-ruchu-rodzin-nazaretanskich\\\/#primaryimage\"},\"thumbnailUrl\":\"https:\\\/\\\/www.lichen.pl\\\/wp-content\\\/uploads\\\/2021\\\/06\\\/IMG_0168-scaled.jpg\",\"datePublished\":\"2019-01-17T22:55:34+00:00\",\"dateModified\":\"2021-06-18T08:05:54+00:00\",\"author\":{\"@id\":\"https:\\\/\\\/www.lichen.pl\\\/fr\\\/#\\\/schema\\\/person\\\/c06cd926b95870cc59f18d6ee6e33da5\"},\"breadcrumb\":{\"@id\":\"http:\\\/\\\/www.lichen.pl\\\/it\\\/rekolekcje-ruchu-rodzin-nazaretanskich\\\/#breadcrumb\"},\"inLanguage\":\"fr-FR\",\"potentialAction\":[{\"@type\":\"ReadAction\",\"target\":[\"http:\\\/\\\/www.lichen.pl\\\/it\\\/rekolekcje-ruchu-rodzin-nazaretanskich\\\/\"]}]},{\"@type\":\"ImageObject\",\"inLanguage\":\"fr-FR\",\"@id\":\"http:\\\/\\\/www.lichen.pl\\\/it\\\/rekolekcje-ruchu-rodzin-nazaretanskich\\\/#primaryimage\",\"url\":\"https:\\\/\\\/www.lichen.pl\\\/wp-content\\\/uploads\\\/2021\\\/06\\\/IMG_0168-scaled.jpg\",\"contentUrl\":\"https:\\\/\\\/www.lichen.pl\\\/wp-content\\\/uploads\\\/2021\\\/06\\\/IMG_0168-scaled.jpg\",\"width\":1920,\"height\":1280},{\"@type\":\"BreadcrumbList\",\"@id\":\"http:\\\/\\\/www.lichen.pl\\\/it\\\/rekolekcje-ruchu-rodzin-nazaretanskich\\\/#breadcrumb\",\"itemListElement\":[{\"@type\":\"ListItem\",\"position\":1,\"name\":\"Strona g\u0142\u00f3wna\",\"item\":\"https:\\\/\\\/www.lichen.pl\\\/\"},{\"@type\":\"ListItem\",\"position\":2,\"name\":\"Rekolekcje Ruchu Rodzin Nazareta\u0144skich\"}]},{\"@type\":\"WebSite\",\"@id\":\"https:\\\/\\\/www.lichen.pl\\\/fr\\\/#website\",\"url\":\"https:\\\/\\\/www.lichen.pl\\\/fr\\\/\",\"name\":\"SANKTUARIUM W LICHENIU\",\"description\":\"MATKI BO\u017bEJ LICHE\u0143SKIEJ BOLESNEJ KR\u00d3LOWEJ POLSKI\",\"potentialAction\":[{\"@type\":\"SearchAction\",\"target\":{\"@type\":\"EntryPoint\",\"urlTemplate\":\"https:\\\/\\\/www.lichen.pl\\\/fr\\\/?s={search_term_string}\"},\"query-input\":{\"@type\":\"PropertyValueSpecification\",\"valueRequired\":true,\"valueName\":\"search_term_string\"}}],\"inLanguage\":\"fr-FR\"},{\"@type\":\"Person\",\"@id\":\"https:\\\/\\\/www.lichen.pl\\\/fr\\\/#\\\/schema\\\/person\\\/c06cd926b95870cc59f18d6ee6e33da5\",\"name\":\"ROBERT ADAMCZYK\",\"image\":{\"@type\":\"ImageObject\",\"inLanguage\":\"fr-FR\",\"@id\":\"https:\\\/\\\/secure.gravatar.com\\\/avatar\\\/53c330430596e73552f4c356c2e47c209ff8f6352a5106011c9b6abcce5e00df?s=96&d=retro&r=g\",\"url\":\"https:\\\/\\\/secure.gravatar.com\\\/avatar\\\/53c330430596e73552f4c356c2e47c209ff8f6352a5106011c9b6abcce5e00df?s=96&d=retro&r=g\",\"contentUrl\":\"https:\\\/\\\/secure.gravatar.com\\\/avatar\\\/53c330430596e73552f4c356c2e47c209ff8f6352a5106011c9b6abcce5e00df?s=96&d=retro&r=g\",\"caption\":\"ROBERT ADAMCZYK\"},\"url\":\"https:\\\/\\\/www.lichen.pl\\\/fr\\\/author\\\/press\\\/\"}]}<\/script>\n<!-- \/ Yoast SEO plugin. -->","yoast_head_json":{"title":"Rekolekcje Ruchu Rodzin Nazareta\u0144skich - SANKTUARIUM W LICHENIU","robots":{"index":"index","follow":"follow","max-snippet":"max-snippet:-1","max-image-preview":"max-image-preview:large","max-video-preview":"max-video-preview:-1"},"canonical":"http:\/\/www.lichen.pl\/fr\/rekolekcje-ruchu-rodzin-nazaretanskich\/","og_locale":"fr_FR","og_type":"article","og_title":"Rekolekcje Ruchu Rodzin Nazareta\u0144skich - SANKTUARIUM W LICHENIU","og_description":"Pochylaj\u0105c si\u0119 na tematami \u201eNiech mi si\u0119 stanie\u201d oraz \u201eZ Maryj\u0105 prowadzeni przez Ducha \u015awi\u0119tego\u201d cz\u0142onkowie Ruchu Rodzin Nazareta\u0144skich (RRN) spotkali si\u0119 w Sanktuarium Maryjnym w Licheniu Starym na dorocznych rekolekcjach. W spotkaniu, kt\u00f3re potrwa do niedzieli, 27 stycznia, bierze udzia\u0142 370 os\u00f3b- doros\u0142ych, m\u0142odzie\u017cy i dzieci. Na pytanie dlaczego osoby nale\u017c\u0105ce do Ruchu Rodzin [&hellip;]","og_url":"http:\/\/www.lichen.pl\/fr\/rekolekcje-ruchu-rodzin-nazaretanskich\/","og_site_name":"SANKTUARIUM W LICHENIU","article_published_time":"2019-01-17T22:55:34+00:00","article_modified_time":"2021-06-18T08:05:54+00:00","og_image":[{"width":1920,"height":1280,"url":"http:\/\/www.lichen.pl\/wp-content\/uploads\/2021\/06\/IMG_0168-scaled.jpg","type":"image\/jpeg"}],"author":"ROBERT ADAMCZYK","twitter_card":"summary_large_image","twitter_misc":{"\u00c9crit par":"ROBERT ADAMCZYK","Dur\u00e9e de lecture estim\u00e9e":"2 minutes"},"schema":{"@context":"https:\/\/schema.org","@graph":[{"@type":"Article","@id":"http:\/\/www.lichen.pl\/it\/rekolekcje-ruchu-rodzin-nazaretanskich\/#article","isPartOf":{"@id":"http:\/\/www.lichen.pl\/it\/rekolekcje-ruchu-rodzin-nazaretanskich\/"},"author":{"name":"ROBERT ADAMCZYK","@id":"https:\/\/www.lichen.pl\/fr\/#\/schema\/person\/c06cd926b95870cc59f18d6ee6e33da5"},"headline":"Rekolekcje Ruchu Rodzin Nazareta\u0144skich","datePublished":"2019-01-17T22:55:34+00:00","dateModified":"2021-06-18T08:05:54+00:00","mainEntityOfPage":{"@id":"http:\/\/www.lichen.pl\/it\/rekolekcje-ruchu-rodzin-nazaretanskich\/"},"wordCount":432,"commentCount":0,"image":{"@id":"http:\/\/www.lichen.pl\/it\/rekolekcje-ruchu-rodzin-nazaretanskich\/#primaryimage"},"thumbnailUrl":"https:\/\/www.lichen.pl\/wp-content\/uploads\/2021\/06\/IMG_0168-scaled.jpg","articleSection":["Aktualno\u015bci"],"inLanguage":"fr-FR","potentialAction":[{"@type":"CommentAction","name":"Comment","target":["http:\/\/www.lichen.pl\/it\/rekolekcje-ruchu-rodzin-nazaretanskich\/#respond"]}]},{"@type":"WebPage","@id":"http:\/\/www.lichen.pl\/it\/rekolekcje-ruchu-rodzin-nazaretanskich\/","url":"http:\/\/www.lichen.pl\/it\/rekolekcje-ruchu-rodzin-nazaretanskich\/","name":"Rekolekcje Ruchu Rodzin Nazareta\u0144skich - SANKTUARIUM W LICHENIU","isPartOf":{"@id":"https:\/\/www.lichen.pl\/fr\/#website"},"primaryImageOfPage":{"@id":"http:\/\/www.lichen.pl\/it\/rekolekcje-ruchu-rodzin-nazaretanskich\/#primaryimage"},"image":{"@id":"http:\/\/www.lichen.pl\/it\/rekolekcje-ruchu-rodzin-nazaretanskich\/#primaryimage"},"thumbnailUrl":"https:\/\/www.lichen.pl\/wp-content\/uploads\/2021\/06\/IMG_0168-scaled.jpg","datePublished":"2019-01-17T22:55:34+00:00","dateModified":"2021-06-18T08:05:54+00:00","author":{"@id":"https:\/\/www.lichen.pl\/fr\/#\/schema\/person\/c06cd926b95870cc59f18d6ee6e33da5"},"breadcrumb":{"@id":"http:\/\/www.lichen.pl\/it\/rekolekcje-ruchu-rodzin-nazaretanskich\/#breadcrumb"},"inLanguage":"fr-FR","potentialAction":[{"@type":"ReadAction","target":["http:\/\/www.lichen.pl\/it\/rekolekcje-ruchu-rodzin-nazaretanskich\/"]}]},{"@type":"ImageObject","inLanguage":"fr-FR","@id":"http:\/\/www.lichen.pl\/it\/rekolekcje-ruchu-rodzin-nazaretanskich\/#primaryimage","url":"https:\/\/www.lichen.pl\/wp-content\/uploads\/2021\/06\/IMG_0168-scaled.jpg","contentUrl":"https:\/\/www.lichen.pl\/wp-content\/uploads\/2021\/06\/IMG_0168-scaled.jpg","width":1920,"height":1280},{"@type":"BreadcrumbList","@id":"http:\/\/www.lichen.pl\/it\/rekolekcje-ruchu-rodzin-nazaretanskich\/#breadcrumb","itemListElement":[{"@type":"ListItem","position":1,"name":"Strona g\u0142\u00f3wna","item":"https:\/\/www.lichen.pl\/"},{"@type":"ListItem","position":2,"name":"Rekolekcje Ruchu Rodzin Nazareta\u0144skich"}]},{"@type":"WebSite","@id":"https:\/\/www.lichen.pl\/fr\/#website","url":"https:\/\/www.lichen.pl\/fr\/","name":"SANCTUAIRE EN LICHENIE","description":"LA MAUVAISE REINE DE POLOGNE DE NOTRE LICHEN","potentialAction":[{"@type":"SearchAction","target":{"@type":"EntryPoint","urlTemplate":"https:\/\/www.lichen.pl\/fr\/?s={search_term_string}"},"query-input":{"@type":"PropertyValueSpecification","valueRequired":true,"valueName":"search_term_string"}}],"inLanguage":"fr-FR"},{"@type":"Person","@id":"https:\/\/www.lichen.pl\/fr\/#\/schema\/person\/c06cd926b95870cc59f18d6ee6e33da5","name":"ROBERT ADAMCZYK","image":{"@type":"ImageObject","inLanguage":"fr-FR","@id":"https:\/\/secure.gravatar.com\/avatar\/53c330430596e73552f4c356c2e47c209ff8f6352a5106011c9b6abcce5e00df?s=96&d=retro&r=g","url":"https:\/\/secure.gravatar.com\/avatar\/53c330430596e73552f4c356c2e47c209ff8f6352a5106011c9b6abcce5e00df?s=96&d=retro&r=g","contentUrl":"https:\/\/secure.gravatar.com\/avatar\/53c330430596e73552f4c356c2e47c209ff8f6352a5106011c9b6abcce5e00df?s=96&d=retro&r=g","caption":"ROBERT ADAMCZYK"},"url":"https:\/\/www.lichen.pl\/fr\/author\/press\/"}]}},"_links":{"self":[{"href":"https:\/\/www.lichen.pl\/fr\/wp-json\/wp\/v2\/posts\/14341","targetHints":{"allow":["GET"]}}],"collection":[{"href":"https:\/\/www.lichen.pl\/fr\/wp-json\/wp\/v2\/posts"}],"about":[{"href":"https:\/\/www.lichen.pl\/fr\/wp-json\/wp\/v2\/types\/post"}],"author":[{"embeddable":true,"href":"https:\/\/www.lichen.pl\/fr\/wp-json\/wp\/v2\/users\/4"}],"replies":[{"embeddable":true,"href":"https:\/\/www.lichen.pl\/fr\/wp-json\/wp\/v2\/comments?post=14341"}],"version-history":[{"count":5,"href":"https:\/\/www.lichen.pl\/fr\/wp-json\/wp\/v2\/posts\/14341\/revisions"}],"predecessor-version":[{"id":14352,"href":"https:\/\/www.lichen.pl\/fr\/wp-json\/wp\/v2\/posts\/14341\/revisions\/14352"}],"wp:featuredmedia":[{"embeddable":true,"href":"https:\/\/www.lichen.pl\/fr\/wp-json\/wp\/v2\/media\/14342"}],"wp:attachment":[{"href":"https:\/\/www.lichen.pl\/fr\/wp-json\/wp\/v2\/media?parent=14341"}],"wp:term":[{"taxonomy":"category","embeddable":true,"href":"https:\/\/www.lichen.pl\/fr\/wp-json\/wp\/v2\/categories?post=14341"},{"taxonomy":"post_tag","embeddable":true,"href":"https:\/\/www.lichen.pl\/fr\/wp-json\/wp\/v2\/tags?post=14341"}],"curies":[{"name":"wp","href":"https:\/\/api.w.org\/{rel}","templated":true}]}}