{"id":14507,"date":"2019-02-15T12:31:23","date_gmt":"2019-02-15T12:31:23","guid":{"rendered":"http:\/\/www.lichen.pl\/?p=14507"},"modified":"2021-06-18T12:52:05","modified_gmt":"2021-06-18T12:52:05","slug":"rekolekcje-przygotowujace-do-zawarcia-sakramentu-malzenstwa","status":"publish","type":"post","link":"https:\/\/www.lichen.pl\/fr\/rekolekcje-przygotowujace-do-zawarcia-sakramentu-malzenstwa\/","title":{"rendered":"La retraite \u00e0 Liche\u0144 en pr\u00e9paration de la conclusion du sacrement de mariage est termin\u00e9e"},"content":{"rendered":"<div data-elementor-type=\"wp-post\" data-elementor-id=\"14507\" class=\"elementor elementor-14507\" data-elementor-post-type=\"post\">\n\t\t\t\t\t\t<section class=\"elementor-section elementor-top-section elementor-element elementor-element-c2788e8 elementor-section-boxed elementor-section-height-default elementor-section-height-default\" data-id=\"c2788e8\" data-element_type=\"section\" data-e-type=\"section\">\n\t\t\t\t\t\t<div class=\"elementor-container elementor-column-gap-default\">\n\t\t\t\t\t<div class=\"elementor-column elementor-col-100 elementor-top-column elementor-element elementor-element-3ae561a\" data-id=\"3ae561a\" data-element_type=\"column\" data-e-type=\"column\">\n\t\t\t<div class=\"elementor-widget-wrap elementor-element-populated\">\n\t\t\t\t\t\t<div class=\"elementor-element elementor-element-8d2c26e elementor-widget elementor-widget-heading\" data-id=\"8d2c26e\" data-element_type=\"widget\" data-e-type=\"widget\" data-widget_type=\"heading.default\">\n\t\t\t\t<div class=\"elementor-widget-container\">\n\t\t\t\t\t<h2 class=\"elementor-heading-title elementor-size-default\">Les fianc\u00e9s, qui ont l&#039;intention de se marier cette ann\u00e9e, participent au sanctuaire marial de Liche\u0144 Stary \u00e0 une retraite intitul\u00e9e &quot;Nous construisons l&#039;amour sur la v\u00e9rit\u00e9&quot; (14-17 f\u00e9vrier). <\/h2>\t\t\t\t<\/div>\n\t\t\t\t<\/div>\n\t\t\t\t<section class=\"elementor-section elementor-inner-section elementor-element elementor-element-3c47691 elementor-section-boxed elementor-section-height-default elementor-section-height-default\" data-id=\"3c47691\" data-element_type=\"section\" data-e-type=\"section\">\n\t\t\t\t\t\t<div class=\"elementor-container elementor-column-gap-default\">\n\t\t\t\t\t<div class=\"elementor-column elementor-col-50 elementor-inner-column elementor-element elementor-element-53512bc\" data-id=\"53512bc\" data-element_type=\"column\" data-e-type=\"column\">\n\t\t\t<div class=\"elementor-widget-wrap elementor-element-populated\">\n\t\t\t\t\t\t<div class=\"elementor-element elementor-element-491594e elementor-widget elementor-widget-image\" data-id=\"491594e\" data-element_type=\"widget\" data-e-type=\"widget\" data-widget_type=\"image.default\">\n\t\t\t\t<div class=\"elementor-widget-container\">\n\t\t\t\t\t\t\t\t\t\t\t\t<figure class=\"wp-caption\">\n\t\t\t\t\t\t\t\t\t\t<img fetchpriority=\"high\" decoding=\"async\" width=\"768\" height=\"512\" src=\"https:\/\/www.lichen.pl\/wp-content\/uploads\/2021\/06\/IMG_9099-768x512.jpg\" class=\"attachment-medium_large size-medium_large wp-image-14508\" alt=\"\" srcset=\"https:\/\/www.lichen.pl\/wp-content\/uploads\/2021\/06\/IMG_9099-768x512.jpg 768w, https:\/\/www.lichen.pl\/wp-content\/uploads\/2021\/06\/IMG_9099-800x533.jpg 800w, https:\/\/www.lichen.pl\/wp-content\/uploads\/2021\/06\/IMG_9099-300x200.jpg 300w, https:\/\/www.lichen.pl\/wp-content\/uploads\/2021\/06\/IMG_9099-1024x683.jpg 1024w, https:\/\/www.lichen.pl\/wp-content\/uploads\/2021\/06\/IMG_9099.jpg 1152w\" sizes=\"(max-width: 768px) 100vw, 768px\" \/>\t\t\t\t\t\t\t\t\t\t\t<figcaption class=\"widget-image-caption wp-caption-text\">La fianc\u00e9e Ewelina et Arkadiusz lors de leur stage de retraite<\/figcaption>\n\t\t\t\t\t\t\t\t\t\t<\/figure>\n\t\t\t\t\t\t\t\t\t<\/div>\n\t\t\t\t<\/div>\n\t\t\t\t\t<\/div>\n\t\t<\/div>\n\t\t\t\t<div class=\"elementor-column elementor-col-50 elementor-inner-column elementor-element elementor-element-6f228a0\" data-id=\"6f228a0\" data-element_type=\"column\" data-e-type=\"column\">\n\t\t\t<div class=\"elementor-widget-wrap elementor-element-populated\">\n\t\t\t\t\t\t<div class=\"elementor-element elementor-element-d5fbd3e elementor-widget elementor-widget-text-editor\" data-id=\"d5fbd3e\" data-element_type=\"widget\" data-e-type=\"widget\" data-widget_type=\"text-editor.default\">\n\t\t\t\t<div class=\"elementor-widget-container\">\n\t\t\t\t\t\t\t\t\t<p>Ewelina de Tuchola et Arkadiusz de Jastrz\u0119bie Zdr\u00f3j font partie des mari\u00e9es qui participent au cours du week-end. Les futurs \u00e9poux se sont rencontr\u00e9s via Internet il y a 16 mois, et en mai de cette ann\u00e9e. ils se diront sacramentellement <em>Oui<\/em>. -<em>Dans le pass\u00e9, j&#039;ai souvent particip\u00e9 \u00e0 des retraites car c&#039;\u00e9tait pour moi une forme d&#039;approfondissement de ma relation avec Dieu. Nous avons d\u00e9cid\u00e9 de participer \u00e0 cette retraite pour apprendre quelque chose de nouveau sur nous-m\u00eames que nous ne savions peut-\u00eatre pas encore. Pour moi personnellement, la fa\u00e7on dont mon fianc\u00e9 voit la foi est importante, car nous devons construire un mariage et je voudrais que J\u00e9sus soit le fondement de notre relation. Gr\u00e2ce \u00e0 cette rencontre, je suis convaincu d&#039;avoir fait le bon choix<\/em>\u00a0dit Ewelina.<\/p>\t\t\t\t\t\t\t\t<\/div>\n\t\t\t\t<\/div>\n\t\t\t\t\t<\/div>\n\t\t<\/div>\n\t\t\t\t\t<\/div>\n\t\t<\/section>\n\t\t\t\t<div class=\"elementor-element elementor-element-03a8512 elementor-widget elementor-widget-text-editor\" data-id=\"03a8512\" data-element_type=\"widget\" data-e-type=\"widget\" data-widget_type=\"text-editor.default\">\n\t\t\t\t<div class=\"elementor-widget-container\">\n\t\t\t\t\t\t\t\t\t<p>De l&#039;avis de la famille Sta\u0144czuk, qui a dirig\u00e9 la retraite, cette forme permet une implication \u00e9gale des fianc\u00e9s. De plus, ils peuvent se concentrer sur les sujets propos\u00e9s et en discuter pendant les cours ou pendant le temps libre, qui est \u00e9galement pr\u00e9vu. De l&#039;avis des conf\u00e9renciers, il n&#039;est pas sans importance qu&#039;aujourd&#039;hui les jeunes quittent souvent le pays \u00e0 la recherche d&#039;un travail, et la forme de retraite du week-end permet de les planifier de la mani\u00e8re la plus pratique. Cette th\u00e8se semble \u00eatre confirm\u00e9e par Ewelina et Arkadiusz, car le futur mari\u00e9 travaille actuellement en Norv\u00e8ge. - <em>Travaillant loin de chez moi, je ne peux pas participer \u00e0 un stage de plusieurs semaines. Quand on vient \u00e0 Liche\u0144, on peut rompre avec le quotidien et passer quelques jours ensemble. De plus, nous avons maintenant la possibilit\u00e9 et le temps de v\u00e9rifier si nous regardons dans la m\u00eame direction et nous pouvons nous ancrer dans notre d\u00e9cision et notre d\u00e9cision<\/em>\u00a0Arkadiusz a expliqu\u00e9.<\/p><p>Retraite pour les mari\u00e9es intitul\u00e9e &quot;Nous construisons l&#039;amour sur la v\u00e9rit\u00e9&quot;, organis\u00e9 au Sanctuaire marial de Liche\u0144 Stary, r\u00e9pond aux exigences de l&#039;\u00c9glise catholique dans le domaine des cat\u00e9ch\u00e8ses pr\u00e9nuptiales. Apr\u00e8s leur ach\u00e8vement, les mari\u00e9s recevront un document qui servira de base \u00e0 la conclusion d&#039;un mariage sacramentel. De plus, les mari\u00e9s de Bystry, Jarocin, K\u0119dzierzyn-Ko\u017ale, Ko\u0142obrzeg, Konin, Pozna\u0144 et Wroc\u0142aw participent \u00e0 la retraite de Liche\u0144.\u00a0<\/p>\t\t\t\t\t\t\t\t<\/div>\n\t\t\t\t<\/div>\n\t\t\t\t\t<\/div>\n\t\t<\/div>\n\t\t\t\t\t<\/div>\n\t\t<\/section>\n\t\t\t\t<\/div>","protected":false},"excerpt":{"rendered":"<p>Pary narzecze\u0144skie, kt\u00f3re w tym roku zamierzaj\u0105 zawrze\u0107 sakramentalny zwi\u0105zek ma\u0142\u017ce\u0144ski, uczestnicz\u0105 w Sanktuarium Maryjnym w Licheniu Starym w rekolekcjach zatytu\u0142owanych \u201eBudujemy mi\u0142o\u015b\u0107 na prawdzie\u201d (14-17.02). Narzeczeni Ewelina i Arkadiusz w trakcie nauk rekolekcyjnych W\u015br\u00f3d narzeczonych, kt\u00f3rzy bior\u0105 udzia\u0142 w weekendowym kursie, s\u0105 Ewelina z Tucholi oraz Arkadiusz z Jastrz\u0119bia Zdroju. Przyszli ma\u0142\u017conkowie poznali si\u0119 [&hellip;]<\/p>\n","protected":false},"author":4,"featured_media":14508,"comment_status":"open","ping_status":"open","sticky":false,"template":"","format":"standard","meta":{"footnotes":""},"categories":[1],"tags":[],"class_list":["post-14507","post","type-post","status-publish","format-standard","has-post-thumbnail","hentry","category-aktualnosci","wpbf-post"],"yoast_head":"<!-- This site is optimized with the Yoast SEO plugin v27.4 - https:\/\/yoast.com\/product\/yoast-seo-wordpress\/ -->\n<title>W Licheniu zako\u0144czy\u0142y si\u0119 rekolekcje przygotowuj\u0105ce do zawarcia sakramentu ma\u0142\u017ce\u0144stwa - SANKTUARIUM W LICHENIU<\/title>\n<meta name=\"robots\" content=\"index, follow, max-snippet:-1, max-image-preview:large, max-video-preview:-1\" \/>\n<link rel=\"canonical\" href=\"http:\/\/www.lichen.pl\/fr\/rekolekcje-przygotowujace-do-zawarcia-sakramentu-malzenstwa\/\" \/>\n<meta property=\"og:locale\" content=\"fr_FR\" \/>\n<meta property=\"og:type\" content=\"article\" \/>\n<meta property=\"og:title\" content=\"W Licheniu zako\u0144czy\u0142y si\u0119 rekolekcje przygotowuj\u0105ce do zawarcia sakramentu ma\u0142\u017ce\u0144stwa - SANKTUARIUM W LICHENIU\" \/>\n<meta property=\"og:description\" content=\"Pary narzecze\u0144skie, kt\u00f3re w tym roku zamierzaj\u0105 zawrze\u0107 sakramentalny zwi\u0105zek ma\u0142\u017ce\u0144ski, uczestnicz\u0105 w Sanktuarium Maryjnym w Licheniu Starym w rekolekcjach zatytu\u0142owanych \u201eBudujemy mi\u0142o\u015b\u0107 na prawdzie\u201d (14-17.02). Narzeczeni Ewelina i Arkadiusz w trakcie nauk rekolekcyjnych W\u015br\u00f3d narzeczonych, kt\u00f3rzy bior\u0105 udzia\u0142 w weekendowym kursie, s\u0105 Ewelina z Tucholi oraz Arkadiusz z Jastrz\u0119bia Zdroju. Przyszli ma\u0142\u017conkowie poznali si\u0119 [&hellip;]\" \/>\n<meta property=\"og:url\" content=\"http:\/\/www.lichen.pl\/fr\/rekolekcje-przygotowujace-do-zawarcia-sakramentu-malzenstwa\/\" \/>\n<meta property=\"og:site_name\" content=\"SANKTUARIUM W LICHENIU\" \/>\n<meta property=\"article:published_time\" content=\"2019-02-15T12:31:23+00:00\" \/>\n<meta property=\"article:modified_time\" content=\"2021-06-18T12:52:05+00:00\" \/>\n<meta property=\"og:image\" content=\"http:\/\/www.lichen.pl\/wp-content\/uploads\/2021\/06\/IMG_9099.jpg\" \/>\n\t<meta property=\"og:image:width\" content=\"1152\" \/>\n\t<meta property=\"og:image:height\" content=\"768\" \/>\n\t<meta property=\"og:image:type\" content=\"image\/jpeg\" \/>\n<meta name=\"author\" content=\"ROBERT ADAMCZYK\" \/>\n<meta name=\"twitter:card\" content=\"summary_large_image\" \/>\n<meta name=\"twitter:label1\" content=\"\u00c9crit par\" \/>\n\t<meta name=\"twitter:data1\" content=\"ROBERT ADAMCZYK\" \/>\n\t<meta name=\"twitter:label2\" content=\"Dur\u00e9e de lecture estim\u00e9e\" \/>\n\t<meta name=\"twitter:data2\" content=\"2 minutes\" \/>\n<script type=\"application\/ld+json\" class=\"yoast-schema-graph\">{\"@context\":\"https:\\\/\\\/schema.org\",\"@graph\":[{\"@type\":\"Article\",\"@id\":\"http:\\\/\\\/www.lichen.pl\\\/es\\\/rekolekcje-przygotowujace-do-zawarcia-sakramentu-malzenstwa\\\/#article\",\"isPartOf\":{\"@id\":\"http:\\\/\\\/www.lichen.pl\\\/es\\\/rekolekcje-przygotowujace-do-zawarcia-sakramentu-malzenstwa\\\/\"},\"author\":{\"name\":\"ROBERT ADAMCZYK\",\"@id\":\"https:\\\/\\\/www.lichen.pl\\\/fr\\\/#\\\/schema\\\/person\\\/c06cd926b95870cc59f18d6ee6e33da5\"},\"headline\":\"W Licheniu zako\u0144czy\u0142y si\u0119 rekolekcje przygotowuj\u0105ce do zawarcia sakramentu ma\u0142\u017ce\u0144stwa\",\"datePublished\":\"2019-02-15T12:31:23+00:00\",\"dateModified\":\"2021-06-18T12:52:05+00:00\",\"mainEntityOfPage\":{\"@id\":\"http:\\\/\\\/www.lichen.pl\\\/es\\\/rekolekcje-przygotowujace-do-zawarcia-sakramentu-malzenstwa\\\/\"},\"wordCount\":423,\"commentCount\":0,\"image\":{\"@id\":\"http:\\\/\\\/www.lichen.pl\\\/es\\\/rekolekcje-przygotowujace-do-zawarcia-sakramentu-malzenstwa\\\/#primaryimage\"},\"thumbnailUrl\":\"https:\\\/\\\/www.lichen.pl\\\/wp-content\\\/uploads\\\/2021\\\/06\\\/IMG_9099.jpg\",\"articleSection\":[\"Aktualno\u015bci\"],\"inLanguage\":\"fr-FR\",\"potentialAction\":[{\"@type\":\"CommentAction\",\"name\":\"Comment\",\"target\":[\"http:\\\/\\\/www.lichen.pl\\\/es\\\/rekolekcje-przygotowujace-do-zawarcia-sakramentu-malzenstwa\\\/#respond\"]}]},{\"@type\":\"WebPage\",\"@id\":\"http:\\\/\\\/www.lichen.pl\\\/es\\\/rekolekcje-przygotowujace-do-zawarcia-sakramentu-malzenstwa\\\/\",\"url\":\"http:\\\/\\\/www.lichen.pl\\\/es\\\/rekolekcje-przygotowujace-do-zawarcia-sakramentu-malzenstwa\\\/\",\"name\":\"W Licheniu zako\u0144czy\u0142y si\u0119 rekolekcje przygotowuj\u0105ce do zawarcia sakramentu ma\u0142\u017ce\u0144stwa - SANKTUARIUM W LICHENIU\",\"isPartOf\":{\"@id\":\"https:\\\/\\\/www.lichen.pl\\\/fr\\\/#website\"},\"primaryImageOfPage\":{\"@id\":\"http:\\\/\\\/www.lichen.pl\\\/es\\\/rekolekcje-przygotowujace-do-zawarcia-sakramentu-malzenstwa\\\/#primaryimage\"},\"image\":{\"@id\":\"http:\\\/\\\/www.lichen.pl\\\/es\\\/rekolekcje-przygotowujace-do-zawarcia-sakramentu-malzenstwa\\\/#primaryimage\"},\"thumbnailUrl\":\"https:\\\/\\\/www.lichen.pl\\\/wp-content\\\/uploads\\\/2021\\\/06\\\/IMG_9099.jpg\",\"datePublished\":\"2019-02-15T12:31:23+00:00\",\"dateModified\":\"2021-06-18T12:52:05+00:00\",\"author\":{\"@id\":\"https:\\\/\\\/www.lichen.pl\\\/fr\\\/#\\\/schema\\\/person\\\/c06cd926b95870cc59f18d6ee6e33da5\"},\"breadcrumb\":{\"@id\":\"http:\\\/\\\/www.lichen.pl\\\/es\\\/rekolekcje-przygotowujace-do-zawarcia-sakramentu-malzenstwa\\\/#breadcrumb\"},\"inLanguage\":\"fr-FR\",\"potentialAction\":[{\"@type\":\"ReadAction\",\"target\":[\"http:\\\/\\\/www.lichen.pl\\\/es\\\/rekolekcje-przygotowujace-do-zawarcia-sakramentu-malzenstwa\\\/\"]}]},{\"@type\":\"ImageObject\",\"inLanguage\":\"fr-FR\",\"@id\":\"http:\\\/\\\/www.lichen.pl\\\/es\\\/rekolekcje-przygotowujace-do-zawarcia-sakramentu-malzenstwa\\\/#primaryimage\",\"url\":\"https:\\\/\\\/www.lichen.pl\\\/wp-content\\\/uploads\\\/2021\\\/06\\\/IMG_9099.jpg\",\"contentUrl\":\"https:\\\/\\\/www.lichen.pl\\\/wp-content\\\/uploads\\\/2021\\\/06\\\/IMG_9099.jpg\",\"width\":1152,\"height\":768},{\"@type\":\"BreadcrumbList\",\"@id\":\"http:\\\/\\\/www.lichen.pl\\\/es\\\/rekolekcje-przygotowujace-do-zawarcia-sakramentu-malzenstwa\\\/#breadcrumb\",\"itemListElement\":[{\"@type\":\"ListItem\",\"position\":1,\"name\":\"Strona g\u0142\u00f3wna\",\"item\":\"https:\\\/\\\/www.lichen.pl\\\/\"},{\"@type\":\"ListItem\",\"position\":2,\"name\":\"W Licheniu zako\u0144czy\u0142y si\u0119 rekolekcje przygotowuj\u0105ce do zawarcia sakramentu ma\u0142\u017ce\u0144stwa\"}]},{\"@type\":\"WebSite\",\"@id\":\"https:\\\/\\\/www.lichen.pl\\\/fr\\\/#website\",\"url\":\"https:\\\/\\\/www.lichen.pl\\\/fr\\\/\",\"name\":\"SANKTUARIUM W LICHENIU\",\"description\":\"MATKI BO\u017bEJ LICHE\u0143SKIEJ BOLESNEJ KR\u00d3LOWEJ POLSKI\",\"potentialAction\":[{\"@type\":\"SearchAction\",\"target\":{\"@type\":\"EntryPoint\",\"urlTemplate\":\"https:\\\/\\\/www.lichen.pl\\\/fr\\\/?s={search_term_string}\"},\"query-input\":{\"@type\":\"PropertyValueSpecification\",\"valueRequired\":true,\"valueName\":\"search_term_string\"}}],\"inLanguage\":\"fr-FR\"},{\"@type\":\"Person\",\"@id\":\"https:\\\/\\\/www.lichen.pl\\\/fr\\\/#\\\/schema\\\/person\\\/c06cd926b95870cc59f18d6ee6e33da5\",\"name\":\"ROBERT ADAMCZYK\",\"image\":{\"@type\":\"ImageObject\",\"inLanguage\":\"fr-FR\",\"@id\":\"https:\\\/\\\/secure.gravatar.com\\\/avatar\\\/53c330430596e73552f4c356c2e47c209ff8f6352a5106011c9b6abcce5e00df?s=96&d=retro&r=g\",\"url\":\"https:\\\/\\\/secure.gravatar.com\\\/avatar\\\/53c330430596e73552f4c356c2e47c209ff8f6352a5106011c9b6abcce5e00df?s=96&d=retro&r=g\",\"contentUrl\":\"https:\\\/\\\/secure.gravatar.com\\\/avatar\\\/53c330430596e73552f4c356c2e47c209ff8f6352a5106011c9b6abcce5e00df?s=96&d=retro&r=g\",\"caption\":\"ROBERT ADAMCZYK\"},\"url\":\"https:\\\/\\\/www.lichen.pl\\\/fr\\\/author\\\/press\\\/\"}]}<\/script>\n<!-- \/ Yoast SEO plugin. -->","yoast_head_json":{"title":"W Licheniu zako\u0144czy\u0142y si\u0119 rekolekcje przygotowuj\u0105ce do zawarcia sakramentu ma\u0142\u017ce\u0144stwa - SANKTUARIUM W LICHENIU","robots":{"index":"index","follow":"follow","max-snippet":"max-snippet:-1","max-image-preview":"max-image-preview:large","max-video-preview":"max-video-preview:-1"},"canonical":"http:\/\/www.lichen.pl\/fr\/rekolekcje-przygotowujace-do-zawarcia-sakramentu-malzenstwa\/","og_locale":"fr_FR","og_type":"article","og_title":"W Licheniu zako\u0144czy\u0142y si\u0119 rekolekcje przygotowuj\u0105ce do zawarcia sakramentu ma\u0142\u017ce\u0144stwa - SANKTUARIUM W LICHENIU","og_description":"Pary narzecze\u0144skie, kt\u00f3re w tym roku zamierzaj\u0105 zawrze\u0107 sakramentalny zwi\u0105zek ma\u0142\u017ce\u0144ski, uczestnicz\u0105 w Sanktuarium Maryjnym w Licheniu Starym w rekolekcjach zatytu\u0142owanych \u201eBudujemy mi\u0142o\u015b\u0107 na prawdzie\u201d (14-17.02). Narzeczeni Ewelina i Arkadiusz w trakcie nauk rekolekcyjnych W\u015br\u00f3d narzeczonych, kt\u00f3rzy bior\u0105 udzia\u0142 w weekendowym kursie, s\u0105 Ewelina z Tucholi oraz Arkadiusz z Jastrz\u0119bia Zdroju. Przyszli ma\u0142\u017conkowie poznali si\u0119 [&hellip;]","og_url":"http:\/\/www.lichen.pl\/fr\/rekolekcje-przygotowujace-do-zawarcia-sakramentu-malzenstwa\/","og_site_name":"SANKTUARIUM W LICHENIU","article_published_time":"2019-02-15T12:31:23+00:00","article_modified_time":"2021-06-18T12:52:05+00:00","og_image":[{"width":1152,"height":768,"url":"http:\/\/www.lichen.pl\/wp-content\/uploads\/2021\/06\/IMG_9099.jpg","type":"image\/jpeg"}],"author":"ROBERT ADAMCZYK","twitter_card":"summary_large_image","twitter_misc":{"\u00c9crit par":"ROBERT ADAMCZYK","Dur\u00e9e de lecture estim\u00e9e":"2 minutes"},"schema":{"@context":"https:\/\/schema.org","@graph":[{"@type":"Article","@id":"http:\/\/www.lichen.pl\/es\/rekolekcje-przygotowujace-do-zawarcia-sakramentu-malzenstwa\/#article","isPartOf":{"@id":"http:\/\/www.lichen.pl\/es\/rekolekcje-przygotowujace-do-zawarcia-sakramentu-malzenstwa\/"},"author":{"name":"ROBERT ADAMCZYK","@id":"https:\/\/www.lichen.pl\/fr\/#\/schema\/person\/c06cd926b95870cc59f18d6ee6e33da5"},"headline":"W Licheniu zako\u0144czy\u0142y si\u0119 rekolekcje przygotowuj\u0105ce do zawarcia sakramentu ma\u0142\u017ce\u0144stwa","datePublished":"2019-02-15T12:31:23+00:00","dateModified":"2021-06-18T12:52:05+00:00","mainEntityOfPage":{"@id":"http:\/\/www.lichen.pl\/es\/rekolekcje-przygotowujace-do-zawarcia-sakramentu-malzenstwa\/"},"wordCount":423,"commentCount":0,"image":{"@id":"http:\/\/www.lichen.pl\/es\/rekolekcje-przygotowujace-do-zawarcia-sakramentu-malzenstwa\/#primaryimage"},"thumbnailUrl":"https:\/\/www.lichen.pl\/wp-content\/uploads\/2021\/06\/IMG_9099.jpg","articleSection":["Aktualno\u015bci"],"inLanguage":"fr-FR","potentialAction":[{"@type":"CommentAction","name":"Comment","target":["http:\/\/www.lichen.pl\/es\/rekolekcje-przygotowujace-do-zawarcia-sakramentu-malzenstwa\/#respond"]}]},{"@type":"WebPage","@id":"http:\/\/www.lichen.pl\/es\/rekolekcje-przygotowujace-do-zawarcia-sakramentu-malzenstwa\/","url":"http:\/\/www.lichen.pl\/es\/rekolekcje-przygotowujace-do-zawarcia-sakramentu-malzenstwa\/","name":"W Licheniu zako\u0144czy\u0142y si\u0119 rekolekcje przygotowuj\u0105ce do zawarcia sakramentu ma\u0142\u017ce\u0144stwa - SANKTUARIUM W LICHENIU","isPartOf":{"@id":"https:\/\/www.lichen.pl\/fr\/#website"},"primaryImageOfPage":{"@id":"http:\/\/www.lichen.pl\/es\/rekolekcje-przygotowujace-do-zawarcia-sakramentu-malzenstwa\/#primaryimage"},"image":{"@id":"http:\/\/www.lichen.pl\/es\/rekolekcje-przygotowujace-do-zawarcia-sakramentu-malzenstwa\/#primaryimage"},"thumbnailUrl":"https:\/\/www.lichen.pl\/wp-content\/uploads\/2021\/06\/IMG_9099.jpg","datePublished":"2019-02-15T12:31:23+00:00","dateModified":"2021-06-18T12:52:05+00:00","author":{"@id":"https:\/\/www.lichen.pl\/fr\/#\/schema\/person\/c06cd926b95870cc59f18d6ee6e33da5"},"breadcrumb":{"@id":"http:\/\/www.lichen.pl\/es\/rekolekcje-przygotowujace-do-zawarcia-sakramentu-malzenstwa\/#breadcrumb"},"inLanguage":"fr-FR","potentialAction":[{"@type":"ReadAction","target":["http:\/\/www.lichen.pl\/es\/rekolekcje-przygotowujace-do-zawarcia-sakramentu-malzenstwa\/"]}]},{"@type":"ImageObject","inLanguage":"fr-FR","@id":"http:\/\/www.lichen.pl\/es\/rekolekcje-przygotowujace-do-zawarcia-sakramentu-malzenstwa\/#primaryimage","url":"https:\/\/www.lichen.pl\/wp-content\/uploads\/2021\/06\/IMG_9099.jpg","contentUrl":"https:\/\/www.lichen.pl\/wp-content\/uploads\/2021\/06\/IMG_9099.jpg","width":1152,"height":768},{"@type":"BreadcrumbList","@id":"http:\/\/www.lichen.pl\/es\/rekolekcje-przygotowujace-do-zawarcia-sakramentu-malzenstwa\/#breadcrumb","itemListElement":[{"@type":"ListItem","position":1,"name":"Strona g\u0142\u00f3wna","item":"https:\/\/www.lichen.pl\/"},{"@type":"ListItem","position":2,"name":"W Licheniu zako\u0144czy\u0142y si\u0119 rekolekcje przygotowuj\u0105ce do zawarcia sakramentu ma\u0142\u017ce\u0144stwa"}]},{"@type":"WebSite","@id":"https:\/\/www.lichen.pl\/fr\/#website","url":"https:\/\/www.lichen.pl\/fr\/","name":"SANCTUAIRE EN LICHENIE","description":"LA MAUVAISE REINE DE POLOGNE DE NOTRE LICHEN","potentialAction":[{"@type":"SearchAction","target":{"@type":"EntryPoint","urlTemplate":"https:\/\/www.lichen.pl\/fr\/?s={search_term_string}"},"query-input":{"@type":"PropertyValueSpecification","valueRequired":true,"valueName":"search_term_string"}}],"inLanguage":"fr-FR"},{"@type":"Person","@id":"https:\/\/www.lichen.pl\/fr\/#\/schema\/person\/c06cd926b95870cc59f18d6ee6e33da5","name":"ROBERT ADAMCZYK","image":{"@type":"ImageObject","inLanguage":"fr-FR","@id":"https:\/\/secure.gravatar.com\/avatar\/53c330430596e73552f4c356c2e47c209ff8f6352a5106011c9b6abcce5e00df?s=96&d=retro&r=g","url":"https:\/\/secure.gravatar.com\/avatar\/53c330430596e73552f4c356c2e47c209ff8f6352a5106011c9b6abcce5e00df?s=96&d=retro&r=g","contentUrl":"https:\/\/secure.gravatar.com\/avatar\/53c330430596e73552f4c356c2e47c209ff8f6352a5106011c9b6abcce5e00df?s=96&d=retro&r=g","caption":"ROBERT ADAMCZYK"},"url":"https:\/\/www.lichen.pl\/fr\/author\/press\/"}]}},"_links":{"self":[{"href":"https:\/\/www.lichen.pl\/fr\/wp-json\/wp\/v2\/posts\/14507","targetHints":{"allow":["GET"]}}],"collection":[{"href":"https:\/\/www.lichen.pl\/fr\/wp-json\/wp\/v2\/posts"}],"about":[{"href":"https:\/\/www.lichen.pl\/fr\/wp-json\/wp\/v2\/types\/post"}],"author":[{"embeddable":true,"href":"https:\/\/www.lichen.pl\/fr\/wp-json\/wp\/v2\/users\/4"}],"replies":[{"embeddable":true,"href":"https:\/\/www.lichen.pl\/fr\/wp-json\/wp\/v2\/comments?post=14507"}],"version-history":[{"count":5,"href":"https:\/\/www.lichen.pl\/fr\/wp-json\/wp\/v2\/posts\/14507\/revisions"}],"predecessor-version":[{"id":14535,"href":"https:\/\/www.lichen.pl\/fr\/wp-json\/wp\/v2\/posts\/14507\/revisions\/14535"}],"wp:featuredmedia":[{"embeddable":true,"href":"https:\/\/www.lichen.pl\/fr\/wp-json\/wp\/v2\/media\/14508"}],"wp:attachment":[{"href":"https:\/\/www.lichen.pl\/fr\/wp-json\/wp\/v2\/media?parent=14507"}],"wp:term":[{"taxonomy":"category","embeddable":true,"href":"https:\/\/www.lichen.pl\/fr\/wp-json\/wp\/v2\/categories?post=14507"},{"taxonomy":"post_tag","embeddable":true,"href":"https:\/\/www.lichen.pl\/fr\/wp-json\/wp\/v2\/tags?post=14507"}],"curies":[{"name":"wp","href":"https:\/\/api.w.org\/{rel}","templated":true}]}}