{"id":15019,"date":"2019-01-28T15:16:51","date_gmt":"2019-01-28T15:16:51","guid":{"rendered":"http:\/\/www.lichen.pl\/?p=15019"},"modified":"2021-06-29T09:19:19","modified_gmt":"2021-06-29T09:19:19","slug":"lichen-w-panamie","status":"publish","type":"post","link":"https:\/\/www.lichen.pl\/fr\/lichen-w-panamie\/","title":{"rendered":"Notre-Dame de Lichen au Panama pendant les JMJ Panama 2019."},"content":{"rendered":"<div data-elementor-type=\"wp-post\" data-elementor-id=\"15019\" class=\"elementor elementor-15019\" data-elementor-post-type=\"post\">\n\t\t\t\t\t\t<section class=\"elementor-section elementor-top-section elementor-element elementor-element-cf7f941 elementor-section-boxed elementor-section-height-default elementor-section-height-default\" data-id=\"cf7f941\" data-element_type=\"section\" data-e-type=\"section\">\n\t\t\t\t\t\t<div class=\"elementor-container elementor-column-gap-default\">\n\t\t\t\t\t<div class=\"elementor-column elementor-col-100 elementor-top-column elementor-element elementor-element-3eba817\" data-id=\"3eba817\" data-element_type=\"column\" data-e-type=\"column\">\n\t\t\t<div class=\"elementor-widget-wrap elementor-element-populated\">\n\t\t\t\t\t\t<div class=\"elementor-element elementor-element-55379f4 elementor-widget elementor-widget-heading\" data-id=\"55379f4\" data-element_type=\"widget\" data-e-type=\"widget\" data-widget_type=\"heading.default\">\n\t\t\t\t<div class=\"elementor-widget-container\">\n\t\t\t\t\t<h2 class=\"elementor-heading-title elementor-size-default\">34. La Journ\u00e9e mondiale de la jeunesse qui s&#039;est tenue au Panama cette ann\u00e9e est entr\u00e9e dans l&#039;histoire. Au cours de cette c\u00e9l\u00e9bration sp\u00e9ciale des jeunes du monde entier, les fid\u00e8les ont pu prier devant l&#039;image de Notre-Dame de Liche\u0144, dont une copie figurait parmi d&#039;autres images de Notre-Dame, apport\u00e9es de tous les dioc\u00e8ses de Pologne. <\/h2>\t\t\t\t<\/div>\n\t\t\t\t<\/div>\n\t\t\t\t<div class=\"elementor-element elementor-element-6215168 elementor-widget elementor-widget-text-editor\" data-id=\"6215168\" data-element_type=\"widget\" data-e-type=\"widget\" data-widget_type=\"text-editor.default\">\n\t\t\t\t<div class=\"elementor-widget-container\">\n\t\t\t\t\t\t\t\t\t<p>Il s&#039;av\u00e8re que non seulement le Panama \u00e9tait \u00e0 Liche\u0144 samedi dernier, le 26 janvier, mais aussi \u00e0 Liche\u0144 au Panama. Des jeunes du monde entier, encourag\u00e9s par les organisateurs des Journ\u00e9es Mondiales de la Jeunesse, ont apport\u00e9 les peintures les plus c\u00e9l\u00e8bres du pays avec Notre-Dame pour partager la richesse de la pi\u00e9t\u00e9 mariale. La jeunesse polonaise a apport\u00e9 42 peintures \u00e0 l&#039;image de la M\u00e8re de Dieu, particuli\u00e8rement v\u00e9n\u00e9r\u00e9es par les fid\u00e8les de leurs dioc\u00e8ses. Le dioc\u00e8se de W\u0142oc\u0142awek \u00e9tait repr\u00e9sent\u00e9 par une copie de l&#039;image miraculeuse de Notre-Dame de Liche\u0144.<\/p>\t\t\t\t\t\t\t\t<\/div>\n\t\t\t\t<\/div>\n\t\t\t\t<div class=\"elementor-element elementor-element-93b5a25 elementor-widget elementor-widget-image\" data-id=\"93b5a25\" data-element_type=\"widget\" data-e-type=\"widget\" data-widget_type=\"image.default\">\n\t\t\t\t<div class=\"elementor-widget-container\">\n\t\t\t\t\t\t\t\t\t\t\t\t<figure class=\"wp-caption\">\n\t\t\t\t\t\t\t\t\t\t<img fetchpriority=\"high\" decoding=\"async\" width=\"768\" height=\"614\" src=\"https:\/\/www.lichen.pl\/wp-content\/uploads\/2021\/06\/3-768x614.jpg\" class=\"attachment-medium_large size-medium_large wp-image-15020\" alt=\"\" srcset=\"https:\/\/www.lichen.pl\/wp-content\/uploads\/2021\/06\/3-768x614.jpg 768w, https:\/\/www.lichen.pl\/wp-content\/uploads\/2021\/06\/3-800x639.jpg 800w, https:\/\/www.lichen.pl\/wp-content\/uploads\/2021\/06\/3-300x240.jpg 300w, https:\/\/www.lichen.pl\/wp-content\/uploads\/2021\/06\/3-1024x819.jpg 1024w, https:\/\/www.lichen.pl\/wp-content\/uploads\/2021\/06\/3.jpg 1201w\" sizes=\"(max-width: 768px) 100vw, 768px\" \/>\t\t\t\t\t\t\t\t\t\t\t<figcaption class=\"widget-image-caption wp-caption-text\">L&#039;image de Notre-Dame de Lichen lors des JMJ Panama 2019<\/figcaption>\n\t\t\t\t\t\t\t\t\t\t<\/figure>\n\t\t\t\t\t\t\t\t\t<\/div>\n\t\t\t\t<\/div>\n\t\t\t\t<div class=\"elementor-element elementor-element-071cb9e elementor-widget elementor-widget-text-editor\" data-id=\"071cb9e\" data-element_type=\"widget\" data-e-type=\"widget\" data-widget_type=\"text-editor.default\">\n\t\t\t\t<div class=\"elementor-widget-container\">\n\t\t\t\t\t\t\t\t\t<p>Les peintures ont \u00e9t\u00e9 expos\u00e9es pendant la semaine des \u00e9v\u00e9nements centraux des JMJ, et les jeunes ont pu non seulement les conna\u00eetre, mais aussi parler \u00e0 leurs pairs du culte marial associ\u00e9 \u00e0 une image donn\u00e9e.<\/p><p>Lors de la Rencontre nationale polonaise du 23 janvier, des feretrons avec des images de Notre-Dame de Pologne ont \u00e9t\u00e9 plac\u00e9s devant l&#039;autel, dont Notre-Dame de Liche\u0144 !<\/p><p>Les jeunes du dioc\u00e8se de W\u0142oc\u0142awek ont laiss\u00e9 les images de Notre-Dame de Liche\u0144 dans leurs familles d&#039;accueil la semaine pr\u00e9c\u00e9dant les c\u00e9l\u00e9brations centrales.<\/p><p>Les \u00e9v\u00e9nements centraux des JMJ Panama 2019 ont eu lieu le Du 22 au 27 janvier 2019 sous le slogan &quot;Voici, je suis la servante du Seigneur, qu&#039;il me soit fait selon ta parole !&quot; (Luc 1:38). Elles ont \u00e9t\u00e9 pr\u00e9c\u00e9d\u00e9es de Journ\u00e9es dans les Dioc\u00e8ses, organis\u00e9es le Du 17 au 21 janvier 2019 au Panama, au Costa Rica et au Nicaragua.<\/p>\t\t\t\t\t\t\t\t<\/div>\n\t\t\t\t<\/div>\n\t\t\t\t<div class=\"elementor-element elementor-element-acdb87f elementor-widget-divider--view-line elementor-widget elementor-widget-divider\" data-id=\"acdb87f\" data-element_type=\"widget\" data-e-type=\"widget\" data-widget_type=\"divider.default\">\n\t\t\t\t<div class=\"elementor-widget-container\">\n\t\t\t\t\t\t\t<div class=\"elementor-divider\">\n\t\t\t<span class=\"elementor-divider-separator\">\n\t\t\t\t\t\t<\/span>\n\t\t<\/div>\n\t\t\t\t\t\t<\/div>\n\t\t\t\t<\/div>\n\t\t\t\t\t<\/div>\n\t\t<\/div>\n\t\t\t\t\t<\/div>\n\t\t<\/section>\n\t\t\t\t<\/div>","protected":false},"excerpt":{"rendered":"<p>34. \u015awiatowe Dni M\u0142odzie\u017cy, kt\u00f3re w tym roku odby\u0142y si\u0119 w Panamie, przesz\u0142y do historii. W trakcie tego wyj\u0105tkowego \u015bwi\u0119ta m\u0142odzie\u017cy z ca\u0142ego \u015bwiata, wierni mogli modli\u0107 si\u0119 przez wizerunkiem Matki Bo\u017cej Liche\u0144skiej, kt\u00f3rego kopia znalaz\u0142a si\u0119 w\u015br\u00f3d innych wizerunk\u00f3w Matki Bo\u017cej, przywiezionych z ka\u017cdej diecezji w Polsce. Okazuje si\u0119, \u017ce nie tylko Panama by\u0142a [&hellip;]<\/p>\n","protected":false},"author":4,"featured_media":15914,"comment_status":"open","ping_status":"open","sticky":false,"template":"","format":"standard","meta":{"footnotes":""},"categories":[1],"tags":[],"class_list":["post-15019","post","type-post","status-publish","format-standard","has-post-thumbnail","hentry","category-aktualnosci","wpbf-post"],"yoast_head":"<!-- This site is optimized with the Yoast SEO plugin v27.4 - https:\/\/yoast.com\/product\/yoast-seo-wordpress\/ -->\n<title>Matka Bo\u017ca Liche\u0144ska w Panamie podczas \u015aDM Panama 2019. - SANKTUARIUM W LICHENIU<\/title>\n<meta name=\"robots\" content=\"index, follow, max-snippet:-1, max-image-preview:large, max-video-preview:-1\" \/>\n<link rel=\"canonical\" href=\"http:\/\/www.lichen.pl\/fr\/lichen-w-panamie\/\" \/>\n<meta property=\"og:locale\" content=\"fr_FR\" \/>\n<meta property=\"og:type\" content=\"article\" \/>\n<meta property=\"og:title\" content=\"Matka Bo\u017ca Liche\u0144ska w Panamie podczas \u015aDM Panama 2019. - SANKTUARIUM W LICHENIU\" \/>\n<meta property=\"og:description\" content=\"34. \u015awiatowe Dni M\u0142odzie\u017cy, kt\u00f3re w tym roku odby\u0142y si\u0119 w Panamie, przesz\u0142y do historii. W trakcie tego wyj\u0105tkowego \u015bwi\u0119ta m\u0142odzie\u017cy z ca\u0142ego \u015bwiata, wierni mogli modli\u0107 si\u0119 przez wizerunkiem Matki Bo\u017cej Liche\u0144skiej, kt\u00f3rego kopia znalaz\u0142a si\u0119 w\u015br\u00f3d innych wizerunk\u00f3w Matki Bo\u017cej, przywiezionych z ka\u017cdej diecezji w Polsce. Okazuje si\u0119, \u017ce nie tylko Panama by\u0142a [&hellip;]\" \/>\n<meta property=\"og:url\" content=\"http:\/\/www.lichen.pl\/fr\/lichen-w-panamie\/\" \/>\n<meta property=\"og:site_name\" content=\"SANKTUARIUM W LICHENIU\" \/>\n<meta property=\"article:published_time\" content=\"2019-01-28T15:16:51+00:00\" \/>\n<meta property=\"article:modified_time\" content=\"2021-06-29T09:19:19+00:00\" \/>\n<meta property=\"og:image\" content=\"http:\/\/www.lichen.pl\/wp-content\/uploads\/2019\/01\/panama-logo.jpg\" \/>\n\t<meta property=\"og:image:width\" content=\"529\" \/>\n\t<meta property=\"og:image:height\" content=\"465\" \/>\n\t<meta property=\"og:image:type\" content=\"image\/jpeg\" \/>\n<meta name=\"author\" content=\"ROBERT ADAMCZYK\" \/>\n<meta name=\"twitter:card\" content=\"summary_large_image\" \/>\n<meta name=\"twitter:label1\" content=\"\u00c9crit par\" \/>\n\t<meta name=\"twitter:data1\" content=\"ROBERT ADAMCZYK\" \/>\n\t<meta name=\"twitter:label2\" content=\"Dur\u00e9e de lecture estim\u00e9e\" \/>\n\t<meta name=\"twitter:data2\" content=\"2 minutes\" \/>\n<script type=\"application\/ld+json\" class=\"yoast-schema-graph\">{\"@context\":\"https:\\\/\\\/schema.org\",\"@graph\":[{\"@type\":\"Article\",\"@id\":\"http:\\\/\\\/www.lichen.pl\\\/en\\\/lichen-w-panamie\\\/#article\",\"isPartOf\":{\"@id\":\"http:\\\/\\\/www.lichen.pl\\\/en\\\/lichen-w-panamie\\\/\"},\"author\":{\"name\":\"ROBERT ADAMCZYK\",\"@id\":\"https:\\\/\\\/www.lichen.pl\\\/fr\\\/#\\\/schema\\\/person\\\/c06cd926b95870cc59f18d6ee6e33da5\"},\"headline\":\"Matka Bo\u017ca Liche\u0144ska w Panamie podczas \u015aDM Panama 2019.\",\"datePublished\":\"2019-01-28T15:16:51+00:00\",\"dateModified\":\"2021-06-29T09:19:19+00:00\",\"mainEntityOfPage\":{\"@id\":\"http:\\\/\\\/www.lichen.pl\\\/en\\\/lichen-w-panamie\\\/\"},\"wordCount\":321,\"commentCount\":0,\"image\":{\"@id\":\"http:\\\/\\\/www.lichen.pl\\\/en\\\/lichen-w-panamie\\\/#primaryimage\"},\"thumbnailUrl\":\"https:\\\/\\\/www.lichen.pl\\\/wp-content\\\/uploads\\\/2019\\\/01\\\/panama-logo.jpg\",\"articleSection\":[\"Aktualno\u015bci\"],\"inLanguage\":\"fr-FR\",\"potentialAction\":[{\"@type\":\"CommentAction\",\"name\":\"Comment\",\"target\":[\"http:\\\/\\\/www.lichen.pl\\\/en\\\/lichen-w-panamie\\\/#respond\"]}]},{\"@type\":\"WebPage\",\"@id\":\"http:\\\/\\\/www.lichen.pl\\\/en\\\/lichen-w-panamie\\\/\",\"url\":\"http:\\\/\\\/www.lichen.pl\\\/en\\\/lichen-w-panamie\\\/\",\"name\":\"Matka Bo\u017ca Liche\u0144ska w Panamie podczas \u015aDM Panama 2019. - SANKTUARIUM W LICHENIU\",\"isPartOf\":{\"@id\":\"https:\\\/\\\/www.lichen.pl\\\/fr\\\/#website\"},\"primaryImageOfPage\":{\"@id\":\"http:\\\/\\\/www.lichen.pl\\\/en\\\/lichen-w-panamie\\\/#primaryimage\"},\"image\":{\"@id\":\"http:\\\/\\\/www.lichen.pl\\\/en\\\/lichen-w-panamie\\\/#primaryimage\"},\"thumbnailUrl\":\"https:\\\/\\\/www.lichen.pl\\\/wp-content\\\/uploads\\\/2019\\\/01\\\/panama-logo.jpg\",\"datePublished\":\"2019-01-28T15:16:51+00:00\",\"dateModified\":\"2021-06-29T09:19:19+00:00\",\"author\":{\"@id\":\"https:\\\/\\\/www.lichen.pl\\\/fr\\\/#\\\/schema\\\/person\\\/c06cd926b95870cc59f18d6ee6e33da5\"},\"breadcrumb\":{\"@id\":\"http:\\\/\\\/www.lichen.pl\\\/en\\\/lichen-w-panamie\\\/#breadcrumb\"},\"inLanguage\":\"fr-FR\",\"potentialAction\":[{\"@type\":\"ReadAction\",\"target\":[\"http:\\\/\\\/www.lichen.pl\\\/en\\\/lichen-w-panamie\\\/\"]}]},{\"@type\":\"ImageObject\",\"inLanguage\":\"fr-FR\",\"@id\":\"http:\\\/\\\/www.lichen.pl\\\/en\\\/lichen-w-panamie\\\/#primaryimage\",\"url\":\"https:\\\/\\\/www.lichen.pl\\\/wp-content\\\/uploads\\\/2019\\\/01\\\/panama-logo.jpg\",\"contentUrl\":\"https:\\\/\\\/www.lichen.pl\\\/wp-content\\\/uploads\\\/2019\\\/01\\\/panama-logo.jpg\",\"width\":529,\"height\":465},{\"@type\":\"BreadcrumbList\",\"@id\":\"http:\\\/\\\/www.lichen.pl\\\/en\\\/lichen-w-panamie\\\/#breadcrumb\",\"itemListElement\":[{\"@type\":\"ListItem\",\"position\":1,\"name\":\"Strona g\u0142\u00f3wna\",\"item\":\"https:\\\/\\\/www.lichen.pl\\\/\"},{\"@type\":\"ListItem\",\"position\":2,\"name\":\"Matka Bo\u017ca Liche\u0144ska w Panamie podczas \u015aDM Panama 2019.\"}]},{\"@type\":\"WebSite\",\"@id\":\"https:\\\/\\\/www.lichen.pl\\\/fr\\\/#website\",\"url\":\"https:\\\/\\\/www.lichen.pl\\\/fr\\\/\",\"name\":\"SANKTUARIUM W LICHENIU\",\"description\":\"MATKI BO\u017bEJ LICHE\u0143SKIEJ BOLESNEJ KR\u00d3LOWEJ POLSKI\",\"potentialAction\":[{\"@type\":\"SearchAction\",\"target\":{\"@type\":\"EntryPoint\",\"urlTemplate\":\"https:\\\/\\\/www.lichen.pl\\\/fr\\\/?s={search_term_string}\"},\"query-input\":{\"@type\":\"PropertyValueSpecification\",\"valueRequired\":true,\"valueName\":\"search_term_string\"}}],\"inLanguage\":\"fr-FR\"},{\"@type\":\"Person\",\"@id\":\"https:\\\/\\\/www.lichen.pl\\\/fr\\\/#\\\/schema\\\/person\\\/c06cd926b95870cc59f18d6ee6e33da5\",\"name\":\"ROBERT ADAMCZYK\",\"image\":{\"@type\":\"ImageObject\",\"inLanguage\":\"fr-FR\",\"@id\":\"https:\\\/\\\/secure.gravatar.com\\\/avatar\\\/53c330430596e73552f4c356c2e47c209ff8f6352a5106011c9b6abcce5e00df?s=96&d=retro&r=g\",\"url\":\"https:\\\/\\\/secure.gravatar.com\\\/avatar\\\/53c330430596e73552f4c356c2e47c209ff8f6352a5106011c9b6abcce5e00df?s=96&d=retro&r=g\",\"contentUrl\":\"https:\\\/\\\/secure.gravatar.com\\\/avatar\\\/53c330430596e73552f4c356c2e47c209ff8f6352a5106011c9b6abcce5e00df?s=96&d=retro&r=g\",\"caption\":\"ROBERT ADAMCZYK\"},\"url\":\"https:\\\/\\\/www.lichen.pl\\\/fr\\\/author\\\/press\\\/\"}]}<\/script>\n<!-- \/ Yoast SEO plugin. -->","yoast_head_json":{"title":"Matka Bo\u017ca Liche\u0144ska w Panamie podczas \u015aDM Panama 2019. - SANKTUARIUM W LICHENIU","robots":{"index":"index","follow":"follow","max-snippet":"max-snippet:-1","max-image-preview":"max-image-preview:large","max-video-preview":"max-video-preview:-1"},"canonical":"http:\/\/www.lichen.pl\/fr\/lichen-w-panamie\/","og_locale":"fr_FR","og_type":"article","og_title":"Matka Bo\u017ca Liche\u0144ska w Panamie podczas \u015aDM Panama 2019. - SANKTUARIUM W LICHENIU","og_description":"34. \u015awiatowe Dni M\u0142odzie\u017cy, kt\u00f3re w tym roku odby\u0142y si\u0119 w Panamie, przesz\u0142y do historii. W trakcie tego wyj\u0105tkowego \u015bwi\u0119ta m\u0142odzie\u017cy z ca\u0142ego \u015bwiata, wierni mogli modli\u0107 si\u0119 przez wizerunkiem Matki Bo\u017cej Liche\u0144skiej, kt\u00f3rego kopia znalaz\u0142a si\u0119 w\u015br\u00f3d innych wizerunk\u00f3w Matki Bo\u017cej, przywiezionych z ka\u017cdej diecezji w Polsce. Okazuje si\u0119, \u017ce nie tylko Panama by\u0142a [&hellip;]","og_url":"http:\/\/www.lichen.pl\/fr\/lichen-w-panamie\/","og_site_name":"SANKTUARIUM W LICHENIU","article_published_time":"2019-01-28T15:16:51+00:00","article_modified_time":"2021-06-29T09:19:19+00:00","og_image":[{"width":529,"height":465,"url":"http:\/\/www.lichen.pl\/wp-content\/uploads\/2019\/01\/panama-logo.jpg","type":"image\/jpeg"}],"author":"ROBERT ADAMCZYK","twitter_card":"summary_large_image","twitter_misc":{"\u00c9crit par":"ROBERT ADAMCZYK","Dur\u00e9e de lecture estim\u00e9e":"2 minutes"},"schema":{"@context":"https:\/\/schema.org","@graph":[{"@type":"Article","@id":"http:\/\/www.lichen.pl\/en\/lichen-w-panamie\/#article","isPartOf":{"@id":"http:\/\/www.lichen.pl\/en\/lichen-w-panamie\/"},"author":{"name":"ROBERT ADAMCZYK","@id":"https:\/\/www.lichen.pl\/fr\/#\/schema\/person\/c06cd926b95870cc59f18d6ee6e33da5"},"headline":"Matka Bo\u017ca Liche\u0144ska w Panamie podczas \u015aDM Panama 2019.","datePublished":"2019-01-28T15:16:51+00:00","dateModified":"2021-06-29T09:19:19+00:00","mainEntityOfPage":{"@id":"http:\/\/www.lichen.pl\/en\/lichen-w-panamie\/"},"wordCount":321,"commentCount":0,"image":{"@id":"http:\/\/www.lichen.pl\/en\/lichen-w-panamie\/#primaryimage"},"thumbnailUrl":"https:\/\/www.lichen.pl\/wp-content\/uploads\/2019\/01\/panama-logo.jpg","articleSection":["Aktualno\u015bci"],"inLanguage":"fr-FR","potentialAction":[{"@type":"CommentAction","name":"Comment","target":["http:\/\/www.lichen.pl\/en\/lichen-w-panamie\/#respond"]}]},{"@type":"WebPage","@id":"http:\/\/www.lichen.pl\/en\/lichen-w-panamie\/","url":"http:\/\/www.lichen.pl\/en\/lichen-w-panamie\/","name":"Matka Bo\u017ca Liche\u0144ska w Panamie podczas \u015aDM Panama 2019. - SANKTUARIUM W LICHENIU","isPartOf":{"@id":"https:\/\/www.lichen.pl\/fr\/#website"},"primaryImageOfPage":{"@id":"http:\/\/www.lichen.pl\/en\/lichen-w-panamie\/#primaryimage"},"image":{"@id":"http:\/\/www.lichen.pl\/en\/lichen-w-panamie\/#primaryimage"},"thumbnailUrl":"https:\/\/www.lichen.pl\/wp-content\/uploads\/2019\/01\/panama-logo.jpg","datePublished":"2019-01-28T15:16:51+00:00","dateModified":"2021-06-29T09:19:19+00:00","author":{"@id":"https:\/\/www.lichen.pl\/fr\/#\/schema\/person\/c06cd926b95870cc59f18d6ee6e33da5"},"breadcrumb":{"@id":"http:\/\/www.lichen.pl\/en\/lichen-w-panamie\/#breadcrumb"},"inLanguage":"fr-FR","potentialAction":[{"@type":"ReadAction","target":["http:\/\/www.lichen.pl\/en\/lichen-w-panamie\/"]}]},{"@type":"ImageObject","inLanguage":"fr-FR","@id":"http:\/\/www.lichen.pl\/en\/lichen-w-panamie\/#primaryimage","url":"https:\/\/www.lichen.pl\/wp-content\/uploads\/2019\/01\/panama-logo.jpg","contentUrl":"https:\/\/www.lichen.pl\/wp-content\/uploads\/2019\/01\/panama-logo.jpg","width":529,"height":465},{"@type":"BreadcrumbList","@id":"http:\/\/www.lichen.pl\/en\/lichen-w-panamie\/#breadcrumb","itemListElement":[{"@type":"ListItem","position":1,"name":"Strona g\u0142\u00f3wna","item":"https:\/\/www.lichen.pl\/"},{"@type":"ListItem","position":2,"name":"Matka Bo\u017ca Liche\u0144ska w Panamie podczas \u015aDM Panama 2019."}]},{"@type":"WebSite","@id":"https:\/\/www.lichen.pl\/fr\/#website","url":"https:\/\/www.lichen.pl\/fr\/","name":"SANCTUAIRE EN LICHENIE","description":"LA MAUVAISE REINE DE POLOGNE DE NOTRE LICHEN","potentialAction":[{"@type":"SearchAction","target":{"@type":"EntryPoint","urlTemplate":"https:\/\/www.lichen.pl\/fr\/?s={search_term_string}"},"query-input":{"@type":"PropertyValueSpecification","valueRequired":true,"valueName":"search_term_string"}}],"inLanguage":"fr-FR"},{"@type":"Person","@id":"https:\/\/www.lichen.pl\/fr\/#\/schema\/person\/c06cd926b95870cc59f18d6ee6e33da5","name":"ROBERT ADAMCZYK","image":{"@type":"ImageObject","inLanguage":"fr-FR","@id":"https:\/\/secure.gravatar.com\/avatar\/53c330430596e73552f4c356c2e47c209ff8f6352a5106011c9b6abcce5e00df?s=96&d=retro&r=g","url":"https:\/\/secure.gravatar.com\/avatar\/53c330430596e73552f4c356c2e47c209ff8f6352a5106011c9b6abcce5e00df?s=96&d=retro&r=g","contentUrl":"https:\/\/secure.gravatar.com\/avatar\/53c330430596e73552f4c356c2e47c209ff8f6352a5106011c9b6abcce5e00df?s=96&d=retro&r=g","caption":"ROBERT ADAMCZYK"},"url":"https:\/\/www.lichen.pl\/fr\/author\/press\/"}]}},"_links":{"self":[{"href":"https:\/\/www.lichen.pl\/fr\/wp-json\/wp\/v2\/posts\/15019","targetHints":{"allow":["GET"]}}],"collection":[{"href":"https:\/\/www.lichen.pl\/fr\/wp-json\/wp\/v2\/posts"}],"about":[{"href":"https:\/\/www.lichen.pl\/fr\/wp-json\/wp\/v2\/types\/post"}],"author":[{"embeddable":true,"href":"https:\/\/www.lichen.pl\/fr\/wp-json\/wp\/v2\/users\/4"}],"replies":[{"embeddable":true,"href":"https:\/\/www.lichen.pl\/fr\/wp-json\/wp\/v2\/comments?post=15019"}],"version-history":[{"count":20,"href":"https:\/\/www.lichen.pl\/fr\/wp-json\/wp\/v2\/posts\/15019\/revisions"}],"predecessor-version":[{"id":15934,"href":"https:\/\/www.lichen.pl\/fr\/wp-json\/wp\/v2\/posts\/15019\/revisions\/15934"}],"wp:featuredmedia":[{"embeddable":true,"href":"https:\/\/www.lichen.pl\/fr\/wp-json\/wp\/v2\/media\/15914"}],"wp:attachment":[{"href":"https:\/\/www.lichen.pl\/fr\/wp-json\/wp\/v2\/media?parent=15019"}],"wp:term":[{"taxonomy":"category","embeddable":true,"href":"https:\/\/www.lichen.pl\/fr\/wp-json\/wp\/v2\/categories?post=15019"},{"taxonomy":"post_tag","embeddable":true,"href":"https:\/\/www.lichen.pl\/fr\/wp-json\/wp\/v2\/tags?post=15019"}],"curies":[{"name":"wp","href":"https:\/\/api.w.org\/{rel}","templated":true}]}}