{"id":15502,"date":"2021-06-26T19:37:00","date_gmt":"2021-06-26T19:37:00","guid":{"rendered":"http:\/\/www.lichen.pl\/?p=15502"},"modified":"2021-07-03T12:50:56","modified_gmt":"2021-07-03T12:50:56","slug":"autobusy-mzk-konin-beda-kursowaly-do-lichenia","status":"publish","type":"post","link":"https:\/\/www.lichen.pl\/fr\/autobusy-mzk-konin-beda-kursowaly-do-lichenia\/","title":{"rendered":"\u00c0 partir du 26 juin 2021, des bus MZK Konin desserviront r\u00e9guli\u00e8rement Liche\u0144."},"content":{"rendered":"<div data-elementor-type=\"wp-post\" data-elementor-id=\"15502\" class=\"elementor elementor-15502\" data-elementor-post-type=\"post\">\n\t\t\t\t\t\t<section class=\"elementor-section elementor-top-section elementor-element elementor-element-1e0cb12 elementor-section-boxed elementor-section-height-default elementor-section-height-default\" data-id=\"1e0cb12\" data-element_type=\"section\" data-e-type=\"section\">\n\t\t\t\t\t\t<div class=\"elementor-container elementor-column-gap-default\">\n\t\t\t\t\t<div class=\"elementor-column elementor-col-100 elementor-top-column elementor-element elementor-element-eb60b07\" data-id=\"eb60b07\" data-element_type=\"column\" data-e-type=\"column\">\n\t\t\t<div class=\"elementor-widget-wrap elementor-element-populated\">\n\t\t\t\t\t\t<div class=\"elementor-element elementor-element-b4bd788 elementor-widget elementor-widget-heading\" data-id=\"b4bd788\" data-element_type=\"widget\" data-e-type=\"widget\" data-widget_type=\"heading.default\">\n\t\t\t\t<div class=\"elementor-widget-container\">\n\t\t\t\t\t<h2 class=\"elementor-heading-title elementor-size-default\">A partir de ce samedi 26 juin, des bus circuleront vers le sanctuaire marial de Liche\u0144, ce ne sont pas des jours f\u00e9ri\u00e9s. \n<\/h2>\t\t\t\t<\/div>\n\t\t\t\t<\/div>\n\t\t\t\t<section class=\"elementor-section elementor-inner-section elementor-element elementor-element-385ce13 elementor-section-boxed elementor-section-height-default elementor-section-height-default\" data-id=\"385ce13\" data-element_type=\"section\" data-e-type=\"section\">\n\t\t\t\t\t\t<div class=\"elementor-container elementor-column-gap-default\">\n\t\t\t\t\t<div class=\"elementor-column elementor-col-50 elementor-inner-column elementor-element elementor-element-4775125\" data-id=\"4775125\" data-element_type=\"column\" data-e-type=\"column\">\n\t\t\t<div class=\"elementor-widget-wrap elementor-element-populated\">\n\t\t\t\t\t\t<div class=\"elementor-element elementor-element-4025483 elementor-widget elementor-widget-text-editor\" data-id=\"4025483\" data-element_type=\"widget\" data-e-type=\"widget\" data-widget_type=\"text-editor.default\">\n\t\t\t\t<div class=\"elementor-widget-container\">\n\t\t\t\t\t\t\t\t\t<p>Les bus de Konin partiront de l&#039;arr\u00eat situ\u00e9 \u00e0 la gare. Leur itin\u00e9raire traversera Aleje 1. Maja, Wyszy\u0144skiego et Jana Paw\u0142a II, s&#039;arr\u00eatant \u00e0 tous les arr\u00eats situ\u00e9s le long de ces rues.<\/p><p>L&#039;arr\u00eat final \u00e0 Liche\u0144 sera situ\u00e9 sur le parking \u00e0 c\u00f4t\u00e9 de la maison du p\u00e8lerin &quot;Bethl\u00e9em&quot;. En dehors des limites administratives de Konin, la ligne s&#039;arr\u00eatera uniquement \u00e0 l&#039;arr\u00eat de Las Gr\u0105bli\u0144ski.<\/p><p>Horaires de d\u00e9part de l&#039;arr\u00eat Konin Dworzec PKP en direction de Liche\u0144\u00a0: <strong>9h00, 10h45, 13h00 et 15h00<\/strong><\/p><p>Horaires de d\u00e9part de l&#039;arr\u00eat Liche\u0144 Dom Pielgrzyma Betlejem en direction de Konin : <strong>9h45, 11h30, 14h00 et 18h00.<\/strong><\/p><p>Voyager sur la ligne 67 sera valable pour des billets identiques aux autres lignes de communication exploit\u00e9es par Miejski Zak\u0142ad Komunikacji \u00e0 Konin sp. Z oo \u00a0<\/p><p>&#8211; <strong>billet normal 2,80<\/strong> zloty;<\/p><p>&#8211; <strong>billet r\u00e9duit 1,40<\/strong> zloty;<\/p><p>&#8211; <strong>temps et abonnements<\/strong>;<\/p><p>&#8211; <strong>billets pour les personnes \u00e2g\u00e9es et les donneurs de sang honoraires<\/strong>.<\/p><p>Les billets peuvent \u00eatre achet\u00e9s aux distributeurs de billets situ\u00e9s dans la ville et dans les bus.<\/p><p>Le temps de trajet estim\u00e9 en bus sur la ligne Konin-Sanktuarium \u00e0 Liche\u0144 est de 35 minutes.<\/p>\t\t\t\t\t\t\t\t<\/div>\n\t\t\t\t<\/div>\n\t\t\t\t\t<\/div>\n\t\t<\/div>\n\t\t\t\t<div class=\"elementor-column elementor-col-50 elementor-inner-column elementor-element elementor-element-ff141f0\" data-id=\"ff141f0\" data-element_type=\"column\" data-e-type=\"column\">\n\t\t\t<div class=\"elementor-widget-wrap elementor-element-populated\">\n\t\t\t\t\t\t<div class=\"elementor-element elementor-element-65b9f81 elementor-widget elementor-widget-heading\" data-id=\"65b9f81\" data-element_type=\"widget\" data-e-type=\"widget\" data-widget_type=\"heading.default\">\n\t\t\t\t<div class=\"elementor-widget-container\">\n\t\t\t\t\t<h2 class=\"elementor-heading-title elementor-size-default\">Le bus MZK de Konin \u00e0 Liche\u0144<\/h2>\t\t\t\t<\/div>\n\t\t\t\t<\/div>\n\t\t\t\t<div class=\"elementor-element elementor-element-f6e1c98 elementor-widget elementor-widget-image\" data-id=\"f6e1c98\" data-element_type=\"widget\" data-e-type=\"widget\" data-widget_type=\"image.default\">\n\t\t\t\t<div class=\"elementor-widget-container\">\n\t\t\t\t\t\t\t\t\t\t\t\t<figure class=\"wp-caption\">\n\t\t\t\t\t\t\t\t\t\t<img fetchpriority=\"high\" decoding=\"async\" width=\"1024\" height=\"683\" src=\"https:\/\/www.lichen.pl\/wp-content\/uploads\/2021\/06\/IMG_4043-1024x683.jpg\" class=\"attachment-large size-large wp-image-15511\" alt=\"Le bus MZK de Konin \u00e0 Liche\u0144\" srcset=\"https:\/\/www.lichen.pl\/wp-content\/uploads\/2021\/06\/IMG_4043-1024x683.jpg 1024w, https:\/\/www.lichen.pl\/wp-content\/uploads\/2021\/06\/IMG_4043-800x533.jpg 800w, https:\/\/www.lichen.pl\/wp-content\/uploads\/2021\/06\/IMG_4043-300x200.jpg 300w, https:\/\/www.lichen.pl\/wp-content\/uploads\/2021\/06\/IMG_4043-768x512.jpg 768w, https:\/\/www.lichen.pl\/wp-content\/uploads\/2021\/06\/IMG_4043.jpg 1152w\" sizes=\"(max-width: 1024px) 100vw, 1024px\" \/>\t\t\t\t\t\t\t\t\t\t\t<figcaption class=\"widget-image-caption wp-caption-text\">Bus MZK \u00e0 Liche\u0144<\/figcaption>\n\t\t\t\t\t\t\t\t\t\t<\/figure>\n\t\t\t\t\t\t\t\t\t<\/div>\n\t\t\t\t<\/div>\n\t\t\t\t<div class=\"elementor-element elementor-element-1730ac4 elementor-widget elementor-widget-image\" data-id=\"1730ac4\" data-element_type=\"widget\" data-e-type=\"widget\" data-widget_type=\"image.default\">\n\t\t\t\t<div class=\"elementor-widget-container\">\n\t\t\t\t\t\t\t\t\t\t\t\t<figure class=\"wp-caption\">\n\t\t\t\t\t\t\t\t\t\t<img decoding=\"async\" width=\"1024\" height=\"683\" src=\"https:\/\/www.lichen.pl\/wp-content\/uploads\/2021\/05\/IMG_4007-1024x683.jpg\" class=\"attachment-large size-large wp-image-9355\" alt=\"Autobus\" srcset=\"https:\/\/www.lichen.pl\/wp-content\/uploads\/2021\/05\/IMG_4007-1024x683.jpg 1024w, https:\/\/www.lichen.pl\/wp-content\/uploads\/2021\/05\/IMG_4007-800x533.jpg 800w, https:\/\/www.lichen.pl\/wp-content\/uploads\/2021\/05\/IMG_4007-300x200.jpg 300w, https:\/\/www.lichen.pl\/wp-content\/uploads\/2021\/05\/IMG_4007-768x512.jpg 768w, https:\/\/www.lichen.pl\/wp-content\/uploads\/2021\/05\/IMG_4007.jpg 1152w\" sizes=\"(max-width: 1024px) 100vw, 1024px\" \/>\t\t\t\t\t\t\t\t\t\t\t<figcaption class=\"widget-image-caption wp-caption-text\">Bus MZK \u00e0 Liche\u0144<\/figcaption>\n\t\t\t\t\t\t\t\t\t\t<\/figure>\n\t\t\t\t\t\t\t\t\t<\/div>\n\t\t\t\t<\/div>\n\t\t\t\t\t<\/div>\n\t\t<\/div>\n\t\t\t\t\t<\/div>\n\t\t<\/section>\n\t\t\t\t<section class=\"elementor-section elementor-inner-section elementor-element elementor-element-d2082c4 elementor-section-boxed elementor-section-height-default elementor-section-height-default\" data-id=\"d2082c4\" data-element_type=\"section\" data-e-type=\"section\">\n\t\t\t\t\t\t<div class=\"elementor-container elementor-column-gap-default\">\n\t\t\t\t\t<div class=\"elementor-column elementor-col-100 elementor-inner-column elementor-element elementor-element-39c63bd\" data-id=\"39c63bd\" data-element_type=\"column\" data-e-type=\"column\">\n\t\t\t<div class=\"elementor-widget-wrap elementor-element-populated\">\n\t\t\t\t\t\t<div class=\"elementor-element elementor-element-ae296b7 elementor-widget-divider--view-line elementor-widget elementor-widget-divider\" data-id=\"ae296b7\" data-element_type=\"widget\" data-e-type=\"widget\" data-widget_type=\"divider.default\">\n\t\t\t\t<div class=\"elementor-widget-container\">\n\t\t\t\t\t\t\t<div class=\"elementor-divider\">\n\t\t\t<span class=\"elementor-divider-separator\">\n\t\t\t\t\t\t<\/span>\n\t\t<\/div>\n\t\t\t\t\t\t<\/div>\n\t\t\t\t<\/div>\n\t\t\t\t\t<\/div>\n\t\t<\/div>\n\t\t\t\t\t<\/div>\n\t\t<\/section>\n\t\t\t\t<section class=\"elementor-section elementor-inner-section elementor-element elementor-element-81b3e77 elementor-section-boxed elementor-section-height-default elementor-section-height-default\" data-id=\"81b3e77\" data-element_type=\"section\" data-e-type=\"section\">\n\t\t\t\t\t\t<div class=\"elementor-container elementor-column-gap-default\">\n\t\t\t\t\t<div class=\"elementor-column elementor-col-50 elementor-inner-column elementor-element elementor-element-dbd8b08\" data-id=\"dbd8b08\" data-element_type=\"column\" data-e-type=\"column\">\n\t\t\t<div class=\"elementor-widget-wrap elementor-element-populated\">\n\t\t\t\t\t\t<div class=\"elementor-element elementor-element-9f00350 elementor-widget elementor-widget-image\" data-id=\"9f00350\" data-element_type=\"widget\" data-e-type=\"widget\" data-widget_type=\"image.default\">\n\t\t\t\t<div class=\"elementor-widget-container\">\n\t\t\t\t\t\t\t\t\t\t\t\t\t\t\t<img decoding=\"async\" width=\"768\" height=\"1107\" src=\"https:\/\/www.lichen.pl\/wp-content\/uploads\/2021\/06\/Rozklad-jazdy-Linia-67-Konin-Lichen-768x1107.jpg\" class=\"attachment-medium_large size-medium_large wp-image-15522\" alt=\"\" srcset=\"https:\/\/www.lichen.pl\/wp-content\/uploads\/2021\/06\/Rozklad-jazdy-Linia-67-Konin-Lichen-768x1107.jpg 768w, https:\/\/www.lichen.pl\/wp-content\/uploads\/2021\/06\/Rozklad-jazdy-Linia-67-Konin-Lichen-800x1153.jpg 800w, https:\/\/www.lichen.pl\/wp-content\/uploads\/2021\/06\/Rozklad-jazdy-Linia-67-Konin-Lichen-208x300.jpg 208w, https:\/\/www.lichen.pl\/wp-content\/uploads\/2021\/06\/Rozklad-jazdy-Linia-67-Konin-Lichen-711x1024.jpg 711w, https:\/\/www.lichen.pl\/wp-content\/uploads\/2021\/06\/Rozklad-jazdy-Linia-67-Konin-Lichen-1066x1536.jpg 1066w, https:\/\/www.lichen.pl\/wp-content\/uploads\/2021\/06\/Rozklad-jazdy-Linia-67-Konin-Lichen.jpg 888w\" sizes=\"(max-width: 768px) 100vw, 768px\" \/>\t\t\t\t\t\t\t\t\t\t\t\t\t\t\t<\/div>\n\t\t\t\t<\/div>\n\t\t\t\t\t<\/div>\n\t\t<\/div>\n\t\t\t\t<div class=\"elementor-column elementor-col-50 elementor-inner-column elementor-element elementor-element-c590d53\" data-id=\"c590d53\" data-element_type=\"column\" data-e-type=\"column\">\n\t\t\t<div class=\"elementor-widget-wrap elementor-element-populated\">\n\t\t\t\t\t\t<div class=\"elementor-element elementor-element-8adc496 elementor-widget elementor-widget-image\" data-id=\"8adc496\" data-element_type=\"widget\" data-e-type=\"widget\" data-widget_type=\"image.default\">\n\t\t\t\t<div class=\"elementor-widget-container\">\n\t\t\t\t\t\t\t\t\t\t\t\t\t\t\t<img loading=\"lazy\" decoding=\"async\" width=\"718\" height=\"1024\" src=\"https:\/\/www.lichen.pl\/wp-content\/uploads\/2021\/06\/Rozklad-jazdy-Linia-67-Lichen-Konin-718x1024.jpg\" class=\"attachment-large size-large wp-image-15527\" alt=\"\" srcset=\"https:\/\/www.lichen.pl\/wp-content\/uploads\/2021\/06\/Rozklad-jazdy-Linia-67-Lichen-Konin-718x1024.jpg 718w, https:\/\/www.lichen.pl\/wp-content\/uploads\/2021\/06\/Rozklad-jazdy-Linia-67-Lichen-Konin-800x1142.jpg 800w, https:\/\/www.lichen.pl\/wp-content\/uploads\/2021\/06\/Rozklad-jazdy-Linia-67-Lichen-Konin-210x300.jpg 210w, https:\/\/www.lichen.pl\/wp-content\/uploads\/2021\/06\/Rozklad-jazdy-Linia-67-Lichen-Konin-768x1096.jpg 768w, https:\/\/www.lichen.pl\/wp-content\/uploads\/2021\/06\/Rozklad-jazdy-Linia-67-Lichen-Konin-1076x1536.jpg 1076w, https:\/\/www.lichen.pl\/wp-content\/uploads\/2021\/06\/Rozklad-jazdy-Linia-67-Lichen-Konin.jpg 897w\" sizes=\"(max-width: 718px) 100vw, 718px\" \/>\t\t\t\t\t\t\t\t\t\t\t\t\t\t\t<\/div>\n\t\t\t\t<\/div>\n\t\t\t\t\t<\/div>\n\t\t<\/div>\n\t\t\t\t\t<\/div>\n\t\t<\/section>\n\t\t\t\t<div class=\"elementor-element elementor-element-bc1d4a0 elementor-widget-divider--view-line elementor-widget elementor-widget-divider\" data-id=\"bc1d4a0\" data-element_type=\"widget\" data-e-type=\"widget\" data-widget_type=\"divider.default\">\n\t\t\t\t<div class=\"elementor-widget-container\">\n\t\t\t\t\t\t\t<div class=\"elementor-divider\">\n\t\t\t<span class=\"elementor-divider-separator\">\n\t\t\t\t\t\t<\/span>\n\t\t<\/div>\n\t\t\t\t\t\t<\/div>\n\t\t\t\t<\/div>\n\t\t\t\t\t<\/div>\n\t\t<\/div>\n\t\t\t\t\t<\/div>\n\t\t<\/section>\n\t\t\t\t<\/div>","protected":false},"excerpt":{"rendered":"<p>Pocz\u0105wszy od najbli\u017cszej soboty, 26 czerwca, do Sanktuarium Maryjnego w Licheniu kursowa\u0107 b\u0119d\u0105 autobusy Miejskiego Zak\u0142adu Komunikacji w Koninie sp. z o.o. Przewo\u017anik uruchamia regularn\u0105 lini\u0119 specjaln\u0105 o numerze 67. Nowa linia b\u0119dzie kursowa\u0142a w soboty, niedziele i \u015bwi\u0119ta (tak\u017ce ko\u015bcielne), kt\u00f3re nie s\u0105 dniami wolnymi od pracy. Autobusy z Konina b\u0119d\u0105 odje\u017cd\u017ca\u0142y z przystanku [&hellip;]<\/p>\n","protected":false},"author":4,"featured_media":17663,"comment_status":"open","ping_status":"open","sticky":false,"template":"","format":"standard","meta":{"footnotes":""},"categories":[1],"tags":[],"class_list":["post-15502","post","type-post","status-publish","format-standard","has-post-thumbnail","hentry","category-aktualnosci","wpbf-post"],"yoast_head":"<!-- This site is optimized with the Yoast SEO plugin v27.4 - https:\/\/yoast.com\/product\/yoast-seo-wordpress\/ -->\n<title>Autobusy MZK Konin od 26 czerwca 2021 r. b\u0119d\u0105 regularnie kursowa\u0142y do Lichenia. - SANKTUARIUM W LICHENIU<\/title>\n<meta name=\"robots\" content=\"index, follow, max-snippet:-1, max-image-preview:large, max-video-preview:-1\" \/>\n<link rel=\"canonical\" href=\"http:\/\/www.lichen.pl\/fr\/autobusy-mzk-konin-beda-kursowaly-do-lichenia\/\" \/>\n<meta property=\"og:locale\" content=\"fr_FR\" \/>\n<meta property=\"og:type\" content=\"article\" \/>\n<meta property=\"og:title\" content=\"Autobusy MZK Konin od 26 czerwca 2021 r. b\u0119d\u0105 regularnie kursowa\u0142y do Lichenia. - SANKTUARIUM W LICHENIU\" \/>\n<meta property=\"og:description\" content=\"Pocz\u0105wszy od najbli\u017cszej soboty, 26 czerwca, do Sanktuarium Maryjnego w Licheniu kursowa\u0107 b\u0119d\u0105 autobusy Miejskiego Zak\u0142adu Komunikacji w Koninie sp. z o.o. Przewo\u017anik uruchamia regularn\u0105 lini\u0119 specjaln\u0105 o numerze 67. Nowa linia b\u0119dzie kursowa\u0142a w soboty, niedziele i \u015bwi\u0119ta (tak\u017ce ko\u015bcielne), kt\u00f3re nie s\u0105 dniami wolnymi od pracy. Autobusy z Konina b\u0119d\u0105 odje\u017cd\u017ca\u0142y z przystanku [&hellip;]\" \/>\n<meta property=\"og:url\" content=\"http:\/\/www.lichen.pl\/fr\/autobusy-mzk-konin-beda-kursowaly-do-lichenia\/\" \/>\n<meta property=\"og:site_name\" content=\"SANKTUARIUM W LICHENIU\" \/>\n<meta property=\"article:published_time\" content=\"2021-06-26T19:37:00+00:00\" \/>\n<meta property=\"article:modified_time\" content=\"2021-07-03T12:50:56+00:00\" \/>\n<meta property=\"og:image\" content=\"http:\/\/www.lichen.pl\/wp-content\/uploads\/2021\/06\/MZK.jpg\" \/>\n\t<meta property=\"og:image:width\" content=\"1600\" \/>\n\t<meta property=\"og:image:height\" content=\"1200\" \/>\n\t<meta property=\"og:image:type\" content=\"image\/jpeg\" \/>\n<meta name=\"author\" content=\"ROBERT ADAMCZYK\" \/>\n<meta name=\"twitter:card\" content=\"summary_large_image\" \/>\n<meta name=\"twitter:label1\" content=\"\u00c9crit par\" \/>\n\t<meta name=\"twitter:data1\" content=\"ROBERT ADAMCZYK\" \/>\n\t<meta name=\"twitter:label2\" content=\"Dur\u00e9e de lecture estim\u00e9e\" \/>\n\t<meta name=\"twitter:data2\" content=\"2 minutes\" \/>\n<script type=\"application\/ld+json\" class=\"yoast-schema-graph\">{\"@context\":\"https:\\\/\\\/schema.org\",\"@graph\":[{\"@type\":\"Article\",\"@id\":\"http:\\\/\\\/www.lichen.pl\\\/de\\\/autobusy-mzk-konin-beda-kursowaly-do-lichenia\\\/#article\",\"isPartOf\":{\"@id\":\"http:\\\/\\\/www.lichen.pl\\\/de\\\/autobusy-mzk-konin-beda-kursowaly-do-lichenia\\\/\"},\"author\":{\"name\":\"ROBERT ADAMCZYK\",\"@id\":\"https:\\\/\\\/www.lichen.pl\\\/fr\\\/#\\\/schema\\\/person\\\/c06cd926b95870cc59f18d6ee6e33da5\"},\"headline\":\"Autobusy MZK Konin od 26 czerwca 2021 r. b\u0119d\u0105 regularnie kursowa\u0142y do Lichenia.\",\"datePublished\":\"2021-06-26T19:37:00+00:00\",\"dateModified\":\"2021-07-03T12:50:56+00:00\",\"mainEntityOfPage\":{\"@id\":\"http:\\\/\\\/www.lichen.pl\\\/de\\\/autobusy-mzk-konin-beda-kursowaly-do-lichenia\\\/\"},\"wordCount\":250,\"commentCount\":0,\"image\":{\"@id\":\"http:\\\/\\\/www.lichen.pl\\\/de\\\/autobusy-mzk-konin-beda-kursowaly-do-lichenia\\\/#primaryimage\"},\"thumbnailUrl\":\"https:\\\/\\\/www.lichen.pl\\\/wp-content\\\/uploads\\\/2021\\\/06\\\/MZK.jpg\",\"articleSection\":[\"Aktualno\u015bci\"],\"inLanguage\":\"fr-FR\",\"potentialAction\":[{\"@type\":\"CommentAction\",\"name\":\"Comment\",\"target\":[\"http:\\\/\\\/www.lichen.pl\\\/de\\\/autobusy-mzk-konin-beda-kursowaly-do-lichenia\\\/#respond\"]}]},{\"@type\":\"WebPage\",\"@id\":\"http:\\\/\\\/www.lichen.pl\\\/de\\\/autobusy-mzk-konin-beda-kursowaly-do-lichenia\\\/\",\"url\":\"http:\\\/\\\/www.lichen.pl\\\/de\\\/autobusy-mzk-konin-beda-kursowaly-do-lichenia\\\/\",\"name\":\"Autobusy MZK Konin od 26 czerwca 2021 r. b\u0119d\u0105 regularnie kursowa\u0142y do Lichenia. - SANKTUARIUM W LICHENIU\",\"isPartOf\":{\"@id\":\"https:\\\/\\\/www.lichen.pl\\\/fr\\\/#website\"},\"primaryImageOfPage\":{\"@id\":\"http:\\\/\\\/www.lichen.pl\\\/de\\\/autobusy-mzk-konin-beda-kursowaly-do-lichenia\\\/#primaryimage\"},\"image\":{\"@id\":\"http:\\\/\\\/www.lichen.pl\\\/de\\\/autobusy-mzk-konin-beda-kursowaly-do-lichenia\\\/#primaryimage\"},\"thumbnailUrl\":\"https:\\\/\\\/www.lichen.pl\\\/wp-content\\\/uploads\\\/2021\\\/06\\\/MZK.jpg\",\"datePublished\":\"2021-06-26T19:37:00+00:00\",\"dateModified\":\"2021-07-03T12:50:56+00:00\",\"author\":{\"@id\":\"https:\\\/\\\/www.lichen.pl\\\/fr\\\/#\\\/schema\\\/person\\\/c06cd926b95870cc59f18d6ee6e33da5\"},\"breadcrumb\":{\"@id\":\"http:\\\/\\\/www.lichen.pl\\\/de\\\/autobusy-mzk-konin-beda-kursowaly-do-lichenia\\\/#breadcrumb\"},\"inLanguage\":\"fr-FR\",\"potentialAction\":[{\"@type\":\"ReadAction\",\"target\":[\"http:\\\/\\\/www.lichen.pl\\\/de\\\/autobusy-mzk-konin-beda-kursowaly-do-lichenia\\\/\"]}]},{\"@type\":\"ImageObject\",\"inLanguage\":\"fr-FR\",\"@id\":\"http:\\\/\\\/www.lichen.pl\\\/de\\\/autobusy-mzk-konin-beda-kursowaly-do-lichenia\\\/#primaryimage\",\"url\":\"https:\\\/\\\/www.lichen.pl\\\/wp-content\\\/uploads\\\/2021\\\/06\\\/MZK.jpg\",\"contentUrl\":\"https:\\\/\\\/www.lichen.pl\\\/wp-content\\\/uploads\\\/2021\\\/06\\\/MZK.jpg\",\"width\":1600,\"height\":1200},{\"@type\":\"BreadcrumbList\",\"@id\":\"http:\\\/\\\/www.lichen.pl\\\/de\\\/autobusy-mzk-konin-beda-kursowaly-do-lichenia\\\/#breadcrumb\",\"itemListElement\":[{\"@type\":\"ListItem\",\"position\":1,\"name\":\"Strona g\u0142\u00f3wna\",\"item\":\"https:\\\/\\\/www.lichen.pl\\\/\"},{\"@type\":\"ListItem\",\"position\":2,\"name\":\"Autobusy MZK Konin od 26 czerwca 2021 r. b\u0119d\u0105 regularnie kursowa\u0142y do Lichenia.\"}]},{\"@type\":\"WebSite\",\"@id\":\"https:\\\/\\\/www.lichen.pl\\\/fr\\\/#website\",\"url\":\"https:\\\/\\\/www.lichen.pl\\\/fr\\\/\",\"name\":\"SANKTUARIUM W LICHENIU\",\"description\":\"MATKI BO\u017bEJ LICHE\u0143SKIEJ BOLESNEJ KR\u00d3LOWEJ POLSKI\",\"potentialAction\":[{\"@type\":\"SearchAction\",\"target\":{\"@type\":\"EntryPoint\",\"urlTemplate\":\"https:\\\/\\\/www.lichen.pl\\\/fr\\\/?s={search_term_string}\"},\"query-input\":{\"@type\":\"PropertyValueSpecification\",\"valueRequired\":true,\"valueName\":\"search_term_string\"}}],\"inLanguage\":\"fr-FR\"},{\"@type\":\"Person\",\"@id\":\"https:\\\/\\\/www.lichen.pl\\\/fr\\\/#\\\/schema\\\/person\\\/c06cd926b95870cc59f18d6ee6e33da5\",\"name\":\"ROBERT ADAMCZYK\",\"image\":{\"@type\":\"ImageObject\",\"inLanguage\":\"fr-FR\",\"@id\":\"https:\\\/\\\/secure.gravatar.com\\\/avatar\\\/53c330430596e73552f4c356c2e47c209ff8f6352a5106011c9b6abcce5e00df?s=96&d=retro&r=g\",\"url\":\"https:\\\/\\\/secure.gravatar.com\\\/avatar\\\/53c330430596e73552f4c356c2e47c209ff8f6352a5106011c9b6abcce5e00df?s=96&d=retro&r=g\",\"contentUrl\":\"https:\\\/\\\/secure.gravatar.com\\\/avatar\\\/53c330430596e73552f4c356c2e47c209ff8f6352a5106011c9b6abcce5e00df?s=96&d=retro&r=g\",\"caption\":\"ROBERT ADAMCZYK\"},\"url\":\"https:\\\/\\\/www.lichen.pl\\\/fr\\\/author\\\/press\\\/\"}]}<\/script>\n<!-- \/ Yoast SEO plugin. -->","yoast_head_json":{"title":"Autobusy MZK Konin od 26 czerwca 2021 r. b\u0119d\u0105 regularnie kursowa\u0142y do Lichenia. - SANKTUARIUM W LICHENIU","robots":{"index":"index","follow":"follow","max-snippet":"max-snippet:-1","max-image-preview":"max-image-preview:large","max-video-preview":"max-video-preview:-1"},"canonical":"http:\/\/www.lichen.pl\/fr\/autobusy-mzk-konin-beda-kursowaly-do-lichenia\/","og_locale":"fr_FR","og_type":"article","og_title":"Autobusy MZK Konin od 26 czerwca 2021 r. b\u0119d\u0105 regularnie kursowa\u0142y do Lichenia. - SANKTUARIUM W LICHENIU","og_description":"Pocz\u0105wszy od najbli\u017cszej soboty, 26 czerwca, do Sanktuarium Maryjnego w Licheniu kursowa\u0107 b\u0119d\u0105 autobusy Miejskiego Zak\u0142adu Komunikacji w Koninie sp. z o.o. Przewo\u017anik uruchamia regularn\u0105 lini\u0119 specjaln\u0105 o numerze 67. Nowa linia b\u0119dzie kursowa\u0142a w soboty, niedziele i \u015bwi\u0119ta (tak\u017ce ko\u015bcielne), kt\u00f3re nie s\u0105 dniami wolnymi od pracy. Autobusy z Konina b\u0119d\u0105 odje\u017cd\u017ca\u0142y z przystanku [&hellip;]","og_url":"http:\/\/www.lichen.pl\/fr\/autobusy-mzk-konin-beda-kursowaly-do-lichenia\/","og_site_name":"SANKTUARIUM W LICHENIU","article_published_time":"2021-06-26T19:37:00+00:00","article_modified_time":"2021-07-03T12:50:56+00:00","og_image":[{"width":1600,"height":1200,"url":"http:\/\/www.lichen.pl\/wp-content\/uploads\/2021\/06\/MZK.jpg","type":"image\/jpeg"}],"author":"ROBERT ADAMCZYK","twitter_card":"summary_large_image","twitter_misc":{"\u00c9crit par":"ROBERT ADAMCZYK","Dur\u00e9e de lecture estim\u00e9e":"2 minutes"},"schema":{"@context":"https:\/\/schema.org","@graph":[{"@type":"Article","@id":"http:\/\/www.lichen.pl\/de\/autobusy-mzk-konin-beda-kursowaly-do-lichenia\/#article","isPartOf":{"@id":"http:\/\/www.lichen.pl\/de\/autobusy-mzk-konin-beda-kursowaly-do-lichenia\/"},"author":{"name":"ROBERT ADAMCZYK","@id":"https:\/\/www.lichen.pl\/fr\/#\/schema\/person\/c06cd926b95870cc59f18d6ee6e33da5"},"headline":"Autobusy MZK Konin od 26 czerwca 2021 r. b\u0119d\u0105 regularnie kursowa\u0142y do Lichenia.","datePublished":"2021-06-26T19:37:00+00:00","dateModified":"2021-07-03T12:50:56+00:00","mainEntityOfPage":{"@id":"http:\/\/www.lichen.pl\/de\/autobusy-mzk-konin-beda-kursowaly-do-lichenia\/"},"wordCount":250,"commentCount":0,"image":{"@id":"http:\/\/www.lichen.pl\/de\/autobusy-mzk-konin-beda-kursowaly-do-lichenia\/#primaryimage"},"thumbnailUrl":"https:\/\/www.lichen.pl\/wp-content\/uploads\/2021\/06\/MZK.jpg","articleSection":["Aktualno\u015bci"],"inLanguage":"fr-FR","potentialAction":[{"@type":"CommentAction","name":"Comment","target":["http:\/\/www.lichen.pl\/de\/autobusy-mzk-konin-beda-kursowaly-do-lichenia\/#respond"]}]},{"@type":"WebPage","@id":"http:\/\/www.lichen.pl\/de\/autobusy-mzk-konin-beda-kursowaly-do-lichenia\/","url":"http:\/\/www.lichen.pl\/de\/autobusy-mzk-konin-beda-kursowaly-do-lichenia\/","name":"Autobusy MZK Konin od 26 czerwca 2021 r. b\u0119d\u0105 regularnie kursowa\u0142y do Lichenia. - SANKTUARIUM W LICHENIU","isPartOf":{"@id":"https:\/\/www.lichen.pl\/fr\/#website"},"primaryImageOfPage":{"@id":"http:\/\/www.lichen.pl\/de\/autobusy-mzk-konin-beda-kursowaly-do-lichenia\/#primaryimage"},"image":{"@id":"http:\/\/www.lichen.pl\/de\/autobusy-mzk-konin-beda-kursowaly-do-lichenia\/#primaryimage"},"thumbnailUrl":"https:\/\/www.lichen.pl\/wp-content\/uploads\/2021\/06\/MZK.jpg","datePublished":"2021-06-26T19:37:00+00:00","dateModified":"2021-07-03T12:50:56+00:00","author":{"@id":"https:\/\/www.lichen.pl\/fr\/#\/schema\/person\/c06cd926b95870cc59f18d6ee6e33da5"},"breadcrumb":{"@id":"http:\/\/www.lichen.pl\/de\/autobusy-mzk-konin-beda-kursowaly-do-lichenia\/#breadcrumb"},"inLanguage":"fr-FR","potentialAction":[{"@type":"ReadAction","target":["http:\/\/www.lichen.pl\/de\/autobusy-mzk-konin-beda-kursowaly-do-lichenia\/"]}]},{"@type":"ImageObject","inLanguage":"fr-FR","@id":"http:\/\/www.lichen.pl\/de\/autobusy-mzk-konin-beda-kursowaly-do-lichenia\/#primaryimage","url":"https:\/\/www.lichen.pl\/wp-content\/uploads\/2021\/06\/MZK.jpg","contentUrl":"https:\/\/www.lichen.pl\/wp-content\/uploads\/2021\/06\/MZK.jpg","width":1600,"height":1200},{"@type":"BreadcrumbList","@id":"http:\/\/www.lichen.pl\/de\/autobusy-mzk-konin-beda-kursowaly-do-lichenia\/#breadcrumb","itemListElement":[{"@type":"ListItem","position":1,"name":"Strona g\u0142\u00f3wna","item":"https:\/\/www.lichen.pl\/"},{"@type":"ListItem","position":2,"name":"Autobusy MZK Konin od 26 czerwca 2021 r. b\u0119d\u0105 regularnie kursowa\u0142y do Lichenia."}]},{"@type":"WebSite","@id":"https:\/\/www.lichen.pl\/fr\/#website","url":"https:\/\/www.lichen.pl\/fr\/","name":"SANCTUAIRE EN LICHENIE","description":"LA MAUVAISE REINE DE POLOGNE DE NOTRE LICHEN","potentialAction":[{"@type":"SearchAction","target":{"@type":"EntryPoint","urlTemplate":"https:\/\/www.lichen.pl\/fr\/?s={search_term_string}"},"query-input":{"@type":"PropertyValueSpecification","valueRequired":true,"valueName":"search_term_string"}}],"inLanguage":"fr-FR"},{"@type":"Person","@id":"https:\/\/www.lichen.pl\/fr\/#\/schema\/person\/c06cd926b95870cc59f18d6ee6e33da5","name":"ROBERT ADAMCZYK","image":{"@type":"ImageObject","inLanguage":"fr-FR","@id":"https:\/\/secure.gravatar.com\/avatar\/53c330430596e73552f4c356c2e47c209ff8f6352a5106011c9b6abcce5e00df?s=96&d=retro&r=g","url":"https:\/\/secure.gravatar.com\/avatar\/53c330430596e73552f4c356c2e47c209ff8f6352a5106011c9b6abcce5e00df?s=96&d=retro&r=g","contentUrl":"https:\/\/secure.gravatar.com\/avatar\/53c330430596e73552f4c356c2e47c209ff8f6352a5106011c9b6abcce5e00df?s=96&d=retro&r=g","caption":"ROBERT ADAMCZYK"},"url":"https:\/\/www.lichen.pl\/fr\/author\/press\/"}]}},"_links":{"self":[{"href":"https:\/\/www.lichen.pl\/fr\/wp-json\/wp\/v2\/posts\/15502","targetHints":{"allow":["GET"]}}],"collection":[{"href":"https:\/\/www.lichen.pl\/fr\/wp-json\/wp\/v2\/posts"}],"about":[{"href":"https:\/\/www.lichen.pl\/fr\/wp-json\/wp\/v2\/types\/post"}],"author":[{"embeddable":true,"href":"https:\/\/www.lichen.pl\/fr\/wp-json\/wp\/v2\/users\/4"}],"replies":[{"embeddable":true,"href":"https:\/\/www.lichen.pl\/fr\/wp-json\/wp\/v2\/comments?post=15502"}],"version-history":[{"count":12,"href":"https:\/\/www.lichen.pl\/fr\/wp-json\/wp\/v2\/posts\/15502\/revisions"}],"predecessor-version":[{"id":15566,"href":"https:\/\/www.lichen.pl\/fr\/wp-json\/wp\/v2\/posts\/15502\/revisions\/15566"}],"wp:featuredmedia":[{"embeddable":true,"href":"https:\/\/www.lichen.pl\/fr\/wp-json\/wp\/v2\/media\/17663"}],"wp:attachment":[{"href":"https:\/\/www.lichen.pl\/fr\/wp-json\/wp\/v2\/media?parent=15502"}],"wp:term":[{"taxonomy":"category","embeddable":true,"href":"https:\/\/www.lichen.pl\/fr\/wp-json\/wp\/v2\/categories?post=15502"},{"taxonomy":"post_tag","embeddable":true,"href":"https:\/\/www.lichen.pl\/fr\/wp-json\/wp\/v2\/tags?post=15502"}],"curies":[{"name":"wp","href":"https:\/\/api.w.org\/{rel}","templated":true}]}}