{"id":16081,"date":"2019-04-05T15:58:52","date_gmt":"2019-04-05T15:58:52","guid":{"rendered":"http:\/\/www.lichen.pl\/?p=16081"},"modified":"2021-06-30T07:10:04","modified_gmt":"2021-06-30T07:10:04","slug":"szkolenie-w-zakresie-pierwszej-pomocy","status":"publish","type":"post","link":"https:\/\/www.lichen.pl\/fr\/szkolenie-w-zakresie-pierwszej-pomocy\/","title":{"rendered":"Formation aux premiers secours"},"content":{"rendered":"<div data-elementor-type=\"wp-post\" data-elementor-id=\"16081\" class=\"elementor elementor-16081\" data-elementor-post-type=\"post\">\n\t\t\t\t\t\t<section class=\"elementor-section elementor-top-section elementor-element elementor-element-011118a elementor-section-boxed elementor-section-height-default elementor-section-height-default\" data-id=\"011118a\" data-element_type=\"section\" data-e-type=\"section\">\n\t\t\t\t\t\t<div class=\"elementor-container elementor-column-gap-default\">\n\t\t\t\t\t<div class=\"elementor-column elementor-col-100 elementor-top-column elementor-element elementor-element-534346f\" data-id=\"534346f\" data-element_type=\"column\" data-e-type=\"column\">\n\t\t\t<div class=\"elementor-widget-wrap elementor-element-populated\">\n\t\t\t\t\t\t<div class=\"elementor-element elementor-element-bb768bd elementor-widget elementor-widget-heading\" data-id=\"bb768bd\" data-element_type=\"widget\" data-e-type=\"widget\" data-widget_type=\"heading.default\">\n\t\t\t\t<div class=\"elementor-widget-container\">\n\t\t\t\t\t<h2 class=\"elementor-heading-title elementor-size-default\">Plus de 30 personnes travaillant au Sanctuaire Notre-Dame de Liche\u0144 \u00e0 Liche\u0144 Stary se sont familiaris\u00e9es avec les principes des premiers secours. Des repr\u00e9sentants de diverses agences op\u00e9rant dans le sanctuaire ont particip\u00e9 \u00e0 trois sessions de formation. <\/h2>\t\t\t\t<\/div>\n\t\t\t\t<\/div>\n\t\t\t\t<section class=\"elementor-section elementor-inner-section elementor-element elementor-element-5772497 elementor-section-boxed elementor-section-height-default elementor-section-height-default\" data-id=\"5772497\" data-element_type=\"section\" data-e-type=\"section\">\n\t\t\t\t\t\t<div class=\"elementor-container elementor-column-gap-default\">\n\t\t\t\t\t<div class=\"elementor-column elementor-col-50 elementor-inner-column elementor-element elementor-element-248f5f9\" data-id=\"248f5f9\" data-element_type=\"column\" data-e-type=\"column\">\n\t\t\t<div class=\"elementor-widget-wrap elementor-element-populated\">\n\t\t\t\t\t\t<div class=\"elementor-element elementor-element-08ea011 elementor-widget elementor-widget-text-editor\" data-id=\"08ea011\" data-element_type=\"widget\" data-e-type=\"widget\" data-widget_type=\"text-editor.default\">\n\t\t\t\t<div class=\"elementor-widget-container\">\n\t\t\t\t\t\t\t\t\t<p>Les sessions de formation et d&#039;atelier ont \u00e9t\u00e9 organis\u00e9es en petits groupes afin que les personnes qui y participent, outre une introduction th\u00e9orique \u00e0 des probl\u00e8mes sp\u00e9cifiques, puissent b\u00e9n\u00e9ficier de cours pratiques. Selon l&#039;enseignant, M. Robert Bielecki, un ambulancier avec plusieurs ann\u00e9es d&#039;exp\u00e9rience pratique, ce type de formation augmente la conscience de soi au sein de la soci\u00e9t\u00e9 et permet l&#039;acquisition de connaissances et de comp\u00e9tences de base sur la fa\u00e7on de r\u00e9agir face \u00e0 une situation potentiellement mortelle qui nous sommes t\u00e9moins.<\/p>\t\t\t\t\t\t\t\t<\/div>\n\t\t\t\t<\/div>\n\t\t\t\t\t<\/div>\n\t\t<\/div>\n\t\t\t\t<div class=\"elementor-column elementor-col-50 elementor-inner-column elementor-element elementor-element-a2ec99a\" data-id=\"a2ec99a\" data-element_type=\"column\" data-e-type=\"column\">\n\t\t\t<div class=\"elementor-widget-wrap elementor-element-populated\">\n\t\t\t\t\t\t<div class=\"elementor-element elementor-element-efce108 elementor-widget elementor-widget-image\" data-id=\"efce108\" data-element_type=\"widget\" data-e-type=\"widget\" data-widget_type=\"image.default\">\n\t\t\t\t<div class=\"elementor-widget-container\">\n\t\t\t\t\t\t\t\t\t\t\t\t<figure class=\"wp-caption\">\n\t\t\t\t\t\t\t\t\t\t<img fetchpriority=\"high\" decoding=\"async\" width=\"768\" height=\"511\" src=\"https:\/\/www.lichen.pl\/wp-content\/uploads\/2021\/06\/IMG_9910-768x511.jpg\" class=\"attachment-medium_large size-medium_large wp-image-16087\" alt=\"\" srcset=\"https:\/\/www.lichen.pl\/wp-content\/uploads\/2021\/06\/IMG_9910-768x511.jpg 768w, https:\/\/www.lichen.pl\/wp-content\/uploads\/2021\/06\/IMG_9910-800x532.jpg 800w, https:\/\/www.lichen.pl\/wp-content\/uploads\/2021\/06\/IMG_9910-300x200.jpg 300w, https:\/\/www.lichen.pl\/wp-content\/uploads\/2021\/06\/IMG_9910-1024x681.jpg 1024w, https:\/\/www.lichen.pl\/wp-content\/uploads\/2021\/06\/IMG_9910.jpg 1154w\" sizes=\"(max-width: 768px) 100vw, 768px\" \/>\t\t\t\t\t\t\t\t\t\t\t<figcaption class=\"widget-image-caption wp-caption-text\">V\u00e9rification des fonctions vitales<\/figcaption>\n\t\t\t\t\t\t\t\t\t\t<\/figure>\n\t\t\t\t\t\t\t\t\t<\/div>\n\t\t\t\t<\/div>\n\t\t\t\t\t<\/div>\n\t\t<\/div>\n\t\t\t\t\t<\/div>\n\t\t<\/section>\n\t\t\t\t<div class=\"elementor-element elementor-element-abbd6c3 elementor-widget elementor-widget-text-editor\" data-id=\"abbd6c3\" data-element_type=\"widget\" data-e-type=\"widget\" data-widget_type=\"text-editor.default\">\n\t\t\t\t<div class=\"elementor-widget-container\">\n\t\t\t\t\t\t\t\t\t<p>Plus de 30 employ\u00e9s du sanctuaire Lichen ont particip\u00e9 \u00e0 la formation, qui s&#039;est d\u00e9roul\u00e9e dans le b\u00e2timent du Centre Lichen d&#039;aide \u00e0 la famille et aux toxicomanes. Selon Robert Adamczyk du bureau de presse du sanctuaire, la cl\u00e9 de la s\u00e9lection des personnes qui suivaient une formation \u00e9tait le contact fr\u00e9quent avec les p\u00e8lerins venant au sanctuaire de Liche\u0144 :<\/p><p>&#8211; <em>Chaque ann\u00e9e, plusieurs centaines de milliers de personnes viennent \u00e0 Liche\u0144. Gardant \u00e0 l&#039;esprit la s\u00e9curit\u00e9 de nos h\u00f4tes, l&#039;id\u00e9e est n\u00e9e pour les employ\u00e9s du sanctuaire de se familiariser avec les m\u00e9canismes de base pour sauver la vie des personnes qui, par exemple, perdent connaissance. Bien s\u00fbr, les connaissances et comp\u00e9tences acquises au cours de plusieurs heures de formation peuvent \u00eatre utilis\u00e9es par les participants \u00e0 tout moment, car la vie humaine n&#039;a pas de prix. La formation a \u00e9t\u00e9 organis\u00e9e principalement pour minimiser les effets n\u00e9gatifs d&#039;\u00e9ventuelles situations al\u00e9atoires pouvant survenir dans le sanctuaire.<\/em><\/p>\t\t\t\t\t\t\t\t<\/div>\n\t\t\t\t<\/div>\n\t\t\t\t<div class=\"elementor-element elementor-element-602dfb4 elementor-widget elementor-widget-image\" data-id=\"602dfb4\" data-element_type=\"widget\" data-e-type=\"widget\" data-widget_type=\"image.default\">\n\t\t\t\t<div class=\"elementor-widget-container\">\n\t\t\t\t\t\t\t\t\t\t\t\t<figure class=\"wp-caption\">\n\t\t\t\t\t\t\t\t\t\t<img decoding=\"async\" width=\"768\" height=\"511\" src=\"https:\/\/www.lichen.pl\/wp-content\/uploads\/2021\/06\/IMG_0188-768x511.jpg\" class=\"attachment-medium_large size-medium_large wp-image-16092\" alt=\"\" srcset=\"https:\/\/www.lichen.pl\/wp-content\/uploads\/2021\/06\/IMG_0188-768x511.jpg 768w, https:\/\/www.lichen.pl\/wp-content\/uploads\/2021\/06\/IMG_0188-800x532.jpg 800w, https:\/\/www.lichen.pl\/wp-content\/uploads\/2021\/06\/IMG_0188-300x200.jpg 300w, https:\/\/www.lichen.pl\/wp-content\/uploads\/2021\/06\/IMG_0188-1024x681.jpg 1024w, https:\/\/www.lichen.pl\/wp-content\/uploads\/2021\/06\/IMG_0188.jpg 1154w\" sizes=\"(max-width: 768px) 100vw, 768px\" \/>\t\t\t\t\t\t\t\t\t\t\t<figcaption class=\"widget-image-caption wp-caption-text\">M. Robert Bielecki lors de la formation<\/figcaption>\n\t\t\t\t\t\t\t\t\t\t<\/figure>\n\t\t\t\t\t\t\t\t\t<\/div>\n\t\t\t\t<\/div>\n\t\t\t\t<div class=\"elementor-element elementor-element-43a58ab elementor-widget elementor-widget-text-editor\" data-id=\"43a58ab\" data-element_type=\"widget\" data-e-type=\"widget\" data-widget_type=\"text-editor.default\">\n\t\t\t\t<div class=\"elementor-widget-container\">\n\t\t\t\t\t\t\t\t\t<p>Au cours de la formation, les participants ont pos\u00e9 la question : &quot;Pour aider - oui ou non ?&quot; Conform\u00e9ment \u00e0 l&#039;art. 4 de la loi sur les services m\u00e9dicaux d&#039;urgence de l&#039;\u00c9tat et l&#039;art. 162 du Code p\u00e9nal, la r\u00e9ponse est &quot;oui&quot; - nous sommes tous oblig\u00e9s d&#039;aider les personnes dont la vie ou la sant\u00e9 est en danger.\u00a0<\/p><p>Au cours de la formation, les participants ont appris la diff\u00e9rence et les sympt\u00f4mes d&#039;\u00e9vanouissement, d&#039;\u00e9vanouissement ou d&#039;arr\u00eat cardiaque soudain. Ils ont appris \u00e0 r\u00e9agir au cas par cas et \u00e0 commencer la RCR en cas d&#039;arr\u00eat cardiaque avant l&#039;arriv\u00e9e de l&#039;\u00e9quipe m\u00e9dicale d&#039;urgence.\u00a0<\/p><p>Les exercices pratiques consistaient \u00e0 identifier les conditions potentiellement mortelles, \u00e0 v\u00e9rifier la respiration et \u00e0 se mettre en position de s\u00e9curit\u00e9. Des probl\u00e8mes tels que l&#039;\u00e9vanouissement, l&#039;\u00e9vanouissement, l&#039;arr\u00eat cardiaque, l&#039;\u00e9pilepsie, l&#039;\u00e9touffement ont \u00e9galement \u00e9t\u00e9 abord\u00e9s. Le chef a \u00e9galement discut\u00e9 de l&#039;\u00e9quipement de la trousse de premiers soins qui devrait \u00eatre sur le lieu de travail.<\/p>\t\t\t\t\t\t\t\t<\/div>\n\t\t\t\t<\/div>\n\t\t\t\t<div class=\"elementor-element elementor-element-210e47c elementor-widget elementor-widget-image\" data-id=\"210e47c\" data-element_type=\"widget\" data-e-type=\"widget\" data-widget_type=\"image.default\">\n\t\t\t\t<div class=\"elementor-widget-container\">\n\t\t\t\t\t\t\t\t\t\t\t\t\t\t\t<img decoding=\"async\" width=\"768\" height=\"511\" src=\"https:\/\/www.lichen.pl\/wp-content\/uploads\/2021\/06\/IMG_0197-768x511.jpg\" class=\"attachment-medium_large size-medium_large wp-image-16097\" alt=\"\" srcset=\"https:\/\/www.lichen.pl\/wp-content\/uploads\/2021\/06\/IMG_0197-768x511.jpg 768w, https:\/\/www.lichen.pl\/wp-content\/uploads\/2021\/06\/IMG_0197-800x532.jpg 800w, https:\/\/www.lichen.pl\/wp-content\/uploads\/2021\/06\/IMG_0197-300x200.jpg 300w, https:\/\/www.lichen.pl\/wp-content\/uploads\/2021\/06\/IMG_0197-1024x681.jpg 1024w, https:\/\/www.lichen.pl\/wp-content\/uploads\/2021\/06\/IMG_0197.jpg 1154w\" sizes=\"(max-width: 768px) 100vw, 768px\" \/>\t\t\t\t\t\t\t\t\t\t\t\t\t\t\t<\/div>\n\t\t\t\t<\/div>\n\t\t\t\t<div class=\"elementor-element elementor-element-763a998 elementor-widget elementor-widget-text-editor\" data-id=\"763a998\" data-element_type=\"widget\" data-e-type=\"widget\" data-widget_type=\"text-editor.default\">\n\t\t\t\t<div class=\"elementor-widget-container\">\n\t\t\t\t\t\t\t\t\t<p>Au total, 31 personnes travaillant au sanctuaire marial de Liche\u0144 Stary, qui sont quotidiennement en contact fr\u00e9quent avec les p\u00e8lerins, ont particip\u00e9 \u00e0 3 sessions de formation, incl. bureaux du service des p\u00e8lerins, chancellerie, s\u00e9curit\u00e9, bureau de presse, sacristie, mus\u00e9e ou maison des p\u00e8lerins. La formation a \u00e9t\u00e9 organis\u00e9e pour donner aux employ\u00e9s les principes de base du secourisme. Gr\u00e2ce \u00e0 cela, dans les situations o\u00f9 la vie des p\u00e8lerins ou des employ\u00e9s est en danger, les personnes qui ont suivi le cours disposent des connaissances n\u00e9cessaires pour sauver la vie ou la sant\u00e9 de la personne bless\u00e9e. La formation, qui pour chaque groupe a dur\u00e9 5 heures au total, \u00e9tait th\u00e9orique et pratique.<\/p>\t\t\t\t\t\t\t\t<\/div>\n\t\t\t\t<\/div>\n\t\t\t\t\t<\/div>\n\t\t<\/div>\n\t\t\t\t\t<\/div>\n\t\t<\/section>\n\t\t\t\t<\/div>","protected":false},"excerpt":{"rendered":"<p>Ponad 30 os\u00f3b pracuj\u0105cych w Sanktuarium Matki Bo\u017cej Liche\u0144skiej w Licheniu Starym zapozna\u0142o si\u0119 z zasadami udzielania pierwszej pomocy. W trzech sesjach szkoleniowych uczestniczyli przedstawiciele r\u00f3\u017cnych agend dzia\u0142aj\u0105cych na terenie sanktuarium. Sesje szkoleniowo-warsztatowe odbywa\u0142y si\u0119 ma\u0142ych grupach, aby osoby w nich uczestnicz\u0105ce, poza teoretycznym wprowadzeniem do poszczeg\u00f3lnych zagadnie\u0144, mog\u0142y skorzysta\u0107 z zaj\u0119\u0107 praktycznych. Zdaniem prowadz\u0105cego [&hellip;]<\/p>\n","protected":false},"author":4,"featured_media":0,"comment_status":"open","ping_status":"open","sticky":false,"template":"","format":"standard","meta":{"footnotes":""},"categories":[1],"tags":[],"class_list":["post-16081","post","type-post","status-publish","format-standard","hentry","category-aktualnosci","wpbf-post"],"yoast_head":"<!-- This site is optimized with the Yoast SEO plugin v27.4 - https:\/\/yoast.com\/product\/yoast-seo-wordpress\/ -->\n<title>Szkolenie w zakresie pierwszej pomocy - SANKTUARIUM W LICHENIU<\/title>\n<meta name=\"robots\" content=\"index, follow, max-snippet:-1, max-image-preview:large, max-video-preview:-1\" \/>\n<link rel=\"canonical\" href=\"https:\/\/www.lichen.pl\/fr\/szkolenie-w-zakresie-pierwszej-pomocy\/\" \/>\n<meta property=\"og:locale\" content=\"fr_FR\" \/>\n<meta property=\"og:type\" content=\"article\" \/>\n<meta property=\"og:title\" content=\"Szkolenie w zakresie pierwszej pomocy - SANKTUARIUM W LICHENIU\" \/>\n<meta property=\"og:description\" content=\"Ponad 30 os\u00f3b pracuj\u0105cych w Sanktuarium Matki Bo\u017cej Liche\u0144skiej w Licheniu Starym zapozna\u0142o si\u0119 z zasadami udzielania pierwszej pomocy. W trzech sesjach szkoleniowych uczestniczyli przedstawiciele r\u00f3\u017cnych agend dzia\u0142aj\u0105cych na terenie sanktuarium. Sesje szkoleniowo-warsztatowe odbywa\u0142y si\u0119 ma\u0142ych grupach, aby osoby w nich uczestnicz\u0105ce, poza teoretycznym wprowadzeniem do poszczeg\u00f3lnych zagadnie\u0144, mog\u0142y skorzysta\u0107 z zaj\u0119\u0107 praktycznych. Zdaniem prowadz\u0105cego [&hellip;]\" \/>\n<meta property=\"og:url\" content=\"https:\/\/www.lichen.pl\/fr\/szkolenie-w-zakresie-pierwszej-pomocy\/\" \/>\n<meta property=\"og:site_name\" content=\"SANKTUARIUM W LICHENIU\" \/>\n<meta property=\"article:published_time\" content=\"2019-04-05T15:58:52+00:00\" \/>\n<meta property=\"article:modified_time\" content=\"2021-06-30T07:10:04+00:00\" \/>\n<meta property=\"og:image\" content=\"http:\/\/www.lichen.pl\/wp-content\/uploads\/2021\/06\/IMG_9910-768x511.jpg\" \/>\n<meta name=\"author\" content=\"ROBERT ADAMCZYK\" \/>\n<meta name=\"twitter:card\" content=\"summary_large_image\" \/>\n<meta name=\"twitter:label1\" content=\"\u00c9crit par\" \/>\n\t<meta name=\"twitter:data1\" content=\"ROBERT ADAMCZYK\" \/>\n\t<meta name=\"twitter:label2\" content=\"Dur\u00e9e de lecture estim\u00e9e\" \/>\n\t<meta name=\"twitter:data2\" content=\"3 minutes\" \/>\n<script type=\"application\/ld+json\" class=\"yoast-schema-graph\">{\"@context\":\"https:\\\/\\\/schema.org\",\"@graph\":[{\"@type\":\"Article\",\"@id\":\"https:\\\/\\\/www.lichen.pl\\\/en\\\/szkolenie-w-zakresie-pierwszej-pomocy\\\/#article\",\"isPartOf\":{\"@id\":\"https:\\\/\\\/www.lichen.pl\\\/en\\\/szkolenie-w-zakresie-pierwszej-pomocy\\\/\"},\"author\":{\"name\":\"ROBERT ADAMCZYK\",\"@id\":\"https:\\\/\\\/www.lichen.pl\\\/fr\\\/#\\\/schema\\\/person\\\/c06cd926b95870cc59f18d6ee6e33da5\"},\"headline\":\"Szkolenie w zakresie pierwszej pomocy\",\"datePublished\":\"2019-04-05T15:58:52+00:00\",\"dateModified\":\"2021-06-30T07:10:04+00:00\",\"mainEntityOfPage\":{\"@id\":\"https:\\\/\\\/www.lichen.pl\\\/en\\\/szkolenie-w-zakresie-pierwszej-pomocy\\\/\"},\"wordCount\":538,\"commentCount\":0,\"image\":{\"@id\":\"https:\\\/\\\/www.lichen.pl\\\/en\\\/szkolenie-w-zakresie-pierwszej-pomocy\\\/#primaryimage\"},\"thumbnailUrl\":\"http:\\\/\\\/www.lichen.pl\\\/wp-content\\\/uploads\\\/2021\\\/06\\\/IMG_9910-768x511.jpg\",\"articleSection\":[\"Aktualno\u015bci\"],\"inLanguage\":\"fr-FR\",\"potentialAction\":[{\"@type\":\"CommentAction\",\"name\":\"Comment\",\"target\":[\"https:\\\/\\\/www.lichen.pl\\\/en\\\/szkolenie-w-zakresie-pierwszej-pomocy\\\/#respond\"]}]},{\"@type\":\"WebPage\",\"@id\":\"https:\\\/\\\/www.lichen.pl\\\/en\\\/szkolenie-w-zakresie-pierwszej-pomocy\\\/\",\"url\":\"https:\\\/\\\/www.lichen.pl\\\/en\\\/szkolenie-w-zakresie-pierwszej-pomocy\\\/\",\"name\":\"Szkolenie w zakresie pierwszej pomocy - SANKTUARIUM W LICHENIU\",\"isPartOf\":{\"@id\":\"https:\\\/\\\/www.lichen.pl\\\/fr\\\/#website\"},\"primaryImageOfPage\":{\"@id\":\"https:\\\/\\\/www.lichen.pl\\\/en\\\/szkolenie-w-zakresie-pierwszej-pomocy\\\/#primaryimage\"},\"image\":{\"@id\":\"https:\\\/\\\/www.lichen.pl\\\/en\\\/szkolenie-w-zakresie-pierwszej-pomocy\\\/#primaryimage\"},\"thumbnailUrl\":\"http:\\\/\\\/www.lichen.pl\\\/wp-content\\\/uploads\\\/2021\\\/06\\\/IMG_9910-768x511.jpg\",\"datePublished\":\"2019-04-05T15:58:52+00:00\",\"dateModified\":\"2021-06-30T07:10:04+00:00\",\"author\":{\"@id\":\"https:\\\/\\\/www.lichen.pl\\\/fr\\\/#\\\/schema\\\/person\\\/c06cd926b95870cc59f18d6ee6e33da5\"},\"breadcrumb\":{\"@id\":\"https:\\\/\\\/www.lichen.pl\\\/en\\\/szkolenie-w-zakresie-pierwszej-pomocy\\\/#breadcrumb\"},\"inLanguage\":\"fr-FR\",\"potentialAction\":[{\"@type\":\"ReadAction\",\"target\":[\"https:\\\/\\\/www.lichen.pl\\\/en\\\/szkolenie-w-zakresie-pierwszej-pomocy\\\/\"]}]},{\"@type\":\"ImageObject\",\"inLanguage\":\"fr-FR\",\"@id\":\"https:\\\/\\\/www.lichen.pl\\\/en\\\/szkolenie-w-zakresie-pierwszej-pomocy\\\/#primaryimage\",\"url\":\"http:\\\/\\\/www.lichen.pl\\\/wp-content\\\/uploads\\\/2021\\\/06\\\/IMG_9910-768x511.jpg\",\"contentUrl\":\"http:\\\/\\\/www.lichen.pl\\\/wp-content\\\/uploads\\\/2021\\\/06\\\/IMG_9910-768x511.jpg\"},{\"@type\":\"BreadcrumbList\",\"@id\":\"https:\\\/\\\/www.lichen.pl\\\/en\\\/szkolenie-w-zakresie-pierwszej-pomocy\\\/#breadcrumb\",\"itemListElement\":[{\"@type\":\"ListItem\",\"position\":1,\"name\":\"Strona g\u0142\u00f3wna\",\"item\":\"https:\\\/\\\/www.lichen.pl\\\/\"},{\"@type\":\"ListItem\",\"position\":2,\"name\":\"Szkolenie w zakresie pierwszej pomocy\"}]},{\"@type\":\"WebSite\",\"@id\":\"https:\\\/\\\/www.lichen.pl\\\/fr\\\/#website\",\"url\":\"https:\\\/\\\/www.lichen.pl\\\/fr\\\/\",\"name\":\"SANKTUARIUM W LICHENIU\",\"description\":\"MATKI BO\u017bEJ LICHE\u0143SKIEJ BOLESNEJ KR\u00d3LOWEJ POLSKI\",\"potentialAction\":[{\"@type\":\"SearchAction\",\"target\":{\"@type\":\"EntryPoint\",\"urlTemplate\":\"https:\\\/\\\/www.lichen.pl\\\/fr\\\/?s={search_term_string}\"},\"query-input\":{\"@type\":\"PropertyValueSpecification\",\"valueRequired\":true,\"valueName\":\"search_term_string\"}}],\"inLanguage\":\"fr-FR\"},{\"@type\":\"Person\",\"@id\":\"https:\\\/\\\/www.lichen.pl\\\/fr\\\/#\\\/schema\\\/person\\\/c06cd926b95870cc59f18d6ee6e33da5\",\"name\":\"ROBERT ADAMCZYK\",\"image\":{\"@type\":\"ImageObject\",\"inLanguage\":\"fr-FR\",\"@id\":\"https:\\\/\\\/secure.gravatar.com\\\/avatar\\\/53c330430596e73552f4c356c2e47c209ff8f6352a5106011c9b6abcce5e00df?s=96&d=retro&r=g\",\"url\":\"https:\\\/\\\/secure.gravatar.com\\\/avatar\\\/53c330430596e73552f4c356c2e47c209ff8f6352a5106011c9b6abcce5e00df?s=96&d=retro&r=g\",\"contentUrl\":\"https:\\\/\\\/secure.gravatar.com\\\/avatar\\\/53c330430596e73552f4c356c2e47c209ff8f6352a5106011c9b6abcce5e00df?s=96&d=retro&r=g\",\"caption\":\"ROBERT ADAMCZYK\"},\"url\":\"https:\\\/\\\/www.lichen.pl\\\/fr\\\/author\\\/press\\\/\"}]}<\/script>\n<!-- \/ Yoast SEO plugin. -->","yoast_head_json":{"title":"Szkolenie w zakresie pierwszej pomocy - SANKTUARIUM W LICHENIU","robots":{"index":"index","follow":"follow","max-snippet":"max-snippet:-1","max-image-preview":"max-image-preview:large","max-video-preview":"max-video-preview:-1"},"canonical":"https:\/\/www.lichen.pl\/fr\/szkolenie-w-zakresie-pierwszej-pomocy\/","og_locale":"fr_FR","og_type":"article","og_title":"Szkolenie w zakresie pierwszej pomocy - SANKTUARIUM W LICHENIU","og_description":"Ponad 30 os\u00f3b pracuj\u0105cych w Sanktuarium Matki Bo\u017cej Liche\u0144skiej w Licheniu Starym zapozna\u0142o si\u0119 z zasadami udzielania pierwszej pomocy. W trzech sesjach szkoleniowych uczestniczyli przedstawiciele r\u00f3\u017cnych agend dzia\u0142aj\u0105cych na terenie sanktuarium. Sesje szkoleniowo-warsztatowe odbywa\u0142y si\u0119 ma\u0142ych grupach, aby osoby w nich uczestnicz\u0105ce, poza teoretycznym wprowadzeniem do poszczeg\u00f3lnych zagadnie\u0144, mog\u0142y skorzysta\u0107 z zaj\u0119\u0107 praktycznych. Zdaniem prowadz\u0105cego [&hellip;]","og_url":"https:\/\/www.lichen.pl\/fr\/szkolenie-w-zakresie-pierwszej-pomocy\/","og_site_name":"SANKTUARIUM W LICHENIU","article_published_time":"2019-04-05T15:58:52+00:00","article_modified_time":"2021-06-30T07:10:04+00:00","og_image":[{"url":"http:\/\/www.lichen.pl\/wp-content\/uploads\/2021\/06\/IMG_9910-768x511.jpg","type":"","width":"","height":""}],"author":"ROBERT ADAMCZYK","twitter_card":"summary_large_image","twitter_misc":{"\u00c9crit par":"ROBERT ADAMCZYK","Dur\u00e9e de lecture estim\u00e9e":"3 minutes"},"schema":{"@context":"https:\/\/schema.org","@graph":[{"@type":"Article","@id":"https:\/\/www.lichen.pl\/en\/szkolenie-w-zakresie-pierwszej-pomocy\/#article","isPartOf":{"@id":"https:\/\/www.lichen.pl\/en\/szkolenie-w-zakresie-pierwszej-pomocy\/"},"author":{"name":"ROBERT ADAMCZYK","@id":"https:\/\/www.lichen.pl\/fr\/#\/schema\/person\/c06cd926b95870cc59f18d6ee6e33da5"},"headline":"Szkolenie w zakresie pierwszej pomocy","datePublished":"2019-04-05T15:58:52+00:00","dateModified":"2021-06-30T07:10:04+00:00","mainEntityOfPage":{"@id":"https:\/\/www.lichen.pl\/en\/szkolenie-w-zakresie-pierwszej-pomocy\/"},"wordCount":538,"commentCount":0,"image":{"@id":"https:\/\/www.lichen.pl\/en\/szkolenie-w-zakresie-pierwszej-pomocy\/#primaryimage"},"thumbnailUrl":"http:\/\/www.lichen.pl\/wp-content\/uploads\/2021\/06\/IMG_9910-768x511.jpg","articleSection":["Aktualno\u015bci"],"inLanguage":"fr-FR","potentialAction":[{"@type":"CommentAction","name":"Comment","target":["https:\/\/www.lichen.pl\/en\/szkolenie-w-zakresie-pierwszej-pomocy\/#respond"]}]},{"@type":"WebPage","@id":"https:\/\/www.lichen.pl\/en\/szkolenie-w-zakresie-pierwszej-pomocy\/","url":"https:\/\/www.lichen.pl\/en\/szkolenie-w-zakresie-pierwszej-pomocy\/","name":"Szkolenie w zakresie pierwszej pomocy - SANKTUARIUM W LICHENIU","isPartOf":{"@id":"https:\/\/www.lichen.pl\/fr\/#website"},"primaryImageOfPage":{"@id":"https:\/\/www.lichen.pl\/en\/szkolenie-w-zakresie-pierwszej-pomocy\/#primaryimage"},"image":{"@id":"https:\/\/www.lichen.pl\/en\/szkolenie-w-zakresie-pierwszej-pomocy\/#primaryimage"},"thumbnailUrl":"http:\/\/www.lichen.pl\/wp-content\/uploads\/2021\/06\/IMG_9910-768x511.jpg","datePublished":"2019-04-05T15:58:52+00:00","dateModified":"2021-06-30T07:10:04+00:00","author":{"@id":"https:\/\/www.lichen.pl\/fr\/#\/schema\/person\/c06cd926b95870cc59f18d6ee6e33da5"},"breadcrumb":{"@id":"https:\/\/www.lichen.pl\/en\/szkolenie-w-zakresie-pierwszej-pomocy\/#breadcrumb"},"inLanguage":"fr-FR","potentialAction":[{"@type":"ReadAction","target":["https:\/\/www.lichen.pl\/en\/szkolenie-w-zakresie-pierwszej-pomocy\/"]}]},{"@type":"ImageObject","inLanguage":"fr-FR","@id":"https:\/\/www.lichen.pl\/en\/szkolenie-w-zakresie-pierwszej-pomocy\/#primaryimage","url":"http:\/\/www.lichen.pl\/wp-content\/uploads\/2021\/06\/IMG_9910-768x511.jpg","contentUrl":"http:\/\/www.lichen.pl\/wp-content\/uploads\/2021\/06\/IMG_9910-768x511.jpg"},{"@type":"BreadcrumbList","@id":"https:\/\/www.lichen.pl\/en\/szkolenie-w-zakresie-pierwszej-pomocy\/#breadcrumb","itemListElement":[{"@type":"ListItem","position":1,"name":"Strona g\u0142\u00f3wna","item":"https:\/\/www.lichen.pl\/"},{"@type":"ListItem","position":2,"name":"Szkolenie w zakresie pierwszej pomocy"}]},{"@type":"WebSite","@id":"https:\/\/www.lichen.pl\/fr\/#website","url":"https:\/\/www.lichen.pl\/fr\/","name":"SANCTUAIRE EN LICHENIE","description":"LA MAUVAISE REINE DE POLOGNE DE NOTRE LICHEN","potentialAction":[{"@type":"SearchAction","target":{"@type":"EntryPoint","urlTemplate":"https:\/\/www.lichen.pl\/fr\/?s={search_term_string}"},"query-input":{"@type":"PropertyValueSpecification","valueRequired":true,"valueName":"search_term_string"}}],"inLanguage":"fr-FR"},{"@type":"Person","@id":"https:\/\/www.lichen.pl\/fr\/#\/schema\/person\/c06cd926b95870cc59f18d6ee6e33da5","name":"ROBERT ADAMCZYK","image":{"@type":"ImageObject","inLanguage":"fr-FR","@id":"https:\/\/secure.gravatar.com\/avatar\/53c330430596e73552f4c356c2e47c209ff8f6352a5106011c9b6abcce5e00df?s=96&d=retro&r=g","url":"https:\/\/secure.gravatar.com\/avatar\/53c330430596e73552f4c356c2e47c209ff8f6352a5106011c9b6abcce5e00df?s=96&d=retro&r=g","contentUrl":"https:\/\/secure.gravatar.com\/avatar\/53c330430596e73552f4c356c2e47c209ff8f6352a5106011c9b6abcce5e00df?s=96&d=retro&r=g","caption":"ROBERT ADAMCZYK"},"url":"https:\/\/www.lichen.pl\/fr\/author\/press\/"}]}},"_links":{"self":[{"href":"https:\/\/www.lichen.pl\/fr\/wp-json\/wp\/v2\/posts\/16081","targetHints":{"allow":["GET"]}}],"collection":[{"href":"https:\/\/www.lichen.pl\/fr\/wp-json\/wp\/v2\/posts"}],"about":[{"href":"https:\/\/www.lichen.pl\/fr\/wp-json\/wp\/v2\/types\/post"}],"author":[{"embeddable":true,"href":"https:\/\/www.lichen.pl\/fr\/wp-json\/wp\/v2\/users\/4"}],"replies":[{"embeddable":true,"href":"https:\/\/www.lichen.pl\/fr\/wp-json\/wp\/v2\/comments?post=16081"}],"version-history":[{"count":4,"href":"https:\/\/www.lichen.pl\/fr\/wp-json\/wp\/v2\/posts\/16081\/revisions"}],"predecessor-version":[{"id":16105,"href":"https:\/\/www.lichen.pl\/fr\/wp-json\/wp\/v2\/posts\/16081\/revisions\/16105"}],"wp:attachment":[{"href":"https:\/\/www.lichen.pl\/fr\/wp-json\/wp\/v2\/media?parent=16081"}],"wp:term":[{"taxonomy":"category","embeddable":true,"href":"https:\/\/www.lichen.pl\/fr\/wp-json\/wp\/v2\/categories?post=16081"},{"taxonomy":"post_tag","embeddable":true,"href":"https:\/\/www.lichen.pl\/fr\/wp-json\/wp\/v2\/tags?post=16081"}],"curies":[{"name":"wp","href":"https:\/\/api.w.org\/{rel}","templated":true}]}}