{"id":16262,"date":"2021-06-12T08:29:44","date_gmt":"2021-06-12T08:29:44","guid":{"rendered":"http:\/\/www.lichen.pl\/?p=16262"},"modified":"2021-06-30T09:38:02","modified_gmt":"2021-06-30T09:38:02","slug":"bohaterowie-milosci-ogolnopolskie-uroczystosci-ku-czci-108-meczennikow-ii-wojny-swiatowej-2","status":"publish","type":"post","link":"https:\/\/www.lichen.pl\/fr\/bohaterowie-milosci-ogolnopolskie-uroczystosci-ku-czci-108-meczennikow-ii-wojny-swiatowej-2\/","title":{"rendered":"Heroes of Love - c\u00e9l\u00e9brations nationales en l&#039;honneur de 108 martyrs de la Seconde Guerre mondiale"},"content":{"rendered":"<div data-elementor-type=\"wp-post\" data-elementor-id=\"16262\" class=\"elementor elementor-16262\" data-elementor-post-type=\"post\">\n\t\t\t\t\t\t<section class=\"elementor-section elementor-top-section elementor-element elementor-element-a3fe752 elementor-section-boxed elementor-section-height-default elementor-section-height-default\" data-id=\"a3fe752\" data-element_type=\"section\" data-e-type=\"section\">\n\t\t\t\t\t\t<div class=\"elementor-container elementor-column-gap-default\">\n\t\t\t\t\t<div class=\"elementor-column elementor-col-100 elementor-top-column elementor-element elementor-element-17e1ee5\" data-id=\"17e1ee5\" data-element_type=\"column\" data-e-type=\"column\">\n\t\t\t<div class=\"elementor-widget-wrap elementor-element-populated\">\n\t\t\t\t\t\t<div class=\"elementor-element elementor-element-b2bdac8 elementor-widget elementor-widget-image\" data-id=\"b2bdac8\" data-element_type=\"widget\" data-e-type=\"widget\" data-widget_type=\"image.default\">\n\t\t\t\t<div class=\"elementor-widget-container\">\n\t\t\t\t\t\t\t\t\t\t\t\t\t\t\t<img fetchpriority=\"high\" decoding=\"async\" width=\"1024\" height=\"769\" src=\"https:\/\/www.lichen.pl\/wp-content\/uploads\/2021\/06\/P1350271-1024x769.jpg\" class=\"attachment-large size-large wp-image-16313\" alt=\"\" srcset=\"https:\/\/www.lichen.pl\/wp-content\/uploads\/2021\/06\/P1350271-1024x769.jpg 1024w, https:\/\/www.lichen.pl\/wp-content\/uploads\/2021\/06\/P1350271-scaled-800x601.jpg 800w, https:\/\/www.lichen.pl\/wp-content\/uploads\/2021\/06\/P1350271-300x225.jpg 300w, https:\/\/www.lichen.pl\/wp-content\/uploads\/2021\/06\/P1350271-768x577.jpg 768w, https:\/\/www.lichen.pl\/wp-content\/uploads\/2021\/06\/P1350271-1536x1153.jpg 1536w, https:\/\/www.lichen.pl\/wp-content\/uploads\/2021\/06\/P1350271-2048x1538.jpg 2048w, https:\/\/www.lichen.pl\/wp-content\/uploads\/2021\/06\/P1350271-scaled.jpg 1920w\" sizes=\"(max-width: 1024px) 100vw, 1024px\" \/>\t\t\t\t\t\t\t\t\t\t\t\t\t\t\t<\/div>\n\t\t\t\t<\/div>\n\t\t\t\t<div class=\"elementor-element elementor-element-9ee96c5 elementor-widget elementor-widget-text-editor\" data-id=\"9ee96c5\" data-element_type=\"widget\" data-e-type=\"widget\" data-widget_type=\"text-editor.default\">\n\t\t\t\t<div class=\"elementor-widget-container\">\n\t\t\t\t\t\t\t\t\t<p class=\"MsoNormal\" style=\"text-align: justify;\"><span style=\"color: #000000;\"><b>En comm\u00e9moration du C\u0153ur Immacul\u00e9 de la Bienheureuse Vierge Marie, le 12 juin, des c\u00e9l\u00e9brations nationales ont eu lieu en l&#039;honneur de 108 martyrs de la Seconde Guerre mondiale au sanctuaire de Notre-Dame de Liche\u0144.<\/b><\/span><\/p><p class=\"MsoNormal\" style=\"text-align: justify;\"><span style=\"color: #000000;\">Depuis la b\u00e9atification des martyrs en 1999, le sanctuaire de Liche\u0144 est devenu un centre national de 108 bienheureux martyrs. Chaque ann\u00e9e, le P. Mgr Tomasz Kaczmarek, pr\u00eatre du dioc\u00e8se de W\u0142oc\u0142awek, postulateur de la cause de b\u00e9atification de 108 martyrs de la Seconde Guerre mondiale.<\/span><\/p>\t\t\t\t\t\t\t\t<\/div>\n\t\t\t\t<\/div>\n\t\t\t\t<div class=\"elementor-element elementor-element-0f1886c elementor-skin-carousel elementor-arrows-yes elementor-pagination-type-bullets elementor-pagination-position-outside elementor-widget elementor-widget-media-carousel\" data-id=\"0f1886c\" data-element_type=\"widget\" data-e-type=\"widget\" data-settings=\"{&quot;skin&quot;:&quot;carousel&quot;,&quot;effect&quot;:&quot;slide&quot;,&quot;show_arrows&quot;:&quot;yes&quot;,&quot;pagination&quot;:&quot;bullets&quot;,&quot;speed&quot;:500,&quot;autoplay&quot;:&quot;yes&quot;,&quot;autoplay_speed&quot;:5000,&quot;loop&quot;:&quot;yes&quot;,&quot;pause_on_hover&quot;:&quot;yes&quot;,&quot;pause_on_interaction&quot;:&quot;yes&quot;,&quot;space_between&quot;:{&quot;unit&quot;:&quot;px&quot;,&quot;size&quot;:10,&quot;sizes&quot;:[]},&quot;space_between_tablet&quot;:{&quot;unit&quot;:&quot;px&quot;,&quot;size&quot;:10,&quot;sizes&quot;:[]},&quot;space_between_mobile&quot;:{&quot;unit&quot;:&quot;px&quot;,&quot;size&quot;:10,&quot;sizes&quot;:[]}}\" data-widget_type=\"media-carousel.default\">\n\t\t\t\t<div class=\"elementor-widget-container\">\n\t\t\t\t\t\t\t\t\t<div class=\"elementor-swiper\">\n\t\t\t\t\t<div class=\"elementor-main-swiper swiper\" role=\"region\" aria-roledescription=\"carousel\" aria-label=\"Slider\">\n\t\t\t\t<div class=\"swiper-wrapper\">\n\t\t\t\t\t\t\t\t\t\t\t<div class=\"swiper-slide\" role=\"group\" aria-roledescription=\"slide\">\n\t\t\t\t\t\t\t\t\t<div class=\"elementor-carousel-image\" role=\"img\" aria-label=\"P1350219\" style=\"background-image: url(&#039;https:\/\/www.lichen.pl\/wp-content\/uploads\/2021\/06\/P1350219-scaled.jpg&#039;)\">\n\n\t\t\t\n\t\t\t\t\t<\/div>\n\t\t\t\t\t\t\t\t<\/div>\n\t\t\t\t\t\t\t\t\t\t\t<div class=\"swiper-slide\" role=\"group\" aria-roledescription=\"slide\">\n\t\t\t\t\t\t\t\t\t<div class=\"elementor-carousel-image\" role=\"img\" aria-label=\"P1350277\" style=\"background-image: url(&#039;https:\/\/www.lichen.pl\/wp-content\/uploads\/2021\/06\/P1350277.jpg&#039;)\">\n\n\t\t\t\n\t\t\t\t\t<\/div>\n\t\t\t\t\t\t\t\t<\/div>\n\t\t\t\t\t\t\t\t\t\t\t<div class=\"swiper-slide\" role=\"group\" aria-roledescription=\"slide\">\n\t\t\t\t\t\t\t\t\t<div class=\"elementor-carousel-image\" role=\"img\" aria-label=\"P1350227\" style=\"background-image: url(&#039;https:\/\/www.lichen.pl\/wp-content\/uploads\/2021\/06\/P1350227-scaled.jpg&#039;)\">\n\n\t\t\t\n\t\t\t\t\t<\/div>\n\t\t\t\t\t\t\t\t<\/div>\n\t\t\t\t\t\t\t\t\t<\/div>\n\t\t\t\t\t\t\t\t\t\t\t\t\t\t\t<div class=\"elementor-swiper-button elementor-swiper-button-prev\" role=\"button\" tabindex=\"0\" aria-label=\"Voriger\" data-no-translation-aria-label=\"\">\n\t\t\t\t\t\t\t<i aria-hidden=\"true\" class=\"eicon-chevron-left\"><\/i>\t\t\t\t\t\t<\/div>\n\t\t\t\t\t\t<div class=\"elementor-swiper-button elementor-swiper-button-next\" role=\"button\" tabindex=\"0\" aria-label=\"N\u00e4chster\" data-no-translation-aria-label=\"\">\n\t\t\t\t\t\t\t<i aria-hidden=\"true\" class=\"eicon-chevron-right\"><\/i>\t\t\t\t\t\t<\/div>\n\t\t\t\t\t\t\t\t\t\t\t\t\t\t\t\t<div class=\"swiper-pagination\"><\/div>\n\t\t\t\t\t\t\t\t\t\t\t\t<\/div>\n\t\t\t\t<\/div>\n\t\t\t\t\t\t\t\t<\/div>\n\t\t\t\t<\/div>\n\t\t\t\t<div class=\"elementor-element elementor-element-9ae3828 elementor-widget elementor-widget-text-editor\" data-id=\"9ae3828\" data-element_type=\"widget\" data-e-type=\"widget\" data-widget_type=\"text-editor.default\">\n\t\t\t\t<div class=\"elementor-widget-container\">\n\t\t\t\t\t\t\t\t\t<p class=\"MsoNormal\" style=\"text-align: justify;\"><span style=\"color: #000000;\">Le 12 juin, lors de la messe de midi. Fr. Janusz Kumala, MIC, le conservateur du sanctuaire Lichen, a accueilli les pr\u00eatres et les p\u00e8lerins, \u00e9galement connect\u00e9s via Internet. - Nous voulons vous remercier pour l&#039;exemple de la foi des martyrs, mais aussi demander que nous puissions donner notre vie pour le Christ chaque jour, confesser notre foi de mani\u00e8re h\u00e9ro\u00efque - a-t-il dit. Sainte Messe \u00e9galement conc\u00e9l\u00e9br\u00e9 par le P. pouvez. Robert Ogrodnik, arri\u00e8re-arri\u00e8re-petit-fils de Bl. pb. W\u0142adys\u0142aw Goral, l&#039;un des 108 martyrs.<\/span><\/p><p class=\"MsoNormal\" style=\"text-align: justify;\"><span style=\"color: #000000;\">- L&#039;Evangile n&#039;a pas p\u00e9ri, et le sang des martyrs est toujours \u00e0 nouveau une semence de la nouvelle croissance de l&#039;Eglise. Le XXe si\u00e8cle, qui \u00e9tait cens\u00e9 \u00eatre un triomphe des capacit\u00e9s humaines, a \u00e9t\u00e9 marqu\u00e9 par le plus grand nombre de martyrs dans l&#039;histoire de l&#039;\u00c9glise - a soulign\u00e9 le P. Kaczmarek. - Quand on regarde de plus pr\u00e8s cette extraordinaire foule de croyants h\u00e9ro\u00efques dans la foi, on constate que leur t\u00e9moignage a m\u00fbri et a \u00e9t\u00e9 rendu dans un climat de spiritualit\u00e9 mariale vivante - a not\u00e9 le pr\u00e9lat. Il a d\u00e9clar\u00e9 que la souffrance est n\u00e9cessaire en guise de compensation lorsque les lois morales des gens sont pi\u00e9tin\u00e9es pour que le bien triomphe. - Ce sont les martyrs, les tr\u00e9sors de l&#039;\u00c9glise. Par leur exemple, ils renforcent notre foi et nous encouragent \u00e0 affronter avec audace le combat contre le mal au nom de l&#039;amour de Dieu. De tels t\u00e9moignages ne peuvent \u00eatre oubli\u00e9s - a not\u00e9 le postulateur de la cause de b\u00e9atification de 108 martyrs.<\/span><\/p><p class=\"MsoNormal\" style=\"text-align: justify;\"><span style=\"color: #000000;\">Apr\u00e8s la messe les pr\u00eatres se sont rendus \u00e0 la chapelle d\u00e9di\u00e9e aux 108 bienheureux dans la partie basse de la basilique Lichen, o\u00f9 une pri\u00e8re a \u00e9t\u00e9 dite.<\/span><\/p><p class=\"MsoNormal\" style=\"text-align: justify;\"><span style=\"color: #000000;\">Ce n&#039;est pas un hasard si le Sanctuaire de Notre-Dame de Liche\u0144, situ\u00e9 au centre du dioc\u00e8se de W\u0142oc\u0142awek, est un centre de culte national de 108 martyrs. C&#039;est de ce dioc\u00e8se que pr\u00e8s de la moiti\u00e9 des pr\u00eatres ont \u00e9t\u00e9 assassin\u00e9s lors de la pers\u00e9cution nazie pendant la Seconde Guerre mondiale. Toujours dans le dioc\u00e8se de W\u0142oc\u0142awek, en 1992, \u00e0 l&#039;initiative de l&#039;\u00e9v\u00eaque ordinaire de l&#039;\u00e9poque, Mgr Henryk Muszy\u0144ski, leur proc\u00e8s de b\u00e9atification a commenc\u00e9. Les serviteurs de Dieu impliqu\u00e9s dans le proc\u00e8s venaient de 18 dioc\u00e8ses. Parmi eux se trouvaient 3 \u00e9v\u00eaques, 52 pr\u00eatres dioc\u00e9sains, 26 religieux pr\u00eatres, 3 s\u00e9minaristes, 7 religieux fr\u00e8res, 8 religieuses religieuses et 9 la\u00efcs. Parmi eux, entre autres deux pr\u00eatres de la Congr\u00e9gation mariale : le P. Jerzy Kaszyra, MIC et Fr. Antoni Leszczewicz, MIC.<\/span><\/p>\t\t\t\t\t\t\t\t<\/div>\n\t\t\t\t<\/div>\n\t\t\t\t\t<\/div>\n\t\t<\/div>\n\t\t\t\t\t<\/div>\n\t\t<\/section>\n\t\t\t\t<section class=\"elementor-section elementor-top-section elementor-element elementor-element-33e171f elementor-section-boxed elementor-section-height-default elementor-section-height-default\" data-id=\"33e171f\" data-element_type=\"section\" data-e-type=\"section\">\n\t\t\t\t\t\t<div class=\"elementor-container elementor-column-gap-default\">\n\t\t\t\t\t<div class=\"elementor-column elementor-col-100 elementor-top-column elementor-element elementor-element-7ae9879\" data-id=\"7ae9879\" data-element_type=\"column\" data-e-type=\"column\">\n\t\t\t<div class=\"elementor-widget-wrap elementor-element-populated\">\n\t\t\t\t\t\t<div class=\"elementor-element elementor-element-a1a2f5d elementor-widget elementor-widget-gallery\" data-id=\"a1a2f5d\" data-element_type=\"widget\" data-e-type=\"widget\" data-settings=\"{&quot;lazyload&quot;:&quot;yes&quot;,&quot;gallery_layout&quot;:&quot;grid&quot;,&quot;columns&quot;:4,&quot;columns_tablet&quot;:2,&quot;columns_mobile&quot;:1,&quot;gap&quot;:{&quot;unit&quot;:&quot;px&quot;,&quot;size&quot;:10,&quot;sizes&quot;:[]},&quot;gap_tablet&quot;:{&quot;unit&quot;:&quot;px&quot;,&quot;size&quot;:10,&quot;sizes&quot;:[]},&quot;gap_mobile&quot;:{&quot;unit&quot;:&quot;px&quot;,&quot;size&quot;:10,&quot;sizes&quot;:[]},&quot;link_to&quot;:&quot;file&quot;,&quot;aspect_ratio&quot;:&quot;3:2&quot;,&quot;overlay_background&quot;:&quot;yes&quot;,&quot;content_hover_animation&quot;:&quot;fade-in&quot;}\" data-widget_type=\"gallery.default\">\n\t\t\t\t<div class=\"elementor-widget-container\">\n\t\t\t\t\t\t\t<div class=\"elementor-gallery__container\">\n\t\t\t\t\t\t\t<a class=\"e-gallery-item elementor-gallery-item elementor-animated-content\" href=\"https:\/\/www.lichen.pl\/wp-content\/uploads\/2021\/06\/P1350224.jpg\" data-elementor-open-lightbox=\"yes\" data-elementor-lightbox-slideshow=\"a1a2f5d\" data-elementor-lightbox-title=\"P1350224\" data-e-action-hash=\"#elementor-action%3Aaction%3Dlightbox%26settings%3DeyJpZCI6MTYyNzMsInVybCI6Imh0dHBzOlwvXC93d3cubGljaGVuLnBsXC93cC1jb250ZW50XC91cGxvYWRzXC8yMDIxXC8wNlwvUDEzNTAyMjQuanBnIiwic2xpZGVzaG93IjoiYTFhMmY1ZCJ9\">\n\t\t\t\t\t<div class=\"e-gallery-image elementor-gallery-item__image\" data-thumbnail=\"https:\/\/www.lichen.pl\/wp-content\/uploads\/2021\/06\/P1350224-225x300.jpg\" data-width=\"225\" data-height=\"300\" aria-label=\"\" role=\"img\" ><\/div>\n\t\t\t\t\t\t\t\t\t\t\t<div class=\"elementor-gallery-item__overlay\"><\/div>\n\t\t\t\t\t\t\t\t\t\t\t\t\t\t<\/a>\n\t\t\t\t\t\t\t<a class=\"e-gallery-item elementor-gallery-item elementor-animated-content\" href=\"https:\/\/www.lichen.pl\/wp-content\/uploads\/2021\/06\/P1350222.jpg\" data-elementor-open-lightbox=\"yes\" data-elementor-lightbox-slideshow=\"a1a2f5d\" data-elementor-lightbox-title=\"P1350222\" data-e-action-hash=\"#elementor-action%3Aaction%3Dlightbox%26settings%3DeyJpZCI6MTYyNjgsInVybCI6Imh0dHBzOlwvXC93d3cubGljaGVuLnBsXC93cC1jb250ZW50XC91cGxvYWRzXC8yMDIxXC8wNlwvUDEzNTAyMjIuanBnIiwic2xpZGVzaG93IjoiYTFhMmY1ZCJ9\">\n\t\t\t\t\t<div class=\"e-gallery-image elementor-gallery-item__image\" data-thumbnail=\"https:\/\/www.lichen.pl\/wp-content\/uploads\/2021\/06\/P1350222-300x225.jpg\" data-width=\"300\" data-height=\"225\" aria-label=\"\" role=\"img\" ><\/div>\n\t\t\t\t\t\t\t\t\t\t\t<div class=\"elementor-gallery-item__overlay\"><\/div>\n\t\t\t\t\t\t\t\t\t\t\t\t\t\t<\/a>\n\t\t\t\t\t\t\t<a class=\"e-gallery-item elementor-gallery-item elementor-animated-content\" href=\"https:\/\/www.lichen.pl\/wp-content\/uploads\/2021\/06\/P1350230.jpg\" data-elementor-open-lightbox=\"yes\" data-elementor-lightbox-slideshow=\"a1a2f5d\" data-elementor-lightbox-title=\"P1350230\" data-e-action-hash=\"#elementor-action%3Aaction%3Dlightbox%26settings%3DeyJpZCI6MTYyODMsInVybCI6Imh0dHBzOlwvXC93d3cubGljaGVuLnBsXC93cC1jb250ZW50XC91cGxvYWRzXC8yMDIxXC8wNlwvUDEzNTAyMzAuanBnIiwic2xpZGVzaG93IjoiYTFhMmY1ZCJ9\">\n\t\t\t\t\t<div class=\"e-gallery-image elementor-gallery-item__image\" data-thumbnail=\"https:\/\/www.lichen.pl\/wp-content\/uploads\/2021\/06\/P1350230-225x300.jpg\" data-width=\"225\" data-height=\"300\" aria-label=\"\" role=\"img\" ><\/div>\n\t\t\t\t\t\t\t\t\t\t\t<div class=\"elementor-gallery-item__overlay\"><\/div>\n\t\t\t\t\t\t\t\t\t\t\t\t\t\t<\/a>\n\t\t\t\t\t\t\t<a class=\"e-gallery-item elementor-gallery-item elementor-animated-content\" href=\"https:\/\/www.lichen.pl\/wp-content\/uploads\/2021\/06\/P1350233.jpg\" data-elementor-open-lightbox=\"yes\" data-elementor-lightbox-slideshow=\"a1a2f5d\" data-elementor-lightbox-title=\"P1350233\" data-e-action-hash=\"#elementor-action%3Aaction%3Dlightbox%26settings%3DeyJpZCI6MTYyODgsInVybCI6Imh0dHBzOlwvXC93d3cubGljaGVuLnBsXC93cC1jb250ZW50XC91cGxvYWRzXC8yMDIxXC8wNlwvUDEzNTAyMzMuanBnIiwic2xpZGVzaG93IjoiYTFhMmY1ZCJ9\">\n\t\t\t\t\t<div class=\"e-gallery-image elementor-gallery-item__image\" data-thumbnail=\"https:\/\/www.lichen.pl\/wp-content\/uploads\/2021\/06\/P1350233-300x225.jpg\" data-width=\"300\" data-height=\"225\" aria-label=\"\" role=\"img\" ><\/div>\n\t\t\t\t\t\t\t\t\t\t\t<div class=\"elementor-gallery-item__overlay\"><\/div>\n\t\t\t\t\t\t\t\t\t\t\t\t\t\t<\/a>\n\t\t\t\t\t\t\t<a class=\"e-gallery-item elementor-gallery-item elementor-animated-content\" href=\"https:\/\/www.lichen.pl\/wp-content\/uploads\/2021\/06\/P1350244.jpg\" data-elementor-open-lightbox=\"yes\" data-elementor-lightbox-slideshow=\"a1a2f5d\" data-elementor-lightbox-title=\"P1350244\" data-e-action-hash=\"#elementor-action%3Aaction%3Dlightbox%26settings%3DeyJpZCI6MTYyOTMsInVybCI6Imh0dHBzOlwvXC93d3cubGljaGVuLnBsXC93cC1jb250ZW50XC91cGxvYWRzXC8yMDIxXC8wNlwvUDEzNTAyNDQuanBnIiwic2xpZGVzaG93IjoiYTFhMmY1ZCJ9\">\n\t\t\t\t\t<div class=\"e-gallery-image elementor-gallery-item__image\" data-thumbnail=\"https:\/\/www.lichen.pl\/wp-content\/uploads\/2021\/06\/P1350244-300x225.jpg\" data-width=\"300\" data-height=\"225\" aria-label=\"\" role=\"img\" ><\/div>\n\t\t\t\t\t\t\t\t\t\t\t<div class=\"elementor-gallery-item__overlay\"><\/div>\n\t\t\t\t\t\t\t\t\t\t\t\t\t\t<\/a>\n\t\t\t\t\t\t\t<a class=\"e-gallery-item elementor-gallery-item elementor-animated-content\" href=\"https:\/\/www.lichen.pl\/wp-content\/uploads\/2021\/06\/P1350245.jpg\" data-elementor-open-lightbox=\"yes\" data-elementor-lightbox-slideshow=\"a1a2f5d\" data-elementor-lightbox-title=\"P1350245\" data-e-action-hash=\"#elementor-action%3Aaction%3Dlightbox%26settings%3DeyJpZCI6MTYyOTgsInVybCI6Imh0dHBzOlwvXC93d3cubGljaGVuLnBsXC93cC1jb250ZW50XC91cGxvYWRzXC8yMDIxXC8wNlwvUDEzNTAyNDUuanBnIiwic2xpZGVzaG93IjoiYTFhMmY1ZCJ9\">\n\t\t\t\t\t<div class=\"e-gallery-image elementor-gallery-item__image\" data-thumbnail=\"https:\/\/www.lichen.pl\/wp-content\/uploads\/2021\/06\/P1350245-225x300.jpg\" data-width=\"225\" data-height=\"300\" aria-label=\"\" role=\"img\" ><\/div>\n\t\t\t\t\t\t\t\t\t\t\t<div class=\"elementor-gallery-item__overlay\"><\/div>\n\t\t\t\t\t\t\t\t\t\t\t\t\t\t<\/a>\n\t\t\t\t\t\t\t<a class=\"e-gallery-item elementor-gallery-item elementor-animated-content\" href=\"https:\/\/www.lichen.pl\/wp-content\/uploads\/2021\/06\/P1350264.jpg\" data-elementor-open-lightbox=\"yes\" data-elementor-lightbox-slideshow=\"a1a2f5d\" data-elementor-lightbox-title=\"P1350264\" data-e-action-hash=\"#elementor-action%3Aaction%3Dlightbox%26settings%3DeyJpZCI6MTYzMDgsInVybCI6Imh0dHBzOlwvXC93d3cubGljaGVuLnBsXC93cC1jb250ZW50XC91cGxvYWRzXC8yMDIxXC8wNlwvUDEzNTAyNjQuanBnIiwic2xpZGVzaG93IjoiYTFhMmY1ZCJ9\">\n\t\t\t\t\t<div class=\"e-gallery-image elementor-gallery-item__image\" data-thumbnail=\"https:\/\/www.lichen.pl\/wp-content\/uploads\/2021\/06\/P1350264-300x225.jpg\" data-width=\"300\" data-height=\"225\" aria-label=\"\" role=\"img\" ><\/div>\n\t\t\t\t\t\t\t\t\t\t\t<div class=\"elementor-gallery-item__overlay\"><\/div>\n\t\t\t\t\t\t\t\t\t\t\t\t\t\t<\/a>\n\t\t\t\t\t\t\t<a class=\"e-gallery-item elementor-gallery-item elementor-animated-content\" href=\"https:\/\/www.lichen.pl\/wp-content\/uploads\/2021\/06\/P1350276.jpg\" data-elementor-open-lightbox=\"yes\" data-elementor-lightbox-slideshow=\"a1a2f5d\" data-elementor-lightbox-title=\"P1350276\" data-e-action-hash=\"#elementor-action%3Aaction%3Dlightbox%26settings%3DeyJpZCI6MTYzMTgsInVybCI6Imh0dHBzOlwvXC93d3cubGljaGVuLnBsXC93cC1jb250ZW50XC91cGxvYWRzXC8yMDIxXC8wNlwvUDEzNTAyNzYuanBnIiwic2xpZGVzaG93IjoiYTFhMmY1ZCJ9\">\n\t\t\t\t\t<div class=\"e-gallery-image elementor-gallery-item__image\" data-thumbnail=\"https:\/\/www.lichen.pl\/wp-content\/uploads\/2021\/06\/P1350276-300x225.jpg\" data-width=\"300\" data-height=\"225\" aria-label=\"\" role=\"img\" ><\/div>\n\t\t\t\t\t\t\t\t\t\t\t<div class=\"elementor-gallery-item__overlay\"><\/div>\n\t\t\t\t\t\t\t\t\t\t\t\t\t\t<\/a>\n\t\t\t\t\t<\/div>\n\t\t\t\t\t<\/div>\n\t\t\t\t<\/div>\n\t\t\t\t\t<\/div>\n\t\t<\/div>\n\t\t\t\t\t<\/div>\n\t\t<\/section>\n\t\t\t\t<\/div>","protected":false},"excerpt":{"rendered":"<p>We wspomnienie Niepokalanego Serca Naj\u015bwi\u0119tszej Maryi Panny, 12 czerwca, odby\u0142y si\u0119 og\u00f3lnopolskie uroczysto\u015bci ku czci 108 m\u0119czennik\u00f3w II wojny w Sanktuarium Matki Bo\u017cej Liche\u0144skiej. Liche\u0144skie sanktuarium od momentu beatyfikacji m\u0119czennik\u00f3w w 1999 r. sta\u0142o si\u0119 og\u00f3lnopolskim centrum 108 b\u0142ogos\u0142awionych m\u0119czennik\u00f3w. Ka\u017cdego roku go\u015bci ks. pra\u0142. Tomasza Kaczmarka kap\u0142ana diecezji w\u0142oc\u0142awskiej, postulatora sprawy beatyfikacyjnej 108 m\u0119czennik\u00f3w [&hellip;]<\/p>\n","protected":false},"author":6,"featured_media":16313,"comment_status":"open","ping_status":"open","sticky":false,"template":"","format":"standard","meta":{"footnotes":""},"categories":[1],"tags":[],"class_list":["post-16262","post","type-post","status-publish","format-standard","has-post-thumbnail","hentry","category-aktualnosci","wpbf-post"],"yoast_head":"<!-- This site is optimized with the Yoast SEO plugin v27.4 - https:\/\/yoast.com\/product\/yoast-seo-wordpress\/ -->\n<title>Bohaterowie mi\u0142o\u015bci - og\u00f3lnopolskie uroczysto\u015bci ku czci 108 m\u0119czennik\u00f3w II wojny \u015bwiatowej - SANKTUARIUM W LICHENIU<\/title>\n<meta name=\"robots\" content=\"index, follow, max-snippet:-1, max-image-preview:large, max-video-preview:-1\" \/>\n<link rel=\"canonical\" href=\"http:\/\/www.lichen.pl\/fr\/bohaterowie-milosci-ogolnopolskie-uroczystosci-ku-czci-108-meczennikow-ii-wojny-swiatowej-2\/\" \/>\n<meta property=\"og:locale\" content=\"fr_FR\" \/>\n<meta property=\"og:type\" content=\"article\" \/>\n<meta property=\"og:title\" content=\"Bohaterowie mi\u0142o\u015bci - og\u00f3lnopolskie uroczysto\u015bci ku czci 108 m\u0119czennik\u00f3w II wojny \u015bwiatowej - SANKTUARIUM W LICHENIU\" \/>\n<meta property=\"og:description\" content=\"We wspomnienie Niepokalanego Serca Naj\u015bwi\u0119tszej Maryi Panny, 12 czerwca, odby\u0142y si\u0119 og\u00f3lnopolskie uroczysto\u015bci ku czci 108 m\u0119czennik\u00f3w II wojny w Sanktuarium Matki Bo\u017cej Liche\u0144skiej. Liche\u0144skie sanktuarium od momentu beatyfikacji m\u0119czennik\u00f3w w 1999 r. sta\u0142o si\u0119 og\u00f3lnopolskim centrum 108 b\u0142ogos\u0142awionych m\u0119czennik\u00f3w. Ka\u017cdego roku go\u015bci ks. pra\u0142. Tomasza Kaczmarka kap\u0142ana diecezji w\u0142oc\u0142awskiej, postulatora sprawy beatyfikacyjnej 108 m\u0119czennik\u00f3w [&hellip;]\" \/>\n<meta property=\"og:url\" content=\"http:\/\/www.lichen.pl\/fr\/bohaterowie-milosci-ogolnopolskie-uroczystosci-ku-czci-108-meczennikow-ii-wojny-swiatowej-2\/\" \/>\n<meta property=\"og:site_name\" content=\"SANKTUARIUM W LICHENIU\" \/>\n<meta property=\"article:published_time\" content=\"2021-06-12T08:29:44+00:00\" \/>\n<meta property=\"article:modified_time\" content=\"2021-06-30T09:38:02+00:00\" \/>\n<meta property=\"og:image\" content=\"http:\/\/www.lichen.pl\/wp-content\/uploads\/2021\/06\/P1350271-scaled.jpg\" \/>\n\t<meta property=\"og:image:width\" content=\"1920\" \/>\n\t<meta property=\"og:image:height\" content=\"1442\" \/>\n\t<meta property=\"og:image:type\" content=\"image\/jpeg\" \/>\n<meta name=\"author\" content=\"AMELIA SIUDA-KOSZELA\" \/>\n<meta name=\"twitter:card\" content=\"summary_large_image\" \/>\n<meta name=\"twitter:label1\" content=\"\u00c9crit par\" \/>\n\t<meta name=\"twitter:data1\" content=\"AMELIA SIUDA-KOSZELA\" \/>\n\t<meta name=\"twitter:label2\" content=\"Dur\u00e9e de lecture estim\u00e9e\" \/>\n\t<meta name=\"twitter:data2\" content=\"2 minutes\" \/>\n<script type=\"application\/ld+json\" class=\"yoast-schema-graph\">{\"@context\":\"https:\\\/\\\/schema.org\",\"@graph\":[{\"@type\":\"Article\",\"@id\":\"http:\\\/\\\/www.lichen.pl\\\/es\\\/bohaterowie-milosci-ogolnopolskie-uroczystosci-ku-czci-108-meczennikow-ii-wojny-swiatowej-2\\\/#article\",\"isPartOf\":{\"@id\":\"http:\\\/\\\/www.lichen.pl\\\/es\\\/bohaterowie-milosci-ogolnopolskie-uroczystosci-ku-czci-108-meczennikow-ii-wojny-swiatowej-2\\\/\"},\"author\":{\"name\":\"AMELIA SIUDA-KOSZELA\",\"@id\":\"https:\\\/\\\/www.lichen.pl\\\/fr\\\/#\\\/schema\\\/person\\\/70bf824c102f176cf976b0d90af0d62a\"},\"headline\":\"Bohaterowie mi\u0142o\u015bci &#8211; og\u00f3lnopolskie uroczysto\u015bci ku czci 108 m\u0119czennik\u00f3w II wojny \u015bwiatowej\",\"datePublished\":\"2021-06-12T08:29:44+00:00\",\"dateModified\":\"2021-06-30T09:38:02+00:00\",\"mainEntityOfPage\":{\"@id\":\"http:\\\/\\\/www.lichen.pl\\\/es\\\/bohaterowie-milosci-ogolnopolskie-uroczystosci-ku-czci-108-meczennikow-ii-wojny-swiatowej-2\\\/\"},\"wordCount\":504,\"commentCount\":0,\"image\":{\"@id\":\"http:\\\/\\\/www.lichen.pl\\\/es\\\/bohaterowie-milosci-ogolnopolskie-uroczystosci-ku-czci-108-meczennikow-ii-wojny-swiatowej-2\\\/#primaryimage\"},\"thumbnailUrl\":\"https:\\\/\\\/www.lichen.pl\\\/wp-content\\\/uploads\\\/2021\\\/06\\\/P1350271-scaled.jpg\",\"articleSection\":[\"Aktualno\u015bci\"],\"inLanguage\":\"fr-FR\",\"potentialAction\":[{\"@type\":\"CommentAction\",\"name\":\"Comment\",\"target\":[\"http:\\\/\\\/www.lichen.pl\\\/es\\\/bohaterowie-milosci-ogolnopolskie-uroczystosci-ku-czci-108-meczennikow-ii-wojny-swiatowej-2\\\/#respond\"]}]},{\"@type\":\"WebPage\",\"@id\":\"http:\\\/\\\/www.lichen.pl\\\/es\\\/bohaterowie-milosci-ogolnopolskie-uroczystosci-ku-czci-108-meczennikow-ii-wojny-swiatowej-2\\\/\",\"url\":\"http:\\\/\\\/www.lichen.pl\\\/es\\\/bohaterowie-milosci-ogolnopolskie-uroczystosci-ku-czci-108-meczennikow-ii-wojny-swiatowej-2\\\/\",\"name\":\"Bohaterowie mi\u0142o\u015bci - og\u00f3lnopolskie uroczysto\u015bci ku czci 108 m\u0119czennik\u00f3w II wojny \u015bwiatowej - SANKTUARIUM W LICHENIU\",\"isPartOf\":{\"@id\":\"https:\\\/\\\/www.lichen.pl\\\/fr\\\/#website\"},\"primaryImageOfPage\":{\"@id\":\"http:\\\/\\\/www.lichen.pl\\\/es\\\/bohaterowie-milosci-ogolnopolskie-uroczystosci-ku-czci-108-meczennikow-ii-wojny-swiatowej-2\\\/#primaryimage\"},\"image\":{\"@id\":\"http:\\\/\\\/www.lichen.pl\\\/es\\\/bohaterowie-milosci-ogolnopolskie-uroczystosci-ku-czci-108-meczennikow-ii-wojny-swiatowej-2\\\/#primaryimage\"},\"thumbnailUrl\":\"https:\\\/\\\/www.lichen.pl\\\/wp-content\\\/uploads\\\/2021\\\/06\\\/P1350271-scaled.jpg\",\"datePublished\":\"2021-06-12T08:29:44+00:00\",\"dateModified\":\"2021-06-30T09:38:02+00:00\",\"author\":{\"@id\":\"https:\\\/\\\/www.lichen.pl\\\/fr\\\/#\\\/schema\\\/person\\\/70bf824c102f176cf976b0d90af0d62a\"},\"breadcrumb\":{\"@id\":\"http:\\\/\\\/www.lichen.pl\\\/es\\\/bohaterowie-milosci-ogolnopolskie-uroczystosci-ku-czci-108-meczennikow-ii-wojny-swiatowej-2\\\/#breadcrumb\"},\"inLanguage\":\"fr-FR\",\"potentialAction\":[{\"@type\":\"ReadAction\",\"target\":[\"http:\\\/\\\/www.lichen.pl\\\/es\\\/bohaterowie-milosci-ogolnopolskie-uroczystosci-ku-czci-108-meczennikow-ii-wojny-swiatowej-2\\\/\"]}]},{\"@type\":\"ImageObject\",\"inLanguage\":\"fr-FR\",\"@id\":\"http:\\\/\\\/www.lichen.pl\\\/es\\\/bohaterowie-milosci-ogolnopolskie-uroczystosci-ku-czci-108-meczennikow-ii-wojny-swiatowej-2\\\/#primaryimage\",\"url\":\"https:\\\/\\\/www.lichen.pl\\\/wp-content\\\/uploads\\\/2021\\\/06\\\/P1350271-scaled.jpg\",\"contentUrl\":\"https:\\\/\\\/www.lichen.pl\\\/wp-content\\\/uploads\\\/2021\\\/06\\\/P1350271-scaled.jpg\",\"width\":1920,\"height\":1442},{\"@type\":\"BreadcrumbList\",\"@id\":\"http:\\\/\\\/www.lichen.pl\\\/es\\\/bohaterowie-milosci-ogolnopolskie-uroczystosci-ku-czci-108-meczennikow-ii-wojny-swiatowej-2\\\/#breadcrumb\",\"itemListElement\":[{\"@type\":\"ListItem\",\"position\":1,\"name\":\"Strona g\u0142\u00f3wna\",\"item\":\"https:\\\/\\\/www.lichen.pl\\\/\"},{\"@type\":\"ListItem\",\"position\":2,\"name\":\"Bohaterowie mi\u0142o\u015bci &#8211; og\u00f3lnopolskie uroczysto\u015bci ku czci 108 m\u0119czennik\u00f3w II wojny \u015bwiatowej\"}]},{\"@type\":\"WebSite\",\"@id\":\"https:\\\/\\\/www.lichen.pl\\\/fr\\\/#website\",\"url\":\"https:\\\/\\\/www.lichen.pl\\\/fr\\\/\",\"name\":\"SANKTUARIUM W LICHENIU\",\"description\":\"MATKI BO\u017bEJ LICHE\u0143SKIEJ BOLESNEJ KR\u00d3LOWEJ POLSKI\",\"potentialAction\":[{\"@type\":\"SearchAction\",\"target\":{\"@type\":\"EntryPoint\",\"urlTemplate\":\"https:\\\/\\\/www.lichen.pl\\\/fr\\\/?s={search_term_string}\"},\"query-input\":{\"@type\":\"PropertyValueSpecification\",\"valueRequired\":true,\"valueName\":\"search_term_string\"}}],\"inLanguage\":\"fr-FR\"},{\"@type\":\"Person\",\"@id\":\"https:\\\/\\\/www.lichen.pl\\\/fr\\\/#\\\/schema\\\/person\\\/70bf824c102f176cf976b0d90af0d62a\",\"name\":\"AMELIA SIUDA-KOSZELA\",\"image\":{\"@type\":\"ImageObject\",\"inLanguage\":\"fr-FR\",\"@id\":\"https:\\\/\\\/secure.gravatar.com\\\/avatar\\\/a0f9a92186ab02fb8db116f5388e3bc7280dd7bd01565c5d6b7ceb07ff27d6d9?s=96&d=retro&r=g\",\"url\":\"https:\\\/\\\/secure.gravatar.com\\\/avatar\\\/a0f9a92186ab02fb8db116f5388e3bc7280dd7bd01565c5d6b7ceb07ff27d6d9?s=96&d=retro&r=g\",\"contentUrl\":\"https:\\\/\\\/secure.gravatar.com\\\/avatar\\\/a0f9a92186ab02fb8db116f5388e3bc7280dd7bd01565c5d6b7ceb07ff27d6d9?s=96&d=retro&r=g\",\"caption\":\"AMELIA SIUDA-KOSZELA\"},\"url\":\"https:\\\/\\\/www.lichen.pl\\\/fr\\\/author\\\/amelia\\\/\"}]}<\/script>\n<!-- \/ Yoast SEO plugin. -->","yoast_head_json":{"title":"Bohaterowie mi\u0142o\u015bci - og\u00f3lnopolskie uroczysto\u015bci ku czci 108 m\u0119czennik\u00f3w II wojny \u015bwiatowej - SANKTUARIUM W LICHENIU","robots":{"index":"index","follow":"follow","max-snippet":"max-snippet:-1","max-image-preview":"max-image-preview:large","max-video-preview":"max-video-preview:-1"},"canonical":"http:\/\/www.lichen.pl\/fr\/bohaterowie-milosci-ogolnopolskie-uroczystosci-ku-czci-108-meczennikow-ii-wojny-swiatowej-2\/","og_locale":"fr_FR","og_type":"article","og_title":"Bohaterowie mi\u0142o\u015bci - og\u00f3lnopolskie uroczysto\u015bci ku czci 108 m\u0119czennik\u00f3w II wojny \u015bwiatowej - SANKTUARIUM W LICHENIU","og_description":"We wspomnienie Niepokalanego Serca Naj\u015bwi\u0119tszej Maryi Panny, 12 czerwca, odby\u0142y si\u0119 og\u00f3lnopolskie uroczysto\u015bci ku czci 108 m\u0119czennik\u00f3w II wojny w Sanktuarium Matki Bo\u017cej Liche\u0144skiej. Liche\u0144skie sanktuarium od momentu beatyfikacji m\u0119czennik\u00f3w w 1999 r. sta\u0142o si\u0119 og\u00f3lnopolskim centrum 108 b\u0142ogos\u0142awionych m\u0119czennik\u00f3w. Ka\u017cdego roku go\u015bci ks. pra\u0142. Tomasza Kaczmarka kap\u0142ana diecezji w\u0142oc\u0142awskiej, postulatora sprawy beatyfikacyjnej 108 m\u0119czennik\u00f3w [&hellip;]","og_url":"http:\/\/www.lichen.pl\/fr\/bohaterowie-milosci-ogolnopolskie-uroczystosci-ku-czci-108-meczennikow-ii-wojny-swiatowej-2\/","og_site_name":"SANKTUARIUM W LICHENIU","article_published_time":"2021-06-12T08:29:44+00:00","article_modified_time":"2021-06-30T09:38:02+00:00","og_image":[{"width":1920,"height":1442,"url":"http:\/\/www.lichen.pl\/wp-content\/uploads\/2021\/06\/P1350271-scaled.jpg","type":"image\/jpeg"}],"author":"AMELIA SIUDA-KOSZELA","twitter_card":"summary_large_image","twitter_misc":{"\u00c9crit par":"AMELIA SIUDA-KOSZELA","Dur\u00e9e de lecture estim\u00e9e":"2 minutes"},"schema":{"@context":"https:\/\/schema.org","@graph":[{"@type":"Article","@id":"http:\/\/www.lichen.pl\/es\/bohaterowie-milosci-ogolnopolskie-uroczystosci-ku-czci-108-meczennikow-ii-wojny-swiatowej-2\/#article","isPartOf":{"@id":"http:\/\/www.lichen.pl\/es\/bohaterowie-milosci-ogolnopolskie-uroczystosci-ku-czci-108-meczennikow-ii-wojny-swiatowej-2\/"},"author":{"name":"AMELIA SIUDA-KOSZELA","@id":"https:\/\/www.lichen.pl\/fr\/#\/schema\/person\/70bf824c102f176cf976b0d90af0d62a"},"headline":"Bohaterowie mi\u0142o\u015bci &#8211; og\u00f3lnopolskie uroczysto\u015bci ku czci 108 m\u0119czennik\u00f3w II wojny \u015bwiatowej","datePublished":"2021-06-12T08:29:44+00:00","dateModified":"2021-06-30T09:38:02+00:00","mainEntityOfPage":{"@id":"http:\/\/www.lichen.pl\/es\/bohaterowie-milosci-ogolnopolskie-uroczystosci-ku-czci-108-meczennikow-ii-wojny-swiatowej-2\/"},"wordCount":504,"commentCount":0,"image":{"@id":"http:\/\/www.lichen.pl\/es\/bohaterowie-milosci-ogolnopolskie-uroczystosci-ku-czci-108-meczennikow-ii-wojny-swiatowej-2\/#primaryimage"},"thumbnailUrl":"https:\/\/www.lichen.pl\/wp-content\/uploads\/2021\/06\/P1350271-scaled.jpg","articleSection":["Aktualno\u015bci"],"inLanguage":"fr-FR","potentialAction":[{"@type":"CommentAction","name":"Comment","target":["http:\/\/www.lichen.pl\/es\/bohaterowie-milosci-ogolnopolskie-uroczystosci-ku-czci-108-meczennikow-ii-wojny-swiatowej-2\/#respond"]}]},{"@type":"WebPage","@id":"http:\/\/www.lichen.pl\/es\/bohaterowie-milosci-ogolnopolskie-uroczystosci-ku-czci-108-meczennikow-ii-wojny-swiatowej-2\/","url":"http:\/\/www.lichen.pl\/es\/bohaterowie-milosci-ogolnopolskie-uroczystosci-ku-czci-108-meczennikow-ii-wojny-swiatowej-2\/","name":"Bohaterowie mi\u0142o\u015bci - og\u00f3lnopolskie uroczysto\u015bci ku czci 108 m\u0119czennik\u00f3w II wojny \u015bwiatowej - SANKTUARIUM W LICHENIU","isPartOf":{"@id":"https:\/\/www.lichen.pl\/fr\/#website"},"primaryImageOfPage":{"@id":"http:\/\/www.lichen.pl\/es\/bohaterowie-milosci-ogolnopolskie-uroczystosci-ku-czci-108-meczennikow-ii-wojny-swiatowej-2\/#primaryimage"},"image":{"@id":"http:\/\/www.lichen.pl\/es\/bohaterowie-milosci-ogolnopolskie-uroczystosci-ku-czci-108-meczennikow-ii-wojny-swiatowej-2\/#primaryimage"},"thumbnailUrl":"https:\/\/www.lichen.pl\/wp-content\/uploads\/2021\/06\/P1350271-scaled.jpg","datePublished":"2021-06-12T08:29:44+00:00","dateModified":"2021-06-30T09:38:02+00:00","author":{"@id":"https:\/\/www.lichen.pl\/fr\/#\/schema\/person\/70bf824c102f176cf976b0d90af0d62a"},"breadcrumb":{"@id":"http:\/\/www.lichen.pl\/es\/bohaterowie-milosci-ogolnopolskie-uroczystosci-ku-czci-108-meczennikow-ii-wojny-swiatowej-2\/#breadcrumb"},"inLanguage":"fr-FR","potentialAction":[{"@type":"ReadAction","target":["http:\/\/www.lichen.pl\/es\/bohaterowie-milosci-ogolnopolskie-uroczystosci-ku-czci-108-meczennikow-ii-wojny-swiatowej-2\/"]}]},{"@type":"ImageObject","inLanguage":"fr-FR","@id":"http:\/\/www.lichen.pl\/es\/bohaterowie-milosci-ogolnopolskie-uroczystosci-ku-czci-108-meczennikow-ii-wojny-swiatowej-2\/#primaryimage","url":"https:\/\/www.lichen.pl\/wp-content\/uploads\/2021\/06\/P1350271-scaled.jpg","contentUrl":"https:\/\/www.lichen.pl\/wp-content\/uploads\/2021\/06\/P1350271-scaled.jpg","width":1920,"height":1442},{"@type":"BreadcrumbList","@id":"http:\/\/www.lichen.pl\/es\/bohaterowie-milosci-ogolnopolskie-uroczystosci-ku-czci-108-meczennikow-ii-wojny-swiatowej-2\/#breadcrumb","itemListElement":[{"@type":"ListItem","position":1,"name":"Strona g\u0142\u00f3wna","item":"https:\/\/www.lichen.pl\/"},{"@type":"ListItem","position":2,"name":"Bohaterowie mi\u0142o\u015bci &#8211; og\u00f3lnopolskie uroczysto\u015bci ku czci 108 m\u0119czennik\u00f3w II wojny \u015bwiatowej"}]},{"@type":"WebSite","@id":"https:\/\/www.lichen.pl\/fr\/#website","url":"https:\/\/www.lichen.pl\/fr\/","name":"SANCTUAIRE EN LICHENIE","description":"LA MAUVAISE REINE DE POLOGNE DE NOTRE LICHEN","potentialAction":[{"@type":"SearchAction","target":{"@type":"EntryPoint","urlTemplate":"https:\/\/www.lichen.pl\/fr\/?s={search_term_string}"},"query-input":{"@type":"PropertyValueSpecification","valueRequired":true,"valueName":"search_term_string"}}],"inLanguage":"fr-FR"},{"@type":"Person","@id":"https:\/\/www.lichen.pl\/fr\/#\/schema\/person\/70bf824c102f176cf976b0d90af0d62a","name":"AMELIA SIUDA-KOSZELA","image":{"@type":"ImageObject","inLanguage":"fr-FR","@id":"https:\/\/secure.gravatar.com\/avatar\/a0f9a92186ab02fb8db116f5388e3bc7280dd7bd01565c5d6b7ceb07ff27d6d9?s=96&d=retro&r=g","url":"https:\/\/secure.gravatar.com\/avatar\/a0f9a92186ab02fb8db116f5388e3bc7280dd7bd01565c5d6b7ceb07ff27d6d9?s=96&d=retro&r=g","contentUrl":"https:\/\/secure.gravatar.com\/avatar\/a0f9a92186ab02fb8db116f5388e3bc7280dd7bd01565c5d6b7ceb07ff27d6d9?s=96&d=retro&r=g","caption":"AMELIA SIUDA-KOSZELA"},"url":"https:\/\/www.lichen.pl\/fr\/author\/amelia\/"}]}},"_links":{"self":[{"href":"https:\/\/www.lichen.pl\/fr\/wp-json\/wp\/v2\/posts\/16262","targetHints":{"allow":["GET"]}}],"collection":[{"href":"https:\/\/www.lichen.pl\/fr\/wp-json\/wp\/v2\/posts"}],"about":[{"href":"https:\/\/www.lichen.pl\/fr\/wp-json\/wp\/v2\/types\/post"}],"author":[{"embeddable":true,"href":"https:\/\/www.lichen.pl\/fr\/wp-json\/wp\/v2\/users\/6"}],"replies":[{"embeddable":true,"href":"https:\/\/www.lichen.pl\/fr\/wp-json\/wp\/v2\/comments?post=16262"}],"version-history":[{"count":4,"href":"https:\/\/www.lichen.pl\/fr\/wp-json\/wp\/v2\/posts\/16262\/revisions"}],"predecessor-version":[{"id":16404,"href":"https:\/\/www.lichen.pl\/fr\/wp-json\/wp\/v2\/posts\/16262\/revisions\/16404"}],"wp:featuredmedia":[{"embeddable":true,"href":"https:\/\/www.lichen.pl\/fr\/wp-json\/wp\/v2\/media\/16313"}],"wp:attachment":[{"href":"https:\/\/www.lichen.pl\/fr\/wp-json\/wp\/v2\/media?parent=16262"}],"wp:term":[{"taxonomy":"category","embeddable":true,"href":"https:\/\/www.lichen.pl\/fr\/wp-json\/wp\/v2\/categories?post=16262"},{"taxonomy":"post_tag","embeddable":true,"href":"https:\/\/www.lichen.pl\/fr\/wp-json\/wp\/v2\/tags?post=16262"}],"curies":[{"name":"wp","href":"https:\/\/api.w.org\/{rel}","templated":true}]}}