{"id":16380,"date":"2020-06-28T09:27:30","date_gmt":"2020-06-28T09:27:30","guid":{"rendered":"http:\/\/www.lichen.pl\/?p=16380"},"modified":"2021-07-28T13:13:29","modified_gmt":"2021-07-28T13:13:29","slug":"50-lat-duchowej-rodziny-marianskiej","status":"publish","type":"post","link":"https:\/\/www.lichen.pl\/fr\/50-lat-duchowej-rodziny-marianskiej\/","title":{"rendered":"50 ans de la Famille Spirituelle Mariale"},"content":{"rendered":"<div data-elementor-type=\"wp-post\" data-elementor-id=\"16380\" class=\"elementor elementor-16380\" data-elementor-post-type=\"post\">\n\t\t\t\t\t\t<section class=\"elementor-section elementor-top-section elementor-element elementor-element-d75a714 elementor-section-boxed elementor-section-height-default elementor-section-height-default\" data-id=\"d75a714\" data-element_type=\"section\" data-e-type=\"section\">\n\t\t\t\t\t\t<div class=\"elementor-container elementor-column-gap-default\">\n\t\t\t\t\t<div class=\"elementor-column elementor-col-100 elementor-top-column elementor-element elementor-element-08d79c6\" data-id=\"08d79c6\" data-element_type=\"column\" data-e-type=\"column\">\n\t\t\t<div class=\"elementor-widget-wrap elementor-element-populated\">\n\t\t\t\t\t\t<div class=\"elementor-element elementor-element-0013c5b elementor-widget elementor-widget-text-editor\" data-id=\"0013c5b\" data-element_type=\"widget\" data-e-type=\"widget\" data-widget_type=\"text-editor.default\">\n\t\t\t\t<div class=\"elementor-widget-container\">\n\t\t\t\t\t\t\t\t\t<p class=\"MsoNormal\" style=\"text-align: justify; text-indent: 35.4pt;\"><span style=\"color: #000000;\"><b>R\u00e9unis au Sanctuaire Notre-Dame de Liche\u0144 lors de la messe de midi. Le 28 juin, ils ont remerci\u00e9 pour le 50e anniversaire de la fondation de la Famille Spirituelle Mariale, qui prend soin du Sanctuaire.<\/b><\/span><\/p><p class=\"MsoNormal\" style=\"text-align: justify; text-indent: 35.4pt;\"><span style=\"color: #000000;\">Pr. Janusz Kumala, MIC, le conservateur du sanctuaire Lichen, a not\u00e9 dans son hom\u00e9lie que Dieu avait appel\u00e9 ce sanctuaire par des la\u00efcs et \u00e9tait un don pour eux. Au XIXe si\u00e8cle, Tomasz K\u0142ossowski a plac\u00e9 l&#039;image de la M\u00e8re de Dieu sur un pin dans la for\u00eat de Gr\u0105blin, et Miko\u0142aj Sikatka a connu des apparitions et a transmis le message de la M\u00e8re de Dieu - un appel \u00e0 la conversion. Les la\u00efcs ont \u00e9galement construit la premi\u00e8re chapelle en briques \u00e0 Gr\u0105blin pour la Dame de Liche\u0144, et plus tard ont particip\u00e9 activement \u00e0 la construction de l&#039;\u00e9glise de St. Dorothy \u00e0 Liche\u0144, o\u00f9 l&#039;image de Notre-Dame de Liche\u0144 a \u00e9t\u00e9 v\u00e9n\u00e9r\u00e9e pendant 150 ans. Des ann\u00e9es plus tard, en 1967, ils rejoignirent la pr\u00e9paration du couronnement de l&#039;Image Miraculeuse de Notre-Dame de Liche\u0144. - En 1970, la Famille spirituelle mariale a \u00e9t\u00e9 cr\u00e9\u00e9e, dont les membres de Pologne et de l&#039;\u00e9tranger ont \u00e9t\u00e9 impliqu\u00e9s dans le d\u00e9veloppement ult\u00e9rieur du sanctuaire. Depuis, de plus en plus d&#039;amis sont associ\u00e9s au sanctuaire Lichen, a expliqu\u00e9 le conservateur. - C&#039;est ici que beaucoup ont exp\u00e9riment\u00e9 la gr\u00e2ce de la conversion et sont n\u00e9s \u00e0 une nouvelle vie, et cela est attest\u00e9 par les barreaux confessionnels - a-t-il dit.<\/span><\/p><p class=\"MsoNormal\" style=\"text-align: justify;\"><span style=\"color: #000000;\">\u00a0\u00a0\u00a0\u00a0\u00a0\u00a0\u00a0\u00a0\u00a0\u00a0\u00a0 La Famille Spirituelle Mariale a \u00e9galement soutenu le sanctuaire dans le travail de nettoyage quotidien. Ses membres et p\u00e8lerins ont \u00e9galement particip\u00e9 \u00e0 la construction du Lichen Golgotha, par exemple ils ont apport\u00e9 des pierres de toute la Pologne. - La basilique de Liche\u0144 est le plus grand fruit de l&#039;engagement de la Famille Spirituelle Mariale. &quot;Je remercie Dieu pour ce temple&quot; - P. Kumala a rappel\u00e9 les paroles de St. Jean-Paul II, prononc\u00e9 sur les marches de la basilique de Lichen en 1999. - Le pape a remerci\u00e9 tous ceux qui ont contribu\u00e9 \u00e0 la cr\u00e9ation de la basilique, qui est une expression de leur foi et de leur amour de Dieu et de Marie - a d\u00e9clar\u00e9 le pr\u00eatre gardien.<\/span><\/p><p class=\"MsoNormal\" style=\"text-align: justify; text-indent: 35.4pt;\"><span style=\"color: #000000;\">La Famille Spirituelle Mariale s&#039;occupe \u00e9galement de l&#039;\u00c9glise en tant que communaut\u00e9 de personnes. Quelle est la chose la plus importante \u00e0 propos d&#039;une visite au Sanctuaire ? A incit\u00e9 le Marian \u00e0 r\u00e9fl\u00e9chir. - Nous nous r\u00e9unissons pour participer \u00e0 l&#039;Eucharistie. Vous pouvez utiliser ce temps pour une promenade, il est important de penser \u00e0 vous et de r\u00e9fl\u00e9chir \u00e0 votre propre vie, mais le plus important est que notre pr\u00e9sence au Sanctuaire aboutisse \u00e0 rencontrer le Christ dans la Sainte Communion. et le sacrement de p\u00e9nitence et de r\u00e9conciliation. Lorsque nous faisons des p\u00e8lerinages au Sanctuaire, et pas seulement des visites, nous nous souvenons du ciel. C&#039;est l\u00e0 qu&#039;il sera le plus heureux. Un p\u00e8lerin est celui qui atteint le but du Christ. Remercions-nous pour toutes les personnes inscrites dans l&#039;histoire de ce lieu - a conclu le P. Kumala.<\/span><\/p><p><span style=\"font-size: 12pt; font-family: 'Times New Roman', serif; color: #000000;\">\u00a0\u00a0\u00a0\u00a0\u00a0\u00a0\u00a0\u00a0\u00a0\u00a0\u00a0 Le dernier dimanche de juin, apr\u00e8s une pause de trois mois, le ch\u0153ur de la basilique de Lichen \u00ab Stabat Mater \u00bb a chant\u00e9. Jacek Hy\u017cny, le chef d&#039;orchestre et organiste lichenien, s&#039;est charg\u00e9 de la liturgie et a dirig\u00e9 le concert de la chorale apr\u00e8s l&#039;Eucharistie.\u00a0<\/span><\/p>\t\t\t\t\t\t\t\t<\/div>\n\t\t\t\t<\/div>\n\t\t\t\t\t<\/div>\n\t\t<\/div>\n\t\t\t\t\t<\/div>\n\t\t<\/section>\n\t\t\t\t<\/div>","protected":false},"excerpt":{"rendered":"<p>Zgromadzeni w Sanktuarium Matki Bo\u017cej Liche\u0144skiej podczas po\u0142udniowej Mszy \u015aw. 28 czerwca dzi\u0119kowali za jubileusz 50-lecia powstania Duchowej Rodziny Maria\u0144skiej, kt\u00f3ra troszczy si\u0119 o Sanktuarium. Ks. Janusz Kumala MIC, kustosz liche\u0144skiego sanktuarium, zauwa\u017cy\u0142 w homilii, \u017ce B\u00f3g powo\u0142a\u0142 to sanktuarium przez ludzi \u015bwieckich i jest dla nich darem. W XIX wieku Tomasz K\u0142ossowski umie\u015bci\u0142 wizerunek [&hellip;]<\/p>\n","protected":false},"author":6,"featured_media":526,"comment_status":"open","ping_status":"open","sticky":false,"template":"","format":"standard","meta":{"footnotes":""},"categories":[1],"tags":[],"class_list":["post-16380","post","type-post","status-publish","format-standard","has-post-thumbnail","hentry","category-aktualnosci","wpbf-post"],"yoast_head":"<!-- This site is optimized with the Yoast SEO plugin v27.4 - https:\/\/yoast.com\/product\/yoast-seo-wordpress\/ -->\n<title>50 lat Duchowej Rodziny Maria\u0144skiej - SANKTUARIUM W LICHENIU<\/title>\n<meta name=\"robots\" content=\"index, follow, max-snippet:-1, max-image-preview:large, max-video-preview:-1\" \/>\n<link rel=\"canonical\" href=\"http:\/\/www.lichen.pl\/fr\/50-lat-duchowej-rodziny-marianskiej\/\" \/>\n<meta property=\"og:locale\" content=\"fr_FR\" \/>\n<meta property=\"og:type\" content=\"article\" \/>\n<meta property=\"og:title\" content=\"50 lat Duchowej Rodziny Maria\u0144skiej - SANKTUARIUM W LICHENIU\" \/>\n<meta property=\"og:description\" content=\"Zgromadzeni w Sanktuarium Matki Bo\u017cej Liche\u0144skiej podczas po\u0142udniowej Mszy \u015aw. 28 czerwca dzi\u0119kowali za jubileusz 50-lecia powstania Duchowej Rodziny Maria\u0144skiej, kt\u00f3ra troszczy si\u0119 o Sanktuarium. Ks. Janusz Kumala MIC, kustosz liche\u0144skiego sanktuarium, zauwa\u017cy\u0142 w homilii, \u017ce B\u00f3g powo\u0142a\u0142 to sanktuarium przez ludzi \u015bwieckich i jest dla nich darem. W XIX wieku Tomasz K\u0142ossowski umie\u015bci\u0142 wizerunek [&hellip;]\" \/>\n<meta property=\"og:url\" content=\"http:\/\/www.lichen.pl\/fr\/50-lat-duchowej-rodziny-marianskiej\/\" \/>\n<meta property=\"og:site_name\" content=\"SANKTUARIUM W LICHENIU\" \/>\n<meta property=\"article:published_time\" content=\"2020-06-28T09:27:30+00:00\" \/>\n<meta property=\"article:modified_time\" content=\"2021-07-28T13:13:29+00:00\" \/>\n<meta property=\"og:image\" content=\"http:\/\/www.lichen.pl\/wp-content\/uploads\/2020\/02\/2550-scaled.jpg\" \/>\n\t<meta property=\"og:image:width\" content=\"1920\" \/>\n\t<meta property=\"og:image:height\" content=\"1280\" \/>\n\t<meta property=\"og:image:type\" content=\"image\/jpeg\" \/>\n<meta name=\"author\" content=\"AMELIA SIUDA-KOSZELA\" \/>\n<meta name=\"twitter:card\" content=\"summary_large_image\" \/>\n<meta name=\"twitter:label1\" content=\"\u00c9crit par\" \/>\n\t<meta name=\"twitter:data1\" content=\"AMELIA SIUDA-KOSZELA\" \/>\n\t<meta name=\"twitter:label2\" content=\"Dur\u00e9e de lecture estim\u00e9e\" \/>\n\t<meta name=\"twitter:data2\" content=\"2 minutes\" \/>\n<script type=\"application\/ld+json\" class=\"yoast-schema-graph\">{\"@context\":\"https:\\\/\\\/schema.org\",\"@graph\":[{\"@type\":\"Article\",\"@id\":\"http:\\\/\\\/www.lichen.pl\\\/en\\\/50-lat-duchowej-rodziny-marianskiej\\\/#article\",\"isPartOf\":{\"@id\":\"http:\\\/\\\/www.lichen.pl\\\/en\\\/50-lat-duchowej-rodziny-marianskiej\\\/\"},\"author\":{\"name\":\"AMELIA SIUDA-KOSZELA\",\"@id\":\"https:\\\/\\\/www.lichen.pl\\\/fr\\\/#\\\/schema\\\/person\\\/70bf824c102f176cf976b0d90af0d62a\"},\"headline\":\"50 lat Duchowej Rodziny Maria\u0144skiej\",\"datePublished\":\"2020-06-28T09:27:30+00:00\",\"dateModified\":\"2021-07-28T13:13:29+00:00\",\"mainEntityOfPage\":{\"@id\":\"http:\\\/\\\/www.lichen.pl\\\/en\\\/50-lat-duchowej-rodziny-marianskiej\\\/\"},\"wordCount\":481,\"commentCount\":0,\"image\":{\"@id\":\"http:\\\/\\\/www.lichen.pl\\\/en\\\/50-lat-duchowej-rodziny-marianskiej\\\/#primaryimage\"},\"thumbnailUrl\":\"https:\\\/\\\/www.lichen.pl\\\/wp-content\\\/uploads\\\/2020\\\/02\\\/2550-scaled.jpg\",\"articleSection\":[\"Aktualno\u015bci\"],\"inLanguage\":\"fr-FR\",\"potentialAction\":[{\"@type\":\"CommentAction\",\"name\":\"Comment\",\"target\":[\"http:\\\/\\\/www.lichen.pl\\\/en\\\/50-lat-duchowej-rodziny-marianskiej\\\/#respond\"]}]},{\"@type\":\"WebPage\",\"@id\":\"http:\\\/\\\/www.lichen.pl\\\/en\\\/50-lat-duchowej-rodziny-marianskiej\\\/\",\"url\":\"http:\\\/\\\/www.lichen.pl\\\/en\\\/50-lat-duchowej-rodziny-marianskiej\\\/\",\"name\":\"50 lat Duchowej Rodziny Maria\u0144skiej - SANKTUARIUM W LICHENIU\",\"isPartOf\":{\"@id\":\"https:\\\/\\\/www.lichen.pl\\\/fr\\\/#website\"},\"primaryImageOfPage\":{\"@id\":\"http:\\\/\\\/www.lichen.pl\\\/en\\\/50-lat-duchowej-rodziny-marianskiej\\\/#primaryimage\"},\"image\":{\"@id\":\"http:\\\/\\\/www.lichen.pl\\\/en\\\/50-lat-duchowej-rodziny-marianskiej\\\/#primaryimage\"},\"thumbnailUrl\":\"https:\\\/\\\/www.lichen.pl\\\/wp-content\\\/uploads\\\/2020\\\/02\\\/2550-scaled.jpg\",\"datePublished\":\"2020-06-28T09:27:30+00:00\",\"dateModified\":\"2021-07-28T13:13:29+00:00\",\"author\":{\"@id\":\"https:\\\/\\\/www.lichen.pl\\\/fr\\\/#\\\/schema\\\/person\\\/70bf824c102f176cf976b0d90af0d62a\"},\"breadcrumb\":{\"@id\":\"http:\\\/\\\/www.lichen.pl\\\/en\\\/50-lat-duchowej-rodziny-marianskiej\\\/#breadcrumb\"},\"inLanguage\":\"fr-FR\",\"potentialAction\":[{\"@type\":\"ReadAction\",\"target\":[\"http:\\\/\\\/www.lichen.pl\\\/en\\\/50-lat-duchowej-rodziny-marianskiej\\\/\"]}]},{\"@type\":\"ImageObject\",\"inLanguage\":\"fr-FR\",\"@id\":\"http:\\\/\\\/www.lichen.pl\\\/en\\\/50-lat-duchowej-rodziny-marianskiej\\\/#primaryimage\",\"url\":\"https:\\\/\\\/www.lichen.pl\\\/wp-content\\\/uploads\\\/2020\\\/02\\\/2550-scaled.jpg\",\"contentUrl\":\"https:\\\/\\\/www.lichen.pl\\\/wp-content\\\/uploads\\\/2020\\\/02\\\/2550-scaled.jpg\",\"width\":1600,\"height\":1067},{\"@type\":\"BreadcrumbList\",\"@id\":\"http:\\\/\\\/www.lichen.pl\\\/en\\\/50-lat-duchowej-rodziny-marianskiej\\\/#breadcrumb\",\"itemListElement\":[{\"@type\":\"ListItem\",\"position\":1,\"name\":\"Strona g\u0142\u00f3wna\",\"item\":\"https:\\\/\\\/www.lichen.pl\\\/\"},{\"@type\":\"ListItem\",\"position\":2,\"name\":\"50 lat Duchowej Rodziny Maria\u0144skiej\"}]},{\"@type\":\"WebSite\",\"@id\":\"https:\\\/\\\/www.lichen.pl\\\/fr\\\/#website\",\"url\":\"https:\\\/\\\/www.lichen.pl\\\/fr\\\/\",\"name\":\"SANKTUARIUM W LICHENIU\",\"description\":\"MATKI BO\u017bEJ LICHE\u0143SKIEJ BOLESNEJ KR\u00d3LOWEJ POLSKI\",\"potentialAction\":[{\"@type\":\"SearchAction\",\"target\":{\"@type\":\"EntryPoint\",\"urlTemplate\":\"https:\\\/\\\/www.lichen.pl\\\/fr\\\/?s={search_term_string}\"},\"query-input\":{\"@type\":\"PropertyValueSpecification\",\"valueRequired\":true,\"valueName\":\"search_term_string\"}}],\"inLanguage\":\"fr-FR\"},{\"@type\":\"Person\",\"@id\":\"https:\\\/\\\/www.lichen.pl\\\/fr\\\/#\\\/schema\\\/person\\\/70bf824c102f176cf976b0d90af0d62a\",\"name\":\"AMELIA SIUDA-KOSZELA\",\"image\":{\"@type\":\"ImageObject\",\"inLanguage\":\"fr-FR\",\"@id\":\"https:\\\/\\\/secure.gravatar.com\\\/avatar\\\/a0f9a92186ab02fb8db116f5388e3bc7280dd7bd01565c5d6b7ceb07ff27d6d9?s=96&d=retro&r=g\",\"url\":\"https:\\\/\\\/secure.gravatar.com\\\/avatar\\\/a0f9a92186ab02fb8db116f5388e3bc7280dd7bd01565c5d6b7ceb07ff27d6d9?s=96&d=retro&r=g\",\"contentUrl\":\"https:\\\/\\\/secure.gravatar.com\\\/avatar\\\/a0f9a92186ab02fb8db116f5388e3bc7280dd7bd01565c5d6b7ceb07ff27d6d9?s=96&d=retro&r=g\",\"caption\":\"AMELIA SIUDA-KOSZELA\"},\"url\":\"https:\\\/\\\/www.lichen.pl\\\/fr\\\/author\\\/amelia\\\/\"}]}<\/script>\n<!-- \/ Yoast SEO plugin. -->","yoast_head_json":{"title":"50 lat Duchowej Rodziny Maria\u0144skiej - SANKTUARIUM W LICHENIU","robots":{"index":"index","follow":"follow","max-snippet":"max-snippet:-1","max-image-preview":"max-image-preview:large","max-video-preview":"max-video-preview:-1"},"canonical":"http:\/\/www.lichen.pl\/fr\/50-lat-duchowej-rodziny-marianskiej\/","og_locale":"fr_FR","og_type":"article","og_title":"50 lat Duchowej Rodziny Maria\u0144skiej - SANKTUARIUM W LICHENIU","og_description":"Zgromadzeni w Sanktuarium Matki Bo\u017cej Liche\u0144skiej podczas po\u0142udniowej Mszy \u015aw. 28 czerwca dzi\u0119kowali za jubileusz 50-lecia powstania Duchowej Rodziny Maria\u0144skiej, kt\u00f3ra troszczy si\u0119 o Sanktuarium. Ks. Janusz Kumala MIC, kustosz liche\u0144skiego sanktuarium, zauwa\u017cy\u0142 w homilii, \u017ce B\u00f3g powo\u0142a\u0142 to sanktuarium przez ludzi \u015bwieckich i jest dla nich darem. W XIX wieku Tomasz K\u0142ossowski umie\u015bci\u0142 wizerunek [&hellip;]","og_url":"http:\/\/www.lichen.pl\/fr\/50-lat-duchowej-rodziny-marianskiej\/","og_site_name":"SANKTUARIUM W LICHENIU","article_published_time":"2020-06-28T09:27:30+00:00","article_modified_time":"2021-07-28T13:13:29+00:00","og_image":[{"width":1920,"height":1280,"url":"http:\/\/www.lichen.pl\/wp-content\/uploads\/2020\/02\/2550-scaled.jpg","type":"image\/jpeg"}],"author":"AMELIA SIUDA-KOSZELA","twitter_card":"summary_large_image","twitter_misc":{"\u00c9crit par":"AMELIA SIUDA-KOSZELA","Dur\u00e9e de lecture estim\u00e9e":"2 minutes"},"schema":{"@context":"https:\/\/schema.org","@graph":[{"@type":"Article","@id":"http:\/\/www.lichen.pl\/en\/50-lat-duchowej-rodziny-marianskiej\/#article","isPartOf":{"@id":"http:\/\/www.lichen.pl\/en\/50-lat-duchowej-rodziny-marianskiej\/"},"author":{"name":"AMELIA SIUDA-KOSZELA","@id":"https:\/\/www.lichen.pl\/fr\/#\/schema\/person\/70bf824c102f176cf976b0d90af0d62a"},"headline":"50 lat Duchowej Rodziny Maria\u0144skiej","datePublished":"2020-06-28T09:27:30+00:00","dateModified":"2021-07-28T13:13:29+00:00","mainEntityOfPage":{"@id":"http:\/\/www.lichen.pl\/en\/50-lat-duchowej-rodziny-marianskiej\/"},"wordCount":481,"commentCount":0,"image":{"@id":"http:\/\/www.lichen.pl\/en\/50-lat-duchowej-rodziny-marianskiej\/#primaryimage"},"thumbnailUrl":"https:\/\/www.lichen.pl\/wp-content\/uploads\/2020\/02\/2550-scaled.jpg","articleSection":["Aktualno\u015bci"],"inLanguage":"fr-FR","potentialAction":[{"@type":"CommentAction","name":"Comment","target":["http:\/\/www.lichen.pl\/en\/50-lat-duchowej-rodziny-marianskiej\/#respond"]}]},{"@type":"WebPage","@id":"http:\/\/www.lichen.pl\/en\/50-lat-duchowej-rodziny-marianskiej\/","url":"http:\/\/www.lichen.pl\/en\/50-lat-duchowej-rodziny-marianskiej\/","name":"50 lat Duchowej Rodziny Maria\u0144skiej - SANKTUARIUM W LICHENIU","isPartOf":{"@id":"https:\/\/www.lichen.pl\/fr\/#website"},"primaryImageOfPage":{"@id":"http:\/\/www.lichen.pl\/en\/50-lat-duchowej-rodziny-marianskiej\/#primaryimage"},"image":{"@id":"http:\/\/www.lichen.pl\/en\/50-lat-duchowej-rodziny-marianskiej\/#primaryimage"},"thumbnailUrl":"https:\/\/www.lichen.pl\/wp-content\/uploads\/2020\/02\/2550-scaled.jpg","datePublished":"2020-06-28T09:27:30+00:00","dateModified":"2021-07-28T13:13:29+00:00","author":{"@id":"https:\/\/www.lichen.pl\/fr\/#\/schema\/person\/70bf824c102f176cf976b0d90af0d62a"},"breadcrumb":{"@id":"http:\/\/www.lichen.pl\/en\/50-lat-duchowej-rodziny-marianskiej\/#breadcrumb"},"inLanguage":"fr-FR","potentialAction":[{"@type":"ReadAction","target":["http:\/\/www.lichen.pl\/en\/50-lat-duchowej-rodziny-marianskiej\/"]}]},{"@type":"ImageObject","inLanguage":"fr-FR","@id":"http:\/\/www.lichen.pl\/en\/50-lat-duchowej-rodziny-marianskiej\/#primaryimage","url":"https:\/\/www.lichen.pl\/wp-content\/uploads\/2020\/02\/2550-scaled.jpg","contentUrl":"https:\/\/www.lichen.pl\/wp-content\/uploads\/2020\/02\/2550-scaled.jpg","width":1600,"height":1067},{"@type":"BreadcrumbList","@id":"http:\/\/www.lichen.pl\/en\/50-lat-duchowej-rodziny-marianskiej\/#breadcrumb","itemListElement":[{"@type":"ListItem","position":1,"name":"Strona g\u0142\u00f3wna","item":"https:\/\/www.lichen.pl\/"},{"@type":"ListItem","position":2,"name":"50 lat Duchowej Rodziny Maria\u0144skiej"}]},{"@type":"WebSite","@id":"https:\/\/www.lichen.pl\/fr\/#website","url":"https:\/\/www.lichen.pl\/fr\/","name":"SANCTUAIRE EN LICHENIE","description":"LA MAUVAISE REINE DE POLOGNE DE NOTRE LICHEN","potentialAction":[{"@type":"SearchAction","target":{"@type":"EntryPoint","urlTemplate":"https:\/\/www.lichen.pl\/fr\/?s={search_term_string}"},"query-input":{"@type":"PropertyValueSpecification","valueRequired":true,"valueName":"search_term_string"}}],"inLanguage":"fr-FR"},{"@type":"Person","@id":"https:\/\/www.lichen.pl\/fr\/#\/schema\/person\/70bf824c102f176cf976b0d90af0d62a","name":"AMELIA SIUDA-KOSZELA","image":{"@type":"ImageObject","inLanguage":"fr-FR","@id":"https:\/\/secure.gravatar.com\/avatar\/a0f9a92186ab02fb8db116f5388e3bc7280dd7bd01565c5d6b7ceb07ff27d6d9?s=96&d=retro&r=g","url":"https:\/\/secure.gravatar.com\/avatar\/a0f9a92186ab02fb8db116f5388e3bc7280dd7bd01565c5d6b7ceb07ff27d6d9?s=96&d=retro&r=g","contentUrl":"https:\/\/secure.gravatar.com\/avatar\/a0f9a92186ab02fb8db116f5388e3bc7280dd7bd01565c5d6b7ceb07ff27d6d9?s=96&d=retro&r=g","caption":"AMELIA SIUDA-KOSZELA"},"url":"https:\/\/www.lichen.pl\/fr\/author\/amelia\/"}]}},"_links":{"self":[{"href":"https:\/\/www.lichen.pl\/fr\/wp-json\/wp\/v2\/posts\/16380","targetHints":{"allow":["GET"]}}],"collection":[{"href":"https:\/\/www.lichen.pl\/fr\/wp-json\/wp\/v2\/posts"}],"about":[{"href":"https:\/\/www.lichen.pl\/fr\/wp-json\/wp\/v2\/types\/post"}],"author":[{"embeddable":true,"href":"https:\/\/www.lichen.pl\/fr\/wp-json\/wp\/v2\/users\/6"}],"replies":[{"embeddable":true,"href":"https:\/\/www.lichen.pl\/fr\/wp-json\/wp\/v2\/comments?post=16380"}],"version-history":[{"count":5,"href":"https:\/\/www.lichen.pl\/fr\/wp-json\/wp\/v2\/posts\/16380\/revisions"}],"predecessor-version":[{"id":22576,"href":"https:\/\/www.lichen.pl\/fr\/wp-json\/wp\/v2\/posts\/16380\/revisions\/22576"}],"wp:featuredmedia":[{"embeddable":true,"href":"https:\/\/www.lichen.pl\/fr\/wp-json\/wp\/v2\/media\/526"}],"wp:attachment":[{"href":"https:\/\/www.lichen.pl\/fr\/wp-json\/wp\/v2\/media?parent=16380"}],"wp:term":[{"taxonomy":"category","embeddable":true,"href":"https:\/\/www.lichen.pl\/fr\/wp-json\/wp\/v2\/categories?post=16380"},{"taxonomy":"post_tag","embeddable":true,"href":"https:\/\/www.lichen.pl\/fr\/wp-json\/wp\/v2\/tags?post=16380"}],"curies":[{"name":"wp","href":"https:\/\/api.w.org\/{rel}","templated":true}]}}