{"id":17269,"date":"2020-12-12T11:45:05","date_gmt":"2020-12-12T11:45:05","guid":{"rendered":"http:\/\/www.lichen.pl\/?p=17269"},"modified":"2021-06-30T11:51:32","modified_gmt":"2021-06-30T11:51:32","slug":"modlili-sie-za-zmarlych-w-hospicjum","status":"publish","type":"post","link":"https:\/\/www.lichen.pl\/fr\/modlili-sie-za-zmarlych-w-hospicjum\/","title":{"rendered":"Ils ont pri\u00e9 pour les morts \u00e0 l&#039;hospice"},"content":{"rendered":"<div data-elementor-type=\"wp-post\" data-elementor-id=\"17269\" class=\"elementor elementor-17269\" data-elementor-post-type=\"post\">\n\t\t\t\t\t\t<section class=\"elementor-section elementor-top-section elementor-element elementor-element-3a8aab3 elementor-section-boxed elementor-section-height-default elementor-section-height-default\" data-id=\"3a8aab3\" data-element_type=\"section\" data-e-type=\"section\">\n\t\t\t\t\t\t<div class=\"elementor-container elementor-column-gap-default\">\n\t\t\t\t\t<div class=\"elementor-column elementor-col-100 elementor-top-column elementor-element elementor-element-7fd1f12\" data-id=\"7fd1f12\" data-element_type=\"column\" data-e-type=\"column\">\n\t\t\t<div class=\"elementor-widget-wrap elementor-element-populated\">\n\t\t\t\t\t\t<div class=\"elementor-element elementor-element-389becf elementor-widget elementor-widget-text-editor\" data-id=\"389becf\" data-element_type=\"widget\" data-e-type=\"widget\" data-widget_type=\"text-editor.default\">\n\t\t\t\t<div class=\"elementor-widget-container\">\n\t\t\t\t\t\t\t\t\t<p><span style=\"color: #000000;\"><strong>Familles, amis et employ\u00e9s de l&#039;hospice de Liche\u0144 ont pri\u00e9 pendant la Sainte Messe. Le 12 d\u00e9cembre dans la basilique inf\u00e9rieure pour 108 patients d\u00e9c\u00e9d\u00e9s qui sont pass\u00e9s au Seigneur en 2020.<\/strong><\/span><\/p><p><span style=\"color: #000000;\">Comme chaque ann\u00e9e, la messe. \u00e9tait pr\u00e9c\u00e9d\u00e9e d&#039;un diaporama avec les noms des personnes d\u00e9c\u00e9d\u00e9es \u00e0 l&#039;Hospice. Stanis\u0142aw Papczy\u0144ski, MIC \u00e0 Liche\u0144. - C&#039;est un moment important parce que nous pouvons prier ensemble avec les familles. Un hospice est un foyer, une communaut\u00e9 de personnes : personnel m\u00e9dical, personnel administratif, aum\u00f4nier, b\u00e9n\u00e9voles et familles. Nous sommes tr\u00e8s proches des malades et de leurs proches, c&#039;est pourquoi la Sainte Messe annuelle. c&#039;est un moment tr\u00e8s touchant pour nous. Nous nous souvenons des personnes dont nous nous sommes occup\u00e9s pendant l&#039;ann\u00e9e - dit Urszula Kulig, coordinatrice des b\u00e9n\u00e9voles \u00e0 l&#039;hospice de Liche\u0144.<\/span><\/p><p><span style=\"color: #000000;\">Apr\u00e8s la pri\u00e8re &quot;Repos \u00e9ternel...&quot;, l&#039;Eucharistie a commenc\u00e9 par le P. Jaros\u0142aw Hybza, MIC de la communaut\u00e9 Lichen des pr\u00eatres mariaux. - Bonjour famille, parents et amis du d\u00e9funt. Merci pour le beau cadeau de leur vie, merci d&#039;avoir pu les accompagner dans leur p\u00e8lerinage terrestre \u00e0 la maison du P\u00e8re. Nous croyons que le Christ, qui a vaincu la mort, le p\u00e9ch\u00e9 et Satan, est pr\u00e9sent parmi nous, et que sa maison est ouverte \u00e0 nous tous, il s&#039;est tourn\u00e9 vers les Mariens pr\u00e9sents.<\/span><\/p><p><span style=\"color: #000000;\">Chaque participant avait la possibilit\u00e9 de se rendre au sacrement de confession et d&#039;obtenir une indulgence pl\u00e9ni\u00e8re dans les conditions ordinaires, qu&#039;il pouvait offrir pour l&#039;\u00e2me d&#039;un proche d\u00e9c\u00e9d\u00e9. Pr. Hybza a rappel\u00e9 que la pri\u00e8re la plus puissante est la Sainte Messe, le don le plus puissant pour les morts est l&#039;indulgence pl\u00e9ni\u00e8re, et que c&#039;est la personne qui d\u00e9cide o\u00f9 elle veut aller apr\u00e8s la mort. - Dans la Bible, la mort est pr\u00e9sent\u00e9e comme un r\u00eave, un \u00e9tat d&#039;endormissement, et le cimeti\u00e8re comme une chambre o\u00f9 les gens se reposent et attendent la r\u00e9surrection, s&#039;\u00e9veillant \u00e0 une nouvelle vie. La mis\u00e9ricorde envers les autres, l&#039;amour humain et l&#039;humilit\u00e9 montrent d\u00e9j\u00e0 que le ciel est en nous et que nous le partageons avec les autres - la mariale nous a encourag\u00e9s \u00e0 nous souvenir des morts pendant toute une ann\u00e9e. - Je souhaite pour moi et pour vous que notre foi et notre amour pour le Christ soient toujours plus profonds. Puissions-nous d\u00e9j\u00e0 vivre au paradis ici et le partager avec les autres.<\/span><\/p>\t\t\t\t\t\t\t\t<\/div>\n\t\t\t\t<\/div>\n\t\t\t\t<div class=\"elementor-element elementor-element-f4c9dea elementor-skin-carousel elementor-arrows-yes elementor-pagination-type-bullets elementor-pagination-position-outside elementor-widget elementor-widget-media-carousel\" data-id=\"f4c9dea\" data-element_type=\"widget\" data-e-type=\"widget\" data-settings=\"{&quot;skin&quot;:&quot;carousel&quot;,&quot;effect&quot;:&quot;slide&quot;,&quot;show_arrows&quot;:&quot;yes&quot;,&quot;pagination&quot;:&quot;bullets&quot;,&quot;speed&quot;:500,&quot;autoplay&quot;:&quot;yes&quot;,&quot;autoplay_speed&quot;:5000,&quot;loop&quot;:&quot;yes&quot;,&quot;pause_on_hover&quot;:&quot;yes&quot;,&quot;pause_on_interaction&quot;:&quot;yes&quot;,&quot;space_between&quot;:{&quot;unit&quot;:&quot;px&quot;,&quot;size&quot;:10,&quot;sizes&quot;:[]},&quot;space_between_tablet&quot;:{&quot;unit&quot;:&quot;px&quot;,&quot;size&quot;:10,&quot;sizes&quot;:[]},&quot;space_between_mobile&quot;:{&quot;unit&quot;:&quot;px&quot;,&quot;size&quot;:10,&quot;sizes&quot;:[]}}\" data-widget_type=\"media-carousel.default\">\n\t\t\t\t<div class=\"elementor-widget-container\">\n\t\t\t\t\t\t\t\t\t<div class=\"elementor-swiper\">\n\t\t\t\t\t<div class=\"elementor-main-swiper swiper\" role=\"region\" aria-roledescription=\"carousel\" aria-label=\"Diapositives\">\n\t\t\t\t<div class=\"swiper-wrapper\">\n\t\t\t\t\t\t\t\t\t\t\t<div class=\"swiper-slide\" role=\"group\" aria-roledescription=\"slide\">\n\t\t\t\t\t\t\t\t\t<div class=\"elementor-carousel-image\" role=\"img\" aria-label=\"P1310422\" style=\"background-image: url(&#039;https:\/\/www.lichen.pl\/wp-content\/uploads\/2021\/06\/P1310422.jpg&#039;)\">\n\n\t\t\t\n\t\t\t\t\t<\/div>\n\t\t\t\t\t\t\t\t<\/div>\n\t\t\t\t\t\t\t\t\t\t\t<div class=\"swiper-slide\" role=\"group\" aria-roledescription=\"slide\">\n\t\t\t\t\t\t\t\t\t<div class=\"elementor-carousel-image\" role=\"img\" aria-label=\"P1310426\" style=\"background-image: url(&#039;https:\/\/www.lichen.pl\/wp-content\/uploads\/2021\/06\/P1310426.jpg&#039;)\">\n\n\t\t\t\n\t\t\t\t\t<\/div>\n\t\t\t\t\t\t\t\t<\/div>\n\t\t\t\t\t\t\t\t\t\t\t<div class=\"swiper-slide\" role=\"group\" aria-roledescription=\"slide\">\n\t\t\t\t\t\t\t\t\t<div class=\"elementor-carousel-image\" role=\"img\" aria-label=\"P1310429\" style=\"background-image: url(&#039;https:\/\/www.lichen.pl\/wp-content\/uploads\/2021\/06\/P1310429.jpg&#039;)\">\n\n\t\t\t\n\t\t\t\t\t<\/div>\n\t\t\t\t\t\t\t\t<\/div>\n\t\t\t\t\t\t\t\t\t\t\t<div class=\"swiper-slide\" role=\"group\" aria-roledescription=\"slide\">\n\t\t\t\t\t\t\t\t\t<div class=\"elementor-carousel-image\" role=\"img\" aria-label=\"P1310437\" style=\"background-image: url(&#039;https:\/\/www.lichen.pl\/wp-content\/uploads\/2021\/06\/P1310437.jpg&#039;)\">\n\n\t\t\t\n\t\t\t\t\t<\/div>\n\t\t\t\t\t\t\t\t<\/div>\n\t\t\t\t\t\t\t\t\t<\/div>\n\t\t\t\t\t\t\t\t\t\t\t\t\t\t\t<div class=\"elementor-swiper-button elementor-swiper-button-prev\" role=\"button\" tabindex=\"0\" aria-label=\"Pr\u00e9c\u00e9dent\">\n\t\t\t\t\t\t\t<i aria-hidden=\"true\" class=\"eicon-chevron-left\"><\/i>\t\t\t\t\t\t<\/div>\n\t\t\t\t\t\t<div class=\"elementor-swiper-button elementor-swiper-button-next\" role=\"button\" tabindex=\"0\" aria-label=\"Suivant\">\n\t\t\t\t\t\t\t<i aria-hidden=\"true\" class=\"eicon-chevron-right\"><\/i>\t\t\t\t\t\t<\/div>\n\t\t\t\t\t\t\t\t\t\t\t\t\t\t\t\t<div class=\"swiper-pagination\"><\/div>\n\t\t\t\t\t\t\t\t\t\t\t\t<\/div>\n\t\t\t\t<\/div>\n\t\t\t\t\t\t\t\t<\/div>\n\t\t\t\t<\/div>\n\t\t\t\t<div class=\"elementor-element elementor-element-37044d7 elementor-widget elementor-widget-text-editor\" data-id=\"37044d7\" data-element_type=\"widget\" data-e-type=\"widget\" data-widget_type=\"text-editor.default\">\n\t\t\t\t<div class=\"elementor-widget-container\">\n\t\t\t\t\t\t\t\t\t<p><span style=\"color: #000000;\">Apr\u00e8s la Sainte Messe il y avait une foire de No\u00ebl, au cours de laquelle il \u00e9tait possible d&#039;acheter des d\u00e9corations de No\u00ebl pr\u00e9par\u00e9es par des b\u00e9n\u00e9voles de l&#039;hospice Lichen. Les revenus vont \u00e0 l&#039;Hospice Lichen.\u00a0<\/span><\/p>\t\t\t\t\t\t\t\t<\/div>\n\t\t\t\t<\/div>\n\t\t\t\t<div class=\"elementor-element elementor-element-9007a35 elementor-widget elementor-widget-gallery\" data-id=\"9007a35\" data-element_type=\"widget\" data-e-type=\"widget\" data-settings=\"{&quot;lazyload&quot;:&quot;yes&quot;,&quot;gallery_layout&quot;:&quot;grid&quot;,&quot;columns&quot;:4,&quot;columns_tablet&quot;:2,&quot;columns_mobile&quot;:1,&quot;gap&quot;:{&quot;unit&quot;:&quot;px&quot;,&quot;size&quot;:10,&quot;sizes&quot;:[]},&quot;gap_tablet&quot;:{&quot;unit&quot;:&quot;px&quot;,&quot;size&quot;:10,&quot;sizes&quot;:[]},&quot;gap_mobile&quot;:{&quot;unit&quot;:&quot;px&quot;,&quot;size&quot;:10,&quot;sizes&quot;:[]},&quot;link_to&quot;:&quot;file&quot;,&quot;aspect_ratio&quot;:&quot;3:2&quot;,&quot;overlay_background&quot;:&quot;yes&quot;,&quot;content_hover_animation&quot;:&quot;fade-in&quot;}\" data-widget_type=\"gallery.default\">\n\t\t\t\t<div class=\"elementor-widget-container\">\n\t\t\t\t\t\t\t<div class=\"elementor-gallery__container\">\n\t\t\t\t\t\t\t<a class=\"e-gallery-item elementor-gallery-item elementor-animated-content\" href=\"https:\/\/www.lichen.pl\/wp-content\/uploads\/2021\/06\/P1310461.jpg\" data-elementor-open-lightbox=\"yes\" data-elementor-lightbox-slideshow=\"9007a35\" data-elementor-lightbox-title=\"P1310461\" data-e-action-hash=\"#elementor-action%3Aaction%3Dlightbox%26settings%3DeyJpZCI6MTczNjAsInVybCI6Imh0dHBzOlwvXC93d3cubGljaGVuLnBsXC93cC1jb250ZW50XC91cGxvYWRzXC8yMDIxXC8wNlwvUDEzMTA0NjEuanBnIiwic2xpZGVzaG93IjoiOTAwN2EzNSJ9\">\n\t\t\t\t\t<div class=\"e-gallery-image elementor-gallery-item__image\" data-thumbnail=\"https:\/\/www.lichen.pl\/wp-content\/uploads\/2021\/06\/P1310461-225x300.jpg\" data-width=\"225\" data-height=\"300\" aria-label=\"\" role=\"img\" ><\/div>\n\t\t\t\t\t\t\t\t\t\t\t<div class=\"elementor-gallery-item__overlay\"><\/div>\n\t\t\t\t\t\t\t\t\t\t\t\t\t\t<\/a>\n\t\t\t\t\t\t\t<a class=\"e-gallery-item elementor-gallery-item elementor-animated-content\" href=\"https:\/\/www.lichen.pl\/wp-content\/uploads\/2021\/06\/P1310452.jpg\" data-elementor-open-lightbox=\"yes\" data-elementor-lightbox-slideshow=\"9007a35\" data-elementor-lightbox-title=\"P1310452\" data-e-action-hash=\"#elementor-action%3Aaction%3Dlightbox%26settings%3DeyJpZCI6MTczNTUsInVybCI6Imh0dHBzOlwvXC93d3cubGljaGVuLnBsXC93cC1jb250ZW50XC91cGxvYWRzXC8yMDIxXC8wNlwvUDEzMTA0NTIuanBnIiwic2xpZGVzaG93IjoiOTAwN2EzNSJ9\">\n\t\t\t\t\t<div class=\"e-gallery-image elementor-gallery-item__image\" data-thumbnail=\"https:\/\/www.lichen.pl\/wp-content\/uploads\/2021\/06\/P1310452-225x300.jpg\" data-width=\"225\" data-height=\"300\" aria-label=\"\" role=\"img\" ><\/div>\n\t\t\t\t\t\t\t\t\t\t\t<div class=\"elementor-gallery-item__overlay\"><\/div>\n\t\t\t\t\t\t\t\t\t\t\t\t\t\t<\/a>\n\t\t\t\t\t\t\t<a class=\"e-gallery-item elementor-gallery-item elementor-animated-content\" href=\"https:\/\/www.lichen.pl\/wp-content\/uploads\/2021\/06\/P1310450.jpg\" data-elementor-open-lightbox=\"yes\" data-elementor-lightbox-slideshow=\"9007a35\" data-elementor-lightbox-title=\"P1310450\" data-e-action-hash=\"#elementor-action%3Aaction%3Dlightbox%26settings%3DeyJpZCI6MTczNTAsInVybCI6Imh0dHBzOlwvXC93d3cubGljaGVuLnBsXC93cC1jb250ZW50XC91cGxvYWRzXC8yMDIxXC8wNlwvUDEzMTA0NTAuanBnIiwic2xpZGVzaG93IjoiOTAwN2EzNSJ9\">\n\t\t\t\t\t<div class=\"e-gallery-image elementor-gallery-item__image\" data-thumbnail=\"https:\/\/www.lichen.pl\/wp-content\/uploads\/2021\/06\/P1310450-225x300.jpg\" data-width=\"225\" data-height=\"300\" aria-label=\"\" role=\"img\" ><\/div>\n\t\t\t\t\t\t\t\t\t\t\t<div class=\"elementor-gallery-item__overlay\"><\/div>\n\t\t\t\t\t\t\t\t\t\t\t\t\t\t<\/a>\n\t\t\t\t\t\t\t<a class=\"e-gallery-item elementor-gallery-item elementor-animated-content\" href=\"https:\/\/www.lichen.pl\/wp-content\/uploads\/2021\/06\/P1310441.jpg\" data-elementor-open-lightbox=\"yes\" data-elementor-lightbox-slideshow=\"9007a35\" data-elementor-lightbox-title=\"P1310441\" data-e-action-hash=\"#elementor-action%3Aaction%3Dlightbox%26settings%3DeyJpZCI6MTczNDUsInVybCI6Imh0dHBzOlwvXC93d3cubGljaGVuLnBsXC93cC1jb250ZW50XC91cGxvYWRzXC8yMDIxXC8wNlwvUDEzMTA0NDEuanBnIiwic2xpZGVzaG93IjoiOTAwN2EzNSJ9\">\n\t\t\t\t\t<div class=\"e-gallery-image elementor-gallery-item__image\" data-thumbnail=\"https:\/\/www.lichen.pl\/wp-content\/uploads\/2021\/06\/P1310441-225x300.jpg\" data-width=\"225\" data-height=\"300\" aria-label=\"\" role=\"img\" ><\/div>\n\t\t\t\t\t\t\t\t\t\t\t<div class=\"elementor-gallery-item__overlay\"><\/div>\n\t\t\t\t\t\t\t\t\t\t\t\t\t\t<\/a>\n\t\t\t\t\t<\/div>\n\t\t\t\t\t<\/div>\n\t\t\t\t<\/div>\n\t\t\t\t\t<\/div>\n\t\t<\/div>\n\t\t\t\t\t<\/div>\n\t\t<\/section>\n\t\t\t\t<\/div>","protected":false},"excerpt":{"rendered":"<p>Rodziny, przyjaciele oraz pracownicy liche\u0144skiego hospicjum modlili si\u0119 podczas Mszy \u015bw. 12 grudnia w dolnej bazylice za 108 zmar\u0142ych pacjent\u00f3w, kt\u00f3rzy odeszli do Pana w 2020 roku. Jak ka\u017cdego roku, Msz\u0119 \u015bw. poprzedzi\u0142 pokaz slajd\u00f3w z nazwiskami os\u00f3b zmar\u0142ych w Hospicjum im. Stanis\u0142awa Papczy\u0144skiego MIC w Licheniu. \u2013 To wa\u017cny czas, bo mo\u017cemy wsp\u00f3lnie pomodli\u0107 [&hellip;]<\/p>\n","protected":false},"author":6,"featured_media":17345,"comment_status":"open","ping_status":"open","sticky":false,"template":"","format":"standard","meta":{"footnotes":""},"categories":[1],"tags":[],"class_list":["post-17269","post","type-post","status-publish","format-standard","has-post-thumbnail","hentry","category-aktualnosci","wpbf-post"],"yoast_head":"<!-- This site is optimized with the Yoast SEO plugin v27.5 - https:\/\/yoast.com\/product\/yoast-seo-wordpress\/ -->\n<title>Modlili si\u0119 za zmar\u0142ych w hospicjum - SANKTUARIUM W LICHENIU<\/title>\n<meta name=\"robots\" content=\"index, follow, max-snippet:-1, max-image-preview:large, max-video-preview:-1\" \/>\n<link rel=\"canonical\" href=\"http:\/\/www.lichen.pl\/fr\/modlili-sie-za-zmarlych-w-hospicjum\/\" \/>\n<meta property=\"og:locale\" content=\"fr_FR\" \/>\n<meta property=\"og:type\" content=\"article\" \/>\n<meta property=\"og:title\" content=\"Modlili si\u0119 za zmar\u0142ych w hospicjum - SANKTUARIUM W LICHENIU\" \/>\n<meta property=\"og:description\" content=\"Rodziny, przyjaciele oraz pracownicy liche\u0144skiego hospicjum modlili si\u0119 podczas Mszy \u015bw. 12 grudnia w dolnej bazylice za 108 zmar\u0142ych pacjent\u00f3w, kt\u00f3rzy odeszli do Pana w 2020 roku. Jak ka\u017cdego roku, Msz\u0119 \u015bw. poprzedzi\u0142 pokaz slajd\u00f3w z nazwiskami os\u00f3b zmar\u0142ych w Hospicjum im. Stanis\u0142awa Papczy\u0144skiego MIC w Licheniu. \u2013 To wa\u017cny czas, bo mo\u017cemy wsp\u00f3lnie pomodli\u0107 [&hellip;]\" \/>\n<meta property=\"og:url\" content=\"http:\/\/www.lichen.pl\/fr\/modlili-sie-za-zmarlych-w-hospicjum\/\" \/>\n<meta property=\"og:site_name\" content=\"SANKTUARIUM W LICHENIU\" \/>\n<meta property=\"article:published_time\" content=\"2020-12-12T11:45:05+00:00\" \/>\n<meta property=\"article:modified_time\" content=\"2021-06-30T11:51:32+00:00\" \/>\n<meta property=\"og:image\" content=\"http:\/\/www.lichen.pl\/wp-content\/uploads\/2021\/06\/P1310441.jpg\" \/>\n\t<meta property=\"og:image:width\" content=\"901\" \/>\n\t<meta property=\"og:image:height\" content=\"1200\" \/>\n\t<meta property=\"og:image:type\" content=\"image\/jpeg\" \/>\n<meta name=\"author\" content=\"AMELIA SIUDA-KOSZELA\" \/>\n<meta name=\"twitter:card\" content=\"summary_large_image\" \/>\n<meta name=\"twitter:label1\" content=\"\u00c9crit par\" \/>\n\t<meta name=\"twitter:data1\" content=\"AMELIA SIUDA-KOSZELA\" \/>\n\t<meta name=\"twitter:label2\" content=\"Dur\u00e9e de lecture estim\u00e9e\" \/>\n\t<meta name=\"twitter:data2\" content=\"2 minutes\" \/>\n<script type=\"application\/ld+json\" class=\"yoast-schema-graph\">{\"@context\":\"https:\\\/\\\/schema.org\",\"@graph\":[{\"@type\":\"Article\",\"@id\":\"http:\\\/\\\/www.lichen.pl\\\/en\\\/modlili-sie-za-zmarlych-w-hospicjum\\\/#article\",\"isPartOf\":{\"@id\":\"http:\\\/\\\/www.lichen.pl\\\/en\\\/modlili-sie-za-zmarlych-w-hospicjum\\\/\"},\"author\":{\"name\":\"AMELIA SIUDA-KOSZELA\",\"@id\":\"https:\\\/\\\/www.lichen.pl\\\/fr\\\/#\\\/schema\\\/person\\\/70bf824c102f176cf976b0d90af0d62a\"},\"headline\":\"Modlili si\u0119 za zmar\u0142ych w hospicjum\",\"datePublished\":\"2020-12-12T11:45:05+00:00\",\"dateModified\":\"2021-06-30T11:51:32+00:00\",\"mainEntityOfPage\":{\"@id\":\"http:\\\/\\\/www.lichen.pl\\\/en\\\/modlili-sie-za-zmarlych-w-hospicjum\\\/\"},\"wordCount\":401,\"commentCount\":0,\"image\":{\"@id\":\"http:\\\/\\\/www.lichen.pl\\\/en\\\/modlili-sie-za-zmarlych-w-hospicjum\\\/#primaryimage\"},\"thumbnailUrl\":\"https:\\\/\\\/www.lichen.pl\\\/wp-content\\\/uploads\\\/2021\\\/06\\\/P1310441.jpg\",\"articleSection\":[\"Aktualno\u015bci\"],\"inLanguage\":\"fr-FR\",\"potentialAction\":[{\"@type\":\"CommentAction\",\"name\":\"Comment\",\"target\":[\"http:\\\/\\\/www.lichen.pl\\\/en\\\/modlili-sie-za-zmarlych-w-hospicjum\\\/#respond\"]}]},{\"@type\":\"WebPage\",\"@id\":\"http:\\\/\\\/www.lichen.pl\\\/en\\\/modlili-sie-za-zmarlych-w-hospicjum\\\/\",\"url\":\"http:\\\/\\\/www.lichen.pl\\\/en\\\/modlili-sie-za-zmarlych-w-hospicjum\\\/\",\"name\":\"Modlili si\u0119 za zmar\u0142ych w hospicjum - SANKTUARIUM W LICHENIU\",\"isPartOf\":{\"@id\":\"https:\\\/\\\/www.lichen.pl\\\/fr\\\/#website\"},\"primaryImageOfPage\":{\"@id\":\"http:\\\/\\\/www.lichen.pl\\\/en\\\/modlili-sie-za-zmarlych-w-hospicjum\\\/#primaryimage\"},\"image\":{\"@id\":\"http:\\\/\\\/www.lichen.pl\\\/en\\\/modlili-sie-za-zmarlych-w-hospicjum\\\/#primaryimage\"},\"thumbnailUrl\":\"https:\\\/\\\/www.lichen.pl\\\/wp-content\\\/uploads\\\/2021\\\/06\\\/P1310441.jpg\",\"datePublished\":\"2020-12-12T11:45:05+00:00\",\"dateModified\":\"2021-06-30T11:51:32+00:00\",\"author\":{\"@id\":\"https:\\\/\\\/www.lichen.pl\\\/fr\\\/#\\\/schema\\\/person\\\/70bf824c102f176cf976b0d90af0d62a\"},\"breadcrumb\":{\"@id\":\"http:\\\/\\\/www.lichen.pl\\\/en\\\/modlili-sie-za-zmarlych-w-hospicjum\\\/#breadcrumb\"},\"inLanguage\":\"fr-FR\",\"potentialAction\":[{\"@type\":\"ReadAction\",\"target\":[\"http:\\\/\\\/www.lichen.pl\\\/en\\\/modlili-sie-za-zmarlych-w-hospicjum\\\/\"]}]},{\"@type\":\"ImageObject\",\"inLanguage\":\"fr-FR\",\"@id\":\"http:\\\/\\\/www.lichen.pl\\\/en\\\/modlili-sie-za-zmarlych-w-hospicjum\\\/#primaryimage\",\"url\":\"https:\\\/\\\/www.lichen.pl\\\/wp-content\\\/uploads\\\/2021\\\/06\\\/P1310441.jpg\",\"contentUrl\":\"https:\\\/\\\/www.lichen.pl\\\/wp-content\\\/uploads\\\/2021\\\/06\\\/P1310441.jpg\",\"width\":901,\"height\":1200},{\"@type\":\"BreadcrumbList\",\"@id\":\"http:\\\/\\\/www.lichen.pl\\\/en\\\/modlili-sie-za-zmarlych-w-hospicjum\\\/#breadcrumb\",\"itemListElement\":[{\"@type\":\"ListItem\",\"position\":1,\"name\":\"Strona g\u0142\u00f3wna\",\"item\":\"https:\\\/\\\/www.lichen.pl\\\/\"},{\"@type\":\"ListItem\",\"position\":2,\"name\":\"Modlili si\u0119 za zmar\u0142ych w hospicjum\"}]},{\"@type\":\"WebSite\",\"@id\":\"https:\\\/\\\/www.lichen.pl\\\/fr\\\/#website\",\"url\":\"https:\\\/\\\/www.lichen.pl\\\/fr\\\/\",\"name\":\"SANKTUARIUM W LICHENIU\",\"description\":\"MATKI BO\u017bEJ LICHE\u0143SKIEJ BOLESNEJ KR\u00d3LOWEJ POLSKI\",\"potentialAction\":[{\"@type\":\"SearchAction\",\"target\":{\"@type\":\"EntryPoint\",\"urlTemplate\":\"https:\\\/\\\/www.lichen.pl\\\/fr\\\/?s={search_term_string}\"},\"query-input\":{\"@type\":\"PropertyValueSpecification\",\"valueRequired\":true,\"valueName\":\"search_term_string\"}}],\"inLanguage\":\"fr-FR\"},{\"@type\":\"Person\",\"@id\":\"https:\\\/\\\/www.lichen.pl\\\/fr\\\/#\\\/schema\\\/person\\\/70bf824c102f176cf976b0d90af0d62a\",\"name\":\"AMELIA SIUDA-KOSZELA\",\"image\":{\"@type\":\"ImageObject\",\"inLanguage\":\"fr-FR\",\"@id\":\"https:\\\/\\\/secure.gravatar.com\\\/avatar\\\/a0f9a92186ab02fb8db116f5388e3bc7280dd7bd01565c5d6b7ceb07ff27d6d9?s=96&d=retro&r=g\",\"url\":\"https:\\\/\\\/secure.gravatar.com\\\/avatar\\\/a0f9a92186ab02fb8db116f5388e3bc7280dd7bd01565c5d6b7ceb07ff27d6d9?s=96&d=retro&r=g\",\"contentUrl\":\"https:\\\/\\\/secure.gravatar.com\\\/avatar\\\/a0f9a92186ab02fb8db116f5388e3bc7280dd7bd01565c5d6b7ceb07ff27d6d9?s=96&d=retro&r=g\",\"caption\":\"AMELIA SIUDA-KOSZELA\"},\"url\":\"https:\\\/\\\/www.lichen.pl\\\/fr\\\/author\\\/amelia\\\/\"}]}<\/script>\n<!-- \/ Yoast SEO plugin. -->","yoast_head_json":{"title":"Modlili si\u0119 za zmar\u0142ych w hospicjum - SANKTUARIUM W LICHENIU","robots":{"index":"index","follow":"follow","max-snippet":"max-snippet:-1","max-image-preview":"max-image-preview:large","max-video-preview":"max-video-preview:-1"},"canonical":"http:\/\/www.lichen.pl\/fr\/modlili-sie-za-zmarlych-w-hospicjum\/","og_locale":"fr_FR","og_type":"article","og_title":"Modlili si\u0119 za zmar\u0142ych w hospicjum - SANKTUARIUM W LICHENIU","og_description":"Rodziny, przyjaciele oraz pracownicy liche\u0144skiego hospicjum modlili si\u0119 podczas Mszy \u015bw. 12 grudnia w dolnej bazylice za 108 zmar\u0142ych pacjent\u00f3w, kt\u00f3rzy odeszli do Pana w 2020 roku. Jak ka\u017cdego roku, Msz\u0119 \u015bw. poprzedzi\u0142 pokaz slajd\u00f3w z nazwiskami os\u00f3b zmar\u0142ych w Hospicjum im. Stanis\u0142awa Papczy\u0144skiego MIC w Licheniu. \u2013 To wa\u017cny czas, bo mo\u017cemy wsp\u00f3lnie pomodli\u0107 [&hellip;]","og_url":"http:\/\/www.lichen.pl\/fr\/modlili-sie-za-zmarlych-w-hospicjum\/","og_site_name":"SANKTUARIUM W LICHENIU","article_published_time":"2020-12-12T11:45:05+00:00","article_modified_time":"2021-06-30T11:51:32+00:00","og_image":[{"width":901,"height":1200,"url":"http:\/\/www.lichen.pl\/wp-content\/uploads\/2021\/06\/P1310441.jpg","type":"image\/jpeg"}],"author":"AMELIA SIUDA-KOSZELA","twitter_card":"summary_large_image","twitter_misc":{"\u00c9crit par":"AMELIA SIUDA-KOSZELA","Dur\u00e9e de lecture estim\u00e9e":"2 minutes"},"schema":{"@context":"https:\/\/schema.org","@graph":[{"@type":"Article","@id":"http:\/\/www.lichen.pl\/en\/modlili-sie-za-zmarlych-w-hospicjum\/#article","isPartOf":{"@id":"http:\/\/www.lichen.pl\/en\/modlili-sie-za-zmarlych-w-hospicjum\/"},"author":{"name":"AMELIA SIUDA-KOSZELA","@id":"https:\/\/www.lichen.pl\/fr\/#\/schema\/person\/70bf824c102f176cf976b0d90af0d62a"},"headline":"Modlili si\u0119 za zmar\u0142ych w hospicjum","datePublished":"2020-12-12T11:45:05+00:00","dateModified":"2021-06-30T11:51:32+00:00","mainEntityOfPage":{"@id":"http:\/\/www.lichen.pl\/en\/modlili-sie-za-zmarlych-w-hospicjum\/"},"wordCount":401,"commentCount":0,"image":{"@id":"http:\/\/www.lichen.pl\/en\/modlili-sie-za-zmarlych-w-hospicjum\/#primaryimage"},"thumbnailUrl":"https:\/\/www.lichen.pl\/wp-content\/uploads\/2021\/06\/P1310441.jpg","articleSection":["Aktualno\u015bci"],"inLanguage":"fr-FR","potentialAction":[{"@type":"CommentAction","name":"Comment","target":["http:\/\/www.lichen.pl\/en\/modlili-sie-za-zmarlych-w-hospicjum\/#respond"]}]},{"@type":"WebPage","@id":"http:\/\/www.lichen.pl\/en\/modlili-sie-za-zmarlych-w-hospicjum\/","url":"http:\/\/www.lichen.pl\/en\/modlili-sie-za-zmarlych-w-hospicjum\/","name":"Modlili si\u0119 za zmar\u0142ych w hospicjum - SANKTUARIUM W LICHENIU","isPartOf":{"@id":"https:\/\/www.lichen.pl\/fr\/#website"},"primaryImageOfPage":{"@id":"http:\/\/www.lichen.pl\/en\/modlili-sie-za-zmarlych-w-hospicjum\/#primaryimage"},"image":{"@id":"http:\/\/www.lichen.pl\/en\/modlili-sie-za-zmarlych-w-hospicjum\/#primaryimage"},"thumbnailUrl":"https:\/\/www.lichen.pl\/wp-content\/uploads\/2021\/06\/P1310441.jpg","datePublished":"2020-12-12T11:45:05+00:00","dateModified":"2021-06-30T11:51:32+00:00","author":{"@id":"https:\/\/www.lichen.pl\/fr\/#\/schema\/person\/70bf824c102f176cf976b0d90af0d62a"},"breadcrumb":{"@id":"http:\/\/www.lichen.pl\/en\/modlili-sie-za-zmarlych-w-hospicjum\/#breadcrumb"},"inLanguage":"fr-FR","potentialAction":[{"@type":"ReadAction","target":["http:\/\/www.lichen.pl\/en\/modlili-sie-za-zmarlych-w-hospicjum\/"]}]},{"@type":"ImageObject","inLanguage":"fr-FR","@id":"http:\/\/www.lichen.pl\/en\/modlili-sie-za-zmarlych-w-hospicjum\/#primaryimage","url":"https:\/\/www.lichen.pl\/wp-content\/uploads\/2021\/06\/P1310441.jpg","contentUrl":"https:\/\/www.lichen.pl\/wp-content\/uploads\/2021\/06\/P1310441.jpg","width":901,"height":1200},{"@type":"BreadcrumbList","@id":"http:\/\/www.lichen.pl\/en\/modlili-sie-za-zmarlych-w-hospicjum\/#breadcrumb","itemListElement":[{"@type":"ListItem","position":1,"name":"Strona g\u0142\u00f3wna","item":"https:\/\/www.lichen.pl\/"},{"@type":"ListItem","position":2,"name":"Modlili si\u0119 za zmar\u0142ych w hospicjum"}]},{"@type":"WebSite","@id":"https:\/\/www.lichen.pl\/fr\/#website","url":"https:\/\/www.lichen.pl\/fr\/","name":"SANCTUAIRE EN LICHENIE","description":"LA MAUVAISE REINE DE POLOGNE DE NOTRE LICHEN","potentialAction":[{"@type":"SearchAction","target":{"@type":"EntryPoint","urlTemplate":"https:\/\/www.lichen.pl\/fr\/?s={search_term_string}"},"query-input":{"@type":"PropertyValueSpecification","valueRequired":true,"valueName":"search_term_string"}}],"inLanguage":"fr-FR"},{"@type":"Person","@id":"https:\/\/www.lichen.pl\/fr\/#\/schema\/person\/70bf824c102f176cf976b0d90af0d62a","name":"AMELIA SIUDA-KOSZELA","image":{"@type":"ImageObject","inLanguage":"fr-FR","@id":"https:\/\/secure.gravatar.com\/avatar\/a0f9a92186ab02fb8db116f5388e3bc7280dd7bd01565c5d6b7ceb07ff27d6d9?s=96&d=retro&r=g","url":"https:\/\/secure.gravatar.com\/avatar\/a0f9a92186ab02fb8db116f5388e3bc7280dd7bd01565c5d6b7ceb07ff27d6d9?s=96&d=retro&r=g","contentUrl":"https:\/\/secure.gravatar.com\/avatar\/a0f9a92186ab02fb8db116f5388e3bc7280dd7bd01565c5d6b7ceb07ff27d6d9?s=96&d=retro&r=g","caption":"AMELIA SIUDA-KOSZELA"},"url":"https:\/\/www.lichen.pl\/fr\/author\/amelia\/"}]}},"_links":{"self":[{"href":"https:\/\/www.lichen.pl\/fr\/wp-json\/wp\/v2\/posts\/17269","targetHints":{"allow":["GET"]}}],"collection":[{"href":"https:\/\/www.lichen.pl\/fr\/wp-json\/wp\/v2\/posts"}],"about":[{"href":"https:\/\/www.lichen.pl\/fr\/wp-json\/wp\/v2\/types\/post"}],"author":[{"embeddable":true,"href":"https:\/\/www.lichen.pl\/fr\/wp-json\/wp\/v2\/users\/6"}],"replies":[{"embeddable":true,"href":"https:\/\/www.lichen.pl\/fr\/wp-json\/wp\/v2\/comments?post=17269"}],"version-history":[{"count":4,"href":"https:\/\/www.lichen.pl\/fr\/wp-json\/wp\/v2\/posts\/17269\/revisions"}],"predecessor-version":[{"id":17372,"href":"https:\/\/www.lichen.pl\/fr\/wp-json\/wp\/v2\/posts\/17269\/revisions\/17372"}],"wp:featuredmedia":[{"embeddable":true,"href":"https:\/\/www.lichen.pl\/fr\/wp-json\/wp\/v2\/media\/17345"}],"wp:attachment":[{"href":"https:\/\/www.lichen.pl\/fr\/wp-json\/wp\/v2\/media?parent=17269"}],"wp:term":[{"taxonomy":"category","embeddable":true,"href":"https:\/\/www.lichen.pl\/fr\/wp-json\/wp\/v2\/categories?post=17269"},{"taxonomy":"post_tag","embeddable":true,"href":"https:\/\/www.lichen.pl\/fr\/wp-json\/wp\/v2\/tags?post=17269"}],"curies":[{"name":"wp","href":"https:\/\/api.w.org\/{rel}","templated":true}]}}