{"id":1865,"date":"2020-07-26T11:53:29","date_gmt":"2020-07-26T11:53:29","guid":{"rendered":"http:\/\/www.lichen.pl\/lichen-modlitwa-za-malzonkow-copy\/"},"modified":"2021-06-15T18:47:46","modified_gmt":"2021-06-15T18:47:46","slug":"lichen-modlitwa-o-trzezwosc","status":"publish","type":"post","link":"https:\/\/www.lichen.pl\/fr\/lichen-modlitwa-o-trzezwosc\/","title":{"rendered":"Lichen. Pri\u00e8re pour la sobri\u00e9t\u00e9"},"content":{"rendered":"<div data-elementor-type=\"wp-post\" data-elementor-id=\"1865\" class=\"elementor elementor-1865\" data-elementor-post-type=\"post\">\n\t\t\t\t\t\t<section class=\"elementor-section elementor-top-section elementor-element elementor-element-dcc57a2 elementor-section-boxed elementor-section-height-default elementor-section-height-default\" data-id=\"dcc57a2\" data-element_type=\"section\" data-e-type=\"section\">\n\t\t\t\t\t\t<div class=\"elementor-container elementor-column-gap-default\">\n\t\t\t\t\t<div class=\"elementor-column elementor-col-100 elementor-top-column elementor-element elementor-element-1e909ff1\" data-id=\"1e909ff1\" data-element_type=\"column\" data-e-type=\"column\">\n\t\t\t<div class=\"elementor-widget-wrap elementor-element-populated\">\n\t\t\t\t\t\t<div class=\"elementor-element elementor-element-a69bf14 elementor-widget elementor-widget-heading\" data-id=\"a69bf14\" data-element_type=\"widget\" data-e-type=\"widget\" data-widget_type=\"heading.default\">\n\t\t\t\t<div class=\"elementor-widget-container\">\n\t\t\t\t\t<h2 class=\"elementor-heading-title elementor-size-default\">Niemal od 30 lat w liche\u0144skim Sanktuarium ostatni weekend lipca by\u0142 czasem Spotka\u0144 Trze\u017awo\u015bciowych. Tegoroczne, 28. Og\u00f3lnopolskie Spotkania Trze\u017awo\u015bciowe w Licheniu z powodu sytuacji epidemicznej zosta\u0142y prze\u0142o\u017cone na 23- 25 lipca 2021 r.<\/h2>\t\t\t\t<\/div>\n\t\t\t\t<\/div>\n\t\t\t\t<div class=\"elementor-element elementor-element-6687d8a elementor-widget elementor-widget-text-editor\" data-id=\"6687d8a\" data-element_type=\"widget\" data-e-type=\"widget\" data-widget_type=\"text-editor.default\">\n\t\t\t\t<div class=\"elementor-widget-container\">\n\t\t\t\t\t\t\t\t\t<p>W sobot\u0119, 25 lipca w bazylice liche\u0144skiej modlono si\u0119 o trze\u017awo\u015b\u0107 w rodzinach. Eucharystii odprawionej o godzinie 19.00 przed Cudownym Obrazem Matki Bo\u017cej Liche\u0144skiej przewodniczy\u0142 ks. Robert Krzywicki MIC, dyrektor Liche\u0144skiego Centrum Pomocy Rodzinie i Osobom Uzale\u017cnionym. W liturgii wzi\u0119\u0142o udzia\u0142 oko\u0142o 1,5 tysi\u0105ca wiernych. Modlono si\u0119 o odrodzenie moralne rodzin, wyzwolenie z alkoholizmu i zwi\u0105zanych z tym skutk\u00f3w a tak\u017ce za wszystkich, kt\u00f3rych grzechy uzale\u017cnie\u0144 oddalaj\u0105 od Boga i niszcz\u0105.<\/p>\t\t\t\t\t\t\t\t<\/div>\n\t\t\t\t<\/div>\n\t\t\t\t<div class=\"elementor-element elementor-element-a94efd6 elementor-blockquote--skin-border elementor-widget elementor-widget-blockquote\" data-id=\"a94efd6\" data-element_type=\"widget\" data-e-type=\"widget\" data-widget_type=\"blockquote.default\">\n\t\t\t\t<div class=\"elementor-widget-container\">\n\t\t\t\t\t\t\t<blockquote class=\"elementor-blockquote\">\n\t\t\t<p class=\"elementor-blockquote__content\">\n\t\t\t\tChcieliby\u015bmy panowa\u0107 nad swoim \u017cyciem, przewidzie\u0107 przysz\u0142o\u015b\u0107 i j\u0105 realizowa\u0107. Mieli\u015bmy plany, a oto w tym roku, 2020, stan\u0119li\u015bmy w obliczu pandemii, kt\u00f3ra zmieni\u0142a nasz spos\u00f3b my\u015blenia. Musieli\u015bmy zrobi\u0107 pauz\u0119 w swoim \u017cyciu. My\u015bleli\u015bmy, \u017ce b\u0119dziemy uczestniczyli w 28. Spotkaniach Trze\u017awo\u015bciowych. Wiele os\u00f3b chcia\u0142o tu przyjecha\u0107, ale stan epidemii wszystko zmieni\u0142. U\u015bwiadamiamy sobie, \u017ce nasze \u017cycie nie jest zale\u017cne od naszych plan\u00f3w. Nasze \u017cycie podobne jest do kwiat\u00f3w, kt\u00f3re mog\u0105 rano kwitn\u0105\u0107, a wieczorem usychaj\u0105 i wi\u0119dn\u0105\t\t\t<\/p>\n\t\t\t\t\t\t\t<div class=\"e-q-footer\">\n\t\t\t\t\t\t\t\t\t\t\t<cite class=\"elementor-blockquote__author\">Ks. Robert Krzywicki MIC, 25 lipca 2020<\/cite>\n\t\t\t\t\t\t\t\t\t\t\t\t\t\t<\/div>\n\t\t\t\t\t<\/blockquote>\n\t\t\t\t\t\t<\/div>\n\t\t\t\t<\/div>\n\t\t\t\t<div class=\"elementor-element elementor-element-dfa9e30 elementor-widget elementor-widget-text-editor\" data-id=\"dfa9e30\" data-element_type=\"widget\" data-e-type=\"widget\" data-widget_type=\"text-editor.default\">\n\t\t\t\t<div class=\"elementor-widget-container\">\n\t\t\t\t\t\t\t\t\t<p>Marianin podkre\u015bla\u0142, \u017ce zgodnie z nauk\u0105 biblijn\u0105, B\u00f3g jest ska\u0142\u0105 i jest niezmienny, trwa wiecznie, a obecna sytuacja u\u015bwiadamia nam , \u017ce nasze \u017cycie nie jest w naszych r\u0119kach. <em>Pan Jezus przychodzi, aby dokona\u0107 duchowej przemiany, On jest rozwi\u0105zaniem dla nas <\/em>\u2013 m\u00f3wi\u0142 \u2013 <em>On jest odpowiedzi\u0105 w pytaniu o realizacj\u0119 plan\u00f3w dotycz\u0105cych naszego \u017cycia. Pandemia jest okazj\u0105, by przebudowa\u0107 swoje \u017cycie. Nie dlatego, ze jeste\u015bmy silni. Jeste\u015bmy jak naczynia gliniane \u2013 Pan Jezus, gdy jest wewn\u0105trz nas, sprawia, ze nabieramy warto\u015bci. Pan nas zaprasza do tej przemiany, by\u015bmy za Nim poszli. Otw\u00f3rzmy serca na Jego dzia\u0142anie, na Jego S\u0142owo<\/em>\u00a0\u2013 zach\u0119ca\u0142 kap\u0142an.<\/p><p>Warto przypomnie\u0107, \u017ce w 2019 roku Spotkania Trze\u017awo\u015bciowe zgromadzi\u0142y rekordow\u0105 liczb\u0119 \u2013 ponad 30 000 uczestnik\u00f3w. Podczas weekendu, kt\u00f3ry odby\u0142 si\u0119 w\u00f3wczas pod has\u0142em <strong>\u201eZn\u00f3w nabierzesz si\u0142\u201d<\/strong> zorganizowano 16 mityng\u00f3w dla wielu grup, m. in.: Anonimowych Alkoholik\u00f3w, Narkoman\u00f3w, Palaczy, Narkoman\u00f3w, Przemocowc\u00f3w, Depresant\u00f3w, Jedzenioholik\u00f3w, Hazardzist\u00f3w a tak\u017ce ich bliskich. Odby\u0142y si\u0119 tak\u017ce spotkania dla uzale\u017cnionych w j\u0119zyku rosyjskim oraz ukrai\u0144skim.<\/p><p>Liche\u0144 Stary, 26 lipca 2020 r.<\/p>\t\t\t\t\t\t\t\t<\/div>\n\t\t\t\t<\/div>\n\t\t\t\t<div class=\"elementor-element elementor-element-d21c9f9 elementor-widget elementor-widget-text-editor\" data-id=\"d21c9f9\" data-element_type=\"widget\" data-e-type=\"widget\" data-widget_type=\"text-editor.default\">\n\t\t\t\t<div class=\"elementor-widget-container\">\n\t\t\t\t\t\t\t\t\t<p>Texte : Justyna Zacharek, Bureau de presse du Sanctuaire<\/p>\t\t\t\t\t\t\t\t<\/div>\n\t\t\t\t<\/div>\n\t\t\t\t<div class=\"elementor-element elementor-element-9669490 elementor-widget-divider--view-line_icon elementor-view-default elementor-widget-divider--element-align-center elementor-widget elementor-widget-divider\" data-id=\"9669490\" data-element_type=\"widget\" data-e-type=\"widget\" data-widget_type=\"divider.default\">\n\t\t\t\t<div class=\"elementor-widget-container\">\n\t\t\t\t\t\t\t<div class=\"elementor-divider\">\n\t\t\t<span class=\"elementor-divider-separator\">\n\t\t\t\t\t\t\t<div class=\"elementor-icon elementor-divider__element\">\n\t\t\t\t\t<i aria-hidden=\"true\" class=\"fas fa-camera\"><\/i><\/div>\n\t\t\t\t\t\t<\/span>\n\t\t<\/div>\n\t\t\t\t\t\t<\/div>\n\t\t\t\t<\/div>\n\t\t\t\t<div class=\"elementor-element elementor-element-6a98f2d elementor-widget elementor-widget-gallery\" data-id=\"6a98f2d\" data-element_type=\"widget\" data-e-type=\"widget\" data-settings=\"{&quot;columns&quot;:3,&quot;lazyload&quot;:&quot;yes&quot;,&quot;gallery_layout&quot;:&quot;grid&quot;,&quot;columns_tablet&quot;:2,&quot;columns_mobile&quot;:1,&quot;gap&quot;:{&quot;unit&quot;:&quot;px&quot;,&quot;size&quot;:10,&quot;sizes&quot;:[]},&quot;gap_tablet&quot;:{&quot;unit&quot;:&quot;px&quot;,&quot;size&quot;:10,&quot;sizes&quot;:[]},&quot;gap_mobile&quot;:{&quot;unit&quot;:&quot;px&quot;,&quot;size&quot;:10,&quot;sizes&quot;:[]},&quot;link_to&quot;:&quot;file&quot;,&quot;aspect_ratio&quot;:&quot;3:2&quot;,&quot;overlay_background&quot;:&quot;yes&quot;,&quot;content_hover_animation&quot;:&quot;fade-in&quot;}\" data-widget_type=\"gallery.default\">\n\t\t\t\t<div class=\"elementor-widget-container\">\n\t\t\t\t\t\t\t<div class=\"elementor-gallery__container\">\n\t\t\t\t\t\t\t<a class=\"e-gallery-item elementor-gallery-item elementor-animated-content\" href=\"https:\/\/www.lichen.pl\/wp-content\/uploads\/2020\/08\/IMG_1162-Copy.jpg\" data-elementor-open-lightbox=\"yes\" data-elementor-lightbox-slideshow=\"6a98f2d\" data-elementor-lightbox-title=\"IMG_1162 (Copy)\" data-e-action-hash=\"#elementor-action%3Aaction%3Dlightbox%26settings%3DeyJpZCI6MTg3MiwidXJsIjoiaHR0cHM6XC9cL3d3dy5saWNoZW4ucGxcL3dwLWNvbnRlbnRcL3VwbG9hZHNcLzIwMjBcLzA4XC9JTUdfMTE2Mi1Db3B5LmpwZyIsInNsaWRlc2hvdyI6IjZhOThmMmQifQ%3D%3D\">\n\t\t\t\t\t<div class=\"e-gallery-image elementor-gallery-item__image\" data-thumbnail=\"https:\/\/www.lichen.pl\/wp-content\/uploads\/2020\/08\/IMG_1162-Copy-200x300.jpg\" data-width=\"200\" data-height=\"300\" aria-label=\"\" role=\"img\" ><\/div>\n\t\t\t\t\t\t\t\t\t\t\t<div class=\"elementor-gallery-item__overlay\"><\/div>\n\t\t\t\t\t\t\t\t\t\t\t\t\t\t<\/a>\n\t\t\t\t\t\t\t<a class=\"e-gallery-item elementor-gallery-item elementor-animated-content\" href=\"https:\/\/www.lichen.pl\/wp-content\/uploads\/2020\/08\/IMG_1187-Copy.jpg\" data-elementor-open-lightbox=\"yes\" data-elementor-lightbox-slideshow=\"6a98f2d\" data-elementor-lightbox-title=\"IMG_1187 (Copy)\" data-e-action-hash=\"#elementor-action%3Aaction%3Dlightbox%26settings%3DeyJpZCI6MTg3NywidXJsIjoiaHR0cHM6XC9cL3d3dy5saWNoZW4ucGxcL3dwLWNvbnRlbnRcL3VwbG9hZHNcLzIwMjBcLzA4XC9JTUdfMTE4Ny1Db3B5LmpwZyIsInNsaWRlc2hvdyI6IjZhOThmMmQifQ%3D%3D\">\n\t\t\t\t\t<div class=\"e-gallery-image elementor-gallery-item__image\" data-thumbnail=\"https:\/\/www.lichen.pl\/wp-content\/uploads\/2020\/08\/IMG_1187-Copy-300x200.jpg\" data-width=\"300\" data-height=\"200\" aria-label=\"\" role=\"img\" ><\/div>\n\t\t\t\t\t\t\t\t\t\t\t<div class=\"elementor-gallery-item__overlay\"><\/div>\n\t\t\t\t\t\t\t\t\t\t\t\t\t\t<\/a>\n\t\t\t\t\t\t\t<a class=\"e-gallery-item elementor-gallery-item elementor-animated-content\" href=\"https:\/\/www.lichen.pl\/wp-content\/uploads\/2020\/08\/IMG_1189-Copy.jpg\" data-elementor-open-lightbox=\"yes\" data-elementor-lightbox-slideshow=\"6a98f2d\" data-elementor-lightbox-title=\"IMG_1189 (Copy)\" data-e-action-hash=\"#elementor-action%3Aaction%3Dlightbox%26settings%3DeyJpZCI6MTg4MiwidXJsIjoiaHR0cHM6XC9cL3d3dy5saWNoZW4ucGxcL3dwLWNvbnRlbnRcL3VwbG9hZHNcLzIwMjBcLzA4XC9JTUdfMTE4OS1Db3B5LmpwZyIsInNsaWRlc2hvdyI6IjZhOThmMmQifQ%3D%3D\">\n\t\t\t\t\t<div class=\"e-gallery-image elementor-gallery-item__image\" data-thumbnail=\"https:\/\/www.lichen.pl\/wp-content\/uploads\/2020\/08\/IMG_1189-Copy-300x200.jpg\" data-width=\"300\" data-height=\"200\" aria-label=\"\" role=\"img\" ><\/div>\n\t\t\t\t\t\t\t\t\t\t\t<div class=\"elementor-gallery-item__overlay\"><\/div>\n\t\t\t\t\t\t\t\t\t\t\t\t\t\t<\/a>\n\t\t\t\t\t\t\t<a class=\"e-gallery-item elementor-gallery-item elementor-animated-content\" href=\"https:\/\/www.lichen.pl\/wp-content\/uploads\/2020\/08\/IMG_1201-Copy.jpg\" data-elementor-open-lightbox=\"yes\" data-elementor-lightbox-slideshow=\"6a98f2d\" data-elementor-lightbox-title=\"IMG_1201 (Copy)\" data-e-action-hash=\"#elementor-action%3Aaction%3Dlightbox%26settings%3DeyJpZCI6MTg5MiwidXJsIjoiaHR0cHM6XC9cL3d3dy5saWNoZW4ucGxcL3dwLWNvbnRlbnRcL3VwbG9hZHNcLzIwMjBcLzA4XC9JTUdfMTIwMS1Db3B5LmpwZyIsInNsaWRlc2hvdyI6IjZhOThmMmQifQ%3D%3D\">\n\t\t\t\t\t<div class=\"e-gallery-image elementor-gallery-item__image\" data-thumbnail=\"https:\/\/www.lichen.pl\/wp-content\/uploads\/2020\/08\/IMG_1201-Copy-200x300.jpg\" data-width=\"200\" data-height=\"300\" aria-label=\"\" role=\"img\" ><\/div>\n\t\t\t\t\t\t\t\t\t\t\t<div class=\"elementor-gallery-item__overlay\"><\/div>\n\t\t\t\t\t\t\t\t\t\t\t\t\t\t<\/a>\n\t\t\t\t\t\t\t<a class=\"e-gallery-item elementor-gallery-item elementor-animated-content\" href=\"https:\/\/www.lichen.pl\/wp-content\/uploads\/2020\/08\/IMG_1204-Copy.jpg\" data-elementor-open-lightbox=\"yes\" data-elementor-lightbox-slideshow=\"6a98f2d\" data-elementor-lightbox-title=\"IMG_1204 (Copy)\" data-e-action-hash=\"#elementor-action%3Aaction%3Dlightbox%26settings%3DeyJpZCI6MTg5NywidXJsIjoiaHR0cHM6XC9cL3d3dy5saWNoZW4ucGxcL3dwLWNvbnRlbnRcL3VwbG9hZHNcLzIwMjBcLzA4XC9JTUdfMTIwNC1Db3B5LmpwZyIsInNsaWRlc2hvdyI6IjZhOThmMmQifQ%3D%3D\">\n\t\t\t\t\t<div class=\"e-gallery-image elementor-gallery-item__image\" data-thumbnail=\"https:\/\/www.lichen.pl\/wp-content\/uploads\/2020\/08\/IMG_1204-Copy-200x300.jpg\" data-width=\"200\" data-height=\"300\" aria-label=\"\" role=\"img\" ><\/div>\n\t\t\t\t\t\t\t\t\t\t\t<div class=\"elementor-gallery-item__overlay\"><\/div>\n\t\t\t\t\t\t\t\t\t\t\t\t\t\t<\/a>\n\t\t\t\t\t\t\t<a class=\"e-gallery-item elementor-gallery-item elementor-animated-content\" href=\"https:\/\/www.lichen.pl\/wp-content\/uploads\/2020\/08\/IMG_1230-Copy.jpg\" data-elementor-open-lightbox=\"yes\" data-elementor-lightbox-slideshow=\"6a98f2d\" data-elementor-lightbox-title=\"IMG_1230 (Copy)\" data-e-action-hash=\"#elementor-action%3Aaction%3Dlightbox%26settings%3DeyJpZCI6MTkwMiwidXJsIjoiaHR0cHM6XC9cL3d3dy5saWNoZW4ucGxcL3dwLWNvbnRlbnRcL3VwbG9hZHNcLzIwMjBcLzA4XC9JTUdfMTIzMC1Db3B5LmpwZyIsInNsaWRlc2hvdyI6IjZhOThmMmQifQ%3D%3D\">\n\t\t\t\t\t<div class=\"e-gallery-image elementor-gallery-item__image\" data-thumbnail=\"https:\/\/www.lichen.pl\/wp-content\/uploads\/2020\/08\/IMG_1230-Copy-200x300.jpg\" data-width=\"200\" data-height=\"300\" aria-label=\"\" role=\"img\" ><\/div>\n\t\t\t\t\t\t\t\t\t\t\t<div class=\"elementor-gallery-item__overlay\"><\/div>\n\t\t\t\t\t\t\t\t\t\t\t\t\t\t<\/a>\n\t\t\t\t\t<\/div>\n\t\t\t\t\t<\/div>\n\t\t\t\t<\/div>\n\t\t\t\t<div class=\"elementor-element elementor-element-ea48774 elementor-widget-divider--view-line elementor-widget elementor-widget-divider\" data-id=\"ea48774\" data-element_type=\"widget\" data-e-type=\"widget\" data-widget_type=\"divider.default\">\n\t\t\t\t<div class=\"elementor-widget-container\">\n\t\t\t\t\t\t\t<div class=\"elementor-divider\">\n\t\t\t<span class=\"elementor-divider-separator\">\n\t\t\t\t\t\t<\/span>\n\t\t<\/div>\n\t\t\t\t\t\t<\/div>\n\t\t\t\t<\/div>\n\t\t\t\t\t<\/div>\n\t\t<\/div>\n\t\t\t\t\t<\/div>\n\t\t<\/section>\n\t\t\t\t<\/div>","protected":false},"excerpt":{"rendered":"<p>Niemal od 30 lat w liche\u0144skim Sanktuarium ostatni weekend lipca by\u0142 czasem Spotka\u0144 Trze\u017awo\u015bciowych. Tegoroczne, 28. Og\u00f3lnopolskie Spotkania Trze\u017awo\u015bciowe w Licheniu z powodu sytuacji epidemicznej zosta\u0142y prze\u0142o\u017cone na 23- 25 lipca 2021 r. W sobot\u0119, 25 lipca w bazylice liche\u0144skiej modlono si\u0119 o trze\u017awo\u015b\u0107 w rodzinach. Eucharystii odprawionej o godzinie 19.00 przed Cudownym Obrazem Matki [&hellip;]<\/p>\n","protected":false},"author":2,"featured_media":1866,"comment_status":"open","ping_status":"open","sticky":false,"template":"","format":"standard","meta":{"footnotes":""},"categories":[1],"tags":[],"class_list":["post-1865","post","type-post","status-publish","format-standard","has-post-thumbnail","hentry","category-aktualnosci","wpbf-post"],"yoast_head":"<!-- This site is optimized with the Yoast SEO plugin v27.4 - https:\/\/yoast.com\/product\/yoast-seo-wordpress\/ -->\n<title>Liche\u0144. Modlitwa o trze\u017awo\u015b\u0107 - SANKTUARIUM W LICHENIU<\/title>\n<meta name=\"robots\" content=\"index, follow, max-snippet:-1, max-image-preview:large, max-video-preview:-1\" \/>\n<link rel=\"canonical\" href=\"https:\/\/www.lichen.pl\/fr\/lichen-modlitwa-o-trzezwosc\/\" \/>\n<meta property=\"og:locale\" content=\"fr_FR\" \/>\n<meta property=\"og:type\" content=\"article\" \/>\n<meta property=\"og:title\" content=\"Liche\u0144. Modlitwa o trze\u017awo\u015b\u0107 - SANKTUARIUM W LICHENIU\" \/>\n<meta property=\"og:description\" content=\"Niemal od 30 lat w liche\u0144skim Sanktuarium ostatni weekend lipca by\u0142 czasem Spotka\u0144 Trze\u017awo\u015bciowych. Tegoroczne, 28. Og\u00f3lnopolskie Spotkania Trze\u017awo\u015bciowe w Licheniu z powodu sytuacji epidemicznej zosta\u0142y prze\u0142o\u017cone na 23- 25 lipca 2021 r. W sobot\u0119, 25 lipca w bazylice liche\u0144skiej modlono si\u0119 o trze\u017awo\u015b\u0107 w rodzinach. Eucharystii odprawionej o godzinie 19.00 przed Cudownym Obrazem Matki [&hellip;]\" \/>\n<meta property=\"og:url\" content=\"https:\/\/www.lichen.pl\/fr\/lichen-modlitwa-o-trzezwosc\/\" \/>\n<meta property=\"og:site_name\" content=\"SANKTUARIUM W LICHENIU\" \/>\n<meta property=\"article:published_time\" content=\"2020-07-26T11:53:29+00:00\" \/>\n<meta property=\"article:modified_time\" content=\"2021-06-15T18:47:46+00:00\" \/>\n<meta property=\"og:image\" content=\"https:\/\/www.lichen.pl\/wp-content\/uploads\/2020\/08\/IMG_1152-Copy.jpg\" \/>\n\t<meta property=\"og:image:width\" content=\"1920\" \/>\n\t<meta property=\"og:image:height\" content=\"1278\" \/>\n\t<meta property=\"og:image:type\" content=\"image\/jpeg\" \/>\n<meta name=\"author\" content=\"Arkadiusz Gorgolewski\" \/>\n<meta name=\"twitter:card\" content=\"summary_large_image\" \/>\n<meta name=\"twitter:label1\" content=\"\u00c9crit par\" \/>\n\t<meta name=\"twitter:data1\" content=\"Arkadiusz Gorgolewski\" \/>\n\t<meta name=\"twitter:label2\" content=\"Dur\u00e9e de lecture estim\u00e9e\" \/>\n\t<meta name=\"twitter:data2\" content=\"2 minutes\" \/>\n<script type=\"application\/ld+json\" class=\"yoast-schema-graph\">{\"@context\":\"https:\\\/\\\/schema.org\",\"@graph\":[{\"@type\":\"Article\",\"@id\":\"https:\\\/\\\/www.lichen.pl\\\/es\\\/lichen-modlitwa-o-trzezwosc\\\/#article\",\"isPartOf\":{\"@id\":\"https:\\\/\\\/www.lichen.pl\\\/es\\\/lichen-modlitwa-o-trzezwosc\\\/\"},\"author\":{\"name\":\"Arkadiusz Gorgolewski\",\"@id\":\"https:\\\/\\\/www.lichen.pl\\\/fr\\\/#\\\/schema\\\/person\\\/56fc5b38d70a2b34983408f9a457fd9d\"},\"headline\":\"Liche\u0144. Modlitwa o trze\u017awo\u015b\u0107\",\"datePublished\":\"2020-07-26T11:53:29+00:00\",\"dateModified\":\"2021-06-15T18:47:46+00:00\",\"mainEntityOfPage\":{\"@id\":\"https:\\\/\\\/www.lichen.pl\\\/es\\\/lichen-modlitwa-o-trzezwosc\\\/\"},\"wordCount\":430,\"commentCount\":0,\"image\":{\"@id\":\"https:\\\/\\\/www.lichen.pl\\\/es\\\/lichen-modlitwa-o-trzezwosc\\\/#primaryimage\"},\"thumbnailUrl\":\"https:\\\/\\\/www.lichen.pl\\\/wp-content\\\/uploads\\\/2020\\\/08\\\/IMG_1152-Copy.jpg\",\"articleSection\":[\"Aktualno\u015bci\"],\"inLanguage\":\"fr-FR\",\"potentialAction\":[{\"@type\":\"CommentAction\",\"name\":\"Comment\",\"target\":[\"https:\\\/\\\/www.lichen.pl\\\/es\\\/lichen-modlitwa-o-trzezwosc\\\/#respond\"]}]},{\"@type\":\"WebPage\",\"@id\":\"https:\\\/\\\/www.lichen.pl\\\/es\\\/lichen-modlitwa-o-trzezwosc\\\/\",\"url\":\"https:\\\/\\\/www.lichen.pl\\\/es\\\/lichen-modlitwa-o-trzezwosc\\\/\",\"name\":\"Liche\u0144. Modlitwa o trze\u017awo\u015b\u0107 - SANKTUARIUM W LICHENIU\",\"isPartOf\":{\"@id\":\"https:\\\/\\\/www.lichen.pl\\\/fr\\\/#website\"},\"primaryImageOfPage\":{\"@id\":\"https:\\\/\\\/www.lichen.pl\\\/es\\\/lichen-modlitwa-o-trzezwosc\\\/#primaryimage\"},\"image\":{\"@id\":\"https:\\\/\\\/www.lichen.pl\\\/es\\\/lichen-modlitwa-o-trzezwosc\\\/#primaryimage\"},\"thumbnailUrl\":\"https:\\\/\\\/www.lichen.pl\\\/wp-content\\\/uploads\\\/2020\\\/08\\\/IMG_1152-Copy.jpg\",\"datePublished\":\"2020-07-26T11:53:29+00:00\",\"dateModified\":\"2021-06-15T18:47:46+00:00\",\"author\":{\"@id\":\"https:\\\/\\\/www.lichen.pl\\\/fr\\\/#\\\/schema\\\/person\\\/56fc5b38d70a2b34983408f9a457fd9d\"},\"breadcrumb\":{\"@id\":\"https:\\\/\\\/www.lichen.pl\\\/es\\\/lichen-modlitwa-o-trzezwosc\\\/#breadcrumb\"},\"inLanguage\":\"fr-FR\",\"potentialAction\":[{\"@type\":\"ReadAction\",\"target\":[\"https:\\\/\\\/www.lichen.pl\\\/es\\\/lichen-modlitwa-o-trzezwosc\\\/\"]}]},{\"@type\":\"ImageObject\",\"inLanguage\":\"fr-FR\",\"@id\":\"https:\\\/\\\/www.lichen.pl\\\/es\\\/lichen-modlitwa-o-trzezwosc\\\/#primaryimage\",\"url\":\"https:\\\/\\\/www.lichen.pl\\\/wp-content\\\/uploads\\\/2020\\\/08\\\/IMG_1152-Copy.jpg\",\"contentUrl\":\"https:\\\/\\\/www.lichen.pl\\\/wp-content\\\/uploads\\\/2020\\\/08\\\/IMG_1152-Copy.jpg\",\"width\":1920,\"height\":1278},{\"@type\":\"BreadcrumbList\",\"@id\":\"https:\\\/\\\/www.lichen.pl\\\/es\\\/lichen-modlitwa-o-trzezwosc\\\/#breadcrumb\",\"itemListElement\":[{\"@type\":\"ListItem\",\"position\":1,\"name\":\"Strona g\u0142\u00f3wna\",\"item\":\"https:\\\/\\\/www.lichen.pl\\\/\"},{\"@type\":\"ListItem\",\"position\":2,\"name\":\"Liche\u0144. Modlitwa o trze\u017awo\u015b\u0107\"}]},{\"@type\":\"WebSite\",\"@id\":\"https:\\\/\\\/www.lichen.pl\\\/fr\\\/#website\",\"url\":\"https:\\\/\\\/www.lichen.pl\\\/fr\\\/\",\"name\":\"SANKTUARIUM W LICHENIU\",\"description\":\"MATKI BO\u017bEJ LICHE\u0143SKIEJ BOLESNEJ KR\u00d3LOWEJ POLSKI\",\"potentialAction\":[{\"@type\":\"SearchAction\",\"target\":{\"@type\":\"EntryPoint\",\"urlTemplate\":\"https:\\\/\\\/www.lichen.pl\\\/fr\\\/?s={search_term_string}\"},\"query-input\":{\"@type\":\"PropertyValueSpecification\",\"valueRequired\":true,\"valueName\":\"search_term_string\"}}],\"inLanguage\":\"fr-FR\"},{\"@type\":\"Person\",\"@id\":\"https:\\\/\\\/www.lichen.pl\\\/fr\\\/#\\\/schema\\\/person\\\/56fc5b38d70a2b34983408f9a457fd9d\",\"name\":\"Arkadiusz Gorgolewski\",\"image\":{\"@type\":\"ImageObject\",\"inLanguage\":\"fr-FR\",\"@id\":\"https:\\\/\\\/secure.gravatar.com\\\/avatar\\\/0f571b370f5aa245b1fd3b9c945511b004fe17579bdefd5054d99f0ba315149c?s=96&d=retro&r=g\",\"url\":\"https:\\\/\\\/secure.gravatar.com\\\/avatar\\\/0f571b370f5aa245b1fd3b9c945511b004fe17579bdefd5054d99f0ba315149c?s=96&d=retro&r=g\",\"contentUrl\":\"https:\\\/\\\/secure.gravatar.com\\\/avatar\\\/0f571b370f5aa245b1fd3b9c945511b004fe17579bdefd5054d99f0ba315149c?s=96&d=retro&r=g\",\"caption\":\"Arkadiusz Gorgolewski\"},\"url\":\"https:\\\/\\\/www.lichen.pl\\\/fr\\\/author\\\/sanadmin\\\/\"}]}<\/script>\n<!-- \/ Yoast SEO plugin. -->","yoast_head_json":{"title":"Liche\u0144. Modlitwa o trze\u017awo\u015b\u0107 - SANKTUARIUM W LICHENIU","robots":{"index":"index","follow":"follow","max-snippet":"max-snippet:-1","max-image-preview":"max-image-preview:large","max-video-preview":"max-video-preview:-1"},"canonical":"https:\/\/www.lichen.pl\/fr\/lichen-modlitwa-o-trzezwosc\/","og_locale":"fr_FR","og_type":"article","og_title":"Liche\u0144. Modlitwa o trze\u017awo\u015b\u0107 - SANKTUARIUM W LICHENIU","og_description":"Niemal od 30 lat w liche\u0144skim Sanktuarium ostatni weekend lipca by\u0142 czasem Spotka\u0144 Trze\u017awo\u015bciowych. Tegoroczne, 28. Og\u00f3lnopolskie Spotkania Trze\u017awo\u015bciowe w Licheniu z powodu sytuacji epidemicznej zosta\u0142y prze\u0142o\u017cone na 23- 25 lipca 2021 r. W sobot\u0119, 25 lipca w bazylice liche\u0144skiej modlono si\u0119 o trze\u017awo\u015b\u0107 w rodzinach. Eucharystii odprawionej o godzinie 19.00 przed Cudownym Obrazem Matki [&hellip;]","og_url":"https:\/\/www.lichen.pl\/fr\/lichen-modlitwa-o-trzezwosc\/","og_site_name":"SANKTUARIUM W LICHENIU","article_published_time":"2020-07-26T11:53:29+00:00","article_modified_time":"2021-06-15T18:47:46+00:00","og_image":[{"width":1920,"height":1278,"url":"https:\/\/www.lichen.pl\/wp-content\/uploads\/2020\/08\/IMG_1152-Copy.jpg","type":"image\/jpeg"}],"author":"Arkadiusz Gorgolewski","twitter_card":"summary_large_image","twitter_misc":{"\u00c9crit par":"Arkadiusz Gorgolewski","Dur\u00e9e de lecture estim\u00e9e":"2 minutes"},"schema":{"@context":"https:\/\/schema.org","@graph":[{"@type":"Article","@id":"https:\/\/www.lichen.pl\/es\/lichen-modlitwa-o-trzezwosc\/#article","isPartOf":{"@id":"https:\/\/www.lichen.pl\/es\/lichen-modlitwa-o-trzezwosc\/"},"author":{"name":"Arkadiusz Gorgolewski","@id":"https:\/\/www.lichen.pl\/fr\/#\/schema\/person\/56fc5b38d70a2b34983408f9a457fd9d"},"headline":"Liche\u0144. Modlitwa o trze\u017awo\u015b\u0107","datePublished":"2020-07-26T11:53:29+00:00","dateModified":"2021-06-15T18:47:46+00:00","mainEntityOfPage":{"@id":"https:\/\/www.lichen.pl\/es\/lichen-modlitwa-o-trzezwosc\/"},"wordCount":430,"commentCount":0,"image":{"@id":"https:\/\/www.lichen.pl\/es\/lichen-modlitwa-o-trzezwosc\/#primaryimage"},"thumbnailUrl":"https:\/\/www.lichen.pl\/wp-content\/uploads\/2020\/08\/IMG_1152-Copy.jpg","articleSection":["Aktualno\u015bci"],"inLanguage":"fr-FR","potentialAction":[{"@type":"CommentAction","name":"Comment","target":["https:\/\/www.lichen.pl\/es\/lichen-modlitwa-o-trzezwosc\/#respond"]}]},{"@type":"WebPage","@id":"https:\/\/www.lichen.pl\/es\/lichen-modlitwa-o-trzezwosc\/","url":"https:\/\/www.lichen.pl\/es\/lichen-modlitwa-o-trzezwosc\/","name":"Liche\u0144. Modlitwa o trze\u017awo\u015b\u0107 - SANKTUARIUM W LICHENIU","isPartOf":{"@id":"https:\/\/www.lichen.pl\/fr\/#website"},"primaryImageOfPage":{"@id":"https:\/\/www.lichen.pl\/es\/lichen-modlitwa-o-trzezwosc\/#primaryimage"},"image":{"@id":"https:\/\/www.lichen.pl\/es\/lichen-modlitwa-o-trzezwosc\/#primaryimage"},"thumbnailUrl":"https:\/\/www.lichen.pl\/wp-content\/uploads\/2020\/08\/IMG_1152-Copy.jpg","datePublished":"2020-07-26T11:53:29+00:00","dateModified":"2021-06-15T18:47:46+00:00","author":{"@id":"https:\/\/www.lichen.pl\/fr\/#\/schema\/person\/56fc5b38d70a2b34983408f9a457fd9d"},"breadcrumb":{"@id":"https:\/\/www.lichen.pl\/es\/lichen-modlitwa-o-trzezwosc\/#breadcrumb"},"inLanguage":"fr-FR","potentialAction":[{"@type":"ReadAction","target":["https:\/\/www.lichen.pl\/es\/lichen-modlitwa-o-trzezwosc\/"]}]},{"@type":"ImageObject","inLanguage":"fr-FR","@id":"https:\/\/www.lichen.pl\/es\/lichen-modlitwa-o-trzezwosc\/#primaryimage","url":"https:\/\/www.lichen.pl\/wp-content\/uploads\/2020\/08\/IMG_1152-Copy.jpg","contentUrl":"https:\/\/www.lichen.pl\/wp-content\/uploads\/2020\/08\/IMG_1152-Copy.jpg","width":1920,"height":1278},{"@type":"BreadcrumbList","@id":"https:\/\/www.lichen.pl\/es\/lichen-modlitwa-o-trzezwosc\/#breadcrumb","itemListElement":[{"@type":"ListItem","position":1,"name":"Strona g\u0142\u00f3wna","item":"https:\/\/www.lichen.pl\/"},{"@type":"ListItem","position":2,"name":"Liche\u0144. Modlitwa o trze\u017awo\u015b\u0107"}]},{"@type":"WebSite","@id":"https:\/\/www.lichen.pl\/fr\/#website","url":"https:\/\/www.lichen.pl\/fr\/","name":"SANCTUAIRE EN LICHENIE","description":"LA MAUVAISE REINE DE POLOGNE DE NOTRE LICHEN","potentialAction":[{"@type":"SearchAction","target":{"@type":"EntryPoint","urlTemplate":"https:\/\/www.lichen.pl\/fr\/?s={search_term_string}"},"query-input":{"@type":"PropertyValueSpecification","valueRequired":true,"valueName":"search_term_string"}}],"inLanguage":"fr-FR"},{"@type":"Person","@id":"https:\/\/www.lichen.pl\/fr\/#\/schema\/person\/56fc5b38d70a2b34983408f9a457fd9d","name":"Arkadiusz Gorgolewski","image":{"@type":"ImageObject","inLanguage":"fr-FR","@id":"https:\/\/secure.gravatar.com\/avatar\/0f571b370f5aa245b1fd3b9c945511b004fe17579bdefd5054d99f0ba315149c?s=96&d=retro&r=g","url":"https:\/\/secure.gravatar.com\/avatar\/0f571b370f5aa245b1fd3b9c945511b004fe17579bdefd5054d99f0ba315149c?s=96&d=retro&r=g","contentUrl":"https:\/\/secure.gravatar.com\/avatar\/0f571b370f5aa245b1fd3b9c945511b004fe17579bdefd5054d99f0ba315149c?s=96&d=retro&r=g","caption":"Arkadiusz Gorgolewski"},"url":"https:\/\/www.lichen.pl\/fr\/author\/sanadmin\/"}]}},"_links":{"self":[{"href":"https:\/\/www.lichen.pl\/fr\/wp-json\/wp\/v2\/posts\/1865","targetHints":{"allow":["GET"]}}],"collection":[{"href":"https:\/\/www.lichen.pl\/fr\/wp-json\/wp\/v2\/posts"}],"about":[{"href":"https:\/\/www.lichen.pl\/fr\/wp-json\/wp\/v2\/types\/post"}],"author":[{"embeddable":true,"href":"https:\/\/www.lichen.pl\/fr\/wp-json\/wp\/v2\/users\/2"}],"replies":[{"embeddable":true,"href":"https:\/\/www.lichen.pl\/fr\/wp-json\/wp\/v2\/comments?post=1865"}],"version-history":[{"count":6,"href":"https:\/\/www.lichen.pl\/fr\/wp-json\/wp\/v2\/posts\/1865\/revisions"}],"predecessor-version":[{"id":13928,"href":"https:\/\/www.lichen.pl\/fr\/wp-json\/wp\/v2\/posts\/1865\/revisions\/13928"}],"wp:featuredmedia":[{"embeddable":true,"href":"https:\/\/www.lichen.pl\/fr\/wp-json\/wp\/v2\/media\/1866"}],"wp:attachment":[{"href":"https:\/\/www.lichen.pl\/fr\/wp-json\/wp\/v2\/media?parent=1865"}],"wp:term":[{"taxonomy":"category","embeddable":true,"href":"https:\/\/www.lichen.pl\/fr\/wp-json\/wp\/v2\/categories?post=1865"},{"taxonomy":"post_tag","embeddable":true,"href":"https:\/\/www.lichen.pl\/fr\/wp-json\/wp\/v2\/tags?post=1865"}],"curies":[{"name":"wp","href":"https:\/\/api.w.org\/{rel}","templated":true}]}}