{"id":18910,"date":"2021-07-11T18:51:03","date_gmt":"2021-07-11T18:51:03","guid":{"rendered":"http:\/\/www.lichen.pl\/?p=18910"},"modified":"2021-07-20T15:54:47","modified_gmt":"2021-07-20T15:54:47","slug":"dzien-z-bl-marianna-biernacka-dzien-modlitw-tesciowych-i-synowych","status":"publish","type":"post","link":"https:\/\/www.lichen.pl\/fr\/dzien-z-bl-marianna-biernacka-dzien-modlitw-tesciowych-i-synowych\/","title":{"rendered":"Une journ\u00e9e avec Bl. Marianna Biernacka - Journ\u00e9e de pri\u00e8re pour la belle-m\u00e8re et la belle-fille"},"content":{"rendered":"<div data-elementor-type=\"wp-post\" data-elementor-id=\"18910\" class=\"elementor elementor-18910\" data-elementor-post-type=\"post\">\n\t\t\t\t\t\t<section class=\"elementor-section elementor-top-section elementor-element elementor-element-e69ee2f elementor-section-boxed elementor-section-height-default elementor-section-height-default\" data-id=\"e69ee2f\" data-element_type=\"section\" data-e-type=\"section\">\n\t\t\t\t\t\t<div class=\"elementor-container elementor-column-gap-default\">\n\t\t\t\t\t<div class=\"elementor-column elementor-col-100 elementor-top-column elementor-element elementor-element-caed8bd\" data-id=\"caed8bd\" data-element_type=\"column\" data-e-type=\"column\">\n\t\t\t<div class=\"elementor-widget-wrap elementor-element-populated\">\n\t\t\t\t\t\t<div class=\"elementor-element elementor-element-fb33c1a elementor-widget elementor-widget-heading\" data-id=\"fb33c1a\" data-element_type=\"widget\" data-e-type=\"widget\" data-widget_type=\"heading.default\">\n\t\t\t\t<div class=\"elementor-widget-container\">\n\t\t\t\t\t<h2 class=\"elementor-heading-title elementor-size-default\">Une journ\u00e9e avec Bl. Marianna Biernacka, la Journ\u00e9e des pri\u00e8res de la belle-m\u00e8re et de la belle-fille, est devenue un moment de pr\u00e9occupation pour les relations familiales et la reconnaissance des vocations dans le sanctuaire de Liche\u0144<\/h2>\t\t\t\t<\/div>\n\t\t\t\t<\/div>\n\t\t\t\t\t<\/div>\n\t\t<\/div>\n\t\t\t\t\t<\/div>\n\t\t<\/section>\n\t\t\t\t<section class=\"elementor-section elementor-top-section elementor-element elementor-element-d50bb7d elementor-section-boxed elementor-section-height-default elementor-section-height-default\" data-id=\"d50bb7d\" data-element_type=\"section\" data-e-type=\"section\">\n\t\t\t\t\t\t<div class=\"elementor-container elementor-column-gap-default\">\n\t\t\t\t\t<div class=\"elementor-column elementor-col-100 elementor-top-column elementor-element elementor-element-9ebeae0\" data-id=\"9ebeae0\" data-element_type=\"column\" data-e-type=\"column\">\n\t\t\t<div class=\"elementor-widget-wrap elementor-element-populated\">\n\t\t\t\t\t\t<section class=\"elementor-section elementor-inner-section elementor-element elementor-element-f0ba657 elementor-section-boxed elementor-section-height-default elementor-section-height-default\" data-id=\"f0ba657\" data-element_type=\"section\" data-e-type=\"section\">\n\t\t\t\t\t\t<div class=\"elementor-container elementor-column-gap-default\">\n\t\t\t\t\t<div class=\"elementor-column elementor-col-50 elementor-inner-column elementor-element elementor-element-d6e73d7\" data-id=\"d6e73d7\" data-element_type=\"column\" data-e-type=\"column\">\n\t\t\t<div class=\"elementor-widget-wrap elementor-element-populated\">\n\t\t\t\t\t\t<div class=\"elementor-element elementor-element-e46da3c elementor-widget elementor-widget-image\" data-id=\"e46da3c\" data-element_type=\"widget\" data-e-type=\"widget\" data-widget_type=\"image.default\">\n\t\t\t\t<div class=\"elementor-widget-container\">\n\t\t\t\t\t\t\t\t\t\t\t\t<figure class=\"wp-caption\">\n\t\t\t\t\t\t\t\t\t\t<img fetchpriority=\"high\" decoding=\"async\" width=\"768\" height=\"909\" src=\"https:\/\/www.lichen.pl\/wp-content\/uploads\/2021\/07\/Bl.-Marianna-Biernacka-1-768x909.jpg\" class=\"attachment-medium_large size-medium_large wp-image-18924\" alt=\"\" srcset=\"https:\/\/www.lichen.pl\/wp-content\/uploads\/2021\/07\/Bl.-Marianna-Biernacka-1-768x909.jpg 768w, https:\/\/www.lichen.pl\/wp-content\/uploads\/2021\/07\/Bl.-Marianna-Biernacka-1-800x946.jpg 800w, https:\/\/www.lichen.pl\/wp-content\/uploads\/2021\/07\/Bl.-Marianna-Biernacka-1-254x300.jpg 254w, https:\/\/www.lichen.pl\/wp-content\/uploads\/2021\/07\/Bl.-Marianna-Biernacka-1-865x1024.jpg 865w, https:\/\/www.lichen.pl\/wp-content\/uploads\/2021\/07\/Bl.-Marianna-Biernacka-1.jpg 1082w\" sizes=\"(max-width: 768px) 100vw, 768px\" \/>\t\t\t\t\t\t\t\t\t\t\t<figcaption class=\"widget-image-caption wp-caption-text\">Bienheureuse Marianna Biernacka (1888-1943)<\/figcaption>\n\t\t\t\t\t\t\t\t\t\t<\/figure>\n\t\t\t\t\t\t\t\t\t<\/div>\n\t\t\t\t<\/div>\n\t\t\t\t\t<\/div>\n\t\t<\/div>\n\t\t\t\t<div class=\"elementor-column elementor-col-50 elementor-inner-column elementor-element elementor-element-d6bbb3e\" data-id=\"d6bbb3e\" data-element_type=\"column\" data-e-type=\"column\">\n\t\t\t<div class=\"elementor-widget-wrap elementor-element-populated\">\n\t\t\t\t\t\t<div class=\"elementor-element elementor-element-7249964 elementor-widget elementor-widget-text-editor\" data-id=\"7249964\" data-element_type=\"widget\" data-e-type=\"widget\" data-widget_type=\"text-editor.default\">\n\t\t\t\t<div class=\"elementor-widget-container\">\n\t\t\t\t\t\t\t\t\t<div class=\"o9v6fnle cxmmr5t8 oygrvhab hcukyx3x c1et5uql ii04i59q\"><div dir=\"auto\">\u00a0<\/div><div dir=\"auto\">La bienheureuse Marianna, l&#039;une des 108 martyrs de la Seconde Guerre mondiale, a donn\u00e9 sa vie pour sa belle-fille Anna, qui, \u00e0 un stade avanc\u00e9 de la grossesse, a \u00e9t\u00e9 emmen\u00e9e pour \u00eatre abattue lors de la pacification de Leipzig par les Allemands.<\/div><div dir=\"auto\">Ce geste spontan\u00e9 de la Bienheureuse \u00e9tait une cons\u00e9quence de toute sa vie de foi. Ses proches se sont souvenus de son image de femme tr\u00e8s pieuse. La belle-fille qu&#039;elle a sauv\u00e9e a dit qu&#039;elle avait appris \u00e0 prier avec des chansons d&#039;elle.<\/div><\/div><div class=\"o9v6fnle cxmmr5t8 oygrvhab hcukyx3x c1et5uql ii04i59q\"><div dir=\"auto\">La bienheureuse Marianna Biernacka est la patronne de la belle-m\u00e8re, mais son intercession est \u00e9galement invoqu\u00e9e par les femmes bienheureuses et les veuves.<\/div><\/div>\t\t\t\t\t\t\t\t<\/div>\n\t\t\t\t<\/div>\n\t\t\t\t\t<\/div>\n\t\t<\/div>\n\t\t\t\t\t<\/div>\n\t\t<\/section>\n\t\t\t\t<div class=\"elementor-element elementor-element-5f8197c elementor-widget elementor-widget-text-editor\" data-id=\"5f8197c\" data-element_type=\"widget\" data-e-type=\"widget\" data-widget_type=\"text-editor.default\">\n\t\t\t\t<div class=\"elementor-widget-container\">\n\t\t\t\t\t\t\t\t\t<p>Pendant la messe de midi. Fr. Janusz Kumala, MIC, le conservateur du sanctuaire Lichen, a soulign\u00e9 que tout le monde recevait un appel de Dieu, non seulement un pr\u00eatre ou un m\u00e9decin, mais aussi une belle-m\u00e8re et une belle-fille. - <em>Nous devons accomplir les t\u00e2ches que Dieu nous dit de faire dans la vie de tous les jours<\/em> - a dit le P. Kumala a ensuite pr\u00e9sent\u00e9 l&#039;histoire du bienheureux.<\/p><p>Marianna a perdu ses parents lorsqu&#039;elle \u00e9tait petite. Apr\u00e8s s&#039;\u00eatre mari\u00e9e, elle a travaill\u00e9 dans une ferme. Dans la vie de tous les jours, elle \u00e9tait caract\u00e9ris\u00e9e par la pi\u00e9t\u00e9 et la gentillesse. Pendant la Seconde Guerre mondiale, Marianna, d\u00e9j\u00e0 veuve, vivait avec son fils Stanis\u0142aw et sa belle-fille Anna.<br \/>Elle n&#039;avait que 55 ans lorsque les Allemands arriv\u00e8rent chez eux le matin du 1er juillet 1943. La Gestapo a cherch\u00e9 \u00e0 se venger du meurtre d&#039;un soldat allemand par des partisans. Des condamnations \u00e0 mort massives ont \u00e9t\u00e9 prononc\u00e9es contre les habitants de Leipzig et des environs. La liste des personnes condamn\u00e9es \u00e0 \u00eatre abattues comprend \u00e9galement le fils de Marianna, Stanis\u0142aw, et sa femme. Ils attendaient la naissance d&#039;un deuxi\u00e8me enfant.<br \/>Marianna tomba aux pieds de l&#039;Allemand sans h\u00e9siter et le supplia de la prendre \u00e0 la place de sa belle-fille. Le chef du village, qui \u00e9tait pr\u00e9sent dans la situation, traduisit, et l&#039;allemand accepta. Stanis\u0142aw et Marianna ont \u00e9t\u00e9 emmen\u00e9s et abattus peu de temps apr\u00e8s. Anna est rest\u00e9e \u00e0 la maison avec son enfant \u00e0 na\u00eetre et sa fille de deux ans, Gienia.<\/p>\t\t\t\t\t\t\t\t<\/div>\n\t\t\t\t<\/div>\n\t\t\t\t<section class=\"elementor-section elementor-inner-section elementor-element elementor-element-0e26ab8 elementor-section-boxed elementor-section-height-default elementor-section-height-default\" data-id=\"0e26ab8\" data-element_type=\"section\" data-e-type=\"section\">\n\t\t\t\t\t\t<div class=\"elementor-container elementor-column-gap-default\">\n\t\t\t\t\t<div class=\"elementor-column elementor-col-50 elementor-inner-column elementor-element elementor-element-05d1881\" data-id=\"05d1881\" data-element_type=\"column\" data-e-type=\"column\">\n\t\t\t<div class=\"elementor-widget-wrap elementor-element-populated\">\n\t\t\t\t\t\t<div class=\"elementor-element elementor-element-05125b8 elementor-widget elementor-widget-text-editor\" data-id=\"05125b8\" data-element_type=\"widget\" data-e-type=\"widget\" data-widget_type=\"text-editor.default\">\n\t\t\t\t<div class=\"elementor-widget-container\">\n\t\t\t\t\t\t\t\t\t<p>Dans l&#039;hom\u00e9lie, le conservateur a not\u00e9 qu&#039;un tel geste de sacrifice \u00e9tait inhabituel et inhabituel. Elle suscite une r\u00e9flexion sur la relation belle-m\u00e8re-beau-fils non seulement dans le contexte de la victime, mais aussi dans la vie de tous les jours. - <em>Est-ce que je donne ma vie pour ma belle-fille maintenant ? Je peux la servir gentiment, suis-je compr\u00e9hensif, est-ce que je supprime la relation entre mon fils et ma belle-fille ?<\/em> - a demand\u00e9 l&#039;homiliste.<\/p><p>Les belles-filles aussi incit\u00e9es \u00e0 se demander si elles pouvaient accepter l&#039;aide de la belle-m\u00e8re, son amour maternel ?<\/p>\t\t\t\t\t\t\t\t<\/div>\n\t\t\t\t<\/div>\n\t\t\t\t<div class=\"elementor-element elementor-element-d67dc06 elementor-widget elementor-widget-text-editor\" data-id=\"d67dc06\" data-element_type=\"widget\" data-e-type=\"widget\" data-widget_type=\"text-editor.default\">\n\t\t\t\t<div class=\"elementor-widget-container\">\n\t\t\t\t\t\t\t\t\t<p>Tout le monde s&#039;est r\u00e9uni \u00e0 la Sainte Messe. ont \u00e9t\u00e9 invit\u00e9s \u00e0 r\u00e9fl\u00e9chir sur leur vocation. - <em>Il nous semble que la saintet\u00e9 n&#039;est pas pour nous, au contraire : elle consiste \u00e0 accomplir notre vocation. Il est important de vivre dans l&#039;amour de Dieu et d&#039;accomplir des devoirs par amour pour vos proches<\/em> - a dit le P. Janusz Kumala. Il a encourag\u00e9 l&#039;utilisation du sacrement de p\u00e9nitence et de r\u00e9conciliation et la rencontre du Christ dans l&#039;Eucharistie. - <em>Si nous rayonnons d&#039;amour et de gentillesse, nous montrons Dieu. Nous devons t\u00e9moigner de la Bonne Nouvelle<\/em> - dit le c\u00e9l\u00e9brant.<\/p>\t\t\t\t\t\t\t\t<\/div>\n\t\t\t\t<\/div>\n\t\t\t\t\t<\/div>\n\t\t<\/div>\n\t\t\t\t<div class=\"elementor-column elementor-col-50 elementor-inner-column elementor-element elementor-element-97057b3\" data-id=\"97057b3\" data-element_type=\"column\" data-e-type=\"column\">\n\t\t\t<div class=\"elementor-widget-wrap elementor-element-populated\">\n\t\t\t\t\t\t<div class=\"elementor-element elementor-element-0973af3 elementor-widget elementor-widget-image\" data-id=\"0973af3\" data-element_type=\"widget\" data-e-type=\"widget\" data-widget_type=\"image.default\">\n\t\t\t\t<div class=\"elementor-widget-container\">\n\t\t\t\t\t\t\t\t\t\t\t\t<figure class=\"wp-caption\">\n\t\t\t\t\t\t\t\t\t\t<img decoding=\"async\" width=\"768\" height=\"1023\" src=\"https:\/\/www.lichen.pl\/wp-content\/uploads\/2021\/07\/9-Dzien-z-bl.-Marianna-Biernacka-11-lipca-2021-768x1023.jpg\" class=\"attachment-medium_large size-medium_large wp-image-18929\" alt=\"\" srcset=\"https:\/\/www.lichen.pl\/wp-content\/uploads\/2021\/07\/9-Dzien-z-bl.-Marianna-Biernacka-11-lipca-2021-768x1023.jpg 768w, https:\/\/www.lichen.pl\/wp-content\/uploads\/2021\/07\/9-Dzien-z-bl.-Marianna-Biernacka-11-lipca-2021-800x1065.jpg 800w, https:\/\/www.lichen.pl\/wp-content\/uploads\/2021\/07\/9-Dzien-z-bl.-Marianna-Biernacka-11-lipca-2021-225x300.jpg 225w, https:\/\/www.lichen.pl\/wp-content\/uploads\/2021\/07\/9-Dzien-z-bl.-Marianna-Biernacka-11-lipca-2021-769x1024.jpg 769w, https:\/\/www.lichen.pl\/wp-content\/uploads\/2021\/07\/9-Dzien-z-bl.-Marianna-Biernacka-11-lipca-2021.jpg 901w\" sizes=\"(max-width: 768px) 100vw, 768px\" \/>\t\t\t\t\t\t\t\t\t\t\t<figcaption class=\"widget-image-caption wp-caption-text\">Fr. Janusz Kumala, MIC, conservateur du sanctuaire, 11 juillet 2021<\/figcaption>\n\t\t\t\t\t\t\t\t\t\t<\/figure>\n\t\t\t\t\t\t\t\t\t<\/div>\n\t\t\t\t<\/div>\n\t\t\t\t\t<\/div>\n\t\t<\/div>\n\t\t\t\t\t<\/div>\n\t\t<\/section>\n\t\t\t\t<div class=\"elementor-element elementor-element-a2236a0 elementor-widget elementor-widget-text-editor\" data-id=\"a2236a0\" data-element_type=\"widget\" data-e-type=\"widget\" data-widget_type=\"text-editor.default\">\n\t\t\t\t<div class=\"elementor-widget-container\">\n\t\t\t\t\t\t\t\t\t<p>Marianna Biernacka le 13 juin 1999 a \u00e9t\u00e9 b\u00e9atifi\u00e9e par St. Jean-Paul II dans le groupe des 108 martyrs de la Seconde Guerre mondiale. Le lieu de leur culte est situ\u00e9 dans notre dioc\u00e8se dans la chapelle de la basilique inf\u00e9rieure de Liche\u0144, o\u00f9 chaque samedi, avant le 13 juin, se d\u00e9roulent des c\u00e9l\u00e9brations nationales en leur honneur. La bienheureuse Marianna Biernacka est la patronne de la belle-m\u00e8re, mais son intercession est \u00e9galement invoqu\u00e9e par les femmes bienheureuses et les veuves.<\/p><p>Le cadre musical de la Sainte Messe. fournissait l&#039;ensemble vocal-instrumental du sanctuaire \u00ab Galil\u00e9e \u00bb.<\/p>\t\t\t\t\t\t\t\t<\/div>\n\t\t\t\t<\/div>\n\t\t\t\t<div class=\"elementor-element elementor-element-7271fc2 elementor-widget-divider--view-line_icon elementor-view-default elementor-widget-divider--element-align-center elementor-widget elementor-widget-divider\" data-id=\"7271fc2\" data-element_type=\"widget\" data-e-type=\"widget\" data-widget_type=\"divider.default\">\n\t\t\t\t<div class=\"elementor-widget-container\">\n\t\t\t\t\t\t\t<div class=\"elementor-divider\">\n\t\t\t<span class=\"elementor-divider-separator\">\n\t\t\t\t\t\t\t<div class=\"elementor-icon elementor-divider__element\">\n\t\t\t\t\t<i aria-hidden=\"true\" class=\"fas fa-camera\"><\/i><\/div>\n\t\t\t\t\t\t<\/span>\n\t\t<\/div>\n\t\t\t\t\t\t<\/div>\n\t\t\t\t<\/div>\n\t\t\t\t<div class=\"elementor-element elementor-element-d4a3ecc elementor-widget elementor-widget-gallery\" data-id=\"d4a3ecc\" data-element_type=\"widget\" data-e-type=\"widget\" data-settings=\"{&quot;columns&quot;:5,&quot;lazyload&quot;:&quot;yes&quot;,&quot;gallery_layout&quot;:&quot;grid&quot;,&quot;columns_tablet&quot;:2,&quot;columns_mobile&quot;:1,&quot;gap&quot;:{&quot;unit&quot;:&quot;px&quot;,&quot;size&quot;:10,&quot;sizes&quot;:[]},&quot;gap_tablet&quot;:{&quot;unit&quot;:&quot;px&quot;,&quot;size&quot;:10,&quot;sizes&quot;:[]},&quot;gap_mobile&quot;:{&quot;unit&quot;:&quot;px&quot;,&quot;size&quot;:10,&quot;sizes&quot;:[]},&quot;link_to&quot;:&quot;file&quot;,&quot;aspect_ratio&quot;:&quot;3:2&quot;,&quot;overlay_background&quot;:&quot;yes&quot;,&quot;content_hover_animation&quot;:&quot;fade-in&quot;}\" data-widget_type=\"gallery.default\">\n\t\t\t\t<div class=\"elementor-widget-container\">\n\t\t\t\t\t\t\t<div class=\"elementor-gallery__container\">\n\t\t\t\t\t\t\t<a class=\"e-gallery-item elementor-gallery-item elementor-animated-content\" href=\"https:\/\/www.lichen.pl\/wp-content\/uploads\/2021\/07\/3-Dzien-z-bl.-Marianna-Biernacka-11-lipca-2021.jpg\" data-elementor-open-lightbox=\"yes\" data-elementor-lightbox-slideshow=\"d4a3ecc\" data-elementor-lightbox-title=\"Dzie\u0144 z b\u0142. Mariann\u0105 Biernack\u0105, 11 lipca 2021\" data-e-action-hash=\"#elementor-action%3Aaction%3Dlightbox%26settings%3DeyJpZCI6MTg5NDQsInVybCI6Imh0dHBzOlwvXC93d3cubGljaGVuLnBsXC93cC1jb250ZW50XC91cGxvYWRzXC8yMDIxXC8wN1wvMy1Eemllbi16LWJsLi1NYXJpYW5uYS1CaWVybmFja2EtMTEtbGlwY2EtMjAyMS5qcGciLCJzbGlkZXNob3ciOiJkNGEzZWNjIn0%3D\">\n\t\t\t\t\t<div class=\"e-gallery-image elementor-gallery-item__image\" data-thumbnail=\"https:\/\/www.lichen.pl\/wp-content\/uploads\/2021\/07\/3-Dzien-z-bl.-Marianna-Biernacka-11-lipca-2021-225x300.jpg\" data-width=\"225\" data-height=\"300\" aria-label=\"\" role=\"img\" ><\/div>\n\t\t\t\t\t\t\t\t\t\t\t<div class=\"elementor-gallery-item__overlay\"><\/div>\n\t\t\t\t\t\t\t\t\t\t\t\t\t\t<\/a>\n\t\t\t\t\t\t\t<a class=\"e-gallery-item elementor-gallery-item elementor-animated-content\" href=\"https:\/\/www.lichen.pl\/wp-content\/uploads\/2021\/07\/1-Dzien-z-bl.-Marianna-Biernacka-11-lipca-2021.jpg\" data-elementor-open-lightbox=\"yes\" data-elementor-lightbox-slideshow=\"d4a3ecc\" data-elementor-lightbox-title=\"Dzie\u0144 z b\u0142. Mariann\u0105 Biernack\u0105, 11 lipca 2021\" data-e-action-hash=\"#elementor-action%3Aaction%3Dlightbox%26settings%3DeyJpZCI6MTg5MzQsInVybCI6Imh0dHBzOlwvXC93d3cubGljaGVuLnBsXC93cC1jb250ZW50XC91cGxvYWRzXC8yMDIxXC8wN1wvMS1Eemllbi16LWJsLi1NYXJpYW5uYS1CaWVybmFja2EtMTEtbGlwY2EtMjAyMS5qcGciLCJzbGlkZXNob3ciOiJkNGEzZWNjIn0%3D\">\n\t\t\t\t\t<div class=\"e-gallery-image elementor-gallery-item__image\" data-thumbnail=\"https:\/\/www.lichen.pl\/wp-content\/uploads\/2021\/07\/1-Dzien-z-bl.-Marianna-Biernacka-11-lipca-2021-300x225.jpg\" data-width=\"300\" data-height=\"225\" aria-label=\"\" role=\"img\" ><\/div>\n\t\t\t\t\t\t\t\t\t\t\t<div class=\"elementor-gallery-item__overlay\"><\/div>\n\t\t\t\t\t\t\t\t\t\t\t\t\t\t<\/a>\n\t\t\t\t\t\t\t<a class=\"e-gallery-item elementor-gallery-item elementor-animated-content\" href=\"https:\/\/www.lichen.pl\/wp-content\/uploads\/2021\/07\/17-Dzien-z-bl.-Marianna-Biernacka-11-lipca-2021.jpg\" data-elementor-open-lightbox=\"yes\" data-elementor-lightbox-slideshow=\"d4a3ecc\" data-elementor-lightbox-title=\"Dzie\u0144 z b\u0142. Mariann\u0105 Biernack\u0105, 11 lipca 2021\" data-e-action-hash=\"#elementor-action%3Aaction%3Dlightbox%26settings%3DeyJpZCI6MTkwMTQsInVybCI6Imh0dHBzOlwvXC93d3cubGljaGVuLnBsXC93cC1jb250ZW50XC91cGxvYWRzXC8yMDIxXC8wN1wvMTctRHppZW4tei1ibC4tTWFyaWFubmEtQmllcm5hY2thLTExLWxpcGNhLTIwMjEuanBnIiwic2xpZGVzaG93IjoiZDRhM2VjYyJ9\">\n\t\t\t\t\t<div class=\"e-gallery-image elementor-gallery-item__image\" data-thumbnail=\"https:\/\/www.lichen.pl\/wp-content\/uploads\/2021\/07\/17-Dzien-z-bl.-Marianna-Biernacka-11-lipca-2021-300x225.jpg\" data-width=\"300\" data-height=\"225\" aria-label=\"\" role=\"img\" ><\/div>\n\t\t\t\t\t\t\t\t\t\t\t<div class=\"elementor-gallery-item__overlay\"><\/div>\n\t\t\t\t\t\t\t\t\t\t\t\t\t\t<\/a>\n\t\t\t\t\t\t\t<a class=\"e-gallery-item elementor-gallery-item elementor-animated-content\" href=\"https:\/\/www.lichen.pl\/wp-content\/uploads\/2021\/07\/5-Dzien-z-bl.-Marianna-Biernacka-11-lipca-2021.jpg\" data-elementor-open-lightbox=\"yes\" data-elementor-lightbox-slideshow=\"d4a3ecc\" data-elementor-lightbox-title=\"Dzie\u0144 z b\u0142. Mariann\u0105 Biernack\u0105, 11 lipca 2021\" data-e-action-hash=\"#elementor-action%3Aaction%3Dlightbox%26settings%3DeyJpZCI6MTg5NTQsInVybCI6Imh0dHBzOlwvXC93d3cubGljaGVuLnBsXC93cC1jb250ZW50XC91cGxvYWRzXC8yMDIxXC8wN1wvNS1Eemllbi16LWJsLi1NYXJpYW5uYS1CaWVybmFja2EtMTEtbGlwY2EtMjAyMS5qcGciLCJzbGlkZXNob3ciOiJkNGEzZWNjIn0%3D\">\n\t\t\t\t\t<div class=\"e-gallery-image elementor-gallery-item__image\" data-thumbnail=\"https:\/\/www.lichen.pl\/wp-content\/uploads\/2021\/07\/5-Dzien-z-bl.-Marianna-Biernacka-11-lipca-2021-300x225.jpg\" data-width=\"300\" data-height=\"225\" aria-label=\"\" role=\"img\" ><\/div>\n\t\t\t\t\t\t\t\t\t\t\t<div class=\"elementor-gallery-item__overlay\"><\/div>\n\t\t\t\t\t\t\t\t\t\t\t\t\t\t<\/a>\n\t\t\t\t\t\t\t<a class=\"e-gallery-item elementor-gallery-item elementor-animated-content\" href=\"https:\/\/www.lichen.pl\/wp-content\/uploads\/2021\/07\/6-Dzien-z-bl.-Marianna-Biernacka-11-lipca-2021.jpg\" data-elementor-open-lightbox=\"yes\" data-elementor-lightbox-slideshow=\"d4a3ecc\" data-elementor-lightbox-title=\"Dzie\u0144 z b\u0142. Mariann\u0105 Biernack\u0105, 11 lipca 2021\" data-e-action-hash=\"#elementor-action%3Aaction%3Dlightbox%26settings%3DeyJpZCI6MTg5NTksInVybCI6Imh0dHBzOlwvXC93d3cubGljaGVuLnBsXC93cC1jb250ZW50XC91cGxvYWRzXC8yMDIxXC8wN1wvNi1Eemllbi16LWJsLi1NYXJpYW5uYS1CaWVybmFja2EtMTEtbGlwY2EtMjAyMS5qcGciLCJzbGlkZXNob3ciOiJkNGEzZWNjIn0%3D\">\n\t\t\t\t\t<div class=\"e-gallery-image elementor-gallery-item__image\" data-thumbnail=\"https:\/\/www.lichen.pl\/wp-content\/uploads\/2021\/07\/6-Dzien-z-bl.-Marianna-Biernacka-11-lipca-2021-225x300.jpg\" data-width=\"225\" data-height=\"300\" aria-label=\"\" role=\"img\" ><\/div>\n\t\t\t\t\t\t\t\t\t\t\t<div class=\"elementor-gallery-item__overlay\"><\/div>\n\t\t\t\t\t\t\t\t\t\t\t\t\t\t<\/a>\n\t\t\t\t\t\t\t<a class=\"e-gallery-item elementor-gallery-item elementor-animated-content\" href=\"https:\/\/www.lichen.pl\/wp-content\/uploads\/2021\/07\/7-Dzien-z-bl.-Marianna-Biernacka-11-lipca-2021.jpg\" data-elementor-open-lightbox=\"yes\" data-elementor-lightbox-slideshow=\"d4a3ecc\" data-elementor-lightbox-title=\"Dzie\u0144 z b\u0142. Mariann\u0105 Biernack\u0105, 11 lipca 2021\" data-e-action-hash=\"#elementor-action%3Aaction%3Dlightbox%26settings%3DeyJpZCI6MTg5NjQsInVybCI6Imh0dHBzOlwvXC93d3cubGljaGVuLnBsXC93cC1jb250ZW50XC91cGxvYWRzXC8yMDIxXC8wN1wvNy1Eemllbi16LWJsLi1NYXJpYW5uYS1CaWVybmFja2EtMTEtbGlwY2EtMjAyMS5qcGciLCJzbGlkZXNob3ciOiJkNGEzZWNjIn0%3D\">\n\t\t\t\t\t<div class=\"e-gallery-image elementor-gallery-item__image\" data-thumbnail=\"https:\/\/www.lichen.pl\/wp-content\/uploads\/2021\/07\/7-Dzien-z-bl.-Marianna-Biernacka-11-lipca-2021-225x300.jpg\" data-width=\"225\" data-height=\"300\" aria-label=\"\" role=\"img\" ><\/div>\n\t\t\t\t\t\t\t\t\t\t\t<div class=\"elementor-gallery-item__overlay\"><\/div>\n\t\t\t\t\t\t\t\t\t\t\t\t\t\t<\/a>\n\t\t\t\t\t\t\t<a class=\"e-gallery-item elementor-gallery-item elementor-animated-content\" href=\"https:\/\/www.lichen.pl\/wp-content\/uploads\/2021\/07\/14-Dzien-z-bl.-Marianna-Biernacka-11-lipca-2021.jpg\" data-elementor-open-lightbox=\"yes\" data-elementor-lightbox-slideshow=\"d4a3ecc\" data-elementor-lightbox-title=\"Dzie\u0144 z b\u0142. Mariann\u0105 Biernack\u0105, 11 lipca 2021\" data-e-action-hash=\"#elementor-action%3Aaction%3Dlightbox%26settings%3DeyJpZCI6MTg5OTksInVybCI6Imh0dHBzOlwvXC93d3cubGljaGVuLnBsXC93cC1jb250ZW50XC91cGxvYWRzXC8yMDIxXC8wN1wvMTQtRHppZW4tei1ibC4tTWFyaWFubmEtQmllcm5hY2thLTExLWxpcGNhLTIwMjEuanBnIiwic2xpZGVzaG93IjoiZDRhM2VjYyJ9\">\n\t\t\t\t\t<div class=\"e-gallery-image elementor-gallery-item__image\" data-thumbnail=\"https:\/\/www.lichen.pl\/wp-content\/uploads\/2021\/07\/14-Dzien-z-bl.-Marianna-Biernacka-11-lipca-2021-225x300.jpg\" data-width=\"225\" data-height=\"300\" aria-label=\"\" role=\"img\" ><\/div>\n\t\t\t\t\t\t\t\t\t\t\t<div class=\"elementor-gallery-item__overlay\"><\/div>\n\t\t\t\t\t\t\t\t\t\t\t\t\t\t<\/a>\n\t\t\t\t\t\t\t<a class=\"e-gallery-item elementor-gallery-item elementor-animated-content\" href=\"https:\/\/www.lichen.pl\/wp-content\/uploads\/2021\/07\/8-Dzien-z-bl.-Marianna-Biernacka-11-lipca-2021.jpg\" data-elementor-open-lightbox=\"yes\" data-elementor-lightbox-slideshow=\"d4a3ecc\" data-elementor-lightbox-title=\"Dzie\u0144 z b\u0142. Mariann\u0105 Biernack\u0105, 11 lipca 2021\" data-e-action-hash=\"#elementor-action%3Aaction%3Dlightbox%26settings%3DeyJpZCI6MTg5NjksInVybCI6Imh0dHBzOlwvXC93d3cubGljaGVuLnBsXC93cC1jb250ZW50XC91cGxvYWRzXC8yMDIxXC8wN1wvOC1Eemllbi16LWJsLi1NYXJpYW5uYS1CaWVybmFja2EtMTEtbGlwY2EtMjAyMS5qcGciLCJzbGlkZXNob3ciOiJkNGEzZWNjIn0%3D\">\n\t\t\t\t\t<div class=\"e-gallery-image elementor-gallery-item__image\" data-thumbnail=\"https:\/\/www.lichen.pl\/wp-content\/uploads\/2021\/07\/8-Dzien-z-bl.-Marianna-Biernacka-11-lipca-2021-225x300.jpg\" data-width=\"225\" data-height=\"300\" aria-label=\"\" role=\"img\" ><\/div>\n\t\t\t\t\t\t\t\t\t\t\t<div class=\"elementor-gallery-item__overlay\"><\/div>\n\t\t\t\t\t\t\t\t\t\t\t\t\t\t<\/a>\n\t\t\t\t\t\t\t<a class=\"e-gallery-item elementor-gallery-item elementor-animated-content\" href=\"https:\/\/www.lichen.pl\/wp-content\/uploads\/2021\/07\/11-Dzien-z-bl.-Marianna-Biernacka-11-lipca-2021.jpg\" data-elementor-open-lightbox=\"yes\" data-elementor-lightbox-slideshow=\"d4a3ecc\" data-elementor-lightbox-title=\"Dzie\u0144 z b\u0142. Mariann\u0105 Biernack\u0105, 11 lipca 2021\" data-e-action-hash=\"#elementor-action%3Aaction%3Dlightbox%26settings%3DeyJpZCI6MTg5ODQsInVybCI6Imh0dHBzOlwvXC93d3cubGljaGVuLnBsXC93cC1jb250ZW50XC91cGxvYWRzXC8yMDIxXC8wN1wvMTEtRHppZW4tei1ibC4tTWFyaWFubmEtQmllcm5hY2thLTExLWxpcGNhLTIwMjEuanBnIiwic2xpZGVzaG93IjoiZDRhM2VjYyJ9\">\n\t\t\t\t\t<div class=\"e-gallery-image elementor-gallery-item__image\" data-thumbnail=\"https:\/\/www.lichen.pl\/wp-content\/uploads\/2021\/07\/11-Dzien-z-bl.-Marianna-Biernacka-11-lipca-2021-225x300.jpg\" data-width=\"225\" data-height=\"300\" aria-label=\"\" role=\"img\" ><\/div>\n\t\t\t\t\t\t\t\t\t\t\t<div class=\"elementor-gallery-item__overlay\"><\/div>\n\t\t\t\t\t\t\t\t\t\t\t\t\t\t<\/a>\n\t\t\t\t\t\t\t<a class=\"e-gallery-item elementor-gallery-item elementor-animated-content\" href=\"https:\/\/www.lichen.pl\/wp-content\/uploads\/2021\/07\/2-Dzien-z-bl.-Marianna-Biernacka-11-lipca-2021.jpg\" data-elementor-open-lightbox=\"yes\" data-elementor-lightbox-slideshow=\"d4a3ecc\" data-elementor-lightbox-title=\"Dzie\u0144 z b\u0142. Mariann\u0105 Biernack\u0105, 11 lipca 2021\" data-e-action-hash=\"#elementor-action%3Aaction%3Dlightbox%26settings%3DeyJpZCI6MTg5MzksInVybCI6Imh0dHBzOlwvXC93d3cubGljaGVuLnBsXC93cC1jb250ZW50XC91cGxvYWRzXC8yMDIxXC8wN1wvMi1Eemllbi16LWJsLi1NYXJpYW5uYS1CaWVybmFja2EtMTEtbGlwY2EtMjAyMS5qcGciLCJzbGlkZXNob3ciOiJkNGEzZWNjIn0%3D\">\n\t\t\t\t\t<div class=\"e-gallery-image elementor-gallery-item__image\" data-thumbnail=\"https:\/\/www.lichen.pl\/wp-content\/uploads\/2021\/07\/2-Dzien-z-bl.-Marianna-Biernacka-11-lipca-2021-300x225.jpg\" data-width=\"300\" data-height=\"225\" aria-label=\"\" role=\"img\" ><\/div>\n\t\t\t\t\t\t\t\t\t\t\t<div class=\"elementor-gallery-item__overlay\"><\/div>\n\t\t\t\t\t\t\t\t\t\t\t\t\t\t<\/a>\n\t\t\t\t\t\t\t<a class=\"e-gallery-item elementor-gallery-item elementor-animated-content\" href=\"https:\/\/www.lichen.pl\/wp-content\/uploads\/2021\/07\/9-Dzien-z-bl.-Marianna-Biernacka-11-lipca-2021.jpg\" data-elementor-open-lightbox=\"yes\" data-elementor-lightbox-slideshow=\"d4a3ecc\" data-elementor-lightbox-title=\"Dzie\u0144 z b\u0142. Mariann\u0105 Biernack\u0105, 11 lipca 2021\" data-e-action-hash=\"#elementor-action%3Aaction%3Dlightbox%26settings%3DeyJpZCI6MTg5MjksInVybCI6Imh0dHBzOlwvXC93d3cubGljaGVuLnBsXC93cC1jb250ZW50XC91cGxvYWRzXC8yMDIxXC8wN1wvOS1Eemllbi16LWJsLi1NYXJpYW5uYS1CaWVybmFja2EtMTEtbGlwY2EtMjAyMS5qcGciLCJzbGlkZXNob3ciOiJkNGEzZWNjIn0%3D\">\n\t\t\t\t\t<div class=\"e-gallery-image elementor-gallery-item__image\" data-thumbnail=\"https:\/\/www.lichen.pl\/wp-content\/uploads\/2021\/07\/9-Dzien-z-bl.-Marianna-Biernacka-11-lipca-2021-225x300.jpg\" data-width=\"225\" data-height=\"300\" aria-label=\"\" role=\"img\" ><\/div>\n\t\t\t\t\t\t\t\t\t\t\t<div class=\"elementor-gallery-item__overlay\"><\/div>\n\t\t\t\t\t\t\t\t\t\t\t\t\t\t<\/a>\n\t\t\t\t\t\t\t<a class=\"e-gallery-item elementor-gallery-item elementor-animated-content\" href=\"https:\/\/www.lichen.pl\/wp-content\/uploads\/2021\/07\/18-Dzien-z-bl.-Marianna-Biernacka-11-lipca-2021.jpg\" data-elementor-open-lightbox=\"yes\" data-elementor-lightbox-slideshow=\"d4a3ecc\" data-elementor-lightbox-title=\"Dzie\u0144 z b\u0142. Mariann\u0105 Biernack\u0105, 11 lipca 2021\" data-e-action-hash=\"#elementor-action%3Aaction%3Dlightbox%26settings%3DeyJpZCI6MTkwMTksInVybCI6Imh0dHBzOlwvXC93d3cubGljaGVuLnBsXC93cC1jb250ZW50XC91cGxvYWRzXC8yMDIxXC8wN1wvMTgtRHppZW4tei1ibC4tTWFyaWFubmEtQmllcm5hY2thLTExLWxpcGNhLTIwMjEuanBnIiwic2xpZGVzaG93IjoiZDRhM2VjYyJ9\">\n\t\t\t\t\t<div class=\"e-gallery-image elementor-gallery-item__image\" data-thumbnail=\"https:\/\/www.lichen.pl\/wp-content\/uploads\/2021\/07\/18-Dzien-z-bl.-Marianna-Biernacka-11-lipca-2021-225x300.jpg\" data-width=\"225\" data-height=\"300\" aria-label=\"\" role=\"img\" ><\/div>\n\t\t\t\t\t\t\t\t\t\t\t<div class=\"elementor-gallery-item__overlay\"><\/div>\n\t\t\t\t\t\t\t\t\t\t\t\t\t\t<\/a>\n\t\t\t\t\t\t\t<a class=\"e-gallery-item elementor-gallery-item elementor-animated-content\" href=\"https:\/\/www.lichen.pl\/wp-content\/uploads\/2021\/07\/19-Dzien-z-bl.-Marianna-Biernacka-11-lipca-2021.jpg\" data-elementor-open-lightbox=\"yes\" data-elementor-lightbox-slideshow=\"d4a3ecc\" data-elementor-lightbox-title=\"Dzie\u0144 z b\u0142. Mariann\u0105 Biernack\u0105, 11 lipca 2021\" data-e-action-hash=\"#elementor-action%3Aaction%3Dlightbox%26settings%3DeyJpZCI6MTkwMjQsInVybCI6Imh0dHBzOlwvXC93d3cubGljaGVuLnBsXC93cC1jb250ZW50XC91cGxvYWRzXC8yMDIxXC8wN1wvMTktRHppZW4tei1ibC4tTWFyaWFubmEtQmllcm5hY2thLTExLWxpcGNhLTIwMjEuanBnIiwic2xpZGVzaG93IjoiZDRhM2VjYyJ9\">\n\t\t\t\t\t<div class=\"e-gallery-image elementor-gallery-item__image\" data-thumbnail=\"https:\/\/www.lichen.pl\/wp-content\/uploads\/2021\/07\/19-Dzien-z-bl.-Marianna-Biernacka-11-lipca-2021-225x300.jpg\" data-width=\"225\" data-height=\"300\" aria-label=\"\" role=\"img\" ><\/div>\n\t\t\t\t\t\t\t\t\t\t\t<div class=\"elementor-gallery-item__overlay\"><\/div>\n\t\t\t\t\t\t\t\t\t\t\t\t\t\t<\/a>\n\t\t\t\t\t\t\t<a class=\"e-gallery-item elementor-gallery-item elementor-animated-content\" href=\"https:\/\/www.lichen.pl\/wp-content\/uploads\/2021\/07\/16-Dzien-z-bl.-Marianna-Biernacka-11-lipca-2021.jpg\" data-elementor-open-lightbox=\"yes\" data-elementor-lightbox-slideshow=\"d4a3ecc\" data-elementor-lightbox-title=\"Dzie\u0144 z b\u0142. Mariann\u0105 Biernack\u0105, 11 lipca 2021\" data-e-action-hash=\"#elementor-action%3Aaction%3Dlightbox%26settings%3DeyJpZCI6MTkwMDksInVybCI6Imh0dHBzOlwvXC93d3cubGljaGVuLnBsXC93cC1jb250ZW50XC91cGxvYWRzXC8yMDIxXC8wN1wvMTYtRHppZW4tei1ibC4tTWFyaWFubmEtQmllcm5hY2thLTExLWxpcGNhLTIwMjEuanBnIiwic2xpZGVzaG93IjoiZDRhM2VjYyJ9\">\n\t\t\t\t\t<div class=\"e-gallery-image elementor-gallery-item__image\" data-thumbnail=\"https:\/\/www.lichen.pl\/wp-content\/uploads\/2021\/07\/16-Dzien-z-bl.-Marianna-Biernacka-11-lipca-2021-300x225.jpg\" data-width=\"300\" data-height=\"225\" aria-label=\"\" role=\"img\" ><\/div>\n\t\t\t\t\t\t\t\t\t\t\t<div class=\"elementor-gallery-item__overlay\"><\/div>\n\t\t\t\t\t\t\t\t\t\t\t\t\t\t<\/a>\n\t\t\t\t\t\t\t<a class=\"e-gallery-item elementor-gallery-item elementor-animated-content\" href=\"https:\/\/www.lichen.pl\/wp-content\/uploads\/2021\/07\/12-Dzien-z-bl.-Marianna-Biernacka-11-lipca-2021.jpg\" data-elementor-open-lightbox=\"yes\" data-elementor-lightbox-slideshow=\"d4a3ecc\" data-elementor-lightbox-title=\"Dzie\u0144 z b\u0142. Mariann\u0105 Biernack\u0105, 11 lipca 2021\" data-e-action-hash=\"#elementor-action%3Aaction%3Dlightbox%26settings%3DeyJpZCI6MTg5ODksInVybCI6Imh0dHBzOlwvXC93d3cubGljaGVuLnBsXC93cC1jb250ZW50XC91cGxvYWRzXC8yMDIxXC8wN1wvMTItRHppZW4tei1ibC4tTWFyaWFubmEtQmllcm5hY2thLTExLWxpcGNhLTIwMjEuanBnIiwic2xpZGVzaG93IjoiZDRhM2VjYyJ9\">\n\t\t\t\t\t<div class=\"e-gallery-image elementor-gallery-item__image\" data-thumbnail=\"https:\/\/www.lichen.pl\/wp-content\/uploads\/2021\/07\/12-Dzien-z-bl.-Marianna-Biernacka-11-lipca-2021-300x225.jpg\" data-width=\"300\" data-height=\"225\" aria-label=\"\" role=\"img\" ><\/div>\n\t\t\t\t\t\t\t\t\t\t\t<div class=\"elementor-gallery-item__overlay\"><\/div>\n\t\t\t\t\t\t\t\t\t\t\t\t\t\t<\/a>\n\t\t\t\t\t\t\t<a class=\"e-gallery-item elementor-gallery-item elementor-animated-content\" href=\"https:\/\/www.lichen.pl\/wp-content\/uploads\/2021\/07\/13-Dzien-z-bl.-Marianna-Biernacka-11-lipca-2021.jpg\" data-elementor-open-lightbox=\"yes\" data-elementor-lightbox-slideshow=\"d4a3ecc\" data-elementor-lightbox-title=\"13 Dzie\u0144 z b\u0142. Mariann\u0105 Biernack\u0105, 11 lipca 2021\" data-e-action-hash=\"#elementor-action%3Aaction%3Dlightbox%26settings%3DeyJpZCI6MTg5OTQsInVybCI6Imh0dHBzOlwvXC93d3cubGljaGVuLnBsXC93cC1jb250ZW50XC91cGxvYWRzXC8yMDIxXC8wN1wvMTMtRHppZW4tei1ibC4tTWFyaWFubmEtQmllcm5hY2thLTExLWxpcGNhLTIwMjEuanBnIiwic2xpZGVzaG93IjoiZDRhM2VjYyJ9\">\n\t\t\t\t\t<div class=\"e-gallery-image elementor-gallery-item__image\" data-thumbnail=\"https:\/\/www.lichen.pl\/wp-content\/uploads\/2021\/07\/13-Dzien-z-bl.-Marianna-Biernacka-11-lipca-2021-225x300.jpg\" data-width=\"225\" data-height=\"300\" aria-label=\"\" role=\"img\" ><\/div>\n\t\t\t\t\t\t\t\t\t\t\t<div class=\"elementor-gallery-item__overlay\"><\/div>\n\t\t\t\t\t\t\t\t\t\t\t\t\t\t<\/a>\n\t\t\t\t\t\t\t<a class=\"e-gallery-item elementor-gallery-item elementor-animated-content\" href=\"https:\/\/www.lichen.pl\/wp-content\/uploads\/2021\/07\/10-Dzien-z-bl.-Marianna-Biernacka-11-lipca-2021.jpg\" data-elementor-open-lightbox=\"yes\" data-elementor-lightbox-slideshow=\"d4a3ecc\" data-elementor-lightbox-title=\"Dzie\u0144 z b\u0142. Mariann\u0105 Biernack\u0105, 11 lipca 2021\" data-e-action-hash=\"#elementor-action%3Aaction%3Dlightbox%26settings%3DeyJpZCI6MTg5NzksInVybCI6Imh0dHBzOlwvXC93d3cubGljaGVuLnBsXC93cC1jb250ZW50XC91cGxvYWRzXC8yMDIxXC8wN1wvMTAtRHppZW4tei1ibC4tTWFyaWFubmEtQmllcm5hY2thLTExLWxpcGNhLTIwMjEuanBnIiwic2xpZGVzaG93IjoiZDRhM2VjYyJ9\">\n\t\t\t\t\t<div class=\"e-gallery-image elementor-gallery-item__image\" data-thumbnail=\"https:\/\/www.lichen.pl\/wp-content\/uploads\/2021\/07\/10-Dzien-z-bl.-Marianna-Biernacka-11-lipca-2021-300x225.jpg\" data-width=\"300\" data-height=\"225\" aria-label=\"\" role=\"img\" ><\/div>\n\t\t\t\t\t\t\t\t\t\t\t<div class=\"elementor-gallery-item__overlay\"><\/div>\n\t\t\t\t\t\t\t\t\t\t\t\t\t\t<\/a>\n\t\t\t\t\t\t\t<a class=\"e-gallery-item elementor-gallery-item elementor-animated-content\" href=\"https:\/\/www.lichen.pl\/wp-content\/uploads\/2021\/07\/15-Dzien-z-bl.-Marianna-Biernacka-11-lipca-2021.jpg\" data-elementor-open-lightbox=\"yes\" data-elementor-lightbox-slideshow=\"d4a3ecc\" data-elementor-lightbox-title=\"Dzie\u0144 z b\u0142. Mariann\u0105 Biernack\u0105, 11 lipca 2021\" data-e-action-hash=\"#elementor-action%3Aaction%3Dlightbox%26settings%3DeyJpZCI6MTkwMDQsInVybCI6Imh0dHBzOlwvXC93d3cubGljaGVuLnBsXC93cC1jb250ZW50XC91cGxvYWRzXC8yMDIxXC8wN1wvMTUtRHppZW4tei1ibC4tTWFyaWFubmEtQmllcm5hY2thLTExLWxpcGNhLTIwMjEuanBnIiwic2xpZGVzaG93IjoiZDRhM2VjYyJ9\">\n\t\t\t\t\t<div class=\"e-gallery-image elementor-gallery-item__image\" data-thumbnail=\"https:\/\/www.lichen.pl\/wp-content\/uploads\/2021\/07\/15-Dzien-z-bl.-Marianna-Biernacka-11-lipca-2021-300x225.jpg\" data-width=\"300\" data-height=\"225\" aria-label=\"\" role=\"img\" ><\/div>\n\t\t\t\t\t\t\t\t\t\t\t<div class=\"elementor-gallery-item__overlay\"><\/div>\n\t\t\t\t\t\t\t\t\t\t\t\t\t\t<\/a>\n\t\t\t\t\t\t\t<a class=\"e-gallery-item elementor-gallery-item elementor-animated-content\" href=\"https:\/\/www.lichen.pl\/wp-content\/uploads\/2021\/07\/4-Dzien-z-bl.-Marianna-Biernacka-11-lipca-2021.jpg\" data-elementor-open-lightbox=\"yes\" data-elementor-lightbox-slideshow=\"d4a3ecc\" data-elementor-lightbox-title=\"Dzie\u0144 z b\u0142. Mariann\u0105 Biernack\u0105, 11 lipca 2021\" data-e-action-hash=\"#elementor-action%3Aaction%3Dlightbox%26settings%3DeyJpZCI6MTg5NDksInVybCI6Imh0dHBzOlwvXC93d3cubGljaGVuLnBsXC93cC1jb250ZW50XC91cGxvYWRzXC8yMDIxXC8wN1wvNC1Eemllbi16LWJsLi1NYXJpYW5uYS1CaWVybmFja2EtMTEtbGlwY2EtMjAyMS5qcGciLCJzbGlkZXNob3ciOiJkNGEzZWNjIn0%3D\">\n\t\t\t\t\t<div class=\"e-gallery-image elementor-gallery-item__image\" data-thumbnail=\"https:\/\/www.lichen.pl\/wp-content\/uploads\/2021\/07\/4-Dzien-z-bl.-Marianna-Biernacka-11-lipca-2021-300x225.jpg\" data-width=\"300\" data-height=\"225\" aria-label=\"\" role=\"img\" ><\/div>\n\t\t\t\t\t\t\t\t\t\t\t<div class=\"elementor-gallery-item__overlay\"><\/div>\n\t\t\t\t\t\t\t\t\t\t\t\t\t\t<\/a>\n\t\t\t\t\t\t\t<a class=\"e-gallery-item elementor-gallery-item elementor-animated-content\" href=\"https:\/\/www.lichen.pl\/wp-content\/uploads\/2021\/07\/Bl.-Marianna-Biernacka-1.jpg\" data-elementor-open-lightbox=\"yes\" data-elementor-lightbox-slideshow=\"d4a3ecc\" data-elementor-lightbox-title=\"B\u0142. Marianna Biernacka\" data-e-action-hash=\"#elementor-action%3Aaction%3Dlightbox%26settings%3DeyJpZCI6MTg5MjQsInVybCI6Imh0dHBzOlwvXC93d3cubGljaGVuLnBsXC93cC1jb250ZW50XC91cGxvYWRzXC8yMDIxXC8wN1wvQmwuLU1hcmlhbm5hLUJpZXJuYWNrYS0xLmpwZyIsInNsaWRlc2hvdyI6ImQ0YTNlY2MifQ%3D%3D\">\n\t\t\t\t\t<div class=\"e-gallery-image elementor-gallery-item__image\" data-thumbnail=\"https:\/\/www.lichen.pl\/wp-content\/uploads\/2021\/07\/Bl.-Marianna-Biernacka-1-254x300.jpg\" data-width=\"254\" data-height=\"300\" aria-label=\"\" role=\"img\" ><\/div>\n\t\t\t\t\t\t\t\t\t\t\t<div class=\"elementor-gallery-item__overlay\"><\/div>\n\t\t\t\t\t\t\t\t\t\t\t\t\t\t<\/a>\n\t\t\t\t\t<\/div>\n\t\t\t\t\t<\/div>\n\t\t\t\t<\/div>\n\t\t\t\t\t<\/div>\n\t\t<\/div>\n\t\t\t\t\t<\/div>\n\t\t<\/section>\n\t\t\t\t<section class=\"elementor-section elementor-top-section elementor-element elementor-element-b347ca8 elementor-section-boxed elementor-section-height-default elementor-section-height-default\" data-id=\"b347ca8\" data-element_type=\"section\" data-e-type=\"section\">\n\t\t\t\t\t\t<div class=\"elementor-container elementor-column-gap-default\">\n\t\t\t\t\t<div class=\"elementor-column elementor-col-100 elementor-top-column elementor-element elementor-element-fcfac55\" data-id=\"fcfac55\" data-element_type=\"column\" data-e-type=\"column\">\n\t\t\t<div class=\"elementor-widget-wrap elementor-element-populated\">\n\t\t\t\t\t\t<div class=\"elementor-element elementor-element-5849356 elementor-widget elementor-widget-text-editor\" data-id=\"5849356\" data-element_type=\"widget\" data-e-type=\"widget\" data-widget_type=\"text-editor.default\">\n\t\t\t\t<div class=\"elementor-widget-container\">\n\t\t\t\t\t\t\t\t\t<p>Texte et photos : Service de presse du Sanctuaire<\/p>\t\t\t\t\t\t\t\t<\/div>\n\t\t\t\t<\/div>\n\t\t\t\t<div class=\"elementor-element elementor-element-15fef0b elementor-widget-divider--view-line elementor-widget elementor-widget-divider\" data-id=\"15fef0b\" data-element_type=\"widget\" data-e-type=\"widget\" data-widget_type=\"divider.default\">\n\t\t\t\t<div class=\"elementor-widget-container\">\n\t\t\t\t\t\t\t<div class=\"elementor-divider\">\n\t\t\t<span class=\"elementor-divider-separator\">\n\t\t\t\t\t\t<\/span>\n\t\t<\/div>\n\t\t\t\t\t\t<\/div>\n\t\t\t\t<\/div>\n\t\t\t\t\t<\/div>\n\t\t<\/div>\n\t\t\t\t\t<\/div>\n\t\t<\/section>\n\t\t\t\t<\/div>","protected":false},"excerpt":{"rendered":"<p>Dzie\u0144 z b\u0142. Mariann\u0105 Biernack\u0105, czyli Dzie\u0144 modlitw te\u015bciowych i synowych sta\u0142 si\u0119 w liche\u0144skim sanktuarium czasem troski o relacje rodzinne i rozpoznawanie powo\u0142ania B\u0142. Marianna Biernacka (1888 &#8211; 1943) B\u0142. Marianna, jedna ze 108 m\u0119czennik\u00f3w II wojny \u015bwiatowej, odda\u0142a \u017cycie za synow\u0105 Ann\u0119, kt\u00f3ra w zaawansowanej ci\u0105\u017cy zosta\u0142a zabrana do rozstrzelania podczas pacyfikacji Lipska [&hellip;]<\/p>\n","protected":false},"author":2,"featured_media":18911,"comment_status":"open","ping_status":"open","sticky":false,"template":"","format":"standard","meta":{"footnotes":""},"categories":[1],"tags":[],"class_list":["post-18910","post","type-post","status-publish","format-standard","has-post-thumbnail","hentry","category-aktualnosci","wpbf-post"],"yoast_head":"<!-- This site is optimized with the Yoast SEO plugin v27.4 - https:\/\/yoast.com\/product\/yoast-seo-wordpress\/ -->\n<title>Dzie\u0144 z b\u0142. Mariann\u0105 Biernack\u0105 - dzie\u0144 modlitw te\u015bciowych i synowych - SANKTUARIUM W LICHENIU<\/title>\n<meta name=\"robots\" content=\"index, follow, max-snippet:-1, max-image-preview:large, max-video-preview:-1\" \/>\n<link rel=\"canonical\" href=\"http:\/\/www.lichen.pl\/fr\/dzien-z-bl-marianna-biernacka-dzien-modlitw-tesciowych-i-synowych\/\" \/>\n<meta property=\"og:locale\" content=\"fr_FR\" \/>\n<meta property=\"og:type\" content=\"article\" \/>\n<meta property=\"og:title\" content=\"Dzie\u0144 z b\u0142. Mariann\u0105 Biernack\u0105 - dzie\u0144 modlitw te\u015bciowych i synowych - SANKTUARIUM W LICHENIU\" \/>\n<meta property=\"og:description\" content=\"Dzie\u0144 z b\u0142. Mariann\u0105 Biernack\u0105, czyli Dzie\u0144 modlitw te\u015bciowych i synowych sta\u0142 si\u0119 w liche\u0144skim sanktuarium czasem troski o relacje rodzinne i rozpoznawanie powo\u0142ania B\u0142. Marianna Biernacka (1888 &#8211; 1943) B\u0142. Marianna, jedna ze 108 m\u0119czennik\u00f3w II wojny \u015bwiatowej, odda\u0142a \u017cycie za synow\u0105 Ann\u0119, kt\u00f3ra w zaawansowanej ci\u0105\u017cy zosta\u0142a zabrana do rozstrzelania podczas pacyfikacji Lipska [&hellip;]\" \/>\n<meta property=\"og:url\" content=\"http:\/\/www.lichen.pl\/fr\/dzien-z-bl-marianna-biernacka-dzien-modlitw-tesciowych-i-synowych\/\" \/>\n<meta property=\"og:site_name\" content=\"SANKTUARIUM W LICHENIU\" \/>\n<meta property=\"article:published_time\" content=\"2021-07-11T18:51:03+00:00\" \/>\n<meta property=\"article:modified_time\" content=\"2021-07-20T15:54:47+00:00\" \/>\n<meta property=\"og:image\" content=\"http:\/\/www.lichen.pl\/wp-content\/uploads\/2021\/07\/Bl.-Marianna-Biernacka-kadr.jpg\" \/>\n\t<meta property=\"og:image:width\" content=\"1464\" \/>\n\t<meta property=\"og:image:height\" content=\"1069\" \/>\n\t<meta property=\"og:image:type\" content=\"image\/jpeg\" \/>\n<meta name=\"author\" content=\"Arkadiusz Gorgolewski\" \/>\n<meta name=\"twitter:card\" content=\"summary_large_image\" \/>\n<meta name=\"twitter:label1\" content=\"\u00c9crit par\" \/>\n\t<meta name=\"twitter:data1\" content=\"Arkadiusz Gorgolewski\" \/>\n\t<meta name=\"twitter:label2\" content=\"Dur\u00e9e de lecture estim\u00e9e\" \/>\n\t<meta name=\"twitter:data2\" content=\"3 minutes\" \/>\n<script type=\"application\/ld+json\" class=\"yoast-schema-graph\">{\"@context\":\"https:\\\/\\\/schema.org\",\"@graph\":[{\"@type\":\"Article\",\"@id\":\"http:\\\/\\\/www.lichen.pl\\\/fr\\\/dzien-z-bl-marianna-biernacka-dzien-modlitw-tesciowych-i-synowych\\\/#article\",\"isPartOf\":{\"@id\":\"http:\\\/\\\/www.lichen.pl\\\/fr\\\/dzien-z-bl-marianna-biernacka-dzien-modlitw-tesciowych-i-synowych\\\/\"},\"author\":{\"name\":\"Arkadiusz Gorgolewski\",\"@id\":\"https:\\\/\\\/www.lichen.pl\\\/fr\\\/#\\\/schema\\\/person\\\/56fc5b38d70a2b34983408f9a457fd9d\"},\"headline\":\"Dzie\u0144 z b\u0142. Mariann\u0105 Biernack\u0105 &#8211; dzie\u0144 modlitw te\u015bciowych i synowych\",\"datePublished\":\"2021-07-11T18:51:03+00:00\",\"dateModified\":\"2021-07-20T15:54:47+00:00\",\"mainEntityOfPage\":{\"@id\":\"http:\\\/\\\/www.lichen.pl\\\/fr\\\/dzien-z-bl-marianna-biernacka-dzien-modlitw-tesciowych-i-synowych\\\/\"},\"wordCount\":639,\"commentCount\":0,\"image\":{\"@id\":\"http:\\\/\\\/www.lichen.pl\\\/fr\\\/dzien-z-bl-marianna-biernacka-dzien-modlitw-tesciowych-i-synowych\\\/#primaryimage\"},\"thumbnailUrl\":\"https:\\\/\\\/www.lichen.pl\\\/wp-content\\\/uploads\\\/2021\\\/07\\\/Bl.-Marianna-Biernacka-kadr.jpg\",\"articleSection\":[\"Aktualno\u015bci\"],\"inLanguage\":\"fr-FR\",\"potentialAction\":[{\"@type\":\"CommentAction\",\"name\":\"Comment\",\"target\":[\"http:\\\/\\\/www.lichen.pl\\\/fr\\\/dzien-z-bl-marianna-biernacka-dzien-modlitw-tesciowych-i-synowych\\\/#respond\"]}]},{\"@type\":\"WebPage\",\"@id\":\"http:\\\/\\\/www.lichen.pl\\\/fr\\\/dzien-z-bl-marianna-biernacka-dzien-modlitw-tesciowych-i-synowych\\\/\",\"url\":\"http:\\\/\\\/www.lichen.pl\\\/fr\\\/dzien-z-bl-marianna-biernacka-dzien-modlitw-tesciowych-i-synowych\\\/\",\"name\":\"Dzie\u0144 z b\u0142. Mariann\u0105 Biernack\u0105 - dzie\u0144 modlitw te\u015bciowych i synowych - SANKTUARIUM W LICHENIU\",\"isPartOf\":{\"@id\":\"https:\\\/\\\/www.lichen.pl\\\/fr\\\/#website\"},\"primaryImageOfPage\":{\"@id\":\"http:\\\/\\\/www.lichen.pl\\\/fr\\\/dzien-z-bl-marianna-biernacka-dzien-modlitw-tesciowych-i-synowych\\\/#primaryimage\"},\"image\":{\"@id\":\"http:\\\/\\\/www.lichen.pl\\\/fr\\\/dzien-z-bl-marianna-biernacka-dzien-modlitw-tesciowych-i-synowych\\\/#primaryimage\"},\"thumbnailUrl\":\"https:\\\/\\\/www.lichen.pl\\\/wp-content\\\/uploads\\\/2021\\\/07\\\/Bl.-Marianna-Biernacka-kadr.jpg\",\"datePublished\":\"2021-07-11T18:51:03+00:00\",\"dateModified\":\"2021-07-20T15:54:47+00:00\",\"author\":{\"@id\":\"https:\\\/\\\/www.lichen.pl\\\/fr\\\/#\\\/schema\\\/person\\\/56fc5b38d70a2b34983408f9a457fd9d\"},\"breadcrumb\":{\"@id\":\"http:\\\/\\\/www.lichen.pl\\\/fr\\\/dzien-z-bl-marianna-biernacka-dzien-modlitw-tesciowych-i-synowych\\\/#breadcrumb\"},\"inLanguage\":\"fr-FR\",\"potentialAction\":[{\"@type\":\"ReadAction\",\"target\":[\"http:\\\/\\\/www.lichen.pl\\\/fr\\\/dzien-z-bl-marianna-biernacka-dzien-modlitw-tesciowych-i-synowych\\\/\"]}]},{\"@type\":\"ImageObject\",\"inLanguage\":\"fr-FR\",\"@id\":\"http:\\\/\\\/www.lichen.pl\\\/fr\\\/dzien-z-bl-marianna-biernacka-dzien-modlitw-tesciowych-i-synowych\\\/#primaryimage\",\"url\":\"https:\\\/\\\/www.lichen.pl\\\/wp-content\\\/uploads\\\/2021\\\/07\\\/Bl.-Marianna-Biernacka-kadr.jpg\",\"contentUrl\":\"https:\\\/\\\/www.lichen.pl\\\/wp-content\\\/uploads\\\/2021\\\/07\\\/Bl.-Marianna-Biernacka-kadr.jpg\",\"width\":1464,\"height\":1069,\"caption\":\"Dzie\u0144 z b\u0142. Mariann\u0105 Biernack\u0105, 11 lipca 2021\"},{\"@type\":\"BreadcrumbList\",\"@id\":\"http:\\\/\\\/www.lichen.pl\\\/fr\\\/dzien-z-bl-marianna-biernacka-dzien-modlitw-tesciowych-i-synowych\\\/#breadcrumb\",\"itemListElement\":[{\"@type\":\"ListItem\",\"position\":1,\"name\":\"Strona g\u0142\u00f3wna\",\"item\":\"https:\\\/\\\/www.lichen.pl\\\/\"},{\"@type\":\"ListItem\",\"position\":2,\"name\":\"Dzie\u0144 z b\u0142. Mariann\u0105 Biernack\u0105 &#8211; dzie\u0144 modlitw te\u015bciowych i synowych\"}]},{\"@type\":\"WebSite\",\"@id\":\"https:\\\/\\\/www.lichen.pl\\\/fr\\\/#website\",\"url\":\"https:\\\/\\\/www.lichen.pl\\\/fr\\\/\",\"name\":\"SANKTUARIUM W LICHENIU\",\"description\":\"MATKI BO\u017bEJ LICHE\u0143SKIEJ BOLESNEJ KR\u00d3LOWEJ POLSKI\",\"potentialAction\":[{\"@type\":\"SearchAction\",\"target\":{\"@type\":\"EntryPoint\",\"urlTemplate\":\"https:\\\/\\\/www.lichen.pl\\\/fr\\\/?s={search_term_string}\"},\"query-input\":{\"@type\":\"PropertyValueSpecification\",\"valueRequired\":true,\"valueName\":\"search_term_string\"}}],\"inLanguage\":\"fr-FR\"},{\"@type\":\"Person\",\"@id\":\"https:\\\/\\\/www.lichen.pl\\\/fr\\\/#\\\/schema\\\/person\\\/56fc5b38d70a2b34983408f9a457fd9d\",\"name\":\"Arkadiusz Gorgolewski\",\"image\":{\"@type\":\"ImageObject\",\"inLanguage\":\"fr-FR\",\"@id\":\"https:\\\/\\\/secure.gravatar.com\\\/avatar\\\/0f571b370f5aa245b1fd3b9c945511b004fe17579bdefd5054d99f0ba315149c?s=96&d=retro&r=g\",\"url\":\"https:\\\/\\\/secure.gravatar.com\\\/avatar\\\/0f571b370f5aa245b1fd3b9c945511b004fe17579bdefd5054d99f0ba315149c?s=96&d=retro&r=g\",\"contentUrl\":\"https:\\\/\\\/secure.gravatar.com\\\/avatar\\\/0f571b370f5aa245b1fd3b9c945511b004fe17579bdefd5054d99f0ba315149c?s=96&d=retro&r=g\",\"caption\":\"Arkadiusz Gorgolewski\"},\"url\":\"https:\\\/\\\/www.lichen.pl\\\/fr\\\/author\\\/sanadmin\\\/\"}]}<\/script>\n<!-- \/ Yoast SEO plugin. -->","yoast_head_json":{"title":"Dzie\u0144 z b\u0142. Mariann\u0105 Biernack\u0105 - dzie\u0144 modlitw te\u015bciowych i synowych - SANKTUARIUM W LICHENIU","robots":{"index":"index","follow":"follow","max-snippet":"max-snippet:-1","max-image-preview":"max-image-preview:large","max-video-preview":"max-video-preview:-1"},"canonical":"http:\/\/www.lichen.pl\/fr\/dzien-z-bl-marianna-biernacka-dzien-modlitw-tesciowych-i-synowych\/","og_locale":"fr_FR","og_type":"article","og_title":"Dzie\u0144 z b\u0142. Mariann\u0105 Biernack\u0105 - dzie\u0144 modlitw te\u015bciowych i synowych - SANKTUARIUM W LICHENIU","og_description":"Dzie\u0144 z b\u0142. Mariann\u0105 Biernack\u0105, czyli Dzie\u0144 modlitw te\u015bciowych i synowych sta\u0142 si\u0119 w liche\u0144skim sanktuarium czasem troski o relacje rodzinne i rozpoznawanie powo\u0142ania B\u0142. Marianna Biernacka (1888 &#8211; 1943) B\u0142. Marianna, jedna ze 108 m\u0119czennik\u00f3w II wojny \u015bwiatowej, odda\u0142a \u017cycie za synow\u0105 Ann\u0119, kt\u00f3ra w zaawansowanej ci\u0105\u017cy zosta\u0142a zabrana do rozstrzelania podczas pacyfikacji Lipska [&hellip;]","og_url":"http:\/\/www.lichen.pl\/fr\/dzien-z-bl-marianna-biernacka-dzien-modlitw-tesciowych-i-synowych\/","og_site_name":"SANKTUARIUM W LICHENIU","article_published_time":"2021-07-11T18:51:03+00:00","article_modified_time":"2021-07-20T15:54:47+00:00","og_image":[{"width":1464,"height":1069,"url":"http:\/\/www.lichen.pl\/wp-content\/uploads\/2021\/07\/Bl.-Marianna-Biernacka-kadr.jpg","type":"image\/jpeg"}],"author":"Arkadiusz Gorgolewski","twitter_card":"summary_large_image","twitter_misc":{"\u00c9crit par":"Arkadiusz Gorgolewski","Dur\u00e9e de lecture estim\u00e9e":"3 minutes"},"schema":{"@context":"https:\/\/schema.org","@graph":[{"@type":"Article","@id":"http:\/\/www.lichen.pl\/fr\/dzien-z-bl-marianna-biernacka-dzien-modlitw-tesciowych-i-synowych\/#article","isPartOf":{"@id":"http:\/\/www.lichen.pl\/fr\/dzien-z-bl-marianna-biernacka-dzien-modlitw-tesciowych-i-synowych\/"},"author":{"name":"Arkadiusz Gorgolewski","@id":"https:\/\/www.lichen.pl\/fr\/#\/schema\/person\/56fc5b38d70a2b34983408f9a457fd9d"},"headline":"Dzie\u0144 z b\u0142. Mariann\u0105 Biernack\u0105 &#8211; dzie\u0144 modlitw te\u015bciowych i synowych","datePublished":"2021-07-11T18:51:03+00:00","dateModified":"2021-07-20T15:54:47+00:00","mainEntityOfPage":{"@id":"http:\/\/www.lichen.pl\/fr\/dzien-z-bl-marianna-biernacka-dzien-modlitw-tesciowych-i-synowych\/"},"wordCount":639,"commentCount":0,"image":{"@id":"http:\/\/www.lichen.pl\/fr\/dzien-z-bl-marianna-biernacka-dzien-modlitw-tesciowych-i-synowych\/#primaryimage"},"thumbnailUrl":"https:\/\/www.lichen.pl\/wp-content\/uploads\/2021\/07\/Bl.-Marianna-Biernacka-kadr.jpg","articleSection":["Aktualno\u015bci"],"inLanguage":"fr-FR","potentialAction":[{"@type":"CommentAction","name":"Comment","target":["http:\/\/www.lichen.pl\/fr\/dzien-z-bl-marianna-biernacka-dzien-modlitw-tesciowych-i-synowych\/#respond"]}]},{"@type":"WebPage","@id":"http:\/\/www.lichen.pl\/fr\/dzien-z-bl-marianna-biernacka-dzien-modlitw-tesciowych-i-synowych\/","url":"http:\/\/www.lichen.pl\/fr\/dzien-z-bl-marianna-biernacka-dzien-modlitw-tesciowych-i-synowych\/","name":"Dzie\u0144 z b\u0142. Mariann\u0105 Biernack\u0105 - dzie\u0144 modlitw te\u015bciowych i synowych - SANKTUARIUM W LICHENIU","isPartOf":{"@id":"https:\/\/www.lichen.pl\/fr\/#website"},"primaryImageOfPage":{"@id":"http:\/\/www.lichen.pl\/fr\/dzien-z-bl-marianna-biernacka-dzien-modlitw-tesciowych-i-synowych\/#primaryimage"},"image":{"@id":"http:\/\/www.lichen.pl\/fr\/dzien-z-bl-marianna-biernacka-dzien-modlitw-tesciowych-i-synowych\/#primaryimage"},"thumbnailUrl":"https:\/\/www.lichen.pl\/wp-content\/uploads\/2021\/07\/Bl.-Marianna-Biernacka-kadr.jpg","datePublished":"2021-07-11T18:51:03+00:00","dateModified":"2021-07-20T15:54:47+00:00","author":{"@id":"https:\/\/www.lichen.pl\/fr\/#\/schema\/person\/56fc5b38d70a2b34983408f9a457fd9d"},"breadcrumb":{"@id":"http:\/\/www.lichen.pl\/fr\/dzien-z-bl-marianna-biernacka-dzien-modlitw-tesciowych-i-synowych\/#breadcrumb"},"inLanguage":"fr-FR","potentialAction":[{"@type":"ReadAction","target":["http:\/\/www.lichen.pl\/fr\/dzien-z-bl-marianna-biernacka-dzien-modlitw-tesciowych-i-synowych\/"]}]},{"@type":"ImageObject","inLanguage":"fr-FR","@id":"http:\/\/www.lichen.pl\/fr\/dzien-z-bl-marianna-biernacka-dzien-modlitw-tesciowych-i-synowych\/#primaryimage","url":"https:\/\/www.lichen.pl\/wp-content\/uploads\/2021\/07\/Bl.-Marianna-Biernacka-kadr.jpg","contentUrl":"https:\/\/www.lichen.pl\/wp-content\/uploads\/2021\/07\/Bl.-Marianna-Biernacka-kadr.jpg","width":1464,"height":1069,"caption":"Dzie\u0144 z b\u0142. Mariann\u0105 Biernack\u0105, 11 lipca 2021"},{"@type":"BreadcrumbList","@id":"http:\/\/www.lichen.pl\/fr\/dzien-z-bl-marianna-biernacka-dzien-modlitw-tesciowych-i-synowych\/#breadcrumb","itemListElement":[{"@type":"ListItem","position":1,"name":"Strona g\u0142\u00f3wna","item":"https:\/\/www.lichen.pl\/"},{"@type":"ListItem","position":2,"name":"Dzie\u0144 z b\u0142. Mariann\u0105 Biernack\u0105 &#8211; dzie\u0144 modlitw te\u015bciowych i synowych"}]},{"@type":"WebSite","@id":"https:\/\/www.lichen.pl\/fr\/#website","url":"https:\/\/www.lichen.pl\/fr\/","name":"SANCTUAIRE EN LICHENIE","description":"LA MAUVAISE REINE DE POLOGNE DE NOTRE LICHEN","potentialAction":[{"@type":"SearchAction","target":{"@type":"EntryPoint","urlTemplate":"https:\/\/www.lichen.pl\/fr\/?s={search_term_string}"},"query-input":{"@type":"PropertyValueSpecification","valueRequired":true,"valueName":"search_term_string"}}],"inLanguage":"fr-FR"},{"@type":"Person","@id":"https:\/\/www.lichen.pl\/fr\/#\/schema\/person\/56fc5b38d70a2b34983408f9a457fd9d","name":"Arkadiusz Gorgolewski","image":{"@type":"ImageObject","inLanguage":"fr-FR","@id":"https:\/\/secure.gravatar.com\/avatar\/0f571b370f5aa245b1fd3b9c945511b004fe17579bdefd5054d99f0ba315149c?s=96&d=retro&r=g","url":"https:\/\/secure.gravatar.com\/avatar\/0f571b370f5aa245b1fd3b9c945511b004fe17579bdefd5054d99f0ba315149c?s=96&d=retro&r=g","contentUrl":"https:\/\/secure.gravatar.com\/avatar\/0f571b370f5aa245b1fd3b9c945511b004fe17579bdefd5054d99f0ba315149c?s=96&d=retro&r=g","caption":"Arkadiusz Gorgolewski"},"url":"https:\/\/www.lichen.pl\/fr\/author\/sanadmin\/"}]}},"_links":{"self":[{"href":"https:\/\/www.lichen.pl\/fr\/wp-json\/wp\/v2\/posts\/18910","targetHints":{"allow":["GET"]}}],"collection":[{"href":"https:\/\/www.lichen.pl\/fr\/wp-json\/wp\/v2\/posts"}],"about":[{"href":"https:\/\/www.lichen.pl\/fr\/wp-json\/wp\/v2\/types\/post"}],"author":[{"embeddable":true,"href":"https:\/\/www.lichen.pl\/fr\/wp-json\/wp\/v2\/users\/2"}],"replies":[{"embeddable":true,"href":"https:\/\/www.lichen.pl\/fr\/wp-json\/wp\/v2\/comments?post=18910"}],"version-history":[{"count":12,"href":"https:\/\/www.lichen.pl\/fr\/wp-json\/wp\/v2\/posts\/18910\/revisions"}],"predecessor-version":[{"id":19925,"href":"https:\/\/www.lichen.pl\/fr\/wp-json\/wp\/v2\/posts\/18910\/revisions\/19925"}],"wp:featuredmedia":[{"embeddable":true,"href":"https:\/\/www.lichen.pl\/fr\/wp-json\/wp\/v2\/media\/18911"}],"wp:attachment":[{"href":"https:\/\/www.lichen.pl\/fr\/wp-json\/wp\/v2\/media?parent=18910"}],"wp:term":[{"taxonomy":"category","embeddable":true,"href":"https:\/\/www.lichen.pl\/fr\/wp-json\/wp\/v2\/categories?post=18910"},{"taxonomy":"post_tag","embeddable":true,"href":"https:\/\/www.lichen.pl\/fr\/wp-json\/wp\/v2\/tags?post=18910"}],"curies":[{"name":"wp","href":"https:\/\/api.w.org\/{rel}","templated":true}]}}