{"id":2110,"date":"2020-08-11T07:08:21","date_gmt":"2020-08-11T07:08:21","guid":{"rendered":"http:\/\/www.lichen.pl\/koncertowa-niedziela-w-licheniu-copy\/"},"modified":"2021-06-17T09:28:32","modified_gmt":"2021-06-17T09:28:32","slug":"koncert-improwizacji-w-seifena-basilica-sonans-lichen-2020","status":"publish","type":"post","link":"https:\/\/www.lichen.pl\/fr\/koncert-improwizacji-w-seifena-basilica-sonans-lichen-2020\/","title":{"rendered":"Concert d&#039;improvisation de Wolfgang Seifen - Basilica Sonans, Liche\u0144 2020"},"content":{"rendered":"<div data-elementor-type=\"wp-post\" data-elementor-id=\"2110\" class=\"elementor elementor-2110\" data-elementor-post-type=\"post\">\n\t\t\t\t\t\t<section class=\"elementor-section elementor-top-section elementor-element elementor-element-dcc57a2 elementor-section-boxed elementor-section-height-default elementor-section-height-default\" data-id=\"dcc57a2\" data-element_type=\"section\" data-e-type=\"section\">\n\t\t\t\t\t\t<div class=\"elementor-container elementor-column-gap-default\">\n\t\t\t\t\t<div class=\"elementor-column elementor-col-100 elementor-top-column elementor-element elementor-element-1e909ff1\" data-id=\"1e909ff1\" data-element_type=\"column\" data-e-type=\"column\">\n\t\t\t<div class=\"elementor-widget-wrap elementor-element-populated\">\n\t\t\t\t\t\t<div class=\"elementor-element elementor-element-350c1ea elementor-widget elementor-widget-heading\" data-id=\"350c1ea\" data-element_type=\"widget\" data-e-type=\"widget\" data-widget_type=\"heading.default\">\n\t\t\t\t<div class=\"elementor-widget-container\">\n\t\t\t\t\t<h2 class=\"elementor-heading-title elementor-size-default\">Ma\u00eetre d&#039;improvisation, prof. Wolfgang Seifen, ma\u00eetre de conf\u00e9rences \u00e0 l&#039;Universit\u00e9 des Beaux-Arts de Berlin, donnera un concert dans la basilique de Lichen. Le r\u00e9cital sera disponible lors du 2\u00e8me Festival International Lichen de Musique d&#039;Orgue &quot;Basilica Sonans&quot; le dimanche 16 ao\u00fbt prochain<\/h2>\t\t\t\t<\/div>\n\t\t\t\t<\/div>\n\t\t\t\t<div class=\"elementor-element elementor-element-22b8a0c elementor-widget elementor-widget-spacer\" data-id=\"22b8a0c\" data-element_type=\"widget\" data-e-type=\"widget\" data-widget_type=\"spacer.default\">\n\t\t\t\t<div class=\"elementor-widget-container\">\n\t\t\t\t\t\t\t<div class=\"elementor-spacer\">\n\t\t\t<div class=\"elementor-spacer-inner\"><\/div>\n\t\t<\/div>\n\t\t\t\t\t\t<\/div>\n\t\t\t\t<\/div>\n\t\t\t\t<section class=\"elementor-section elementor-inner-section elementor-element elementor-element-fd2619c elementor-section-boxed elementor-section-height-default elementor-section-height-default\" data-id=\"fd2619c\" data-element_type=\"section\" data-e-type=\"section\">\n\t\t\t\t\t\t<div class=\"elementor-container elementor-column-gap-default\">\n\t\t\t\t\t<div class=\"elementor-column elementor-col-50 elementor-inner-column elementor-element elementor-element-143926f\" data-id=\"143926f\" data-element_type=\"column\" data-e-type=\"column\">\n\t\t\t<div class=\"elementor-widget-wrap elementor-element-populated\">\n\t\t\t\t\t\t<div class=\"elementor-element elementor-element-442a123 elementor-widget elementor-widget-image\" data-id=\"442a123\" data-element_type=\"widget\" data-e-type=\"widget\" data-widget_type=\"image.default\">\n\t\t\t\t<div class=\"elementor-widget-container\">\n\t\t\t\t\t\t\t\t\t\t\t\t\t\t\t<img fetchpriority=\"high\" decoding=\"async\" width=\"768\" height=\"1114\" src=\"https:\/\/www.lichen.pl\/wp-content\/uploads\/2020\/08\/Wolfgang-Seifen-pion-Copy-768x1114.jpg\" class=\"attachment-medium_large size-medium_large wp-image-2117\" alt=\"\" srcset=\"https:\/\/www.lichen.pl\/wp-content\/uploads\/2020\/08\/Wolfgang-Seifen-pion-Copy-768x1114.jpg 768w, https:\/\/www.lichen.pl\/wp-content\/uploads\/2020\/08\/Wolfgang-Seifen-pion-Copy-800x1161.jpg 800w, https:\/\/www.lichen.pl\/wp-content\/uploads\/2020\/08\/Wolfgang-Seifen-pion-Copy-207x300.jpg 207w, https:\/\/www.lichen.pl\/wp-content\/uploads\/2020\/08\/Wolfgang-Seifen-pion-Copy-706x1024.jpg 706w, https:\/\/www.lichen.pl\/wp-content\/uploads\/2020\/08\/Wolfgang-Seifen-pion-Copy-1059x1536.jpg 1059w, https:\/\/www.lichen.pl\/wp-content\/uploads\/2020\/08\/Wolfgang-Seifen-pion-Copy.jpg 882w\" sizes=\"(max-width: 768px) 100vw, 768px\" \/>\t\t\t\t\t\t\t\t\t\t\t\t\t\t\t<\/div>\n\t\t\t\t<\/div>\n\t\t\t\t\t<\/div>\n\t\t<\/div>\n\t\t\t\t<div class=\"elementor-column elementor-col-50 elementor-inner-column elementor-element elementor-element-c3fdca5\" data-id=\"c3fdca5\" data-element_type=\"column\" data-e-type=\"column\">\n\t\t\t<div class=\"elementor-widget-wrap elementor-element-populated\">\n\t\t\t\t\t\t<div class=\"elementor-element elementor-element-644e912 elementor-widget elementor-widget-text-editor\" data-id=\"644e912\" data-element_type=\"widget\" data-e-type=\"widget\" data-widget_type=\"text-editor.default\">\n\t\t\t\t<div class=\"elementor-widget-container\">\n\t\t\t\t\t\t\t\t\t<p>L&#039;organiste et compositeur allemand pr\u00e9sentera des improvisations de styles vari\u00e9s sur des th\u00e8mes de chants mariaux polonais, faisant principalement r\u00e9f\u00e9rence \u00e0 Notre-Dame de Liche\u0144. Concert \u00e0 l&#039;orgue de la basilique de Liche\u0144 st. Jean-Paul II commencera \u00e0 14h30. L&#039;\u00e9v\u00e9nement sera \u00e9galement diffus\u00e9 dans les m\u00e9dias du sanctuaire (Facebook, cha\u00eene YouTube et www.lichen.pl).<\/p><p>Wolfgang Seifen a re\u00e7u sa premi\u00e8re formation musicale au Regensburger Domspatzen, puis a \u00e9tudi\u00e9 la musique d&#039;\u00e9glise \u00e0 Aix-la-Chapelle. Dans les ann\u00e9es 1983-2000, il a \u00e9t\u00e9 organiste, chef de ch\u0153ur et orchestre de la basilique papale Sainte-Marie \u00e0 Kevelaer, en Allemagne. Il a enseign\u00e9 l&#039;orgue, l&#039;improvisation et le jeu liturgique \u00e0 l&#039;\u00c9cole sup\u00e9rieure de musique de Stuttgart (1989-92), puis \u00e0 D\u00fcsseldorf (1989-2000), o\u00f9 il a re\u00e7u le titre de professeur honoraire. Depuis 2000, il est professeur d&#039;improvisation et de jeu liturgique \u00e0 l&#039;Universit\u00e9 des Arts (UDK) de Berlin. En 2004, il est nomm\u00e9 organiste titulaire de la Kaiser-Wilhelm-Ged\u00e4chtniskirche de Berlin. Co-fondateur de l&#039;Acad\u00e9mie internationale d&#039;improvisation d&#039;orgue \u00e0 Altenburg. En 2006, il a particip\u00e9 \u00e0 la cr\u00e9ation de la composition Missa Solemnis &quot;Tu es Petrus&quot; pour orchestre, ch\u0153ur et orgue pour le pape Beno\u00eet XVI \u00e0 l&#039;occasion de son 80e anniversaire.<\/p><p>Lichen Stary, 11 ao\u00fbt 2020<\/p>\t\t\t\t\t\t\t\t<\/div>\n\t\t\t\t<\/div>\n\t\t\t\t\t<\/div>\n\t\t<\/div>\n\t\t\t\t\t<\/div>\n\t\t<\/section>\n\t\t\t\t<div class=\"elementor-element elementor-element-12eb3fe elementor-widget elementor-widget-text-editor\" data-id=\"12eb3fe\" data-element_type=\"widget\" data-e-type=\"widget\" data-widget_type=\"text-editor.default\">\n\t\t\t\t<div class=\"elementor-widget-container\">\n\t\t\t\t\t\t\t\t\t<p>Texte : Justyna Zacharek, Bureau de presse du Sanctuaire<\/p>\t\t\t\t\t\t\t\t<\/div>\n\t\t\t\t<\/div>\n\t\t\t\t<div class=\"elementor-element elementor-element-9f2b3df elementor-widget-divider--view-line elementor-widget elementor-widget-divider\" data-id=\"9f2b3df\" data-element_type=\"widget\" data-e-type=\"widget\" data-widget_type=\"divider.default\">\n\t\t\t\t<div class=\"elementor-widget-container\">\n\t\t\t\t\t\t\t<div class=\"elementor-divider\">\n\t\t\t<span class=\"elementor-divider-separator\">\n\t\t\t\t\t\t<\/span>\n\t\t<\/div>\n\t\t\t\t\t\t<\/div>\n\t\t\t\t<\/div>\n\t\t\t\t\t<\/div>\n\t\t<\/div>\n\t\t\t\t\t<\/div>\n\t\t<\/section>\n\t\t\t\t<\/div>","protected":false},"excerpt":{"rendered":"<p>Mistrz improwizacji, prof. Wolfgang Seifen, wyk\u0142adowca Uniwersytetu Sztuk Pi\u0119knych w Berlinie, zagra koncert w liche\u0144skiej bazylice. Recitalu b\u0119dzie mo\u017cna wys\u0142ucha\u0107 podczas II Mi\u0119dzynarodowego Liche\u0144skiego Festiwalu Muzyki Organowej \u201eBasilica Sonans\u201d w najbli\u017csz\u0105 niedziel\u0119, 16 sierpnia Niemiecki organista i kompozytor zaprezentuje improwizacje w r\u00f3\u017cnych stylach na tematy polskich pie\u015bni maryjnych, g\u0142\u00f3wnie nawi\u0105zuj\u0105cych do Matki Bo\u017cej Liche\u0144skiej. Koncert [&hellip;]<\/p>\n","protected":false},"author":2,"featured_media":2111,"comment_status":"open","ping_status":"open","sticky":false,"template":"","format":"standard","meta":{"footnotes":""},"categories":[1],"tags":[],"class_list":["post-2110","post","type-post","status-publish","format-standard","has-post-thumbnail","hentry","category-aktualnosci","wpbf-post"],"yoast_head":"<!-- This site is optimized with the Yoast SEO plugin v27.4 - https:\/\/yoast.com\/product\/yoast-seo-wordpress\/ -->\n<title>Koncert improwizacji Wolfganga Seifena - Basilica Sonans, Liche\u0144 2020 - SANKTUARIUM W LICHENIU<\/title>\n<meta name=\"robots\" content=\"index, follow, max-snippet:-1, max-image-preview:large, max-video-preview:-1\" \/>\n<link rel=\"canonical\" href=\"https:\/\/www.lichen.pl\/fr\/koncert-improwizacji-w-seifena-basilica-sonans-lichen-2020\/\" \/>\n<meta property=\"og:locale\" content=\"fr_FR\" \/>\n<meta property=\"og:type\" content=\"article\" \/>\n<meta property=\"og:title\" content=\"Koncert improwizacji Wolfganga Seifena - Basilica Sonans, Liche\u0144 2020 - SANKTUARIUM W LICHENIU\" \/>\n<meta property=\"og:description\" content=\"Mistrz improwizacji, prof. Wolfgang Seifen, wyk\u0142adowca Uniwersytetu Sztuk Pi\u0119knych w Berlinie, zagra koncert w liche\u0144skiej bazylice. Recitalu b\u0119dzie mo\u017cna wys\u0142ucha\u0107 podczas II Mi\u0119dzynarodowego Liche\u0144skiego Festiwalu Muzyki Organowej \u201eBasilica Sonans\u201d w najbli\u017csz\u0105 niedziel\u0119, 16 sierpnia Niemiecki organista i kompozytor zaprezentuje improwizacje w r\u00f3\u017cnych stylach na tematy polskich pie\u015bni maryjnych, g\u0142\u00f3wnie nawi\u0105zuj\u0105cych do Matki Bo\u017cej Liche\u0144skiej. Koncert [&hellip;]\" \/>\n<meta property=\"og:url\" content=\"https:\/\/www.lichen.pl\/fr\/koncert-improwizacji-w-seifena-basilica-sonans-lichen-2020\/\" \/>\n<meta property=\"og:site_name\" content=\"SANKTUARIUM W LICHENIU\" \/>\n<meta property=\"article:published_time\" content=\"2020-08-11T07:08:21+00:00\" \/>\n<meta property=\"article:modified_time\" content=\"2021-06-17T09:28:32+00:00\" \/>\n<meta property=\"og:image\" content=\"https:\/\/www.lichen.pl\/wp-content\/uploads\/2020\/08\/Wolfgand-Seifen-poziom-Copy.jpg\" \/>\n\t<meta property=\"og:image:width\" content=\"1883\" \/>\n\t<meta property=\"og:image:height\" content=\"1333\" \/>\n\t<meta property=\"og:image:type\" content=\"image\/jpeg\" \/>\n<meta name=\"author\" content=\"Arkadiusz Gorgolewski\" \/>\n<meta name=\"twitter:card\" content=\"summary_large_image\" \/>\n<meta name=\"twitter:label1\" content=\"\u00c9crit par\" \/>\n\t<meta name=\"twitter:data1\" content=\"Arkadiusz Gorgolewski\" \/>\n\t<meta name=\"twitter:label2\" content=\"Dur\u00e9e de lecture estim\u00e9e\" \/>\n\t<meta name=\"twitter:data2\" content=\"2 minutes\" \/>\n<script type=\"application\/ld+json\" class=\"yoast-schema-graph\">{\"@context\":\"https:\\\/\\\/schema.org\",\"@graph\":[{\"@type\":\"Article\",\"@id\":\"https:\\\/\\\/www.lichen.pl\\\/de\\\/koncert-improwizacji-w-seifena-basilica-sonans-lichen-2020\\\/#article\",\"isPartOf\":{\"@id\":\"https:\\\/\\\/www.lichen.pl\\\/de\\\/koncert-improwizacji-w-seifena-basilica-sonans-lichen-2020\\\/\"},\"author\":{\"name\":\"Arkadiusz Gorgolewski\",\"@id\":\"https:\\\/\\\/www.lichen.pl\\\/fr\\\/#\\\/schema\\\/person\\\/56fc5b38d70a2b34983408f9a457fd9d\"},\"headline\":\"Koncert improwizacji Wolfganga Seifena &#8211; Basilica Sonans, Liche\u0144 2020\",\"datePublished\":\"2020-08-11T07:08:21+00:00\",\"dateModified\":\"2021-06-17T09:28:32+00:00\",\"mainEntityOfPage\":{\"@id\":\"https:\\\/\\\/www.lichen.pl\\\/de\\\/koncert-improwizacji-w-seifena-basilica-sonans-lichen-2020\\\/\"},\"wordCount\":248,\"commentCount\":0,\"image\":{\"@id\":\"https:\\\/\\\/www.lichen.pl\\\/de\\\/koncert-improwizacji-w-seifena-basilica-sonans-lichen-2020\\\/#primaryimage\"},\"thumbnailUrl\":\"https:\\\/\\\/www.lichen.pl\\\/wp-content\\\/uploads\\\/2020\\\/08\\\/Wolfgand-Seifen-poziom-Copy.jpg\",\"articleSection\":[\"Aktualno\u015bci\"],\"inLanguage\":\"fr-FR\",\"potentialAction\":[{\"@type\":\"CommentAction\",\"name\":\"Comment\",\"target\":[\"https:\\\/\\\/www.lichen.pl\\\/de\\\/koncert-improwizacji-w-seifena-basilica-sonans-lichen-2020\\\/#respond\"]}]},{\"@type\":\"WebPage\",\"@id\":\"https:\\\/\\\/www.lichen.pl\\\/de\\\/koncert-improwizacji-w-seifena-basilica-sonans-lichen-2020\\\/\",\"url\":\"https:\\\/\\\/www.lichen.pl\\\/de\\\/koncert-improwizacji-w-seifena-basilica-sonans-lichen-2020\\\/\",\"name\":\"Koncert improwizacji Wolfganga Seifena - Basilica Sonans, Liche\u0144 2020 - SANKTUARIUM W LICHENIU\",\"isPartOf\":{\"@id\":\"https:\\\/\\\/www.lichen.pl\\\/fr\\\/#website\"},\"primaryImageOfPage\":{\"@id\":\"https:\\\/\\\/www.lichen.pl\\\/de\\\/koncert-improwizacji-w-seifena-basilica-sonans-lichen-2020\\\/#primaryimage\"},\"image\":{\"@id\":\"https:\\\/\\\/www.lichen.pl\\\/de\\\/koncert-improwizacji-w-seifena-basilica-sonans-lichen-2020\\\/#primaryimage\"},\"thumbnailUrl\":\"https:\\\/\\\/www.lichen.pl\\\/wp-content\\\/uploads\\\/2020\\\/08\\\/Wolfgand-Seifen-poziom-Copy.jpg\",\"datePublished\":\"2020-08-11T07:08:21+00:00\",\"dateModified\":\"2021-06-17T09:28:32+00:00\",\"author\":{\"@id\":\"https:\\\/\\\/www.lichen.pl\\\/fr\\\/#\\\/schema\\\/person\\\/56fc5b38d70a2b34983408f9a457fd9d\"},\"breadcrumb\":{\"@id\":\"https:\\\/\\\/www.lichen.pl\\\/de\\\/koncert-improwizacji-w-seifena-basilica-sonans-lichen-2020\\\/#breadcrumb\"},\"inLanguage\":\"fr-FR\",\"potentialAction\":[{\"@type\":\"ReadAction\",\"target\":[\"https:\\\/\\\/www.lichen.pl\\\/de\\\/koncert-improwizacji-w-seifena-basilica-sonans-lichen-2020\\\/\"]}]},{\"@type\":\"ImageObject\",\"inLanguage\":\"fr-FR\",\"@id\":\"https:\\\/\\\/www.lichen.pl\\\/de\\\/koncert-improwizacji-w-seifena-basilica-sonans-lichen-2020\\\/#primaryimage\",\"url\":\"https:\\\/\\\/www.lichen.pl\\\/wp-content\\\/uploads\\\/2020\\\/08\\\/Wolfgand-Seifen-poziom-Copy.jpg\",\"contentUrl\":\"https:\\\/\\\/www.lichen.pl\\\/wp-content\\\/uploads\\\/2020\\\/08\\\/Wolfgand-Seifen-poziom-Copy.jpg\",\"width\":1883,\"height\":1333},{\"@type\":\"BreadcrumbList\",\"@id\":\"https:\\\/\\\/www.lichen.pl\\\/de\\\/koncert-improwizacji-w-seifena-basilica-sonans-lichen-2020\\\/#breadcrumb\",\"itemListElement\":[{\"@type\":\"ListItem\",\"position\":1,\"name\":\"Strona g\u0142\u00f3wna\",\"item\":\"https:\\\/\\\/www.lichen.pl\\\/\"},{\"@type\":\"ListItem\",\"position\":2,\"name\":\"Koncert improwizacji Wolfganga Seifena &#8211; Basilica Sonans, Liche\u0144 2020\"}]},{\"@type\":\"WebSite\",\"@id\":\"https:\\\/\\\/www.lichen.pl\\\/fr\\\/#website\",\"url\":\"https:\\\/\\\/www.lichen.pl\\\/fr\\\/\",\"name\":\"SANKTUARIUM W LICHENIU\",\"description\":\"MATKI BO\u017bEJ LICHE\u0143SKIEJ BOLESNEJ KR\u00d3LOWEJ POLSKI\",\"potentialAction\":[{\"@type\":\"SearchAction\",\"target\":{\"@type\":\"EntryPoint\",\"urlTemplate\":\"https:\\\/\\\/www.lichen.pl\\\/fr\\\/?s={search_term_string}\"},\"query-input\":{\"@type\":\"PropertyValueSpecification\",\"valueRequired\":true,\"valueName\":\"search_term_string\"}}],\"inLanguage\":\"fr-FR\"},{\"@type\":\"Person\",\"@id\":\"https:\\\/\\\/www.lichen.pl\\\/fr\\\/#\\\/schema\\\/person\\\/56fc5b38d70a2b34983408f9a457fd9d\",\"name\":\"Arkadiusz Gorgolewski\",\"image\":{\"@type\":\"ImageObject\",\"inLanguage\":\"fr-FR\",\"@id\":\"https:\\\/\\\/secure.gravatar.com\\\/avatar\\\/0f571b370f5aa245b1fd3b9c945511b004fe17579bdefd5054d99f0ba315149c?s=96&d=retro&r=g\",\"url\":\"https:\\\/\\\/secure.gravatar.com\\\/avatar\\\/0f571b370f5aa245b1fd3b9c945511b004fe17579bdefd5054d99f0ba315149c?s=96&d=retro&r=g\",\"contentUrl\":\"https:\\\/\\\/secure.gravatar.com\\\/avatar\\\/0f571b370f5aa245b1fd3b9c945511b004fe17579bdefd5054d99f0ba315149c?s=96&d=retro&r=g\",\"caption\":\"Arkadiusz Gorgolewski\"},\"url\":\"https:\\\/\\\/www.lichen.pl\\\/fr\\\/author\\\/sanadmin\\\/\"}]}<\/script>\n<!-- \/ Yoast SEO plugin. -->","yoast_head_json":{"title":"Koncert improwizacji Wolfganga Seifena - Basilica Sonans, Liche\u0144 2020 - SANKTUARIUM W LICHENIU","robots":{"index":"index","follow":"follow","max-snippet":"max-snippet:-1","max-image-preview":"max-image-preview:large","max-video-preview":"max-video-preview:-1"},"canonical":"https:\/\/www.lichen.pl\/fr\/koncert-improwizacji-w-seifena-basilica-sonans-lichen-2020\/","og_locale":"fr_FR","og_type":"article","og_title":"Koncert improwizacji Wolfganga Seifena - Basilica Sonans, Liche\u0144 2020 - SANKTUARIUM W LICHENIU","og_description":"Mistrz improwizacji, prof. Wolfgang Seifen, wyk\u0142adowca Uniwersytetu Sztuk Pi\u0119knych w Berlinie, zagra koncert w liche\u0144skiej bazylice. Recitalu b\u0119dzie mo\u017cna wys\u0142ucha\u0107 podczas II Mi\u0119dzynarodowego Liche\u0144skiego Festiwalu Muzyki Organowej \u201eBasilica Sonans\u201d w najbli\u017csz\u0105 niedziel\u0119, 16 sierpnia Niemiecki organista i kompozytor zaprezentuje improwizacje w r\u00f3\u017cnych stylach na tematy polskich pie\u015bni maryjnych, g\u0142\u00f3wnie nawi\u0105zuj\u0105cych do Matki Bo\u017cej Liche\u0144skiej. Koncert [&hellip;]","og_url":"https:\/\/www.lichen.pl\/fr\/koncert-improwizacji-w-seifena-basilica-sonans-lichen-2020\/","og_site_name":"SANKTUARIUM W LICHENIU","article_published_time":"2020-08-11T07:08:21+00:00","article_modified_time":"2021-06-17T09:28:32+00:00","og_image":[{"width":1883,"height":1333,"url":"https:\/\/www.lichen.pl\/wp-content\/uploads\/2020\/08\/Wolfgand-Seifen-poziom-Copy.jpg","type":"image\/jpeg"}],"author":"Arkadiusz Gorgolewski","twitter_card":"summary_large_image","twitter_misc":{"\u00c9crit par":"Arkadiusz Gorgolewski","Dur\u00e9e de lecture estim\u00e9e":"2 minutes"},"schema":{"@context":"https:\/\/schema.org","@graph":[{"@type":"Article","@id":"https:\/\/www.lichen.pl\/de\/koncert-improwizacji-w-seifena-basilica-sonans-lichen-2020\/#article","isPartOf":{"@id":"https:\/\/www.lichen.pl\/de\/koncert-improwizacji-w-seifena-basilica-sonans-lichen-2020\/"},"author":{"name":"Arkadiusz Gorgolewski","@id":"https:\/\/www.lichen.pl\/fr\/#\/schema\/person\/56fc5b38d70a2b34983408f9a457fd9d"},"headline":"Koncert improwizacji Wolfganga Seifena &#8211; Basilica Sonans, Liche\u0144 2020","datePublished":"2020-08-11T07:08:21+00:00","dateModified":"2021-06-17T09:28:32+00:00","mainEntityOfPage":{"@id":"https:\/\/www.lichen.pl\/de\/koncert-improwizacji-w-seifena-basilica-sonans-lichen-2020\/"},"wordCount":248,"commentCount":0,"image":{"@id":"https:\/\/www.lichen.pl\/de\/koncert-improwizacji-w-seifena-basilica-sonans-lichen-2020\/#primaryimage"},"thumbnailUrl":"https:\/\/www.lichen.pl\/wp-content\/uploads\/2020\/08\/Wolfgand-Seifen-poziom-Copy.jpg","articleSection":["Aktualno\u015bci"],"inLanguage":"fr-FR","potentialAction":[{"@type":"CommentAction","name":"Comment","target":["https:\/\/www.lichen.pl\/de\/koncert-improwizacji-w-seifena-basilica-sonans-lichen-2020\/#respond"]}]},{"@type":"WebPage","@id":"https:\/\/www.lichen.pl\/de\/koncert-improwizacji-w-seifena-basilica-sonans-lichen-2020\/","url":"https:\/\/www.lichen.pl\/de\/koncert-improwizacji-w-seifena-basilica-sonans-lichen-2020\/","name":"Koncert improwizacji Wolfganga Seifena - Basilica Sonans, Liche\u0144 2020 - SANKTUARIUM W LICHENIU","isPartOf":{"@id":"https:\/\/www.lichen.pl\/fr\/#website"},"primaryImageOfPage":{"@id":"https:\/\/www.lichen.pl\/de\/koncert-improwizacji-w-seifena-basilica-sonans-lichen-2020\/#primaryimage"},"image":{"@id":"https:\/\/www.lichen.pl\/de\/koncert-improwizacji-w-seifena-basilica-sonans-lichen-2020\/#primaryimage"},"thumbnailUrl":"https:\/\/www.lichen.pl\/wp-content\/uploads\/2020\/08\/Wolfgand-Seifen-poziom-Copy.jpg","datePublished":"2020-08-11T07:08:21+00:00","dateModified":"2021-06-17T09:28:32+00:00","author":{"@id":"https:\/\/www.lichen.pl\/fr\/#\/schema\/person\/56fc5b38d70a2b34983408f9a457fd9d"},"breadcrumb":{"@id":"https:\/\/www.lichen.pl\/de\/koncert-improwizacji-w-seifena-basilica-sonans-lichen-2020\/#breadcrumb"},"inLanguage":"fr-FR","potentialAction":[{"@type":"ReadAction","target":["https:\/\/www.lichen.pl\/de\/koncert-improwizacji-w-seifena-basilica-sonans-lichen-2020\/"]}]},{"@type":"ImageObject","inLanguage":"fr-FR","@id":"https:\/\/www.lichen.pl\/de\/koncert-improwizacji-w-seifena-basilica-sonans-lichen-2020\/#primaryimage","url":"https:\/\/www.lichen.pl\/wp-content\/uploads\/2020\/08\/Wolfgand-Seifen-poziom-Copy.jpg","contentUrl":"https:\/\/www.lichen.pl\/wp-content\/uploads\/2020\/08\/Wolfgand-Seifen-poziom-Copy.jpg","width":1883,"height":1333},{"@type":"BreadcrumbList","@id":"https:\/\/www.lichen.pl\/de\/koncert-improwizacji-w-seifena-basilica-sonans-lichen-2020\/#breadcrumb","itemListElement":[{"@type":"ListItem","position":1,"name":"Strona g\u0142\u00f3wna","item":"https:\/\/www.lichen.pl\/"},{"@type":"ListItem","position":2,"name":"Koncert improwizacji Wolfganga Seifena &#8211; Basilica Sonans, Liche\u0144 2020"}]},{"@type":"WebSite","@id":"https:\/\/www.lichen.pl\/fr\/#website","url":"https:\/\/www.lichen.pl\/fr\/","name":"SANCTUAIRE EN LICHENIE","description":"LA MAUVAISE REINE DE POLOGNE DE NOTRE LICHEN","potentialAction":[{"@type":"SearchAction","target":{"@type":"EntryPoint","urlTemplate":"https:\/\/www.lichen.pl\/fr\/?s={search_term_string}"},"query-input":{"@type":"PropertyValueSpecification","valueRequired":true,"valueName":"search_term_string"}}],"inLanguage":"fr-FR"},{"@type":"Person","@id":"https:\/\/www.lichen.pl\/fr\/#\/schema\/person\/56fc5b38d70a2b34983408f9a457fd9d","name":"Arkadiusz Gorgolewski","image":{"@type":"ImageObject","inLanguage":"fr-FR","@id":"https:\/\/secure.gravatar.com\/avatar\/0f571b370f5aa245b1fd3b9c945511b004fe17579bdefd5054d99f0ba315149c?s=96&d=retro&r=g","url":"https:\/\/secure.gravatar.com\/avatar\/0f571b370f5aa245b1fd3b9c945511b004fe17579bdefd5054d99f0ba315149c?s=96&d=retro&r=g","contentUrl":"https:\/\/secure.gravatar.com\/avatar\/0f571b370f5aa245b1fd3b9c945511b004fe17579bdefd5054d99f0ba315149c?s=96&d=retro&r=g","caption":"Arkadiusz Gorgolewski"},"url":"https:\/\/www.lichen.pl\/fr\/author\/sanadmin\/"}]}},"_links":{"self":[{"href":"https:\/\/www.lichen.pl\/fr\/wp-json\/wp\/v2\/posts\/2110","targetHints":{"allow":["GET"]}}],"collection":[{"href":"https:\/\/www.lichen.pl\/fr\/wp-json\/wp\/v2\/posts"}],"about":[{"href":"https:\/\/www.lichen.pl\/fr\/wp-json\/wp\/v2\/types\/post"}],"author":[{"embeddable":true,"href":"https:\/\/www.lichen.pl\/fr\/wp-json\/wp\/v2\/users\/2"}],"replies":[{"embeddable":true,"href":"https:\/\/www.lichen.pl\/fr\/wp-json\/wp\/v2\/comments?post=2110"}],"version-history":[{"count":7,"href":"https:\/\/www.lichen.pl\/fr\/wp-json\/wp\/v2\/posts\/2110\/revisions"}],"predecessor-version":[{"id":14283,"href":"https:\/\/www.lichen.pl\/fr\/wp-json\/wp\/v2\/posts\/2110\/revisions\/14283"}],"wp:featuredmedia":[{"embeddable":true,"href":"https:\/\/www.lichen.pl\/fr\/wp-json\/wp\/v2\/media\/2111"}],"wp:attachment":[{"href":"https:\/\/www.lichen.pl\/fr\/wp-json\/wp\/v2\/media?parent=2110"}],"wp:term":[{"taxonomy":"category","embeddable":true,"href":"https:\/\/www.lichen.pl\/fr\/wp-json\/wp\/v2\/categories?post=2110"},{"taxonomy":"post_tag","embeddable":true,"href":"https:\/\/www.lichen.pl\/fr\/wp-json\/wp\/v2\/tags?post=2110"}],"curies":[{"name":"wp","href":"https:\/\/api.w.org\/{rel}","templated":true}]}}