{"id":22183,"date":"2021-07-24T16:22:01","date_gmt":"2021-07-24T16:22:01","guid":{"rendered":"http:\/\/www.lichen.pl\/33-rowerowa-pielgrzymka-ze-strzelcow-krajenskich-dojechala-do-lichenia-copy\/"},"modified":"2021-07-28T17:58:15","modified_gmt":"2021-07-28T17:58:15","slug":"17-piesza-pielgrzymka-diecezji-bydgoskiej-dotarla-do-lichenia","status":"publish","type":"post","link":"https:\/\/www.lichen.pl\/fr\/17-piesza-pielgrzymka-diecezji-bydgoskiej-dotarla-do-lichenia\/","title":{"rendered":"17. Le p\u00e8lerinage \u00e0 pied du dioc\u00e8se de Bydgoszcz a atteint Liche\u0144"},"content":{"rendered":"<div data-elementor-type=\"wp-post\" data-elementor-id=\"22183\" class=\"elementor elementor-22183\" data-elementor-post-type=\"post\">\n\t\t\t\t\t\t<section class=\"elementor-section elementor-top-section elementor-element elementor-element-fc769f7 elementor-section-boxed elementor-section-height-default elementor-section-height-default\" data-id=\"fc769f7\" data-element_type=\"section\" data-e-type=\"section\">\n\t\t\t\t\t\t<div class=\"elementor-container elementor-column-gap-default\">\n\t\t\t\t\t<div class=\"elementor-column elementor-col-100 elementor-top-column elementor-element elementor-element-74ca1a1\" data-id=\"74ca1a1\" data-element_type=\"column\" data-e-type=\"column\">\n\t\t\t<div class=\"elementor-widget-wrap elementor-element-populated\">\n\t\t\t\t\t\t<section class=\"elementor-section elementor-inner-section elementor-element elementor-element-f69c806 elementor-section-boxed elementor-section-height-default elementor-section-height-default\" data-id=\"f69c806\" data-element_type=\"section\" data-e-type=\"section\">\n\t\t\t\t\t\t<div class=\"elementor-container elementor-column-gap-default\">\n\t\t\t\t\t<div class=\"elementor-column elementor-col-33 elementor-inner-column elementor-element elementor-element-f276796\" data-id=\"f276796\" data-element_type=\"column\" data-e-type=\"column\">\n\t\t\t<div class=\"elementor-widget-wrap elementor-element-populated\">\n\t\t\t\t\t\t<div class=\"elementor-element elementor-element-b544827 elementor-widget elementor-widget-text-editor\" data-id=\"b544827\" data-element_type=\"widget\" data-e-type=\"widget\" data-widget_type=\"text-editor.default\">\n\t\t\t\t<div class=\"elementor-widget-container\">\n\t\t\t\t\t\t\t\t\t<p>Comme chaque ann\u00e9e, de nombreux p\u00e8lerins de toute la Pologne se dirigent vers Jasna G\u00f3ra. Certains des groupes, en cours de route, d\u00e9cident de visiter la Maison de Notre-Dame de Liche\u0144. L&#039;un d&#039;eux ajoute m\u00eame une journ\u00e9e de trajet !<br \/>Le p\u00e8lerinage \u00e0 pied du dioc\u00e8se de Bydgoszcz a atteint le sanctuaire de Liche\u0144 dans la matin\u00e9e du samedi 24 juillet. Les p\u00e8lerins ont pris part \u00e0 la Sainte Messe dans la basilique \u00e0 12h00.<\/p>\t\t\t\t\t\t\t\t<\/div>\n\t\t\t\t<\/div>\n\t\t\t\t<div class=\"elementor-element elementor-element-f949df0 elementor-widget-divider--view-line elementor-widget elementor-widget-divider\" data-id=\"f949df0\" data-element_type=\"widget\" data-e-type=\"widget\" data-widget_type=\"divider.default\">\n\t\t\t\t<div class=\"elementor-widget-container\">\n\t\t\t\t\t\t\t<div class=\"elementor-divider\">\n\t\t\t<span class=\"elementor-divider-separator\">\n\t\t\t\t\t\t<\/span>\n\t\t<\/div>\n\t\t\t\t\t\t<\/div>\n\t\t\t\t<\/div>\n\t\t\t\t\t<\/div>\n\t\t<\/div>\n\t\t\t\t<div class=\"elementor-column elementor-col-33 elementor-inner-column elementor-element elementor-element-65b52ff\" data-id=\"65b52ff\" data-element_type=\"column\" data-e-type=\"column\">\n\t\t\t<div class=\"elementor-widget-wrap elementor-element-populated\">\n\t\t\t\t\t\t<div class=\"elementor-element elementor-element-c84f926 elementor-widget elementor-widget-image\" data-id=\"c84f926\" data-element_type=\"widget\" data-e-type=\"widget\" data-widget_type=\"image.default\">\n\t\t\t\t<div class=\"elementor-widget-container\">\n\t\t\t\t\t\t\t\t\t\t\t\t<figure class=\"wp-caption\">\n\t\t\t\t\t\t\t\t\t\t\t<a href=\"http:\/\/www.lichen.pl\/wp-content\/uploads\/2021\/07\/17-Piesza-Pielgrzymka-Diecezji-Bydgoskiej.jpg\" data-elementor-open-lightbox=\"yes\" data-elementor-lightbox-title=\"17 Piesza Pielgrzymka Diecezji Bydgoskiej\" data-e-action-hash=\"#elementor-action%3Aaction%3Dlightbox%26settings%3DeyJpZCI6MjIyMTYsInVybCI6Imh0dHBzOlwvXC93d3cubGljaGVuLnBsXC93cC1jb250ZW50XC91cGxvYWRzXC8yMDIxXC8wN1wvMTctUGllc3phLVBpZWxncnp5bWthLURpZWNlemppLUJ5ZGdvc2tpZWouanBnIn0%3D\">\n\t\t\t\t\t\t\t<img fetchpriority=\"high\" decoding=\"async\" width=\"1024\" height=\"683\" src=\"https:\/\/www.lichen.pl\/wp-content\/uploads\/2021\/07\/17-Piesza-Pielgrzymka-Diecezji-Bydgoskiej-1024x683.jpg\" class=\"attachment-large size-large wp-image-22216\" alt=\"\" srcset=\"https:\/\/www.lichen.pl\/wp-content\/uploads\/2021\/07\/17-Piesza-Pielgrzymka-Diecezji-Bydgoskiej-1024x683.jpg 1024w, https:\/\/www.lichen.pl\/wp-content\/uploads\/2021\/07\/17-Piesza-Pielgrzymka-Diecezji-Bydgoskiej-800x534.jpg 800w, https:\/\/www.lichen.pl\/wp-content\/uploads\/2021\/07\/17-Piesza-Pielgrzymka-Diecezji-Bydgoskiej-300x200.jpg 300w, https:\/\/www.lichen.pl\/wp-content\/uploads\/2021\/07\/17-Piesza-Pielgrzymka-Diecezji-Bydgoskiej-768x512.jpg 768w, https:\/\/www.lichen.pl\/wp-content\/uploads\/2021\/07\/17-Piesza-Pielgrzymka-Diecezji-Bydgoskiej.jpg 1333w\" sizes=\"(max-width: 1024px) 100vw, 1024px\" \/>\t\t\t\t\t\t\t\t<\/a>\n\t\t\t\t\t\t\t\t\t\t\t<figcaption class=\"widget-image-caption wp-caption-text\">P\u00e8lerinage juste avant d&#039;entrer dans la basilique, 24 juillet 2021<\/figcaption>\n\t\t\t\t\t\t\t\t\t\t<\/figure>\n\t\t\t\t\t\t\t\t\t<\/div>\n\t\t\t\t<\/div>\n\t\t\t\t<div class=\"elementor-element elementor-element-4cbb6bc elementor-widget elementor-widget-image\" data-id=\"4cbb6bc\" data-element_type=\"widget\" data-e-type=\"widget\" data-widget_type=\"image.default\">\n\t\t\t\t<div class=\"elementor-widget-container\">\n\t\t\t\t\t\t\t\t\t\t\t\t<figure class=\"wp-caption\">\n\t\t\t\t\t\t\t\t\t\t\t<a href=\"http:\/\/www.lichen.pl\/wp-content\/uploads\/2021\/07\/33-Piesza-Pielgrzymka-Diecezji-Bydgoskiej.jpg\" data-elementor-open-lightbox=\"yes\" data-elementor-lightbox-title=\"17 Piesza Pielgrzymka Diecezji Bydgoskiej\" data-e-action-hash=\"#elementor-action%3Aaction%3Dlightbox%26settings%3DeyJpZCI6MjIyOTYsInVybCI6Imh0dHBzOlwvXC93d3cubGljaGVuLnBsXC93cC1jb250ZW50XC91cGxvYWRzXC8yMDIxXC8wN1wvMzMtUGllc3phLVBpZWxncnp5bWthLURpZWNlemppLUJ5ZGdvc2tpZWouanBnIn0%3D\">\n\t\t\t\t\t\t\t<img decoding=\"async\" width=\"768\" height=\"1152\" src=\"https:\/\/www.lichen.pl\/wp-content\/uploads\/2021\/07\/33-Piesza-Pielgrzymka-Diecezji-Bydgoskiej-768x1152.jpg\" class=\"attachment-medium_large size-medium_large wp-image-22296\" alt=\"\" srcset=\"https:\/\/www.lichen.pl\/wp-content\/uploads\/2021\/07\/33-Piesza-Pielgrzymka-Diecezji-Bydgoskiej-768x1152.jpg 768w, https:\/\/www.lichen.pl\/wp-content\/uploads\/2021\/07\/33-Piesza-Pielgrzymka-Diecezji-Bydgoskiej-800x1200.jpg 800w, https:\/\/www.lichen.pl\/wp-content\/uploads\/2021\/07\/33-Piesza-Pielgrzymka-Diecezji-Bydgoskiej-200x300.jpg 200w, https:\/\/www.lichen.pl\/wp-content\/uploads\/2021\/07\/33-Piesza-Pielgrzymka-Diecezji-Bydgoskiej-682x1024.jpg 682w, https:\/\/www.lichen.pl\/wp-content\/uploads\/2021\/07\/33-Piesza-Pielgrzymka-Diecezji-Bydgoskiej-1024x1536.jpg 1024w, https:\/\/www.lichen.pl\/wp-content\/uploads\/2021\/07\/33-Piesza-Pielgrzymka-Diecezji-Bydgoskiej.jpg 853w\" sizes=\"(max-width: 768px) 100vw, 768px\" \/>\t\t\t\t\t\t\t\t<\/a>\n\t\t\t\t\t\t\t\t\t\t\t<figcaption class=\"widget-image-caption wp-caption-text\">Sainte Messe dans la basilique de Liche\u0144, le 24 juillet 2021<\/figcaption>\n\t\t\t\t\t\t\t\t\t\t<\/figure>\n\t\t\t\t\t\t\t\t\t<\/div>\n\t\t\t\t<\/div>\n\t\t\t\t\t<\/div>\n\t\t<\/div>\n\t\t\t\t<div class=\"elementor-column elementor-col-33 elementor-inner-column elementor-element elementor-element-849f470\" data-id=\"849f470\" data-element_type=\"column\" data-e-type=\"column\">\n\t\t\t<div class=\"elementor-widget-wrap elementor-element-populated\">\n\t\t\t\t\t\t<div class=\"elementor-element elementor-element-3224a4d elementor-widget elementor-widget-text-editor\" data-id=\"3224a4d\" data-element_type=\"widget\" data-e-type=\"widget\" data-widget_type=\"text-editor.default\">\n\t\t\t\t<div class=\"elementor-widget-container\">\n\t\t\t\t\t\t\t\t\t<div dir=\"auto\"><p>\u00ab Environ 150 personnes restent avec nous et dorment dans des tentes. De plus, nous avons maintenu la possibilit\u00e9 d&#039;un p\u00e8lerinage relais en groupes de 5 personnes maximum, qui peuvent se rendre seuls \u00e0 l&#039;\u00e9tape choisie et rentrer chez eux le soir \u00bb - explique Hubert Binarsz, chef du service tour responsable pour les m\u00e9dias et le secr\u00e9tariat du p\u00e8lerinage. Cette ann\u00e9e, le groupe de Bydgoszcz parcourra environ 330 km et le groupe de G\u00f3rka Klasztorna - 370 km.<\/p><\/div>\t\t\t\t\t\t\t\t<\/div>\n\t\t\t\t<\/div>\n\t\t\t\t<div class=\"elementor-element elementor-element-67826da elementor-widget-divider--view-line elementor-widget elementor-widget-divider\" data-id=\"67826da\" data-element_type=\"widget\" data-e-type=\"widget\" data-widget_type=\"divider.default\">\n\t\t\t\t<div class=\"elementor-widget-container\">\n\t\t\t\t\t\t\t<div class=\"elementor-divider\">\n\t\t\t<span class=\"elementor-divider-separator\">\n\t\t\t\t\t\t<\/span>\n\t\t<\/div>\n\t\t\t\t\t\t<\/div>\n\t\t\t\t<\/div>\n\t\t\t\t\t<\/div>\n\t\t<\/div>\n\t\t\t\t\t<\/div>\n\t\t<\/section>\n\t\t\t\t<div class=\"elementor-element elementor-element-fbc4291 elementor-widget elementor-widget-text-editor\" data-id=\"fbc4291\" data-element_type=\"widget\" data-e-type=\"widget\" data-widget_type=\"text-editor.default\">\n\t\t\t\t<div class=\"elementor-widget-container\">\n\t\t\t\t\t\t\t\t\t<div dir=\"auto\"><p>Pr. Krzysztof Kluska, responsable du p\u00e8lerinage p\u00e9destre du dioc\u00e8se de Bydgoszcz \u00e0 Jasna G\u00f3ra, admet qu&#039;il y a une nostalgie parmi les p\u00e8lerins caus\u00e9e par une pand\u00e9mie qui dure depuis plus d&#039;un an. \u00abIls sont plus concentr\u00e9s, disciplin\u00e9s. On voit cette focalisation sur les offices, ils sont plus ouverts et assoiff\u00e9s de p\u00e8lerinages. \u00bb<\/p><p>Le but du groupe est de rencontrer la M\u00e8re. \u00ab Nous quittons Bydgoszcz, de notre M\u00e8re, Marie, avec une rose \u00e0 la main. Nous nous inclinons \u00e9galement devant Notre-Dame de Liche\u0144. En fait, nous ne sommes pas du tout en route vers ce Sanctuaire. Bien que cela nous co\u00fbte un jour de plus, nous voulons venir ici, plier les genoux, dire - merci \u00bb, ajoute le p\u00e8re. Christophe. <\/p><p>Les p\u00e8lerins atteindront Jasna G\u00f3ra le 31 juillet.\u00a0<\/p><\/div>\t\t\t\t\t\t\t\t<\/div>\n\t\t\t\t<\/div>\n\t\t\t\t<div class=\"elementor-element elementor-element-33764a2 elementor-widget elementor-widget-text-editor\" data-id=\"33764a2\" data-element_type=\"widget\" data-e-type=\"widget\" data-widget_type=\"text-editor.default\">\n\t\t\t\t<div class=\"elementor-widget-container\">\n\t\t\t\t\t\t\t\t\t<div dir=\"auto\"><p>Texte et photos : Service de presse du Sanctuaire<\/p><\/div>\t\t\t\t\t\t\t\t<\/div>\n\t\t\t\t<\/div>\n\t\t\t\t<div class=\"elementor-element elementor-element-e13f828 elementor-widget-divider--view-line_icon elementor-view-default elementor-widget-divider--element-align-center elementor-widget elementor-widget-divider\" data-id=\"e13f828\" data-element_type=\"widget\" data-e-type=\"widget\" data-widget_type=\"divider.default\">\n\t\t\t\t<div class=\"elementor-widget-container\">\n\t\t\t\t\t\t\t<div class=\"elementor-divider\">\n\t\t\t<span class=\"elementor-divider-separator\">\n\t\t\t\t\t\t\t<div class=\"elementor-icon elementor-divider__element\">\n\t\t\t\t\t<i aria-hidden=\"true\" class=\"fas fa-camera\"><\/i><\/div>\n\t\t\t\t\t\t<\/span>\n\t\t<\/div>\n\t\t\t\t\t\t<\/div>\n\t\t\t\t<\/div>\n\t\t\t\t<div class=\"elementor-element elementor-element-a198872 elementor-widget elementor-widget-gallery\" data-id=\"a198872\" data-element_type=\"widget\" data-e-type=\"widget\" data-settings=\"{&quot;columns&quot;:6,&quot;lazyload&quot;:&quot;yes&quot;,&quot;gallery_layout&quot;:&quot;grid&quot;,&quot;columns_tablet&quot;:2,&quot;columns_mobile&quot;:1,&quot;gap&quot;:{&quot;unit&quot;:&quot;px&quot;,&quot;size&quot;:10,&quot;sizes&quot;:[]},&quot;gap_tablet&quot;:{&quot;unit&quot;:&quot;px&quot;,&quot;size&quot;:10,&quot;sizes&quot;:[]},&quot;gap_mobile&quot;:{&quot;unit&quot;:&quot;px&quot;,&quot;size&quot;:10,&quot;sizes&quot;:[]},&quot;link_to&quot;:&quot;file&quot;,&quot;aspect_ratio&quot;:&quot;3:2&quot;,&quot;overlay_background&quot;:&quot;yes&quot;,&quot;content_hover_animation&quot;:&quot;fade-in&quot;}\" data-widget_type=\"gallery.default\">\n\t\t\t\t<div class=\"elementor-widget-container\">\n\t\t\t\t\t\t\t<div class=\"elementor-gallery__container\">\n\t\t\t\t\t\t\t<a class=\"e-gallery-item elementor-gallery-item elementor-animated-content\" href=\"https:\/\/www.lichen.pl\/wp-content\/uploads\/2021\/07\/14-Piesza-Pielgrzymka-Diecezji-Bydgoskiej.jpg\" data-elementor-open-lightbox=\"yes\" data-elementor-lightbox-slideshow=\"a198872\" data-elementor-lightbox-title=\"17 Piesza Pielgrzymka Diecezji Bydgoskiej\" data-e-action-hash=\"#elementor-action%3Aaction%3Dlightbox%26settings%3DeyJpZCI6MjIyMDEsInVybCI6Imh0dHBzOlwvXC93d3cubGljaGVuLnBsXC93cC1jb250ZW50XC91cGxvYWRzXC8yMDIxXC8wN1wvMTQtUGllc3phLVBpZWxncnp5bWthLURpZWNlemppLUJ5ZGdvc2tpZWouanBnIiwic2xpZGVzaG93IjoiYTE5ODg3MiJ9\">\n\t\t\t\t\t<div class=\"e-gallery-image elementor-gallery-item__image\" data-thumbnail=\"https:\/\/www.lichen.pl\/wp-content\/uploads\/2021\/07\/14-Piesza-Pielgrzymka-Diecezji-Bydgoskiej-300x200.jpg\" data-width=\"300\" data-height=\"200\" aria-label=\"\" role=\"img\" ><\/div>\n\t\t\t\t\t\t\t\t\t\t\t<div class=\"elementor-gallery-item__overlay\"><\/div>\n\t\t\t\t\t\t\t\t\t\t\t\t\t\t<\/a>\n\t\t\t\t\t\t\t<a class=\"e-gallery-item elementor-gallery-item elementor-animated-content\" href=\"https:\/\/www.lichen.pl\/wp-content\/uploads\/2021\/07\/13-Piesza-Pielgrzymka-Diecezji-Bydgoskiej.jpg\" data-elementor-open-lightbox=\"yes\" data-elementor-lightbox-slideshow=\"a198872\" data-elementor-lightbox-title=\"17 Piesza Pielgrzymka Diecezji Bydgoskiej\" data-e-action-hash=\"#elementor-action%3Aaction%3Dlightbox%26settings%3DeyJpZCI6MjIxOTYsInVybCI6Imh0dHBzOlwvXC93d3cubGljaGVuLnBsXC93cC1jb250ZW50XC91cGxvYWRzXC8yMDIxXC8wN1wvMTMtUGllc3phLVBpZWxncnp5bWthLURpZWNlemppLUJ5ZGdvc2tpZWouanBnIiwic2xpZGVzaG93IjoiYTE5ODg3MiJ9\">\n\t\t\t\t\t<div class=\"e-gallery-image elementor-gallery-item__image\" data-thumbnail=\"https:\/\/www.lichen.pl\/wp-content\/uploads\/2021\/07\/13-Piesza-Pielgrzymka-Diecezji-Bydgoskiej-200x300.jpg\" data-width=\"200\" data-height=\"300\" aria-label=\"\" role=\"img\" ><\/div>\n\t\t\t\t\t\t\t\t\t\t\t<div class=\"elementor-gallery-item__overlay\"><\/div>\n\t\t\t\t\t\t\t\t\t\t\t\t\t\t<\/a>\n\t\t\t\t\t\t\t<a class=\"e-gallery-item elementor-gallery-item elementor-animated-content\" href=\"https:\/\/www.lichen.pl\/wp-content\/uploads\/2021\/07\/12-Piesza-Pielgrzymka-Diecezji-Bydgoskiej.jpg\" data-elementor-open-lightbox=\"yes\" data-elementor-lightbox-slideshow=\"a198872\" data-elementor-lightbox-title=\"17 Piesza Pielgrzymka Diecezji Bydgoskiej\" data-e-action-hash=\"#elementor-action%3Aaction%3Dlightbox%26settings%3DeyJpZCI6MjIxOTEsInVybCI6Imh0dHBzOlwvXC93d3cubGljaGVuLnBsXC93cC1jb250ZW50XC91cGxvYWRzXC8yMDIxXC8wN1wvMTItUGllc3phLVBpZWxncnp5bWthLURpZWNlemppLUJ5ZGdvc2tpZWouanBnIiwic2xpZGVzaG93IjoiYTE5ODg3MiJ9\">\n\t\t\t\t\t<div class=\"e-gallery-image elementor-gallery-item__image\" data-thumbnail=\"https:\/\/www.lichen.pl\/wp-content\/uploads\/2021\/07\/12-Piesza-Pielgrzymka-Diecezji-Bydgoskiej-300x200.jpg\" data-width=\"300\" data-height=\"200\" aria-label=\"\" role=\"img\" ><\/div>\n\t\t\t\t\t\t\t\t\t\t\t<div class=\"elementor-gallery-item__overlay\"><\/div>\n\t\t\t\t\t\t\t\t\t\t\t\t\t\t<\/a>\n\t\t\t\t\t\t\t<a class=\"e-gallery-item elementor-gallery-item elementor-animated-content\" href=\"https:\/\/www.lichen.pl\/wp-content\/uploads\/2021\/07\/15-Piesza-Pielgrzymka-Diecezji-Bydgoskiej.jpg\" data-elementor-open-lightbox=\"yes\" data-elementor-lightbox-slideshow=\"a198872\" data-elementor-lightbox-title=\"17 Piesza Pielgrzymka Diecezji Bydgoskiej\" data-e-action-hash=\"#elementor-action%3Aaction%3Dlightbox%26settings%3DeyJpZCI6MjIyMDYsInVybCI6Imh0dHBzOlwvXC93d3cubGljaGVuLnBsXC93cC1jb250ZW50XC91cGxvYWRzXC8yMDIxXC8wN1wvMTUtUGllc3phLVBpZWxncnp5bWthLURpZWNlemppLUJ5ZGdvc2tpZWouanBnIiwic2xpZGVzaG93IjoiYTE5ODg3MiJ9\">\n\t\t\t\t\t<div class=\"e-gallery-image elementor-gallery-item__image\" data-thumbnail=\"https:\/\/www.lichen.pl\/wp-content\/uploads\/2021\/07\/15-Piesza-Pielgrzymka-Diecezji-Bydgoskiej-300x200.jpg\" data-width=\"300\" data-height=\"200\" aria-label=\"\" role=\"img\" ><\/div>\n\t\t\t\t\t\t\t\t\t\t\t<div class=\"elementor-gallery-item__overlay\"><\/div>\n\t\t\t\t\t\t\t\t\t\t\t\t\t\t<\/a>\n\t\t\t\t\t\t\t<a class=\"e-gallery-item elementor-gallery-item elementor-animated-content\" href=\"https:\/\/www.lichen.pl\/wp-content\/uploads\/2021\/07\/17-Piesza-Pielgrzymka-Diecezji-Bydgoskiej.jpg\" data-elementor-open-lightbox=\"yes\" data-elementor-lightbox-slideshow=\"a198872\" data-elementor-lightbox-title=\"17 Piesza Pielgrzymka Diecezji Bydgoskiej\" data-e-action-hash=\"#elementor-action%3Aaction%3Dlightbox%26settings%3DeyJpZCI6MjIyMTYsInVybCI6Imh0dHBzOlwvXC93d3cubGljaGVuLnBsXC93cC1jb250ZW50XC91cGxvYWRzXC8yMDIxXC8wN1wvMTctUGllc3phLVBpZWxncnp5bWthLURpZWNlemppLUJ5ZGdvc2tpZWouanBnIiwic2xpZGVzaG93IjoiYTE5ODg3MiJ9\">\n\t\t\t\t\t<div class=\"e-gallery-image elementor-gallery-item__image\" data-thumbnail=\"https:\/\/www.lichen.pl\/wp-content\/uploads\/2021\/07\/17-Piesza-Pielgrzymka-Diecezji-Bydgoskiej-300x200.jpg\" data-width=\"300\" data-height=\"200\" aria-label=\"\" role=\"img\" ><\/div>\n\t\t\t\t\t\t\t\t\t\t\t<div class=\"elementor-gallery-item__overlay\"><\/div>\n\t\t\t\t\t\t\t\t\t\t\t\t\t\t<\/a>\n\t\t\t\t\t\t\t<a class=\"e-gallery-item elementor-gallery-item elementor-animated-content\" href=\"https:\/\/www.lichen.pl\/wp-content\/uploads\/2021\/07\/20-Piesza-Pielgrzymka-Diecezji-Bydgoskiej.jpg\" data-elementor-open-lightbox=\"yes\" data-elementor-lightbox-slideshow=\"a198872\" data-elementor-lightbox-title=\"17 Piesza Pielgrzymka Diecezji Bydgoskiej\" data-e-action-hash=\"#elementor-action%3Aaction%3Dlightbox%26settings%3DeyJpZCI6MjIyMzEsInVybCI6Imh0dHBzOlwvXC93d3cubGljaGVuLnBsXC93cC1jb250ZW50XC91cGxvYWRzXC8yMDIxXC8wN1wvMjAtUGllc3phLVBpZWxncnp5bWthLURpZWNlemppLUJ5ZGdvc2tpZWouanBnIiwic2xpZGVzaG93IjoiYTE5ODg3MiJ9\">\n\t\t\t\t\t<div class=\"e-gallery-image elementor-gallery-item__image\" data-thumbnail=\"https:\/\/www.lichen.pl\/wp-content\/uploads\/2021\/07\/20-Piesza-Pielgrzymka-Diecezji-Bydgoskiej-300x200.jpg\" data-width=\"300\" data-height=\"200\" aria-label=\"\" role=\"img\" ><\/div>\n\t\t\t\t\t\t\t\t\t\t\t<div class=\"elementor-gallery-item__overlay\"><\/div>\n\t\t\t\t\t\t\t\t\t\t\t\t\t\t<\/a>\n\t\t\t\t\t\t\t<a class=\"e-gallery-item elementor-gallery-item elementor-animated-content\" href=\"https:\/\/www.lichen.pl\/wp-content\/uploads\/2021\/07\/26-Piesza-Pielgrzymka-Diecezji-Bydgoskiej.jpg\" data-elementor-open-lightbox=\"yes\" data-elementor-lightbox-slideshow=\"a198872\" data-elementor-lightbox-title=\"17 Piesza Pielgrzymka Diecezji Bydgoskiej\" data-e-action-hash=\"#elementor-action%3Aaction%3Dlightbox%26settings%3DeyJpZCI6MjIyNjEsInVybCI6Imh0dHBzOlwvXC93d3cubGljaGVuLnBsXC93cC1jb250ZW50XC91cGxvYWRzXC8yMDIxXC8wN1wvMjYtUGllc3phLVBpZWxncnp5bWthLURpZWNlemppLUJ5ZGdvc2tpZWouanBnIiwic2xpZGVzaG93IjoiYTE5ODg3MiJ9\">\n\t\t\t\t\t<div class=\"e-gallery-image elementor-gallery-item__image\" data-thumbnail=\"https:\/\/www.lichen.pl\/wp-content\/uploads\/2021\/07\/26-Piesza-Pielgrzymka-Diecezji-Bydgoskiej-200x300.jpg\" data-width=\"200\" data-height=\"300\" aria-label=\"\" role=\"img\" ><\/div>\n\t\t\t\t\t\t\t\t\t\t\t<div class=\"elementor-gallery-item__overlay\"><\/div>\n\t\t\t\t\t\t\t\t\t\t\t\t\t\t<\/a>\n\t\t\t\t\t\t\t<a class=\"e-gallery-item elementor-gallery-item elementor-animated-content\" href=\"https:\/\/www.lichen.pl\/wp-content\/uploads\/2021\/07\/25-Piesza-Pielgrzymka-Diecezji-Bydgoskiej.jpg\" data-elementor-open-lightbox=\"yes\" data-elementor-lightbox-slideshow=\"a198872\" data-elementor-lightbox-title=\"17 Piesza Pielgrzymka Diecezji Bydgoskiej\" data-e-action-hash=\"#elementor-action%3Aaction%3Dlightbox%26settings%3DeyJpZCI6MjIyNTYsInVybCI6Imh0dHBzOlwvXC93d3cubGljaGVuLnBsXC93cC1jb250ZW50XC91cGxvYWRzXC8yMDIxXC8wN1wvMjUtUGllc3phLVBpZWxncnp5bWthLURpZWNlemppLUJ5ZGdvc2tpZWouanBnIiwic2xpZGVzaG93IjoiYTE5ODg3MiJ9\">\n\t\t\t\t\t<div class=\"e-gallery-image elementor-gallery-item__image\" data-thumbnail=\"https:\/\/www.lichen.pl\/wp-content\/uploads\/2021\/07\/25-Piesza-Pielgrzymka-Diecezji-Bydgoskiej-200x300.jpg\" data-width=\"200\" data-height=\"300\" aria-label=\"\" role=\"img\" ><\/div>\n\t\t\t\t\t\t\t\t\t\t\t<div class=\"elementor-gallery-item__overlay\"><\/div>\n\t\t\t\t\t\t\t\t\t\t\t\t\t\t<\/a>\n\t\t\t\t\t\t\t<a class=\"e-gallery-item elementor-gallery-item elementor-animated-content\" href=\"https:\/\/www.lichen.pl\/wp-content\/uploads\/2021\/07\/24-Piesza-Pielgrzymka-Diecezji-Bydgoskiej.jpg\" data-elementor-open-lightbox=\"yes\" data-elementor-lightbox-slideshow=\"a198872\" data-elementor-lightbox-title=\"17 Piesza Pielgrzymka Diecezji Bydgoskiej\" data-e-action-hash=\"#elementor-action%3Aaction%3Dlightbox%26settings%3DeyJpZCI6MjIyNTEsInVybCI6Imh0dHBzOlwvXC93d3cubGljaGVuLnBsXC93cC1jb250ZW50XC91cGxvYWRzXC8yMDIxXC8wN1wvMjQtUGllc3phLVBpZWxncnp5bWthLURpZWNlemppLUJ5ZGdvc2tpZWouanBnIiwic2xpZGVzaG93IjoiYTE5ODg3MiJ9\">\n\t\t\t\t\t<div class=\"e-gallery-image elementor-gallery-item__image\" data-thumbnail=\"https:\/\/www.lichen.pl\/wp-content\/uploads\/2021\/07\/24-Piesza-Pielgrzymka-Diecezji-Bydgoskiej-200x300.jpg\" data-width=\"200\" data-height=\"300\" aria-label=\"\" role=\"img\" ><\/div>\n\t\t\t\t\t\t\t\t\t\t\t<div class=\"elementor-gallery-item__overlay\"><\/div>\n\t\t\t\t\t\t\t\t\t\t\t\t\t\t<\/a>\n\t\t\t\t\t\t\t<a class=\"e-gallery-item elementor-gallery-item elementor-animated-content\" href=\"https:\/\/www.lichen.pl\/wp-content\/uploads\/2021\/07\/23-Piesza-Pielgrzymka-Diecezji-Bydgoskiej.jpg\" data-elementor-open-lightbox=\"yes\" data-elementor-lightbox-slideshow=\"a198872\" data-elementor-lightbox-title=\"17 Piesza Pielgrzymka Diecezji Bydgoskiej\" data-e-action-hash=\"#elementor-action%3Aaction%3Dlightbox%26settings%3DeyJpZCI6MjIyNDYsInVybCI6Imh0dHBzOlwvXC93d3cubGljaGVuLnBsXC93cC1jb250ZW50XC91cGxvYWRzXC8yMDIxXC8wN1wvMjMtUGllc3phLVBpZWxncnp5bWthLURpZWNlemppLUJ5ZGdvc2tpZWouanBnIiwic2xpZGVzaG93IjoiYTE5ODg3MiJ9\">\n\t\t\t\t\t<div class=\"e-gallery-image elementor-gallery-item__image\" data-thumbnail=\"https:\/\/www.lichen.pl\/wp-content\/uploads\/2021\/07\/23-Piesza-Pielgrzymka-Diecezji-Bydgoskiej-200x300.jpg\" data-width=\"200\" data-height=\"300\" aria-label=\"\" role=\"img\" ><\/div>\n\t\t\t\t\t\t\t\t\t\t\t<div class=\"elementor-gallery-item__overlay\"><\/div>\n\t\t\t\t\t\t\t\t\t\t\t\t\t\t<\/a>\n\t\t\t\t\t\t\t<a class=\"e-gallery-item elementor-gallery-item elementor-animated-content\" href=\"https:\/\/www.lichen.pl\/wp-content\/uploads\/2021\/07\/22-Piesza-Pielgrzymka-Diecezji-Bydgoskiej.jpg\" data-elementor-open-lightbox=\"yes\" data-elementor-lightbox-slideshow=\"a198872\" data-elementor-lightbox-title=\"17 Piesza Pielgrzymka Diecezji Bydgoskiej\" data-e-action-hash=\"#elementor-action%3Aaction%3Dlightbox%26settings%3DeyJpZCI6MjIyNDEsInVybCI6Imh0dHBzOlwvXC93d3cubGljaGVuLnBsXC93cC1jb250ZW50XC91cGxvYWRzXC8yMDIxXC8wN1wvMjItUGllc3phLVBpZWxncnp5bWthLURpZWNlemppLUJ5ZGdvc2tpZWouanBnIiwic2xpZGVzaG93IjoiYTE5ODg3MiJ9\">\n\t\t\t\t\t<div class=\"e-gallery-image elementor-gallery-item__image\" data-thumbnail=\"https:\/\/www.lichen.pl\/wp-content\/uploads\/2021\/07\/22-Piesza-Pielgrzymka-Diecezji-Bydgoskiej-200x300.jpg\" data-width=\"200\" data-height=\"300\" aria-label=\"\" role=\"img\" ><\/div>\n\t\t\t\t\t\t\t\t\t\t\t<div class=\"elementor-gallery-item__overlay\"><\/div>\n\t\t\t\t\t\t\t\t\t\t\t\t\t\t<\/a>\n\t\t\t\t\t\t\t<a class=\"e-gallery-item elementor-gallery-item elementor-animated-content\" href=\"https:\/\/www.lichen.pl\/wp-content\/uploads\/2021\/07\/21-Piesza-Pielgrzymka-Diecezji-Bydgoskiej.jpg\" data-elementor-open-lightbox=\"yes\" data-elementor-lightbox-slideshow=\"a198872\" data-elementor-lightbox-title=\"17 Piesza Pielgrzymka Diecezji Bydgoskiej\" data-e-action-hash=\"#elementor-action%3Aaction%3Dlightbox%26settings%3DeyJpZCI6MjIyMzYsInVybCI6Imh0dHBzOlwvXC93d3cubGljaGVuLnBsXC93cC1jb250ZW50XC91cGxvYWRzXC8yMDIxXC8wN1wvMjEtUGllc3phLVBpZWxncnp5bWthLURpZWNlemppLUJ5ZGdvc2tpZWouanBnIiwic2xpZGVzaG93IjoiYTE5ODg3MiJ9\">\n\t\t\t\t\t<div class=\"e-gallery-image elementor-gallery-item__image\" data-thumbnail=\"https:\/\/www.lichen.pl\/wp-content\/uploads\/2021\/07\/21-Piesza-Pielgrzymka-Diecezji-Bydgoskiej-200x300.jpg\" data-width=\"200\" data-height=\"300\" aria-label=\"\" role=\"img\" ><\/div>\n\t\t\t\t\t\t\t\t\t\t\t<div class=\"elementor-gallery-item__overlay\"><\/div>\n\t\t\t\t\t\t\t\t\t\t\t\t\t\t<\/a>\n\t\t\t\t\t\t\t<a class=\"e-gallery-item elementor-gallery-item elementor-animated-content\" href=\"https:\/\/www.lichen.pl\/wp-content\/uploads\/2021\/07\/27-Piesza-Pielgrzymka-Diecezji-Bydgoskiej.jpg\" data-elementor-open-lightbox=\"yes\" data-elementor-lightbox-slideshow=\"a198872\" data-elementor-lightbox-title=\"17 Piesza Pielgrzymka Diecezji Bydgoskiej\" data-e-action-hash=\"#elementor-action%3Aaction%3Dlightbox%26settings%3DeyJpZCI6MjIyNjYsInVybCI6Imh0dHBzOlwvXC93d3cubGljaGVuLnBsXC93cC1jb250ZW50XC91cGxvYWRzXC8yMDIxXC8wN1wvMjctUGllc3phLVBpZWxncnp5bWthLURpZWNlemppLUJ5ZGdvc2tpZWouanBnIiwic2xpZGVzaG93IjoiYTE5ODg3MiJ9\">\n\t\t\t\t\t<div class=\"e-gallery-image elementor-gallery-item__image\" data-thumbnail=\"https:\/\/www.lichen.pl\/wp-content\/uploads\/2021\/07\/27-Piesza-Pielgrzymka-Diecezji-Bydgoskiej-300x200.jpg\" data-width=\"300\" data-height=\"200\" aria-label=\"\" role=\"img\" ><\/div>\n\t\t\t\t\t\t\t\t\t\t\t<div class=\"elementor-gallery-item__overlay\"><\/div>\n\t\t\t\t\t\t\t\t\t\t\t\t\t\t<\/a>\n\t\t\t\t\t\t\t<a class=\"e-gallery-item elementor-gallery-item elementor-animated-content\" href=\"https:\/\/www.lichen.pl\/wp-content\/uploads\/2021\/07\/28-Piesza-Pielgrzymka-Diecezji-Bydgoskiej.jpg\" data-elementor-open-lightbox=\"yes\" data-elementor-lightbox-slideshow=\"a198872\" data-elementor-lightbox-title=\"17 Piesza Pielgrzymka Diecezji Bydgoskiej\" data-e-action-hash=\"#elementor-action%3Aaction%3Dlightbox%26settings%3DeyJpZCI6MjIyNzEsInVybCI6Imh0dHBzOlwvXC93d3cubGljaGVuLnBsXC93cC1jb250ZW50XC91cGxvYWRzXC8yMDIxXC8wN1wvMjgtUGllc3phLVBpZWxncnp5bWthLURpZWNlemppLUJ5ZGdvc2tpZWouanBnIiwic2xpZGVzaG93IjoiYTE5ODg3MiJ9\">\n\t\t\t\t\t<div class=\"e-gallery-image elementor-gallery-item__image\" data-thumbnail=\"https:\/\/www.lichen.pl\/wp-content\/uploads\/2021\/07\/28-Piesza-Pielgrzymka-Diecezji-Bydgoskiej-200x300.jpg\" data-width=\"200\" data-height=\"300\" aria-label=\"\" role=\"img\" ><\/div>\n\t\t\t\t\t\t\t\t\t\t\t<div class=\"elementor-gallery-item__overlay\"><\/div>\n\t\t\t\t\t\t\t\t\t\t\t\t\t\t<\/a>\n\t\t\t\t\t\t\t<a class=\"e-gallery-item elementor-gallery-item elementor-animated-content\" href=\"https:\/\/www.lichen.pl\/wp-content\/uploads\/2021\/07\/29-Piesza-Pielgrzymka-Diecezji-Bydgoskiej.jpg\" data-elementor-open-lightbox=\"yes\" data-elementor-lightbox-slideshow=\"a198872\" data-elementor-lightbox-title=\"17 Piesza Pielgrzymka Diecezji Bydgoskiej\" data-e-action-hash=\"#elementor-action%3Aaction%3Dlightbox%26settings%3DeyJpZCI6MjIyNzYsInVybCI6Imh0dHBzOlwvXC93d3cubGljaGVuLnBsXC93cC1jb250ZW50XC91cGxvYWRzXC8yMDIxXC8wN1wvMjktUGllc3phLVBpZWxncnp5bWthLURpZWNlemppLUJ5ZGdvc2tpZWouanBnIiwic2xpZGVzaG93IjoiYTE5ODg3MiJ9\">\n\t\t\t\t\t<div class=\"e-gallery-image elementor-gallery-item__image\" data-thumbnail=\"https:\/\/www.lichen.pl\/wp-content\/uploads\/2021\/07\/29-Piesza-Pielgrzymka-Diecezji-Bydgoskiej-300x200.jpg\" data-width=\"300\" data-height=\"200\" aria-label=\"\" role=\"img\" ><\/div>\n\t\t\t\t\t\t\t\t\t\t\t<div class=\"elementor-gallery-item__overlay\"><\/div>\n\t\t\t\t\t\t\t\t\t\t\t\t\t\t<\/a>\n\t\t\t\t\t\t\t<a class=\"e-gallery-item elementor-gallery-item elementor-animated-content\" href=\"https:\/\/www.lichen.pl\/wp-content\/uploads\/2021\/07\/30-Piesza-Pielgrzymka-Diecezji-Bydgoskiej.jpg\" data-elementor-open-lightbox=\"yes\" data-elementor-lightbox-slideshow=\"a198872\" data-elementor-lightbox-title=\"17 Piesza Pielgrzymka Diecezji Bydgoskiej\" data-e-action-hash=\"#elementor-action%3Aaction%3Dlightbox%26settings%3DeyJpZCI6MjIyODEsInVybCI6Imh0dHBzOlwvXC93d3cubGljaGVuLnBsXC93cC1jb250ZW50XC91cGxvYWRzXC8yMDIxXC8wN1wvMzAtUGllc3phLVBpZWxncnp5bWthLURpZWNlemppLUJ5ZGdvc2tpZWouanBnIiwic2xpZGVzaG93IjoiYTE5ODg3MiJ9\">\n\t\t\t\t\t<div class=\"e-gallery-image elementor-gallery-item__image\" data-thumbnail=\"https:\/\/www.lichen.pl\/wp-content\/uploads\/2021\/07\/30-Piesza-Pielgrzymka-Diecezji-Bydgoskiej-200x300.jpg\" data-width=\"200\" data-height=\"300\" aria-label=\"\" role=\"img\" ><\/div>\n\t\t\t\t\t\t\t\t\t\t\t<div class=\"elementor-gallery-item__overlay\"><\/div>\n\t\t\t\t\t\t\t\t\t\t\t\t\t\t<\/a>\n\t\t\t\t\t\t\t<a class=\"e-gallery-item elementor-gallery-item elementor-animated-content\" href=\"https:\/\/www.lichen.pl\/wp-content\/uploads\/2021\/07\/31-Piesza-Pielgrzymka-Diecezji-Bydgoskiej.jpg\" data-elementor-open-lightbox=\"yes\" data-elementor-lightbox-slideshow=\"a198872\" data-elementor-lightbox-title=\"17 Piesza Pielgrzymka Diecezji Bydgoskiej\" data-e-action-hash=\"#elementor-action%3Aaction%3Dlightbox%26settings%3DeyJpZCI6MjIyODYsInVybCI6Imh0dHBzOlwvXC93d3cubGljaGVuLnBsXC93cC1jb250ZW50XC91cGxvYWRzXC8yMDIxXC8wN1wvMzEtUGllc3phLVBpZWxncnp5bWthLURpZWNlemppLUJ5ZGdvc2tpZWouanBnIiwic2xpZGVzaG93IjoiYTE5ODg3MiJ9\">\n\t\t\t\t\t<div class=\"e-gallery-image elementor-gallery-item__image\" data-thumbnail=\"https:\/\/www.lichen.pl\/wp-content\/uploads\/2021\/07\/31-Piesza-Pielgrzymka-Diecezji-Bydgoskiej-300x200.jpg\" data-width=\"300\" data-height=\"200\" aria-label=\"\" role=\"img\" ><\/div>\n\t\t\t\t\t\t\t\t\t\t\t<div class=\"elementor-gallery-item__overlay\"><\/div>\n\t\t\t\t\t\t\t\t\t\t\t\t\t\t<\/a>\n\t\t\t\t\t\t\t<a class=\"e-gallery-item elementor-gallery-item elementor-animated-content\" href=\"https:\/\/www.lichen.pl\/wp-content\/uploads\/2021\/07\/32-Piesza-Pielgrzymka-Diecezji-Bydgoskiej.jpg\" data-elementor-open-lightbox=\"yes\" data-elementor-lightbox-slideshow=\"a198872\" data-elementor-lightbox-title=\"17 Piesza Pielgrzymka Diecezji Bydgoskiej\" data-e-action-hash=\"#elementor-action%3Aaction%3Dlightbox%26settings%3DeyJpZCI6MjIyOTEsInVybCI6Imh0dHBzOlwvXC93d3cubGljaGVuLnBsXC93cC1jb250ZW50XC91cGxvYWRzXC8yMDIxXC8wN1wvMzItUGllc3phLVBpZWxncnp5bWthLURpZWNlemppLUJ5ZGdvc2tpZWouanBnIiwic2xpZGVzaG93IjoiYTE5ODg3MiJ9\">\n\t\t\t\t\t<div class=\"e-gallery-image elementor-gallery-item__image\" data-thumbnail=\"https:\/\/www.lichen.pl\/wp-content\/uploads\/2021\/07\/32-Piesza-Pielgrzymka-Diecezji-Bydgoskiej-200x300.jpg\" data-width=\"200\" data-height=\"300\" aria-label=\"\" role=\"img\" ><\/div>\n\t\t\t\t\t\t\t\t\t\t\t<div class=\"elementor-gallery-item__overlay\"><\/div>\n\t\t\t\t\t\t\t\t\t\t\t\t\t\t<\/a>\n\t\t\t\t\t\t\t<a class=\"e-gallery-item elementor-gallery-item elementor-animated-content\" href=\"https:\/\/www.lichen.pl\/wp-content\/uploads\/2021\/07\/38-Piesza-Pielgrzymka-Diecezji-Bydgoskiej.jpg\" data-elementor-open-lightbox=\"yes\" data-elementor-lightbox-slideshow=\"a198872\" data-elementor-lightbox-title=\"17 Piesza Pielgrzymka Diecezji Bydgoskiej\" data-e-action-hash=\"#elementor-action%3Aaction%3Dlightbox%26settings%3DeyJpZCI6MjIzMjEsInVybCI6Imh0dHBzOlwvXC93d3cubGljaGVuLnBsXC93cC1jb250ZW50XC91cGxvYWRzXC8yMDIxXC8wN1wvMzgtUGllc3phLVBpZWxncnp5bWthLURpZWNlemppLUJ5ZGdvc2tpZWouanBnIiwic2xpZGVzaG93IjoiYTE5ODg3MiJ9\">\n\t\t\t\t\t<div class=\"e-gallery-image elementor-gallery-item__image\" data-thumbnail=\"https:\/\/www.lichen.pl\/wp-content\/uploads\/2021\/07\/38-Piesza-Pielgrzymka-Diecezji-Bydgoskiej-200x300.jpg\" data-width=\"200\" data-height=\"300\" aria-label=\"\" role=\"img\" ><\/div>\n\t\t\t\t\t\t\t\t\t\t\t<div class=\"elementor-gallery-item__overlay\"><\/div>\n\t\t\t\t\t\t\t\t\t\t\t\t\t\t<\/a>\n\t\t\t\t\t\t\t<a class=\"e-gallery-item elementor-gallery-item elementor-animated-content\" href=\"https:\/\/www.lichen.pl\/wp-content\/uploads\/2021\/07\/36-Piesza-Pielgrzymka-Diecezji-Bydgoskiej.jpg\" data-elementor-open-lightbox=\"yes\" data-elementor-lightbox-slideshow=\"a198872\" data-elementor-lightbox-title=\"17 Piesza Pielgrzymka Diecezji Bydgoskiej\" data-e-action-hash=\"#elementor-action%3Aaction%3Dlightbox%26settings%3DeyJpZCI6MjIzMTEsInVybCI6Imh0dHBzOlwvXC93d3cubGljaGVuLnBsXC93cC1jb250ZW50XC91cGxvYWRzXC8yMDIxXC8wN1wvMzYtUGllc3phLVBpZWxncnp5bWthLURpZWNlemppLUJ5ZGdvc2tpZWouanBnIiwic2xpZGVzaG93IjoiYTE5ODg3MiJ9\">\n\t\t\t\t\t<div class=\"e-gallery-image elementor-gallery-item__image\" data-thumbnail=\"https:\/\/www.lichen.pl\/wp-content\/uploads\/2021\/07\/36-Piesza-Pielgrzymka-Diecezji-Bydgoskiej-200x300.jpg\" data-width=\"200\" data-height=\"300\" aria-label=\"\" role=\"img\" ><\/div>\n\t\t\t\t\t\t\t\t\t\t\t<div class=\"elementor-gallery-item__overlay\"><\/div>\n\t\t\t\t\t\t\t\t\t\t\t\t\t\t<\/a>\n\t\t\t\t\t\t\t<a class=\"e-gallery-item elementor-gallery-item elementor-animated-content\" href=\"https:\/\/www.lichen.pl\/wp-content\/uploads\/2021\/07\/35-Piesza-Pielgrzymka-Diecezji-Bydgoskiej.jpg\" data-elementor-open-lightbox=\"yes\" data-elementor-lightbox-slideshow=\"a198872\" data-elementor-lightbox-title=\"17 Piesza Pielgrzymka Diecezji Bydgoskiej\" data-e-action-hash=\"#elementor-action%3Aaction%3Dlightbox%26settings%3DeyJpZCI6MjIzMDYsInVybCI6Imh0dHBzOlwvXC93d3cubGljaGVuLnBsXC93cC1jb250ZW50XC91cGxvYWRzXC8yMDIxXC8wN1wvMzUtUGllc3phLVBpZWxncnp5bWthLURpZWNlemppLUJ5ZGdvc2tpZWouanBnIiwic2xpZGVzaG93IjoiYTE5ODg3MiJ9\">\n\t\t\t\t\t<div class=\"e-gallery-image elementor-gallery-item__image\" data-thumbnail=\"https:\/\/www.lichen.pl\/wp-content\/uploads\/2021\/07\/35-Piesza-Pielgrzymka-Diecezji-Bydgoskiej-200x300.jpg\" data-width=\"200\" data-height=\"300\" aria-label=\"\" role=\"img\" ><\/div>\n\t\t\t\t\t\t\t\t\t\t\t<div class=\"elementor-gallery-item__overlay\"><\/div>\n\t\t\t\t\t\t\t\t\t\t\t\t\t\t<\/a>\n\t\t\t\t\t\t\t<a class=\"e-gallery-item elementor-gallery-item elementor-animated-content\" href=\"https:\/\/www.lichen.pl\/wp-content\/uploads\/2021\/07\/34-Piesza-Pielgrzymka-Diecezji-Bydgoskiej.jpg\" data-elementor-open-lightbox=\"yes\" data-elementor-lightbox-slideshow=\"a198872\" data-elementor-lightbox-title=\"17 Piesza Pielgrzymka Diecezji Bydgoskiej\" data-e-action-hash=\"#elementor-action%3Aaction%3Dlightbox%26settings%3DeyJpZCI6MjIzMDEsInVybCI6Imh0dHBzOlwvXC93d3cubGljaGVuLnBsXC93cC1jb250ZW50XC91cGxvYWRzXC8yMDIxXC8wN1wvMzQtUGllc3phLVBpZWxncnp5bWthLURpZWNlemppLUJ5ZGdvc2tpZWouanBnIiwic2xpZGVzaG93IjoiYTE5ODg3MiJ9\">\n\t\t\t\t\t<div class=\"e-gallery-image elementor-gallery-item__image\" data-thumbnail=\"https:\/\/www.lichen.pl\/wp-content\/uploads\/2021\/07\/34-Piesza-Pielgrzymka-Diecezji-Bydgoskiej-200x300.jpg\" data-width=\"200\" data-height=\"300\" aria-label=\"\" role=\"img\" ><\/div>\n\t\t\t\t\t\t\t\t\t\t\t<div class=\"elementor-gallery-item__overlay\"><\/div>\n\t\t\t\t\t\t\t\t\t\t\t\t\t\t<\/a>\n\t\t\t\t\t\t\t<a class=\"e-gallery-item elementor-gallery-item elementor-animated-content\" href=\"https:\/\/www.lichen.pl\/wp-content\/uploads\/2021\/07\/33-Piesza-Pielgrzymka-Diecezji-Bydgoskiej.jpg\" data-elementor-open-lightbox=\"yes\" data-elementor-lightbox-slideshow=\"a198872\" data-elementor-lightbox-title=\"17 Piesza Pielgrzymka Diecezji Bydgoskiej\" data-e-action-hash=\"#elementor-action%3Aaction%3Dlightbox%26settings%3DeyJpZCI6MjIyOTYsInVybCI6Imh0dHBzOlwvXC93d3cubGljaGVuLnBsXC93cC1jb250ZW50XC91cGxvYWRzXC8yMDIxXC8wN1wvMzMtUGllc3phLVBpZWxncnp5bWthLURpZWNlemppLUJ5ZGdvc2tpZWouanBnIiwic2xpZGVzaG93IjoiYTE5ODg3MiJ9\">\n\t\t\t\t\t<div class=\"e-gallery-image elementor-gallery-item__image\" data-thumbnail=\"https:\/\/www.lichen.pl\/wp-content\/uploads\/2021\/07\/33-Piesza-Pielgrzymka-Diecezji-Bydgoskiej-200x300.jpg\" data-width=\"200\" data-height=\"300\" aria-label=\"\" role=\"img\" ><\/div>\n\t\t\t\t\t\t\t\t\t\t\t<div class=\"elementor-gallery-item__overlay\"><\/div>\n\t\t\t\t\t\t\t\t\t\t\t\t\t\t<\/a>\n\t\t\t\t\t\t\t<a class=\"e-gallery-item elementor-gallery-item elementor-animated-content\" href=\"https:\/\/www.lichen.pl\/wp-content\/uploads\/2021\/07\/39-Piesza-Pielgrzymka-Diecezji-Bydgoskiej.jpg\" data-elementor-open-lightbox=\"yes\" data-elementor-lightbox-slideshow=\"a198872\" data-elementor-lightbox-title=\"17 Piesza Pielgrzymka Diecezji Bydgoskiej\" data-e-action-hash=\"#elementor-action%3Aaction%3Dlightbox%26settings%3DeyJpZCI6MjIzMjYsInVybCI6Imh0dHBzOlwvXC93d3cubGljaGVuLnBsXC93cC1jb250ZW50XC91cGxvYWRzXC8yMDIxXC8wN1wvMzktUGllc3phLVBpZWxncnp5bWthLURpZWNlemppLUJ5ZGdvc2tpZWouanBnIiwic2xpZGVzaG93IjoiYTE5ODg3MiJ9\">\n\t\t\t\t\t<div class=\"e-gallery-image elementor-gallery-item__image\" data-thumbnail=\"https:\/\/www.lichen.pl\/wp-content\/uploads\/2021\/07\/39-Piesza-Pielgrzymka-Diecezji-Bydgoskiej-300x200.jpg\" data-width=\"300\" data-height=\"200\" aria-label=\"\" role=\"img\" ><\/div>\n\t\t\t\t\t\t\t\t\t\t\t<div class=\"elementor-gallery-item__overlay\"><\/div>\n\t\t\t\t\t\t\t\t\t\t\t\t\t\t<\/a>\n\t\t\t\t\t<\/div>\n\t\t\t\t\t<\/div>\n\t\t\t\t<\/div>\n\t\t\t\t<div class=\"elementor-element elementor-element-235c410 elementor-widget-divider--view-line elementor-widget elementor-widget-divider\" data-id=\"235c410\" data-element_type=\"widget\" data-e-type=\"widget\" data-widget_type=\"divider.default\">\n\t\t\t\t<div class=\"elementor-widget-container\">\n\t\t\t\t\t\t\t<div class=\"elementor-divider\">\n\t\t\t<span class=\"elementor-divider-separator\">\n\t\t\t\t\t\t<\/span>\n\t\t<\/div>\n\t\t\t\t\t\t<\/div>\n\t\t\t\t<\/div>\n\t\t\t\t\t<\/div>\n\t\t<\/div>\n\t\t\t\t\t<\/div>\n\t\t<\/section>\n\t\t\t\t<\/div>","protected":false},"excerpt":{"rendered":"<p>Jak co roku wielu pielgrzym\u00f3w z ca\u0142ej Polski zmierza ku Jasnej G\u00f3rze. Niekt\u00f3re z grup, po drodze decyduj\u0105 si\u0119, by zajrze\u0107 r\u00f3wnie\u017c do Domu Matki Bo\u017cej Liche\u0144skiej. Jedna z nich nadk\u0142ada nawet jeden dzie\u0144 drogi!Piesza Pielgrzymka Diecezji Bydgoskiej dotar\u0142a do liche\u0144skiego sanktuarium przed po\u0142udniem, w sobot\u0119 24 lipca. Pielgrzymi wzi\u0119li udzia\u0142 we Mszy \u015awi\u0119tej w [&hellip;]<\/p>\n","protected":false},"author":2,"featured_media":22186,"comment_status":"open","ping_status":"open","sticky":false,"template":"","format":"standard","meta":{"footnotes":""},"categories":[1],"tags":[],"class_list":["post-22183","post","type-post","status-publish","format-standard","has-post-thumbnail","hentry","category-aktualnosci","wpbf-post"],"yoast_head":"<!-- This site is optimized with the Yoast SEO plugin v27.4 - https:\/\/yoast.com\/product\/yoast-seo-wordpress\/ -->\n<title>17. Piesza Pielgrzymka Diecezji Bydgoskiej dotar\u0142a do Lichenia - SANKTUARIUM W LICHENIU<\/title>\n<meta name=\"robots\" content=\"index, follow, max-snippet:-1, max-image-preview:large, max-video-preview:-1\" \/>\n<link rel=\"canonical\" href=\"https:\/\/www.lichen.pl\/fr\/17-piesza-pielgrzymka-diecezji-bydgoskiej-dotarla-do-lichenia\/\" \/>\n<meta property=\"og:locale\" content=\"fr_FR\" \/>\n<meta property=\"og:type\" content=\"article\" \/>\n<meta property=\"og:title\" content=\"17. Piesza Pielgrzymka Diecezji Bydgoskiej dotar\u0142a do Lichenia - SANKTUARIUM W LICHENIU\" \/>\n<meta property=\"og:description\" content=\"Jak co roku wielu pielgrzym\u00f3w z ca\u0142ej Polski zmierza ku Jasnej G\u00f3rze. Niekt\u00f3re z grup, po drodze decyduj\u0105 si\u0119, by zajrze\u0107 r\u00f3wnie\u017c do Domu Matki Bo\u017cej Liche\u0144skiej. Jedna z nich nadk\u0142ada nawet jeden dzie\u0144 drogi!Piesza Pielgrzymka Diecezji Bydgoskiej dotar\u0142a do liche\u0144skiego sanktuarium przed po\u0142udniem, w sobot\u0119 24 lipca. Pielgrzymi wzi\u0119li udzia\u0142 we Mszy \u015awi\u0119tej w [&hellip;]\" \/>\n<meta property=\"og:url\" content=\"https:\/\/www.lichen.pl\/fr\/17-piesza-pielgrzymka-diecezji-bydgoskiej-dotarla-do-lichenia\/\" \/>\n<meta property=\"og:site_name\" content=\"SANKTUARIUM W LICHENIU\" \/>\n<meta property=\"article:published_time\" content=\"2021-07-24T16:22:01+00:00\" \/>\n<meta property=\"article:modified_time\" content=\"2021-07-28T17:58:15+00:00\" \/>\n<meta property=\"og:image\" content=\"https:\/\/www.lichen.pl\/wp-content\/uploads\/2021\/07\/Piesza-Pielgrzymka-Diecezji-Bydgoskiej-KADR-676x956-1.png\" \/>\n\t<meta property=\"og:image:width\" content=\"676\" \/>\n\t<meta property=\"og:image:height\" content=\"494\" \/>\n\t<meta property=\"og:image:type\" content=\"image\/png\" \/>\n<meta name=\"author\" content=\"Arkadiusz Gorgolewski\" \/>\n<meta name=\"twitter:card\" content=\"summary_large_image\" \/>\n<meta name=\"twitter:label1\" content=\"\u00c9crit par\" \/>\n\t<meta name=\"twitter:data1\" content=\"Arkadiusz Gorgolewski\" \/>\n\t<meta name=\"twitter:label2\" content=\"Dur\u00e9e de lecture estim\u00e9e\" \/>\n\t<meta name=\"twitter:data2\" content=\"2 minutes\" \/>\n<script type=\"application\/ld+json\" class=\"yoast-schema-graph\">{\"@context\":\"https:\\\/\\\/schema.org\",\"@graph\":[{\"@type\":\"Article\",\"@id\":\"https:\\\/\\\/www.lichen.pl\\\/17-piesza-pielgrzymka-diecezji-bydgoskiej-dotarla-do-lichenia\\\/#article\",\"isPartOf\":{\"@id\":\"https:\\\/\\\/www.lichen.pl\\\/17-piesza-pielgrzymka-diecezji-bydgoskiej-dotarla-do-lichenia\\\/\"},\"author\":{\"name\":\"Arkadiusz Gorgolewski\",\"@id\":\"https:\\\/\\\/www.lichen.pl\\\/fr\\\/#\\\/schema\\\/person\\\/56fc5b38d70a2b34983408f9a457fd9d\"},\"headline\":\"17. Piesza Pielgrzymka Diecezji Bydgoskiej dotar\u0142a do Lichenia\",\"datePublished\":\"2021-07-24T16:22:01+00:00\",\"dateModified\":\"2021-07-28T17:58:15+00:00\",\"mainEntityOfPage\":{\"@id\":\"https:\\\/\\\/www.lichen.pl\\\/17-piesza-pielgrzymka-diecezji-bydgoskiej-dotarla-do-lichenia\\\/\"},\"wordCount\":294,\"commentCount\":0,\"image\":{\"@id\":\"https:\\\/\\\/www.lichen.pl\\\/17-piesza-pielgrzymka-diecezji-bydgoskiej-dotarla-do-lichenia\\\/#primaryimage\"},\"thumbnailUrl\":\"https:\\\/\\\/www.lichen.pl\\\/wp-content\\\/uploads\\\/2021\\\/07\\\/Piesza-Pielgrzymka-Diecezji-Bydgoskiej-KADR-676x956-1.png\",\"articleSection\":[\"Aktualno\u015bci\"],\"inLanguage\":\"fr-FR\",\"potentialAction\":[{\"@type\":\"CommentAction\",\"name\":\"Comment\",\"target\":[\"https:\\\/\\\/www.lichen.pl\\\/17-piesza-pielgrzymka-diecezji-bydgoskiej-dotarla-do-lichenia\\\/#respond\"]}]},{\"@type\":\"WebPage\",\"@id\":\"https:\\\/\\\/www.lichen.pl\\\/17-piesza-pielgrzymka-diecezji-bydgoskiej-dotarla-do-lichenia\\\/\",\"url\":\"https:\\\/\\\/www.lichen.pl\\\/17-piesza-pielgrzymka-diecezji-bydgoskiej-dotarla-do-lichenia\\\/\",\"name\":\"17. Piesza Pielgrzymka Diecezji Bydgoskiej dotar\u0142a do Lichenia - SANKTUARIUM W LICHENIU\",\"isPartOf\":{\"@id\":\"https:\\\/\\\/www.lichen.pl\\\/fr\\\/#website\"},\"primaryImageOfPage\":{\"@id\":\"https:\\\/\\\/www.lichen.pl\\\/17-piesza-pielgrzymka-diecezji-bydgoskiej-dotarla-do-lichenia\\\/#primaryimage\"},\"image\":{\"@id\":\"https:\\\/\\\/www.lichen.pl\\\/17-piesza-pielgrzymka-diecezji-bydgoskiej-dotarla-do-lichenia\\\/#primaryimage\"},\"thumbnailUrl\":\"https:\\\/\\\/www.lichen.pl\\\/wp-content\\\/uploads\\\/2021\\\/07\\\/Piesza-Pielgrzymka-Diecezji-Bydgoskiej-KADR-676x956-1.png\",\"datePublished\":\"2021-07-24T16:22:01+00:00\",\"dateModified\":\"2021-07-28T17:58:15+00:00\",\"author\":{\"@id\":\"https:\\\/\\\/www.lichen.pl\\\/fr\\\/#\\\/schema\\\/person\\\/56fc5b38d70a2b34983408f9a457fd9d\"},\"breadcrumb\":{\"@id\":\"https:\\\/\\\/www.lichen.pl\\\/17-piesza-pielgrzymka-diecezji-bydgoskiej-dotarla-do-lichenia\\\/#breadcrumb\"},\"inLanguage\":\"fr-FR\",\"potentialAction\":[{\"@type\":\"ReadAction\",\"target\":[\"https:\\\/\\\/www.lichen.pl\\\/17-piesza-pielgrzymka-diecezji-bydgoskiej-dotarla-do-lichenia\\\/\"]}]},{\"@type\":\"ImageObject\",\"inLanguage\":\"fr-FR\",\"@id\":\"https:\\\/\\\/www.lichen.pl\\\/17-piesza-pielgrzymka-diecezji-bydgoskiej-dotarla-do-lichenia\\\/#primaryimage\",\"url\":\"https:\\\/\\\/www.lichen.pl\\\/wp-content\\\/uploads\\\/2021\\\/07\\\/Piesza-Pielgrzymka-Diecezji-Bydgoskiej-KADR-676x956-1.png\",\"contentUrl\":\"https:\\\/\\\/www.lichen.pl\\\/wp-content\\\/uploads\\\/2021\\\/07\\\/Piesza-Pielgrzymka-Diecezji-Bydgoskiej-KADR-676x956-1.png\",\"width\":676,\"height\":494},{\"@type\":\"BreadcrumbList\",\"@id\":\"https:\\\/\\\/www.lichen.pl\\\/17-piesza-pielgrzymka-diecezji-bydgoskiej-dotarla-do-lichenia\\\/#breadcrumb\",\"itemListElement\":[{\"@type\":\"ListItem\",\"position\":1,\"name\":\"Strona g\u0142\u00f3wna\",\"item\":\"https:\\\/\\\/www.lichen.pl\\\/\"},{\"@type\":\"ListItem\",\"position\":2,\"name\":\"17. Piesza Pielgrzymka Diecezji Bydgoskiej dotar\u0142a do Lichenia\"}]},{\"@type\":\"WebSite\",\"@id\":\"https:\\\/\\\/www.lichen.pl\\\/fr\\\/#website\",\"url\":\"https:\\\/\\\/www.lichen.pl\\\/fr\\\/\",\"name\":\"SANKTUARIUM W LICHENIU\",\"description\":\"MATKI BO\u017bEJ LICHE\u0143SKIEJ BOLESNEJ KR\u00d3LOWEJ POLSKI\",\"potentialAction\":[{\"@type\":\"SearchAction\",\"target\":{\"@type\":\"EntryPoint\",\"urlTemplate\":\"https:\\\/\\\/www.lichen.pl\\\/fr\\\/?s={search_term_string}\"},\"query-input\":{\"@type\":\"PropertyValueSpecification\",\"valueRequired\":true,\"valueName\":\"search_term_string\"}}],\"inLanguage\":\"fr-FR\"},{\"@type\":\"Person\",\"@id\":\"https:\\\/\\\/www.lichen.pl\\\/fr\\\/#\\\/schema\\\/person\\\/56fc5b38d70a2b34983408f9a457fd9d\",\"name\":\"Arkadiusz Gorgolewski\",\"image\":{\"@type\":\"ImageObject\",\"inLanguage\":\"fr-FR\",\"@id\":\"https:\\\/\\\/secure.gravatar.com\\\/avatar\\\/0f571b370f5aa245b1fd3b9c945511b004fe17579bdefd5054d99f0ba315149c?s=96&d=retro&r=g\",\"url\":\"https:\\\/\\\/secure.gravatar.com\\\/avatar\\\/0f571b370f5aa245b1fd3b9c945511b004fe17579bdefd5054d99f0ba315149c?s=96&d=retro&r=g\",\"contentUrl\":\"https:\\\/\\\/secure.gravatar.com\\\/avatar\\\/0f571b370f5aa245b1fd3b9c945511b004fe17579bdefd5054d99f0ba315149c?s=96&d=retro&r=g\",\"caption\":\"Arkadiusz Gorgolewski\"},\"url\":\"https:\\\/\\\/www.lichen.pl\\\/fr\\\/author\\\/sanadmin\\\/\"}]}<\/script>\n<!-- \/ Yoast SEO plugin. -->","yoast_head_json":{"title":"17. Piesza Pielgrzymka Diecezji Bydgoskiej dotar\u0142a do Lichenia - SANKTUARIUM W LICHENIU","robots":{"index":"index","follow":"follow","max-snippet":"max-snippet:-1","max-image-preview":"max-image-preview:large","max-video-preview":"max-video-preview:-1"},"canonical":"https:\/\/www.lichen.pl\/fr\/17-piesza-pielgrzymka-diecezji-bydgoskiej-dotarla-do-lichenia\/","og_locale":"fr_FR","og_type":"article","og_title":"17. Piesza Pielgrzymka Diecezji Bydgoskiej dotar\u0142a do Lichenia - SANKTUARIUM W LICHENIU","og_description":"Jak co roku wielu pielgrzym\u00f3w z ca\u0142ej Polski zmierza ku Jasnej G\u00f3rze. Niekt\u00f3re z grup, po drodze decyduj\u0105 si\u0119, by zajrze\u0107 r\u00f3wnie\u017c do Domu Matki Bo\u017cej Liche\u0144skiej. Jedna z nich nadk\u0142ada nawet jeden dzie\u0144 drogi!Piesza Pielgrzymka Diecezji Bydgoskiej dotar\u0142a do liche\u0144skiego sanktuarium przed po\u0142udniem, w sobot\u0119 24 lipca. Pielgrzymi wzi\u0119li udzia\u0142 we Mszy \u015awi\u0119tej w [&hellip;]","og_url":"https:\/\/www.lichen.pl\/fr\/17-piesza-pielgrzymka-diecezji-bydgoskiej-dotarla-do-lichenia\/","og_site_name":"SANKTUARIUM W LICHENIU","article_published_time":"2021-07-24T16:22:01+00:00","article_modified_time":"2021-07-28T17:58:15+00:00","og_image":[{"width":676,"height":494,"url":"https:\/\/www.lichen.pl\/wp-content\/uploads\/2021\/07\/Piesza-Pielgrzymka-Diecezji-Bydgoskiej-KADR-676x956-1.png","type":"image\/png"}],"author":"Arkadiusz Gorgolewski","twitter_card":"summary_large_image","twitter_misc":{"\u00c9crit par":"Arkadiusz Gorgolewski","Dur\u00e9e de lecture estim\u00e9e":"2 minutes"},"schema":{"@context":"https:\/\/schema.org","@graph":[{"@type":"Article","@id":"https:\/\/www.lichen.pl\/17-piesza-pielgrzymka-diecezji-bydgoskiej-dotarla-do-lichenia\/#article","isPartOf":{"@id":"https:\/\/www.lichen.pl\/17-piesza-pielgrzymka-diecezji-bydgoskiej-dotarla-do-lichenia\/"},"author":{"name":"Arkadiusz Gorgolewski","@id":"https:\/\/www.lichen.pl\/fr\/#\/schema\/person\/56fc5b38d70a2b34983408f9a457fd9d"},"headline":"17. Piesza Pielgrzymka Diecezji Bydgoskiej dotar\u0142a do Lichenia","datePublished":"2021-07-24T16:22:01+00:00","dateModified":"2021-07-28T17:58:15+00:00","mainEntityOfPage":{"@id":"https:\/\/www.lichen.pl\/17-piesza-pielgrzymka-diecezji-bydgoskiej-dotarla-do-lichenia\/"},"wordCount":294,"commentCount":0,"image":{"@id":"https:\/\/www.lichen.pl\/17-piesza-pielgrzymka-diecezji-bydgoskiej-dotarla-do-lichenia\/#primaryimage"},"thumbnailUrl":"https:\/\/www.lichen.pl\/wp-content\/uploads\/2021\/07\/Piesza-Pielgrzymka-Diecezji-Bydgoskiej-KADR-676x956-1.png","articleSection":["Aktualno\u015bci"],"inLanguage":"fr-FR","potentialAction":[{"@type":"CommentAction","name":"Comment","target":["https:\/\/www.lichen.pl\/17-piesza-pielgrzymka-diecezji-bydgoskiej-dotarla-do-lichenia\/#respond"]}]},{"@type":"WebPage","@id":"https:\/\/www.lichen.pl\/17-piesza-pielgrzymka-diecezji-bydgoskiej-dotarla-do-lichenia\/","url":"https:\/\/www.lichen.pl\/17-piesza-pielgrzymka-diecezji-bydgoskiej-dotarla-do-lichenia\/","name":"17. Piesza Pielgrzymka Diecezji Bydgoskiej dotar\u0142a do Lichenia - SANKTUARIUM W LICHENIU","isPartOf":{"@id":"https:\/\/www.lichen.pl\/fr\/#website"},"primaryImageOfPage":{"@id":"https:\/\/www.lichen.pl\/17-piesza-pielgrzymka-diecezji-bydgoskiej-dotarla-do-lichenia\/#primaryimage"},"image":{"@id":"https:\/\/www.lichen.pl\/17-piesza-pielgrzymka-diecezji-bydgoskiej-dotarla-do-lichenia\/#primaryimage"},"thumbnailUrl":"https:\/\/www.lichen.pl\/wp-content\/uploads\/2021\/07\/Piesza-Pielgrzymka-Diecezji-Bydgoskiej-KADR-676x956-1.png","datePublished":"2021-07-24T16:22:01+00:00","dateModified":"2021-07-28T17:58:15+00:00","author":{"@id":"https:\/\/www.lichen.pl\/fr\/#\/schema\/person\/56fc5b38d70a2b34983408f9a457fd9d"},"breadcrumb":{"@id":"https:\/\/www.lichen.pl\/17-piesza-pielgrzymka-diecezji-bydgoskiej-dotarla-do-lichenia\/#breadcrumb"},"inLanguage":"fr-FR","potentialAction":[{"@type":"ReadAction","target":["https:\/\/www.lichen.pl\/17-piesza-pielgrzymka-diecezji-bydgoskiej-dotarla-do-lichenia\/"]}]},{"@type":"ImageObject","inLanguage":"fr-FR","@id":"https:\/\/www.lichen.pl\/17-piesza-pielgrzymka-diecezji-bydgoskiej-dotarla-do-lichenia\/#primaryimage","url":"https:\/\/www.lichen.pl\/wp-content\/uploads\/2021\/07\/Piesza-Pielgrzymka-Diecezji-Bydgoskiej-KADR-676x956-1.png","contentUrl":"https:\/\/www.lichen.pl\/wp-content\/uploads\/2021\/07\/Piesza-Pielgrzymka-Diecezji-Bydgoskiej-KADR-676x956-1.png","width":676,"height":494},{"@type":"BreadcrumbList","@id":"https:\/\/www.lichen.pl\/17-piesza-pielgrzymka-diecezji-bydgoskiej-dotarla-do-lichenia\/#breadcrumb","itemListElement":[{"@type":"ListItem","position":1,"name":"Strona g\u0142\u00f3wna","item":"https:\/\/www.lichen.pl\/"},{"@type":"ListItem","position":2,"name":"17. Piesza Pielgrzymka Diecezji Bydgoskiej dotar\u0142a do Lichenia"}]},{"@type":"WebSite","@id":"https:\/\/www.lichen.pl\/fr\/#website","url":"https:\/\/www.lichen.pl\/fr\/","name":"SANCTUAIRE EN LICHENIE","description":"LA MAUVAISE REINE DE POLOGNE DE NOTRE LICHEN","potentialAction":[{"@type":"SearchAction","target":{"@type":"EntryPoint","urlTemplate":"https:\/\/www.lichen.pl\/fr\/?s={search_term_string}"},"query-input":{"@type":"PropertyValueSpecification","valueRequired":true,"valueName":"search_term_string"}}],"inLanguage":"fr-FR"},{"@type":"Person","@id":"https:\/\/www.lichen.pl\/fr\/#\/schema\/person\/56fc5b38d70a2b34983408f9a457fd9d","name":"Arkadiusz Gorgolewski","image":{"@type":"ImageObject","inLanguage":"fr-FR","@id":"https:\/\/secure.gravatar.com\/avatar\/0f571b370f5aa245b1fd3b9c945511b004fe17579bdefd5054d99f0ba315149c?s=96&d=retro&r=g","url":"https:\/\/secure.gravatar.com\/avatar\/0f571b370f5aa245b1fd3b9c945511b004fe17579bdefd5054d99f0ba315149c?s=96&d=retro&r=g","contentUrl":"https:\/\/secure.gravatar.com\/avatar\/0f571b370f5aa245b1fd3b9c945511b004fe17579bdefd5054d99f0ba315149c?s=96&d=retro&r=g","caption":"Arkadiusz Gorgolewski"},"url":"https:\/\/www.lichen.pl\/fr\/author\/sanadmin\/"}]}},"_links":{"self":[{"href":"https:\/\/www.lichen.pl\/fr\/wp-json\/wp\/v2\/posts\/22183","targetHints":{"allow":["GET"]}}],"collection":[{"href":"https:\/\/www.lichen.pl\/fr\/wp-json\/wp\/v2\/posts"}],"about":[{"href":"https:\/\/www.lichen.pl\/fr\/wp-json\/wp\/v2\/types\/post"}],"author":[{"embeddable":true,"href":"https:\/\/www.lichen.pl\/fr\/wp-json\/wp\/v2\/users\/2"}],"replies":[{"embeddable":true,"href":"https:\/\/www.lichen.pl\/fr\/wp-json\/wp\/v2\/comments?post=22183"}],"version-history":[{"count":24,"href":"https:\/\/www.lichen.pl\/fr\/wp-json\/wp\/v2\/posts\/22183\/revisions"}],"predecessor-version":[{"id":22599,"href":"https:\/\/www.lichen.pl\/fr\/wp-json\/wp\/v2\/posts\/22183\/revisions\/22599"}],"wp:featuredmedia":[{"embeddable":true,"href":"https:\/\/www.lichen.pl\/fr\/wp-json\/wp\/v2\/media\/22186"}],"wp:attachment":[{"href":"https:\/\/www.lichen.pl\/fr\/wp-json\/wp\/v2\/media?parent=22183"}],"wp:term":[{"taxonomy":"category","embeddable":true,"href":"https:\/\/www.lichen.pl\/fr\/wp-json\/wp\/v2\/categories?post=22183"},{"taxonomy":"post_tag","embeddable":true,"href":"https:\/\/www.lichen.pl\/fr\/wp-json\/wp\/v2\/tags?post=22183"}],"curies":[{"name":"wp","href":"https:\/\/api.w.org\/{rel}","templated":true}]}}