{"id":2238,"date":"2020-06-30T07:21:53","date_gmt":"2020-06-30T07:21:53","guid":{"rendered":"http:\/\/www.lichen.pl\/ii-ogolnopolski-dzien-modlitw-w-intencji-zwiazkow-niesakramentalnych-copy\/"},"modified":"2021-06-17T10:29:18","modified_gmt":"2021-06-17T10:29:18","slug":"basilica-sonans-zaproszenie-na-ii-miedzynarodowy-lichenski-festiwal-organowy","status":"publish","type":"post","link":"https:\/\/www.lichen.pl\/fr\/basilica-sonans-zaproszenie-na-ii-miedzynarodowy-lichenski-festiwal-organowy\/","title":{"rendered":"Basilica Sonans - Invitation au 2\u00e8me Festival International d&#039;Orgue de Lichen"},"content":{"rendered":"<div data-elementor-type=\"wp-post\" data-elementor-id=\"2238\" class=\"elementor elementor-2238\" data-elementor-post-type=\"post\">\n\t\t\t\t\t\t<section class=\"elementor-section elementor-top-section elementor-element elementor-element-dcc57a2 elementor-section-boxed elementor-section-height-default elementor-section-height-default\" data-id=\"dcc57a2\" data-element_type=\"section\" data-e-type=\"section\">\n\t\t\t\t\t\t<div class=\"elementor-container elementor-column-gap-default\">\n\t\t\t\t\t<div class=\"elementor-column elementor-col-100 elementor-top-column elementor-element elementor-element-1e909ff1\" data-id=\"1e909ff1\" data-element_type=\"column\" data-e-type=\"column\">\n\t\t\t<div class=\"elementor-widget-wrap elementor-element-populated\">\n\t\t\t\t\t\t<div class=\"elementor-element elementor-element-480a96f elementor-widget elementor-widget-heading\" data-id=\"480a96f\" data-element_type=\"widget\" data-e-type=\"widget\" data-widget_type=\"heading.default\">\n\t\t\t\t<div class=\"elementor-widget-container\">\n\t\t\t\t\t<h2 class=\"elementor-heading-title elementor-size-default\">Concert &quot;Musique et Parole&quot; interpr\u00e9t\u00e9 par le prof. dr. hab. Andrzej Chorosi\u0144ski ouvrira le dimanche 5 juillet le 2e Festival international d&#039;orgue de lichen &quot;Basilica sonans&quot;. Les concerts du festival auront lieu tous les dimanches \u00e0 14h30, jusqu&#039;au 30 ao\u00fbt de cette ann\u00e9e.<\/h2>\t\t\t\t<\/div>\n\t\t\t\t<\/div>\n\t\t\t\t<section class=\"elementor-section elementor-inner-section elementor-element elementor-element-5acfaff elementor-section-boxed elementor-section-height-default elementor-section-height-default\" data-id=\"5acfaff\" data-element_type=\"section\" data-e-type=\"section\">\n\t\t\t\t\t\t<div class=\"elementor-container elementor-column-gap-default\">\n\t\t\t\t\t<div class=\"elementor-column elementor-col-50 elementor-inner-column elementor-element elementor-element-0f8143d\" data-id=\"0f8143d\" data-element_type=\"column\" data-e-type=\"column\">\n\t\t\t<div class=\"elementor-widget-wrap elementor-element-populated\">\n\t\t\t\t\t\t<div class=\"elementor-element elementor-element-0f20425 elementor-widget elementor-widget-image\" data-id=\"0f20425\" data-element_type=\"widget\" data-e-type=\"widget\" data-widget_type=\"image.default\">\n\t\t\t\t<div class=\"elementor-widget-container\">\n\t\t\t\t\t\t\t\t\t\t\t\t\t\t\t<img fetchpriority=\"high\" decoding=\"async\" width=\"768\" height=\"1072\" src=\"https:\/\/www.lichen.pl\/wp-content\/uploads\/2020\/08\/II-Mi\u0119dzynarodowy-Festiwal-Organowy-A3-pion-1-Copy-768x1072.jpg\" class=\"attachment-medium_large size-medium_large wp-image-2245\" alt=\"\" srcset=\"https:\/\/www.lichen.pl\/wp-content\/uploads\/2020\/08\/II-Mi\u0119dzynarodowy-Festiwal-Organowy-A3-pion-1-Copy-768x1072.jpg 768w, https:\/\/www.lichen.pl\/wp-content\/uploads\/2020\/08\/II-Mi\u0119dzynarodowy-Festiwal-Organowy-A3-pion-1-Copy-800x1117.jpg 800w, https:\/\/www.lichen.pl\/wp-content\/uploads\/2020\/08\/II-Mi\u0119dzynarodowy-Festiwal-Organowy-A3-pion-1-Copy-215x300.jpg 215w, https:\/\/www.lichen.pl\/wp-content\/uploads\/2020\/08\/II-Mi\u0119dzynarodowy-Festiwal-Organowy-A3-pion-1-Copy-733x1024.jpg 733w, https:\/\/www.lichen.pl\/wp-content\/uploads\/2020\/08\/II-Mi\u0119dzynarodowy-Festiwal-Organowy-A3-pion-1-Copy-1100x1536.jpg 1100w, https:\/\/www.lichen.pl\/wp-content\/uploads\/2020\/08\/II-Mi\u0119dzynarodowy-Festiwal-Organowy-A3-pion-1-Copy.jpg 917w\" sizes=\"(max-width: 768px) 100vw, 768px\" \/>\t\t\t\t\t\t\t\t\t\t\t\t\t\t\t<\/div>\n\t\t\t\t<\/div>\n\t\t\t\t\t<\/div>\n\t\t<\/div>\n\t\t\t\t<div class=\"elementor-column elementor-col-50 elementor-inner-column elementor-element elementor-element-743b144\" data-id=\"743b144\" data-element_type=\"column\" data-e-type=\"column\">\n\t\t\t<div class=\"elementor-widget-wrap elementor-element-populated\">\n\t\t\t\t\t\t<div class=\"elementor-element elementor-element-2ba5254 elementor-widget elementor-widget-text-editor\" data-id=\"2ba5254\" data-element_type=\"widget\" data-e-type=\"widget\" data-widget_type=\"text-editor.default\">\n\t\t\t\t<div class=\"elementor-widget-container\">\n\t\t\t\t\t\t\t\t\t<p>Pour la deuxi\u00e8me fois, le Sanctuaire Notre-Dame de Liche\u0144 accueillera d&#039;\u00e9minents organistes europ\u00e9ens dans le cadre du Festival sonans de la Basilique. Les interpr\u00e8tes pr\u00e9senteront les \u0153uvres des compositeurs les plus \u00e9minents. La basilique accueillera des \u0153uvres de, entre autres, Fryderyk Chopin, Johann Sebastian Bach, Wolfgang Amadeus Mozart, Franz Schubert, Richard Wagner, Feliks Nowowiejski et Mieczys\u0142aw Surzy\u0144ski.<\/p><p><b>Concert d&#039;ouverture<\/b> d\u00e9di\u00e9 \u00e0 St. Jean-Paul II \u00e0 l&#039;occasion du 100e anniversaire de sa naissance, aura lieu le dimanche 5 juillet \u00e0 14h30. Dans la basilique de Liche\u0144, r\u00e9alis\u00e9e par le prof. Chorosi\u0144ski sera entendu, entre autres, par Toccata en r\u00e9 mineur de JS Bach, \u00c9tude en ut di\u00e8se mineur et nocturnes de F. Chopin, ainsi que l&#039;\u00c9l\u00e9gie en fa di\u00e8se mineur de M. Surzy\u0144ski. Lors du concert intitul\u00e9 &quot;La musique et la parole&quot;, les paroles de St. Jean-Paul II interpr\u00e9t\u00e9 par Micha\u0142 Chorosi\u0144ski, acteur de th\u00e9\u00e2tre et de cin\u00e9ma bien connu.<\/p><p><b>Premi\u00e8re \u00e9dition<\/b> Le Festival de musique d&#039;orgue Basilica Sonans a connu une grande popularit\u00e9. En 2019, des artistes polonais et \u00e9trangers ont particip\u00e9 \u00e0 des concerts hebdomadaires, notamment Bernhard Gfrerer de Salzbourg, Jan Van Mol d&#039;Anvers, Jean Christopher Geiser de Lausanne, Roman Perucki de Gda\u0144sk et Marek Stefa\u0144ski de Cracovie.<\/p>\t\t\t\t\t\t\t\t<\/div>\n\t\t\t\t<\/div>\n\t\t\t\t\t<\/div>\n\t\t<\/div>\n\t\t\t\t\t<\/div>\n\t\t<\/section>\n\t\t\t\t<div class=\"elementor-element elementor-element-61442e4 elementor-widget elementor-widget-spacer\" data-id=\"61442e4\" data-element_type=\"widget\" data-e-type=\"widget\" data-widget_type=\"spacer.default\">\n\t\t\t\t<div class=\"elementor-widget-container\">\n\t\t\t\t\t\t\t<div class=\"elementor-spacer\">\n\t\t\t<div class=\"elementor-spacer-inner\"><\/div>\n\t\t<\/div>\n\t\t\t\t\t\t<\/div>\n\t\t\t\t<\/div>\n\t\t\t\t<div class=\"elementor-element elementor-element-07b6255 elementor-widget elementor-widget-text-editor\" data-id=\"07b6255\" data-element_type=\"widget\" data-e-type=\"widget\" data-widget_type=\"text-editor.default\">\n\t\t\t\t<div class=\"elementor-widget-container\">\n\t\t\t\t\t\t\t\t\t<p><b>L&#039;orgue de la basilique de Liche\u0144<\/b> leur. st. Jana Paw\u0142a II est actuellement le plus grand instrument de Pologne et le quatri\u00e8me d&#039;Europe. Au classement mondial, ils occupent la 10\u00e8me place parmi les instruments sacr\u00e9s. Ils se composent de cinq parties : les orgues principaux (sud) situ\u00e9s au-dessus de l&#039;entr\u00e9e principale du temple, les orgues des all\u00e9es ouest et est, et deux parties plus petites situ\u00e9es au-dessus du presbyt\u00e8re. Les diff\u00e9rentes parties \u00e9taient reli\u00e9es par un chemin \u00e9lectronique dans une table de jeu collective \u00e0 six canaux plac\u00e9e dans le presbyt\u00e8re de la basilique. Au total, l&#039;instrument compte 12 323 tuyaux et 157 voix. La partie principale de l&#039;orgue, pesant pr\u00e8s de 50 tonnes, est \u00e9quip\u00e9e du plus grand tuyau d&#039;orgue de ce type en Pologne, en \u00e9tain - 783 cm de long et pesant environ 150 kg. Le concept sonore de l&#039;instrument a \u00e9t\u00e9 con\u00e7u par le prof. Chorosinski. L&#039;instrument a \u00e9t\u00e9 fabriqu\u00e9 par la soci\u00e9t\u00e9 Zych de Wo\u0142omin.<\/p>\t\t\t\t\t\t\t\t<\/div>\n\t\t\t\t<\/div>\n\t\t\t\t<div class=\"elementor-element elementor-element-12eb3fe elementor-widget elementor-widget-text-editor\" data-id=\"12eb3fe\" data-element_type=\"widget\" data-e-type=\"widget\" data-widget_type=\"text-editor.default\">\n\t\t\t\t<div class=\"elementor-widget-container\">\n\t\t\t\t\t\t\t\t\t<p>Texte : Justyna Zacharek, Bureau de presse du Sanctuaire<\/p>\t\t\t\t\t\t\t\t<\/div>\n\t\t\t\t<\/div>\n\t\t\t\t<div class=\"elementor-element elementor-element-93ec185 elementor-widget-divider--view-line elementor-widget elementor-widget-divider\" data-id=\"93ec185\" data-element_type=\"widget\" data-e-type=\"widget\" data-widget_type=\"divider.default\">\n\t\t\t\t<div class=\"elementor-widget-container\">\n\t\t\t\t\t\t\t<div class=\"elementor-divider\">\n\t\t\t<span class=\"elementor-divider-separator\">\n\t\t\t\t\t\t<\/span>\n\t\t<\/div>\n\t\t\t\t\t\t<\/div>\n\t\t\t\t<\/div>\n\t\t\t\t\t<\/div>\n\t\t<\/div>\n\t\t\t\t\t<\/div>\n\t\t<\/section>\n\t\t\t\t<\/div>","protected":false},"excerpt":{"rendered":"<p>Koncert \u201eMuzyka i S\u0142owo\u201d w wykonaniu prof. dr. hab. Andrzeja Chorosi\u0144skiego otworzy w niedziel\u0119 5 lipca II Mi\u0119dzynarodowy Liche\u0144ski Festiwal Organowy \u201eBasilica sonans\u201d. Festiwalowe koncerty odbywa\u0107 si\u0119 b\u0119d\u0105 w ka\u017cd\u0105 niedziel\u0119 o godz. 14.30, do 30 sierpnia br. Sanktuarium Matki Bo\u017cej Liche\u0144skiej ju\u017c po raz drugi w ramach Festiwalu \u201eBasilica sonans\u201d go\u015bci\u0107 b\u0119dzie wybitnych europejskich [&hellip;]<\/p>\n","protected":false},"author":2,"featured_media":2239,"comment_status":"open","ping_status":"open","sticky":false,"template":"","format":"standard","meta":{"footnotes":""},"categories":[1],"tags":[],"class_list":["post-2238","post","type-post","status-publish","format-standard","has-post-thumbnail","hentry","category-aktualnosci","wpbf-post"],"yoast_head":"<!-- This site is optimized with the Yoast SEO plugin v27.4 - https:\/\/yoast.com\/product\/yoast-seo-wordpress\/ -->\n<title>Basilica Sonans - Zaproszenie na II Mi\u0119dzynarodowy Liche\u0144ski Festiwal Organowy - SANKTUARIUM W LICHENIU<\/title>\n<meta name=\"robots\" content=\"index, follow, max-snippet:-1, max-image-preview:large, max-video-preview:-1\" \/>\n<link rel=\"canonical\" href=\"https:\/\/www.lichen.pl\/fr\/basilica-sonans-zaproszenie-na-ii-miedzynarodowy-lichenski-festiwal-organowy\/\" \/>\n<meta property=\"og:locale\" content=\"fr_FR\" \/>\n<meta property=\"og:type\" content=\"article\" \/>\n<meta property=\"og:title\" content=\"Basilica Sonans - Zaproszenie na II Mi\u0119dzynarodowy Liche\u0144ski Festiwal Organowy - SANKTUARIUM W LICHENIU\" \/>\n<meta property=\"og:description\" content=\"Koncert \u201eMuzyka i S\u0142owo\u201d w wykonaniu prof. dr. hab. Andrzeja Chorosi\u0144skiego otworzy w niedziel\u0119 5 lipca II Mi\u0119dzynarodowy Liche\u0144ski Festiwal Organowy \u201eBasilica sonans\u201d. Festiwalowe koncerty odbywa\u0107 si\u0119 b\u0119d\u0105 w ka\u017cd\u0105 niedziel\u0119 o godz. 14.30, do 30 sierpnia br. Sanktuarium Matki Bo\u017cej Liche\u0144skiej ju\u017c po raz drugi w ramach Festiwalu \u201eBasilica sonans\u201d go\u015bci\u0107 b\u0119dzie wybitnych europejskich [&hellip;]\" \/>\n<meta property=\"og:url\" content=\"https:\/\/www.lichen.pl\/fr\/basilica-sonans-zaproszenie-na-ii-miedzynarodowy-lichenski-festiwal-organowy\/\" \/>\n<meta property=\"og:site_name\" content=\"SANKTUARIUM W LICHENIU\" \/>\n<meta property=\"article:published_time\" content=\"2020-06-30T07:21:53+00:00\" \/>\n<meta property=\"article:modified_time\" content=\"2021-06-17T10:29:18+00:00\" \/>\n<meta property=\"og:image\" content=\"https:\/\/www.lichen.pl\/wp-content\/uploads\/2020\/08\/II-Mi\u0119dzynarodowy-Festiwal-organowy-A3-poziom-1-Copy.jpg\" \/>\n\t<meta property=\"og:image:width\" content=\"1885\" \/>\n\t<meta property=\"og:image:height\" content=\"1333\" \/>\n\t<meta property=\"og:image:type\" content=\"image\/jpeg\" \/>\n<meta name=\"author\" content=\"Arkadiusz Gorgolewski\" \/>\n<meta name=\"twitter:card\" content=\"summary_large_image\" \/>\n<meta name=\"twitter:label1\" content=\"\u00c9crit par\" \/>\n\t<meta name=\"twitter:data1\" content=\"Arkadiusz Gorgolewski\" \/>\n\t<meta name=\"twitter:label2\" content=\"Dur\u00e9e de lecture estim\u00e9e\" \/>\n\t<meta name=\"twitter:data2\" content=\"2 minutes\" \/>\n<script type=\"application\/ld+json\" class=\"yoast-schema-graph\">{\"@context\":\"https:\\\/\\\/schema.org\",\"@graph\":[{\"@type\":\"Article\",\"@id\":\"https:\\\/\\\/www.lichen.pl\\\/de\\\/basilica-sonans-zaproszenie-na-ii-miedzynarodowy-lichenski-festiwal-organowy\\\/#article\",\"isPartOf\":{\"@id\":\"https:\\\/\\\/www.lichen.pl\\\/de\\\/basilica-sonans-zaproszenie-na-ii-miedzynarodowy-lichenski-festiwal-organowy\\\/\"},\"author\":{\"name\":\"Arkadiusz Gorgolewski\",\"@id\":\"https:\\\/\\\/www.lichen.pl\\\/fr\\\/#\\\/schema\\\/person\\\/56fc5b38d70a2b34983408f9a457fd9d\"},\"headline\":\"Basilica Sonans &#8211; Zaproszenie na II Mi\u0119dzynarodowy Liche\u0144ski Festiwal Organowy\",\"datePublished\":\"2020-06-30T07:21:53+00:00\",\"dateModified\":\"2021-06-17T10:29:18+00:00\",\"mainEntityOfPage\":{\"@id\":\"https:\\\/\\\/www.lichen.pl\\\/de\\\/basilica-sonans-zaproszenie-na-ii-miedzynarodowy-lichenski-festiwal-organowy\\\/\"},\"wordCount\":413,\"commentCount\":0,\"image\":{\"@id\":\"https:\\\/\\\/www.lichen.pl\\\/de\\\/basilica-sonans-zaproszenie-na-ii-miedzynarodowy-lichenski-festiwal-organowy\\\/#primaryimage\"},\"thumbnailUrl\":\"https:\\\/\\\/www.lichen.pl\\\/wp-content\\\/uploads\\\/2020\\\/08\\\/II-Mi\u0119dzynarodowy-Festiwal-organowy-A3-poziom-1-Copy.jpg\",\"articleSection\":[\"Aktualno\u015bci\"],\"inLanguage\":\"fr-FR\",\"potentialAction\":[{\"@type\":\"CommentAction\",\"name\":\"Comment\",\"target\":[\"https:\\\/\\\/www.lichen.pl\\\/de\\\/basilica-sonans-zaproszenie-na-ii-miedzynarodowy-lichenski-festiwal-organowy\\\/#respond\"]}]},{\"@type\":\"WebPage\",\"@id\":\"https:\\\/\\\/www.lichen.pl\\\/de\\\/basilica-sonans-zaproszenie-na-ii-miedzynarodowy-lichenski-festiwal-organowy\\\/\",\"url\":\"https:\\\/\\\/www.lichen.pl\\\/de\\\/basilica-sonans-zaproszenie-na-ii-miedzynarodowy-lichenski-festiwal-organowy\\\/\",\"name\":\"Basilica Sonans - Zaproszenie na II Mi\u0119dzynarodowy Liche\u0144ski Festiwal Organowy - SANKTUARIUM W LICHENIU\",\"isPartOf\":{\"@id\":\"https:\\\/\\\/www.lichen.pl\\\/fr\\\/#website\"},\"primaryImageOfPage\":{\"@id\":\"https:\\\/\\\/www.lichen.pl\\\/de\\\/basilica-sonans-zaproszenie-na-ii-miedzynarodowy-lichenski-festiwal-organowy\\\/#primaryimage\"},\"image\":{\"@id\":\"https:\\\/\\\/www.lichen.pl\\\/de\\\/basilica-sonans-zaproszenie-na-ii-miedzynarodowy-lichenski-festiwal-organowy\\\/#primaryimage\"},\"thumbnailUrl\":\"https:\\\/\\\/www.lichen.pl\\\/wp-content\\\/uploads\\\/2020\\\/08\\\/II-Mi\u0119dzynarodowy-Festiwal-organowy-A3-poziom-1-Copy.jpg\",\"datePublished\":\"2020-06-30T07:21:53+00:00\",\"dateModified\":\"2021-06-17T10:29:18+00:00\",\"author\":{\"@id\":\"https:\\\/\\\/www.lichen.pl\\\/fr\\\/#\\\/schema\\\/person\\\/56fc5b38d70a2b34983408f9a457fd9d\"},\"breadcrumb\":{\"@id\":\"https:\\\/\\\/www.lichen.pl\\\/de\\\/basilica-sonans-zaproszenie-na-ii-miedzynarodowy-lichenski-festiwal-organowy\\\/#breadcrumb\"},\"inLanguage\":\"fr-FR\",\"potentialAction\":[{\"@type\":\"ReadAction\",\"target\":[\"https:\\\/\\\/www.lichen.pl\\\/de\\\/basilica-sonans-zaproszenie-na-ii-miedzynarodowy-lichenski-festiwal-organowy\\\/\"]}]},{\"@type\":\"ImageObject\",\"inLanguage\":\"fr-FR\",\"@id\":\"https:\\\/\\\/www.lichen.pl\\\/de\\\/basilica-sonans-zaproszenie-na-ii-miedzynarodowy-lichenski-festiwal-organowy\\\/#primaryimage\",\"url\":\"https:\\\/\\\/www.lichen.pl\\\/wp-content\\\/uploads\\\/2020\\\/08\\\/II-Mi\u0119dzynarodowy-Festiwal-organowy-A3-poziom-1-Copy.jpg\",\"contentUrl\":\"https:\\\/\\\/www.lichen.pl\\\/wp-content\\\/uploads\\\/2020\\\/08\\\/II-Mi\u0119dzynarodowy-Festiwal-organowy-A3-poziom-1-Copy.jpg\",\"width\":1885,\"height\":1333},{\"@type\":\"BreadcrumbList\",\"@id\":\"https:\\\/\\\/www.lichen.pl\\\/de\\\/basilica-sonans-zaproszenie-na-ii-miedzynarodowy-lichenski-festiwal-organowy\\\/#breadcrumb\",\"itemListElement\":[{\"@type\":\"ListItem\",\"position\":1,\"name\":\"Strona g\u0142\u00f3wna\",\"item\":\"https:\\\/\\\/www.lichen.pl\\\/\"},{\"@type\":\"ListItem\",\"position\":2,\"name\":\"Basilica Sonans &#8211; Zaproszenie na II Mi\u0119dzynarodowy Liche\u0144ski Festiwal Organowy\"}]},{\"@type\":\"WebSite\",\"@id\":\"https:\\\/\\\/www.lichen.pl\\\/fr\\\/#website\",\"url\":\"https:\\\/\\\/www.lichen.pl\\\/fr\\\/\",\"name\":\"SANKTUARIUM W LICHENIU\",\"description\":\"MATKI BO\u017bEJ LICHE\u0143SKIEJ BOLESNEJ KR\u00d3LOWEJ POLSKI\",\"potentialAction\":[{\"@type\":\"SearchAction\",\"target\":{\"@type\":\"EntryPoint\",\"urlTemplate\":\"https:\\\/\\\/www.lichen.pl\\\/fr\\\/?s={search_term_string}\"},\"query-input\":{\"@type\":\"PropertyValueSpecification\",\"valueRequired\":true,\"valueName\":\"search_term_string\"}}],\"inLanguage\":\"fr-FR\"},{\"@type\":\"Person\",\"@id\":\"https:\\\/\\\/www.lichen.pl\\\/fr\\\/#\\\/schema\\\/person\\\/56fc5b38d70a2b34983408f9a457fd9d\",\"name\":\"Arkadiusz Gorgolewski\",\"image\":{\"@type\":\"ImageObject\",\"inLanguage\":\"fr-FR\",\"@id\":\"https:\\\/\\\/secure.gravatar.com\\\/avatar\\\/0f571b370f5aa245b1fd3b9c945511b004fe17579bdefd5054d99f0ba315149c?s=96&d=retro&r=g\",\"url\":\"https:\\\/\\\/secure.gravatar.com\\\/avatar\\\/0f571b370f5aa245b1fd3b9c945511b004fe17579bdefd5054d99f0ba315149c?s=96&d=retro&r=g\",\"contentUrl\":\"https:\\\/\\\/secure.gravatar.com\\\/avatar\\\/0f571b370f5aa245b1fd3b9c945511b004fe17579bdefd5054d99f0ba315149c?s=96&d=retro&r=g\",\"caption\":\"Arkadiusz Gorgolewski\"},\"url\":\"https:\\\/\\\/www.lichen.pl\\\/fr\\\/author\\\/sanadmin\\\/\"}]}<\/script>\n<!-- \/ Yoast SEO plugin. -->","yoast_head_json":{"title":"Basilica Sonans - Zaproszenie na II Mi\u0119dzynarodowy Liche\u0144ski Festiwal Organowy - SANKTUARIUM W LICHENIU","robots":{"index":"index","follow":"follow","max-snippet":"max-snippet:-1","max-image-preview":"max-image-preview:large","max-video-preview":"max-video-preview:-1"},"canonical":"https:\/\/www.lichen.pl\/fr\/basilica-sonans-zaproszenie-na-ii-miedzynarodowy-lichenski-festiwal-organowy\/","og_locale":"fr_FR","og_type":"article","og_title":"Basilica Sonans - Zaproszenie na II Mi\u0119dzynarodowy Liche\u0144ski Festiwal Organowy - SANKTUARIUM W LICHENIU","og_description":"Koncert \u201eMuzyka i S\u0142owo\u201d w wykonaniu prof. dr. hab. Andrzeja Chorosi\u0144skiego otworzy w niedziel\u0119 5 lipca II Mi\u0119dzynarodowy Liche\u0144ski Festiwal Organowy \u201eBasilica sonans\u201d. Festiwalowe koncerty odbywa\u0107 si\u0119 b\u0119d\u0105 w ka\u017cd\u0105 niedziel\u0119 o godz. 14.30, do 30 sierpnia br. Sanktuarium Matki Bo\u017cej Liche\u0144skiej ju\u017c po raz drugi w ramach Festiwalu \u201eBasilica sonans\u201d go\u015bci\u0107 b\u0119dzie wybitnych europejskich [&hellip;]","og_url":"https:\/\/www.lichen.pl\/fr\/basilica-sonans-zaproszenie-na-ii-miedzynarodowy-lichenski-festiwal-organowy\/","og_site_name":"SANKTUARIUM W LICHENIU","article_published_time":"2020-06-30T07:21:53+00:00","article_modified_time":"2021-06-17T10:29:18+00:00","og_image":[{"width":1885,"height":1333,"url":"https:\/\/www.lichen.pl\/wp-content\/uploads\/2020\/08\/II-Mi\u0119dzynarodowy-Festiwal-organowy-A3-poziom-1-Copy.jpg","type":"image\/jpeg"}],"author":"Arkadiusz Gorgolewski","twitter_card":"summary_large_image","twitter_misc":{"\u00c9crit par":"Arkadiusz Gorgolewski","Dur\u00e9e de lecture estim\u00e9e":"2 minutes"},"schema":{"@context":"https:\/\/schema.org","@graph":[{"@type":"Article","@id":"https:\/\/www.lichen.pl\/de\/basilica-sonans-zaproszenie-na-ii-miedzynarodowy-lichenski-festiwal-organowy\/#article","isPartOf":{"@id":"https:\/\/www.lichen.pl\/de\/basilica-sonans-zaproszenie-na-ii-miedzynarodowy-lichenski-festiwal-organowy\/"},"author":{"name":"Arkadiusz Gorgolewski","@id":"https:\/\/www.lichen.pl\/fr\/#\/schema\/person\/56fc5b38d70a2b34983408f9a457fd9d"},"headline":"Basilica Sonans &#8211; Zaproszenie na II Mi\u0119dzynarodowy Liche\u0144ski Festiwal Organowy","datePublished":"2020-06-30T07:21:53+00:00","dateModified":"2021-06-17T10:29:18+00:00","mainEntityOfPage":{"@id":"https:\/\/www.lichen.pl\/de\/basilica-sonans-zaproszenie-na-ii-miedzynarodowy-lichenski-festiwal-organowy\/"},"wordCount":413,"commentCount":0,"image":{"@id":"https:\/\/www.lichen.pl\/de\/basilica-sonans-zaproszenie-na-ii-miedzynarodowy-lichenski-festiwal-organowy\/#primaryimage"},"thumbnailUrl":"https:\/\/www.lichen.pl\/wp-content\/uploads\/2020\/08\/II-Mi\u0119dzynarodowy-Festiwal-organowy-A3-poziom-1-Copy.jpg","articleSection":["Aktualno\u015bci"],"inLanguage":"fr-FR","potentialAction":[{"@type":"CommentAction","name":"Comment","target":["https:\/\/www.lichen.pl\/de\/basilica-sonans-zaproszenie-na-ii-miedzynarodowy-lichenski-festiwal-organowy\/#respond"]}]},{"@type":"WebPage","@id":"https:\/\/www.lichen.pl\/de\/basilica-sonans-zaproszenie-na-ii-miedzynarodowy-lichenski-festiwal-organowy\/","url":"https:\/\/www.lichen.pl\/de\/basilica-sonans-zaproszenie-na-ii-miedzynarodowy-lichenski-festiwal-organowy\/","name":"Basilica Sonans - Zaproszenie na II Mi\u0119dzynarodowy Liche\u0144ski Festiwal Organowy - SANKTUARIUM W LICHENIU","isPartOf":{"@id":"https:\/\/www.lichen.pl\/fr\/#website"},"primaryImageOfPage":{"@id":"https:\/\/www.lichen.pl\/de\/basilica-sonans-zaproszenie-na-ii-miedzynarodowy-lichenski-festiwal-organowy\/#primaryimage"},"image":{"@id":"https:\/\/www.lichen.pl\/de\/basilica-sonans-zaproszenie-na-ii-miedzynarodowy-lichenski-festiwal-organowy\/#primaryimage"},"thumbnailUrl":"https:\/\/www.lichen.pl\/wp-content\/uploads\/2020\/08\/II-Mi\u0119dzynarodowy-Festiwal-organowy-A3-poziom-1-Copy.jpg","datePublished":"2020-06-30T07:21:53+00:00","dateModified":"2021-06-17T10:29:18+00:00","author":{"@id":"https:\/\/www.lichen.pl\/fr\/#\/schema\/person\/56fc5b38d70a2b34983408f9a457fd9d"},"breadcrumb":{"@id":"https:\/\/www.lichen.pl\/de\/basilica-sonans-zaproszenie-na-ii-miedzynarodowy-lichenski-festiwal-organowy\/#breadcrumb"},"inLanguage":"fr-FR","potentialAction":[{"@type":"ReadAction","target":["https:\/\/www.lichen.pl\/de\/basilica-sonans-zaproszenie-na-ii-miedzynarodowy-lichenski-festiwal-organowy\/"]}]},{"@type":"ImageObject","inLanguage":"fr-FR","@id":"https:\/\/www.lichen.pl\/de\/basilica-sonans-zaproszenie-na-ii-miedzynarodowy-lichenski-festiwal-organowy\/#primaryimage","url":"https:\/\/www.lichen.pl\/wp-content\/uploads\/2020\/08\/II-Mi\u0119dzynarodowy-Festiwal-organowy-A3-poziom-1-Copy.jpg","contentUrl":"https:\/\/www.lichen.pl\/wp-content\/uploads\/2020\/08\/II-Mi\u0119dzynarodowy-Festiwal-organowy-A3-poziom-1-Copy.jpg","width":1885,"height":1333},{"@type":"BreadcrumbList","@id":"https:\/\/www.lichen.pl\/de\/basilica-sonans-zaproszenie-na-ii-miedzynarodowy-lichenski-festiwal-organowy\/#breadcrumb","itemListElement":[{"@type":"ListItem","position":1,"name":"Strona g\u0142\u00f3wna","item":"https:\/\/www.lichen.pl\/"},{"@type":"ListItem","position":2,"name":"Basilica Sonans &#8211; Zaproszenie na II Mi\u0119dzynarodowy Liche\u0144ski Festiwal Organowy"}]},{"@type":"WebSite","@id":"https:\/\/www.lichen.pl\/fr\/#website","url":"https:\/\/www.lichen.pl\/fr\/","name":"SANCTUAIRE EN LICHENIE","description":"LA MAUVAISE REINE DE POLOGNE DE NOTRE LICHEN","potentialAction":[{"@type":"SearchAction","target":{"@type":"EntryPoint","urlTemplate":"https:\/\/www.lichen.pl\/fr\/?s={search_term_string}"},"query-input":{"@type":"PropertyValueSpecification","valueRequired":true,"valueName":"search_term_string"}}],"inLanguage":"fr-FR"},{"@type":"Person","@id":"https:\/\/www.lichen.pl\/fr\/#\/schema\/person\/56fc5b38d70a2b34983408f9a457fd9d","name":"Arkadiusz Gorgolewski","image":{"@type":"ImageObject","inLanguage":"fr-FR","@id":"https:\/\/secure.gravatar.com\/avatar\/0f571b370f5aa245b1fd3b9c945511b004fe17579bdefd5054d99f0ba315149c?s=96&d=retro&r=g","url":"https:\/\/secure.gravatar.com\/avatar\/0f571b370f5aa245b1fd3b9c945511b004fe17579bdefd5054d99f0ba315149c?s=96&d=retro&r=g","contentUrl":"https:\/\/secure.gravatar.com\/avatar\/0f571b370f5aa245b1fd3b9c945511b004fe17579bdefd5054d99f0ba315149c?s=96&d=retro&r=g","caption":"Arkadiusz Gorgolewski"},"url":"https:\/\/www.lichen.pl\/fr\/author\/sanadmin\/"}]}},"_links":{"self":[{"href":"https:\/\/www.lichen.pl\/fr\/wp-json\/wp\/v2\/posts\/2238","targetHints":{"allow":["GET"]}}],"collection":[{"href":"https:\/\/www.lichen.pl\/fr\/wp-json\/wp\/v2\/posts"}],"about":[{"href":"https:\/\/www.lichen.pl\/fr\/wp-json\/wp\/v2\/types\/post"}],"author":[{"embeddable":true,"href":"https:\/\/www.lichen.pl\/fr\/wp-json\/wp\/v2\/users\/2"}],"replies":[{"embeddable":true,"href":"https:\/\/www.lichen.pl\/fr\/wp-json\/wp\/v2\/comments?post=2238"}],"version-history":[{"count":7,"href":"https:\/\/www.lichen.pl\/fr\/wp-json\/wp\/v2\/posts\/2238\/revisions"}],"predecessor-version":[{"id":14299,"href":"https:\/\/www.lichen.pl\/fr\/wp-json\/wp\/v2\/posts\/2238\/revisions\/14299"}],"wp:featuredmedia":[{"embeddable":true,"href":"https:\/\/www.lichen.pl\/fr\/wp-json\/wp\/v2\/media\/2239"}],"wp:attachment":[{"href":"https:\/\/www.lichen.pl\/fr\/wp-json\/wp\/v2\/media?parent=2238"}],"wp:term":[{"taxonomy":"category","embeddable":true,"href":"https:\/\/www.lichen.pl\/fr\/wp-json\/wp\/v2\/categories?post=2238"},{"taxonomy":"post_tag","embeddable":true,"href":"https:\/\/www.lichen.pl\/fr\/wp-json\/wp\/v2\/tags?post=2238"}],"curies":[{"name":"wp","href":"https:\/\/api.w.org\/{rel}","templated":true}]}}