{"id":2535,"date":"2021-01-03T16:30:56","date_gmt":"2021-01-03T16:30:56","guid":{"rendered":"http:\/\/www.lichen.pl\/basilica-sonans-zaproszenie-na-ii-miedzynarodowy-lichenski-festiwal-organowy-copy-2\/"},"modified":"2021-06-20T12:22:52","modified_gmt":"2021-06-20T12:22:52","slug":"ks-rafal-krauze-mic-nowym-proboszczem","status":"publish","type":"post","link":"https:\/\/www.lichen.pl\/fr\/ks-rafal-krauze-mic-nowym-proboszczem\/","title":{"rendered":"Pr. Rafa\u0142 Krauze, MIC, le nouveau cur\u00e9 de la paroisse de st. Doroth\u00e9e \u00e0 Liche\u0144 Stary"},"content":{"rendered":"<div data-elementor-type=\"wp-post\" data-elementor-id=\"2535\" class=\"elementor elementor-2535\" data-elementor-post-type=\"post\">\n\t\t\t\t\t\t<section class=\"elementor-section elementor-top-section elementor-element elementor-element-dcc57a2 elementor-section-boxed elementor-section-height-default elementor-section-height-default\" data-id=\"dcc57a2\" data-element_type=\"section\" data-e-type=\"section\">\n\t\t\t\t\t\t<div class=\"elementor-container elementor-column-gap-default\">\n\t\t\t\t\t<div class=\"elementor-column elementor-col-100 elementor-top-column elementor-element elementor-element-1e909ff1\" data-id=\"1e909ff1\" data-element_type=\"column\" data-e-type=\"column\">\n\t\t\t<div class=\"elementor-widget-wrap elementor-element-populated\">\n\t\t\t\t\t\t<div class=\"elementor-element elementor-element-132757e elementor-widget elementor-widget-heading\" data-id=\"132757e\" data-element_type=\"widget\" data-e-type=\"widget\" data-widget_type=\"heading.default\">\n\t\t\t\t<div class=\"elementor-widget-container\">\n\t\t\t\t\t<h2 class=\"elementor-heading-title elementor-size-default\">Le 01\/01\/2021, par un d\u00e9cret de l&#039;\u00e9v\u00eaque de W\u0142oc\u0142awek du 31\/12\/2020, le p. Rafa\u0142 Krauze, MIC, est le cur\u00e9 de la paroisse de Liche\u0144 Stary<\/h2>\t\t\t\t<\/div>\n\t\t\t\t<\/div>\n\t\t\t\t<section class=\"elementor-section elementor-inner-section elementor-element elementor-element-bf2c9aa elementor-section-boxed elementor-section-height-default elementor-section-height-default\" data-id=\"bf2c9aa\" data-element_type=\"section\" data-e-type=\"section\">\n\t\t\t\t\t\t<div class=\"elementor-container elementor-column-gap-default\">\n\t\t\t\t\t<div class=\"elementor-column elementor-col-50 elementor-inner-column elementor-element elementor-element-9f2be06\" data-id=\"9f2be06\" data-element_type=\"column\" data-e-type=\"column\">\n\t\t\t<div class=\"elementor-widget-wrap elementor-element-populated\">\n\t\t\t\t\t\t<div class=\"elementor-element elementor-element-0a65523 elementor-widget elementor-widget-image\" data-id=\"0a65523\" data-element_type=\"widget\" data-e-type=\"widget\" data-widget_type=\"image.default\">\n\t\t\t\t<div class=\"elementor-widget-container\">\n\t\t\t\t\t\t\t\t\t\t\t\t<figure class=\"wp-caption\">\n\t\t\t\t\t\t\t\t\t\t<img fetchpriority=\"high\" decoding=\"async\" width=\"1024\" height=\"683\" src=\"https:\/\/www.lichen.pl\/wp-content\/uploads\/2021\/02\/IMG_6079-1024x683.jpg\" class=\"attachment-large size-large wp-image-2599\" alt=\"\" srcset=\"https:\/\/www.lichen.pl\/wp-content\/uploads\/2021\/02\/IMG_6079-1024x683.jpg 1024w, https:\/\/www.lichen.pl\/wp-content\/uploads\/2021\/02\/IMG_6079-scaled-800x533.jpg 800w, https:\/\/www.lichen.pl\/wp-content\/uploads\/2021\/02\/IMG_6079-300x200.jpg 300w, https:\/\/www.lichen.pl\/wp-content\/uploads\/2021\/02\/IMG_6079-768x512.jpg 768w, https:\/\/www.lichen.pl\/wp-content\/uploads\/2021\/02\/IMG_6079-1536x1024.jpg 1536w, https:\/\/www.lichen.pl\/wp-content\/uploads\/2021\/02\/IMG_6079-2048x1365.jpg 2048w, https:\/\/www.lichen.pl\/wp-content\/uploads\/2021\/02\/IMG_6079-scaled.jpg 1920w\" sizes=\"(max-width: 1024px) 100vw, 1024px\" \/>\t\t\t\t\t\t\t\t\t\t\t<figcaption class=\"widget-image-caption wp-caption-text\">Fr. Rafa\u0142 Krauze, MIC<\/figcaption>\n\t\t\t\t\t\t\t\t\t\t<\/figure>\n\t\t\t\t\t\t\t\t\t<\/div>\n\t\t\t\t<\/div>\n\t\t\t\t\t<\/div>\n\t\t<\/div>\n\t\t\t\t<div class=\"elementor-column elementor-col-50 elementor-inner-column elementor-element elementor-element-e546498\" data-id=\"e546498\" data-element_type=\"column\" data-e-type=\"column\">\n\t\t\t<div class=\"elementor-widget-wrap elementor-element-populated\">\n\t\t\t\t\t\t<div class=\"elementor-element elementor-element-8c3bd8b elementor-widget elementor-widget-text-editor\" data-id=\"8c3bd8b\" data-element_type=\"widget\" data-e-type=\"widget\" data-widget_type=\"text-editor.default\">\n\t\t\t\t<div class=\"elementor-widget-container\">\n\t\t\t\t\t\t\t\t\t<p>Le rite d&#039;installation d&#039;un nouveau pasteur dans ses fonctions a eu lieu le dimanche 3 janvier, lors de la Sainte Messe. \u00e0. 10h30 en l&#039;\u00e9glise paroissiale de st. Doroth\u00e9e. Au nom de l&#039;\u00e9v\u00eaque de W\u0142oc\u0142awek, Wies\u0142aw Mering, le pr\u00eatre a \u00e9t\u00e9 pr\u00e9sent\u00e9 au bureau du cur\u00e9 de la paroisse de Liche\u0144. S\u0142awomir Kasprzak, cur\u00e9 de la paroisse de st. Stanis\u0142awa BM \u00e0 Kramsk, doyen du deuxi\u00e8me doyenn\u00e9 de Konin. Les pr\u00eatres mariaux de la maison religieuse Liche\u0144 \u00e9taient repr\u00e9sent\u00e9s par le P. Bogus\u0142aw Binda, MIC, sup\u00e9rieur de la communaut\u00e9. L&#039;Eucharistie a \u00e9galement \u00e9t\u00e9 conc\u00e9l\u00e9br\u00e9e par le P. Marek Kordaszewski, MIC, vicaire paroissial.<\/p>\t\t\t\t\t\t\t\t<\/div>\n\t\t\t\t<\/div>\n\t\t\t\t\t<\/div>\n\t\t<\/div>\n\t\t\t\t\t<\/div>\n\t\t<\/section>\n\t\t\t\t<div class=\"elementor-element elementor-element-256fd994 elementor-widget elementor-widget-text-editor\" data-id=\"256fd994\" data-element_type=\"widget\" data-e-type=\"widget\" data-widget_type=\"text-editor.default\">\n\t\t\t\t<div class=\"elementor-widget-container\">\n\t\t\t\t\t\t\t\t\t<p>Au d\u00e9but de la messe, apr\u00e8s l&#039;entr\u00e9e processionnelle au temple, le nouveau cur\u00e9 a \u00e9t\u00e9 accueilli par les repr\u00e9sentants du conseil paroissial. Au nom de l&#039;\u00e9v\u00eaque ordinaire, le nouveau cur\u00e9 a re\u00e7u les cl\u00e9s de l&#039;\u00e9glise paroissiale des mains du P. S\u0142awomir Kasprzak.<br \/>Dans l&#039;hom\u00e9lie, le doyen a dit, entre autres, sur la situation difficile dans laquelle le P. Rafa\u0142 a d\u00fb prendre un nouveau poste. Il \u00e9voque ainsi le d\u00e9c\u00e8s pr\u00e9matur\u00e9 du pr\u00e9c\u00e9dent cur\u00e9 de la paroisse de Liche\u0144, feu Pr. Henryk Kulik, MIC. -<em>\u00ab Bien que la fonction de cur\u00e9 soit une joie, nos c\u0153urs pleurent l&#039;ancien cur\u00e9. Une telle prise en charge de la paroisse n&#039;est pas facile, surtout apr\u00e8s la personne qui s&#039;occupe de la paroisse, pour chaque paroissien. C&#039;est pourquoi il nous est difficile d&#039;\u00eatre si humainement heureux. Mais la sagesse de Dieu n&#039;est pas humaine. Pour le voir et le comprendre, il faut avoir beaucoup d&#039;humilit\u00e9 et apprendre de J\u00e9sus lui-m\u00eame, et ce n&#039;est pas facile&quot;<\/em>.<\/p><p>Concluant ses consid\u00e9rations, le P. Kasprzak s&#039;est adress\u00e9 au nouveau cur\u00e9 avec des mots d&#039;encouragement et d&#039;encouragement dans le contexte de son nouveau poste. - <em>&quot;Je souhaite que vous exerciez votre sacerdoce de mani\u00e8re \u00e0 ce que vos paroissiens, \u00e9coutant votre voix, suivent le Sauveur&quot;<\/em>.<\/p><p>Apr\u00e8s l&#039;hom\u00e9lie du P. Rafa\u0142 Krauze, MIC, en pr\u00e9sence du doyen et de la communaut\u00e9 fid\u00e8le de sa paroisse, a fait une profession de foi conform\u00e9ment aux exigences du droit canonique (canon 833 du PCC). Apr\u00e8s la communion, le nouveau cur\u00e9, posant sa main droite sur l&#039;Evang\u00e9liaire, fit un serment de fid\u00e9lit\u00e9, dans lequel les fid\u00e8les entendirent, entre autres, que le nouveau cur\u00e9 <strong>il remplira avec la plus grande diligence et fid\u00e9lit\u00e9 les devoirs qui lui ont \u00e9t\u00e9 confi\u00e9s envers l&#039;\u00c9glise, tant universelle que particuli\u00e8re, dans laquelle il a \u00e9t\u00e9 appel\u00e9 \u00e0 servir, accomplis conform\u00e9ment aux dispositions de la loi<\/strong>.<\/p><p>Avant la fin de la messe, Pr. Krauze a \u00e9galement re\u00e7u une \u00e9tole violette des paroissiens, qui est habituellement utilis\u00e9e par le pr\u00eatre lors de son service au confessionnal.<\/p><p>Lichen Stary, 3 janvier 2021<\/p>\t\t\t\t\t\t\t\t<\/div>\n\t\t\t\t<\/div>\n\t\t\t\t<div class=\"elementor-element elementor-element-12eb3fe elementor-widget elementor-widget-text-editor\" data-id=\"12eb3fe\" data-element_type=\"widget\" data-e-type=\"widget\" data-widget_type=\"text-editor.default\">\n\t\t\t\t<div class=\"elementor-widget-container\">\n\t\t\t\t\t\t\t\t\t<p style=\"text-align: left;\">Texte : Robert Adamczyk, Service de presse du Sanctuaire<\/p>\t\t\t\t\t\t\t\t<\/div>\n\t\t\t\t<\/div>\n\t\t\t\t<div class=\"elementor-element elementor-element-e7c737f elementor-widget-divider--view-line elementor-widget elementor-widget-divider\" data-id=\"e7c737f\" data-element_type=\"widget\" data-e-type=\"widget\" data-widget_type=\"divider.default\">\n\t\t\t\t<div class=\"elementor-widget-container\">\n\t\t\t\t\t\t\t<div class=\"elementor-divider\">\n\t\t\t<span class=\"elementor-divider-separator\">\n\t\t\t\t\t\t<\/span>\n\t\t<\/div>\n\t\t\t\t\t\t<\/div>\n\t\t\t\t<\/div>\n\t\t\t\t<div class=\"elementor-element elementor-element-9db6ef3 elementor-widget elementor-widget-gallery\" data-id=\"9db6ef3\" data-element_type=\"widget\" data-e-type=\"widget\" data-settings=\"{&quot;columns&quot;:5,&quot;lazyload&quot;:&quot;yes&quot;,&quot;gallery_layout&quot;:&quot;grid&quot;,&quot;columns_tablet&quot;:2,&quot;columns_mobile&quot;:1,&quot;gap&quot;:{&quot;unit&quot;:&quot;px&quot;,&quot;size&quot;:10,&quot;sizes&quot;:[]},&quot;gap_tablet&quot;:{&quot;unit&quot;:&quot;px&quot;,&quot;size&quot;:10,&quot;sizes&quot;:[]},&quot;gap_mobile&quot;:{&quot;unit&quot;:&quot;px&quot;,&quot;size&quot;:10,&quot;sizes&quot;:[]},&quot;link_to&quot;:&quot;file&quot;,&quot;aspect_ratio&quot;:&quot;3:2&quot;,&quot;overlay_background&quot;:&quot;yes&quot;,&quot;content_hover_animation&quot;:&quot;fade-in&quot;}\" data-widget_type=\"gallery.default\">\n\t\t\t\t<div class=\"elementor-widget-container\">\n\t\t\t\t\t\t\t<div class=\"elementor-gallery__container\">\n\t\t\t\t\t\t\t<a class=\"e-gallery-item elementor-gallery-item elementor-animated-content\" href=\"https:\/\/www.lichen.pl\/wp-content\/uploads\/2021\/02\/IMG_5993.jpg\" data-elementor-open-lightbox=\"yes\" data-elementor-lightbox-slideshow=\"9db6ef3\" data-elementor-lightbox-title=\"IMG_5993\" data-e-action-hash=\"#elementor-action%3Aaction%3Dlightbox%26settings%3DeyJpZCI6MjU0MywidXJsIjoiaHR0cHM6XC9cL3d3dy5saWNoZW4ucGxcL3dwLWNvbnRlbnRcL3VwbG9hZHNcLzIwMjFcLzAyXC9JTUdfNTk5My5qcGciLCJzbGlkZXNob3ciOiI5ZGI2ZWYzIn0%3D\">\n\t\t\t\t\t<div class=\"e-gallery-image elementor-gallery-item__image\" data-thumbnail=\"https:\/\/www.lichen.pl\/wp-content\/uploads\/2021\/02\/IMG_5993.jpg\" data-width=\"1152\" data-height=\"768\" aria-label=\"\" role=\"img\" ><\/div>\n\t\t\t\t\t\t\t\t\t\t\t<div class=\"elementor-gallery-item__overlay\"><\/div>\n\t\t\t\t\t\t\t\t\t\t\t\t\t\t<\/a>\n\t\t\t\t\t\t\t<a class=\"e-gallery-item elementor-gallery-item elementor-animated-content\" href=\"https:\/\/www.lichen.pl\/wp-content\/uploads\/2021\/02\/IMG_5995.jpg\" data-elementor-open-lightbox=\"yes\" data-elementor-lightbox-slideshow=\"9db6ef3\" data-elementor-lightbox-title=\"IMG_5995\" data-e-action-hash=\"#elementor-action%3Aaction%3Dlightbox%26settings%3DeyJpZCI6MjU0OCwidXJsIjoiaHR0cHM6XC9cL3d3dy5saWNoZW4ucGxcL3dwLWNvbnRlbnRcL3VwbG9hZHNcLzIwMjFcLzAyXC9JTUdfNTk5NS5qcGciLCJzbGlkZXNob3ciOiI5ZGI2ZWYzIn0%3D\">\n\t\t\t\t\t<div class=\"e-gallery-image elementor-gallery-item__image\" data-thumbnail=\"https:\/\/www.lichen.pl\/wp-content\/uploads\/2021\/02\/IMG_5995.jpg\" data-width=\"1152\" data-height=\"768\" aria-label=\"\" role=\"img\" ><\/div>\n\t\t\t\t\t\t\t\t\t\t\t<div class=\"elementor-gallery-item__overlay\"><\/div>\n\t\t\t\t\t\t\t\t\t\t\t\t\t\t<\/a>\n\t\t\t\t\t\t\t<a class=\"e-gallery-item elementor-gallery-item elementor-animated-content\" href=\"https:\/\/www.lichen.pl\/wp-content\/uploads\/2021\/02\/IMG_5999.jpg\" data-elementor-open-lightbox=\"yes\" data-elementor-lightbox-slideshow=\"9db6ef3\" data-elementor-lightbox-title=\"IMG_5999\" data-e-action-hash=\"#elementor-action%3Aaction%3Dlightbox%26settings%3DeyJpZCI6MjU1OCwidXJsIjoiaHR0cHM6XC9cL3d3dy5saWNoZW4ucGxcL3dwLWNvbnRlbnRcL3VwbG9hZHNcLzIwMjFcLzAyXC9JTUdfNTk5OS5qcGciLCJzbGlkZXNob3ciOiI5ZGI2ZWYzIn0%3D\">\n\t\t\t\t\t<div class=\"e-gallery-image elementor-gallery-item__image\" data-thumbnail=\"https:\/\/www.lichen.pl\/wp-content\/uploads\/2021\/02\/IMG_5999.jpg\" data-width=\"1152\" data-height=\"768\" aria-label=\"\" role=\"img\" ><\/div>\n\t\t\t\t\t\t\t\t\t\t\t<div class=\"elementor-gallery-item__overlay\"><\/div>\n\t\t\t\t\t\t\t\t\t\t\t\t\t\t<\/a>\n\t\t\t\t\t\t\t<a class=\"e-gallery-item elementor-gallery-item elementor-animated-content\" href=\"https:\/\/www.lichen.pl\/wp-content\/uploads\/2021\/02\/IMG_6010.jpg\" data-elementor-open-lightbox=\"yes\" data-elementor-lightbox-slideshow=\"9db6ef3\" data-elementor-lightbox-title=\"IMG_6010\" data-e-action-hash=\"#elementor-action%3Aaction%3Dlightbox%26settings%3DeyJpZCI6MjU2OCwidXJsIjoiaHR0cHM6XC9cL3d3dy5saWNoZW4ucGxcL3dwLWNvbnRlbnRcL3VwbG9hZHNcLzIwMjFcLzAyXC9JTUdfNjAxMC5qcGciLCJzbGlkZXNob3ciOiI5ZGI2ZWYzIn0%3D\">\n\t\t\t\t\t<div class=\"e-gallery-image elementor-gallery-item__image\" data-thumbnail=\"https:\/\/www.lichen.pl\/wp-content\/uploads\/2021\/02\/IMG_6010.jpg\" data-width=\"1152\" data-height=\"768\" aria-label=\"\" role=\"img\" ><\/div>\n\t\t\t\t\t\t\t\t\t\t\t<div class=\"elementor-gallery-item__overlay\"><\/div>\n\t\t\t\t\t\t\t\t\t\t\t\t\t\t<\/a>\n\t\t\t\t\t\t\t<a class=\"e-gallery-item elementor-gallery-item elementor-animated-content\" href=\"https:\/\/www.lichen.pl\/wp-content\/uploads\/2021\/02\/IMG_6021.jpg\" data-elementor-open-lightbox=\"yes\" data-elementor-lightbox-slideshow=\"9db6ef3\" data-elementor-lightbox-title=\"IMG_6021\" data-e-action-hash=\"#elementor-action%3Aaction%3Dlightbox%26settings%3DeyJpZCI6MjU3MywidXJsIjoiaHR0cHM6XC9cL3d3dy5saWNoZW4ucGxcL3dwLWNvbnRlbnRcL3VwbG9hZHNcLzIwMjFcLzAyXC9JTUdfNjAyMS5qcGciLCJzbGlkZXNob3ciOiI5ZGI2ZWYzIn0%3D\">\n\t\t\t\t\t<div class=\"e-gallery-image elementor-gallery-item__image\" data-thumbnail=\"https:\/\/www.lichen.pl\/wp-content\/uploads\/2021\/02\/IMG_6021.jpg\" data-width=\"768\" data-height=\"1152\" aria-label=\"\" role=\"img\" ><\/div>\n\t\t\t\t\t\t\t\t\t\t\t<div class=\"elementor-gallery-item__overlay\"><\/div>\n\t\t\t\t\t\t\t\t\t\t\t\t\t\t<\/a>\n\t\t\t\t\t\t\t<a class=\"e-gallery-item elementor-gallery-item elementor-animated-content\" href=\"https:\/\/www.lichen.pl\/wp-content\/uploads\/2021\/02\/IMG_6026.jpg\" data-elementor-open-lightbox=\"yes\" data-elementor-lightbox-slideshow=\"9db6ef3\" data-elementor-lightbox-title=\"IMG_6026\" data-e-action-hash=\"#elementor-action%3Aaction%3Dlightbox%26settings%3DeyJpZCI6MjU3OCwidXJsIjoiaHR0cHM6XC9cL3d3dy5saWNoZW4ucGxcL3dwLWNvbnRlbnRcL3VwbG9hZHNcLzIwMjFcLzAyXC9JTUdfNjAyNi5qcGciLCJzbGlkZXNob3ciOiI5ZGI2ZWYzIn0%3D\">\n\t\t\t\t\t<div class=\"e-gallery-image elementor-gallery-item__image\" data-thumbnail=\"https:\/\/www.lichen.pl\/wp-content\/uploads\/2021\/02\/IMG_6026.jpg\" data-width=\"1152\" data-height=\"768\" aria-label=\"\" role=\"img\" ><\/div>\n\t\t\t\t\t\t\t\t\t\t\t<div class=\"elementor-gallery-item__overlay\"><\/div>\n\t\t\t\t\t\t\t\t\t\t\t\t\t\t<\/a>\n\t\t\t\t\t\t\t<a class=\"e-gallery-item elementor-gallery-item elementor-animated-content\" href=\"https:\/\/www.lichen.pl\/wp-content\/uploads\/2021\/02\/IMG_6059.jpg\" data-elementor-open-lightbox=\"yes\" data-elementor-lightbox-slideshow=\"9db6ef3\" data-elementor-lightbox-title=\"IMG_6059\" data-e-action-hash=\"#elementor-action%3Aaction%3Dlightbox%26settings%3DeyJpZCI6MjU4OSwidXJsIjoiaHR0cHM6XC9cL3d3dy5saWNoZW4ucGxcL3dwLWNvbnRlbnRcL3VwbG9hZHNcLzIwMjFcLzAyXC9JTUdfNjA1OS5qcGciLCJzbGlkZXNob3ciOiI5ZGI2ZWYzIn0%3D\">\n\t\t\t\t\t<div class=\"e-gallery-image elementor-gallery-item__image\" data-thumbnail=\"https:\/\/www.lichen.pl\/wp-content\/uploads\/2021\/02\/IMG_6059.jpg\" data-width=\"1152\" data-height=\"768\" aria-label=\"\" role=\"img\" ><\/div>\n\t\t\t\t\t\t\t\t\t\t\t<div class=\"elementor-gallery-item__overlay\"><\/div>\n\t\t\t\t\t\t\t\t\t\t\t\t\t\t<\/a>\n\t\t\t\t\t\t\t<a class=\"e-gallery-item elementor-gallery-item elementor-animated-content\" href=\"https:\/\/www.lichen.pl\/wp-content\/uploads\/2021\/02\/IMG_6079-scaled.jpg\" data-elementor-open-lightbox=\"yes\" data-elementor-lightbox-slideshow=\"9db6ef3\" data-elementor-lightbox-title=\"IMG_6079\" data-e-action-hash=\"#elementor-action%3Aaction%3Dlightbox%26settings%3DeyJpZCI6MjU5OSwidXJsIjoiaHR0cHM6XC9cL3d3dy5saWNoZW4ucGxcL3dwLWNvbnRlbnRcL3VwbG9hZHNcLzIwMjFcLzAyXC9JTUdfNjA3OS1zY2FsZWQuanBnIiwic2xpZGVzaG93IjoiOWRiNmVmMyJ9\">\n\t\t\t\t\t<div class=\"e-gallery-image elementor-gallery-item__image\" data-thumbnail=\"https:\/\/www.lichen.pl\/wp-content\/uploads\/2021\/02\/IMG_6079-scaled.jpg\" data-width=\"1920\" data-height=\"1280\" aria-label=\"\" role=\"img\" ><\/div>\n\t\t\t\t\t\t\t\t\t\t\t<div class=\"elementor-gallery-item__overlay\"><\/div>\n\t\t\t\t\t\t\t\t\t\t\t\t\t\t<\/a>\n\t\t\t\t\t\t\t<a class=\"e-gallery-item elementor-gallery-item elementor-animated-content\" href=\"https:\/\/www.lichen.pl\/wp-content\/uploads\/2021\/02\/IMG_6085.jpg\" data-elementor-open-lightbox=\"yes\" data-elementor-lightbox-slideshow=\"9db6ef3\" data-elementor-lightbox-title=\"IMG_6085\" data-e-action-hash=\"#elementor-action%3Aaction%3Dlightbox%26settings%3DeyJpZCI6MjYwNCwidXJsIjoiaHR0cHM6XC9cL3d3dy5saWNoZW4ucGxcL3dwLWNvbnRlbnRcL3VwbG9hZHNcLzIwMjFcLzAyXC9JTUdfNjA4NS5qcGciLCJzbGlkZXNob3ciOiI5ZGI2ZWYzIn0%3D\">\n\t\t\t\t\t<div class=\"e-gallery-image elementor-gallery-item__image\" data-thumbnail=\"https:\/\/www.lichen.pl\/wp-content\/uploads\/2021\/02\/IMG_6085.jpg\" data-width=\"768\" data-height=\"1152\" aria-label=\"\" role=\"img\" ><\/div>\n\t\t\t\t\t\t\t\t\t\t\t<div class=\"elementor-gallery-item__overlay\"><\/div>\n\t\t\t\t\t\t\t\t\t\t\t\t\t\t<\/a>\n\t\t\t\t\t\t\t<a class=\"e-gallery-item elementor-gallery-item elementor-animated-content\" href=\"https:\/\/www.lichen.pl\/wp-content\/uploads\/2021\/02\/IMG_6096.jpg\" data-elementor-open-lightbox=\"yes\" data-elementor-lightbox-slideshow=\"9db6ef3\" data-elementor-lightbox-title=\"IMG_6096\" data-e-action-hash=\"#elementor-action%3Aaction%3Dlightbox%26settings%3DeyJpZCI6MjYwOSwidXJsIjoiaHR0cHM6XC9cL3d3dy5saWNoZW4ucGxcL3dwLWNvbnRlbnRcL3VwbG9hZHNcLzIwMjFcLzAyXC9JTUdfNjA5Ni5qcGciLCJzbGlkZXNob3ciOiI5ZGI2ZWYzIn0%3D\">\n\t\t\t\t\t<div class=\"e-gallery-image elementor-gallery-item__image\" data-thumbnail=\"https:\/\/www.lichen.pl\/wp-content\/uploads\/2021\/02\/IMG_6096.jpg\" data-width=\"1152\" data-height=\"768\" aria-label=\"\" role=\"img\" ><\/div>\n\t\t\t\t\t\t\t\t\t\t\t<div class=\"elementor-gallery-item__overlay\"><\/div>\n\t\t\t\t\t\t\t\t\t\t\t\t\t\t<\/a>\n\t\t\t\t\t<\/div>\n\t\t\t\t\t<\/div>\n\t\t\t\t<\/div>\n\t\t\t\t<div class=\"elementor-element elementor-element-54f7881 elementor-widget-divider--view-line elementor-widget elementor-widget-divider\" data-id=\"54f7881\" data-element_type=\"widget\" data-e-type=\"widget\" data-widget_type=\"divider.default\">\n\t\t\t\t<div class=\"elementor-widget-container\">\n\t\t\t\t\t\t\t<div class=\"elementor-divider\">\n\t\t\t<span class=\"elementor-divider-separator\">\n\t\t\t\t\t\t<\/span>\n\t\t<\/div>\n\t\t\t\t\t\t<\/div>\n\t\t\t\t<\/div>\n\t\t\t\t\t<\/div>\n\t\t<\/div>\n\t\t\t\t\t<\/div>\n\t\t<\/section>\n\t\t\t\t<\/div>","protected":false},"excerpt":{"rendered":"<p>W dniu 01.01.2021 roku dekretem biskupa w\u0142oc\u0142awskiego z dnia 31.12.2020 r. ks. Rafa\u0142 Krauze MIC objemuje urz\u0105d proboszcza parafii w Licheniu Starym Ks. Rafa\u0142 Krauze MIC Obrz\u0119d instalacji nowego proboszcza na urz\u0105d mia\u0142 miejsce w niedziel\u0119, 3 stycznia, podczas Mszy \u015bw. o godz. 10.30 w ko\u015bciele parafialnym pw. \u015bw. Doroty. W imieniu biskupa w\u0142oc\u0142awskiego Wies\u0142awa [&hellip;]<\/p>\n","protected":false},"author":2,"featured_media":14573,"comment_status":"open","ping_status":"open","sticky":false,"template":"","format":"standard","meta":{"footnotes":""},"categories":[1],"tags":[],"class_list":["post-2535","post","type-post","status-publish","format-standard","has-post-thumbnail","hentry","category-aktualnosci","wpbf-post"],"yoast_head":"<!-- This site is optimized with the Yoast SEO plugin v27.4 - https:\/\/yoast.com\/product\/yoast-seo-wordpress\/ -->\n<title>Ks. Rafa\u0142 Krauze MIC nowym proboszczem parafii pw. \u015bw. Doroty w Licheniu Starym - SANKTUARIUM W LICHENIU<\/title>\n<meta name=\"robots\" content=\"index, follow, max-snippet:-1, max-image-preview:large, max-video-preview:-1\" \/>\n<link rel=\"canonical\" href=\"https:\/\/www.lichen.pl\/fr\/ks-rafal-krauze-mic-nowym-proboszczem\/\" \/>\n<meta property=\"og:locale\" content=\"fr_FR\" \/>\n<meta property=\"og:type\" content=\"article\" \/>\n<meta property=\"og:title\" content=\"Ks. Rafa\u0142 Krauze MIC nowym proboszczem parafii pw. \u015bw. Doroty w Licheniu Starym - SANKTUARIUM W LICHENIU\" \/>\n<meta property=\"og:description\" content=\"W dniu 01.01.2021 roku dekretem biskupa w\u0142oc\u0142awskiego z dnia 31.12.2020 r. ks. Rafa\u0142 Krauze MIC objemuje urz\u0105d proboszcza parafii w Licheniu Starym Ks. Rafa\u0142 Krauze MIC Obrz\u0119d instalacji nowego proboszcza na urz\u0105d mia\u0142 miejsce w niedziel\u0119, 3 stycznia, podczas Mszy \u015bw. o godz. 10.30 w ko\u015bciele parafialnym pw. \u015bw. Doroty. W imieniu biskupa w\u0142oc\u0142awskiego Wies\u0142awa [&hellip;]\" \/>\n<meta property=\"og:url\" content=\"https:\/\/www.lichen.pl\/fr\/ks-rafal-krauze-mic-nowym-proboszczem\/\" \/>\n<meta property=\"og:site_name\" content=\"SANKTUARIUM W LICHENIU\" \/>\n<meta property=\"article:published_time\" content=\"2021-01-03T16:30:56+00:00\" \/>\n<meta property=\"article:modified_time\" content=\"2021-06-20T12:22:52+00:00\" \/>\n<meta property=\"og:image\" content=\"https:\/\/www.lichen.pl\/wp-content\/uploads\/2021\/02\/ks.-Rafal.jpg\" \/>\n\t<meta property=\"og:image:width\" content=\"784\" \/>\n\t<meta property=\"og:image:height\" content=\"370\" \/>\n\t<meta property=\"og:image:type\" content=\"image\/jpeg\" \/>\n<meta name=\"author\" content=\"Arkadiusz Gorgolewski\" \/>\n<meta name=\"twitter:card\" content=\"summary_large_image\" \/>\n<meta name=\"twitter:label1\" content=\"\u00c9crit par\" \/>\n\t<meta name=\"twitter:data1\" content=\"Arkadiusz Gorgolewski\" \/>\n\t<meta name=\"twitter:label2\" content=\"Dur\u00e9e de lecture estim\u00e9e\" \/>\n\t<meta name=\"twitter:data2\" content=\"2 minutes\" \/>\n<script type=\"application\/ld+json\" class=\"yoast-schema-graph\">{\"@context\":\"https:\\\/\\\/schema.org\",\"@graph\":[{\"@type\":\"Article\",\"@id\":\"https:\\\/\\\/www.lichen.pl\\\/ks-rafal-krauze-mic-nowym-proboszczem\\\/#article\",\"isPartOf\":{\"@id\":\"https:\\\/\\\/www.lichen.pl\\\/ks-rafal-krauze-mic-nowym-proboszczem\\\/\"},\"author\":{\"name\":\"Arkadiusz Gorgolewski\",\"@id\":\"https:\\\/\\\/www.lichen.pl\\\/fr\\\/#\\\/schema\\\/person\\\/56fc5b38d70a2b34983408f9a457fd9d\"},\"headline\":\"Ks. Rafa\u0142 Krauze MIC nowym proboszczem parafii pw. \u015bw. Doroty w Licheniu Starym\",\"datePublished\":\"2021-01-03T16:30:56+00:00\",\"dateModified\":\"2021-06-20T12:22:52+00:00\",\"mainEntityOfPage\":{\"@id\":\"https:\\\/\\\/www.lichen.pl\\\/ks-rafal-krauze-mic-nowym-proboszczem\\\/\"},\"wordCount\":477,\"commentCount\":0,\"image\":{\"@id\":\"https:\\\/\\\/www.lichen.pl\\\/ks-rafal-krauze-mic-nowym-proboszczem\\\/#primaryimage\"},\"thumbnailUrl\":\"https:\\\/\\\/www.lichen.pl\\\/wp-content\\\/uploads\\\/2021\\\/02\\\/ks.-Rafal.jpg\",\"articleSection\":[\"Aktualno\u015bci\"],\"inLanguage\":\"fr-FR\",\"potentialAction\":[{\"@type\":\"CommentAction\",\"name\":\"Comment\",\"target\":[\"https:\\\/\\\/www.lichen.pl\\\/ks-rafal-krauze-mic-nowym-proboszczem\\\/#respond\"]}]},{\"@type\":\"WebPage\",\"@id\":\"https:\\\/\\\/www.lichen.pl\\\/ks-rafal-krauze-mic-nowym-proboszczem\\\/\",\"url\":\"https:\\\/\\\/www.lichen.pl\\\/ks-rafal-krauze-mic-nowym-proboszczem\\\/\",\"name\":\"Ks. Rafa\u0142 Krauze MIC nowym proboszczem parafii pw. \u015bw. Doroty w Licheniu Starym - SANKTUARIUM W LICHENIU\",\"isPartOf\":{\"@id\":\"https:\\\/\\\/www.lichen.pl\\\/fr\\\/#website\"},\"primaryImageOfPage\":{\"@id\":\"https:\\\/\\\/www.lichen.pl\\\/ks-rafal-krauze-mic-nowym-proboszczem\\\/#primaryimage\"},\"image\":{\"@id\":\"https:\\\/\\\/www.lichen.pl\\\/ks-rafal-krauze-mic-nowym-proboszczem\\\/#primaryimage\"},\"thumbnailUrl\":\"https:\\\/\\\/www.lichen.pl\\\/wp-content\\\/uploads\\\/2021\\\/02\\\/ks.-Rafal.jpg\",\"datePublished\":\"2021-01-03T16:30:56+00:00\",\"dateModified\":\"2021-06-20T12:22:52+00:00\",\"author\":{\"@id\":\"https:\\\/\\\/www.lichen.pl\\\/fr\\\/#\\\/schema\\\/person\\\/56fc5b38d70a2b34983408f9a457fd9d\"},\"breadcrumb\":{\"@id\":\"https:\\\/\\\/www.lichen.pl\\\/ks-rafal-krauze-mic-nowym-proboszczem\\\/#breadcrumb\"},\"inLanguage\":\"fr-FR\",\"potentialAction\":[{\"@type\":\"ReadAction\",\"target\":[\"https:\\\/\\\/www.lichen.pl\\\/ks-rafal-krauze-mic-nowym-proboszczem\\\/\"]}]},{\"@type\":\"ImageObject\",\"inLanguage\":\"fr-FR\",\"@id\":\"https:\\\/\\\/www.lichen.pl\\\/ks-rafal-krauze-mic-nowym-proboszczem\\\/#primaryimage\",\"url\":\"https:\\\/\\\/www.lichen.pl\\\/wp-content\\\/uploads\\\/2021\\\/02\\\/ks.-Rafal.jpg\",\"contentUrl\":\"https:\\\/\\\/www.lichen.pl\\\/wp-content\\\/uploads\\\/2021\\\/02\\\/ks.-Rafal.jpg\",\"width\":784,\"height\":370},{\"@type\":\"BreadcrumbList\",\"@id\":\"https:\\\/\\\/www.lichen.pl\\\/ks-rafal-krauze-mic-nowym-proboszczem\\\/#breadcrumb\",\"itemListElement\":[{\"@type\":\"ListItem\",\"position\":1,\"name\":\"Strona g\u0142\u00f3wna\",\"item\":\"https:\\\/\\\/www.lichen.pl\\\/\"},{\"@type\":\"ListItem\",\"position\":2,\"name\":\"Ks. Rafa\u0142 Krauze MIC nowym proboszczem parafii pw. \u015bw. Doroty w Licheniu Starym\"}]},{\"@type\":\"WebSite\",\"@id\":\"https:\\\/\\\/www.lichen.pl\\\/fr\\\/#website\",\"url\":\"https:\\\/\\\/www.lichen.pl\\\/fr\\\/\",\"name\":\"SANKTUARIUM W LICHENIU\",\"description\":\"MATKI BO\u017bEJ LICHE\u0143SKIEJ BOLESNEJ KR\u00d3LOWEJ POLSKI\",\"potentialAction\":[{\"@type\":\"SearchAction\",\"target\":{\"@type\":\"EntryPoint\",\"urlTemplate\":\"https:\\\/\\\/www.lichen.pl\\\/fr\\\/?s={search_term_string}\"},\"query-input\":{\"@type\":\"PropertyValueSpecification\",\"valueRequired\":true,\"valueName\":\"search_term_string\"}}],\"inLanguage\":\"fr-FR\"},{\"@type\":\"Person\",\"@id\":\"https:\\\/\\\/www.lichen.pl\\\/fr\\\/#\\\/schema\\\/person\\\/56fc5b38d70a2b34983408f9a457fd9d\",\"name\":\"Arkadiusz Gorgolewski\",\"image\":{\"@type\":\"ImageObject\",\"inLanguage\":\"fr-FR\",\"@id\":\"https:\\\/\\\/secure.gravatar.com\\\/avatar\\\/0f571b370f5aa245b1fd3b9c945511b004fe17579bdefd5054d99f0ba315149c?s=96&d=retro&r=g\",\"url\":\"https:\\\/\\\/secure.gravatar.com\\\/avatar\\\/0f571b370f5aa245b1fd3b9c945511b004fe17579bdefd5054d99f0ba315149c?s=96&d=retro&r=g\",\"contentUrl\":\"https:\\\/\\\/secure.gravatar.com\\\/avatar\\\/0f571b370f5aa245b1fd3b9c945511b004fe17579bdefd5054d99f0ba315149c?s=96&d=retro&r=g\",\"caption\":\"Arkadiusz Gorgolewski\"},\"url\":\"https:\\\/\\\/www.lichen.pl\\\/fr\\\/author\\\/sanadmin\\\/\"}]}<\/script>\n<!-- \/ Yoast SEO plugin. -->","yoast_head_json":{"title":"Ks. Rafa\u0142 Krauze MIC nowym proboszczem parafii pw. \u015bw. Doroty w Licheniu Starym - SANKTUARIUM W LICHENIU","robots":{"index":"index","follow":"follow","max-snippet":"max-snippet:-1","max-image-preview":"max-image-preview:large","max-video-preview":"max-video-preview:-1"},"canonical":"https:\/\/www.lichen.pl\/fr\/ks-rafal-krauze-mic-nowym-proboszczem\/","og_locale":"fr_FR","og_type":"article","og_title":"Ks. Rafa\u0142 Krauze MIC nowym proboszczem parafii pw. \u015bw. Doroty w Licheniu Starym - SANKTUARIUM W LICHENIU","og_description":"W dniu 01.01.2021 roku dekretem biskupa w\u0142oc\u0142awskiego z dnia 31.12.2020 r. ks. Rafa\u0142 Krauze MIC objemuje urz\u0105d proboszcza parafii w Licheniu Starym Ks. Rafa\u0142 Krauze MIC Obrz\u0119d instalacji nowego proboszcza na urz\u0105d mia\u0142 miejsce w niedziel\u0119, 3 stycznia, podczas Mszy \u015bw. o godz. 10.30 w ko\u015bciele parafialnym pw. \u015bw. Doroty. W imieniu biskupa w\u0142oc\u0142awskiego Wies\u0142awa [&hellip;]","og_url":"https:\/\/www.lichen.pl\/fr\/ks-rafal-krauze-mic-nowym-proboszczem\/","og_site_name":"SANKTUARIUM W LICHENIU","article_published_time":"2021-01-03T16:30:56+00:00","article_modified_time":"2021-06-20T12:22:52+00:00","og_image":[{"width":784,"height":370,"url":"https:\/\/www.lichen.pl\/wp-content\/uploads\/2021\/02\/ks.-Rafal.jpg","type":"image\/jpeg"}],"author":"Arkadiusz Gorgolewski","twitter_card":"summary_large_image","twitter_misc":{"\u00c9crit par":"Arkadiusz Gorgolewski","Dur\u00e9e de lecture estim\u00e9e":"2 minutes"},"schema":{"@context":"https:\/\/schema.org","@graph":[{"@type":"Article","@id":"https:\/\/www.lichen.pl\/ks-rafal-krauze-mic-nowym-proboszczem\/#article","isPartOf":{"@id":"https:\/\/www.lichen.pl\/ks-rafal-krauze-mic-nowym-proboszczem\/"},"author":{"name":"Arkadiusz Gorgolewski","@id":"https:\/\/www.lichen.pl\/fr\/#\/schema\/person\/56fc5b38d70a2b34983408f9a457fd9d"},"headline":"Ks. Rafa\u0142 Krauze MIC nowym proboszczem parafii pw. \u015bw. Doroty w Licheniu Starym","datePublished":"2021-01-03T16:30:56+00:00","dateModified":"2021-06-20T12:22:52+00:00","mainEntityOfPage":{"@id":"https:\/\/www.lichen.pl\/ks-rafal-krauze-mic-nowym-proboszczem\/"},"wordCount":477,"commentCount":0,"image":{"@id":"https:\/\/www.lichen.pl\/ks-rafal-krauze-mic-nowym-proboszczem\/#primaryimage"},"thumbnailUrl":"https:\/\/www.lichen.pl\/wp-content\/uploads\/2021\/02\/ks.-Rafal.jpg","articleSection":["Aktualno\u015bci"],"inLanguage":"fr-FR","potentialAction":[{"@type":"CommentAction","name":"Comment","target":["https:\/\/www.lichen.pl\/ks-rafal-krauze-mic-nowym-proboszczem\/#respond"]}]},{"@type":"WebPage","@id":"https:\/\/www.lichen.pl\/ks-rafal-krauze-mic-nowym-proboszczem\/","url":"https:\/\/www.lichen.pl\/ks-rafal-krauze-mic-nowym-proboszczem\/","name":"Ks. Rafa\u0142 Krauze MIC nowym proboszczem parafii pw. \u015bw. Doroty w Licheniu Starym - SANKTUARIUM W LICHENIU","isPartOf":{"@id":"https:\/\/www.lichen.pl\/fr\/#website"},"primaryImageOfPage":{"@id":"https:\/\/www.lichen.pl\/ks-rafal-krauze-mic-nowym-proboszczem\/#primaryimage"},"image":{"@id":"https:\/\/www.lichen.pl\/ks-rafal-krauze-mic-nowym-proboszczem\/#primaryimage"},"thumbnailUrl":"https:\/\/www.lichen.pl\/wp-content\/uploads\/2021\/02\/ks.-Rafal.jpg","datePublished":"2021-01-03T16:30:56+00:00","dateModified":"2021-06-20T12:22:52+00:00","author":{"@id":"https:\/\/www.lichen.pl\/fr\/#\/schema\/person\/56fc5b38d70a2b34983408f9a457fd9d"},"breadcrumb":{"@id":"https:\/\/www.lichen.pl\/ks-rafal-krauze-mic-nowym-proboszczem\/#breadcrumb"},"inLanguage":"fr-FR","potentialAction":[{"@type":"ReadAction","target":["https:\/\/www.lichen.pl\/ks-rafal-krauze-mic-nowym-proboszczem\/"]}]},{"@type":"ImageObject","inLanguage":"fr-FR","@id":"https:\/\/www.lichen.pl\/ks-rafal-krauze-mic-nowym-proboszczem\/#primaryimage","url":"https:\/\/www.lichen.pl\/wp-content\/uploads\/2021\/02\/ks.-Rafal.jpg","contentUrl":"https:\/\/www.lichen.pl\/wp-content\/uploads\/2021\/02\/ks.-Rafal.jpg","width":784,"height":370},{"@type":"BreadcrumbList","@id":"https:\/\/www.lichen.pl\/ks-rafal-krauze-mic-nowym-proboszczem\/#breadcrumb","itemListElement":[{"@type":"ListItem","position":1,"name":"Strona g\u0142\u00f3wna","item":"https:\/\/www.lichen.pl\/"},{"@type":"ListItem","position":2,"name":"Ks. Rafa\u0142 Krauze MIC nowym proboszczem parafii pw. \u015bw. Doroty w Licheniu Starym"}]},{"@type":"WebSite","@id":"https:\/\/www.lichen.pl\/fr\/#website","url":"https:\/\/www.lichen.pl\/fr\/","name":"SANCTUAIRE EN LICHENIE","description":"LA MAUVAISE REINE DE POLOGNE DE NOTRE LICHEN","potentialAction":[{"@type":"SearchAction","target":{"@type":"EntryPoint","urlTemplate":"https:\/\/www.lichen.pl\/fr\/?s={search_term_string}"},"query-input":{"@type":"PropertyValueSpecification","valueRequired":true,"valueName":"search_term_string"}}],"inLanguage":"fr-FR"},{"@type":"Person","@id":"https:\/\/www.lichen.pl\/fr\/#\/schema\/person\/56fc5b38d70a2b34983408f9a457fd9d","name":"Arkadiusz Gorgolewski","image":{"@type":"ImageObject","inLanguage":"fr-FR","@id":"https:\/\/secure.gravatar.com\/avatar\/0f571b370f5aa245b1fd3b9c945511b004fe17579bdefd5054d99f0ba315149c?s=96&d=retro&r=g","url":"https:\/\/secure.gravatar.com\/avatar\/0f571b370f5aa245b1fd3b9c945511b004fe17579bdefd5054d99f0ba315149c?s=96&d=retro&r=g","contentUrl":"https:\/\/secure.gravatar.com\/avatar\/0f571b370f5aa245b1fd3b9c945511b004fe17579bdefd5054d99f0ba315149c?s=96&d=retro&r=g","caption":"Arkadiusz Gorgolewski"},"url":"https:\/\/www.lichen.pl\/fr\/author\/sanadmin\/"}]}},"_links":{"self":[{"href":"https:\/\/www.lichen.pl\/fr\/wp-json\/wp\/v2\/posts\/2535","targetHints":{"allow":["GET"]}}],"collection":[{"href":"https:\/\/www.lichen.pl\/fr\/wp-json\/wp\/v2\/posts"}],"about":[{"href":"https:\/\/www.lichen.pl\/fr\/wp-json\/wp\/v2\/types\/post"}],"author":[{"embeddable":true,"href":"https:\/\/www.lichen.pl\/fr\/wp-json\/wp\/v2\/users\/2"}],"replies":[{"embeddable":true,"href":"https:\/\/www.lichen.pl\/fr\/wp-json\/wp\/v2\/comments?post=2535"}],"version-history":[{"count":8,"href":"https:\/\/www.lichen.pl\/fr\/wp-json\/wp\/v2\/posts\/2535\/revisions"}],"predecessor-version":[{"id":14664,"href":"https:\/\/www.lichen.pl\/fr\/wp-json\/wp\/v2\/posts\/2535\/revisions\/14664"}],"wp:featuredmedia":[{"embeddable":true,"href":"https:\/\/www.lichen.pl\/fr\/wp-json\/wp\/v2\/media\/14573"}],"wp:attachment":[{"href":"https:\/\/www.lichen.pl\/fr\/wp-json\/wp\/v2\/media?parent=2535"}],"wp:term":[{"taxonomy":"category","embeddable":true,"href":"https:\/\/www.lichen.pl\/fr\/wp-json\/wp\/v2\/categories?post=2535"},{"taxonomy":"post_tag","embeddable":true,"href":"https:\/\/www.lichen.pl\/fr\/wp-json\/wp\/v2\/tags?post=2535"}],"curies":[{"name":"wp","href":"https:\/\/api.w.org\/{rel}","templated":true}]}}