{"id":28400,"date":"2021-08-22T16:45:25","date_gmt":"2021-08-22T16:45:25","guid":{"rendered":"http:\/\/www.lichen.pl\/juz-wkrotce-koncert-organowy-w-wykonaniu-mateusza-rzewuskiego-bazylika-27-czerwca-2021-r-godz-14-30-copy-copy-copy-2\/"},"modified":"2021-08-23T16:48:07","modified_gmt":"2021-08-23T16:48:07","slug":"festiwal-basilica-sonans-koncert-organowy-olivier-eisenmann-szwajcaria","status":"publish","type":"post","link":"https:\/\/www.lichen.pl\/fr\/festiwal-basilica-sonans-koncert-organowy-olivier-eisenmann-szwajcaria\/","title":{"rendered":"Festival &quot;Basilica Sonans&quot; - concert d&#039;orgue, Olivier Eisenmann (Suisse)"},"content":{"rendered":"<div data-elementor-type=\"wp-post\" data-elementor-id=\"28400\" class=\"elementor elementor-28400\" data-elementor-post-type=\"post\">\n\t\t\t\t\t\t<section class=\"elementor-section elementor-top-section elementor-element elementor-element-e9efdf5 elementor-section-boxed elementor-section-height-default elementor-section-height-default\" data-id=\"e9efdf5\" data-element_type=\"section\" data-e-type=\"section\">\n\t\t\t\t\t\t<div class=\"elementor-container elementor-column-gap-default\">\n\t\t\t\t\t<div class=\"elementor-column elementor-col-100 elementor-top-column elementor-element elementor-element-a1a9922\" data-id=\"a1a9922\" data-element_type=\"column\" data-e-type=\"column\">\n\t\t\t<div class=\"elementor-widget-wrap elementor-element-populated\">\n\t\t\t\t\t\t<div class=\"elementor-element elementor-element-fbe3fa6 elementor-widget elementor-widget-heading\" data-id=\"fbe3fa6\" data-element_type=\"widget\" data-e-type=\"widget\" data-widget_type=\"heading.default\">\n\t\t\t\t<div class=\"elementor-widget-container\">\n\t\t\t\t\t<h2 class=\"elementor-heading-title elementor-size-default\">Olivier Eisenmann de Suisse - est un autre interpr\u00e8te du concert d&#039;orgue dans le cadre du 3e Festival international de musique d&#039;orgue &quot;Basilica Sonans&quot;. <\/h2>\t\t\t\t<\/div>\n\t\t\t\t<\/div>\n\t\t\t\t<div class=\"elementor-element elementor-element-925dd1f elementor-widget elementor-widget-spacer\" data-id=\"925dd1f\" data-element_type=\"widget\" data-e-type=\"widget\" data-widget_type=\"spacer.default\">\n\t\t\t\t<div class=\"elementor-widget-container\">\n\t\t\t\t\t\t\t<div class=\"elementor-spacer\">\n\t\t\t<div class=\"elementor-spacer-inner\"><\/div>\n\t\t<\/div>\n\t\t\t\t\t\t<\/div>\n\t\t\t\t<\/div>\n\t\t\t\t<section class=\"elementor-section elementor-inner-section elementor-element elementor-element-1a2c3ad elementor-section-boxed elementor-section-height-default elementor-section-height-default\" data-id=\"1a2c3ad\" data-element_type=\"section\" data-e-type=\"section\">\n\t\t\t\t\t\t<div class=\"elementor-container elementor-column-gap-default\">\n\t\t\t\t\t<div class=\"elementor-column elementor-col-100 elementor-inner-column elementor-element elementor-element-944a4aa\" data-id=\"944a4aa\" data-element_type=\"column\" data-e-type=\"column\">\n\t\t\t<div class=\"elementor-widget-wrap elementor-element-populated\">\n\t\t\t\t\t\t<div class=\"elementor-element elementor-element-a7b9f22 elementor-widget elementor-widget-text-editor\" data-id=\"a7b9f22\" data-element_type=\"widget\" data-e-type=\"widget\" data-widget_type=\"text-editor.default\">\n\t\t\t\t<div class=\"elementor-widget-container\">\n\t\t\t\t\t\t\t\t\t<div class=\"o9v6fnle cxmmr5t8 oygrvhab hcukyx3x c1et5uql ii04i59q\"><div dir=\"auto\">Olivier Eisenmann vient de Zurich. Il prend des cours de piano aupr\u00e8s de son p\u00e8re, le compositeur Will Eisenmann, et de son professeur Sava Savoff au Conservatoire de Lucerne. Il apprend l&#039;orgue avec Eduard Kaufmann \u00e0 Lucerne. Parall\u00e8lement, il \u00e9tudie, entre autres histoire \u00e0 l&#039;Universit\u00e9 de Zurich. Il a compl\u00e9t\u00e9 ces \u00e9tudes par un doctorat. Dans sa vie professionnelle, il a \u00e9t\u00e9 impliqu\u00e9 non seulement dans la musique, il a \u00e9galement travaill\u00e9, incl. comme \u00e9diteur et professeur d&#039;histoire.<\/div><\/div>\t\t\t\t\t\t\t\t<\/div>\n\t\t\t\t<\/div>\n\t\t\t\t<div class=\"elementor-element elementor-element-084bdae elementor-widget elementor-widget-text-editor\" data-id=\"084bdae\" data-element_type=\"widget\" data-e-type=\"widget\" data-widget_type=\"text-editor.default\">\n\t\t\t\t<div class=\"elementor-widget-container\">\n\t\t\t\t\t\t\t\t\t<div class=\"o9v6fnle cxmmr5t8 oygrvhab hcukyx3x c1et5uql ii04i59q\"><div dir=\"auto\">Il donne des concerts en tant que pianiste et organiste. Des tourn\u00e9es de concerts l&#039;ont emmen\u00e9 dans presque tous les pays europ\u00e9ens, ainsi qu&#039;aux \u00c9tats-Unis et en Australie. En tant que soliste, il s&#039;est produit avec de nombreux orchestres, incl. d&#039;Allemagne et de Singapour.\u00a0<\/div><\/div>\t\t\t\t\t\t\t\t<\/div>\n\t\t\t\t<\/div>\n\t\t\t\t<div class=\"elementor-element elementor-element-408e1a8 elementor-widget elementor-widget-text-editor\" data-id=\"408e1a8\" data-element_type=\"widget\" data-e-type=\"widget\" data-widget_type=\"text-editor.default\">\n\t\t\t\t<div class=\"elementor-widget-container\">\n\t\t\t\t\t\t\t\t\t<div class=\"o9v6fnle cxmmr5t8 oygrvhab hcukyx3x c1et5uql ii04i59q\"><div dir=\"auto\">Il est l&#039;un des fondateurs et membre du conseil d&#039;administration de la Soci\u00e9t\u00e9 internationale de musique contemporaine (ISCM), la section centrale en Suisse. Il a donn\u00e9 des conf\u00e9rences dans des instituts universitaires en Europe et en Australie ainsi que des cours de master, incl. au Conservatoire de Parme et d&#039;Italie.<\/div><\/div>\t\t\t\t\t\t\t\t<\/div>\n\t\t\t\t<\/div>\n\t\t\t\t<div class=\"elementor-element elementor-element-216f973 elementor-widget elementor-widget-text-editor\" data-id=\"216f973\" data-element_type=\"widget\" data-e-type=\"widget\" data-widget_type=\"text-editor.default\">\n\t\t\t\t<div class=\"elementor-widget-container\">\n\t\t\t\t\t\t\t\t\t<div class=\"o9v6fnle cxmmr5t8 oygrvhab hcukyx3x c1et5uql ii04i59q\"><div dir=\"auto\">Il a 12 disques vinyles et 9 CD \u00e0 son actif. Ses enregistrements comprennent principalement de la musique des XIXe et XXe si\u00e8cles.<\/div><\/div>\t\t\t\t\t\t\t\t<\/div>\n\t\t\t\t<\/div>\n\t\t\t\t<div class=\"elementor-element elementor-element-7647e4e elementor-widget elementor-widget-text-editor\" data-id=\"7647e4e\" data-element_type=\"widget\" data-e-type=\"widget\" data-widget_type=\"text-editor.default\">\n\t\t\t\t<div class=\"elementor-widget-container\">\n\t\t\t\t\t\t\t\t\t<div class=\"o9v6fnle cxmmr5t8 oygrvhab hcukyx3x c1et5uql ii04i59q\"><div dir=\"auto\">Lors de l&#039;avant-dernier concert du 3\u00e8me Festival International Lichen de Musique d&#039;Orgue &quot;Basilica Sonans&quot; nous avons eu l&#039;occasion d&#039;entendre, entre autres. Pr\u00e9lude et Fugue en ut mineur (BWV 546) de Bach, Toccata undecima en ut mineur de Muffat ou Fantaisie d&#039;apr\u00e8s les paroles du Psaume 6 de Hans Huber.<\/div><\/div>\t\t\t\t\t\t\t\t<\/div>\n\t\t\t\t<\/div>\n\t\t\t\t<div class=\"elementor-element elementor-element-297bf70 elementor-widget elementor-widget-spacer\" data-id=\"297bf70\" data-element_type=\"widget\" data-e-type=\"widget\" data-widget_type=\"spacer.default\">\n\t\t\t\t<div class=\"elementor-widget-container\">\n\t\t\t\t\t\t\t<div class=\"elementor-spacer\">\n\t\t\t<div class=\"elementor-spacer-inner\"><\/div>\n\t\t<\/div>\n\t\t\t\t\t\t<\/div>\n\t\t\t\t<\/div>\n\t\t\t\t\t<\/div>\n\t\t<\/div>\n\t\t\t\t\t<\/div>\n\t\t<\/section>\n\t\t\t\t<div class=\"elementor-element elementor-element-f447741 elementor-widget elementor-widget-image\" data-id=\"f447741\" data-element_type=\"widget\" data-e-type=\"widget\" data-widget_type=\"image.default\">\n\t\t\t\t<div class=\"elementor-widget-container\">\n\t\t\t\t\t\t\t\t\t\t\t\t\t\t\t\t<a href=\"http:\/\/www.lichen.pl\/wp-content\/uploads\/2021\/08\/Olivier-Eisenmann-22-sierpien-2021-scaled.jpg\" data-elementor-open-lightbox=\"yes\" data-elementor-lightbox-title=\"Olivier Eisenmann 22 sierpie\u0144 2021\" data-e-action-hash=\"#elementor-action%3Aaction%3Dlightbox%26settings%3DeyJpZCI6Mjc2MjcsInVybCI6Imh0dHBzOlwvXC93d3cubGljaGVuLnBsXC93cC1jb250ZW50XC91cGxvYWRzXC8yMDIxXC8wOFwvT2xpdmllci1FaXNlbm1hbm4tMjItc2llcnBpZW4tMjAyMS1zY2FsZWQuanBnIn0%3D\">\n\t\t\t\t\t\t\t<img fetchpriority=\"high\" decoding=\"async\" width=\"768\" height=\"544\" src=\"https:\/\/www.lichen.pl\/wp-content\/uploads\/2021\/08\/Olivier-Eisenmann-22-sierpien-2021-768x544.jpg\" class=\"attachment-medium_large size-medium_large wp-image-27627\" alt=\"\" srcset=\"https:\/\/www.lichen.pl\/wp-content\/uploads\/2021\/08\/Olivier-Eisenmann-22-sierpien-2021-768x544.jpg 768w, https:\/\/www.lichen.pl\/wp-content\/uploads\/2021\/08\/Olivier-Eisenmann-22-sierpien-2021-scaled-800x566.jpg 800w, https:\/\/www.lichen.pl\/wp-content\/uploads\/2021\/08\/Olivier-Eisenmann-22-sierpien-2021-300x212.jpg 300w, https:\/\/www.lichen.pl\/wp-content\/uploads\/2021\/08\/Olivier-Eisenmann-22-sierpien-2021-1024x725.jpg 1024w, https:\/\/www.lichen.pl\/wp-content\/uploads\/2021\/08\/Olivier-Eisenmann-22-sierpien-2021-2048x1450.jpg 2048w, https:\/\/www.lichen.pl\/wp-content\/uploads\/2021\/08\/Olivier-Eisenmann-22-sierpien-2021-scaled.jpg 1920w\" sizes=\"(max-width: 768px) 100vw, 768px\" \/>\t\t\t\t\t\t\t\t<\/a>\n\t\t\t\t\t\t\t\t\t\t\t\t\t\t\t<\/div>\n\t\t\t\t<\/div>\n\t\t\t\t<div class=\"elementor-element elementor-element-4cbe10d elementor-widget elementor-widget-spacer\" data-id=\"4cbe10d\" data-element_type=\"widget\" data-e-type=\"widget\" data-widget_type=\"spacer.default\">\n\t\t\t\t<div class=\"elementor-widget-container\">\n\t\t\t\t\t\t\t<div class=\"elementor-spacer\">\n\t\t\t<div class=\"elementor-spacer-inner\"><\/div>\n\t\t<\/div>\n\t\t\t\t\t\t<\/div>\n\t\t\t\t<\/div>\n\t\t\t\t<div class=\"elementor-element elementor-element-4ce1eb7 elementor-widget elementor-widget-text-editor\" data-id=\"4ce1eb7\" data-element_type=\"widget\" data-e-type=\"widget\" data-widget_type=\"text-editor.default\">\n\t\t\t\t<div class=\"elementor-widget-container\">\n\t\t\t\t\t\t\t\t\t<div class=\"o9v6fnle cxmmr5t8 oygrvhab hcukyx3x c1et5uql ii04i59q\"><div dir=\"auto\"><div class=\"kvgmc6g5 cxmmr5t8 oygrvhab hcukyx3x c1et5uql ii04i59q\">Le dernier concert de l&#039;\u00e9dition de cette ann\u00e9e du Festival aura lieu le dimanche 29 ao\u00fbt prochain \u00e0 14h30. Pendant le r\u00e9cital, nous entendrons des pi\u00e8ces de Liszt, Franck et Surzy\u0144ski interpr\u00e9t\u00e9es par le prof. Andrzej Chorosi\u0144ski (ancien recteur de l&#039;Universit\u00e9 de musique Fryderyk Chopin et \u00e0 l&#039;origine du concept sonore de l&#039;orgue Lichen). La musique sera accompagn\u00e9e de r\u00e9citations de Micha\u0142 Chorosi\u0144ski.<\/div><\/div><\/div>\t\t\t\t\t\t\t\t<\/div>\n\t\t\t\t<\/div>\n\t\t\t\t<div class=\"elementor-element elementor-element-f7a980b elementor-widget elementor-widget-text-editor\" data-id=\"f7a980b\" data-element_type=\"widget\" data-e-type=\"widget\" data-widget_type=\"text-editor.default\">\n\t\t\t\t<div class=\"elementor-widget-container\">\n\t\t\t\t\t\t\t\t\t<p><strong>A lire aussi :<\/strong>\u00a0 <span style=\"color: #ff0000;\"><a style=\"color: #ff0000;\" href=\"http:\/\/www.lichen.pl\/fr\/koncerty-organowe\/\" target=\"_blank\" rel=\"noopener\">Concerts d&#039;orgue<\/a><\/span><\/p>\t\t\t\t\t\t\t\t<\/div>\n\t\t\t\t<\/div>\n\t\t\t\t<div class=\"elementor-element elementor-element-d127062 elementor-widget-divider--view-line_icon elementor-view-default elementor-widget-divider--element-align-center elementor-widget elementor-widget-divider\" data-id=\"d127062\" data-element_type=\"widget\" data-e-type=\"widget\" data-widget_type=\"divider.default\">\n\t\t\t\t<div class=\"elementor-widget-container\">\n\t\t\t\t\t\t\t<div class=\"elementor-divider\">\n\t\t\t<span class=\"elementor-divider-separator\">\n\t\t\t\t\t\t\t<div class=\"elementor-icon elementor-divider__element\">\n\t\t\t\t\t<i aria-hidden=\"true\" class=\"fas fa-camera\"><\/i><\/div>\n\t\t\t\t\t\t<\/span>\n\t\t<\/div>\n\t\t\t\t\t\t<\/div>\n\t\t\t\t<\/div>\n\t\t\t\t<div class=\"elementor-element elementor-element-e08bfee elementor-widget elementor-widget-gallery\" data-id=\"e08bfee\" data-element_type=\"widget\" data-e-type=\"widget\" data-settings=\"{&quot;lazyload&quot;:&quot;yes&quot;,&quot;gallery_layout&quot;:&quot;grid&quot;,&quot;columns&quot;:4,&quot;columns_tablet&quot;:2,&quot;columns_mobile&quot;:1,&quot;gap&quot;:{&quot;unit&quot;:&quot;px&quot;,&quot;size&quot;:10,&quot;sizes&quot;:[]},&quot;gap_tablet&quot;:{&quot;unit&quot;:&quot;px&quot;,&quot;size&quot;:10,&quot;sizes&quot;:[]},&quot;gap_mobile&quot;:{&quot;unit&quot;:&quot;px&quot;,&quot;size&quot;:10,&quot;sizes&quot;:[]},&quot;link_to&quot;:&quot;file&quot;,&quot;aspect_ratio&quot;:&quot;3:2&quot;,&quot;overlay_background&quot;:&quot;yes&quot;,&quot;content_hover_animation&quot;:&quot;fade-in&quot;}\" data-widget_type=\"gallery.default\">\n\t\t\t\t<div class=\"elementor-widget-container\">\n\t\t\t\t\t\t\t<div class=\"elementor-gallery__container\">\n\t\t\t\t\t\t\t<a class=\"e-gallery-item elementor-gallery-item elementor-animated-content\" href=\"https:\/\/www.lichen.pl\/wp-content\/uploads\/2021\/08\/Olivier-Eisenmann-Basilica-Sonans-2021-1.jpg\" data-elementor-open-lightbox=\"yes\" data-elementor-lightbox-slideshow=\"e08bfee\" data-elementor-lightbox-title=\"Olivier Eisenmann, Basilica Sonans 2021 1\" data-e-action-hash=\"#elementor-action%3Aaction%3Dlightbox%26settings%3DeyJpZCI6Mjg0ODUsInVybCI6Imh0dHBzOlwvXC93d3cubGljaGVuLnBsXC93cC1jb250ZW50XC91cGxvYWRzXC8yMDIxXC8wOFwvT2xpdmllci1FaXNlbm1hbm4tQmFzaWxpY2EtU29uYW5zLTIwMjEtMS5qcGciLCJzbGlkZXNob3ciOiJlMDhiZmVlIn0%3D\">\n\t\t\t\t\t<div class=\"e-gallery-image elementor-gallery-item__image\" data-thumbnail=\"https:\/\/www.lichen.pl\/wp-content\/uploads\/2021\/08\/Olivier-Eisenmann-Basilica-Sonans-2021-1-300x200.jpg\" data-width=\"300\" data-height=\"200\" aria-label=\"\" role=\"img\" ><\/div>\n\t\t\t\t\t\t\t\t\t\t\t<div class=\"elementor-gallery-item__overlay\"><\/div>\n\t\t\t\t\t\t\t\t\t\t\t\t\t\t<\/a>\n\t\t\t\t\t\t\t<a class=\"e-gallery-item elementor-gallery-item elementor-animated-content\" href=\"https:\/\/www.lichen.pl\/wp-content\/uploads\/2021\/08\/Olivier-Eisenmann-Basilica-Sonans-2021-2.jpg\" data-elementor-open-lightbox=\"yes\" data-elementor-lightbox-slideshow=\"e08bfee\" data-elementor-lightbox-title=\"Olivier Eisenmann, Basilica Sonans 2021 2\" data-e-action-hash=\"#elementor-action%3Aaction%3Dlightbox%26settings%3DeyJpZCI6Mjg0OTAsInVybCI6Imh0dHBzOlwvXC93d3cubGljaGVuLnBsXC93cC1jb250ZW50XC91cGxvYWRzXC8yMDIxXC8wOFwvT2xpdmllci1FaXNlbm1hbm4tQmFzaWxpY2EtU29uYW5zLTIwMjEtMi5qcGciLCJzbGlkZXNob3ciOiJlMDhiZmVlIn0%3D\">\n\t\t\t\t\t<div class=\"e-gallery-image elementor-gallery-item__image\" data-thumbnail=\"https:\/\/www.lichen.pl\/wp-content\/uploads\/2021\/08\/Olivier-Eisenmann-Basilica-Sonans-2021-2-300x200.jpg\" data-width=\"300\" data-height=\"200\" aria-label=\"\" role=\"img\" ><\/div>\n\t\t\t\t\t\t\t\t\t\t\t<div class=\"elementor-gallery-item__overlay\"><\/div>\n\t\t\t\t\t\t\t\t\t\t\t\t\t\t<\/a>\n\t\t\t\t\t\t\t<a class=\"e-gallery-item elementor-gallery-item elementor-animated-content\" href=\"https:\/\/www.lichen.pl\/wp-content\/uploads\/2021\/08\/Olivier-Eisenmann-Basilica-Sonans-2021-3.jpg\" data-elementor-open-lightbox=\"yes\" data-elementor-lightbox-slideshow=\"e08bfee\" data-elementor-lightbox-title=\"Olivier Eisenmann, Basilica Sonans 2021 3\" data-e-action-hash=\"#elementor-action%3Aaction%3Dlightbox%26settings%3DeyJpZCI6Mjg0OTUsInVybCI6Imh0dHBzOlwvXC93d3cubGljaGVuLnBsXC93cC1jb250ZW50XC91cGxvYWRzXC8yMDIxXC8wOFwvT2xpdmllci1FaXNlbm1hbm4tQmFzaWxpY2EtU29uYW5zLTIwMjEtMy5qcGciLCJzbGlkZXNob3ciOiJlMDhiZmVlIn0%3D\">\n\t\t\t\t\t<div class=\"e-gallery-image elementor-gallery-item__image\" data-thumbnail=\"https:\/\/www.lichen.pl\/wp-content\/uploads\/2021\/08\/Olivier-Eisenmann-Basilica-Sonans-2021-3-300x200.jpg\" data-width=\"300\" data-height=\"200\" aria-label=\"\" role=\"img\" ><\/div>\n\t\t\t\t\t\t\t\t\t\t\t<div class=\"elementor-gallery-item__overlay\"><\/div>\n\t\t\t\t\t\t\t\t\t\t\t\t\t\t<\/a>\n\t\t\t\t\t\t\t<a class=\"e-gallery-item elementor-gallery-item elementor-animated-content\" href=\"https:\/\/www.lichen.pl\/wp-content\/uploads\/2021\/08\/Olivier-Eisenmann-Basilica-Sonans-2021-4.jpg\" data-elementor-open-lightbox=\"yes\" data-elementor-lightbox-slideshow=\"e08bfee\" data-elementor-lightbox-title=\"Olivier Eisenmann, Basilica Sonans 2021 4\" data-e-action-hash=\"#elementor-action%3Aaction%3Dlightbox%26settings%3DeyJpZCI6Mjg1MDAsInVybCI6Imh0dHBzOlwvXC93d3cubGljaGVuLnBsXC93cC1jb250ZW50XC91cGxvYWRzXC8yMDIxXC8wOFwvT2xpdmllci1FaXNlbm1hbm4tQmFzaWxpY2EtU29uYW5zLTIwMjEtNC5qcGciLCJzbGlkZXNob3ciOiJlMDhiZmVlIn0%3D\">\n\t\t\t\t\t<div class=\"e-gallery-image elementor-gallery-item__image\" data-thumbnail=\"https:\/\/www.lichen.pl\/wp-content\/uploads\/2021\/08\/Olivier-Eisenmann-Basilica-Sonans-2021-4-300x200.jpg\" data-width=\"300\" data-height=\"200\" aria-label=\"\" role=\"img\" ><\/div>\n\t\t\t\t\t\t\t\t\t\t\t<div class=\"elementor-gallery-item__overlay\"><\/div>\n\t\t\t\t\t\t\t\t\t\t\t\t\t\t<\/a>\n\t\t\t\t\t\t\t<a class=\"e-gallery-item elementor-gallery-item elementor-animated-content\" href=\"https:\/\/www.lichen.pl\/wp-content\/uploads\/2021\/08\/Olivier-Eisenmann-Basilica-Sonans-2021-5.jpg\" data-elementor-open-lightbox=\"yes\" data-elementor-lightbox-slideshow=\"e08bfee\" data-elementor-lightbox-title=\"Olivier Eisenmann, Basilica Sonans 2021 5\" data-e-action-hash=\"#elementor-action%3Aaction%3Dlightbox%26settings%3DeyJpZCI6Mjg1MDUsInVybCI6Imh0dHBzOlwvXC93d3cubGljaGVuLnBsXC93cC1jb250ZW50XC91cGxvYWRzXC8yMDIxXC8wOFwvT2xpdmllci1FaXNlbm1hbm4tQmFzaWxpY2EtU29uYW5zLTIwMjEtNS5qcGciLCJzbGlkZXNob3ciOiJlMDhiZmVlIn0%3D\">\n\t\t\t\t\t<div class=\"e-gallery-image elementor-gallery-item__image\" data-thumbnail=\"https:\/\/www.lichen.pl\/wp-content\/uploads\/2021\/08\/Olivier-Eisenmann-Basilica-Sonans-2021-5-300x200.jpg\" data-width=\"300\" data-height=\"200\" aria-label=\"\" role=\"img\" ><\/div>\n\t\t\t\t\t\t\t\t\t\t\t<div class=\"elementor-gallery-item__overlay\"><\/div>\n\t\t\t\t\t\t\t\t\t\t\t\t\t\t<\/a>\n\t\t\t\t\t\t\t<a class=\"e-gallery-item elementor-gallery-item elementor-animated-content\" href=\"https:\/\/www.lichen.pl\/wp-content\/uploads\/2021\/08\/Olivier-Eisenmann-Basilica-Sonans-2021-7.jpg\" data-elementor-open-lightbox=\"yes\" data-elementor-lightbox-slideshow=\"e08bfee\" data-elementor-lightbox-title=\"Olivier Eisenmann, Basilica Sonans 2021 7\" data-e-action-hash=\"#elementor-action%3Aaction%3Dlightbox%26settings%3DeyJpZCI6Mjg1MTUsInVybCI6Imh0dHBzOlwvXC93d3cubGljaGVuLnBsXC93cC1jb250ZW50XC91cGxvYWRzXC8yMDIxXC8wOFwvT2xpdmllci1FaXNlbm1hbm4tQmFzaWxpY2EtU29uYW5zLTIwMjEtNy5qcGciLCJzbGlkZXNob3ciOiJlMDhiZmVlIn0%3D\">\n\t\t\t\t\t<div class=\"e-gallery-image elementor-gallery-item__image\" data-thumbnail=\"https:\/\/www.lichen.pl\/wp-content\/uploads\/2021\/08\/Olivier-Eisenmann-Basilica-Sonans-2021-7-300x200.jpg\" data-width=\"300\" data-height=\"200\" aria-label=\"\" role=\"img\" ><\/div>\n\t\t\t\t\t\t\t\t\t\t\t<div class=\"elementor-gallery-item__overlay\"><\/div>\n\t\t\t\t\t\t\t\t\t\t\t\t\t\t<\/a>\n\t\t\t\t\t\t\t<a class=\"e-gallery-item elementor-gallery-item elementor-animated-content\" href=\"https:\/\/www.lichen.pl\/wp-content\/uploads\/2021\/08\/Olivier-Eisenmann-Basilica-Sonans-2021-8.jpg\" data-elementor-open-lightbox=\"yes\" data-elementor-lightbox-slideshow=\"e08bfee\" data-elementor-lightbox-title=\"Olivier Eisenmann, Basilica Sonans 2021 8\" data-e-action-hash=\"#elementor-action%3Aaction%3Dlightbox%26settings%3DeyJpZCI6Mjg1MjAsInVybCI6Imh0dHBzOlwvXC93d3cubGljaGVuLnBsXC93cC1jb250ZW50XC91cGxvYWRzXC8yMDIxXC8wOFwvT2xpdmllci1FaXNlbm1hbm4tQmFzaWxpY2EtU29uYW5zLTIwMjEtOC5qcGciLCJzbGlkZXNob3ciOiJlMDhiZmVlIn0%3D\">\n\t\t\t\t\t<div class=\"e-gallery-image elementor-gallery-item__image\" data-thumbnail=\"https:\/\/www.lichen.pl\/wp-content\/uploads\/2021\/08\/Olivier-Eisenmann-Basilica-Sonans-2021-8-200x300.jpg\" data-width=\"200\" data-height=\"300\" aria-label=\"\" role=\"img\" ><\/div>\n\t\t\t\t\t\t\t\t\t\t\t<div class=\"elementor-gallery-item__overlay\"><\/div>\n\t\t\t\t\t\t\t\t\t\t\t\t\t\t<\/a>\n\t\t\t\t\t\t\t<a class=\"e-gallery-item elementor-gallery-item elementor-animated-content\" href=\"https:\/\/www.lichen.pl\/wp-content\/uploads\/2021\/08\/Olivier-Eisenmann-Basilica-Sonans-2021-9.jpg\" data-elementor-open-lightbox=\"yes\" data-elementor-lightbox-slideshow=\"e08bfee\" data-elementor-lightbox-title=\"Olivier Eisenmann, Basilica Sonans 2021 9\" data-e-action-hash=\"#elementor-action%3Aaction%3Dlightbox%26settings%3DeyJpZCI6Mjg1MjUsInVybCI6Imh0dHBzOlwvXC93d3cubGljaGVuLnBsXC93cC1jb250ZW50XC91cGxvYWRzXC8yMDIxXC8wOFwvT2xpdmllci1FaXNlbm1hbm4tQmFzaWxpY2EtU29uYW5zLTIwMjEtOS5qcGciLCJzbGlkZXNob3ciOiJlMDhiZmVlIn0%3D\">\n\t\t\t\t\t<div class=\"e-gallery-image elementor-gallery-item__image\" data-thumbnail=\"https:\/\/www.lichen.pl\/wp-content\/uploads\/2021\/08\/Olivier-Eisenmann-Basilica-Sonans-2021-9-300x200.jpg\" data-width=\"300\" data-height=\"200\" aria-label=\"\" role=\"img\" ><\/div>\n\t\t\t\t\t\t\t\t\t\t\t<div class=\"elementor-gallery-item__overlay\"><\/div>\n\t\t\t\t\t\t\t\t\t\t\t\t\t\t<\/a>\n\t\t\t\t\t<\/div>\n\t\t\t\t\t<\/div>\n\t\t\t\t<\/div>\n\t\t\t\t<div class=\"elementor-element elementor-element-69f5a2a elementor-widget-divider--view-line elementor-widget elementor-widget-divider\" data-id=\"69f5a2a\" data-element_type=\"widget\" data-e-type=\"widget\" data-widget_type=\"divider.default\">\n\t\t\t\t<div class=\"elementor-widget-container\">\n\t\t\t\t\t\t\t<div class=\"elementor-divider\">\n\t\t\t<span class=\"elementor-divider-separator\">\n\t\t\t\t\t\t<\/span>\n\t\t<\/div>\n\t\t\t\t\t\t<\/div>\n\t\t\t\t<\/div>\n\t\t\t\t\t<\/div>\n\t\t<\/div>\n\t\t\t\t\t<\/div>\n\t\t<\/section>\n\t\t\t\t<\/div>","protected":false},"excerpt":{"rendered":"<p>Olivier Eisenmann ze Szwajcarii &#8211; to kolejny wykonawca koncertu organowego w ramach III Mi\u0119dzynarodowego Liche\u0144skiego Festiwalu Muzyki Organowej &#8220;Basilica Sonans&#8221;. Olivier Eisenmann pochodzi z Zurychu. Lekcje gry na pianinie pobiera\u0142 u swojego ojca, kompozytora Willa Eisenmanna, oraz u nauczyciela Sava Savoffa w Konserwatorium w Lucernie. Gry na organach uczy\u0142 si\u0119 u Eduarda Kaufmanna w Lucernie. [&hellip;]<\/p>\n","protected":false},"author":2,"featured_media":27636,"comment_status":"open","ping_status":"open","sticky":false,"template":"","format":"standard","meta":{"footnotes":""},"categories":[1],"tags":[],"class_list":["post-28400","post","type-post","status-publish","format-standard","has-post-thumbnail","hentry","category-aktualnosci","wpbf-post"],"yoast_head":"<!-- This site is optimized with the Yoast SEO plugin v27.4 - https:\/\/yoast.com\/product\/yoast-seo-wordpress\/ -->\n<title>Festiwal &quot;Basilica Sonans&quot; - koncert organowy, Olivier Eisenmann (Szwajcaria) - SANKTUARIUM W LICHENIU<\/title>\n<meta name=\"robots\" content=\"index, follow, max-snippet:-1, max-image-preview:large, max-video-preview:-1\" \/>\n<link rel=\"canonical\" href=\"https:\/\/www.lichen.pl\/fr\/festiwal-basilica-sonans-koncert-organowy-olivier-eisenmann-szwajcaria\/\" \/>\n<meta property=\"og:locale\" content=\"fr_FR\" \/>\n<meta property=\"og:type\" content=\"article\" \/>\n<meta property=\"og:title\" content=\"Festiwal &quot;Basilica Sonans&quot; - koncert organowy, Olivier Eisenmann (Szwajcaria) - SANKTUARIUM W LICHENIU\" \/>\n<meta property=\"og:description\" content=\"Olivier Eisenmann ze Szwajcarii &#8211; to kolejny wykonawca koncertu organowego w ramach III Mi\u0119dzynarodowego Liche\u0144skiego Festiwalu Muzyki Organowej &#8220;Basilica Sonans&#8221;. Olivier Eisenmann pochodzi z Zurychu. Lekcje gry na pianinie pobiera\u0142 u swojego ojca, kompozytora Willa Eisenmanna, oraz u nauczyciela Sava Savoffa w Konserwatorium w Lucernie. Gry na organach uczy\u0142 si\u0119 u Eduarda Kaufmanna w Lucernie. [&hellip;]\" \/>\n<meta property=\"og:url\" content=\"https:\/\/www.lichen.pl\/fr\/festiwal-basilica-sonans-koncert-organowy-olivier-eisenmann-szwajcaria\/\" \/>\n<meta property=\"og:site_name\" content=\"SANKTUARIUM W LICHENIU\" \/>\n<meta property=\"article:published_time\" content=\"2021-08-22T16:45:25+00:00\" \/>\n<meta property=\"article:modified_time\" content=\"2021-08-23T16:48:07+00:00\" \/>\n<meta property=\"og:image\" content=\"https:\/\/www.lichen.pl\/wp-content\/uploads\/2021\/08\/Olivier-Eisenmann-22-sierpien-2021-kadr.jpg\" \/>\n\t<meta property=\"og:image:width\" content=\"1920\" \/>\n\t<meta property=\"og:image:height\" content=\"1645\" \/>\n\t<meta property=\"og:image:type\" content=\"image\/jpeg\" \/>\n<meta name=\"author\" content=\"Arkadiusz Gorgolewski\" \/>\n<meta name=\"twitter:card\" content=\"summary_large_image\" \/>\n<meta name=\"twitter:label1\" content=\"\u00c9crit par\" \/>\n\t<meta name=\"twitter:data1\" content=\"Arkadiusz Gorgolewski\" \/>\n\t<meta name=\"twitter:label2\" content=\"Dur\u00e9e de lecture estim\u00e9e\" \/>\n\t<meta name=\"twitter:data2\" content=\"2 minutes\" \/>\n<script type=\"application\/ld+json\" class=\"yoast-schema-graph\">{\"@context\":\"https:\\\/\\\/schema.org\",\"@graph\":[{\"@type\":\"Article\",\"@id\":\"https:\\\/\\\/www.lichen.pl\\\/fr\\\/festiwal-basilica-sonans-koncert-organowy-olivier-eisenmann-szwajcaria\\\/#article\",\"isPartOf\":{\"@id\":\"https:\\\/\\\/www.lichen.pl\\\/fr\\\/festiwal-basilica-sonans-koncert-organowy-olivier-eisenmann-szwajcaria\\\/\"},\"author\":{\"name\":\"Arkadiusz Gorgolewski\",\"@id\":\"https:\\\/\\\/www.lichen.pl\\\/fr\\\/#\\\/schema\\\/person\\\/56fc5b38d70a2b34983408f9a457fd9d\"},\"headline\":\"Festiwal &#8220;Basilica Sonans&#8221; &#8211; koncert organowy, Olivier Eisenmann (Szwajcaria)\",\"datePublished\":\"2021-08-22T16:45:25+00:00\",\"dateModified\":\"2021-08-23T16:48:07+00:00\",\"mainEntityOfPage\":{\"@id\":\"https:\\\/\\\/www.lichen.pl\\\/fr\\\/festiwal-basilica-sonans-koncert-organowy-olivier-eisenmann-szwajcaria\\\/\"},\"wordCount\":303,\"commentCount\":0,\"image\":{\"@id\":\"https:\\\/\\\/www.lichen.pl\\\/fr\\\/festiwal-basilica-sonans-koncert-organowy-olivier-eisenmann-szwajcaria\\\/#primaryimage\"},\"thumbnailUrl\":\"https:\\\/\\\/www.lichen.pl\\\/wp-content\\\/uploads\\\/2021\\\/08\\\/Olivier-Eisenmann-22-sierpien-2021-kadr.jpg\",\"articleSection\":[\"Aktualno\u015bci\"],\"inLanguage\":\"fr-FR\",\"potentialAction\":[{\"@type\":\"CommentAction\",\"name\":\"Comment\",\"target\":[\"https:\\\/\\\/www.lichen.pl\\\/fr\\\/festiwal-basilica-sonans-koncert-organowy-olivier-eisenmann-szwajcaria\\\/#respond\"]}]},{\"@type\":\"WebPage\",\"@id\":\"https:\\\/\\\/www.lichen.pl\\\/fr\\\/festiwal-basilica-sonans-koncert-organowy-olivier-eisenmann-szwajcaria\\\/\",\"url\":\"https:\\\/\\\/www.lichen.pl\\\/fr\\\/festiwal-basilica-sonans-koncert-organowy-olivier-eisenmann-szwajcaria\\\/\",\"name\":\"Festiwal \\\"Basilica Sonans\\\" - koncert organowy, Olivier Eisenmann (Szwajcaria) - SANKTUARIUM W LICHENIU\",\"isPartOf\":{\"@id\":\"https:\\\/\\\/www.lichen.pl\\\/fr\\\/#website\"},\"primaryImageOfPage\":{\"@id\":\"https:\\\/\\\/www.lichen.pl\\\/fr\\\/festiwal-basilica-sonans-koncert-organowy-olivier-eisenmann-szwajcaria\\\/#primaryimage\"},\"image\":{\"@id\":\"https:\\\/\\\/www.lichen.pl\\\/fr\\\/festiwal-basilica-sonans-koncert-organowy-olivier-eisenmann-szwajcaria\\\/#primaryimage\"},\"thumbnailUrl\":\"https:\\\/\\\/www.lichen.pl\\\/wp-content\\\/uploads\\\/2021\\\/08\\\/Olivier-Eisenmann-22-sierpien-2021-kadr.jpg\",\"datePublished\":\"2021-08-22T16:45:25+00:00\",\"dateModified\":\"2021-08-23T16:48:07+00:00\",\"author\":{\"@id\":\"https:\\\/\\\/www.lichen.pl\\\/fr\\\/#\\\/schema\\\/person\\\/56fc5b38d70a2b34983408f9a457fd9d\"},\"breadcrumb\":{\"@id\":\"https:\\\/\\\/www.lichen.pl\\\/fr\\\/festiwal-basilica-sonans-koncert-organowy-olivier-eisenmann-szwajcaria\\\/#breadcrumb\"},\"inLanguage\":\"fr-FR\",\"potentialAction\":[{\"@type\":\"ReadAction\",\"target\":[\"https:\\\/\\\/www.lichen.pl\\\/fr\\\/festiwal-basilica-sonans-koncert-organowy-olivier-eisenmann-szwajcaria\\\/\"]}]},{\"@type\":\"ImageObject\",\"inLanguage\":\"fr-FR\",\"@id\":\"https:\\\/\\\/www.lichen.pl\\\/fr\\\/festiwal-basilica-sonans-koncert-organowy-olivier-eisenmann-szwajcaria\\\/#primaryimage\",\"url\":\"https:\\\/\\\/www.lichen.pl\\\/wp-content\\\/uploads\\\/2021\\\/08\\\/Olivier-Eisenmann-22-sierpien-2021-kadr.jpg\",\"contentUrl\":\"https:\\\/\\\/www.lichen.pl\\\/wp-content\\\/uploads\\\/2021\\\/08\\\/Olivier-Eisenmann-22-sierpien-2021-kadr.jpg\",\"width\":1920,\"height\":1645},{\"@type\":\"BreadcrumbList\",\"@id\":\"https:\\\/\\\/www.lichen.pl\\\/fr\\\/festiwal-basilica-sonans-koncert-organowy-olivier-eisenmann-szwajcaria\\\/#breadcrumb\",\"itemListElement\":[{\"@type\":\"ListItem\",\"position\":1,\"name\":\"Strona g\u0142\u00f3wna\",\"item\":\"https:\\\/\\\/www.lichen.pl\\\/\"},{\"@type\":\"ListItem\",\"position\":2,\"name\":\"Festiwal &#8220;Basilica Sonans&#8221; &#8211; koncert organowy, Olivier Eisenmann (Szwajcaria)\"}]},{\"@type\":\"WebSite\",\"@id\":\"https:\\\/\\\/www.lichen.pl\\\/fr\\\/#website\",\"url\":\"https:\\\/\\\/www.lichen.pl\\\/fr\\\/\",\"name\":\"SANKTUARIUM W LICHENIU\",\"description\":\"MATKI BO\u017bEJ LICHE\u0143SKIEJ BOLESNEJ KR\u00d3LOWEJ POLSKI\",\"potentialAction\":[{\"@type\":\"SearchAction\",\"target\":{\"@type\":\"EntryPoint\",\"urlTemplate\":\"https:\\\/\\\/www.lichen.pl\\\/fr\\\/?s={search_term_string}\"},\"query-input\":{\"@type\":\"PropertyValueSpecification\",\"valueRequired\":true,\"valueName\":\"search_term_string\"}}],\"inLanguage\":\"fr-FR\"},{\"@type\":\"Person\",\"@id\":\"https:\\\/\\\/www.lichen.pl\\\/fr\\\/#\\\/schema\\\/person\\\/56fc5b38d70a2b34983408f9a457fd9d\",\"name\":\"Arkadiusz Gorgolewski\",\"image\":{\"@type\":\"ImageObject\",\"inLanguage\":\"fr-FR\",\"@id\":\"https:\\\/\\\/secure.gravatar.com\\\/avatar\\\/0f571b370f5aa245b1fd3b9c945511b004fe17579bdefd5054d99f0ba315149c?s=96&d=retro&r=g\",\"url\":\"https:\\\/\\\/secure.gravatar.com\\\/avatar\\\/0f571b370f5aa245b1fd3b9c945511b004fe17579bdefd5054d99f0ba315149c?s=96&d=retro&r=g\",\"contentUrl\":\"https:\\\/\\\/secure.gravatar.com\\\/avatar\\\/0f571b370f5aa245b1fd3b9c945511b004fe17579bdefd5054d99f0ba315149c?s=96&d=retro&r=g\",\"caption\":\"Arkadiusz Gorgolewski\"},\"url\":\"https:\\\/\\\/www.lichen.pl\\\/fr\\\/author\\\/sanadmin\\\/\"}]}<\/script>\n<!-- \/ Yoast SEO plugin. -->","yoast_head_json":{"title":"Festiwal \"Basilica Sonans\" - koncert organowy, Olivier Eisenmann (Szwajcaria) - SANKTUARIUM W LICHENIU","robots":{"index":"index","follow":"follow","max-snippet":"max-snippet:-1","max-image-preview":"max-image-preview:large","max-video-preview":"max-video-preview:-1"},"canonical":"https:\/\/www.lichen.pl\/fr\/festiwal-basilica-sonans-koncert-organowy-olivier-eisenmann-szwajcaria\/","og_locale":"fr_FR","og_type":"article","og_title":"Festiwal \"Basilica Sonans\" - koncert organowy, Olivier Eisenmann (Szwajcaria) - SANKTUARIUM W LICHENIU","og_description":"Olivier Eisenmann ze Szwajcarii &#8211; to kolejny wykonawca koncertu organowego w ramach III Mi\u0119dzynarodowego Liche\u0144skiego Festiwalu Muzyki Organowej &#8220;Basilica Sonans&#8221;. Olivier Eisenmann pochodzi z Zurychu. Lekcje gry na pianinie pobiera\u0142 u swojego ojca, kompozytora Willa Eisenmanna, oraz u nauczyciela Sava Savoffa w Konserwatorium w Lucernie. Gry na organach uczy\u0142 si\u0119 u Eduarda Kaufmanna w Lucernie. [&hellip;]","og_url":"https:\/\/www.lichen.pl\/fr\/festiwal-basilica-sonans-koncert-organowy-olivier-eisenmann-szwajcaria\/","og_site_name":"SANKTUARIUM W LICHENIU","article_published_time":"2021-08-22T16:45:25+00:00","article_modified_time":"2021-08-23T16:48:07+00:00","og_image":[{"width":1920,"height":1645,"url":"https:\/\/www.lichen.pl\/wp-content\/uploads\/2021\/08\/Olivier-Eisenmann-22-sierpien-2021-kadr.jpg","type":"image\/jpeg"}],"author":"Arkadiusz Gorgolewski","twitter_card":"summary_large_image","twitter_misc":{"\u00c9crit par":"Arkadiusz Gorgolewski","Dur\u00e9e de lecture estim\u00e9e":"2 minutes"},"schema":{"@context":"https:\/\/schema.org","@graph":[{"@type":"Article","@id":"https:\/\/www.lichen.pl\/fr\/festiwal-basilica-sonans-koncert-organowy-olivier-eisenmann-szwajcaria\/#article","isPartOf":{"@id":"https:\/\/www.lichen.pl\/fr\/festiwal-basilica-sonans-koncert-organowy-olivier-eisenmann-szwajcaria\/"},"author":{"name":"Arkadiusz Gorgolewski","@id":"https:\/\/www.lichen.pl\/fr\/#\/schema\/person\/56fc5b38d70a2b34983408f9a457fd9d"},"headline":"Festiwal &#8220;Basilica Sonans&#8221; &#8211; koncert organowy, Olivier Eisenmann (Szwajcaria)","datePublished":"2021-08-22T16:45:25+00:00","dateModified":"2021-08-23T16:48:07+00:00","mainEntityOfPage":{"@id":"https:\/\/www.lichen.pl\/fr\/festiwal-basilica-sonans-koncert-organowy-olivier-eisenmann-szwajcaria\/"},"wordCount":303,"commentCount":0,"image":{"@id":"https:\/\/www.lichen.pl\/fr\/festiwal-basilica-sonans-koncert-organowy-olivier-eisenmann-szwajcaria\/#primaryimage"},"thumbnailUrl":"https:\/\/www.lichen.pl\/wp-content\/uploads\/2021\/08\/Olivier-Eisenmann-22-sierpien-2021-kadr.jpg","articleSection":["Aktualno\u015bci"],"inLanguage":"fr-FR","potentialAction":[{"@type":"CommentAction","name":"Comment","target":["https:\/\/www.lichen.pl\/fr\/festiwal-basilica-sonans-koncert-organowy-olivier-eisenmann-szwajcaria\/#respond"]}]},{"@type":"WebPage","@id":"https:\/\/www.lichen.pl\/fr\/festiwal-basilica-sonans-koncert-organowy-olivier-eisenmann-szwajcaria\/","url":"https:\/\/www.lichen.pl\/fr\/festiwal-basilica-sonans-koncert-organowy-olivier-eisenmann-szwajcaria\/","name":"Festiwal \"Basilica Sonans\" - koncert organowy, Olivier Eisenmann (Szwajcaria) - SANKTUARIUM W LICHENIU","isPartOf":{"@id":"https:\/\/www.lichen.pl\/fr\/#website"},"primaryImageOfPage":{"@id":"https:\/\/www.lichen.pl\/fr\/festiwal-basilica-sonans-koncert-organowy-olivier-eisenmann-szwajcaria\/#primaryimage"},"image":{"@id":"https:\/\/www.lichen.pl\/fr\/festiwal-basilica-sonans-koncert-organowy-olivier-eisenmann-szwajcaria\/#primaryimage"},"thumbnailUrl":"https:\/\/www.lichen.pl\/wp-content\/uploads\/2021\/08\/Olivier-Eisenmann-22-sierpien-2021-kadr.jpg","datePublished":"2021-08-22T16:45:25+00:00","dateModified":"2021-08-23T16:48:07+00:00","author":{"@id":"https:\/\/www.lichen.pl\/fr\/#\/schema\/person\/56fc5b38d70a2b34983408f9a457fd9d"},"breadcrumb":{"@id":"https:\/\/www.lichen.pl\/fr\/festiwal-basilica-sonans-koncert-organowy-olivier-eisenmann-szwajcaria\/#breadcrumb"},"inLanguage":"fr-FR","potentialAction":[{"@type":"ReadAction","target":["https:\/\/www.lichen.pl\/fr\/festiwal-basilica-sonans-koncert-organowy-olivier-eisenmann-szwajcaria\/"]}]},{"@type":"ImageObject","inLanguage":"fr-FR","@id":"https:\/\/www.lichen.pl\/fr\/festiwal-basilica-sonans-koncert-organowy-olivier-eisenmann-szwajcaria\/#primaryimage","url":"https:\/\/www.lichen.pl\/wp-content\/uploads\/2021\/08\/Olivier-Eisenmann-22-sierpien-2021-kadr.jpg","contentUrl":"https:\/\/www.lichen.pl\/wp-content\/uploads\/2021\/08\/Olivier-Eisenmann-22-sierpien-2021-kadr.jpg","width":1920,"height":1645},{"@type":"BreadcrumbList","@id":"https:\/\/www.lichen.pl\/fr\/festiwal-basilica-sonans-koncert-organowy-olivier-eisenmann-szwajcaria\/#breadcrumb","itemListElement":[{"@type":"ListItem","position":1,"name":"Strona g\u0142\u00f3wna","item":"https:\/\/www.lichen.pl\/"},{"@type":"ListItem","position":2,"name":"Festiwal &#8220;Basilica Sonans&#8221; &#8211; koncert organowy, Olivier Eisenmann (Szwajcaria)"}]},{"@type":"WebSite","@id":"https:\/\/www.lichen.pl\/fr\/#website","url":"https:\/\/www.lichen.pl\/fr\/","name":"SANCTUAIRE EN LICHENIE","description":"LA MAUVAISE REINE DE POLOGNE DE NOTRE LICHEN","potentialAction":[{"@type":"SearchAction","target":{"@type":"EntryPoint","urlTemplate":"https:\/\/www.lichen.pl\/fr\/?s={search_term_string}"},"query-input":{"@type":"PropertyValueSpecification","valueRequired":true,"valueName":"search_term_string"}}],"inLanguage":"fr-FR"},{"@type":"Person","@id":"https:\/\/www.lichen.pl\/fr\/#\/schema\/person\/56fc5b38d70a2b34983408f9a457fd9d","name":"Arkadiusz Gorgolewski","image":{"@type":"ImageObject","inLanguage":"fr-FR","@id":"https:\/\/secure.gravatar.com\/avatar\/0f571b370f5aa245b1fd3b9c945511b004fe17579bdefd5054d99f0ba315149c?s=96&d=retro&r=g","url":"https:\/\/secure.gravatar.com\/avatar\/0f571b370f5aa245b1fd3b9c945511b004fe17579bdefd5054d99f0ba315149c?s=96&d=retro&r=g","contentUrl":"https:\/\/secure.gravatar.com\/avatar\/0f571b370f5aa245b1fd3b9c945511b004fe17579bdefd5054d99f0ba315149c?s=96&d=retro&r=g","caption":"Arkadiusz Gorgolewski"},"url":"https:\/\/www.lichen.pl\/fr\/author\/sanadmin\/"}]}},"_links":{"self":[{"href":"https:\/\/www.lichen.pl\/fr\/wp-json\/wp\/v2\/posts\/28400","targetHints":{"allow":["GET"]}}],"collection":[{"href":"https:\/\/www.lichen.pl\/fr\/wp-json\/wp\/v2\/posts"}],"about":[{"href":"https:\/\/www.lichen.pl\/fr\/wp-json\/wp\/v2\/types\/post"}],"author":[{"embeddable":true,"href":"https:\/\/www.lichen.pl\/fr\/wp-json\/wp\/v2\/users\/2"}],"replies":[{"embeddable":true,"href":"https:\/\/www.lichen.pl\/fr\/wp-json\/wp\/v2\/comments?post=28400"}],"version-history":[{"count":15,"href":"https:\/\/www.lichen.pl\/fr\/wp-json\/wp\/v2\/posts\/28400\/revisions"}],"predecessor-version":[{"id":28532,"href":"https:\/\/www.lichen.pl\/fr\/wp-json\/wp\/v2\/posts\/28400\/revisions\/28532"}],"wp:featuredmedia":[{"embeddable":true,"href":"https:\/\/www.lichen.pl\/fr\/wp-json\/wp\/v2\/media\/27636"}],"wp:attachment":[{"href":"https:\/\/www.lichen.pl\/fr\/wp-json\/wp\/v2\/media?parent=28400"}],"wp:term":[{"taxonomy":"category","embeddable":true,"href":"https:\/\/www.lichen.pl\/fr\/wp-json\/wp\/v2\/categories?post=28400"},{"taxonomy":"post_tag","embeddable":true,"href":"https:\/\/www.lichen.pl\/fr\/wp-json\/wp\/v2\/tags?post=28400"}],"curies":[{"name":"wp","href":"https:\/\/api.w.org\/{rel}","templated":true}]}}