{"id":28784,"date":"2021-08-22T19:00:49","date_gmt":"2021-08-22T19:00:49","guid":{"rendered":"http:\/\/www.lichen.pl\/rozpoznac-wole-boza-rekolekcje-maryjne-copy\/"},"modified":"2021-08-23T18:36:38","modified_gmt":"2021-08-23T18:36:38","slug":"rekolekcje-maryjne-otuleni-boza-miloscia-dobiegly-konca","status":"publish","type":"post","link":"https:\/\/www.lichen.pl\/fr\/rekolekcje-maryjne-otuleni-boza-miloscia-dobiegly-konca\/","title":{"rendered":"La retraite mariale &quot;Entour\u00e9e de l&#039;amour de Dieu&quot; est termin\u00e9e"},"content":{"rendered":"<div data-elementor-type=\"wp-post\" data-elementor-id=\"28784\" class=\"elementor elementor-28784\" data-elementor-post-type=\"post\">\n\t\t\t\t\t\t<section class=\"elementor-section elementor-top-section elementor-element elementor-element-7a3f9ca elementor-section-boxed elementor-section-height-default elementor-section-height-default\" data-id=\"7a3f9ca\" data-element_type=\"section\" data-e-type=\"section\">\n\t\t\t\t\t\t<div class=\"elementor-container elementor-column-gap-default\">\n\t\t\t\t\t<div class=\"elementor-column elementor-col-100 elementor-top-column elementor-element elementor-element-6782e9e\" data-id=\"6782e9e\" data-element_type=\"column\" data-e-type=\"column\">\n\t\t\t<div class=\"elementor-widget-wrap elementor-element-populated\">\n\t\t\t\t\t\t<div class=\"elementor-element elementor-element-ae33f96 elementor-widget elementor-widget-text-editor\" data-id=\"ae33f96\" data-element_type=\"widget\" data-e-type=\"widget\" data-widget_type=\"text-editor.default\">\n\t\t\t\t<div class=\"elementor-widget-container\">\n\t\t\t\t\t\t\t\t\t<p class=\"MsoNormal\"><strong>26 personnes de diff\u00e9rentes r\u00e9gions de Pologne lors de conf\u00e9rences donn\u00e9es par le P. Adam Stankiewicz, MIC, le vice-gardien du sanctuaire, a eu l&#039;occasion de d\u00e9couvrir cette v\u00e9rit\u00e9, combien Dieu nous aime.<\/strong><\/p><p class=\"MsoNormal\">Fr. Stankiewicz a soutenu que l&#039;amour de Dieu est \u00e9ternel, gratuit, mis\u00e9ricordieux et sacrificiel. Ce n&#039;est pas quelque chose qui doit \u00eatre gagn\u00e9. Les participants d\u00e9couvrant qu&#039;ils sont aim\u00e9s de Dieu comme Marie, entendent l&#039;invitation \u00e0 coop\u00e9rer avec le Cr\u00e9ateur : <em>\u00ab Cela d\u00e9pend de nous si nous resterons avec Dieu. Dans le sacrement du saint bapt\u00eame, Dieu nous donne la gr\u00e2ce de la foi. J\u00e9sus veut na\u00eetre en nous spirituellement. Il veut nous changer. Il veut nous donner son amour&quot;<\/em> La Marianne expliqua.<\/p><p class=\"MsoNormal\">Maria et Zbigniew d&#039;Inowroc\u0142aw appartiennent quotidiennement \u00e0 l&#039;\u00c9glise de la maison. Le couple a d\u00e9j\u00e0 six enfants et six petits-enfants. Pour eux, le quotidien intensif, c&#039;est aussi s&#039;occuper d&#039;un parent malade. Les difficult\u00e9s qu&#039;ils venaient de vivre les firent venir \u00e0 la retraite de Liche\u0144. -<em> &quot;D\u00e8s les premiers instants, je sens en paix que le temps de ces retraites est le temps pour nous&quot;<\/em> - dit Mme Maria. Le th\u00e8me de la retraite leur tient \u00e0 c\u0153ur. Impliqu\u00e9s depuis des ann\u00e9es dans la vie de l&#039;\u00c9glise, ils disent ressentir l&#039;amour de Dieu \u00e0 chaque pas - <em>&quot;On compte sur le fait que dans la stagnation du quotidien, on va pouvoir se ressourcer ici&quot;<\/em> - ajoute Zbigniew - <em>\u00ab D\u00e8s les premi\u00e8res conf\u00e9rences, on voit qu&#039;elles sont profondes et accessibles.<\/em> Ce qui les a le plus frapp\u00e9s, c&#039;est la d\u00e9couverte que l&#039;Annonciation se produit dans la vie de chacun. <em>\u00ab Nous avons tous acc\u00e8s \u00e0 la Parole dans l&#039;Eucharistie en lisant les \u00c9critures. Dieu vient \u00e0 nous tous les jours. Pas une seule fois. Et chaque jour, nous le choisissons comme Seigneur et Sauveur.&quot;<\/em><\/p>\t\t\t\t\t\t\t\t<\/div>\n\t\t\t\t<\/div>\n\t\t\t\t<div class=\"elementor-element elementor-element-3bef314 elementor-widget elementor-widget-text-editor\" data-id=\"3bef314\" data-element_type=\"widget\" data-e-type=\"widget\" data-widget_type=\"text-editor.default\">\n\t\t\t\t<div class=\"elementor-widget-container\">\n\t\t\t\t\t\t\t\t\t<p class=\"MsoNormal\">Texte et photos : Service de presse du Sanctuaire<\/p>\t\t\t\t\t\t\t\t<\/div>\n\t\t\t\t<\/div>\n\t\t\t\t<div class=\"elementor-element elementor-element-dae7155 elementor-widget elementor-widget-image\" data-id=\"dae7155\" data-element_type=\"widget\" data-e-type=\"widget\" data-widget_type=\"image.default\">\n\t\t\t\t<div class=\"elementor-widget-container\">\n\t\t\t\t\t\t\t\t\t\t\t\t<figure class=\"wp-caption\">\n\t\t\t\t\t\t\t\t\t\t<img fetchpriority=\"high\" decoding=\"async\" width=\"1024\" height=\"683\" src=\"https:\/\/www.lichen.pl\/wp-content\/uploads\/2021\/08\/Otuleni-Boza-Miloscia-20-22-sierpnia-2021-1024x683.jpg\" class=\"attachment-large size-large wp-image-28786\" alt=\"\" srcset=\"https:\/\/www.lichen.pl\/wp-content\/uploads\/2021\/08\/Otuleni-Boza-Miloscia-20-22-sierpnia-2021-1024x683.jpg 1024w, https:\/\/www.lichen.pl\/wp-content\/uploads\/2021\/08\/Otuleni-Boza-Miloscia-20-22-sierpnia-2021-800x534.jpg 800w, https:\/\/www.lichen.pl\/wp-content\/uploads\/2021\/08\/Otuleni-Boza-Miloscia-20-22-sierpnia-2021-300x200.jpg 300w, https:\/\/www.lichen.pl\/wp-content\/uploads\/2021\/08\/Otuleni-Boza-Miloscia-20-22-sierpnia-2021-768x512.jpg 768w, https:\/\/www.lichen.pl\/wp-content\/uploads\/2021\/08\/Otuleni-Boza-Miloscia-20-22-sierpnia-2021.jpg 1333w\" sizes=\"(max-width: 1024px) 100vw, 1024px\" \/>\t\t\t\t\t\t\t\t\t\t\t<figcaption class=\"widget-image-caption wp-caption-text\">Participants \u00e0 la retraite &quot;Entour\u00e9s de l&#039;amour de Dieu&quot;, 20-23 ao\u00fbt 2021.<\/figcaption>\n\t\t\t\t\t\t\t\t\t\t<\/figure>\n\t\t\t\t\t\t\t\t\t<\/div>\n\t\t\t\t<\/div>\n\t\t\t\t<div class=\"elementor-element elementor-element-a36e62c elementor-widget elementor-widget-text-editor\" data-id=\"a36e62c\" data-element_type=\"widget\" data-e-type=\"widget\" data-widget_type=\"text-editor.default\">\n\t\t\t\t<div class=\"elementor-widget-container\">\n\t\t\t\t\t\t\t\t\t<p class=\"MsoNormal\">En savoir plus sur la retraite mariale <span style=\"color: #000080;\"><strong><a style=\"color: #000080;\" href=\"http:\/\/www.maryja.pl\/index.php?option=com_content&amp;view=article&amp;id=105&amp;Itemid=576\" target=\"_blank\" rel=\"noopener\">ici<\/a><\/strong><\/span><\/p>\t\t\t\t\t\t\t\t<\/div>\n\t\t\t\t<\/div>\n\t\t\t\t\t<\/div>\n\t\t<\/div>\n\t\t\t\t\t<\/div>\n\t\t<\/section>\n\t\t\t\t<section class=\"elementor-section elementor-top-section elementor-element elementor-element-5b1f5c4 elementor-section-boxed elementor-section-height-default elementor-section-height-default\" data-id=\"5b1f5c4\" data-element_type=\"section\" data-e-type=\"section\">\n\t\t\t\t\t\t<div class=\"elementor-container elementor-column-gap-default\">\n\t\t\t\t\t<div class=\"elementor-column elementor-col-100 elementor-top-column elementor-element elementor-element-8ed0b57\" data-id=\"8ed0b57\" data-element_type=\"column\" data-e-type=\"column\">\n\t\t\t<div class=\"elementor-widget-wrap elementor-element-populated\">\n\t\t\t\t\t\t<div class=\"elementor-element elementor-element-03393ba elementor-widget-divider--view-line elementor-widget elementor-widget-divider\" data-id=\"03393ba\" data-element_type=\"widget\" data-e-type=\"widget\" data-widget_type=\"divider.default\">\n\t\t\t\t<div class=\"elementor-widget-container\">\n\t\t\t\t\t\t\t<div class=\"elementor-divider\">\n\t\t\t<span class=\"elementor-divider-separator\">\n\t\t\t\t\t\t<\/span>\n\t\t<\/div>\n\t\t\t\t\t\t<\/div>\n\t\t\t\t<\/div>\n\t\t\t\t\t<\/div>\n\t\t<\/div>\n\t\t\t\t\t<\/div>\n\t\t<\/section>\n\t\t\t\t<\/div>","protected":false},"excerpt":{"rendered":"<p>26 os\u00f3b z r\u00f3\u017cnych stron Polski podczas konferencji wyg\u0142oszonych przez ks. Adama Stankiewicza MIC, wicekustosza sanktuarium, mia\u0142o okazj\u0119 odkry\u0107 t\u0119 prawd\u0119, jak mocno kocha nas B\u00f3g. Ks. Stankiewicz przekonywa\u0142, \u017ce Bo\u017ca mi\u0142o\u015b\u0107 jest odwieczna, darmowa, mi\u0142osierna, ofiarna. Nie jest czym\u015b, na co trzeba zas\u0142u\u017cy\u0107. Uczestnicy odkrywaj\u0105c, ze s\u0105 kochani przez Boga jak Maryja, s\u0142ysz\u0105 zaproszenie [&hellip;]<\/p>\n","protected":false},"author":2,"featured_media":28786,"comment_status":"open","ping_status":"open","sticky":false,"template":"","format":"standard","meta":{"footnotes":""},"categories":[1],"tags":[],"class_list":["post-28784","post","type-post","status-publish","format-standard","has-post-thumbnail","hentry","category-aktualnosci","wpbf-post"],"yoast_head":"<!-- This site is optimized with the Yoast SEO plugin v27.4 - https:\/\/yoast.com\/product\/yoast-seo-wordpress\/ -->\n<title>Rekolekcje Maryjne &quot;Otuleni Bo\u017c\u0105 mi\u0142o\u015bci\u0105&quot; dobieg\u0142y ko\u0144ca - SANKTUARIUM W LICHENIU<\/title>\n<meta name=\"robots\" content=\"index, follow, max-snippet:-1, max-image-preview:large, max-video-preview:-1\" \/>\n<link rel=\"canonical\" href=\"https:\/\/www.lichen.pl\/fr\/rekolekcje-maryjne-otuleni-boza-miloscia-dobiegly-konca\/\" \/>\n<meta property=\"og:locale\" content=\"fr_FR\" \/>\n<meta property=\"og:type\" content=\"article\" \/>\n<meta property=\"og:title\" content=\"Rekolekcje Maryjne &quot;Otuleni Bo\u017c\u0105 mi\u0142o\u015bci\u0105&quot; dobieg\u0142y ko\u0144ca - SANKTUARIUM W LICHENIU\" \/>\n<meta property=\"og:description\" content=\"26 os\u00f3b z r\u00f3\u017cnych stron Polski podczas konferencji wyg\u0142oszonych przez ks. Adama Stankiewicza MIC, wicekustosza sanktuarium, mia\u0142o okazj\u0119 odkry\u0107 t\u0119 prawd\u0119, jak mocno kocha nas B\u00f3g. Ks. Stankiewicz przekonywa\u0142, \u017ce Bo\u017ca mi\u0142o\u015b\u0107 jest odwieczna, darmowa, mi\u0142osierna, ofiarna. Nie jest czym\u015b, na co trzeba zas\u0142u\u017cy\u0107. Uczestnicy odkrywaj\u0105c, ze s\u0105 kochani przez Boga jak Maryja, s\u0142ysz\u0105 zaproszenie [&hellip;]\" \/>\n<meta property=\"og:url\" content=\"https:\/\/www.lichen.pl\/fr\/rekolekcje-maryjne-otuleni-boza-miloscia-dobiegly-konca\/\" \/>\n<meta property=\"og:site_name\" content=\"SANKTUARIUM W LICHENIU\" \/>\n<meta property=\"article:published_time\" content=\"2021-08-22T19:00:49+00:00\" \/>\n<meta property=\"article:modified_time\" content=\"2021-08-23T18:36:38+00:00\" \/>\n<meta property=\"og:image\" content=\"https:\/\/www.lichen.pl\/wp-content\/uploads\/2021\/08\/Otuleni-Boza-Miloscia-20-22-sierpnia-2021.jpg\" \/>\n\t<meta property=\"og:image:width\" content=\"1333\" \/>\n\t<meta property=\"og:image:height\" content=\"889\" \/>\n\t<meta property=\"og:image:type\" content=\"image\/jpeg\" \/>\n<meta name=\"author\" content=\"Arkadiusz Gorgolewski\" \/>\n<meta name=\"twitter:card\" content=\"summary_large_image\" \/>\n<meta name=\"twitter:label1\" content=\"\u00c9crit par\" \/>\n\t<meta name=\"twitter:data1\" content=\"Arkadiusz Gorgolewski\" \/>\n\t<meta name=\"twitter:label2\" content=\"Dur\u00e9e de lecture estim\u00e9e\" \/>\n\t<meta name=\"twitter:data2\" content=\"2 minutes\" \/>\n<script type=\"application\/ld+json\" class=\"yoast-schema-graph\">{\"@context\":\"https:\\\/\\\/schema.org\",\"@graph\":[{\"@type\":\"Article\",\"@id\":\"https:\\\/\\\/www.lichen.pl\\\/rekolekcje-maryjne-otuleni-boza-miloscia-dobiegly-konca\\\/#article\",\"isPartOf\":{\"@id\":\"https:\\\/\\\/www.lichen.pl\\\/rekolekcje-maryjne-otuleni-boza-miloscia-dobiegly-konca\\\/\"},\"author\":{\"name\":\"Arkadiusz Gorgolewski\",\"@id\":\"https:\\\/\\\/www.lichen.pl\\\/fr\\\/#\\\/schema\\\/person\\\/56fc5b38d70a2b34983408f9a457fd9d\"},\"headline\":\"Rekolekcje Maryjne &#8220;Otuleni Bo\u017c\u0105 mi\u0142o\u015bci\u0105&#8221; dobieg\u0142y ko\u0144ca\",\"datePublished\":\"2021-08-22T19:00:49+00:00\",\"dateModified\":\"2021-08-23T18:36:38+00:00\",\"mainEntityOfPage\":{\"@id\":\"https:\\\/\\\/www.lichen.pl\\\/rekolekcje-maryjne-otuleni-boza-miloscia-dobiegly-konca\\\/\"},\"wordCount\":336,\"commentCount\":0,\"image\":{\"@id\":\"https:\\\/\\\/www.lichen.pl\\\/rekolekcje-maryjne-otuleni-boza-miloscia-dobiegly-konca\\\/#primaryimage\"},\"thumbnailUrl\":\"https:\\\/\\\/www.lichen.pl\\\/wp-content\\\/uploads\\\/2021\\\/08\\\/Otuleni-Boza-Miloscia-20-22-sierpnia-2021.jpg\",\"articleSection\":[\"Aktualno\u015bci\"],\"inLanguage\":\"fr-FR\",\"potentialAction\":[{\"@type\":\"CommentAction\",\"name\":\"Comment\",\"target\":[\"https:\\\/\\\/www.lichen.pl\\\/rekolekcje-maryjne-otuleni-boza-miloscia-dobiegly-konca\\\/#respond\"]}]},{\"@type\":\"WebPage\",\"@id\":\"https:\\\/\\\/www.lichen.pl\\\/rekolekcje-maryjne-otuleni-boza-miloscia-dobiegly-konca\\\/\",\"url\":\"https:\\\/\\\/www.lichen.pl\\\/rekolekcje-maryjne-otuleni-boza-miloscia-dobiegly-konca\\\/\",\"name\":\"Rekolekcje Maryjne \\\"Otuleni Bo\u017c\u0105 mi\u0142o\u015bci\u0105\\\" dobieg\u0142y ko\u0144ca - SANKTUARIUM W LICHENIU\",\"isPartOf\":{\"@id\":\"https:\\\/\\\/www.lichen.pl\\\/fr\\\/#website\"},\"primaryImageOfPage\":{\"@id\":\"https:\\\/\\\/www.lichen.pl\\\/rekolekcje-maryjne-otuleni-boza-miloscia-dobiegly-konca\\\/#primaryimage\"},\"image\":{\"@id\":\"https:\\\/\\\/www.lichen.pl\\\/rekolekcje-maryjne-otuleni-boza-miloscia-dobiegly-konca\\\/#primaryimage\"},\"thumbnailUrl\":\"https:\\\/\\\/www.lichen.pl\\\/wp-content\\\/uploads\\\/2021\\\/08\\\/Otuleni-Boza-Miloscia-20-22-sierpnia-2021.jpg\",\"datePublished\":\"2021-08-22T19:00:49+00:00\",\"dateModified\":\"2021-08-23T18:36:38+00:00\",\"author\":{\"@id\":\"https:\\\/\\\/www.lichen.pl\\\/fr\\\/#\\\/schema\\\/person\\\/56fc5b38d70a2b34983408f9a457fd9d\"},\"breadcrumb\":{\"@id\":\"https:\\\/\\\/www.lichen.pl\\\/rekolekcje-maryjne-otuleni-boza-miloscia-dobiegly-konca\\\/#breadcrumb\"},\"inLanguage\":\"fr-FR\",\"potentialAction\":[{\"@type\":\"ReadAction\",\"target\":[\"https:\\\/\\\/www.lichen.pl\\\/rekolekcje-maryjne-otuleni-boza-miloscia-dobiegly-konca\\\/\"]}]},{\"@type\":\"ImageObject\",\"inLanguage\":\"fr-FR\",\"@id\":\"https:\\\/\\\/www.lichen.pl\\\/rekolekcje-maryjne-otuleni-boza-miloscia-dobiegly-konca\\\/#primaryimage\",\"url\":\"https:\\\/\\\/www.lichen.pl\\\/wp-content\\\/uploads\\\/2021\\\/08\\\/Otuleni-Boza-Miloscia-20-22-sierpnia-2021.jpg\",\"contentUrl\":\"https:\\\/\\\/www.lichen.pl\\\/wp-content\\\/uploads\\\/2021\\\/08\\\/Otuleni-Boza-Miloscia-20-22-sierpnia-2021.jpg\",\"width\":1333,\"height\":889},{\"@type\":\"BreadcrumbList\",\"@id\":\"https:\\\/\\\/www.lichen.pl\\\/rekolekcje-maryjne-otuleni-boza-miloscia-dobiegly-konca\\\/#breadcrumb\",\"itemListElement\":[{\"@type\":\"ListItem\",\"position\":1,\"name\":\"Strona g\u0142\u00f3wna\",\"item\":\"https:\\\/\\\/www.lichen.pl\\\/\"},{\"@type\":\"ListItem\",\"position\":2,\"name\":\"Rekolekcje Maryjne &#8220;Otuleni Bo\u017c\u0105 mi\u0142o\u015bci\u0105&#8221; dobieg\u0142y ko\u0144ca\"}]},{\"@type\":\"WebSite\",\"@id\":\"https:\\\/\\\/www.lichen.pl\\\/fr\\\/#website\",\"url\":\"https:\\\/\\\/www.lichen.pl\\\/fr\\\/\",\"name\":\"SANKTUARIUM W LICHENIU\",\"description\":\"MATKI BO\u017bEJ LICHE\u0143SKIEJ BOLESNEJ KR\u00d3LOWEJ POLSKI\",\"potentialAction\":[{\"@type\":\"SearchAction\",\"target\":{\"@type\":\"EntryPoint\",\"urlTemplate\":\"https:\\\/\\\/www.lichen.pl\\\/fr\\\/?s={search_term_string}\"},\"query-input\":{\"@type\":\"PropertyValueSpecification\",\"valueRequired\":true,\"valueName\":\"search_term_string\"}}],\"inLanguage\":\"fr-FR\"},{\"@type\":\"Person\",\"@id\":\"https:\\\/\\\/www.lichen.pl\\\/fr\\\/#\\\/schema\\\/person\\\/56fc5b38d70a2b34983408f9a457fd9d\",\"name\":\"Arkadiusz Gorgolewski\",\"image\":{\"@type\":\"ImageObject\",\"inLanguage\":\"fr-FR\",\"@id\":\"https:\\\/\\\/secure.gravatar.com\\\/avatar\\\/0f571b370f5aa245b1fd3b9c945511b004fe17579bdefd5054d99f0ba315149c?s=96&d=retro&r=g\",\"url\":\"https:\\\/\\\/secure.gravatar.com\\\/avatar\\\/0f571b370f5aa245b1fd3b9c945511b004fe17579bdefd5054d99f0ba315149c?s=96&d=retro&r=g\",\"contentUrl\":\"https:\\\/\\\/secure.gravatar.com\\\/avatar\\\/0f571b370f5aa245b1fd3b9c945511b004fe17579bdefd5054d99f0ba315149c?s=96&d=retro&r=g\",\"caption\":\"Arkadiusz Gorgolewski\"},\"url\":\"https:\\\/\\\/www.lichen.pl\\\/fr\\\/author\\\/sanadmin\\\/\"}]}<\/script>\n<!-- \/ Yoast SEO plugin. -->","yoast_head_json":{"title":"Rekolekcje Maryjne \"Otuleni Bo\u017c\u0105 mi\u0142o\u015bci\u0105\" dobieg\u0142y ko\u0144ca - SANKTUARIUM W LICHENIU","robots":{"index":"index","follow":"follow","max-snippet":"max-snippet:-1","max-image-preview":"max-image-preview:large","max-video-preview":"max-video-preview:-1"},"canonical":"https:\/\/www.lichen.pl\/fr\/rekolekcje-maryjne-otuleni-boza-miloscia-dobiegly-konca\/","og_locale":"fr_FR","og_type":"article","og_title":"Rekolekcje Maryjne \"Otuleni Bo\u017c\u0105 mi\u0142o\u015bci\u0105\" dobieg\u0142y ko\u0144ca - SANKTUARIUM W LICHENIU","og_description":"26 os\u00f3b z r\u00f3\u017cnych stron Polski podczas konferencji wyg\u0142oszonych przez ks. Adama Stankiewicza MIC, wicekustosza sanktuarium, mia\u0142o okazj\u0119 odkry\u0107 t\u0119 prawd\u0119, jak mocno kocha nas B\u00f3g. Ks. Stankiewicz przekonywa\u0142, \u017ce Bo\u017ca mi\u0142o\u015b\u0107 jest odwieczna, darmowa, mi\u0142osierna, ofiarna. Nie jest czym\u015b, na co trzeba zas\u0142u\u017cy\u0107. Uczestnicy odkrywaj\u0105c, ze s\u0105 kochani przez Boga jak Maryja, s\u0142ysz\u0105 zaproszenie [&hellip;]","og_url":"https:\/\/www.lichen.pl\/fr\/rekolekcje-maryjne-otuleni-boza-miloscia-dobiegly-konca\/","og_site_name":"SANKTUARIUM W LICHENIU","article_published_time":"2021-08-22T19:00:49+00:00","article_modified_time":"2021-08-23T18:36:38+00:00","og_image":[{"width":1333,"height":889,"url":"https:\/\/www.lichen.pl\/wp-content\/uploads\/2021\/08\/Otuleni-Boza-Miloscia-20-22-sierpnia-2021.jpg","type":"image\/jpeg"}],"author":"Arkadiusz Gorgolewski","twitter_card":"summary_large_image","twitter_misc":{"\u00c9crit par":"Arkadiusz Gorgolewski","Dur\u00e9e de lecture estim\u00e9e":"2 minutes"},"schema":{"@context":"https:\/\/schema.org","@graph":[{"@type":"Article","@id":"https:\/\/www.lichen.pl\/rekolekcje-maryjne-otuleni-boza-miloscia-dobiegly-konca\/#article","isPartOf":{"@id":"https:\/\/www.lichen.pl\/rekolekcje-maryjne-otuleni-boza-miloscia-dobiegly-konca\/"},"author":{"name":"Arkadiusz Gorgolewski","@id":"https:\/\/www.lichen.pl\/fr\/#\/schema\/person\/56fc5b38d70a2b34983408f9a457fd9d"},"headline":"Rekolekcje Maryjne &#8220;Otuleni Bo\u017c\u0105 mi\u0142o\u015bci\u0105&#8221; dobieg\u0142y ko\u0144ca","datePublished":"2021-08-22T19:00:49+00:00","dateModified":"2021-08-23T18:36:38+00:00","mainEntityOfPage":{"@id":"https:\/\/www.lichen.pl\/rekolekcje-maryjne-otuleni-boza-miloscia-dobiegly-konca\/"},"wordCount":336,"commentCount":0,"image":{"@id":"https:\/\/www.lichen.pl\/rekolekcje-maryjne-otuleni-boza-miloscia-dobiegly-konca\/#primaryimage"},"thumbnailUrl":"https:\/\/www.lichen.pl\/wp-content\/uploads\/2021\/08\/Otuleni-Boza-Miloscia-20-22-sierpnia-2021.jpg","articleSection":["Aktualno\u015bci"],"inLanguage":"fr-FR","potentialAction":[{"@type":"CommentAction","name":"Comment","target":["https:\/\/www.lichen.pl\/rekolekcje-maryjne-otuleni-boza-miloscia-dobiegly-konca\/#respond"]}]},{"@type":"WebPage","@id":"https:\/\/www.lichen.pl\/rekolekcje-maryjne-otuleni-boza-miloscia-dobiegly-konca\/","url":"https:\/\/www.lichen.pl\/rekolekcje-maryjne-otuleni-boza-miloscia-dobiegly-konca\/","name":"Rekolekcje Maryjne \"Otuleni Bo\u017c\u0105 mi\u0142o\u015bci\u0105\" dobieg\u0142y ko\u0144ca - SANKTUARIUM W LICHENIU","isPartOf":{"@id":"https:\/\/www.lichen.pl\/fr\/#website"},"primaryImageOfPage":{"@id":"https:\/\/www.lichen.pl\/rekolekcje-maryjne-otuleni-boza-miloscia-dobiegly-konca\/#primaryimage"},"image":{"@id":"https:\/\/www.lichen.pl\/rekolekcje-maryjne-otuleni-boza-miloscia-dobiegly-konca\/#primaryimage"},"thumbnailUrl":"https:\/\/www.lichen.pl\/wp-content\/uploads\/2021\/08\/Otuleni-Boza-Miloscia-20-22-sierpnia-2021.jpg","datePublished":"2021-08-22T19:00:49+00:00","dateModified":"2021-08-23T18:36:38+00:00","author":{"@id":"https:\/\/www.lichen.pl\/fr\/#\/schema\/person\/56fc5b38d70a2b34983408f9a457fd9d"},"breadcrumb":{"@id":"https:\/\/www.lichen.pl\/rekolekcje-maryjne-otuleni-boza-miloscia-dobiegly-konca\/#breadcrumb"},"inLanguage":"fr-FR","potentialAction":[{"@type":"ReadAction","target":["https:\/\/www.lichen.pl\/rekolekcje-maryjne-otuleni-boza-miloscia-dobiegly-konca\/"]}]},{"@type":"ImageObject","inLanguage":"fr-FR","@id":"https:\/\/www.lichen.pl\/rekolekcje-maryjne-otuleni-boza-miloscia-dobiegly-konca\/#primaryimage","url":"https:\/\/www.lichen.pl\/wp-content\/uploads\/2021\/08\/Otuleni-Boza-Miloscia-20-22-sierpnia-2021.jpg","contentUrl":"https:\/\/www.lichen.pl\/wp-content\/uploads\/2021\/08\/Otuleni-Boza-Miloscia-20-22-sierpnia-2021.jpg","width":1333,"height":889},{"@type":"BreadcrumbList","@id":"https:\/\/www.lichen.pl\/rekolekcje-maryjne-otuleni-boza-miloscia-dobiegly-konca\/#breadcrumb","itemListElement":[{"@type":"ListItem","position":1,"name":"Strona g\u0142\u00f3wna","item":"https:\/\/www.lichen.pl\/"},{"@type":"ListItem","position":2,"name":"Rekolekcje Maryjne &#8220;Otuleni Bo\u017c\u0105 mi\u0142o\u015bci\u0105&#8221; dobieg\u0142y ko\u0144ca"}]},{"@type":"WebSite","@id":"https:\/\/www.lichen.pl\/fr\/#website","url":"https:\/\/www.lichen.pl\/fr\/","name":"SANCTUAIRE EN LICHENIE","description":"LA MAUVAISE REINE DE POLOGNE DE NOTRE LICHEN","potentialAction":[{"@type":"SearchAction","target":{"@type":"EntryPoint","urlTemplate":"https:\/\/www.lichen.pl\/fr\/?s={search_term_string}"},"query-input":{"@type":"PropertyValueSpecification","valueRequired":true,"valueName":"search_term_string"}}],"inLanguage":"fr-FR"},{"@type":"Person","@id":"https:\/\/www.lichen.pl\/fr\/#\/schema\/person\/56fc5b38d70a2b34983408f9a457fd9d","name":"Arkadiusz Gorgolewski","image":{"@type":"ImageObject","inLanguage":"fr-FR","@id":"https:\/\/secure.gravatar.com\/avatar\/0f571b370f5aa245b1fd3b9c945511b004fe17579bdefd5054d99f0ba315149c?s=96&d=retro&r=g","url":"https:\/\/secure.gravatar.com\/avatar\/0f571b370f5aa245b1fd3b9c945511b004fe17579bdefd5054d99f0ba315149c?s=96&d=retro&r=g","contentUrl":"https:\/\/secure.gravatar.com\/avatar\/0f571b370f5aa245b1fd3b9c945511b004fe17579bdefd5054d99f0ba315149c?s=96&d=retro&r=g","caption":"Arkadiusz Gorgolewski"},"url":"https:\/\/www.lichen.pl\/fr\/author\/sanadmin\/"}]}},"_links":{"self":[{"href":"https:\/\/www.lichen.pl\/fr\/wp-json\/wp\/v2\/posts\/28784","targetHints":{"allow":["GET"]}}],"collection":[{"href":"https:\/\/www.lichen.pl\/fr\/wp-json\/wp\/v2\/posts"}],"about":[{"href":"https:\/\/www.lichen.pl\/fr\/wp-json\/wp\/v2\/types\/post"}],"author":[{"embeddable":true,"href":"https:\/\/www.lichen.pl\/fr\/wp-json\/wp\/v2\/users\/2"}],"replies":[{"embeddable":true,"href":"https:\/\/www.lichen.pl\/fr\/wp-json\/wp\/v2\/comments?post=28784"}],"version-history":[{"count":8,"href":"https:\/\/www.lichen.pl\/fr\/wp-json\/wp\/v2\/posts\/28784\/revisions"}],"predecessor-version":[{"id":28798,"href":"https:\/\/www.lichen.pl\/fr\/wp-json\/wp\/v2\/posts\/28784\/revisions\/28798"}],"wp:featuredmedia":[{"embeddable":true,"href":"https:\/\/www.lichen.pl\/fr\/wp-json\/wp\/v2\/media\/28786"}],"wp:attachment":[{"href":"https:\/\/www.lichen.pl\/fr\/wp-json\/wp\/v2\/media?parent=28784"}],"wp:term":[{"taxonomy":"category","embeddable":true,"href":"https:\/\/www.lichen.pl\/fr\/wp-json\/wp\/v2\/categories?post=28784"},{"taxonomy":"post_tag","embeddable":true,"href":"https:\/\/www.lichen.pl\/fr\/wp-json\/wp\/v2\/tags?post=28784"}],"curies":[{"name":"wp","href":"https:\/\/api.w.org\/{rel}","templated":true}]}}