{"id":28936,"date":"2021-08-29T17:10:33","date_gmt":"2021-08-29T17:10:33","guid":{"rendered":"http:\/\/www.lichen.pl\/festiwal-basilica-sonans-koncert-organowy-andrzej-chorosinski-warszawa-copy\/"},"modified":"2021-09-03T19:13:30","modified_gmt":"2021-09-03T19:13:30","slug":"39-pielgrzymka-ludzi-pracy-do-matki","status":"publish","type":"post","link":"https:\/\/www.lichen.pl\/fr\/39-pielgrzymka-ludzi-pracy-do-matki\/","title":{"rendered":"39. P\u00e8lerinage des travailleurs \u00e0 Notre-Dame de Liche\u0144"},"content":{"rendered":"<div data-elementor-type=\"wp-post\" data-elementor-id=\"28936\" class=\"elementor elementor-28936\" data-elementor-post-type=\"post\">\n\t\t\t\t\t\t<section class=\"elementor-section elementor-top-section elementor-element elementor-element-e9efdf5 elementor-section-boxed elementor-section-height-default elementor-section-height-default\" data-id=\"e9efdf5\" data-element_type=\"section\" data-e-type=\"section\">\n\t\t\t\t\t\t<div class=\"elementor-container elementor-column-gap-default\">\n\t\t\t\t\t<div class=\"elementor-column elementor-col-100 elementor-top-column elementor-element elementor-element-a1a9922\" data-id=\"a1a9922\" data-element_type=\"column\" data-e-type=\"column\">\n\t\t\t<div class=\"elementor-widget-wrap elementor-element-populated\">\n\t\t\t\t\t\t<div class=\"elementor-element elementor-element-1d2a9cd elementor-widget elementor-widget-heading\" data-id=\"1d2a9cd\" data-element_type=\"widget\" data-e-type=\"widget\" data-widget_type=\"heading.default\">\n\t\t\t\t<div class=\"elementor-widget-container\">\n\t\t\t\t\t<h2 class=\"elementor-heading-title elementor-size-default\">Le 39e p\u00e8lerinage des travailleurs \u00e0 Notre-Dame de Liche\u0144 est arriv\u00e9 \u00e0 Liche\u0144 dimanche apr\u00e8s-midi. Cette ann\u00e9e, les p\u00e8lerins \u00e9taient accompagn\u00e9s du slogan &quot;Avec Marie pour la d\u00e9fense de la foi&quot;.<\/h2>\t\t\t\t<\/div>\n\t\t\t\t<\/div>\n\t\t\t\t<div class=\"elementor-element elementor-element-b6edc24 elementor-widget elementor-widget-text-editor\" data-id=\"b6edc24\" data-element_type=\"widget\" data-e-type=\"widget\" data-widget_type=\"text-editor.default\">\n\t\t\t\t<div class=\"elementor-widget-container\">\n\t\t\t\t\t\t\t\t\t<p>Les p\u00e8lerins de Konin \u00e0 Liche\u0144 sont apparus apr\u00e8s 15. Devant la statue de St. Jean-Paul II dans la partie ancienne du sanctuaire a dit le chapelet de la Divine Mis\u00e9ricorde. Ils ont \u00e9t\u00e9 accueillis par le P. Marek Kordaszewski, MIC, vicaire paroissial, qui a remerci\u00e9 pour l&#039;effort fourni dans le p\u00e8lerinage et le t\u00e9moignage d&#039;une foi vivante. Marianin nous a invit\u00e9s \u00e0 prier ensemble pendant la Sainte Messe. \u00e0. 16h00 devant l&#039;image miraculeuse de Notre-Dame de Lichen.<\/p>\t\t\t\t\t\t\t\t<\/div>\n\t\t\t\t<\/div>\n\t\t\t\t\t<\/div>\n\t\t<\/div>\n\t\t\t\t\t<\/div>\n\t\t<\/section>\n\t\t\t\t<section class=\"elementor-section elementor-top-section elementor-element elementor-element-f86ce0d elementor-section-boxed elementor-section-height-default elementor-section-height-default\" data-id=\"f86ce0d\" data-element_type=\"section\" data-e-type=\"section\">\n\t\t\t\t\t\t<div class=\"elementor-container elementor-column-gap-default\">\n\t\t\t\t\t<div class=\"elementor-column elementor-col-100 elementor-top-column elementor-element elementor-element-88e5440\" data-id=\"88e5440\" data-element_type=\"column\" data-e-type=\"column\">\n\t\t\t<div class=\"elementor-widget-wrap elementor-element-populated\">\n\t\t\t\t\t\t<section class=\"elementor-section elementor-inner-section elementor-element elementor-element-4c1db7c elementor-section-boxed elementor-section-height-default elementor-section-height-default\" data-id=\"4c1db7c\" data-element_type=\"section\" data-e-type=\"section\">\n\t\t\t\t\t\t<div class=\"elementor-container elementor-column-gap-default\">\n\t\t\t\t\t<div class=\"elementor-column elementor-col-50 elementor-inner-column elementor-element elementor-element-dce1ea4\" data-id=\"dce1ea4\" data-element_type=\"column\" data-e-type=\"column\">\n\t\t\t<div class=\"elementor-widget-wrap elementor-element-populated\">\n\t\t\t\t\t\t<div class=\"elementor-element elementor-element-9cc4441 elementor-widget elementor-widget-image\" data-id=\"9cc4441\" data-element_type=\"widget\" data-e-type=\"widget\" data-widget_type=\"image.default\">\n\t\t\t\t<div class=\"elementor-widget-container\">\n\t\t\t\t\t\t\t\t\t\t\t\t<figure class=\"wp-caption\">\n\t\t\t\t\t\t\t\t\t\t\t<a href=\"http:\/\/www.lichen.pl\/wp-content\/uploads\/2021\/08\/Pielgrzymka-Ludzi-Pracy-29-sierpnia-2021-2.jpg\" data-elementor-open-lightbox=\"yes\" data-elementor-lightbox-title=\"Pielgrzymka Ludzi Pracy, 29 sierpnia 2021 2\" data-e-action-hash=\"#elementor-action%3Aaction%3Dlightbox%26settings%3DeyJpZCI6Mjk1NzEsInVybCI6Imh0dHBzOlwvXC93d3cubGljaGVuLnBsXC93cC1jb250ZW50XC91cGxvYWRzXC8yMDIxXC8wOFwvUGllbGdyenlta2EtTHVkemktUHJhY3ktMjktc2llcnBuaWEtMjAyMS0yLmpwZyJ9\">\n\t\t\t\t\t\t\t<img fetchpriority=\"high\" decoding=\"async\" width=\"768\" height=\"512\" src=\"https:\/\/www.lichen.pl\/wp-content\/uploads\/2021\/08\/Pielgrzymka-Ludzi-Pracy-29-sierpnia-2021-2-768x512.jpg\" class=\"attachment-medium_large size-medium_large wp-image-29571\" alt=\"\" srcset=\"https:\/\/www.lichen.pl\/wp-content\/uploads\/2021\/08\/Pielgrzymka-Ludzi-Pracy-29-sierpnia-2021-2-768x512.jpg 768w, https:\/\/www.lichen.pl\/wp-content\/uploads\/2021\/08\/Pielgrzymka-Ludzi-Pracy-29-sierpnia-2021-2-800x533.jpg 800w, https:\/\/www.lichen.pl\/wp-content\/uploads\/2021\/08\/Pielgrzymka-Ludzi-Pracy-29-sierpnia-2021-2-300x200.jpg 300w, https:\/\/www.lichen.pl\/wp-content\/uploads\/2021\/08\/Pielgrzymka-Ludzi-Pracy-29-sierpnia-2021-2-1024x683.jpg 1024w, https:\/\/www.lichen.pl\/wp-content\/uploads\/2021\/08\/Pielgrzymka-Ludzi-Pracy-29-sierpnia-2021-2.jpg 1152w\" sizes=\"(max-width: 768px) 100vw, 768px\" \/>\t\t\t\t\t\t\t\t<\/a>\n\t\t\t\t\t\t\t\t\t\t\t<figcaption class=\"widget-image-caption wp-caption-text\">Le Chapelet de la Mis\u00e9ricorde Divine a \u00e9t\u00e9 c\u00e9l\u00e9br\u00e9 avec les p\u00e8lerins par le P. Marek Kordaszewski, MIC<\/figcaption>\n\t\t\t\t\t\t\t\t\t\t<\/figure>\n\t\t\t\t\t\t\t\t\t<\/div>\n\t\t\t\t<\/div>\n\t\t\t\t\t<\/div>\n\t\t<\/div>\n\t\t\t\t<div class=\"elementor-column elementor-col-50 elementor-inner-column elementor-element elementor-element-bbda2df\" data-id=\"bbda2df\" data-element_type=\"column\" data-e-type=\"column\">\n\t\t\t<div class=\"elementor-widget-wrap elementor-element-populated\">\n\t\t\t\t\t\t<div class=\"elementor-element elementor-element-358dde2 elementor-blockquote--skin-border elementor-widget elementor-widget-blockquote\" data-id=\"358dde2\" data-element_type=\"widget\" data-e-type=\"widget\" data-widget_type=\"blockquote.default\">\n\t\t\t\t<div class=\"elementor-widget-container\">\n\t\t\t\t\t\t\t<blockquote class=\"elementor-blockquote\">\n\t\t\t<p class=\"elementor-blockquote__content\">\n\t\t\t\tLe travail ne peut \u00eatre trait\u00e9 - jamais et nulle part - comme une marchandise, car l&#039;homme ne peut pas \u00eatre une marchandise pour l&#039;homme. \u00bb \t\t\t<\/p>\n\t\t\t\t\t\t\t<div class=\"e-q-footer\">\n\t\t\t\t\t\t\t\t\t\t\t<cite class=\"elementor-blockquote__author\">Jean-Paul II, Hom\u00e9lie pour le monde du travail. Gdansk 1987<\/cite>\n\t\t\t\t\t\t\t\t\t\t\t\t\t\t<\/div>\n\t\t\t\t\t<\/blockquote>\n\t\t\t\t\t\t<\/div>\n\t\t\t\t<\/div>\n\t\t\t\t\t<\/div>\n\t\t<\/div>\n\t\t\t\t\t<\/div>\n\t\t<\/section>\n\t\t\t\t<div class=\"elementor-element elementor-element-6489b5d elementor-widget elementor-widget-text-editor\" data-id=\"6489b5d\" data-element_type=\"widget\" data-e-type=\"widget\" data-widget_type=\"text-editor.default\">\n\t\t\t\t<div class=\"elementor-widget-container\">\n\t\t\t\t\t\t\t\t\t<p>Les p\u00e8lerins de la basilique ont \u00e9t\u00e9 accueillis par le P. Janusz Kumala, MIC, le conservateur du sanctuaire Lichen, qui s&#039;est r\u00e9f\u00e9r\u00e9 aux paroles du Cardinal Stefan Wyszy\u0144ski sur l&#039;image miraculeuse de Notre-Dame de Liche\u0144 : &quot;Cette image contient un programme pour la Pologne pour le deuxi\u00e8me mill\u00e9naire de la foi&quot;. - Nous sommes en s\u00e9curit\u00e9 avec le c\u0153ur de Notre-Dame, et J\u00e9sus est dans son c\u0153ur. Nous prot\u00e9gerons notre foi si nous sommes proches de J\u00e9sus et de Marie, a-t-il ajout\u00e9.<\/p><p>Le pr\u00eatre gardien a \u00e9galement rappel\u00e9 que le primat du mill\u00e9naire, lors du couronnement de l&#039;image miraculeuse de Notre-Dame de Liche\u0144, a appel\u00e9 Notre-Dame de Liche\u0144 la Dame de la r\u00e9gion de Konin. Il a encourag\u00e9 les fid\u00e8les, pr\u00e9sents \u00e0 la pri\u00e8re commune, \u00e0 lui confier toutes leurs affaires - personnelles, professionnelles et sociales.<\/p>\t\t\t\t\t\t\t\t<\/div>\n\t\t\t\t<\/div>\n\t\t\t\t<div class=\"elementor-element elementor-element-b722257 elementor-widget elementor-widget-text-editor\" data-id=\"b722257\" data-element_type=\"widget\" data-e-type=\"widget\" data-widget_type=\"text-editor.default\">\n\t\t\t\t<div class=\"elementor-widget-container\">\n\t\t\t\t\t\t\t\t\t<div class=\"o9v6fnle cxmmr5t8 oygrvhab hcukyx3x c1et5uql ii04i59q\">\n<div dir=\"auto\">L&#039;hom\u00e9lie de la c\u00e9r\u00e9monie a \u00e9t\u00e9 prononc\u00e9e par le P. le pr\u00e9lat J\u00f3zef Wysocki, cur\u00e9 de la paroisse st. Wojciech \u00e0 Konin-Morzys\u0142aw. Il a appel\u00e9 le sanctuaire de Liche\u0144 &quot;le confessionnal national&quot;, o\u00f9 nous voulons chercher du soutien car notre force s&#039;affaiblit et notre foi s&#039;affaiblit de plus en plus. Il a soulign\u00e9 qu&#039;ici \u00e0 Liche\u0144, St. Jean-Paul II, &quot;missionnaire du monde&quot; qui a r\u00e9confort\u00e9 les ressortissants polonais. - \u00ab Nous venons dans ce sanctuaire pour y puiser de la force et un esprit d&#039;esp\u00e9rance. Pour la 39e fois, \u00e0 la veille du grand \u00e9v\u00e9nement - la b\u00e9atification du Card. St. Wyszy\u0144ski, le grand primat de Pologne, envoy\u00e9 par Dieu pour les temps difficiles \u00bb. Le pr\u00e9lat nota que c&#039;\u00e9tait le cardinal Wyszy\u0144ski &quot;lib\u00e9r\u00e9 des cha\u00eenes de la captivit\u00e9 sovi\u00e9tique, a ouvert la voie \u00e0 travers peut-\u00eatre le rouge du totalitarisme stalinien&quot;.<\/div><\/div>\t\t\t\t\t\t\t\t<\/div>\n\t\t\t\t<\/div>\n\t\t\t\t<section class=\"elementor-section elementor-inner-section elementor-element elementor-element-c18ac43 elementor-section-boxed elementor-section-height-default elementor-section-height-default\" data-id=\"c18ac43\" data-element_type=\"section\" data-e-type=\"section\">\n\t\t\t\t\t\t<div class=\"elementor-container elementor-column-gap-default\">\n\t\t\t\t\t<div class=\"elementor-column elementor-col-50 elementor-inner-column elementor-element elementor-element-e1f9d12\" data-id=\"e1f9d12\" data-element_type=\"column\" data-e-type=\"column\">\n\t\t\t<div class=\"elementor-widget-wrap elementor-element-populated\">\n\t\t\t\t\t\t<div class=\"elementor-element elementor-element-09b7b49 elementor-blockquote--skin-border elementor-widget elementor-widget-blockquote\" data-id=\"09b7b49\" data-element_type=\"widget\" data-e-type=\"widget\" data-widget_type=\"blockquote.default\">\n\t\t\t\t<div class=\"elementor-widget-container\">\n\t\t\t\t\t\t\t<blockquote class=\"elementor-blockquote\">\n\t\t\t<p class=\"elementor-blockquote__content\">\n\t\t\t\tNous venons dans ce sanctuaire pour puiser de la force et un esprit d&#039;espoir. Pour la 39e fois, \u00e0 la veille du grand \u00e9v\u00e9nement - la b\u00e9atification du Card. St. Wyszy\u0144ski, le grand primat de Pologne, envoy\u00e9 par Dieu pour les temps difficiles\t\t\t<\/p>\n\t\t\t\t\t\t\t<div class=\"e-q-footer\">\n\t\t\t\t\t\t\t\t\t\t\t<cite class=\"elementor-blockquote__author\">Pr. Pr\u00e9lat J\u00f3zef Wysocki, 29 ao\u00fbt 2021<\/cite>\n\t\t\t\t\t\t\t\t\t\t\t\t\t\t<\/div>\n\t\t\t\t\t<\/blockquote>\n\t\t\t\t\t\t<\/div>\n\t\t\t\t<\/div>\n\t\t\t\t\t<\/div>\n\t\t<\/div>\n\t\t\t\t<div class=\"elementor-column elementor-col-50 elementor-inner-column elementor-element elementor-element-a03b56f\" data-id=\"a03b56f\" data-element_type=\"column\" data-e-type=\"column\">\n\t\t\t<div class=\"elementor-widget-wrap elementor-element-populated\">\n\t\t\t\t\t\t<div class=\"elementor-element elementor-element-021adf3 elementor-widget elementor-widget-image\" data-id=\"021adf3\" data-element_type=\"widget\" data-e-type=\"widget\" data-widget_type=\"image.default\">\n\t\t\t\t<div class=\"elementor-widget-container\">\n\t\t\t\t\t\t\t\t\t\t\t\t\t\t\t\t<a href=\"http:\/\/www.lichen.pl\/wp-content\/uploads\/2021\/08\/Pielgrzymka-Ludzi-Pracy-29-sierpnia-2021-13.jpg\" data-elementor-open-lightbox=\"yes\" data-elementor-lightbox-title=\"Pielgrzymka Ludzi Pracy, 29 sierpnia 2021 13\" data-e-action-hash=\"#elementor-action%3Aaction%3Dlightbox%26settings%3DeyJpZCI6Mjk2MjYsInVybCI6Imh0dHBzOlwvXC93d3cubGljaGVuLnBsXC93cC1jb250ZW50XC91cGxvYWRzXC8yMDIxXC8wOFwvUGllbGdyenlta2EtTHVkemktUHJhY3ktMjktc2llcnBuaWEtMjAyMS0xMy5qcGcifQ%3D%3D\">\n\t\t\t\t\t\t\t<img decoding=\"async\" width=\"768\" height=\"512\" src=\"https:\/\/www.lichen.pl\/wp-content\/uploads\/2021\/08\/Pielgrzymka-Ludzi-Pracy-29-sierpnia-2021-13-768x512.jpg\" class=\"attachment-medium_large size-medium_large wp-image-29626\" alt=\"\" srcset=\"https:\/\/www.lichen.pl\/wp-content\/uploads\/2021\/08\/Pielgrzymka-Ludzi-Pracy-29-sierpnia-2021-13-768x512.jpg 768w, https:\/\/www.lichen.pl\/wp-content\/uploads\/2021\/08\/Pielgrzymka-Ludzi-Pracy-29-sierpnia-2021-13-800x533.jpg 800w, https:\/\/www.lichen.pl\/wp-content\/uploads\/2021\/08\/Pielgrzymka-Ludzi-Pracy-29-sierpnia-2021-13-300x200.jpg 300w, https:\/\/www.lichen.pl\/wp-content\/uploads\/2021\/08\/Pielgrzymka-Ludzi-Pracy-29-sierpnia-2021-13-1024x683.jpg 1024w, https:\/\/www.lichen.pl\/wp-content\/uploads\/2021\/08\/Pielgrzymka-Ludzi-Pracy-29-sierpnia-2021-13.jpg 1152w\" sizes=\"(max-width: 768px) 100vw, 768px\" \/>\t\t\t\t\t\t\t\t<\/a>\n\t\t\t\t\t\t\t\t\t\t\t\t\t\t\t<\/div>\n\t\t\t\t<\/div>\n\t\t\t\t\t<\/div>\n\t\t<\/div>\n\t\t\t\t\t<\/div>\n\t\t<\/section>\n\t\t\t\t<div class=\"elementor-element elementor-element-a1b9580 elementor-widget elementor-widget-text-editor\" data-id=\"a1b9580\" data-element_type=\"widget\" data-e-type=\"widget\" data-widget_type=\"text-editor.default\">\n\t\t\t\t<div class=\"elementor-widget-container\">\n\t\t\t\t\t\t\t\t\t<p>Avant la fin de la messe, Pr. Wysocki a lu la pri\u00e8re du P. Piotr Skarga pour la Patrie. \u00c0 son tour, le P. \u0141ukasz Grabiasz, assistant d&#039;\u00e9glise de l&#039;Action catholique du dioc\u00e8se de W\u0142oc\u0142awek, a lu une lettre envoy\u00e9e aux participants au p\u00e8lerinage par Mgr Krzysztof W\u0119tkowski, ordinaire du dioc\u00e8se de W\u0142oc\u0142awek. Dans la lettre, l&#039;\u00e9v\u00eaque remerciait, entre autres Pr. J\u00f3zef Wysocki pour de nombreuses ann\u00e9es de service dans la paroisse de st. Wojciech et les activit\u00e9s li\u00e9es \u00e0 la diffusion des attitudes patriotiques (le 31 ao\u00fbt, le p\u00e8re J\u00f3zef Wysocki cessera d&#039;\u00eatre cur\u00e9 de la paroisse de Konin). \u00c0 son tour, le P. Janusz Kumala, MIC, a remerci\u00e9 pour l&#039;amiti\u00e9 que le P. J\u00f3zef avait beaucoup pour le sanctuaire de Liche\u0144. En signe de gratitude et de souvenir, le pr\u00eatre gardien a remis au P. Wysocki, l&#039;ic\u00f4ne de Notre-Dame de Lichen.<\/p>\t\t\t\t\t\t\t\t<\/div>\n\t\t\t\t<\/div>\n\t\t\t\t<div class=\"elementor-element elementor-element-5059ea4 elementor-widget elementor-widget-text-editor\" data-id=\"5059ea4\" data-element_type=\"widget\" data-e-type=\"widget\" data-widget_type=\"text-editor.default\">\n\t\t\t\t<div class=\"elementor-widget-container\">\n\t\t\t\t\t\t\t\t\t<div class=\"o9v6fnle cxmmr5t8 oygrvhab hcukyx3x c1et5uql ii04i59q\"><div dir=\"auto\">Apr\u00e8s la fin de la Sainte Eucharistie, les participants au p\u00e8lerinage se sont rendus au monument de Bl. Jerzy Popie\u0142uszko, l&#039;aum\u00f4nier du Syndicat Solidarit\u00e9, o\u00f9 des fleurs et des bougies ont \u00e9t\u00e9 d\u00e9pos\u00e9es. L&#039;hymne national, la chanson &quot;Ojczyzno ma&quot; ont \u00e9galement \u00e9t\u00e9 chant\u00e9s, et les gens ont pri\u00e9 \u00e0 l&#039;intention de la Patrie.<\/div><\/div><div class=\"o9v6fnle cxmmr5t8 oygrvhab hcukyx3x c1et5uql ii04i59q\"><div dir=\"auto\">Mme Mariola Rakiewicz, coordinatrice de l&#039;Action catholique dans le dioc\u00e8se de W\u0142oc\u0142awek, l&#039;a remerci\u00e9e pour sa participation au p\u00e8lerinage de cette ann\u00e9e lors d&#039;un bref discours et l&#039;a invit\u00e9e \u00e0 participer au jubil\u00e9 de l&#039;ann\u00e9e prochaine, le 40e p\u00e8lerinage \u00e0 pied des travailleurs \u00e0 Notre-Dame de Liche\u0144.<\/div><\/div>\t\t\t\t\t\t\t\t<\/div>\n\t\t\t\t<\/div>\n\t\t\t\t<div class=\"elementor-element elementor-element-91433e6 elementor-widget elementor-widget-image\" data-id=\"91433e6\" data-element_type=\"widget\" data-e-type=\"widget\" data-widget_type=\"image.default\">\n\t\t\t\t<div class=\"elementor-widget-container\">\n\t\t\t\t\t\t\t\t\t\t\t\t<figure class=\"wp-caption\">\n\t\t\t\t\t\t\t\t\t\t\t<a href=\"http:\/\/www.lichen.pl\/wp-content\/uploads\/2021\/08\/Pielgrzymka-Ludzi-Pracy-29-sierpnia-2021-30.jpg\" data-elementor-open-lightbox=\"yes\" data-elementor-lightbox-title=\"Pielgrzymka Ludzi Pracy, 29 sierpnia 2021 30\" data-e-action-hash=\"#elementor-action%3Aaction%3Dlightbox%26settings%3DeyJpZCI6Mjk3MTEsInVybCI6Imh0dHBzOlwvXC93d3cubGljaGVuLnBsXC93cC1jb250ZW50XC91cGxvYWRzXC8yMDIxXC8wOFwvUGllbGdyenlta2EtTHVkemktUHJhY3ktMjktc2llcnBuaWEtMjAyMS0zMC5qcGcifQ%3D%3D\">\n\t\t\t\t\t\t\t<img decoding=\"async\" width=\"768\" height=\"512\" src=\"https:\/\/www.lichen.pl\/wp-content\/uploads\/2021\/08\/Pielgrzymka-Ludzi-Pracy-29-sierpnia-2021-30-768x512.jpg\" class=\"attachment-medium_large size-medium_large wp-image-29711\" alt=\"\" srcset=\"https:\/\/www.lichen.pl\/wp-content\/uploads\/2021\/08\/Pielgrzymka-Ludzi-Pracy-29-sierpnia-2021-30-768x512.jpg 768w, https:\/\/www.lichen.pl\/wp-content\/uploads\/2021\/08\/Pielgrzymka-Ludzi-Pracy-29-sierpnia-2021-30-800x533.jpg 800w, https:\/\/www.lichen.pl\/wp-content\/uploads\/2021\/08\/Pielgrzymka-Ludzi-Pracy-29-sierpnia-2021-30-300x200.jpg 300w, https:\/\/www.lichen.pl\/wp-content\/uploads\/2021\/08\/Pielgrzymka-Ludzi-Pracy-29-sierpnia-2021-30-1024x683.jpg 1024w, https:\/\/www.lichen.pl\/wp-content\/uploads\/2021\/08\/Pielgrzymka-Ludzi-Pracy-29-sierpnia-2021-30.jpg 1152w\" sizes=\"(max-width: 768px) 100vw, 768px\" \/>\t\t\t\t\t\t\t\t<\/a>\n\t\t\t\t\t\t\t\t\t\t\t<figcaption class=\"widget-image-caption wp-caption-text\">Les participants du p\u00e8lerinage devant le monument \u00e0 Bl. Jerzy Popie\u0142uszko, 29 ao\u00fbt 2021<\/figcaption>\n\t\t\t\t\t\t\t\t\t\t<\/figure>\n\t\t\t\t\t\t\t\t\t<\/div>\n\t\t\t\t<\/div>\n\t\t\t\t<div class=\"elementor-element elementor-element-8718ff6 elementor-widget-divider--view-line_icon elementor-view-default elementor-widget-divider--element-align-center elementor-widget elementor-widget-divider\" data-id=\"8718ff6\" data-element_type=\"widget\" data-e-type=\"widget\" data-widget_type=\"divider.default\">\n\t\t\t\t<div class=\"elementor-widget-container\">\n\t\t\t\t\t\t\t<div class=\"elementor-divider\">\n\t\t\t<span class=\"elementor-divider-separator\">\n\t\t\t\t\t\t\t<div class=\"elementor-icon elementor-divider__element\">\n\t\t\t\t\t<i aria-hidden=\"true\" class=\"fas fa-camera\"><\/i><\/div>\n\t\t\t\t\t\t<\/span>\n\t\t<\/div>\n\t\t\t\t\t\t<\/div>\n\t\t\t\t<\/div>\n\t\t\t\t<div class=\"elementor-element elementor-element-dabb3d9 elementor-widget elementor-widget-gallery\" data-id=\"dabb3d9\" data-element_type=\"widget\" data-e-type=\"widget\" data-settings=\"{&quot;columns&quot;:6,&quot;gap&quot;:{&quot;unit&quot;:&quot;px&quot;,&quot;size&quot;:17,&quot;sizes&quot;:[]},&quot;lazyload&quot;:&quot;yes&quot;,&quot;gallery_layout&quot;:&quot;grid&quot;,&quot;columns_tablet&quot;:2,&quot;columns_mobile&quot;:1,&quot;gap_tablet&quot;:{&quot;unit&quot;:&quot;px&quot;,&quot;size&quot;:10,&quot;sizes&quot;:[]},&quot;gap_mobile&quot;:{&quot;unit&quot;:&quot;px&quot;,&quot;size&quot;:10,&quot;sizes&quot;:[]},&quot;link_to&quot;:&quot;file&quot;,&quot;aspect_ratio&quot;:&quot;3:2&quot;,&quot;overlay_background&quot;:&quot;yes&quot;,&quot;content_hover_animation&quot;:&quot;fade-in&quot;}\" data-widget_type=\"gallery.default\">\n\t\t\t\t<div class=\"elementor-widget-container\">\n\t\t\t\t\t\t\t<div class=\"elementor-gallery__container\">\n\t\t\t\t\t\t\t<a class=\"e-gallery-item elementor-gallery-item elementor-animated-content\" href=\"https:\/\/www.lichen.pl\/wp-content\/uploads\/2021\/08\/Pielgrzymka-Ludzi-Pracy-29-sierpnia-2021-4.jpg\" data-elementor-open-lightbox=\"yes\" data-elementor-lightbox-slideshow=\"dabb3d9\" data-elementor-lightbox-title=\"Pielgrzymka Ludzi Pracy, 29 sierpnia 2021 4\" data-e-action-hash=\"#elementor-action%3Aaction%3Dlightbox%26settings%3DeyJpZCI6Mjk1ODEsInVybCI6Imh0dHBzOlwvXC93d3cubGljaGVuLnBsXC93cC1jb250ZW50XC91cGxvYWRzXC8yMDIxXC8wOFwvUGllbGdyenlta2EtTHVkemktUHJhY3ktMjktc2llcnBuaWEtMjAyMS00LmpwZyIsInNsaWRlc2hvdyI6ImRhYmIzZDkifQ%3D%3D\">\n\t\t\t\t\t<div class=\"e-gallery-image elementor-gallery-item__image\" data-thumbnail=\"https:\/\/www.lichen.pl\/wp-content\/uploads\/2021\/08\/Pielgrzymka-Ludzi-Pracy-29-sierpnia-2021-4-200x300.jpg\" data-width=\"200\" data-height=\"300\" aria-label=\"\" role=\"img\" ><\/div>\n\t\t\t\t\t\t\t\t\t\t\t<div class=\"elementor-gallery-item__overlay\"><\/div>\n\t\t\t\t\t\t\t\t\t\t\t\t\t\t<\/a>\n\t\t\t\t\t\t\t<a class=\"e-gallery-item elementor-gallery-item elementor-animated-content\" href=\"https:\/\/www.lichen.pl\/wp-content\/uploads\/2021\/08\/Pielgrzymka-Ludzi-Pracy-29-sierpnia-2021-7.jpg\" data-elementor-open-lightbox=\"yes\" data-elementor-lightbox-slideshow=\"dabb3d9\" data-elementor-lightbox-title=\"Pielgrzymka Ludzi Pracy, 29 sierpnia 2021 7\" data-e-action-hash=\"#elementor-action%3Aaction%3Dlightbox%26settings%3DeyJpZCI6Mjk1OTYsInVybCI6Imh0dHBzOlwvXC93d3cubGljaGVuLnBsXC93cC1jb250ZW50XC91cGxvYWRzXC8yMDIxXC8wOFwvUGllbGdyenlta2EtTHVkemktUHJhY3ktMjktc2llcnBuaWEtMjAyMS03LmpwZyIsInNsaWRlc2hvdyI6ImRhYmIzZDkifQ%3D%3D\">\n\t\t\t\t\t<div class=\"e-gallery-image elementor-gallery-item__image\" data-thumbnail=\"https:\/\/www.lichen.pl\/wp-content\/uploads\/2021\/08\/Pielgrzymka-Ludzi-Pracy-29-sierpnia-2021-7-300x200.jpg\" data-width=\"300\" data-height=\"200\" aria-label=\"\" role=\"img\" ><\/div>\n\t\t\t\t\t\t\t\t\t\t\t<div class=\"elementor-gallery-item__overlay\"><\/div>\n\t\t\t\t\t\t\t\t\t\t\t\t\t\t<\/a>\n\t\t\t\t\t\t\t<a class=\"e-gallery-item elementor-gallery-item elementor-animated-content\" href=\"https:\/\/www.lichen.pl\/wp-content\/uploads\/2021\/08\/Pielgrzymka-Ludzi-Pracy-29-sierpnia-2021-11.jpg\" data-elementor-open-lightbox=\"yes\" data-elementor-lightbox-slideshow=\"dabb3d9\" data-elementor-lightbox-title=\"Pielgrzymka Ludzi Pracy, 29 sierpnia 2021 11\" data-e-action-hash=\"#elementor-action%3Aaction%3Dlightbox%26settings%3DeyJpZCI6Mjk2MTYsInVybCI6Imh0dHBzOlwvXC93d3cubGljaGVuLnBsXC93cC1jb250ZW50XC91cGxvYWRzXC8yMDIxXC8wOFwvUGllbGdyenlta2EtTHVkemktUHJhY3ktMjktc2llcnBuaWEtMjAyMS0xMS5qcGciLCJzbGlkZXNob3ciOiJkYWJiM2Q5In0%3D\">\n\t\t\t\t\t<div class=\"e-gallery-image elementor-gallery-item__image\" data-thumbnail=\"https:\/\/www.lichen.pl\/wp-content\/uploads\/2021\/08\/Pielgrzymka-Ludzi-Pracy-29-sierpnia-2021-11-200x300.jpg\" data-width=\"200\" data-height=\"300\" aria-label=\"\" role=\"img\" ><\/div>\n\t\t\t\t\t\t\t\t\t\t\t<div class=\"elementor-gallery-item__overlay\"><\/div>\n\t\t\t\t\t\t\t\t\t\t\t\t\t\t<\/a>\n\t\t\t\t\t\t\t<a class=\"e-gallery-item elementor-gallery-item elementor-animated-content\" href=\"https:\/\/www.lichen.pl\/wp-content\/uploads\/2021\/08\/Pielgrzymka-Ludzi-Pracy-29-sierpnia-2021-16.jpg\" data-elementor-open-lightbox=\"yes\" data-elementor-lightbox-slideshow=\"dabb3d9\" data-elementor-lightbox-title=\"Pielgrzymka Ludzi Pracy, 29 sierpnia 2021 16\" data-e-action-hash=\"#elementor-action%3Aaction%3Dlightbox%26settings%3DeyJpZCI6Mjk2NDEsInVybCI6Imh0dHBzOlwvXC93d3cubGljaGVuLnBsXC93cC1jb250ZW50XC91cGxvYWRzXC8yMDIxXC8wOFwvUGllbGdyenlta2EtTHVkemktUHJhY3ktMjktc2llcnBuaWEtMjAyMS0xNi5qcGciLCJzbGlkZXNob3ciOiJkYWJiM2Q5In0%3D\">\n\t\t\t\t\t<div class=\"e-gallery-image elementor-gallery-item__image\" data-thumbnail=\"https:\/\/www.lichen.pl\/wp-content\/uploads\/2021\/08\/Pielgrzymka-Ludzi-Pracy-29-sierpnia-2021-16-200x300.jpg\" data-width=\"200\" data-height=\"300\" aria-label=\"\" role=\"img\" ><\/div>\n\t\t\t\t\t\t\t\t\t\t\t<div class=\"elementor-gallery-item__overlay\"><\/div>\n\t\t\t\t\t\t\t\t\t\t\t\t\t\t<\/a>\n\t\t\t\t\t\t\t<a class=\"e-gallery-item elementor-gallery-item elementor-animated-content\" href=\"https:\/\/www.lichen.pl\/wp-content\/uploads\/2021\/08\/Pielgrzymka-Ludzi-Pracy-29-sierpnia-2021-19.jpg\" data-elementor-open-lightbox=\"yes\" data-elementor-lightbox-slideshow=\"dabb3d9\" data-elementor-lightbox-title=\"Pielgrzymka Ludzi Pracy, 29 sierpnia 2021 19\" data-e-action-hash=\"#elementor-action%3Aaction%3Dlightbox%26settings%3DeyJpZCI6Mjk2NTYsInVybCI6Imh0dHBzOlwvXC93d3cubGljaGVuLnBsXC93cC1jb250ZW50XC91cGxvYWRzXC8yMDIxXC8wOFwvUGllbGdyenlta2EtTHVkemktUHJhY3ktMjktc2llcnBuaWEtMjAyMS0xOS5qcGciLCJzbGlkZXNob3ciOiJkYWJiM2Q5In0%3D\">\n\t\t\t\t\t<div class=\"e-gallery-image elementor-gallery-item__image\" data-thumbnail=\"https:\/\/www.lichen.pl\/wp-content\/uploads\/2021\/08\/Pielgrzymka-Ludzi-Pracy-29-sierpnia-2021-19-200x300.jpg\" data-width=\"200\" data-height=\"300\" aria-label=\"\" role=\"img\" ><\/div>\n\t\t\t\t\t\t\t\t\t\t\t<div class=\"elementor-gallery-item__overlay\"><\/div>\n\t\t\t\t\t\t\t\t\t\t\t\t\t\t<\/a>\n\t\t\t\t\t\t\t<a class=\"e-gallery-item elementor-gallery-item elementor-animated-content\" href=\"https:\/\/www.lichen.pl\/wp-content\/uploads\/2021\/08\/Pielgrzymka-Ludzi-Pracy-29-sierpnia-2021-22.jpg\" data-elementor-open-lightbox=\"yes\" data-elementor-lightbox-slideshow=\"dabb3d9\" data-elementor-lightbox-title=\"Pielgrzymka Ludzi Pracy, 29 sierpnia 2021 22\" data-e-action-hash=\"#elementor-action%3Aaction%3Dlightbox%26settings%3DeyJpZCI6Mjk2NzEsInVybCI6Imh0dHBzOlwvXC93d3cubGljaGVuLnBsXC93cC1jb250ZW50XC91cGxvYWRzXC8yMDIxXC8wOFwvUGllbGdyenlta2EtTHVkemktUHJhY3ktMjktc2llcnBuaWEtMjAyMS0yMi5qcGciLCJzbGlkZXNob3ciOiJkYWJiM2Q5In0%3D\">\n\t\t\t\t\t<div class=\"e-gallery-image elementor-gallery-item__image\" data-thumbnail=\"https:\/\/www.lichen.pl\/wp-content\/uploads\/2021\/08\/Pielgrzymka-Ludzi-Pracy-29-sierpnia-2021-22-200x300.jpg\" data-width=\"200\" data-height=\"300\" aria-label=\"\" role=\"img\" ><\/div>\n\t\t\t\t\t\t\t\t\t\t\t<div class=\"elementor-gallery-item__overlay\"><\/div>\n\t\t\t\t\t\t\t\t\t\t\t\t\t\t<\/a>\n\t\t\t\t\t\t\t<a class=\"e-gallery-item elementor-gallery-item elementor-animated-content\" href=\"https:\/\/www.lichen.pl\/wp-content\/uploads\/2021\/08\/Pielgrzymka-Ludzi-Pracy-29-sierpnia-2021-24.jpg\" data-elementor-open-lightbox=\"yes\" data-elementor-lightbox-slideshow=\"dabb3d9\" data-elementor-lightbox-title=\"Pielgrzymka Ludzi Pracy, 29 sierpnia 2021 24\" data-e-action-hash=\"#elementor-action%3Aaction%3Dlightbox%26settings%3DeyJpZCI6Mjk2ODEsInVybCI6Imh0dHBzOlwvXC93d3cubGljaGVuLnBsXC93cC1jb250ZW50XC91cGxvYWRzXC8yMDIxXC8wOFwvUGllbGdyenlta2EtTHVkemktUHJhY3ktMjktc2llcnBuaWEtMjAyMS0yNC5qcGciLCJzbGlkZXNob3ciOiJkYWJiM2Q5In0%3D\">\n\t\t\t\t\t<div class=\"e-gallery-image elementor-gallery-item__image\" data-thumbnail=\"https:\/\/www.lichen.pl\/wp-content\/uploads\/2021\/08\/Pielgrzymka-Ludzi-Pracy-29-sierpnia-2021-24-300x200.jpg\" data-width=\"300\" data-height=\"200\" aria-label=\"\" role=\"img\" ><\/div>\n\t\t\t\t\t\t\t\t\t\t\t<div class=\"elementor-gallery-item__overlay\"><\/div>\n\t\t\t\t\t\t\t\t\t\t\t\t\t\t<\/a>\n\t\t\t\t\t\t\t<a class=\"e-gallery-item elementor-gallery-item elementor-animated-content\" href=\"https:\/\/www.lichen.pl\/wp-content\/uploads\/2021\/08\/Pielgrzymka-Ludzi-Pracy-29-sierpnia-2021-26.jpg\" data-elementor-open-lightbox=\"yes\" data-elementor-lightbox-slideshow=\"dabb3d9\" data-elementor-lightbox-title=\"Pielgrzymka Ludzi Pracy, 29 sierpnia 2021 26\" data-e-action-hash=\"#elementor-action%3Aaction%3Dlightbox%26settings%3DeyJpZCI6Mjk2OTEsInVybCI6Imh0dHBzOlwvXC93d3cubGljaGVuLnBsXC93cC1jb250ZW50XC91cGxvYWRzXC8yMDIxXC8wOFwvUGllbGdyenlta2EtTHVkemktUHJhY3ktMjktc2llcnBuaWEtMjAyMS0yNi5qcGciLCJzbGlkZXNob3ciOiJkYWJiM2Q5In0%3D\">\n\t\t\t\t\t<div class=\"e-gallery-image elementor-gallery-item__image\" data-thumbnail=\"https:\/\/www.lichen.pl\/wp-content\/uploads\/2021\/08\/Pielgrzymka-Ludzi-Pracy-29-sierpnia-2021-26-300x200.jpg\" data-width=\"300\" data-height=\"200\" aria-label=\"\" role=\"img\" ><\/div>\n\t\t\t\t\t\t\t\t\t\t\t<div class=\"elementor-gallery-item__overlay\"><\/div>\n\t\t\t\t\t\t\t\t\t\t\t\t\t\t<\/a>\n\t\t\t\t\t\t\t<a class=\"e-gallery-item elementor-gallery-item elementor-animated-content\" href=\"https:\/\/www.lichen.pl\/wp-content\/uploads\/2021\/08\/Pielgrzymka-Ludzi-Pracy-29-sierpnia-2021-27.jpg\" data-elementor-open-lightbox=\"yes\" data-elementor-lightbox-slideshow=\"dabb3d9\" data-elementor-lightbox-title=\"Pielgrzymka Ludzi Pracy, 29 sierpnia 2021 27\" data-e-action-hash=\"#elementor-action%3Aaction%3Dlightbox%26settings%3DeyJpZCI6Mjk2OTYsInVybCI6Imh0dHBzOlwvXC93d3cubGljaGVuLnBsXC93cC1jb250ZW50XC91cGxvYWRzXC8yMDIxXC8wOFwvUGllbGdyenlta2EtTHVkemktUHJhY3ktMjktc2llcnBuaWEtMjAyMS0yNy5qcGciLCJzbGlkZXNob3ciOiJkYWJiM2Q5In0%3D\">\n\t\t\t\t\t<div class=\"e-gallery-image elementor-gallery-item__image\" data-thumbnail=\"https:\/\/www.lichen.pl\/wp-content\/uploads\/2021\/08\/Pielgrzymka-Ludzi-Pracy-29-sierpnia-2021-27-300x200.jpg\" data-width=\"300\" data-height=\"200\" aria-label=\"\" role=\"img\" ><\/div>\n\t\t\t\t\t\t\t\t\t\t\t<div class=\"elementor-gallery-item__overlay\"><\/div>\n\t\t\t\t\t\t\t\t\t\t\t\t\t\t<\/a>\n\t\t\t\t\t\t\t<a class=\"e-gallery-item elementor-gallery-item elementor-animated-content\" href=\"https:\/\/www.lichen.pl\/wp-content\/uploads\/2021\/08\/Pielgrzymka-Ludzi-Pracy-29-sierpnia-2021-28.jpg\" data-elementor-open-lightbox=\"yes\" data-elementor-lightbox-slideshow=\"dabb3d9\" data-elementor-lightbox-title=\"Pielgrzymka Ludzi Pracy, 29 sierpnia 2021 28\" data-e-action-hash=\"#elementor-action%3Aaction%3Dlightbox%26settings%3DeyJpZCI6Mjk3MDEsInVybCI6Imh0dHBzOlwvXC93d3cubGljaGVuLnBsXC93cC1jb250ZW50XC91cGxvYWRzXC8yMDIxXC8wOFwvUGllbGdyenlta2EtTHVkemktUHJhY3ktMjktc2llcnBuaWEtMjAyMS0yOC5qcGciLCJzbGlkZXNob3ciOiJkYWJiM2Q5In0%3D\">\n\t\t\t\t\t<div class=\"e-gallery-image elementor-gallery-item__image\" data-thumbnail=\"https:\/\/www.lichen.pl\/wp-content\/uploads\/2021\/08\/Pielgrzymka-Ludzi-Pracy-29-sierpnia-2021-28-300x200.jpg\" data-width=\"300\" data-height=\"200\" aria-label=\"\" role=\"img\" ><\/div>\n\t\t\t\t\t\t\t\t\t\t\t<div class=\"elementor-gallery-item__overlay\"><\/div>\n\t\t\t\t\t\t\t\t\t\t\t\t\t\t<\/a>\n\t\t\t\t\t\t\t<a class=\"e-gallery-item elementor-gallery-item elementor-animated-content\" href=\"https:\/\/www.lichen.pl\/wp-content\/uploads\/2021\/08\/Pielgrzymka-Ludzi-Pracy-29-sierpnia-2021-29.jpg\" data-elementor-open-lightbox=\"yes\" data-elementor-lightbox-slideshow=\"dabb3d9\" data-elementor-lightbox-title=\"Pielgrzymka Ludzi Pracy, 29 sierpnia 2021 29\" data-e-action-hash=\"#elementor-action%3Aaction%3Dlightbox%26settings%3DeyJpZCI6Mjk3MDYsInVybCI6Imh0dHBzOlwvXC93d3cubGljaGVuLnBsXC93cC1jb250ZW50XC91cGxvYWRzXC8yMDIxXC8wOFwvUGllbGdyenlta2EtTHVkemktUHJhY3ktMjktc2llcnBuaWEtMjAyMS0yOS5qcGciLCJzbGlkZXNob3ciOiJkYWJiM2Q5In0%3D\">\n\t\t\t\t\t<div class=\"e-gallery-image elementor-gallery-item__image\" data-thumbnail=\"https:\/\/www.lichen.pl\/wp-content\/uploads\/2021\/08\/Pielgrzymka-Ludzi-Pracy-29-sierpnia-2021-29-300x200.jpg\" data-width=\"300\" data-height=\"200\" aria-label=\"\" role=\"img\" ><\/div>\n\t\t\t\t\t\t\t\t\t\t\t<div class=\"elementor-gallery-item__overlay\"><\/div>\n\t\t\t\t\t\t\t\t\t\t\t\t\t\t<\/a>\n\t\t\t\t\t\t\t<a class=\"e-gallery-item elementor-gallery-item elementor-animated-content\" href=\"https:\/\/www.lichen.pl\/wp-content\/uploads\/2021\/08\/Pielgrzymka-Ludzi-Pracy-29-sierpnia-2021-30.jpg\" data-elementor-open-lightbox=\"yes\" data-elementor-lightbox-slideshow=\"dabb3d9\" data-elementor-lightbox-title=\"Pielgrzymka Ludzi Pracy, 29 sierpnia 2021 30\" data-e-action-hash=\"#elementor-action%3Aaction%3Dlightbox%26settings%3DeyJpZCI6Mjk3MTEsInVybCI6Imh0dHBzOlwvXC93d3cubGljaGVuLnBsXC93cC1jb250ZW50XC91cGxvYWRzXC8yMDIxXC8wOFwvUGllbGdyenlta2EtTHVkemktUHJhY3ktMjktc2llcnBuaWEtMjAyMS0zMC5qcGciLCJzbGlkZXNob3ciOiJkYWJiM2Q5In0%3D\">\n\t\t\t\t\t<div class=\"e-gallery-image elementor-gallery-item__image\" data-thumbnail=\"https:\/\/www.lichen.pl\/wp-content\/uploads\/2021\/08\/Pielgrzymka-Ludzi-Pracy-29-sierpnia-2021-30-300x200.jpg\" data-width=\"300\" data-height=\"200\" aria-label=\"\" role=\"img\" ><\/div>\n\t\t\t\t\t\t\t\t\t\t\t<div class=\"elementor-gallery-item__overlay\"><\/div>\n\t\t\t\t\t\t\t\t\t\t\t\t\t\t<\/a>\n\t\t\t\t\t<\/div>\n\t\t\t\t\t<\/div>\n\t\t\t\t<\/div>\n\t\t\t\t<div class=\"elementor-element elementor-element-c2cab93 elementor-widget-divider--view-line elementor-widget elementor-widget-divider\" data-id=\"c2cab93\" data-element_type=\"widget\" data-e-type=\"widget\" data-widget_type=\"divider.default\">\n\t\t\t\t<div class=\"elementor-widget-container\">\n\t\t\t\t\t\t\t<div class=\"elementor-divider\">\n\t\t\t<span class=\"elementor-divider-separator\">\n\t\t\t\t\t\t<\/span>\n\t\t<\/div>\n\t\t\t\t\t\t<\/div>\n\t\t\t\t<\/div>\n\t\t\t\t<div class=\"elementor-element elementor-element-f447741 elementor-widget elementor-widget-image\" data-id=\"f447741\" data-element_type=\"widget\" data-e-type=\"widget\" data-widget_type=\"image.default\">\n\t\t\t\t<div class=\"elementor-widget-container\">\n\t\t\t\t\t\t\t\t\t\t\t\t<figure class=\"wp-caption\">\n\t\t\t\t\t\t\t\t\t\t\t<a href=\"http:\/\/www.lichen.pl\/wp-content\/uploads\/2021\/05\/20210827_144457.jpg\" data-elementor-open-lightbox=\"yes\" data-elementor-lightbox-title=\"20210827_144457\" data-e-action-hash=\"#elementor-action%3Aaction%3Dlightbox%26settings%3DeyJpZCI6Mjg5MzEsInVybCI6Imh0dHBzOlwvXC93d3cubGljaGVuLnBsXC93cC1jb250ZW50XC91cGxvYWRzXC8yMDIxXC8wNVwvMjAyMTA4MjdfMTQ0NDU3LmpwZyJ9\">\n\t\t\t\t\t\t\t<img loading=\"lazy\" decoding=\"async\" width=\"724\" height=\"1024\" src=\"https:\/\/www.lichen.pl\/wp-content\/uploads\/2021\/05\/20210827_144457.jpg\" class=\"attachment-medium_large size-medium_large wp-image-28931\" alt=\"\" srcset=\"https:\/\/www.lichen.pl\/wp-content\/uploads\/2021\/05\/20210827_144457.jpg 724w, https:\/\/www.lichen.pl\/wp-content\/uploads\/2021\/05\/20210827_144457-212x300.jpg 212w\" sizes=\"(max-width: 724px) 100vw, 724px\" \/>\t\t\t\t\t\t\t\t<\/a>\n\t\t\t\t\t\t\t\t\t\t\t<figcaption class=\"widget-image-caption wp-caption-text\">Programme du 39e p\u00e8lerinage des travailleurs \u00e0 Notre-Dame de Liche\u0144<\/figcaption>\n\t\t\t\t\t\t\t\t\t\t<\/figure>\n\t\t\t\t\t\t\t\t\t<\/div>\n\t\t\t\t<\/div>\n\t\t\t\t\t<\/div>\n\t\t<\/div>\n\t\t\t\t\t<\/div>\n\t\t<\/section>\n\t\t\t\t<\/div>","protected":false},"excerpt":{"rendered":"<p>39. Piesza Pielgrzymka Ludzi Pracy do Matki Bo\u017cej Liche\u0144skiej niedzielnego popo\u0142udnia przyby\u0142a do Lichenia. W tym roku pielgrzymom towarzyszy\u0142o has\u0142o \u201eZ Maryj\u0105 w obronie wiary\u201d. Pielgrzymi z Konina w Licheniu pojawili si\u0119 po godz. 15. Przed pomnikiem \u015bw. Jana Paw\u0142a II w starej cz\u0119\u015bci sanktuarium odm\u00f3wili koronk\u0119 do Bo\u017cego Mi\u0142osierdzia. Powita\u0142 ich ks. Marek Kordaszewski [&hellip;]<\/p>\n","protected":false},"author":2,"featured_media":28948,"comment_status":"open","ping_status":"open","sticky":false,"template":"","format":"standard","meta":{"footnotes":""},"categories":[1],"tags":[],"class_list":["post-28936","post","type-post","status-publish","format-standard","has-post-thumbnail","hentry","category-aktualnosci","wpbf-post"],"yoast_head":"<!-- This site is optimized with the Yoast SEO plugin v27.4 - https:\/\/yoast.com\/product\/yoast-seo-wordpress\/ -->\n<title>39. Pielgrzymka Ludzi Pracy do Matki Bo\u017cej Liche\u0144skiej - SANKTUARIUM W LICHENIU<\/title>\n<meta name=\"robots\" content=\"index, follow, max-snippet:-1, max-image-preview:large, max-video-preview:-1\" \/>\n<link rel=\"canonical\" href=\"https:\/\/www.lichen.pl\/fr\/39-pielgrzymka-ludzi-pracy-do-matki\/\" \/>\n<meta property=\"og:locale\" content=\"fr_FR\" \/>\n<meta property=\"og:type\" content=\"article\" \/>\n<meta property=\"og:title\" content=\"39. Pielgrzymka Ludzi Pracy do Matki Bo\u017cej Liche\u0144skiej - SANKTUARIUM W LICHENIU\" \/>\n<meta property=\"og:description\" content=\"39. Piesza Pielgrzymka Ludzi Pracy do Matki Bo\u017cej Liche\u0144skiej niedzielnego popo\u0142udnia przyby\u0142a do Lichenia. W tym roku pielgrzymom towarzyszy\u0142o has\u0142o \u201eZ Maryj\u0105 w obronie wiary\u201d. Pielgrzymi z Konina w Licheniu pojawili si\u0119 po godz. 15. Przed pomnikiem \u015bw. Jana Paw\u0142a II w starej cz\u0119\u015bci sanktuarium odm\u00f3wili koronk\u0119 do Bo\u017cego Mi\u0142osierdzia. Powita\u0142 ich ks. Marek Kordaszewski [&hellip;]\" \/>\n<meta property=\"og:url\" content=\"https:\/\/www.lichen.pl\/fr\/39-pielgrzymka-ludzi-pracy-do-matki\/\" \/>\n<meta property=\"og:site_name\" content=\"SANKTUARIUM W LICHENIU\" \/>\n<meta property=\"article:published_time\" content=\"2021-08-29T17:10:33+00:00\" \/>\n<meta property=\"article:modified_time\" content=\"2021-09-03T19:13:30+00:00\" \/>\n<meta property=\"og:image\" content=\"https:\/\/www.lichen.pl\/wp-content\/uploads\/2021\/08\/Pielgrzymka-Ludzi-Pracy-29-sierpnia-2021-kadr.jpg\" \/>\n\t<meta property=\"og:image:width\" content=\"835\" \/>\n\t<meta property=\"og:image:height\" content=\"549\" \/>\n\t<meta property=\"og:image:type\" content=\"image\/jpeg\" \/>\n<meta name=\"author\" content=\"Arkadiusz Gorgolewski\" \/>\n<meta name=\"twitter:card\" content=\"summary_large_image\" \/>\n<meta name=\"twitter:label1\" content=\"\u00c9crit par\" \/>\n\t<meta name=\"twitter:data1\" content=\"Arkadiusz Gorgolewski\" \/>\n\t<meta name=\"twitter:label2\" content=\"Dur\u00e9e de lecture estim\u00e9e\" \/>\n\t<meta name=\"twitter:data2\" content=\"4 minutes\" \/>\n<script type=\"application\/ld+json\" class=\"yoast-schema-graph\">{\"@context\":\"https:\\\/\\\/schema.org\",\"@graph\":[{\"@type\":\"Article\",\"@id\":\"https:\\\/\\\/www.lichen.pl\\\/39-pielgrzymka-ludzi-pracy-do-matki\\\/#article\",\"isPartOf\":{\"@id\":\"https:\\\/\\\/www.lichen.pl\\\/39-pielgrzymka-ludzi-pracy-do-matki\\\/\"},\"author\":{\"name\":\"Arkadiusz Gorgolewski\",\"@id\":\"https:\\\/\\\/www.lichen.pl\\\/fr\\\/#\\\/schema\\\/person\\\/56fc5b38d70a2b34983408f9a457fd9d\"},\"headline\":\"39. Pielgrzymka Ludzi Pracy do Matki Bo\u017cej Liche\u0144skiej\",\"datePublished\":\"2021-08-29T17:10:33+00:00\",\"dateModified\":\"2021-09-03T19:13:30+00:00\",\"mainEntityOfPage\":{\"@id\":\"https:\\\/\\\/www.lichen.pl\\\/39-pielgrzymka-ludzi-pracy-do-matki\\\/\"},\"wordCount\":696,\"commentCount\":0,\"image\":{\"@id\":\"https:\\\/\\\/www.lichen.pl\\\/39-pielgrzymka-ludzi-pracy-do-matki\\\/#primaryimage\"},\"thumbnailUrl\":\"https:\\\/\\\/www.lichen.pl\\\/wp-content\\\/uploads\\\/2021\\\/08\\\/Pielgrzymka-Ludzi-Pracy-29-sierpnia-2021-kadr.jpg\",\"articleSection\":[\"Aktualno\u015bci\"],\"inLanguage\":\"fr-FR\",\"potentialAction\":[{\"@type\":\"CommentAction\",\"name\":\"Comment\",\"target\":[\"https:\\\/\\\/www.lichen.pl\\\/39-pielgrzymka-ludzi-pracy-do-matki\\\/#respond\"]}]},{\"@type\":\"WebPage\",\"@id\":\"https:\\\/\\\/www.lichen.pl\\\/39-pielgrzymka-ludzi-pracy-do-matki\\\/\",\"url\":\"https:\\\/\\\/www.lichen.pl\\\/39-pielgrzymka-ludzi-pracy-do-matki\\\/\",\"name\":\"39. Pielgrzymka Ludzi Pracy do Matki Bo\u017cej Liche\u0144skiej - SANKTUARIUM W LICHENIU\",\"isPartOf\":{\"@id\":\"https:\\\/\\\/www.lichen.pl\\\/fr\\\/#website\"},\"primaryImageOfPage\":{\"@id\":\"https:\\\/\\\/www.lichen.pl\\\/39-pielgrzymka-ludzi-pracy-do-matki\\\/#primaryimage\"},\"image\":{\"@id\":\"https:\\\/\\\/www.lichen.pl\\\/39-pielgrzymka-ludzi-pracy-do-matki\\\/#primaryimage\"},\"thumbnailUrl\":\"https:\\\/\\\/www.lichen.pl\\\/wp-content\\\/uploads\\\/2021\\\/08\\\/Pielgrzymka-Ludzi-Pracy-29-sierpnia-2021-kadr.jpg\",\"datePublished\":\"2021-08-29T17:10:33+00:00\",\"dateModified\":\"2021-09-03T19:13:30+00:00\",\"author\":{\"@id\":\"https:\\\/\\\/www.lichen.pl\\\/fr\\\/#\\\/schema\\\/person\\\/56fc5b38d70a2b34983408f9a457fd9d\"},\"breadcrumb\":{\"@id\":\"https:\\\/\\\/www.lichen.pl\\\/39-pielgrzymka-ludzi-pracy-do-matki\\\/#breadcrumb\"},\"inLanguage\":\"fr-FR\",\"potentialAction\":[{\"@type\":\"ReadAction\",\"target\":[\"https:\\\/\\\/www.lichen.pl\\\/39-pielgrzymka-ludzi-pracy-do-matki\\\/\"]}]},{\"@type\":\"ImageObject\",\"inLanguage\":\"fr-FR\",\"@id\":\"https:\\\/\\\/www.lichen.pl\\\/39-pielgrzymka-ludzi-pracy-do-matki\\\/#primaryimage\",\"url\":\"https:\\\/\\\/www.lichen.pl\\\/wp-content\\\/uploads\\\/2021\\\/08\\\/Pielgrzymka-Ludzi-Pracy-29-sierpnia-2021-kadr.jpg\",\"contentUrl\":\"https:\\\/\\\/www.lichen.pl\\\/wp-content\\\/uploads\\\/2021\\\/08\\\/Pielgrzymka-Ludzi-Pracy-29-sierpnia-2021-kadr.jpg\",\"width\":835,\"height\":549},{\"@type\":\"BreadcrumbList\",\"@id\":\"https:\\\/\\\/www.lichen.pl\\\/39-pielgrzymka-ludzi-pracy-do-matki\\\/#breadcrumb\",\"itemListElement\":[{\"@type\":\"ListItem\",\"position\":1,\"name\":\"Strona g\u0142\u00f3wna\",\"item\":\"https:\\\/\\\/www.lichen.pl\\\/\"},{\"@type\":\"ListItem\",\"position\":2,\"name\":\"39. Pielgrzymka Ludzi Pracy do Matki Bo\u017cej Liche\u0144skiej\"}]},{\"@type\":\"WebSite\",\"@id\":\"https:\\\/\\\/www.lichen.pl\\\/fr\\\/#website\",\"url\":\"https:\\\/\\\/www.lichen.pl\\\/fr\\\/\",\"name\":\"SANKTUARIUM W LICHENIU\",\"description\":\"MATKI BO\u017bEJ LICHE\u0143SKIEJ BOLESNEJ KR\u00d3LOWEJ POLSKI\",\"potentialAction\":[{\"@type\":\"SearchAction\",\"target\":{\"@type\":\"EntryPoint\",\"urlTemplate\":\"https:\\\/\\\/www.lichen.pl\\\/fr\\\/?s={search_term_string}\"},\"query-input\":{\"@type\":\"PropertyValueSpecification\",\"valueRequired\":true,\"valueName\":\"search_term_string\"}}],\"inLanguage\":\"fr-FR\"},{\"@type\":\"Person\",\"@id\":\"https:\\\/\\\/www.lichen.pl\\\/fr\\\/#\\\/schema\\\/person\\\/56fc5b38d70a2b34983408f9a457fd9d\",\"name\":\"Arkadiusz Gorgolewski\",\"image\":{\"@type\":\"ImageObject\",\"inLanguage\":\"fr-FR\",\"@id\":\"https:\\\/\\\/secure.gravatar.com\\\/avatar\\\/0f571b370f5aa245b1fd3b9c945511b004fe17579bdefd5054d99f0ba315149c?s=96&d=retro&r=g\",\"url\":\"https:\\\/\\\/secure.gravatar.com\\\/avatar\\\/0f571b370f5aa245b1fd3b9c945511b004fe17579bdefd5054d99f0ba315149c?s=96&d=retro&r=g\",\"contentUrl\":\"https:\\\/\\\/secure.gravatar.com\\\/avatar\\\/0f571b370f5aa245b1fd3b9c945511b004fe17579bdefd5054d99f0ba315149c?s=96&d=retro&r=g\",\"caption\":\"Arkadiusz Gorgolewski\"},\"url\":\"https:\\\/\\\/www.lichen.pl\\\/fr\\\/author\\\/sanadmin\\\/\"}]}<\/script>\n<!-- \/ Yoast SEO plugin. -->","yoast_head_json":{"title":"39. Pielgrzymka Ludzi Pracy do Matki Bo\u017cej Liche\u0144skiej - SANKTUARIUM W LICHENIU","robots":{"index":"index","follow":"follow","max-snippet":"max-snippet:-1","max-image-preview":"max-image-preview:large","max-video-preview":"max-video-preview:-1"},"canonical":"https:\/\/www.lichen.pl\/fr\/39-pielgrzymka-ludzi-pracy-do-matki\/","og_locale":"fr_FR","og_type":"article","og_title":"39. Pielgrzymka Ludzi Pracy do Matki Bo\u017cej Liche\u0144skiej - SANKTUARIUM W LICHENIU","og_description":"39. Piesza Pielgrzymka Ludzi Pracy do Matki Bo\u017cej Liche\u0144skiej niedzielnego popo\u0142udnia przyby\u0142a do Lichenia. W tym roku pielgrzymom towarzyszy\u0142o has\u0142o \u201eZ Maryj\u0105 w obronie wiary\u201d. Pielgrzymi z Konina w Licheniu pojawili si\u0119 po godz. 15. Przed pomnikiem \u015bw. Jana Paw\u0142a II w starej cz\u0119\u015bci sanktuarium odm\u00f3wili koronk\u0119 do Bo\u017cego Mi\u0142osierdzia. Powita\u0142 ich ks. Marek Kordaszewski [&hellip;]","og_url":"https:\/\/www.lichen.pl\/fr\/39-pielgrzymka-ludzi-pracy-do-matki\/","og_site_name":"SANKTUARIUM W LICHENIU","article_published_time":"2021-08-29T17:10:33+00:00","article_modified_time":"2021-09-03T19:13:30+00:00","og_image":[{"width":835,"height":549,"url":"https:\/\/www.lichen.pl\/wp-content\/uploads\/2021\/08\/Pielgrzymka-Ludzi-Pracy-29-sierpnia-2021-kadr.jpg","type":"image\/jpeg"}],"author":"Arkadiusz Gorgolewski","twitter_card":"summary_large_image","twitter_misc":{"\u00c9crit par":"Arkadiusz Gorgolewski","Dur\u00e9e de lecture estim\u00e9e":"4 minutes"},"schema":{"@context":"https:\/\/schema.org","@graph":[{"@type":"Article","@id":"https:\/\/www.lichen.pl\/39-pielgrzymka-ludzi-pracy-do-matki\/#article","isPartOf":{"@id":"https:\/\/www.lichen.pl\/39-pielgrzymka-ludzi-pracy-do-matki\/"},"author":{"name":"Arkadiusz Gorgolewski","@id":"https:\/\/www.lichen.pl\/fr\/#\/schema\/person\/56fc5b38d70a2b34983408f9a457fd9d"},"headline":"39. Pielgrzymka Ludzi Pracy do Matki Bo\u017cej Liche\u0144skiej","datePublished":"2021-08-29T17:10:33+00:00","dateModified":"2021-09-03T19:13:30+00:00","mainEntityOfPage":{"@id":"https:\/\/www.lichen.pl\/39-pielgrzymka-ludzi-pracy-do-matki\/"},"wordCount":696,"commentCount":0,"image":{"@id":"https:\/\/www.lichen.pl\/39-pielgrzymka-ludzi-pracy-do-matki\/#primaryimage"},"thumbnailUrl":"https:\/\/www.lichen.pl\/wp-content\/uploads\/2021\/08\/Pielgrzymka-Ludzi-Pracy-29-sierpnia-2021-kadr.jpg","articleSection":["Aktualno\u015bci"],"inLanguage":"fr-FR","potentialAction":[{"@type":"CommentAction","name":"Comment","target":["https:\/\/www.lichen.pl\/39-pielgrzymka-ludzi-pracy-do-matki\/#respond"]}]},{"@type":"WebPage","@id":"https:\/\/www.lichen.pl\/39-pielgrzymka-ludzi-pracy-do-matki\/","url":"https:\/\/www.lichen.pl\/39-pielgrzymka-ludzi-pracy-do-matki\/","name":"39. Pielgrzymka Ludzi Pracy do Matki Bo\u017cej Liche\u0144skiej - SANKTUARIUM W LICHENIU","isPartOf":{"@id":"https:\/\/www.lichen.pl\/fr\/#website"},"primaryImageOfPage":{"@id":"https:\/\/www.lichen.pl\/39-pielgrzymka-ludzi-pracy-do-matki\/#primaryimage"},"image":{"@id":"https:\/\/www.lichen.pl\/39-pielgrzymka-ludzi-pracy-do-matki\/#primaryimage"},"thumbnailUrl":"https:\/\/www.lichen.pl\/wp-content\/uploads\/2021\/08\/Pielgrzymka-Ludzi-Pracy-29-sierpnia-2021-kadr.jpg","datePublished":"2021-08-29T17:10:33+00:00","dateModified":"2021-09-03T19:13:30+00:00","author":{"@id":"https:\/\/www.lichen.pl\/fr\/#\/schema\/person\/56fc5b38d70a2b34983408f9a457fd9d"},"breadcrumb":{"@id":"https:\/\/www.lichen.pl\/39-pielgrzymka-ludzi-pracy-do-matki\/#breadcrumb"},"inLanguage":"fr-FR","potentialAction":[{"@type":"ReadAction","target":["https:\/\/www.lichen.pl\/39-pielgrzymka-ludzi-pracy-do-matki\/"]}]},{"@type":"ImageObject","inLanguage":"fr-FR","@id":"https:\/\/www.lichen.pl\/39-pielgrzymka-ludzi-pracy-do-matki\/#primaryimage","url":"https:\/\/www.lichen.pl\/wp-content\/uploads\/2021\/08\/Pielgrzymka-Ludzi-Pracy-29-sierpnia-2021-kadr.jpg","contentUrl":"https:\/\/www.lichen.pl\/wp-content\/uploads\/2021\/08\/Pielgrzymka-Ludzi-Pracy-29-sierpnia-2021-kadr.jpg","width":835,"height":549},{"@type":"BreadcrumbList","@id":"https:\/\/www.lichen.pl\/39-pielgrzymka-ludzi-pracy-do-matki\/#breadcrumb","itemListElement":[{"@type":"ListItem","position":1,"name":"Strona g\u0142\u00f3wna","item":"https:\/\/www.lichen.pl\/"},{"@type":"ListItem","position":2,"name":"39. Pielgrzymka Ludzi Pracy do Matki Bo\u017cej Liche\u0144skiej"}]},{"@type":"WebSite","@id":"https:\/\/www.lichen.pl\/fr\/#website","url":"https:\/\/www.lichen.pl\/fr\/","name":"SANCTUAIRE EN LICHENIE","description":"LA MAUVAISE REINE DE POLOGNE DE NOTRE LICHEN","potentialAction":[{"@type":"SearchAction","target":{"@type":"EntryPoint","urlTemplate":"https:\/\/www.lichen.pl\/fr\/?s={search_term_string}"},"query-input":{"@type":"PropertyValueSpecification","valueRequired":true,"valueName":"search_term_string"}}],"inLanguage":"fr-FR"},{"@type":"Person","@id":"https:\/\/www.lichen.pl\/fr\/#\/schema\/person\/56fc5b38d70a2b34983408f9a457fd9d","name":"Arkadiusz Gorgolewski","image":{"@type":"ImageObject","inLanguage":"fr-FR","@id":"https:\/\/secure.gravatar.com\/avatar\/0f571b370f5aa245b1fd3b9c945511b004fe17579bdefd5054d99f0ba315149c?s=96&d=retro&r=g","url":"https:\/\/secure.gravatar.com\/avatar\/0f571b370f5aa245b1fd3b9c945511b004fe17579bdefd5054d99f0ba315149c?s=96&d=retro&r=g","contentUrl":"https:\/\/secure.gravatar.com\/avatar\/0f571b370f5aa245b1fd3b9c945511b004fe17579bdefd5054d99f0ba315149c?s=96&d=retro&r=g","caption":"Arkadiusz Gorgolewski"},"url":"https:\/\/www.lichen.pl\/fr\/author\/sanadmin\/"}]}},"_links":{"self":[{"href":"https:\/\/www.lichen.pl\/fr\/wp-json\/wp\/v2\/posts\/28936","targetHints":{"allow":["GET"]}}],"collection":[{"href":"https:\/\/www.lichen.pl\/fr\/wp-json\/wp\/v2\/posts"}],"about":[{"href":"https:\/\/www.lichen.pl\/fr\/wp-json\/wp\/v2\/types\/post"}],"author":[{"embeddable":true,"href":"https:\/\/www.lichen.pl\/fr\/wp-json\/wp\/v2\/users\/2"}],"replies":[{"embeddable":true,"href":"https:\/\/www.lichen.pl\/fr\/wp-json\/wp\/v2\/comments?post=28936"}],"version-history":[{"count":15,"href":"https:\/\/www.lichen.pl\/fr\/wp-json\/wp\/v2\/posts\/28936\/revisions"}],"predecessor-version":[{"id":29900,"href":"https:\/\/www.lichen.pl\/fr\/wp-json\/wp\/v2\/posts\/28936\/revisions\/29900"}],"wp:featuredmedia":[{"embeddable":true,"href":"https:\/\/www.lichen.pl\/fr\/wp-json\/wp\/v2\/media\/28948"}],"wp:attachment":[{"href":"https:\/\/www.lichen.pl\/fr\/wp-json\/wp\/v2\/media?parent=28936"}],"wp:term":[{"taxonomy":"category","embeddable":true,"href":"https:\/\/www.lichen.pl\/fr\/wp-json\/wp\/v2\/categories?post=28936"},{"taxonomy":"post_tag","embeddable":true,"href":"https:\/\/www.lichen.pl\/fr\/wp-json\/wp\/v2\/tags?post=28936"}],"curies":[{"name":"wp","href":"https:\/\/api.w.org\/{rel}","templated":true}]}}