{"id":30728,"date":"2021-09-11T14:30:58","date_gmt":"2021-09-11T14:30:58","guid":{"rendered":"http:\/\/www.lichen.pl\/noc-walki-o-blogoslawienstwo-dla-polski-6-7-sierpnia-2021-r-copy\/"},"modified":"2021-09-16T12:04:09","modified_gmt":"2021-09-16T12:04:09","slug":"18-ogolnopolska-pielgrzymka-honorowych-dawcow-krwi","status":"publish","type":"post","link":"https:\/\/www.lichen.pl\/fr\/18-ogolnopolska-pielgrzymka-honorowych-dawcow-krwi\/","title":{"rendered":"18e P\u00e8lerinage National des Donneurs de Sang Honoraires"},"content":{"rendered":"<div data-elementor-type=\"wp-post\" data-elementor-id=\"30728\" class=\"elementor elementor-30728\" data-elementor-post-type=\"post\">\n\t\t\t\t\t\t<section class=\"elementor-section elementor-top-section elementor-element elementor-element-d269677 elementor-section-boxed elementor-section-height-default elementor-section-height-default\" data-id=\"d269677\" data-element_type=\"section\" data-e-type=\"section\">\n\t\t\t\t\t\t<div class=\"elementor-container elementor-column-gap-default\">\n\t\t\t\t\t<div class=\"elementor-column elementor-col-100 elementor-top-column elementor-element elementor-element-56bb580\" data-id=\"56bb580\" data-element_type=\"column\" data-e-type=\"column\">\n\t\t\t<div class=\"elementor-widget-wrap elementor-element-populated\">\n\t\t\t\t\t\t<div class=\"elementor-element elementor-element-218ff14 elementor-widget elementor-widget-heading\" data-id=\"218ff14\" data-element_type=\"widget\" data-e-type=\"widget\" data-widget_type=\"heading.default\">\n\t\t\t\t<div class=\"elementor-widget-container\">\n\t\t\t\t\t<h2 class=\"elementor-heading-title elementor-size-default\">Les participants au p\u00e8lerinage de cette ann\u00e9e ont \u00e9t\u00e9 accueillis par le P. Adam Stankiewicz, MIC, vice-gardien du sanctuaire Lichen, les remerciant pour leur t\u00e9moignage. La liturgie de 12h00 a \u00e9t\u00e9 pr\u00e9sid\u00e9e par l&#039;aum\u00f4nier HDK, le P. le chanoine Miros\u0142aw Frankowski, cur\u00e9 de la paroisse St. Barbara \u00e0 Turku. <\/h2>\t\t\t\t<\/div>\n\t\t\t\t<\/div>\n\t\t\t\t<div class=\"elementor-element elementor-element-a11c8a6 elementor-widget elementor-widget-spacer\" data-id=\"a11c8a6\" data-element_type=\"widget\" data-e-type=\"widget\" data-widget_type=\"spacer.default\">\n\t\t\t\t<div class=\"elementor-widget-container\">\n\t\t\t\t\t\t\t<div class=\"elementor-spacer\">\n\t\t\t<div class=\"elementor-spacer-inner\"><\/div>\n\t\t<\/div>\n\t\t\t\t\t\t<\/div>\n\t\t\t\t<\/div>\n\t\t\t\t<section class=\"elementor-section elementor-inner-section elementor-element elementor-element-8fd7737 elementor-section-boxed elementor-section-height-default elementor-section-height-default\" data-id=\"8fd7737\" data-element_type=\"section\" data-e-type=\"section\">\n\t\t\t\t\t\t<div class=\"elementor-container elementor-column-gap-default\">\n\t\t\t\t\t<div class=\"elementor-column elementor-col-50 elementor-inner-column elementor-element elementor-element-c51f171\" data-id=\"c51f171\" data-element_type=\"column\" data-e-type=\"column\">\n\t\t\t<div class=\"elementor-widget-wrap elementor-element-populated\">\n\t\t\t\t\t\t<div class=\"elementor-element elementor-element-344f555 elementor-blockquote--skin-quotation elementor-blockquote--align-center elementor-widget elementor-widget-blockquote\" data-id=\"344f555\" data-element_type=\"widget\" data-e-type=\"widget\" data-widget_type=\"blockquote.default\">\n\t\t\t\t<div class=\"elementor-widget-container\">\n\t\t\t\t\t\t\t<blockquote class=\"elementor-blockquote\">\n\t\t\t<p class=\"elementor-blockquote__content\">\n\t\t\t\tEn tant que personne raisonnable et honn\u00eate, un chr\u00e9tien a le devoir d&#039;essayer de r\u00e9duire la souffrance et de se r\u00e9tablir concr\u00e8tement, tant envers lui-m\u00eame qu&#039;envers les autres. C&#039;est vous, chers donneurs de sang, qui, par votre don de sang, participez \u00e0 ce r\u00e9tablissement de nombreuses personnes souffrantes. La Douloureuse Reine de Pologne nous aide consid\u00e9rablement \u00e0 comprendre et \u00e0 accepter la croix. Il nous introduit \u00e0 ce myst\u00e8re avec un amour maternel. Aussi dans notre vie quotidienne\t\t\t<\/p>\n\t\t\t\t\t\t\t<div class=\"e-q-footer\">\n\t\t\t\t\t\t\t\t\t\t\t<cite class=\"elementor-blockquote__author\">Pr. chanoine Miros\u0142aw Frankowski, aum\u00f4nier du HDK, 11 septembre 2021<\/cite>\n\t\t\t\t\t\t\t\t\t\t\t\t\t\t<\/div>\n\t\t\t\t\t<\/blockquote>\n\t\t\t\t\t\t<\/div>\n\t\t\t\t<\/div>\n\t\t\t\t\t<\/div>\n\t\t<\/div>\n\t\t\t\t<div class=\"elementor-column elementor-col-50 elementor-inner-column elementor-element elementor-element-0db7802\" data-id=\"0db7802\" data-element_type=\"column\" data-e-type=\"column\">\n\t\t\t<div class=\"elementor-widget-wrap elementor-element-populated\">\n\t\t\t\t\t\t<div class=\"elementor-element elementor-element-9e56fc1 elementor-widget elementor-widget-image\" data-id=\"9e56fc1\" data-element_type=\"widget\" data-e-type=\"widget\" data-widget_type=\"image.default\">\n\t\t\t\t<div class=\"elementor-widget-container\">\n\t\t\t\t\t\t\t\t\t\t\t\t\t\t\t\t<a href=\"http:\/\/www.lichen.pl\/wp-content\/uploads\/2021\/09\/ks.-kanonik-Miroslaw-Frankowski-kapelan-HDK.jpg\" data-elementor-open-lightbox=\"yes\" data-elementor-lightbox-title=\"ks. kanonik Miros\u0142aw Frankowski, kapelan HDK\" data-e-action-hash=\"#elementor-action%3Aaction%3Dlightbox%26settings%3DeyJpZCI6MzA3MzcsInVybCI6Imh0dHBzOlwvXC93d3cubGljaGVuLnBsXC93cC1jb250ZW50XC91cGxvYWRzXC8yMDIxXC8wOVwva3MuLWthbm9uaWstTWlyb3NsYXctRnJhbmtvd3NraS1rYXBlbGFuLUhESy5qcGcifQ%3D%3D\">\n\t\t\t\t\t\t\t<img fetchpriority=\"high\" decoding=\"async\" width=\"768\" height=\"759\" src=\"https:\/\/www.lichen.pl\/wp-content\/uploads\/2021\/09\/ks.-kanonik-Miroslaw-Frankowski-kapelan-HDK-768x759.jpg\" class=\"attachment-medium_large size-medium_large wp-image-30737\" alt=\"\" srcset=\"https:\/\/www.lichen.pl\/wp-content\/uploads\/2021\/09\/ks.-kanonik-Miroslaw-Frankowski-kapelan-HDK-768x759.jpg 768w, https:\/\/www.lichen.pl\/wp-content\/uploads\/2021\/09\/ks.-kanonik-Miroslaw-Frankowski-kapelan-HDK-800x791.jpg 800w, https:\/\/www.lichen.pl\/wp-content\/uploads\/2021\/09\/ks.-kanonik-Miroslaw-Frankowski-kapelan-HDK-300x297.jpg 300w, https:\/\/www.lichen.pl\/wp-content\/uploads\/2021\/09\/ks.-kanonik-Miroslaw-Frankowski-kapelan-HDK-1024x1012.jpg 1024w, https:\/\/www.lichen.pl\/wp-content\/uploads\/2021\/09\/ks.-kanonik-Miroslaw-Frankowski-kapelan-HDK.jpg 1322w\" sizes=\"(max-width: 768px) 100vw, 768px\" \/>\t\t\t\t\t\t\t\t<\/a>\n\t\t\t\t\t\t\t\t\t\t\t\t\t\t\t<\/div>\n\t\t\t\t<\/div>\n\t\t\t\t\t<\/div>\n\t\t<\/div>\n\t\t\t\t\t<\/div>\n\t\t<\/section>\n\t\t\t\t<div class=\"elementor-element elementor-element-f258572 elementor-widget elementor-widget-spacer\" data-id=\"f258572\" data-element_type=\"widget\" data-e-type=\"widget\" data-widget_type=\"spacer.default\">\n\t\t\t\t<div class=\"elementor-widget-container\">\n\t\t\t\t\t\t\t<div class=\"elementor-spacer\">\n\t\t\t<div class=\"elementor-spacer-inner\"><\/div>\n\t\t<\/div>\n\t\t\t\t\t\t<\/div>\n\t\t\t\t<\/div>\n\t\t\t\t<div class=\"elementor-element elementor-element-097ca8a elementor-widget elementor-widget-text-editor\" data-id=\"097ca8a\" data-element_type=\"widget\" data-e-type=\"widget\" data-widget_type=\"text-editor.default\">\n\t\t\t\t<div class=\"elementor-widget-container\">\n\t\t\t\t\t\t\t\t\t<div class=\"kvgmc6g5 cxmmr5t8 oygrvhab hcukyx3x c1et5uql ii04i59q\"><div dir=\"auto\">Le samedi 11 septembre, le 18e p\u00e8lerinage national polonais des donneurs de sang honoraires a eu lieu au sanctuaire de Notre-Dame de Liche\u0144. Les participants ont \u00e9t\u00e9 accueillis par le P. Adam Stankiewicz, MIC, vice-gardien du sanctuaire Lichen, les remerciant pour leur t\u00e9moignage. La liturgie de 12h00 a \u00e9t\u00e9 pr\u00e9sid\u00e9e par l&#039;aum\u00f4nier HDK, le P. le chanoine Miros\u0142aw Frankowski, cur\u00e9 de la paroisse St. Barbara \u00e0 Turku.<\/div><\/div><div class=\"o9v6fnle cxmmr5t8 oygrvhab hcukyx3x c1et5uql ii04i59q\"><div dir=\"auto\">Dans l&#039;hom\u00e9lie du P. Frankowski a mentionn\u00e9 les relations du Card. Wyszy\u0144ski du sanctuaire de Notre-Dame de Liche\u0144, o\u00f9, en tant que s\u00e9minariste du s\u00e9minaire de W\u0142oc\u0142awek, le jeune Stefan est rest\u00e9 pour am\u00e9liorer sa sant\u00e9, enseignant la cat\u00e9ch\u00e8se et \u00e9crivant les t\u00e9moignages des gr\u00e2ces v\u00e9cues par l&#039;intercession de la M\u00e8re de Dieu. C&#039;est le Primat du Mill\u00e9naire, dont la b\u00e9atification aura lieu le dimanche 12 septembre \u00e0 Varsovie, qui en 1967 a couronn\u00e9 l&#039;Image Miraculeuse de Notre-Dame de Liche\u0144, la Douloureuse Reine de Pologne. Le P\u00e8re Frankowski a soulign\u00e9 que les Donneurs de Sang Honoraires font des p\u00e8lerinages \u00e0 cet endroit, fixant l&#039;image miraculeuse de Notre-Dame de Liche\u0144, la Douloureuse Reine de Pologne, pour confier leur service au bien des autres. Il a qualifi\u00e9 ce service de &quot;silencieux et humble, combien n\u00e9cessaire et souvent non respect\u00e9, sans tambour ni trompette. Sans qui la vie des fr\u00e8res souffrants serait en danger, et souvent m\u00eame impossible \u00e0 sauver. C&#039;est votre don de sang, ce m\u00e9dicament le plus pr\u00e9cieux, qui soulage les c\u0153urs endoloris, les familles qui souffrent. Votre d\u00e9vouement \u00e0 une autre personne montre le sens de la souffrance dans le plan de r\u00e9demption de Dieu, a d\u00e9clar\u00e9 le cur\u00e9 de Turkow. \u00ab Marie a \u00e9t\u00e9 la premi\u00e8re \u00e0 pouvoir et \u00e0 vouloir participer au myst\u00e8re de Dieu. Elle s&#039;est unie au sacrifice du Christ avec son esprit maternel, acceptant avec amour, afin qu&#039;il subisse la d\u00e9vastation de la victime n\u00e9e d&#039;elle. Marie, enrichie de cette exp\u00e9rience, se tient aux c\u00f4t\u00e9s de l&#039;homme, le prend par la main et l&#039;invite \u00e0 venir avec elle au Calvaire et \u00e0 se tenir devant son Fils crucifi\u00e9. En faisant l&#039;exp\u00e9rience de la mort de son Fils, Marie a compris que la gloire de sa maternit\u00e9 divine atteignait son apog\u00e9e \u00e0 ce moment pr\u00e9cis, car elle lui permettait de participer directement \u00e0 l&#039;\u0153uvre de la r\u00e9demption. Elle comprit aussi que la souffrance humaine accept\u00e9e par son Fils crucifi\u00e9 acqu\u00e9rait d\u00e9sormais une valeur inestimable. \u00bb<\/div><\/div>\t\t\t\t\t\t\t\t<\/div>\n\t\t\t\t<\/div>\n\t\t\t\t<div class=\"elementor-element elementor-element-3facb80 elementor-widget elementor-widget-image\" data-id=\"3facb80\" data-element_type=\"widget\" data-e-type=\"widget\" data-widget_type=\"image.default\">\n\t\t\t\t<div class=\"elementor-widget-container\">\n\t\t\t\t\t\t\t\t\t\t\t\t<figure class=\"wp-caption\">\n\t\t\t\t\t\t\t\t\t\t<img decoding=\"async\" width=\"768\" height=\"464\" src=\"https:\/\/www.lichen.pl\/wp-content\/uploads\/2021\/09\/18.-Pielgrzymka-Honorowych-Dawcow-Krwi-Wrzesien-2021-KADR-768x464.jpg\" class=\"attachment-medium_large size-medium_large wp-image-30732\" alt=\"\" srcset=\"https:\/\/www.lichen.pl\/wp-content\/uploads\/2021\/09\/18.-Pielgrzymka-Honorowych-Dawcow-Krwi-Wrzesien-2021-KADR-768x464.jpg 768w, https:\/\/www.lichen.pl\/wp-content\/uploads\/2021\/09\/18.-Pielgrzymka-Honorowych-Dawcow-Krwi-Wrzesien-2021-KADR-800x483.jpg 800w, https:\/\/www.lichen.pl\/wp-content\/uploads\/2021\/09\/18.-Pielgrzymka-Honorowych-Dawcow-Krwi-Wrzesien-2021-KADR-300x181.jpg 300w, https:\/\/www.lichen.pl\/wp-content\/uploads\/2021\/09\/18.-Pielgrzymka-Honorowych-Dawcow-Krwi-Wrzesien-2021-KADR.jpg 891w\" sizes=\"(max-width: 768px) 100vw, 768px\" \/>\t\t\t\t\t\t\t\t\t\t\t<figcaption class=\"widget-image-caption wp-caption-text\">Repr\u00e9sentation de HDK Banner Posts, 11 septembre 2021.<\/figcaption>\n\t\t\t\t\t\t\t\t\t\t<\/figure>\n\t\t\t\t\t\t\t\t\t<\/div>\n\t\t\t\t<\/div>\n\t\t\t\t<div class=\"elementor-element elementor-element-5ace16f elementor-widget elementor-widget-text-editor\" data-id=\"5ace16f\" data-element_type=\"widget\" data-e-type=\"widget\" data-widget_type=\"text-editor.default\">\n\t\t\t\t<div class=\"elementor-widget-container\">\n\t\t\t\t\t\t\t\t\t<div class=\"o9v6fnle cxmmr5t8 oygrvhab hcukyx3x c1et5uql ii04i59q\"><div dir=\"auto\">Le chanoine a soulign\u00e9 qu&#039;en se rassemblant dans le sanctuaire, on se rend compte que Marie est toujours pr\u00e9sente dans l&#039;histoire de l&#039;\u00c9glise. Liche\u0144 a appel\u00e9 &quot;un signe sp\u00e9cial de cette action de Marie \u00e0 travers l&#039;histoire du monde&quot;.<\/div><\/div><div class=\"o9v6fnle cxmmr5t8 oygrvhab hcukyx3x c1et5uql ii04i59q\"><div dir=\"auto\">\u00ab Le chr\u00e9tien, en tant que personne raisonnable et honn\u00eate, a le devoir de faire de son mieux pour r\u00e9duire la souffrance et se r\u00e9tablir concr\u00e8tement, tant envers lui-m\u00eame qu&#039;envers les autres. C&#039;est vous, chers donneurs de sang, qui, par votre don de sang, participez \u00e0 ce r\u00e9tablissement de nombreuses personnes souffrantes. La Douloureuse Reine de Pologne nous aide consid\u00e9rablement \u00e0 comprendre et \u00e0 accepter la croix. Il nous introduit \u00e0 ce myst\u00e8re avec un amour maternel. Aussi dans notre vie quotidienne &quot;- a dit le P. Frankowski.<\/div><\/div>\t\t\t\t\t\t\t\t<\/div>\n\t\t\t\t<\/div>\n\t\t\t\t<div class=\"elementor-element elementor-element-e37973f elementor-widget elementor-widget-text-editor\" data-id=\"e37973f\" data-element_type=\"widget\" data-e-type=\"widget\" data-widget_type=\"text-editor.default\">\n\t\t\t\t<div class=\"elementor-widget-container\">\n\t\t\t\t\t\t\t\t\t<p>Texte et photos : Service de presse du Sanctuaire<\/p>\t\t\t\t\t\t\t\t<\/div>\n\t\t\t\t<\/div>\n\t\t\t\t<div class=\"elementor-element elementor-element-2b688d0 elementor-widget-divider--view-line_icon elementor-view-default elementor-widget-divider--element-align-center elementor-widget elementor-widget-divider\" data-id=\"2b688d0\" data-element_type=\"widget\" data-e-type=\"widget\" data-widget_type=\"divider.default\">\n\t\t\t\t<div class=\"elementor-widget-container\">\n\t\t\t\t\t\t\t<div class=\"elementor-divider\">\n\t\t\t<span class=\"elementor-divider-separator\">\n\t\t\t\t\t\t\t<div class=\"elementor-icon elementor-divider__element\">\n\t\t\t\t\t<i aria-hidden=\"true\" class=\"fas fa-camera\"><\/i><\/div>\n\t\t\t\t\t\t<\/span>\n\t\t<\/div>\n\t\t\t\t\t\t<\/div>\n\t\t\t\t<\/div>\n\t\t\t\t<div class=\"elementor-element elementor-element-c90b849 elementor-widget elementor-widget-gallery\" data-id=\"c90b849\" data-element_type=\"widget\" data-e-type=\"widget\" data-settings=\"{&quot;columns&quot;:6,&quot;lazyload&quot;:&quot;yes&quot;,&quot;gallery_layout&quot;:&quot;grid&quot;,&quot;columns_tablet&quot;:2,&quot;columns_mobile&quot;:1,&quot;gap&quot;:{&quot;unit&quot;:&quot;px&quot;,&quot;size&quot;:10,&quot;sizes&quot;:[]},&quot;gap_tablet&quot;:{&quot;unit&quot;:&quot;px&quot;,&quot;size&quot;:10,&quot;sizes&quot;:[]},&quot;gap_mobile&quot;:{&quot;unit&quot;:&quot;px&quot;,&quot;size&quot;:10,&quot;sizes&quot;:[]},&quot;link_to&quot;:&quot;file&quot;,&quot;aspect_ratio&quot;:&quot;3:2&quot;,&quot;overlay_background&quot;:&quot;yes&quot;,&quot;content_hover_animation&quot;:&quot;fade-in&quot;}\" data-widget_type=\"gallery.default\">\n\t\t\t\t<div class=\"elementor-widget-container\">\n\t\t\t\t\t\t\t<div class=\"elementor-gallery__container\">\n\t\t\t\t\t\t\t<a class=\"e-gallery-item elementor-gallery-item elementor-animated-content\" href=\"https:\/\/www.lichen.pl\/wp-content\/uploads\/2021\/09\/18.-Pielgrzymka-Honorowych-Dawcow-Krwi-Wrzesien-2021-1.jpg\" data-elementor-open-lightbox=\"yes\" data-elementor-lightbox-slideshow=\"c90b849\" data-elementor-lightbox-title=\"18. Pielgrzymka Honorowych Dawc\u00f3w Krwi, Wrzesie\u0144 2021 1\" data-e-action-hash=\"#elementor-action%3Aaction%3Dlightbox%26settings%3DeyJpZCI6MzA1MDQsInVybCI6Imh0dHBzOlwvXC93d3cubGljaGVuLnBsXC93cC1jb250ZW50XC91cGxvYWRzXC8yMDIxXC8wOVwvMTguLVBpZWxncnp5bWthLUhvbm9yb3d5Y2gtRGF3Y293LUtyd2ktV3J6ZXNpZW4tMjAyMS0xLmpwZyIsInNsaWRlc2hvdyI6ImM5MGI4NDkifQ%3D%3D\">\n\t\t\t\t\t<div class=\"e-gallery-image elementor-gallery-item__image\" data-thumbnail=\"https:\/\/www.lichen.pl\/wp-content\/uploads\/2021\/09\/18.-Pielgrzymka-Honorowych-Dawcow-Krwi-Wrzesien-2021-1-200x300.jpg\" data-width=\"200\" data-height=\"300\" aria-label=\"\" role=\"img\" ><\/div>\n\t\t\t\t\t\t\t\t\t\t\t<div class=\"elementor-gallery-item__overlay\"><\/div>\n\t\t\t\t\t\t\t\t\t\t\t\t\t\t<\/a>\n\t\t\t\t\t\t\t<a class=\"e-gallery-item elementor-gallery-item elementor-animated-content\" href=\"https:\/\/www.lichen.pl\/wp-content\/uploads\/2021\/09\/18.-Pielgrzymka-Honorowych-Dawcow-Krwi-Wrzesien-2021-2.jpg\" data-elementor-open-lightbox=\"yes\" data-elementor-lightbox-slideshow=\"c90b849\" data-elementor-lightbox-title=\"18. Pielgrzymka Honorowych Dawc\u00f3w Krwi, Wrzesie\u0144 2021 2\" data-e-action-hash=\"#elementor-action%3Aaction%3Dlightbox%26settings%3DeyJpZCI6MzA1MDksInVybCI6Imh0dHBzOlwvXC93d3cubGljaGVuLnBsXC93cC1jb250ZW50XC91cGxvYWRzXC8yMDIxXC8wOVwvMTguLVBpZWxncnp5bWthLUhvbm9yb3d5Y2gtRGF3Y293LUtyd2ktV3J6ZXNpZW4tMjAyMS0yLmpwZyIsInNsaWRlc2hvdyI6ImM5MGI4NDkifQ%3D%3D\">\n\t\t\t\t\t<div class=\"e-gallery-image elementor-gallery-item__image\" data-thumbnail=\"https:\/\/www.lichen.pl\/wp-content\/uploads\/2021\/09\/18.-Pielgrzymka-Honorowych-Dawcow-Krwi-Wrzesien-2021-2-300x200.jpg\" data-width=\"300\" data-height=\"200\" aria-label=\"\" role=\"img\" ><\/div>\n\t\t\t\t\t\t\t\t\t\t\t<div class=\"elementor-gallery-item__overlay\"><\/div>\n\t\t\t\t\t\t\t\t\t\t\t\t\t\t<\/a>\n\t\t\t\t\t\t\t<a class=\"e-gallery-item elementor-gallery-item elementor-animated-content\" href=\"https:\/\/www.lichen.pl\/wp-content\/uploads\/2021\/09\/18.-Pielgrzymka-Honorowych-Dawcow-Krwi-Wrzesien-2021-3.jpg\" data-elementor-open-lightbox=\"yes\" data-elementor-lightbox-slideshow=\"c90b849\" data-elementor-lightbox-title=\"18. Pielgrzymka Honorowych Dawc\u00f3w Krwi, Wrzesie\u0144 2021 3\" data-e-action-hash=\"#elementor-action%3Aaction%3Dlightbox%26settings%3DeyJpZCI6MzA1MTQsInVybCI6Imh0dHBzOlwvXC93d3cubGljaGVuLnBsXC93cC1jb250ZW50XC91cGxvYWRzXC8yMDIxXC8wOVwvMTguLVBpZWxncnp5bWthLUhvbm9yb3d5Y2gtRGF3Y293LUtyd2ktV3J6ZXNpZW4tMjAyMS0zLmpwZyIsInNsaWRlc2hvdyI6ImM5MGI4NDkifQ%3D%3D\">\n\t\t\t\t\t<div class=\"e-gallery-image elementor-gallery-item__image\" data-thumbnail=\"https:\/\/www.lichen.pl\/wp-content\/uploads\/2021\/09\/18.-Pielgrzymka-Honorowych-Dawcow-Krwi-Wrzesien-2021-3-200x300.jpg\" data-width=\"200\" data-height=\"300\" aria-label=\"\" role=\"img\" ><\/div>\n\t\t\t\t\t\t\t\t\t\t\t<div class=\"elementor-gallery-item__overlay\"><\/div>\n\t\t\t\t\t\t\t\t\t\t\t\t\t\t<\/a>\n\t\t\t\t\t\t\t<a class=\"e-gallery-item elementor-gallery-item elementor-animated-content\" href=\"https:\/\/www.lichen.pl\/wp-content\/uploads\/2021\/09\/18.-Pielgrzymka-Honorowych-Dawcow-Krwi-Wrzesien-2021-4.jpg\" data-elementor-open-lightbox=\"yes\" data-elementor-lightbox-slideshow=\"c90b849\" data-elementor-lightbox-title=\"18. Pielgrzymka Honorowych Dawc\u00f3w Krwi, Wrzesie\u0144 2021 4\" data-e-action-hash=\"#elementor-action%3Aaction%3Dlightbox%26settings%3DeyJpZCI6MzA1MTksInVybCI6Imh0dHBzOlwvXC93d3cubGljaGVuLnBsXC93cC1jb250ZW50XC91cGxvYWRzXC8yMDIxXC8wOVwvMTguLVBpZWxncnp5bWthLUhvbm9yb3d5Y2gtRGF3Y293LUtyd2ktV3J6ZXNpZW4tMjAyMS00LmpwZyIsInNsaWRlc2hvdyI6ImM5MGI4NDkifQ%3D%3D\">\n\t\t\t\t\t<div class=\"e-gallery-image elementor-gallery-item__image\" data-thumbnail=\"https:\/\/www.lichen.pl\/wp-content\/uploads\/2021\/09\/18.-Pielgrzymka-Honorowych-Dawcow-Krwi-Wrzesien-2021-4-300x200.jpg\" data-width=\"300\" data-height=\"200\" aria-label=\"\" role=\"img\" ><\/div>\n\t\t\t\t\t\t\t\t\t\t\t<div class=\"elementor-gallery-item__overlay\"><\/div>\n\t\t\t\t\t\t\t\t\t\t\t\t\t\t<\/a>\n\t\t\t\t\t\t\t<a class=\"e-gallery-item elementor-gallery-item elementor-animated-content\" href=\"https:\/\/www.lichen.pl\/wp-content\/uploads\/2021\/09\/18.-Pielgrzymka-Honorowych-Dawcow-Krwi-Wrzesien-2021-5.jpg\" data-elementor-open-lightbox=\"yes\" data-elementor-lightbox-slideshow=\"c90b849\" data-elementor-lightbox-title=\"18. Pielgrzymka Honorowych Dawc\u00f3w Krwi, Wrzesie\u0144 2021 5\" data-e-action-hash=\"#elementor-action%3Aaction%3Dlightbox%26settings%3DeyJpZCI6MzA1MjQsInVybCI6Imh0dHBzOlwvXC93d3cubGljaGVuLnBsXC93cC1jb250ZW50XC91cGxvYWRzXC8yMDIxXC8wOVwvMTguLVBpZWxncnp5bWthLUhvbm9yb3d5Y2gtRGF3Y293LUtyd2ktV3J6ZXNpZW4tMjAyMS01LmpwZyIsInNsaWRlc2hvdyI6ImM5MGI4NDkifQ%3D%3D\">\n\t\t\t\t\t<div class=\"e-gallery-image elementor-gallery-item__image\" data-thumbnail=\"https:\/\/www.lichen.pl\/wp-content\/uploads\/2021\/09\/18.-Pielgrzymka-Honorowych-Dawcow-Krwi-Wrzesien-2021-5-300x200.jpg\" data-width=\"300\" data-height=\"200\" aria-label=\"\" role=\"img\" ><\/div>\n\t\t\t\t\t\t\t\t\t\t\t<div class=\"elementor-gallery-item__overlay\"><\/div>\n\t\t\t\t\t\t\t\t\t\t\t\t\t\t<\/a>\n\t\t\t\t\t\t\t<a class=\"e-gallery-item elementor-gallery-item elementor-animated-content\" href=\"https:\/\/www.lichen.pl\/wp-content\/uploads\/2021\/09\/18.-Pielgrzymka-Honorowych-Dawcow-Krwi-Wrzesien-2021-7.jpg\" data-elementor-open-lightbox=\"yes\" data-elementor-lightbox-slideshow=\"c90b849\" data-elementor-lightbox-title=\"18. Pielgrzymka Honorowych Dawc\u00f3w Krwi, Wrzesie\u0144 2021 7\" data-e-action-hash=\"#elementor-action%3Aaction%3Dlightbox%26settings%3DeyJpZCI6MzA1MzQsInVybCI6Imh0dHBzOlwvXC93d3cubGljaGVuLnBsXC93cC1jb250ZW50XC91cGxvYWRzXC8yMDIxXC8wOVwvMTguLVBpZWxncnp5bWthLUhvbm9yb3d5Y2gtRGF3Y293LUtyd2ktV3J6ZXNpZW4tMjAyMS03LmpwZyIsInNsaWRlc2hvdyI6ImM5MGI4NDkifQ%3D%3D\">\n\t\t\t\t\t<div class=\"e-gallery-image elementor-gallery-item__image\" data-thumbnail=\"https:\/\/www.lichen.pl\/wp-content\/uploads\/2021\/09\/18.-Pielgrzymka-Honorowych-Dawcow-Krwi-Wrzesien-2021-7-300x200.jpg\" data-width=\"300\" data-height=\"200\" aria-label=\"\" role=\"img\" ><\/div>\n\t\t\t\t\t\t\t\t\t\t\t<div class=\"elementor-gallery-item__overlay\"><\/div>\n\t\t\t\t\t\t\t\t\t\t\t\t\t\t<\/a>\n\t\t\t\t\t\t\t<a class=\"e-gallery-item elementor-gallery-item elementor-animated-content\" href=\"https:\/\/www.lichen.pl\/wp-content\/uploads\/2021\/09\/18.-Pielgrzymka-Honorowych-Dawcow-Krwi-Wrzesien-2021-8.jpg\" data-elementor-open-lightbox=\"yes\" data-elementor-lightbox-slideshow=\"c90b849\" data-elementor-lightbox-title=\"18. Pielgrzymka Honorowych Dawc\u00f3w Krwi, Wrzesie\u0144 2021 8\" data-e-action-hash=\"#elementor-action%3Aaction%3Dlightbox%26settings%3DeyJpZCI6MzA1MzksInVybCI6Imh0dHBzOlwvXC93d3cubGljaGVuLnBsXC93cC1jb250ZW50XC91cGxvYWRzXC8yMDIxXC8wOVwvMTguLVBpZWxncnp5bWthLUhvbm9yb3d5Y2gtRGF3Y293LUtyd2ktV3J6ZXNpZW4tMjAyMS04LmpwZyIsInNsaWRlc2hvdyI6ImM5MGI4NDkifQ%3D%3D\">\n\t\t\t\t\t<div class=\"e-gallery-image elementor-gallery-item__image\" data-thumbnail=\"https:\/\/www.lichen.pl\/wp-content\/uploads\/2021\/09\/18.-Pielgrzymka-Honorowych-Dawcow-Krwi-Wrzesien-2021-8-200x300.jpg\" data-width=\"200\" data-height=\"300\" aria-label=\"\" role=\"img\" ><\/div>\n\t\t\t\t\t\t\t\t\t\t\t<div class=\"elementor-gallery-item__overlay\"><\/div>\n\t\t\t\t\t\t\t\t\t\t\t\t\t\t<\/a>\n\t\t\t\t\t\t\t<a class=\"e-gallery-item elementor-gallery-item elementor-animated-content\" href=\"https:\/\/www.lichen.pl\/wp-content\/uploads\/2021\/09\/18.-Pielgrzymka-Honorowych-Dawcow-Krwi-Wrzesien-2021-9.jpg\" data-elementor-open-lightbox=\"yes\" data-elementor-lightbox-slideshow=\"c90b849\" data-elementor-lightbox-title=\"18. Pielgrzymka Honorowych Dawc\u00f3w Krwi, Wrzesie\u0144 2021 9\" data-e-action-hash=\"#elementor-action%3Aaction%3Dlightbox%26settings%3DeyJpZCI6MzA1NDQsInVybCI6Imh0dHBzOlwvXC93d3cubGljaGVuLnBsXC93cC1jb250ZW50XC91cGxvYWRzXC8yMDIxXC8wOVwvMTguLVBpZWxncnp5bWthLUhvbm9yb3d5Y2gtRGF3Y293LUtyd2ktV3J6ZXNpZW4tMjAyMS05LmpwZyIsInNsaWRlc2hvdyI6ImM5MGI4NDkifQ%3D%3D\">\n\t\t\t\t\t<div class=\"e-gallery-image elementor-gallery-item__image\" data-thumbnail=\"https:\/\/www.lichen.pl\/wp-content\/uploads\/2021\/09\/18.-Pielgrzymka-Honorowych-Dawcow-Krwi-Wrzesien-2021-9-200x300.jpg\" data-width=\"200\" data-height=\"300\" aria-label=\"\" role=\"img\" ><\/div>\n\t\t\t\t\t\t\t\t\t\t\t<div class=\"elementor-gallery-item__overlay\"><\/div>\n\t\t\t\t\t\t\t\t\t\t\t\t\t\t<\/a>\n\t\t\t\t\t\t\t<a class=\"e-gallery-item elementor-gallery-item elementor-animated-content\" href=\"https:\/\/www.lichen.pl\/wp-content\/uploads\/2021\/09\/18.-Pielgrzymka-Honorowych-Dawcow-Krwi-Wrzesien-2021-11.jpg\" data-elementor-open-lightbox=\"yes\" data-elementor-lightbox-slideshow=\"c90b849\" data-elementor-lightbox-title=\"18. Pielgrzymka Honorowych Dawc\u00f3w Krwi, Wrzesie\u0144 2021 11\" data-e-action-hash=\"#elementor-action%3Aaction%3Dlightbox%26settings%3DeyJpZCI6MzA1NTQsInVybCI6Imh0dHBzOlwvXC93d3cubGljaGVuLnBsXC93cC1jb250ZW50XC91cGxvYWRzXC8yMDIxXC8wOVwvMTguLVBpZWxncnp5bWthLUhvbm9yb3d5Y2gtRGF3Y293LUtyd2ktV3J6ZXNpZW4tMjAyMS0xMS5qcGciLCJzbGlkZXNob3ciOiJjOTBiODQ5In0%3D\">\n\t\t\t\t\t<div class=\"e-gallery-image elementor-gallery-item__image\" data-thumbnail=\"https:\/\/www.lichen.pl\/wp-content\/uploads\/2021\/09\/18.-Pielgrzymka-Honorowych-Dawcow-Krwi-Wrzesien-2021-11-300x200.jpg\" data-width=\"300\" data-height=\"200\" aria-label=\"\" role=\"img\" ><\/div>\n\t\t\t\t\t\t\t\t\t\t\t<div class=\"elementor-gallery-item__overlay\"><\/div>\n\t\t\t\t\t\t\t\t\t\t\t\t\t\t<\/a>\n\t\t\t\t\t\t\t<a class=\"e-gallery-item elementor-gallery-item elementor-animated-content\" href=\"https:\/\/www.lichen.pl\/wp-content\/uploads\/2021\/09\/18.-Pielgrzymka-Honorowych-Dawcow-Krwi-Wrzesien-2021-12.jpg\" data-elementor-open-lightbox=\"yes\" data-elementor-lightbox-slideshow=\"c90b849\" data-elementor-lightbox-title=\"18. Pielgrzymka Honorowych Dawc\u00f3w Krwi, Wrzesie\u0144 2021 12\" data-e-action-hash=\"#elementor-action%3Aaction%3Dlightbox%26settings%3DeyJpZCI6MzA1NTksInVybCI6Imh0dHBzOlwvXC93d3cubGljaGVuLnBsXC93cC1jb250ZW50XC91cGxvYWRzXC8yMDIxXC8wOVwvMTguLVBpZWxncnp5bWthLUhvbm9yb3d5Y2gtRGF3Y293LUtyd2ktV3J6ZXNpZW4tMjAyMS0xMi5qcGciLCJzbGlkZXNob3ciOiJjOTBiODQ5In0%3D\">\n\t\t\t\t\t<div class=\"e-gallery-image elementor-gallery-item__image\" data-thumbnail=\"https:\/\/www.lichen.pl\/wp-content\/uploads\/2021\/09\/18.-Pielgrzymka-Honorowych-Dawcow-Krwi-Wrzesien-2021-12-300x200.jpg\" data-width=\"300\" data-height=\"200\" aria-label=\"\" role=\"img\" ><\/div>\n\t\t\t\t\t\t\t\t\t\t\t<div class=\"elementor-gallery-item__overlay\"><\/div>\n\t\t\t\t\t\t\t\t\t\t\t\t\t\t<\/a>\n\t\t\t\t\t\t\t<a class=\"e-gallery-item elementor-gallery-item elementor-animated-content\" href=\"https:\/\/www.lichen.pl\/wp-content\/uploads\/2021\/09\/18.-Pielgrzymka-Honorowych-Dawcow-Krwi-Wrzesien-2021-16.jpg\" data-elementor-open-lightbox=\"yes\" data-elementor-lightbox-slideshow=\"c90b849\" data-elementor-lightbox-title=\"18. Pielgrzymka Honorowych Dawc\u00f3w Krwi, Wrzesie\u0144 2021 16\" data-e-action-hash=\"#elementor-action%3Aaction%3Dlightbox%26settings%3DeyJpZCI6MzA1NzksInVybCI6Imh0dHBzOlwvXC93d3cubGljaGVuLnBsXC93cC1jb250ZW50XC91cGxvYWRzXC8yMDIxXC8wOVwvMTguLVBpZWxncnp5bWthLUhvbm9yb3d5Y2gtRGF3Y293LUtyd2ktV3J6ZXNpZW4tMjAyMS0xNi5qcGciLCJzbGlkZXNob3ciOiJjOTBiODQ5In0%3D\">\n\t\t\t\t\t<div class=\"e-gallery-image elementor-gallery-item__image\" data-thumbnail=\"https:\/\/www.lichen.pl\/wp-content\/uploads\/2021\/09\/18.-Pielgrzymka-Honorowych-Dawcow-Krwi-Wrzesien-2021-16-200x300.jpg\" data-width=\"200\" data-height=\"300\" aria-label=\"\" role=\"img\" ><\/div>\n\t\t\t\t\t\t\t\t\t\t\t<div class=\"elementor-gallery-item__overlay\"><\/div>\n\t\t\t\t\t\t\t\t\t\t\t\t\t\t<\/a>\n\t\t\t\t\t\t\t<a class=\"e-gallery-item elementor-gallery-item elementor-animated-content\" href=\"https:\/\/www.lichen.pl\/wp-content\/uploads\/2021\/09\/18.-Pielgrzymka-Honorowych-Dawcow-Krwi-Wrzesien-2021-10.jpg\" data-elementor-open-lightbox=\"yes\" data-elementor-lightbox-slideshow=\"c90b849\" data-elementor-lightbox-title=\"18. Pielgrzymka Honorowych Dawc\u00f3w Krwi, Wrzesie\u0144 2021 10\" data-e-action-hash=\"#elementor-action%3Aaction%3Dlightbox%26settings%3DeyJpZCI6MzA1NDksInVybCI6Imh0dHBzOlwvXC93d3cubGljaGVuLnBsXC93cC1jb250ZW50XC91cGxvYWRzXC8yMDIxXC8wOVwvMTguLVBpZWxncnp5bWthLUhvbm9yb3d5Y2gtRGF3Y293LUtyd2ktV3J6ZXNpZW4tMjAyMS0xMC5qcGciLCJzbGlkZXNob3ciOiJjOTBiODQ5In0%3D\">\n\t\t\t\t\t<div class=\"e-gallery-image elementor-gallery-item__image\" data-thumbnail=\"https:\/\/www.lichen.pl\/wp-content\/uploads\/2021\/09\/18.-Pielgrzymka-Honorowych-Dawcow-Krwi-Wrzesien-2021-10-300x200.jpg\" data-width=\"300\" data-height=\"200\" aria-label=\"\" role=\"img\" ><\/div>\n\t\t\t\t\t\t\t\t\t\t\t<div class=\"elementor-gallery-item__overlay\"><\/div>\n\t\t\t\t\t\t\t\t\t\t\t\t\t\t<\/a>\n\t\t\t\t\t<\/div>\n\t\t\t\t\t<\/div>\n\t\t\t\t<\/div>\n\t\t\t\t\t<\/div>\n\t\t<\/div>\n\t\t\t\t\t<\/div>\n\t\t<\/section>\n\t\t\t\t<section class=\"elementor-section elementor-top-section elementor-element elementor-element-e509a01 elementor-section-boxed elementor-section-height-default elementor-section-height-default\" data-id=\"e509a01\" data-element_type=\"section\" data-e-type=\"section\">\n\t\t\t\t\t\t<div class=\"elementor-container elementor-column-gap-default\">\n\t\t\t\t\t<div class=\"elementor-column elementor-col-100 elementor-top-column elementor-element elementor-element-5011668\" data-id=\"5011668\" data-element_type=\"column\" data-e-type=\"column\">\n\t\t\t<div class=\"elementor-widget-wrap elementor-element-populated\">\n\t\t\t\t\t\t<div class=\"elementor-element elementor-element-4e1eaff elementor-widget-divider--view-line elementor-widget elementor-widget-divider\" data-id=\"4e1eaff\" data-element_type=\"widget\" data-e-type=\"widget\" data-widget_type=\"divider.default\">\n\t\t\t\t<div class=\"elementor-widget-container\">\n\t\t\t\t\t\t\t<div class=\"elementor-divider\">\n\t\t\t<span class=\"elementor-divider-separator\">\n\t\t\t\t\t\t<\/span>\n\t\t<\/div>\n\t\t\t\t\t\t<\/div>\n\t\t\t\t<\/div>\n\t\t\t\t\t<\/div>\n\t\t<\/div>\n\t\t\t\t\t<\/div>\n\t\t<\/section>\n\t\t\t\t<\/div>","protected":false},"excerpt":{"rendered":"<p>Uczestnik\u00f3w tegorocznej pielgrzymki powita\u0142 ks. Adam Stankiewicz MIC, wicekustosz liche\u0144skiego sanktuarium, dzi\u0119kuj\u0105c za ich \u015bwiadectwo. Liturgii o godzinie 12.00 przewodniczy\u0142 kapelan HDK, ks. kanonik Miros\u0142aw Frankowski, proboszcz parafii \u015bw. Barbary w Turku. Chrze\u015bcijanin jako cz\u0142owiek rozs\u0105dny i uczciwy ma obowi\u0105zek stara\u0107 si\u0119 zar\u00f3wno w stosunku do siebie jak i do innych o rzeczywiste zmniejszenie cierpienia [&hellip;]<\/p>\n","protected":false},"author":2,"featured_media":30732,"comment_status":"open","ping_status":"open","sticky":false,"template":"","format":"standard","meta":{"footnotes":""},"categories":[1],"tags":[],"class_list":["post-30728","post","type-post","status-publish","format-standard","has-post-thumbnail","hentry","category-aktualnosci","wpbf-post"],"yoast_head":"<!-- This site is optimized with the Yoast SEO plugin v27.4 - https:\/\/yoast.com\/product\/yoast-seo-wordpress\/ -->\n<title>18.Og\u00f3lnopolska Pielgrzymka Honorowych Dawc\u00f3w Krwi - SANKTUARIUM W LICHENIU<\/title>\n<meta name=\"robots\" content=\"index, follow, max-snippet:-1, max-image-preview:large, max-video-preview:-1\" \/>\n<link rel=\"canonical\" href=\"https:\/\/www.lichen.pl\/fr\/18-ogolnopolska-pielgrzymka-honorowych-dawcow-krwi\/\" \/>\n<meta property=\"og:locale\" content=\"fr_FR\" \/>\n<meta property=\"og:type\" content=\"article\" \/>\n<meta property=\"og:title\" content=\"18.Og\u00f3lnopolska Pielgrzymka Honorowych Dawc\u00f3w Krwi - SANKTUARIUM W LICHENIU\" \/>\n<meta property=\"og:description\" content=\"Uczestnik\u00f3w tegorocznej pielgrzymki powita\u0142 ks. Adam Stankiewicz MIC, wicekustosz liche\u0144skiego sanktuarium, dzi\u0119kuj\u0105c za ich \u015bwiadectwo. Liturgii o godzinie 12.00 przewodniczy\u0142 kapelan HDK, ks. kanonik Miros\u0142aw Frankowski, proboszcz parafii \u015bw. Barbary w Turku. Chrze\u015bcijanin jako cz\u0142owiek rozs\u0105dny i uczciwy ma obowi\u0105zek stara\u0107 si\u0119 zar\u00f3wno w stosunku do siebie jak i do innych o rzeczywiste zmniejszenie cierpienia [&hellip;]\" \/>\n<meta property=\"og:url\" content=\"https:\/\/www.lichen.pl\/fr\/18-ogolnopolska-pielgrzymka-honorowych-dawcow-krwi\/\" \/>\n<meta property=\"og:site_name\" content=\"SANKTUARIUM W LICHENIU\" \/>\n<meta property=\"article:published_time\" content=\"2021-09-11T14:30:58+00:00\" \/>\n<meta property=\"article:modified_time\" content=\"2021-09-16T12:04:09+00:00\" \/>\n<meta property=\"og:image\" content=\"https:\/\/www.lichen.pl\/wp-content\/uploads\/2021\/09\/18.-Pielgrzymka-Honorowych-Dawcow-Krwi-Wrzesien-2021-KADR.jpg\" \/>\n\t<meta property=\"og:image:width\" content=\"891\" \/>\n\t<meta property=\"og:image:height\" content=\"538\" \/>\n\t<meta property=\"og:image:type\" content=\"image\/jpeg\" \/>\n<meta name=\"author\" content=\"Arkadiusz Gorgolewski\" \/>\n<meta name=\"twitter:card\" content=\"summary_large_image\" \/>\n<meta name=\"twitter:label1\" content=\"\u00c9crit par\" \/>\n\t<meta name=\"twitter:data1\" content=\"Arkadiusz Gorgolewski\" \/>\n\t<meta name=\"twitter:label2\" content=\"Dur\u00e9e de lecture estim\u00e9e\" \/>\n\t<meta name=\"twitter:data2\" content=\"3 minutes\" \/>\n<script type=\"application\/ld+json\" class=\"yoast-schema-graph\">{\"@context\":\"https:\\\/\\\/schema.org\",\"@graph\":[{\"@type\":\"Article\",\"@id\":\"https:\\\/\\\/www.lichen.pl\\\/de\\\/18-ogolnopolska-pielgrzymka-honorowych-dawcow-krwi\\\/#article\",\"isPartOf\":{\"@id\":\"https:\\\/\\\/www.lichen.pl\\\/de\\\/18-ogolnopolska-pielgrzymka-honorowych-dawcow-krwi\\\/\"},\"author\":{\"name\":\"Arkadiusz Gorgolewski\",\"@id\":\"https:\\\/\\\/www.lichen.pl\\\/fr\\\/#\\\/schema\\\/person\\\/56fc5b38d70a2b34983408f9a457fd9d\"},\"headline\":\"18.Og\u00f3lnopolska Pielgrzymka Honorowych Dawc\u00f3w Krwi\",\"datePublished\":\"2021-09-11T14:30:58+00:00\",\"dateModified\":\"2021-09-16T12:04:09+00:00\",\"mainEntityOfPage\":{\"@id\":\"https:\\\/\\\/www.lichen.pl\\\/de\\\/18-ogolnopolska-pielgrzymka-honorowych-dawcow-krwi\\\/\"},\"wordCount\":654,\"commentCount\":0,\"image\":{\"@id\":\"https:\\\/\\\/www.lichen.pl\\\/de\\\/18-ogolnopolska-pielgrzymka-honorowych-dawcow-krwi\\\/#primaryimage\"},\"thumbnailUrl\":\"https:\\\/\\\/www.lichen.pl\\\/wp-content\\\/uploads\\\/2021\\\/09\\\/18.-Pielgrzymka-Honorowych-Dawcow-Krwi-Wrzesien-2021-KADR.jpg\",\"articleSection\":[\"Aktualno\u015bci\"],\"inLanguage\":\"fr-FR\",\"potentialAction\":[{\"@type\":\"CommentAction\",\"name\":\"Comment\",\"target\":[\"https:\\\/\\\/www.lichen.pl\\\/de\\\/18-ogolnopolska-pielgrzymka-honorowych-dawcow-krwi\\\/#respond\"]}]},{\"@type\":\"WebPage\",\"@id\":\"https:\\\/\\\/www.lichen.pl\\\/de\\\/18-ogolnopolska-pielgrzymka-honorowych-dawcow-krwi\\\/\",\"url\":\"https:\\\/\\\/www.lichen.pl\\\/de\\\/18-ogolnopolska-pielgrzymka-honorowych-dawcow-krwi\\\/\",\"name\":\"18.Og\u00f3lnopolska Pielgrzymka Honorowych Dawc\u00f3w Krwi - SANKTUARIUM W LICHENIU\",\"isPartOf\":{\"@id\":\"https:\\\/\\\/www.lichen.pl\\\/fr\\\/#website\"},\"primaryImageOfPage\":{\"@id\":\"https:\\\/\\\/www.lichen.pl\\\/de\\\/18-ogolnopolska-pielgrzymka-honorowych-dawcow-krwi\\\/#primaryimage\"},\"image\":{\"@id\":\"https:\\\/\\\/www.lichen.pl\\\/de\\\/18-ogolnopolska-pielgrzymka-honorowych-dawcow-krwi\\\/#primaryimage\"},\"thumbnailUrl\":\"https:\\\/\\\/www.lichen.pl\\\/wp-content\\\/uploads\\\/2021\\\/09\\\/18.-Pielgrzymka-Honorowych-Dawcow-Krwi-Wrzesien-2021-KADR.jpg\",\"datePublished\":\"2021-09-11T14:30:58+00:00\",\"dateModified\":\"2021-09-16T12:04:09+00:00\",\"author\":{\"@id\":\"https:\\\/\\\/www.lichen.pl\\\/fr\\\/#\\\/schema\\\/person\\\/56fc5b38d70a2b34983408f9a457fd9d\"},\"breadcrumb\":{\"@id\":\"https:\\\/\\\/www.lichen.pl\\\/de\\\/18-ogolnopolska-pielgrzymka-honorowych-dawcow-krwi\\\/#breadcrumb\"},\"inLanguage\":\"fr-FR\",\"potentialAction\":[{\"@type\":\"ReadAction\",\"target\":[\"https:\\\/\\\/www.lichen.pl\\\/de\\\/18-ogolnopolska-pielgrzymka-honorowych-dawcow-krwi\\\/\"]}]},{\"@type\":\"ImageObject\",\"inLanguage\":\"fr-FR\",\"@id\":\"https:\\\/\\\/www.lichen.pl\\\/de\\\/18-ogolnopolska-pielgrzymka-honorowych-dawcow-krwi\\\/#primaryimage\",\"url\":\"https:\\\/\\\/www.lichen.pl\\\/wp-content\\\/uploads\\\/2021\\\/09\\\/18.-Pielgrzymka-Honorowych-Dawcow-Krwi-Wrzesien-2021-KADR.jpg\",\"contentUrl\":\"https:\\\/\\\/www.lichen.pl\\\/wp-content\\\/uploads\\\/2021\\\/09\\\/18.-Pielgrzymka-Honorowych-Dawcow-Krwi-Wrzesien-2021-KADR.jpg\",\"width\":891,\"height\":538},{\"@type\":\"BreadcrumbList\",\"@id\":\"https:\\\/\\\/www.lichen.pl\\\/de\\\/18-ogolnopolska-pielgrzymka-honorowych-dawcow-krwi\\\/#breadcrumb\",\"itemListElement\":[{\"@type\":\"ListItem\",\"position\":1,\"name\":\"Strona g\u0142\u00f3wna\",\"item\":\"https:\\\/\\\/www.lichen.pl\\\/\"},{\"@type\":\"ListItem\",\"position\":2,\"name\":\"18.Og\u00f3lnopolska Pielgrzymka Honorowych Dawc\u00f3w Krwi\"}]},{\"@type\":\"WebSite\",\"@id\":\"https:\\\/\\\/www.lichen.pl\\\/fr\\\/#website\",\"url\":\"https:\\\/\\\/www.lichen.pl\\\/fr\\\/\",\"name\":\"SANKTUARIUM W LICHENIU\",\"description\":\"MATKI BO\u017bEJ LICHE\u0143SKIEJ BOLESNEJ KR\u00d3LOWEJ POLSKI\",\"potentialAction\":[{\"@type\":\"SearchAction\",\"target\":{\"@type\":\"EntryPoint\",\"urlTemplate\":\"https:\\\/\\\/www.lichen.pl\\\/fr\\\/?s={search_term_string}\"},\"query-input\":{\"@type\":\"PropertyValueSpecification\",\"valueRequired\":true,\"valueName\":\"search_term_string\"}}],\"inLanguage\":\"fr-FR\"},{\"@type\":\"Person\",\"@id\":\"https:\\\/\\\/www.lichen.pl\\\/fr\\\/#\\\/schema\\\/person\\\/56fc5b38d70a2b34983408f9a457fd9d\",\"name\":\"Arkadiusz Gorgolewski\",\"image\":{\"@type\":\"ImageObject\",\"inLanguage\":\"fr-FR\",\"@id\":\"https:\\\/\\\/secure.gravatar.com\\\/avatar\\\/0f571b370f5aa245b1fd3b9c945511b004fe17579bdefd5054d99f0ba315149c?s=96&d=retro&r=g\",\"url\":\"https:\\\/\\\/secure.gravatar.com\\\/avatar\\\/0f571b370f5aa245b1fd3b9c945511b004fe17579bdefd5054d99f0ba315149c?s=96&d=retro&r=g\",\"contentUrl\":\"https:\\\/\\\/secure.gravatar.com\\\/avatar\\\/0f571b370f5aa245b1fd3b9c945511b004fe17579bdefd5054d99f0ba315149c?s=96&d=retro&r=g\",\"caption\":\"Arkadiusz Gorgolewski\"},\"url\":\"https:\\\/\\\/www.lichen.pl\\\/fr\\\/author\\\/sanadmin\\\/\"}]}<\/script>\n<!-- \/ Yoast SEO plugin. -->","yoast_head_json":{"title":"18.Og\u00f3lnopolska Pielgrzymka Honorowych Dawc\u00f3w Krwi - SANKTUARIUM W LICHENIU","robots":{"index":"index","follow":"follow","max-snippet":"max-snippet:-1","max-image-preview":"max-image-preview:large","max-video-preview":"max-video-preview:-1"},"canonical":"https:\/\/www.lichen.pl\/fr\/18-ogolnopolska-pielgrzymka-honorowych-dawcow-krwi\/","og_locale":"fr_FR","og_type":"article","og_title":"18.Og\u00f3lnopolska Pielgrzymka Honorowych Dawc\u00f3w Krwi - SANKTUARIUM W LICHENIU","og_description":"Uczestnik\u00f3w tegorocznej pielgrzymki powita\u0142 ks. Adam Stankiewicz MIC, wicekustosz liche\u0144skiego sanktuarium, dzi\u0119kuj\u0105c za ich \u015bwiadectwo. Liturgii o godzinie 12.00 przewodniczy\u0142 kapelan HDK, ks. kanonik Miros\u0142aw Frankowski, proboszcz parafii \u015bw. Barbary w Turku. Chrze\u015bcijanin jako cz\u0142owiek rozs\u0105dny i uczciwy ma obowi\u0105zek stara\u0107 si\u0119 zar\u00f3wno w stosunku do siebie jak i do innych o rzeczywiste zmniejszenie cierpienia [&hellip;]","og_url":"https:\/\/www.lichen.pl\/fr\/18-ogolnopolska-pielgrzymka-honorowych-dawcow-krwi\/","og_site_name":"SANKTUARIUM W LICHENIU","article_published_time":"2021-09-11T14:30:58+00:00","article_modified_time":"2021-09-16T12:04:09+00:00","og_image":[{"width":891,"height":538,"url":"https:\/\/www.lichen.pl\/wp-content\/uploads\/2021\/09\/18.-Pielgrzymka-Honorowych-Dawcow-Krwi-Wrzesien-2021-KADR.jpg","type":"image\/jpeg"}],"author":"Arkadiusz Gorgolewski","twitter_card":"summary_large_image","twitter_misc":{"\u00c9crit par":"Arkadiusz Gorgolewski","Dur\u00e9e de lecture estim\u00e9e":"3 minutes"},"schema":{"@context":"https:\/\/schema.org","@graph":[{"@type":"Article","@id":"https:\/\/www.lichen.pl\/de\/18-ogolnopolska-pielgrzymka-honorowych-dawcow-krwi\/#article","isPartOf":{"@id":"https:\/\/www.lichen.pl\/de\/18-ogolnopolska-pielgrzymka-honorowych-dawcow-krwi\/"},"author":{"name":"Arkadiusz Gorgolewski","@id":"https:\/\/www.lichen.pl\/fr\/#\/schema\/person\/56fc5b38d70a2b34983408f9a457fd9d"},"headline":"18.Og\u00f3lnopolska Pielgrzymka Honorowych Dawc\u00f3w Krwi","datePublished":"2021-09-11T14:30:58+00:00","dateModified":"2021-09-16T12:04:09+00:00","mainEntityOfPage":{"@id":"https:\/\/www.lichen.pl\/de\/18-ogolnopolska-pielgrzymka-honorowych-dawcow-krwi\/"},"wordCount":654,"commentCount":0,"image":{"@id":"https:\/\/www.lichen.pl\/de\/18-ogolnopolska-pielgrzymka-honorowych-dawcow-krwi\/#primaryimage"},"thumbnailUrl":"https:\/\/www.lichen.pl\/wp-content\/uploads\/2021\/09\/18.-Pielgrzymka-Honorowych-Dawcow-Krwi-Wrzesien-2021-KADR.jpg","articleSection":["Aktualno\u015bci"],"inLanguage":"fr-FR","potentialAction":[{"@type":"CommentAction","name":"Comment","target":["https:\/\/www.lichen.pl\/de\/18-ogolnopolska-pielgrzymka-honorowych-dawcow-krwi\/#respond"]}]},{"@type":"WebPage","@id":"https:\/\/www.lichen.pl\/de\/18-ogolnopolska-pielgrzymka-honorowych-dawcow-krwi\/","url":"https:\/\/www.lichen.pl\/de\/18-ogolnopolska-pielgrzymka-honorowych-dawcow-krwi\/","name":"18.Og\u00f3lnopolska Pielgrzymka Honorowych Dawc\u00f3w Krwi - SANKTUARIUM W LICHENIU","isPartOf":{"@id":"https:\/\/www.lichen.pl\/fr\/#website"},"primaryImageOfPage":{"@id":"https:\/\/www.lichen.pl\/de\/18-ogolnopolska-pielgrzymka-honorowych-dawcow-krwi\/#primaryimage"},"image":{"@id":"https:\/\/www.lichen.pl\/de\/18-ogolnopolska-pielgrzymka-honorowych-dawcow-krwi\/#primaryimage"},"thumbnailUrl":"https:\/\/www.lichen.pl\/wp-content\/uploads\/2021\/09\/18.-Pielgrzymka-Honorowych-Dawcow-Krwi-Wrzesien-2021-KADR.jpg","datePublished":"2021-09-11T14:30:58+00:00","dateModified":"2021-09-16T12:04:09+00:00","author":{"@id":"https:\/\/www.lichen.pl\/fr\/#\/schema\/person\/56fc5b38d70a2b34983408f9a457fd9d"},"breadcrumb":{"@id":"https:\/\/www.lichen.pl\/de\/18-ogolnopolska-pielgrzymka-honorowych-dawcow-krwi\/#breadcrumb"},"inLanguage":"fr-FR","potentialAction":[{"@type":"ReadAction","target":["https:\/\/www.lichen.pl\/de\/18-ogolnopolska-pielgrzymka-honorowych-dawcow-krwi\/"]}]},{"@type":"ImageObject","inLanguage":"fr-FR","@id":"https:\/\/www.lichen.pl\/de\/18-ogolnopolska-pielgrzymka-honorowych-dawcow-krwi\/#primaryimage","url":"https:\/\/www.lichen.pl\/wp-content\/uploads\/2021\/09\/18.-Pielgrzymka-Honorowych-Dawcow-Krwi-Wrzesien-2021-KADR.jpg","contentUrl":"https:\/\/www.lichen.pl\/wp-content\/uploads\/2021\/09\/18.-Pielgrzymka-Honorowych-Dawcow-Krwi-Wrzesien-2021-KADR.jpg","width":891,"height":538},{"@type":"BreadcrumbList","@id":"https:\/\/www.lichen.pl\/de\/18-ogolnopolska-pielgrzymka-honorowych-dawcow-krwi\/#breadcrumb","itemListElement":[{"@type":"ListItem","position":1,"name":"Strona g\u0142\u00f3wna","item":"https:\/\/www.lichen.pl\/"},{"@type":"ListItem","position":2,"name":"18.Og\u00f3lnopolska Pielgrzymka Honorowych Dawc\u00f3w Krwi"}]},{"@type":"WebSite","@id":"https:\/\/www.lichen.pl\/fr\/#website","url":"https:\/\/www.lichen.pl\/fr\/","name":"SANCTUAIRE EN LICHENIE","description":"LA MAUVAISE REINE DE POLOGNE DE NOTRE LICHEN","potentialAction":[{"@type":"SearchAction","target":{"@type":"EntryPoint","urlTemplate":"https:\/\/www.lichen.pl\/fr\/?s={search_term_string}"},"query-input":{"@type":"PropertyValueSpecification","valueRequired":true,"valueName":"search_term_string"}}],"inLanguage":"fr-FR"},{"@type":"Person","@id":"https:\/\/www.lichen.pl\/fr\/#\/schema\/person\/56fc5b38d70a2b34983408f9a457fd9d","name":"Arkadiusz Gorgolewski","image":{"@type":"ImageObject","inLanguage":"fr-FR","@id":"https:\/\/secure.gravatar.com\/avatar\/0f571b370f5aa245b1fd3b9c945511b004fe17579bdefd5054d99f0ba315149c?s=96&d=retro&r=g","url":"https:\/\/secure.gravatar.com\/avatar\/0f571b370f5aa245b1fd3b9c945511b004fe17579bdefd5054d99f0ba315149c?s=96&d=retro&r=g","contentUrl":"https:\/\/secure.gravatar.com\/avatar\/0f571b370f5aa245b1fd3b9c945511b004fe17579bdefd5054d99f0ba315149c?s=96&d=retro&r=g","caption":"Arkadiusz Gorgolewski"},"url":"https:\/\/www.lichen.pl\/fr\/author\/sanadmin\/"}]}},"_links":{"self":[{"href":"https:\/\/www.lichen.pl\/fr\/wp-json\/wp\/v2\/posts\/30728","targetHints":{"allow":["GET"]}}],"collection":[{"href":"https:\/\/www.lichen.pl\/fr\/wp-json\/wp\/v2\/posts"}],"about":[{"href":"https:\/\/www.lichen.pl\/fr\/wp-json\/wp\/v2\/types\/post"}],"author":[{"embeddable":true,"href":"https:\/\/www.lichen.pl\/fr\/wp-json\/wp\/v2\/users\/2"}],"replies":[{"embeddable":true,"href":"https:\/\/www.lichen.pl\/fr\/wp-json\/wp\/v2\/comments?post=30728"}],"version-history":[{"count":7,"href":"https:\/\/www.lichen.pl\/fr\/wp-json\/wp\/v2\/posts\/30728\/revisions"}],"predecessor-version":[{"id":30747,"href":"https:\/\/www.lichen.pl\/fr\/wp-json\/wp\/v2\/posts\/30728\/revisions\/30747"}],"wp:featuredmedia":[{"embeddable":true,"href":"https:\/\/www.lichen.pl\/fr\/wp-json\/wp\/v2\/media\/30732"}],"wp:attachment":[{"href":"https:\/\/www.lichen.pl\/fr\/wp-json\/wp\/v2\/media?parent=30728"}],"wp:term":[{"taxonomy":"category","embeddable":true,"href":"https:\/\/www.lichen.pl\/fr\/wp-json\/wp\/v2\/categories?post=30728"},{"taxonomy":"post_tag","embeddable":true,"href":"https:\/\/www.lichen.pl\/fr\/wp-json\/wp\/v2\/tags?post=30728"}],"curies":[{"name":"wp","href":"https:\/\/api.w.org\/{rel}","templated":true}]}}