{"id":30749,"date":"2021-09-12T14:00:32","date_gmt":"2021-09-12T14:00:32","guid":{"rendered":"http:\/\/www.lichen.pl\/noc-walki-o-blogoslawienstwo-dla-polski-6-7-sierpnia-2021-r-copy\/"},"modified":"2021-09-16T13:08:37","modified_gmt":"2021-09-16T13:08:37","slug":"beatyfikacja-kard-stefana-wyszynskiego-i-matki-elzbiety-czackiej","status":"publish","type":"post","link":"https:\/\/www.lichen.pl\/fr\/beatyfikacja-kard-stefana-wyszynskiego-i-matki-elzbiety-czackiej\/","title":{"rendered":"B\u00e9atification de carte. Stefan Wyszy\u0144ski et sa m\u00e8re El\u017cbieta Czacka"},"content":{"rendered":"<div data-elementor-type=\"wp-post\" data-elementor-id=\"30749\" class=\"elementor elementor-30749\" data-elementor-post-type=\"post\">\n\t\t\t\t\t\t<section class=\"elementor-section elementor-top-section elementor-element elementor-element-d269677 elementor-section-boxed elementor-section-height-default elementor-section-height-default\" data-id=\"d269677\" data-element_type=\"section\" data-e-type=\"section\">\n\t\t\t\t\t\t<div class=\"elementor-container elementor-column-gap-default\">\n\t\t\t\t\t<div class=\"elementor-column elementor-col-100 elementor-top-column elementor-element elementor-element-56bb580\" data-id=\"56bb580\" data-element_type=\"column\" data-e-type=\"column\">\n\t\t\t<div class=\"elementor-widget-wrap elementor-element-populated\">\n\t\t\t\t\t\t<div class=\"elementor-element elementor-element-218ff14 elementor-widget elementor-widget-heading\" data-id=\"218ff14\" data-element_type=\"widget\" data-e-type=\"widget\" data-widget_type=\"heading.default\">\n\t\t\t\t<div class=\"elementor-widget-container\">\n\t\t\t\t\t<h2 class=\"elementor-heading-title elementor-size-default\">Au sanctuaire de Liche\u0144, nous attendions avec impatience la b\u00e9atification du Cardinal Stefan Wyszynski. Ces derniers jours, nous nous sommes pr\u00e9par\u00e9s \u00e0 cet \u00e9v\u00e9nement en priant dans la neuvaine.<\/h2>\t\t\t\t<\/div>\n\t\t\t\t<\/div>\n\t\t\t\t<div class=\"elementor-element elementor-element-25df724 elementor-widget elementor-widget-spacer\" data-id=\"25df724\" data-element_type=\"widget\" data-e-type=\"widget\" data-widget_type=\"spacer.default\">\n\t\t\t\t<div class=\"elementor-widget-container\">\n\t\t\t\t\t\t\t<div class=\"elementor-spacer\">\n\t\t\t<div class=\"elementor-spacer-inner\"><\/div>\n\t\t<\/div>\n\t\t\t\t\t\t<\/div>\n\t\t\t\t<\/div>\n\t\t\t\t<section class=\"elementor-section elementor-inner-section elementor-element elementor-element-8fd7737 elementor-section-boxed elementor-section-height-default elementor-section-height-default\" data-id=\"8fd7737\" data-element_type=\"section\" data-e-type=\"section\">\n\t\t\t\t\t\t<div class=\"elementor-container elementor-column-gap-default\">\n\t\t\t\t\t<div class=\"elementor-column elementor-col-50 elementor-inner-column elementor-element elementor-element-c51f171\" data-id=\"c51f171\" data-element_type=\"column\" data-e-type=\"column\">\n\t\t\t<div class=\"elementor-widget-wrap elementor-element-populated\">\n\t\t\t\t\t\t<div class=\"elementor-element elementor-element-344f555 elementor-blockquote--skin-clean elementor-blockquote--align-left elementor-widget elementor-widget-blockquote\" data-id=\"344f555\" data-element_type=\"widget\" data-e-type=\"widget\" data-widget_type=\"blockquote.default\">\n\t\t\t\t<div class=\"elementor-widget-container\">\n\t\t\t\t\t\t\t<blockquote class=\"elementor-blockquote\">\n\t\t\t<p class=\"elementor-blockquote__content\">\n\t\t\t\tLe Primat du Mill\u00e9naire \u00e9tait une personne importante dans l&#039;histoire de Lichen. \u00abJe me souviens que lorsque j&#039;\u00e9tais ici il y a des ann\u00e9es, on m&#039;a confi\u00e9 la t\u00e2che d&#039;\u00e9crire les faveurs v\u00e9cues par les adorateurs de Marie de Liche\u0144. Dans le cimeti\u00e8re fun\u00e9raire, pr\u00e8s de la chapelle, il y avait une table, \u00e0 laquelle je me suis assis pendant plusieurs heures, \u00e9crivant dans un livre tout ce que le peuple de Dieu a v\u00e9cu et v\u00e9cu ici. C&#039;\u00e9tait un grand livre \u00bb, se souvient le cardinal Wyszy\u0144ski dans un discours aux jeunes en 1967 \u00e0 Liche\u0144. Malheureusement, les billets mentionn\u00e9s ci-dessus n&#039;ont pas surv\u00e9cu - ils ont \u00e9t\u00e9 d\u00e9truits pendant la Seconde Guerre mondiale. C&#039;est l&#039;une des raisons pour lesquelles l&#039;\u00e9v\u00eaque Antoni Paw\u0142owski, alors qu&#039;il pr\u00e9parait le couronnement de l&#039;ic\u00f4ne du lichen, demanda au primat du mill\u00e9naire d&#039;appuyer sa requ\u00eate aupr\u00e8s du pape. Lors du couronnement, Wyszy\u0144ski a rappel\u00e9 ce fait comme suit: \u00abJ&#039;ai eu l&#039;occasion de rembourser la dette de gratitude pour avoir pass\u00e9 des mois \u00e0 cet autel en tant que jeune ancien \u00e9l\u00e8ve. A cette \u00e9poque, j&#039;enseignais votre cat\u00e9chisme \u00e0 vos petits enfants. Peut-\u00eatre qu&#039;aujourd&#039;hui, ils sont parents avec leurs propres enfants. C&#039;est alors que je suis devenu plus \u00e9troitement associ\u00e9 au sanctuaire de Notre-Dame de Liche\u0144.&quot;\t\t\t<\/p>\n\t\t\t\t\t<\/blockquote>\n\t\t\t\t\t\t<\/div>\n\t\t\t\t<\/div>\n\t\t\t\t\t<\/div>\n\t\t<\/div>\n\t\t\t\t<div class=\"elementor-column elementor-col-50 elementor-inner-column elementor-element elementor-element-0db7802\" data-id=\"0db7802\" data-element_type=\"column\" data-e-type=\"column\">\n\t\t\t<div class=\"elementor-widget-wrap elementor-element-populated\">\n\t\t\t\t\t\t<div class=\"elementor-element elementor-element-9e56fc1 elementor-widget elementor-widget-image\" data-id=\"9e56fc1\" data-element_type=\"widget\" data-e-type=\"widget\" data-widget_type=\"image.default\">\n\t\t\t\t<div class=\"elementor-widget-container\">\n\t\t\t\t\t\t\t\t\t\t\t\t\t\t\t\t<a href=\"http:\/\/www.lichen.pl\/wp-content\/uploads\/2021\/09\/Beatyfikacja-ks.-kard.-Stefana-Wyszynskiego-1.jpg\" data-elementor-open-lightbox=\"yes\" data-elementor-lightbox-title=\"Beatyfikacja ks. kard. Stefana Wyszy\u0144skiego\" data-e-action-hash=\"#elementor-action%3Aaction%3Dlightbox%26settings%3DeyJpZCI6MzA3NTcsInVybCI6Imh0dHBzOlwvXC93d3cubGljaGVuLnBsXC93cC1jb250ZW50XC91cGxvYWRzXC8yMDIxXC8wOVwvQmVhdHlmaWthY2phLWtzLi1rYXJkLi1TdGVmYW5hLVd5c3p5bnNraWVnby0xLmpwZyJ9\">\n\t\t\t\t\t\t\t<img fetchpriority=\"high\" decoding=\"async\" width=\"526\" height=\"790\" src=\"https:\/\/www.lichen.pl\/wp-content\/uploads\/2021\/09\/Beatyfikacja-ks.-kard.-Stefana-Wyszynskiego-1.jpg\" class=\"attachment-medium_large size-medium_large wp-image-30757\" alt=\"\" srcset=\"https:\/\/www.lichen.pl\/wp-content\/uploads\/2021\/09\/Beatyfikacja-ks.-kard.-Stefana-Wyszynskiego-1.jpg 526w, https:\/\/www.lichen.pl\/wp-content\/uploads\/2021\/09\/Beatyfikacja-ks.-kard.-Stefana-Wyszynskiego-1-200x300.jpg 200w\" sizes=\"(max-width: 526px) 100vw, 526px\" \/>\t\t\t\t\t\t\t\t<\/a>\n\t\t\t\t\t\t\t\t\t\t\t\t\t\t\t<\/div>\n\t\t\t\t<\/div>\n\t\t\t\t\t<\/div>\n\t\t<\/div>\n\t\t\t\t\t<\/div>\n\t\t<\/section>\n\t\t\t\t<div class=\"elementor-element elementor-element-f258572 elementor-widget elementor-widget-spacer\" data-id=\"f258572\" data-element_type=\"widget\" data-e-type=\"widget\" data-widget_type=\"spacer.default\">\n\t\t\t\t<div class=\"elementor-widget-container\">\n\t\t\t\t\t\t\t<div class=\"elementor-spacer\">\n\t\t\t<div class=\"elementor-spacer-inner\"><\/div>\n\t\t<\/div>\n\t\t\t\t\t\t<\/div>\n\t\t\t\t<\/div>\n\t\t\t\t<div class=\"elementor-element elementor-element-097ca8a elementor-widget elementor-widget-text-editor\" data-id=\"097ca8a\" data-element_type=\"widget\" data-e-type=\"widget\" data-widget_type=\"text-editor.default\">\n\t\t\t\t<div class=\"elementor-widget-container\">\n\t\t\t\t\t\t\t\t\t<div dir=\"auto\">En tant que clerc, il a \u00e9t\u00e9 envoy\u00e9 \u00e0 Liche\u0144 \u00e0 plusieurs reprises pour am\u00e9liorer sa sant\u00e9. A cette \u00e9poque, le sanctuaire \u00e9tait gard\u00e9 par des pr\u00eatres dioc\u00e9sains (\u00e0 partir de 1949 - Marians), et le cur\u00e9 \u00e9tait le P. Ignacy Rudzi\u0144ski. Wyszy\u0144ski avait des probl\u00e8mes pulmonaires d\u00e8s 1920. Alors qu&#039;en 1924 les pr\u00e9paratifs pour l&#039;ordination battaient leur plein, le diacre Wyszy\u0144ski, souffrant d&#039;une maladie pulmonaire progressive, re\u00e7ut un diagnostic de typhus. Il a \u00e9t\u00e9 emmen\u00e9 \u00e0 l&#039;h\u00f4pital des maladies infectieuses, ce qui a rendu impossible son ordination le 29 juin pour le reste des \u00e9tudiants. On ne savait pas s&#039;il serait ou non ordonn\u00e9 ! Apr\u00e8s une grave maladie, il est renvoy\u00e9 \u00e0 Liche\u0144 pour une convalescence. Comme il l&#039;a lui-m\u00eame soulign\u00e9, la gu\u00e9rison est venue par l&#039;intercession de Notre-Dame. \u00c9lev\u00e9 dans l&#039;esprit de la pi\u00e9t\u00e9 mariale, Stefan n&#039;avait aucun doute sur qui demander l&#039;intercession aupr\u00e8s de Dieu.<\/div><div dir=\"auto\">Il a \u00e9t\u00e9 ordonn\u00e9 le jour de son 23e anniversaire, le 3 ao\u00fbt 1924, dans la chapelle Notre-Dame de la cath\u00e9drale de W\u0142oc\u0142awek par l&#039;\u00e9v\u00eaque Wojciech Owczarek, qui souffrait d&#039;une tuberculose pulmonaire avanc\u00e9e. En 1965, il d\u00e9crivait lui-m\u00eame l&#039;\u00e9tat dans lequel il se trouvait alors : \u00ab Je ne savais pas si je tiendrais debout (...) C&#039;\u00e9tait mon d\u00e9sir de pouvoir c\u00e9l\u00e9brer au moins quelques messes dans ma vie. (...) Pendant longtemps, chaque jour, il m&#039;a sembl\u00e9 que je c\u00e9l\u00e9brais la derni\u00e8re messe. dans ma vie&quot;. Peu de temps apr\u00e8s son ordination, il a particip\u00e9 aux c\u00e9r\u00e9monies de p\u00e8lerinage \u00e0 Liche\u0144, c\u00e9l\u00e9br\u00e9es le 15 ao\u00fbt.<\/div>\t\t\t\t\t\t\t\t<\/div>\n\t\t\t\t<\/div>\n\t\t\t\t<div class=\"elementor-element elementor-element-3facb80 elementor-widget elementor-widget-image\" data-id=\"3facb80\" data-element_type=\"widget\" data-e-type=\"widget\" data-widget_type=\"image.default\">\n\t\t\t\t<div class=\"elementor-widget-container\">\n\t\t\t\t\t\t\t\t\t\t\t\t<figure class=\"wp-caption\">\n\t\t\t\t\t\t\t\t\t\t<img decoding=\"async\" width=\"768\" height=\"1153\" src=\"https:\/\/www.lichen.pl\/wp-content\/uploads\/2021\/07\/1-Koronacja-1967-768x1153.jpg\" class=\"attachment-medium_large size-medium_large wp-image-18290\" alt=\"\" srcset=\"https:\/\/www.lichen.pl\/wp-content\/uploads\/2021\/07\/1-Koronacja-1967-768x1153.jpg 768w, https:\/\/www.lichen.pl\/wp-content\/uploads\/2021\/07\/1-Koronacja-1967-200x300.jpg 200w, https:\/\/www.lichen.pl\/wp-content\/uploads\/2021\/07\/1-Koronacja-1967-682x1024.jpg 682w, https:\/\/www.lichen.pl\/wp-content\/uploads\/2021\/07\/1-Koronacja-1967.jpg 799w\" sizes=\"(max-width: 768px) 100vw, 768px\" \/>\t\t\t\t\t\t\t\t\t\t\t<figcaption class=\"widget-image-caption wp-caption-text\">Pr. Le cardinal Stefan Wyszy\u0144ski lors du couronnement de l&#039;image de Notre-Dame de Lichen, le 15 ao\u00fbt 1967.<\/figcaption>\n\t\t\t\t\t\t\t\t\t\t<\/figure>\n\t\t\t\t\t\t\t\t\t<\/div>\n\t\t\t\t<\/div>\n\t\t\t\t<div class=\"elementor-element elementor-element-3c5a9cd elementor-widget elementor-widget-text-editor\" data-id=\"3c5a9cd\" data-element_type=\"widget\" data-e-type=\"widget\" data-widget_type=\"text-editor.default\">\n\t\t\t\t<div class=\"elementor-widget-container\">\n\t\t\t\t\t\t\t\t\t<div dir=\"auto\"><p>L&#039;\u00e9l\u00e9vation des Serviteurs de Dieu aux autels a \u00e9t\u00e9 pr\u00e9c\u00e9d\u00e9e d&#039;une d\u00e9claration du Cardinal Kazimierz Nycz, une demande au Saint-P\u00e8re d&#039;inclure le primat Wyszy\u0144ski et la m\u00e8re Czacka parmi les bienheureux. Le m\u00e9tropolite de Varsovie a \u00e9galement pr\u00e9sent\u00e9 leurs biographies.<\/p><p>Puis le pr\u00e9fet de la Congr\u00e9gation pour les causes des saints, le card. Marcello Semeraro a prononc\u00e9 la formule de b\u00e9atification en latin.<\/p><p>Sa traduction polonaise a \u00e9t\u00e9 lue aux fid\u00e8les par Mgr Micha\u0142 Janocha :<\/p><p>\u00ab Nous, Pape Fran\u00e7ois, accomplissant les d\u00e9sirs de Notre Fr\u00e8re Kazimierz Nycz, Cardinal de la Sainte \u00c9glise Romaine, Archev\u00eaque M\u00e9tropolite de Varsovie, ainsi que de nombreux autres fr\u00e8res \u00e9piscopaux et de nombreux fid\u00e8les la\u00efcs, sur les conseils de la Congr\u00e9gation pour les Causes des Saints , autorisent de notre autorit\u00e9 apostolique que le V\u00e9n\u00e9rable Serviteur de Dieu STEFAN WYSZY\u0143SKI, Archev\u00eaque de Gniezno et de Varsovie, Primat de Pologne, Cardinal de la Sainte \u00c9glise Romaine, Pasteur selon le C\u0153ur du Christ, qui a consacr\u00e9 sa vie au Dieu unique et a \u00e9t\u00e9 un d\u00e9fenseur infatigable et h\u00e9raut de la dignit\u00e9 de chaque \u00eatre humain, ainsi que la V\u00e9n\u00e9rable Servante de Dieu EL\u017bBIETA CZACKA (dans le monde : la Rose) La fondatrice de la Congr\u00e9gation des S\u0153urs Franciscaines, Servantes de la Croix, qui, priv\u00e9e de l&#039;utilisation de la lumi\u00e8re de ses yeux, a reconnu le Christ avec les yeux de la foi - la lumi\u00e8re du monde et avec une fid\u00e9lit\u00e9 aimante a t\u00e9moign\u00e9 de Lui \u00e0 ceux qui marchaient dans les t\u00e9n\u00e8bres du corps et de l&#039;esprit, \u00e9taient d\u00e9sormais appel\u00e9s Bienheureux et que leurs souvenirs pouvaient \u00eatre c\u00e9l\u00e9br\u00e9e chaque ann\u00e9e dans lieux et de la mani\u00e8re prescrits par la loi, savoir : pour le premier jour du vingt-huit mai et pour le deuxi\u00e8me jour du dix-neuvi\u00e8me mai. Au nom du P\u00e8re, et du Fils, et du Saint-Esprit. Amen.<\/p><p>Donn\u00e9 \u00e0 Rome, dans le Latran, le quinzi\u00e8me jour d&#039;ao\u00fbt, en la solennit\u00e9 de l&#039;Assomption de la Bienheureuse Vierge Marie, l&#039;An du Seigneur 2021, la neuvi\u00e8me ann\u00e9e de notre Pontificat. \u00bb<\/p><p>Les participants \u00e0 la c\u00e9r\u00e9monie ont r\u00e9pondu en chantant la pri\u00e8re &quot;Gloire au P\u00e8re et au Fils et au Saint-Esprit&quot;. A cette \u00e9poque, les images des nouveaux bienheureux ont \u00e9t\u00e9 d\u00e9voil\u00e9es.<\/p><p>L&#039;image de Bl. Stefan Wyszy\u0144ski a \u00e9t\u00e9 d\u00e9voil\u00e9 par les membres du Mouvement apostolique &quot;Famille des familles&quot; fond\u00e9 par lui en 1952 - Hanna Kordyasz et Piotr Kordyasz, le c\u00e9l\u00e8bre auteur du livre &quot;Stefek&quot; sur l&#039;enfance de la carte. Stefan Wyszynski.<\/p><p>L&#039;image de Bl. El\u017cbieta Czacka a \u00e9t\u00e9 d\u00e9voil\u00e9e par Sr. Aleksandra Maczuga et Sr. Klara Zosik, enseignantes et tutrices de l&#039;\u00e9cole et du centre \u00e9ducatif de la Soci\u00e9t\u00e9 de soins aux aveugles de Laski.<\/p><\/div>\t\t\t\t\t\t\t\t<\/div>\n\t\t\t\t<\/div>\n\t\t\t\t<section class=\"elementor-section elementor-inner-section elementor-element elementor-element-0f01478 elementor-section-boxed elementor-section-height-default elementor-section-height-default\" data-id=\"0f01478\" data-element_type=\"section\" data-e-type=\"section\">\n\t\t\t\t\t\t<div class=\"elementor-container elementor-column-gap-default\">\n\t\t\t\t\t<div class=\"elementor-column elementor-col-50 elementor-inner-column elementor-element elementor-element-c115307\" data-id=\"c115307\" data-element_type=\"column\" data-e-type=\"column\">\n\t\t\t<div class=\"elementor-widget-wrap elementor-element-populated\">\n\t\t\t\t\t\t<div class=\"elementor-element elementor-element-4414e4b elementor-widget elementor-widget-text-editor\" data-id=\"4414e4b\" data-element_type=\"widget\" data-e-type=\"widget\" data-widget_type=\"text-editor.default\">\n\t\t\t\t<div class=\"elementor-widget-container\">\n\t\t\t\t\t\t\t\t\t<div dir=\"auto\"><p>L&#039;image de Bl. Stefan Wyszy\u0144ski a \u00e9t\u00e9 d\u00e9voil\u00e9 par les membres du Mouvement apostolique &quot;Famille des familles&quot; fond\u00e9 par lui en 1952 - Hanna Kordyasz et Piotr Kordyasz, le c\u00e9l\u00e8bre auteur du livre &quot;Stefek&quot; sur l&#039;enfance de la carte. Stefan Wyszynski.<\/p><p>L&#039;image de Bl. El\u017cbieta Czacka a \u00e9t\u00e9 d\u00e9voil\u00e9e par Sr. Aleksandra Maczuga et Sr. Klara Zosik, enseignantes et tutrices de l&#039;\u00e9cole et du centre \u00e9ducatif de la Soci\u00e9t\u00e9 de soins aux aveugles de Laski.<\/p><\/div>\t\t\t\t\t\t\t\t<\/div>\n\t\t\t\t<\/div>\n\t\t\t\t\t<\/div>\n\t\t<\/div>\n\t\t\t\t<div class=\"elementor-column elementor-col-50 elementor-inner-column elementor-element elementor-element-2c2273c\" data-id=\"2c2273c\" data-element_type=\"column\" data-e-type=\"column\">\n\t\t\t<div class=\"elementor-widget-wrap elementor-element-populated\">\n\t\t\t\t\t\t<div class=\"elementor-element elementor-element-b14785b elementor-widget elementor-widget-image\" data-id=\"b14785b\" data-element_type=\"widget\" data-e-type=\"widget\" data-widget_type=\"image.default\">\n\t\t\t\t<div class=\"elementor-widget-container\">\n\t\t\t\t\t\t\t\t\t\t\t\t\t\t\t<img decoding=\"async\" width=\"324\" height=\"235\" src=\"https:\/\/www.lichen.pl\/wp-content\/uploads\/2021\/09\/Beatyfikacja-kard.-Wyszynskiego-i-matki-Czackiej.jpg\" class=\"attachment-medium_large size-medium_large wp-image-30751\" alt=\"\" srcset=\"https:\/\/www.lichen.pl\/wp-content\/uploads\/2021\/09\/Beatyfikacja-kard.-Wyszynskiego-i-matki-Czackiej.jpg 324w, https:\/\/www.lichen.pl\/wp-content\/uploads\/2021\/09\/Beatyfikacja-kard.-Wyszynskiego-i-matki-Czackiej-300x218.jpg 300w\" sizes=\"(max-width: 324px) 100vw, 324px\" \/>\t\t\t\t\t\t\t\t\t\t\t\t\t\t\t<\/div>\n\t\t\t\t<\/div>\n\t\t\t\t\t<\/div>\n\t\t<\/div>\n\t\t\t\t\t<\/div>\n\t\t<\/section>\n\t\t\t\t\t<\/div>\n\t\t<\/div>\n\t\t\t\t\t<\/div>\n\t\t<\/section>\n\t\t\t\t<section class=\"elementor-section elementor-top-section elementor-element elementor-element-e509a01 elementor-section-boxed elementor-section-height-default elementor-section-height-default\" data-id=\"e509a01\" data-element_type=\"section\" data-e-type=\"section\">\n\t\t\t\t\t\t<div class=\"elementor-container elementor-column-gap-default\">\n\t\t\t\t\t<div class=\"elementor-column elementor-col-100 elementor-top-column elementor-element elementor-element-5011668\" data-id=\"5011668\" data-element_type=\"column\" data-e-type=\"column\">\n\t\t\t<div class=\"elementor-widget-wrap elementor-element-populated\">\n\t\t\t\t\t\t<section class=\"elementor-section elementor-inner-section elementor-element elementor-element-85fa497 elementor-section-boxed elementor-section-height-default elementor-section-height-default\" data-id=\"85fa497\" data-element_type=\"section\" data-e-type=\"section\">\n\t\t\t\t\t\t<div class=\"elementor-container elementor-column-gap-default\">\n\t\t\t\t\t<div class=\"elementor-column elementor-col-50 elementor-inner-column elementor-element elementor-element-de531cb\" data-id=\"de531cb\" data-element_type=\"column\" data-e-type=\"column\">\n\t\t\t<div class=\"elementor-widget-wrap elementor-element-populated\">\n\t\t\t\t\t\t<div class=\"elementor-element elementor-element-e30c436 elementor-view-default elementor-widget elementor-widget-icon\" data-id=\"e30c436\" data-element_type=\"widget\" data-e-type=\"widget\" data-widget_type=\"icon.default\">\n\t\t\t\t<div class=\"elementor-widget-container\">\n\t\t\t\t\t\t\t<div class=\"elementor-icon-wrapper\">\n\t\t\t<a class=\"elementor-icon\" href=\"https:\/\/www.youtube.com\/watch?v=baSWh5B45J8\" target=\"_blank\">\n\t\t\t<i aria-hidden=\"true\" class=\"fas fa-film\"><\/i>\t\t\t<\/a>\n\t\t<\/div>\n\t\t\t\t\t\t<\/div>\n\t\t\t\t<\/div>\n\t\t\t\t\t<\/div>\n\t\t<\/div>\n\t\t\t\t<div class=\"elementor-column elementor-col-50 elementor-inner-column elementor-element elementor-element-27cd4ef\" data-id=\"27cd4ef\" data-element_type=\"column\" data-e-type=\"column\">\n\t\t\t<div class=\"elementor-widget-wrap elementor-element-populated\">\n\t\t\t\t\t\t<div class=\"elementor-element elementor-element-dee6bfb elementor-widget elementor-widget-text-editor\" data-id=\"dee6bfb\" data-element_type=\"widget\" data-e-type=\"widget\" data-widget_type=\"text-editor.default\">\n\t\t\t\t<div class=\"elementor-widget-container\">\n\t\t\t\t\t\t\t\t\t<p>Acc\u00e9der \u00e0 l&#039;\u00e9mission de b\u00e9atification&gt; <a href=\"https:\/\/bit.ly\/3tPnV8P\" target=\"_blank\" rel=\"noopener\">ici<\/a><\/p>\t\t\t\t\t\t\t\t<\/div>\n\t\t\t\t<\/div>\n\t\t\t\t\t<\/div>\n\t\t<\/div>\n\t\t\t\t\t<\/div>\n\t\t<\/section>\n\t\t\t\t<div class=\"elementor-element elementor-element-4e1eaff elementor-widget-divider--view-line elementor-widget elementor-widget-divider\" data-id=\"4e1eaff\" data-element_type=\"widget\" data-e-type=\"widget\" data-widget_type=\"divider.default\">\n\t\t\t\t<div class=\"elementor-widget-container\">\n\t\t\t\t\t\t\t<div class=\"elementor-divider\">\n\t\t\t<span class=\"elementor-divider-separator\">\n\t\t\t\t\t\t<\/span>\n\t\t<\/div>\n\t\t\t\t\t\t<\/div>\n\t\t\t\t<\/div>\n\t\t\t\t\t<\/div>\n\t\t<\/div>\n\t\t\t\t\t<\/div>\n\t\t<\/section>\n\t\t\t\t<\/div>","protected":false},"excerpt":{"rendered":"<p>W Liche\u0144skim Sanktuarium z rado\u015bci\u0105 oczekiwali\u015bmy na beatyfikacj\u0119 kard. Stefana Wyszy\u0144skiego. W ostatnich dniach przygotowywali\u015bmy si\u0119 do tego wydarzenia trwaj\u0105c na modlitwie nowenn\u0105. Prymas Tysi\u0105clecia by\u0142 wa\u017cn\u0105 osob\u0105 w historii Lichenia. \u201ePami\u0119tam, \u017ce gdy by\u0142em tutaj przed laty, dano mi jako zadanie, wpisywa\u0107 \u0142aski, kt\u00f3rych doznali czciciele Maryi Liche\u0144skiej. Na cmentarzu grzebalnym, przy kaplicy postawiono [&hellip;]<\/p>\n","protected":false},"author":2,"featured_media":30751,"comment_status":"open","ping_status":"open","sticky":false,"template":"","format":"standard","meta":{"footnotes":""},"categories":[1],"tags":[],"class_list":["post-30749","post","type-post","status-publish","format-standard","has-post-thumbnail","hentry","category-aktualnosci","wpbf-post"],"yoast_head":"<!-- This site is optimized with the Yoast SEO plugin v27.4 - https:\/\/yoast.com\/product\/yoast-seo-wordpress\/ -->\n<title>Beatyfikacja kard. Stefana Wyszy\u0144skiego i matki El\u017cbiety Czackiej - SANKTUARIUM W LICHENIU<\/title>\n<meta name=\"robots\" content=\"index, follow, max-snippet:-1, max-image-preview:large, max-video-preview:-1\" \/>\n<link rel=\"canonical\" href=\"https:\/\/www.lichen.pl\/fr\/beatyfikacja-kard-stefana-wyszynskiego-i-matki-elzbiety-czackiej\/\" \/>\n<meta property=\"og:locale\" content=\"fr_FR\" \/>\n<meta property=\"og:type\" content=\"article\" \/>\n<meta property=\"og:title\" content=\"Beatyfikacja kard. Stefana Wyszy\u0144skiego i matki El\u017cbiety Czackiej - SANKTUARIUM W LICHENIU\" \/>\n<meta property=\"og:description\" content=\"W Liche\u0144skim Sanktuarium z rado\u015bci\u0105 oczekiwali\u015bmy na beatyfikacj\u0119 kard. Stefana Wyszy\u0144skiego. W ostatnich dniach przygotowywali\u015bmy si\u0119 do tego wydarzenia trwaj\u0105c na modlitwie nowenn\u0105. Prymas Tysi\u0105clecia by\u0142 wa\u017cn\u0105 osob\u0105 w historii Lichenia. \u201ePami\u0119tam, \u017ce gdy by\u0142em tutaj przed laty, dano mi jako zadanie, wpisywa\u0107 \u0142aski, kt\u00f3rych doznali czciciele Maryi Liche\u0144skiej. Na cmentarzu grzebalnym, przy kaplicy postawiono [&hellip;]\" \/>\n<meta property=\"og:url\" content=\"https:\/\/www.lichen.pl\/fr\/beatyfikacja-kard-stefana-wyszynskiego-i-matki-elzbiety-czackiej\/\" \/>\n<meta property=\"og:site_name\" content=\"SANKTUARIUM W LICHENIU\" \/>\n<meta property=\"article:published_time\" content=\"2021-09-12T14:00:32+00:00\" \/>\n<meta property=\"article:modified_time\" content=\"2021-09-16T13:08:37+00:00\" \/>\n<meta property=\"og:image\" content=\"https:\/\/www.lichen.pl\/wp-content\/uploads\/2021\/09\/Beatyfikacja-kard.-Wyszynskiego-i-matki-Czackiej.jpg\" \/>\n\t<meta property=\"og:image:width\" content=\"324\" \/>\n\t<meta property=\"og:image:height\" content=\"235\" \/>\n\t<meta property=\"og:image:type\" content=\"image\/jpeg\" \/>\n<meta name=\"author\" content=\"Arkadiusz Gorgolewski\" \/>\n<meta name=\"twitter:card\" content=\"summary_large_image\" \/>\n<meta name=\"twitter:label1\" content=\"\u00c9crit par\" \/>\n\t<meta name=\"twitter:data1\" content=\"Arkadiusz Gorgolewski\" \/>\n\t<meta name=\"twitter:label2\" content=\"Dur\u00e9e de lecture estim\u00e9e\" \/>\n\t<meta name=\"twitter:data2\" content=\"4 minutes\" \/>\n<script type=\"application\/ld+json\" class=\"yoast-schema-graph\">{\"@context\":\"https:\\\/\\\/schema.org\",\"@graph\":[{\"@type\":\"Article\",\"@id\":\"https:\\\/\\\/www.lichen.pl\\\/beatyfikacja-kard-stefana-wyszynskiego-i-matki-elzbiety-czackiej\\\/#article\",\"isPartOf\":{\"@id\":\"https:\\\/\\\/www.lichen.pl\\\/beatyfikacja-kard-stefana-wyszynskiego-i-matki-elzbiety-czackiej\\\/\"},\"author\":{\"name\":\"Arkadiusz Gorgolewski\",\"@id\":\"https:\\\/\\\/www.lichen.pl\\\/fr\\\/#\\\/schema\\\/person\\\/56fc5b38d70a2b34983408f9a457fd9d\"},\"headline\":\"Beatyfikacja kard. Stefana Wyszy\u0144skiego i matki El\u017cbiety Czackiej\",\"datePublished\":\"2021-09-12T14:00:32+00:00\",\"dateModified\":\"2021-09-16T13:08:37+00:00\",\"mainEntityOfPage\":{\"@id\":\"https:\\\/\\\/www.lichen.pl\\\/beatyfikacja-kard-stefana-wyszynskiego-i-matki-elzbiety-czackiej\\\/\"},\"wordCount\":975,\"commentCount\":0,\"image\":{\"@id\":\"https:\\\/\\\/www.lichen.pl\\\/beatyfikacja-kard-stefana-wyszynskiego-i-matki-elzbiety-czackiej\\\/#primaryimage\"},\"thumbnailUrl\":\"https:\\\/\\\/www.lichen.pl\\\/wp-content\\\/uploads\\\/2021\\\/09\\\/Beatyfikacja-kard.-Wyszynskiego-i-matki-Czackiej.jpg\",\"articleSection\":[\"Aktualno\u015bci\"],\"inLanguage\":\"fr-FR\",\"potentialAction\":[{\"@type\":\"CommentAction\",\"name\":\"Comment\",\"target\":[\"https:\\\/\\\/www.lichen.pl\\\/beatyfikacja-kard-stefana-wyszynskiego-i-matki-elzbiety-czackiej\\\/#respond\"]}]},{\"@type\":\"WebPage\",\"@id\":\"https:\\\/\\\/www.lichen.pl\\\/beatyfikacja-kard-stefana-wyszynskiego-i-matki-elzbiety-czackiej\\\/\",\"url\":\"https:\\\/\\\/www.lichen.pl\\\/beatyfikacja-kard-stefana-wyszynskiego-i-matki-elzbiety-czackiej\\\/\",\"name\":\"Beatyfikacja kard. Stefana Wyszy\u0144skiego i matki El\u017cbiety Czackiej - SANKTUARIUM W LICHENIU\",\"isPartOf\":{\"@id\":\"https:\\\/\\\/www.lichen.pl\\\/fr\\\/#website\"},\"primaryImageOfPage\":{\"@id\":\"https:\\\/\\\/www.lichen.pl\\\/beatyfikacja-kard-stefana-wyszynskiego-i-matki-elzbiety-czackiej\\\/#primaryimage\"},\"image\":{\"@id\":\"https:\\\/\\\/www.lichen.pl\\\/beatyfikacja-kard-stefana-wyszynskiego-i-matki-elzbiety-czackiej\\\/#primaryimage\"},\"thumbnailUrl\":\"https:\\\/\\\/www.lichen.pl\\\/wp-content\\\/uploads\\\/2021\\\/09\\\/Beatyfikacja-kard.-Wyszynskiego-i-matki-Czackiej.jpg\",\"datePublished\":\"2021-09-12T14:00:32+00:00\",\"dateModified\":\"2021-09-16T13:08:37+00:00\",\"author\":{\"@id\":\"https:\\\/\\\/www.lichen.pl\\\/fr\\\/#\\\/schema\\\/person\\\/56fc5b38d70a2b34983408f9a457fd9d\"},\"breadcrumb\":{\"@id\":\"https:\\\/\\\/www.lichen.pl\\\/beatyfikacja-kard-stefana-wyszynskiego-i-matki-elzbiety-czackiej\\\/#breadcrumb\"},\"inLanguage\":\"fr-FR\",\"potentialAction\":[{\"@type\":\"ReadAction\",\"target\":[\"https:\\\/\\\/www.lichen.pl\\\/beatyfikacja-kard-stefana-wyszynskiego-i-matki-elzbiety-czackiej\\\/\"]}]},{\"@type\":\"ImageObject\",\"inLanguage\":\"fr-FR\",\"@id\":\"https:\\\/\\\/www.lichen.pl\\\/beatyfikacja-kard-stefana-wyszynskiego-i-matki-elzbiety-czackiej\\\/#primaryimage\",\"url\":\"https:\\\/\\\/www.lichen.pl\\\/wp-content\\\/uploads\\\/2021\\\/09\\\/Beatyfikacja-kard.-Wyszynskiego-i-matki-Czackiej.jpg\",\"contentUrl\":\"https:\\\/\\\/www.lichen.pl\\\/wp-content\\\/uploads\\\/2021\\\/09\\\/Beatyfikacja-kard.-Wyszynskiego-i-matki-Czackiej.jpg\",\"width\":324,\"height\":235},{\"@type\":\"BreadcrumbList\",\"@id\":\"https:\\\/\\\/www.lichen.pl\\\/beatyfikacja-kard-stefana-wyszynskiego-i-matki-elzbiety-czackiej\\\/#breadcrumb\",\"itemListElement\":[{\"@type\":\"ListItem\",\"position\":1,\"name\":\"Strona g\u0142\u00f3wna\",\"item\":\"https:\\\/\\\/www.lichen.pl\\\/\"},{\"@type\":\"ListItem\",\"position\":2,\"name\":\"Beatyfikacja kard. Stefana Wyszy\u0144skiego i matki El\u017cbiety Czackiej\"}]},{\"@type\":\"WebSite\",\"@id\":\"https:\\\/\\\/www.lichen.pl\\\/fr\\\/#website\",\"url\":\"https:\\\/\\\/www.lichen.pl\\\/fr\\\/\",\"name\":\"SANKTUARIUM W LICHENIU\",\"description\":\"MATKI BO\u017bEJ LICHE\u0143SKIEJ BOLESNEJ KR\u00d3LOWEJ POLSKI\",\"potentialAction\":[{\"@type\":\"SearchAction\",\"target\":{\"@type\":\"EntryPoint\",\"urlTemplate\":\"https:\\\/\\\/www.lichen.pl\\\/fr\\\/?s={search_term_string}\"},\"query-input\":{\"@type\":\"PropertyValueSpecification\",\"valueRequired\":true,\"valueName\":\"search_term_string\"}}],\"inLanguage\":\"fr-FR\"},{\"@type\":\"Person\",\"@id\":\"https:\\\/\\\/www.lichen.pl\\\/fr\\\/#\\\/schema\\\/person\\\/56fc5b38d70a2b34983408f9a457fd9d\",\"name\":\"Arkadiusz Gorgolewski\",\"image\":{\"@type\":\"ImageObject\",\"inLanguage\":\"fr-FR\",\"@id\":\"https:\\\/\\\/secure.gravatar.com\\\/avatar\\\/0f571b370f5aa245b1fd3b9c945511b004fe17579bdefd5054d99f0ba315149c?s=96&d=retro&r=g\",\"url\":\"https:\\\/\\\/secure.gravatar.com\\\/avatar\\\/0f571b370f5aa245b1fd3b9c945511b004fe17579bdefd5054d99f0ba315149c?s=96&d=retro&r=g\",\"contentUrl\":\"https:\\\/\\\/secure.gravatar.com\\\/avatar\\\/0f571b370f5aa245b1fd3b9c945511b004fe17579bdefd5054d99f0ba315149c?s=96&d=retro&r=g\",\"caption\":\"Arkadiusz Gorgolewski\"},\"url\":\"https:\\\/\\\/www.lichen.pl\\\/fr\\\/author\\\/sanadmin\\\/\"}]}<\/script>\n<!-- \/ Yoast SEO plugin. -->","yoast_head_json":{"title":"Beatyfikacja kard. Stefana Wyszy\u0144skiego i matki El\u017cbiety Czackiej - SANKTUARIUM W LICHENIU","robots":{"index":"index","follow":"follow","max-snippet":"max-snippet:-1","max-image-preview":"max-image-preview:large","max-video-preview":"max-video-preview:-1"},"canonical":"https:\/\/www.lichen.pl\/fr\/beatyfikacja-kard-stefana-wyszynskiego-i-matki-elzbiety-czackiej\/","og_locale":"fr_FR","og_type":"article","og_title":"Beatyfikacja kard. Stefana Wyszy\u0144skiego i matki El\u017cbiety Czackiej - SANKTUARIUM W LICHENIU","og_description":"W Liche\u0144skim Sanktuarium z rado\u015bci\u0105 oczekiwali\u015bmy na beatyfikacj\u0119 kard. Stefana Wyszy\u0144skiego. W ostatnich dniach przygotowywali\u015bmy si\u0119 do tego wydarzenia trwaj\u0105c na modlitwie nowenn\u0105. Prymas Tysi\u0105clecia by\u0142 wa\u017cn\u0105 osob\u0105 w historii Lichenia. \u201ePami\u0119tam, \u017ce gdy by\u0142em tutaj przed laty, dano mi jako zadanie, wpisywa\u0107 \u0142aski, kt\u00f3rych doznali czciciele Maryi Liche\u0144skiej. Na cmentarzu grzebalnym, przy kaplicy postawiono [&hellip;]","og_url":"https:\/\/www.lichen.pl\/fr\/beatyfikacja-kard-stefana-wyszynskiego-i-matki-elzbiety-czackiej\/","og_site_name":"SANKTUARIUM W LICHENIU","article_published_time":"2021-09-12T14:00:32+00:00","article_modified_time":"2021-09-16T13:08:37+00:00","og_image":[{"width":324,"height":235,"url":"https:\/\/www.lichen.pl\/wp-content\/uploads\/2021\/09\/Beatyfikacja-kard.-Wyszynskiego-i-matki-Czackiej.jpg","type":"image\/jpeg"}],"author":"Arkadiusz Gorgolewski","twitter_card":"summary_large_image","twitter_misc":{"\u00c9crit par":"Arkadiusz Gorgolewski","Dur\u00e9e de lecture estim\u00e9e":"4 minutes"},"schema":{"@context":"https:\/\/schema.org","@graph":[{"@type":"Article","@id":"https:\/\/www.lichen.pl\/beatyfikacja-kard-stefana-wyszynskiego-i-matki-elzbiety-czackiej\/#article","isPartOf":{"@id":"https:\/\/www.lichen.pl\/beatyfikacja-kard-stefana-wyszynskiego-i-matki-elzbiety-czackiej\/"},"author":{"name":"Arkadiusz Gorgolewski","@id":"https:\/\/www.lichen.pl\/fr\/#\/schema\/person\/56fc5b38d70a2b34983408f9a457fd9d"},"headline":"Beatyfikacja kard. Stefana Wyszy\u0144skiego i matki El\u017cbiety Czackiej","datePublished":"2021-09-12T14:00:32+00:00","dateModified":"2021-09-16T13:08:37+00:00","mainEntityOfPage":{"@id":"https:\/\/www.lichen.pl\/beatyfikacja-kard-stefana-wyszynskiego-i-matki-elzbiety-czackiej\/"},"wordCount":975,"commentCount":0,"image":{"@id":"https:\/\/www.lichen.pl\/beatyfikacja-kard-stefana-wyszynskiego-i-matki-elzbiety-czackiej\/#primaryimage"},"thumbnailUrl":"https:\/\/www.lichen.pl\/wp-content\/uploads\/2021\/09\/Beatyfikacja-kard.-Wyszynskiego-i-matki-Czackiej.jpg","articleSection":["Aktualno\u015bci"],"inLanguage":"fr-FR","potentialAction":[{"@type":"CommentAction","name":"Comment","target":["https:\/\/www.lichen.pl\/beatyfikacja-kard-stefana-wyszynskiego-i-matki-elzbiety-czackiej\/#respond"]}]},{"@type":"WebPage","@id":"https:\/\/www.lichen.pl\/beatyfikacja-kard-stefana-wyszynskiego-i-matki-elzbiety-czackiej\/","url":"https:\/\/www.lichen.pl\/beatyfikacja-kard-stefana-wyszynskiego-i-matki-elzbiety-czackiej\/","name":"Beatyfikacja kard. Stefana Wyszy\u0144skiego i matki El\u017cbiety Czackiej - SANKTUARIUM W LICHENIU","isPartOf":{"@id":"https:\/\/www.lichen.pl\/fr\/#website"},"primaryImageOfPage":{"@id":"https:\/\/www.lichen.pl\/beatyfikacja-kard-stefana-wyszynskiego-i-matki-elzbiety-czackiej\/#primaryimage"},"image":{"@id":"https:\/\/www.lichen.pl\/beatyfikacja-kard-stefana-wyszynskiego-i-matki-elzbiety-czackiej\/#primaryimage"},"thumbnailUrl":"https:\/\/www.lichen.pl\/wp-content\/uploads\/2021\/09\/Beatyfikacja-kard.-Wyszynskiego-i-matki-Czackiej.jpg","datePublished":"2021-09-12T14:00:32+00:00","dateModified":"2021-09-16T13:08:37+00:00","author":{"@id":"https:\/\/www.lichen.pl\/fr\/#\/schema\/person\/56fc5b38d70a2b34983408f9a457fd9d"},"breadcrumb":{"@id":"https:\/\/www.lichen.pl\/beatyfikacja-kard-stefana-wyszynskiego-i-matki-elzbiety-czackiej\/#breadcrumb"},"inLanguage":"fr-FR","potentialAction":[{"@type":"ReadAction","target":["https:\/\/www.lichen.pl\/beatyfikacja-kard-stefana-wyszynskiego-i-matki-elzbiety-czackiej\/"]}]},{"@type":"ImageObject","inLanguage":"fr-FR","@id":"https:\/\/www.lichen.pl\/beatyfikacja-kard-stefana-wyszynskiego-i-matki-elzbiety-czackiej\/#primaryimage","url":"https:\/\/www.lichen.pl\/wp-content\/uploads\/2021\/09\/Beatyfikacja-kard.-Wyszynskiego-i-matki-Czackiej.jpg","contentUrl":"https:\/\/www.lichen.pl\/wp-content\/uploads\/2021\/09\/Beatyfikacja-kard.-Wyszynskiego-i-matki-Czackiej.jpg","width":324,"height":235},{"@type":"BreadcrumbList","@id":"https:\/\/www.lichen.pl\/beatyfikacja-kard-stefana-wyszynskiego-i-matki-elzbiety-czackiej\/#breadcrumb","itemListElement":[{"@type":"ListItem","position":1,"name":"Strona g\u0142\u00f3wna","item":"https:\/\/www.lichen.pl\/"},{"@type":"ListItem","position":2,"name":"Beatyfikacja kard. Stefana Wyszy\u0144skiego i matki El\u017cbiety Czackiej"}]},{"@type":"WebSite","@id":"https:\/\/www.lichen.pl\/fr\/#website","url":"https:\/\/www.lichen.pl\/fr\/","name":"SANCTUAIRE EN LICHENIE","description":"LA MAUVAISE REINE DE POLOGNE DE NOTRE LICHEN","potentialAction":[{"@type":"SearchAction","target":{"@type":"EntryPoint","urlTemplate":"https:\/\/www.lichen.pl\/fr\/?s={search_term_string}"},"query-input":{"@type":"PropertyValueSpecification","valueRequired":true,"valueName":"search_term_string"}}],"inLanguage":"fr-FR"},{"@type":"Person","@id":"https:\/\/www.lichen.pl\/fr\/#\/schema\/person\/56fc5b38d70a2b34983408f9a457fd9d","name":"Arkadiusz Gorgolewski","image":{"@type":"ImageObject","inLanguage":"fr-FR","@id":"https:\/\/secure.gravatar.com\/avatar\/0f571b370f5aa245b1fd3b9c945511b004fe17579bdefd5054d99f0ba315149c?s=96&d=retro&r=g","url":"https:\/\/secure.gravatar.com\/avatar\/0f571b370f5aa245b1fd3b9c945511b004fe17579bdefd5054d99f0ba315149c?s=96&d=retro&r=g","contentUrl":"https:\/\/secure.gravatar.com\/avatar\/0f571b370f5aa245b1fd3b9c945511b004fe17579bdefd5054d99f0ba315149c?s=96&d=retro&r=g","caption":"Arkadiusz Gorgolewski"},"url":"https:\/\/www.lichen.pl\/fr\/author\/sanadmin\/"}]}},"_links":{"self":[{"href":"https:\/\/www.lichen.pl\/fr\/wp-json\/wp\/v2\/posts\/30749","targetHints":{"allow":["GET"]}}],"collection":[{"href":"https:\/\/www.lichen.pl\/fr\/wp-json\/wp\/v2\/posts"}],"about":[{"href":"https:\/\/www.lichen.pl\/fr\/wp-json\/wp\/v2\/types\/post"}],"author":[{"embeddable":true,"href":"https:\/\/www.lichen.pl\/fr\/wp-json\/wp\/v2\/users\/2"}],"replies":[{"embeddable":true,"href":"https:\/\/www.lichen.pl\/fr\/wp-json\/wp\/v2\/comments?post=30749"}],"version-history":[{"count":16,"href":"https:\/\/www.lichen.pl\/fr\/wp-json\/wp\/v2\/posts\/30749\/revisions"}],"predecessor-version":[{"id":30776,"href":"https:\/\/www.lichen.pl\/fr\/wp-json\/wp\/v2\/posts\/30749\/revisions\/30776"}],"wp:featuredmedia":[{"embeddable":true,"href":"https:\/\/www.lichen.pl\/fr\/wp-json\/wp\/v2\/media\/30751"}],"wp:attachment":[{"href":"https:\/\/www.lichen.pl\/fr\/wp-json\/wp\/v2\/media?parent=30749"}],"wp:term":[{"taxonomy":"category","embeddable":true,"href":"https:\/\/www.lichen.pl\/fr\/wp-json\/wp\/v2\/categories?post=30749"},{"taxonomy":"post_tag","embeddable":true,"href":"https:\/\/www.lichen.pl\/fr\/wp-json\/wp\/v2\/tags?post=30749"}],"curies":[{"name":"wp","href":"https:\/\/api.w.org\/{rel}","templated":true}]}}