{"id":32920,"date":"2021-10-31T20:31:09","date_gmt":"2021-10-31T19:31:09","guid":{"rendered":"http:\/\/www.lichen.pl\/?p=32920"},"modified":"2021-11-04T11:45:47","modified_gmt":"2021-11-04T10:45:47","slug":"zaduszki-muzyczne-wieczor-refleksji-zadumy-i-modlitwy-31-pazdziernika-2021-r","status":"publish","type":"post","link":"https:\/\/www.lichen.pl\/fr\/zaduszki-muzyczne-wieczor-refleksji-zadumy-i-modlitwy-31-pazdziernika-2021-r\/","title":{"rendered":"All Souls&#039; Day Musical - une soir\u00e9e de r\u00e9flexion, de r\u00e9flexion et de pri\u00e8re"},"content":{"rendered":"<div data-elementor-type=\"wp-post\" data-elementor-id=\"32920\" class=\"elementor elementor-32920\" data-elementor-post-type=\"post\">\n\t\t\t\t\t\t<section class=\"elementor-section elementor-top-section elementor-element elementor-element-d795a1f elementor-section-boxed elementor-section-height-default elementor-section-height-default\" data-id=\"d795a1f\" data-element_type=\"section\" data-e-type=\"section\">\n\t\t\t\t\t\t<div class=\"elementor-container elementor-column-gap-default\">\n\t\t\t\t\t<div class=\"elementor-column elementor-col-100 elementor-top-column elementor-element elementor-element-d408e73\" data-id=\"d408e73\" data-element_type=\"column\" data-e-type=\"column\">\n\t\t\t<div class=\"elementor-widget-wrap elementor-element-populated\">\n\t\t\t\t\t\t<div class=\"elementor-element elementor-element-cbb3f59 elementor-widget elementor-widget-heading\" data-id=\"cbb3f59\" data-element_type=\"widget\" data-e-type=\"widget\" data-widget_type=\"heading.default\">\n\t\t\t\t<div class=\"elementor-widget-container\">\n\t\t\t\t\t<h2 class=\"elementor-heading-title elementor-size-default\">Le dernier jour d&#039;octobre, dans la basilique de Liche\u0144, le groupe de musique du sanctuaire &quot;Galilea&quot; a encourag\u00e9 les gens \u00e0 r\u00e9fl\u00e9chir sur l&#039;essence de la vie dans une atmosph\u00e8re de r\u00e9flexion et de pri\u00e8re. <\/h2>\t\t\t\t<\/div>\n\t\t\t\t<\/div>\n\t\t\t\t<div class=\"elementor-element elementor-element-69aaa6a elementor-widget elementor-widget-spacer\" data-id=\"69aaa6a\" data-element_type=\"widget\" data-e-type=\"widget\" data-widget_type=\"spacer.default\">\n\t\t\t\t<div class=\"elementor-widget-container\">\n\t\t\t\t\t\t\t<div class=\"elementor-spacer\">\n\t\t\t<div class=\"elementor-spacer-inner\"><\/div>\n\t\t<\/div>\n\t\t\t\t\t\t<\/div>\n\t\t\t\t<\/div>\n\t\t\t\t<section class=\"elementor-section elementor-inner-section elementor-element elementor-element-f303055 elementor-section-boxed elementor-section-height-default elementor-section-height-default\" data-id=\"f303055\" data-element_type=\"section\" data-e-type=\"section\">\n\t\t\t\t\t\t<div class=\"elementor-container elementor-column-gap-default\">\n\t\t\t\t\t<div class=\"elementor-column elementor-col-50 elementor-inner-column elementor-element elementor-element-2db482f\" data-id=\"2db482f\" data-element_type=\"column\" data-e-type=\"column\">\n\t\t\t<div class=\"elementor-widget-wrap elementor-element-populated\">\n\t\t\t\t\t\t<div class=\"elementor-element elementor-element-f9ecfd6 elementor-widget elementor-widget-image\" data-id=\"f9ecfd6\" data-element_type=\"widget\" data-e-type=\"widget\" data-widget_type=\"image.default\">\n\t\t\t\t<div class=\"elementor-widget-container\">\n\t\t\t\t\t\t\t\t\t\t\t\t\t\t\t<img fetchpriority=\"high\" decoding=\"async\" width=\"768\" height=\"512\" src=\"https:\/\/www.lichen.pl\/wp-content\/uploads\/2021\/05\/Zaduszki-muzyczne-31-pazdziernika-2021-768x512.jpg\" class=\"attachment-medium_large size-medium_large wp-image-32915\" alt=\"\" srcset=\"https:\/\/www.lichen.pl\/wp-content\/uploads\/2021\/05\/Zaduszki-muzyczne-31-pazdziernika-2021-768x512.jpg 768w, https:\/\/www.lichen.pl\/wp-content\/uploads\/2021\/05\/Zaduszki-muzyczne-31-pazdziernika-2021-800x533.jpg 800w, https:\/\/www.lichen.pl\/wp-content\/uploads\/2021\/05\/Zaduszki-muzyczne-31-pazdziernika-2021-300x200.jpg 300w, https:\/\/www.lichen.pl\/wp-content\/uploads\/2021\/05\/Zaduszki-muzyczne-31-pazdziernika-2021-1024x682.jpg 1024w, https:\/\/www.lichen.pl\/wp-content\/uploads\/2021\/05\/Zaduszki-muzyczne-31-pazdziernika-2021.jpg 1360w\" sizes=\"(max-width: 768px) 100vw, 768px\" \/>\t\t\t\t\t\t\t\t\t\t\t\t\t\t\t<\/div>\n\t\t\t\t<\/div>\n\t\t\t\t\t<\/div>\n\t\t<\/div>\n\t\t\t\t<div class=\"elementor-column elementor-col-50 elementor-inner-column elementor-element elementor-element-aabe6ce\" data-id=\"aabe6ce\" data-element_type=\"column\" data-e-type=\"column\">\n\t\t\t<div class=\"elementor-widget-wrap elementor-element-populated\">\n\t\t\t\t\t\t<div class=\"elementor-element elementor-element-4068ebe elementor-widget elementor-widget-text-editor\" data-id=\"4068ebe\" data-element_type=\"widget\" data-e-type=\"widget\" data-widget_type=\"text-editor.default\">\n\t\t\t\t<div class=\"elementor-widget-container\">\n\t\t\t\t\t\t\t\t\t<p>Au cours de la f\u00eate des morts, l&#039;appel \u00e0 Dieu s&#039;est m\u00eal\u00e9 aux r\u00e9flexions, \u00e0 la po\u00e9sie et \u00e0 la musique du narrateur. Les participants ont pri\u00e9 pour la vie \u00e9ternelle et la mis\u00e9ricorde pour ceux qui sont d\u00e9c\u00e9d\u00e9s sans r\u00e9conciliation avec Dieu et le peuple.\u00a0<\/p><p>Qu&#039;est-ce que la mort ? Voyager Avec un billet non-retour que tout le monde a une fois ... La mort est l&#039;absence de plusieurs endroits \u00e0 la fois - a d\u00e9clar\u00e9 le narrateur.<\/p><p>J\u00e9sus-Christ peut communiquer \u00e0 tous la vie qu&#039;il a en lui. L&#039;immortalit\u00e9 est une croix qu&#039;il faut trouver dans la vie, et puis marcher jour apr\u00e8s jour avec cette croix apr\u00e8s le Sauveur. Enfin, mettez cette croix sur la tombe.\u00a0<\/p>\t\t\t\t\t\t\t\t<\/div>\n\t\t\t\t<\/div>\n\t\t\t\t\t<\/div>\n\t\t<\/div>\n\t\t\t\t\t<\/div>\n\t\t<\/section>\n\t\t\t\t\t<\/div>\n\t\t<\/div>\n\t\t\t\t\t<\/div>\n\t\t<\/section>\n\t\t\t\t<section class=\"elementor-section elementor-top-section elementor-element elementor-element-5dec6a8 elementor-section-boxed elementor-section-height-default elementor-section-height-default\" data-id=\"5dec6a8\" data-element_type=\"section\" data-e-type=\"section\">\n\t\t\t\t\t\t<div class=\"elementor-container elementor-column-gap-default\">\n\t\t\t\t\t<div class=\"elementor-column elementor-col-100 elementor-top-column elementor-element elementor-element-1375170\" data-id=\"1375170\" data-element_type=\"column\" data-e-type=\"column\">\n\t\t\t<div class=\"elementor-widget-wrap elementor-element-populated\">\n\t\t\t\t\t\t<div class=\"elementor-element elementor-element-783f6db elementor-widget elementor-widget-text-editor\" data-id=\"783f6db\" data-element_type=\"widget\" data-e-type=\"widget\" data-widget_type=\"text-editor.default\">\n\t\t\t\t<div class=\"elementor-widget-container\">\n\t\t\t\t\t\t\t\t\t<p>Voir le compte rendu de l&#039;\u00e9v\u00e9nement <span style=\"text-decoration: underline; color: #333399;\"><a style=\"color: #333399;\" href=\"https:\/\/www.youtube.com\/watch?v=km-xWOk3yNQ\" target=\"_blank\" rel=\"noopener\">ici<\/a><\/span><\/p>\t\t\t\t\t\t\t\t<\/div>\n\t\t\t\t<\/div>\n\t\t\t\t<div class=\"elementor-element elementor-element-9cb31ed elementor-widget-divider--view-line_icon elementor-view-default elementor-widget-divider--element-align-center elementor-widget elementor-widget-divider\" data-id=\"9cb31ed\" data-element_type=\"widget\" data-e-type=\"widget\" data-widget_type=\"divider.default\">\n\t\t\t\t<div class=\"elementor-widget-container\">\n\t\t\t\t\t\t\t<div class=\"elementor-divider\">\n\t\t\t<span class=\"elementor-divider-separator\">\n\t\t\t\t\t\t\t<div class=\"elementor-icon elementor-divider__element\">\n\t\t\t\t\t<i aria-hidden=\"true\" class=\"fas fa-camera\"><\/i><\/div>\n\t\t\t\t\t\t<\/span>\n\t\t<\/div>\n\t\t\t\t\t\t<\/div>\n\t\t\t\t<\/div>\n\t\t\t\t<div class=\"elementor-element elementor-element-7cc73ae elementor-widget elementor-widget-gallery\" data-id=\"7cc73ae\" data-element_type=\"widget\" data-e-type=\"widget\" data-settings=\"{&quot;columns&quot;:6,&quot;gap&quot;:{&quot;unit&quot;:&quot;px&quot;,&quot;size&quot;:5,&quot;sizes&quot;:[]},&quot;lazyload&quot;:&quot;yes&quot;,&quot;gallery_layout&quot;:&quot;grid&quot;,&quot;columns_tablet&quot;:2,&quot;columns_mobile&quot;:1,&quot;gap_tablet&quot;:{&quot;unit&quot;:&quot;px&quot;,&quot;size&quot;:10,&quot;sizes&quot;:[]},&quot;gap_mobile&quot;:{&quot;unit&quot;:&quot;px&quot;,&quot;size&quot;:10,&quot;sizes&quot;:[]},&quot;link_to&quot;:&quot;file&quot;,&quot;aspect_ratio&quot;:&quot;3:2&quot;,&quot;overlay_background&quot;:&quot;yes&quot;,&quot;content_hover_animation&quot;:&quot;fade-in&quot;}\" data-widget_type=\"gallery.default\">\n\t\t\t\t<div class=\"elementor-widget-container\">\n\t\t\t\t\t\t\t<div class=\"elementor-gallery__container\">\n\t\t\t\t\t\t\t<a class=\"e-gallery-item elementor-gallery-item elementor-animated-content\" href=\"https:\/\/www.lichen.pl\/wp-content\/uploads\/2021\/11\/Zaduszki-muzyczne-31-pazdziernika-2021-22.jpg\" data-elementor-open-lightbox=\"yes\" data-elementor-lightbox-slideshow=\"7cc73ae\" data-elementor-lightbox-title=\"Zaduszki muzyczne 31 pa\u017adziernika 2021 22\" data-e-action-hash=\"#elementor-action%3Aaction%3Dlightbox%26settings%3DeyJpZCI6MzMxNzgsInVybCI6Imh0dHBzOlwvXC93d3cubGljaGVuLnBsXC93cC1jb250ZW50XC91cGxvYWRzXC8yMDIxXC8xMVwvWmFkdXN6a2ktbXV6eWN6bmUtMzEtcGF6ZHppZXJuaWthLTIwMjEtMjIuanBnIiwic2xpZGVzaG93IjoiN2NjNzNhZSJ9\">\n\t\t\t\t\t<div class=\"e-gallery-image elementor-gallery-item__image\" data-thumbnail=\"https:\/\/www.lichen.pl\/wp-content\/uploads\/2021\/11\/Zaduszki-muzyczne-31-pazdziernika-2021-22-300x200.jpg\" data-width=\"300\" data-height=\"200\" aria-label=\"\" role=\"img\" ><\/div>\n\t\t\t\t\t\t\t\t\t\t\t<div class=\"elementor-gallery-item__overlay\"><\/div>\n\t\t\t\t\t\t\t\t\t\t\t\t\t\t<\/a>\n\t\t\t\t\t\t\t<a class=\"e-gallery-item elementor-gallery-item elementor-animated-content\" href=\"https:\/\/www.lichen.pl\/wp-content\/uploads\/2021\/11\/Zaduszki-muzyczne-31-pazdziernika-2021-21.jpg\" data-elementor-open-lightbox=\"yes\" data-elementor-lightbox-slideshow=\"7cc73ae\" data-elementor-lightbox-title=\"Zaduszki muzyczne 31 pa\u017adziernika 2021 21\" data-e-action-hash=\"#elementor-action%3Aaction%3Dlightbox%26settings%3DeyJpZCI6MzMxNzcsInVybCI6Imh0dHBzOlwvXC93d3cubGljaGVuLnBsXC93cC1jb250ZW50XC91cGxvYWRzXC8yMDIxXC8xMVwvWmFkdXN6a2ktbXV6eWN6bmUtMzEtcGF6ZHppZXJuaWthLTIwMjEtMjEuanBnIiwic2xpZGVzaG93IjoiN2NjNzNhZSJ9\">\n\t\t\t\t\t<div class=\"e-gallery-image elementor-gallery-item__image\" data-thumbnail=\"https:\/\/www.lichen.pl\/wp-content\/uploads\/2021\/11\/Zaduszki-muzyczne-31-pazdziernika-2021-21-300x200.jpg\" data-width=\"300\" data-height=\"200\" aria-label=\"\" role=\"img\" ><\/div>\n\t\t\t\t\t\t\t\t\t\t\t<div class=\"elementor-gallery-item__overlay\"><\/div>\n\t\t\t\t\t\t\t\t\t\t\t\t\t\t<\/a>\n\t\t\t\t\t\t\t<a class=\"e-gallery-item elementor-gallery-item elementor-animated-content\" href=\"https:\/\/www.lichen.pl\/wp-content\/uploads\/2021\/11\/Zaduszki-muzyczne-31-pazdziernika-2021-19.jpg\" data-elementor-open-lightbox=\"yes\" data-elementor-lightbox-slideshow=\"7cc73ae\" data-elementor-lightbox-title=\"Zaduszki muzyczne 31 pa\u017adziernika 2021 19\" data-e-action-hash=\"#elementor-action%3Aaction%3Dlightbox%26settings%3DeyJpZCI6MzMxNzUsInVybCI6Imh0dHBzOlwvXC93d3cubGljaGVuLnBsXC93cC1jb250ZW50XC91cGxvYWRzXC8yMDIxXC8xMVwvWmFkdXN6a2ktbXV6eWN6bmUtMzEtcGF6ZHppZXJuaWthLTIwMjEtMTkuanBnIiwic2xpZGVzaG93IjoiN2NjNzNhZSJ9\">\n\t\t\t\t\t<div class=\"e-gallery-image elementor-gallery-item__image\" data-thumbnail=\"https:\/\/www.lichen.pl\/wp-content\/uploads\/2021\/11\/Zaduszki-muzyczne-31-pazdziernika-2021-19-300x200.jpg\" data-width=\"300\" data-height=\"200\" aria-label=\"\" role=\"img\" ><\/div>\n\t\t\t\t\t\t\t\t\t\t\t<div class=\"elementor-gallery-item__overlay\"><\/div>\n\t\t\t\t\t\t\t\t\t\t\t\t\t\t<\/a>\n\t\t\t\t\t\t\t<a class=\"e-gallery-item elementor-gallery-item elementor-animated-content\" href=\"https:\/\/www.lichen.pl\/wp-content\/uploads\/2021\/11\/Zaduszki-muzyczne-31-pazdziernika-2021-13.jpg\" data-elementor-open-lightbox=\"yes\" data-elementor-lightbox-slideshow=\"7cc73ae\" data-elementor-lightbox-title=\"Zaduszki muzyczne 31 pa\u017adziernika 2021 13\" data-e-action-hash=\"#elementor-action%3Aaction%3Dlightbox%26settings%3DeyJpZCI6MzMxNjksInVybCI6Imh0dHBzOlwvXC93d3cubGljaGVuLnBsXC93cC1jb250ZW50XC91cGxvYWRzXC8yMDIxXC8xMVwvWmFkdXN6a2ktbXV6eWN6bmUtMzEtcGF6ZHppZXJuaWthLTIwMjEtMTMuanBnIiwic2xpZGVzaG93IjoiN2NjNzNhZSJ9\">\n\t\t\t\t\t<div class=\"e-gallery-image elementor-gallery-item__image\" data-thumbnail=\"https:\/\/www.lichen.pl\/wp-content\/uploads\/2021\/11\/Zaduszki-muzyczne-31-pazdziernika-2021-13-300x200.jpg\" data-width=\"300\" data-height=\"200\" aria-label=\"\" role=\"img\" ><\/div>\n\t\t\t\t\t\t\t\t\t\t\t<div class=\"elementor-gallery-item__overlay\"><\/div>\n\t\t\t\t\t\t\t\t\t\t\t\t\t\t<\/a>\n\t\t\t\t\t\t\t<a class=\"e-gallery-item elementor-gallery-item elementor-animated-content\" href=\"https:\/\/www.lichen.pl\/wp-content\/uploads\/2021\/11\/Zaduszki-muzyczne-31-pazdziernika-2021-12.jpg\" data-elementor-open-lightbox=\"yes\" data-elementor-lightbox-slideshow=\"7cc73ae\" data-elementor-lightbox-title=\"Zaduszki muzyczne 31 pa\u017adziernika 2021 12\" data-e-action-hash=\"#elementor-action%3Aaction%3Dlightbox%26settings%3DeyJpZCI6MzMxNjgsInVybCI6Imh0dHBzOlwvXC93d3cubGljaGVuLnBsXC93cC1jb250ZW50XC91cGxvYWRzXC8yMDIxXC8xMVwvWmFkdXN6a2ktbXV6eWN6bmUtMzEtcGF6ZHppZXJuaWthLTIwMjEtMTIuanBnIiwic2xpZGVzaG93IjoiN2NjNzNhZSJ9\">\n\t\t\t\t\t<div class=\"e-gallery-image elementor-gallery-item__image\" data-thumbnail=\"https:\/\/www.lichen.pl\/wp-content\/uploads\/2021\/11\/Zaduszki-muzyczne-31-pazdziernika-2021-12-300x225.jpg\" data-width=\"300\" data-height=\"225\" aria-label=\"\" role=\"img\" ><\/div>\n\t\t\t\t\t\t\t\t\t\t\t<div class=\"elementor-gallery-item__overlay\"><\/div>\n\t\t\t\t\t\t\t\t\t\t\t\t\t\t<\/a>\n\t\t\t\t\t\t\t<a class=\"e-gallery-item elementor-gallery-item elementor-animated-content\" href=\"https:\/\/www.lichen.pl\/wp-content\/uploads\/2021\/11\/Zaduszki-muzyczne-31-pazdziernika-2021-10.jpg\" data-elementor-open-lightbox=\"yes\" data-elementor-lightbox-slideshow=\"7cc73ae\" data-elementor-lightbox-title=\"Zaduszki muzyczne 31 pa\u017adziernika 2021 10\" data-e-action-hash=\"#elementor-action%3Aaction%3Dlightbox%26settings%3DeyJpZCI6MzMxNjYsInVybCI6Imh0dHBzOlwvXC93d3cubGljaGVuLnBsXC93cC1jb250ZW50XC91cGxvYWRzXC8yMDIxXC8xMVwvWmFkdXN6a2ktbXV6eWN6bmUtMzEtcGF6ZHppZXJuaWthLTIwMjEtMTAuanBnIiwic2xpZGVzaG93IjoiN2NjNzNhZSJ9\">\n\t\t\t\t\t<div class=\"e-gallery-image elementor-gallery-item__image\" data-thumbnail=\"https:\/\/www.lichen.pl\/wp-content\/uploads\/2021\/11\/Zaduszki-muzyczne-31-pazdziernika-2021-10-300x200.jpg\" data-width=\"300\" data-height=\"200\" aria-label=\"\" role=\"img\" ><\/div>\n\t\t\t\t\t\t\t\t\t\t\t<div class=\"elementor-gallery-item__overlay\"><\/div>\n\t\t\t\t\t\t\t\t\t\t\t\t\t\t<\/a>\n\t\t\t\t\t\t\t<a class=\"e-gallery-item elementor-gallery-item elementor-animated-content\" href=\"https:\/\/www.lichen.pl\/wp-content\/uploads\/2021\/11\/Zaduszki-muzyczne-31-pazdziernika-2021-9.jpg\" data-elementor-open-lightbox=\"yes\" data-elementor-lightbox-slideshow=\"7cc73ae\" data-elementor-lightbox-title=\"Zaduszki muzyczne 31 pa\u017adziernika 2021 9\" data-e-action-hash=\"#elementor-action%3Aaction%3Dlightbox%26settings%3DeyJpZCI6MzMxNjUsInVybCI6Imh0dHBzOlwvXC93d3cubGljaGVuLnBsXC93cC1jb250ZW50XC91cGxvYWRzXC8yMDIxXC8xMVwvWmFkdXN6a2ktbXV6eWN6bmUtMzEtcGF6ZHppZXJuaWthLTIwMjEtOS5qcGciLCJzbGlkZXNob3ciOiI3Y2M3M2FlIn0%3D\">\n\t\t\t\t\t<div class=\"e-gallery-image elementor-gallery-item__image\" data-thumbnail=\"https:\/\/www.lichen.pl\/wp-content\/uploads\/2021\/11\/Zaduszki-muzyczne-31-pazdziernika-2021-9-225x300.jpg\" data-width=\"225\" data-height=\"300\" aria-label=\"\" role=\"img\" ><\/div>\n\t\t\t\t\t\t\t\t\t\t\t<div class=\"elementor-gallery-item__overlay\"><\/div>\n\t\t\t\t\t\t\t\t\t\t\t\t\t\t<\/a>\n\t\t\t\t\t\t\t<a class=\"e-gallery-item elementor-gallery-item elementor-animated-content\" href=\"https:\/\/www.lichen.pl\/wp-content\/uploads\/2021\/11\/Zaduszki-muzyczne-31-pazdziernika-2021-8.jpg\" data-elementor-open-lightbox=\"yes\" data-elementor-lightbox-slideshow=\"7cc73ae\" data-elementor-lightbox-title=\"Zaduszki muzyczne 31 pa\u017adziernika 2021 8\" data-e-action-hash=\"#elementor-action%3Aaction%3Dlightbox%26settings%3DeyJpZCI6MzMxNjQsInVybCI6Imh0dHBzOlwvXC93d3cubGljaGVuLnBsXC93cC1jb250ZW50XC91cGxvYWRzXC8yMDIxXC8xMVwvWmFkdXN6a2ktbXV6eWN6bmUtMzEtcGF6ZHppZXJuaWthLTIwMjEtOC5qcGciLCJzbGlkZXNob3ciOiI3Y2M3M2FlIn0%3D\">\n\t\t\t\t\t<div class=\"e-gallery-image elementor-gallery-item__image\" data-thumbnail=\"https:\/\/www.lichen.pl\/wp-content\/uploads\/2021\/11\/Zaduszki-muzyczne-31-pazdziernika-2021-8-200x300.jpg\" data-width=\"200\" data-height=\"300\" aria-label=\"\" role=\"img\" ><\/div>\n\t\t\t\t\t\t\t\t\t\t\t<div class=\"elementor-gallery-item__overlay\"><\/div>\n\t\t\t\t\t\t\t\t\t\t\t\t\t\t<\/a>\n\t\t\t\t\t\t\t<a class=\"e-gallery-item elementor-gallery-item elementor-animated-content\" href=\"https:\/\/www.lichen.pl\/wp-content\/uploads\/2021\/11\/Zaduszki-muzyczne-31-pazdziernika-2021-7.jpg\" data-elementor-open-lightbox=\"yes\" data-elementor-lightbox-slideshow=\"7cc73ae\" data-elementor-lightbox-title=\"Zaduszki muzyczne 31 pa\u017adziernika 2021 7\" data-e-action-hash=\"#elementor-action%3Aaction%3Dlightbox%26settings%3DeyJpZCI6MzMxNjMsInVybCI6Imh0dHBzOlwvXC93d3cubGljaGVuLnBsXC93cC1jb250ZW50XC91cGxvYWRzXC8yMDIxXC8xMVwvWmFkdXN6a2ktbXV6eWN6bmUtMzEtcGF6ZHppZXJuaWthLTIwMjEtNy5qcGciLCJzbGlkZXNob3ciOiI3Y2M3M2FlIn0%3D\">\n\t\t\t\t\t<div class=\"e-gallery-image elementor-gallery-item__image\" data-thumbnail=\"https:\/\/www.lichen.pl\/wp-content\/uploads\/2021\/11\/Zaduszki-muzyczne-31-pazdziernika-2021-7-300x200.jpg\" data-width=\"300\" data-height=\"200\" aria-label=\"\" role=\"img\" ><\/div>\n\t\t\t\t\t\t\t\t\t\t\t<div class=\"elementor-gallery-item__overlay\"><\/div>\n\t\t\t\t\t\t\t\t\t\t\t\t\t\t<\/a>\n\t\t\t\t\t\t\t<a class=\"e-gallery-item elementor-gallery-item elementor-animated-content\" href=\"https:\/\/www.lichen.pl\/wp-content\/uploads\/2021\/11\/Zaduszki-muzyczne-31-pazdziernika-2021-1.jpg\" data-elementor-open-lightbox=\"yes\" data-elementor-lightbox-slideshow=\"7cc73ae\" data-elementor-lightbox-title=\"Zaduszki muzyczne 31 pa\u017adziernika 2021 1\" data-e-action-hash=\"#elementor-action%3Aaction%3Dlightbox%26settings%3DeyJpZCI6MzMxNTcsInVybCI6Imh0dHBzOlwvXC93d3cubGljaGVuLnBsXC93cC1jb250ZW50XC91cGxvYWRzXC8yMDIxXC8xMVwvWmFkdXN6a2ktbXV6eWN6bmUtMzEtcGF6ZHppZXJuaWthLTIwMjEtMS5qcGciLCJzbGlkZXNob3ciOiI3Y2M3M2FlIn0%3D\">\n\t\t\t\t\t<div class=\"e-gallery-image elementor-gallery-item__image\" data-thumbnail=\"https:\/\/www.lichen.pl\/wp-content\/uploads\/2021\/11\/Zaduszki-muzyczne-31-pazdziernika-2021-1-300x200.jpg\" data-width=\"300\" data-height=\"200\" aria-label=\"\" role=\"img\" ><\/div>\n\t\t\t\t\t\t\t\t\t\t\t<div class=\"elementor-gallery-item__overlay\"><\/div>\n\t\t\t\t\t\t\t\t\t\t\t\t\t\t<\/a>\n\t\t\t\t\t\t\t<a class=\"e-gallery-item elementor-gallery-item elementor-animated-content\" href=\"https:\/\/www.lichen.pl\/wp-content\/uploads\/2021\/11\/Zaduszki-muzyczne-31-pazdziernika-2021-2.jpg\" data-elementor-open-lightbox=\"yes\" data-elementor-lightbox-slideshow=\"7cc73ae\" data-elementor-lightbox-title=\"Zaduszki muzyczne 31 pa\u017adziernika 2021 2\" data-e-action-hash=\"#elementor-action%3Aaction%3Dlightbox%26settings%3DeyJpZCI6MzMxNTgsInVybCI6Imh0dHBzOlwvXC93d3cubGljaGVuLnBsXC93cC1jb250ZW50XC91cGxvYWRzXC8yMDIxXC8xMVwvWmFkdXN6a2ktbXV6eWN6bmUtMzEtcGF6ZHppZXJuaWthLTIwMjEtMi5qcGciLCJzbGlkZXNob3ciOiI3Y2M3M2FlIn0%3D\">\n\t\t\t\t\t<div class=\"e-gallery-image elementor-gallery-item__image\" data-thumbnail=\"https:\/\/www.lichen.pl\/wp-content\/uploads\/2021\/11\/Zaduszki-muzyczne-31-pazdziernika-2021-2-300x200.jpg\" data-width=\"300\" data-height=\"200\" aria-label=\"\" role=\"img\" ><\/div>\n\t\t\t\t\t\t\t\t\t\t\t<div class=\"elementor-gallery-item__overlay\"><\/div>\n\t\t\t\t\t\t\t\t\t\t\t\t\t\t<\/a>\n\t\t\t\t\t\t\t<a class=\"e-gallery-item elementor-gallery-item elementor-animated-content\" href=\"https:\/\/www.lichen.pl\/wp-content\/uploads\/2021\/11\/Zaduszki-muzyczne-31-pazdziernika-2021-16.jpg\" data-elementor-open-lightbox=\"yes\" data-elementor-lightbox-slideshow=\"7cc73ae\" data-elementor-lightbox-title=\"Zaduszki muzyczne 31 pa\u017adziernika 2021 16\" data-e-action-hash=\"#elementor-action%3Aaction%3Dlightbox%26settings%3DeyJpZCI6MzMxNzIsInVybCI6Imh0dHBzOlwvXC93d3cubGljaGVuLnBsXC93cC1jb250ZW50XC91cGxvYWRzXC8yMDIxXC8xMVwvWmFkdXN6a2ktbXV6eWN6bmUtMzEtcGF6ZHppZXJuaWthLTIwMjEtMTYuanBnIiwic2xpZGVzaG93IjoiN2NjNzNhZSJ9\">\n\t\t\t\t\t<div class=\"e-gallery-image elementor-gallery-item__image\" data-thumbnail=\"https:\/\/www.lichen.pl\/wp-content\/uploads\/2021\/11\/Zaduszki-muzyczne-31-pazdziernika-2021-16-200x300.jpg\" data-width=\"200\" data-height=\"300\" aria-label=\"\" role=\"img\" ><\/div>\n\t\t\t\t\t\t\t\t\t\t\t<div class=\"elementor-gallery-item__overlay\"><\/div>\n\t\t\t\t\t\t\t\t\t\t\t\t\t\t<\/a>\n\t\t\t\t\t<\/div>\n\t\t\t\t\t<\/div>\n\t\t\t\t<\/div>\n\t\t\t\t\t<\/div>\n\t\t<\/div>\n\t\t\t\t\t<\/div>\n\t\t<\/section>\n\t\t\t\t<section class=\"elementor-section elementor-top-section elementor-element elementor-element-2ab5d6a elementor-section-boxed elementor-section-height-default elementor-section-height-default\" data-id=\"2ab5d6a\" data-element_type=\"section\" data-e-type=\"section\">\n\t\t\t\t\t\t<div class=\"elementor-container elementor-column-gap-default\">\n\t\t\t\t\t<div class=\"elementor-column elementor-col-100 elementor-top-column elementor-element elementor-element-48cb321\" data-id=\"48cb321\" data-element_type=\"column\" data-e-type=\"column\">\n\t\t\t<div class=\"elementor-widget-wrap elementor-element-populated\">\n\t\t\t\t\t\t<div class=\"elementor-element elementor-element-45a3ee4 elementor-widget-divider--view-line elementor-widget elementor-widget-divider\" data-id=\"45a3ee4\" data-element_type=\"widget\" data-e-type=\"widget\" data-widget_type=\"divider.default\">\n\t\t\t\t<div class=\"elementor-widget-container\">\n\t\t\t\t\t\t\t<div class=\"elementor-divider\">\n\t\t\t<span class=\"elementor-divider-separator\">\n\t\t\t\t\t\t<\/span>\n\t\t<\/div>\n\t\t\t\t\t\t<\/div>\n\t\t\t\t<\/div>\n\t\t\t\t\t<\/div>\n\t\t<\/div>\n\t\t\t\t\t<\/div>\n\t\t<\/section>\n\t\t\t\t<\/div>","protected":false},"excerpt":{"rendered":"<p>W ostatni dzie\u0144 pa\u017adziernika w liche\u0144skiej bazylice sanktuaryjny zesp\u00f3\u0142 muzyczny &#8220;Galilea&#8221;, w atmosferze zadumy i modlitwy zach\u0119ca\u0142 do zatrzymania si\u0119 nad istot\u0105 \u017cycia. Podczas Zaduszek muzycznych wo\u0142anie do Boga przeplata\u0142o si\u0119 z refleksjami narratora, poezj\u0105 i muzyk\u0105. Uczestnicy modlili si\u0119 o \u017cycie wieczne i mi\u0142osierdzie dla tych, kt\u00f3rzy odeszli bez pojednania z Bogiem i lud\u017ami. [&hellip;]<\/p>\n","protected":false},"author":7,"featured_media":32915,"comment_status":"open","ping_status":"open","sticky":false,"template":"","format":"standard","meta":{"footnotes":""},"categories":[1],"tags":[],"class_list":["post-32920","post","type-post","status-publish","format-standard","has-post-thumbnail","hentry","category-aktualnosci","wpbf-post"],"yoast_head":"<!-- This site is optimized with the Yoast SEO plugin v27.4 - https:\/\/yoast.com\/product\/yoast-seo-wordpress\/ -->\n<title>Zaduszki muzyczne - wiecz\u00f3r refleksji, zadumy i modlitwy - SANKTUARIUM W LICHENIU<\/title>\n<meta name=\"robots\" content=\"index, follow, max-snippet:-1, max-image-preview:large, max-video-preview:-1\" \/>\n<link rel=\"canonical\" href=\"http:\/\/www.lichen.pl\/fr\/zaduszki-muzyczne-wieczor-refleksji-zadumy-i-modlitwy-31-pazdziernika-2021-r\/\" \/>\n<meta property=\"og:locale\" content=\"fr_FR\" \/>\n<meta property=\"og:type\" content=\"article\" \/>\n<meta property=\"og:title\" content=\"Zaduszki muzyczne - wiecz\u00f3r refleksji, zadumy i modlitwy - SANKTUARIUM W LICHENIU\" \/>\n<meta property=\"og:description\" content=\"W ostatni dzie\u0144 pa\u017adziernika w liche\u0144skiej bazylice sanktuaryjny zesp\u00f3\u0142 muzyczny &#8220;Galilea&#8221;, w atmosferze zadumy i modlitwy zach\u0119ca\u0142 do zatrzymania si\u0119 nad istot\u0105 \u017cycia. Podczas Zaduszek muzycznych wo\u0142anie do Boga przeplata\u0142o si\u0119 z refleksjami narratora, poezj\u0105 i muzyk\u0105. Uczestnicy modlili si\u0119 o \u017cycie wieczne i mi\u0142osierdzie dla tych, kt\u00f3rzy odeszli bez pojednania z Bogiem i lud\u017ami. [&hellip;]\" \/>\n<meta property=\"og:url\" content=\"http:\/\/www.lichen.pl\/fr\/zaduszki-muzyczne-wieczor-refleksji-zadumy-i-modlitwy-31-pazdziernika-2021-r\/\" \/>\n<meta property=\"og:site_name\" content=\"SANKTUARIUM W LICHENIU\" \/>\n<meta property=\"article:published_time\" content=\"2021-10-31T19:31:09+00:00\" \/>\n<meta property=\"article:modified_time\" content=\"2021-11-04T10:45:47+00:00\" \/>\n<meta property=\"og:image\" content=\"http:\/\/www.lichen.pl\/wp-content\/uploads\/2021\/05\/Zaduszki-muzyczne-31-pazdziernika-2021.jpg\" \/>\n\t<meta property=\"og:image:width\" content=\"1360\" \/>\n\t<meta property=\"og:image:height\" content=\"906\" \/>\n\t<meta property=\"og:image:type\" content=\"image\/jpeg\" \/>\n<meta name=\"author\" content=\"Biuro Obs\u0142ugi Pielgrzyma Sanktuarium w Licheniu\" \/>\n<meta name=\"twitter:card\" content=\"summary_large_image\" \/>\n<meta name=\"twitter:label1\" content=\"\u00c9crit par\" \/>\n\t<meta name=\"twitter:data1\" content=\"Biuro Obs\u0142ugi Pielgrzyma Sanktuarium w Licheniu\" \/>\n\t<meta name=\"twitter:label2\" content=\"Dur\u00e9e de lecture estim\u00e9e\" \/>\n\t<meta name=\"twitter:data2\" content=\"1 minute\" \/>\n<script type=\"application\/ld+json\" class=\"yoast-schema-graph\">{\"@context\":\"https:\\\/\\\/schema.org\",\"@graph\":[{\"@type\":\"Article\",\"@id\":\"http:\\\/\\\/www.lichen.pl\\\/it\\\/zaduszki-muzyczne-wieczor-refleksji-zadumy-i-modlitwy-31-pazdziernika-2021-r\\\/#article\",\"isPartOf\":{\"@id\":\"http:\\\/\\\/www.lichen.pl\\\/it\\\/zaduszki-muzyczne-wieczor-refleksji-zadumy-i-modlitwy-31-pazdziernika-2021-r\\\/\"},\"author\":{\"name\":\"Biuro Obs\u0142ugi Pielgrzyma Sanktuarium w Licheniu\",\"@id\":\"https:\\\/\\\/www.lichen.pl\\\/fr\\\/#\\\/schema\\\/person\\\/74807fd8a5ff88290bdcd13783c210b2\"},\"headline\":\"Zaduszki muzyczne &#8211; wiecz\u00f3r refleksji, zadumy i modlitwy\",\"datePublished\":\"2021-10-31T19:31:09+00:00\",\"dateModified\":\"2021-11-04T10:45:47+00:00\",\"mainEntityOfPage\":{\"@id\":\"http:\\\/\\\/www.lichen.pl\\\/it\\\/zaduszki-muzyczne-wieczor-refleksji-zadumy-i-modlitwy-31-pazdziernika-2021-r\\\/\"},\"wordCount\":144,\"commentCount\":0,\"image\":{\"@id\":\"http:\\\/\\\/www.lichen.pl\\\/it\\\/zaduszki-muzyczne-wieczor-refleksji-zadumy-i-modlitwy-31-pazdziernika-2021-r\\\/#primaryimage\"},\"thumbnailUrl\":\"https:\\\/\\\/www.lichen.pl\\\/wp-content\\\/uploads\\\/2021\\\/05\\\/Zaduszki-muzyczne-31-pazdziernika-2021.jpg\",\"articleSection\":[\"Aktualno\u015bci\"],\"inLanguage\":\"fr-FR\",\"potentialAction\":[{\"@type\":\"CommentAction\",\"name\":\"Comment\",\"target\":[\"http:\\\/\\\/www.lichen.pl\\\/it\\\/zaduszki-muzyczne-wieczor-refleksji-zadumy-i-modlitwy-31-pazdziernika-2021-r\\\/#respond\"]}]},{\"@type\":\"WebPage\",\"@id\":\"http:\\\/\\\/www.lichen.pl\\\/it\\\/zaduszki-muzyczne-wieczor-refleksji-zadumy-i-modlitwy-31-pazdziernika-2021-r\\\/\",\"url\":\"http:\\\/\\\/www.lichen.pl\\\/it\\\/zaduszki-muzyczne-wieczor-refleksji-zadumy-i-modlitwy-31-pazdziernika-2021-r\\\/\",\"name\":\"Zaduszki muzyczne - wiecz\u00f3r refleksji, zadumy i modlitwy - SANKTUARIUM W LICHENIU\",\"isPartOf\":{\"@id\":\"https:\\\/\\\/www.lichen.pl\\\/fr\\\/#website\"},\"primaryImageOfPage\":{\"@id\":\"http:\\\/\\\/www.lichen.pl\\\/it\\\/zaduszki-muzyczne-wieczor-refleksji-zadumy-i-modlitwy-31-pazdziernika-2021-r\\\/#primaryimage\"},\"image\":{\"@id\":\"http:\\\/\\\/www.lichen.pl\\\/it\\\/zaduszki-muzyczne-wieczor-refleksji-zadumy-i-modlitwy-31-pazdziernika-2021-r\\\/#primaryimage\"},\"thumbnailUrl\":\"https:\\\/\\\/www.lichen.pl\\\/wp-content\\\/uploads\\\/2021\\\/05\\\/Zaduszki-muzyczne-31-pazdziernika-2021.jpg\",\"datePublished\":\"2021-10-31T19:31:09+00:00\",\"dateModified\":\"2021-11-04T10:45:47+00:00\",\"author\":{\"@id\":\"https:\\\/\\\/www.lichen.pl\\\/fr\\\/#\\\/schema\\\/person\\\/74807fd8a5ff88290bdcd13783c210b2\"},\"breadcrumb\":{\"@id\":\"http:\\\/\\\/www.lichen.pl\\\/it\\\/zaduszki-muzyczne-wieczor-refleksji-zadumy-i-modlitwy-31-pazdziernika-2021-r\\\/#breadcrumb\"},\"inLanguage\":\"fr-FR\",\"potentialAction\":[{\"@type\":\"ReadAction\",\"target\":[\"http:\\\/\\\/www.lichen.pl\\\/it\\\/zaduszki-muzyczne-wieczor-refleksji-zadumy-i-modlitwy-31-pazdziernika-2021-r\\\/\"]}]},{\"@type\":\"ImageObject\",\"inLanguage\":\"fr-FR\",\"@id\":\"http:\\\/\\\/www.lichen.pl\\\/it\\\/zaduszki-muzyczne-wieczor-refleksji-zadumy-i-modlitwy-31-pazdziernika-2021-r\\\/#primaryimage\",\"url\":\"https:\\\/\\\/www.lichen.pl\\\/wp-content\\\/uploads\\\/2021\\\/05\\\/Zaduszki-muzyczne-31-pazdziernika-2021.jpg\",\"contentUrl\":\"https:\\\/\\\/www.lichen.pl\\\/wp-content\\\/uploads\\\/2021\\\/05\\\/Zaduszki-muzyczne-31-pazdziernika-2021.jpg\",\"width\":1360,\"height\":906},{\"@type\":\"BreadcrumbList\",\"@id\":\"http:\\\/\\\/www.lichen.pl\\\/it\\\/zaduszki-muzyczne-wieczor-refleksji-zadumy-i-modlitwy-31-pazdziernika-2021-r\\\/#breadcrumb\",\"itemListElement\":[{\"@type\":\"ListItem\",\"position\":1,\"name\":\"Strona g\u0142\u00f3wna\",\"item\":\"https:\\\/\\\/www.lichen.pl\\\/\"},{\"@type\":\"ListItem\",\"position\":2,\"name\":\"Zaduszki muzyczne &#8211; wiecz\u00f3r refleksji, zadumy i modlitwy\"}]},{\"@type\":\"WebSite\",\"@id\":\"https:\\\/\\\/www.lichen.pl\\\/fr\\\/#website\",\"url\":\"https:\\\/\\\/www.lichen.pl\\\/fr\\\/\",\"name\":\"SANKTUARIUM W LICHENIU\",\"description\":\"MATKI BO\u017bEJ LICHE\u0143SKIEJ BOLESNEJ KR\u00d3LOWEJ POLSKI\",\"potentialAction\":[{\"@type\":\"SearchAction\",\"target\":{\"@type\":\"EntryPoint\",\"urlTemplate\":\"https:\\\/\\\/www.lichen.pl\\\/fr\\\/?s={search_term_string}\"},\"query-input\":{\"@type\":\"PropertyValueSpecification\",\"valueRequired\":true,\"valueName\":\"search_term_string\"}}],\"inLanguage\":\"fr-FR\"},{\"@type\":\"Person\",\"@id\":\"https:\\\/\\\/www.lichen.pl\\\/fr\\\/#\\\/schema\\\/person\\\/74807fd8a5ff88290bdcd13783c210b2\",\"name\":\"Biuro Obs\u0142ugi Pielgrzyma Sanktuarium w Licheniu\",\"image\":{\"@type\":\"ImageObject\",\"inLanguage\":\"fr-FR\",\"@id\":\"https:\\\/\\\/secure.gravatar.com\\\/avatar\\\/fb9e022907597294678e24de843782c45d0ddff6946a4f9fd77c55a760091d51?s=96&d=retro&r=g\",\"url\":\"https:\\\/\\\/secure.gravatar.com\\\/avatar\\\/fb9e022907597294678e24de843782c45d0ddff6946a4f9fd77c55a760091d51?s=96&d=retro&r=g\",\"contentUrl\":\"https:\\\/\\\/secure.gravatar.com\\\/avatar\\\/fb9e022907597294678e24de843782c45d0ddff6946a4f9fd77c55a760091d51?s=96&d=retro&r=g\",\"caption\":\"Biuro Obs\u0142ugi Pielgrzyma Sanktuarium w Licheniu\"},\"description\":\"Biuro Obs\u0142ugi Pielgrzyma zaprasza, je\u015bli to tylko mo\u017cliwe, do odwiedzenia liche\u0144skiego sanktuarium , w kt\u00f3rym czeka Maryja. Pragniemy, aby\u015b w pe\u0142ni wykorzysta\u0142 czas, kt\u00f3ry postanowi\u0142e\u015b sp\u0119dzi\u0107 w tym miejscu. Zach\u0119camy do kontaktu z nami. W naszym biurze udzielamy aktualnych informacji dotycz\u0105cych liturgii, \u017cycia religijnego i kulturalnego sanktuarium oraz bie\u017c\u0105cych wydarze\u0144. Oferujemy pomoc osobom indywidualnym, organizatorom pielgrzymek oraz instytucjom. Znajdziesz nas: http:\\\/\\\/www.lichen.pl\\\/biuro-obslugi-pielgrzyma\\\/\",\"url\":\"https:\\\/\\\/www.lichen.pl\\\/fr\\\/author\\\/bop\\\/\"}]}<\/script>\n<!-- \/ Yoast SEO plugin. -->","yoast_head_json":{"title":"Zaduszki muzyczne - wiecz\u00f3r refleksji, zadumy i modlitwy - SANKTUARIUM W LICHENIU","robots":{"index":"index","follow":"follow","max-snippet":"max-snippet:-1","max-image-preview":"max-image-preview:large","max-video-preview":"max-video-preview:-1"},"canonical":"http:\/\/www.lichen.pl\/fr\/zaduszki-muzyczne-wieczor-refleksji-zadumy-i-modlitwy-31-pazdziernika-2021-r\/","og_locale":"fr_FR","og_type":"article","og_title":"Zaduszki muzyczne - wiecz\u00f3r refleksji, zadumy i modlitwy - SANKTUARIUM W LICHENIU","og_description":"W ostatni dzie\u0144 pa\u017adziernika w liche\u0144skiej bazylice sanktuaryjny zesp\u00f3\u0142 muzyczny &#8220;Galilea&#8221;, w atmosferze zadumy i modlitwy zach\u0119ca\u0142 do zatrzymania si\u0119 nad istot\u0105 \u017cycia. Podczas Zaduszek muzycznych wo\u0142anie do Boga przeplata\u0142o si\u0119 z refleksjami narratora, poezj\u0105 i muzyk\u0105. Uczestnicy modlili si\u0119 o \u017cycie wieczne i mi\u0142osierdzie dla tych, kt\u00f3rzy odeszli bez pojednania z Bogiem i lud\u017ami. [&hellip;]","og_url":"http:\/\/www.lichen.pl\/fr\/zaduszki-muzyczne-wieczor-refleksji-zadumy-i-modlitwy-31-pazdziernika-2021-r\/","og_site_name":"SANKTUARIUM W LICHENIU","article_published_time":"2021-10-31T19:31:09+00:00","article_modified_time":"2021-11-04T10:45:47+00:00","og_image":[{"width":1360,"height":906,"url":"http:\/\/www.lichen.pl\/wp-content\/uploads\/2021\/05\/Zaduszki-muzyczne-31-pazdziernika-2021.jpg","type":"image\/jpeg"}],"author":"Biuro Obs\u0142ugi Pielgrzyma Sanktuarium w Licheniu","twitter_card":"summary_large_image","twitter_misc":{"\u00c9crit par":"Biuro Obs\u0142ugi Pielgrzyma Sanktuarium w Licheniu","Dur\u00e9e de lecture estim\u00e9e":"1 minute"},"schema":{"@context":"https:\/\/schema.org","@graph":[{"@type":"Article","@id":"http:\/\/www.lichen.pl\/it\/zaduszki-muzyczne-wieczor-refleksji-zadumy-i-modlitwy-31-pazdziernika-2021-r\/#article","isPartOf":{"@id":"http:\/\/www.lichen.pl\/it\/zaduszki-muzyczne-wieczor-refleksji-zadumy-i-modlitwy-31-pazdziernika-2021-r\/"},"author":{"name":"Biuro Obs\u0142ugi Pielgrzyma Sanktuarium w Licheniu","@id":"https:\/\/www.lichen.pl\/fr\/#\/schema\/person\/74807fd8a5ff88290bdcd13783c210b2"},"headline":"Zaduszki muzyczne &#8211; wiecz\u00f3r refleksji, zadumy i modlitwy","datePublished":"2021-10-31T19:31:09+00:00","dateModified":"2021-11-04T10:45:47+00:00","mainEntityOfPage":{"@id":"http:\/\/www.lichen.pl\/it\/zaduszki-muzyczne-wieczor-refleksji-zadumy-i-modlitwy-31-pazdziernika-2021-r\/"},"wordCount":144,"commentCount":0,"image":{"@id":"http:\/\/www.lichen.pl\/it\/zaduszki-muzyczne-wieczor-refleksji-zadumy-i-modlitwy-31-pazdziernika-2021-r\/#primaryimage"},"thumbnailUrl":"https:\/\/www.lichen.pl\/wp-content\/uploads\/2021\/05\/Zaduszki-muzyczne-31-pazdziernika-2021.jpg","articleSection":["Aktualno\u015bci"],"inLanguage":"fr-FR","potentialAction":[{"@type":"CommentAction","name":"Comment","target":["http:\/\/www.lichen.pl\/it\/zaduszki-muzyczne-wieczor-refleksji-zadumy-i-modlitwy-31-pazdziernika-2021-r\/#respond"]}]},{"@type":"WebPage","@id":"http:\/\/www.lichen.pl\/it\/zaduszki-muzyczne-wieczor-refleksji-zadumy-i-modlitwy-31-pazdziernika-2021-r\/","url":"http:\/\/www.lichen.pl\/it\/zaduszki-muzyczne-wieczor-refleksji-zadumy-i-modlitwy-31-pazdziernika-2021-r\/","name":"Zaduszki muzyczne - wiecz\u00f3r refleksji, zadumy i modlitwy - SANKTUARIUM W LICHENIU","isPartOf":{"@id":"https:\/\/www.lichen.pl\/fr\/#website"},"primaryImageOfPage":{"@id":"http:\/\/www.lichen.pl\/it\/zaduszki-muzyczne-wieczor-refleksji-zadumy-i-modlitwy-31-pazdziernika-2021-r\/#primaryimage"},"image":{"@id":"http:\/\/www.lichen.pl\/it\/zaduszki-muzyczne-wieczor-refleksji-zadumy-i-modlitwy-31-pazdziernika-2021-r\/#primaryimage"},"thumbnailUrl":"https:\/\/www.lichen.pl\/wp-content\/uploads\/2021\/05\/Zaduszki-muzyczne-31-pazdziernika-2021.jpg","datePublished":"2021-10-31T19:31:09+00:00","dateModified":"2021-11-04T10:45:47+00:00","author":{"@id":"https:\/\/www.lichen.pl\/fr\/#\/schema\/person\/74807fd8a5ff88290bdcd13783c210b2"},"breadcrumb":{"@id":"http:\/\/www.lichen.pl\/it\/zaduszki-muzyczne-wieczor-refleksji-zadumy-i-modlitwy-31-pazdziernika-2021-r\/#breadcrumb"},"inLanguage":"fr-FR","potentialAction":[{"@type":"ReadAction","target":["http:\/\/www.lichen.pl\/it\/zaduszki-muzyczne-wieczor-refleksji-zadumy-i-modlitwy-31-pazdziernika-2021-r\/"]}]},{"@type":"ImageObject","inLanguage":"fr-FR","@id":"http:\/\/www.lichen.pl\/it\/zaduszki-muzyczne-wieczor-refleksji-zadumy-i-modlitwy-31-pazdziernika-2021-r\/#primaryimage","url":"https:\/\/www.lichen.pl\/wp-content\/uploads\/2021\/05\/Zaduszki-muzyczne-31-pazdziernika-2021.jpg","contentUrl":"https:\/\/www.lichen.pl\/wp-content\/uploads\/2021\/05\/Zaduszki-muzyczne-31-pazdziernika-2021.jpg","width":1360,"height":906},{"@type":"BreadcrumbList","@id":"http:\/\/www.lichen.pl\/it\/zaduszki-muzyczne-wieczor-refleksji-zadumy-i-modlitwy-31-pazdziernika-2021-r\/#breadcrumb","itemListElement":[{"@type":"ListItem","position":1,"name":"Strona g\u0142\u00f3wna","item":"https:\/\/www.lichen.pl\/"},{"@type":"ListItem","position":2,"name":"Zaduszki muzyczne &#8211; wiecz\u00f3r refleksji, zadumy i modlitwy"}]},{"@type":"WebSite","@id":"https:\/\/www.lichen.pl\/fr\/#website","url":"https:\/\/www.lichen.pl\/fr\/","name":"SANCTUAIRE EN LICHENIE","description":"LA MAUVAISE REINE DE POLOGNE DE NOTRE LICHEN","potentialAction":[{"@type":"SearchAction","target":{"@type":"EntryPoint","urlTemplate":"https:\/\/www.lichen.pl\/fr\/?s={search_term_string}"},"query-input":{"@type":"PropertyValueSpecification","valueRequired":true,"valueName":"search_term_string"}}],"inLanguage":"fr-FR"},{"@type":"Person","@id":"https:\/\/www.lichen.pl\/fr\/#\/schema\/person\/74807fd8a5ff88290bdcd13783c210b2","name":"Bureau de service aux p\u00e8lerins du sanctuaire de Liche\u0144","image":{"@type":"ImageObject","inLanguage":"fr-FR","@id":"https:\/\/secure.gravatar.com\/avatar\/fb9e022907597294678e24de843782c45d0ddff6946a4f9fd77c55a760091d51?s=96&d=retro&r=g","url":"https:\/\/secure.gravatar.com\/avatar\/fb9e022907597294678e24de843782c45d0ddff6946a4f9fd77c55a760091d51?s=96&d=retro&r=g","contentUrl":"https:\/\/secure.gravatar.com\/avatar\/fb9e022907597294678e24de843782c45d0ddff6946a4f9fd77c55a760091d51?s=96&d=retro&r=g","caption":"Biuro Obs\u0142ugi Pielgrzyma Sanktuarium w Licheniu"},"description":"Biuro Obs\u0142ugi Pielgrzyma zaprasza, je\u015bli to tylko mo\u017cliwe, do odwiedzenia liche\u0144skiego sanktuarium , w kt\u00f3rym czeka Maryja. Pragniemy, aby\u015b w pe\u0142ni wykorzysta\u0142 czas, kt\u00f3ry postanowi\u0142e\u015b sp\u0119dzi\u0107 w tym miejscu. Zach\u0119camy do kontaktu z nami. W naszym biurze udzielamy aktualnych informacji dotycz\u0105cych liturgii, \u017cycia religijnego i kulturalnego sanktuarium oraz bie\u017c\u0105cych wydarze\u0144. Oferujemy pomoc osobom indywidualnym, organizatorom pielgrzymek oraz instytucjom. Znajdziesz nas: http:\/\/www.lichen.pl\/biuro-obslugi-pielgrzyma\/","url":"https:\/\/www.lichen.pl\/fr\/author\/bop\/"}]}},"_links":{"self":[{"href":"https:\/\/www.lichen.pl\/fr\/wp-json\/wp\/v2\/posts\/32920","targetHints":{"allow":["GET"]}}],"collection":[{"href":"https:\/\/www.lichen.pl\/fr\/wp-json\/wp\/v2\/posts"}],"about":[{"href":"https:\/\/www.lichen.pl\/fr\/wp-json\/wp\/v2\/types\/post"}],"author":[{"embeddable":true,"href":"https:\/\/www.lichen.pl\/fr\/wp-json\/wp\/v2\/users\/7"}],"replies":[{"embeddable":true,"href":"https:\/\/www.lichen.pl\/fr\/wp-json\/wp\/v2\/comments?post=32920"}],"version-history":[{"count":15,"href":"https:\/\/www.lichen.pl\/fr\/wp-json\/wp\/v2\/posts\/32920\/revisions"}],"predecessor-version":[{"id":33219,"href":"https:\/\/www.lichen.pl\/fr\/wp-json\/wp\/v2\/posts\/32920\/revisions\/33219"}],"wp:featuredmedia":[{"embeddable":true,"href":"https:\/\/www.lichen.pl\/fr\/wp-json\/wp\/v2\/media\/32915"}],"wp:attachment":[{"href":"https:\/\/www.lichen.pl\/fr\/wp-json\/wp\/v2\/media?parent=32920"}],"wp:term":[{"taxonomy":"category","embeddable":true,"href":"https:\/\/www.lichen.pl\/fr\/wp-json\/wp\/v2\/categories?post=32920"},{"taxonomy":"post_tag","embeddable":true,"href":"https:\/\/www.lichen.pl\/fr\/wp-json\/wp\/v2\/tags?post=32920"}],"curies":[{"name":"wp","href":"https:\/\/api.w.org\/{rel}","templated":true}]}}