{"id":52898,"date":"2023-05-03T21:38:11","date_gmt":"2023-05-03T19:38:11","guid":{"rendered":"https:\/\/www.lichen.pl\/dzien-flagi-2023-copy\/"},"modified":"2023-05-03T22:00:45","modified_gmt":"2023-05-03T20:00:45","slug":"3-maja-2023","status":"publish","type":"post","link":"https:\/\/www.lichen.pl\/fr\/3-maja-2023\/","title":{"rendered":"Polskie serce bije dzi\u015b dla Maryi"},"content":{"rendered":"<div data-elementor-type=\"wp-post\" data-elementor-id=\"52898\" class=\"elementor elementor-52898\" data-elementor-post-type=\"post\">\n\t\t\t\t\t\t<section class=\"elementor-section elementor-top-section elementor-element elementor-element-abcfcb9 elementor-section-boxed elementor-section-height-default elementor-section-height-default\" data-id=\"abcfcb9\" data-element_type=\"section\" data-e-type=\"section\">\n\t\t\t\t\t\t<div class=\"elementor-container elementor-column-gap-default\">\n\t\t\t\t\t<div class=\"elementor-column elementor-col-100 elementor-top-column elementor-element elementor-element-05ce722\" data-id=\"05ce722\" data-element_type=\"column\" data-e-type=\"column\">\n\t\t\t<div class=\"elementor-widget-wrap elementor-element-populated\">\n\t\t\t\t\t\t<div class=\"elementor-element elementor-element-029fda6 elementor-widget elementor-widget-heading\" data-id=\"029fda6\" data-element_type=\"widget\" data-e-type=\"widget\" data-widget_type=\"heading.default\">\n\t\t\t\t<div class=\"elementor-widget-container\">\n\t\t\t\t\t<h2 class=\"elementor-heading-title elementor-size-default\">\u2013 Patrzymy z mi\u0142o\u015bci\u0105 na Polsk\u0119, nasz\u0105 Ojczyzn\u0119 i chcemy wyprasza\u0107 dla nas wszelkich potrzebnych \u0142ask, by\u015bmy trwali przy Bogu, jak Maryja, s\u0142u\u017c\u0105c Jemu i sobie nawzajem \u2013 m\u00f3wi\u0142 ks. Janusz Kumala MIC, kustosz liche\u0144skiego sanktuarium w czasie g\u0142\u00f3wnej Mszy \u015awi\u0119tej w bazylice liche\u0144skiej w \u015brod\u0119, 3 maja. Podczas liturgii pami\u0119tano w modlitwie tak\u017ce o maturzystach, kt\u00f3rzy jutro rozpoczn\u0105 swoje egzaminy dojrza\u0142o\u015bci. Podczas g\u0142\u00f3wnej Mszy \u015awi\u0119tej w liche\u0144skiej \u015bwi\u0105tyni modli\u0142o si\u0119 niemal 3 tysi\u0105ce pielgrzym\u00f3w.<\/h2>\t\t\t\t<\/div>\n\t\t\t\t<\/div>\n\t\t\t\t<section class=\"elementor-section elementor-inner-section elementor-element elementor-element-ce7779d elementor-section-boxed elementor-section-height-default elementor-section-height-default\" data-id=\"ce7779d\" data-element_type=\"section\" data-e-type=\"section\">\n\t\t\t\t\t\t<div class=\"elementor-container elementor-column-gap-default\">\n\t\t\t\t\t<div class=\"elementor-column elementor-col-50 elementor-inner-column elementor-element elementor-element-a0f309e\" data-id=\"a0f309e\" data-element_type=\"column\" data-e-type=\"column\">\n\t\t\t<div class=\"elementor-widget-wrap elementor-element-populated\">\n\t\t\t\t\t\t<div class=\"elementor-element elementor-element-ba7b0e5 elementor-widget__width-initial elementor-widget elementor-widget-text-editor\" data-id=\"ba7b0e5\" data-element_type=\"widget\" data-e-type=\"widget\" data-widget_type=\"text-editor.default\">\n\t\t\t\t<div class=\"elementor-widget-container\">\n\t\t\t\t\t\t\t\t\t<div class=\"x11i5rnm xat24cr x1mh8g0r x1vvkbs xtlvy1s x126k92a\"><div dir=\"auto\"><p>3 maja obchodzone s\u0105 dwie wa\u017cne uroczysto\u015bci, Naj\u015bwi\u0119tszej Maryi Panny, Kr\u00f3lowej Polski, g\u0142\u00f3wnej Patronki naszego kraju oraz rocznica uchwalenia Konstytucji 3 Maja.<\/p><p>\u2013 Gdziekolwiek bije dzi\u015b polskie serce, bije dla Maryi, Matki i Kr\u00f3lowej Polski. Polacy patrz\u0105 na wiele wizerunk\u00f3w Matki Bo\u017cej na ziemi polskiej i poza jej granicami. My dzi\u015b wpatrujemy si\u0119 w oblicze Matki Bo\u017cej Liche\u0144skiej, kt\u00f3r\u0105 nazywamy Bolesn\u0105 Kr\u00f3low\u0105 Polski \u2013 zauwa\u017cy\u0142 ks. Kumala, kt\u00f3ry wyja\u015bni\u0142 w homilii histori\u0119 nazywania Matki Bo\u017cej Kr\u00f3low\u0105 Polski.<\/p><\/div><\/div>\t\t\t\t\t\t\t\t<\/div>\n\t\t\t\t<\/div>\n\t\t\t\t\t<\/div>\n\t\t<\/div>\n\t\t\t\t<div class=\"elementor-column elementor-col-50 elementor-inner-column elementor-element elementor-element-4743ad1\" data-id=\"4743ad1\" data-element_type=\"column\" data-e-type=\"column\">\n\t\t\t<div class=\"elementor-widget-wrap elementor-element-populated\">\n\t\t\t\t\t\t<div class=\"elementor-element elementor-element-1714b79 elementor-widget elementor-widget-image\" data-id=\"1714b79\" data-element_type=\"widget\" data-e-type=\"widget\" data-widget_type=\"image.default\">\n\t\t\t\t<div class=\"elementor-widget-container\">\n\t\t\t\t\t\t\t\t\t\t\t\t\t\t\t<img fetchpriority=\"high\" decoding=\"async\" width=\"1024\" height=\"683\" src=\"https:\/\/www.lichen.pl\/wp-content\/uploads\/2023\/05\/IMG_9623-1024x683.jpg\" class=\"attachment-large size-large wp-image-52900\" alt=\"\" srcset=\"https:\/\/www.lichen.pl\/wp-content\/uploads\/2023\/05\/IMG_9623-1024x683.jpg 1024w, https:\/\/www.lichen.pl\/wp-content\/uploads\/2023\/05\/IMG_9623-800x533.jpg 800w, https:\/\/www.lichen.pl\/wp-content\/uploads\/2023\/05\/IMG_9623-300x200.jpg 300w, https:\/\/www.lichen.pl\/wp-content\/uploads\/2023\/05\/IMG_9623-768x512.jpg 768w, https:\/\/www.lichen.pl\/wp-content\/uploads\/2023\/05\/IMG_9623-1536x1024.jpg 1536w, https:\/\/www.lichen.pl\/wp-content\/uploads\/2023\/05\/IMG_9623-2048x1365.jpg 2048w, https:\/\/www.lichen.pl\/wp-content\/uploads\/2023\/05\/IMG_9623-18x12.jpg 18w, https:\/\/www.lichen.pl\/wp-content\/uploads\/2023\/05\/IMG_9623.jpg 1920w\" sizes=\"(max-width: 1024px) 100vw, 1024px\" \/>\t\t\t\t\t\t\t\t\t\t\t\t\t\t\t<\/div>\n\t\t\t\t<\/div>\n\t\t\t\t\t<\/div>\n\t\t<\/div>\n\t\t\t\t\t<\/div>\n\t\t<\/section>\n\t\t\t\t<div class=\"elementor-element elementor-element-a09ac92 elementor-widget elementor-widget-text-editor\" data-id=\"a09ac92\" data-element_type=\"widget\" data-e-type=\"widget\" data-widget_type=\"text-editor.default\">\n\t\t\t\t<div class=\"elementor-widget-container\">\n\t\t\t\t\t\t\t\t\t<div class=\"x11i5rnm xat24cr x1mh8g0r x1vvkbs xtlvy1s x126k92a\"><div dir=\"auto\">To wo\u0142anie Maryi us\u0142ysza\u0142 pokorny zakonnik, jezuita. Ojciec Juliusz Mancinelli w czasie modlitwy 14 sierpnia 1608 roku do\u015bwiadczy\u0142 ekstazy i widzenia Matki Bo\u017cej. Na pytanie, jakim tytu\u0142em jeszcze ma j\u0105 chwali\u0107, odpowiedzia\u0142a, \u017ce jako Kr\u00f3low\u0105 Polski.<\/div><div dir=\"auto\"><p>\u2013 Wie\u015b\u0107 szybko si\u0119 roznios\u0142a, kaznodzieje m\u00f3wili o tym na ambonach, ludzie modlili si\u0119 tym prostym wezwaniem, Maryjo, Kr\u00f3lowo Polski, m\u00f3dl si\u0119 za nami \u2013 Ksi\u0105dz Kumala w homilii opowiedzia\u0142 tak\u017ce histori\u0119 liche\u0144skiej ikony, kt\u00f3ra jest jedn\u0105 z kopii wizerunku bledzewskiego w szacie kr\u00f3lewskiej \u2013 W pierwszej po\u0142owie XVII wieku w Bledzewie bracia cystersi mieli u siebie wizerunek Matki Bo\u017cej przedstawiaj\u0105cy jedynie twarz Maryi, kt\u00f3ry znamy dzi\u015b jako rokitnia\u0144ski.<\/p><p>\u2013 Gdy cze\u015b\u0107 Maryi Kr\u00f3lowej Polski roznios\u0142a si\u0119 po ca\u0142ym kraju i nadesz\u0142y tragiczne dni Potopu Szwedzkiego, kr\u00f3l Jan Kazimierz skierowa\u0142 do papie\u017ca pro\u015bb\u0119 o ratunek, a ten zwr\u00f3ci\u0142 uwag\u0119, by nar\u00f3d polski zwraca\u0142 si\u0119 o pomoc do Kr\u00f3lowej, Maryi. 1 kwietnia 1656 roku przed obrazem Matki Bo\u017cej \u0141askawej kl\u0119ka kr\u00f3l Jan Kazimierz. Odk\u0142ada na bok koron\u0119 i ber\u0142o kr\u00f3lewskie, i obiera Maryj\u0119 na Kr\u00f3low\u0105 Polski. Powierza Jej ca\u0142e swoje kr\u00f3lestwo. W ten spos\u00f3b rozpoczyna si\u0119 nasza szczeg\u00f3lna wi\u0119\u017a z Maryj\u0105 poprzez ten tytu\u0142 \u2013 opowiada\u0142 ks. Kumala.<\/p><p>Kustosz liche\u0144skiego sanktuarium wyja\u015bni\u0142 tak\u017ce, dlaczego w Licheniu Maryja tytu\u0142owana jest jako Bolesna. Bia\u0142y Orze\u0142 i korona wyra\u017caj\u0105 bardzo jasno, \u017ce jest Kr\u00f3low\u0105 Polski. Fakt, \u017ce jest Bolesn\u0105 mo\u017cna rozpozna\u0107 po znakach M\u0119ki Pa\u0144skiej umieszczonych na brzegu Jej szat.<\/p><p>\u2013 Maryja prowadzi nas pod krzy\u017c, na Golgot\u0119. Zwraca uwag\u0119 nie tyle na cierpienie i b\u00f3l Jezusa, ale na wydarzenie najwi\u0119ksze w dziejach wszech\u015bwiata: oto Syn Bo\u017cy umiera, oddaje \u017cycie za ludzko\u015b\u0107, dokonuje si\u0119 dzie\u0142o odkupienia. Maryja chce nas prowadzi\u0107 nieustannie do \u0179r\u00f3d\u0142a \u017cycia, \u00a0do przemiany naszego \u017cycia i naszej Ojczyzny. Zawsze towarzyszy\u0142a w cierpieniach narodowi polskiemu.<\/p><p>\u2013 Znakiem Jej obecno\u015bci s\u0105 objawienia w gr\u0105bli\u0144skim lesie, kt\u00f3re mia\u0142y miejsce, gdy m\u0142ode pokolenia nie zna\u0142y ju\u017c wolnej Polski (1850). Przez Miko\u0142aja Sikatk\u0119 przekazywa\u0142a, by ludzie wr\u00f3cili do krzy\u017ca, nawr\u00f3cili si\u0119 i zmieniali \u017cycie. Ca\u0142y XIX wiek by\u0142 wysi\u0142kiem, by Polska zn\u00f3w wr\u00f3ci\u0142a na mapy Europy, trudem nie tylko zbrojnym, ale r\u00f3wnie\u017c wytrwa\u0142a, codzienna prac\u0105, by nie zapomnie\u0107 o wolnej ojczy\u017anie. Przez te lata towarzyszy\u0142a nam Maryja z Bia\u0142ym or\u0142em na piersiach, kt\u00f3r\u0105 podczas koronacji wizerunku w Licheniu b\u0142. kard. Stefan Wyszy\u0144ski nazwa\u0142 \u201eZwiastunk\u0105 pokoju i jedno\u015bci narodu\u201d \u2013 wspomina\u0142 ksi\u0105dz kustosz \u2013 Pochyla si\u0119 jako bolesna nad ka\u017cdym z nas. Widzi nasze serca ogarni\u0119te cz\u0119sto grzechem, dlatego do Lichenia przybywamy, by si\u0119 spowiada\u0107, odzyska\u0107 pok\u00f3j. Prowadzi nas pod krzy\u017c, by\u015bmy tam od Chrystusa przyj\u0119li dar pokoju i jedno\u015bci \u2013 tak mo\u017cna odczyta\u0107 przes\u0142anie Matki Bo\u017cej w Licheniu \u2013 wyja\u015bnia\u0142 ks. Kumala, zach\u0119caj\u0105c, by przyj\u0105\u0107 Maryj\u0119 jako Matk\u0119 i Nauczycielk\u0119.<\/p><\/div><\/div>\t\t\t\t\t\t\t\t<\/div>\n\t\t\t\t<\/div>\n\t\t\t\t\t<\/div>\n\t\t<\/div>\n\t\t\t\t\t<\/div>\n\t\t<\/section>\n\t\t\t\t<\/div>","protected":false},"excerpt":{"rendered":"<p>\u2013 Patrzymy z mi\u0142o\u015bci\u0105 na Polsk\u0119, nasz\u0105 Ojczyzn\u0119 i chcemy wyprasza\u0107 dla nas wszelkich potrzebnych \u0142ask, by\u015bmy trwali przy Bogu, jak Maryja, s\u0142u\u017c\u0105c Jemu i sobie nawzajem \u2013 m\u00f3wi\u0142 ks. Janusz Kumala MIC, kustosz liche\u0144skiego sanktuarium w czasie g\u0142\u00f3wnej Mszy \u015awi\u0119tej w bazylice liche\u0144skiej w \u015brod\u0119, 3 maja. Podczas liturgii pami\u0119tano w modlitwie tak\u017ce o [&hellip;]<\/p>\n","protected":false},"author":5,"featured_media":52900,"comment_status":"closed","ping_status":"closed","sticky":false,"template":"","format":"standard","meta":{"footnotes":""},"categories":[1],"tags":[],"class_list":["post-52898","post","type-post","status-publish","format-standard","has-post-thumbnail","hentry","category-aktualnosci","wpbf-post"],"yoast_head":"<!-- This site is optimized with the Yoast SEO plugin v27.4 - https:\/\/yoast.com\/product\/yoast-seo-wordpress\/ -->\n<title>Polskie serce bije dzi\u015b dla Maryi - SANKTUARIUM W LICHENIU<\/title>\n<meta name=\"robots\" content=\"index, follow, max-snippet:-1, max-image-preview:large, max-video-preview:-1\" \/>\n<link rel=\"canonical\" href=\"https:\/\/www.lichen.pl\/fr\/3-maja-2023\/\" \/>\n<meta property=\"og:locale\" content=\"fr_FR\" \/>\n<meta property=\"og:type\" content=\"article\" \/>\n<meta property=\"og:title\" content=\"Polskie serce bije dzi\u015b dla Maryi - SANKTUARIUM W LICHENIU\" \/>\n<meta property=\"og:description\" content=\"\u2013 Patrzymy z mi\u0142o\u015bci\u0105 na Polsk\u0119, nasz\u0105 Ojczyzn\u0119 i chcemy wyprasza\u0107 dla nas wszelkich potrzebnych \u0142ask, by\u015bmy trwali przy Bogu, jak Maryja, s\u0142u\u017c\u0105c Jemu i sobie nawzajem \u2013 m\u00f3wi\u0142 ks. Janusz Kumala MIC, kustosz liche\u0144skiego sanktuarium w czasie g\u0142\u00f3wnej Mszy \u015awi\u0119tej w bazylice liche\u0144skiej w \u015brod\u0119, 3 maja. Podczas liturgii pami\u0119tano w modlitwie tak\u017ce o [&hellip;]\" \/>\n<meta property=\"og:url\" content=\"https:\/\/www.lichen.pl\/fr\/3-maja-2023\/\" \/>\n<meta property=\"og:site_name\" content=\"SANKTUARIUM W LICHENIU\" \/>\n<meta property=\"article:published_time\" content=\"2023-05-03T19:38:11+00:00\" \/>\n<meta property=\"article:modified_time\" content=\"2023-05-03T20:00:45+00:00\" \/>\n<meta property=\"og:image\" content=\"https:\/\/www.lichen.pl\/wp-content\/uploads\/2023\/05\/IMG_9623-1024x683.jpg\" \/>\n\t<meta property=\"og:image:width\" content=\"1024\" \/>\n\t<meta property=\"og:image:height\" content=\"683\" \/>\n\t<meta property=\"og:image:type\" content=\"image\/jpeg\" \/>\n<meta name=\"author\" content=\"Justyna Zacharek\" \/>\n<meta name=\"twitter:card\" content=\"summary_large_image\" \/>\n<meta name=\"twitter:label1\" content=\"\u00c9crit par\" \/>\n\t<meta name=\"twitter:data1\" content=\"Justyna Zacharek\" \/>\n\t<meta name=\"twitter:label2\" content=\"Dur\u00e9e de lecture estim\u00e9e\" \/>\n\t<meta name=\"twitter:data2\" content=\"4 minutes\" \/>\n<script type=\"application\/ld+json\" class=\"yoast-schema-graph\">{\"@context\":\"https:\\\/\\\/schema.org\",\"@graph\":[{\"@type\":\"Article\",\"@id\":\"https:\\\/\\\/www.lichen.pl\\\/3-maja-2023\\\/#article\",\"isPartOf\":{\"@id\":\"https:\\\/\\\/www.lichen.pl\\\/3-maja-2023\\\/\"},\"author\":{\"name\":\"Justyna Zacharek\",\"@id\":\"https:\\\/\\\/www.lichen.pl\\\/fr\\\/#\\\/schema\\\/person\\\/9f57a1408d363022abd305da0323b703\"},\"headline\":\"Polskie serce bije dzi\u015b dla Maryi\",\"datePublished\":\"2023-05-03T19:38:11+00:00\",\"dateModified\":\"2023-05-03T20:00:45+00:00\",\"mainEntityOfPage\":{\"@id\":\"https:\\\/\\\/www.lichen.pl\\\/3-maja-2023\\\/\"},\"wordCount\":714,\"image\":{\"@id\":\"https:\\\/\\\/www.lichen.pl\\\/3-maja-2023\\\/#primaryimage\"},\"thumbnailUrl\":\"https:\\\/\\\/www.lichen.pl\\\/wp-content\\\/uploads\\\/2023\\\/05\\\/IMG_9623.jpg\",\"articleSection\":[\"Aktualno\u015bci\"],\"inLanguage\":\"fr-FR\"},{\"@type\":\"WebPage\",\"@id\":\"https:\\\/\\\/www.lichen.pl\\\/3-maja-2023\\\/\",\"url\":\"https:\\\/\\\/www.lichen.pl\\\/3-maja-2023\\\/\",\"name\":\"Polskie serce bije dzi\u015b dla Maryi - SANKTUARIUM W LICHENIU\",\"isPartOf\":{\"@id\":\"https:\\\/\\\/www.lichen.pl\\\/fr\\\/#website\"},\"primaryImageOfPage\":{\"@id\":\"https:\\\/\\\/www.lichen.pl\\\/3-maja-2023\\\/#primaryimage\"},\"image\":{\"@id\":\"https:\\\/\\\/www.lichen.pl\\\/3-maja-2023\\\/#primaryimage\"},\"thumbnailUrl\":\"https:\\\/\\\/www.lichen.pl\\\/wp-content\\\/uploads\\\/2023\\\/05\\\/IMG_9623.jpg\",\"datePublished\":\"2023-05-03T19:38:11+00:00\",\"dateModified\":\"2023-05-03T20:00:45+00:00\",\"author\":{\"@id\":\"https:\\\/\\\/www.lichen.pl\\\/fr\\\/#\\\/schema\\\/person\\\/9f57a1408d363022abd305da0323b703\"},\"breadcrumb\":{\"@id\":\"https:\\\/\\\/www.lichen.pl\\\/3-maja-2023\\\/#breadcrumb\"},\"inLanguage\":\"fr-FR\",\"potentialAction\":[{\"@type\":\"ReadAction\",\"target\":[\"https:\\\/\\\/www.lichen.pl\\\/3-maja-2023\\\/\"]}]},{\"@type\":\"ImageObject\",\"inLanguage\":\"fr-FR\",\"@id\":\"https:\\\/\\\/www.lichen.pl\\\/3-maja-2023\\\/#primaryimage\",\"url\":\"https:\\\/\\\/www.lichen.pl\\\/wp-content\\\/uploads\\\/2023\\\/05\\\/IMG_9623.jpg\",\"contentUrl\":\"https:\\\/\\\/www.lichen.pl\\\/wp-content\\\/uploads\\\/2023\\\/05\\\/IMG_9623.jpg\",\"width\":1920,\"height\":1280},{\"@type\":\"BreadcrumbList\",\"@id\":\"https:\\\/\\\/www.lichen.pl\\\/3-maja-2023\\\/#breadcrumb\",\"itemListElement\":[{\"@type\":\"ListItem\",\"position\":1,\"name\":\"Strona g\u0142\u00f3wna\",\"item\":\"https:\\\/\\\/www.lichen.pl\\\/\"},{\"@type\":\"ListItem\",\"position\":2,\"name\":\"Polskie serce bije dzi\u015b dla Maryi\"}]},{\"@type\":\"WebSite\",\"@id\":\"https:\\\/\\\/www.lichen.pl\\\/fr\\\/#website\",\"url\":\"https:\\\/\\\/www.lichen.pl\\\/fr\\\/\",\"name\":\"SANKTUARIUM W LICHENIU\",\"description\":\"MATKI BO\u017bEJ LICHE\u0143SKIEJ BOLESNEJ KR\u00d3LOWEJ POLSKI\",\"potentialAction\":[{\"@type\":\"SearchAction\",\"target\":{\"@type\":\"EntryPoint\",\"urlTemplate\":\"https:\\\/\\\/www.lichen.pl\\\/fr\\\/?s={search_term_string}\"},\"query-input\":{\"@type\":\"PropertyValueSpecification\",\"valueRequired\":true,\"valueName\":\"search_term_string\"}}],\"inLanguage\":\"fr-FR\"},{\"@type\":\"Person\",\"@id\":\"https:\\\/\\\/www.lichen.pl\\\/fr\\\/#\\\/schema\\\/person\\\/9f57a1408d363022abd305da0323b703\",\"name\":\"Justyna Zacharek\",\"image\":{\"@type\":\"ImageObject\",\"inLanguage\":\"fr-FR\",\"@id\":\"https:\\\/\\\/secure.gravatar.com\\\/avatar\\\/7be193626a4fb4d6a7d53a7686c3bbf938efff653c427e0182457b838e9d2c3b?s=96&d=retro&r=g\",\"url\":\"https:\\\/\\\/secure.gravatar.com\\\/avatar\\\/7be193626a4fb4d6a7d53a7686c3bbf938efff653c427e0182457b838e9d2c3b?s=96&d=retro&r=g\",\"contentUrl\":\"https:\\\/\\\/secure.gravatar.com\\\/avatar\\\/7be193626a4fb4d6a7d53a7686c3bbf938efff653c427e0182457b838e9d2c3b?s=96&d=retro&r=g\",\"caption\":\"Justyna Zacharek\"},\"url\":\"https:\\\/\\\/www.lichen.pl\\\/fr\\\/author\\\/justyna\\\/\"}]}<\/script>\n<!-- \/ Yoast SEO plugin. -->","yoast_head_json":{"title":"Polskie serce bije dzi\u015b dla Maryi - SANKTUARIUM W LICHENIU","robots":{"index":"index","follow":"follow","max-snippet":"max-snippet:-1","max-image-preview":"max-image-preview:large","max-video-preview":"max-video-preview:-1"},"canonical":"https:\/\/www.lichen.pl\/fr\/3-maja-2023\/","og_locale":"fr_FR","og_type":"article","og_title":"Polskie serce bije dzi\u015b dla Maryi - SANKTUARIUM W LICHENIU","og_description":"\u2013 Patrzymy z mi\u0142o\u015bci\u0105 na Polsk\u0119, nasz\u0105 Ojczyzn\u0119 i chcemy wyprasza\u0107 dla nas wszelkich potrzebnych \u0142ask, by\u015bmy trwali przy Bogu, jak Maryja, s\u0142u\u017c\u0105c Jemu i sobie nawzajem \u2013 m\u00f3wi\u0142 ks. Janusz Kumala MIC, kustosz liche\u0144skiego sanktuarium w czasie g\u0142\u00f3wnej Mszy \u015awi\u0119tej w bazylice liche\u0144skiej w \u015brod\u0119, 3 maja. Podczas liturgii pami\u0119tano w modlitwie tak\u017ce o [&hellip;]","og_url":"https:\/\/www.lichen.pl\/fr\/3-maja-2023\/","og_site_name":"SANKTUARIUM W LICHENIU","article_published_time":"2023-05-03T19:38:11+00:00","article_modified_time":"2023-05-03T20:00:45+00:00","og_image":[{"width":1024,"height":683,"url":"https:\/\/www.lichen.pl\/wp-content\/uploads\/2023\/05\/IMG_9623-1024x683.jpg","type":"image\/jpeg"}],"author":"Justyna Zacharek","twitter_card":"summary_large_image","twitter_misc":{"\u00c9crit par":"Justyna Zacharek","Dur\u00e9e de lecture estim\u00e9e":"4 minutes"},"schema":{"@context":"https:\/\/schema.org","@graph":[{"@type":"Article","@id":"https:\/\/www.lichen.pl\/3-maja-2023\/#article","isPartOf":{"@id":"https:\/\/www.lichen.pl\/3-maja-2023\/"},"author":{"name":"Justyna Zacharek","@id":"https:\/\/www.lichen.pl\/fr\/#\/schema\/person\/9f57a1408d363022abd305da0323b703"},"headline":"Polskie serce bije dzi\u015b dla Maryi","datePublished":"2023-05-03T19:38:11+00:00","dateModified":"2023-05-03T20:00:45+00:00","mainEntityOfPage":{"@id":"https:\/\/www.lichen.pl\/3-maja-2023\/"},"wordCount":714,"image":{"@id":"https:\/\/www.lichen.pl\/3-maja-2023\/#primaryimage"},"thumbnailUrl":"https:\/\/www.lichen.pl\/wp-content\/uploads\/2023\/05\/IMG_9623.jpg","articleSection":["Aktualno\u015bci"],"inLanguage":"fr-FR"},{"@type":"WebPage","@id":"https:\/\/www.lichen.pl\/3-maja-2023\/","url":"https:\/\/www.lichen.pl\/3-maja-2023\/","name":"Polskie serce bije dzi\u015b dla Maryi - SANKTUARIUM W LICHENIU","isPartOf":{"@id":"https:\/\/www.lichen.pl\/fr\/#website"},"primaryImageOfPage":{"@id":"https:\/\/www.lichen.pl\/3-maja-2023\/#primaryimage"},"image":{"@id":"https:\/\/www.lichen.pl\/3-maja-2023\/#primaryimage"},"thumbnailUrl":"https:\/\/www.lichen.pl\/wp-content\/uploads\/2023\/05\/IMG_9623.jpg","datePublished":"2023-05-03T19:38:11+00:00","dateModified":"2023-05-03T20:00:45+00:00","author":{"@id":"https:\/\/www.lichen.pl\/fr\/#\/schema\/person\/9f57a1408d363022abd305da0323b703"},"breadcrumb":{"@id":"https:\/\/www.lichen.pl\/3-maja-2023\/#breadcrumb"},"inLanguage":"fr-FR","potentialAction":[{"@type":"ReadAction","target":["https:\/\/www.lichen.pl\/3-maja-2023\/"]}]},{"@type":"ImageObject","inLanguage":"fr-FR","@id":"https:\/\/www.lichen.pl\/3-maja-2023\/#primaryimage","url":"https:\/\/www.lichen.pl\/wp-content\/uploads\/2023\/05\/IMG_9623.jpg","contentUrl":"https:\/\/www.lichen.pl\/wp-content\/uploads\/2023\/05\/IMG_9623.jpg","width":1920,"height":1280},{"@type":"BreadcrumbList","@id":"https:\/\/www.lichen.pl\/3-maja-2023\/#breadcrumb","itemListElement":[{"@type":"ListItem","position":1,"name":"Strona g\u0142\u00f3wna","item":"https:\/\/www.lichen.pl\/"},{"@type":"ListItem","position":2,"name":"Polskie serce bije dzi\u015b dla Maryi"}]},{"@type":"WebSite","@id":"https:\/\/www.lichen.pl\/fr\/#website","url":"https:\/\/www.lichen.pl\/fr\/","name":"SANCTUAIRE EN LICHENIE","description":"LA MAUVAISE REINE DE POLOGNE DE NOTRE LICHEN","potentialAction":[{"@type":"SearchAction","target":{"@type":"EntryPoint","urlTemplate":"https:\/\/www.lichen.pl\/fr\/?s={search_term_string}"},"query-input":{"@type":"PropertyValueSpecification","valueRequired":true,"valueName":"search_term_string"}}],"inLanguage":"fr-FR"},{"@type":"Person","@id":"https:\/\/www.lichen.pl\/fr\/#\/schema\/person\/9f57a1408d363022abd305da0323b703","name":"Justyna Zacharek","image":{"@type":"ImageObject","inLanguage":"fr-FR","@id":"https:\/\/secure.gravatar.com\/avatar\/7be193626a4fb4d6a7d53a7686c3bbf938efff653c427e0182457b838e9d2c3b?s=96&d=retro&r=g","url":"https:\/\/secure.gravatar.com\/avatar\/7be193626a4fb4d6a7d53a7686c3bbf938efff653c427e0182457b838e9d2c3b?s=96&d=retro&r=g","contentUrl":"https:\/\/secure.gravatar.com\/avatar\/7be193626a4fb4d6a7d53a7686c3bbf938efff653c427e0182457b838e9d2c3b?s=96&d=retro&r=g","caption":"Justyna Zacharek"},"url":"https:\/\/www.lichen.pl\/fr\/author\/justyna\/"}]}},"_links":{"self":[{"href":"https:\/\/www.lichen.pl\/fr\/wp-json\/wp\/v2\/posts\/52898","targetHints":{"allow":["GET"]}}],"collection":[{"href":"https:\/\/www.lichen.pl\/fr\/wp-json\/wp\/v2\/posts"}],"about":[{"href":"https:\/\/www.lichen.pl\/fr\/wp-json\/wp\/v2\/types\/post"}],"author":[{"embeddable":true,"href":"https:\/\/www.lichen.pl\/fr\/wp-json\/wp\/v2\/users\/5"}],"replies":[{"embeddable":true,"href":"https:\/\/www.lichen.pl\/fr\/wp-json\/wp\/v2\/comments?post=52898"}],"version-history":[{"count":4,"href":"https:\/\/www.lichen.pl\/fr\/wp-json\/wp\/v2\/posts\/52898\/revisions"}],"predecessor-version":[{"id":52904,"href":"https:\/\/www.lichen.pl\/fr\/wp-json\/wp\/v2\/posts\/52898\/revisions\/52904"}],"wp:featuredmedia":[{"embeddable":true,"href":"https:\/\/www.lichen.pl\/fr\/wp-json\/wp\/v2\/media\/52900"}],"wp:attachment":[{"href":"https:\/\/www.lichen.pl\/fr\/wp-json\/wp\/v2\/media?parent=52898"}],"wp:term":[{"taxonomy":"category","embeddable":true,"href":"https:\/\/www.lichen.pl\/fr\/wp-json\/wp\/v2\/categories?post=52898"},{"taxonomy":"post_tag","embeddable":true,"href":"https:\/\/www.lichen.pl\/fr\/wp-json\/wp\/v2\/tags?post=52898"}],"curies":[{"name":"wp","href":"https:\/\/api.w.org\/{rel}","templated":true}]}}