{"id":57506,"date":"2023-08-19T22:38:26","date_gmt":"2023-08-19T20:38:26","guid":{"rendered":"https:\/\/www.lichen.pl\/?p=57506"},"modified":"2023-08-19T23:32:54","modified_gmt":"2023-08-19T21:32:54","slug":"modlitwa-o-pokoj-na-ukrainie","status":"publish","type":"post","link":"https:\/\/www.lichen.pl\/fr\/modlitwa-o-pokoj-na-ukrainie\/","title":{"rendered":"Modlitwa o pok\u00f3j na Ukrainie"},"content":{"rendered":"<div data-elementor-type=\"wp-post\" data-elementor-id=\"57506\" class=\"elementor elementor-57506\" data-elementor-post-type=\"post\">\n\t\t\t\t\t\t<section class=\"elementor-section elementor-top-section elementor-element elementor-element-8ff83d7 elementor-section-boxed elementor-section-height-default elementor-section-height-default\" data-id=\"8ff83d7\" data-element_type=\"section\" data-e-type=\"section\">\n\t\t\t\t\t\t<div class=\"elementor-container elementor-column-gap-default\">\n\t\t\t\t\t<div class=\"elementor-column elementor-col-100 elementor-top-column elementor-element elementor-element-5a75d02\" data-id=\"5a75d02\" data-element_type=\"column\" data-e-type=\"column\">\n\t\t\t<div class=\"elementor-widget-wrap elementor-element-populated\">\n\t\t\t\t\t\t<div class=\"elementor-element elementor-element-bc795ca elementor-widget elementor-widget-heading\" data-id=\"bc795ca\" data-element_type=\"widget\" data-e-type=\"widget\" data-widget_type=\"heading.default\">\n\t\t\t\t<div class=\"elementor-widget-container\">\n\t\t\t\t\t<h2 class=\"elementor-heading-title elementor-size-default\">Dzie\u0144 modlitw o pok\u00f3j na Ukrainie i pojednanie polsko-ukrai\u0144skie odby\u0142 si\u0119 w Licheniu 19 sierpnia. Po g\u0142\u00f3wnej Mszy \u015awi\u0119tej, kt\u00f3rej przed cudownym obrazem Matki Bo\u017cej Liche\u0144skiej, Bolesnej Kr\u00f3lowej Polski przewodniczy\u0142 ks. Adam Stankiewicz MIC, wicekustosz sanktuarium, odby\u0142 si\u0119 koncert w wykonaniu artyst\u00f3w z Ukrainy. <\/h2>\t\t\t\t<\/div>\n\t\t\t\t<\/div>\n\t\t\t\t\t<\/div>\n\t\t<\/div>\n\t\t\t\t\t<\/div>\n\t\t<\/section>\n\t\t\t\t<section class=\"elementor-section elementor-top-section elementor-element elementor-element-5dca0f0 elementor-section-boxed elementor-section-height-default elementor-section-height-default\" data-id=\"5dca0f0\" data-element_type=\"section\" data-e-type=\"section\">\n\t\t\t\t\t\t<div class=\"elementor-container elementor-column-gap-default\">\n\t\t\t\t\t<div class=\"elementor-column elementor-col-100 elementor-top-column elementor-element elementor-element-9a29414\" data-id=\"9a29414\" data-element_type=\"column\" data-e-type=\"column\">\n\t\t\t<div class=\"elementor-widget-wrap elementor-element-populated\">\n\t\t\t\t\t\t<section class=\"elementor-section elementor-inner-section elementor-element elementor-element-0a92b0c elementor-section-boxed elementor-section-height-default elementor-section-height-default\" data-id=\"0a92b0c\" data-element_type=\"section\" data-e-type=\"section\">\n\t\t\t\t\t\t<div class=\"elementor-container elementor-column-gap-default\">\n\t\t\t\t\t<div class=\"elementor-column elementor-col-50 elementor-inner-column elementor-element elementor-element-4e13d16\" data-id=\"4e13d16\" data-element_type=\"column\" data-e-type=\"column\">\n\t\t\t<div class=\"elementor-widget-wrap elementor-element-populated\">\n\t\t\t\t\t\t<div class=\"elementor-element elementor-element-656cffc elementor-widget elementor-widget-image\" data-id=\"656cffc\" data-element_type=\"widget\" data-e-type=\"widget\" data-widget_type=\"image.default\">\n\t\t\t\t<div class=\"elementor-widget-container\">\n\t\t\t\t\t\t\t\t\t\t\t\t\t\t\t<img fetchpriority=\"high\" decoding=\"async\" width=\"1024\" height=\"683\" src=\"https:\/\/www.lichen.pl\/wp-content\/uploads\/2023\/08\/Dzien-modlitw-o-pokoj-na-Ukrainie-11-1024x683.jpg\" class=\"attachment-large size-large wp-image-57507\" alt=\"\" srcset=\"https:\/\/www.lichen.pl\/wp-content\/uploads\/2023\/08\/Dzien-modlitw-o-pokoj-na-Ukrainie-11-1024x683.jpg 1024w, https:\/\/www.lichen.pl\/wp-content\/uploads\/2023\/08\/Dzien-modlitw-o-pokoj-na-Ukrainie-11-800x533.jpg 800w, https:\/\/www.lichen.pl\/wp-content\/uploads\/2023\/08\/Dzien-modlitw-o-pokoj-na-Ukrainie-11-300x200.jpg 300w, https:\/\/www.lichen.pl\/wp-content\/uploads\/2023\/08\/Dzien-modlitw-o-pokoj-na-Ukrainie-11-768x512.jpg 768w, https:\/\/www.lichen.pl\/wp-content\/uploads\/2023\/08\/Dzien-modlitw-o-pokoj-na-Ukrainie-11-1536x1024.jpg 1536w, https:\/\/www.lichen.pl\/wp-content\/uploads\/2023\/08\/Dzien-modlitw-o-pokoj-na-Ukrainie-11-2048x1365.jpg 2048w, https:\/\/www.lichen.pl\/wp-content\/uploads\/2023\/08\/Dzien-modlitw-o-pokoj-na-Ukrainie-11-18x12.jpg 18w, https:\/\/www.lichen.pl\/wp-content\/uploads\/2023\/08\/Dzien-modlitw-o-pokoj-na-Ukrainie-11.jpg 1920w\" sizes=\"(max-width: 1024px) 100vw, 1024px\" \/>\t\t\t\t\t\t\t\t\t\t\t\t\t\t\t<\/div>\n\t\t\t\t<\/div>\n\t\t\t\t\t<\/div>\n\t\t<\/div>\n\t\t\t\t<div class=\"elementor-column elementor-col-50 elementor-inner-column elementor-element elementor-element-a5f2121\" data-id=\"a5f2121\" data-element_type=\"column\" data-e-type=\"column\">\n\t\t\t<div class=\"elementor-widget-wrap elementor-element-populated\">\n\t\t\t\t\t\t<div class=\"elementor-element elementor-element-fc4a18f elementor-widget elementor-widget-text-editor\" data-id=\"fc4a18f\" data-element_type=\"widget\" data-e-type=\"widget\" data-widget_type=\"text-editor.default\">\n\t\t\t\t<div class=\"elementor-widget-container\">\n\t\t\t\t\t\t\t\t\t<p>Nawi\u0105zuj\u0105c do odczytanej tego dnia Ewangelii, ks. Stankiewicz zach\u0119ca\u0142, by stawa\u0107 si\u0119 niczym dzieci &#8211; ufne, pokorne i pos\u0142uszne. Kap\u0142an zwr\u00f3ci\u0142 uwag\u0119 wiernych na napis umieszczony przy obrazie Matki Bo\u017cej Liche\u0144skiej: &#8220;Kr\u00f3lowo Polski, udziel pokoju dniom naszym&#8221;. Zach\u0119ca\u0142 wiernych do zadania sobie pytania, czy jestem cz\u0142owiekiem pokoju, czy raczej takim, kt\u00f3ry wprowadza niezgod\u0119.<\/p><p>Zdaniem homilety nale\u017cy najpierw stara\u0107 si\u0119 o pojednanie z Bogiem: \u017cy\u0107 w stanie \u0142aski, czerpa\u0107 z Ewangelii oraz zatroszczy\u0107 si\u0119 o pok\u00f3j we w\u0142asnym sercu. Nast\u0119pnie nale\u017cy zadba\u0107 o pok\u00f3j w swoim otoczeniu i wsz\u0119dzie tam, gdzie B\u00f3g nas postawi, gdzie mo\u017cemy si\u0119 przys\u0142u\u017cy\u0107 pojednaniu. W kontek\u015bcie pokoju pomi\u0119dzy narodami polskim i ukrai\u0144skim wa\u017cna jest ch\u0119\u0107 przebaczenia i stawanie w prawdzie.<\/p>\t\t\t\t\t\t\t\t<\/div>\n\t\t\t\t<\/div>\n\t\t\t\t\t<\/div>\n\t\t<\/div>\n\t\t\t\t\t<\/div>\n\t\t<\/section>\n\t\t\t\t<div class=\"elementor-element elementor-element-bd5864a elementor-widget elementor-widget-text-editor\" data-id=\"bd5864a\" data-element_type=\"widget\" data-e-type=\"widget\" data-widget_type=\"text-editor.default\">\n\t\t\t\t<div class=\"elementor-widget-container\">\n\t\t\t\t\t\t\t\t\t<p>\u201eMatko Bo\u017ca Liche\u0144ska, nazywamy Ci\u0119 Bolesn\u0105 Kr\u00f3low\u0105 Polski, ale dzisiaj okazujesz si\u0119 te\u017c Bolesn\u0105 Kr\u00f3low\u0105 Ukrainy. Prosimy Ci\u0119 okryj p\u0142aszczem opieki ca\u0142\u0105 Ukrain\u0119, zatrzymaj wojska rosyjskie, kt\u00f3re chc\u0105 j\u0105 zniszczy\u0107, wypro\u015b ut\u0119skniony pok\u00f3j, zatrzymaj wojn\u0119! (\u2026) Matko Bolesna, pochyl si\u0119 nad cierpi\u0105c\u0105 Ukrain\u0105, przytul do Serca, otrzyj \u0142zy dzieci, pociesz rannych i chorych, umocnij tych, kt\u00f3rym brakuje si\u0142, o\u015bwie\u0107 umys\u0142y rz\u0105dz\u0105cych, otw\u00f3rz serca wszystkich, aby wzajemnie sobie pomagali, aby byli ze sob\u0105 solidarni\u201d modlono si\u0119 na zako\u0144czenie Mszy \u015awi\u0119tej.<\/p>\t\t\t\t\t\t\t\t<\/div>\n\t\t\t\t<\/div>\n\t\t\t\t\t<\/div>\n\t\t<\/div>\n\t\t\t\t\t<\/div>\n\t\t<\/section>\n\t\t\t\t<section class=\"elementor-section elementor-top-section elementor-element elementor-element-ad43bc0 elementor-section-boxed elementor-section-height-default elementor-section-height-default\" data-id=\"ad43bc0\" data-element_type=\"section\" data-e-type=\"section\">\n\t\t\t\t\t\t<div class=\"elementor-container elementor-column-gap-default\">\n\t\t\t\t\t<div class=\"elementor-column elementor-col-100 elementor-top-column elementor-element elementor-element-2b1039d\" data-id=\"2b1039d\" data-element_type=\"column\" data-e-type=\"column\">\n\t\t\t<div class=\"elementor-widget-wrap elementor-element-populated\">\n\t\t\t\t\t\t<section class=\"elementor-section elementor-inner-section elementor-element elementor-element-50f72da elementor-section-boxed elementor-section-height-default elementor-section-height-default\" data-id=\"50f72da\" data-element_type=\"section\" data-e-type=\"section\">\n\t\t\t\t\t\t<div class=\"elementor-container elementor-column-gap-default\">\n\t\t\t\t\t<div class=\"elementor-column elementor-col-50 elementor-inner-column elementor-element elementor-element-7fd5320\" data-id=\"7fd5320\" data-element_type=\"column\" data-e-type=\"column\">\n\t\t\t<div class=\"elementor-widget-wrap elementor-element-populated\">\n\t\t\t\t\t\t<div class=\"elementor-element elementor-element-0508d45 elementor-widget elementor-widget-image\" data-id=\"0508d45\" data-element_type=\"widget\" data-e-type=\"widget\" data-widget_type=\"image.default\">\n\t\t\t\t<div class=\"elementor-widget-container\">\n\t\t\t\t\t\t\t\t\t\t\t\t\t\t\t<img decoding=\"async\" width=\"1024\" height=\"683\" src=\"https:\/\/www.lichen.pl\/wp-content\/uploads\/2023\/08\/Koncert-Morozow-i-Szirjewa-11-1024x683.jpg\" class=\"attachment-large size-large wp-image-57532\" alt=\"\" srcset=\"https:\/\/www.lichen.pl\/wp-content\/uploads\/2023\/08\/Koncert-Morozow-i-Szirjewa-11-1024x683.jpg 1024w, https:\/\/www.lichen.pl\/wp-content\/uploads\/2023\/08\/Koncert-Morozow-i-Szirjewa-11-800x533.jpg 800w, https:\/\/www.lichen.pl\/wp-content\/uploads\/2023\/08\/Koncert-Morozow-i-Szirjewa-11-300x200.jpg 300w, https:\/\/www.lichen.pl\/wp-content\/uploads\/2023\/08\/Koncert-Morozow-i-Szirjewa-11-768x512.jpg 768w, https:\/\/www.lichen.pl\/wp-content\/uploads\/2023\/08\/Koncert-Morozow-i-Szirjewa-11-1536x1024.jpg 1536w, https:\/\/www.lichen.pl\/wp-content\/uploads\/2023\/08\/Koncert-Morozow-i-Szirjewa-11-2048x1365.jpg 2048w, https:\/\/www.lichen.pl\/wp-content\/uploads\/2023\/08\/Koncert-Morozow-i-Szirjewa-11-18x12.jpg 18w, https:\/\/www.lichen.pl\/wp-content\/uploads\/2023\/08\/Koncert-Morozow-i-Szirjewa-11.jpg 1920w\" sizes=\"(max-width: 1024px) 100vw, 1024px\" \/>\t\t\t\t\t\t\t\t\t\t\t\t\t\t\t<\/div>\n\t\t\t\t<\/div>\n\t\t\t\t\t<\/div>\n\t\t<\/div>\n\t\t\t\t<div class=\"elementor-column elementor-col-50 elementor-inner-column elementor-element elementor-element-247b8ab\" data-id=\"247b8ab\" data-element_type=\"column\" data-e-type=\"column\">\n\t\t\t<div class=\"elementor-widget-wrap elementor-element-populated\">\n\t\t\t\t\t\t<div class=\"elementor-element elementor-element-6ac0a49 elementor-widget elementor-widget-text-editor\" data-id=\"6ac0a49\" data-element_type=\"widget\" data-e-type=\"widget\" data-widget_type=\"text-editor.default\">\n\t\t\t\t<div class=\"elementor-widget-container\">\n\t\t\t\t\t\t\t\t\t<p>Po liturgii odby\u0142 si\u0119 koncert organowo-wokalny muzyk\u00f3w z Ukrainy. Publiczno\u015b\u0107 us\u0142ysza\u0142a 11 utwor\u00f3w w wykonaniu Morozowa Dmitrija Pietrowicza, g\u0142\u00f3wnego dyrygenta i organisty Charkowskiego Teatru Opery Narodowej oraz Szirjewej Oleny Rudolfiwnej, sopranistki, solistki Teatru, Zas\u0142u\u017conej Artystki Ukrainy. Na organach im. \u015bw. Jana Paw\u0142a II zabrzmia\u0142y kompozycje Jana Sebastiana Bacha, m. in. s\u0142ynna Toccata i Fuga d-moll, Georga B\u00f6hma, Dietricha Buxtehudego czy Marco Enrico Bossiego. Sopranistka za\u015bpiewa\u0142a m. in. cztery r\u00f3\u017cne \u201eAve Maria\u201d, w\u015br\u00f3d kt\u00f3rych znalaz\u0142 si\u0119 utw\u00f3r wsp\u00f3\u0142czesnego ukrai\u0144skiego kompozytora Samofalowa. Jego dzie\u0142o w 2014 roku otrzyma\u0142o b\u0142ogos\u0142awie\u0144stwo Jego \u015awi\u0105tobliwo\u015bci Papie\u017ca Franciszka. W\u015br\u00f3d poruszaj\u0105cych ukrai\u0144skich pie\u015bni znalaz\u0142 si\u0119 tak\u017ce hymn Ukrainy.<\/p>\t\t\t\t\t\t\t\t<\/div>\n\t\t\t\t<\/div>\n\t\t\t\t\t<\/div>\n\t\t<\/div>\n\t\t\t\t\t<\/div>\n\t\t<\/section>\n\t\t\t\t<div class=\"elementor-element elementor-element-b2b57df elementor-widget elementor-widget-text-editor\" data-id=\"b2b57df\" data-element_type=\"widget\" data-e-type=\"widget\" data-widget_type=\"text-editor.default\">\n\t\t\t\t<div class=\"elementor-widget-container\">\n\t\t\t\t\t\t\t\t\t<p>Dzie\u0144 modlitw w intencji pokoju na Ukrainie i pojednanie polsko-ukrai\u0144skie w Licheniu jest \u015bwi\u0119towany od 2019 r. w okolicy 24 sierpnia. Wtedy przypada Dzie\u0144 Niepodleg\u0142o\u015bci Ukrainy obchodzony w rocznic\u0119 uchwalenia Deklaracji Niepodleg\u0142o\u015bci Ukrainy przez Rad\u0119 Najwy\u017csz\u0105 Ukrai\u0144skiej SRR 24 sierpnia 1991.<\/p>\t\t\t\t\t\t\t\t<\/div>\n\t\t\t\t<\/div>\n\t\t\t\t\t<\/div>\n\t\t<\/div>\n\t\t\t\t\t<\/div>\n\t\t<\/section>\n\t\t\t\t<section class=\"elementor-section elementor-top-section elementor-element elementor-element-8640b39 elementor-section-boxed elementor-section-height-default elementor-section-height-default\" data-id=\"8640b39\" data-element_type=\"section\" data-e-type=\"section\">\n\t\t\t\t\t\t<div class=\"elementor-container elementor-column-gap-default\">\n\t\t\t\t\t<div class=\"elementor-column elementor-col-100 elementor-top-column elementor-element elementor-element-bf6f1ce\" data-id=\"bf6f1ce\" data-element_type=\"column\" data-e-type=\"column\">\n\t\t\t<div class=\"elementor-widget-wrap elementor-element-populated\">\n\t\t\t\t\t\t<div class=\"elementor-element elementor-element-0006ac9 elementor-widget elementor-widget-image-gallery\" data-id=\"0006ac9\" data-element_type=\"widget\" data-e-type=\"widget\" data-widget_type=\"image-gallery.default\">\n\t\t\t\t<div class=\"elementor-widget-container\">\n\t\t\t\t\t\t\t<div class=\"elementor-image-gallery\">\n\t\t\t<div id='gallery-1' class='gallery galleryid-57506 gallery-columns-6 gallery-size-thumbnail'><figure class='gallery-item'>\n\t\t\t<div class='gallery-icon landscape'>\n\t\t\t\t<a data-elementor-open-lightbox=\"yes\" data-elementor-lightbox-slideshow=\"0006ac9\" data-elementor-lightbox-title=\"Dzie\u0144 modlitw o pok\u00f3j na Ukrainie (11)\" data-e-action-hash=\"#elementor-action%3Aaction%3Dlightbox%26settings%3DeyJpZCI6NTc1MDcsInVybCI6Imh0dHBzOlwvXC93d3cubGljaGVuLnBsXC93cC1jb250ZW50XC91cGxvYWRzXC8yMDIzXC8wOFwvRHppZW4tbW9kbGl0dy1vLXBva29qLW5hLVVrcmFpbmllLTExLmpwZyIsInNsaWRlc2hvdyI6IjAwMDZhYzkifQ%3D%3D\" href='https:\/\/www.lichen.pl\/wp-content\/uploads\/2023\/08\/Dzien-modlitw-o-pokoj-na-Ukrainie-11.jpg'><img width=\"150\" height=\"150\" src=\"https:\/\/www.lichen.pl\/wp-content\/uploads\/2023\/08\/Dzien-modlitw-o-pokoj-na-Ukrainie-11-150x150.jpg\" class=\"attachment-thumbnail size-thumbnail\" alt=\"\" decoding=\"async\" srcset=\"https:\/\/www.lichen.pl\/wp-content\/uploads\/2023\/08\/Dzien-modlitw-o-pokoj-na-Ukrainie-11-150x150.jpg 150w, https:\/\/www.lichen.pl\/wp-content\/uploads\/2023\/08\/Dzien-modlitw-o-pokoj-na-Ukrainie-11-300x300.jpg 300w\" sizes=\"(max-width: 150px) 100vw, 150px\" \/><\/a>\n\t\t\t<\/div><\/figure><figure class='gallery-item'>\n\t\t\t<div class='gallery-icon landscape'>\n\t\t\t\t<a data-elementor-open-lightbox=\"yes\" data-elementor-lightbox-slideshow=\"0006ac9\" data-elementor-lightbox-title=\"Dzie\u0144 modlitw o pok\u00f3j na Ukrainie (1)\" data-e-action-hash=\"#elementor-action%3Aaction%3Dlightbox%26settings%3DeyJpZCI6NTc1MTMsInVybCI6Imh0dHBzOlwvXC93d3cubGljaGVuLnBsXC93cC1jb250ZW50XC91cGxvYWRzXC8yMDIzXC8wOFwvRHppZW4tbW9kbGl0dy1vLXBva29qLW5hLVVrcmFpbmllLTEuanBnIiwic2xpZGVzaG93IjoiMDAwNmFjOSJ9\" href='https:\/\/www.lichen.pl\/wp-content\/uploads\/2023\/08\/Dzien-modlitw-o-pokoj-na-Ukrainie-1.jpg'><img loading=\"lazy\" width=\"150\" height=\"150\" src=\"https:\/\/www.lichen.pl\/wp-content\/uploads\/2023\/08\/Dzien-modlitw-o-pokoj-na-Ukrainie-1-150x150.jpg\" class=\"attachment-thumbnail size-thumbnail\" alt=\"\" decoding=\"async\" srcset=\"https:\/\/www.lichen.pl\/wp-content\/uploads\/2023\/08\/Dzien-modlitw-o-pokoj-na-Ukrainie-1-150x150.jpg 150w, https:\/\/www.lichen.pl\/wp-content\/uploads\/2023\/08\/Dzien-modlitw-o-pokoj-na-Ukrainie-1-300x300.jpg 300w\" sizes=\"(max-width: 150px) 100vw, 150px\" \/><\/a>\n\t\t\t<\/div><\/figure><figure class='gallery-item'>\n\t\t\t<div class='gallery-icon landscape'>\n\t\t\t\t<a data-elementor-open-lightbox=\"yes\" data-elementor-lightbox-slideshow=\"0006ac9\" data-elementor-lightbox-title=\"Dzie\u0144 modlitw o pok\u00f3j na Ukrainie (2)\" data-e-action-hash=\"#elementor-action%3Aaction%3Dlightbox%26settings%3DeyJpZCI6NTc1MTQsInVybCI6Imh0dHBzOlwvXC93d3cubGljaGVuLnBsXC93cC1jb250ZW50XC91cGxvYWRzXC8yMDIzXC8wOFwvRHppZW4tbW9kbGl0dy1vLXBva29qLW5hLVVrcmFpbmllLTIuanBnIiwic2xpZGVzaG93IjoiMDAwNmFjOSJ9\" href='https:\/\/www.lichen.pl\/wp-content\/uploads\/2023\/08\/Dzien-modlitw-o-pokoj-na-Ukrainie-2.jpg'><img loading=\"lazy\" width=\"150\" height=\"150\" src=\"https:\/\/www.lichen.pl\/wp-content\/uploads\/2023\/08\/Dzien-modlitw-o-pokoj-na-Ukrainie-2-150x150.jpg\" class=\"attachment-thumbnail size-thumbnail\" alt=\"\" decoding=\"async\" srcset=\"https:\/\/www.lichen.pl\/wp-content\/uploads\/2023\/08\/Dzien-modlitw-o-pokoj-na-Ukrainie-2-150x150.jpg 150w, https:\/\/www.lichen.pl\/wp-content\/uploads\/2023\/08\/Dzien-modlitw-o-pokoj-na-Ukrainie-2-300x300.jpg 300w\" sizes=\"(max-width: 150px) 100vw, 150px\" \/><\/a>\n\t\t\t<\/div><\/figure><figure class='gallery-item'>\n\t\t\t<div class='gallery-icon portrait'>\n\t\t\t\t<a data-elementor-open-lightbox=\"yes\" data-elementor-lightbox-slideshow=\"0006ac9\" data-elementor-lightbox-title=\"Dzie\u0144 modlitw o pok\u00f3j na Ukrainie (4)\" data-e-action-hash=\"#elementor-action%3Aaction%3Dlightbox%26settings%3DeyJpZCI6NTc1MTYsInVybCI6Imh0dHBzOlwvXC93d3cubGljaGVuLnBsXC93cC1jb250ZW50XC91cGxvYWRzXC8yMDIzXC8wOFwvRHppZW4tbW9kbGl0dy1vLXBva29qLW5hLVVrcmFpbmllLTQuanBnIiwic2xpZGVzaG93IjoiMDAwNmFjOSJ9\" href='https:\/\/www.lichen.pl\/wp-content\/uploads\/2023\/08\/Dzien-modlitw-o-pokoj-na-Ukrainie-4.jpg'><img loading=\"lazy\" width=\"150\" height=\"150\" src=\"https:\/\/www.lichen.pl\/wp-content\/uploads\/2023\/08\/Dzien-modlitw-o-pokoj-na-Ukrainie-4-150x150.jpg\" class=\"attachment-thumbnail size-thumbnail\" alt=\"\" decoding=\"async\" srcset=\"https:\/\/www.lichen.pl\/wp-content\/uploads\/2023\/08\/Dzien-modlitw-o-pokoj-na-Ukrainie-4-150x150.jpg 150w, https:\/\/www.lichen.pl\/wp-content\/uploads\/2023\/08\/Dzien-modlitw-o-pokoj-na-Ukrainie-4-300x300.jpg 300w\" sizes=\"(max-width: 150px) 100vw, 150px\" \/><\/a>\n\t\t\t<\/div><\/figure><figure class='gallery-item'>\n\t\t\t<div class='gallery-icon landscape'>\n\t\t\t\t<a data-elementor-open-lightbox=\"yes\" data-elementor-lightbox-slideshow=\"0006ac9\" data-elementor-lightbox-title=\"Dzie\u0144 modlitw o pok\u00f3j na Ukrainie (5)\" data-e-action-hash=\"#elementor-action%3Aaction%3Dlightbox%26settings%3DeyJpZCI6NTc1MTcsInVybCI6Imh0dHBzOlwvXC93d3cubGljaGVuLnBsXC93cC1jb250ZW50XC91cGxvYWRzXC8yMDIzXC8wOFwvRHppZW4tbW9kbGl0dy1vLXBva29qLW5hLVVrcmFpbmllLTUuanBnIiwic2xpZGVzaG93IjoiMDAwNmFjOSJ9\" href='https:\/\/www.lichen.pl\/wp-content\/uploads\/2023\/08\/Dzien-modlitw-o-pokoj-na-Ukrainie-5.jpg'><img loading=\"lazy\" width=\"150\" height=\"150\" src=\"https:\/\/www.lichen.pl\/wp-content\/uploads\/2023\/08\/Dzien-modlitw-o-pokoj-na-Ukrainie-5-150x150.jpg\" class=\"attachment-thumbnail size-thumbnail\" alt=\"\" decoding=\"async\" srcset=\"https:\/\/www.lichen.pl\/wp-content\/uploads\/2023\/08\/Dzien-modlitw-o-pokoj-na-Ukrainie-5-150x150.jpg 150w, https:\/\/www.lichen.pl\/wp-content\/uploads\/2023\/08\/Dzien-modlitw-o-pokoj-na-Ukrainie-5-300x300.jpg 300w\" sizes=\"(max-width: 150px) 100vw, 150px\" \/><\/a>\n\t\t\t<\/div><\/figure><figure class='gallery-item'>\n\t\t\t<div class='gallery-icon portrait'>\n\t\t\t\t<a data-elementor-open-lightbox=\"yes\" data-elementor-lightbox-slideshow=\"0006ac9\" data-elementor-lightbox-title=\"Dzie\u0144 modlitw o pok\u00f3j na Ukrainie (8)\" data-e-action-hash=\"#elementor-action%3Aaction%3Dlightbox%26settings%3DeyJpZCI6NTc1MjAsInVybCI6Imh0dHBzOlwvXC93d3cubGljaGVuLnBsXC93cC1jb250ZW50XC91cGxvYWRzXC8yMDIzXC8wOFwvRHppZW4tbW9kbGl0dy1vLXBva29qLW5hLVVrcmFpbmllLTguanBnIiwic2xpZGVzaG93IjoiMDAwNmFjOSJ9\" href='https:\/\/www.lichen.pl\/wp-content\/uploads\/2023\/08\/Dzien-modlitw-o-pokoj-na-Ukrainie-8.jpg'><img loading=\"lazy\" width=\"150\" height=\"150\" src=\"https:\/\/www.lichen.pl\/wp-content\/uploads\/2023\/08\/Dzien-modlitw-o-pokoj-na-Ukrainie-8-150x150.jpg\" class=\"attachment-thumbnail size-thumbnail\" alt=\"\" decoding=\"async\" srcset=\"https:\/\/www.lichen.pl\/wp-content\/uploads\/2023\/08\/Dzien-modlitw-o-pokoj-na-Ukrainie-8-150x150.jpg 150w, https:\/\/www.lichen.pl\/wp-content\/uploads\/2023\/08\/Dzien-modlitw-o-pokoj-na-Ukrainie-8-300x300.jpg 300w\" sizes=\"(max-width: 150px) 100vw, 150px\" \/><\/a>\n\t\t\t<\/div><\/figure><figure class='gallery-item'>\n\t\t\t<div class='gallery-icon landscape'>\n\t\t\t\t<a data-elementor-open-lightbox=\"yes\" data-elementor-lightbox-slideshow=\"0006ac9\" data-elementor-lightbox-title=\"Dzie\u0144 modlitw o pok\u00f3j na Ukrainie (10)\" data-e-action-hash=\"#elementor-action%3Aaction%3Dlightbox%26settings%3DeyJpZCI6NTc1MjIsInVybCI6Imh0dHBzOlwvXC93d3cubGljaGVuLnBsXC93cC1jb250ZW50XC91cGxvYWRzXC8yMDIzXC8wOFwvRHppZW4tbW9kbGl0dy1vLXBva29qLW5hLVVrcmFpbmllLTEwLmpwZyIsInNsaWRlc2hvdyI6IjAwMDZhYzkifQ%3D%3D\" href='https:\/\/www.lichen.pl\/wp-content\/uploads\/2023\/08\/Dzien-modlitw-o-pokoj-na-Ukrainie-10.jpg'><img loading=\"lazy\" width=\"150\" height=\"150\" src=\"https:\/\/www.lichen.pl\/wp-content\/uploads\/2023\/08\/Dzien-modlitw-o-pokoj-na-Ukrainie-10-150x150.jpg\" class=\"attachment-thumbnail size-thumbnail\" alt=\"\" decoding=\"async\" srcset=\"https:\/\/www.lichen.pl\/wp-content\/uploads\/2023\/08\/Dzien-modlitw-o-pokoj-na-Ukrainie-10-150x150.jpg 150w, https:\/\/www.lichen.pl\/wp-content\/uploads\/2023\/08\/Dzien-modlitw-o-pokoj-na-Ukrainie-10-300x300.jpg 300w\" sizes=\"(max-width: 150px) 100vw, 150px\" \/><\/a>\n\t\t\t<\/div><\/figure><figure class='gallery-item'>\n\t\t\t<div class='gallery-icon portrait'>\n\t\t\t\t<a data-elementor-open-lightbox=\"yes\" data-elementor-lightbox-slideshow=\"0006ac9\" data-elementor-lightbox-title=\"Dzie\u0144 modlitw o pok\u00f3j na Ukrainie (9)\" data-e-action-hash=\"#elementor-action%3Aaction%3Dlightbox%26settings%3DeyJpZCI6NTc1MjEsInVybCI6Imh0dHBzOlwvXC93d3cubGljaGVuLnBsXC93cC1jb250ZW50XC91cGxvYWRzXC8yMDIzXC8wOFwvRHppZW4tbW9kbGl0dy1vLXBva29qLW5hLVVrcmFpbmllLTkuanBnIiwic2xpZGVzaG93IjoiMDAwNmFjOSJ9\" href='https:\/\/www.lichen.pl\/wp-content\/uploads\/2023\/08\/Dzien-modlitw-o-pokoj-na-Ukrainie-9.jpg'><img loading=\"lazy\" width=\"150\" height=\"150\" src=\"https:\/\/www.lichen.pl\/wp-content\/uploads\/2023\/08\/Dzien-modlitw-o-pokoj-na-Ukrainie-9-150x150.jpg\" class=\"attachment-thumbnail size-thumbnail\" alt=\"\" decoding=\"async\" srcset=\"https:\/\/www.lichen.pl\/wp-content\/uploads\/2023\/08\/Dzien-modlitw-o-pokoj-na-Ukrainie-9-150x150.jpg 150w, https:\/\/www.lichen.pl\/wp-content\/uploads\/2023\/08\/Dzien-modlitw-o-pokoj-na-Ukrainie-9-300x300.jpg 300w\" sizes=\"(max-width: 150px) 100vw, 150px\" \/><\/a>\n\t\t\t<\/div><\/figure><figure class='gallery-item'>\n\t\t\t<div class='gallery-icon landscape'>\n\t\t\t\t<a data-elementor-open-lightbox=\"yes\" data-elementor-lightbox-slideshow=\"0006ac9\" data-elementor-lightbox-title=\"Dzie\u0144 modlitw o pok\u00f3j na Ukrainie (12)\" data-e-action-hash=\"#elementor-action%3Aaction%3Dlightbox%26settings%3DeyJpZCI6NTc1MjQsInVybCI6Imh0dHBzOlwvXC93d3cubGljaGVuLnBsXC93cC1jb250ZW50XC91cGxvYWRzXC8yMDIzXC8wOFwvRHppZW4tbW9kbGl0dy1vLXBva29qLW5hLVVrcmFpbmllLTEyLmpwZyIsInNsaWRlc2hvdyI6IjAwMDZhYzkifQ%3D%3D\" href='https:\/\/www.lichen.pl\/wp-content\/uploads\/2023\/08\/Dzien-modlitw-o-pokoj-na-Ukrainie-12.jpg'><img loading=\"lazy\" width=\"150\" height=\"150\" src=\"https:\/\/www.lichen.pl\/wp-content\/uploads\/2023\/08\/Dzien-modlitw-o-pokoj-na-Ukrainie-12-150x150.jpg\" class=\"attachment-thumbnail size-thumbnail\" alt=\"\" decoding=\"async\" srcset=\"https:\/\/www.lichen.pl\/wp-content\/uploads\/2023\/08\/Dzien-modlitw-o-pokoj-na-Ukrainie-12-150x150.jpg 150w, https:\/\/www.lichen.pl\/wp-content\/uploads\/2023\/08\/Dzien-modlitw-o-pokoj-na-Ukrainie-12-300x300.jpg 300w\" sizes=\"(max-width: 150px) 100vw, 150px\" \/><\/a>\n\t\t\t<\/div><\/figure><figure class='gallery-item'>\n\t\t\t<div class='gallery-icon landscape'>\n\t\t\t\t<a data-elementor-open-lightbox=\"yes\" data-elementor-lightbox-slideshow=\"0006ac9\" data-elementor-lightbox-title=\"Koncert - Morozow i Szirjewa (36)\" data-e-action-hash=\"#elementor-action%3Aaction%3Dlightbox%26settings%3DeyJpZCI6NTc1NDYsInVybCI6Imh0dHBzOlwvXC93d3cubGljaGVuLnBsXC93cC1jb250ZW50XC91cGxvYWRzXC8yMDIzXC8wOFwvS29uY2VydC1Nb3Jvem93LWktU3ppcmpld2EtMzYuanBnIiwic2xpZGVzaG93IjoiMDAwNmFjOSJ9\" href='https:\/\/www.lichen.pl\/wp-content\/uploads\/2023\/08\/Koncert-Morozow-i-Szirjewa-36.jpg'><img loading=\"lazy\" width=\"150\" height=\"150\" src=\"https:\/\/www.lichen.pl\/wp-content\/uploads\/2023\/08\/Koncert-Morozow-i-Szirjewa-36-150x150.jpg\" class=\"attachment-thumbnail size-thumbnail\" alt=\"\" decoding=\"async\" srcset=\"https:\/\/www.lichen.pl\/wp-content\/uploads\/2023\/08\/Koncert-Morozow-i-Szirjewa-36-150x150.jpg 150w, https:\/\/www.lichen.pl\/wp-content\/uploads\/2023\/08\/Koncert-Morozow-i-Szirjewa-36-300x300.jpg 300w\" sizes=\"(max-width: 150px) 100vw, 150px\" \/><\/a>\n\t\t\t<\/div><\/figure><figure class='gallery-item'>\n\t\t\t<div class='gallery-icon landscape'>\n\t\t\t\t<a data-elementor-open-lightbox=\"yes\" data-elementor-lightbox-slideshow=\"0006ac9\" data-elementor-lightbox-title=\"Koncert - Morozow i Szirjewa (1)\" data-e-action-hash=\"#elementor-action%3Aaction%3Dlightbox%26settings%3DeyJpZCI6NTc1MjUsInVybCI6Imh0dHBzOlwvXC93d3cubGljaGVuLnBsXC93cC1jb250ZW50XC91cGxvYWRzXC8yMDIzXC8wOFwvS29uY2VydC1Nb3Jvem93LWktU3ppcmpld2EtMS5qcGciLCJzbGlkZXNob3ciOiIwMDA2YWM5In0%3D\" href='https:\/\/www.lichen.pl\/wp-content\/uploads\/2023\/08\/Koncert-Morozow-i-Szirjewa-1.jpg'><img loading=\"lazy\" width=\"150\" height=\"150\" src=\"https:\/\/www.lichen.pl\/wp-content\/uploads\/2023\/08\/Koncert-Morozow-i-Szirjewa-1-150x150.jpg\" class=\"attachment-thumbnail size-thumbnail\" alt=\"\" decoding=\"async\" srcset=\"https:\/\/www.lichen.pl\/wp-content\/uploads\/2023\/08\/Koncert-Morozow-i-Szirjewa-1-150x150.jpg 150w, https:\/\/www.lichen.pl\/wp-content\/uploads\/2023\/08\/Koncert-Morozow-i-Szirjewa-1-300x300.jpg 300w\" sizes=\"(max-width: 150px) 100vw, 150px\" \/><\/a>\n\t\t\t<\/div><\/figure><figure class='gallery-item'>\n\t\t\t<div class='gallery-icon landscape'>\n\t\t\t\t<a data-elementor-open-lightbox=\"yes\" data-elementor-lightbox-slideshow=\"0006ac9\" data-elementor-lightbox-title=\"Koncert - Morozow i Szirjewa (5)\" data-e-action-hash=\"#elementor-action%3Aaction%3Dlightbox%26settings%3DeyJpZCI6NTc1MjcsInVybCI6Imh0dHBzOlwvXC93d3cubGljaGVuLnBsXC93cC1jb250ZW50XC91cGxvYWRzXC8yMDIzXC8wOFwvS29uY2VydC1Nb3Jvem93LWktU3ppcmpld2EtNS5qcGciLCJzbGlkZXNob3ciOiIwMDA2YWM5In0%3D\" href='https:\/\/www.lichen.pl\/wp-content\/uploads\/2023\/08\/Koncert-Morozow-i-Szirjewa-5.jpg'><img loading=\"lazy\" width=\"150\" height=\"150\" src=\"https:\/\/www.lichen.pl\/wp-content\/uploads\/2023\/08\/Koncert-Morozow-i-Szirjewa-5-150x150.jpg\" class=\"attachment-thumbnail size-thumbnail\" alt=\"\" decoding=\"async\" srcset=\"https:\/\/www.lichen.pl\/wp-content\/uploads\/2023\/08\/Koncert-Morozow-i-Szirjewa-5-150x150.jpg 150w, https:\/\/www.lichen.pl\/wp-content\/uploads\/2023\/08\/Koncert-Morozow-i-Szirjewa-5-300x300.jpg 300w\" sizes=\"(max-width: 150px) 100vw, 150px\" \/><\/a>\n\t\t\t<\/div><\/figure><figure class='gallery-item'>\n\t\t\t<div class='gallery-icon landscape'>\n\t\t\t\t<a data-elementor-open-lightbox=\"yes\" data-elementor-lightbox-slideshow=\"0006ac9\" data-elementor-lightbox-title=\"Koncert - Morozow i Szirjewa (4)\" data-e-action-hash=\"#elementor-action%3Aaction%3Dlightbox%26settings%3DeyJpZCI6NTc1MjYsInVybCI6Imh0dHBzOlwvXC93d3cubGljaGVuLnBsXC93cC1jb250ZW50XC91cGxvYWRzXC8yMDIzXC8wOFwvS29uY2VydC1Nb3Jvem93LWktU3ppcmpld2EtNC5qcGciLCJzbGlkZXNob3ciOiIwMDA2YWM5In0%3D\" href='https:\/\/www.lichen.pl\/wp-content\/uploads\/2023\/08\/Koncert-Morozow-i-Szirjewa-4.jpg'><img loading=\"lazy\" width=\"150\" height=\"150\" src=\"https:\/\/www.lichen.pl\/wp-content\/uploads\/2023\/08\/Koncert-Morozow-i-Szirjewa-4-150x150.jpg\" class=\"attachment-thumbnail size-thumbnail\" alt=\"\" decoding=\"async\" srcset=\"https:\/\/www.lichen.pl\/wp-content\/uploads\/2023\/08\/Koncert-Morozow-i-Szirjewa-4-150x150.jpg 150w, https:\/\/www.lichen.pl\/wp-content\/uploads\/2023\/08\/Koncert-Morozow-i-Szirjewa-4-300x300.jpg 300w\" sizes=\"(max-width: 150px) 100vw, 150px\" \/><\/a>\n\t\t\t<\/div><\/figure><figure class='gallery-item'>\n\t\t\t<div class='gallery-icon landscape'>\n\t\t\t\t<a data-elementor-open-lightbox=\"yes\" data-elementor-lightbox-slideshow=\"0006ac9\" data-elementor-lightbox-title=\"Koncert - Morozow i Szirjewa (7)\" data-e-action-hash=\"#elementor-action%3Aaction%3Dlightbox%26settings%3DeyJpZCI6NTc1MjksInVybCI6Imh0dHBzOlwvXC93d3cubGljaGVuLnBsXC93cC1jb250ZW50XC91cGxvYWRzXC8yMDIzXC8wOFwvS29uY2VydC1Nb3Jvem93LWktU3ppcmpld2EtNy5qcGciLCJzbGlkZXNob3ciOiIwMDA2YWM5In0%3D\" href='https:\/\/www.lichen.pl\/wp-content\/uploads\/2023\/08\/Koncert-Morozow-i-Szirjewa-7.jpg'><img loading=\"lazy\" width=\"150\" height=\"150\" src=\"https:\/\/www.lichen.pl\/wp-content\/uploads\/2023\/08\/Koncert-Morozow-i-Szirjewa-7-150x150.jpg\" class=\"attachment-thumbnail size-thumbnail\" alt=\"\" decoding=\"async\" srcset=\"https:\/\/www.lichen.pl\/wp-content\/uploads\/2023\/08\/Koncert-Morozow-i-Szirjewa-7-150x150.jpg 150w, https:\/\/www.lichen.pl\/wp-content\/uploads\/2023\/08\/Koncert-Morozow-i-Szirjewa-7-300x300.jpg 300w\" sizes=\"(max-width: 150px) 100vw, 150px\" \/><\/a>\n\t\t\t<\/div><\/figure><figure class='gallery-item'>\n\t\t\t<div class='gallery-icon landscape'>\n\t\t\t\t<a data-elementor-open-lightbox=\"yes\" data-elementor-lightbox-slideshow=\"0006ac9\" data-elementor-lightbox-title=\"Koncert - Morozow i Szirjewa (6)\" data-e-action-hash=\"#elementor-action%3Aaction%3Dlightbox%26settings%3DeyJpZCI6NTc1MjgsInVybCI6Imh0dHBzOlwvXC93d3cubGljaGVuLnBsXC93cC1jb250ZW50XC91cGxvYWRzXC8yMDIzXC8wOFwvS29uY2VydC1Nb3Jvem93LWktU3ppcmpld2EtNi5qcGciLCJzbGlkZXNob3ciOiIwMDA2YWM5In0%3D\" href='https:\/\/www.lichen.pl\/wp-content\/uploads\/2023\/08\/Koncert-Morozow-i-Szirjewa-6.jpg'><img loading=\"lazy\" width=\"150\" height=\"150\" src=\"https:\/\/www.lichen.pl\/wp-content\/uploads\/2023\/08\/Koncert-Morozow-i-Szirjewa-6-150x150.jpg\" class=\"attachment-thumbnail size-thumbnail\" alt=\"\" decoding=\"async\" srcset=\"https:\/\/www.lichen.pl\/wp-content\/uploads\/2023\/08\/Koncert-Morozow-i-Szirjewa-6-150x150.jpg 150w, https:\/\/www.lichen.pl\/wp-content\/uploads\/2023\/08\/Koncert-Morozow-i-Szirjewa-6-300x300.jpg 300w\" sizes=\"(max-width: 150px) 100vw, 150px\" \/><\/a>\n\t\t\t<\/div><\/figure><figure class='gallery-item'>\n\t\t\t<div class='gallery-icon portrait'>\n\t\t\t\t<a data-elementor-open-lightbox=\"yes\" data-elementor-lightbox-slideshow=\"0006ac9\" data-elementor-lightbox-title=\"Koncert - Morozow i Szirjewa (9)\" data-e-action-hash=\"#elementor-action%3Aaction%3Dlightbox%26settings%3DeyJpZCI6NTc1MzAsInVybCI6Imh0dHBzOlwvXC93d3cubGljaGVuLnBsXC93cC1jb250ZW50XC91cGxvYWRzXC8yMDIzXC8wOFwvS29uY2VydC1Nb3Jvem93LWktU3ppcmpld2EtOS5qcGciLCJzbGlkZXNob3ciOiIwMDA2YWM5In0%3D\" href='https:\/\/www.lichen.pl\/wp-content\/uploads\/2023\/08\/Koncert-Morozow-i-Szirjewa-9.jpg'><img loading=\"lazy\" width=\"150\" height=\"150\" src=\"https:\/\/www.lichen.pl\/wp-content\/uploads\/2023\/08\/Koncert-Morozow-i-Szirjewa-9-150x150.jpg\" class=\"attachment-thumbnail size-thumbnail\" alt=\"\" decoding=\"async\" srcset=\"https:\/\/www.lichen.pl\/wp-content\/uploads\/2023\/08\/Koncert-Morozow-i-Szirjewa-9-150x150.jpg 150w, https:\/\/www.lichen.pl\/wp-content\/uploads\/2023\/08\/Koncert-Morozow-i-Szirjewa-9-300x300.jpg 300w\" sizes=\"(max-width: 150px) 100vw, 150px\" \/><\/a>\n\t\t\t<\/div><\/figure><figure class='gallery-item'>\n\t\t\t<div class='gallery-icon landscape'>\n\t\t\t\t<a data-elementor-open-lightbox=\"yes\" data-elementor-lightbox-slideshow=\"0006ac9\" data-elementor-lightbox-title=\"Koncert - Morozow i Szirjewa (10)\" data-e-action-hash=\"#elementor-action%3Aaction%3Dlightbox%26settings%3DeyJpZCI6NTc1MzEsInVybCI6Imh0dHBzOlwvXC93d3cubGljaGVuLnBsXC93cC1jb250ZW50XC91cGxvYWRzXC8yMDIzXC8wOFwvS29uY2VydC1Nb3Jvem93LWktU3ppcmpld2EtMTAuanBnIiwic2xpZGVzaG93IjoiMDAwNmFjOSJ9\" href='https:\/\/www.lichen.pl\/wp-content\/uploads\/2023\/08\/Koncert-Morozow-i-Szirjewa-10.jpg'><img loading=\"lazy\" width=\"150\" height=\"150\" src=\"https:\/\/www.lichen.pl\/wp-content\/uploads\/2023\/08\/Koncert-Morozow-i-Szirjewa-10-150x150.jpg\" class=\"attachment-thumbnail size-thumbnail\" alt=\"\" decoding=\"async\" srcset=\"https:\/\/www.lichen.pl\/wp-content\/uploads\/2023\/08\/Koncert-Morozow-i-Szirjewa-10-150x150.jpg 150w, https:\/\/www.lichen.pl\/wp-content\/uploads\/2023\/08\/Koncert-Morozow-i-Szirjewa-10-300x300.jpg 300w\" sizes=\"(max-width: 150px) 100vw, 150px\" \/><\/a>\n\t\t\t<\/div><\/figure><figure class='gallery-item'>\n\t\t\t<div class='gallery-icon landscape'>\n\t\t\t\t<a data-elementor-open-lightbox=\"yes\" data-elementor-lightbox-slideshow=\"0006ac9\" data-elementor-lightbox-title=\"Koncert - Morozow i Szirjewa (11)\" data-e-action-hash=\"#elementor-action%3Aaction%3Dlightbox%26settings%3DeyJpZCI6NTc1MzIsInVybCI6Imh0dHBzOlwvXC93d3cubGljaGVuLnBsXC93cC1jb250ZW50XC91cGxvYWRzXC8yMDIzXC8wOFwvS29uY2VydC1Nb3Jvem93LWktU3ppcmpld2EtMTEuanBnIiwic2xpZGVzaG93IjoiMDAwNmFjOSJ9\" href='https:\/\/www.lichen.pl\/wp-content\/uploads\/2023\/08\/Koncert-Morozow-i-Szirjewa-11.jpg'><img loading=\"lazy\" width=\"150\" height=\"150\" src=\"https:\/\/www.lichen.pl\/wp-content\/uploads\/2023\/08\/Koncert-Morozow-i-Szirjewa-11-150x150.jpg\" class=\"attachment-thumbnail size-thumbnail\" alt=\"\" decoding=\"async\" srcset=\"https:\/\/www.lichen.pl\/wp-content\/uploads\/2023\/08\/Koncert-Morozow-i-Szirjewa-11-150x150.jpg 150w, https:\/\/www.lichen.pl\/wp-content\/uploads\/2023\/08\/Koncert-Morozow-i-Szirjewa-11-300x300.jpg 300w\" sizes=\"(max-width: 150px) 100vw, 150px\" \/><\/a>\n\t\t\t<\/div><\/figure><figure class='gallery-item'>\n\t\t\t<div class='gallery-icon landscape'>\n\t\t\t\t<a data-elementor-open-lightbox=\"yes\" data-elementor-lightbox-slideshow=\"0006ac9\" data-elementor-lightbox-title=\"Koncert - Morozow i Szirjewa (13)\" data-e-action-hash=\"#elementor-action%3Aaction%3Dlightbox%26settings%3DeyJpZCI6NTc1MzMsInVybCI6Imh0dHBzOlwvXC93d3cubGljaGVuLnBsXC93cC1jb250ZW50XC91cGxvYWRzXC8yMDIzXC8wOFwvS29uY2VydC1Nb3Jvem93LWktU3ppcmpld2EtMTMuanBnIiwic2xpZGVzaG93IjoiMDAwNmFjOSJ9\" href='https:\/\/www.lichen.pl\/wp-content\/uploads\/2023\/08\/Koncert-Morozow-i-Szirjewa-13.jpg'><img loading=\"lazy\" width=\"150\" height=\"150\" src=\"https:\/\/www.lichen.pl\/wp-content\/uploads\/2023\/08\/Koncert-Morozow-i-Szirjewa-13-150x150.jpg\" class=\"attachment-thumbnail size-thumbnail\" alt=\"\" decoding=\"async\" srcset=\"https:\/\/www.lichen.pl\/wp-content\/uploads\/2023\/08\/Koncert-Morozow-i-Szirjewa-13-150x150.jpg 150w, https:\/\/www.lichen.pl\/wp-content\/uploads\/2023\/08\/Koncert-Morozow-i-Szirjewa-13-300x300.jpg 300w\" sizes=\"(max-width: 150px) 100vw, 150px\" \/><\/a>\n\t\t\t<\/div><\/figure><figure class='gallery-item'>\n\t\t\t<div class='gallery-icon portrait'>\n\t\t\t\t<a data-elementor-open-lightbox=\"yes\" data-elementor-lightbox-slideshow=\"0006ac9\" data-elementor-lightbox-title=\"Koncert - Morozow i Szirjewa (15)\" data-e-action-hash=\"#elementor-action%3Aaction%3Dlightbox%26settings%3DeyJpZCI6NTc1MzQsInVybCI6Imh0dHBzOlwvXC93d3cubGljaGVuLnBsXC93cC1jb250ZW50XC91cGxvYWRzXC8yMDIzXC8wOFwvS29uY2VydC1Nb3Jvem93LWktU3ppcmpld2EtMTUuanBnIiwic2xpZGVzaG93IjoiMDAwNmFjOSJ9\" href='https:\/\/www.lichen.pl\/wp-content\/uploads\/2023\/08\/Koncert-Morozow-i-Szirjewa-15.jpg'><img loading=\"lazy\" width=\"150\" height=\"150\" src=\"https:\/\/www.lichen.pl\/wp-content\/uploads\/2023\/08\/Koncert-Morozow-i-Szirjewa-15-150x150.jpg\" class=\"attachment-thumbnail size-thumbnail\" alt=\"\" decoding=\"async\" srcset=\"https:\/\/www.lichen.pl\/wp-content\/uploads\/2023\/08\/Koncert-Morozow-i-Szirjewa-15-150x150.jpg 150w, https:\/\/www.lichen.pl\/wp-content\/uploads\/2023\/08\/Koncert-Morozow-i-Szirjewa-15-300x300.jpg 300w\" sizes=\"(max-width: 150px) 100vw, 150px\" \/><\/a>\n\t\t\t<\/div><\/figure><figure class='gallery-item'>\n\t\t\t<div class='gallery-icon landscape'>\n\t\t\t\t<a data-elementor-open-lightbox=\"yes\" data-elementor-lightbox-slideshow=\"0006ac9\" data-elementor-lightbox-title=\"Koncert - Morozow i Szirjewa (17)\" data-e-action-hash=\"#elementor-action%3Aaction%3Dlightbox%26settings%3DeyJpZCI6NTc1MzUsInVybCI6Imh0dHBzOlwvXC93d3cubGljaGVuLnBsXC93cC1jb250ZW50XC91cGxvYWRzXC8yMDIzXC8wOFwvS29uY2VydC1Nb3Jvem93LWktU3ppcmpld2EtMTcuanBnIiwic2xpZGVzaG93IjoiMDAwNmFjOSJ9\" href='https:\/\/www.lichen.pl\/wp-content\/uploads\/2023\/08\/Koncert-Morozow-i-Szirjewa-17.jpg'><img loading=\"lazy\" width=\"150\" height=\"150\" src=\"https:\/\/www.lichen.pl\/wp-content\/uploads\/2023\/08\/Koncert-Morozow-i-Szirjewa-17-150x150.jpg\" class=\"attachment-thumbnail size-thumbnail\" alt=\"\" decoding=\"async\" srcset=\"https:\/\/www.lichen.pl\/wp-content\/uploads\/2023\/08\/Koncert-Morozow-i-Szirjewa-17-150x150.jpg 150w, https:\/\/www.lichen.pl\/wp-content\/uploads\/2023\/08\/Koncert-Morozow-i-Szirjewa-17-300x300.jpg 300w\" sizes=\"(max-width: 150px) 100vw, 150px\" \/><\/a>\n\t\t\t<\/div><\/figure><figure class='gallery-item'>\n\t\t\t<div class='gallery-icon landscape'>\n\t\t\t\t<a data-elementor-open-lightbox=\"yes\" data-elementor-lightbox-slideshow=\"0006ac9\" data-elementor-lightbox-title=\"Koncert - Morozow i Szirjewa (18)\" data-e-action-hash=\"#elementor-action%3Aaction%3Dlightbox%26settings%3DeyJpZCI6NTc1MzYsInVybCI6Imh0dHBzOlwvXC93d3cubGljaGVuLnBsXC93cC1jb250ZW50XC91cGxvYWRzXC8yMDIzXC8wOFwvS29uY2VydC1Nb3Jvem93LWktU3ppcmpld2EtMTguanBnIiwic2xpZGVzaG93IjoiMDAwNmFjOSJ9\" href='https:\/\/www.lichen.pl\/wp-content\/uploads\/2023\/08\/Koncert-Morozow-i-Szirjewa-18.jpg'><img loading=\"lazy\" width=\"150\" height=\"150\" src=\"https:\/\/www.lichen.pl\/wp-content\/uploads\/2023\/08\/Koncert-Morozow-i-Szirjewa-18-150x150.jpg\" class=\"attachment-thumbnail size-thumbnail\" alt=\"\" decoding=\"async\" srcset=\"https:\/\/www.lichen.pl\/wp-content\/uploads\/2023\/08\/Koncert-Morozow-i-Szirjewa-18-150x150.jpg 150w, https:\/\/www.lichen.pl\/wp-content\/uploads\/2023\/08\/Koncert-Morozow-i-Szirjewa-18-300x300.jpg 300w\" sizes=\"(max-width: 150px) 100vw, 150px\" \/><\/a>\n\t\t\t<\/div><\/figure><figure class='gallery-item'>\n\t\t\t<div class='gallery-icon landscape'>\n\t\t\t\t<a data-elementor-open-lightbox=\"yes\" data-elementor-lightbox-slideshow=\"0006ac9\" data-elementor-lightbox-title=\"Koncert - Morozow i Szirjewa (28)\" data-e-action-hash=\"#elementor-action%3Aaction%3Dlightbox%26settings%3DeyJpZCI6NTc1NDEsInVybCI6Imh0dHBzOlwvXC93d3cubGljaGVuLnBsXC93cC1jb250ZW50XC91cGxvYWRzXC8yMDIzXC8wOFwvS29uY2VydC1Nb3Jvem93LWktU3ppcmpld2EtMjguanBnIiwic2xpZGVzaG93IjoiMDAwNmFjOSJ9\" href='https:\/\/www.lichen.pl\/wp-content\/uploads\/2023\/08\/Koncert-Morozow-i-Szirjewa-28.jpg'><img loading=\"lazy\" width=\"150\" height=\"150\" src=\"https:\/\/www.lichen.pl\/wp-content\/uploads\/2023\/08\/Koncert-Morozow-i-Szirjewa-28-150x150.jpg\" class=\"attachment-thumbnail size-thumbnail\" alt=\"\" decoding=\"async\" srcset=\"https:\/\/www.lichen.pl\/wp-content\/uploads\/2023\/08\/Koncert-Morozow-i-Szirjewa-28-150x150.jpg 150w, https:\/\/www.lichen.pl\/wp-content\/uploads\/2023\/08\/Koncert-Morozow-i-Szirjewa-28-300x300.jpg 300w\" sizes=\"(max-width: 150px) 100vw, 150px\" \/><\/a>\n\t\t\t<\/div><\/figure><figure class='gallery-item'>\n\t\t\t<div class='gallery-icon landscape'>\n\t\t\t\t<a data-elementor-open-lightbox=\"yes\" data-elementor-lightbox-slideshow=\"0006ac9\" data-elementor-lightbox-title=\"Koncert - Morozow i Szirjewa (29)\" data-e-action-hash=\"#elementor-action%3Aaction%3Dlightbox%26settings%3DeyJpZCI6NTc1NDIsInVybCI6Imh0dHBzOlwvXC93d3cubGljaGVuLnBsXC93cC1jb250ZW50XC91cGxvYWRzXC8yMDIzXC8wOFwvS29uY2VydC1Nb3Jvem93LWktU3ppcmpld2EtMjkuanBnIiwic2xpZGVzaG93IjoiMDAwNmFjOSJ9\" href='https:\/\/www.lichen.pl\/wp-content\/uploads\/2023\/08\/Koncert-Morozow-i-Szirjewa-29.jpg'><img loading=\"lazy\" width=\"150\" height=\"150\" src=\"https:\/\/www.lichen.pl\/wp-content\/uploads\/2023\/08\/Koncert-Morozow-i-Szirjewa-29-150x150.jpg\" class=\"attachment-thumbnail size-thumbnail\" alt=\"\" decoding=\"async\" srcset=\"https:\/\/www.lichen.pl\/wp-content\/uploads\/2023\/08\/Koncert-Morozow-i-Szirjewa-29-150x150.jpg 150w, https:\/\/www.lichen.pl\/wp-content\/uploads\/2023\/08\/Koncert-Morozow-i-Szirjewa-29-300x300.jpg 300w\" sizes=\"(max-width: 150px) 100vw, 150px\" \/><\/a>\n\t\t\t<\/div><\/figure><figure class='gallery-item'>\n\t\t\t<div class='gallery-icon landscape'>\n\t\t\t\t<a data-elementor-open-lightbox=\"yes\" data-elementor-lightbox-slideshow=\"0006ac9\" data-elementor-lightbox-title=\"Koncert - Morozow i Szirjewa (30)\" data-e-action-hash=\"#elementor-action%3Aaction%3Dlightbox%26settings%3DeyJpZCI6NTc1NDMsInVybCI6Imh0dHBzOlwvXC93d3cubGljaGVuLnBsXC93cC1jb250ZW50XC91cGxvYWRzXC8yMDIzXC8wOFwvS29uY2VydC1Nb3Jvem93LWktU3ppcmpld2EtMzAuanBnIiwic2xpZGVzaG93IjoiMDAwNmFjOSJ9\" href='https:\/\/www.lichen.pl\/wp-content\/uploads\/2023\/08\/Koncert-Morozow-i-Szirjewa-30.jpg'><img loading=\"lazy\" width=\"150\" height=\"150\" src=\"https:\/\/www.lichen.pl\/wp-content\/uploads\/2023\/08\/Koncert-Morozow-i-Szirjewa-30-150x150.jpg\" class=\"attachment-thumbnail size-thumbnail\" alt=\"\" decoding=\"async\" srcset=\"https:\/\/www.lichen.pl\/wp-content\/uploads\/2023\/08\/Koncert-Morozow-i-Szirjewa-30-150x150.jpg 150w, https:\/\/www.lichen.pl\/wp-content\/uploads\/2023\/08\/Koncert-Morozow-i-Szirjewa-30-300x300.jpg 300w\" sizes=\"(max-width: 150px) 100vw, 150px\" \/><\/a>\n\t\t\t<\/div><\/figure><figure class='gallery-item'>\n\t\t\t<div class='gallery-icon portrait'>\n\t\t\t\t<a data-elementor-open-lightbox=\"yes\" data-elementor-lightbox-slideshow=\"0006ac9\" data-elementor-lightbox-title=\"Koncert - Morozow i Szirjewa (35)\" data-e-action-hash=\"#elementor-action%3Aaction%3Dlightbox%26settings%3DeyJpZCI6NTc1NDUsInVybCI6Imh0dHBzOlwvXC93d3cubGljaGVuLnBsXC93cC1jb250ZW50XC91cGxvYWRzXC8yMDIzXC8wOFwvS29uY2VydC1Nb3Jvem93LWktU3ppcmpld2EtMzUuanBnIiwic2xpZGVzaG93IjoiMDAwNmFjOSJ9\" href='https:\/\/www.lichen.pl\/wp-content\/uploads\/2023\/08\/Koncert-Morozow-i-Szirjewa-35.jpg'><img loading=\"lazy\" width=\"150\" height=\"150\" src=\"https:\/\/www.lichen.pl\/wp-content\/uploads\/2023\/08\/Koncert-Morozow-i-Szirjewa-35-150x150.jpg\" class=\"attachment-thumbnail size-thumbnail\" alt=\"\" decoding=\"async\" srcset=\"https:\/\/www.lichen.pl\/wp-content\/uploads\/2023\/08\/Koncert-Morozow-i-Szirjewa-35-150x150.jpg 150w, https:\/\/www.lichen.pl\/wp-content\/uploads\/2023\/08\/Koncert-Morozow-i-Szirjewa-35-300x300.jpg 300w\" sizes=\"(max-width: 150px) 100vw, 150px\" \/><\/a>\n\t\t\t<\/div><\/figure><figure class='gallery-item'>\n\t\t\t<div class='gallery-icon landscape'>\n\t\t\t\t<a data-elementor-open-lightbox=\"yes\" data-elementor-lightbox-slideshow=\"0006ac9\" data-elementor-lightbox-title=\"Koncert - Morozow i Szirjewa (38)\" data-e-action-hash=\"#elementor-action%3Aaction%3Dlightbox%26settings%3DeyJpZCI6NTc1NDcsInVybCI6Imh0dHBzOlwvXC93d3cubGljaGVuLnBsXC93cC1jb250ZW50XC91cGxvYWRzXC8yMDIzXC8wOFwvS29uY2VydC1Nb3Jvem93LWktU3ppcmpld2EtMzguanBnIiwic2xpZGVzaG93IjoiMDAwNmFjOSJ9\" href='https:\/\/www.lichen.pl\/wp-content\/uploads\/2023\/08\/Koncert-Morozow-i-Szirjewa-38.jpg'><img loading=\"lazy\" width=\"150\" height=\"150\" src=\"https:\/\/www.lichen.pl\/wp-content\/uploads\/2023\/08\/Koncert-Morozow-i-Szirjewa-38-150x150.jpg\" class=\"attachment-thumbnail size-thumbnail\" alt=\"\" decoding=\"async\" srcset=\"https:\/\/www.lichen.pl\/wp-content\/uploads\/2023\/08\/Koncert-Morozow-i-Szirjewa-38-150x150.jpg 150w, https:\/\/www.lichen.pl\/wp-content\/uploads\/2023\/08\/Koncert-Morozow-i-Szirjewa-38-300x300.jpg 300w\" sizes=\"(max-width: 150px) 100vw, 150px\" \/><\/a>\n\t\t\t<\/div><\/figure><figure class='gallery-item'>\n\t\t\t<div class='gallery-icon landscape'>\n\t\t\t\t<a data-elementor-open-lightbox=\"yes\" data-elementor-lightbox-slideshow=\"0006ac9\" data-elementor-lightbox-title=\"Koncert - Morozow i Szirjewa (42)\" data-e-action-hash=\"#elementor-action%3Aaction%3Dlightbox%26settings%3DeyJpZCI6NTc1NDksInVybCI6Imh0dHBzOlwvXC93d3cubGljaGVuLnBsXC93cC1jb250ZW50XC91cGxvYWRzXC8yMDIzXC8wOFwvS29uY2VydC1Nb3Jvem93LWktU3ppcmpld2EtNDIuanBnIiwic2xpZGVzaG93IjoiMDAwNmFjOSJ9\" href='https:\/\/www.lichen.pl\/wp-content\/uploads\/2023\/08\/Koncert-Morozow-i-Szirjewa-42.jpg'><img loading=\"lazy\" width=\"150\" height=\"150\" src=\"https:\/\/www.lichen.pl\/wp-content\/uploads\/2023\/08\/Koncert-Morozow-i-Szirjewa-42-150x150.jpg\" class=\"attachment-thumbnail size-thumbnail\" alt=\"\" decoding=\"async\" srcset=\"https:\/\/www.lichen.pl\/wp-content\/uploads\/2023\/08\/Koncert-Morozow-i-Szirjewa-42-150x150.jpg 150w, https:\/\/www.lichen.pl\/wp-content\/uploads\/2023\/08\/Koncert-Morozow-i-Szirjewa-42-300x300.jpg 300w\" sizes=\"(max-width: 150px) 100vw, 150px\" \/><\/a>\n\t\t\t<\/div><\/figure><figure class='gallery-item'>\n\t\t\t<div class='gallery-icon portrait'>\n\t\t\t\t<a data-elementor-open-lightbox=\"yes\" data-elementor-lightbox-slideshow=\"0006ac9\" data-elementor-lightbox-title=\"Koncert - Morozow i Szirjewa (46)\" data-e-action-hash=\"#elementor-action%3Aaction%3Dlightbox%26settings%3DeyJpZCI6NTc1NTEsInVybCI6Imh0dHBzOlwvXC93d3cubGljaGVuLnBsXC93cC1jb250ZW50XC91cGxvYWRzXC8yMDIzXC8wOFwvS29uY2VydC1Nb3Jvem93LWktU3ppcmpld2EtNDYuanBnIiwic2xpZGVzaG93IjoiMDAwNmFjOSJ9\" href='https:\/\/www.lichen.pl\/wp-content\/uploads\/2023\/08\/Koncert-Morozow-i-Szirjewa-46.jpg'><img loading=\"lazy\" width=\"150\" height=\"150\" src=\"https:\/\/www.lichen.pl\/wp-content\/uploads\/2023\/08\/Koncert-Morozow-i-Szirjewa-46-150x150.jpg\" class=\"attachment-thumbnail size-thumbnail\" alt=\"\" decoding=\"async\" srcset=\"https:\/\/www.lichen.pl\/wp-content\/uploads\/2023\/08\/Koncert-Morozow-i-Szirjewa-46-150x150.jpg 150w, https:\/\/www.lichen.pl\/wp-content\/uploads\/2023\/08\/Koncert-Morozow-i-Szirjewa-46-300x300.jpg 300w\" sizes=\"(max-width: 150px) 100vw, 150px\" \/><\/a>\n\t\t\t<\/div><\/figure><figure class='gallery-item'>\n\t\t\t<div class='gallery-icon portrait'>\n\t\t\t\t<a data-elementor-open-lightbox=\"yes\" data-elementor-lightbox-slideshow=\"0006ac9\" data-elementor-lightbox-title=\"Koncert - Morozow i Szirjewa (47)\" data-e-action-hash=\"#elementor-action%3Aaction%3Dlightbox%26settings%3DeyJpZCI6NTc1NTIsInVybCI6Imh0dHBzOlwvXC93d3cubGljaGVuLnBsXC93cC1jb250ZW50XC91cGxvYWRzXC8yMDIzXC8wOFwvS29uY2VydC1Nb3Jvem93LWktU3ppcmpld2EtNDcuanBnIiwic2xpZGVzaG93IjoiMDAwNmFjOSJ9\" href='https:\/\/www.lichen.pl\/wp-content\/uploads\/2023\/08\/Koncert-Morozow-i-Szirjewa-47.jpg'><img loading=\"lazy\" width=\"150\" height=\"150\" src=\"https:\/\/www.lichen.pl\/wp-content\/uploads\/2023\/08\/Koncert-Morozow-i-Szirjewa-47-150x150.jpg\" class=\"attachment-thumbnail size-thumbnail\" alt=\"\" decoding=\"async\" srcset=\"https:\/\/www.lichen.pl\/wp-content\/uploads\/2023\/08\/Koncert-Morozow-i-Szirjewa-47-150x150.jpg 150w, https:\/\/www.lichen.pl\/wp-content\/uploads\/2023\/08\/Koncert-Morozow-i-Szirjewa-47-300x300.jpg 300w\" sizes=\"(max-width: 150px) 100vw, 150px\" \/><\/a>\n\t\t\t<\/div><\/figure>\n\t\t<\/div>\n\t\t<\/div>\n\t\t\t\t\t\t<\/div>\n\t\t\t\t<\/div>\n\t\t\t\t\t<\/div>\n\t\t<\/div>\n\t\t\t\t\t<\/div>\n\t\t<\/section>\n\t\t\t\t<\/div>","protected":false},"excerpt":{"rendered":"<p>Dzie\u0144 modlitw o pok\u00f3j na Ukrainie i pojednanie polsko-ukrai\u0144skie odby\u0142 si\u0119 w Licheniu 19 sierpnia. Po g\u0142\u00f3wnej Mszy \u015awi\u0119tej, kt\u00f3rej przed cudownym obrazem Matki Bo\u017cej Liche\u0144skiej, Bolesnej Kr\u00f3lowej Polski przewodniczy\u0142 ks. Adam Stankiewicz MIC, wicekustosz sanktuarium, odby\u0142 si\u0119 koncert w wykonaniu artyst\u00f3w z Ukrainy. Nawi\u0105zuj\u0105c do odczytanej tego dnia Ewangelii, ks. Stankiewicz zach\u0119ca\u0142, by stawa\u0107 [&hellip;]<\/p>\n","protected":false},"author":5,"featured_media":57507,"comment_status":"closed","ping_status":"closed","sticky":false,"template":"","format":"standard","meta":{"footnotes":""},"categories":[1],"tags":[],"class_list":["post-57506","post","type-post","status-publish","format-standard","has-post-thumbnail","hentry","category-aktualnosci","wpbf-post"],"yoast_head":"<!-- This site is optimized with the Yoast SEO plugin v27.4 - https:\/\/yoast.com\/product\/yoast-seo-wordpress\/ -->\n<title>Modlitwa o pok\u00f3j na Ukrainie - SANKTUARIUM W LICHENIU<\/title>\n<meta name=\"robots\" content=\"index, follow, max-snippet:-1, max-image-preview:large, max-video-preview:-1\" \/>\n<link rel=\"canonical\" href=\"https:\/\/www.lichen.pl\/fr\/modlitwa-o-pokoj-na-ukrainie\/\" \/>\n<meta property=\"og:locale\" content=\"fr_FR\" \/>\n<meta property=\"og:type\" content=\"article\" \/>\n<meta property=\"og:title\" content=\"Modlitwa o pok\u00f3j na Ukrainie - SANKTUARIUM W LICHENIU\" \/>\n<meta property=\"og:description\" content=\"Dzie\u0144 modlitw o pok\u00f3j na Ukrainie i pojednanie polsko-ukrai\u0144skie odby\u0142 si\u0119 w Licheniu 19 sierpnia. Po g\u0142\u00f3wnej Mszy \u015awi\u0119tej, kt\u00f3rej przed cudownym obrazem Matki Bo\u017cej Liche\u0144skiej, Bolesnej Kr\u00f3lowej Polski przewodniczy\u0142 ks. Adam Stankiewicz MIC, wicekustosz sanktuarium, odby\u0142 si\u0119 koncert w wykonaniu artyst\u00f3w z Ukrainy. Nawi\u0105zuj\u0105c do odczytanej tego dnia Ewangelii, ks. Stankiewicz zach\u0119ca\u0142, by stawa\u0107 [&hellip;]\" \/>\n<meta property=\"og:url\" content=\"https:\/\/www.lichen.pl\/fr\/modlitwa-o-pokoj-na-ukrainie\/\" \/>\n<meta property=\"og:site_name\" content=\"SANKTUARIUM W LICHENIU\" \/>\n<meta property=\"article:published_time\" content=\"2023-08-19T20:38:26+00:00\" \/>\n<meta property=\"article:modified_time\" content=\"2023-08-19T21:32:54+00:00\" \/>\n<meta property=\"og:image\" content=\"https:\/\/www.lichen.pl\/wp-content\/uploads\/2023\/08\/Dzien-modlitw-o-pokoj-na-Ukrainie-11-1024x683.jpg\" \/>\n\t<meta property=\"og:image:width\" content=\"1024\" \/>\n\t<meta property=\"og:image:height\" content=\"683\" \/>\n\t<meta property=\"og:image:type\" content=\"image\/jpeg\" \/>\n<meta name=\"author\" content=\"Justyna Zacharek\" \/>\n<meta name=\"twitter:card\" content=\"summary_large_image\" \/>\n<meta name=\"twitter:label1\" content=\"\u00c9crit par\" \/>\n\t<meta name=\"twitter:data1\" content=\"Justyna Zacharek\" \/>\n\t<meta name=\"twitter:label2\" content=\"Dur\u00e9e de lecture estim\u00e9e\" \/>\n\t<meta name=\"twitter:data2\" content=\"9 minutes\" \/>\n<script type=\"application\/ld+json\" class=\"yoast-schema-graph\">{\"@context\":\"https:\\\/\\\/schema.org\",\"@graph\":[{\"@type\":\"Article\",\"@id\":\"https:\\\/\\\/www.lichen.pl\\\/modlitwa-o-pokoj-na-ukrainie\\\/#article\",\"isPartOf\":{\"@id\":\"https:\\\/\\\/www.lichen.pl\\\/modlitwa-o-pokoj-na-ukrainie\\\/\"},\"author\":{\"name\":\"Justyna Zacharek\",\"@id\":\"https:\\\/\\\/www.lichen.pl\\\/fr\\\/#\\\/schema\\\/person\\\/9f57a1408d363022abd305da0323b703\"},\"headline\":\"Modlitwa o pok\u00f3j na Ukrainie\",\"datePublished\":\"2023-08-19T20:38:26+00:00\",\"dateModified\":\"2023-08-19T21:32:54+00:00\",\"mainEntityOfPage\":{\"@id\":\"https:\\\/\\\/www.lichen.pl\\\/modlitwa-o-pokoj-na-ukrainie\\\/\"},\"wordCount\":471,\"image\":{\"@id\":\"https:\\\/\\\/www.lichen.pl\\\/modlitwa-o-pokoj-na-ukrainie\\\/#primaryimage\"},\"thumbnailUrl\":\"https:\\\/\\\/www.lichen.pl\\\/wp-content\\\/uploads\\\/2023\\\/08\\\/Dzien-modlitw-o-pokoj-na-Ukrainie-11.jpg\",\"articleSection\":[\"Aktualno\u015bci\"],\"inLanguage\":\"fr-FR\"},{\"@type\":\"WebPage\",\"@id\":\"https:\\\/\\\/www.lichen.pl\\\/modlitwa-o-pokoj-na-ukrainie\\\/\",\"url\":\"https:\\\/\\\/www.lichen.pl\\\/modlitwa-o-pokoj-na-ukrainie\\\/\",\"name\":\"Modlitwa o pok\u00f3j na Ukrainie - SANKTUARIUM W LICHENIU\",\"isPartOf\":{\"@id\":\"https:\\\/\\\/www.lichen.pl\\\/fr\\\/#website\"},\"primaryImageOfPage\":{\"@id\":\"https:\\\/\\\/www.lichen.pl\\\/modlitwa-o-pokoj-na-ukrainie\\\/#primaryimage\"},\"image\":{\"@id\":\"https:\\\/\\\/www.lichen.pl\\\/modlitwa-o-pokoj-na-ukrainie\\\/#primaryimage\"},\"thumbnailUrl\":\"https:\\\/\\\/www.lichen.pl\\\/wp-content\\\/uploads\\\/2023\\\/08\\\/Dzien-modlitw-o-pokoj-na-Ukrainie-11.jpg\",\"datePublished\":\"2023-08-19T20:38:26+00:00\",\"dateModified\":\"2023-08-19T21:32:54+00:00\",\"author\":{\"@id\":\"https:\\\/\\\/www.lichen.pl\\\/fr\\\/#\\\/schema\\\/person\\\/9f57a1408d363022abd305da0323b703\"},\"breadcrumb\":{\"@id\":\"https:\\\/\\\/www.lichen.pl\\\/modlitwa-o-pokoj-na-ukrainie\\\/#breadcrumb\"},\"inLanguage\":\"fr-FR\",\"potentialAction\":[{\"@type\":\"ReadAction\",\"target\":[\"https:\\\/\\\/www.lichen.pl\\\/modlitwa-o-pokoj-na-ukrainie\\\/\"]}]},{\"@type\":\"ImageObject\",\"inLanguage\":\"fr-FR\",\"@id\":\"https:\\\/\\\/www.lichen.pl\\\/modlitwa-o-pokoj-na-ukrainie\\\/#primaryimage\",\"url\":\"https:\\\/\\\/www.lichen.pl\\\/wp-content\\\/uploads\\\/2023\\\/08\\\/Dzien-modlitw-o-pokoj-na-Ukrainie-11.jpg\",\"contentUrl\":\"https:\\\/\\\/www.lichen.pl\\\/wp-content\\\/uploads\\\/2023\\\/08\\\/Dzien-modlitw-o-pokoj-na-Ukrainie-11.jpg\",\"width\":1920,\"height\":1280},{\"@type\":\"BreadcrumbList\",\"@id\":\"https:\\\/\\\/www.lichen.pl\\\/modlitwa-o-pokoj-na-ukrainie\\\/#breadcrumb\",\"itemListElement\":[{\"@type\":\"ListItem\",\"position\":1,\"name\":\"Strona g\u0142\u00f3wna\",\"item\":\"https:\\\/\\\/www.lichen.pl\\\/\"},{\"@type\":\"ListItem\",\"position\":2,\"name\":\"Modlitwa o pok\u00f3j na Ukrainie\"}]},{\"@type\":\"WebSite\",\"@id\":\"https:\\\/\\\/www.lichen.pl\\\/fr\\\/#website\",\"url\":\"https:\\\/\\\/www.lichen.pl\\\/fr\\\/\",\"name\":\"SANKTUARIUM W LICHENIU\",\"description\":\"MATKI BO\u017bEJ LICHE\u0143SKIEJ BOLESNEJ KR\u00d3LOWEJ POLSKI\",\"potentialAction\":[{\"@type\":\"SearchAction\",\"target\":{\"@type\":\"EntryPoint\",\"urlTemplate\":\"https:\\\/\\\/www.lichen.pl\\\/fr\\\/?s={search_term_string}\"},\"query-input\":{\"@type\":\"PropertyValueSpecification\",\"valueRequired\":true,\"valueName\":\"search_term_string\"}}],\"inLanguage\":\"fr-FR\"},{\"@type\":\"Person\",\"@id\":\"https:\\\/\\\/www.lichen.pl\\\/fr\\\/#\\\/schema\\\/person\\\/9f57a1408d363022abd305da0323b703\",\"name\":\"Justyna Zacharek\",\"image\":{\"@type\":\"ImageObject\",\"inLanguage\":\"fr-FR\",\"@id\":\"https:\\\/\\\/secure.gravatar.com\\\/avatar\\\/7be193626a4fb4d6a7d53a7686c3bbf938efff653c427e0182457b838e9d2c3b?s=96&d=retro&r=g\",\"url\":\"https:\\\/\\\/secure.gravatar.com\\\/avatar\\\/7be193626a4fb4d6a7d53a7686c3bbf938efff653c427e0182457b838e9d2c3b?s=96&d=retro&r=g\",\"contentUrl\":\"https:\\\/\\\/secure.gravatar.com\\\/avatar\\\/7be193626a4fb4d6a7d53a7686c3bbf938efff653c427e0182457b838e9d2c3b?s=96&d=retro&r=g\",\"caption\":\"Justyna Zacharek\"},\"url\":\"https:\\\/\\\/www.lichen.pl\\\/fr\\\/author\\\/justyna\\\/\"}]}<\/script>\n<!-- \/ Yoast SEO plugin. -->","yoast_head_json":{"title":"Modlitwa o pok\u00f3j na Ukrainie - SANKTUARIUM W LICHENIU","robots":{"index":"index","follow":"follow","max-snippet":"max-snippet:-1","max-image-preview":"max-image-preview:large","max-video-preview":"max-video-preview:-1"},"canonical":"https:\/\/www.lichen.pl\/fr\/modlitwa-o-pokoj-na-ukrainie\/","og_locale":"fr_FR","og_type":"article","og_title":"Modlitwa o pok\u00f3j na Ukrainie - SANKTUARIUM W LICHENIU","og_description":"Dzie\u0144 modlitw o pok\u00f3j na Ukrainie i pojednanie polsko-ukrai\u0144skie odby\u0142 si\u0119 w Licheniu 19 sierpnia. Po g\u0142\u00f3wnej Mszy \u015awi\u0119tej, kt\u00f3rej przed cudownym obrazem Matki Bo\u017cej Liche\u0144skiej, Bolesnej Kr\u00f3lowej Polski przewodniczy\u0142 ks. Adam Stankiewicz MIC, wicekustosz sanktuarium, odby\u0142 si\u0119 koncert w wykonaniu artyst\u00f3w z Ukrainy. Nawi\u0105zuj\u0105c do odczytanej tego dnia Ewangelii, ks. Stankiewicz zach\u0119ca\u0142, by stawa\u0107 [&hellip;]","og_url":"https:\/\/www.lichen.pl\/fr\/modlitwa-o-pokoj-na-ukrainie\/","og_site_name":"SANKTUARIUM W LICHENIU","article_published_time":"2023-08-19T20:38:26+00:00","article_modified_time":"2023-08-19T21:32:54+00:00","og_image":[{"width":1024,"height":683,"url":"https:\/\/www.lichen.pl\/wp-content\/uploads\/2023\/08\/Dzien-modlitw-o-pokoj-na-Ukrainie-11-1024x683.jpg","type":"image\/jpeg"}],"author":"Justyna Zacharek","twitter_card":"summary_large_image","twitter_misc":{"\u00c9crit par":"Justyna Zacharek","Dur\u00e9e de lecture estim\u00e9e":"9 minutes"},"schema":{"@context":"https:\/\/schema.org","@graph":[{"@type":"Article","@id":"https:\/\/www.lichen.pl\/modlitwa-o-pokoj-na-ukrainie\/#article","isPartOf":{"@id":"https:\/\/www.lichen.pl\/modlitwa-o-pokoj-na-ukrainie\/"},"author":{"name":"Justyna Zacharek","@id":"https:\/\/www.lichen.pl\/fr\/#\/schema\/person\/9f57a1408d363022abd305da0323b703"},"headline":"Modlitwa o pok\u00f3j na Ukrainie","datePublished":"2023-08-19T20:38:26+00:00","dateModified":"2023-08-19T21:32:54+00:00","mainEntityOfPage":{"@id":"https:\/\/www.lichen.pl\/modlitwa-o-pokoj-na-ukrainie\/"},"wordCount":471,"image":{"@id":"https:\/\/www.lichen.pl\/modlitwa-o-pokoj-na-ukrainie\/#primaryimage"},"thumbnailUrl":"https:\/\/www.lichen.pl\/wp-content\/uploads\/2023\/08\/Dzien-modlitw-o-pokoj-na-Ukrainie-11.jpg","articleSection":["Aktualno\u015bci"],"inLanguage":"fr-FR"},{"@type":"WebPage","@id":"https:\/\/www.lichen.pl\/modlitwa-o-pokoj-na-ukrainie\/","url":"https:\/\/www.lichen.pl\/modlitwa-o-pokoj-na-ukrainie\/","name":"Modlitwa o pok\u00f3j na Ukrainie - SANKTUARIUM W LICHENIU","isPartOf":{"@id":"https:\/\/www.lichen.pl\/fr\/#website"},"primaryImageOfPage":{"@id":"https:\/\/www.lichen.pl\/modlitwa-o-pokoj-na-ukrainie\/#primaryimage"},"image":{"@id":"https:\/\/www.lichen.pl\/modlitwa-o-pokoj-na-ukrainie\/#primaryimage"},"thumbnailUrl":"https:\/\/www.lichen.pl\/wp-content\/uploads\/2023\/08\/Dzien-modlitw-o-pokoj-na-Ukrainie-11.jpg","datePublished":"2023-08-19T20:38:26+00:00","dateModified":"2023-08-19T21:32:54+00:00","author":{"@id":"https:\/\/www.lichen.pl\/fr\/#\/schema\/person\/9f57a1408d363022abd305da0323b703"},"breadcrumb":{"@id":"https:\/\/www.lichen.pl\/modlitwa-o-pokoj-na-ukrainie\/#breadcrumb"},"inLanguage":"fr-FR","potentialAction":[{"@type":"ReadAction","target":["https:\/\/www.lichen.pl\/modlitwa-o-pokoj-na-ukrainie\/"]}]},{"@type":"ImageObject","inLanguage":"fr-FR","@id":"https:\/\/www.lichen.pl\/modlitwa-o-pokoj-na-ukrainie\/#primaryimage","url":"https:\/\/www.lichen.pl\/wp-content\/uploads\/2023\/08\/Dzien-modlitw-o-pokoj-na-Ukrainie-11.jpg","contentUrl":"https:\/\/www.lichen.pl\/wp-content\/uploads\/2023\/08\/Dzien-modlitw-o-pokoj-na-Ukrainie-11.jpg","width":1920,"height":1280},{"@type":"BreadcrumbList","@id":"https:\/\/www.lichen.pl\/modlitwa-o-pokoj-na-ukrainie\/#breadcrumb","itemListElement":[{"@type":"ListItem","position":1,"name":"Strona g\u0142\u00f3wna","item":"https:\/\/www.lichen.pl\/"},{"@type":"ListItem","position":2,"name":"Modlitwa o pok\u00f3j na Ukrainie"}]},{"@type":"WebSite","@id":"https:\/\/www.lichen.pl\/fr\/#website","url":"https:\/\/www.lichen.pl\/fr\/","name":"SANCTUAIRE EN LICHENIE","description":"LA MAUVAISE REINE DE POLOGNE DE NOTRE LICHEN","potentialAction":[{"@type":"SearchAction","target":{"@type":"EntryPoint","urlTemplate":"https:\/\/www.lichen.pl\/fr\/?s={search_term_string}"},"query-input":{"@type":"PropertyValueSpecification","valueRequired":true,"valueName":"search_term_string"}}],"inLanguage":"fr-FR"},{"@type":"Person","@id":"https:\/\/www.lichen.pl\/fr\/#\/schema\/person\/9f57a1408d363022abd305da0323b703","name":"Justyna Zacharek","image":{"@type":"ImageObject","inLanguage":"fr-FR","@id":"https:\/\/secure.gravatar.com\/avatar\/7be193626a4fb4d6a7d53a7686c3bbf938efff653c427e0182457b838e9d2c3b?s=96&d=retro&r=g","url":"https:\/\/secure.gravatar.com\/avatar\/7be193626a4fb4d6a7d53a7686c3bbf938efff653c427e0182457b838e9d2c3b?s=96&d=retro&r=g","contentUrl":"https:\/\/secure.gravatar.com\/avatar\/7be193626a4fb4d6a7d53a7686c3bbf938efff653c427e0182457b838e9d2c3b?s=96&d=retro&r=g","caption":"Justyna Zacharek"},"url":"https:\/\/www.lichen.pl\/fr\/author\/justyna\/"}]}},"_links":{"self":[{"href":"https:\/\/www.lichen.pl\/fr\/wp-json\/wp\/v2\/posts\/57506","targetHints":{"allow":["GET"]}}],"collection":[{"href":"https:\/\/www.lichen.pl\/fr\/wp-json\/wp\/v2\/posts"}],"about":[{"href":"https:\/\/www.lichen.pl\/fr\/wp-json\/wp\/v2\/types\/post"}],"author":[{"embeddable":true,"href":"https:\/\/www.lichen.pl\/fr\/wp-json\/wp\/v2\/users\/5"}],"replies":[{"embeddable":true,"href":"https:\/\/www.lichen.pl\/fr\/wp-json\/wp\/v2\/comments?post=57506"}],"version-history":[{"count":4,"href":"https:\/\/www.lichen.pl\/fr\/wp-json\/wp\/v2\/posts\/57506\/revisions"}],"predecessor-version":[{"id":57559,"href":"https:\/\/www.lichen.pl\/fr\/wp-json\/wp\/v2\/posts\/57506\/revisions\/57559"}],"wp:featuredmedia":[{"embeddable":true,"href":"https:\/\/www.lichen.pl\/fr\/wp-json\/wp\/v2\/media\/57507"}],"wp:attachment":[{"href":"https:\/\/www.lichen.pl\/fr\/wp-json\/wp\/v2\/media?parent=57506"}],"wp:term":[{"taxonomy":"category","embeddable":true,"href":"https:\/\/www.lichen.pl\/fr\/wp-json\/wp\/v2\/categories?post=57506"},{"taxonomy":"post_tag","embeddable":true,"href":"https:\/\/www.lichen.pl\/fr\/wp-json\/wp\/v2\/tags?post=57506"}],"curies":[{"name":"wp","href":"https:\/\/api.w.org\/{rel}","templated":true}]}}