{"id":58122,"date":"2023-09-08T17:04:24","date_gmt":"2023-09-08T15:04:24","guid":{"rendered":"https:\/\/www.lichen.pl\/?p=58122"},"modified":"2023-09-09T17:14:15","modified_gmt":"2023-09-09T15:14:15","slug":"swieto-narodzenia-nmp","status":"publish","type":"post","link":"https:\/\/www.lichen.pl\/fr\/swieto-narodzenia-nmp\/","title":{"rendered":"F\u00eate de la Nativit\u00e9 de la Bienheureuse Vierge Marie"},"content":{"rendered":"<div data-elementor-type=\"wp-post\" data-elementor-id=\"58122\" class=\"elementor elementor-58122\" data-elementor-post-type=\"post\">\n\t\t\t\t\t\t<section class=\"elementor-section elementor-top-section elementor-element elementor-element-b00d5dd elementor-section-boxed elementor-section-height-default elementor-section-height-default\" data-id=\"b00d5dd\" data-element_type=\"section\" data-e-type=\"section\">\n\t\t\t\t\t\t<div class=\"elementor-container elementor-column-gap-default\">\n\t\t\t\t\t<div class=\"elementor-column elementor-col-100 elementor-top-column elementor-element elementor-element-359c47d\" data-id=\"359c47d\" data-element_type=\"column\" data-e-type=\"column\">\n\t\t\t<div class=\"elementor-widget-wrap elementor-element-populated\">\n\t\t\t\t\t\t<div class=\"elementor-element elementor-element-f5fd110 elementor-widget elementor-widget-heading\" data-id=\"f5fd110\" data-element_type=\"widget\" data-e-type=\"widget\" data-widget_type=\"heading.default\">\n\t\t\t\t<div class=\"elementor-widget-container\">\n\t\t\t\t\t<h1 class=\"elementor-heading-title elementor-size-default\">8 wrze\u015bnia obchodzili\u015bmy \u015bwi\u0119to Narodzenia Naj\u015bwi\u0119tszej Maryi Panny. Dla Zgromadzenia Ksi\u0119\u017cy Marian\u00f3w to wa\u017cny dzie\u0144, poniewa\u017c jest to r\u00f3wnie\u017c rocznica za\u0142o\u017cenia bia\u0142ego habitu przez \u015bw. Stanis\u0142awa Papczy\u0144skiego. \nMialo to miejsce 8 wrze\u015bnia 1671 r. w kaplicy Karskich w Luboczy przed obrazem Matki Bo\u017cej Niepokalanie Pocz\u0119tej.<\/h1>\t\t\t\t<\/div>\n\t\t\t\t<\/div>\n\t\t\t\t\t<\/div>\n\t\t<\/div>\n\t\t\t\t\t<\/div>\n\t\t<\/section>\n\t\t\t\t<section class=\"elementor-section elementor-top-section elementor-element elementor-element-55fe916 elementor-section-boxed elementor-section-height-default elementor-section-height-default\" data-id=\"55fe916\" data-element_type=\"section\" data-e-type=\"section\">\n\t\t\t\t\t\t<div class=\"elementor-container elementor-column-gap-default\">\n\t\t\t\t\t<div class=\"elementor-column elementor-col-100 elementor-top-column elementor-element elementor-element-1cb2d2b\" data-id=\"1cb2d2b\" data-element_type=\"column\" data-e-type=\"column\">\n\t\t\t<div class=\"elementor-widget-wrap elementor-element-populated\">\n\t\t\t\t\t\t<section class=\"elementor-section elementor-inner-section elementor-element elementor-element-96a927e elementor-section-boxed elementor-section-height-default elementor-section-height-default\" data-id=\"96a927e\" data-element_type=\"section\" data-e-type=\"section\">\n\t\t\t\t\t\t<div class=\"elementor-container elementor-column-gap-default\">\n\t\t\t\t\t<div class=\"elementor-column elementor-col-50 elementor-inner-column elementor-element elementor-element-c6a1765\" data-id=\"c6a1765\" data-element_type=\"column\" data-e-type=\"column\">\n\t\t\t<div class=\"elementor-widget-wrap elementor-element-populated\">\n\t\t\t\t\t\t<div class=\"elementor-element elementor-element-6493d1b elementor-widget elementor-widget-image\" data-id=\"6493d1b\" data-element_type=\"widget\" data-e-type=\"widget\" data-widget_type=\"image.default\">\n\t\t\t\t<div class=\"elementor-widget-container\">\n\t\t\t\t\t\t\t\t\t\t\t\t\t\t\t<img fetchpriority=\"high\" decoding=\"async\" width=\"683\" height=\"1024\" src=\"https:\/\/www.lichen.pl\/wp-content\/uploads\/2023\/09\/IMG_3480-683x1024.jpg\" class=\"attachment-large size-large wp-image-58137\" alt=\"\" srcset=\"https:\/\/www.lichen.pl\/wp-content\/uploads\/2023\/09\/IMG_3480-683x1024.jpg 683w, https:\/\/www.lichen.pl\/wp-content\/uploads\/2023\/09\/IMG_3480-800x1200.jpg 800w, https:\/\/www.lichen.pl\/wp-content\/uploads\/2023\/09\/IMG_3480-200x300.jpg 200w, https:\/\/www.lichen.pl\/wp-content\/uploads\/2023\/09\/IMG_3480-768x1152.jpg 768w, https:\/\/www.lichen.pl\/wp-content\/uploads\/2023\/09\/IMG_3480-1024x1536.jpg 1024w, https:\/\/www.lichen.pl\/wp-content\/uploads\/2023\/09\/IMG_3480-1365x2048.jpg 1365w, https:\/\/www.lichen.pl\/wp-content\/uploads\/2023\/09\/IMG_3480-8x12.jpg 8w, https:\/\/www.lichen.pl\/wp-content\/uploads\/2023\/09\/IMG_3480.jpg 853w\" sizes=\"(max-width: 683px) 100vw, 683px\" \/>\t\t\t\t\t\t\t\t\t\t\t\t\t\t\t<\/div>\n\t\t\t\t<\/div>\n\t\t\t\t\t<\/div>\n\t\t<\/div>\n\t\t\t\t<div class=\"elementor-column elementor-col-50 elementor-inner-column elementor-element elementor-element-05f5e7d\" data-id=\"05f5e7d\" data-element_type=\"column\" data-e-type=\"column\">\n\t\t\t<div class=\"elementor-widget-wrap elementor-element-populated\">\n\t\t\t\t\t\t<div class=\"elementor-element elementor-element-0631882 elementor-widget elementor-widget-text-editor\" data-id=\"0631882\" data-element_type=\"widget\" data-e-type=\"widget\" data-widget_type=\"text-editor.default\">\n\t\t\t\t<div class=\"elementor-widget-container\">\n\t\t\t\t\t\t\t\t\t<div class=\"x11i5rnm xat24cr x1mh8g0r x1vvkbs xtlvy1s x126k92a\"><div dir=\"auto\">Tego dnia, co roku bracia nowicjusze po raz pierwszy sk\u0142adaj\u0105 \u015bluby zakonne: czysto\u015bci, ub\u00f3stwa i pos\u0142usze\u0144stwa, a w kolejnych latach je odnawiaj\u0105. Podczas Mszy \u015awi\u0119tej o godz. 12 przed cudownym obrazem Matki Bo\u017cej Liche\u0144skiej w pi\u0105tek swoje \u015bluby odnowili Maciej Lichota i Ruslan Tsehenko.<\/div><\/div><div class=\"x11i5rnm xat24cr x1mh8g0r x1vvkbs xtlvy1s x126k92a\"><div dir=\"auto\">&#8211; Pokornie prosimy o modlitw\u0119 za nas i nasze zgromadzenie, by\u015bmy na wz\u00f3r Matki Naj\u015bwi\u0119tszej mogli s\u0142u\u017cy\u0107 Bogu i wam, pielgrzymom &#8211; prosi\u0142 ks. Adam Stankiewicz MIC, prze\u0142o\u017cony liche\u0144skiej wsp\u00f3lnoty zakonnej rozpoczynaj\u0105c po\u0142udniow\u0105 Eucharysti\u0119.Bardzo bliski jest mi maria\u0144ski charyzmat modlitwy za zmar\u0142ych.<\/div><div dir=\"auto\">W swojej homilii zakonnik podkre\u015bla\u0142, jak wa\u017cne dla cz\u0142onk\u00f3w zgromadzenia jest na\u015bladowanie Matki Bo\u017cej.<\/div><div dir=\"auto\"><div class=\"x11i5rnm xat24cr x1mh8g0r x1vvkbs xtlvy1s x126k92a\"><div dir=\"auto\">&#8211; W tym wyj\u0105tkowym dniu uwielbiamy Boga za dar Maryi, Matki Jezusa, Matki ka\u017cdego z nas. Za to, \u017ce jest wierny swoim obietnicom, swojemu S\u0142owu, \u017ce dla ka\u017cdego z nas w niebie uczyni\u0142 mieszkanie &#8211; m\u00f3wi\u0142 ks. Stankiewicz.<\/div><\/div><div class=\"x11i5rnm xat24cr x1mh8g0r x1vvkbs xtlvy1s x126k92a\"><div dir=\"auto\">Na zako\u0144czenie liturgii odby\u0142o si\u0119 tradycyjne b\u0142ogos\u0142awienstwo ziarna siewnego.<\/div><\/div><\/div><\/div>\t\t\t\t\t\t\t\t<\/div>\n\t\t\t\t<\/div>\n\t\t\t\t\t<\/div>\n\t\t<\/div>\n\t\t\t\t\t<\/div>\n\t\t<\/section>\n\t\t\t\t\t<\/div>\n\t\t<\/div>\n\t\t\t\t\t<\/div>\n\t\t<\/section>\n\t\t\t\t<section class=\"elementor-section elementor-top-section elementor-element elementor-element-f93455e elementor-section-boxed elementor-section-height-default elementor-section-height-default\" data-id=\"f93455e\" data-element_type=\"section\" data-e-type=\"section\">\n\t\t\t\t\t\t<div class=\"elementor-container elementor-column-gap-default\">\n\t\t\t\t\t<div class=\"elementor-column elementor-col-100 elementor-top-column elementor-element elementor-element-87ef801\" data-id=\"87ef801\" data-element_type=\"column\" data-e-type=\"column\">\n\t\t\t<div class=\"elementor-widget-wrap elementor-element-populated\">\n\t\t\t\t\t\t<div class=\"elementor-element elementor-element-273c574 elementor-widget elementor-widget-text-editor\" data-id=\"273c574\" data-element_type=\"widget\" data-e-type=\"widget\" data-widget_type=\"text-editor.default\">\n\t\t\t\t<div class=\"elementor-widget-container\">\n\t\t\t\t\t\t\t\t\t<div class=\"x11i5rnm xat24cr x1mh8g0r x1vvkbs xtlvy1s x126k92a\"><div dir=\"auto\"><div class=\"x11i5rnm xat24cr x1mh8g0r x1vvkbs xtlvy1s x126k92a\">\u00a0<\/div><div class=\"x11i5rnm xat24cr x1mh8g0r x1vvkbs xtlvy1s x126k92a\"><div dir=\"auto\">&#8211; Bardzo bliski jest mi maria\u0144ski charyzmat modlitwy za zmar\u0142ych. Czu\u0142em Bo\u017ce zaproszenie do tego w\u0142a\u015bnie zgromadzenia, \u017ce Pan B\u00f3g chce, abym w\u0142a\u015bnie tutaj by\u0142 &#8211; opowiada br. Maciej Lichota, kt\u00f3ry w zgromadzeniu jest od czterech lat.<\/div><\/div><div class=\"x11i5rnm xat24cr x1mh8g0r x1vvkbs xtlvy1s x126k92a\"><div dir=\"auto\">&#8211; Poci\u0105gn\u0119\u0142o mnie to, jak marianie s\u0142u\u017c\u0105 innym, pos\u0142uga ojc\u00f3w i braci, kt\u00f3rzy s\u0105 z lud\u017ami. Gdy dowiedzia\u0142em si\u0119, kim s\u0105 marianie, co robi\u0105 i czym si\u0119 zajmuj\u0105, zdecydowa\u0142em, \u017ce p\u00f3jd\u0119 do tego zgromadzenia &#8211; wspomina br Ruslan Tsehenko pochodz\u0105cy z maria\u0144skiej parafii w Gr\u00f3dku na Podolu.<\/div><\/div><\/div><\/div>\t\t\t\t\t\t\t\t<\/div>\n\t\t\t\t<\/div>\n\t\t\t\t\t<\/div>\n\t\t<\/div>\n\t\t\t\t\t<\/div>\n\t\t<\/section>\n\t\t\t\t<section class=\"elementor-section elementor-top-section elementor-element elementor-element-9d165d8 elementor-section-boxed elementor-section-height-default elementor-section-height-default\" data-id=\"9d165d8\" data-element_type=\"section\" data-e-type=\"section\">\n\t\t\t\t\t\t<div class=\"elementor-container elementor-column-gap-default\">\n\t\t\t\t\t<div class=\"elementor-column elementor-col-100 elementor-top-column elementor-element elementor-element-50965ff\" data-id=\"50965ff\" data-element_type=\"column\" data-e-type=\"column\">\n\t\t\t<div class=\"elementor-widget-wrap elementor-element-populated\">\n\t\t\t\t\t\t<div class=\"elementor-element elementor-element-278d0c1 elementor-widget elementor-widget-image-gallery\" data-id=\"278d0c1\" data-element_type=\"widget\" data-e-type=\"widget\" data-widget_type=\"image-gallery.default\">\n\t\t\t\t<div class=\"elementor-widget-container\">\n\t\t\t\t\t\t\t<div class=\"elementor-image-gallery\">\n\t\t\t<div id='gallery-1' class='gallery galleryid-58122 gallery-columns-6 gallery-size-thumbnail'><figure class='gallery-item'>\n\t\t\t<div class='gallery-icon landscape'>\n\t\t\t\t<a data-elementor-open-lightbox=\"yes\" data-elementor-lightbox-slideshow=\"278d0c1\" data-elementor-lightbox-title=\"Homilia - ks. Adam Stankiewicz MIC\" data-e-action-hash=\"#elementor-action%3Aaction%3Dlightbox%26settings%3DeyJpZCI6NTgxMjUsInVybCI6Imh0dHBzOlwvXC93d3cubGljaGVuLnBsXC93cC1jb250ZW50XC91cGxvYWRzXC8yMDIzXC8wOVwvSU1HXzM0MzguanBnIiwic2xpZGVzaG93IjoiMjc4ZDBjMSJ9\" href='https:\/\/www.lichen.pl\/wp-content\/uploads\/2023\/09\/IMG_3438.jpg'><img width=\"150\" height=\"150\" src=\"https:\/\/www.lichen.pl\/wp-content\/uploads\/2023\/09\/IMG_3438-150x150.jpg\" class=\"attachment-thumbnail size-thumbnail\" alt=\"\" decoding=\"async\" srcset=\"https:\/\/www.lichen.pl\/wp-content\/uploads\/2023\/09\/IMG_3438-150x150.jpg 150w, https:\/\/www.lichen.pl\/wp-content\/uploads\/2023\/09\/IMG_3438-300x300.jpg 300w\" sizes=\"(max-width: 150px) 100vw, 150px\" \/><\/a>\n\t\t\t<\/div><\/figure><figure class='gallery-item'>\n\t\t\t<div class='gallery-icon landscape'>\n\t\t\t\t<a data-elementor-open-lightbox=\"yes\" data-elementor-lightbox-slideshow=\"278d0c1\" data-elementor-lightbox-title=\"\u015bwi\u0119to narodzin NMP\" data-e-action-hash=\"#elementor-action%3Aaction%3Dlightbox%26settings%3DeyJpZCI6NTgxMjYsInVybCI6Imh0dHBzOlwvXC93d3cubGljaGVuLnBsXC93cC1jb250ZW50XC91cGxvYWRzXC8yMDIzXC8wOVwvSU1HXzM0NDAuanBnIiwic2xpZGVzaG93IjoiMjc4ZDBjMSJ9\" href='https:\/\/www.lichen.pl\/wp-content\/uploads\/2023\/09\/IMG_3440.jpg'><img width=\"150\" height=\"150\" src=\"https:\/\/www.lichen.pl\/wp-content\/uploads\/2023\/09\/IMG_3440-150x150.jpg\" class=\"attachment-thumbnail size-thumbnail\" alt=\"\" decoding=\"async\" srcset=\"https:\/\/www.lichen.pl\/wp-content\/uploads\/2023\/09\/IMG_3440-150x150.jpg 150w, https:\/\/www.lichen.pl\/wp-content\/uploads\/2023\/09\/IMG_3440-300x300.jpg 300w\" sizes=\"(max-width: 150px) 100vw, 150px\" \/><\/a>\n\t\t\t<\/div><\/figure><figure class='gallery-item'>\n\t\t\t<div class='gallery-icon landscape'>\n\t\t\t\t<a data-elementor-open-lightbox=\"yes\" data-elementor-lightbox-slideshow=\"278d0c1\" data-elementor-lightbox-title=\"\u015awi\u0119to narodzin NMP\" data-e-action-hash=\"#elementor-action%3Aaction%3Dlightbox%26settings%3DeyJpZCI6NTgxMjcsInVybCI6Imh0dHBzOlwvXC93d3cubGljaGVuLnBsXC93cC1jb250ZW50XC91cGxvYWRzXC8yMDIzXC8wOVwvSU1HXzM0NDMuanBnIiwic2xpZGVzaG93IjoiMjc4ZDBjMSJ9\" href='https:\/\/www.lichen.pl\/wp-content\/uploads\/2023\/09\/IMG_3443.jpg'><img loading=\"lazy\" width=\"150\" height=\"150\" src=\"https:\/\/www.lichen.pl\/wp-content\/uploads\/2023\/09\/IMG_3443-150x150.jpg\" class=\"attachment-thumbnail size-thumbnail\" alt=\"\" decoding=\"async\" srcset=\"https:\/\/www.lichen.pl\/wp-content\/uploads\/2023\/09\/IMG_3443-150x150.jpg 150w, https:\/\/www.lichen.pl\/wp-content\/uploads\/2023\/09\/IMG_3443-300x300.jpg 300w\" sizes=\"(max-width: 150px) 100vw, 150px\" \/><\/a>\n\t\t\t<\/div><\/figure><figure class='gallery-item'>\n\t\t\t<div class='gallery-icon landscape'>\n\t\t\t\t<a data-elementor-open-lightbox=\"yes\" data-elementor-lightbox-slideshow=\"278d0c1\" data-elementor-lightbox-title=\"\u015aluby nowicjuszy\" data-e-action-hash=\"#elementor-action%3Aaction%3Dlightbox%26settings%3DeyJpZCI6NTgxMjksInVybCI6Imh0dHBzOlwvXC93d3cubGljaGVuLnBsXC93cC1jb250ZW50XC91cGxvYWRzXC8yMDIzXC8wOVwvSU1HXzM0NDcuanBnIiwic2xpZGVzaG93IjoiMjc4ZDBjMSJ9\" href='https:\/\/www.lichen.pl\/wp-content\/uploads\/2023\/09\/IMG_3447.jpg'><img loading=\"lazy\" width=\"150\" height=\"150\" src=\"https:\/\/www.lichen.pl\/wp-content\/uploads\/2023\/09\/IMG_3447-150x150.jpg\" class=\"attachment-thumbnail size-thumbnail\" alt=\"\" decoding=\"async\" srcset=\"https:\/\/www.lichen.pl\/wp-content\/uploads\/2023\/09\/IMG_3447-150x150.jpg 150w, https:\/\/www.lichen.pl\/wp-content\/uploads\/2023\/09\/IMG_3447-300x300.jpg 300w\" sizes=\"(max-width: 150px) 100vw, 150px\" \/><\/a>\n\t\t\t<\/div><\/figure><figure class='gallery-item'>\n\t\t\t<div class='gallery-icon landscape'>\n\t\t\t\t<a data-elementor-open-lightbox=\"yes\" data-elementor-lightbox-slideshow=\"278d0c1\" data-elementor-lightbox-title=\"\u015aluby nowicjuszy\" data-e-action-hash=\"#elementor-action%3Aaction%3Dlightbox%26settings%3DeyJpZCI6NTgxMjMsInVybCI6Imh0dHBzOlwvXC93d3cubGljaGVuLnBsXC93cC1jb250ZW50XC91cGxvYWRzXC8yMDIzXC8wOVwvSU1HXzM0NTUuanBnIiwic2xpZGVzaG93IjoiMjc4ZDBjMSJ9\" href='https:\/\/www.lichen.pl\/wp-content\/uploads\/2023\/09\/IMG_3455.jpg'><img loading=\"lazy\" width=\"150\" height=\"150\" src=\"https:\/\/www.lichen.pl\/wp-content\/uploads\/2023\/09\/IMG_3455-150x150.jpg\" class=\"attachment-thumbnail size-thumbnail\" alt=\"\" decoding=\"async\" srcset=\"https:\/\/www.lichen.pl\/wp-content\/uploads\/2023\/09\/IMG_3455-150x150.jpg 150w, https:\/\/www.lichen.pl\/wp-content\/uploads\/2023\/09\/IMG_3455-300x300.jpg 300w\" sizes=\"(max-width: 150px) 100vw, 150px\" \/><\/a>\n\t\t\t<\/div><\/figure><figure class='gallery-item'>\n\t\t\t<div class='gallery-icon portrait'>\n\t\t\t\t<a data-elementor-open-lightbox=\"yes\" data-elementor-lightbox-slideshow=\"278d0c1\" data-elementor-lightbox-title=\"\u015aluby nowicjuszy\" data-e-action-hash=\"#elementor-action%3Aaction%3Dlightbox%26settings%3DeyJpZCI6NTgxMzAsInVybCI6Imh0dHBzOlwvXC93d3cubGljaGVuLnBsXC93cC1jb250ZW50XC91cGxvYWRzXC8yMDIzXC8wOVwvSU1HXzM0NTMuanBnIiwic2xpZGVzaG93IjoiMjc4ZDBjMSJ9\" href='https:\/\/www.lichen.pl\/wp-content\/uploads\/2023\/09\/IMG_3453.jpg'><img loading=\"lazy\" width=\"150\" height=\"150\" src=\"https:\/\/www.lichen.pl\/wp-content\/uploads\/2023\/09\/IMG_3453-150x150.jpg\" class=\"attachment-thumbnail size-thumbnail\" alt=\"\" decoding=\"async\" srcset=\"https:\/\/www.lichen.pl\/wp-content\/uploads\/2023\/09\/IMG_3453-150x150.jpg 150w, https:\/\/www.lichen.pl\/wp-content\/uploads\/2023\/09\/IMG_3453-300x300.jpg 300w\" sizes=\"(max-width: 150px) 100vw, 150px\" \/><\/a>\n\t\t\t<\/div><\/figure><figure class='gallery-item'>\n\t\t\t<div class='gallery-icon portrait'>\n\t\t\t\t<a data-elementor-open-lightbox=\"yes\" data-elementor-lightbox-slideshow=\"278d0c1\" data-elementor-lightbox-title=\"\u015aluby nowicjuszy\" data-e-action-hash=\"#elementor-action%3Aaction%3Dlightbox%26settings%3DeyJpZCI6NTgxMzIsInVybCI6Imh0dHBzOlwvXC93d3cubGljaGVuLnBsXC93cC1jb250ZW50XC91cGxvYWRzXC8yMDIzXC8wOVwvSU1HXzM0NTcuanBnIiwic2xpZGVzaG93IjoiMjc4ZDBjMSJ9\" href='https:\/\/www.lichen.pl\/wp-content\/uploads\/2023\/09\/IMG_3457.jpg'><img loading=\"lazy\" width=\"150\" height=\"150\" src=\"https:\/\/www.lichen.pl\/wp-content\/uploads\/2023\/09\/IMG_3457-150x150.jpg\" class=\"attachment-thumbnail size-thumbnail\" alt=\"\" decoding=\"async\" srcset=\"https:\/\/www.lichen.pl\/wp-content\/uploads\/2023\/09\/IMG_3457-150x150.jpg 150w, https:\/\/www.lichen.pl\/wp-content\/uploads\/2023\/09\/IMG_3457-300x300.jpg 300w\" sizes=\"(max-width: 150px) 100vw, 150px\" \/><\/a>\n\t\t\t<\/div><\/figure><figure class='gallery-item'>\n\t\t\t<div class='gallery-icon portrait'>\n\t\t\t\t<a data-elementor-open-lightbox=\"yes\" data-elementor-lightbox-slideshow=\"278d0c1\" data-elementor-lightbox-title=\"\u015aluby nowicjuszy\" data-e-action-hash=\"#elementor-action%3Aaction%3Dlightbox%26settings%3DeyJpZCI6NTgxMzMsInVybCI6Imh0dHBzOlwvXC93d3cubGljaGVuLnBsXC93cC1jb250ZW50XC91cGxvYWRzXC8yMDIzXC8wOVwvSU1HXzM0NTguanBnIiwic2xpZGVzaG93IjoiMjc4ZDBjMSJ9\" href='https:\/\/www.lichen.pl\/wp-content\/uploads\/2023\/09\/IMG_3458.jpg'><img loading=\"lazy\" width=\"150\" height=\"150\" src=\"https:\/\/www.lichen.pl\/wp-content\/uploads\/2023\/09\/IMG_3458-150x150.jpg\" class=\"attachment-thumbnail size-thumbnail\" alt=\"\" decoding=\"async\" srcset=\"https:\/\/www.lichen.pl\/wp-content\/uploads\/2023\/09\/IMG_3458-150x150.jpg 150w, https:\/\/www.lichen.pl\/wp-content\/uploads\/2023\/09\/IMG_3458-300x300.jpg 300w\" sizes=\"(max-width: 150px) 100vw, 150px\" \/><\/a>\n\t\t\t<\/div><\/figure><figure class='gallery-item'>\n\t\t\t<div class='gallery-icon landscape'>\n\t\t\t\t<a data-elementor-open-lightbox=\"yes\" data-elementor-lightbox-slideshow=\"278d0c1\" data-elementor-lightbox-title=\"Po\u015bwi\u0119cenie ziarna\" data-e-action-hash=\"#elementor-action%3Aaction%3Dlightbox%26settings%3DeyJpZCI6NTgxMzQsInVybCI6Imh0dHBzOlwvXC93d3cubGljaGVuLnBsXC93cC1jb250ZW50XC91cGxvYWRzXC8yMDIzXC8wOVwvSU1HXzM0NjMuanBnIiwic2xpZGVzaG93IjoiMjc4ZDBjMSJ9\" href='https:\/\/www.lichen.pl\/wp-content\/uploads\/2023\/09\/IMG_3463.jpg'><img loading=\"lazy\" width=\"150\" height=\"150\" src=\"https:\/\/www.lichen.pl\/wp-content\/uploads\/2023\/09\/IMG_3463-150x150.jpg\" class=\"attachment-thumbnail size-thumbnail\" alt=\"\" decoding=\"async\" srcset=\"https:\/\/www.lichen.pl\/wp-content\/uploads\/2023\/09\/IMG_3463-150x150.jpg 150w, https:\/\/www.lichen.pl\/wp-content\/uploads\/2023\/09\/IMG_3463-300x300.jpg 300w\" sizes=\"(max-width: 150px) 100vw, 150px\" \/><\/a>\n\t\t\t<\/div><\/figure><figure class='gallery-item'>\n\t\t\t<div class='gallery-icon portrait'>\n\t\t\t\t<a data-elementor-open-lightbox=\"yes\" data-elementor-lightbox-slideshow=\"278d0c1\" data-elementor-lightbox-title=\"\u015aluby nowicjuszy\" data-e-action-hash=\"#elementor-action%3Aaction%3Dlightbox%26settings%3DeyJpZCI6NTgxMzUsInVybCI6Imh0dHBzOlwvXC93d3cubGljaGVuLnBsXC93cC1jb250ZW50XC91cGxvYWRzXC8yMDIzXC8wOVwvSU1HXzM0NjkuanBnIiwic2xpZGVzaG93IjoiMjc4ZDBjMSJ9\" href='https:\/\/www.lichen.pl\/wp-content\/uploads\/2023\/09\/IMG_3469.jpg'><img loading=\"lazy\" width=\"150\" height=\"150\" src=\"https:\/\/www.lichen.pl\/wp-content\/uploads\/2023\/09\/IMG_3469-150x150.jpg\" class=\"attachment-thumbnail size-thumbnail\" alt=\"\" decoding=\"async\" srcset=\"https:\/\/www.lichen.pl\/wp-content\/uploads\/2023\/09\/IMG_3469-150x150.jpg 150w, https:\/\/www.lichen.pl\/wp-content\/uploads\/2023\/09\/IMG_3469-300x300.jpg 300w\" sizes=\"(max-width: 150px) 100vw, 150px\" \/><\/a>\n\t\t\t<\/div><\/figure><figure class='gallery-item'>\n\t\t\t<div class='gallery-icon portrait'>\n\t\t\t\t<a data-elementor-open-lightbox=\"yes\" data-elementor-lightbox-slideshow=\"278d0c1\" data-elementor-lightbox-title=\"\u015aluby nowicjuszy\" data-e-action-hash=\"#elementor-action%3Aaction%3Dlightbox%26settings%3DeyJpZCI6NTgxMzYsInVybCI6Imh0dHBzOlwvXC93d3cubGljaGVuLnBsXC93cC1jb250ZW50XC91cGxvYWRzXC8yMDIzXC8wOVwvSU1HXzM0NzIuanBnIiwic2xpZGVzaG93IjoiMjc4ZDBjMSJ9\" href='https:\/\/www.lichen.pl\/wp-content\/uploads\/2023\/09\/IMG_3472.jpg'><img loading=\"lazy\" width=\"150\" height=\"150\" src=\"https:\/\/www.lichen.pl\/wp-content\/uploads\/2023\/09\/IMG_3472-150x150.jpg\" class=\"attachment-thumbnail size-thumbnail\" alt=\"\" decoding=\"async\" srcset=\"https:\/\/www.lichen.pl\/wp-content\/uploads\/2023\/09\/IMG_3472-150x150.jpg 150w, https:\/\/www.lichen.pl\/wp-content\/uploads\/2023\/09\/IMG_3472-300x300.jpg 300w\" sizes=\"(max-width: 150px) 100vw, 150px\" \/><\/a>\n\t\t\t<\/div><\/figure><figure class='gallery-item'>\n\t\t\t<div class='gallery-icon portrait'>\n\t\t\t\t<a data-elementor-open-lightbox=\"yes\" data-elementor-lightbox-slideshow=\"278d0c1\" data-elementor-lightbox-title=\"\u015aluby nowicjuszy\" data-e-action-hash=\"#elementor-action%3Aaction%3Dlightbox%26settings%3DeyJpZCI6NTgxMzcsInVybCI6Imh0dHBzOlwvXC93d3cubGljaGVuLnBsXC93cC1jb250ZW50XC91cGxvYWRzXC8yMDIzXC8wOVwvSU1HXzM0ODAuanBnIiwic2xpZGVzaG93IjoiMjc4ZDBjMSJ9\" href='https:\/\/www.lichen.pl\/wp-content\/uploads\/2023\/09\/IMG_3480.jpg'><img loading=\"lazy\" width=\"150\" height=\"150\" src=\"https:\/\/www.lichen.pl\/wp-content\/uploads\/2023\/09\/IMG_3480-150x150.jpg\" class=\"attachment-thumbnail size-thumbnail\" alt=\"\" decoding=\"async\" srcset=\"https:\/\/www.lichen.pl\/wp-content\/uploads\/2023\/09\/IMG_3480-150x150.jpg 150w, https:\/\/www.lichen.pl\/wp-content\/uploads\/2023\/09\/IMG_3480-300x300.jpg 300w\" sizes=\"(max-width: 150px) 100vw, 150px\" \/><\/a>\n\t\t\t<\/div><\/figure>\n\t\t<\/div>\n\t\t<\/div>\n\t\t\t\t\t\t<\/div>\n\t\t\t\t<\/div>\n\t\t\t\t\t<\/div>\n\t\t<\/div>\n\t\t\t\t\t<\/div>\n\t\t<\/section>\n\t\t\t\t<\/div>","protected":false},"excerpt":{"rendered":"<p>8 wrze\u015bnia obchodzili\u015bmy \u015bwi\u0119to Narodzenia Naj\u015bwi\u0119tszej Maryi Panny. Dla Zgromadzenia Ksi\u0119\u017cy Marian\u00f3w to wa\u017cny dzie\u0144, poniewa\u017c jest to r\u00f3wnie\u017c rocznica za\u0142o\u017cenia bia\u0142ego habitu przez \u015bw. Stanis\u0142awa Papczy\u0144skiego. Mialo to miejsce 8 wrze\u015bnia 1671 r. w kaplicy Karskich w Luboczy przed obrazem Matki Bo\u017cej Niepokalanie Pocz\u0119tej. Tego dnia, co roku bracia nowicjusze po raz pierwszy sk\u0142adaj\u0105 [&hellip;]<\/p>\n","protected":false},"author":5,"featured_media":58123,"comment_status":"closed","ping_status":"closed","sticky":false,"template":"","format":"standard","meta":{"footnotes":""},"categories":[1],"tags":[],"class_list":["post-58122","post","type-post","status-publish","format-standard","has-post-thumbnail","hentry","category-aktualnosci","wpbf-post"],"yoast_head":"<!-- This site is optimized with the Yoast SEO plugin v27.4 - https:\/\/yoast.com\/product\/yoast-seo-wordpress\/ -->\n<title>\u015awi\u0119to Narodzenia Naj\u015bwi\u0119tszej Maryi Panny - SANKTUARIUM W LICHENIU<\/title>\n<meta name=\"robots\" content=\"index, follow, max-snippet:-1, max-image-preview:large, max-video-preview:-1\" \/>\n<link rel=\"canonical\" href=\"https:\/\/www.lichen.pl\/fr\/swieto-narodzenia-nmp\/\" \/>\n<meta property=\"og:locale\" content=\"fr_FR\" \/>\n<meta property=\"og:type\" content=\"article\" \/>\n<meta property=\"og:title\" content=\"\u015awi\u0119to Narodzenia Naj\u015bwi\u0119tszej Maryi Panny - SANKTUARIUM W LICHENIU\" \/>\n<meta property=\"og:description\" content=\"8 wrze\u015bnia obchodzili\u015bmy \u015bwi\u0119to Narodzenia Naj\u015bwi\u0119tszej Maryi Panny. Dla Zgromadzenia Ksi\u0119\u017cy Marian\u00f3w to wa\u017cny dzie\u0144, poniewa\u017c jest to r\u00f3wnie\u017c rocznica za\u0142o\u017cenia bia\u0142ego habitu przez \u015bw. Stanis\u0142awa Papczy\u0144skiego. Mialo to miejsce 8 wrze\u015bnia 1671 r. w kaplicy Karskich w Luboczy przed obrazem Matki Bo\u017cej Niepokalanie Pocz\u0119tej. Tego dnia, co roku bracia nowicjusze po raz pierwszy sk\u0142adaj\u0105 [&hellip;]\" \/>\n<meta property=\"og:url\" content=\"https:\/\/www.lichen.pl\/fr\/swieto-narodzenia-nmp\/\" \/>\n<meta property=\"og:site_name\" content=\"SANKTUARIUM W LICHENIU\" \/>\n<meta property=\"article:published_time\" content=\"2023-09-08T15:04:24+00:00\" \/>\n<meta property=\"article:modified_time\" content=\"2023-09-09T15:14:15+00:00\" \/>\n<meta property=\"og:image\" content=\"https:\/\/www.lichen.pl\/wp-content\/uploads\/2023\/09\/IMG_3455-1024x683.jpg\" \/>\n\t<meta property=\"og:image:width\" content=\"1024\" \/>\n\t<meta property=\"og:image:height\" content=\"683\" \/>\n\t<meta property=\"og:image:type\" content=\"image\/jpeg\" \/>\n<meta name=\"author\" content=\"Justyna Zacharek\" \/>\n<meta name=\"twitter:card\" content=\"summary_large_image\" \/>\n<meta name=\"twitter:label1\" content=\"\u00c9crit par\" \/>\n\t<meta name=\"twitter:data1\" content=\"Justyna Zacharek\" \/>\n\t<meta name=\"twitter:label2\" content=\"Dur\u00e9e de lecture estim\u00e9e\" \/>\n\t<meta name=\"twitter:data2\" content=\"5 minutes\" \/>\n<script type=\"application\/ld+json\" class=\"yoast-schema-graph\">{\"@context\":\"https:\\\/\\\/schema.org\",\"@graph\":[{\"@type\":\"Article\",\"@id\":\"https:\\\/\\\/www.lichen.pl\\\/swieto-narodzenia-nmp\\\/#article\",\"isPartOf\":{\"@id\":\"https:\\\/\\\/www.lichen.pl\\\/swieto-narodzenia-nmp\\\/\"},\"author\":{\"name\":\"Justyna Zacharek\",\"@id\":\"https:\\\/\\\/www.lichen.pl\\\/fr\\\/#\\\/schema\\\/person\\\/9f57a1408d363022abd305da0323b703\"},\"headline\":\"\u015awi\u0119to Narodzenia Naj\u015bwi\u0119tszej Maryi Panny\",\"datePublished\":\"2023-09-08T15:04:24+00:00\",\"dateModified\":\"2023-09-09T15:14:15+00:00\",\"mainEntityOfPage\":{\"@id\":\"https:\\\/\\\/www.lichen.pl\\\/swieto-narodzenia-nmp\\\/\"},\"wordCount\":359,\"image\":{\"@id\":\"https:\\\/\\\/www.lichen.pl\\\/swieto-narodzenia-nmp\\\/#primaryimage\"},\"thumbnailUrl\":\"https:\\\/\\\/www.lichen.pl\\\/wp-content\\\/uploads\\\/2023\\\/09\\\/IMG_3455.jpg\",\"articleSection\":[\"Aktualno\u015bci\"],\"inLanguage\":\"fr-FR\"},{\"@type\":\"WebPage\",\"@id\":\"https:\\\/\\\/www.lichen.pl\\\/swieto-narodzenia-nmp\\\/\",\"url\":\"https:\\\/\\\/www.lichen.pl\\\/swieto-narodzenia-nmp\\\/\",\"name\":\"\u015awi\u0119to Narodzenia Naj\u015bwi\u0119tszej Maryi Panny - SANKTUARIUM W LICHENIU\",\"isPartOf\":{\"@id\":\"https:\\\/\\\/www.lichen.pl\\\/fr\\\/#website\"},\"primaryImageOfPage\":{\"@id\":\"https:\\\/\\\/www.lichen.pl\\\/swieto-narodzenia-nmp\\\/#primaryimage\"},\"image\":{\"@id\":\"https:\\\/\\\/www.lichen.pl\\\/swieto-narodzenia-nmp\\\/#primaryimage\"},\"thumbnailUrl\":\"https:\\\/\\\/www.lichen.pl\\\/wp-content\\\/uploads\\\/2023\\\/09\\\/IMG_3455.jpg\",\"datePublished\":\"2023-09-08T15:04:24+00:00\",\"dateModified\":\"2023-09-09T15:14:15+00:00\",\"author\":{\"@id\":\"https:\\\/\\\/www.lichen.pl\\\/fr\\\/#\\\/schema\\\/person\\\/9f57a1408d363022abd305da0323b703\"},\"breadcrumb\":{\"@id\":\"https:\\\/\\\/www.lichen.pl\\\/swieto-narodzenia-nmp\\\/#breadcrumb\"},\"inLanguage\":\"fr-FR\",\"potentialAction\":[{\"@type\":\"ReadAction\",\"target\":[\"https:\\\/\\\/www.lichen.pl\\\/swieto-narodzenia-nmp\\\/\"]}]},{\"@type\":\"ImageObject\",\"inLanguage\":\"fr-FR\",\"@id\":\"https:\\\/\\\/www.lichen.pl\\\/swieto-narodzenia-nmp\\\/#primaryimage\",\"url\":\"https:\\\/\\\/www.lichen.pl\\\/wp-content\\\/uploads\\\/2023\\\/09\\\/IMG_3455.jpg\",\"contentUrl\":\"https:\\\/\\\/www.lichen.pl\\\/wp-content\\\/uploads\\\/2023\\\/09\\\/IMG_3455.jpg\",\"width\":1920,\"height\":1280},{\"@type\":\"BreadcrumbList\",\"@id\":\"https:\\\/\\\/www.lichen.pl\\\/swieto-narodzenia-nmp\\\/#breadcrumb\",\"itemListElement\":[{\"@type\":\"ListItem\",\"position\":1,\"name\":\"Strona g\u0142\u00f3wna\",\"item\":\"https:\\\/\\\/www.lichen.pl\\\/\"},{\"@type\":\"ListItem\",\"position\":2,\"name\":\"\u015awi\u0119to Narodzenia Naj\u015bwi\u0119tszej Maryi Panny\"}]},{\"@type\":\"WebSite\",\"@id\":\"https:\\\/\\\/www.lichen.pl\\\/fr\\\/#website\",\"url\":\"https:\\\/\\\/www.lichen.pl\\\/fr\\\/\",\"name\":\"SANKTUARIUM W LICHENIU\",\"description\":\"MATKI BO\u017bEJ LICHE\u0143SKIEJ BOLESNEJ KR\u00d3LOWEJ POLSKI\",\"potentialAction\":[{\"@type\":\"SearchAction\",\"target\":{\"@type\":\"EntryPoint\",\"urlTemplate\":\"https:\\\/\\\/www.lichen.pl\\\/fr\\\/?s={search_term_string}\"},\"query-input\":{\"@type\":\"PropertyValueSpecification\",\"valueRequired\":true,\"valueName\":\"search_term_string\"}}],\"inLanguage\":\"fr-FR\"},{\"@type\":\"Person\",\"@id\":\"https:\\\/\\\/www.lichen.pl\\\/fr\\\/#\\\/schema\\\/person\\\/9f57a1408d363022abd305da0323b703\",\"name\":\"Justyna Zacharek\",\"image\":{\"@type\":\"ImageObject\",\"inLanguage\":\"fr-FR\",\"@id\":\"https:\\\/\\\/secure.gravatar.com\\\/avatar\\\/7be193626a4fb4d6a7d53a7686c3bbf938efff653c427e0182457b838e9d2c3b?s=96&d=retro&r=g\",\"url\":\"https:\\\/\\\/secure.gravatar.com\\\/avatar\\\/7be193626a4fb4d6a7d53a7686c3bbf938efff653c427e0182457b838e9d2c3b?s=96&d=retro&r=g\",\"contentUrl\":\"https:\\\/\\\/secure.gravatar.com\\\/avatar\\\/7be193626a4fb4d6a7d53a7686c3bbf938efff653c427e0182457b838e9d2c3b?s=96&d=retro&r=g\",\"caption\":\"Justyna Zacharek\"},\"url\":\"https:\\\/\\\/www.lichen.pl\\\/fr\\\/author\\\/justyna\\\/\"}]}<\/script>\n<!-- \/ Yoast SEO plugin. -->","yoast_head_json":{"title":"\u015awi\u0119to Narodzenia Naj\u015bwi\u0119tszej Maryi Panny - SANKTUARIUM W LICHENIU","robots":{"index":"index","follow":"follow","max-snippet":"max-snippet:-1","max-image-preview":"max-image-preview:large","max-video-preview":"max-video-preview:-1"},"canonical":"https:\/\/www.lichen.pl\/fr\/swieto-narodzenia-nmp\/","og_locale":"fr_FR","og_type":"article","og_title":"\u015awi\u0119to Narodzenia Naj\u015bwi\u0119tszej Maryi Panny - SANKTUARIUM W LICHENIU","og_description":"8 wrze\u015bnia obchodzili\u015bmy \u015bwi\u0119to Narodzenia Naj\u015bwi\u0119tszej Maryi Panny. Dla Zgromadzenia Ksi\u0119\u017cy Marian\u00f3w to wa\u017cny dzie\u0144, poniewa\u017c jest to r\u00f3wnie\u017c rocznica za\u0142o\u017cenia bia\u0142ego habitu przez \u015bw. Stanis\u0142awa Papczy\u0144skiego. Mialo to miejsce 8 wrze\u015bnia 1671 r. w kaplicy Karskich w Luboczy przed obrazem Matki Bo\u017cej Niepokalanie Pocz\u0119tej. Tego dnia, co roku bracia nowicjusze po raz pierwszy sk\u0142adaj\u0105 [&hellip;]","og_url":"https:\/\/www.lichen.pl\/fr\/swieto-narodzenia-nmp\/","og_site_name":"SANKTUARIUM W LICHENIU","article_published_time":"2023-09-08T15:04:24+00:00","article_modified_time":"2023-09-09T15:14:15+00:00","og_image":[{"width":1024,"height":683,"url":"https:\/\/www.lichen.pl\/wp-content\/uploads\/2023\/09\/IMG_3455-1024x683.jpg","type":"image\/jpeg"}],"author":"Justyna Zacharek","twitter_card":"summary_large_image","twitter_misc":{"\u00c9crit par":"Justyna Zacharek","Dur\u00e9e de lecture estim\u00e9e":"5 minutes"},"schema":{"@context":"https:\/\/schema.org","@graph":[{"@type":"Article","@id":"https:\/\/www.lichen.pl\/swieto-narodzenia-nmp\/#article","isPartOf":{"@id":"https:\/\/www.lichen.pl\/swieto-narodzenia-nmp\/"},"author":{"name":"Justyna Zacharek","@id":"https:\/\/www.lichen.pl\/fr\/#\/schema\/person\/9f57a1408d363022abd305da0323b703"},"headline":"\u015awi\u0119to Narodzenia Naj\u015bwi\u0119tszej Maryi Panny","datePublished":"2023-09-08T15:04:24+00:00","dateModified":"2023-09-09T15:14:15+00:00","mainEntityOfPage":{"@id":"https:\/\/www.lichen.pl\/swieto-narodzenia-nmp\/"},"wordCount":359,"image":{"@id":"https:\/\/www.lichen.pl\/swieto-narodzenia-nmp\/#primaryimage"},"thumbnailUrl":"https:\/\/www.lichen.pl\/wp-content\/uploads\/2023\/09\/IMG_3455.jpg","articleSection":["Aktualno\u015bci"],"inLanguage":"fr-FR"},{"@type":"WebPage","@id":"https:\/\/www.lichen.pl\/swieto-narodzenia-nmp\/","url":"https:\/\/www.lichen.pl\/swieto-narodzenia-nmp\/","name":"\u015awi\u0119to Narodzenia Naj\u015bwi\u0119tszej Maryi Panny - SANKTUARIUM W LICHENIU","isPartOf":{"@id":"https:\/\/www.lichen.pl\/fr\/#website"},"primaryImageOfPage":{"@id":"https:\/\/www.lichen.pl\/swieto-narodzenia-nmp\/#primaryimage"},"image":{"@id":"https:\/\/www.lichen.pl\/swieto-narodzenia-nmp\/#primaryimage"},"thumbnailUrl":"https:\/\/www.lichen.pl\/wp-content\/uploads\/2023\/09\/IMG_3455.jpg","datePublished":"2023-09-08T15:04:24+00:00","dateModified":"2023-09-09T15:14:15+00:00","author":{"@id":"https:\/\/www.lichen.pl\/fr\/#\/schema\/person\/9f57a1408d363022abd305da0323b703"},"breadcrumb":{"@id":"https:\/\/www.lichen.pl\/swieto-narodzenia-nmp\/#breadcrumb"},"inLanguage":"fr-FR","potentialAction":[{"@type":"ReadAction","target":["https:\/\/www.lichen.pl\/swieto-narodzenia-nmp\/"]}]},{"@type":"ImageObject","inLanguage":"fr-FR","@id":"https:\/\/www.lichen.pl\/swieto-narodzenia-nmp\/#primaryimage","url":"https:\/\/www.lichen.pl\/wp-content\/uploads\/2023\/09\/IMG_3455.jpg","contentUrl":"https:\/\/www.lichen.pl\/wp-content\/uploads\/2023\/09\/IMG_3455.jpg","width":1920,"height":1280},{"@type":"BreadcrumbList","@id":"https:\/\/www.lichen.pl\/swieto-narodzenia-nmp\/#breadcrumb","itemListElement":[{"@type":"ListItem","position":1,"name":"Strona g\u0142\u00f3wna","item":"https:\/\/www.lichen.pl\/"},{"@type":"ListItem","position":2,"name":"\u015awi\u0119to Narodzenia Naj\u015bwi\u0119tszej Maryi Panny"}]},{"@type":"WebSite","@id":"https:\/\/www.lichen.pl\/fr\/#website","url":"https:\/\/www.lichen.pl\/fr\/","name":"SANCTUAIRE EN LICHENIE","description":"LA MAUVAISE REINE DE POLOGNE DE NOTRE LICHEN","potentialAction":[{"@type":"SearchAction","target":{"@type":"EntryPoint","urlTemplate":"https:\/\/www.lichen.pl\/fr\/?s={search_term_string}"},"query-input":{"@type":"PropertyValueSpecification","valueRequired":true,"valueName":"search_term_string"}}],"inLanguage":"fr-FR"},{"@type":"Person","@id":"https:\/\/www.lichen.pl\/fr\/#\/schema\/person\/9f57a1408d363022abd305da0323b703","name":"Justyna Zacharek","image":{"@type":"ImageObject","inLanguage":"fr-FR","@id":"https:\/\/secure.gravatar.com\/avatar\/7be193626a4fb4d6a7d53a7686c3bbf938efff653c427e0182457b838e9d2c3b?s=96&d=retro&r=g","url":"https:\/\/secure.gravatar.com\/avatar\/7be193626a4fb4d6a7d53a7686c3bbf938efff653c427e0182457b838e9d2c3b?s=96&d=retro&r=g","contentUrl":"https:\/\/secure.gravatar.com\/avatar\/7be193626a4fb4d6a7d53a7686c3bbf938efff653c427e0182457b838e9d2c3b?s=96&d=retro&r=g","caption":"Justyna Zacharek"},"url":"https:\/\/www.lichen.pl\/fr\/author\/justyna\/"}]}},"_links":{"self":[{"href":"https:\/\/www.lichen.pl\/fr\/wp-json\/wp\/v2\/posts\/58122","targetHints":{"allow":["GET"]}}],"collection":[{"href":"https:\/\/www.lichen.pl\/fr\/wp-json\/wp\/v2\/posts"}],"about":[{"href":"https:\/\/www.lichen.pl\/fr\/wp-json\/wp\/v2\/types\/post"}],"author":[{"embeddable":true,"href":"https:\/\/www.lichen.pl\/fr\/wp-json\/wp\/v2\/users\/5"}],"replies":[{"embeddable":true,"href":"https:\/\/www.lichen.pl\/fr\/wp-json\/wp\/v2\/comments?post=58122"}],"version-history":[{"count":4,"href":"https:\/\/www.lichen.pl\/fr\/wp-json\/wp\/v2\/posts\/58122\/revisions"}],"predecessor-version":[{"id":58140,"href":"https:\/\/www.lichen.pl\/fr\/wp-json\/wp\/v2\/posts\/58122\/revisions\/58140"}],"wp:featuredmedia":[{"embeddable":true,"href":"https:\/\/www.lichen.pl\/fr\/wp-json\/wp\/v2\/media\/58123"}],"wp:attachment":[{"href":"https:\/\/www.lichen.pl\/fr\/wp-json\/wp\/v2\/media?parent=58122"}],"wp:term":[{"taxonomy":"category","embeddable":true,"href":"https:\/\/www.lichen.pl\/fr\/wp-json\/wp\/v2\/categories?post=58122"},{"taxonomy":"post_tag","embeddable":true,"href":"https:\/\/www.lichen.pl\/fr\/wp-json\/wp\/v2\/tags?post=58122"}],"curies":[{"name":"wp","href":"https:\/\/api.w.org\/{rel}","templated":true}]}}