{"id":6566,"date":"2021-04-04T09:00:03","date_gmt":"2021-04-04T09:00:03","guid":{"rendered":"http:\/\/www.lichen.pl\/?p=6566"},"modified":"2021-04-18T20:15:06","modified_gmt":"2021-04-18T20:15:06","slug":"wielka-sobota-liturgia-wigilii-paschalnej","status":"publish","type":"post","link":"https:\/\/www.lichen.pl\/fr\/wielka-sobota-liturgia-wigilii-paschalnej\/","title":{"rendered":"Samedi Saint. Liturgie de la Veill\u00e9e pascale"},"content":{"rendered":"<div data-elementor-type=\"wp-post\" data-elementor-id=\"6566\" class=\"elementor elementor-6566\" data-elementor-post-type=\"post\">\n\t\t\t\t\t\t<section class=\"elementor-section elementor-top-section elementor-element elementor-element-34f50ec elementor-section-boxed elementor-section-height-default elementor-section-height-default\" data-id=\"34f50ec\" data-element_type=\"section\" data-e-type=\"section\">\n\t\t\t\t\t\t<div class=\"elementor-container elementor-column-gap-default\">\n\t\t\t\t\t<div class=\"elementor-column elementor-col-100 elementor-top-column elementor-element elementor-element-bba3806\" data-id=\"bba3806\" data-element_type=\"column\" data-e-type=\"column\">\n\t\t\t<div class=\"elementor-widget-wrap elementor-element-populated\">\n\t\t\t\t\t\t<div class=\"elementor-element elementor-element-4b90478 elementor-widget elementor-widget-heading\" data-id=\"4b90478\" data-element_type=\"widget\" data-e-type=\"widget\" data-widget_type=\"heading.default\">\n\t\t\t\t<div class=\"elementor-widget-container\">\n\t\t\t\t\t<span class=\"elementor-heading-title elementor-size-medium\">La liturgie du samedi de la Veill\u00e9e pascale, qui est la premi\u00e8re messe du dimanche de la R\u00e9surrection du Seigneur, est la plus grande f\u00eate de l&#039;\u00c9glise de toute l&#039;ann\u00e9e liturgique. Le samedi saint, les chr\u00e9tiens du monde entier vivent le myst\u00e8re de la r\u00e9surrection de J\u00e9sus-Christ, sa P\u00e2que, c&#039;est-\u00e0-dire le passage de la mort \u00e0 une nouvelle vie. <\/span>\t\t\t\t<\/div>\n\t\t\t\t<\/div>\n\t\t\t\t<div class=\"elementor-element elementor-element-09205f0 elementor-drop-cap-yes elementor-drop-cap-view-default elementor-widget elementor-widget-text-editor\" data-id=\"09205f0\" data-element_type=\"widget\" data-e-type=\"widget\" data-settings=\"{&quot;drop_cap&quot;:&quot;yes&quot;}\" data-widget_type=\"text-editor.default\">\n\t\t\t\t<div class=\"elementor-widget-container\">\n\t\t\t\t\t\t\t\t\t<p>La c\u00e9l\u00e9bration de la Liturgie du Samedi Saint a commenc\u00e9 par le rite de b\u00e9n\u00e9diction du feu, suivi par le c\u00e9l\u00e9brant principal de la c\u00e9l\u00e9bration, le P. Rafa\u0142 Krauze, MIC, cur\u00e9 de la paroisse de St. Dorothy \u00e0 Liche\u0144 Stary, il a chant\u00e9 le Message de P\u00e2ques - un hymne en l&#039;honneur du Seigneur ressuscit\u00e9.<br \/>La c\u00e9l\u00e9bration du Triduum pascal de cette ann\u00e9e, en raison de l&#039;\u00e9pid\u00e9mie de coronavirus qui pr\u00e9vaut, a eu une dimension un peu plus modeste, et les rites de b\u00e9n\u00e9diction du feu et d&#039;allumage de la pascale ont eu lieu dans le presbyt\u00e8re, \u00e0 l&#039;autel, et non \u00e0 l&#039;ext\u00e9rieur du temple.<br \/>Au cours de la liturgie, quatre lectures ont \u00e9t\u00e9 lues, allant de la description de la cr\u00e9ation du monde, en passant par l&#039;histoire du peuple \u00e9lu, \u00e0 l&#039;accomplissement des proph\u00e9ties de l&#039;Ancien Testament concernant la mort et la r\u00e9surrection de J\u00e9sus-Christ. Apr\u00e8s le chant solennel de l&#039;hymne &quot;Gloire \u00e0 Dieu au plus haut des cieux&quot;, lorsque les orgues et les cloches sonn\u00e8rent dans l&#039;\u00e9glise pour la premi\u00e8re fois depuis la messe de la C\u00e8ne du Seigneur, un fragment de la Lettre de St. L&#039;Ap\u00f4tre Paul, qui rappelle que \u00ab si nous sommes morts avec le Christ, nous croyons que nous vivrons aussi avec lui \u00bb et l&#039;\u00c9vangile solennel annon\u00e7ant la r\u00e9surrection du Christ.<br \/>L&#039;hom\u00e9lie de la c\u00e9r\u00e9monie a \u00e9t\u00e9 prononc\u00e9e par le P. Rafal Krauze, MIC. Au d\u00e9but, le pr\u00eatre a demand\u00e9 aux fid\u00e8les de fermer les yeux et d&#039;imaginer un vendredi il y a plus de 2 000 ans, lorsque le Christ est mort sur la croix. Marianin a cit\u00e9 les m\u00e9ditations du pasteur am\u00e9ricain SM Lockridge intitul\u00e9es &quot;C&#039;est vendredi, mais ici c&#039;est dimanche&quot; qui \u00e9tait une introduction \u00e0 une r\u00e9flexion plus approfondie.<br \/>- \u00ab Nous nous sommes r\u00e9unis samedi et ces \u00e9v\u00e9nements se sont produits la nuit. J\u00e9sus est ressuscit\u00e9 dans la nuit. Il est le soleil qui a bris\u00e9 la nuit. Nous participons d\u00e9j\u00e0 dimanche aujourd&#039;hui \u00bb, a d\u00e9clar\u00e9 le p\u00e8re. Krauze.<br \/>Cependant, il a not\u00e9 que les disciples n&#039;\u00e9taient pas encore au courant de la r\u00e9surrection - ils \u00e9taient encore en vie vendredi. J\u00e9sus les a pr\u00e9par\u00e9s pour cet \u00e9v\u00e9nement en disant Mais le troisi\u00e8me jour je ressusciterai.<br \/>- \u00ab Les \u00e9l\u00e8ves n&#039;ont pas pu accepter ce message car leur c\u0153ur \u00e9tait ferm\u00e9 pour dimanche. De plus, les premi\u00e8res femmes \u00e0 appara\u00eetre au tombeau les terrifiaient en disant que J\u00e9sus \u00e9tait ressuscit\u00e9. La liturgie d&#039;aujourd&#039;hui nous fait sortir des t\u00e9n\u00e8bres du vendredi pour participer \u00e0 la lumi\u00e8re de la r\u00e9surrection. C&#039;est ainsi que nous exprimons notre confiance dans la promesse du Seigneur \u00bb, a poursuivi le marial.<br \/>Le cur\u00e9 a expliqu\u00e9 qu&#039;aujourd&#039;hui, nous devons poser une question sur o\u00f9 je suis en ce moment?<br \/>- \u00ab Suis-je toujours vendredi ? Suis-je encore vivant et vivant le jour de la mort de Christ ? Ou peut-\u00eatre que je vis samedi? Vendredi vient de se terminer et dimanche n&#039;est pas encore l\u00e0. Quand nous regardons notre exp\u00e9rience, nous vivons beaucoup plus le Car\u00eame. Mais P\u00e2ques nous manque. Vendredi est plus proche de nous. Dans la liturgie, nous regardons et luttons avec nos soucis. J\u00e9sus veut venir \u00e0 nous. Et il veut nous dire N&#039;ayez pas peur. J&#039;ai conquis le monde \u00bb, a-t-il conclu.<br \/>Les liturgies de lumi\u00e8re, les paroles et le renouvellement des v\u0153ux baptismaux qui ont suivi l&#039;hom\u00e9lie ont \u00e9t\u00e9 l&#039;introduction au point culminant de la c\u00e9l\u00e9bration - le banquet eucharistique dans lequel la P\u00e2que du Christ a \u00e9t\u00e9 rendue pr\u00e9sente - son passage \u00e0 travers la mort dans une nouvelle vie.<br \/>La fin de la liturgie de la veill\u00e9e pascale a \u00e9t\u00e9 l&#039;exposition du Saint-Sacrement et le chant de l&#039;hymne de louange &quot;Toi, Dieu, nous louons&quot;, apr\u00e8s quoi le c\u00e9l\u00e9brant principal a b\u00e9ni les fid\u00e8les pr\u00e9sents dans le temple de Lichen avec la B\u00e9n\u00e9diction de le Saint-Sacrement, afin que le Christ ressuscit\u00e9 nous accompagne dans toutes les circonstances de la vie, et nous voudrions qu&#039;ils puissent participer \u00e0 l&#039;avenir \u00e0 sa gloire dans le ciel.<\/p><p style=\"text-align: left;\">Le dimanche de P\u00e2ques est devant nous. Messes dans la basilique de Liche\u0144 \u00e0 6h00, 7h30, 10h00, 12h00, 16h00 et 18h00.<\/p><p style=\"text-align: left;\">\u00a0Dans la paroisse de Liche\u0144, toutes les messes festives seront c\u00e9l\u00e9br\u00e9es \u00e0 l&#039;autel du couronnement \u00e0 c\u00f4t\u00e9 de l&#039;\u00e9glise paroissiale. Les messes seront c\u00e9l\u00e9br\u00e9es \u00e0 8h30, 10h30 et 17h00. Comme l&#039;a expliqu\u00e9 le cur\u00e9, gr\u00e2ce \u00e0 cette solution, un plus grand nombre de fid\u00e8les pourront participer \u00e0 la c\u00e9l\u00e9bration solennelle de la R\u00e9surrection du Seigneur.<\/p>\t\t\t\t\t\t\t\t<\/div>\n\t\t\t\t<\/div>\n\t\t\t\t\t<\/div>\n\t\t<\/div>\n\t\t\t\t\t<\/div>\n\t\t<\/section>\n\t\t\t\t<section class=\"elementor-section elementor-top-section elementor-element elementor-element-cfe3a60 elementor-section-boxed elementor-section-height-default elementor-section-height-default\" data-id=\"cfe3a60\" data-element_type=\"section\" data-e-type=\"section\">\n\t\t\t\t\t\t<div class=\"elementor-container elementor-column-gap-narrow\">\n\t\t\t\t\t<div class=\"elementor-column elementor-col-100 elementor-top-column elementor-element elementor-element-6146a81\" data-id=\"6146a81\" data-element_type=\"column\" data-e-type=\"column\">\n\t\t\t<div class=\"elementor-widget-wrap elementor-element-populated\">\n\t\t\t\t\t\t<div class=\"elementor-element elementor-element-a3430bb elementor-align-right elementor-widget elementor-widget-button\" data-id=\"a3430bb\" data-element_type=\"widget\" data-e-type=\"widget\" data-widget_type=\"button.default\">\n\t\t\t\t<div class=\"elementor-widget-container\">\n\t\t\t\t\t\t\t\t\t<div class=\"elementor-button-wrapper\">\n\t\t\t\t\t<a class=\"elementor-button elementor-button-link elementor-size-xs\" href=\"http:\/\/www.lichen.pl\/fr\/galeria-multimediow\/\" target=\"_blank\">\n\t\t\t\t\t\t<span class=\"elementor-button-content-wrapper\">\n\t\t\t\t\t\t<span class=\"elementor-button-icon\">\n\t\t\t\t<i aria-hidden=\"true\" class=\"fas fa-camera\"><\/i>\t\t\t<\/span>\n\t\t\t\t\t\t\t\t\t<span class=\"elementor-button-text\">Voir la galerie : Triduum pascal, Samedi saint 3 avril 2021<\/span>\n\t\t\t\t\t<\/span>\n\t\t\t\t\t<\/a>\n\t\t\t\t<\/div>\n\t\t\t\t\t\t\t\t<\/div>\n\t\t\t\t<\/div>\n\t\t\t\t\t<\/div>\n\t\t<\/div>\n\t\t\t\t\t<\/div>\n\t\t<\/section>\n\t\t\t\t<\/div>","protected":false},"excerpt":{"rendered":"<p>Sobotnia Liturgia Wigilii Paschalnej, b\u0119d\u0105ca pierwsz\u0105 Msz\u0105 Niedzieli Zmartwychwstania Pa\u0144skiego, jest najwi\u0119kszym \u015bwi\u0119tem Ko\u015bcio\u0142a w ci\u0105gu ca\u0142ego roku liturgicznego. W Wielk\u0105 Sobot\u0119 chrze\u015bcijanie na ca\u0142ym \u015bwiecie prze\u017cywaj\u0105 Tajemnic\u0119 Zmartwychwstania Jezusa Chrystusa, Jego Pasch\u0119, czyli przej\u015bcie przez \u015bmier\u0107 do nowego \u017cycia. Celebracja Liturgii Wielkiej Soboty rozpocz\u0119\u0142a si\u0119 obrz\u0119dem po\u015bwi\u0119cenia ognia, po kt\u00f3rym g\u0142\u00f3wny celebrans uroczysto\u015bci, ks. [&hellip;]<\/p>\n","protected":false},"author":4,"featured_media":6589,"comment_status":"open","ping_status":"open","sticky":false,"template":"","format":"standard","meta":{"footnotes":""},"categories":[1],"tags":[],"class_list":["post-6566","post","type-post","status-publish","format-standard","has-post-thumbnail","hentry","category-aktualnosci","wpbf-post"],"yoast_head":"<!-- This site is optimized with the Yoast SEO plugin v27.4 - https:\/\/yoast.com\/product\/yoast-seo-wordpress\/ -->\n<title>Wielka Sobota. Liturgia Wigilii Paschalnej - SANKTUARIUM W LICHENIU<\/title>\n<meta name=\"robots\" content=\"index, follow, max-snippet:-1, max-image-preview:large, max-video-preview:-1\" \/>\n<link rel=\"canonical\" href=\"http:\/\/www.lichen.pl\/fr\/wielka-sobota-liturgia-wigilii-paschalnej\/\" \/>\n<meta property=\"og:locale\" content=\"fr_FR\" \/>\n<meta property=\"og:type\" content=\"article\" \/>\n<meta property=\"og:title\" content=\"Wielka Sobota. Liturgia Wigilii Paschalnej - SANKTUARIUM W LICHENIU\" \/>\n<meta property=\"og:description\" content=\"Sobotnia Liturgia Wigilii Paschalnej, b\u0119d\u0105ca pierwsz\u0105 Msz\u0105 Niedzieli Zmartwychwstania Pa\u0144skiego, jest najwi\u0119kszym \u015bwi\u0119tem Ko\u015bcio\u0142a w ci\u0105gu ca\u0142ego roku liturgicznego. W Wielk\u0105 Sobot\u0119 chrze\u015bcijanie na ca\u0142ym \u015bwiecie prze\u017cywaj\u0105 Tajemnic\u0119 Zmartwychwstania Jezusa Chrystusa, Jego Pasch\u0119, czyli przej\u015bcie przez \u015bmier\u0107 do nowego \u017cycia. Celebracja Liturgii Wielkiej Soboty rozpocz\u0119\u0142a si\u0119 obrz\u0119dem po\u015bwi\u0119cenia ognia, po kt\u00f3rym g\u0142\u00f3wny celebrans uroczysto\u015bci, ks. [&hellip;]\" \/>\n<meta property=\"og:url\" content=\"http:\/\/www.lichen.pl\/fr\/wielka-sobota-liturgia-wigilii-paschalnej\/\" \/>\n<meta property=\"og:site_name\" content=\"SANKTUARIUM W LICHENIU\" \/>\n<meta property=\"article:published_time\" content=\"2021-04-04T09:00:03+00:00\" \/>\n<meta property=\"article:modified_time\" content=\"2021-04-18T20:15:06+00:00\" \/>\n<meta property=\"og:image\" content=\"http:\/\/www.lichen.pl\/wp-content\/uploads\/2021\/04\/Wielka-Sobota-Sanktuarium-w-Licheniu-1.jpg\" \/>\n\t<meta property=\"og:image:width\" content=\"900\" \/>\n\t<meta property=\"og:image:height\" content=\"600\" \/>\n\t<meta property=\"og:image:type\" content=\"image\/jpeg\" \/>\n<meta name=\"author\" content=\"ROBERT ADAMCZYK\" \/>\n<meta name=\"twitter:card\" content=\"summary_large_image\" \/>\n<meta name=\"twitter:label1\" content=\"\u00c9crit par\" \/>\n\t<meta name=\"twitter:data1\" content=\"ROBERT ADAMCZYK\" \/>\n\t<meta name=\"twitter:label2\" content=\"Dur\u00e9e de lecture estim\u00e9e\" \/>\n\t<meta name=\"twitter:data2\" content=\"3 minutes\" \/>\n<script type=\"application\/ld+json\" class=\"yoast-schema-graph\">{\"@context\":\"https:\\\/\\\/schema.org\",\"@graph\":[{\"@type\":\"Article\",\"@id\":\"http:\\\/\\\/www.lichen.pl\\\/it\\\/wielka-sobota-liturgia-wigilii-paschalnej\\\/#article\",\"isPartOf\":{\"@id\":\"http:\\\/\\\/www.lichen.pl\\\/it\\\/wielka-sobota-liturgia-wigilii-paschalnej\\\/\"},\"author\":{\"name\":\"ROBERT ADAMCZYK\",\"@id\":\"https:\\\/\\\/www.lichen.pl\\\/fr\\\/#\\\/schema\\\/person\\\/c06cd926b95870cc59f18d6ee6e33da5\"},\"headline\":\"Wielka Sobota. Liturgia Wigilii Paschalnej\",\"datePublished\":\"2021-04-04T09:00:03+00:00\",\"dateModified\":\"2021-04-18T20:15:06+00:00\",\"mainEntityOfPage\":{\"@id\":\"http:\\\/\\\/www.lichen.pl\\\/it\\\/wielka-sobota-liturgia-wigilii-paschalnej\\\/\"},\"wordCount\":742,\"commentCount\":0,\"image\":{\"@id\":\"http:\\\/\\\/www.lichen.pl\\\/it\\\/wielka-sobota-liturgia-wigilii-paschalnej\\\/#primaryimage\"},\"thumbnailUrl\":\"https:\\\/\\\/www.lichen.pl\\\/wp-content\\\/uploads\\\/2021\\\/04\\\/Wielka-Sobota-Sanktuarium-w-Licheniu-1.jpg\",\"articleSection\":[\"Aktualno\u015bci\"],\"inLanguage\":\"fr-FR\",\"potentialAction\":[{\"@type\":\"CommentAction\",\"name\":\"Comment\",\"target\":[\"http:\\\/\\\/www.lichen.pl\\\/it\\\/wielka-sobota-liturgia-wigilii-paschalnej\\\/#respond\"]}]},{\"@type\":\"WebPage\",\"@id\":\"http:\\\/\\\/www.lichen.pl\\\/it\\\/wielka-sobota-liturgia-wigilii-paschalnej\\\/\",\"url\":\"http:\\\/\\\/www.lichen.pl\\\/it\\\/wielka-sobota-liturgia-wigilii-paschalnej\\\/\",\"name\":\"Wielka Sobota. Liturgia Wigilii Paschalnej - SANKTUARIUM W LICHENIU\",\"isPartOf\":{\"@id\":\"https:\\\/\\\/www.lichen.pl\\\/fr\\\/#website\"},\"primaryImageOfPage\":{\"@id\":\"http:\\\/\\\/www.lichen.pl\\\/it\\\/wielka-sobota-liturgia-wigilii-paschalnej\\\/#primaryimage\"},\"image\":{\"@id\":\"http:\\\/\\\/www.lichen.pl\\\/it\\\/wielka-sobota-liturgia-wigilii-paschalnej\\\/#primaryimage\"},\"thumbnailUrl\":\"https:\\\/\\\/www.lichen.pl\\\/wp-content\\\/uploads\\\/2021\\\/04\\\/Wielka-Sobota-Sanktuarium-w-Licheniu-1.jpg\",\"datePublished\":\"2021-04-04T09:00:03+00:00\",\"dateModified\":\"2021-04-18T20:15:06+00:00\",\"author\":{\"@id\":\"https:\\\/\\\/www.lichen.pl\\\/fr\\\/#\\\/schema\\\/person\\\/c06cd926b95870cc59f18d6ee6e33da5\"},\"breadcrumb\":{\"@id\":\"http:\\\/\\\/www.lichen.pl\\\/it\\\/wielka-sobota-liturgia-wigilii-paschalnej\\\/#breadcrumb\"},\"inLanguage\":\"fr-FR\",\"potentialAction\":[{\"@type\":\"ReadAction\",\"target\":[\"http:\\\/\\\/www.lichen.pl\\\/it\\\/wielka-sobota-liturgia-wigilii-paschalnej\\\/\"]}]},{\"@type\":\"ImageObject\",\"inLanguage\":\"fr-FR\",\"@id\":\"http:\\\/\\\/www.lichen.pl\\\/it\\\/wielka-sobota-liturgia-wigilii-paschalnej\\\/#primaryimage\",\"url\":\"https:\\\/\\\/www.lichen.pl\\\/wp-content\\\/uploads\\\/2021\\\/04\\\/Wielka-Sobota-Sanktuarium-w-Licheniu-1.jpg\",\"contentUrl\":\"https:\\\/\\\/www.lichen.pl\\\/wp-content\\\/uploads\\\/2021\\\/04\\\/Wielka-Sobota-Sanktuarium-w-Licheniu-1.jpg\",\"width\":900,\"height\":600,\"caption\":\"Liturgia Wielkiej Soboty 3 kwietnia 2021\"},{\"@type\":\"BreadcrumbList\",\"@id\":\"http:\\\/\\\/www.lichen.pl\\\/it\\\/wielka-sobota-liturgia-wigilii-paschalnej\\\/#breadcrumb\",\"itemListElement\":[{\"@type\":\"ListItem\",\"position\":1,\"name\":\"Strona g\u0142\u00f3wna\",\"item\":\"https:\\\/\\\/www.lichen.pl\\\/\"},{\"@type\":\"ListItem\",\"position\":2,\"name\":\"Wielka Sobota. Liturgia Wigilii Paschalnej\"}]},{\"@type\":\"WebSite\",\"@id\":\"https:\\\/\\\/www.lichen.pl\\\/fr\\\/#website\",\"url\":\"https:\\\/\\\/www.lichen.pl\\\/fr\\\/\",\"name\":\"SANKTUARIUM W LICHENIU\",\"description\":\"MATKI BO\u017bEJ LICHE\u0143SKIEJ BOLESNEJ KR\u00d3LOWEJ POLSKI\",\"potentialAction\":[{\"@type\":\"SearchAction\",\"target\":{\"@type\":\"EntryPoint\",\"urlTemplate\":\"https:\\\/\\\/www.lichen.pl\\\/fr\\\/?s={search_term_string}\"},\"query-input\":{\"@type\":\"PropertyValueSpecification\",\"valueRequired\":true,\"valueName\":\"search_term_string\"}}],\"inLanguage\":\"fr-FR\"},{\"@type\":\"Person\",\"@id\":\"https:\\\/\\\/www.lichen.pl\\\/fr\\\/#\\\/schema\\\/person\\\/c06cd926b95870cc59f18d6ee6e33da5\",\"name\":\"ROBERT ADAMCZYK\",\"image\":{\"@type\":\"ImageObject\",\"inLanguage\":\"fr-FR\",\"@id\":\"https:\\\/\\\/secure.gravatar.com\\\/avatar\\\/53c330430596e73552f4c356c2e47c209ff8f6352a5106011c9b6abcce5e00df?s=96&d=retro&r=g\",\"url\":\"https:\\\/\\\/secure.gravatar.com\\\/avatar\\\/53c330430596e73552f4c356c2e47c209ff8f6352a5106011c9b6abcce5e00df?s=96&d=retro&r=g\",\"contentUrl\":\"https:\\\/\\\/secure.gravatar.com\\\/avatar\\\/53c330430596e73552f4c356c2e47c209ff8f6352a5106011c9b6abcce5e00df?s=96&d=retro&r=g\",\"caption\":\"ROBERT ADAMCZYK\"},\"url\":\"https:\\\/\\\/www.lichen.pl\\\/fr\\\/author\\\/press\\\/\"}]}<\/script>\n<!-- \/ Yoast SEO plugin. -->","yoast_head_json":{"title":"Wielka Sobota. Liturgia Wigilii Paschalnej - SANKTUARIUM W LICHENIU","robots":{"index":"index","follow":"follow","max-snippet":"max-snippet:-1","max-image-preview":"max-image-preview:large","max-video-preview":"max-video-preview:-1"},"canonical":"http:\/\/www.lichen.pl\/fr\/wielka-sobota-liturgia-wigilii-paschalnej\/","og_locale":"fr_FR","og_type":"article","og_title":"Wielka Sobota. Liturgia Wigilii Paschalnej - SANKTUARIUM W LICHENIU","og_description":"Sobotnia Liturgia Wigilii Paschalnej, b\u0119d\u0105ca pierwsz\u0105 Msz\u0105 Niedzieli Zmartwychwstania Pa\u0144skiego, jest najwi\u0119kszym \u015bwi\u0119tem Ko\u015bcio\u0142a w ci\u0105gu ca\u0142ego roku liturgicznego. W Wielk\u0105 Sobot\u0119 chrze\u015bcijanie na ca\u0142ym \u015bwiecie prze\u017cywaj\u0105 Tajemnic\u0119 Zmartwychwstania Jezusa Chrystusa, Jego Pasch\u0119, czyli przej\u015bcie przez \u015bmier\u0107 do nowego \u017cycia. Celebracja Liturgii Wielkiej Soboty rozpocz\u0119\u0142a si\u0119 obrz\u0119dem po\u015bwi\u0119cenia ognia, po kt\u00f3rym g\u0142\u00f3wny celebrans uroczysto\u015bci, ks. [&hellip;]","og_url":"http:\/\/www.lichen.pl\/fr\/wielka-sobota-liturgia-wigilii-paschalnej\/","og_site_name":"SANKTUARIUM W LICHENIU","article_published_time":"2021-04-04T09:00:03+00:00","article_modified_time":"2021-04-18T20:15:06+00:00","og_image":[{"width":900,"height":600,"url":"http:\/\/www.lichen.pl\/wp-content\/uploads\/2021\/04\/Wielka-Sobota-Sanktuarium-w-Licheniu-1.jpg","type":"image\/jpeg"}],"author":"ROBERT ADAMCZYK","twitter_card":"summary_large_image","twitter_misc":{"\u00c9crit par":"ROBERT ADAMCZYK","Dur\u00e9e de lecture estim\u00e9e":"3 minutes"},"schema":{"@context":"https:\/\/schema.org","@graph":[{"@type":"Article","@id":"http:\/\/www.lichen.pl\/it\/wielka-sobota-liturgia-wigilii-paschalnej\/#article","isPartOf":{"@id":"http:\/\/www.lichen.pl\/it\/wielka-sobota-liturgia-wigilii-paschalnej\/"},"author":{"name":"ROBERT ADAMCZYK","@id":"https:\/\/www.lichen.pl\/fr\/#\/schema\/person\/c06cd926b95870cc59f18d6ee6e33da5"},"headline":"Wielka Sobota. Liturgia Wigilii Paschalnej","datePublished":"2021-04-04T09:00:03+00:00","dateModified":"2021-04-18T20:15:06+00:00","mainEntityOfPage":{"@id":"http:\/\/www.lichen.pl\/it\/wielka-sobota-liturgia-wigilii-paschalnej\/"},"wordCount":742,"commentCount":0,"image":{"@id":"http:\/\/www.lichen.pl\/it\/wielka-sobota-liturgia-wigilii-paschalnej\/#primaryimage"},"thumbnailUrl":"https:\/\/www.lichen.pl\/wp-content\/uploads\/2021\/04\/Wielka-Sobota-Sanktuarium-w-Licheniu-1.jpg","articleSection":["Aktualno\u015bci"],"inLanguage":"fr-FR","potentialAction":[{"@type":"CommentAction","name":"Comment","target":["http:\/\/www.lichen.pl\/it\/wielka-sobota-liturgia-wigilii-paschalnej\/#respond"]}]},{"@type":"WebPage","@id":"http:\/\/www.lichen.pl\/it\/wielka-sobota-liturgia-wigilii-paschalnej\/","url":"http:\/\/www.lichen.pl\/it\/wielka-sobota-liturgia-wigilii-paschalnej\/","name":"Wielka Sobota. Liturgia Wigilii Paschalnej - SANKTUARIUM W LICHENIU","isPartOf":{"@id":"https:\/\/www.lichen.pl\/fr\/#website"},"primaryImageOfPage":{"@id":"http:\/\/www.lichen.pl\/it\/wielka-sobota-liturgia-wigilii-paschalnej\/#primaryimage"},"image":{"@id":"http:\/\/www.lichen.pl\/it\/wielka-sobota-liturgia-wigilii-paschalnej\/#primaryimage"},"thumbnailUrl":"https:\/\/www.lichen.pl\/wp-content\/uploads\/2021\/04\/Wielka-Sobota-Sanktuarium-w-Licheniu-1.jpg","datePublished":"2021-04-04T09:00:03+00:00","dateModified":"2021-04-18T20:15:06+00:00","author":{"@id":"https:\/\/www.lichen.pl\/fr\/#\/schema\/person\/c06cd926b95870cc59f18d6ee6e33da5"},"breadcrumb":{"@id":"http:\/\/www.lichen.pl\/it\/wielka-sobota-liturgia-wigilii-paschalnej\/#breadcrumb"},"inLanguage":"fr-FR","potentialAction":[{"@type":"ReadAction","target":["http:\/\/www.lichen.pl\/it\/wielka-sobota-liturgia-wigilii-paschalnej\/"]}]},{"@type":"ImageObject","inLanguage":"fr-FR","@id":"http:\/\/www.lichen.pl\/it\/wielka-sobota-liturgia-wigilii-paschalnej\/#primaryimage","url":"https:\/\/www.lichen.pl\/wp-content\/uploads\/2021\/04\/Wielka-Sobota-Sanktuarium-w-Licheniu-1.jpg","contentUrl":"https:\/\/www.lichen.pl\/wp-content\/uploads\/2021\/04\/Wielka-Sobota-Sanktuarium-w-Licheniu-1.jpg","width":900,"height":600,"caption":"Liturgia Wielkiej Soboty 3 kwietnia 2021"},{"@type":"BreadcrumbList","@id":"http:\/\/www.lichen.pl\/it\/wielka-sobota-liturgia-wigilii-paschalnej\/#breadcrumb","itemListElement":[{"@type":"ListItem","position":1,"name":"Strona g\u0142\u00f3wna","item":"https:\/\/www.lichen.pl\/"},{"@type":"ListItem","position":2,"name":"Wielka Sobota. Liturgia Wigilii Paschalnej"}]},{"@type":"WebSite","@id":"https:\/\/www.lichen.pl\/fr\/#website","url":"https:\/\/www.lichen.pl\/fr\/","name":"SANCTUAIRE EN LICHENIE","description":"LA MAUVAISE REINE DE POLOGNE DE NOTRE LICHEN","potentialAction":[{"@type":"SearchAction","target":{"@type":"EntryPoint","urlTemplate":"https:\/\/www.lichen.pl\/fr\/?s={search_term_string}"},"query-input":{"@type":"PropertyValueSpecification","valueRequired":true,"valueName":"search_term_string"}}],"inLanguage":"fr-FR"},{"@type":"Person","@id":"https:\/\/www.lichen.pl\/fr\/#\/schema\/person\/c06cd926b95870cc59f18d6ee6e33da5","name":"ROBERT ADAMCZYK","image":{"@type":"ImageObject","inLanguage":"fr-FR","@id":"https:\/\/secure.gravatar.com\/avatar\/53c330430596e73552f4c356c2e47c209ff8f6352a5106011c9b6abcce5e00df?s=96&d=retro&r=g","url":"https:\/\/secure.gravatar.com\/avatar\/53c330430596e73552f4c356c2e47c209ff8f6352a5106011c9b6abcce5e00df?s=96&d=retro&r=g","contentUrl":"https:\/\/secure.gravatar.com\/avatar\/53c330430596e73552f4c356c2e47c209ff8f6352a5106011c9b6abcce5e00df?s=96&d=retro&r=g","caption":"ROBERT ADAMCZYK"},"url":"https:\/\/www.lichen.pl\/fr\/author\/press\/"}]}},"_links":{"self":[{"href":"https:\/\/www.lichen.pl\/fr\/wp-json\/wp\/v2\/posts\/6566","targetHints":{"allow":["GET"]}}],"collection":[{"href":"https:\/\/www.lichen.pl\/fr\/wp-json\/wp\/v2\/posts"}],"about":[{"href":"https:\/\/www.lichen.pl\/fr\/wp-json\/wp\/v2\/types\/post"}],"author":[{"embeddable":true,"href":"https:\/\/www.lichen.pl\/fr\/wp-json\/wp\/v2\/users\/4"}],"replies":[{"embeddable":true,"href":"https:\/\/www.lichen.pl\/fr\/wp-json\/wp\/v2\/comments?post=6566"}],"version-history":[{"count":68,"href":"https:\/\/www.lichen.pl\/fr\/wp-json\/wp\/v2\/posts\/6566\/revisions"}],"predecessor-version":[{"id":7800,"href":"https:\/\/www.lichen.pl\/fr\/wp-json\/wp\/v2\/posts\/6566\/revisions\/7800"}],"wp:featuredmedia":[{"embeddable":true,"href":"https:\/\/www.lichen.pl\/fr\/wp-json\/wp\/v2\/media\/6589"}],"wp:attachment":[{"href":"https:\/\/www.lichen.pl\/fr\/wp-json\/wp\/v2\/media?parent=6566"}],"wp:term":[{"taxonomy":"category","embeddable":true,"href":"https:\/\/www.lichen.pl\/fr\/wp-json\/wp\/v2\/categories?post=6566"},{"taxonomy":"post_tag","embeddable":true,"href":"https:\/\/www.lichen.pl\/fr\/wp-json\/wp\/v2\/tags?post=6566"}],"curies":[{"name":"wp","href":"https:\/\/api.w.org\/{rel}","templated":true}]}}