{"id":78393,"date":"2024-12-15T18:03:36","date_gmt":"2024-12-15T17:03:36","guid":{"rendered":"https:\/\/www.lichen.pl\/?p=78393"},"modified":"2024-12-15T18:43:46","modified_gmt":"2024-12-15T17:43:46","slug":"niedziela-radosci-w-lichenskim-sanktuarium-czas-wdziecznosci-radosci-i-otwartych-serc","status":"publish","type":"post","link":"https:\/\/www.lichen.pl\/fr\/niedziela-radosci-w-lichenskim-sanktuarium-czas-wdziecznosci-radosci-i-otwartych-serc\/","title":{"rendered":"Niedziela Rado\u015bci w liche\u0144skim sanktuarium: czas wdzi\u0119czno\u015bci, rado\u015bci i otwartych serc"},"content":{"rendered":"<div data-elementor-type=\"wp-post\" data-elementor-id=\"78393\" class=\"elementor elementor-78393\" data-elementor-post-type=\"post\">\n\t\t\t\t\t\t<section class=\"elementor-section elementor-top-section elementor-element elementor-element-7b41b79 elementor-section-boxed elementor-section-height-default elementor-section-height-default\" data-id=\"7b41b79\" data-element_type=\"section\" data-e-type=\"section\">\n\t\t\t\t\t\t<div class=\"elementor-container elementor-column-gap-default\">\n\t\t\t\t\t<div class=\"elementor-column elementor-col-100 elementor-top-column elementor-element elementor-element-b32e174\" data-id=\"b32e174\" data-element_type=\"column\" data-e-type=\"column\">\n\t\t\t<div class=\"elementor-widget-wrap elementor-element-populated\">\n\t\t\t\t\t\t<div class=\"elementor-element elementor-element-92f75b9 elementor-widget elementor-widget-text-editor\" data-id=\"92f75b9\" data-element_type=\"widget\" data-e-type=\"widget\" data-widget_type=\"text-editor.default\">\n\t\t\t\t<div class=\"elementor-widget-container\">\n\t\t\t\t\t\t\t\t\t<h3><strong><span lang=\"pl-PL\">Trzecia niedziela Adwentu, zwana Niedziel\u0105 Rado\u015bci (Gaudete), zgromadzi\u0142a w sanktuarium Matki Bo\u017cej Liche\u0144skiej licznych wiernych, w tym dobroczy\u0144c\u00f3w wspieraj\u0105cych tutejsze hospicjum. Eucharystia, pe\u0142na wdzi\u0119czno\u015bci i modlitwy, wprowadzi\u0142a wiernych w g\u0142\u0119bokie duchowe przygotowanie na \u015bwi\u0119ta Bo\u017cego Narodzenia. Drug\u0105 ju\u017c niedziel\u0119 trwa\u0142 kiermasz na rzecz hospicjum, a tak\u017ce mia\u0142o miejsce b\u0142ogos\u0142awie\u0144stwo op\u0142atk\u00f3w, kt\u00f3re wierni mogli zabra\u0107 do swoich dom\u00f3w.<\/span><\/strong><\/h3>\t\t\t\t\t\t\t\t<\/div>\n\t\t\t\t<\/div>\n\t\t\t\t\t<\/div>\n\t\t<\/div>\n\t\t\t\t\t<\/div>\n\t\t<\/section>\n\t\t\t\t<section class=\"elementor-section elementor-top-section elementor-element elementor-element-4984f7a elementor-section-boxed elementor-section-height-default elementor-section-height-default\" data-id=\"4984f7a\" data-element_type=\"section\" data-e-type=\"section\">\n\t\t\t\t\t\t<div class=\"elementor-container elementor-column-gap-default\">\n\t\t\t\t\t<div class=\"elementor-column elementor-col-100 elementor-top-column elementor-element elementor-element-99275e8\" data-id=\"99275e8\" data-element_type=\"column\" data-e-type=\"column\">\n\t\t\t<div class=\"elementor-widget-wrap elementor-element-populated\">\n\t\t\t\t\t\t<div class=\"elementor-element elementor-element-fad54d5 elementor-widget elementor-widget-heading\" data-id=\"fad54d5\" data-element_type=\"widget\" data-e-type=\"widget\" data-widget_type=\"heading.default\">\n\t\t\t\t<div class=\"elementor-widget-container\">\n\t\t\t\t\t<h2 class=\"elementor-heading-title elementor-size-default\">Gaudete \u2013 rado\u015b\u0107, kt\u00f3ra p\u0142ynie z blisko\u015bci Pana<\/h2>\t\t\t\t<\/div>\n\t\t\t\t<\/div>\n\t\t\t\t\t<\/div>\n\t\t<\/div>\n\t\t\t\t\t<\/div>\n\t\t<\/section>\n\t\t\t\t<section class=\"elementor-section elementor-top-section elementor-element elementor-element-9768a3d elementor-section-boxed elementor-section-height-default elementor-section-height-default\" data-id=\"9768a3d\" data-element_type=\"section\" data-e-type=\"section\">\n\t\t\t\t\t\t<div class=\"elementor-container elementor-column-gap-default\">\n\t\t\t\t\t<div class=\"elementor-column elementor-col-100 elementor-top-column elementor-element elementor-element-09fba21\" data-id=\"09fba21\" data-element_type=\"column\" data-e-type=\"column\">\n\t\t\t<div class=\"elementor-widget-wrap elementor-element-populated\">\n\t\t\t\t\t\t<div class=\"elementor-element elementor-element-7800c87 elementor-widget elementor-widget-text-editor\" data-id=\"7800c87\" data-element_type=\"widget\" data-e-type=\"widget\" data-widget_type=\"text-editor.default\">\n\t\t\t\t<div class=\"elementor-widget-container\">\n\t\t\t\t\t\t\t\t\t<p lang=\"pl-PL\"><span style=\"color: #000000;\">Trzecia niedziela Adwentu, Niedziela Rado\u015bci, przypomina nam, \u017ce Pan jest blisko, a czas \u015bwi\u0105t Bo\u017cego Narodzenia zbli\u017ca si\u0119 wielkimi krokami. R\u00f3\u017cowy kolor ornatu noszonego przez celebruj\u0105cego Msz\u0119 \u015bw. kap\u0142ana podkre\u015bla wyj\u0105tkowy charakter tego dnia, pe\u0142nego nadziei i duchowego o\u017cywienia. W liche\u0144skim sanktuarium ks. kustosz S\u0142awomir Homoncik MIC na rozpocz\u0119cie Mszy \u015bw. w spos\u00f3b szczeg\u00f3lny powita\u0142 dobroczy\u0144c\u00f3w i ofiarodawc\u00f3w Hospicjum im. \u015bw. o. Stanis\u0142awa Papczy\u0144skiego.<\/span><\/p><p lang=\"pl-PL\"><span style=\"color: #000000;\">\u2013 \u201eChcemy cieszy\u0107 si\u0119 nie tylko ze zbli\u017caj\u0105cych si\u0119 \u015bwi\u0105t Bo\u017cego Narodzenia, ale tak\u017ce z obecno\u015bci dobrych ludzi, kt\u00f3rzy wspieraj\u0105 nasze hospicjum. Dzi\u0119ki ich pomocy, zar\u00f3wno materialnej, jak i duchowej, mo\u017cemy nie\u015b\u0107 wsparcie tym, kt\u00f3rzy ko\u0144cz\u0105 swoje ziemskie \u017cycie\u201d \u2013 m\u00f3wi\u0142 kustosz.<\/span><\/p><p lang=\"pl-PL\"><span style=\"color: #000000;\">W swojej homilii kap\u0142an podkre\u015bli\u0142, \u017ce rado\u015b\u0107, do kt\u00f3rej zach\u0119ca liturgia tego dnia, nie jest zwyk\u0142ym, ulotnym uczuciem, ale g\u0142\u0119bokim do\u015bwiadczeniem wynikaj\u0105cym z blisko\u015bci Boga. \u2013 \u201eRadujcie si\u0119, bo Pan jest blisko. To nie tylko obietnica przysz\u0142ych wydarze\u0144, ale prawda, kt\u00f3ra zmienia nasze \u017cycie tu i teraz. Adwent to czas, w kt\u00f3rym uczymy si\u0119 dostrzega\u0107 Jego obecno\u015b\u0107 i przygotowywa\u0107 nasze serca na Jego przyj\u015bcie\u201d \u2013 m\u00f3wi\u0142 ks. Homoncik MIC. Przypomnia\u0142 tak\u017ce, \u017ce ta rado\u015b\u0107 nie wyklucza trudnych do\u015bwiadcze\u0144, takich jak przemijanie czy cierpienie, ale pozwala odnale\u017a\u0107 nadziej\u0119 i sens nawet w najtrudniejszych chwilach.<\/span><\/p><p lang=\"pl-PL\"><span style=\"color: #000000;\">Kustosz zwr\u00f3ci\u0142 r\u00f3wnie\u017c uwag\u0119, \u017ce tylko w ostatnim roku w liche\u0144skim hospicjum zmar\u0142o ponad 170 os\u00f3b. To sk\u0142ania do refleksji nad przemijaniem, ale tak\u017ce nad g\u0142\u0119bszym znaczeniem Adwentu jako czasu przygotowania na przyj\u015bcie Pana.<\/span><\/p>\t\t\t\t\t\t\t\t<\/div>\n\t\t\t\t<\/div>\n\t\t\t\t\t<\/div>\n\t\t<\/div>\n\t\t\t\t\t<\/div>\n\t\t<\/section>\n\t\t\t\t<section class=\"elementor-section elementor-top-section elementor-element elementor-element-236c322 elementor-section-boxed elementor-section-height-default elementor-section-height-default\" data-id=\"236c322\" data-element_type=\"section\" data-e-type=\"section\">\n\t\t\t\t\t\t<div class=\"elementor-container elementor-column-gap-default\">\n\t\t\t\t\t<div class=\"elementor-column elementor-col-100 elementor-top-column elementor-element elementor-element-9f2e608\" data-id=\"9f2e608\" data-element_type=\"column\" data-e-type=\"column\">\n\t\t\t<div class=\"elementor-widget-wrap elementor-element-populated\">\n\t\t\t\t\t\t<div class=\"elementor-element elementor-element-b0c3808 elementor-widget elementor-widget-heading\" data-id=\"b0c3808\" data-element_type=\"widget\" data-e-type=\"widget\" data-widget_type=\"heading.default\">\n\t\t\t\t<div class=\"elementor-widget-container\">\n\t\t\t\t\t<h2 class=\"elementor-heading-title elementor-size-default\">B\u0142ogos\u0142awie\u0144stwo op\u0142atk\u00f3w \u2013 znak jedno\u015bci i przebaczenia<\/h2>\t\t\t\t<\/div>\n\t\t\t\t<\/div>\n\t\t\t\t\t<\/div>\n\t\t<\/div>\n\t\t\t\t\t<\/div>\n\t\t<\/section>\n\t\t\t\t<section class=\"elementor-section elementor-top-section elementor-element elementor-element-cd978a2 elementor-section-boxed elementor-section-height-default elementor-section-height-default\" data-id=\"cd978a2\" data-element_type=\"section\" data-e-type=\"section\">\n\t\t\t\t\t\t<div class=\"elementor-container elementor-column-gap-default\">\n\t\t\t\t\t<div class=\"elementor-column elementor-col-100 elementor-top-column elementor-element elementor-element-f728771\" data-id=\"f728771\" data-element_type=\"column\" data-e-type=\"column\">\n\t\t\t<div class=\"elementor-widget-wrap elementor-element-populated\">\n\t\t\t\t\t\t<div class=\"elementor-element elementor-element-8252415 elementor-widget elementor-widget-text-editor\" data-id=\"8252415\" data-element_type=\"widget\" data-e-type=\"widget\" data-widget_type=\"text-editor.default\">\n\t\t\t\t<div class=\"elementor-widget-container\">\n\t\t\t\t\t\t\t\t\t<p lang=\"pl-PL\"><span style=\"color: #000000;\">Na zako\u0144czenie liturgii ksi\u0119\u017ca marianie po\u015bwi\u0119cili op\u0142atki, kt\u00f3re wierni mogli zabra\u0107 do swoich dom\u00f3w. Op\u0142atek, b\u0119d\u0105cy symbolem mi\u0142o\u015bci, zgody i jedno\u015bci stanie si\u0119 centralnym elementem wigilijnej wieczerzy w wielu rodzinach. Znaczenie tej tradycji podkre\u015bli\u0142 w homilii ks. kustosz: \u2013 \u201eKiedy \u0142amiemy si\u0119 op\u0142atkiem, pami\u0119tajmy, \u017ce to znak mi\u0142o\u015bci i dobra, kt\u00f3re chcemy ofiarowa\u0107 drugiemu cz\u0142owiekowi. To tak\u017ce wyraz naszej gotowo\u015bci do przebaczenia i pojednania\u201d.<\/span><\/p>\t\t\t\t\t\t\t\t<\/div>\n\t\t\t\t<\/div>\n\t\t\t\t\t<\/div>\n\t\t<\/div>\n\t\t\t\t\t<\/div>\n\t\t<\/section>\n\t\t\t\t<section class=\"elementor-section elementor-top-section elementor-element elementor-element-1df3216 elementor-section-boxed elementor-section-height-default elementor-section-height-default\" data-id=\"1df3216\" data-element_type=\"section\" data-e-type=\"section\">\n\t\t\t\t\t\t<div class=\"elementor-container elementor-column-gap-default\">\n\t\t\t\t\t<div class=\"elementor-column elementor-col-100 elementor-top-column elementor-element elementor-element-6dec3f8\" data-id=\"6dec3f8\" data-element_type=\"column\" data-e-type=\"column\">\n\t\t\t<div class=\"elementor-widget-wrap elementor-element-populated\">\n\t\t\t\t\t\t<div class=\"elementor-element elementor-element-d94f0e9 elementor-widget elementor-widget-heading\" data-id=\"d94f0e9\" data-element_type=\"widget\" data-e-type=\"widget\" data-widget_type=\"heading.default\">\n\t\t\t\t<div class=\"elementor-widget-container\">\n\t\t\t\t\t<h2 class=\"elementor-heading-title elementor-size-default\">Kiermasz na rzecz hospicjum \u2013 mi\u0142o\u015b\u0107 w dzia\u0142aniu<\/h2>\t\t\t\t<\/div>\n\t\t\t\t<\/div>\n\t\t\t\t\t<\/div>\n\t\t<\/div>\n\t\t\t\t\t<\/div>\n\t\t<\/section>\n\t\t\t\t<section class=\"elementor-section elementor-top-section elementor-element elementor-element-353ad42 elementor-section-boxed elementor-section-height-default elementor-section-height-default\" data-id=\"353ad42\" data-element_type=\"section\" data-e-type=\"section\">\n\t\t\t\t\t\t<div class=\"elementor-container elementor-column-gap-default\">\n\t\t\t\t\t<div class=\"elementor-column elementor-col-100 elementor-top-column elementor-element elementor-element-d59c667\" data-id=\"d59c667\" data-element_type=\"column\" data-e-type=\"column\">\n\t\t\t<div class=\"elementor-widget-wrap elementor-element-populated\">\n\t\t\t\t\t\t<div class=\"elementor-element elementor-element-3eb6106 elementor-widget elementor-widget-text-editor\" data-id=\"3eb6106\" data-element_type=\"widget\" data-e-type=\"widget\" data-widget_type=\"text-editor.default\">\n\t\t\t\t<div class=\"elementor-widget-container\">\n\t\t\t\t\t\t\t\t\t<p lang=\"pl-PL\"><span style=\"color: #000000;\">Po Mszy \u015bw. wierni mieli okazj\u0119 wzi\u0105\u0107 udzia\u0142 w kiermaszu \u015bwi\u0105tecznym, z kt\u00f3rego pozyskane ofiary zostan\u0105 przeznaczone na wsparcie liche\u0144skiego hospicjum. Na stoiskach mo\u017cna by\u0142o naby\u0107 r\u0119cznie wykonane ozdoby, stroiki czy bombki. Cz\u0119\u015b\u0107 przedmiot\u00f3w zosta\u0142a przygotowana przez wolontariuszy, kt\u00f3rzy po\u015bwi\u0119cili sw\u00f3j czas i energi\u0119 na pomoc w przygotowaniach.<\/span><\/p><p lang=\"pl-PL\"><span style=\"color: #000000;\">\u201eSk\u0142adamy serdeczne podzi\u0119kowania, wszystkim dobroczy\u0144com, kt\u00f3rzy odwiedzili nasze stoisko w liche\u0144skiej bazylice i parafii \u015bw. Doroty i wsparli hospicjum podczas charytatywnego kiermaszu \u015bwi\u0105tecznego. Dzi\u0119kujemy nie tylko za dary, ale te\u017c za dobre s\u0142owo i \u017cyczliwo\u015b\u0107. Szczeg\u00f3lnie dzi\u0119kujemy mieszkankom Wandowa i Czart\u00f3wka, kt\u00f3re zorganizowa\u0142y kiermasze przy parafiach w Kijowcu i Ostrow\u0105\u017cu. Panie z pomoc\u0105 rodzin i przyjaci\u00f3\u0142 przygotowa\u0142y ozdoby, a zebrane datki przekaza\u0142y na nasze hospicjum. Z tej okazji \u017cyczymy wszystkim spokojnych, radosnych i pe\u0142nych b\u0142ogos\u0142awie\u0144stwa \u015bwi\u0105t!\u201d \u2013darczy\u0144com dzi\u0119kowa\u0142a Urszula Kulig, koordynator wolontariatu w liche\u0144skim hospicjum.<\/span><\/p>\t\t\t\t\t\t\t\t<\/div>\n\t\t\t\t<\/div>\n\t\t\t\t\t<\/div>\n\t\t<\/div>\n\t\t\t\t\t<\/div>\n\t\t<\/section>\n\t\t\t\t<section class=\"elementor-section elementor-top-section elementor-element elementor-element-82bde0f elementor-section-boxed elementor-section-height-default elementor-section-height-default\" data-id=\"82bde0f\" data-element_type=\"section\" data-e-type=\"section\">\n\t\t\t\t\t\t<div class=\"elementor-container elementor-column-gap-default\">\n\t\t\t\t\t<div class=\"elementor-column elementor-col-100 elementor-top-column elementor-element elementor-element-485058d\" data-id=\"485058d\" data-element_type=\"column\" data-e-type=\"column\">\n\t\t\t<div class=\"elementor-widget-wrap elementor-element-populated\">\n\t\t\t\t\t\t<div class=\"elementor-element elementor-element-d6ff8d1 elementor-widget elementor-widget-heading\" data-id=\"d6ff8d1\" data-element_type=\"widget\" data-e-type=\"widget\" data-widget_type=\"heading.default\">\n\t\t\t\t<div class=\"elementor-widget-container\">\n\t\t\t\t\t<h2 class=\"elementor-heading-title elementor-size-default\">Adwent \u2013 czas na zatrzymanie i refleksj\u0119<\/h2>\t\t\t\t<\/div>\n\t\t\t\t<\/div>\n\t\t\t\t\t<\/div>\n\t\t<\/div>\n\t\t\t\t\t<\/div>\n\t\t<\/section>\n\t\t\t\t<section class=\"elementor-section elementor-top-section elementor-element elementor-element-2ac7c3d elementor-section-boxed elementor-section-height-default elementor-section-height-default\" data-id=\"2ac7c3d\" data-element_type=\"section\" data-e-type=\"section\">\n\t\t\t\t\t\t<div class=\"elementor-container elementor-column-gap-default\">\n\t\t\t\t\t<div class=\"elementor-column elementor-col-100 elementor-top-column elementor-element elementor-element-e8efa82\" data-id=\"e8efa82\" data-element_type=\"column\" data-e-type=\"column\">\n\t\t\t<div class=\"elementor-widget-wrap elementor-element-populated\">\n\t\t\t\t\t\t<div class=\"elementor-element elementor-element-7e78e04 elementor-widget elementor-widget-text-editor\" data-id=\"7e78e04\" data-element_type=\"widget\" data-e-type=\"widget\" data-widget_type=\"text-editor.default\">\n\t\t\t\t<div class=\"elementor-widget-container\">\n\t\t\t\t\t\t\t\t\t<p><span style=\"color: #000000;\"><span lang=\"pl-PL\">Duchowe przes\u0142anie Niedzieli Rado\u015bci w Licheniu wybrzmia\u0142o szczeg\u00f3lnie mocno. Ksi\u0105dz kustosz zach\u0119ca\u0142 wiernych do zadania sobie pytania: <\/span><i><span lang=\"pl-PL\">Co mamy czyni\u0107?<\/span><\/i><span lang=\"pl-PL\"> \u2013 \u201eAdwent to czas, by zastanowi\u0107 si\u0119, gdzie w naszym \u017cyciu jest miejsce dla Jezusa, kt\u00f3rego narodziny chcemy \u015bwi\u0119towa\u0107. To tak\u017ce czas, by otworzy\u0107 oczy i serca na drugiego cz\u0142owieka \u2013 na chorego, samotnego, potrzebuj\u0105cego\u201d.<\/span><\/span><\/p><p lang=\"pl-PL\"><span style=\"color: #000000;\">W liche\u0144skim sanktuarium ta refleksja sta\u0142a si\u0119 rzeczywisto\u015bci\u0105 \u2013 poprzez modlitw\u0119, wsparcie hospicjum i pi\u0119kno wsp\u00f3lnotowego \u015bwi\u0119towania. To przypomnienie, \u017ce prawdziwa rado\u015b\u0107 p\u0142ynie z blisko\u015bci Pana i dzielenia si\u0119 dobrem z innymi.<\/span><\/p>\t\t\t\t\t\t\t\t<\/div>\n\t\t\t\t<\/div>\n\t\t\t\t\t<\/div>\n\t\t<\/div>\n\t\t\t\t\t<\/div>\n\t\t<\/section>\n\t\t\t\t<section class=\"elementor-section elementor-top-section elementor-element elementor-element-863ebc6 elementor-section-boxed elementor-section-height-default elementor-section-height-default\" data-id=\"863ebc6\" data-element_type=\"section\" data-e-type=\"section\">\n\t\t\t\t\t\t<div class=\"elementor-container elementor-column-gap-default\">\n\t\t\t\t\t<div class=\"elementor-column elementor-col-100 elementor-top-column elementor-element elementor-element-5f456ba\" data-id=\"5f456ba\" data-element_type=\"column\" data-e-type=\"column\">\n\t\t\t<div class=\"elementor-widget-wrap elementor-element-populated\">\n\t\t\t\t\t\t<div class=\"elementor-element elementor-element-7664869 elementor-widget elementor-widget-image-gallery\" data-id=\"7664869\" data-element_type=\"widget\" data-e-type=\"widget\" data-widget_type=\"image-gallery.default\">\n\t\t\t\t<div class=\"elementor-widget-container\">\n\t\t\t\t\t\t\t<div class=\"elementor-image-gallery\">\n\t\t\t<div id='gallery-1' class='gallery galleryid-78393 gallery-columns-4 gallery-size-medium'><figure class='gallery-item'>\n\t\t\t<div class='gallery-icon landscape'>\n\t\t\t\t<a data-elementor-open-lightbox=\"yes\" data-elementor-lightbox-slideshow=\"7664869\" data-elementor-lightbox-title=\"niedziela radosci (1)\" data-e-action-hash=\"#elementor-action%3Aaction%3Dlightbox%26settings%3DeyJpZCI6NzgzOTQsInVybCI6Imh0dHBzOlwvXC93d3cubGljaGVuLnBsXC93cC1jb250ZW50XC91cGxvYWRzXC8yMDI0XC8xMlwvbmllZHppZWxhLXJhZG9zY2ktMS5qcGciLCJzbGlkZXNob3ciOiI3NjY0ODY5In0%3D\" href='https:\/\/www.lichen.pl\/wp-content\/uploads\/2024\/12\/niedziela-radosci-1.jpg'><img fetchpriority=\"high\" width=\"300\" height=\"200\" src=\"https:\/\/www.lichen.pl\/wp-content\/uploads\/2024\/12\/niedziela-radosci-1-300x200.jpg\" class=\"attachment-medium size-medium\" alt=\"\" decoding=\"async\" srcset=\"https:\/\/www.lichen.pl\/wp-content\/uploads\/2024\/12\/niedziela-radosci-1-300x200.jpg 300w, https:\/\/www.lichen.pl\/wp-content\/uploads\/2024\/12\/niedziela-radosci-1-800x533.jpg 800w, https:\/\/www.lichen.pl\/wp-content\/uploads\/2024\/12\/niedziela-radosci-1-1024x683.jpg 1024w, https:\/\/www.lichen.pl\/wp-content\/uploads\/2024\/12\/niedziela-radosci-1-768x512.jpg 768w, https:\/\/www.lichen.pl\/wp-content\/uploads\/2024\/12\/niedziela-radosci-1-1536x1024.jpg 1536w, https:\/\/www.lichen.pl\/wp-content\/uploads\/2024\/12\/niedziela-radosci-1-2048x1365.jpg 2048w, https:\/\/www.lichen.pl\/wp-content\/uploads\/2024\/12\/niedziela-radosci-1-18x12.jpg 18w, https:\/\/www.lichen.pl\/wp-content\/uploads\/2024\/12\/niedziela-radosci-1.jpg 1920w\" sizes=\"(max-width: 300px) 100vw, 300px\" \/><\/a>\n\t\t\t<\/div><\/figure><figure class='gallery-item'>\n\t\t\t<div class='gallery-icon landscape'>\n\t\t\t\t<a data-elementor-open-lightbox=\"yes\" data-elementor-lightbox-slideshow=\"7664869\" data-elementor-lightbox-title=\"niedziela radosci (16)\" data-e-action-hash=\"#elementor-action%3Aaction%3Dlightbox%26settings%3DeyJpZCI6NzgzOTcsInVybCI6Imh0dHBzOlwvXC93d3cubGljaGVuLnBsXC93cC1jb250ZW50XC91cGxvYWRzXC8yMDI0XC8xMlwvbmllZHppZWxhLXJhZG9zY2ktMTYuanBnIiwic2xpZGVzaG93IjoiNzY2NDg2OSJ9\" href='https:\/\/www.lichen.pl\/wp-content\/uploads\/2024\/12\/niedziela-radosci-16.jpg'><img width=\"300\" height=\"200\" src=\"https:\/\/www.lichen.pl\/wp-content\/uploads\/2024\/12\/niedziela-radosci-16-300x200.jpg\" class=\"attachment-medium size-medium\" alt=\"\" decoding=\"async\" srcset=\"https:\/\/www.lichen.pl\/wp-content\/uploads\/2024\/12\/niedziela-radosci-16-300x200.jpg 300w, https:\/\/www.lichen.pl\/wp-content\/uploads\/2024\/12\/niedziela-radosci-16-800x533.jpg 800w, https:\/\/www.lichen.pl\/wp-content\/uploads\/2024\/12\/niedziela-radosci-16-1024x683.jpg 1024w, https:\/\/www.lichen.pl\/wp-content\/uploads\/2024\/12\/niedziela-radosci-16-768x512.jpg 768w, https:\/\/www.lichen.pl\/wp-content\/uploads\/2024\/12\/niedziela-radosci-16-1536x1024.jpg 1536w, https:\/\/www.lichen.pl\/wp-content\/uploads\/2024\/12\/niedziela-radosci-16-2048x1365.jpg 2048w, https:\/\/www.lichen.pl\/wp-content\/uploads\/2024\/12\/niedziela-radosci-16-18x12.jpg 18w, https:\/\/www.lichen.pl\/wp-content\/uploads\/2024\/12\/niedziela-radosci-16.jpg 1920w\" sizes=\"(max-width: 300px) 100vw, 300px\" \/><\/a>\n\t\t\t<\/div><\/figure><figure class='gallery-item'>\n\t\t\t<div class='gallery-icon landscape'>\n\t\t\t\t<a data-elementor-open-lightbox=\"yes\" data-elementor-lightbox-slideshow=\"7664869\" data-elementor-lightbox-title=\"niedziela radosci (5)\" data-e-action-hash=\"#elementor-action%3Aaction%3Dlightbox%26settings%3DeyJpZCI6NzgzOTUsInVybCI6Imh0dHBzOlwvXC93d3cubGljaGVuLnBsXC93cC1jb250ZW50XC91cGxvYWRzXC8yMDI0XC8xMlwvbmllZHppZWxhLXJhZG9zY2ktNS5qcGciLCJzbGlkZXNob3ciOiI3NjY0ODY5In0%3D\" href='https:\/\/www.lichen.pl\/wp-content\/uploads\/2024\/12\/niedziela-radosci-5.jpg'><img width=\"300\" height=\"200\" src=\"https:\/\/www.lichen.pl\/wp-content\/uploads\/2024\/12\/niedziela-radosci-5-300x200.jpg\" class=\"attachment-medium size-medium\" alt=\"\" decoding=\"async\" srcset=\"https:\/\/www.lichen.pl\/wp-content\/uploads\/2024\/12\/niedziela-radosci-5-300x200.jpg 300w, https:\/\/www.lichen.pl\/wp-content\/uploads\/2024\/12\/niedziela-radosci-5-800x533.jpg 800w, https:\/\/www.lichen.pl\/wp-content\/uploads\/2024\/12\/niedziela-radosci-5-1024x683.jpg 1024w, https:\/\/www.lichen.pl\/wp-content\/uploads\/2024\/12\/niedziela-radosci-5-768x512.jpg 768w, https:\/\/www.lichen.pl\/wp-content\/uploads\/2024\/12\/niedziela-radosci-5-1536x1024.jpg 1536w, https:\/\/www.lichen.pl\/wp-content\/uploads\/2024\/12\/niedziela-radosci-5-2048x1365.jpg 2048w, https:\/\/www.lichen.pl\/wp-content\/uploads\/2024\/12\/niedziela-radosci-5-18x12.jpg 18w, https:\/\/www.lichen.pl\/wp-content\/uploads\/2024\/12\/niedziela-radosci-5.jpg 1920w\" sizes=\"(max-width: 300px) 100vw, 300px\" \/><\/a>\n\t\t\t<\/div><\/figure><figure class='gallery-item'>\n\t\t\t<div class='gallery-icon landscape'>\n\t\t\t\t<a data-elementor-open-lightbox=\"yes\" data-elementor-lightbox-slideshow=\"7664869\" data-elementor-lightbox-title=\"niedziela radosci (15)\" data-e-action-hash=\"#elementor-action%3Aaction%3Dlightbox%26settings%3DeyJpZCI6NzgzOTYsInVybCI6Imh0dHBzOlwvXC93d3cubGljaGVuLnBsXC93cC1jb250ZW50XC91cGxvYWRzXC8yMDI0XC8xMlwvbmllZHppZWxhLXJhZG9zY2ktMTUuanBnIiwic2xpZGVzaG93IjoiNzY2NDg2OSJ9\" href='https:\/\/www.lichen.pl\/wp-content\/uploads\/2024\/12\/niedziela-radosci-15.jpg'><img loading=\"lazy\" width=\"300\" height=\"200\" src=\"https:\/\/www.lichen.pl\/wp-content\/uploads\/2024\/12\/niedziela-radosci-15-300x200.jpg\" class=\"attachment-medium size-medium\" alt=\"\" decoding=\"async\" srcset=\"https:\/\/www.lichen.pl\/wp-content\/uploads\/2024\/12\/niedziela-radosci-15-300x200.jpg 300w, https:\/\/www.lichen.pl\/wp-content\/uploads\/2024\/12\/niedziela-radosci-15-800x533.jpg 800w, https:\/\/www.lichen.pl\/wp-content\/uploads\/2024\/12\/niedziela-radosci-15-1024x683.jpg 1024w, https:\/\/www.lichen.pl\/wp-content\/uploads\/2024\/12\/niedziela-radosci-15-768x512.jpg 768w, https:\/\/www.lichen.pl\/wp-content\/uploads\/2024\/12\/niedziela-radosci-15-1536x1024.jpg 1536w, https:\/\/www.lichen.pl\/wp-content\/uploads\/2024\/12\/niedziela-radosci-15-2048x1365.jpg 2048w, https:\/\/www.lichen.pl\/wp-content\/uploads\/2024\/12\/niedziela-radosci-15-18x12.jpg 18w\" sizes=\"(max-width: 300px) 100vw, 300px\" \/><\/a>\n\t\t\t<\/div><\/figure><figure class='gallery-item'>\n\t\t\t<div class='gallery-icon landscape'>\n\t\t\t\t<a data-elementor-open-lightbox=\"yes\" data-elementor-lightbox-slideshow=\"7664869\" data-elementor-lightbox-title=\"niedziela radosci (20)\" data-e-action-hash=\"#elementor-action%3Aaction%3Dlightbox%26settings%3DeyJpZCI6NzgzOTksInVybCI6Imh0dHBzOlwvXC93d3cubGljaGVuLnBsXC93cC1jb250ZW50XC91cGxvYWRzXC8yMDI0XC8xMlwvbmllZHppZWxhLXJhZG9zY2ktMjAuanBnIiwic2xpZGVzaG93IjoiNzY2NDg2OSJ9\" href='https:\/\/www.lichen.pl\/wp-content\/uploads\/2024\/12\/niedziela-radosci-20.jpg'><img loading=\"lazy\" width=\"300\" height=\"200\" src=\"https:\/\/www.lichen.pl\/wp-content\/uploads\/2024\/12\/niedziela-radosci-20-300x200.jpg\" class=\"attachment-medium size-medium\" alt=\"\" decoding=\"async\" srcset=\"https:\/\/www.lichen.pl\/wp-content\/uploads\/2024\/12\/niedziela-radosci-20-300x200.jpg 300w, https:\/\/www.lichen.pl\/wp-content\/uploads\/2024\/12\/niedziela-radosci-20-800x533.jpg 800w, https:\/\/www.lichen.pl\/wp-content\/uploads\/2024\/12\/niedziela-radosci-20-1024x683.jpg 1024w, https:\/\/www.lichen.pl\/wp-content\/uploads\/2024\/12\/niedziela-radosci-20-768x512.jpg 768w, https:\/\/www.lichen.pl\/wp-content\/uploads\/2024\/12\/niedziela-radosci-20-1536x1024.jpg 1536w, https:\/\/www.lichen.pl\/wp-content\/uploads\/2024\/12\/niedziela-radosci-20-2048x1365.jpg 2048w, https:\/\/www.lichen.pl\/wp-content\/uploads\/2024\/12\/niedziela-radosci-20-18x12.jpg 18w, https:\/\/www.lichen.pl\/wp-content\/uploads\/2024\/12\/niedziela-radosci-20.jpg 1920w\" sizes=\"(max-width: 300px) 100vw, 300px\" \/><\/a>\n\t\t\t<\/div><\/figure><figure class='gallery-item'>\n\t\t\t<div class='gallery-icon landscape'>\n\t\t\t\t<a data-elementor-open-lightbox=\"yes\" data-elementor-lightbox-slideshow=\"7664869\" data-elementor-lightbox-title=\"niedziela radosci (21)\" data-e-action-hash=\"#elementor-action%3Aaction%3Dlightbox%26settings%3DeyJpZCI6Nzg0MDAsInVybCI6Imh0dHBzOlwvXC93d3cubGljaGVuLnBsXC93cC1jb250ZW50XC91cGxvYWRzXC8yMDI0XC8xMlwvbmllZHppZWxhLXJhZG9zY2ktMjEuanBnIiwic2xpZGVzaG93IjoiNzY2NDg2OSJ9\" href='https:\/\/www.lichen.pl\/wp-content\/uploads\/2024\/12\/niedziela-radosci-21.jpg'><img loading=\"lazy\" width=\"300\" height=\"200\" src=\"https:\/\/www.lichen.pl\/wp-content\/uploads\/2024\/12\/niedziela-radosci-21-300x200.jpg\" class=\"attachment-medium size-medium\" alt=\"\" decoding=\"async\" srcset=\"https:\/\/www.lichen.pl\/wp-content\/uploads\/2024\/12\/niedziela-radosci-21-300x200.jpg 300w, https:\/\/www.lichen.pl\/wp-content\/uploads\/2024\/12\/niedziela-radosci-21-800x533.jpg 800w, https:\/\/www.lichen.pl\/wp-content\/uploads\/2024\/12\/niedziela-radosci-21-1024x683.jpg 1024w, https:\/\/www.lichen.pl\/wp-content\/uploads\/2024\/12\/niedziela-radosci-21-768x512.jpg 768w, https:\/\/www.lichen.pl\/wp-content\/uploads\/2024\/12\/niedziela-radosci-21-1536x1024.jpg 1536w, https:\/\/www.lichen.pl\/wp-content\/uploads\/2024\/12\/niedziela-radosci-21-2048x1365.jpg 2048w, https:\/\/www.lichen.pl\/wp-content\/uploads\/2024\/12\/niedziela-radosci-21-18x12.jpg 18w, https:\/\/www.lichen.pl\/wp-content\/uploads\/2024\/12\/niedziela-radosci-21.jpg 1920w\" sizes=\"(max-width: 300px) 100vw, 300px\" \/><\/a>\n\t\t\t<\/div><\/figure><figure class='gallery-item'>\n\t\t\t<div class='gallery-icon landscape'>\n\t\t\t\t<a data-elementor-open-lightbox=\"yes\" data-elementor-lightbox-slideshow=\"7664869\" data-elementor-lightbox-title=\"niedziela radosci (27)\" data-e-action-hash=\"#elementor-action%3Aaction%3Dlightbox%26settings%3DeyJpZCI6Nzg0MDIsInVybCI6Imh0dHBzOlwvXC93d3cubGljaGVuLnBsXC93cC1jb250ZW50XC91cGxvYWRzXC8yMDI0XC8xMlwvbmllZHppZWxhLXJhZG9zY2ktMjcuanBnIiwic2xpZGVzaG93IjoiNzY2NDg2OSJ9\" href='https:\/\/www.lichen.pl\/wp-content\/uploads\/2024\/12\/niedziela-radosci-27.jpg'><img loading=\"lazy\" width=\"300\" height=\"200\" src=\"https:\/\/www.lichen.pl\/wp-content\/uploads\/2024\/12\/niedziela-radosci-27-300x200.jpg\" class=\"attachment-medium size-medium\" alt=\"\" decoding=\"async\" srcset=\"https:\/\/www.lichen.pl\/wp-content\/uploads\/2024\/12\/niedziela-radosci-27-300x200.jpg 300w, https:\/\/www.lichen.pl\/wp-content\/uploads\/2024\/12\/niedziela-radosci-27-800x533.jpg 800w, https:\/\/www.lichen.pl\/wp-content\/uploads\/2024\/12\/niedziela-radosci-27-1024x683.jpg 1024w, https:\/\/www.lichen.pl\/wp-content\/uploads\/2024\/12\/niedziela-radosci-27-768x512.jpg 768w, https:\/\/www.lichen.pl\/wp-content\/uploads\/2024\/12\/niedziela-radosci-27-1536x1024.jpg 1536w, https:\/\/www.lichen.pl\/wp-content\/uploads\/2024\/12\/niedziela-radosci-27-2048x1365.jpg 2048w, https:\/\/www.lichen.pl\/wp-content\/uploads\/2024\/12\/niedziela-radosci-27-18x12.jpg 18w\" sizes=\"(max-width: 300px) 100vw, 300px\" \/><\/a>\n\t\t\t<\/div><\/figure><figure class='gallery-item'>\n\t\t\t<div class='gallery-icon landscape'>\n\t\t\t\t<a data-elementor-open-lightbox=\"yes\" data-elementor-lightbox-slideshow=\"7664869\" data-elementor-lightbox-title=\"niedziela radosci (28)\" data-e-action-hash=\"#elementor-action%3Aaction%3Dlightbox%26settings%3DeyJpZCI6Nzg0MDMsInVybCI6Imh0dHBzOlwvXC93d3cubGljaGVuLnBsXC93cC1jb250ZW50XC91cGxvYWRzXC8yMDI0XC8xMlwvbmllZHppZWxhLXJhZG9zY2ktMjguanBnIiwic2xpZGVzaG93IjoiNzY2NDg2OSJ9\" href='https:\/\/www.lichen.pl\/wp-content\/uploads\/2024\/12\/niedziela-radosci-28.jpg'><img loading=\"lazy\" width=\"300\" height=\"200\" src=\"https:\/\/www.lichen.pl\/wp-content\/uploads\/2024\/12\/niedziela-radosci-28-300x200.jpg\" class=\"attachment-medium size-medium\" alt=\"\" decoding=\"async\" srcset=\"https:\/\/www.lichen.pl\/wp-content\/uploads\/2024\/12\/niedziela-radosci-28-300x200.jpg 300w, https:\/\/www.lichen.pl\/wp-content\/uploads\/2024\/12\/niedziela-radosci-28-800x533.jpg 800w, https:\/\/www.lichen.pl\/wp-content\/uploads\/2024\/12\/niedziela-radosci-28-1024x683.jpg 1024w, https:\/\/www.lichen.pl\/wp-content\/uploads\/2024\/12\/niedziela-radosci-28-768x512.jpg 768w, https:\/\/www.lichen.pl\/wp-content\/uploads\/2024\/12\/niedziela-radosci-28-1536x1024.jpg 1536w, https:\/\/www.lichen.pl\/wp-content\/uploads\/2024\/12\/niedziela-radosci-28-2048x1365.jpg 2048w, https:\/\/www.lichen.pl\/wp-content\/uploads\/2024\/12\/niedziela-radosci-28-18x12.jpg 18w, https:\/\/www.lichen.pl\/wp-content\/uploads\/2024\/12\/niedziela-radosci-28.jpg 1920w\" sizes=\"(max-width: 300px) 100vw, 300px\" \/><\/a>\n\t\t\t<\/div><\/figure>\n\t\t<\/div>\n\t\t<\/div>\n\t\t\t\t\t\t<\/div>\n\t\t\t\t<\/div>\n\t\t\t\t\t<\/div>\n\t\t<\/div>\n\t\t\t\t\t<\/div>\n\t\t<\/section>\n\t\t\t\t<\/div>","protected":false},"excerpt":{"rendered":"<p>Trzecia niedziela Adwentu, zwana Niedziel\u0105 Rado\u015bci (Gaudete), zgromadzi\u0142a w sanktuarium Matki Bo\u017cej Liche\u0144skiej licznych wiernych, w tym dobroczy\u0144c\u00f3w wspieraj\u0105cych tutejsze hospicjum. Eucharystia, pe\u0142na wdzi\u0119czno\u015bci i modlitwy, wprowadzi\u0142a wiernych w g\u0142\u0119bokie duchowe przygotowanie na \u015bwi\u0119ta Bo\u017cego Narodzenia. Drug\u0105 ju\u017c niedziel\u0119 trwa\u0142 kiermasz na rzecz hospicjum, a tak\u017ce mia\u0142o miejsce b\u0142ogos\u0142awie\u0144stwo op\u0142atk\u00f3w, kt\u00f3re wierni mogli zabra\u0107 do [&hellip;]<\/p>\n","protected":false},"author":8,"featured_media":78401,"comment_status":"closed","ping_status":"closed","sticky":false,"template":"","format":"standard","meta":{"footnotes":""},"categories":[1],"tags":[],"class_list":["post-78393","post","type-post","status-publish","format-standard","has-post-thumbnail","hentry","category-aktualnosci","wpbf-post"],"yoast_head":"<!-- This site is optimized with the Yoast SEO plugin v27.4 - https:\/\/yoast.com\/product\/yoast-seo-wordpress\/ -->\n<title>Niedziela Rado\u015bci w liche\u0144skim sanktuarium: czas wdzi\u0119czno\u015bci, rado\u015bci i otwartych serc - SANKTUARIUM W LICHENIU<\/title>\n<meta name=\"robots\" content=\"index, follow, max-snippet:-1, max-image-preview:large, max-video-preview:-1\" \/>\n<link rel=\"canonical\" href=\"https:\/\/www.lichen.pl\/fr\/niedziela-radosci-w-lichenskim-sanktuarium-czas-wdziecznosci-radosci-i-otwartych-serc\/\" \/>\n<meta property=\"og:locale\" content=\"fr_FR\" \/>\n<meta property=\"og:type\" content=\"article\" \/>\n<meta property=\"og:title\" content=\"Niedziela Rado\u015bci w liche\u0144skim sanktuarium: czas wdzi\u0119czno\u015bci, rado\u015bci i otwartych serc - SANKTUARIUM W LICHENIU\" \/>\n<meta property=\"og:description\" content=\"Trzecia niedziela Adwentu, zwana Niedziel\u0105 Rado\u015bci (Gaudete), zgromadzi\u0142a w sanktuarium Matki Bo\u017cej Liche\u0144skiej licznych wiernych, w tym dobroczy\u0144c\u00f3w wspieraj\u0105cych tutejsze hospicjum. Eucharystia, pe\u0142na wdzi\u0119czno\u015bci i modlitwy, wprowadzi\u0142a wiernych w g\u0142\u0119bokie duchowe przygotowanie na \u015bwi\u0119ta Bo\u017cego Narodzenia. Drug\u0105 ju\u017c niedziel\u0119 trwa\u0142 kiermasz na rzecz hospicjum, a tak\u017ce mia\u0142o miejsce b\u0142ogos\u0142awie\u0144stwo op\u0142atk\u00f3w, kt\u00f3re wierni mogli zabra\u0107 do [&hellip;]\" \/>\n<meta property=\"og:url\" content=\"https:\/\/www.lichen.pl\/fr\/niedziela-radosci-w-lichenskim-sanktuarium-czas-wdziecznosci-radosci-i-otwartych-serc\/\" \/>\n<meta property=\"og:site_name\" content=\"SANKTUARIUM W LICHENIU\" \/>\n<meta property=\"article:published_time\" content=\"2024-12-15T17:03:36+00:00\" \/>\n<meta property=\"article:modified_time\" content=\"2024-12-15T17:43:46+00:00\" \/>\n<meta property=\"og:image\" content=\"https:\/\/www.lichen.pl\/wp-content\/uploads\/2024\/12\/niedziela-radosci-25-1024x683.jpg\" \/>\n\t<meta property=\"og:image:width\" content=\"1024\" \/>\n\t<meta property=\"og:image:height\" content=\"683\" \/>\n\t<meta property=\"og:image:type\" content=\"image\/jpeg\" \/>\n<meta name=\"author\" content=\"Biuro Prasowe\" \/>\n<meta name=\"twitter:card\" content=\"summary_large_image\" \/>\n<meta name=\"twitter:label1\" content=\"\u00c9crit par\" \/>\n\t<meta name=\"twitter:data1\" content=\"Biuro Prasowe\" \/>\n\t<meta name=\"twitter:label2\" content=\"Dur\u00e9e de lecture estim\u00e9e\" \/>\n\t<meta name=\"twitter:data2\" content=\"6 minutes\" \/>\n<script type=\"application\/ld+json\" class=\"yoast-schema-graph\">{\"@context\":\"https:\\\/\\\/schema.org\",\"@graph\":[{\"@type\":\"Article\",\"@id\":\"https:\\\/\\\/www.lichen.pl\\\/niedziela-radosci-w-lichenskim-sanktuarium-czas-wdziecznosci-radosci-i-otwartych-serc\\\/#article\",\"isPartOf\":{\"@id\":\"https:\\\/\\\/www.lichen.pl\\\/niedziela-radosci-w-lichenskim-sanktuarium-czas-wdziecznosci-radosci-i-otwartych-serc\\\/\"},\"author\":{\"name\":\"Biuro Prasowe\",\"@id\":\"https:\\\/\\\/www.lichen.pl\\\/fr\\\/#\\\/schema\\\/person\\\/682b5cfa2f8a664a298ed0bc19782a02\"},\"headline\":\"Niedziela Rado\u015bci w liche\u0144skim sanktuarium: czas wdzi\u0119czno\u015bci, rado\u015bci i otwartych serc\",\"datePublished\":\"2024-12-15T17:03:36+00:00\",\"dateModified\":\"2024-12-15T17:43:46+00:00\",\"mainEntityOfPage\":{\"@id\":\"https:\\\/\\\/www.lichen.pl\\\/niedziela-radosci-w-lichenskim-sanktuarium-czas-wdziecznosci-radosci-i-otwartych-serc\\\/\"},\"wordCount\":778,\"image\":{\"@id\":\"https:\\\/\\\/www.lichen.pl\\\/niedziela-radosci-w-lichenskim-sanktuarium-czas-wdziecznosci-radosci-i-otwartych-serc\\\/#primaryimage\"},\"thumbnailUrl\":\"https:\\\/\\\/www.lichen.pl\\\/wp-content\\\/uploads\\\/2024\\\/12\\\/niedziela-radosci-25.jpg\",\"articleSection\":[\"Aktualno\u015bci\"],\"inLanguage\":\"fr-FR\"},{\"@type\":\"WebPage\",\"@id\":\"https:\\\/\\\/www.lichen.pl\\\/niedziela-radosci-w-lichenskim-sanktuarium-czas-wdziecznosci-radosci-i-otwartych-serc\\\/\",\"url\":\"https:\\\/\\\/www.lichen.pl\\\/niedziela-radosci-w-lichenskim-sanktuarium-czas-wdziecznosci-radosci-i-otwartych-serc\\\/\",\"name\":\"Niedziela Rado\u015bci w liche\u0144skim sanktuarium: czas wdzi\u0119czno\u015bci, rado\u015bci i otwartych serc - SANKTUARIUM W LICHENIU\",\"isPartOf\":{\"@id\":\"https:\\\/\\\/www.lichen.pl\\\/fr\\\/#website\"},\"primaryImageOfPage\":{\"@id\":\"https:\\\/\\\/www.lichen.pl\\\/niedziela-radosci-w-lichenskim-sanktuarium-czas-wdziecznosci-radosci-i-otwartych-serc\\\/#primaryimage\"},\"image\":{\"@id\":\"https:\\\/\\\/www.lichen.pl\\\/niedziela-radosci-w-lichenskim-sanktuarium-czas-wdziecznosci-radosci-i-otwartych-serc\\\/#primaryimage\"},\"thumbnailUrl\":\"https:\\\/\\\/www.lichen.pl\\\/wp-content\\\/uploads\\\/2024\\\/12\\\/niedziela-radosci-25.jpg\",\"datePublished\":\"2024-12-15T17:03:36+00:00\",\"dateModified\":\"2024-12-15T17:43:46+00:00\",\"author\":{\"@id\":\"https:\\\/\\\/www.lichen.pl\\\/fr\\\/#\\\/schema\\\/person\\\/682b5cfa2f8a664a298ed0bc19782a02\"},\"breadcrumb\":{\"@id\":\"https:\\\/\\\/www.lichen.pl\\\/niedziela-radosci-w-lichenskim-sanktuarium-czas-wdziecznosci-radosci-i-otwartych-serc\\\/#breadcrumb\"},\"inLanguage\":\"fr-FR\",\"potentialAction\":[{\"@type\":\"ReadAction\",\"target\":[\"https:\\\/\\\/www.lichen.pl\\\/niedziela-radosci-w-lichenskim-sanktuarium-czas-wdziecznosci-radosci-i-otwartych-serc\\\/\"]}]},{\"@type\":\"ImageObject\",\"inLanguage\":\"fr-FR\",\"@id\":\"https:\\\/\\\/www.lichen.pl\\\/niedziela-radosci-w-lichenskim-sanktuarium-czas-wdziecznosci-radosci-i-otwartych-serc\\\/#primaryimage\",\"url\":\"https:\\\/\\\/www.lichen.pl\\\/wp-content\\\/uploads\\\/2024\\\/12\\\/niedziela-radosci-25.jpg\",\"contentUrl\":\"https:\\\/\\\/www.lichen.pl\\\/wp-content\\\/uploads\\\/2024\\\/12\\\/niedziela-radosci-25.jpg\",\"width\":1920,\"height\":1280},{\"@type\":\"BreadcrumbList\",\"@id\":\"https:\\\/\\\/www.lichen.pl\\\/niedziela-radosci-w-lichenskim-sanktuarium-czas-wdziecznosci-radosci-i-otwartych-serc\\\/#breadcrumb\",\"itemListElement\":[{\"@type\":\"ListItem\",\"position\":1,\"name\":\"Strona g\u0142\u00f3wna\",\"item\":\"https:\\\/\\\/www.lichen.pl\\\/\"},{\"@type\":\"ListItem\",\"position\":2,\"name\":\"Niedziela Rado\u015bci w liche\u0144skim sanktuarium: czas wdzi\u0119czno\u015bci, rado\u015bci i otwartych serc\"}]},{\"@type\":\"WebSite\",\"@id\":\"https:\\\/\\\/www.lichen.pl\\\/fr\\\/#website\",\"url\":\"https:\\\/\\\/www.lichen.pl\\\/fr\\\/\",\"name\":\"SANKTUARIUM W LICHENIU\",\"description\":\"MATKI BO\u017bEJ LICHE\u0143SKIEJ BOLESNEJ KR\u00d3LOWEJ POLSKI\",\"potentialAction\":[{\"@type\":\"SearchAction\",\"target\":{\"@type\":\"EntryPoint\",\"urlTemplate\":\"https:\\\/\\\/www.lichen.pl\\\/fr\\\/?s={search_term_string}\"},\"query-input\":{\"@type\":\"PropertyValueSpecification\",\"valueRequired\":true,\"valueName\":\"search_term_string\"}}],\"inLanguage\":\"fr-FR\"},{\"@type\":\"Person\",\"@id\":\"https:\\\/\\\/www.lichen.pl\\\/fr\\\/#\\\/schema\\\/person\\\/682b5cfa2f8a664a298ed0bc19782a02\",\"name\":\"Biuro Prasowe\",\"image\":{\"@type\":\"ImageObject\",\"inLanguage\":\"fr-FR\",\"@id\":\"https:\\\/\\\/secure.gravatar.com\\\/avatar\\\/07fa3449d37670fd38888cb2e3db27aa13df245d811ec65206e44888f202bb53?s=96&d=retro&r=g\",\"url\":\"https:\\\/\\\/secure.gravatar.com\\\/avatar\\\/07fa3449d37670fd38888cb2e3db27aa13df245d811ec65206e44888f202bb53?s=96&d=retro&r=g\",\"contentUrl\":\"https:\\\/\\\/secure.gravatar.com\\\/avatar\\\/07fa3449d37670fd38888cb2e3db27aa13df245d811ec65206e44888f202bb53?s=96&d=retro&r=g\",\"caption\":\"Biuro Prasowe\"},\"sameAs\":[\"http:\\\/\\\/www.lichen.pl\"],\"url\":\"https:\\\/\\\/www.lichen.pl\\\/fr\\\/author\\\/biuro-prasowe\\\/\"}]}<\/script>\n<!-- \/ Yoast SEO plugin. -->","yoast_head_json":{"title":"Niedziela Rado\u015bci w liche\u0144skim sanktuarium: czas wdzi\u0119czno\u015bci, rado\u015bci i otwartych serc - SANKTUARIUM W LICHENIU","robots":{"index":"index","follow":"follow","max-snippet":"max-snippet:-1","max-image-preview":"max-image-preview:large","max-video-preview":"max-video-preview:-1"},"canonical":"https:\/\/www.lichen.pl\/fr\/niedziela-radosci-w-lichenskim-sanktuarium-czas-wdziecznosci-radosci-i-otwartych-serc\/","og_locale":"fr_FR","og_type":"article","og_title":"Niedziela Rado\u015bci w liche\u0144skim sanktuarium: czas wdzi\u0119czno\u015bci, rado\u015bci i otwartych serc - SANKTUARIUM W LICHENIU","og_description":"Trzecia niedziela Adwentu, zwana Niedziel\u0105 Rado\u015bci (Gaudete), zgromadzi\u0142a w sanktuarium Matki Bo\u017cej Liche\u0144skiej licznych wiernych, w tym dobroczy\u0144c\u00f3w wspieraj\u0105cych tutejsze hospicjum. Eucharystia, pe\u0142na wdzi\u0119czno\u015bci i modlitwy, wprowadzi\u0142a wiernych w g\u0142\u0119bokie duchowe przygotowanie na \u015bwi\u0119ta Bo\u017cego Narodzenia. Drug\u0105 ju\u017c niedziel\u0119 trwa\u0142 kiermasz na rzecz hospicjum, a tak\u017ce mia\u0142o miejsce b\u0142ogos\u0142awie\u0144stwo op\u0142atk\u00f3w, kt\u00f3re wierni mogli zabra\u0107 do [&hellip;]","og_url":"https:\/\/www.lichen.pl\/fr\/niedziela-radosci-w-lichenskim-sanktuarium-czas-wdziecznosci-radosci-i-otwartych-serc\/","og_site_name":"SANKTUARIUM W LICHENIU","article_published_time":"2024-12-15T17:03:36+00:00","article_modified_time":"2024-12-15T17:43:46+00:00","og_image":[{"width":1024,"height":683,"url":"https:\/\/www.lichen.pl\/wp-content\/uploads\/2024\/12\/niedziela-radosci-25-1024x683.jpg","type":"image\/jpeg"}],"author":"Biuro Prasowe","twitter_card":"summary_large_image","twitter_misc":{"\u00c9crit par":"Biuro Prasowe","Dur\u00e9e de lecture estim\u00e9e":"6 minutes"},"schema":{"@context":"https:\/\/schema.org","@graph":[{"@type":"Article","@id":"https:\/\/www.lichen.pl\/niedziela-radosci-w-lichenskim-sanktuarium-czas-wdziecznosci-radosci-i-otwartych-serc\/#article","isPartOf":{"@id":"https:\/\/www.lichen.pl\/niedziela-radosci-w-lichenskim-sanktuarium-czas-wdziecznosci-radosci-i-otwartych-serc\/"},"author":{"name":"Biuro Prasowe","@id":"https:\/\/www.lichen.pl\/fr\/#\/schema\/person\/682b5cfa2f8a664a298ed0bc19782a02"},"headline":"Niedziela Rado\u015bci w liche\u0144skim sanktuarium: czas wdzi\u0119czno\u015bci, rado\u015bci i otwartych serc","datePublished":"2024-12-15T17:03:36+00:00","dateModified":"2024-12-15T17:43:46+00:00","mainEntityOfPage":{"@id":"https:\/\/www.lichen.pl\/niedziela-radosci-w-lichenskim-sanktuarium-czas-wdziecznosci-radosci-i-otwartych-serc\/"},"wordCount":778,"image":{"@id":"https:\/\/www.lichen.pl\/niedziela-radosci-w-lichenskim-sanktuarium-czas-wdziecznosci-radosci-i-otwartych-serc\/#primaryimage"},"thumbnailUrl":"https:\/\/www.lichen.pl\/wp-content\/uploads\/2024\/12\/niedziela-radosci-25.jpg","articleSection":["Aktualno\u015bci"],"inLanguage":"fr-FR"},{"@type":"WebPage","@id":"https:\/\/www.lichen.pl\/niedziela-radosci-w-lichenskim-sanktuarium-czas-wdziecznosci-radosci-i-otwartych-serc\/","url":"https:\/\/www.lichen.pl\/niedziela-radosci-w-lichenskim-sanktuarium-czas-wdziecznosci-radosci-i-otwartych-serc\/","name":"Niedziela Rado\u015bci w liche\u0144skim sanktuarium: czas wdzi\u0119czno\u015bci, rado\u015bci i otwartych serc - SANKTUARIUM W LICHENIU","isPartOf":{"@id":"https:\/\/www.lichen.pl\/fr\/#website"},"primaryImageOfPage":{"@id":"https:\/\/www.lichen.pl\/niedziela-radosci-w-lichenskim-sanktuarium-czas-wdziecznosci-radosci-i-otwartych-serc\/#primaryimage"},"image":{"@id":"https:\/\/www.lichen.pl\/niedziela-radosci-w-lichenskim-sanktuarium-czas-wdziecznosci-radosci-i-otwartych-serc\/#primaryimage"},"thumbnailUrl":"https:\/\/www.lichen.pl\/wp-content\/uploads\/2024\/12\/niedziela-radosci-25.jpg","datePublished":"2024-12-15T17:03:36+00:00","dateModified":"2024-12-15T17:43:46+00:00","author":{"@id":"https:\/\/www.lichen.pl\/fr\/#\/schema\/person\/682b5cfa2f8a664a298ed0bc19782a02"},"breadcrumb":{"@id":"https:\/\/www.lichen.pl\/niedziela-radosci-w-lichenskim-sanktuarium-czas-wdziecznosci-radosci-i-otwartych-serc\/#breadcrumb"},"inLanguage":"fr-FR","potentialAction":[{"@type":"ReadAction","target":["https:\/\/www.lichen.pl\/niedziela-radosci-w-lichenskim-sanktuarium-czas-wdziecznosci-radosci-i-otwartych-serc\/"]}]},{"@type":"ImageObject","inLanguage":"fr-FR","@id":"https:\/\/www.lichen.pl\/niedziela-radosci-w-lichenskim-sanktuarium-czas-wdziecznosci-radosci-i-otwartych-serc\/#primaryimage","url":"https:\/\/www.lichen.pl\/wp-content\/uploads\/2024\/12\/niedziela-radosci-25.jpg","contentUrl":"https:\/\/www.lichen.pl\/wp-content\/uploads\/2024\/12\/niedziela-radosci-25.jpg","width":1920,"height":1280},{"@type":"BreadcrumbList","@id":"https:\/\/www.lichen.pl\/niedziela-radosci-w-lichenskim-sanktuarium-czas-wdziecznosci-radosci-i-otwartych-serc\/#breadcrumb","itemListElement":[{"@type":"ListItem","position":1,"name":"Strona g\u0142\u00f3wna","item":"https:\/\/www.lichen.pl\/"},{"@type":"ListItem","position":2,"name":"Niedziela Rado\u015bci w liche\u0144skim sanktuarium: czas wdzi\u0119czno\u015bci, rado\u015bci i otwartych serc"}]},{"@type":"WebSite","@id":"https:\/\/www.lichen.pl\/fr\/#website","url":"https:\/\/www.lichen.pl\/fr\/","name":"SANCTUAIRE EN LICHENIE","description":"LA MAUVAISE REINE DE POLOGNE DE NOTRE LICHEN","potentialAction":[{"@type":"SearchAction","target":{"@type":"EntryPoint","urlTemplate":"https:\/\/www.lichen.pl\/fr\/?s={search_term_string}"},"query-input":{"@type":"PropertyValueSpecification","valueRequired":true,"valueName":"search_term_string"}}],"inLanguage":"fr-FR"},{"@type":"Person","@id":"https:\/\/www.lichen.pl\/fr\/#\/schema\/person\/682b5cfa2f8a664a298ed0bc19782a02","name":"Biuro Prasowe","image":{"@type":"ImageObject","inLanguage":"fr-FR","@id":"https:\/\/secure.gravatar.com\/avatar\/07fa3449d37670fd38888cb2e3db27aa13df245d811ec65206e44888f202bb53?s=96&d=retro&r=g","url":"https:\/\/secure.gravatar.com\/avatar\/07fa3449d37670fd38888cb2e3db27aa13df245d811ec65206e44888f202bb53?s=96&d=retro&r=g","contentUrl":"https:\/\/secure.gravatar.com\/avatar\/07fa3449d37670fd38888cb2e3db27aa13df245d811ec65206e44888f202bb53?s=96&d=retro&r=g","caption":"Biuro Prasowe"},"sameAs":["http:\/\/www.lichen.pl"],"url":"https:\/\/www.lichen.pl\/fr\/author\/biuro-prasowe\/"}]}},"_links":{"self":[{"href":"https:\/\/www.lichen.pl\/fr\/wp-json\/wp\/v2\/posts\/78393","targetHints":{"allow":["GET"]}}],"collection":[{"href":"https:\/\/www.lichen.pl\/fr\/wp-json\/wp\/v2\/posts"}],"about":[{"href":"https:\/\/www.lichen.pl\/fr\/wp-json\/wp\/v2\/types\/post"}],"author":[{"embeddable":true,"href":"https:\/\/www.lichen.pl\/fr\/wp-json\/wp\/v2\/users\/8"}],"replies":[{"embeddable":true,"href":"https:\/\/www.lichen.pl\/fr\/wp-json\/wp\/v2\/comments?post=78393"}],"version-history":[{"count":9,"href":"https:\/\/www.lichen.pl\/fr\/wp-json\/wp\/v2\/posts\/78393\/revisions"}],"predecessor-version":[{"id":78413,"href":"https:\/\/www.lichen.pl\/fr\/wp-json\/wp\/v2\/posts\/78393\/revisions\/78413"}],"wp:featuredmedia":[{"embeddable":true,"href":"https:\/\/www.lichen.pl\/fr\/wp-json\/wp\/v2\/media\/78401"}],"wp:attachment":[{"href":"https:\/\/www.lichen.pl\/fr\/wp-json\/wp\/v2\/media?parent=78393"}],"wp:term":[{"taxonomy":"category","embeddable":true,"href":"https:\/\/www.lichen.pl\/fr\/wp-json\/wp\/v2\/categories?post=78393"},{"taxonomy":"post_tag","embeddable":true,"href":"https:\/\/www.lichen.pl\/fr\/wp-json\/wp\/v2\/tags?post=78393"}],"curies":[{"name":"wp","href":"https:\/\/api.w.org\/{rel}","templated":true}]}}