{"id":79977,"date":"2025-02-08T18:30:12","date_gmt":"2025-02-08T17:30:12","guid":{"rendered":"https:\/\/www.lichen.pl\/?p=79977"},"modified":"2025-02-08T19:25:36","modified_gmt":"2025-02-08T18:25:36","slug":"jubileusz-wojska-policji-i-sluzb-mundurowych-w-sanktuarium-matki-bozej-lichenskiej","status":"publish","type":"post","link":"https:\/\/www.lichen.pl\/fr\/jubileusz-wojska-policji-i-sluzb-mundurowych-w-sanktuarium-matki-bozej-lichenskiej\/","title":{"rendered":"Jubileusz Wojska, Policji i S\u0142u\u017cb Mundurowych w Sanktuarium Matki Bo\u017cej Liche\u0144skiej"},"content":{"rendered":"<div data-elementor-type=\"wp-post\" data-elementor-id=\"79977\" class=\"elementor elementor-79977\" data-elementor-post-type=\"post\">\n\t\t\t\t\t\t<section class=\"elementor-section elementor-top-section elementor-element elementor-element-8d3255f elementor-section-boxed elementor-section-height-default elementor-section-height-default\" data-id=\"8d3255f\" data-element_type=\"section\" data-e-type=\"section\">\n\t\t\t\t\t\t<div class=\"elementor-container elementor-column-gap-default\">\n\t\t\t\t\t<div class=\"elementor-column elementor-col-100 elementor-top-column elementor-element elementor-element-6a3b456\" data-id=\"6a3b456\" data-element_type=\"column\" data-e-type=\"column\">\n\t\t\t<div class=\"elementor-widget-wrap elementor-element-populated\">\n\t\t\t\t\t\t<div class=\"elementor-element elementor-element-85e777b elementor-widget elementor-widget-text-editor\" data-id=\"85e777b\" data-element_type=\"widget\" data-e-type=\"widget\" data-widget_type=\"text-editor.default\">\n\t\t\t\t<div class=\"elementor-widget-container\">\n\t\t\t\t\t\t\t\t\t<h3>W Sanktuarium Matki Bo\u017cej Liche\u0144skiej odby\u0142a si\u0119 wyj\u0105tkowa uroczysto\u015b\u0107 \u2013 Jubileusz Wojska, Policji i S\u0142u\u017cb Mundurowych. Wydarzenie to zgromadzi\u0142o grono funkcjonariuszy policji, wojska oraz przedstawicieli w\u0142adz samorz\u0105dowych, kt\u00f3rzy wsp\u00f3lnie uczestniczyli w uroczystej Eucharystii.<\/h3>\t\t\t\t\t\t\t\t<\/div>\n\t\t\t\t<\/div>\n\t\t\t\t\t<\/div>\n\t\t<\/div>\n\t\t\t\t\t<\/div>\n\t\t<\/section>\n\t\t\t\t<section class=\"elementor-section elementor-top-section elementor-element elementor-element-cf12666 elementor-section-boxed elementor-section-height-default elementor-section-height-default\" data-id=\"cf12666\" data-element_type=\"section\" data-e-type=\"section\">\n\t\t\t\t\t\t<div class=\"elementor-container elementor-column-gap-default\">\n\t\t\t\t\t<div class=\"elementor-column elementor-col-100 elementor-top-column elementor-element elementor-element-fc0d404\" data-id=\"fc0d404\" data-element_type=\"column\" data-e-type=\"column\">\n\t\t\t<div class=\"elementor-widget-wrap elementor-element-populated\">\n\t\t\t\t\t\t<div class=\"elementor-element elementor-element-b206a52 elementor-widget elementor-widget-heading\" data-id=\"b206a52\" data-element_type=\"widget\" data-e-type=\"widget\" data-widget_type=\"heading.default\">\n\t\t\t\t<div class=\"elementor-widget-container\">\n\t\t\t\t\t<h2 class=\"elementor-heading-title elementor-size-default\">Wprowadzenie poczt\u00f3w sztandarowych i przywitanie go\u015bci<\/h2>\t\t\t\t<\/div>\n\t\t\t\t<\/div>\n\t\t\t\t\t<\/div>\n\t\t<\/div>\n\t\t\t\t\t<\/div>\n\t\t<\/section>\n\t\t\t\t<section class=\"elementor-section elementor-top-section elementor-element elementor-element-02ea4cd elementor-section-boxed elementor-section-height-default elementor-section-height-default\" data-id=\"02ea4cd\" data-element_type=\"section\" data-e-type=\"section\">\n\t\t\t\t\t\t<div class=\"elementor-container elementor-column-gap-default\">\n\t\t\t\t\t<div class=\"elementor-column elementor-col-100 elementor-top-column elementor-element elementor-element-1a3b315\" data-id=\"1a3b315\" data-element_type=\"column\" data-e-type=\"column\">\n\t\t\t<div class=\"elementor-widget-wrap elementor-element-populated\">\n\t\t\t\t\t\t<div class=\"elementor-element elementor-element-ac2f39d elementor-widget elementor-widget-text-editor\" data-id=\"ac2f39d\" data-element_type=\"widget\" data-e-type=\"widget\" data-widget_type=\"text-editor.default\">\n\t\t\t\t<div class=\"elementor-widget-container\">\n\t\t\t\t\t\t\t\t\t<p><span style=\"color: #000000;\">Uroczyst\u0105 Msz\u0119 \u015awi\u0119t\u0105 rozpocz\u0105\u0142 kustosz sanktuarium, ks. S\u0142awomir Homoncik MIC, kt\u00f3ry powita\u0142 <\/span><span style=\"color: #000000;\">wszystkich zgromadzonych:<\/span><\/p><p><em><span style=\"color: #000000;\">\u201eW imieniu Wsp\u00f3lnoty Braci i Ksi\u0119\u017cy Marian\u00f3w, opiekun\u00f3w liche\u0144skiego sanktuarium, bardzo gor\u0105co i\u00a0<\/span><\/em><em><span style=\"color: #000000;\">serdecznie witam wszystkich przyby\u0142ych na t\u0119 po\u0142udniow\u0105 Eucharysti\u0119 sprawowan\u0105 przed \u0142askami\u00a0<\/span><\/em><em><span style=\"color: #000000;\">s\u0142yn\u0105cym wizerunkiem Matki Bo\u017cej Liche\u0144skiej, Bolesnej Kr\u00f3lowej Polski. Dzisiaj w sanktuarium, w\u00a0<\/span><\/em><em><span style=\"color: #000000;\">\u0142\u0105czno\u015bci z papie\u017cem Franciszkiem, prze\u017cywamy Jubileusz Policji, Wojska i S\u0142u\u017cb czuwaj\u0105cych nad\u00a0<\/span><\/em><em><span style=\"color: #000000;\">naszym bezpiecze\u0144stwem.\u201d<\/span><\/em><\/p>\t\t\t\t\t\t\t\t<\/div>\n\t\t\t\t<\/div>\n\t\t\t\t\t<\/div>\n\t\t<\/div>\n\t\t\t\t\t<\/div>\n\t\t<\/section>\n\t\t\t\t<section class=\"elementor-section elementor-top-section elementor-element elementor-element-d64881d elementor-section-boxed elementor-section-height-default elementor-section-height-default\" data-id=\"d64881d\" data-element_type=\"section\" data-e-type=\"section\">\n\t\t\t\t\t\t<div class=\"elementor-container elementor-column-gap-default\">\n\t\t\t\t\t<div class=\"elementor-column elementor-col-100 elementor-top-column elementor-element elementor-element-166b0a4\" data-id=\"166b0a4\" data-element_type=\"column\" data-e-type=\"column\">\n\t\t\t<div class=\"elementor-widget-wrap elementor-element-populated\">\n\t\t\t\t\t\t<div class=\"elementor-element elementor-element-893747a elementor-widget elementor-widget-text-editor\" data-id=\"893747a\" data-element_type=\"widget\" data-e-type=\"widget\" data-widget_type=\"text-editor.default\">\n\t\t\t\t<div class=\"elementor-widget-container\">\n\t\t\t\t\t\t\t\t\t<p><span style=\"color: #000000;\">Nast\u0119pnie wymieni\u0142 obecnych go\u015bci, kt\u00f3rzy przybyli na uroczysto\u015b\u0107, w\u015br\u00f3d nich m.in.:<\/span><\/p>\t\t\t\t\t\t\t\t<\/div>\n\t\t\t\t<\/div>\n\t\t\t\t\t<\/div>\n\t\t<\/div>\n\t\t\t\t\t<\/div>\n\t\t<\/section>\n\t\t\t\t<section class=\"elementor-section elementor-top-section elementor-element elementor-element-b45ab09 elementor-section-boxed elementor-section-height-default elementor-section-height-default\" data-id=\"b45ab09\" data-element_type=\"section\" data-e-type=\"section\">\n\t\t\t\t\t\t<div class=\"elementor-container elementor-column-gap-default\">\n\t\t\t\t\t<div class=\"elementor-column elementor-col-100 elementor-top-column elementor-element elementor-element-5c94d6f\" data-id=\"5c94d6f\" data-element_type=\"column\" data-e-type=\"column\">\n\t\t\t<div class=\"elementor-widget-wrap elementor-element-populated\">\n\t\t\t\t\t\t<div class=\"elementor-element elementor-element-a3a99e8 elementor-widget elementor-widget-text-editor\" data-id=\"a3a99e8\" data-element_type=\"widget\" data-e-type=\"widget\" data-widget_type=\"text-editor.default\">\n\t\t\t\t<div class=\"elementor-widget-container\">\n\t\t\t\t\t\t\t\t\t<p><span style=\"color: #000000;\">\u25aa\ufe0fChor\u0105giew Wojska Polskiego Trzeciego Skrzyd\u0142a Lotnictwa Transportowego im. pu\u0142kownik <\/span><span style=\"color: #000000;\">pilota Boles\u0142awa Orli\u0144skiego z Powidza,<\/span><br \/><span style=\"color: #000000;\">\u25aa\ufe0f\u00a0Poczet sztandarowy Komendy Miejskiej Policji w Koninie<\/span><br \/><span style=\"color: #000000;\">\u25aa\ufe0f\u00a0Pierwszego Zast\u0119pc\u0119 Komendanta Komendy Miejskiej Policji w Koninie m\u0142. insp. Jack <\/span><span style=\"color: #000000;\">Kudli\u0144skiego,<\/span><br \/><span style=\"color: #000000;\">\u25aa\ufe0f Naczelnika Wydzia\u0142u Prezydialnego Komendy Wojew\u00f3dzkiej Policji we Wroc\u0142awiu nadkom <\/span><span style=\"color: #000000;\">Arkadiusza Majcherka,<\/span><br \/><span style=\"color: #000000;\">\u25aa\ufe0f\u00a0Zast\u0119pc\u0119 naczelnika tego wydzia\u0142u kom. Mariusza Modelskiego<\/span><\/p><p><span style=\"color: #000000;\">\u25aa\ufe0f Przedstawicieli Dow\u00f3dztwa 3. Skrzyd\u0142a Lotnictwa Transportowego kpt. Ewelin\u0119 Ku\u015bmierek i sier\u017c. Adrian <\/span><span style=\"color: #000000;\">Ku\u015bmierka,<\/span><br \/><span style=\"color: #000000;\">\u25aa\ufe0f Przedstawicieli 33. Bazy Lotnictwa Transportowego w Powidzu: st. chor. sztab. Tomasz <\/span><span style=\"color: #000000;\">J\u0119drzejaka i st. chor. sztab. Paw\u0142a D\u0119biaka,<\/span><br \/><span style=\"color: #000000;\">\u25aa\ufe0f\u00a0Kapelan\u00f3w Policji i Wojska, w tym ks. S\u0142awomira Kasprzaka z Konina, ojca kapelana Arnold <\/span><span style=\"color: #000000;\">Liebiga z Komendy Powiatowej Policji w Otwocku oraz ks. Jacka Kuziela, kapelana Komendy\u00a0<\/span><span style=\"color: #000000;\">Sto\u0142ecznej Policji w Warszawie,<\/span><br \/><span style=\"color: #000000;\">\u25aa\ufe0f\u00a0Przedstawicieli w\u0142adz samorz\u0105dowych: burmistrza \u015alesina Piotra Maciejewskiego, burmistrz <\/span><span style=\"color: #000000;\">Sompolna Waldemara Marciniaka oraz w\u00f3jta Kramska Andrzeja Nowaka.<\/span><\/p>\t\t\t\t\t\t\t\t<\/div>\n\t\t\t\t<\/div>\n\t\t\t\t\t<\/div>\n\t\t<\/div>\n\t\t\t\t\t<\/div>\n\t\t<\/section>\n\t\t\t\t<section class=\"elementor-section elementor-top-section elementor-element elementor-element-6f0a46b elementor-section-boxed elementor-section-height-default elementor-section-height-default\" data-id=\"6f0a46b\" data-element_type=\"section\" data-e-type=\"section\">\n\t\t\t\t\t\t<div class=\"elementor-container elementor-column-gap-default\">\n\t\t\t\t\t<div class=\"elementor-column elementor-col-100 elementor-top-column elementor-element elementor-element-b75a919\" data-id=\"b75a919\" data-element_type=\"column\" data-e-type=\"column\">\n\t\t\t<div class=\"elementor-widget-wrap elementor-element-populated\">\n\t\t\t\t\t\t<div class=\"elementor-element elementor-element-8ed93cc elementor-widget elementor-widget-text-editor\" data-id=\"8ed93cc\" data-element_type=\"widget\" data-e-type=\"widget\" data-widget_type=\"text-editor.default\">\n\t\t\t\t<div class=\"elementor-widget-container\">\n\t\t\t\t\t\t\t\t\t<p><span style=\"color: #000000;\">Muzyczn\u0105 pos\u0142ug\u0119 podczas Mszy \u015awi\u0119tej sprawowa\u0142a Orkiestra Komendy Wojew\u00f3dzkiej Policji we\u00a0<\/span><span style=\"color: #000000;\">Wroc\u0142awiu pod batut\u0105 kapelmistrza m\u0142. insp. Adama Witiwa. W procesji z darami do o\u0142tarza przyst\u0105pili\u00a0<\/span><span style=\"color: #000000;\">uczniowie z Zespo\u0142u Szk\u00f3\u0142 Og\u00f3lnokszta\u0142c\u0105cych i Technicznych w Sompolnie, kt\u00f3rzy reprezentowali\u00a0<\/span><span style=\"color: #000000;\">m\u0142odzie\u017c z klas o profilu przygotowania wojskowego.<\/span><\/p>\t\t\t\t\t\t\t\t<\/div>\n\t\t\t\t<\/div>\n\t\t\t\t\t<\/div>\n\t\t<\/div>\n\t\t\t\t\t<\/div>\n\t\t<\/section>\n\t\t\t\t<section class=\"elementor-section elementor-top-section elementor-element elementor-element-6ebe660 elementor-section-boxed elementor-section-height-default elementor-section-height-default\" data-id=\"6ebe660\" data-element_type=\"section\" data-e-type=\"section\">\n\t\t\t\t\t\t<div class=\"elementor-container elementor-column-gap-default\">\n\t\t\t\t\t<div class=\"elementor-column elementor-col-100 elementor-top-column elementor-element elementor-element-4fa685c\" data-id=\"4fa685c\" data-element_type=\"column\" data-e-type=\"column\">\n\t\t\t<div class=\"elementor-widget-wrap elementor-element-populated\">\n\t\t\t\t\t\t<div class=\"elementor-element elementor-element-b4fe8bc elementor-widget elementor-widget-heading\" data-id=\"b4fe8bc\" data-element_type=\"widget\" data-e-type=\"widget\" data-widget_type=\"heading.default\">\n\t\t\t\t<div class=\"elementor-widget-container\">\n\t\t\t\t\t<h2 class=\"elementor-heading-title elementor-size-default\">Refleksja nad s\u0142u\u017cb\u0105 \u2013 S\u0142owo Bo\u017ce i homilia<\/h2>\t\t\t\t<\/div>\n\t\t\t\t<\/div>\n\t\t\t\t\t<\/div>\n\t\t<\/div>\n\t\t\t\t\t<\/div>\n\t\t<\/section>\n\t\t\t\t<section class=\"elementor-section elementor-top-section elementor-element elementor-element-9e0b483 elementor-section-boxed elementor-section-height-default elementor-section-height-default\" data-id=\"9e0b483\" data-element_type=\"section\" data-e-type=\"section\">\n\t\t\t\t\t\t<div class=\"elementor-container elementor-column-gap-default\">\n\t\t\t\t\t<div class=\"elementor-column elementor-col-100 elementor-top-column elementor-element elementor-element-9b2a8b6\" data-id=\"9b2a8b6\" data-element_type=\"column\" data-e-type=\"column\">\n\t\t\t<div class=\"elementor-widget-wrap elementor-element-populated\">\n\t\t\t\t\t\t<div class=\"elementor-element elementor-element-9ef481c elementor-widget elementor-widget-text-editor\" data-id=\"9ef481c\" data-element_type=\"widget\" data-e-type=\"widget\" data-widget_type=\"text-editor.default\">\n\t\t\t\t<div class=\"elementor-widget-container\">\n\t\t\t\t\t\t\t\t\t<p><span style=\"color: #000000;\">Mszy \u015awi\u0119tej przewodniczy\u0142 ks. kapelan S\u0142awomir Kasprzak, kt\u00f3ry zach\u0119ci\u0142, aby podczas liturgii skupi\u0107\u00a0<\/span><span style=\"color: #000000;\">si\u0119 na intencjach, z jakimi wszyscy tego dnia przybyli do bazyliki.<\/span><\/p>\t\t\t\t\t\t\t\t<\/div>\n\t\t\t\t<\/div>\n\t\t\t\t\t<\/div>\n\t\t<\/div>\n\t\t\t\t\t<\/div>\n\t\t<\/section>\n\t\t\t\t<section class=\"elementor-section elementor-top-section elementor-element elementor-element-266ce13 elementor-section-boxed elementor-section-height-default elementor-section-height-default\" data-id=\"266ce13\" data-element_type=\"section\" data-e-type=\"section\">\n\t\t\t\t\t\t<div class=\"elementor-container elementor-column-gap-default\">\n\t\t\t\t\t<div class=\"elementor-column elementor-col-100 elementor-top-column elementor-element elementor-element-a6ffba0\" data-id=\"a6ffba0\" data-element_type=\"column\" data-e-type=\"column\">\n\t\t\t<div class=\"elementor-widget-wrap elementor-element-populated\">\n\t\t\t\t\t\t<div class=\"elementor-element elementor-element-c05bb73 elementor-widget elementor-widget-text-editor\" data-id=\"c05bb73\" data-element_type=\"widget\" data-e-type=\"widget\" data-widget_type=\"text-editor.default\">\n\t\t\t\t<div class=\"elementor-widget-container\">\n\t\t\t\t\t\t\t\t\t<p><span style=\"color: #000000;\">Homili\u0119 wyg\u0142osi\u0142 ks. kustosz S\u0142awomir Homoncik MIC. Odwo\u0142a\u0142 si\u0119 do S\u0142owa Bo\u017cego, podkre\u015blaj\u0105c\u00a0<\/span><span style=\"color: #000000;\">znaczenie s\u0142u\u017cby dla spo\u0142ecze\u0144stwa:<\/span><\/p><p><em><span style=\"color: #000000;\">M\u00f3wimy, \u017ce czas roku jubileuszowego to czas \u0142aski. My\u015bl\u0119, \u017ce to jest ogromna dla nas \u0142aska, kiedy\u00a0<\/span><\/em><em><span style=\"color: #000000;\">gromadz\u0105c si\u0119 w tej \u015bwi\u0105tyni, dostajemy takie konkretne S\u0142owo, kt\u00f3re mobilizuje nas wszystkich do troski\u00a0<\/span><\/em><em><span style=\"color: #000000;\">o siebie nawzajem. Nie zapominajcie o dobroczynno\u015bci i wzajemnej pomocy.<\/span><\/em><\/p>\t\t\t\t\t\t\t\t<\/div>\n\t\t\t\t<\/div>\n\t\t\t\t\t<\/div>\n\t\t<\/div>\n\t\t\t\t\t<\/div>\n\t\t<\/section>\n\t\t\t\t<section class=\"elementor-section elementor-top-section elementor-element elementor-element-cbe77e6 elementor-section-boxed elementor-section-height-default elementor-section-height-default\" data-id=\"cbe77e6\" data-element_type=\"section\" data-e-type=\"section\">\n\t\t\t\t\t\t<div class=\"elementor-container elementor-column-gap-default\">\n\t\t\t\t\t<div class=\"elementor-column elementor-col-100 elementor-top-column elementor-element elementor-element-040d289\" data-id=\"040d289\" data-element_type=\"column\" data-e-type=\"column\">\n\t\t\t<div class=\"elementor-widget-wrap elementor-element-populated\">\n\t\t\t\t\t\t<div class=\"elementor-element elementor-element-e527c17 elementor-widget elementor-widget-text-editor\" data-id=\"e527c17\" data-element_type=\"widget\" data-e-type=\"widget\" data-widget_type=\"text-editor.default\">\n\t\t\t\t<div class=\"elementor-widget-container\">\n\t\t\t\t\t\t\t\t\t<p><span style=\"color: #000000;\">Nawi\u0105za\u0142 r\u00f3wnie\u017c do Ewangelii, wskazuj\u0105c na potrzeb\u0119 odpoczynku i refleksji w trudnej s\u0142u\u017cbie:<\/span><\/p><p><em><span style=\"color: #000000;\">Gdy Jezus m\u00f3wi do swoich uczni\u00f3w, kt\u00f3rzy wr\u00f3cili z misji realizacji swojego powo\u0142ania: \u201eId\u017acie osobno i\u00a0<\/span><\/em><em><span style=\"color: #000000;\">wypocznijcie nieco\u201d, zaleca im: Odpocznijcie czasem. Nie zap\u0119dzajcie si\u0119 zbyt mocno.<\/span><\/em><\/p>\t\t\t\t\t\t\t\t<\/div>\n\t\t\t\t<\/div>\n\t\t\t\t\t<\/div>\n\t\t<\/div>\n\t\t\t\t\t<\/div>\n\t\t<\/section>\n\t\t\t\t<section class=\"elementor-section elementor-top-section elementor-element elementor-element-cd16ca7 elementor-section-boxed elementor-section-height-default elementor-section-height-default\" data-id=\"cd16ca7\" data-element_type=\"section\" data-e-type=\"section\">\n\t\t\t\t\t\t<div class=\"elementor-container elementor-column-gap-default\">\n\t\t\t\t\t<div class=\"elementor-column elementor-col-100 elementor-top-column elementor-element elementor-element-f6b9955\" data-id=\"f6b9955\" data-element_type=\"column\" data-e-type=\"column\">\n\t\t\t<div class=\"elementor-widget-wrap elementor-element-populated\">\n\t\t\t\t\t\t<div class=\"elementor-element elementor-element-70d35b4 elementor-widget elementor-widget-text-editor\" data-id=\"70d35b4\" data-element_type=\"widget\" data-e-type=\"widget\" data-widget_type=\"text-editor.default\">\n\t\t\t\t<div class=\"elementor-widget-container\">\n\t\t\t\t\t\t\t\t\t<p><span style=\"color: #000000;\">Podkre\u015bli\u0142 tak\u017ce rol\u0119 empatii i otwarto\u015bci na drugiego cz\u0142owieka:<\/span><\/p><p><em><span style=\"color: #000000;\">Patrze\u0107 w oczy i widzie\u0107 w sercu cz\u0142owieka co\u015b, co jest pi\u0119kne, dobre, wspania\u0142e, co jest Bo\u017ce. I wtedy\u00a0<\/span><span style=\"color: #000000;\">mo\u017cna by\u0107 takiej osobie uleg\u0142ym.<\/span><\/em><\/p>\t\t\t\t\t\t\t\t<\/div>\n\t\t\t\t<\/div>\n\t\t\t\t\t<\/div>\n\t\t<\/div>\n\t\t\t\t\t<\/div>\n\t\t<\/section>\n\t\t\t\t<section class=\"elementor-section elementor-top-section elementor-element elementor-element-9d6cd05 elementor-section-boxed elementor-section-height-default elementor-section-height-default\" data-id=\"9d6cd05\" data-element_type=\"section\" data-e-type=\"section\">\n\t\t\t\t\t\t<div class=\"elementor-container elementor-column-gap-default\">\n\t\t\t\t\t<div class=\"elementor-column elementor-col-100 elementor-top-column elementor-element elementor-element-814d2f7\" data-id=\"814d2f7\" data-element_type=\"column\" data-e-type=\"column\">\n\t\t\t<div class=\"elementor-widget-wrap elementor-element-populated\">\n\t\t\t\t\t\t<div class=\"elementor-element elementor-element-12d8b18 elementor-widget elementor-widget-text-editor\" data-id=\"12d8b18\" data-element_type=\"widget\" data-e-type=\"widget\" data-widget_type=\"text-editor.default\">\n\t\t\t\t<div class=\"elementor-widget-container\">\n\t\t\t\t\t\t\t\t\t<p><span style=\"color: #000000;\">Ks. Homoncik zaznaczy\u0142, \u017ce s\u0142u\u017cba w mundurze to nie tylko obowi\u0105zek, ale tak\u017ce misja, kt\u00f3ra wymaga\u00a0<\/span><span style=\"color: #000000;\">wewn\u0119trznej si\u0142y i warto\u015bci moralnych:<\/span><\/p><p><em><span style=\"color: #000000;\">Drodzy \u017co\u0142nierze, policjanci, wszyscy ci, \u0142\u0105cznie z przedstawicielami w\u0142adz, kt\u00f3rzy czuwacie nad naszym\u00a0<\/span><\/em><em style=\"color: var( --e-global-color-text ); font-family: var( --e-global-typography-text-font-family ), aleo;\"><span style=\"color: #000000;\">bezpiecze\u0144stwem, oby wszyscy ci, kt\u00f3rzy patrz\u0105 w wasze oczy, mogli dostrzec kogo\u015b, do kogo mog\u0105 si\u0119\u00a0<\/span><\/em><em style=\"color: var( --e-global-color-text ); font-family: var( --e-global-typography-text-font-family ), aleo;\"><span style=\"color: #000000;\">zwr\u00f3ci\u0107 o pomoc. Oby potrafili dostrzec w waszych sercach zdolno\u015b\u0107 do kochania, mi\u0142osierdzie, dobro\u0107,\u00a0<\/span><\/em><em style=\"color: var( --e-global-color-text ); font-family: var( --e-global-typography-text-font-family ), aleo;\"><span style=\"color: #000000;\">ofiarno\u015b\u0107.<\/span><\/em><\/p>\t\t\t\t\t\t\t\t<\/div>\n\t\t\t\t<\/div>\n\t\t\t\t\t<\/div>\n\t\t<\/div>\n\t\t\t\t\t<\/div>\n\t\t<\/section>\n\t\t\t\t<section class=\"elementor-section elementor-top-section elementor-element elementor-element-e25c79f elementor-section-boxed elementor-section-height-default elementor-section-height-default\" data-id=\"e25c79f\" data-element_type=\"section\" data-e-type=\"section\">\n\t\t\t\t\t\t<div class=\"elementor-container elementor-column-gap-default\">\n\t\t\t\t\t<div class=\"elementor-column elementor-col-100 elementor-top-column elementor-element elementor-element-bb668ea\" data-id=\"bb668ea\" data-element_type=\"column\" data-e-type=\"column\">\n\t\t\t<div class=\"elementor-widget-wrap elementor-element-populated\">\n\t\t\t\t\t\t<div class=\"elementor-element elementor-element-67d18a6 elementor-widget elementor-widget-text-editor\" data-id=\"67d18a6\" data-element_type=\"widget\" data-e-type=\"widget\" data-widget_type=\"text-editor.default\">\n\t\t\t\t<div class=\"elementor-widget-container\">\n\t\t\t\t\t\t\t\t\t<p><span style=\"color: #000000;\">Na zako\u0144czenie wyrazi\u0142 \u017cyczenia i podzi\u0119kowania wszystkim zebranym:<\/span><\/p><p><span style=\"color: #000000;\"><em>Oby nasze serca by\u0142y takie bogate w dobro\u0107 i mi\u0142o\u015b\u0107. Tego wam \u017cyczymy, waszym rodzinom i o to tak\u017ce\u00a0<\/em><\/span><span style=\"color: #000000;\"><em>chcemy si\u0119 modli\u0107.<\/em><\/span><\/p>\t\t\t\t\t\t\t\t<\/div>\n\t\t\t\t<\/div>\n\t\t\t\t\t<\/div>\n\t\t<\/div>\n\t\t\t\t\t<\/div>\n\t\t<\/section>\n\t\t\t\t<section class=\"elementor-section elementor-top-section elementor-element elementor-element-77cf963 elementor-section-boxed elementor-section-height-default elementor-section-height-default\" data-id=\"77cf963\" data-element_type=\"section\" data-e-type=\"section\">\n\t\t\t\t\t\t<div class=\"elementor-container elementor-column-gap-default\">\n\t\t\t\t\t<div class=\"elementor-column elementor-col-100 elementor-top-column elementor-element elementor-element-3c956d2\" data-id=\"3c956d2\" data-element_type=\"column\" data-e-type=\"column\">\n\t\t\t<div class=\"elementor-widget-wrap elementor-element-populated\">\n\t\t\t\t\t\t<div class=\"elementor-element elementor-element-735d314 elementor-widget elementor-widget-heading\" data-id=\"735d314\" data-element_type=\"widget\" data-e-type=\"widget\" data-widget_type=\"heading.default\">\n\t\t\t\t<div class=\"elementor-widget-container\">\n\t\t\t\t\t<h2 class=\"elementor-heading-title elementor-size-default\">Zwie\u0144czenie jubileuszowych obchod\u00f3w<\/h2>\t\t\t\t<\/div>\n\t\t\t\t<\/div>\n\t\t\t\t\t<\/div>\n\t\t<\/div>\n\t\t\t\t\t<\/div>\n\t\t<\/section>\n\t\t\t\t<section class=\"elementor-section elementor-top-section elementor-element elementor-element-8761463 elementor-section-boxed elementor-section-height-default elementor-section-height-default\" data-id=\"8761463\" data-element_type=\"section\" data-e-type=\"section\">\n\t\t\t\t\t\t<div class=\"elementor-container elementor-column-gap-default\">\n\t\t\t\t\t<div class=\"elementor-column elementor-col-100 elementor-top-column elementor-element elementor-element-59c1bb5\" data-id=\"59c1bb5\" data-element_type=\"column\" data-e-type=\"column\">\n\t\t\t<div class=\"elementor-widget-wrap elementor-element-populated\">\n\t\t\t\t\t\t<div class=\"elementor-element elementor-element-d7503f1 elementor-widget elementor-widget-text-editor\" data-id=\"d7503f1\" data-element_type=\"widget\" data-e-type=\"widget\" data-widget_type=\"text-editor.default\">\n\t\t\t\t<div class=\"elementor-widget-container\">\n\t\t\t\t\t\t\t\t\t<p><span style=\"color: #000000;\">Msza \u015awi\u0119ta jubileuszowa by\u0142a nie tylko czasem modlitwy, ale r\u00f3wnie\u017c okazj\u0105 do podzi\u0119kowa\u0144 i refleksji\u00a0<\/span><span style=\"color: #000000;\">nad s\u0142u\u017cb\u0105 dla Ojczyzny.<\/span><\/p><p><span style=\"color: #000000;\">Obecno\u015b\u0107 licznych przedstawicieli s\u0142u\u017cb mundurowych, duchowie\u0144stwa oraz w\u0142adz samorz\u0105dowych\u00a0<\/span><span style=\"color: #000000;\">podkre\u015bli\u0142a rang\u0119 wydarzenia i jego znaczenie dla wsp\u00f3lnoty wiernych. Uroczysto\u015b\u0107 zako\u0144czy\u0142a si\u0119\u00a0<\/span><span style=\"color: #000000;\">b\u0142ogos\u0142awie\u0144stwem i wsp\u00f3ln\u0105 modlitw\u0105 za wszystkich funkcjonariuszy, \u017co\u0142nierzy oraz ich rodziny.<\/span><\/p>\t\t\t\t\t\t\t\t<\/div>\n\t\t\t\t<\/div>\n\t\t\t\t\t<\/div>\n\t\t<\/div>\n\t\t\t\t\t<\/div>\n\t\t<\/section>\n\t\t\t\t<section class=\"elementor-section elementor-top-section elementor-element elementor-element-12c4789 elementor-section-boxed elementor-section-height-default elementor-section-height-default\" data-id=\"12c4789\" data-element_type=\"section\" data-e-type=\"section\">\n\t\t\t\t\t\t<div class=\"elementor-container elementor-column-gap-default\">\n\t\t\t\t\t<div class=\"elementor-column elementor-col-100 elementor-top-column elementor-element elementor-element-cd25461\" data-id=\"cd25461\" data-element_type=\"column\" data-e-type=\"column\">\n\t\t\t<div class=\"elementor-widget-wrap elementor-element-populated\">\n\t\t\t\t\t\t<div class=\"elementor-element elementor-element-271e573 elementor-widget elementor-widget-image-gallery\" data-id=\"271e573\" data-element_type=\"widget\" data-e-type=\"widget\" data-widget_type=\"image-gallery.default\">\n\t\t\t\t<div class=\"elementor-widget-container\">\n\t\t\t\t\t\t\t<div class=\"elementor-image-gallery\">\n\t\t\t<div id='gallery-1' class='gallery galleryid-79977 gallery-columns-4 gallery-size-medium'><figure class='gallery-item'>\n\t\t\t<div class='gallery-icon landscape'>\n\t\t\t\t<a data-elementor-open-lightbox=\"yes\" data-elementor-lightbox-slideshow=\"271e573\" data-elementor-lightbox-title=\"Jubileusz_wojska_policji (1)\" data-e-action-hash=\"#elementor-action%3Aaction%3Dlightbox%26settings%3DeyJpZCI6Nzk5NzgsInVybCI6Imh0dHBzOlwvXC93d3cubGljaGVuLnBsXC93cC1jb250ZW50XC91cGxvYWRzXC8yMDI1XC8wMlwvSnViaWxldXN6X3dvanNrYV9wb2xpY2ppLTEuanBnIiwic2xpZGVzaG93IjoiMjcxZTU3MyJ9\" href='https:\/\/www.lichen.pl\/wp-content\/uploads\/2025\/02\/Jubileusz_wojska_policji-1.jpg'><img fetchpriority=\"high\" width=\"300\" height=\"200\" src=\"https:\/\/www.lichen.pl\/wp-content\/uploads\/2025\/02\/Jubileusz_wojska_policji-1-300x200.jpg\" class=\"attachment-medium size-medium\" alt=\"\" decoding=\"async\" srcset=\"https:\/\/www.lichen.pl\/wp-content\/uploads\/2025\/02\/Jubileusz_wojska_policji-1-300x200.jpg 300w, https:\/\/www.lichen.pl\/wp-content\/uploads\/2025\/02\/Jubileusz_wojska_policji-1-800x533.jpg 800w, https:\/\/www.lichen.pl\/wp-content\/uploads\/2025\/02\/Jubileusz_wojska_policji-1-1024x683.jpg 1024w, https:\/\/www.lichen.pl\/wp-content\/uploads\/2025\/02\/Jubileusz_wojska_policji-1-768x512.jpg 768w, https:\/\/www.lichen.pl\/wp-content\/uploads\/2025\/02\/Jubileusz_wojska_policji-1-1536x1024.jpg 1536w, https:\/\/www.lichen.pl\/wp-content\/uploads\/2025\/02\/Jubileusz_wojska_policji-1-2048x1365.jpg 2048w, https:\/\/www.lichen.pl\/wp-content\/uploads\/2025\/02\/Jubileusz_wojska_policji-1-18x12.jpg 18w, https:\/\/www.lichen.pl\/wp-content\/uploads\/2025\/02\/Jubileusz_wojska_policji-1.jpg 1920w\" sizes=\"(max-width: 300px) 100vw, 300px\" \/><\/a>\n\t\t\t<\/div><\/figure><figure class='gallery-item'>\n\t\t\t<div class='gallery-icon landscape'>\n\t\t\t\t<a data-elementor-open-lightbox=\"yes\" data-elementor-lightbox-slideshow=\"271e573\" data-elementor-lightbox-title=\"Jubileusz_wojska_policji (2)\" data-e-action-hash=\"#elementor-action%3Aaction%3Dlightbox%26settings%3DeyJpZCI6Nzk5NzksInVybCI6Imh0dHBzOlwvXC93d3cubGljaGVuLnBsXC93cC1jb250ZW50XC91cGxvYWRzXC8yMDI1XC8wMlwvSnViaWxldXN6X3dvanNrYV9wb2xpY2ppLTIuanBnIiwic2xpZGVzaG93IjoiMjcxZTU3MyJ9\" href='https:\/\/www.lichen.pl\/wp-content\/uploads\/2025\/02\/Jubileusz_wojska_policji-2.jpg'><img width=\"300\" height=\"200\" src=\"https:\/\/www.lichen.pl\/wp-content\/uploads\/2025\/02\/Jubileusz_wojska_policji-2-300x200.jpg\" class=\"attachment-medium size-medium\" alt=\"\" decoding=\"async\" srcset=\"https:\/\/www.lichen.pl\/wp-content\/uploads\/2025\/02\/Jubileusz_wojska_policji-2-300x200.jpg 300w, https:\/\/www.lichen.pl\/wp-content\/uploads\/2025\/02\/Jubileusz_wojska_policji-2-800x533.jpg 800w, https:\/\/www.lichen.pl\/wp-content\/uploads\/2025\/02\/Jubileusz_wojska_policji-2-1024x683.jpg 1024w, https:\/\/www.lichen.pl\/wp-content\/uploads\/2025\/02\/Jubileusz_wojska_policji-2-768x512.jpg 768w, https:\/\/www.lichen.pl\/wp-content\/uploads\/2025\/02\/Jubileusz_wojska_policji-2-1536x1024.jpg 1536w, https:\/\/www.lichen.pl\/wp-content\/uploads\/2025\/02\/Jubileusz_wojska_policji-2-2048x1365.jpg 2048w, https:\/\/www.lichen.pl\/wp-content\/uploads\/2025\/02\/Jubileusz_wojska_policji-2-18x12.jpg 18w, https:\/\/www.lichen.pl\/wp-content\/uploads\/2025\/02\/Jubileusz_wojska_policji-2.jpg 1920w\" sizes=\"(max-width: 300px) 100vw, 300px\" \/><\/a>\n\t\t\t<\/div><\/figure><figure class='gallery-item'>\n\t\t\t<div class='gallery-icon landscape'>\n\t\t\t\t<a data-elementor-open-lightbox=\"yes\" data-elementor-lightbox-slideshow=\"271e573\" data-elementor-lightbox-title=\"Jubileusz_wojska_policji (3)\" data-e-action-hash=\"#elementor-action%3Aaction%3Dlightbox%26settings%3DeyJpZCI6Nzk5ODAsInVybCI6Imh0dHBzOlwvXC93d3cubGljaGVuLnBsXC93cC1jb250ZW50XC91cGxvYWRzXC8yMDI1XC8wMlwvSnViaWxldXN6X3dvanNrYV9wb2xpY2ppLTMuanBnIiwic2xpZGVzaG93IjoiMjcxZTU3MyJ9\" href='https:\/\/www.lichen.pl\/wp-content\/uploads\/2025\/02\/Jubileusz_wojska_policji-3.jpg'><img width=\"300\" height=\"200\" src=\"https:\/\/www.lichen.pl\/wp-content\/uploads\/2025\/02\/Jubileusz_wojska_policji-3-300x200.jpg\" class=\"attachment-medium size-medium\" alt=\"\" decoding=\"async\" srcset=\"https:\/\/www.lichen.pl\/wp-content\/uploads\/2025\/02\/Jubileusz_wojska_policji-3-300x200.jpg 300w, https:\/\/www.lichen.pl\/wp-content\/uploads\/2025\/02\/Jubileusz_wojska_policji-3-800x533.jpg 800w, https:\/\/www.lichen.pl\/wp-content\/uploads\/2025\/02\/Jubileusz_wojska_policji-3-1024x683.jpg 1024w, https:\/\/www.lichen.pl\/wp-content\/uploads\/2025\/02\/Jubileusz_wojska_policji-3-768x512.jpg 768w, https:\/\/www.lichen.pl\/wp-content\/uploads\/2025\/02\/Jubileusz_wojska_policji-3-1536x1024.jpg 1536w, https:\/\/www.lichen.pl\/wp-content\/uploads\/2025\/02\/Jubileusz_wojska_policji-3-2048x1365.jpg 2048w, https:\/\/www.lichen.pl\/wp-content\/uploads\/2025\/02\/Jubileusz_wojska_policji-3-18x12.jpg 18w, https:\/\/www.lichen.pl\/wp-content\/uploads\/2025\/02\/Jubileusz_wojska_policji-3.jpg 1920w\" sizes=\"(max-width: 300px) 100vw, 300px\" \/><\/a>\n\t\t\t<\/div><\/figure><figure class='gallery-item'>\n\t\t\t<div class='gallery-icon landscape'>\n\t\t\t\t<a data-elementor-open-lightbox=\"yes\" data-elementor-lightbox-slideshow=\"271e573\" data-elementor-lightbox-title=\"Jubileusz_wojska_policji (4)\" data-e-action-hash=\"#elementor-action%3Aaction%3Dlightbox%26settings%3DeyJpZCI6Nzk5ODEsInVybCI6Imh0dHBzOlwvXC93d3cubGljaGVuLnBsXC93cC1jb250ZW50XC91cGxvYWRzXC8yMDI1XC8wMlwvSnViaWxldXN6X3dvanNrYV9wb2xpY2ppLTQuanBnIiwic2xpZGVzaG93IjoiMjcxZTU3MyJ9\" href='https:\/\/www.lichen.pl\/wp-content\/uploads\/2025\/02\/Jubileusz_wojska_policji-4.jpg'><img loading=\"lazy\" width=\"300\" height=\"200\" src=\"https:\/\/www.lichen.pl\/wp-content\/uploads\/2025\/02\/Jubileusz_wojska_policji-4-300x200.jpg\" class=\"attachment-medium size-medium\" alt=\"\" decoding=\"async\" srcset=\"https:\/\/www.lichen.pl\/wp-content\/uploads\/2025\/02\/Jubileusz_wojska_policji-4-300x200.jpg 300w, https:\/\/www.lichen.pl\/wp-content\/uploads\/2025\/02\/Jubileusz_wojska_policji-4-800x534.jpg 800w, https:\/\/www.lichen.pl\/wp-content\/uploads\/2025\/02\/Jubileusz_wojska_policji-4-1024x683.jpg 1024w, https:\/\/www.lichen.pl\/wp-content\/uploads\/2025\/02\/Jubileusz_wojska_policji-4-768x512.jpg 768w, https:\/\/www.lichen.pl\/wp-content\/uploads\/2025\/02\/Jubileusz_wojska_policji-4-1536x1024.jpg 1536w, https:\/\/www.lichen.pl\/wp-content\/uploads\/2025\/02\/Jubileusz_wojska_policji-4-2048x1365.jpg 2048w, https:\/\/www.lichen.pl\/wp-content\/uploads\/2025\/02\/Jubileusz_wojska_policji-4-18x12.jpg 18w, https:\/\/www.lichen.pl\/wp-content\/uploads\/2025\/02\/Jubileusz_wojska_policji-4.jpg 1600w\" sizes=\"(max-width: 300px) 100vw, 300px\" \/><\/a>\n\t\t\t<\/div><\/figure><figure class='gallery-item'>\n\t\t\t<div class='gallery-icon landscape'>\n\t\t\t\t<a data-elementor-open-lightbox=\"yes\" data-elementor-lightbox-slideshow=\"271e573\" data-elementor-lightbox-title=\"Jubileusz_wojska_policji (5)\" data-e-action-hash=\"#elementor-action%3Aaction%3Dlightbox%26settings%3DeyJpZCI6Nzk5ODIsInVybCI6Imh0dHBzOlwvXC93d3cubGljaGVuLnBsXC93cC1jb250ZW50XC91cGxvYWRzXC8yMDI1XC8wMlwvSnViaWxldXN6X3dvanNrYV9wb2xpY2ppLTUuanBnIiwic2xpZGVzaG93IjoiMjcxZTU3MyJ9\" href='https:\/\/www.lichen.pl\/wp-content\/uploads\/2025\/02\/Jubileusz_wojska_policji-5.jpg'><img loading=\"lazy\" width=\"300\" height=\"200\" src=\"https:\/\/www.lichen.pl\/wp-content\/uploads\/2025\/02\/Jubileusz_wojska_policji-5-300x200.jpg\" class=\"attachment-medium size-medium\" alt=\"\" decoding=\"async\" srcset=\"https:\/\/www.lichen.pl\/wp-content\/uploads\/2025\/02\/Jubileusz_wojska_policji-5-300x200.jpg 300w, https:\/\/www.lichen.pl\/wp-content\/uploads\/2025\/02\/Jubileusz_wojska_policji-5-800x534.jpg 800w, https:\/\/www.lichen.pl\/wp-content\/uploads\/2025\/02\/Jubileusz_wojska_policji-5-1024x683.jpg 1024w, https:\/\/www.lichen.pl\/wp-content\/uploads\/2025\/02\/Jubileusz_wojska_policji-5-768x512.jpg 768w, https:\/\/www.lichen.pl\/wp-content\/uploads\/2025\/02\/Jubileusz_wojska_policji-5-1536x1024.jpg 1536w, https:\/\/www.lichen.pl\/wp-content\/uploads\/2025\/02\/Jubileusz_wojska_policji-5-2048x1365.jpg 2048w, https:\/\/www.lichen.pl\/wp-content\/uploads\/2025\/02\/Jubileusz_wojska_policji-5-18x12.jpg 18w, https:\/\/www.lichen.pl\/wp-content\/uploads\/2025\/02\/Jubileusz_wojska_policji-5.jpg 1600w\" sizes=\"(max-width: 300px) 100vw, 300px\" \/><\/a>\n\t\t\t<\/div><\/figure><figure class='gallery-item'>\n\t\t\t<div class='gallery-icon landscape'>\n\t\t\t\t<a data-elementor-open-lightbox=\"yes\" data-elementor-lightbox-slideshow=\"271e573\" data-elementor-lightbox-title=\"Jubileusz_wojska_policji (6)\" data-e-action-hash=\"#elementor-action%3Aaction%3Dlightbox%26settings%3DeyJpZCI6Nzk5ODMsInVybCI6Imh0dHBzOlwvXC93d3cubGljaGVuLnBsXC93cC1jb250ZW50XC91cGxvYWRzXC8yMDI1XC8wMlwvSnViaWxldXN6X3dvanNrYV9wb2xpY2ppLTYuanBnIiwic2xpZGVzaG93IjoiMjcxZTU3MyJ9\" href='https:\/\/www.lichen.pl\/wp-content\/uploads\/2025\/02\/Jubileusz_wojska_policji-6.jpg'><img loading=\"lazy\" width=\"300\" height=\"200\" src=\"https:\/\/www.lichen.pl\/wp-content\/uploads\/2025\/02\/Jubileusz_wojska_policji-6-300x200.jpg\" class=\"attachment-medium size-medium\" alt=\"\" decoding=\"async\" srcset=\"https:\/\/www.lichen.pl\/wp-content\/uploads\/2025\/02\/Jubileusz_wojska_policji-6-300x200.jpg 300w, https:\/\/www.lichen.pl\/wp-content\/uploads\/2025\/02\/Jubileusz_wojska_policji-6-800x534.jpg 800w, https:\/\/www.lichen.pl\/wp-content\/uploads\/2025\/02\/Jubileusz_wojska_policji-6-1024x683.jpg 1024w, https:\/\/www.lichen.pl\/wp-content\/uploads\/2025\/02\/Jubileusz_wojska_policji-6-768x512.jpg 768w, https:\/\/www.lichen.pl\/wp-content\/uploads\/2025\/02\/Jubileusz_wojska_policji-6-1536x1024.jpg 1536w, https:\/\/www.lichen.pl\/wp-content\/uploads\/2025\/02\/Jubileusz_wojska_policji-6-2048x1365.jpg 2048w, https:\/\/www.lichen.pl\/wp-content\/uploads\/2025\/02\/Jubileusz_wojska_policji-6-18x12.jpg 18w, https:\/\/www.lichen.pl\/wp-content\/uploads\/2025\/02\/Jubileusz_wojska_policji-6.jpg 1600w\" sizes=\"(max-width: 300px) 100vw, 300px\" \/><\/a>\n\t\t\t<\/div><\/figure><figure class='gallery-item'>\n\t\t\t<div class='gallery-icon landscape'>\n\t\t\t\t<a data-elementor-open-lightbox=\"yes\" data-elementor-lightbox-slideshow=\"271e573\" data-elementor-lightbox-title=\"Jubileusz_wojska_policji (7)\" data-e-action-hash=\"#elementor-action%3Aaction%3Dlightbox%26settings%3DeyJpZCI6Nzk5ODQsInVybCI6Imh0dHBzOlwvXC93d3cubGljaGVuLnBsXC93cC1jb250ZW50XC91cGxvYWRzXC8yMDI1XC8wMlwvSnViaWxldXN6X3dvanNrYV9wb2xpY2ppLTcuanBnIiwic2xpZGVzaG93IjoiMjcxZTU3MyJ9\" href='https:\/\/www.lichen.pl\/wp-content\/uploads\/2025\/02\/Jubileusz_wojska_policji-7.jpg'><img loading=\"lazy\" width=\"300\" height=\"200\" src=\"https:\/\/www.lichen.pl\/wp-content\/uploads\/2025\/02\/Jubileusz_wojska_policji-7-300x200.jpg\" class=\"attachment-medium size-medium\" alt=\"\" decoding=\"async\" srcset=\"https:\/\/www.lichen.pl\/wp-content\/uploads\/2025\/02\/Jubileusz_wojska_policji-7-300x200.jpg 300w, https:\/\/www.lichen.pl\/wp-content\/uploads\/2025\/02\/Jubileusz_wojska_policji-7-800x534.jpg 800w, https:\/\/www.lichen.pl\/wp-content\/uploads\/2025\/02\/Jubileusz_wojska_policji-7-1024x683.jpg 1024w, https:\/\/www.lichen.pl\/wp-content\/uploads\/2025\/02\/Jubileusz_wojska_policji-7-768x512.jpg 768w, https:\/\/www.lichen.pl\/wp-content\/uploads\/2025\/02\/Jubileusz_wojska_policji-7-1536x1024.jpg 1536w, https:\/\/www.lichen.pl\/wp-content\/uploads\/2025\/02\/Jubileusz_wojska_policji-7-2048x1365.jpg 2048w, https:\/\/www.lichen.pl\/wp-content\/uploads\/2025\/02\/Jubileusz_wojska_policji-7-18x12.jpg 18w, https:\/\/www.lichen.pl\/wp-content\/uploads\/2025\/02\/Jubileusz_wojska_policji-7.jpg 1600w\" sizes=\"(max-width: 300px) 100vw, 300px\" \/><\/a>\n\t\t\t<\/div><\/figure><figure class='gallery-item'>\n\t\t\t<div class='gallery-icon landscape'>\n\t\t\t\t<a data-elementor-open-lightbox=\"yes\" data-elementor-lightbox-slideshow=\"271e573\" data-elementor-lightbox-title=\"Jubileusz_wojska_policji (8)\" data-e-action-hash=\"#elementor-action%3Aaction%3Dlightbox%26settings%3DeyJpZCI6Nzk5ODUsInVybCI6Imh0dHBzOlwvXC93d3cubGljaGVuLnBsXC93cC1jb250ZW50XC91cGxvYWRzXC8yMDI1XC8wMlwvSnViaWxldXN6X3dvanNrYV9wb2xpY2ppLTguanBnIiwic2xpZGVzaG93IjoiMjcxZTU3MyJ9\" href='https:\/\/www.lichen.pl\/wp-content\/uploads\/2025\/02\/Jubileusz_wojska_policji-8.jpg'><img loading=\"lazy\" width=\"300\" height=\"200\" src=\"https:\/\/www.lichen.pl\/wp-content\/uploads\/2025\/02\/Jubileusz_wojska_policji-8-300x200.jpg\" class=\"attachment-medium size-medium\" alt=\"\" decoding=\"async\" srcset=\"https:\/\/www.lichen.pl\/wp-content\/uploads\/2025\/02\/Jubileusz_wojska_policji-8-300x200.jpg 300w, https:\/\/www.lichen.pl\/wp-content\/uploads\/2025\/02\/Jubileusz_wojska_policji-8-800x534.jpg 800w, https:\/\/www.lichen.pl\/wp-content\/uploads\/2025\/02\/Jubileusz_wojska_policji-8-1024x683.jpg 1024w, https:\/\/www.lichen.pl\/wp-content\/uploads\/2025\/02\/Jubileusz_wojska_policji-8-768x512.jpg 768w, https:\/\/www.lichen.pl\/wp-content\/uploads\/2025\/02\/Jubileusz_wojska_policji-8-1536x1024.jpg 1536w, https:\/\/www.lichen.pl\/wp-content\/uploads\/2025\/02\/Jubileusz_wojska_policji-8-2048x1365.jpg 2048w, https:\/\/www.lichen.pl\/wp-content\/uploads\/2025\/02\/Jubileusz_wojska_policji-8-18x12.jpg 18w, https:\/\/www.lichen.pl\/wp-content\/uploads\/2025\/02\/Jubileusz_wojska_policji-8.jpg 1600w\" sizes=\"(max-width: 300px) 100vw, 300px\" \/><\/a>\n\t\t\t<\/div><\/figure><figure class='gallery-item'>\n\t\t\t<div class='gallery-icon landscape'>\n\t\t\t\t<a data-elementor-open-lightbox=\"yes\" data-elementor-lightbox-slideshow=\"271e573\" data-elementor-lightbox-title=\"Jubileusz_wojska_policji (9)\" data-e-action-hash=\"#elementor-action%3Aaction%3Dlightbox%26settings%3DeyJpZCI6Nzk5ODYsInVybCI6Imh0dHBzOlwvXC93d3cubGljaGVuLnBsXC93cC1jb250ZW50XC91cGxvYWRzXC8yMDI1XC8wMlwvSnViaWxldXN6X3dvanNrYV9wb2xpY2ppLTkuanBnIiwic2xpZGVzaG93IjoiMjcxZTU3MyJ9\" href='https:\/\/www.lichen.pl\/wp-content\/uploads\/2025\/02\/Jubileusz_wojska_policji-9.jpg'><img loading=\"lazy\" width=\"300\" height=\"200\" src=\"https:\/\/www.lichen.pl\/wp-content\/uploads\/2025\/02\/Jubileusz_wojska_policji-9-300x200.jpg\" class=\"attachment-medium size-medium\" alt=\"\" decoding=\"async\" srcset=\"https:\/\/www.lichen.pl\/wp-content\/uploads\/2025\/02\/Jubileusz_wojska_policji-9-300x200.jpg 300w, https:\/\/www.lichen.pl\/wp-content\/uploads\/2025\/02\/Jubileusz_wojska_policji-9-800x534.jpg 800w, https:\/\/www.lichen.pl\/wp-content\/uploads\/2025\/02\/Jubileusz_wojska_policji-9-1024x683.jpg 1024w, https:\/\/www.lichen.pl\/wp-content\/uploads\/2025\/02\/Jubileusz_wojska_policji-9-768x512.jpg 768w, https:\/\/www.lichen.pl\/wp-content\/uploads\/2025\/02\/Jubileusz_wojska_policji-9-1536x1024.jpg 1536w, https:\/\/www.lichen.pl\/wp-content\/uploads\/2025\/02\/Jubileusz_wojska_policji-9-2048x1365.jpg 2048w, https:\/\/www.lichen.pl\/wp-content\/uploads\/2025\/02\/Jubileusz_wojska_policji-9-18x12.jpg 18w, https:\/\/www.lichen.pl\/wp-content\/uploads\/2025\/02\/Jubileusz_wojska_policji-9.jpg 1600w\" sizes=\"(max-width: 300px) 100vw, 300px\" \/><\/a>\n\t\t\t<\/div><\/figure><figure class='gallery-item'>\n\t\t\t<div class='gallery-icon landscape'>\n\t\t\t\t<a data-elementor-open-lightbox=\"yes\" data-elementor-lightbox-slideshow=\"271e573\" data-elementor-lightbox-title=\"Jubileusz_wojska_policji (10)\" data-e-action-hash=\"#elementor-action%3Aaction%3Dlightbox%26settings%3DeyJpZCI6Nzk5ODcsInVybCI6Imh0dHBzOlwvXC93d3cubGljaGVuLnBsXC93cC1jb250ZW50XC91cGxvYWRzXC8yMDI1XC8wMlwvSnViaWxldXN6X3dvanNrYV9wb2xpY2ppLTEwLmpwZyIsInNsaWRlc2hvdyI6IjI3MWU1NzMifQ%3D%3D\" href='https:\/\/www.lichen.pl\/wp-content\/uploads\/2025\/02\/Jubileusz_wojska_policji-10.jpg'><img loading=\"lazy\" width=\"300\" height=\"200\" src=\"https:\/\/www.lichen.pl\/wp-content\/uploads\/2025\/02\/Jubileusz_wojska_policji-10-300x200.jpg\" class=\"attachment-medium size-medium\" alt=\"\" decoding=\"async\" srcset=\"https:\/\/www.lichen.pl\/wp-content\/uploads\/2025\/02\/Jubileusz_wojska_policji-10-300x200.jpg 300w, https:\/\/www.lichen.pl\/wp-content\/uploads\/2025\/02\/Jubileusz_wojska_policji-10-800x534.jpg 800w, https:\/\/www.lichen.pl\/wp-content\/uploads\/2025\/02\/Jubileusz_wojska_policji-10-1024x683.jpg 1024w, https:\/\/www.lichen.pl\/wp-content\/uploads\/2025\/02\/Jubileusz_wojska_policji-10-768x512.jpg 768w, https:\/\/www.lichen.pl\/wp-content\/uploads\/2025\/02\/Jubileusz_wojska_policji-10-1536x1024.jpg 1536w, https:\/\/www.lichen.pl\/wp-content\/uploads\/2025\/02\/Jubileusz_wojska_policji-10-2048x1365.jpg 2048w, https:\/\/www.lichen.pl\/wp-content\/uploads\/2025\/02\/Jubileusz_wojska_policji-10-18x12.jpg 18w, https:\/\/www.lichen.pl\/wp-content\/uploads\/2025\/02\/Jubileusz_wojska_policji-10.jpg 1600w\" sizes=\"(max-width: 300px) 100vw, 300px\" \/><\/a>\n\t\t\t<\/div><\/figure><figure class='gallery-item'>\n\t\t\t<div class='gallery-icon landscape'>\n\t\t\t\t<a data-elementor-open-lightbox=\"yes\" data-elementor-lightbox-slideshow=\"271e573\" data-elementor-lightbox-title=\"Jubileusz_wojska_policji (11)\" data-e-action-hash=\"#elementor-action%3Aaction%3Dlightbox%26settings%3DeyJpZCI6Nzk5ODgsInVybCI6Imh0dHBzOlwvXC93d3cubGljaGVuLnBsXC93cC1jb250ZW50XC91cGxvYWRzXC8yMDI1XC8wMlwvSnViaWxldXN6X3dvanNrYV9wb2xpY2ppLTExLmpwZyIsInNsaWRlc2hvdyI6IjI3MWU1NzMifQ%3D%3D\" href='https:\/\/www.lichen.pl\/wp-content\/uploads\/2025\/02\/Jubileusz_wojska_policji-11.jpg'><img loading=\"lazy\" width=\"300\" height=\"200\" src=\"https:\/\/www.lichen.pl\/wp-content\/uploads\/2025\/02\/Jubileusz_wojska_policji-11-300x200.jpg\" class=\"attachment-medium size-medium\" alt=\"\" decoding=\"async\" srcset=\"https:\/\/www.lichen.pl\/wp-content\/uploads\/2025\/02\/Jubileusz_wojska_policji-11-300x200.jpg 300w, https:\/\/www.lichen.pl\/wp-content\/uploads\/2025\/02\/Jubileusz_wojska_policji-11-800x534.jpg 800w, https:\/\/www.lichen.pl\/wp-content\/uploads\/2025\/02\/Jubileusz_wojska_policji-11-1024x683.jpg 1024w, https:\/\/www.lichen.pl\/wp-content\/uploads\/2025\/02\/Jubileusz_wojska_policji-11-768x512.jpg 768w, https:\/\/www.lichen.pl\/wp-content\/uploads\/2025\/02\/Jubileusz_wojska_policji-11-1536x1024.jpg 1536w, https:\/\/www.lichen.pl\/wp-content\/uploads\/2025\/02\/Jubileusz_wojska_policji-11-2048x1365.jpg 2048w, https:\/\/www.lichen.pl\/wp-content\/uploads\/2025\/02\/Jubileusz_wojska_policji-11-18x12.jpg 18w, https:\/\/www.lichen.pl\/wp-content\/uploads\/2025\/02\/Jubileusz_wojska_policji-11.jpg 1600w\" sizes=\"(max-width: 300px) 100vw, 300px\" \/><\/a>\n\t\t\t<\/div><\/figure><figure class='gallery-item'>\n\t\t\t<div class='gallery-icon landscape'>\n\t\t\t\t<a data-elementor-open-lightbox=\"yes\" data-elementor-lightbox-slideshow=\"271e573\" data-elementor-lightbox-title=\"Jubileusz_wojska_policji (13)\" data-e-action-hash=\"#elementor-action%3Aaction%3Dlightbox%26settings%3DeyJpZCI6Nzk5OTAsInVybCI6Imh0dHBzOlwvXC93d3cubGljaGVuLnBsXC93cC1jb250ZW50XC91cGxvYWRzXC8yMDI1XC8wMlwvSnViaWxldXN6X3dvanNrYV9wb2xpY2ppLTEzLmpwZyIsInNsaWRlc2hvdyI6IjI3MWU1NzMifQ%3D%3D\" href='https:\/\/www.lichen.pl\/wp-content\/uploads\/2025\/02\/Jubileusz_wojska_policji-13.jpg'><img loading=\"lazy\" width=\"300\" height=\"200\" src=\"https:\/\/www.lichen.pl\/wp-content\/uploads\/2025\/02\/Jubileusz_wojska_policji-13-300x200.jpg\" class=\"attachment-medium size-medium\" alt=\"\" decoding=\"async\" srcset=\"https:\/\/www.lichen.pl\/wp-content\/uploads\/2025\/02\/Jubileusz_wojska_policji-13-300x200.jpg 300w, https:\/\/www.lichen.pl\/wp-content\/uploads\/2025\/02\/Jubileusz_wojska_policji-13-800x534.jpg 800w, https:\/\/www.lichen.pl\/wp-content\/uploads\/2025\/02\/Jubileusz_wojska_policji-13-1024x683.jpg 1024w, https:\/\/www.lichen.pl\/wp-content\/uploads\/2025\/02\/Jubileusz_wojska_policji-13-768x512.jpg 768w, https:\/\/www.lichen.pl\/wp-content\/uploads\/2025\/02\/Jubileusz_wojska_policji-13-1536x1024.jpg 1536w, https:\/\/www.lichen.pl\/wp-content\/uploads\/2025\/02\/Jubileusz_wojska_policji-13-2048x1365.jpg 2048w, https:\/\/www.lichen.pl\/wp-content\/uploads\/2025\/02\/Jubileusz_wojska_policji-13-18x12.jpg 18w, https:\/\/www.lichen.pl\/wp-content\/uploads\/2025\/02\/Jubileusz_wojska_policji-13.jpg 1600w\" sizes=\"(max-width: 300px) 100vw, 300px\" \/><\/a>\n\t\t\t<\/div><\/figure><figure class='gallery-item'>\n\t\t\t<div class='gallery-icon landscape'>\n\t\t\t\t<a data-elementor-open-lightbox=\"yes\" data-elementor-lightbox-slideshow=\"271e573\" data-elementor-lightbox-title=\"Jubileusz_wojska_policji (12)\" data-e-action-hash=\"#elementor-action%3Aaction%3Dlightbox%26settings%3DeyJpZCI6Nzk5ODksInVybCI6Imh0dHBzOlwvXC93d3cubGljaGVuLnBsXC93cC1jb250ZW50XC91cGxvYWRzXC8yMDI1XC8wMlwvSnViaWxldXN6X3dvanNrYV9wb2xpY2ppLTEyLmpwZyIsInNsaWRlc2hvdyI6IjI3MWU1NzMifQ%3D%3D\" href='https:\/\/www.lichen.pl\/wp-content\/uploads\/2025\/02\/Jubileusz_wojska_policji-12.jpg'><img loading=\"lazy\" width=\"300\" height=\"200\" src=\"https:\/\/www.lichen.pl\/wp-content\/uploads\/2025\/02\/Jubileusz_wojska_policji-12-300x200.jpg\" class=\"attachment-medium size-medium\" alt=\"\" decoding=\"async\" srcset=\"https:\/\/www.lichen.pl\/wp-content\/uploads\/2025\/02\/Jubileusz_wojska_policji-12-300x200.jpg 300w, https:\/\/www.lichen.pl\/wp-content\/uploads\/2025\/02\/Jubileusz_wojska_policji-12-800x534.jpg 800w, https:\/\/www.lichen.pl\/wp-content\/uploads\/2025\/02\/Jubileusz_wojska_policji-12-1024x683.jpg 1024w, https:\/\/www.lichen.pl\/wp-content\/uploads\/2025\/02\/Jubileusz_wojska_policji-12-768x512.jpg 768w, https:\/\/www.lichen.pl\/wp-content\/uploads\/2025\/02\/Jubileusz_wojska_policji-12-1536x1024.jpg 1536w, https:\/\/www.lichen.pl\/wp-content\/uploads\/2025\/02\/Jubileusz_wojska_policji-12-2048x1365.jpg 2048w, https:\/\/www.lichen.pl\/wp-content\/uploads\/2025\/02\/Jubileusz_wojska_policji-12-18x12.jpg 18w, https:\/\/www.lichen.pl\/wp-content\/uploads\/2025\/02\/Jubileusz_wojska_policji-12.jpg 1600w\" sizes=\"(max-width: 300px) 100vw, 300px\" \/><\/a>\n\t\t\t<\/div><\/figure><figure class='gallery-item'>\n\t\t\t<div class='gallery-icon landscape'>\n\t\t\t\t<a data-elementor-open-lightbox=\"yes\" data-elementor-lightbox-slideshow=\"271e573\" data-elementor-lightbox-title=\"Jubileusz_wojska_policji (14)\" data-e-action-hash=\"#elementor-action%3Aaction%3Dlightbox%26settings%3DeyJpZCI6Nzk5OTEsInVybCI6Imh0dHBzOlwvXC93d3cubGljaGVuLnBsXC93cC1jb250ZW50XC91cGxvYWRzXC8yMDI1XC8wMlwvSnViaWxldXN6X3dvanNrYV9wb2xpY2ppLTE0LmpwZyIsInNsaWRlc2hvdyI6IjI3MWU1NzMifQ%3D%3D\" href='https:\/\/www.lichen.pl\/wp-content\/uploads\/2025\/02\/Jubileusz_wojska_policji-14.jpg'><img loading=\"lazy\" width=\"300\" height=\"200\" src=\"https:\/\/www.lichen.pl\/wp-content\/uploads\/2025\/02\/Jubileusz_wojska_policji-14-300x200.jpg\" class=\"attachment-medium size-medium\" alt=\"\" decoding=\"async\" srcset=\"https:\/\/www.lichen.pl\/wp-content\/uploads\/2025\/02\/Jubileusz_wojska_policji-14-300x200.jpg 300w, https:\/\/www.lichen.pl\/wp-content\/uploads\/2025\/02\/Jubileusz_wojska_policji-14-800x534.jpg 800w, https:\/\/www.lichen.pl\/wp-content\/uploads\/2025\/02\/Jubileusz_wojska_policji-14-1024x683.jpg 1024w, https:\/\/www.lichen.pl\/wp-content\/uploads\/2025\/02\/Jubileusz_wojska_policji-14-768x512.jpg 768w, https:\/\/www.lichen.pl\/wp-content\/uploads\/2025\/02\/Jubileusz_wojska_policji-14-1536x1024.jpg 1536w, https:\/\/www.lichen.pl\/wp-content\/uploads\/2025\/02\/Jubileusz_wojska_policji-14-2048x1365.jpg 2048w, https:\/\/www.lichen.pl\/wp-content\/uploads\/2025\/02\/Jubileusz_wojska_policji-14-18x12.jpg 18w, https:\/\/www.lichen.pl\/wp-content\/uploads\/2025\/02\/Jubileusz_wojska_policji-14.jpg 1600w\" sizes=\"(max-width: 300px) 100vw, 300px\" \/><\/a>\n\t\t\t<\/div><\/figure><figure class='gallery-item'>\n\t\t\t<div class='gallery-icon landscape'>\n\t\t\t\t<a data-elementor-open-lightbox=\"yes\" data-elementor-lightbox-slideshow=\"271e573\" data-elementor-lightbox-title=\"Jubileusz_wojska_policji (15)\" data-e-action-hash=\"#elementor-action%3Aaction%3Dlightbox%26settings%3DeyJpZCI6Nzk5OTIsInVybCI6Imh0dHBzOlwvXC93d3cubGljaGVuLnBsXC93cC1jb250ZW50XC91cGxvYWRzXC8yMDI1XC8wMlwvSnViaWxldXN6X3dvanNrYV9wb2xpY2ppLTE1LmpwZyIsInNsaWRlc2hvdyI6IjI3MWU1NzMifQ%3D%3D\" href='https:\/\/www.lichen.pl\/wp-content\/uploads\/2025\/02\/Jubileusz_wojska_policji-15.jpg'><img loading=\"lazy\" width=\"300\" height=\"200\" src=\"https:\/\/www.lichen.pl\/wp-content\/uploads\/2025\/02\/Jubileusz_wojska_policji-15-300x200.jpg\" class=\"attachment-medium size-medium\" alt=\"\" decoding=\"async\" srcset=\"https:\/\/www.lichen.pl\/wp-content\/uploads\/2025\/02\/Jubileusz_wojska_policji-15-300x200.jpg 300w, https:\/\/www.lichen.pl\/wp-content\/uploads\/2025\/02\/Jubileusz_wojska_policji-15-800x534.jpg 800w, https:\/\/www.lichen.pl\/wp-content\/uploads\/2025\/02\/Jubileusz_wojska_policji-15-1024x683.jpg 1024w, https:\/\/www.lichen.pl\/wp-content\/uploads\/2025\/02\/Jubileusz_wojska_policji-15-768x512.jpg 768w, https:\/\/www.lichen.pl\/wp-content\/uploads\/2025\/02\/Jubileusz_wojska_policji-15-1536x1024.jpg 1536w, https:\/\/www.lichen.pl\/wp-content\/uploads\/2025\/02\/Jubileusz_wojska_policji-15-2048x1365.jpg 2048w, https:\/\/www.lichen.pl\/wp-content\/uploads\/2025\/02\/Jubileusz_wojska_policji-15-18x12.jpg 18w, https:\/\/www.lichen.pl\/wp-content\/uploads\/2025\/02\/Jubileusz_wojska_policji-15.jpg 1600w\" sizes=\"(max-width: 300px) 100vw, 300px\" \/><\/a>\n\t\t\t<\/div><\/figure><figure class='gallery-item'>\n\t\t\t<div class='gallery-icon landscape'>\n\t\t\t\t<a data-elementor-open-lightbox=\"yes\" data-elementor-lightbox-slideshow=\"271e573\" data-elementor-lightbox-title=\"Jubileusz_wojska_policji (16)\" data-e-action-hash=\"#elementor-action%3Aaction%3Dlightbox%26settings%3DeyJpZCI6Nzk5OTMsInVybCI6Imh0dHBzOlwvXC93d3cubGljaGVuLnBsXC93cC1jb250ZW50XC91cGxvYWRzXC8yMDI1XC8wMlwvSnViaWxldXN6X3dvanNrYV9wb2xpY2ppLTE2LmpwZyIsInNsaWRlc2hvdyI6IjI3MWU1NzMifQ%3D%3D\" href='https:\/\/www.lichen.pl\/wp-content\/uploads\/2025\/02\/Jubileusz_wojska_policji-16.jpg'><img loading=\"lazy\" width=\"300\" height=\"200\" src=\"https:\/\/www.lichen.pl\/wp-content\/uploads\/2025\/02\/Jubileusz_wojska_policji-16-300x200.jpg\" class=\"attachment-medium size-medium\" alt=\"\" decoding=\"async\" srcset=\"https:\/\/www.lichen.pl\/wp-content\/uploads\/2025\/02\/Jubileusz_wojska_policji-16-300x200.jpg 300w, https:\/\/www.lichen.pl\/wp-content\/uploads\/2025\/02\/Jubileusz_wojska_policji-16-800x534.jpg 800w, https:\/\/www.lichen.pl\/wp-content\/uploads\/2025\/02\/Jubileusz_wojska_policji-16-1024x683.jpg 1024w, https:\/\/www.lichen.pl\/wp-content\/uploads\/2025\/02\/Jubileusz_wojska_policji-16-768x512.jpg 768w, https:\/\/www.lichen.pl\/wp-content\/uploads\/2025\/02\/Jubileusz_wojska_policji-16-1536x1024.jpg 1536w, https:\/\/www.lichen.pl\/wp-content\/uploads\/2025\/02\/Jubileusz_wojska_policji-16-2048x1365.jpg 2048w, https:\/\/www.lichen.pl\/wp-content\/uploads\/2025\/02\/Jubileusz_wojska_policji-16-18x12.jpg 18w, https:\/\/www.lichen.pl\/wp-content\/uploads\/2025\/02\/Jubileusz_wojska_policji-16.jpg 1600w\" sizes=\"(max-width: 300px) 100vw, 300px\" \/><\/a>\n\t\t\t<\/div><\/figure><figure class='gallery-item'>\n\t\t\t<div class='gallery-icon landscape'>\n\t\t\t\t<a data-elementor-open-lightbox=\"yes\" data-elementor-lightbox-slideshow=\"271e573\" data-elementor-lightbox-title=\"Jubileusz_wojska_policji (17)\" data-e-action-hash=\"#elementor-action%3Aaction%3Dlightbox%26settings%3DeyJpZCI6Nzk5OTQsInVybCI6Imh0dHBzOlwvXC93d3cubGljaGVuLnBsXC93cC1jb250ZW50XC91cGxvYWRzXC8yMDI1XC8wMlwvSnViaWxldXN6X3dvanNrYV9wb2xpY2ppLTE3LmpwZyIsInNsaWRlc2hvdyI6IjI3MWU1NzMifQ%3D%3D\" href='https:\/\/www.lichen.pl\/wp-content\/uploads\/2025\/02\/Jubileusz_wojska_policji-17.jpg'><img loading=\"lazy\" width=\"300\" height=\"200\" src=\"https:\/\/www.lichen.pl\/wp-content\/uploads\/2025\/02\/Jubileusz_wojska_policji-17-300x200.jpg\" class=\"attachment-medium size-medium\" alt=\"\" decoding=\"async\" srcset=\"https:\/\/www.lichen.pl\/wp-content\/uploads\/2025\/02\/Jubileusz_wojska_policji-17-300x200.jpg 300w, https:\/\/www.lichen.pl\/wp-content\/uploads\/2025\/02\/Jubileusz_wojska_policji-17-800x534.jpg 800w, https:\/\/www.lichen.pl\/wp-content\/uploads\/2025\/02\/Jubileusz_wojska_policji-17-1024x683.jpg 1024w, https:\/\/www.lichen.pl\/wp-content\/uploads\/2025\/02\/Jubileusz_wojska_policji-17-768x512.jpg 768w, https:\/\/www.lichen.pl\/wp-content\/uploads\/2025\/02\/Jubileusz_wojska_policji-17-1536x1024.jpg 1536w, https:\/\/www.lichen.pl\/wp-content\/uploads\/2025\/02\/Jubileusz_wojska_policji-17-2048x1365.jpg 2048w, https:\/\/www.lichen.pl\/wp-content\/uploads\/2025\/02\/Jubileusz_wojska_policji-17-18x12.jpg 18w, https:\/\/www.lichen.pl\/wp-content\/uploads\/2025\/02\/Jubileusz_wojska_policji-17.jpg 1600w\" sizes=\"(max-width: 300px) 100vw, 300px\" \/><\/a>\n\t\t\t<\/div><\/figure><figure class='gallery-item'>\n\t\t\t<div class='gallery-icon landscape'>\n\t\t\t\t<a data-elementor-open-lightbox=\"yes\" data-elementor-lightbox-slideshow=\"271e573\" data-elementor-lightbox-title=\"Jubileusz_wojska_policji (18)\" data-e-action-hash=\"#elementor-action%3Aaction%3Dlightbox%26settings%3DeyJpZCI6Nzk5OTUsInVybCI6Imh0dHBzOlwvXC93d3cubGljaGVuLnBsXC93cC1jb250ZW50XC91cGxvYWRzXC8yMDI1XC8wMlwvSnViaWxldXN6X3dvanNrYV9wb2xpY2ppLTE4LmpwZyIsInNsaWRlc2hvdyI6IjI3MWU1NzMifQ%3D%3D\" href='https:\/\/www.lichen.pl\/wp-content\/uploads\/2025\/02\/Jubileusz_wojska_policji-18.jpg'><img loading=\"lazy\" width=\"300\" height=\"200\" src=\"https:\/\/www.lichen.pl\/wp-content\/uploads\/2025\/02\/Jubileusz_wojska_policji-18-300x200.jpg\" class=\"attachment-medium size-medium\" alt=\"\" decoding=\"async\" srcset=\"https:\/\/www.lichen.pl\/wp-content\/uploads\/2025\/02\/Jubileusz_wojska_policji-18-300x200.jpg 300w, https:\/\/www.lichen.pl\/wp-content\/uploads\/2025\/02\/Jubileusz_wojska_policji-18-800x534.jpg 800w, https:\/\/www.lichen.pl\/wp-content\/uploads\/2025\/02\/Jubileusz_wojska_policji-18-1024x683.jpg 1024w, https:\/\/www.lichen.pl\/wp-content\/uploads\/2025\/02\/Jubileusz_wojska_policji-18-768x512.jpg 768w, https:\/\/www.lichen.pl\/wp-content\/uploads\/2025\/02\/Jubileusz_wojska_policji-18-1536x1024.jpg 1536w, https:\/\/www.lichen.pl\/wp-content\/uploads\/2025\/02\/Jubileusz_wojska_policji-18-2048x1365.jpg 2048w, https:\/\/www.lichen.pl\/wp-content\/uploads\/2025\/02\/Jubileusz_wojska_policji-18-18x12.jpg 18w, https:\/\/www.lichen.pl\/wp-content\/uploads\/2025\/02\/Jubileusz_wojska_policji-18.jpg 1600w\" sizes=\"(max-width: 300px) 100vw, 300px\" \/><\/a>\n\t\t\t<\/div><\/figure><figure class='gallery-item'>\n\t\t\t<div class='gallery-icon landscape'>\n\t\t\t\t<a data-elementor-open-lightbox=\"yes\" data-elementor-lightbox-slideshow=\"271e573\" data-elementor-lightbox-title=\"Jubileusz_wojska_policji (19)\" data-e-action-hash=\"#elementor-action%3Aaction%3Dlightbox%26settings%3DeyJpZCI6Nzk5OTYsInVybCI6Imh0dHBzOlwvXC93d3cubGljaGVuLnBsXC93cC1jb250ZW50XC91cGxvYWRzXC8yMDI1XC8wMlwvSnViaWxldXN6X3dvanNrYV9wb2xpY2ppLTE5LmpwZyIsInNsaWRlc2hvdyI6IjI3MWU1NzMifQ%3D%3D\" href='https:\/\/www.lichen.pl\/wp-content\/uploads\/2025\/02\/Jubileusz_wojska_policji-19.jpg'><img loading=\"lazy\" width=\"300\" height=\"200\" src=\"https:\/\/www.lichen.pl\/wp-content\/uploads\/2025\/02\/Jubileusz_wojska_policji-19-300x200.jpg\" class=\"attachment-medium size-medium\" alt=\"\" decoding=\"async\" srcset=\"https:\/\/www.lichen.pl\/wp-content\/uploads\/2025\/02\/Jubileusz_wojska_policji-19-300x200.jpg 300w, https:\/\/www.lichen.pl\/wp-content\/uploads\/2025\/02\/Jubileusz_wojska_policji-19-800x534.jpg 800w, https:\/\/www.lichen.pl\/wp-content\/uploads\/2025\/02\/Jubileusz_wojska_policji-19-1024x683.jpg 1024w, https:\/\/www.lichen.pl\/wp-content\/uploads\/2025\/02\/Jubileusz_wojska_policji-19-768x512.jpg 768w, https:\/\/www.lichen.pl\/wp-content\/uploads\/2025\/02\/Jubileusz_wojska_policji-19-1536x1024.jpg 1536w, https:\/\/www.lichen.pl\/wp-content\/uploads\/2025\/02\/Jubileusz_wojska_policji-19-2048x1365.jpg 2048w, https:\/\/www.lichen.pl\/wp-content\/uploads\/2025\/02\/Jubileusz_wojska_policji-19-18x12.jpg 18w, https:\/\/www.lichen.pl\/wp-content\/uploads\/2025\/02\/Jubileusz_wojska_policji-19.jpg 1600w\" sizes=\"(max-width: 300px) 100vw, 300px\" \/><\/a>\n\t\t\t<\/div><\/figure><figure class='gallery-item'>\n\t\t\t<div class='gallery-icon landscape'>\n\t\t\t\t<a data-elementor-open-lightbox=\"yes\" data-elementor-lightbox-slideshow=\"271e573\" data-elementor-lightbox-title=\"Jubileusz_wojska_policji (20)\" data-e-action-hash=\"#elementor-action%3Aaction%3Dlightbox%26settings%3DeyJpZCI6Nzk5OTcsInVybCI6Imh0dHBzOlwvXC93d3cubGljaGVuLnBsXC93cC1jb250ZW50XC91cGxvYWRzXC8yMDI1XC8wMlwvSnViaWxldXN6X3dvanNrYV9wb2xpY2ppLTIwLmpwZyIsInNsaWRlc2hvdyI6IjI3MWU1NzMifQ%3D%3D\" href='https:\/\/www.lichen.pl\/wp-content\/uploads\/2025\/02\/Jubileusz_wojska_policji-20.jpg'><img loading=\"lazy\" width=\"300\" height=\"200\" src=\"https:\/\/www.lichen.pl\/wp-content\/uploads\/2025\/02\/Jubileusz_wojska_policji-20-300x200.jpg\" class=\"attachment-medium size-medium\" alt=\"\" decoding=\"async\" srcset=\"https:\/\/www.lichen.pl\/wp-content\/uploads\/2025\/02\/Jubileusz_wojska_policji-20-300x200.jpg 300w, https:\/\/www.lichen.pl\/wp-content\/uploads\/2025\/02\/Jubileusz_wojska_policji-20-800x533.jpg 800w, https:\/\/www.lichen.pl\/wp-content\/uploads\/2025\/02\/Jubileusz_wojska_policji-20-1024x683.jpg 1024w, https:\/\/www.lichen.pl\/wp-content\/uploads\/2025\/02\/Jubileusz_wojska_policji-20-768x512.jpg 768w, https:\/\/www.lichen.pl\/wp-content\/uploads\/2025\/02\/Jubileusz_wojska_policji-20-1536x1024.jpg 1536w, https:\/\/www.lichen.pl\/wp-content\/uploads\/2025\/02\/Jubileusz_wojska_policji-20-2048x1365.jpg 2048w, https:\/\/www.lichen.pl\/wp-content\/uploads\/2025\/02\/Jubileusz_wojska_policji-20-18x12.jpg 18w, https:\/\/www.lichen.pl\/wp-content\/uploads\/2025\/02\/Jubileusz_wojska_policji-20.jpg 1600w\" sizes=\"(max-width: 300px) 100vw, 300px\" \/><\/a>\n\t\t\t<\/div><\/figure>\n\t\t<\/div>\n\t\t<\/div>\n\t\t\t\t\t\t<\/div>\n\t\t\t\t<\/div>\n\t\t\t\t\t<\/div>\n\t\t<\/div>\n\t\t\t\t\t<\/div>\n\t\t<\/section>\n\t\t\t\t<\/div>","protected":false},"excerpt":{"rendered":"<p>W Sanktuarium Matki Bo\u017cej Liche\u0144skiej odby\u0142a si\u0119 wyj\u0105tkowa uroczysto\u015b\u0107 \u2013 Jubileusz Wojska, Policji i S\u0142u\u017cb Mundurowych. Wydarzenie to zgromadzi\u0142o grono funkcjonariuszy policji, wojska oraz przedstawicieli w\u0142adz samorz\u0105dowych, kt\u00f3rzy wsp\u00f3lnie uczestniczyli w uroczystej Eucharystii. Wprowadzenie poczt\u00f3w sztandarowych i przywitanie go\u015bci Uroczyst\u0105 Msz\u0119 \u015awi\u0119t\u0105 rozpocz\u0105\u0142 kustosz sanktuarium, ks. S\u0142awomir Homoncik MIC, kt\u00f3ry powita\u0142 wszystkich zgromadzonych: \u201eW imieniu [&hellip;]<\/p>\n","protected":false},"author":8,"featured_media":79982,"comment_status":"closed","ping_status":"closed","sticky":false,"template":"","format":"standard","meta":{"footnotes":""},"categories":[1],"tags":[],"class_list":["post-79977","post","type-post","status-publish","format-standard","has-post-thumbnail","hentry","category-aktualnosci","wpbf-post"],"yoast_head":"<!-- This site is optimized with the Yoast SEO plugin v27.4 - https:\/\/yoast.com\/product\/yoast-seo-wordpress\/ -->\n<title>Jubileusz Wojska, Policji i S\u0142u\u017cb Mundurowych w Sanktuarium Matki Bo\u017cej Liche\u0144skiej - SANKTUARIUM W LICHENIU<\/title>\n<meta name=\"robots\" content=\"index, follow, max-snippet:-1, max-image-preview:large, max-video-preview:-1\" \/>\n<link rel=\"canonical\" href=\"https:\/\/www.lichen.pl\/fr\/jubileusz-wojska-policji-i-sluzb-mundurowych-w-sanktuarium-matki-bozej-lichenskiej\/\" \/>\n<meta property=\"og:locale\" content=\"fr_FR\" \/>\n<meta property=\"og:type\" content=\"article\" \/>\n<meta property=\"og:title\" content=\"Jubileusz Wojska, Policji i S\u0142u\u017cb Mundurowych w Sanktuarium Matki Bo\u017cej Liche\u0144skiej - SANKTUARIUM W LICHENIU\" \/>\n<meta property=\"og:description\" content=\"W Sanktuarium Matki Bo\u017cej Liche\u0144skiej odby\u0142a si\u0119 wyj\u0105tkowa uroczysto\u015b\u0107 \u2013 Jubileusz Wojska, Policji i S\u0142u\u017cb Mundurowych. Wydarzenie to zgromadzi\u0142o grono funkcjonariuszy policji, wojska oraz przedstawicieli w\u0142adz samorz\u0105dowych, kt\u00f3rzy wsp\u00f3lnie uczestniczyli w uroczystej Eucharystii. Wprowadzenie poczt\u00f3w sztandarowych i przywitanie go\u015bci Uroczyst\u0105 Msz\u0119 \u015awi\u0119t\u0105 rozpocz\u0105\u0142 kustosz sanktuarium, ks. S\u0142awomir Homoncik MIC, kt\u00f3ry powita\u0142 wszystkich zgromadzonych: \u201eW imieniu [&hellip;]\" \/>\n<meta property=\"og:url\" content=\"https:\/\/www.lichen.pl\/fr\/jubileusz-wojska-policji-i-sluzb-mundurowych-w-sanktuarium-matki-bozej-lichenskiej\/\" \/>\n<meta property=\"og:site_name\" content=\"SANKTUARIUM W LICHENIU\" \/>\n<meta property=\"article:published_time\" content=\"2025-02-08T17:30:12+00:00\" \/>\n<meta property=\"article:modified_time\" content=\"2025-02-08T18:25:36+00:00\" \/>\n<meta property=\"og:image\" content=\"https:\/\/www.lichen.pl\/wp-content\/uploads\/2025\/02\/Jubileusz_wojska_policji-5-1024x683.jpg\" \/>\n\t<meta property=\"og:image:width\" content=\"1024\" \/>\n\t<meta property=\"og:image:height\" content=\"683\" \/>\n\t<meta property=\"og:image:type\" content=\"image\/jpeg\" \/>\n<meta name=\"author\" content=\"Biuro Prasowe\" \/>\n<meta name=\"twitter:card\" content=\"summary_large_image\" \/>\n<meta name=\"twitter:label1\" content=\"\u00c9crit par\" \/>\n\t<meta name=\"twitter:data1\" content=\"Biuro Prasowe\" \/>\n\t<meta name=\"twitter:label2\" content=\"Dur\u00e9e de lecture estim\u00e9e\" \/>\n\t<meta name=\"twitter:data2\" content=\"10 minutes\" \/>\n<script type=\"application\/ld+json\" class=\"yoast-schema-graph\">{\"@context\":\"https:\\\/\\\/schema.org\",\"@graph\":[{\"@type\":\"Article\",\"@id\":\"https:\\\/\\\/www.lichen.pl\\\/jubileusz-wojska-policji-i-sluzb-mundurowych-w-sanktuarium-matki-bozej-lichenskiej\\\/#article\",\"isPartOf\":{\"@id\":\"https:\\\/\\\/www.lichen.pl\\\/jubileusz-wojska-policji-i-sluzb-mundurowych-w-sanktuarium-matki-bozej-lichenskiej\\\/\"},\"author\":{\"name\":\"Biuro Prasowe\",\"@id\":\"https:\\\/\\\/www.lichen.pl\\\/fr\\\/#\\\/schema\\\/person\\\/682b5cfa2f8a664a298ed0bc19782a02\"},\"headline\":\"Jubileusz Wojska, Policji i S\u0142u\u017cb Mundurowych w Sanktuarium Matki Bo\u017cej Liche\u0144skiej\",\"datePublished\":\"2025-02-08T17:30:12+00:00\",\"dateModified\":\"2025-02-08T18:25:36+00:00\",\"mainEntityOfPage\":{\"@id\":\"https:\\\/\\\/www.lichen.pl\\\/jubileusz-wojska-policji-i-sluzb-mundurowych-w-sanktuarium-matki-bozej-lichenskiej\\\/\"},\"wordCount\":782,\"image\":{\"@id\":\"https:\\\/\\\/www.lichen.pl\\\/jubileusz-wojska-policji-i-sluzb-mundurowych-w-sanktuarium-matki-bozej-lichenskiej\\\/#primaryimage\"},\"thumbnailUrl\":\"https:\\\/\\\/www.lichen.pl\\\/wp-content\\\/uploads\\\/2025\\\/02\\\/Jubileusz_wojska_policji-5.jpg\",\"articleSection\":[\"Aktualno\u015bci\"],\"inLanguage\":\"fr-FR\"},{\"@type\":\"WebPage\",\"@id\":\"https:\\\/\\\/www.lichen.pl\\\/jubileusz-wojska-policji-i-sluzb-mundurowych-w-sanktuarium-matki-bozej-lichenskiej\\\/\",\"url\":\"https:\\\/\\\/www.lichen.pl\\\/jubileusz-wojska-policji-i-sluzb-mundurowych-w-sanktuarium-matki-bozej-lichenskiej\\\/\",\"name\":\"Jubileusz Wojska, Policji i S\u0142u\u017cb Mundurowych w Sanktuarium Matki Bo\u017cej Liche\u0144skiej - SANKTUARIUM W LICHENIU\",\"isPartOf\":{\"@id\":\"https:\\\/\\\/www.lichen.pl\\\/fr\\\/#website\"},\"primaryImageOfPage\":{\"@id\":\"https:\\\/\\\/www.lichen.pl\\\/jubileusz-wojska-policji-i-sluzb-mundurowych-w-sanktuarium-matki-bozej-lichenskiej\\\/#primaryimage\"},\"image\":{\"@id\":\"https:\\\/\\\/www.lichen.pl\\\/jubileusz-wojska-policji-i-sluzb-mundurowych-w-sanktuarium-matki-bozej-lichenskiej\\\/#primaryimage\"},\"thumbnailUrl\":\"https:\\\/\\\/www.lichen.pl\\\/wp-content\\\/uploads\\\/2025\\\/02\\\/Jubileusz_wojska_policji-5.jpg\",\"datePublished\":\"2025-02-08T17:30:12+00:00\",\"dateModified\":\"2025-02-08T18:25:36+00:00\",\"author\":{\"@id\":\"https:\\\/\\\/www.lichen.pl\\\/fr\\\/#\\\/schema\\\/person\\\/682b5cfa2f8a664a298ed0bc19782a02\"},\"breadcrumb\":{\"@id\":\"https:\\\/\\\/www.lichen.pl\\\/jubileusz-wojska-policji-i-sluzb-mundurowych-w-sanktuarium-matki-bozej-lichenskiej\\\/#breadcrumb\"},\"inLanguage\":\"fr-FR\",\"potentialAction\":[{\"@type\":\"ReadAction\",\"target\":[\"https:\\\/\\\/www.lichen.pl\\\/jubileusz-wojska-policji-i-sluzb-mundurowych-w-sanktuarium-matki-bozej-lichenskiej\\\/\"]}]},{\"@type\":\"ImageObject\",\"inLanguage\":\"fr-FR\",\"@id\":\"https:\\\/\\\/www.lichen.pl\\\/jubileusz-wojska-policji-i-sluzb-mundurowych-w-sanktuarium-matki-bozej-lichenskiej\\\/#primaryimage\",\"url\":\"https:\\\/\\\/www.lichen.pl\\\/wp-content\\\/uploads\\\/2025\\\/02\\\/Jubileusz_wojska_policji-5.jpg\",\"contentUrl\":\"https:\\\/\\\/www.lichen.pl\\\/wp-content\\\/uploads\\\/2025\\\/02\\\/Jubileusz_wojska_policji-5.jpg\",\"width\":1600,\"height\":1067},{\"@type\":\"BreadcrumbList\",\"@id\":\"https:\\\/\\\/www.lichen.pl\\\/jubileusz-wojska-policji-i-sluzb-mundurowych-w-sanktuarium-matki-bozej-lichenskiej\\\/#breadcrumb\",\"itemListElement\":[{\"@type\":\"ListItem\",\"position\":1,\"name\":\"Strona g\u0142\u00f3wna\",\"item\":\"https:\\\/\\\/www.lichen.pl\\\/\"},{\"@type\":\"ListItem\",\"position\":2,\"name\":\"Jubileusz Wojska, Policji i S\u0142u\u017cb Mundurowych w Sanktuarium Matki Bo\u017cej Liche\u0144skiej\"}]},{\"@type\":\"WebSite\",\"@id\":\"https:\\\/\\\/www.lichen.pl\\\/fr\\\/#website\",\"url\":\"https:\\\/\\\/www.lichen.pl\\\/fr\\\/\",\"name\":\"SANKTUARIUM W LICHENIU\",\"description\":\"MATKI BO\u017bEJ LICHE\u0143SKIEJ BOLESNEJ KR\u00d3LOWEJ POLSKI\",\"potentialAction\":[{\"@type\":\"SearchAction\",\"target\":{\"@type\":\"EntryPoint\",\"urlTemplate\":\"https:\\\/\\\/www.lichen.pl\\\/fr\\\/?s={search_term_string}\"},\"query-input\":{\"@type\":\"PropertyValueSpecification\",\"valueRequired\":true,\"valueName\":\"search_term_string\"}}],\"inLanguage\":\"fr-FR\"},{\"@type\":\"Person\",\"@id\":\"https:\\\/\\\/www.lichen.pl\\\/fr\\\/#\\\/schema\\\/person\\\/682b5cfa2f8a664a298ed0bc19782a02\",\"name\":\"Biuro Prasowe\",\"image\":{\"@type\":\"ImageObject\",\"inLanguage\":\"fr-FR\",\"@id\":\"https:\\\/\\\/secure.gravatar.com\\\/avatar\\\/07fa3449d37670fd38888cb2e3db27aa13df245d811ec65206e44888f202bb53?s=96&d=retro&r=g\",\"url\":\"https:\\\/\\\/secure.gravatar.com\\\/avatar\\\/07fa3449d37670fd38888cb2e3db27aa13df245d811ec65206e44888f202bb53?s=96&d=retro&r=g\",\"contentUrl\":\"https:\\\/\\\/secure.gravatar.com\\\/avatar\\\/07fa3449d37670fd38888cb2e3db27aa13df245d811ec65206e44888f202bb53?s=96&d=retro&r=g\",\"caption\":\"Biuro Prasowe\"},\"sameAs\":[\"http:\\\/\\\/www.lichen.pl\"],\"url\":\"https:\\\/\\\/www.lichen.pl\\\/fr\\\/author\\\/biuro-prasowe\\\/\"}]}<\/script>\n<!-- \/ Yoast SEO plugin. -->","yoast_head_json":{"title":"Jubileusz Wojska, Policji i S\u0142u\u017cb Mundurowych w Sanktuarium Matki Bo\u017cej Liche\u0144skiej - SANKTUARIUM W LICHENIU","robots":{"index":"index","follow":"follow","max-snippet":"max-snippet:-1","max-image-preview":"max-image-preview:large","max-video-preview":"max-video-preview:-1"},"canonical":"https:\/\/www.lichen.pl\/fr\/jubileusz-wojska-policji-i-sluzb-mundurowych-w-sanktuarium-matki-bozej-lichenskiej\/","og_locale":"fr_FR","og_type":"article","og_title":"Jubileusz Wojska, Policji i S\u0142u\u017cb Mundurowych w Sanktuarium Matki Bo\u017cej Liche\u0144skiej - SANKTUARIUM W LICHENIU","og_description":"W Sanktuarium Matki Bo\u017cej Liche\u0144skiej odby\u0142a si\u0119 wyj\u0105tkowa uroczysto\u015b\u0107 \u2013 Jubileusz Wojska, Policji i S\u0142u\u017cb Mundurowych. Wydarzenie to zgromadzi\u0142o grono funkcjonariuszy policji, wojska oraz przedstawicieli w\u0142adz samorz\u0105dowych, kt\u00f3rzy wsp\u00f3lnie uczestniczyli w uroczystej Eucharystii. Wprowadzenie poczt\u00f3w sztandarowych i przywitanie go\u015bci Uroczyst\u0105 Msz\u0119 \u015awi\u0119t\u0105 rozpocz\u0105\u0142 kustosz sanktuarium, ks. S\u0142awomir Homoncik MIC, kt\u00f3ry powita\u0142 wszystkich zgromadzonych: \u201eW imieniu [&hellip;]","og_url":"https:\/\/www.lichen.pl\/fr\/jubileusz-wojska-policji-i-sluzb-mundurowych-w-sanktuarium-matki-bozej-lichenskiej\/","og_site_name":"SANKTUARIUM W LICHENIU","article_published_time":"2025-02-08T17:30:12+00:00","article_modified_time":"2025-02-08T18:25:36+00:00","og_image":[{"width":1024,"height":683,"url":"https:\/\/www.lichen.pl\/wp-content\/uploads\/2025\/02\/Jubileusz_wojska_policji-5-1024x683.jpg","type":"image\/jpeg"}],"author":"Biuro Prasowe","twitter_card":"summary_large_image","twitter_misc":{"\u00c9crit par":"Biuro Prasowe","Dur\u00e9e de lecture estim\u00e9e":"10 minutes"},"schema":{"@context":"https:\/\/schema.org","@graph":[{"@type":"Article","@id":"https:\/\/www.lichen.pl\/jubileusz-wojska-policji-i-sluzb-mundurowych-w-sanktuarium-matki-bozej-lichenskiej\/#article","isPartOf":{"@id":"https:\/\/www.lichen.pl\/jubileusz-wojska-policji-i-sluzb-mundurowych-w-sanktuarium-matki-bozej-lichenskiej\/"},"author":{"name":"Biuro Prasowe","@id":"https:\/\/www.lichen.pl\/fr\/#\/schema\/person\/682b5cfa2f8a664a298ed0bc19782a02"},"headline":"Jubileusz Wojska, Policji i S\u0142u\u017cb Mundurowych w Sanktuarium Matki Bo\u017cej Liche\u0144skiej","datePublished":"2025-02-08T17:30:12+00:00","dateModified":"2025-02-08T18:25:36+00:00","mainEntityOfPage":{"@id":"https:\/\/www.lichen.pl\/jubileusz-wojska-policji-i-sluzb-mundurowych-w-sanktuarium-matki-bozej-lichenskiej\/"},"wordCount":782,"image":{"@id":"https:\/\/www.lichen.pl\/jubileusz-wojska-policji-i-sluzb-mundurowych-w-sanktuarium-matki-bozej-lichenskiej\/#primaryimage"},"thumbnailUrl":"https:\/\/www.lichen.pl\/wp-content\/uploads\/2025\/02\/Jubileusz_wojska_policji-5.jpg","articleSection":["Aktualno\u015bci"],"inLanguage":"fr-FR"},{"@type":"WebPage","@id":"https:\/\/www.lichen.pl\/jubileusz-wojska-policji-i-sluzb-mundurowych-w-sanktuarium-matki-bozej-lichenskiej\/","url":"https:\/\/www.lichen.pl\/jubileusz-wojska-policji-i-sluzb-mundurowych-w-sanktuarium-matki-bozej-lichenskiej\/","name":"Jubileusz Wojska, Policji i S\u0142u\u017cb Mundurowych w Sanktuarium Matki Bo\u017cej Liche\u0144skiej - SANKTUARIUM W LICHENIU","isPartOf":{"@id":"https:\/\/www.lichen.pl\/fr\/#website"},"primaryImageOfPage":{"@id":"https:\/\/www.lichen.pl\/jubileusz-wojska-policji-i-sluzb-mundurowych-w-sanktuarium-matki-bozej-lichenskiej\/#primaryimage"},"image":{"@id":"https:\/\/www.lichen.pl\/jubileusz-wojska-policji-i-sluzb-mundurowych-w-sanktuarium-matki-bozej-lichenskiej\/#primaryimage"},"thumbnailUrl":"https:\/\/www.lichen.pl\/wp-content\/uploads\/2025\/02\/Jubileusz_wojska_policji-5.jpg","datePublished":"2025-02-08T17:30:12+00:00","dateModified":"2025-02-08T18:25:36+00:00","author":{"@id":"https:\/\/www.lichen.pl\/fr\/#\/schema\/person\/682b5cfa2f8a664a298ed0bc19782a02"},"breadcrumb":{"@id":"https:\/\/www.lichen.pl\/jubileusz-wojska-policji-i-sluzb-mundurowych-w-sanktuarium-matki-bozej-lichenskiej\/#breadcrumb"},"inLanguage":"fr-FR","potentialAction":[{"@type":"ReadAction","target":["https:\/\/www.lichen.pl\/jubileusz-wojska-policji-i-sluzb-mundurowych-w-sanktuarium-matki-bozej-lichenskiej\/"]}]},{"@type":"ImageObject","inLanguage":"fr-FR","@id":"https:\/\/www.lichen.pl\/jubileusz-wojska-policji-i-sluzb-mundurowych-w-sanktuarium-matki-bozej-lichenskiej\/#primaryimage","url":"https:\/\/www.lichen.pl\/wp-content\/uploads\/2025\/02\/Jubileusz_wojska_policji-5.jpg","contentUrl":"https:\/\/www.lichen.pl\/wp-content\/uploads\/2025\/02\/Jubileusz_wojska_policji-5.jpg","width":1600,"height":1067},{"@type":"BreadcrumbList","@id":"https:\/\/www.lichen.pl\/jubileusz-wojska-policji-i-sluzb-mundurowych-w-sanktuarium-matki-bozej-lichenskiej\/#breadcrumb","itemListElement":[{"@type":"ListItem","position":1,"name":"Strona g\u0142\u00f3wna","item":"https:\/\/www.lichen.pl\/"},{"@type":"ListItem","position":2,"name":"Jubileusz Wojska, Policji i S\u0142u\u017cb Mundurowych w Sanktuarium Matki Bo\u017cej Liche\u0144skiej"}]},{"@type":"WebSite","@id":"https:\/\/www.lichen.pl\/fr\/#website","url":"https:\/\/www.lichen.pl\/fr\/","name":"SANCTUAIRE EN LICHENIE","description":"LA MAUVAISE REINE DE POLOGNE DE NOTRE LICHEN","potentialAction":[{"@type":"SearchAction","target":{"@type":"EntryPoint","urlTemplate":"https:\/\/www.lichen.pl\/fr\/?s={search_term_string}"},"query-input":{"@type":"PropertyValueSpecification","valueRequired":true,"valueName":"search_term_string"}}],"inLanguage":"fr-FR"},{"@type":"Person","@id":"https:\/\/www.lichen.pl\/fr\/#\/schema\/person\/682b5cfa2f8a664a298ed0bc19782a02","name":"Biuro Prasowe","image":{"@type":"ImageObject","inLanguage":"fr-FR","@id":"https:\/\/secure.gravatar.com\/avatar\/07fa3449d37670fd38888cb2e3db27aa13df245d811ec65206e44888f202bb53?s=96&d=retro&r=g","url":"https:\/\/secure.gravatar.com\/avatar\/07fa3449d37670fd38888cb2e3db27aa13df245d811ec65206e44888f202bb53?s=96&d=retro&r=g","contentUrl":"https:\/\/secure.gravatar.com\/avatar\/07fa3449d37670fd38888cb2e3db27aa13df245d811ec65206e44888f202bb53?s=96&d=retro&r=g","caption":"Biuro Prasowe"},"sameAs":["http:\/\/www.lichen.pl"],"url":"https:\/\/www.lichen.pl\/fr\/author\/biuro-prasowe\/"}]}},"_links":{"self":[{"href":"https:\/\/www.lichen.pl\/fr\/wp-json\/wp\/v2\/posts\/79977","targetHints":{"allow":["GET"]}}],"collection":[{"href":"https:\/\/www.lichen.pl\/fr\/wp-json\/wp\/v2\/posts"}],"about":[{"href":"https:\/\/www.lichen.pl\/fr\/wp-json\/wp\/v2\/types\/post"}],"author":[{"embeddable":true,"href":"https:\/\/www.lichen.pl\/fr\/wp-json\/wp\/v2\/users\/8"}],"replies":[{"embeddable":true,"href":"https:\/\/www.lichen.pl\/fr\/wp-json\/wp\/v2\/comments?post=79977"}],"version-history":[{"count":9,"href":"https:\/\/www.lichen.pl\/fr\/wp-json\/wp\/v2\/posts\/79977\/revisions"}],"predecessor-version":[{"id":80007,"href":"https:\/\/www.lichen.pl\/fr\/wp-json\/wp\/v2\/posts\/79977\/revisions\/80007"}],"wp:featuredmedia":[{"embeddable":true,"href":"https:\/\/www.lichen.pl\/fr\/wp-json\/wp\/v2\/media\/79982"}],"wp:attachment":[{"href":"https:\/\/www.lichen.pl\/fr\/wp-json\/wp\/v2\/media?parent=79977"}],"wp:term":[{"taxonomy":"category","embeddable":true,"href":"https:\/\/www.lichen.pl\/fr\/wp-json\/wp\/v2\/categories?post=79977"},{"taxonomy":"post_tag","embeddable":true,"href":"https:\/\/www.lichen.pl\/fr\/wp-json\/wp\/v2\/tags?post=79977"}],"curies":[{"name":"wp","href":"https:\/\/api.w.org\/{rel}","templated":true}]}}