{"id":80050,"date":"2025-02-09T22:47:15","date_gmt":"2025-02-09T21:47:15","guid":{"rendered":"https:\/\/www.lichen.pl\/?p=80050"},"modified":"2025-02-09T22:47:41","modified_gmt":"2025-02-09T21:47:41","slug":"dzien-chorych-w-licheniu","status":"publish","type":"post","link":"https:\/\/www.lichen.pl\/fr\/dzien-chorych-w-licheniu\/","title":{"rendered":"Dzie\u0144 Chorych w Licheniu"},"content":{"rendered":"<div data-elementor-type=\"wp-post\" data-elementor-id=\"80050\" class=\"elementor elementor-80050\" data-elementor-post-type=\"post\">\n\t\t\t\t\t\t<section class=\"elementor-section elementor-top-section elementor-element elementor-element-61f7abd elementor-section-boxed elementor-section-height-default elementor-section-height-default\" data-id=\"61f7abd\" data-element_type=\"section\" data-e-type=\"section\">\n\t\t\t\t\t\t<div class=\"elementor-container elementor-column-gap-default\">\n\t\t\t\t\t<div class=\"elementor-column elementor-col-100 elementor-top-column elementor-element elementor-element-a8cf113\" data-id=\"a8cf113\" data-element_type=\"column\" data-e-type=\"column\">\n\t\t\t<div class=\"elementor-widget-wrap elementor-element-populated\">\n\t\t\t\t\t\t<div class=\"elementor-element elementor-element-4ba13fd elementor-widget elementor-widget-text-editor\" data-id=\"4ba13fd\" data-element_type=\"widget\" data-e-type=\"widget\" data-widget_type=\"text-editor.default\">\n\t\t\t\t<div class=\"elementor-widget-container\">\n\t\t\t\t\t\t\t\t\t<h3 lang=\"pl-PL\"><b>W niedziel\u0119 poprzedzaj\u0105c\u0105 \u015awiatowy Dzie\u0144 Chorego podczas po\u0142udniowej Mszy \u015bw. w sanktuarium Matki Bo\u017cej Liche\u0144skiej modlono si\u0119 za chorych i cierpi\u0105cych. Wierni zgromadzeni w liche\u0144skiej bazylice wsp\u00f3lnie modlili si\u0119, szukaj\u0105c pocieszenia i duchowej si\u0142y. Msza \u015bw. by\u0142a transmitowana online, dzi\u0119ki czemu tak\u017ce osoby, kt\u00f3re nie mog\u0142y przyby\u0107 osobi\u015bcie do Lichenia, duchowo \u0142\u0105czy\u0142y si\u0119 w modlitwie.<\/b><\/h3>\t\t\t\t\t\t\t\t<\/div>\n\t\t\t\t<\/div>\n\t\t\t\t\t<\/div>\n\t\t<\/div>\n\t\t\t\t\t<\/div>\n\t\t<\/section>\n\t\t\t\t<section class=\"elementor-section elementor-top-section elementor-element elementor-element-0d3d7c9 elementor-section-boxed elementor-section-height-default elementor-section-height-default\" data-id=\"0d3d7c9\" data-element_type=\"section\" data-e-type=\"section\">\n\t\t\t\t\t\t<div class=\"elementor-container elementor-column-gap-default\">\n\t\t\t\t\t<div class=\"elementor-column elementor-col-100 elementor-top-column elementor-element elementor-element-5915d23\" data-id=\"5915d23\" data-element_type=\"column\" data-e-type=\"column\">\n\t\t\t<div class=\"elementor-widget-wrap elementor-element-populated\">\n\t\t\t\t\t\t<div class=\"elementor-element elementor-element-59bdbf7 elementor-widget elementor-widget-heading\" data-id=\"59bdbf7\" data-element_type=\"widget\" data-e-type=\"widget\" data-widget_type=\"heading.default\">\n\t\t\t\t<div class=\"elementor-widget-container\">\n\t\t\t\t\t<h2 class=\"elementor-heading-title elementor-size-default\">\u201e\u0141aska i pok\u00f3j\u201d<\/h2>\t\t\t\t<\/div>\n\t\t\t\t<\/div>\n\t\t\t\t\t<\/div>\n\t\t<\/div>\n\t\t\t\t\t<\/div>\n\t\t<\/section>\n\t\t\t\t<section class=\"elementor-section elementor-top-section elementor-element elementor-element-d13221a elementor-section-boxed elementor-section-height-default elementor-section-height-default\" data-id=\"d13221a\" data-element_type=\"section\" data-e-type=\"section\">\n\t\t\t\t\t\t<div class=\"elementor-container elementor-column-gap-default\">\n\t\t\t\t\t<div class=\"elementor-column elementor-col-100 elementor-top-column elementor-element elementor-element-af28c84\" data-id=\"af28c84\" data-element_type=\"column\" data-e-type=\"column\">\n\t\t\t<div class=\"elementor-widget-wrap elementor-element-populated\">\n\t\t\t\t\t\t<div class=\"elementor-element elementor-element-c511f65 elementor-widget elementor-widget-text-editor\" data-id=\"c511f65\" data-element_type=\"widget\" data-e-type=\"widget\" data-widget_type=\"text-editor.default\">\n\t\t\t\t<div class=\"elementor-widget-container\">\n\t\t\t\t\t\t\t\t\t<p><span style=\"color: #000000;\"><span lang=\"pl-PL\">Kustosz sanktuarium ks. S\u0142awomir Homoncik MIC rozpocz\u0105\u0142 Msz\u0119 \u015bw. s\u0142owami zapraszaj\u0105cymi do g\u0142\u0119bokiego prze\u017cycia Eucharystii.<\/span> <span lang=\"pl-PL\">Kap\u0142an zwr\u00f3ci\u0142 si\u0119 w szczeg\u00f3lny spos\u00f3b do chorych, cierpi\u0105cych i tych, kt\u00f3rzy \u0142\u0105czyli si\u0119 online z sanktaurium:<\/span><\/span><\/p><blockquote><p><span style=\"color: #000000;\"><span lang=\"pl-PL\"><i>C<\/i><\/span><span lang=\"pl-PL\"><i>hcemy Matce Bo\u017cej, Bolesnej Kr\u00f3lowej Polski poleca\u0107 wszystkie osoby cierpi\u0105ce, chore i w podesz\u0142ych latach. Niech Matka Naj\u015bwi\u0119tsza wyprasza im potrzebne \u0142aski, si\u0142\u0119, cierpliwo\u015b\u0107, umiej\u0119tno\u015b\u0107 zgody na wol\u0119 Pana Boga na ka\u017cdy dzie\u0144, kt\u00f3ry nie zawsze jest dniem pe\u0142nym rado\u015bci, ale czasem bywa tak\u017ce dniem pe\u0142nym b\u00f3lu czy cierpienia. Chcemy te wszystkie osoby otoczy\u0107 nasz\u0105 modlitw\u0105.<\/i><\/span><\/span><\/p><\/blockquote>\t\t\t\t\t\t\t\t<\/div>\n\t\t\t\t<\/div>\n\t\t\t\t\t<\/div>\n\t\t<\/div>\n\t\t\t\t\t<\/div>\n\t\t<\/section>\n\t\t\t\t<section class=\"elementor-section elementor-top-section elementor-element elementor-element-420ced8 elementor-section-boxed elementor-section-height-default elementor-section-height-default\" data-id=\"420ced8\" data-element_type=\"section\" data-e-type=\"section\">\n\t\t\t\t\t\t<div class=\"elementor-container elementor-column-gap-default\">\n\t\t\t\t\t<div class=\"elementor-column elementor-col-100 elementor-top-column elementor-element elementor-element-8fb7041\" data-id=\"8fb7041\" data-element_type=\"column\" data-e-type=\"column\">\n\t\t\t<div class=\"elementor-widget-wrap elementor-element-populated\">\n\t\t\t\t\t\t<div class=\"elementor-element elementor-element-398c840 elementor-widget elementor-widget-heading\" data-id=\"398c840\" data-element_type=\"widget\" data-e-type=\"widget\" data-widget_type=\"heading.default\">\n\t\t\t\t<div class=\"elementor-widget-container\">\n\t\t\t\t\t<h2 class=\"elementor-heading-title elementor-size-default\">Trzy Pytania, Kt\u00f3re Mog\u0105 Zmieni\u0107 Twoje \u017bycie<\/h2>\t\t\t\t<\/div>\n\t\t\t\t<\/div>\n\t\t\t\t\t<\/div>\n\t\t<\/div>\n\t\t\t\t\t<\/div>\n\t\t<\/section>\n\t\t\t\t<section class=\"elementor-section elementor-top-section elementor-element elementor-element-c8f4448 elementor-section-boxed elementor-section-height-default elementor-section-height-default\" data-id=\"c8f4448\" data-element_type=\"section\" data-e-type=\"section\">\n\t\t\t\t\t\t<div class=\"elementor-container elementor-column-gap-default\">\n\t\t\t\t\t<div class=\"elementor-column elementor-col-100 elementor-top-column elementor-element elementor-element-723eeb0\" data-id=\"723eeb0\" data-element_type=\"column\" data-e-type=\"column\">\n\t\t\t<div class=\"elementor-widget-wrap elementor-element-populated\">\n\t\t\t\t\t\t<div class=\"elementor-element elementor-element-a6a1f79 elementor-widget elementor-widget-text-editor\" data-id=\"a6a1f79\" data-element_type=\"widget\" data-e-type=\"widget\" data-widget_type=\"text-editor.default\">\n\t\t\t\t<div class=\"elementor-widget-container\">\n\t\t\t\t\t\t\t\t\t<p lang=\"pl-PL\"><span style=\"color: #000000;\">Podczas homilii ks. Homoncik MIC postawi\u0142 wiernym trzy pytania, kt\u00f3re sk\u0142aniaj\u0105 do g\u0142\u0119bokiej refleksji:<\/span><\/p><blockquote><p><span lang=\"pl-PL\" style=\"color: #000000;\"><i>Co my\u015blisz o sobie? Co inni my\u015bl\u0105 o tobie? A wreszcie: Jak my\u015blisz, co my\u015bli o tobie Pan B\u00f3g?<\/i><\/span><\/p><\/blockquote><p lang=\"pl-PL\"><span style=\"color: #000000;\">Kap\u0142an zach\u0119ca\u0142, by zastanowi\u0107 si\u0119, jak postrzegamy siebie i jak nasze \u017cycie wygl\u0105da w \u015bwietle wiary. Przypomnia\u0142, \u017ce nawet wielcy \u015bwi\u0119ci miewali chwile zw\u0105tpienia:<\/span><\/p><blockquote><p><span style=\"color: #000000;\"><em><span lang=\"pl-PL\">Prorok Izajasz m\u00f3wi\u0142: \u201eOdejd\u017a ode mnie Panie, bo jestem cz\u0142owiekiem grzesznym\u201d. \u015awi\u0119ty Pawe\u0142 nazywa siebie \u201eporonionym p\u0142odem\u201d, a \u015bwi\u0119ty Piotr, po cudownym po\u0142owie ryb, m\u00f3wi: \u201eOdejd\u017a ode mnie Panie, bo jestem cz\u0142owiekiem grzesznym\u201d.<\/span><\/em><\/span><\/p><\/blockquote><p><span style=\"color: #000000;\"><span lang=\"pl-PL\">Wszystko to prowadzi\u0142o do wa\u017cnej konkluzji: <\/span><em><span lang=\"pl-PL\">B\u00f3g patrzy na cz\u0142owieka inaczej ni\u017c ludzie. Widzi w nas wi\u0119cej dobra, ni\u017c my sami potrafimy dostrzec.<\/span><\/em><\/span><\/p>\t\t\t\t\t\t\t\t<\/div>\n\t\t\t\t<\/div>\n\t\t\t\t\t<\/div>\n\t\t<\/div>\n\t\t\t\t\t<\/div>\n\t\t<\/section>\n\t\t\t\t<section class=\"elementor-section elementor-top-section elementor-element elementor-element-b74b502 elementor-section-boxed elementor-section-height-default elementor-section-height-default\" data-id=\"b74b502\" data-element_type=\"section\" data-e-type=\"section\">\n\t\t\t\t\t\t<div class=\"elementor-container elementor-column-gap-default\">\n\t\t\t\t\t<div class=\"elementor-column elementor-col-100 elementor-top-column elementor-element elementor-element-a6e8cdd\" data-id=\"a6e8cdd\" data-element_type=\"column\" data-e-type=\"column\">\n\t\t\t<div class=\"elementor-widget-wrap elementor-element-populated\">\n\t\t\t\t\t\t<div class=\"elementor-element elementor-element-7bd36a4 elementor-widget elementor-widget-heading\" data-id=\"7bd36a4\" data-element_type=\"widget\" data-e-type=\"widget\" data-widget_type=\"heading.default\">\n\t\t\t\t<div class=\"elementor-widget-container\">\n\t\t\t\t\t<h2 class=\"elementor-heading-title elementor-size-default\">Nie Czekaj \u2013 Zr\u00f3b Co\u015b Dobrego Dla Innych<\/h2>\t\t\t\t<\/div>\n\t\t\t\t<\/div>\n\t\t\t\t\t<\/div>\n\t\t<\/div>\n\t\t\t\t\t<\/div>\n\t\t<\/section>\n\t\t\t\t<section class=\"elementor-section elementor-top-section elementor-element elementor-element-fa94a4f elementor-section-boxed elementor-section-height-default elementor-section-height-default\" data-id=\"fa94a4f\" data-element_type=\"section\" data-e-type=\"section\">\n\t\t\t\t\t\t<div class=\"elementor-container elementor-column-gap-default\">\n\t\t\t\t\t<div class=\"elementor-column elementor-col-100 elementor-top-column elementor-element elementor-element-a795d44\" data-id=\"a795d44\" data-element_type=\"column\" data-e-type=\"column\">\n\t\t\t<div class=\"elementor-widget-wrap elementor-element-populated\">\n\t\t\t\t\t\t<div class=\"elementor-element elementor-element-6f9bb8d elementor-widget elementor-widget-text-editor\" data-id=\"6f9bb8d\" data-element_type=\"widget\" data-e-type=\"widget\" data-widget_type=\"text-editor.default\">\n\t\t\t\t<div class=\"elementor-widget-container\">\n\t\t\t\t\t\t\t\t\t<p><span style=\"color: #000000;\"><span lang=\"pl-PL\">Podsumowuj\u0105c homili\u0119, ks. Homoncik MIC zach\u0119ci\u0142, by nie poprzestawa\u0107 na rozwa\u017caniach, ale <\/span><span lang=\"pl-PL\">przeku\u0107 je w dzia\u0142anie<\/span><span lang=\"pl-PL\">:<\/span><\/span><\/p><blockquote><p><span lang=\"pl-PL\" style=\"color: #000000;\"><i>Zr\u00f3b co\u015b dobrego dla innych.<\/i><\/span><\/p><\/blockquote><p><span style=\"color: #000000;\"><span lang=\"pl-PL\">To proste, ale mocne wezwanie by\u0142o swoistym przes\u0142aniem Mszy \u015bw. \u2013 aby\u015bmy <\/span><span lang=\"pl-PL\">ka\u017cdego dnia starali si\u0119 wnosi\u0107 dobro w \u017cycie innych ludzi<\/span><span lang=\"pl-PL\">.<\/span><\/span><\/p>\t\t\t\t\t\t\t\t<\/div>\n\t\t\t\t<\/div>\n\t\t\t\t\t<\/div>\n\t\t<\/div>\n\t\t\t\t\t<\/div>\n\t\t<\/section>\n\t\t\t\t<section class=\"elementor-section elementor-top-section elementor-element elementor-element-1ddfa3a elementor-section-boxed elementor-section-height-default elementor-section-height-default\" data-id=\"1ddfa3a\" data-element_type=\"section\" data-e-type=\"section\">\n\t\t\t\t\t\t<div class=\"elementor-container elementor-column-gap-default\">\n\t\t\t\t\t<div class=\"elementor-column elementor-col-100 elementor-top-column elementor-element elementor-element-b4ef118\" data-id=\"b4ef118\" data-element_type=\"column\" data-e-type=\"column\">\n\t\t\t<div class=\"elementor-widget-wrap elementor-element-populated\">\n\t\t\t\t\t\t<div class=\"elementor-element elementor-element-6c14bfe elementor-widget elementor-widget-heading\" data-id=\"6c14bfe\" data-element_type=\"widget\" data-e-type=\"widget\" data-widget_type=\"heading.default\">\n\t\t\t\t<div class=\"elementor-widget-container\">\n\t\t\t\t\t<h2 class=\"elementor-heading-title elementor-size-default\">Sakrament, Kt\u00f3ry Dodaje Si\u0142 \u2013 Namaszczenie Chorych<\/h2>\t\t\t\t<\/div>\n\t\t\t\t<\/div>\n\t\t\t\t\t<\/div>\n\t\t<\/div>\n\t\t\t\t\t<\/div>\n\t\t<\/section>\n\t\t\t\t<section class=\"elementor-section elementor-top-section elementor-element elementor-element-c958631 elementor-section-boxed elementor-section-height-default elementor-section-height-default\" data-id=\"c958631\" data-element_type=\"section\" data-e-type=\"section\">\n\t\t\t\t\t\t<div class=\"elementor-container elementor-column-gap-default\">\n\t\t\t\t\t<div class=\"elementor-column elementor-col-100 elementor-top-column elementor-element elementor-element-365c072\" data-id=\"365c072\" data-element_type=\"column\" data-e-type=\"column\">\n\t\t\t<div class=\"elementor-widget-wrap elementor-element-populated\">\n\t\t\t\t\t\t<div class=\"elementor-element elementor-element-f202754 elementor-widget elementor-widget-text-editor\" data-id=\"f202754\" data-element_type=\"widget\" data-e-type=\"widget\" data-widget_type=\"text-editor.default\">\n\t\t\t\t<div class=\"elementor-widget-container\">\n\t\t\t\t\t\t\t\t\t<p lang=\"pl-PL\"><span style=\"color: #000000;\">Po zako\u0144czonej Mszy \u015bw. wierni mogli przyst\u0105pi\u0107 do sakramentu namaszczenia chorych. Ksi\u0105dz kustosz przypomnia\u0142, \u017ce przyj\u0119cie tego sakramentu wymaga spe\u0142nienia pewnych warunk\u00f3w:<\/span><\/p><blockquote><p><span lang=\"pl-PL\" style=\"color: #000000;\"><i>Nie chodzi o zwyk\u0142y katar czy przezi\u0119bienie, ale o chorob\u0119, kt\u00f3ra faktycznie zagra\u017ca naszemu \u017cyciu \u2013 czy to powa\u017cna diagnoza, czy czekaj\u0105ca operacja.<\/i><\/span><\/p><\/blockquote><p lang=\"pl-PL\"><span style=\"color: #000000;\">Wyja\u015bni\u0142 te\u017c przebieg samego obrz\u0119du:<\/span><\/p><blockquote><p><span lang=\"pl-PL\" style=\"color: #000000;\"><i>Najpierw kap\u0142ani namaszcz\u0105 wasze czo\u0142a i d\u0142onie \u2013 na ka\u017cd\u0105 cz\u0119\u015b\u0107 formu\u0142y odpowiecie \u201eAmen\u201d. To znak, \u017ce modlitwa pe\u0142na wiary mo\u017ce sta\u0107 si\u0119 dla chorego ratunkiem.<\/i><\/span><\/p><\/blockquote>\t\t\t\t\t\t\t\t<\/div>\n\t\t\t\t<\/div>\n\t\t\t\t\t<\/div>\n\t\t<\/div>\n\t\t\t\t\t<\/div>\n\t\t<\/section>\n\t\t\t\t<section class=\"elementor-section elementor-top-section elementor-element elementor-element-b72f584 elementor-section-boxed elementor-section-height-default elementor-section-height-default\" data-id=\"b72f584\" data-element_type=\"section\" data-e-type=\"section\">\n\t\t\t\t\t\t<div class=\"elementor-container elementor-column-gap-default\">\n\t\t\t\t\t<div class=\"elementor-column elementor-col-100 elementor-top-column elementor-element elementor-element-9bd637b\" data-id=\"9bd637b\" data-element_type=\"column\" data-e-type=\"column\">\n\t\t\t<div class=\"elementor-widget-wrap elementor-element-populated\">\n\t\t\t\t\t\t<div class=\"elementor-element elementor-element-e9e0e84 elementor-widget elementor-widget-heading\" data-id=\"e9e0e84\" data-element_type=\"widget\" data-e-type=\"widget\" data-widget_type=\"heading.default\">\n\t\t\t\t<div class=\"elementor-widget-container\">\n\t\t\t\t\t<h2 class=\"elementor-heading-title elementor-size-default\">Podsumowanie \u2013 Msza, Kt\u00f3ra Dotyka Serca<\/h2>\t\t\t\t<\/div>\n\t\t\t\t<\/div>\n\t\t\t\t\t<\/div>\n\t\t<\/div>\n\t\t\t\t\t<\/div>\n\t\t<\/section>\n\t\t\t\t<section class=\"elementor-section elementor-top-section elementor-element elementor-element-fbd237f elementor-section-boxed elementor-section-height-default elementor-section-height-default\" data-id=\"fbd237f\" data-element_type=\"section\" data-e-type=\"section\">\n\t\t\t\t\t\t<div class=\"elementor-container elementor-column-gap-default\">\n\t\t\t\t\t<div class=\"elementor-column elementor-col-100 elementor-top-column elementor-element elementor-element-c8ba51b\" data-id=\"c8ba51b\" data-element_type=\"column\" data-e-type=\"column\">\n\t\t\t<div class=\"elementor-widget-wrap elementor-element-populated\">\n\t\t\t\t\t\t<div class=\"elementor-element elementor-element-7275001 elementor-widget elementor-widget-text-editor\" data-id=\"7275001\" data-element_type=\"widget\" data-e-type=\"widget\" data-widget_type=\"text-editor.default\">\n\t\t\t\t<div class=\"elementor-widget-container\">\n\t\t\t\t\t\t\t\t\t<p><span style=\"color: #000000;\"><span lang=\"pl-PL\">Dzie\u0144 Chorych w liche\u0144skim sanktuarium by\u0142 pi\u0119knym <\/span><span lang=\"pl-PL\">czasem refleksji, duchowego wzmocnienia i poczucia wsp\u00f3lnoty<\/span><span lang=\"pl-PL\">. Przes\u0142anie ks. S\u0142awomira Homoncika MIC o akceptacji siebie, spojrzeniu na siebie oczami Boga i czynieniu dobra pozostanie aktualne ka\u017cdego dnia naszego \u017cycia.<\/span><\/span><\/p>\t\t\t\t\t\t\t\t<\/div>\n\t\t\t\t<\/div>\n\t\t\t\t\t<\/div>\n\t\t<\/div>\n\t\t\t\t\t<\/div>\n\t\t<\/section>\n\t\t\t\t<section class=\"elementor-section elementor-top-section elementor-element elementor-element-f773d3e elementor-section-boxed elementor-section-height-default elementor-section-height-default\" data-id=\"f773d3e\" data-element_type=\"section\" data-e-type=\"section\">\n\t\t\t\t\t\t<div class=\"elementor-container elementor-column-gap-default\">\n\t\t\t\t\t<div class=\"elementor-column elementor-col-100 elementor-top-column elementor-element elementor-element-803b206\" data-id=\"803b206\" data-element_type=\"column\" data-e-type=\"column\">\n\t\t\t<div class=\"elementor-widget-wrap elementor-element-populated\">\n\t\t\t\t\t\t<div class=\"elementor-element elementor-element-53f3966 elementor-widget elementor-widget-gallery\" data-id=\"53f3966\" data-element_type=\"widget\" data-e-type=\"widget\" data-settings=\"{&quot;lazyload&quot;:&quot;yes&quot;,&quot;gallery_layout&quot;:&quot;grid&quot;,&quot;columns&quot;:4,&quot;columns_tablet&quot;:2,&quot;columns_mobile&quot;:1,&quot;gap&quot;:{&quot;unit&quot;:&quot;px&quot;,&quot;size&quot;:10,&quot;sizes&quot;:[]},&quot;gap_tablet&quot;:{&quot;unit&quot;:&quot;px&quot;,&quot;size&quot;:10,&quot;sizes&quot;:[]},&quot;gap_mobile&quot;:{&quot;unit&quot;:&quot;px&quot;,&quot;size&quot;:10,&quot;sizes&quot;:[]},&quot;link_to&quot;:&quot;file&quot;,&quot;aspect_ratio&quot;:&quot;3:2&quot;,&quot;overlay_background&quot;:&quot;yes&quot;,&quot;content_hover_animation&quot;:&quot;fade-in&quot;}\" data-widget_type=\"gallery.default\">\n\t\t\t\t<div class=\"elementor-widget-container\">\n\t\t\t\t\t\t\t<div class=\"elementor-gallery__container\">\n\t\t\t\t\t\t\t<a class=\"e-gallery-item elementor-gallery-item elementor-animated-content\" href=\"https:\/\/www.lichen.pl\/wp-content\/uploads\/2025\/02\/Namaszczenie_-chorych-11.jpg\" data-elementor-open-lightbox=\"yes\" data-elementor-lightbox-slideshow=\"53f3966\" data-elementor-lightbox-title=\"Namaszczenie_ chorych (11)\" data-e-action-hash=\"#elementor-action%3Aaction%3Dlightbox%26settings%3DeyJpZCI6ODAwNTEsInVybCI6Imh0dHBzOlwvXC93d3cubGljaGVuLnBsXC93cC1jb250ZW50XC91cGxvYWRzXC8yMDI1XC8wMlwvTmFtYXN6Y3plbmllXy1jaG9yeWNoLTExLmpwZyIsInNsaWRlc2hvdyI6IjUzZjM5NjYifQ%3D%3D\">\n\t\t\t\t\t<div class=\"e-gallery-image elementor-gallery-item__image\" data-thumbnail=\"https:\/\/www.lichen.pl\/wp-content\/uploads\/2025\/02\/Namaszczenie_-chorych-11-300x200.jpg\" data-width=\"300\" data-height=\"200\" aria-label=\"\" role=\"img\" ><\/div>\n\t\t\t\t\t\t\t\t\t\t\t<div class=\"elementor-gallery-item__overlay\"><\/div>\n\t\t\t\t\t\t\t\t\t\t\t\t\t\t<\/a>\n\t\t\t\t\t\t\t<a class=\"e-gallery-item elementor-gallery-item elementor-animated-content\" href=\"https:\/\/www.lichen.pl\/wp-content\/uploads\/2025\/02\/Namaszczenie_-chorych-14.jpg\" data-elementor-open-lightbox=\"yes\" data-elementor-lightbox-slideshow=\"53f3966\" data-elementor-lightbox-title=\"Namaszczenie_ chorych (14)\" data-e-action-hash=\"#elementor-action%3Aaction%3Dlightbox%26settings%3DeyJpZCI6ODAwNTIsInVybCI6Imh0dHBzOlwvXC93d3cubGljaGVuLnBsXC93cC1jb250ZW50XC91cGxvYWRzXC8yMDI1XC8wMlwvTmFtYXN6Y3plbmllXy1jaG9yeWNoLTE0LmpwZyIsInNsaWRlc2hvdyI6IjUzZjM5NjYifQ%3D%3D\">\n\t\t\t\t\t<div class=\"e-gallery-image elementor-gallery-item__image\" data-thumbnail=\"https:\/\/www.lichen.pl\/wp-content\/uploads\/2025\/02\/Namaszczenie_-chorych-14-300x200.jpg\" data-width=\"300\" data-height=\"200\" aria-label=\"\" role=\"img\" ><\/div>\n\t\t\t\t\t\t\t\t\t\t\t<div class=\"elementor-gallery-item__overlay\"><\/div>\n\t\t\t\t\t\t\t\t\t\t\t\t\t\t<\/a>\n\t\t\t\t\t\t\t<a class=\"e-gallery-item elementor-gallery-item elementor-animated-content\" href=\"https:\/\/www.lichen.pl\/wp-content\/uploads\/2025\/02\/Namaszczenie_-chorych-15.jpg\" data-elementor-open-lightbox=\"yes\" data-elementor-lightbox-slideshow=\"53f3966\" data-elementor-lightbox-title=\"Namaszczenie_ chorych (15)\" data-e-action-hash=\"#elementor-action%3Aaction%3Dlightbox%26settings%3DeyJpZCI6ODAwNTMsInVybCI6Imh0dHBzOlwvXC93d3cubGljaGVuLnBsXC93cC1jb250ZW50XC91cGxvYWRzXC8yMDI1XC8wMlwvTmFtYXN6Y3plbmllXy1jaG9yeWNoLTE1LmpwZyIsInNsaWRlc2hvdyI6IjUzZjM5NjYifQ%3D%3D\">\n\t\t\t\t\t<div class=\"e-gallery-image elementor-gallery-item__image\" data-thumbnail=\"https:\/\/www.lichen.pl\/wp-content\/uploads\/2025\/02\/Namaszczenie_-chorych-15-300x200.jpg\" data-width=\"300\" data-height=\"200\" aria-label=\"\" role=\"img\" ><\/div>\n\t\t\t\t\t\t\t\t\t\t\t<div class=\"elementor-gallery-item__overlay\"><\/div>\n\t\t\t\t\t\t\t\t\t\t\t\t\t\t<\/a>\n\t\t\t\t\t\t\t<a class=\"e-gallery-item elementor-gallery-item elementor-animated-content\" href=\"https:\/\/www.lichen.pl\/wp-content\/uploads\/2025\/02\/Namaszczenie_-chorych-17.jpg\" data-elementor-open-lightbox=\"yes\" data-elementor-lightbox-slideshow=\"53f3966\" data-elementor-lightbox-title=\"Namaszczenie_ chorych (17)\" data-e-action-hash=\"#elementor-action%3Aaction%3Dlightbox%26settings%3DeyJpZCI6ODAwNTQsInVybCI6Imh0dHBzOlwvXC93d3cubGljaGVuLnBsXC93cC1jb250ZW50XC91cGxvYWRzXC8yMDI1XC8wMlwvTmFtYXN6Y3plbmllXy1jaG9yeWNoLTE3LmpwZyIsInNsaWRlc2hvdyI6IjUzZjM5NjYifQ%3D%3D\">\n\t\t\t\t\t<div class=\"e-gallery-image elementor-gallery-item__image\" data-thumbnail=\"https:\/\/www.lichen.pl\/wp-content\/uploads\/2025\/02\/Namaszczenie_-chorych-17-300x200.jpg\" data-width=\"300\" data-height=\"200\" aria-label=\"\" role=\"img\" ><\/div>\n\t\t\t\t\t\t\t\t\t\t\t<div class=\"elementor-gallery-item__overlay\"><\/div>\n\t\t\t\t\t\t\t\t\t\t\t\t\t\t<\/a>\n\t\t\t\t\t\t\t<a class=\"e-gallery-item elementor-gallery-item elementor-animated-content\" href=\"https:\/\/www.lichen.pl\/wp-content\/uploads\/2025\/02\/Namaszczenie_-chorych-25.jpg\" data-elementor-open-lightbox=\"yes\" data-elementor-lightbox-slideshow=\"53f3966\" data-elementor-lightbox-title=\"Namaszczenie_ chorych (25)\" data-e-action-hash=\"#elementor-action%3Aaction%3Dlightbox%26settings%3DeyJpZCI6ODAwNTUsInVybCI6Imh0dHBzOlwvXC93d3cubGljaGVuLnBsXC93cC1jb250ZW50XC91cGxvYWRzXC8yMDI1XC8wMlwvTmFtYXN6Y3plbmllXy1jaG9yeWNoLTI1LmpwZyIsInNsaWRlc2hvdyI6IjUzZjM5NjYifQ%3D%3D\">\n\t\t\t\t\t<div class=\"e-gallery-image elementor-gallery-item__image\" data-thumbnail=\"https:\/\/www.lichen.pl\/wp-content\/uploads\/2025\/02\/Namaszczenie_-chorych-25-300x200.jpg\" data-width=\"300\" data-height=\"200\" aria-label=\"\" role=\"img\" ><\/div>\n\t\t\t\t\t\t\t\t\t\t\t<div class=\"elementor-gallery-item__overlay\"><\/div>\n\t\t\t\t\t\t\t\t\t\t\t\t\t\t<\/a>\n\t\t\t\t\t\t\t<a class=\"e-gallery-item elementor-gallery-item elementor-animated-content\" href=\"https:\/\/www.lichen.pl\/wp-content\/uploads\/2025\/02\/Namaszczenie_-chorych-27.jpg\" data-elementor-open-lightbox=\"yes\" data-elementor-lightbox-slideshow=\"53f3966\" data-elementor-lightbox-title=\"Namaszczenie_ chorych (27)\" data-e-action-hash=\"#elementor-action%3Aaction%3Dlightbox%26settings%3DeyJpZCI6ODAwNTYsInVybCI6Imh0dHBzOlwvXC93d3cubGljaGVuLnBsXC93cC1jb250ZW50XC91cGxvYWRzXC8yMDI1XC8wMlwvTmFtYXN6Y3plbmllXy1jaG9yeWNoLTI3LmpwZyIsInNsaWRlc2hvdyI6IjUzZjM5NjYifQ%3D%3D\">\n\t\t\t\t\t<div class=\"e-gallery-image elementor-gallery-item__image\" data-thumbnail=\"https:\/\/www.lichen.pl\/wp-content\/uploads\/2025\/02\/Namaszczenie_-chorych-27-300x200.jpg\" data-width=\"300\" data-height=\"200\" aria-label=\"\" role=\"img\" ><\/div>\n\t\t\t\t\t\t\t\t\t\t\t<div class=\"elementor-gallery-item__overlay\"><\/div>\n\t\t\t\t\t\t\t\t\t\t\t\t\t\t<\/a>\n\t\t\t\t\t\t\t<a class=\"e-gallery-item elementor-gallery-item elementor-animated-content\" href=\"https:\/\/www.lichen.pl\/wp-content\/uploads\/2025\/02\/Namaszczenie_-chorych-29.jpg\" data-elementor-open-lightbox=\"yes\" data-elementor-lightbox-slideshow=\"53f3966\" data-elementor-lightbox-title=\"Namaszczenie_ chorych (29)\" data-e-action-hash=\"#elementor-action%3Aaction%3Dlightbox%26settings%3DeyJpZCI6ODAwNTcsInVybCI6Imh0dHBzOlwvXC93d3cubGljaGVuLnBsXC93cC1jb250ZW50XC91cGxvYWRzXC8yMDI1XC8wMlwvTmFtYXN6Y3plbmllXy1jaG9yeWNoLTI5LmpwZyIsInNsaWRlc2hvdyI6IjUzZjM5NjYifQ%3D%3D\">\n\t\t\t\t\t<div class=\"e-gallery-image elementor-gallery-item__image\" data-thumbnail=\"https:\/\/www.lichen.pl\/wp-content\/uploads\/2025\/02\/Namaszczenie_-chorych-29-300x200.jpg\" data-width=\"300\" data-height=\"200\" aria-label=\"\" role=\"img\" ><\/div>\n\t\t\t\t\t\t\t\t\t\t\t<div class=\"elementor-gallery-item__overlay\"><\/div>\n\t\t\t\t\t\t\t\t\t\t\t\t\t\t<\/a>\n\t\t\t\t\t\t\t<a class=\"e-gallery-item elementor-gallery-item elementor-animated-content\" href=\"https:\/\/www.lichen.pl\/wp-content\/uploads\/2025\/02\/Namaszczenie_-chorych-33.jpg\" data-elementor-open-lightbox=\"yes\" data-elementor-lightbox-slideshow=\"53f3966\" data-elementor-lightbox-title=\"Namaszczenie_ chorych (33)\" data-e-action-hash=\"#elementor-action%3Aaction%3Dlightbox%26settings%3DeyJpZCI6ODAwNTgsInVybCI6Imh0dHBzOlwvXC93d3cubGljaGVuLnBsXC93cC1jb250ZW50XC91cGxvYWRzXC8yMDI1XC8wMlwvTmFtYXN6Y3plbmllXy1jaG9yeWNoLTMzLmpwZyIsInNsaWRlc2hvdyI6IjUzZjM5NjYifQ%3D%3D\">\n\t\t\t\t\t<div class=\"e-gallery-image elementor-gallery-item__image\" data-thumbnail=\"https:\/\/www.lichen.pl\/wp-content\/uploads\/2025\/02\/Namaszczenie_-chorych-33-300x200.jpg\" data-width=\"300\" data-height=\"200\" aria-label=\"\" role=\"img\" ><\/div>\n\t\t\t\t\t\t\t\t\t\t\t<div class=\"elementor-gallery-item__overlay\"><\/div>\n\t\t\t\t\t\t\t\t\t\t\t\t\t\t<\/a>\n\t\t\t\t\t<\/div>\n\t\t\t\t\t<\/div>\n\t\t\t\t<\/div>\n\t\t\t\t\t<\/div>\n\t\t<\/div>\n\t\t\t\t\t<\/div>\n\t\t<\/section>\n\t\t\t\t<\/div>","protected":false},"excerpt":{"rendered":"<p>W niedziel\u0119 poprzedzaj\u0105c\u0105 \u015awiatowy Dzie\u0144 Chorego podczas po\u0142udniowej Mszy \u015bw. w sanktuarium Matki Bo\u017cej Liche\u0144skiej modlono si\u0119 za chorych i cierpi\u0105cych. Wierni zgromadzeni w liche\u0144skiej bazylice wsp\u00f3lnie modlili si\u0119, szukaj\u0105c pocieszenia i duchowej si\u0142y. Msza \u015bw. by\u0142a transmitowana online, dzi\u0119ki czemu tak\u017ce osoby, kt\u00f3re nie mog\u0142y przyby\u0107 osobi\u015bcie do Lichenia, duchowo \u0142\u0105czy\u0142y si\u0119 w modlitwie. [&hellip;]<\/p>\n","protected":false},"author":8,"featured_media":80058,"comment_status":"closed","ping_status":"closed","sticky":false,"template":"","format":"standard","meta":{"footnotes":""},"categories":[1],"tags":[],"class_list":["post-80050","post","type-post","status-publish","format-standard","has-post-thumbnail","hentry","category-aktualnosci","wpbf-post"],"yoast_head":"<!-- This site is optimized with the Yoast SEO plugin v27.4 - https:\/\/yoast.com\/product\/yoast-seo-wordpress\/ -->\n<title>Dzie\u0144 Chorych w Licheniu - SANKTUARIUM W LICHENIU<\/title>\n<meta name=\"robots\" content=\"index, follow, max-snippet:-1, max-image-preview:large, max-video-preview:-1\" \/>\n<link rel=\"canonical\" href=\"https:\/\/www.lichen.pl\/fr\/dzien-chorych-w-licheniu\/\" \/>\n<meta property=\"og:locale\" content=\"fr_FR\" \/>\n<meta property=\"og:type\" content=\"article\" \/>\n<meta property=\"og:title\" content=\"Dzie\u0144 Chorych w Licheniu - SANKTUARIUM W LICHENIU\" \/>\n<meta property=\"og:description\" content=\"W niedziel\u0119 poprzedzaj\u0105c\u0105 \u015awiatowy Dzie\u0144 Chorego podczas po\u0142udniowej Mszy \u015bw. w sanktuarium Matki Bo\u017cej Liche\u0144skiej modlono si\u0119 za chorych i cierpi\u0105cych. Wierni zgromadzeni w liche\u0144skiej bazylice wsp\u00f3lnie modlili si\u0119, szukaj\u0105c pocieszenia i duchowej si\u0142y. Msza \u015bw. by\u0142a transmitowana online, dzi\u0119ki czemu tak\u017ce osoby, kt\u00f3re nie mog\u0142y przyby\u0107 osobi\u015bcie do Lichenia, duchowo \u0142\u0105czy\u0142y si\u0119 w modlitwie. [&hellip;]\" \/>\n<meta property=\"og:url\" content=\"https:\/\/www.lichen.pl\/fr\/dzien-chorych-w-licheniu\/\" \/>\n<meta property=\"og:site_name\" content=\"SANKTUARIUM W LICHENIU\" \/>\n<meta property=\"article:published_time\" content=\"2025-02-09T21:47:15+00:00\" \/>\n<meta property=\"article:modified_time\" content=\"2025-02-09T21:47:41+00:00\" \/>\n<meta property=\"og:image\" content=\"https:\/\/www.lichen.pl\/wp-content\/uploads\/2025\/02\/Namaszczenie_-chorych-33-1024x683.jpg\" \/>\n\t<meta property=\"og:image:width\" content=\"1024\" \/>\n\t<meta property=\"og:image:height\" content=\"683\" \/>\n\t<meta property=\"og:image:type\" content=\"image\/jpeg\" \/>\n<meta name=\"author\" content=\"Biuro Prasowe\" \/>\n<meta name=\"twitter:card\" content=\"summary_large_image\" \/>\n<meta name=\"twitter:label1\" content=\"\u00c9crit par\" \/>\n\t<meta name=\"twitter:data1\" content=\"Biuro Prasowe\" \/>\n\t<meta name=\"twitter:label2\" content=\"Dur\u00e9e de lecture estim\u00e9e\" \/>\n\t<meta name=\"twitter:data2\" content=\"2 minutes\" \/>\n<script type=\"application\/ld+json\" class=\"yoast-schema-graph\">{\"@context\":\"https:\\\/\\\/schema.org\",\"@graph\":[{\"@type\":\"Article\",\"@id\":\"https:\\\/\\\/www.lichen.pl\\\/dzien-chorych-w-licheniu\\\/#article\",\"isPartOf\":{\"@id\":\"https:\\\/\\\/www.lichen.pl\\\/dzien-chorych-w-licheniu\\\/\"},\"author\":{\"name\":\"Biuro Prasowe\",\"@id\":\"https:\\\/\\\/www.lichen.pl\\\/fr\\\/#\\\/schema\\\/person\\\/682b5cfa2f8a664a298ed0bc19782a02\"},\"headline\":\"Dzie\u0144 Chorych w Licheniu\",\"datePublished\":\"2025-02-09T21:47:15+00:00\",\"dateModified\":\"2025-02-09T21:47:41+00:00\",\"mainEntityOfPage\":{\"@id\":\"https:\\\/\\\/www.lichen.pl\\\/dzien-chorych-w-licheniu\\\/\"},\"wordCount\":549,\"image\":{\"@id\":\"https:\\\/\\\/www.lichen.pl\\\/dzien-chorych-w-licheniu\\\/#primaryimage\"},\"thumbnailUrl\":\"https:\\\/\\\/www.lichen.pl\\\/wp-content\\\/uploads\\\/2025\\\/02\\\/Namaszczenie_-chorych-33.jpg\",\"articleSection\":[\"Aktualno\u015bci\"],\"inLanguage\":\"fr-FR\"},{\"@type\":\"WebPage\",\"@id\":\"https:\\\/\\\/www.lichen.pl\\\/dzien-chorych-w-licheniu\\\/\",\"url\":\"https:\\\/\\\/www.lichen.pl\\\/dzien-chorych-w-licheniu\\\/\",\"name\":\"Dzie\u0144 Chorych w Licheniu - SANKTUARIUM W LICHENIU\",\"isPartOf\":{\"@id\":\"https:\\\/\\\/www.lichen.pl\\\/fr\\\/#website\"},\"primaryImageOfPage\":{\"@id\":\"https:\\\/\\\/www.lichen.pl\\\/dzien-chorych-w-licheniu\\\/#primaryimage\"},\"image\":{\"@id\":\"https:\\\/\\\/www.lichen.pl\\\/dzien-chorych-w-licheniu\\\/#primaryimage\"},\"thumbnailUrl\":\"https:\\\/\\\/www.lichen.pl\\\/wp-content\\\/uploads\\\/2025\\\/02\\\/Namaszczenie_-chorych-33.jpg\",\"datePublished\":\"2025-02-09T21:47:15+00:00\",\"dateModified\":\"2025-02-09T21:47:41+00:00\",\"author\":{\"@id\":\"https:\\\/\\\/www.lichen.pl\\\/fr\\\/#\\\/schema\\\/person\\\/682b5cfa2f8a664a298ed0bc19782a02\"},\"breadcrumb\":{\"@id\":\"https:\\\/\\\/www.lichen.pl\\\/dzien-chorych-w-licheniu\\\/#breadcrumb\"},\"inLanguage\":\"fr-FR\",\"potentialAction\":[{\"@type\":\"ReadAction\",\"target\":[\"https:\\\/\\\/www.lichen.pl\\\/dzien-chorych-w-licheniu\\\/\"]}]},{\"@type\":\"ImageObject\",\"inLanguage\":\"fr-FR\",\"@id\":\"https:\\\/\\\/www.lichen.pl\\\/dzien-chorych-w-licheniu\\\/#primaryimage\",\"url\":\"https:\\\/\\\/www.lichen.pl\\\/wp-content\\\/uploads\\\/2025\\\/02\\\/Namaszczenie_-chorych-33.jpg\",\"contentUrl\":\"https:\\\/\\\/www.lichen.pl\\\/wp-content\\\/uploads\\\/2025\\\/02\\\/Namaszczenie_-chorych-33.jpg\",\"width\":1920,\"height\":1280},{\"@type\":\"BreadcrumbList\",\"@id\":\"https:\\\/\\\/www.lichen.pl\\\/dzien-chorych-w-licheniu\\\/#breadcrumb\",\"itemListElement\":[{\"@type\":\"ListItem\",\"position\":1,\"name\":\"Strona g\u0142\u00f3wna\",\"item\":\"https:\\\/\\\/www.lichen.pl\\\/\"},{\"@type\":\"ListItem\",\"position\":2,\"name\":\"Dzie\u0144 Chorych w Licheniu\"}]},{\"@type\":\"WebSite\",\"@id\":\"https:\\\/\\\/www.lichen.pl\\\/fr\\\/#website\",\"url\":\"https:\\\/\\\/www.lichen.pl\\\/fr\\\/\",\"name\":\"SANKTUARIUM W LICHENIU\",\"description\":\"MATKI BO\u017bEJ LICHE\u0143SKIEJ BOLESNEJ KR\u00d3LOWEJ POLSKI\",\"potentialAction\":[{\"@type\":\"SearchAction\",\"target\":{\"@type\":\"EntryPoint\",\"urlTemplate\":\"https:\\\/\\\/www.lichen.pl\\\/fr\\\/?s={search_term_string}\"},\"query-input\":{\"@type\":\"PropertyValueSpecification\",\"valueRequired\":true,\"valueName\":\"search_term_string\"}}],\"inLanguage\":\"fr-FR\"},{\"@type\":\"Person\",\"@id\":\"https:\\\/\\\/www.lichen.pl\\\/fr\\\/#\\\/schema\\\/person\\\/682b5cfa2f8a664a298ed0bc19782a02\",\"name\":\"Biuro Prasowe\",\"image\":{\"@type\":\"ImageObject\",\"inLanguage\":\"fr-FR\",\"@id\":\"https:\\\/\\\/secure.gravatar.com\\\/avatar\\\/07fa3449d37670fd38888cb2e3db27aa13df245d811ec65206e44888f202bb53?s=96&d=retro&r=g\",\"url\":\"https:\\\/\\\/secure.gravatar.com\\\/avatar\\\/07fa3449d37670fd38888cb2e3db27aa13df245d811ec65206e44888f202bb53?s=96&d=retro&r=g\",\"contentUrl\":\"https:\\\/\\\/secure.gravatar.com\\\/avatar\\\/07fa3449d37670fd38888cb2e3db27aa13df245d811ec65206e44888f202bb53?s=96&d=retro&r=g\",\"caption\":\"Biuro Prasowe\"},\"sameAs\":[\"http:\\\/\\\/www.lichen.pl\"],\"url\":\"https:\\\/\\\/www.lichen.pl\\\/fr\\\/author\\\/biuro-prasowe\\\/\"}]}<\/script>\n<!-- \/ Yoast SEO plugin. -->","yoast_head_json":{"title":"Dzie\u0144 Chorych w Licheniu - SANKTUARIUM W LICHENIU","robots":{"index":"index","follow":"follow","max-snippet":"max-snippet:-1","max-image-preview":"max-image-preview:large","max-video-preview":"max-video-preview:-1"},"canonical":"https:\/\/www.lichen.pl\/fr\/dzien-chorych-w-licheniu\/","og_locale":"fr_FR","og_type":"article","og_title":"Dzie\u0144 Chorych w Licheniu - SANKTUARIUM W LICHENIU","og_description":"W niedziel\u0119 poprzedzaj\u0105c\u0105 \u015awiatowy Dzie\u0144 Chorego podczas po\u0142udniowej Mszy \u015bw. w sanktuarium Matki Bo\u017cej Liche\u0144skiej modlono si\u0119 za chorych i cierpi\u0105cych. Wierni zgromadzeni w liche\u0144skiej bazylice wsp\u00f3lnie modlili si\u0119, szukaj\u0105c pocieszenia i duchowej si\u0142y. Msza \u015bw. by\u0142a transmitowana online, dzi\u0119ki czemu tak\u017ce osoby, kt\u00f3re nie mog\u0142y przyby\u0107 osobi\u015bcie do Lichenia, duchowo \u0142\u0105czy\u0142y si\u0119 w modlitwie. [&hellip;]","og_url":"https:\/\/www.lichen.pl\/fr\/dzien-chorych-w-licheniu\/","og_site_name":"SANKTUARIUM W LICHENIU","article_published_time":"2025-02-09T21:47:15+00:00","article_modified_time":"2025-02-09T21:47:41+00:00","og_image":[{"width":1024,"height":683,"url":"https:\/\/www.lichen.pl\/wp-content\/uploads\/2025\/02\/Namaszczenie_-chorych-33-1024x683.jpg","type":"image\/jpeg"}],"author":"Biuro Prasowe","twitter_card":"summary_large_image","twitter_misc":{"\u00c9crit par":"Biuro Prasowe","Dur\u00e9e de lecture estim\u00e9e":"2 minutes"},"schema":{"@context":"https:\/\/schema.org","@graph":[{"@type":"Article","@id":"https:\/\/www.lichen.pl\/dzien-chorych-w-licheniu\/#article","isPartOf":{"@id":"https:\/\/www.lichen.pl\/dzien-chorych-w-licheniu\/"},"author":{"name":"Biuro Prasowe","@id":"https:\/\/www.lichen.pl\/fr\/#\/schema\/person\/682b5cfa2f8a664a298ed0bc19782a02"},"headline":"Dzie\u0144 Chorych w Licheniu","datePublished":"2025-02-09T21:47:15+00:00","dateModified":"2025-02-09T21:47:41+00:00","mainEntityOfPage":{"@id":"https:\/\/www.lichen.pl\/dzien-chorych-w-licheniu\/"},"wordCount":549,"image":{"@id":"https:\/\/www.lichen.pl\/dzien-chorych-w-licheniu\/#primaryimage"},"thumbnailUrl":"https:\/\/www.lichen.pl\/wp-content\/uploads\/2025\/02\/Namaszczenie_-chorych-33.jpg","articleSection":["Aktualno\u015bci"],"inLanguage":"fr-FR"},{"@type":"WebPage","@id":"https:\/\/www.lichen.pl\/dzien-chorych-w-licheniu\/","url":"https:\/\/www.lichen.pl\/dzien-chorych-w-licheniu\/","name":"Dzie\u0144 Chorych w Licheniu - SANKTUARIUM W LICHENIU","isPartOf":{"@id":"https:\/\/www.lichen.pl\/fr\/#website"},"primaryImageOfPage":{"@id":"https:\/\/www.lichen.pl\/dzien-chorych-w-licheniu\/#primaryimage"},"image":{"@id":"https:\/\/www.lichen.pl\/dzien-chorych-w-licheniu\/#primaryimage"},"thumbnailUrl":"https:\/\/www.lichen.pl\/wp-content\/uploads\/2025\/02\/Namaszczenie_-chorych-33.jpg","datePublished":"2025-02-09T21:47:15+00:00","dateModified":"2025-02-09T21:47:41+00:00","author":{"@id":"https:\/\/www.lichen.pl\/fr\/#\/schema\/person\/682b5cfa2f8a664a298ed0bc19782a02"},"breadcrumb":{"@id":"https:\/\/www.lichen.pl\/dzien-chorych-w-licheniu\/#breadcrumb"},"inLanguage":"fr-FR","potentialAction":[{"@type":"ReadAction","target":["https:\/\/www.lichen.pl\/dzien-chorych-w-licheniu\/"]}]},{"@type":"ImageObject","inLanguage":"fr-FR","@id":"https:\/\/www.lichen.pl\/dzien-chorych-w-licheniu\/#primaryimage","url":"https:\/\/www.lichen.pl\/wp-content\/uploads\/2025\/02\/Namaszczenie_-chorych-33.jpg","contentUrl":"https:\/\/www.lichen.pl\/wp-content\/uploads\/2025\/02\/Namaszczenie_-chorych-33.jpg","width":1920,"height":1280},{"@type":"BreadcrumbList","@id":"https:\/\/www.lichen.pl\/dzien-chorych-w-licheniu\/#breadcrumb","itemListElement":[{"@type":"ListItem","position":1,"name":"Strona g\u0142\u00f3wna","item":"https:\/\/www.lichen.pl\/"},{"@type":"ListItem","position":2,"name":"Dzie\u0144 Chorych w Licheniu"}]},{"@type":"WebSite","@id":"https:\/\/www.lichen.pl\/fr\/#website","url":"https:\/\/www.lichen.pl\/fr\/","name":"SANCTUAIRE EN LICHENIE","description":"LA MAUVAISE REINE DE POLOGNE DE NOTRE LICHEN","potentialAction":[{"@type":"SearchAction","target":{"@type":"EntryPoint","urlTemplate":"https:\/\/www.lichen.pl\/fr\/?s={search_term_string}"},"query-input":{"@type":"PropertyValueSpecification","valueRequired":true,"valueName":"search_term_string"}}],"inLanguage":"fr-FR"},{"@type":"Person","@id":"https:\/\/www.lichen.pl\/fr\/#\/schema\/person\/682b5cfa2f8a664a298ed0bc19782a02","name":"Biuro Prasowe","image":{"@type":"ImageObject","inLanguage":"fr-FR","@id":"https:\/\/secure.gravatar.com\/avatar\/07fa3449d37670fd38888cb2e3db27aa13df245d811ec65206e44888f202bb53?s=96&d=retro&r=g","url":"https:\/\/secure.gravatar.com\/avatar\/07fa3449d37670fd38888cb2e3db27aa13df245d811ec65206e44888f202bb53?s=96&d=retro&r=g","contentUrl":"https:\/\/secure.gravatar.com\/avatar\/07fa3449d37670fd38888cb2e3db27aa13df245d811ec65206e44888f202bb53?s=96&d=retro&r=g","caption":"Biuro Prasowe"},"sameAs":["http:\/\/www.lichen.pl"],"url":"https:\/\/www.lichen.pl\/fr\/author\/biuro-prasowe\/"}]}},"_links":{"self":[{"href":"https:\/\/www.lichen.pl\/fr\/wp-json\/wp\/v2\/posts\/80050","targetHints":{"allow":["GET"]}}],"collection":[{"href":"https:\/\/www.lichen.pl\/fr\/wp-json\/wp\/v2\/posts"}],"about":[{"href":"https:\/\/www.lichen.pl\/fr\/wp-json\/wp\/v2\/types\/post"}],"author":[{"embeddable":true,"href":"https:\/\/www.lichen.pl\/fr\/wp-json\/wp\/v2\/users\/8"}],"replies":[{"embeddable":true,"href":"https:\/\/www.lichen.pl\/fr\/wp-json\/wp\/v2\/comments?post=80050"}],"version-history":[{"count":3,"href":"https:\/\/www.lichen.pl\/fr\/wp-json\/wp\/v2\/posts\/80050\/revisions"}],"predecessor-version":[{"id":80061,"href":"https:\/\/www.lichen.pl\/fr\/wp-json\/wp\/v2\/posts\/80050\/revisions\/80061"}],"wp:featuredmedia":[{"embeddable":true,"href":"https:\/\/www.lichen.pl\/fr\/wp-json\/wp\/v2\/media\/80058"}],"wp:attachment":[{"href":"https:\/\/www.lichen.pl\/fr\/wp-json\/wp\/v2\/media?parent=80050"}],"wp:term":[{"taxonomy":"category","embeddable":true,"href":"https:\/\/www.lichen.pl\/fr\/wp-json\/wp\/v2\/categories?post=80050"},{"taxonomy":"post_tag","embeddable":true,"href":"https:\/\/www.lichen.pl\/fr\/wp-json\/wp\/v2\/tags?post=80050"}],"curies":[{"name":"wp","href":"https:\/\/api.w.org\/{rel}","templated":true}]}}