{"id":81404,"date":"2025-04-07T09:31:31","date_gmt":"2025-04-07T07:31:31","guid":{"rendered":"https:\/\/www.lichen.pl\/?p=81404"},"modified":"2025-04-07T12:32:58","modified_gmt":"2025-04-07T10:32:58","slug":"ja-cie-przyjmuje-jubileusz-chorych-i-pracownikow-sluzby-zdrowia-w-lichenskiej-bazylice","status":"publish","type":"post","link":"https:\/\/www.lichen.pl\/fr\/ja-cie-przyjmuje-jubileusz-chorych-i-pracownikow-sluzby-zdrowia-w-lichenskiej-bazylice\/","title":{"rendered":"\u201eJa ci\u0119 przyjmuj\u0119\u201d \u2013 Jubileusz Chorych i Pracownik\u00f3w S\u0142u\u017cby Zdrowia w liche\u0144skiej bazylice"},"content":{"rendered":"<div data-elementor-type=\"wp-post\" data-elementor-id=\"81404\" class=\"elementor elementor-81404\" data-elementor-post-type=\"post\">\n\t\t\t\t\t\t<section class=\"elementor-section elementor-top-section elementor-element elementor-element-4461d1c elementor-section-boxed elementor-section-height-default elementor-section-height-default\" data-id=\"4461d1c\" data-element_type=\"section\" data-e-type=\"section\">\n\t\t\t\t\t\t<div class=\"elementor-container elementor-column-gap-default\">\n\t\t\t\t\t<div class=\"elementor-column elementor-col-100 elementor-top-column elementor-element elementor-element-779bebd\" data-id=\"779bebd\" data-element_type=\"column\" data-e-type=\"column\">\n\t\t\t<div class=\"elementor-widget-wrap elementor-element-populated\">\n\t\t\t\t\t\t<div class=\"elementor-element elementor-element-81ad114 elementor-widget elementor-widget-text-editor\" data-id=\"81ad114\" data-element_type=\"widget\" data-e-type=\"widget\" data-widget_type=\"text-editor.default\">\n\t\t\t\t<div class=\"elementor-widget-container\">\n\t\t\t\t\t\t\t\t\t<h2><span style=\"color: #000000;\">W minion\u0105 niedziel\u0119 w bazylice odby\u0142a si\u0119 wyj\u0105tkowa uroczysto\u015b\u0107 \u2013 Jubileusz Chorych i <\/span><span style=\"color: #000000;\">Pracownik\u00f3w S\u0142u\u017cby Zdrowia. Wydarzenie to zgromadzi\u0142o licznie przyby\u0142ych wiernych,\u00a0<\/span><span style=\"color: #000000;\">w\u015br\u00f3d kt\u00f3rych znale\u017ali si\u0119 zar\u00f3wno chorzy i cierpi\u0105cy, jak i ci, kt\u00f3rzy na co dzie\u0144 towarzysz\u0105\u00a0<\/span><span style=\"color: #000000;\">im w trudnych momentach \u017cycia: lekarze, piel\u0119gniarki, opiekunowie, osoby pracuj\u0105ce w\u00a0<\/span><span style=\"color: #000000;\">domach pomocy spo\u0142ecznej oraz wolontariusze.<\/span><\/h2>\t\t\t\t\t\t\t\t<\/div>\n\t\t\t\t<\/div>\n\t\t\t\t\t<\/div>\n\t\t<\/div>\n\t\t\t\t\t<\/div>\n\t\t<\/section>\n\t\t\t\t<section class=\"elementor-section elementor-top-section elementor-element elementor-element-ed1fac2 elementor-section-boxed elementor-section-height-default elementor-section-height-default\" data-id=\"ed1fac2\" data-element_type=\"section\" data-e-type=\"section\">\n\t\t\t\t\t\t<div class=\"elementor-container elementor-column-gap-default\">\n\t\t\t\t\t<div class=\"elementor-column elementor-col-100 elementor-top-column elementor-element elementor-element-744d8de\" data-id=\"744d8de\" data-element_type=\"column\" data-e-type=\"column\">\n\t\t\t<div class=\"elementor-widget-wrap elementor-element-populated\">\n\t\t\t\t\t\t<div class=\"elementor-element elementor-element-9dc121f elementor-widget elementor-widget-text-editor\" data-id=\"9dc121f\" data-element_type=\"widget\" data-e-type=\"widget\" data-widget_type=\"text-editor.default\">\n\t\t\t\t<div class=\"elementor-widget-container\">\n\t\t\t\t\t\t\t\t\t<p><span style=\"color: #000000;\">Bazylika wype\u0142ni\u0142a si\u0119 po brzegi. Atmosfera by\u0142a g\u0142\u0119boko modlitewna, ale jednocze\u015bnie\u00a0<\/span><span style=\"color: #000000;\">niezwykle ciep\u0142a i wsp\u00f3lnotowa. Tego dnia szczeg\u00f3lnie wybrzmia\u0142y s\u0142owa o solidarno\u015bci w\u00a0<\/span><span style=\"color: #000000;\">cierpieniu oraz o sensie pos\u0142ugi drugiemu cz\u0142owiekowi. Podczas Mszy \u015awi\u0119tej dokonano<\/span><br \/><span style=\"color: #000000;\">tradycyjnego po\u015bwi\u0119cenia barank\u00f3w wielkanocnych \u2013 gestu g\u0142\u0119boko zakorzenionego w\u00a0<\/span><span style=\"color: #000000;\">polskiej tradycji wielkopostnej i przygotowania do \u015awi\u0105t Zmartwychwstania.<\/span><\/p>\t\t\t\t\t\t\t\t<\/div>\n\t\t\t\t<\/div>\n\t\t\t\t\t<\/div>\n\t\t<\/div>\n\t\t\t\t\t<\/div>\n\t\t<\/section>\n\t\t\t\t<section class=\"elementor-section elementor-top-section elementor-element elementor-element-fe77777 elementor-section-boxed elementor-section-height-default elementor-section-height-default\" data-id=\"fe77777\" data-element_type=\"section\" data-e-type=\"section\">\n\t\t\t\t\t\t<div class=\"elementor-container elementor-column-gap-default\">\n\t\t\t\t\t<div class=\"elementor-column elementor-col-100 elementor-top-column elementor-element elementor-element-321b0ba\" data-id=\"321b0ba\" data-element_type=\"column\" data-e-type=\"column\">\n\t\t\t<div class=\"elementor-widget-wrap elementor-element-populated\">\n\t\t\t\t\t\t<div class=\"elementor-element elementor-element-8c351b7 elementor-widget elementor-widget-text-editor\" data-id=\"8c351b7\" data-element_type=\"widget\" data-e-type=\"widget\" data-widget_type=\"text-editor.default\">\n\t\t\t\t<div class=\"elementor-widget-container\">\n\t\t\t\t\t\t\t\t\t<p><span style=\"color: #000000;\">Po zako\u0144czeniu liturgii udzielono indywidualnego b\u0142ogos\u0142awie\u0144stwa chorych. Wiele os\u00f3b\u00a0<\/span><span style=\"color: #000000;\">podesz\u0142o, by przyj\u0105\u0107 ten znak duchowego wsparcia i umocnienia. B\u0142ogos\u0142awie\u0144stwo sta\u0142o si\u0119\u00a0<\/span><span style=\"color: #000000;\">wa\u017cnym dope\u0142nieniem modlitwy jubileuszowej \u2013 osobistym spotkaniem z Bogiem w czasie\u00a0<\/span><span style=\"color: #000000;\">przeznaczonym szczeg\u00f3lnie dla cierpi\u0105cych i ich opiekun\u00f3w.<\/span><\/p>\t\t\t\t\t\t\t\t<\/div>\n\t\t\t\t<\/div>\n\t\t\t\t\t<\/div>\n\t\t<\/div>\n\t\t\t\t\t<\/div>\n\t\t<\/section>\n\t\t\t\t<section class=\"elementor-section elementor-top-section elementor-element elementor-element-4da5fb4 elementor-section-boxed elementor-section-height-default elementor-section-height-default\" data-id=\"4da5fb4\" data-element_type=\"section\" data-e-type=\"section\">\n\t\t\t\t\t\t<div class=\"elementor-container elementor-column-gap-default\">\n\t\t\t\t\t<div class=\"elementor-column elementor-col-100 elementor-top-column elementor-element elementor-element-ea829b0\" data-id=\"ea829b0\" data-element_type=\"column\" data-e-type=\"column\">\n\t\t\t<div class=\"elementor-widget-wrap elementor-element-populated\">\n\t\t\t\t\t\t<div class=\"elementor-element elementor-element-47904cd elementor-widget elementor-widget-image\" data-id=\"47904cd\" data-element_type=\"widget\" data-e-type=\"widget\" data-widget_type=\"image.default\">\n\t\t\t\t<div class=\"elementor-widget-container\">\n\t\t\t\t\t\t\t\t\t\t\t\t\t\t\t<img fetchpriority=\"high\" decoding=\"async\" width=\"1024\" height=\"683\" src=\"https:\/\/www.lichen.pl\/wp-content\/uploads\/2025\/04\/Jubileusz_chorych-13-1024x683.jpg\" class=\"attachment-large size-large wp-image-81410\" alt=\"\" srcset=\"https:\/\/www.lichen.pl\/wp-content\/uploads\/2025\/04\/Jubileusz_chorych-13-1024x683.jpg 1024w, https:\/\/www.lichen.pl\/wp-content\/uploads\/2025\/04\/Jubileusz_chorych-13-300x200.jpg 300w, https:\/\/www.lichen.pl\/wp-content\/uploads\/2025\/04\/Jubileusz_chorych-13-768x512.jpg 768w, https:\/\/www.lichen.pl\/wp-content\/uploads\/2025\/04\/Jubileusz_chorych-13-1536x1024.jpg 1536w, https:\/\/www.lichen.pl\/wp-content\/uploads\/2025\/04\/Jubileusz_chorych-13-2048x1365.jpg 2048w, https:\/\/www.lichen.pl\/wp-content\/uploads\/2025\/04\/Jubileusz_chorych-13-18x12.jpg 18w, https:\/\/www.lichen.pl\/wp-content\/uploads\/2025\/04\/Jubileusz_chorych-13-800x533.jpg 800w, https:\/\/www.lichen.pl\/wp-content\/uploads\/2025\/04\/Jubileusz_chorych-13.jpg 1920w\" sizes=\"(max-width: 1024px) 100vw, 1024px\" \/>\t\t\t\t\t\t\t\t\t\t\t\t\t\t\t<\/div>\n\t\t\t\t<\/div>\n\t\t\t\t\t<\/div>\n\t\t<\/div>\n\t\t\t\t\t<\/div>\n\t\t<\/section>\n\t\t\t\t<section class=\"elementor-section elementor-top-section elementor-element elementor-element-7956ea2 elementor-section-boxed elementor-section-height-default elementor-section-height-default\" data-id=\"7956ea2\" data-element_type=\"section\" data-e-type=\"section\">\n\t\t\t\t\t\t<div class=\"elementor-container elementor-column-gap-default\">\n\t\t\t\t\t<div class=\"elementor-column elementor-col-100 elementor-top-column elementor-element elementor-element-e12e490\" data-id=\"e12e490\" data-element_type=\"column\" data-e-type=\"column\">\n\t\t\t<div class=\"elementor-widget-wrap elementor-element-populated\">\n\t\t\t\t\t\t<div class=\"elementor-element elementor-element-62c0e8f elementor-widget elementor-widget-text-editor\" data-id=\"62c0e8f\" data-element_type=\"widget\" data-e-type=\"widget\" data-widget_type=\"text-editor.default\">\n\t\t\t\t<div class=\"elementor-widget-container\">\n\t\t\t\t\t\t\t\t\t<p><span style=\"color: #000000;\">Pos\u0142ug\u0119 muzyczn\u0105 liturgii zapewni\u0142 ch\u00f3r Stabat Mater, kt\u00f3rego wykonanie wprowadzi\u0142o <\/span><span style=\"color: #000000;\">zgromadzonych w klimat modlitwy i skupienia. Po zako\u0144czeniu Mszy ch\u00f3r zaprezentowa\u0142\u00a0<\/span><span style=\"color: #000000;\">r\u00f3wnie\u017c pie\u015bni pasyjne, kt\u00f3re pozwoli\u0142y uczestnikom zatrzyma\u0107 si\u0119 na chwil\u0119 refleksji nad<\/span><br \/><span style=\"color: #000000;\">tajemnic\u0105 m\u0119ki i \u015bmierci Chrystusa \u2013 tajemnic\u0105 blisk\u0105 tym, kt\u00f3rzy na co dzie\u0144 mierz\u0105 si\u0119 z\u00a0<\/span><span style=\"color: #000000;\">ludzkim cierpieniem.<\/span><\/p>\t\t\t\t\t\t\t\t<\/div>\n\t\t\t\t<\/div>\n\t\t\t\t\t<\/div>\n\t\t<\/div>\n\t\t\t\t\t<\/div>\n\t\t<\/section>\n\t\t\t\t<section class=\"elementor-section elementor-top-section elementor-element elementor-element-71e7513 elementor-section-boxed elementor-section-height-default elementor-section-height-default\" data-id=\"71e7513\" data-element_type=\"section\" data-e-type=\"section\">\n\t\t\t\t\t\t<div class=\"elementor-container elementor-column-gap-default\">\n\t\t\t\t\t<div class=\"elementor-column elementor-col-100 elementor-top-column elementor-element elementor-element-b23ac2c\" data-id=\"b23ac2c\" data-element_type=\"column\" data-e-type=\"column\">\n\t\t\t<div class=\"elementor-widget-wrap elementor-element-populated\">\n\t\t\t\t\t\t<div class=\"elementor-element elementor-element-d8c8014 elementor-widget elementor-widget-text-editor\" data-id=\"d8c8014\" data-element_type=\"widget\" data-e-type=\"widget\" data-widget_type=\"text-editor.default\">\n\t\t\t\t<div class=\"elementor-widget-container\">\n\t\t\t\t\t\t\t\t\t<p><span style=\"color: #000000;\">Homili\u0119 wyg\u0142osi\u0142 kustosz sanktuarium, ks. S\u0142awomir Homoncik MIC. W swoim kazaniu\u00a0\u00a0<\/span><span style=\"color: #000000;\">zwr\u00f3ci\u0142 uwag\u0119 na potrzeb\u0119 towarzyszenia osobom chorym nie tylko fizycznie, ale i duchowo.\u00a0<\/span><span style=\"color: #000000;\">Odwo\u0142a\u0142 si\u0119 do biblijnego obrazu spotkania Jezusa z kobiet\u0105 pochwycon\u0105 na cudzo\u0142\u00f3stwie \u2013\u00a0<\/span><span style=\"color: #000000;\">sytuacji, kt\u00f3ra by\u0142a trudna, intymna i bardzo osobista. \u2013 <em>Mo\u017cna por\u00f3wna\u0107 to spotkanie do\u00a0<\/em><\/span><em><span style=\"color: #000000;\">takich, kt\u00f3re maj\u0105 miejsce w szpitalach, hospicjach, domach opieki, a cz\u0119sto i w naszych\u00a0<\/span><\/em><em><span style=\"color: #000000;\">domach rodzinnych. Osoba chora cz\u0119sto staje przed drugim cz\u0142owiekiem bez \u017cadnych zas\u0142on \u2013\u00a0<\/span><\/em><em><span style=\"color: #000000;\">m\u00f3wi: mam chorob\u0119, jestem niepe\u0142nosprawny, cierpi\u0119. I w tej sytuacji mo\u017ce doj\u015b\u0107 do czego\u015b\u00a0<\/span><\/em><em><span style=\"color: #000000;\">bardzo wa\u017cnego \u2013 spotkania z kim\u015b, kto b\u0119dzie znakiem Jezusa Chrystusa, kto powie: ja ci\u0119\u00a0<\/span><\/em><span style=\"color: #000000;\"><em>przyjmuj\u0119 z ca\u0142ym do\u015bwiadczeniem b\u00f3lu, niemocy, l\u0119ku. I nie odrzucam ci\u0119<\/em> \u2013 m\u00f3wi\u0142 ks.\u00a0<\/span><span style=\"color: #000000;\">Homoncik.<\/span><\/p>\t\t\t\t\t\t\t\t<\/div>\n\t\t\t\t<\/div>\n\t\t\t\t\t<\/div>\n\t\t<\/div>\n\t\t\t\t\t<\/div>\n\t\t<\/section>\n\t\t\t\t<section class=\"elementor-section elementor-top-section elementor-element elementor-element-7c3c438 elementor-section-boxed elementor-section-height-default elementor-section-height-default\" data-id=\"7c3c438\" data-element_type=\"section\" data-e-type=\"section\">\n\t\t\t\t\t\t<div class=\"elementor-container elementor-column-gap-default\">\n\t\t\t\t\t<div class=\"elementor-column elementor-col-100 elementor-top-column elementor-element elementor-element-d4edcb7\" data-id=\"d4edcb7\" data-element_type=\"column\" data-e-type=\"column\">\n\t\t\t<div class=\"elementor-widget-wrap elementor-element-populated\">\n\t\t\t\t\t\t<div class=\"elementor-element elementor-element-a39b7bf elementor-widget elementor-widget-image\" data-id=\"a39b7bf\" data-element_type=\"widget\" data-e-type=\"widget\" data-widget_type=\"image.default\">\n\t\t\t\t<div class=\"elementor-widget-container\">\n\t\t\t\t\t\t\t\t\t\t\t\t\t\t\t<img decoding=\"async\" width=\"1024\" height=\"683\" src=\"https:\/\/www.lichen.pl\/wp-content\/uploads\/2025\/04\/Jubileusz_chorych-6-1024x683.jpg\" class=\"attachment-large size-large wp-image-81412\" alt=\"\" srcset=\"https:\/\/www.lichen.pl\/wp-content\/uploads\/2025\/04\/Jubileusz_chorych-6-1024x683.jpg 1024w, https:\/\/www.lichen.pl\/wp-content\/uploads\/2025\/04\/Jubileusz_chorych-6-300x200.jpg 300w, https:\/\/www.lichen.pl\/wp-content\/uploads\/2025\/04\/Jubileusz_chorych-6-768x512.jpg 768w, https:\/\/www.lichen.pl\/wp-content\/uploads\/2025\/04\/Jubileusz_chorych-6-1536x1024.jpg 1536w, https:\/\/www.lichen.pl\/wp-content\/uploads\/2025\/04\/Jubileusz_chorych-6-2048x1365.jpg 2048w, https:\/\/www.lichen.pl\/wp-content\/uploads\/2025\/04\/Jubileusz_chorych-6-18x12.jpg 18w, https:\/\/www.lichen.pl\/wp-content\/uploads\/2025\/04\/Jubileusz_chorych-6-800x533.jpg 800w, https:\/\/www.lichen.pl\/wp-content\/uploads\/2025\/04\/Jubileusz_chorych-6.jpg 1920w\" sizes=\"(max-width: 1024px) 100vw, 1024px\" \/>\t\t\t\t\t\t\t\t\t\t\t\t\t\t\t<\/div>\n\t\t\t\t<\/div>\n\t\t\t\t\t<\/div>\n\t\t<\/div>\n\t\t\t\t\t<\/div>\n\t\t<\/section>\n\t\t\t\t<section class=\"elementor-section elementor-top-section elementor-element elementor-element-77ef2fe elementor-section-boxed elementor-section-height-default elementor-section-height-default\" data-id=\"77ef2fe\" data-element_type=\"section\" data-e-type=\"section\">\n\t\t\t\t\t\t<div class=\"elementor-container elementor-column-gap-default\">\n\t\t\t\t\t<div class=\"elementor-column elementor-col-100 elementor-top-column elementor-element elementor-element-ba1975b\" data-id=\"ba1975b\" data-element_type=\"column\" data-e-type=\"column\">\n\t\t\t<div class=\"elementor-widget-wrap elementor-element-populated\">\n\t\t\t\t\t\t<div class=\"elementor-element elementor-element-a367379 elementor-widget elementor-widget-text-editor\" data-id=\"a367379\" data-element_type=\"widget\" data-e-type=\"widget\" data-widget_type=\"text-editor.default\">\n\t\t\t\t<div class=\"elementor-widget-container\">\n\t\t\t\t\t\t\t\t\t<p><span style=\"color: #000000;\">Duszpasterz podkre\u015bli\u0142, \u017ce opieka nad chorymi to co\u015b wi\u0119cej ni\u017c obowi\u0105zek. To misja. To\u00a0<\/span><span style=\"color: #000000;\">codzienne \u015bwiadectwo obecno\u015bci i troski. S\u0142u\u017cba zdrowia, cho\u0107 oparta na wiedzy i\u00a0<\/span><span style=\"color: #000000;\">umiej\u0119tno\u015bciach, ma te\u017c g\u0142\u0119boki wymiar duchowy i ludzki. \u2013 To pi\u0119kna misja tych, kt\u00f3rzy\u00a0<\/span><span style=\"color: #000000;\">piel\u0119gnuj\u0105 chorych \u2013 by\u0107 dla nich znakiem przyj\u0119cia, blisko\u015bci, mi\u0142o\u015bci \u2013 zaznaczy\u0142.<\/span><\/p>\t\t\t\t\t\t\t\t<\/div>\n\t\t\t\t<\/div>\n\t\t\t\t\t<\/div>\n\t\t<\/div>\n\t\t\t\t\t<\/div>\n\t\t<\/section>\n\t\t\t\t<section class=\"elementor-section elementor-top-section elementor-element elementor-element-306627d elementor-section-boxed elementor-section-height-default elementor-section-height-default\" data-id=\"306627d\" data-element_type=\"section\" data-e-type=\"section\">\n\t\t\t\t\t\t<div class=\"elementor-container elementor-column-gap-default\">\n\t\t\t\t\t<div class=\"elementor-column elementor-col-100 elementor-top-column elementor-element elementor-element-8234f0a\" data-id=\"8234f0a\" data-element_type=\"column\" data-e-type=\"column\">\n\t\t\t<div class=\"elementor-widget-wrap elementor-element-populated\">\n\t\t\t\t\t\t<div class=\"elementor-element elementor-element-d37e334 elementor-widget elementor-widget-text-editor\" data-id=\"d37e334\" data-element_type=\"widget\" data-e-type=\"widget\" data-widget_type=\"text-editor.default\">\n\t\t\t\t<div class=\"elementor-widget-container\">\n\t\t\t\t\t\t\t\t\t<p><span style=\"color: #000000;\">Warto przypomnie\u0107, \u017ce Jubileusz Chorych i Pracownik\u00f3w S\u0142u\u017cby Zdrowia wpisuje si\u0119 w\u00a0<\/span><span style=\"color: #000000;\">szerszy kontekst duszpasterstwa os\u00f3b chorych, kt\u00f3re jest nieod\u0142\u0105czn\u0105 cz\u0119\u015bci\u0105 misji Ko\u015bcio\u0142a.\u00a0<\/span><span style=\"color: #000000;\">Troska o chorych to nie tylko udzielanie sakramentu namaszczenia czy odwiedziny z\u00a0<\/span><span style=\"color: #000000;\">Komuni\u0105 \u015awi\u0119t\u0105, ale tak\u017ce budowanie przestrzeni, w kt\u00f3rej ka\u017cdy cierpi\u0105cy czuje si\u0119\u00a0<\/span><span style=\"color: #000000;\">zauwa\u017cony, zaakceptowany i otoczony opiek\u0105 \u2013 nie tylko medyczn\u0105, ale i duchow\u0105.<\/span><\/p>\t\t\t\t\t\t\t\t<\/div>\n\t\t\t\t<\/div>\n\t\t\t\t\t<\/div>\n\t\t<\/div>\n\t\t\t\t\t<\/div>\n\t\t<\/section>\n\t\t\t\t<section class=\"elementor-section elementor-top-section elementor-element elementor-element-ac42a00 elementor-section-boxed elementor-section-height-default elementor-section-height-default\" data-id=\"ac42a00\" data-element_type=\"section\" data-e-type=\"section\">\n\t\t\t\t\t\t<div class=\"elementor-container elementor-column-gap-default\">\n\t\t\t\t\t<div class=\"elementor-column elementor-col-100 elementor-top-column elementor-element elementor-element-1cea853\" data-id=\"1cea853\" data-element_type=\"column\" data-e-type=\"column\">\n\t\t\t<div class=\"elementor-widget-wrap elementor-element-populated\">\n\t\t\t\t\t\t<div class=\"elementor-element elementor-element-e954858 elementor-widget elementor-widget-text-editor\" data-id=\"e954858\" data-element_type=\"widget\" data-e-type=\"widget\" data-widget_type=\"text-editor.default\">\n\t\t\t\t<div class=\"elementor-widget-container\">\n\t\t\t\t\t\t\t\t\t<p><span style=\"color: #000000;\">Obecno\u015b\u0107 licznych przedstawicieli s\u0142u\u017cby zdrowia w bazylice by\u0142a r\u00f3wnie\u017c wyrazem\u00a0<\/span><span style=\"color: #000000;\">wdzi\u0119czno\u015bci dla ich codziennego trudu. Cz\u0119sto niewidzialnego, czasem niedocenianego \u2013 ale\u00a0<\/span><span style=\"color: #000000;\">niezwykle potrzebnego. To oni, obok rodzin i bliskich, staj\u0105 si\u0119 pierwszymi \u015bwiadkami <\/span><span style=\"color: #000000;\">ludzkiego zmagania si\u0119 z chorob\u0105, a tak\u017ce pierwszymi, kt\u00f3rzy mog\u0105 nie\u015b\u0107 nadziej\u0119 i wsparcie.<\/span><\/p>\t\t\t\t\t\t\t\t<\/div>\n\t\t\t\t<\/div>\n\t\t\t\t\t<\/div>\n\t\t<\/div>\n\t\t\t\t\t<\/div>\n\t\t<\/section>\n\t\t\t\t<section class=\"elementor-section elementor-top-section elementor-element elementor-element-ca6979a elementor-section-boxed elementor-section-height-default elementor-section-height-default\" data-id=\"ca6979a\" data-element_type=\"section\" data-e-type=\"section\">\n\t\t\t\t\t\t<div class=\"elementor-container elementor-column-gap-default\">\n\t\t\t\t\t<div class=\"elementor-column elementor-col-100 elementor-top-column elementor-element elementor-element-9803b01\" data-id=\"9803b01\" data-element_type=\"column\" data-e-type=\"column\">\n\t\t\t<div class=\"elementor-widget-wrap elementor-element-populated\">\n\t\t\t\t\t\t<div class=\"elementor-element elementor-element-40fc0f5 elementor-widget elementor-widget-image-gallery\" data-id=\"40fc0f5\" data-element_type=\"widget\" data-e-type=\"widget\" data-widget_type=\"image-gallery.default\">\n\t\t\t\t<div class=\"elementor-widget-container\">\n\t\t\t\t\t\t\t<div class=\"elementor-image-gallery\">\n\t\t\t<div id='gallery-1' class='gallery galleryid-81404 gallery-columns-4 gallery-size-medium'><figure class='gallery-item'>\n\t\t\t<div class='gallery-icon landscape'>\n\t\t\t\t<a data-elementor-open-lightbox=\"yes\" data-elementor-lightbox-slideshow=\"40fc0f5\" data-elementor-lightbox-title=\"Jubileusz_chorych (2)\" data-e-action-hash=\"#elementor-action%3Aaction%3Dlightbox%26settings%3DeyJpZCI6ODE0MTQsInVybCI6Imh0dHBzOlwvXC93d3cubGljaGVuLnBsXC93cC1jb250ZW50XC91cGxvYWRzXC8yMDI1XC8wNFwvSnViaWxldXN6X2Nob3J5Y2gtMi5qcGciLCJzbGlkZXNob3ciOiI0MGZjMGY1In0%3D\" href='https:\/\/www.lichen.pl\/wp-content\/uploads\/2025\/04\/Jubileusz_chorych-2.jpg'><img width=\"300\" height=\"200\" src=\"https:\/\/www.lichen.pl\/wp-content\/uploads\/2025\/04\/Jubileusz_chorych-2-300x200.jpg\" class=\"attachment-medium size-medium\" alt=\"\" decoding=\"async\" srcset=\"https:\/\/www.lichen.pl\/wp-content\/uploads\/2025\/04\/Jubileusz_chorych-2-300x200.jpg 300w, https:\/\/www.lichen.pl\/wp-content\/uploads\/2025\/04\/Jubileusz_chorych-2-1024x683.jpg 1024w, https:\/\/www.lichen.pl\/wp-content\/uploads\/2025\/04\/Jubileusz_chorych-2-768x512.jpg 768w, https:\/\/www.lichen.pl\/wp-content\/uploads\/2025\/04\/Jubileusz_chorych-2-1536x1024.jpg 1536w, https:\/\/www.lichen.pl\/wp-content\/uploads\/2025\/04\/Jubileusz_chorych-2-2048x1365.jpg 2048w, https:\/\/www.lichen.pl\/wp-content\/uploads\/2025\/04\/Jubileusz_chorych-2-18x12.jpg 18w, https:\/\/www.lichen.pl\/wp-content\/uploads\/2025\/04\/Jubileusz_chorych-2-800x533.jpg 800w, https:\/\/www.lichen.pl\/wp-content\/uploads\/2025\/04\/Jubileusz_chorych-2.jpg 1920w\" sizes=\"(max-width: 300px) 100vw, 300px\" \/><\/a>\n\t\t\t<\/div><\/figure><figure class='gallery-item'>\n\t\t\t<div class='gallery-icon landscape'>\n\t\t\t\t<a data-elementor-open-lightbox=\"yes\" data-elementor-lightbox-slideshow=\"40fc0f5\" data-elementor-lightbox-title=\"Jubileusz_chorych (3)\" data-e-action-hash=\"#elementor-action%3Aaction%3Dlightbox%26settings%3DeyJpZCI6ODE0MTUsInVybCI6Imh0dHBzOlwvXC93d3cubGljaGVuLnBsXC93cC1jb250ZW50XC91cGxvYWRzXC8yMDI1XC8wNFwvSnViaWxldXN6X2Nob3J5Y2gtMy5qcGciLCJzbGlkZXNob3ciOiI0MGZjMGY1In0%3D\" href='https:\/\/www.lichen.pl\/wp-content\/uploads\/2025\/04\/Jubileusz_chorych-3.jpg'><img loading=\"lazy\" width=\"300\" height=\"200\" src=\"https:\/\/www.lichen.pl\/wp-content\/uploads\/2025\/04\/Jubileusz_chorych-3-300x200.jpg\" class=\"attachment-medium size-medium\" alt=\"\" decoding=\"async\" srcset=\"https:\/\/www.lichen.pl\/wp-content\/uploads\/2025\/04\/Jubileusz_chorych-3-300x200.jpg 300w, https:\/\/www.lichen.pl\/wp-content\/uploads\/2025\/04\/Jubileusz_chorych-3-1024x683.jpg 1024w, https:\/\/www.lichen.pl\/wp-content\/uploads\/2025\/04\/Jubileusz_chorych-3-768x512.jpg 768w, https:\/\/www.lichen.pl\/wp-content\/uploads\/2025\/04\/Jubileusz_chorych-3-1536x1024.jpg 1536w, https:\/\/www.lichen.pl\/wp-content\/uploads\/2025\/04\/Jubileusz_chorych-3-2048x1365.jpg 2048w, https:\/\/www.lichen.pl\/wp-content\/uploads\/2025\/04\/Jubileusz_chorych-3-18x12.jpg 18w, https:\/\/www.lichen.pl\/wp-content\/uploads\/2025\/04\/Jubileusz_chorych-3-800x533.jpg 800w, https:\/\/www.lichen.pl\/wp-content\/uploads\/2025\/04\/Jubileusz_chorych-3.jpg 1920w\" sizes=\"(max-width: 300px) 100vw, 300px\" \/><\/a>\n\t\t\t<\/div><\/figure><figure class='gallery-item'>\n\t\t\t<div class='gallery-icon landscape'>\n\t\t\t\t<a data-elementor-open-lightbox=\"yes\" data-elementor-lightbox-slideshow=\"40fc0f5\" data-elementor-lightbox-title=\"Jubileusz_chorych (4)\" data-e-action-hash=\"#elementor-action%3Aaction%3Dlightbox%26settings%3DeyJpZCI6ODE0MTYsInVybCI6Imh0dHBzOlwvXC93d3cubGljaGVuLnBsXC93cC1jb250ZW50XC91cGxvYWRzXC8yMDI1XC8wNFwvSnViaWxldXN6X2Nob3J5Y2gtNC5qcGciLCJzbGlkZXNob3ciOiI0MGZjMGY1In0%3D\" href='https:\/\/www.lichen.pl\/wp-content\/uploads\/2025\/04\/Jubileusz_chorych-4.jpg'><img loading=\"lazy\" width=\"300\" height=\"200\" src=\"https:\/\/www.lichen.pl\/wp-content\/uploads\/2025\/04\/Jubileusz_chorych-4-300x200.jpg\" class=\"attachment-medium size-medium\" alt=\"\" decoding=\"async\" srcset=\"https:\/\/www.lichen.pl\/wp-content\/uploads\/2025\/04\/Jubileusz_chorych-4-300x200.jpg 300w, https:\/\/www.lichen.pl\/wp-content\/uploads\/2025\/04\/Jubileusz_chorych-4-1024x683.jpg 1024w, https:\/\/www.lichen.pl\/wp-content\/uploads\/2025\/04\/Jubileusz_chorych-4-768x512.jpg 768w, https:\/\/www.lichen.pl\/wp-content\/uploads\/2025\/04\/Jubileusz_chorych-4-1536x1024.jpg 1536w, https:\/\/www.lichen.pl\/wp-content\/uploads\/2025\/04\/Jubileusz_chorych-4-2048x1365.jpg 2048w, https:\/\/www.lichen.pl\/wp-content\/uploads\/2025\/04\/Jubileusz_chorych-4-18x12.jpg 18w, https:\/\/www.lichen.pl\/wp-content\/uploads\/2025\/04\/Jubileusz_chorych-4-800x533.jpg 800w\" sizes=\"(max-width: 300px) 100vw, 300px\" \/><\/a>\n\t\t\t<\/div><\/figure><figure class='gallery-item'>\n\t\t\t<div class='gallery-icon landscape'>\n\t\t\t\t<a data-elementor-open-lightbox=\"yes\" data-elementor-lightbox-slideshow=\"40fc0f5\" data-elementor-lightbox-title=\"Jubileusz_chorych (5)\" data-e-action-hash=\"#elementor-action%3Aaction%3Dlightbox%26settings%3DeyJpZCI6ODE0MTcsInVybCI6Imh0dHBzOlwvXC93d3cubGljaGVuLnBsXC93cC1jb250ZW50XC91cGxvYWRzXC8yMDI1XC8wNFwvSnViaWxldXN6X2Nob3J5Y2gtNS5qcGciLCJzbGlkZXNob3ciOiI0MGZjMGY1In0%3D\" href='https:\/\/www.lichen.pl\/wp-content\/uploads\/2025\/04\/Jubileusz_chorych-5.jpg'><img loading=\"lazy\" width=\"300\" height=\"200\" src=\"https:\/\/www.lichen.pl\/wp-content\/uploads\/2025\/04\/Jubileusz_chorych-5-300x200.jpg\" class=\"attachment-medium size-medium\" alt=\"\" decoding=\"async\" srcset=\"https:\/\/www.lichen.pl\/wp-content\/uploads\/2025\/04\/Jubileusz_chorych-5-300x200.jpg 300w, https:\/\/www.lichen.pl\/wp-content\/uploads\/2025\/04\/Jubileusz_chorych-5-1024x683.jpg 1024w, https:\/\/www.lichen.pl\/wp-content\/uploads\/2025\/04\/Jubileusz_chorych-5-768x512.jpg 768w, https:\/\/www.lichen.pl\/wp-content\/uploads\/2025\/04\/Jubileusz_chorych-5-1536x1024.jpg 1536w, https:\/\/www.lichen.pl\/wp-content\/uploads\/2025\/04\/Jubileusz_chorych-5-2048x1365.jpg 2048w, https:\/\/www.lichen.pl\/wp-content\/uploads\/2025\/04\/Jubileusz_chorych-5-18x12.jpg 18w, https:\/\/www.lichen.pl\/wp-content\/uploads\/2025\/04\/Jubileusz_chorych-5-800x533.jpg 800w\" sizes=\"(max-width: 300px) 100vw, 300px\" \/><\/a>\n\t\t\t<\/div><\/figure><figure class='gallery-item'>\n\t\t\t<div class='gallery-icon landscape'>\n\t\t\t\t<a data-elementor-open-lightbox=\"yes\" data-elementor-lightbox-slideshow=\"40fc0f5\" data-elementor-lightbox-title=\"Jubileusz_chorych (8)\" data-e-action-hash=\"#elementor-action%3Aaction%3Dlightbox%26settings%3DeyJpZCI6ODE0MTgsInVybCI6Imh0dHBzOlwvXC93d3cubGljaGVuLnBsXC93cC1jb250ZW50XC91cGxvYWRzXC8yMDI1XC8wNFwvSnViaWxldXN6X2Nob3J5Y2gtOC5qcGciLCJzbGlkZXNob3ciOiI0MGZjMGY1In0%3D\" href='https:\/\/www.lichen.pl\/wp-content\/uploads\/2025\/04\/Jubileusz_chorych-8.jpg'><img loading=\"lazy\" width=\"300\" height=\"200\" src=\"https:\/\/www.lichen.pl\/wp-content\/uploads\/2025\/04\/Jubileusz_chorych-8-300x200.jpg\" class=\"attachment-medium size-medium\" alt=\"\" decoding=\"async\" srcset=\"https:\/\/www.lichen.pl\/wp-content\/uploads\/2025\/04\/Jubileusz_chorych-8-300x200.jpg 300w, https:\/\/www.lichen.pl\/wp-content\/uploads\/2025\/04\/Jubileusz_chorych-8-1024x683.jpg 1024w, https:\/\/www.lichen.pl\/wp-content\/uploads\/2025\/04\/Jubileusz_chorych-8-768x512.jpg 768w, https:\/\/www.lichen.pl\/wp-content\/uploads\/2025\/04\/Jubileusz_chorych-8-1536x1024.jpg 1536w, https:\/\/www.lichen.pl\/wp-content\/uploads\/2025\/04\/Jubileusz_chorych-8-2048x1365.jpg 2048w, https:\/\/www.lichen.pl\/wp-content\/uploads\/2025\/04\/Jubileusz_chorych-8-18x12.jpg 18w, https:\/\/www.lichen.pl\/wp-content\/uploads\/2025\/04\/Jubileusz_chorych-8-800x533.jpg 800w\" sizes=\"(max-width: 300px) 100vw, 300px\" \/><\/a>\n\t\t\t<\/div><\/figure><figure class='gallery-item'>\n\t\t\t<div class='gallery-icon landscape'>\n\t\t\t\t<a data-elementor-open-lightbox=\"yes\" data-elementor-lightbox-slideshow=\"40fc0f5\" data-elementor-lightbox-title=\"Jubileusz_chorych (9)\" data-e-action-hash=\"#elementor-action%3Aaction%3Dlightbox%26settings%3DeyJpZCI6ODE0MTksInVybCI6Imh0dHBzOlwvXC93d3cubGljaGVuLnBsXC93cC1jb250ZW50XC91cGxvYWRzXC8yMDI1XC8wNFwvSnViaWxldXN6X2Nob3J5Y2gtOS5qcGciLCJzbGlkZXNob3ciOiI0MGZjMGY1In0%3D\" href='https:\/\/www.lichen.pl\/wp-content\/uploads\/2025\/04\/Jubileusz_chorych-9.jpg'><img loading=\"lazy\" width=\"300\" height=\"200\" src=\"https:\/\/www.lichen.pl\/wp-content\/uploads\/2025\/04\/Jubileusz_chorych-9-300x200.jpg\" class=\"attachment-medium size-medium\" alt=\"\" decoding=\"async\" srcset=\"https:\/\/www.lichen.pl\/wp-content\/uploads\/2025\/04\/Jubileusz_chorych-9-300x200.jpg 300w, https:\/\/www.lichen.pl\/wp-content\/uploads\/2025\/04\/Jubileusz_chorych-9-1024x683.jpg 1024w, https:\/\/www.lichen.pl\/wp-content\/uploads\/2025\/04\/Jubileusz_chorych-9-768x512.jpg 768w, https:\/\/www.lichen.pl\/wp-content\/uploads\/2025\/04\/Jubileusz_chorych-9-1536x1024.jpg 1536w, https:\/\/www.lichen.pl\/wp-content\/uploads\/2025\/04\/Jubileusz_chorych-9-2048x1365.jpg 2048w, https:\/\/www.lichen.pl\/wp-content\/uploads\/2025\/04\/Jubileusz_chorych-9-18x12.jpg 18w, https:\/\/www.lichen.pl\/wp-content\/uploads\/2025\/04\/Jubileusz_chorych-9-800x533.jpg 800w, https:\/\/www.lichen.pl\/wp-content\/uploads\/2025\/04\/Jubileusz_chorych-9.jpg 1920w\" sizes=\"(max-width: 300px) 100vw, 300px\" \/><\/a>\n\t\t\t<\/div><\/figure><figure class='gallery-item'>\n\t\t\t<div class='gallery-icon landscape'>\n\t\t\t\t<a data-elementor-open-lightbox=\"yes\" data-elementor-lightbox-slideshow=\"40fc0f5\" data-elementor-lightbox-title=\"Jubileusz_chorych (7)\" data-e-action-hash=\"#elementor-action%3Aaction%3Dlightbox%26settings%3DeyJpZCI6ODE0MjgsInVybCI6Imh0dHBzOlwvXC93d3cubGljaGVuLnBsXC93cC1jb250ZW50XC91cGxvYWRzXC8yMDI1XC8wNFwvSnViaWxldXN6X2Nob3J5Y2gtNy5qcGciLCJzbGlkZXNob3ciOiI0MGZjMGY1In0%3D\" href='https:\/\/www.lichen.pl\/wp-content\/uploads\/2025\/04\/Jubileusz_chorych-7.jpg'><img loading=\"lazy\" width=\"300\" height=\"200\" src=\"https:\/\/www.lichen.pl\/wp-content\/uploads\/2025\/04\/Jubileusz_chorych-7-300x200.jpg\" class=\"attachment-medium size-medium\" alt=\"\" decoding=\"async\" srcset=\"https:\/\/www.lichen.pl\/wp-content\/uploads\/2025\/04\/Jubileusz_chorych-7-300x200.jpg 300w, https:\/\/www.lichen.pl\/wp-content\/uploads\/2025\/04\/Jubileusz_chorych-7-1024x683.jpg 1024w, https:\/\/www.lichen.pl\/wp-content\/uploads\/2025\/04\/Jubileusz_chorych-7-768x512.jpg 768w, https:\/\/www.lichen.pl\/wp-content\/uploads\/2025\/04\/Jubileusz_chorych-7-1536x1024.jpg 1536w, https:\/\/www.lichen.pl\/wp-content\/uploads\/2025\/04\/Jubileusz_chorych-7-2048x1365.jpg 2048w, https:\/\/www.lichen.pl\/wp-content\/uploads\/2025\/04\/Jubileusz_chorych-7-18x12.jpg 18w, https:\/\/www.lichen.pl\/wp-content\/uploads\/2025\/04\/Jubileusz_chorych-7-800x533.jpg 800w, https:\/\/www.lichen.pl\/wp-content\/uploads\/2025\/04\/Jubileusz_chorych-7.jpg 1920w\" sizes=\"(max-width: 300px) 100vw, 300px\" \/><\/a>\n\t\t\t<\/div><\/figure><figure class='gallery-item'>\n\t\t\t<div class='gallery-icon landscape'>\n\t\t\t\t<a data-elementor-open-lightbox=\"yes\" data-elementor-lightbox-slideshow=\"40fc0f5\" data-elementor-lightbox-title=\"Jubileusz_chorych (16)\" data-e-action-hash=\"#elementor-action%3Aaction%3Dlightbox%26settings%3DeyJpZCI6ODE0MjMsInVybCI6Imh0dHBzOlwvXC93d3cubGljaGVuLnBsXC93cC1jb250ZW50XC91cGxvYWRzXC8yMDI1XC8wNFwvSnViaWxldXN6X2Nob3J5Y2gtMTYuanBnIiwic2xpZGVzaG93IjoiNDBmYzBmNSJ9\" href='https:\/\/www.lichen.pl\/wp-content\/uploads\/2025\/04\/Jubileusz_chorych-16.jpg'><img loading=\"lazy\" width=\"300\" height=\"200\" src=\"https:\/\/www.lichen.pl\/wp-content\/uploads\/2025\/04\/Jubileusz_chorych-16-300x200.jpg\" class=\"attachment-medium size-medium\" alt=\"\" decoding=\"async\" srcset=\"https:\/\/www.lichen.pl\/wp-content\/uploads\/2025\/04\/Jubileusz_chorych-16-300x200.jpg 300w, https:\/\/www.lichen.pl\/wp-content\/uploads\/2025\/04\/Jubileusz_chorych-16-1024x683.jpg 1024w, https:\/\/www.lichen.pl\/wp-content\/uploads\/2025\/04\/Jubileusz_chorych-16-768x512.jpg 768w, https:\/\/www.lichen.pl\/wp-content\/uploads\/2025\/04\/Jubileusz_chorych-16-1536x1024.jpg 1536w, https:\/\/www.lichen.pl\/wp-content\/uploads\/2025\/04\/Jubileusz_chorych-16-2048x1365.jpg 2048w, https:\/\/www.lichen.pl\/wp-content\/uploads\/2025\/04\/Jubileusz_chorych-16-18x12.jpg 18w, https:\/\/www.lichen.pl\/wp-content\/uploads\/2025\/04\/Jubileusz_chorych-16-800x533.jpg 800w, https:\/\/www.lichen.pl\/wp-content\/uploads\/2025\/04\/Jubileusz_chorych-16.jpg 1600w\" sizes=\"(max-width: 300px) 100vw, 300px\" \/><\/a>\n\t\t\t<\/div><\/figure><figure class='gallery-item'>\n\t\t\t<div class='gallery-icon landscape'>\n\t\t\t\t<a data-elementor-open-lightbox=\"yes\" data-elementor-lightbox-slideshow=\"40fc0f5\" data-elementor-lightbox-title=\"Jubileusz_chorych (12)\" data-e-action-hash=\"#elementor-action%3Aaction%3Dlightbox%26settings%3DeyJpZCI6ODE0MjAsInVybCI6Imh0dHBzOlwvXC93d3cubGljaGVuLnBsXC93cC1jb250ZW50XC91cGxvYWRzXC8yMDI1XC8wNFwvSnViaWxldXN6X2Nob3J5Y2gtMTIuanBnIiwic2xpZGVzaG93IjoiNDBmYzBmNSJ9\" href='https:\/\/www.lichen.pl\/wp-content\/uploads\/2025\/04\/Jubileusz_chorych-12.jpg'><img loading=\"lazy\" width=\"300\" height=\"200\" src=\"https:\/\/www.lichen.pl\/wp-content\/uploads\/2025\/04\/Jubileusz_chorych-12-300x200.jpg\" class=\"attachment-medium size-medium\" alt=\"\" decoding=\"async\" srcset=\"https:\/\/www.lichen.pl\/wp-content\/uploads\/2025\/04\/Jubileusz_chorych-12-300x200.jpg 300w, https:\/\/www.lichen.pl\/wp-content\/uploads\/2025\/04\/Jubileusz_chorych-12-1024x683.jpg 1024w, https:\/\/www.lichen.pl\/wp-content\/uploads\/2025\/04\/Jubileusz_chorych-12-768x512.jpg 768w, https:\/\/www.lichen.pl\/wp-content\/uploads\/2025\/04\/Jubileusz_chorych-12-1536x1024.jpg 1536w, https:\/\/www.lichen.pl\/wp-content\/uploads\/2025\/04\/Jubileusz_chorych-12-2048x1365.jpg 2048w, https:\/\/www.lichen.pl\/wp-content\/uploads\/2025\/04\/Jubileusz_chorych-12-18x12.jpg 18w, https:\/\/www.lichen.pl\/wp-content\/uploads\/2025\/04\/Jubileusz_chorych-12-800x533.jpg 800w\" sizes=\"(max-width: 300px) 100vw, 300px\" \/><\/a>\n\t\t\t<\/div><\/figure><figure class='gallery-item'>\n\t\t\t<div class='gallery-icon landscape'>\n\t\t\t\t<a data-elementor-open-lightbox=\"yes\" data-elementor-lightbox-slideshow=\"40fc0f5\" data-elementor-lightbox-title=\"Jubileusz_chorych (14)\" data-e-action-hash=\"#elementor-action%3Aaction%3Dlightbox%26settings%3DeyJpZCI6ODE0MjEsInVybCI6Imh0dHBzOlwvXC93d3cubGljaGVuLnBsXC93cC1jb250ZW50XC91cGxvYWRzXC8yMDI1XC8wNFwvSnViaWxldXN6X2Nob3J5Y2gtMTQuanBnIiwic2xpZGVzaG93IjoiNDBmYzBmNSJ9\" href='https:\/\/www.lichen.pl\/wp-content\/uploads\/2025\/04\/Jubileusz_chorych-14.jpg'><img loading=\"lazy\" width=\"300\" height=\"200\" src=\"https:\/\/www.lichen.pl\/wp-content\/uploads\/2025\/04\/Jubileusz_chorych-14-300x200.jpg\" class=\"attachment-medium size-medium\" alt=\"\" decoding=\"async\" srcset=\"https:\/\/www.lichen.pl\/wp-content\/uploads\/2025\/04\/Jubileusz_chorych-14-300x200.jpg 300w, https:\/\/www.lichen.pl\/wp-content\/uploads\/2025\/04\/Jubileusz_chorych-14-1024x683.jpg 1024w, https:\/\/www.lichen.pl\/wp-content\/uploads\/2025\/04\/Jubileusz_chorych-14-768x512.jpg 768w, https:\/\/www.lichen.pl\/wp-content\/uploads\/2025\/04\/Jubileusz_chorych-14-1536x1024.jpg 1536w, https:\/\/www.lichen.pl\/wp-content\/uploads\/2025\/04\/Jubileusz_chorych-14-2048x1365.jpg 2048w, https:\/\/www.lichen.pl\/wp-content\/uploads\/2025\/04\/Jubileusz_chorych-14-18x12.jpg 18w, https:\/\/www.lichen.pl\/wp-content\/uploads\/2025\/04\/Jubileusz_chorych-14-800x533.jpg 800w\" sizes=\"(max-width: 300px) 100vw, 300px\" \/><\/a>\n\t\t\t<\/div><\/figure><figure class='gallery-item'>\n\t\t\t<div class='gallery-icon landscape'>\n\t\t\t\t<a data-elementor-open-lightbox=\"yes\" data-elementor-lightbox-slideshow=\"40fc0f5\" data-elementor-lightbox-title=\"Jubileusz_chorych (15)\" data-e-action-hash=\"#elementor-action%3Aaction%3Dlightbox%26settings%3DeyJpZCI6ODE0MjIsInVybCI6Imh0dHBzOlwvXC93d3cubGljaGVuLnBsXC93cC1jb250ZW50XC91cGxvYWRzXC8yMDI1XC8wNFwvSnViaWxldXN6X2Nob3J5Y2gtMTUuanBnIiwic2xpZGVzaG93IjoiNDBmYzBmNSJ9\" href='https:\/\/www.lichen.pl\/wp-content\/uploads\/2025\/04\/Jubileusz_chorych-15.jpg'><img loading=\"lazy\" width=\"300\" height=\"200\" src=\"https:\/\/www.lichen.pl\/wp-content\/uploads\/2025\/04\/Jubileusz_chorych-15-300x200.jpg\" class=\"attachment-medium size-medium\" alt=\"\" decoding=\"async\" srcset=\"https:\/\/www.lichen.pl\/wp-content\/uploads\/2025\/04\/Jubileusz_chorych-15-300x200.jpg 300w, https:\/\/www.lichen.pl\/wp-content\/uploads\/2025\/04\/Jubileusz_chorych-15-1024x683.jpg 1024w, https:\/\/www.lichen.pl\/wp-content\/uploads\/2025\/04\/Jubileusz_chorych-15-768x512.jpg 768w, https:\/\/www.lichen.pl\/wp-content\/uploads\/2025\/04\/Jubileusz_chorych-15-1536x1024.jpg 1536w, https:\/\/www.lichen.pl\/wp-content\/uploads\/2025\/04\/Jubileusz_chorych-15-2048x1365.jpg 2048w, https:\/\/www.lichen.pl\/wp-content\/uploads\/2025\/04\/Jubileusz_chorych-15-18x12.jpg 18w, https:\/\/www.lichen.pl\/wp-content\/uploads\/2025\/04\/Jubileusz_chorych-15-800x533.jpg 800w, https:\/\/www.lichen.pl\/wp-content\/uploads\/2025\/04\/Jubileusz_chorych-15.jpg 1600w\" sizes=\"(max-width: 300px) 100vw, 300px\" \/><\/a>\n\t\t\t<\/div><\/figure><figure class='gallery-item'>\n\t\t\t<div class='gallery-icon landscape'>\n\t\t\t\t<a data-elementor-open-lightbox=\"yes\" data-elementor-lightbox-slideshow=\"40fc0f5\" data-elementor-lightbox-title=\"Jubileusz_chorych (17)\" data-e-action-hash=\"#elementor-action%3Aaction%3Dlightbox%26settings%3DeyJpZCI6ODE0MjQsInVybCI6Imh0dHBzOlwvXC93d3cubGljaGVuLnBsXC93cC1jb250ZW50XC91cGxvYWRzXC8yMDI1XC8wNFwvSnViaWxldXN6X2Nob3J5Y2gtMTcuanBnIiwic2xpZGVzaG93IjoiNDBmYzBmNSJ9\" href='https:\/\/www.lichen.pl\/wp-content\/uploads\/2025\/04\/Jubileusz_chorych-17.jpg'><img loading=\"lazy\" width=\"300\" height=\"200\" src=\"https:\/\/www.lichen.pl\/wp-content\/uploads\/2025\/04\/Jubileusz_chorych-17-300x200.jpg\" class=\"attachment-medium size-medium\" alt=\"\" decoding=\"async\" srcset=\"https:\/\/www.lichen.pl\/wp-content\/uploads\/2025\/04\/Jubileusz_chorych-17-300x200.jpg 300w, https:\/\/www.lichen.pl\/wp-content\/uploads\/2025\/04\/Jubileusz_chorych-17-1024x683.jpg 1024w, https:\/\/www.lichen.pl\/wp-content\/uploads\/2025\/04\/Jubileusz_chorych-17-768x512.jpg 768w, https:\/\/www.lichen.pl\/wp-content\/uploads\/2025\/04\/Jubileusz_chorych-17-1536x1024.jpg 1536w, https:\/\/www.lichen.pl\/wp-content\/uploads\/2025\/04\/Jubileusz_chorych-17-2048x1365.jpg 2048w, https:\/\/www.lichen.pl\/wp-content\/uploads\/2025\/04\/Jubileusz_chorych-17-18x12.jpg 18w, https:\/\/www.lichen.pl\/wp-content\/uploads\/2025\/04\/Jubileusz_chorych-17-800x533.jpg 800w\" sizes=\"(max-width: 300px) 100vw, 300px\" \/><\/a>\n\t\t\t<\/div><\/figure><figure class='gallery-item'>\n\t\t\t<div class='gallery-icon landscape'>\n\t\t\t\t<a data-elementor-open-lightbox=\"yes\" data-elementor-lightbox-slideshow=\"40fc0f5\" data-elementor-lightbox-title=\"Jubileusz_chorych (18)\" data-e-action-hash=\"#elementor-action%3Aaction%3Dlightbox%26settings%3DeyJpZCI6ODE0MjUsInVybCI6Imh0dHBzOlwvXC93d3cubGljaGVuLnBsXC93cC1jb250ZW50XC91cGxvYWRzXC8yMDI1XC8wNFwvSnViaWxldXN6X2Nob3J5Y2gtMTguanBnIiwic2xpZGVzaG93IjoiNDBmYzBmNSJ9\" href='https:\/\/www.lichen.pl\/wp-content\/uploads\/2025\/04\/Jubileusz_chorych-18.jpg'><img loading=\"lazy\" width=\"300\" height=\"200\" src=\"https:\/\/www.lichen.pl\/wp-content\/uploads\/2025\/04\/Jubileusz_chorych-18-300x200.jpg\" class=\"attachment-medium size-medium\" alt=\"\" decoding=\"async\" srcset=\"https:\/\/www.lichen.pl\/wp-content\/uploads\/2025\/04\/Jubileusz_chorych-18-300x200.jpg 300w, https:\/\/www.lichen.pl\/wp-content\/uploads\/2025\/04\/Jubileusz_chorych-18-1024x683.jpg 1024w, https:\/\/www.lichen.pl\/wp-content\/uploads\/2025\/04\/Jubileusz_chorych-18-768x512.jpg 768w, https:\/\/www.lichen.pl\/wp-content\/uploads\/2025\/04\/Jubileusz_chorych-18-1536x1024.jpg 1536w, https:\/\/www.lichen.pl\/wp-content\/uploads\/2025\/04\/Jubileusz_chorych-18-2048x1365.jpg 2048w, https:\/\/www.lichen.pl\/wp-content\/uploads\/2025\/04\/Jubileusz_chorych-18-18x12.jpg 18w, https:\/\/www.lichen.pl\/wp-content\/uploads\/2025\/04\/Jubileusz_chorych-18-800x533.jpg 800w\" sizes=\"(max-width: 300px) 100vw, 300px\" \/><\/a>\n\t\t\t<\/div><\/figure><figure class='gallery-item'>\n\t\t\t<div class='gallery-icon landscape'>\n\t\t\t\t<a data-elementor-open-lightbox=\"yes\" data-elementor-lightbox-slideshow=\"40fc0f5\" data-elementor-lightbox-title=\"Jubileusz_chorych (19)\" data-e-action-hash=\"#elementor-action%3Aaction%3Dlightbox%26settings%3DeyJpZCI6ODE0MjYsInVybCI6Imh0dHBzOlwvXC93d3cubGljaGVuLnBsXC93cC1jb250ZW50XC91cGxvYWRzXC8yMDI1XC8wNFwvSnViaWxldXN6X2Nob3J5Y2gtMTkuanBnIiwic2xpZGVzaG93IjoiNDBmYzBmNSJ9\" href='https:\/\/www.lichen.pl\/wp-content\/uploads\/2025\/04\/Jubileusz_chorych-19.jpg'><img loading=\"lazy\" width=\"300\" height=\"200\" src=\"https:\/\/www.lichen.pl\/wp-content\/uploads\/2025\/04\/Jubileusz_chorych-19-300x200.jpg\" class=\"attachment-medium size-medium\" alt=\"\" decoding=\"async\" srcset=\"https:\/\/www.lichen.pl\/wp-content\/uploads\/2025\/04\/Jubileusz_chorych-19-300x200.jpg 300w, https:\/\/www.lichen.pl\/wp-content\/uploads\/2025\/04\/Jubileusz_chorych-19-1024x683.jpg 1024w, https:\/\/www.lichen.pl\/wp-content\/uploads\/2025\/04\/Jubileusz_chorych-19-768x512.jpg 768w, https:\/\/www.lichen.pl\/wp-content\/uploads\/2025\/04\/Jubileusz_chorych-19-1536x1024.jpg 1536w, https:\/\/www.lichen.pl\/wp-content\/uploads\/2025\/04\/Jubileusz_chorych-19-2048x1365.jpg 2048w, https:\/\/www.lichen.pl\/wp-content\/uploads\/2025\/04\/Jubileusz_chorych-19-18x12.jpg 18w, https:\/\/www.lichen.pl\/wp-content\/uploads\/2025\/04\/Jubileusz_chorych-19-800x533.jpg 800w\" sizes=\"(max-width: 300px) 100vw, 300px\" \/><\/a>\n\t\t\t<\/div><\/figure><figure class='gallery-item'>\n\t\t\t<div class='gallery-icon landscape'>\n\t\t\t\t<a data-elementor-open-lightbox=\"yes\" data-elementor-lightbox-slideshow=\"40fc0f5\" data-elementor-lightbox-title=\"Jubileusz_chorych (21)\" data-e-action-hash=\"#elementor-action%3Aaction%3Dlightbox%26settings%3DeyJpZCI6ODE0MjcsInVybCI6Imh0dHBzOlwvXC93d3cubGljaGVuLnBsXC93cC1jb250ZW50XC91cGxvYWRzXC8yMDI1XC8wNFwvSnViaWxldXN6X2Nob3J5Y2gtMjEuanBnIiwic2xpZGVzaG93IjoiNDBmYzBmNSJ9\" href='https:\/\/www.lichen.pl\/wp-content\/uploads\/2025\/04\/Jubileusz_chorych-21.jpg'><img loading=\"lazy\" width=\"300\" height=\"200\" src=\"https:\/\/www.lichen.pl\/wp-content\/uploads\/2025\/04\/Jubileusz_chorych-21-300x200.jpg\" class=\"attachment-medium size-medium\" alt=\"\" decoding=\"async\" srcset=\"https:\/\/www.lichen.pl\/wp-content\/uploads\/2025\/04\/Jubileusz_chorych-21-300x200.jpg 300w, https:\/\/www.lichen.pl\/wp-content\/uploads\/2025\/04\/Jubileusz_chorych-21-1024x683.jpg 1024w, https:\/\/www.lichen.pl\/wp-content\/uploads\/2025\/04\/Jubileusz_chorych-21-768x512.jpg 768w, https:\/\/www.lichen.pl\/wp-content\/uploads\/2025\/04\/Jubileusz_chorych-21-1536x1024.jpg 1536w, https:\/\/www.lichen.pl\/wp-content\/uploads\/2025\/04\/Jubileusz_chorych-21-2048x1365.jpg 2048w, https:\/\/www.lichen.pl\/wp-content\/uploads\/2025\/04\/Jubileusz_chorych-21-18x12.jpg 18w, https:\/\/www.lichen.pl\/wp-content\/uploads\/2025\/04\/Jubileusz_chorych-21-800x533.jpg 800w, https:\/\/www.lichen.pl\/wp-content\/uploads\/2025\/04\/Jubileusz_chorych-21.jpg 1920w\" sizes=\"(max-width: 300px) 100vw, 300px\" \/><\/a>\n\t\t\t<\/div><\/figure><figure class='gallery-item'>\n\t\t\t<div class='gallery-icon landscape'>\n\t\t\t\t<a data-elementor-open-lightbox=\"yes\" data-elementor-lightbox-slideshow=\"40fc0f5\" data-elementor-lightbox-title=\"Jubileusz_chorych (20)\" data-e-action-hash=\"#elementor-action%3Aaction%3Dlightbox%26settings%3DeyJpZCI6ODE0MjksInVybCI6Imh0dHBzOlwvXC93d3cubGljaGVuLnBsXC93cC1jb250ZW50XC91cGxvYWRzXC8yMDI1XC8wNFwvSnViaWxldXN6X2Nob3J5Y2gtMjAuanBnIiwic2xpZGVzaG93IjoiNDBmYzBmNSJ9\" href='https:\/\/www.lichen.pl\/wp-content\/uploads\/2025\/04\/Jubileusz_chorych-20.jpg'><img loading=\"lazy\" width=\"300\" height=\"200\" src=\"https:\/\/www.lichen.pl\/wp-content\/uploads\/2025\/04\/Jubileusz_chorych-20-300x200.jpg\" class=\"attachment-medium size-medium\" alt=\"\" decoding=\"async\" srcset=\"https:\/\/www.lichen.pl\/wp-content\/uploads\/2025\/04\/Jubileusz_chorych-20-300x200.jpg 300w, https:\/\/www.lichen.pl\/wp-content\/uploads\/2025\/04\/Jubileusz_chorych-20-1024x683.jpg 1024w, https:\/\/www.lichen.pl\/wp-content\/uploads\/2025\/04\/Jubileusz_chorych-20-768x512.jpg 768w, https:\/\/www.lichen.pl\/wp-content\/uploads\/2025\/04\/Jubileusz_chorych-20-1536x1024.jpg 1536w, https:\/\/www.lichen.pl\/wp-content\/uploads\/2025\/04\/Jubileusz_chorych-20-2048x1365.jpg 2048w, https:\/\/www.lichen.pl\/wp-content\/uploads\/2025\/04\/Jubileusz_chorych-20-18x12.jpg 18w, https:\/\/www.lichen.pl\/wp-content\/uploads\/2025\/04\/Jubileusz_chorych-20-800x533.jpg 800w, https:\/\/www.lichen.pl\/wp-content\/uploads\/2025\/04\/Jubileusz_chorych-20.jpg 1920w\" sizes=\"(max-width: 300px) 100vw, 300px\" \/><\/a>\n\t\t\t<\/div><\/figure>\n\t\t<\/div>\n\t\t<\/div>\n\t\t\t\t\t\t<\/div>\n\t\t\t\t<\/div>\n\t\t\t\t\t<\/div>\n\t\t<\/div>\n\t\t\t\t\t<\/div>\n\t\t<\/section>\n\t\t\t\t<\/div>","protected":false},"excerpt":{"rendered":"<p>W minion\u0105 niedziel\u0119 w bazylice odby\u0142a si\u0119 wyj\u0105tkowa uroczysto\u015b\u0107 \u2013 Jubileusz Chorych i Pracownik\u00f3w S\u0142u\u017cby Zdrowia. Wydarzenie to zgromadzi\u0142o licznie przyby\u0142ych wiernych,\u00a0w\u015br\u00f3d kt\u00f3rych znale\u017ali si\u0119 zar\u00f3wno chorzy i cierpi\u0105cy, jak i ci, kt\u00f3rzy na co dzie\u0144 towarzysz\u0105\u00a0im w trudnych momentach \u017cycia: lekarze, piel\u0119gniarki, opiekunowie, osoby pracuj\u0105ce w\u00a0domach pomocy spo\u0142ecznej oraz wolontariusze. Bazylika wype\u0142ni\u0142a si\u0119 po [&hellip;]<\/p>\n","protected":false},"author":8,"featured_media":81422,"comment_status":"closed","ping_status":"closed","sticky":false,"template":"","format":"standard","meta":{"footnotes":""},"categories":[1],"tags":[],"class_list":["post-81404","post","type-post","status-publish","format-standard","has-post-thumbnail","hentry","category-aktualnosci","wpbf-post"],"yoast_head":"<!-- This site is optimized with the Yoast SEO plugin v27.4 - https:\/\/yoast.com\/product\/yoast-seo-wordpress\/ -->\n<title>\u201eJa ci\u0119 przyjmuj\u0119\u201d \u2013 Jubileusz Chorych i Pracownik\u00f3w S\u0142u\u017cby Zdrowia w liche\u0144skiej bazylice - SANKTUARIUM W LICHENIU<\/title>\n<meta name=\"robots\" content=\"index, follow, max-snippet:-1, max-image-preview:large, max-video-preview:-1\" \/>\n<link rel=\"canonical\" href=\"https:\/\/www.lichen.pl\/fr\/ja-cie-przyjmuje-jubileusz-chorych-i-pracownikow-sluzby-zdrowia-w-lichenskiej-bazylice\/\" \/>\n<meta property=\"og:locale\" content=\"fr_FR\" \/>\n<meta property=\"og:type\" content=\"article\" \/>\n<meta property=\"og:title\" content=\"\u201eJa ci\u0119 przyjmuj\u0119\u201d \u2013 Jubileusz Chorych i Pracownik\u00f3w S\u0142u\u017cby Zdrowia w liche\u0144skiej bazylice - SANKTUARIUM W LICHENIU\" \/>\n<meta property=\"og:description\" content=\"W minion\u0105 niedziel\u0119 w bazylice odby\u0142a si\u0119 wyj\u0105tkowa uroczysto\u015b\u0107 \u2013 Jubileusz Chorych i Pracownik\u00f3w S\u0142u\u017cby Zdrowia. Wydarzenie to zgromadzi\u0142o licznie przyby\u0142ych wiernych,\u00a0w\u015br\u00f3d kt\u00f3rych znale\u017ali si\u0119 zar\u00f3wno chorzy i cierpi\u0105cy, jak i ci, kt\u00f3rzy na co dzie\u0144 towarzysz\u0105\u00a0im w trudnych momentach \u017cycia: lekarze, piel\u0119gniarki, opiekunowie, osoby pracuj\u0105ce w\u00a0domach pomocy spo\u0142ecznej oraz wolontariusze. Bazylika wype\u0142ni\u0142a si\u0119 po [&hellip;]\" \/>\n<meta property=\"og:url\" content=\"https:\/\/www.lichen.pl\/fr\/ja-cie-przyjmuje-jubileusz-chorych-i-pracownikow-sluzby-zdrowia-w-lichenskiej-bazylice\/\" \/>\n<meta property=\"og:site_name\" content=\"SANKTUARIUM W LICHENIU\" \/>\n<meta property=\"article:published_time\" content=\"2025-04-07T07:31:31+00:00\" \/>\n<meta property=\"article:modified_time\" content=\"2025-04-07T10:32:58+00:00\" \/>\n<meta property=\"og:image\" content=\"https:\/\/www.lichen.pl\/wp-content\/uploads\/2025\/04\/Jubileusz_chorych-15-1024x683.jpg\" \/>\n\t<meta property=\"og:image:width\" content=\"1024\" \/>\n\t<meta property=\"og:image:height\" content=\"683\" \/>\n\t<meta property=\"og:image:type\" content=\"image\/jpeg\" \/>\n<meta name=\"author\" content=\"Biuro Prasowe\" \/>\n<meta name=\"twitter:card\" content=\"summary_large_image\" \/>\n<meta name=\"twitter:label1\" content=\"\u00c9crit par\" \/>\n\t<meta name=\"twitter:data1\" content=\"Biuro Prasowe\" \/>\n\t<meta name=\"twitter:label2\" content=\"Dur\u00e9e de lecture estim\u00e9e\" \/>\n\t<meta name=\"twitter:data2\" content=\"7 minutes\" \/>\n<script type=\"application\/ld+json\" class=\"yoast-schema-graph\">{\"@context\":\"https:\\\/\\\/schema.org\",\"@graph\":[{\"@type\":\"Article\",\"@id\":\"https:\\\/\\\/www.lichen.pl\\\/ja-cie-przyjmuje-jubileusz-chorych-i-pracownikow-sluzby-zdrowia-w-lichenskiej-bazylice\\\/#article\",\"isPartOf\":{\"@id\":\"https:\\\/\\\/www.lichen.pl\\\/ja-cie-przyjmuje-jubileusz-chorych-i-pracownikow-sluzby-zdrowia-w-lichenskiej-bazylice\\\/\"},\"author\":{\"name\":\"Biuro Prasowe\",\"@id\":\"https:\\\/\\\/www.lichen.pl\\\/fr\\\/#\\\/schema\\\/person\\\/682b5cfa2f8a664a298ed0bc19782a02\"},\"headline\":\"\u201eJa ci\u0119 przyjmuj\u0119\u201d \u2013 Jubileusz Chorych i Pracownik\u00f3w S\u0142u\u017cby Zdrowia w liche\u0144skiej bazylice\",\"datePublished\":\"2025-04-07T07:31:31+00:00\",\"dateModified\":\"2025-04-07T10:32:58+00:00\",\"mainEntityOfPage\":{\"@id\":\"https:\\\/\\\/www.lichen.pl\\\/ja-cie-przyjmuje-jubileusz-chorych-i-pracownikow-sluzby-zdrowia-w-lichenskiej-bazylice\\\/\"},\"wordCount\":602,\"image\":{\"@id\":\"https:\\\/\\\/www.lichen.pl\\\/ja-cie-przyjmuje-jubileusz-chorych-i-pracownikow-sluzby-zdrowia-w-lichenskiej-bazylice\\\/#primaryimage\"},\"thumbnailUrl\":\"https:\\\/\\\/www.lichen.pl\\\/wp-content\\\/uploads\\\/2025\\\/04\\\/Jubileusz_chorych-15.jpg\",\"articleSection\":[\"Aktualno\u015bci\"],\"inLanguage\":\"fr-FR\"},{\"@type\":\"WebPage\",\"@id\":\"https:\\\/\\\/www.lichen.pl\\\/ja-cie-przyjmuje-jubileusz-chorych-i-pracownikow-sluzby-zdrowia-w-lichenskiej-bazylice\\\/\",\"url\":\"https:\\\/\\\/www.lichen.pl\\\/ja-cie-przyjmuje-jubileusz-chorych-i-pracownikow-sluzby-zdrowia-w-lichenskiej-bazylice\\\/\",\"name\":\"\u201eJa ci\u0119 przyjmuj\u0119\u201d \u2013 Jubileusz Chorych i Pracownik\u00f3w S\u0142u\u017cby Zdrowia w liche\u0144skiej bazylice - SANKTUARIUM W LICHENIU\",\"isPartOf\":{\"@id\":\"https:\\\/\\\/www.lichen.pl\\\/fr\\\/#website\"},\"primaryImageOfPage\":{\"@id\":\"https:\\\/\\\/www.lichen.pl\\\/ja-cie-przyjmuje-jubileusz-chorych-i-pracownikow-sluzby-zdrowia-w-lichenskiej-bazylice\\\/#primaryimage\"},\"image\":{\"@id\":\"https:\\\/\\\/www.lichen.pl\\\/ja-cie-przyjmuje-jubileusz-chorych-i-pracownikow-sluzby-zdrowia-w-lichenskiej-bazylice\\\/#primaryimage\"},\"thumbnailUrl\":\"https:\\\/\\\/www.lichen.pl\\\/wp-content\\\/uploads\\\/2025\\\/04\\\/Jubileusz_chorych-15.jpg\",\"datePublished\":\"2025-04-07T07:31:31+00:00\",\"dateModified\":\"2025-04-07T10:32:58+00:00\",\"author\":{\"@id\":\"https:\\\/\\\/www.lichen.pl\\\/fr\\\/#\\\/schema\\\/person\\\/682b5cfa2f8a664a298ed0bc19782a02\"},\"breadcrumb\":{\"@id\":\"https:\\\/\\\/www.lichen.pl\\\/ja-cie-przyjmuje-jubileusz-chorych-i-pracownikow-sluzby-zdrowia-w-lichenskiej-bazylice\\\/#breadcrumb\"},\"inLanguage\":\"fr-FR\",\"potentialAction\":[{\"@type\":\"ReadAction\",\"target\":[\"https:\\\/\\\/www.lichen.pl\\\/ja-cie-przyjmuje-jubileusz-chorych-i-pracownikow-sluzby-zdrowia-w-lichenskiej-bazylice\\\/\"]}]},{\"@type\":\"ImageObject\",\"inLanguage\":\"fr-FR\",\"@id\":\"https:\\\/\\\/www.lichen.pl\\\/ja-cie-przyjmuje-jubileusz-chorych-i-pracownikow-sluzby-zdrowia-w-lichenskiej-bazylice\\\/#primaryimage\",\"url\":\"https:\\\/\\\/www.lichen.pl\\\/wp-content\\\/uploads\\\/2025\\\/04\\\/Jubileusz_chorych-15.jpg\",\"contentUrl\":\"https:\\\/\\\/www.lichen.pl\\\/wp-content\\\/uploads\\\/2025\\\/04\\\/Jubileusz_chorych-15.jpg\",\"width\":1600,\"height\":1067},{\"@type\":\"BreadcrumbList\",\"@id\":\"https:\\\/\\\/www.lichen.pl\\\/ja-cie-przyjmuje-jubileusz-chorych-i-pracownikow-sluzby-zdrowia-w-lichenskiej-bazylice\\\/#breadcrumb\",\"itemListElement\":[{\"@type\":\"ListItem\",\"position\":1,\"name\":\"Strona g\u0142\u00f3wna\",\"item\":\"https:\\\/\\\/www.lichen.pl\\\/\"},{\"@type\":\"ListItem\",\"position\":2,\"name\":\"\u201eJa ci\u0119 przyjmuj\u0119\u201d \u2013 Jubileusz Chorych i Pracownik\u00f3w S\u0142u\u017cby Zdrowia w liche\u0144skiej bazylice\"}]},{\"@type\":\"WebSite\",\"@id\":\"https:\\\/\\\/www.lichen.pl\\\/fr\\\/#website\",\"url\":\"https:\\\/\\\/www.lichen.pl\\\/fr\\\/\",\"name\":\"SANKTUARIUM W LICHENIU\",\"description\":\"MATKI BO\u017bEJ LICHE\u0143SKIEJ BOLESNEJ KR\u00d3LOWEJ POLSKI\",\"potentialAction\":[{\"@type\":\"SearchAction\",\"target\":{\"@type\":\"EntryPoint\",\"urlTemplate\":\"https:\\\/\\\/www.lichen.pl\\\/fr\\\/?s={search_term_string}\"},\"query-input\":{\"@type\":\"PropertyValueSpecification\",\"valueRequired\":true,\"valueName\":\"search_term_string\"}}],\"inLanguage\":\"fr-FR\"},{\"@type\":\"Person\",\"@id\":\"https:\\\/\\\/www.lichen.pl\\\/fr\\\/#\\\/schema\\\/person\\\/682b5cfa2f8a664a298ed0bc19782a02\",\"name\":\"Biuro Prasowe\",\"image\":{\"@type\":\"ImageObject\",\"inLanguage\":\"fr-FR\",\"@id\":\"https:\\\/\\\/secure.gravatar.com\\\/avatar\\\/07fa3449d37670fd38888cb2e3db27aa13df245d811ec65206e44888f202bb53?s=96&d=retro&r=g\",\"url\":\"https:\\\/\\\/secure.gravatar.com\\\/avatar\\\/07fa3449d37670fd38888cb2e3db27aa13df245d811ec65206e44888f202bb53?s=96&d=retro&r=g\",\"contentUrl\":\"https:\\\/\\\/secure.gravatar.com\\\/avatar\\\/07fa3449d37670fd38888cb2e3db27aa13df245d811ec65206e44888f202bb53?s=96&d=retro&r=g\",\"caption\":\"Biuro Prasowe\"},\"sameAs\":[\"http:\\\/\\\/www.lichen.pl\"],\"url\":\"https:\\\/\\\/www.lichen.pl\\\/fr\\\/author\\\/biuro-prasowe\\\/\"}]}<\/script>\n<!-- \/ Yoast SEO plugin. -->","yoast_head_json":{"title":"\u201eJa ci\u0119 przyjmuj\u0119\u201d \u2013 Jubileusz Chorych i Pracownik\u00f3w S\u0142u\u017cby Zdrowia w liche\u0144skiej bazylice - SANKTUARIUM W LICHENIU","robots":{"index":"index","follow":"follow","max-snippet":"max-snippet:-1","max-image-preview":"max-image-preview:large","max-video-preview":"max-video-preview:-1"},"canonical":"https:\/\/www.lichen.pl\/fr\/ja-cie-przyjmuje-jubileusz-chorych-i-pracownikow-sluzby-zdrowia-w-lichenskiej-bazylice\/","og_locale":"fr_FR","og_type":"article","og_title":"\u201eJa ci\u0119 przyjmuj\u0119\u201d \u2013 Jubileusz Chorych i Pracownik\u00f3w S\u0142u\u017cby Zdrowia w liche\u0144skiej bazylice - SANKTUARIUM W LICHENIU","og_description":"W minion\u0105 niedziel\u0119 w bazylice odby\u0142a si\u0119 wyj\u0105tkowa uroczysto\u015b\u0107 \u2013 Jubileusz Chorych i Pracownik\u00f3w S\u0142u\u017cby Zdrowia. Wydarzenie to zgromadzi\u0142o licznie przyby\u0142ych wiernych,\u00a0w\u015br\u00f3d kt\u00f3rych znale\u017ali si\u0119 zar\u00f3wno chorzy i cierpi\u0105cy, jak i ci, kt\u00f3rzy na co dzie\u0144 towarzysz\u0105\u00a0im w trudnych momentach \u017cycia: lekarze, piel\u0119gniarki, opiekunowie, osoby pracuj\u0105ce w\u00a0domach pomocy spo\u0142ecznej oraz wolontariusze. Bazylika wype\u0142ni\u0142a si\u0119 po [&hellip;]","og_url":"https:\/\/www.lichen.pl\/fr\/ja-cie-przyjmuje-jubileusz-chorych-i-pracownikow-sluzby-zdrowia-w-lichenskiej-bazylice\/","og_site_name":"SANKTUARIUM W LICHENIU","article_published_time":"2025-04-07T07:31:31+00:00","article_modified_time":"2025-04-07T10:32:58+00:00","og_image":[{"width":1024,"height":683,"url":"https:\/\/www.lichen.pl\/wp-content\/uploads\/2025\/04\/Jubileusz_chorych-15-1024x683.jpg","type":"image\/jpeg"}],"author":"Biuro Prasowe","twitter_card":"summary_large_image","twitter_misc":{"\u00c9crit par":"Biuro Prasowe","Dur\u00e9e de lecture estim\u00e9e":"7 minutes"},"schema":{"@context":"https:\/\/schema.org","@graph":[{"@type":"Article","@id":"https:\/\/www.lichen.pl\/ja-cie-przyjmuje-jubileusz-chorych-i-pracownikow-sluzby-zdrowia-w-lichenskiej-bazylice\/#article","isPartOf":{"@id":"https:\/\/www.lichen.pl\/ja-cie-przyjmuje-jubileusz-chorych-i-pracownikow-sluzby-zdrowia-w-lichenskiej-bazylice\/"},"author":{"name":"Biuro Prasowe","@id":"https:\/\/www.lichen.pl\/fr\/#\/schema\/person\/682b5cfa2f8a664a298ed0bc19782a02"},"headline":"\u201eJa ci\u0119 przyjmuj\u0119\u201d \u2013 Jubileusz Chorych i Pracownik\u00f3w S\u0142u\u017cby Zdrowia w liche\u0144skiej bazylice","datePublished":"2025-04-07T07:31:31+00:00","dateModified":"2025-04-07T10:32:58+00:00","mainEntityOfPage":{"@id":"https:\/\/www.lichen.pl\/ja-cie-przyjmuje-jubileusz-chorych-i-pracownikow-sluzby-zdrowia-w-lichenskiej-bazylice\/"},"wordCount":602,"image":{"@id":"https:\/\/www.lichen.pl\/ja-cie-przyjmuje-jubileusz-chorych-i-pracownikow-sluzby-zdrowia-w-lichenskiej-bazylice\/#primaryimage"},"thumbnailUrl":"https:\/\/www.lichen.pl\/wp-content\/uploads\/2025\/04\/Jubileusz_chorych-15.jpg","articleSection":["Aktualno\u015bci"],"inLanguage":"fr-FR"},{"@type":"WebPage","@id":"https:\/\/www.lichen.pl\/ja-cie-przyjmuje-jubileusz-chorych-i-pracownikow-sluzby-zdrowia-w-lichenskiej-bazylice\/","url":"https:\/\/www.lichen.pl\/ja-cie-przyjmuje-jubileusz-chorych-i-pracownikow-sluzby-zdrowia-w-lichenskiej-bazylice\/","name":"\u201eJa ci\u0119 przyjmuj\u0119\u201d \u2013 Jubileusz Chorych i Pracownik\u00f3w S\u0142u\u017cby Zdrowia w liche\u0144skiej bazylice - SANKTUARIUM W LICHENIU","isPartOf":{"@id":"https:\/\/www.lichen.pl\/fr\/#website"},"primaryImageOfPage":{"@id":"https:\/\/www.lichen.pl\/ja-cie-przyjmuje-jubileusz-chorych-i-pracownikow-sluzby-zdrowia-w-lichenskiej-bazylice\/#primaryimage"},"image":{"@id":"https:\/\/www.lichen.pl\/ja-cie-przyjmuje-jubileusz-chorych-i-pracownikow-sluzby-zdrowia-w-lichenskiej-bazylice\/#primaryimage"},"thumbnailUrl":"https:\/\/www.lichen.pl\/wp-content\/uploads\/2025\/04\/Jubileusz_chorych-15.jpg","datePublished":"2025-04-07T07:31:31+00:00","dateModified":"2025-04-07T10:32:58+00:00","author":{"@id":"https:\/\/www.lichen.pl\/fr\/#\/schema\/person\/682b5cfa2f8a664a298ed0bc19782a02"},"breadcrumb":{"@id":"https:\/\/www.lichen.pl\/ja-cie-przyjmuje-jubileusz-chorych-i-pracownikow-sluzby-zdrowia-w-lichenskiej-bazylice\/#breadcrumb"},"inLanguage":"fr-FR","potentialAction":[{"@type":"ReadAction","target":["https:\/\/www.lichen.pl\/ja-cie-przyjmuje-jubileusz-chorych-i-pracownikow-sluzby-zdrowia-w-lichenskiej-bazylice\/"]}]},{"@type":"ImageObject","inLanguage":"fr-FR","@id":"https:\/\/www.lichen.pl\/ja-cie-przyjmuje-jubileusz-chorych-i-pracownikow-sluzby-zdrowia-w-lichenskiej-bazylice\/#primaryimage","url":"https:\/\/www.lichen.pl\/wp-content\/uploads\/2025\/04\/Jubileusz_chorych-15.jpg","contentUrl":"https:\/\/www.lichen.pl\/wp-content\/uploads\/2025\/04\/Jubileusz_chorych-15.jpg","width":1600,"height":1067},{"@type":"BreadcrumbList","@id":"https:\/\/www.lichen.pl\/ja-cie-przyjmuje-jubileusz-chorych-i-pracownikow-sluzby-zdrowia-w-lichenskiej-bazylice\/#breadcrumb","itemListElement":[{"@type":"ListItem","position":1,"name":"Strona g\u0142\u00f3wna","item":"https:\/\/www.lichen.pl\/"},{"@type":"ListItem","position":2,"name":"\u201eJa ci\u0119 przyjmuj\u0119\u201d \u2013 Jubileusz Chorych i Pracownik\u00f3w S\u0142u\u017cby Zdrowia w liche\u0144skiej bazylice"}]},{"@type":"WebSite","@id":"https:\/\/www.lichen.pl\/fr\/#website","url":"https:\/\/www.lichen.pl\/fr\/","name":"SANCTUAIRE EN LICHENIE","description":"LA MAUVAISE REINE DE POLOGNE DE NOTRE LICHEN","potentialAction":[{"@type":"SearchAction","target":{"@type":"EntryPoint","urlTemplate":"https:\/\/www.lichen.pl\/fr\/?s={search_term_string}"},"query-input":{"@type":"PropertyValueSpecification","valueRequired":true,"valueName":"search_term_string"}}],"inLanguage":"fr-FR"},{"@type":"Person","@id":"https:\/\/www.lichen.pl\/fr\/#\/schema\/person\/682b5cfa2f8a664a298ed0bc19782a02","name":"Biuro Prasowe","image":{"@type":"ImageObject","inLanguage":"fr-FR","@id":"https:\/\/secure.gravatar.com\/avatar\/07fa3449d37670fd38888cb2e3db27aa13df245d811ec65206e44888f202bb53?s=96&d=retro&r=g","url":"https:\/\/secure.gravatar.com\/avatar\/07fa3449d37670fd38888cb2e3db27aa13df245d811ec65206e44888f202bb53?s=96&d=retro&r=g","contentUrl":"https:\/\/secure.gravatar.com\/avatar\/07fa3449d37670fd38888cb2e3db27aa13df245d811ec65206e44888f202bb53?s=96&d=retro&r=g","caption":"Biuro Prasowe"},"sameAs":["http:\/\/www.lichen.pl"],"url":"https:\/\/www.lichen.pl\/fr\/author\/biuro-prasowe\/"}]}},"_links":{"self":[{"href":"https:\/\/www.lichen.pl\/fr\/wp-json\/wp\/v2\/posts\/81404","targetHints":{"allow":["GET"]}}],"collection":[{"href":"https:\/\/www.lichen.pl\/fr\/wp-json\/wp\/v2\/posts"}],"about":[{"href":"https:\/\/www.lichen.pl\/fr\/wp-json\/wp\/v2\/types\/post"}],"author":[{"embeddable":true,"href":"https:\/\/www.lichen.pl\/fr\/wp-json\/wp\/v2\/users\/8"}],"replies":[{"embeddable":true,"href":"https:\/\/www.lichen.pl\/fr\/wp-json\/wp\/v2\/comments?post=81404"}],"version-history":[{"count":9,"href":"https:\/\/www.lichen.pl\/fr\/wp-json\/wp\/v2\/posts\/81404\/revisions"}],"predecessor-version":[{"id":81492,"href":"https:\/\/www.lichen.pl\/fr\/wp-json\/wp\/v2\/posts\/81404\/revisions\/81492"}],"wp:featuredmedia":[{"embeddable":true,"href":"https:\/\/www.lichen.pl\/fr\/wp-json\/wp\/v2\/media\/81422"}],"wp:attachment":[{"href":"https:\/\/www.lichen.pl\/fr\/wp-json\/wp\/v2\/media?parent=81404"}],"wp:term":[{"taxonomy":"category","embeddable":true,"href":"https:\/\/www.lichen.pl\/fr\/wp-json\/wp\/v2\/categories?post=81404"},{"taxonomy":"post_tag","embeddable":true,"href":"https:\/\/www.lichen.pl\/fr\/wp-json\/wp\/v2\/tags?post=81404"}],"curies":[{"name":"wp","href":"https:\/\/api.w.org\/{rel}","templated":true}]}}