{"id":83356,"date":"2025-05-06T09:14:03","date_gmt":"2025-05-06T07:14:03","guid":{"rendered":"https:\/\/www.lichen.pl\/?p=83356"},"modified":"2025-05-12T09:13:44","modified_gmt":"2025-05-12T07:13:44","slug":"xvii-ogolnopolski-tydzien-biblijny","status":"publish","type":"post","link":"https:\/\/www.lichen.pl\/fr\/xvii-ogolnopolski-tydzien-biblijny\/","title":{"rendered":"XVII Og\u00f3lnopolski Tydzie\u0144 Biblijny"},"content":{"rendered":"<div data-elementor-type=\"wp-post\" data-elementor-id=\"83356\" class=\"elementor elementor-83356\" data-elementor-post-type=\"post\">\n\t\t\t\t\t\t<section class=\"elementor-section elementor-top-section elementor-element elementor-element-263c317 elementor-section-boxed elementor-section-height-default elementor-section-height-default\" data-id=\"263c317\" data-element_type=\"section\" data-e-type=\"section\">\n\t\t\t\t\t\t<div class=\"elementor-container elementor-column-gap-default\">\n\t\t\t\t\t<div class=\"elementor-column elementor-col-100 elementor-top-column elementor-element elementor-element-e4ae209\" data-id=\"e4ae209\" data-element_type=\"column\" data-e-type=\"column\">\n\t\t\t<div class=\"elementor-widget-wrap elementor-element-populated\">\n\t\t\t\t\t\t<div class=\"elementor-element elementor-element-5dc7c08 elementor-widget elementor-widget-text-editor\" data-id=\"5dc7c08\" data-element_type=\"widget\" data-e-type=\"widget\" data-widget_type=\"text-editor.default\">\n\t\t\t\t<div class=\"elementor-widget-container\">\n\t\t\t\t\t\t\t\t\t<p><span style=\"color: #000000;\">W niedziel\u0119 4 maja 2025 r. w sanktuarium Matki Bo\u017cej Liche\u0144skiej zainaugurowano <strong>XVII Og\u00f3lnopolski Tydzie\u0144 Biblijny<\/strong>, kt\u00f3ry w tym roku odbywa si\u0119 pod has\u0142em: <em>Zmartwychwsta\u0142y Chrystus \u2013 nasza Nadzieja chwa\u0142y<\/em>. W wyj\u0105tkowej, pe\u0142nej skupienia atmosferze, w kaplicy R\u00f3\u017ca\u0144cowej liche\u0144skiej bazyliki przez ca\u0142y dzie\u0144 trwa\u0142o publiczne czytanie Pisma \u015awi\u0119tego. <\/span><\/p><p><span style=\"color: #000000;\">W tym wyj\u0105tkowym dziele uczestniczyli zar\u00f3wno ksi\u0119\u017ca marianie pos\u0142uguj\u0105cy w sanktuarium, jak i pracownicy \u015bwieccy, a tak\u017ce przybyli pielgrzymi. Wsp\u00f3lnie, w duchu modlitwy i kontemplacji, czytano fragmenty List\u00f3w \u015bw. Paw\u0142a do Koryntian oraz List\u00f3w \u015bw. Piotra Aposto\u0142a. S\u0142owa te \u2013 pisane do wsp\u00f3lnot pierwszych chrze\u015bcijan \u2013 nabieraj\u0105 nowego znaczenia tak\u017ce dzisiaj, staj\u0105c si\u0119 \u017cywym g\u0142osem, kt\u00f3ry Ko\u015bci\u00f3\u0142 pragnie us\u0142ysze\u0107 na nowo.<\/span><\/p>\t\t\t\t\t\t\t\t<\/div>\n\t\t\t\t<\/div>\n\t\t\t\t\t<\/div>\n\t\t<\/div>\n\t\t\t\t\t<\/div>\n\t\t<\/section>\n\t\t\t\t<section class=\"elementor-section elementor-top-section elementor-element elementor-element-d22d411 elementor-section-boxed elementor-section-height-default elementor-section-height-default\" data-id=\"d22d411\" data-element_type=\"section\" data-e-type=\"section\">\n\t\t\t\t\t\t<div class=\"elementor-container elementor-column-gap-default\">\n\t\t\t\t\t<div class=\"elementor-column elementor-col-100 elementor-top-column elementor-element elementor-element-992b61e\" data-id=\"992b61e\" data-element_type=\"column\" data-e-type=\"column\">\n\t\t\t<div class=\"elementor-widget-wrap elementor-element-populated\">\n\t\t\t\t\t\t<div class=\"elementor-element elementor-element-5158d24 elementor-widget elementor-widget-image\" data-id=\"5158d24\" data-element_type=\"widget\" data-e-type=\"widget\" data-widget_type=\"image.default\">\n\t\t\t\t<div class=\"elementor-widget-container\">\n\t\t\t\t\t\t\t\t\t\t\t\t\t\t\t<img fetchpriority=\"high\" decoding=\"async\" width=\"1024\" height=\"683\" src=\"https:\/\/www.lichen.pl\/wp-content\/uploads\/2025\/05\/Narodowe_Czytanie_Pisma_Swietego-15-1024x683.jpg\" class=\"attachment-large size-large wp-image-83359\" alt=\"\" srcset=\"https:\/\/www.lichen.pl\/wp-content\/uploads\/2025\/05\/Narodowe_Czytanie_Pisma_Swietego-15-1024x683.jpg 1024w, https:\/\/www.lichen.pl\/wp-content\/uploads\/2025\/05\/Narodowe_Czytanie_Pisma_Swietego-15-300x200.jpg 300w, https:\/\/www.lichen.pl\/wp-content\/uploads\/2025\/05\/Narodowe_Czytanie_Pisma_Swietego-15-768x512.jpg 768w, https:\/\/www.lichen.pl\/wp-content\/uploads\/2025\/05\/Narodowe_Czytanie_Pisma_Swietego-15-1536x1024.jpg 1536w, https:\/\/www.lichen.pl\/wp-content\/uploads\/2025\/05\/Narodowe_Czytanie_Pisma_Swietego-15-2048x1365.jpg 2048w, https:\/\/www.lichen.pl\/wp-content\/uploads\/2025\/05\/Narodowe_Czytanie_Pisma_Swietego-15-18x12.jpg 18w, https:\/\/www.lichen.pl\/wp-content\/uploads\/2025\/05\/Narodowe_Czytanie_Pisma_Swietego-15-800x533.jpg 800w, https:\/\/www.lichen.pl\/wp-content\/uploads\/2025\/05\/Narodowe_Czytanie_Pisma_Swietego-15.jpg 1920w\" sizes=\"(max-width: 1024px) 100vw, 1024px\" \/>\t\t\t\t\t\t\t\t\t\t\t\t\t\t\t<\/div>\n\t\t\t\t<\/div>\n\t\t\t\t\t<\/div>\n\t\t<\/div>\n\t\t\t\t\t<\/div>\n\t\t<\/section>\n\t\t\t\t<section class=\"elementor-section elementor-top-section elementor-element elementor-element-487e42e elementor-section-boxed elementor-section-height-default elementor-section-height-default\" data-id=\"487e42e\" data-element_type=\"section\" data-e-type=\"section\">\n\t\t\t\t\t\t<div class=\"elementor-container elementor-column-gap-default\">\n\t\t\t\t\t<div class=\"elementor-column elementor-col-100 elementor-top-column elementor-element elementor-element-8a4e686\" data-id=\"8a4e686\" data-element_type=\"column\" data-e-type=\"column\">\n\t\t\t<div class=\"elementor-widget-wrap elementor-element-populated\">\n\t\t\t\t\t\t<div class=\"elementor-element elementor-element-e262092 elementor-widget elementor-widget-text-editor\" data-id=\"e262092\" data-element_type=\"widget\" data-e-type=\"widget\" data-widget_type=\"text-editor.default\">\n\t\t\t\t<div class=\"elementor-widget-container\">\n\t\t\t\t\t\t\t\t\t<p><span style=\"color: #000000;\">Wyb\u00f3r kaplicy R\u00f3\u017ca\u0144cowej jako miejsca spotkania przy s\u0142owie Bo\u017cym nie by\u0142 przypadkowy. To w\u0142a\u015bnie tam, w bocznej cz\u0119\u015bci liche\u0144skiej bazyliki, panuje szczeg\u00f3lna cisza sprzyjaj\u0105ca skupieniu. To przestrze\u0144, gdzie pielgrzymi cz\u0119sto kl\u0119kaj\u0105 w cichej modlitwie, zawierzaj\u0105c Matce Bo\u017cej swoje intencje. Tego dnia jednak ta sama przestrze\u0144 wype\u0142ni\u0142a si\u0119 nie tylko szeptami modlitw, ale i g\u0142o\u015bnym czytaniem \u015bwi\u0119tego tekstu \u2013 jakby Bo\u017ce s\u0142owo samo przemawia\u0142o przez wsp\u00f3lnot\u0119 wierz\u0105cych.<\/span><\/p>\t\t\t\t\t\t\t\t<\/div>\n\t\t\t\t<\/div>\n\t\t\t\t\t<\/div>\n\t\t<\/div>\n\t\t\t\t\t<\/div>\n\t\t<\/section>\n\t\t\t\t<section class=\"elementor-section elementor-top-section elementor-element elementor-element-0e735fd elementor-section-boxed elementor-section-height-default elementor-section-height-default\" data-id=\"0e735fd\" data-element_type=\"section\" data-e-type=\"section\">\n\t\t\t\t\t\t<div class=\"elementor-container elementor-column-gap-default\">\n\t\t\t\t\t<div class=\"elementor-column elementor-col-100 elementor-top-column elementor-element elementor-element-1f85e0b\" data-id=\"1f85e0b\" data-element_type=\"column\" data-e-type=\"column\">\n\t\t\t<div class=\"elementor-widget-wrap elementor-element-populated\">\n\t\t\t\t\t\t<div class=\"elementor-element elementor-element-ae1758d elementor-widget elementor-widget-image\" data-id=\"ae1758d\" data-element_type=\"widget\" data-e-type=\"widget\" data-widget_type=\"image.default\">\n\t\t\t\t<div class=\"elementor-widget-container\">\n\t\t\t\t\t\t\t\t\t\t\t\t\t\t\t<img decoding=\"async\" width=\"1024\" height=\"683\" src=\"https:\/\/www.lichen.pl\/wp-content\/uploads\/2025\/05\/Narodowe_Czytanie_Pisma_Swietego-14-1024x683.jpg\" class=\"attachment-large size-large wp-image-83367\" alt=\"\" srcset=\"https:\/\/www.lichen.pl\/wp-content\/uploads\/2025\/05\/Narodowe_Czytanie_Pisma_Swietego-14-1024x683.jpg 1024w, https:\/\/www.lichen.pl\/wp-content\/uploads\/2025\/05\/Narodowe_Czytanie_Pisma_Swietego-14-300x200.jpg 300w, https:\/\/www.lichen.pl\/wp-content\/uploads\/2025\/05\/Narodowe_Czytanie_Pisma_Swietego-14-768x512.jpg 768w, https:\/\/www.lichen.pl\/wp-content\/uploads\/2025\/05\/Narodowe_Czytanie_Pisma_Swietego-14-1536x1024.jpg 1536w, https:\/\/www.lichen.pl\/wp-content\/uploads\/2025\/05\/Narodowe_Czytanie_Pisma_Swietego-14-2048x1365.jpg 2048w, https:\/\/www.lichen.pl\/wp-content\/uploads\/2025\/05\/Narodowe_Czytanie_Pisma_Swietego-14-18x12.jpg 18w, https:\/\/www.lichen.pl\/wp-content\/uploads\/2025\/05\/Narodowe_Czytanie_Pisma_Swietego-14-800x533.jpg 800w, https:\/\/www.lichen.pl\/wp-content\/uploads\/2025\/05\/Narodowe_Czytanie_Pisma_Swietego-14.jpg 1920w\" sizes=\"(max-width: 1024px) 100vw, 1024px\" \/>\t\t\t\t\t\t\t\t\t\t\t\t\t\t\t<\/div>\n\t\t\t\t<\/div>\n\t\t\t\t\t<\/div>\n\t\t<\/div>\n\t\t\t\t\t<\/div>\n\t\t<\/section>\n\t\t\t\t<section class=\"elementor-section elementor-top-section elementor-element elementor-element-61041bc elementor-section-boxed elementor-section-height-default elementor-section-height-default\" data-id=\"61041bc\" data-element_type=\"section\" data-e-type=\"section\">\n\t\t\t\t\t\t<div class=\"elementor-container elementor-column-gap-default\">\n\t\t\t\t\t<div class=\"elementor-column elementor-col-100 elementor-top-column elementor-element elementor-element-f88749a\" data-id=\"f88749a\" data-element_type=\"column\" data-e-type=\"column\">\n\t\t\t<div class=\"elementor-widget-wrap\">\n\t\t\t\t\t\t\t<\/div>\n\t\t<\/div>\n\t\t\t\t\t<\/div>\n\t\t<\/section>\n\t\t\t\t<section class=\"elementor-section elementor-top-section elementor-element elementor-element-c69271e elementor-section-boxed elementor-section-height-default elementor-section-height-default\" data-id=\"c69271e\" data-element_type=\"section\" data-e-type=\"section\">\n\t\t\t\t\t\t<div class=\"elementor-container elementor-column-gap-default\">\n\t\t\t\t\t<div class=\"elementor-column elementor-col-100 elementor-top-column elementor-element elementor-element-ad48cc6\" data-id=\"ad48cc6\" data-element_type=\"column\" data-e-type=\"column\">\n\t\t\t<div class=\"elementor-widget-wrap elementor-element-populated\">\n\t\t\t\t\t\t<div class=\"elementor-element elementor-element-a56569b elementor-widget elementor-widget-text-editor\" data-id=\"a56569b\" data-element_type=\"widget\" data-e-type=\"widget\" data-widget_type=\"text-editor.default\">\n\t\t\t\t<div class=\"elementor-widget-container\">\n\t\t\t\t\t\t\t\t\t<p><span style=\"color: #000000;\">Wielu pielgrzym\u00f3w zatrzymywa\u0142o si\u0119 na d\u0142u\u017cej, nie tylko, by pos\u0142ucha\u0107, ale r\u00f3wnie\u017c duchowo wej\u015b\u0107 w medytacj\u0119 nad tre\u015bci\u0105 us\u0142yszanych s\u0142\u00f3w. Niekt\u00f3rzy przyznawali, \u017ce takie wsp\u00f3lnotowe czytanie Biblii ma w sobie co\u015b mistycznego, bo cho\u0107 g\u0142os by\u0142 lektora, to jednak s\u0142owo, kt\u00f3re si\u0119 rozlega\u0142o, pochodzi\u0142o od Boga.<\/span><\/p><p><span style=\"color: #000000;\">Rozpoczynaj\u0105cy si\u0119 <strong>Tydzie\u0144 Biblijny<\/strong> ma na celu przywracanie Biblii nale\u017cnego jej miejsca w codziennym \u017cyciu chrze\u015bcijanina. To nie tylko ksi\u0119ga do czytania \u201eod \u015bwi\u0119ta\u201d \u2013 ale \u017ar\u00f3d\u0142o duchowego \u017cycia, kompas dla sumienia, dialog Boga z cz\u0142owiekiem.<\/span><\/p><p><span style=\"color: #000000;\">W\u0142a\u015bnie dlatego w liche\u0144skim sanktuarium postawiono na czynne zaanga\u017cowanie ca\u0142ej wsp\u00f3lnoty: ka\u017cdy m\u00f3g\u0142 przyj\u015b\u0107 i w\u0142\u0105czy\u0107 si\u0119 w czytanie lub po prostu s\u0142ucha\u0107. By\u0142o to do\u015bwiadczenie \u017cywego Ko\u015bcio\u0142a \u2013 wsp\u00f3lnoty, kt\u00f3ra gromadzi si\u0119 wok\u00f3\u0142 S\u0142owa.<\/span><\/p>\t\t\t\t\t\t\t\t<\/div>\n\t\t\t\t<\/div>\n\t\t\t\t\t<\/div>\n\t\t<\/div>\n\t\t\t\t\t<\/div>\n\t\t<\/section>\n\t\t\t\t<section class=\"elementor-section elementor-top-section elementor-element elementor-element-ff1ef75 elementor-section-boxed elementor-section-height-default elementor-section-height-default\" data-id=\"ff1ef75\" data-element_type=\"section\" data-e-type=\"section\">\n\t\t\t\t\t\t<div class=\"elementor-container elementor-column-gap-default\">\n\t\t\t\t\t<div class=\"elementor-column elementor-col-100 elementor-top-column elementor-element elementor-element-5a11dca\" data-id=\"5a11dca\" data-element_type=\"column\" data-e-type=\"column\">\n\t\t\t<div class=\"elementor-widget-wrap elementor-element-populated\">\n\t\t\t\t\t\t<div class=\"elementor-element elementor-element-aa02918 elementor-widget elementor-widget-image\" data-id=\"aa02918\" data-element_type=\"widget\" data-e-type=\"widget\" data-widget_type=\"image.default\">\n\t\t\t\t<div class=\"elementor-widget-container\">\n\t\t\t\t\t\t\t\t\t\t\t\t\t\t\t<img decoding=\"async\" width=\"1024\" height=\"683\" src=\"https:\/\/www.lichen.pl\/wp-content\/uploads\/2025\/05\/Narodowe_Czytanie_Pisma_Swietego-3-1024x683.jpg\" class=\"attachment-large size-large wp-image-83370\" alt=\"\" srcset=\"https:\/\/www.lichen.pl\/wp-content\/uploads\/2025\/05\/Narodowe_Czytanie_Pisma_Swietego-3-1024x683.jpg 1024w, https:\/\/www.lichen.pl\/wp-content\/uploads\/2025\/05\/Narodowe_Czytanie_Pisma_Swietego-3-300x200.jpg 300w, https:\/\/www.lichen.pl\/wp-content\/uploads\/2025\/05\/Narodowe_Czytanie_Pisma_Swietego-3-768x512.jpg 768w, https:\/\/www.lichen.pl\/wp-content\/uploads\/2025\/05\/Narodowe_Czytanie_Pisma_Swietego-3-1536x1024.jpg 1536w, https:\/\/www.lichen.pl\/wp-content\/uploads\/2025\/05\/Narodowe_Czytanie_Pisma_Swietego-3-2048x1365.jpg 2048w, https:\/\/www.lichen.pl\/wp-content\/uploads\/2025\/05\/Narodowe_Czytanie_Pisma_Swietego-3-18x12.jpg 18w, https:\/\/www.lichen.pl\/wp-content\/uploads\/2025\/05\/Narodowe_Czytanie_Pisma_Swietego-3-800x533.jpg 800w, https:\/\/www.lichen.pl\/wp-content\/uploads\/2025\/05\/Narodowe_Czytanie_Pisma_Swietego-3.jpg 1920w\" sizes=\"(max-width: 1024px) 100vw, 1024px\" \/>\t\t\t\t\t\t\t\t\t\t\t\t\t\t\t<\/div>\n\t\t\t\t<\/div>\n\t\t\t\t\t<\/div>\n\t\t<\/div>\n\t\t\t\t\t<\/div>\n\t\t<\/section>\n\t\t\t\t<section class=\"elementor-section elementor-top-section elementor-element elementor-element-a3bfe9a elementor-section-boxed elementor-section-height-default elementor-section-height-default\" data-id=\"a3bfe9a\" data-element_type=\"section\" data-e-type=\"section\">\n\t\t\t\t\t\t<div class=\"elementor-container elementor-column-gap-default\">\n\t\t\t\t\t<div class=\"elementor-column elementor-col-100 elementor-top-column elementor-element elementor-element-a4aa13c\" data-id=\"a4aa13c\" data-element_type=\"column\" data-e-type=\"column\">\n\t\t\t<div class=\"elementor-widget-wrap elementor-element-populated\">\n\t\t\t\t\t\t<div class=\"elementor-element elementor-element-1436ad4 elementor-widget elementor-widget-text-editor\" data-id=\"1436ad4\" data-element_type=\"widget\" data-e-type=\"widget\" data-widget_type=\"text-editor.default\">\n\t\t\t\t<div class=\"elementor-widget-container\">\n\t\t\t\t\t\t\t\t\t<p><span style=\"color: #000000;\">Wyb\u00f3r List\u00f3w \u015bw. Paw\u0142a i \u015bw. Piotra r\u00f3wnie\u017c nie by\u0142 przypadkowy. Pierwszy z nich \u2013 gorliwy aposto\u0142 narod\u00f3w \u2013 pisze do Koryntian o jedno\u015bci, o mi\u0142o\u015bci silniejszej ni\u017c dar proroctwa, o wsp\u00f3lnocie, kt\u00f3ra nie powinna dzieli\u0107 si\u0119 na frakcje. Drugi \u2013 Piotr, \u015bwiadek m\u0119ki i zmartwychwstania Chrystusa \u2013 zach\u0119ca do wytrwania w wierze, do cierpliwo\u015bci w do\u015bwiadczeniach, do \u015bwi\u0119to\u015bci \u017cycia.<\/span><\/p><p><span style=\"color: #000000;\">Tydzie\u0144 Biblijny w Licheniu dla wielu wiernych nie b\u0119dzie tylko zwyczajnym wydarzeniem, ale pocz\u0105tkiem duchowej drogi. Celem nie jest tylko przeczytanie tekst\u00f3w, ale \u017cycie nimi. Wierni, kt\u00f3rzy przysiadali, by ws\u0142ucha\u0107 si\u0119 w s\u0142owo Bo\u017ce, otrzymywali kartki z fragmentami Pisma \u015awi\u0119tego, aby s\u0142owo do nich kierowane, trafi\u0142o do ich serc i sta\u0142o si\u0119 \u017ar\u00f3d\u0142em \u017cycia \u2013 jak woda na pustyni, jak \u015bwiat\u0142o w ciemno\u015bci, jak chleb, kt\u00f3ry syci dusz\u0119.<\/span><\/p><p><span style=\"color: #000000;\">Dla wielu pielgrzym\u00f3w to pocz\u0105tek nowego etapu: bardziej \u015bwiadomego, biblijnego prze\u017cywania wiary. A wszystko to \u2013 w cieniu Matki Bo\u017cej Liche\u0144skiej, kt\u00f3ra jak w Kanie Galilejskiej zdaje si\u0119 powtarza\u0107: <em>Zr\u00f3bcie wszystko, cokolwiek wam powie<\/em> (J 2,5). A On \u2013 Jezus \u2013 m\u00f3wi przez s\u0142owo zapisane w Biblii.<\/span><\/p>\t\t\t\t\t\t\t\t<\/div>\n\t\t\t\t<\/div>\n\t\t\t\t\t<\/div>\n\t\t<\/div>\n\t\t\t\t\t<\/div>\n\t\t<\/section>\n\t\t\t\t<section class=\"elementor-section elementor-top-section elementor-element elementor-element-b035b8d elementor-section-boxed elementor-section-height-default elementor-section-height-default\" data-id=\"b035b8d\" data-element_type=\"section\" data-e-type=\"section\">\n\t\t\t\t\t\t<div class=\"elementor-container elementor-column-gap-default\">\n\t\t\t\t\t<div class=\"elementor-column elementor-col-100 elementor-top-column elementor-element elementor-element-366eb3e\" data-id=\"366eb3e\" data-element_type=\"column\" data-e-type=\"column\">\n\t\t\t<div class=\"elementor-widget-wrap elementor-element-populated\">\n\t\t\t\t\t\t<div class=\"elementor-element elementor-element-26f4fe5 elementor-widget elementor-widget-image-gallery\" data-id=\"26f4fe5\" data-element_type=\"widget\" data-e-type=\"widget\" data-widget_type=\"image-gallery.default\">\n\t\t\t\t<div class=\"elementor-widget-container\">\n\t\t\t\t\t\t\t<div class=\"elementor-image-gallery\">\n\t\t\t<div id='gallery-1' class='gallery galleryid-83356 gallery-columns-4 gallery-size-medium'><figure class='gallery-item'>\n\t\t\t<div class='gallery-icon landscape'>\n\t\t\t\t<a data-elementor-open-lightbox=\"yes\" data-elementor-lightbox-slideshow=\"26f4fe5\" data-elementor-lightbox-title=\"Narodowe_Czytanie_Pisma_Swietego (11)\" data-e-action-hash=\"#elementor-action%3Aaction%3Dlightbox%26settings%3DeyJpZCI6ODM0MDQsInVybCI6Imh0dHBzOlwvXC93d3cubGljaGVuLnBsXC93cC1jb250ZW50XC91cGxvYWRzXC8yMDI1XC8wNVwvTmFyb2Rvd2VfQ3p5dGFuaWVfUGlzbWFfU3dpZXRlZ28tMTEtMS5qcGciLCJzbGlkZXNob3ciOiIyNmY0ZmU1In0%3D\" href='https:\/\/www.lichen.pl\/wp-content\/uploads\/2025\/05\/Narodowe_Czytanie_Pisma_Swietego-11-1.jpg'><img loading=\"lazy\" width=\"300\" height=\"200\" src=\"https:\/\/www.lichen.pl\/wp-content\/uploads\/2025\/05\/Narodowe_Czytanie_Pisma_Swietego-11-1-300x200.jpg\" class=\"attachment-medium size-medium\" alt=\"\" decoding=\"async\" srcset=\"https:\/\/www.lichen.pl\/wp-content\/uploads\/2025\/05\/Narodowe_Czytanie_Pisma_Swietego-11-1-300x200.jpg 300w, https:\/\/www.lichen.pl\/wp-content\/uploads\/2025\/05\/Narodowe_Czytanie_Pisma_Swietego-11-1-1024x683.jpg 1024w, https:\/\/www.lichen.pl\/wp-content\/uploads\/2025\/05\/Narodowe_Czytanie_Pisma_Swietego-11-1-768x512.jpg 768w, https:\/\/www.lichen.pl\/wp-content\/uploads\/2025\/05\/Narodowe_Czytanie_Pisma_Swietego-11-1-1536x1024.jpg 1536w, https:\/\/www.lichen.pl\/wp-content\/uploads\/2025\/05\/Narodowe_Czytanie_Pisma_Swietego-11-1-2048x1365.jpg 2048w, https:\/\/www.lichen.pl\/wp-content\/uploads\/2025\/05\/Narodowe_Czytanie_Pisma_Swietego-11-1-18x12.jpg 18w, https:\/\/www.lichen.pl\/wp-content\/uploads\/2025\/05\/Narodowe_Czytanie_Pisma_Swietego-11-1-800x533.jpg 800w, https:\/\/www.lichen.pl\/wp-content\/uploads\/2025\/05\/Narodowe_Czytanie_Pisma_Swietego-11-1.jpg 1920w\" sizes=\"(max-width: 300px) 100vw, 300px\" \/><\/a>\n\t\t\t<\/div><\/figure><figure class='gallery-item'>\n\t\t\t<div class='gallery-icon landscape'>\n\t\t\t\t<a data-elementor-open-lightbox=\"yes\" data-elementor-lightbox-slideshow=\"26f4fe5\" data-elementor-lightbox-title=\"Narodowe_Czytanie_Pisma_Swietego (7)\" data-e-action-hash=\"#elementor-action%3Aaction%3Dlightbox%26settings%3DeyJpZCI6ODM0MDEsInVybCI6Imh0dHBzOlwvXC93d3cubGljaGVuLnBsXC93cC1jb250ZW50XC91cGxvYWRzXC8yMDI1XC8wNVwvTmFyb2Rvd2VfQ3p5dGFuaWVfUGlzbWFfU3dpZXRlZ28tNy0yLmpwZyIsInNsaWRlc2hvdyI6IjI2ZjRmZTUifQ%3D%3D\" href='https:\/\/www.lichen.pl\/wp-content\/uploads\/2025\/05\/Narodowe_Czytanie_Pisma_Swietego-7-2.jpg'><img loading=\"lazy\" width=\"300\" height=\"200\" src=\"https:\/\/www.lichen.pl\/wp-content\/uploads\/2025\/05\/Narodowe_Czytanie_Pisma_Swietego-7-2-300x200.jpg\" class=\"attachment-medium size-medium\" alt=\"\" decoding=\"async\" srcset=\"https:\/\/www.lichen.pl\/wp-content\/uploads\/2025\/05\/Narodowe_Czytanie_Pisma_Swietego-7-2-300x200.jpg 300w, https:\/\/www.lichen.pl\/wp-content\/uploads\/2025\/05\/Narodowe_Czytanie_Pisma_Swietego-7-2-1024x683.jpg 1024w, https:\/\/www.lichen.pl\/wp-content\/uploads\/2025\/05\/Narodowe_Czytanie_Pisma_Swietego-7-2-768x512.jpg 768w, https:\/\/www.lichen.pl\/wp-content\/uploads\/2025\/05\/Narodowe_Czytanie_Pisma_Swietego-7-2-1536x1024.jpg 1536w, https:\/\/www.lichen.pl\/wp-content\/uploads\/2025\/05\/Narodowe_Czytanie_Pisma_Swietego-7-2-2048x1365.jpg 2048w, https:\/\/www.lichen.pl\/wp-content\/uploads\/2025\/05\/Narodowe_Czytanie_Pisma_Swietego-7-2-18x12.jpg 18w, https:\/\/www.lichen.pl\/wp-content\/uploads\/2025\/05\/Narodowe_Czytanie_Pisma_Swietego-7-2-800x533.jpg 800w\" sizes=\"(max-width: 300px) 100vw, 300px\" \/><\/a>\n\t\t\t<\/div><\/figure><figure class='gallery-item'>\n\t\t\t<div class='gallery-icon landscape'>\n\t\t\t\t<a data-elementor-open-lightbox=\"yes\" data-elementor-lightbox-slideshow=\"26f4fe5\" data-elementor-lightbox-title=\"Narodowe_Czytanie_Pisma_Swietego (5)\" data-e-action-hash=\"#elementor-action%3Aaction%3Dlightbox%26settings%3DeyJpZCI6ODM0MDAsInVybCI6Imh0dHBzOlwvXC93d3cubGljaGVuLnBsXC93cC1jb250ZW50XC91cGxvYWRzXC8yMDI1XC8wNVwvTmFyb2Rvd2VfQ3p5dGFuaWVfUGlzbWFfU3dpZXRlZ28tNS0xLmpwZyIsInNsaWRlc2hvdyI6IjI2ZjRmZTUifQ%3D%3D\" href='https:\/\/www.lichen.pl\/wp-content\/uploads\/2025\/05\/Narodowe_Czytanie_Pisma_Swietego-5-1.jpg'><img loading=\"lazy\" width=\"300\" height=\"200\" src=\"https:\/\/www.lichen.pl\/wp-content\/uploads\/2025\/05\/Narodowe_Czytanie_Pisma_Swietego-5-1-300x200.jpg\" class=\"attachment-medium size-medium\" alt=\"\" decoding=\"async\" srcset=\"https:\/\/www.lichen.pl\/wp-content\/uploads\/2025\/05\/Narodowe_Czytanie_Pisma_Swietego-5-1-300x200.jpg 300w, https:\/\/www.lichen.pl\/wp-content\/uploads\/2025\/05\/Narodowe_Czytanie_Pisma_Swietego-5-1-1024x683.jpg 1024w, https:\/\/www.lichen.pl\/wp-content\/uploads\/2025\/05\/Narodowe_Czytanie_Pisma_Swietego-5-1-768x512.jpg 768w, https:\/\/www.lichen.pl\/wp-content\/uploads\/2025\/05\/Narodowe_Czytanie_Pisma_Swietego-5-1-1536x1024.jpg 1536w, https:\/\/www.lichen.pl\/wp-content\/uploads\/2025\/05\/Narodowe_Czytanie_Pisma_Swietego-5-1-2048x1365.jpg 2048w, https:\/\/www.lichen.pl\/wp-content\/uploads\/2025\/05\/Narodowe_Czytanie_Pisma_Swietego-5-1-18x12.jpg 18w, https:\/\/www.lichen.pl\/wp-content\/uploads\/2025\/05\/Narodowe_Czytanie_Pisma_Swietego-5-1-800x533.jpg 800w\" sizes=\"(max-width: 300px) 100vw, 300px\" \/><\/a>\n\t\t\t<\/div><\/figure><figure class='gallery-item'>\n\t\t\t<div class='gallery-icon landscape'>\n\t\t\t\t<a data-elementor-open-lightbox=\"yes\" data-elementor-lightbox-slideshow=\"26f4fe5\" data-elementor-lightbox-title=\"Narodowe_Czytanie_Pisma_Swietego (3)\" data-e-action-hash=\"#elementor-action%3Aaction%3Dlightbox%26settings%3DeyJpZCI6ODMzOTksInVybCI6Imh0dHBzOlwvXC93d3cubGljaGVuLnBsXC93cC1jb250ZW50XC91cGxvYWRzXC8yMDI1XC8wNVwvTmFyb2Rvd2VfQ3p5dGFuaWVfUGlzbWFfU3dpZXRlZ28tMy0yLmpwZyIsInNsaWRlc2hvdyI6IjI2ZjRmZTUifQ%3D%3D\" href='https:\/\/www.lichen.pl\/wp-content\/uploads\/2025\/05\/Narodowe_Czytanie_Pisma_Swietego-3-2.jpg'><img loading=\"lazy\" width=\"300\" height=\"200\" src=\"https:\/\/www.lichen.pl\/wp-content\/uploads\/2025\/05\/Narodowe_Czytanie_Pisma_Swietego-3-2-300x200.jpg\" class=\"attachment-medium size-medium\" alt=\"\" decoding=\"async\" srcset=\"https:\/\/www.lichen.pl\/wp-content\/uploads\/2025\/05\/Narodowe_Czytanie_Pisma_Swietego-3-2-300x200.jpg 300w, https:\/\/www.lichen.pl\/wp-content\/uploads\/2025\/05\/Narodowe_Czytanie_Pisma_Swietego-3-2-1024x683.jpg 1024w, https:\/\/www.lichen.pl\/wp-content\/uploads\/2025\/05\/Narodowe_Czytanie_Pisma_Swietego-3-2-768x512.jpg 768w, https:\/\/www.lichen.pl\/wp-content\/uploads\/2025\/05\/Narodowe_Czytanie_Pisma_Swietego-3-2-1536x1024.jpg 1536w, https:\/\/www.lichen.pl\/wp-content\/uploads\/2025\/05\/Narodowe_Czytanie_Pisma_Swietego-3-2-2048x1365.jpg 2048w, https:\/\/www.lichen.pl\/wp-content\/uploads\/2025\/05\/Narodowe_Czytanie_Pisma_Swietego-3-2-18x12.jpg 18w, https:\/\/www.lichen.pl\/wp-content\/uploads\/2025\/05\/Narodowe_Czytanie_Pisma_Swietego-3-2-800x533.jpg 800w\" sizes=\"(max-width: 300px) 100vw, 300px\" \/><\/a>\n\t\t\t<\/div><\/figure><figure class='gallery-item'>\n\t\t\t<div class='gallery-icon landscape'>\n\t\t\t\t<a data-elementor-open-lightbox=\"yes\" data-elementor-lightbox-slideshow=\"26f4fe5\" data-elementor-lightbox-title=\"Narodowe_Czytanie_Pisma_Swietego (8)\" data-e-action-hash=\"#elementor-action%3Aaction%3Dlightbox%26settings%3DeyJpZCI6ODM0MDIsInVybCI6Imh0dHBzOlwvXC93d3cubGljaGVuLnBsXC93cC1jb250ZW50XC91cGxvYWRzXC8yMDI1XC8wNVwvTmFyb2Rvd2VfQ3p5dGFuaWVfUGlzbWFfU3dpZXRlZ28tOC0xLmpwZyIsInNsaWRlc2hvdyI6IjI2ZjRmZTUifQ%3D%3D\" href='https:\/\/www.lichen.pl\/wp-content\/uploads\/2025\/05\/Narodowe_Czytanie_Pisma_Swietego-8-1.jpg'><img loading=\"lazy\" width=\"300\" height=\"200\" src=\"https:\/\/www.lichen.pl\/wp-content\/uploads\/2025\/05\/Narodowe_Czytanie_Pisma_Swietego-8-1-300x200.jpg\" class=\"attachment-medium size-medium\" alt=\"\" decoding=\"async\" srcset=\"https:\/\/www.lichen.pl\/wp-content\/uploads\/2025\/05\/Narodowe_Czytanie_Pisma_Swietego-8-1-300x200.jpg 300w, https:\/\/www.lichen.pl\/wp-content\/uploads\/2025\/05\/Narodowe_Czytanie_Pisma_Swietego-8-1-1024x683.jpg 1024w, https:\/\/www.lichen.pl\/wp-content\/uploads\/2025\/05\/Narodowe_Czytanie_Pisma_Swietego-8-1-768x512.jpg 768w, https:\/\/www.lichen.pl\/wp-content\/uploads\/2025\/05\/Narodowe_Czytanie_Pisma_Swietego-8-1-1536x1024.jpg 1536w, https:\/\/www.lichen.pl\/wp-content\/uploads\/2025\/05\/Narodowe_Czytanie_Pisma_Swietego-8-1-2048x1365.jpg 2048w, https:\/\/www.lichen.pl\/wp-content\/uploads\/2025\/05\/Narodowe_Czytanie_Pisma_Swietego-8-1-18x12.jpg 18w, https:\/\/www.lichen.pl\/wp-content\/uploads\/2025\/05\/Narodowe_Czytanie_Pisma_Swietego-8-1-800x533.jpg 800w, https:\/\/www.lichen.pl\/wp-content\/uploads\/2025\/05\/Narodowe_Czytanie_Pisma_Swietego-8-1.jpg 1600w\" sizes=\"(max-width: 300px) 100vw, 300px\" \/><\/a>\n\t\t\t<\/div><\/figure><figure class='gallery-item'>\n\t\t\t<div class='gallery-icon landscape'>\n\t\t\t\t<a data-elementor-open-lightbox=\"yes\" data-elementor-lightbox-slideshow=\"26f4fe5\" data-elementor-lightbox-title=\"Narodowe_Czytanie_Pisma_Swietego (14)\" data-e-action-hash=\"#elementor-action%3Aaction%3Dlightbox%26settings%3DeyJpZCI6ODM0MDYsInVybCI6Imh0dHBzOlwvXC93d3cubGljaGVuLnBsXC93cC1jb250ZW50XC91cGxvYWRzXC8yMDI1XC8wNVwvTmFyb2Rvd2VfQ3p5dGFuaWVfUGlzbWFfU3dpZXRlZ28tMTQtMi5qcGciLCJzbGlkZXNob3ciOiIyNmY0ZmU1In0%3D\" href='https:\/\/www.lichen.pl\/wp-content\/uploads\/2025\/05\/Narodowe_Czytanie_Pisma_Swietego-14-2.jpg'><img loading=\"lazy\" width=\"300\" height=\"200\" src=\"https:\/\/www.lichen.pl\/wp-content\/uploads\/2025\/05\/Narodowe_Czytanie_Pisma_Swietego-14-2-300x200.jpg\" class=\"attachment-medium size-medium\" alt=\"\" decoding=\"async\" srcset=\"https:\/\/www.lichen.pl\/wp-content\/uploads\/2025\/05\/Narodowe_Czytanie_Pisma_Swietego-14-2-300x200.jpg 300w, https:\/\/www.lichen.pl\/wp-content\/uploads\/2025\/05\/Narodowe_Czytanie_Pisma_Swietego-14-2-1024x683.jpg 1024w, https:\/\/www.lichen.pl\/wp-content\/uploads\/2025\/05\/Narodowe_Czytanie_Pisma_Swietego-14-2-768x512.jpg 768w, https:\/\/www.lichen.pl\/wp-content\/uploads\/2025\/05\/Narodowe_Czytanie_Pisma_Swietego-14-2-1536x1024.jpg 1536w, https:\/\/www.lichen.pl\/wp-content\/uploads\/2025\/05\/Narodowe_Czytanie_Pisma_Swietego-14-2-2048x1365.jpg 2048w, https:\/\/www.lichen.pl\/wp-content\/uploads\/2025\/05\/Narodowe_Czytanie_Pisma_Swietego-14-2-18x12.jpg 18w, https:\/\/www.lichen.pl\/wp-content\/uploads\/2025\/05\/Narodowe_Czytanie_Pisma_Swietego-14-2-800x533.jpg 800w\" sizes=\"(max-width: 300px) 100vw, 300px\" \/><\/a>\n\t\t\t<\/div><\/figure><figure class='gallery-item'>\n\t\t\t<div class='gallery-icon landscape'>\n\t\t\t\t<a data-elementor-open-lightbox=\"yes\" data-elementor-lightbox-slideshow=\"26f4fe5\" data-elementor-lightbox-title=\"Narodowe_Czytanie_Pisma_Swietego (13)\" data-e-action-hash=\"#elementor-action%3Aaction%3Dlightbox%26settings%3DeyJpZCI6ODM0MDUsInVybCI6Imh0dHBzOlwvXC93d3cubGljaGVuLnBsXC93cC1jb250ZW50XC91cGxvYWRzXC8yMDI1XC8wNVwvTmFyb2Rvd2VfQ3p5dGFuaWVfUGlzbWFfU3dpZXRlZ28tMTMtMS5qcGciLCJzbGlkZXNob3ciOiIyNmY0ZmU1In0%3D\" href='https:\/\/www.lichen.pl\/wp-content\/uploads\/2025\/05\/Narodowe_Czytanie_Pisma_Swietego-13-1.jpg'><img loading=\"lazy\" width=\"300\" height=\"200\" src=\"https:\/\/www.lichen.pl\/wp-content\/uploads\/2025\/05\/Narodowe_Czytanie_Pisma_Swietego-13-1-300x200.jpg\" class=\"attachment-medium size-medium\" alt=\"\" decoding=\"async\" srcset=\"https:\/\/www.lichen.pl\/wp-content\/uploads\/2025\/05\/Narodowe_Czytanie_Pisma_Swietego-13-1-300x200.jpg 300w, https:\/\/www.lichen.pl\/wp-content\/uploads\/2025\/05\/Narodowe_Czytanie_Pisma_Swietego-13-1-1024x683.jpg 1024w, https:\/\/www.lichen.pl\/wp-content\/uploads\/2025\/05\/Narodowe_Czytanie_Pisma_Swietego-13-1-768x512.jpg 768w, https:\/\/www.lichen.pl\/wp-content\/uploads\/2025\/05\/Narodowe_Czytanie_Pisma_Swietego-13-1-1536x1024.jpg 1536w, https:\/\/www.lichen.pl\/wp-content\/uploads\/2025\/05\/Narodowe_Czytanie_Pisma_Swietego-13-1-2048x1365.jpg 2048w, https:\/\/www.lichen.pl\/wp-content\/uploads\/2025\/05\/Narodowe_Czytanie_Pisma_Swietego-13-1-18x12.jpg 18w, https:\/\/www.lichen.pl\/wp-content\/uploads\/2025\/05\/Narodowe_Czytanie_Pisma_Swietego-13-1-800x533.jpg 800w\" sizes=\"(max-width: 300px) 100vw, 300px\" \/><\/a>\n\t\t\t<\/div><\/figure><figure class='gallery-item'>\n\t\t\t<div class='gallery-icon landscape'>\n\t\t\t\t<a data-elementor-open-lightbox=\"yes\" data-elementor-lightbox-slideshow=\"26f4fe5\" data-elementor-lightbox-title=\"Narodowe_Czytanie_Pisma_Swietego (10)\" data-e-action-hash=\"#elementor-action%3Aaction%3Dlightbox%26settings%3DeyJpZCI6ODM0MDMsInVybCI6Imh0dHBzOlwvXC93d3cubGljaGVuLnBsXC93cC1jb250ZW50XC91cGxvYWRzXC8yMDI1XC8wNVwvTmFyb2Rvd2VfQ3p5dGFuaWVfUGlzbWFfU3dpZXRlZ28tMTAtMS5qcGciLCJzbGlkZXNob3ciOiIyNmY0ZmU1In0%3D\" href='https:\/\/www.lichen.pl\/wp-content\/uploads\/2025\/05\/Narodowe_Czytanie_Pisma_Swietego-10-1.jpg'><img loading=\"lazy\" width=\"300\" height=\"200\" src=\"https:\/\/www.lichen.pl\/wp-content\/uploads\/2025\/05\/Narodowe_Czytanie_Pisma_Swietego-10-1-300x200.jpg\" class=\"attachment-medium size-medium\" alt=\"\" decoding=\"async\" srcset=\"https:\/\/www.lichen.pl\/wp-content\/uploads\/2025\/05\/Narodowe_Czytanie_Pisma_Swietego-10-1-300x200.jpg 300w, https:\/\/www.lichen.pl\/wp-content\/uploads\/2025\/05\/Narodowe_Czytanie_Pisma_Swietego-10-1-1024x683.jpg 1024w, https:\/\/www.lichen.pl\/wp-content\/uploads\/2025\/05\/Narodowe_Czytanie_Pisma_Swietego-10-1-768x512.jpg 768w, https:\/\/www.lichen.pl\/wp-content\/uploads\/2025\/05\/Narodowe_Czytanie_Pisma_Swietego-10-1-1536x1024.jpg 1536w, https:\/\/www.lichen.pl\/wp-content\/uploads\/2025\/05\/Narodowe_Czytanie_Pisma_Swietego-10-1-2048x1365.jpg 2048w, https:\/\/www.lichen.pl\/wp-content\/uploads\/2025\/05\/Narodowe_Czytanie_Pisma_Swietego-10-1-18x12.jpg 18w, https:\/\/www.lichen.pl\/wp-content\/uploads\/2025\/05\/Narodowe_Czytanie_Pisma_Swietego-10-1-800x533.jpg 800w, https:\/\/www.lichen.pl\/wp-content\/uploads\/2025\/05\/Narodowe_Czytanie_Pisma_Swietego-10-1.jpg 1600w\" sizes=\"(max-width: 300px) 100vw, 300px\" \/><\/a>\n\t\t\t<\/div><\/figure><figure class='gallery-item'>\n\t\t\t<div class='gallery-icon landscape'>\n\t\t\t\t<a data-elementor-open-lightbox=\"yes\" data-elementor-lightbox-slideshow=\"26f4fe5\" data-elementor-lightbox-title=\"Narodowe_Czytanie_Pisma_Swietego (15)\" data-e-action-hash=\"#elementor-action%3Aaction%3Dlightbox%26settings%3DeyJpZCI6ODM0MDcsInVybCI6Imh0dHBzOlwvXC93d3cubGljaGVuLnBsXC93cC1jb250ZW50XC91cGxvYWRzXC8yMDI1XC8wNVwvTmFyb2Rvd2VfQ3p5dGFuaWVfUGlzbWFfU3dpZXRlZ28tMTUtMi5qcGciLCJzbGlkZXNob3ciOiIyNmY0ZmU1In0%3D\" href='https:\/\/www.lichen.pl\/wp-content\/uploads\/2025\/05\/Narodowe_Czytanie_Pisma_Swietego-15-2.jpg'><img loading=\"lazy\" width=\"300\" height=\"200\" src=\"https:\/\/www.lichen.pl\/wp-content\/uploads\/2025\/05\/Narodowe_Czytanie_Pisma_Swietego-15-2-300x200.jpg\" class=\"attachment-medium size-medium\" alt=\"\" decoding=\"async\" srcset=\"https:\/\/www.lichen.pl\/wp-content\/uploads\/2025\/05\/Narodowe_Czytanie_Pisma_Swietego-15-2-300x200.jpg 300w, https:\/\/www.lichen.pl\/wp-content\/uploads\/2025\/05\/Narodowe_Czytanie_Pisma_Swietego-15-2-1024x683.jpg 1024w, https:\/\/www.lichen.pl\/wp-content\/uploads\/2025\/05\/Narodowe_Czytanie_Pisma_Swietego-15-2-768x512.jpg 768w, https:\/\/www.lichen.pl\/wp-content\/uploads\/2025\/05\/Narodowe_Czytanie_Pisma_Swietego-15-2-1536x1024.jpg 1536w, https:\/\/www.lichen.pl\/wp-content\/uploads\/2025\/05\/Narodowe_Czytanie_Pisma_Swietego-15-2-2048x1365.jpg 2048w, https:\/\/www.lichen.pl\/wp-content\/uploads\/2025\/05\/Narodowe_Czytanie_Pisma_Swietego-15-2-18x12.jpg 18w, https:\/\/www.lichen.pl\/wp-content\/uploads\/2025\/05\/Narodowe_Czytanie_Pisma_Swietego-15-2-800x533.jpg 800w\" sizes=\"(max-width: 300px) 100vw, 300px\" \/><\/a>\n\t\t\t<\/div><\/figure><figure class='gallery-item'>\n\t\t\t<div class='gallery-icon landscape'>\n\t\t\t\t<a data-elementor-open-lightbox=\"yes\" data-elementor-lightbox-slideshow=\"26f4fe5\" data-elementor-lightbox-title=\"Narodowe_Czytanie_Pisma_Swietego (16)\" data-e-action-hash=\"#elementor-action%3Aaction%3Dlightbox%26settings%3DeyJpZCI6ODM0MDgsInVybCI6Imh0dHBzOlwvXC93d3cubGljaGVuLnBsXC93cC1jb250ZW50XC91cGxvYWRzXC8yMDI1XC8wNVwvTmFyb2Rvd2VfQ3p5dGFuaWVfUGlzbWFfU3dpZXRlZ28tMTYtMS5qcGciLCJzbGlkZXNob3ciOiIyNmY0ZmU1In0%3D\" href='https:\/\/www.lichen.pl\/wp-content\/uploads\/2025\/05\/Narodowe_Czytanie_Pisma_Swietego-16-1.jpg'><img loading=\"lazy\" width=\"300\" height=\"200\" src=\"https:\/\/www.lichen.pl\/wp-content\/uploads\/2025\/05\/Narodowe_Czytanie_Pisma_Swietego-16-1-300x200.jpg\" class=\"attachment-medium size-medium\" alt=\"\" decoding=\"async\" srcset=\"https:\/\/www.lichen.pl\/wp-content\/uploads\/2025\/05\/Narodowe_Czytanie_Pisma_Swietego-16-1-300x200.jpg 300w, https:\/\/www.lichen.pl\/wp-content\/uploads\/2025\/05\/Narodowe_Czytanie_Pisma_Swietego-16-1-1024x683.jpg 1024w, https:\/\/www.lichen.pl\/wp-content\/uploads\/2025\/05\/Narodowe_Czytanie_Pisma_Swietego-16-1-768x512.jpg 768w, https:\/\/www.lichen.pl\/wp-content\/uploads\/2025\/05\/Narodowe_Czytanie_Pisma_Swietego-16-1-1536x1024.jpg 1536w, https:\/\/www.lichen.pl\/wp-content\/uploads\/2025\/05\/Narodowe_Czytanie_Pisma_Swietego-16-1-2048x1365.jpg 2048w, https:\/\/www.lichen.pl\/wp-content\/uploads\/2025\/05\/Narodowe_Czytanie_Pisma_Swietego-16-1-18x12.jpg 18w, https:\/\/www.lichen.pl\/wp-content\/uploads\/2025\/05\/Narodowe_Czytanie_Pisma_Swietego-16-1-800x533.jpg 800w\" sizes=\"(max-width: 300px) 100vw, 300px\" \/><\/a>\n\t\t\t<\/div><\/figure><figure class='gallery-item'>\n\t\t\t<div class='gallery-icon landscape'>\n\t\t\t\t<a data-elementor-open-lightbox=\"yes\" data-elementor-lightbox-slideshow=\"26f4fe5\" data-elementor-lightbox-title=\"D7CB4437-A6AA-4E35-9DCF-970971624876 (1)\" data-e-action-hash=\"#elementor-action%3Aaction%3Dlightbox%26settings%3DeyJpZCI6ODMzOTcsInVybCI6Imh0dHBzOlwvXC93d3cubGljaGVuLnBsXC93cC1jb250ZW50XC91cGxvYWRzXC8yMDI1XC8wNVwvRDdDQjQ0MzctQTZBQS00RTM1LTlEQ0YtOTcwOTcxNjI0ODc2LTEtMS5qcGVnIiwic2xpZGVzaG93IjoiMjZmNGZlNSJ9\" href='https:\/\/www.lichen.pl\/wp-content\/uploads\/2025\/05\/D7CB4437-A6AA-4E35-9DCF-970971624876-1-1.jpeg'><img loading=\"lazy\" width=\"300\" height=\"200\" src=\"https:\/\/www.lichen.pl\/wp-content\/uploads\/2025\/05\/D7CB4437-A6AA-4E35-9DCF-970971624876-1-1-300x200.jpeg\" class=\"attachment-medium size-medium\" alt=\"\" decoding=\"async\" srcset=\"https:\/\/www.lichen.pl\/wp-content\/uploads\/2025\/05\/D7CB4437-A6AA-4E35-9DCF-970971624876-1-1-300x200.jpeg 300w, https:\/\/www.lichen.pl\/wp-content\/uploads\/2025\/05\/D7CB4437-A6AA-4E35-9DCF-970971624876-1-1-1024x683.jpeg 1024w, https:\/\/www.lichen.pl\/wp-content\/uploads\/2025\/05\/D7CB4437-A6AA-4E35-9DCF-970971624876-1-1-768x512.jpeg 768w, https:\/\/www.lichen.pl\/wp-content\/uploads\/2025\/05\/D7CB4437-A6AA-4E35-9DCF-970971624876-1-1-1536x1024.jpeg 1536w, https:\/\/www.lichen.pl\/wp-content\/uploads\/2025\/05\/D7CB4437-A6AA-4E35-9DCF-970971624876-1-1-18x12.jpeg 18w, https:\/\/www.lichen.pl\/wp-content\/uploads\/2025\/05\/D7CB4437-A6AA-4E35-9DCF-970971624876-1-1-800x533.jpeg 800w, https:\/\/www.lichen.pl\/wp-content\/uploads\/2025\/05\/D7CB4437-A6AA-4E35-9DCF-970971624876-1-1.jpeg 1920w\" sizes=\"(max-width: 300px) 100vw, 300px\" \/><\/a>\n\t\t\t<\/div><\/figure><figure class='gallery-item'>\n\t\t\t<div class='gallery-icon landscape'>\n\t\t\t\t<a data-elementor-open-lightbox=\"yes\" data-elementor-lightbox-slideshow=\"26f4fe5\" data-elementor-lightbox-title=\"Narodowe_Czytanie_Pisma_Swietego (1)\" data-e-action-hash=\"#elementor-action%3Aaction%3Dlightbox%26settings%3DeyJpZCI6ODMzOTgsInVybCI6Imh0dHBzOlwvXC93d3cubGljaGVuLnBsXC93cC1jb250ZW50XC91cGxvYWRzXC8yMDI1XC8wNVwvTmFyb2Rvd2VfQ3p5dGFuaWVfUGlzbWFfU3dpZXRlZ28tMS0xLmpwZyIsInNsaWRlc2hvdyI6IjI2ZjRmZTUifQ%3D%3D\" href='https:\/\/www.lichen.pl\/wp-content\/uploads\/2025\/05\/Narodowe_Czytanie_Pisma_Swietego-1-1.jpg'><img loading=\"lazy\" width=\"300\" height=\"200\" src=\"https:\/\/www.lichen.pl\/wp-content\/uploads\/2025\/05\/Narodowe_Czytanie_Pisma_Swietego-1-1-300x200.jpg\" class=\"attachment-medium size-medium\" alt=\"\" decoding=\"async\" srcset=\"https:\/\/www.lichen.pl\/wp-content\/uploads\/2025\/05\/Narodowe_Czytanie_Pisma_Swietego-1-1-300x200.jpg 300w, https:\/\/www.lichen.pl\/wp-content\/uploads\/2025\/05\/Narodowe_Czytanie_Pisma_Swietego-1-1-1024x683.jpg 1024w, https:\/\/www.lichen.pl\/wp-content\/uploads\/2025\/05\/Narodowe_Czytanie_Pisma_Swietego-1-1-768x512.jpg 768w, https:\/\/www.lichen.pl\/wp-content\/uploads\/2025\/05\/Narodowe_Czytanie_Pisma_Swietego-1-1-1536x1024.jpg 1536w, https:\/\/www.lichen.pl\/wp-content\/uploads\/2025\/05\/Narodowe_Czytanie_Pisma_Swietego-1-1-2048x1365.jpg 2048w, https:\/\/www.lichen.pl\/wp-content\/uploads\/2025\/05\/Narodowe_Czytanie_Pisma_Swietego-1-1-18x12.jpg 18w, https:\/\/www.lichen.pl\/wp-content\/uploads\/2025\/05\/Narodowe_Czytanie_Pisma_Swietego-1-1-800x533.jpg 800w, https:\/\/www.lichen.pl\/wp-content\/uploads\/2025\/05\/Narodowe_Czytanie_Pisma_Swietego-1-1.jpg 1920w\" sizes=\"(max-width: 300px) 100vw, 300px\" \/><\/a>\n\t\t\t<\/div><\/figure>\n\t\t<\/div>\n\t\t<\/div>\n\t\t\t\t\t\t<\/div>\n\t\t\t\t<\/div>\n\t\t\t\t\t<\/div>\n\t\t<\/div>\n\t\t\t\t\t<\/div>\n\t\t<\/section>\n\t\t\t\t<\/div>","protected":false},"excerpt":{"rendered":"<p>W niedziel\u0119 4 maja 2025 r. w sanktuarium Matki Bo\u017cej Liche\u0144skiej zainaugurowano XVII Og\u00f3lnopolski Tydzie\u0144 Biblijny, kt\u00f3ry w tym roku odbywa si\u0119 pod has\u0142em: Zmartwychwsta\u0142y Chrystus \u2013 nasza Nadzieja chwa\u0142y. W wyj\u0105tkowej, pe\u0142nej skupienia atmosferze, w kaplicy R\u00f3\u017ca\u0144cowej liche\u0144skiej bazyliki przez ca\u0142y dzie\u0144 trwa\u0142o publiczne czytanie Pisma \u015awi\u0119tego. W tym wyj\u0105tkowym dziele uczestniczyli zar\u00f3wno ksi\u0119\u017ca [&hellip;]<\/p>\n","protected":false},"author":8,"featured_media":83375,"comment_status":"closed","ping_status":"closed","sticky":false,"template":"","format":"standard","meta":{"footnotes":""},"categories":[1],"tags":[],"class_list":["post-83356","post","type-post","status-publish","format-standard","has-post-thumbnail","hentry","category-aktualnosci","wpbf-post"],"yoast_head":"<!-- This site is optimized with the Yoast SEO plugin v27.4 - https:\/\/yoast.com\/product\/yoast-seo-wordpress\/ -->\n<title>XVII Og\u00f3lnopolski Tydzie\u0144 Biblijny - SANKTUARIUM W LICHENIU<\/title>\n<meta name=\"robots\" content=\"index, follow, max-snippet:-1, max-image-preview:large, max-video-preview:-1\" \/>\n<link rel=\"canonical\" href=\"https:\/\/www.lichen.pl\/fr\/xvii-ogolnopolski-tydzien-biblijny\/\" \/>\n<meta property=\"og:locale\" content=\"fr_FR\" \/>\n<meta property=\"og:type\" content=\"article\" \/>\n<meta property=\"og:title\" content=\"XVII Og\u00f3lnopolski Tydzie\u0144 Biblijny - SANKTUARIUM W LICHENIU\" \/>\n<meta property=\"og:description\" content=\"W niedziel\u0119 4 maja 2025 r. w sanktuarium Matki Bo\u017cej Liche\u0144skiej zainaugurowano XVII Og\u00f3lnopolski Tydzie\u0144 Biblijny, kt\u00f3ry w tym roku odbywa si\u0119 pod has\u0142em: Zmartwychwsta\u0142y Chrystus \u2013 nasza Nadzieja chwa\u0142y. W wyj\u0105tkowej, pe\u0142nej skupienia atmosferze, w kaplicy R\u00f3\u017ca\u0144cowej liche\u0144skiej bazyliki przez ca\u0142y dzie\u0144 trwa\u0142o publiczne czytanie Pisma \u015awi\u0119tego. W tym wyj\u0105tkowym dziele uczestniczyli zar\u00f3wno ksi\u0119\u017ca [&hellip;]\" \/>\n<meta property=\"og:url\" content=\"https:\/\/www.lichen.pl\/fr\/xvii-ogolnopolski-tydzien-biblijny\/\" \/>\n<meta property=\"og:site_name\" content=\"SANKTUARIUM W LICHENIU\" \/>\n<meta property=\"article:published_time\" content=\"2025-05-06T07:14:03+00:00\" \/>\n<meta property=\"article:modified_time\" content=\"2025-05-12T07:13:44+00:00\" \/>\n<meta property=\"og:image\" content=\"https:\/\/www.lichen.pl\/wp-content\/uploads\/2025\/05\/Narodowe_Czytanie_Pisma_Swietego-1-1024x683.jpg\" \/>\n\t<meta property=\"og:image:width\" content=\"1024\" \/>\n\t<meta property=\"og:image:height\" content=\"683\" \/>\n\t<meta property=\"og:image:type\" content=\"image\/jpeg\" \/>\n<meta name=\"author\" content=\"Biuro Prasowe\" \/>\n<meta name=\"twitter:card\" content=\"summary_large_image\" \/>\n<meta name=\"twitter:label1\" content=\"\u00c9crit par\" \/>\n\t<meta name=\"twitter:data1\" content=\"Biuro Prasowe\" \/>\n\t<meta name=\"twitter:label2\" content=\"Dur\u00e9e de lecture estim\u00e9e\" \/>\n\t<meta name=\"twitter:data2\" content=\"6 minutes\" \/>\n<script type=\"application\/ld+json\" class=\"yoast-schema-graph\">{\"@context\":\"https:\\\/\\\/schema.org\",\"@graph\":[{\"@type\":\"Article\",\"@id\":\"https:\\\/\\\/www.lichen.pl\\\/xvii-ogolnopolski-tydzien-biblijny\\\/#article\",\"isPartOf\":{\"@id\":\"https:\\\/\\\/www.lichen.pl\\\/xvii-ogolnopolski-tydzien-biblijny\\\/\"},\"author\":{\"name\":\"Biuro Prasowe\",\"@id\":\"https:\\\/\\\/www.lichen.pl\\\/fr\\\/#\\\/schema\\\/person\\\/682b5cfa2f8a664a298ed0bc19782a02\"},\"headline\":\"XVII Og\u00f3lnopolski Tydzie\u0144 Biblijny\",\"datePublished\":\"2025-05-06T07:14:03+00:00\",\"dateModified\":\"2025-05-12T07:13:44+00:00\",\"mainEntityOfPage\":{\"@id\":\"https:\\\/\\\/www.lichen.pl\\\/xvii-ogolnopolski-tydzien-biblijny\\\/\"},\"wordCount\":597,\"image\":{\"@id\":\"https:\\\/\\\/www.lichen.pl\\\/xvii-ogolnopolski-tydzien-biblijny\\\/#primaryimage\"},\"thumbnailUrl\":\"https:\\\/\\\/www.lichen.pl\\\/wp-content\\\/uploads\\\/2025\\\/05\\\/Narodowe_Czytanie_Pisma_Swietego-1.jpg\",\"articleSection\":[\"Aktualno\u015bci\"],\"inLanguage\":\"fr-FR\"},{\"@type\":\"WebPage\",\"@id\":\"https:\\\/\\\/www.lichen.pl\\\/xvii-ogolnopolski-tydzien-biblijny\\\/\",\"url\":\"https:\\\/\\\/www.lichen.pl\\\/xvii-ogolnopolski-tydzien-biblijny\\\/\",\"name\":\"XVII Og\u00f3lnopolski Tydzie\u0144 Biblijny - SANKTUARIUM W LICHENIU\",\"isPartOf\":{\"@id\":\"https:\\\/\\\/www.lichen.pl\\\/fr\\\/#website\"},\"primaryImageOfPage\":{\"@id\":\"https:\\\/\\\/www.lichen.pl\\\/xvii-ogolnopolski-tydzien-biblijny\\\/#primaryimage\"},\"image\":{\"@id\":\"https:\\\/\\\/www.lichen.pl\\\/xvii-ogolnopolski-tydzien-biblijny\\\/#primaryimage\"},\"thumbnailUrl\":\"https:\\\/\\\/www.lichen.pl\\\/wp-content\\\/uploads\\\/2025\\\/05\\\/Narodowe_Czytanie_Pisma_Swietego-1.jpg\",\"datePublished\":\"2025-05-06T07:14:03+00:00\",\"dateModified\":\"2025-05-12T07:13:44+00:00\",\"author\":{\"@id\":\"https:\\\/\\\/www.lichen.pl\\\/fr\\\/#\\\/schema\\\/person\\\/682b5cfa2f8a664a298ed0bc19782a02\"},\"breadcrumb\":{\"@id\":\"https:\\\/\\\/www.lichen.pl\\\/xvii-ogolnopolski-tydzien-biblijny\\\/#breadcrumb\"},\"inLanguage\":\"fr-FR\",\"potentialAction\":[{\"@type\":\"ReadAction\",\"target\":[\"https:\\\/\\\/www.lichen.pl\\\/xvii-ogolnopolski-tydzien-biblijny\\\/\"]}]},{\"@type\":\"ImageObject\",\"inLanguage\":\"fr-FR\",\"@id\":\"https:\\\/\\\/www.lichen.pl\\\/xvii-ogolnopolski-tydzien-biblijny\\\/#primaryimage\",\"url\":\"https:\\\/\\\/www.lichen.pl\\\/wp-content\\\/uploads\\\/2025\\\/05\\\/Narodowe_Czytanie_Pisma_Swietego-1.jpg\",\"contentUrl\":\"https:\\\/\\\/www.lichen.pl\\\/wp-content\\\/uploads\\\/2025\\\/05\\\/Narodowe_Czytanie_Pisma_Swietego-1.jpg\",\"width\":1920,\"height\":1280},{\"@type\":\"BreadcrumbList\",\"@id\":\"https:\\\/\\\/www.lichen.pl\\\/xvii-ogolnopolski-tydzien-biblijny\\\/#breadcrumb\",\"itemListElement\":[{\"@type\":\"ListItem\",\"position\":1,\"name\":\"Strona g\u0142\u00f3wna\",\"item\":\"https:\\\/\\\/www.lichen.pl\\\/\"},{\"@type\":\"ListItem\",\"position\":2,\"name\":\"XVII Og\u00f3lnopolski Tydzie\u0144 Biblijny\"}]},{\"@type\":\"WebSite\",\"@id\":\"https:\\\/\\\/www.lichen.pl\\\/fr\\\/#website\",\"url\":\"https:\\\/\\\/www.lichen.pl\\\/fr\\\/\",\"name\":\"SANKTUARIUM W LICHENIU\",\"description\":\"MATKI BO\u017bEJ LICHE\u0143SKIEJ BOLESNEJ KR\u00d3LOWEJ POLSKI\",\"potentialAction\":[{\"@type\":\"SearchAction\",\"target\":{\"@type\":\"EntryPoint\",\"urlTemplate\":\"https:\\\/\\\/www.lichen.pl\\\/fr\\\/?s={search_term_string}\"},\"query-input\":{\"@type\":\"PropertyValueSpecification\",\"valueRequired\":true,\"valueName\":\"search_term_string\"}}],\"inLanguage\":\"fr-FR\"},{\"@type\":\"Person\",\"@id\":\"https:\\\/\\\/www.lichen.pl\\\/fr\\\/#\\\/schema\\\/person\\\/682b5cfa2f8a664a298ed0bc19782a02\",\"name\":\"Biuro Prasowe\",\"image\":{\"@type\":\"ImageObject\",\"inLanguage\":\"fr-FR\",\"@id\":\"https:\\\/\\\/secure.gravatar.com\\\/avatar\\\/07fa3449d37670fd38888cb2e3db27aa13df245d811ec65206e44888f202bb53?s=96&d=retro&r=g\",\"url\":\"https:\\\/\\\/secure.gravatar.com\\\/avatar\\\/07fa3449d37670fd38888cb2e3db27aa13df245d811ec65206e44888f202bb53?s=96&d=retro&r=g\",\"contentUrl\":\"https:\\\/\\\/secure.gravatar.com\\\/avatar\\\/07fa3449d37670fd38888cb2e3db27aa13df245d811ec65206e44888f202bb53?s=96&d=retro&r=g\",\"caption\":\"Biuro Prasowe\"},\"sameAs\":[\"http:\\\/\\\/www.lichen.pl\"],\"url\":\"https:\\\/\\\/www.lichen.pl\\\/fr\\\/author\\\/biuro-prasowe\\\/\"}]}<\/script>\n<!-- \/ Yoast SEO plugin. -->","yoast_head_json":{"title":"XVII Og\u00f3lnopolski Tydzie\u0144 Biblijny - SANKTUARIUM W LICHENIU","robots":{"index":"index","follow":"follow","max-snippet":"max-snippet:-1","max-image-preview":"max-image-preview:large","max-video-preview":"max-video-preview:-1"},"canonical":"https:\/\/www.lichen.pl\/fr\/xvii-ogolnopolski-tydzien-biblijny\/","og_locale":"fr_FR","og_type":"article","og_title":"XVII Og\u00f3lnopolski Tydzie\u0144 Biblijny - SANKTUARIUM W LICHENIU","og_description":"W niedziel\u0119 4 maja 2025 r. w sanktuarium Matki Bo\u017cej Liche\u0144skiej zainaugurowano XVII Og\u00f3lnopolski Tydzie\u0144 Biblijny, kt\u00f3ry w tym roku odbywa si\u0119 pod has\u0142em: Zmartwychwsta\u0142y Chrystus \u2013 nasza Nadzieja chwa\u0142y. W wyj\u0105tkowej, pe\u0142nej skupienia atmosferze, w kaplicy R\u00f3\u017ca\u0144cowej liche\u0144skiej bazyliki przez ca\u0142y dzie\u0144 trwa\u0142o publiczne czytanie Pisma \u015awi\u0119tego. W tym wyj\u0105tkowym dziele uczestniczyli zar\u00f3wno ksi\u0119\u017ca [&hellip;]","og_url":"https:\/\/www.lichen.pl\/fr\/xvii-ogolnopolski-tydzien-biblijny\/","og_site_name":"SANKTUARIUM W LICHENIU","article_published_time":"2025-05-06T07:14:03+00:00","article_modified_time":"2025-05-12T07:13:44+00:00","og_image":[{"width":1024,"height":683,"url":"https:\/\/www.lichen.pl\/wp-content\/uploads\/2025\/05\/Narodowe_Czytanie_Pisma_Swietego-1-1024x683.jpg","type":"image\/jpeg"}],"author":"Biuro Prasowe","twitter_card":"summary_large_image","twitter_misc":{"\u00c9crit par":"Biuro Prasowe","Dur\u00e9e de lecture estim\u00e9e":"6 minutes"},"schema":{"@context":"https:\/\/schema.org","@graph":[{"@type":"Article","@id":"https:\/\/www.lichen.pl\/xvii-ogolnopolski-tydzien-biblijny\/#article","isPartOf":{"@id":"https:\/\/www.lichen.pl\/xvii-ogolnopolski-tydzien-biblijny\/"},"author":{"name":"Biuro Prasowe","@id":"https:\/\/www.lichen.pl\/fr\/#\/schema\/person\/682b5cfa2f8a664a298ed0bc19782a02"},"headline":"XVII Og\u00f3lnopolski Tydzie\u0144 Biblijny","datePublished":"2025-05-06T07:14:03+00:00","dateModified":"2025-05-12T07:13:44+00:00","mainEntityOfPage":{"@id":"https:\/\/www.lichen.pl\/xvii-ogolnopolski-tydzien-biblijny\/"},"wordCount":597,"image":{"@id":"https:\/\/www.lichen.pl\/xvii-ogolnopolski-tydzien-biblijny\/#primaryimage"},"thumbnailUrl":"https:\/\/www.lichen.pl\/wp-content\/uploads\/2025\/05\/Narodowe_Czytanie_Pisma_Swietego-1.jpg","articleSection":["Aktualno\u015bci"],"inLanguage":"fr-FR"},{"@type":"WebPage","@id":"https:\/\/www.lichen.pl\/xvii-ogolnopolski-tydzien-biblijny\/","url":"https:\/\/www.lichen.pl\/xvii-ogolnopolski-tydzien-biblijny\/","name":"XVII Og\u00f3lnopolski Tydzie\u0144 Biblijny - SANKTUARIUM W LICHENIU","isPartOf":{"@id":"https:\/\/www.lichen.pl\/fr\/#website"},"primaryImageOfPage":{"@id":"https:\/\/www.lichen.pl\/xvii-ogolnopolski-tydzien-biblijny\/#primaryimage"},"image":{"@id":"https:\/\/www.lichen.pl\/xvii-ogolnopolski-tydzien-biblijny\/#primaryimage"},"thumbnailUrl":"https:\/\/www.lichen.pl\/wp-content\/uploads\/2025\/05\/Narodowe_Czytanie_Pisma_Swietego-1.jpg","datePublished":"2025-05-06T07:14:03+00:00","dateModified":"2025-05-12T07:13:44+00:00","author":{"@id":"https:\/\/www.lichen.pl\/fr\/#\/schema\/person\/682b5cfa2f8a664a298ed0bc19782a02"},"breadcrumb":{"@id":"https:\/\/www.lichen.pl\/xvii-ogolnopolski-tydzien-biblijny\/#breadcrumb"},"inLanguage":"fr-FR","potentialAction":[{"@type":"ReadAction","target":["https:\/\/www.lichen.pl\/xvii-ogolnopolski-tydzien-biblijny\/"]}]},{"@type":"ImageObject","inLanguage":"fr-FR","@id":"https:\/\/www.lichen.pl\/xvii-ogolnopolski-tydzien-biblijny\/#primaryimage","url":"https:\/\/www.lichen.pl\/wp-content\/uploads\/2025\/05\/Narodowe_Czytanie_Pisma_Swietego-1.jpg","contentUrl":"https:\/\/www.lichen.pl\/wp-content\/uploads\/2025\/05\/Narodowe_Czytanie_Pisma_Swietego-1.jpg","width":1920,"height":1280},{"@type":"BreadcrumbList","@id":"https:\/\/www.lichen.pl\/xvii-ogolnopolski-tydzien-biblijny\/#breadcrumb","itemListElement":[{"@type":"ListItem","position":1,"name":"Strona g\u0142\u00f3wna","item":"https:\/\/www.lichen.pl\/"},{"@type":"ListItem","position":2,"name":"XVII Og\u00f3lnopolski Tydzie\u0144 Biblijny"}]},{"@type":"WebSite","@id":"https:\/\/www.lichen.pl\/fr\/#website","url":"https:\/\/www.lichen.pl\/fr\/","name":"SANCTUAIRE EN LICHENIE","description":"LA MAUVAISE REINE DE POLOGNE DE NOTRE LICHEN","potentialAction":[{"@type":"SearchAction","target":{"@type":"EntryPoint","urlTemplate":"https:\/\/www.lichen.pl\/fr\/?s={search_term_string}"},"query-input":{"@type":"PropertyValueSpecification","valueRequired":true,"valueName":"search_term_string"}}],"inLanguage":"fr-FR"},{"@type":"Person","@id":"https:\/\/www.lichen.pl\/fr\/#\/schema\/person\/682b5cfa2f8a664a298ed0bc19782a02","name":"Biuro Prasowe","image":{"@type":"ImageObject","inLanguage":"fr-FR","@id":"https:\/\/secure.gravatar.com\/avatar\/07fa3449d37670fd38888cb2e3db27aa13df245d811ec65206e44888f202bb53?s=96&d=retro&r=g","url":"https:\/\/secure.gravatar.com\/avatar\/07fa3449d37670fd38888cb2e3db27aa13df245d811ec65206e44888f202bb53?s=96&d=retro&r=g","contentUrl":"https:\/\/secure.gravatar.com\/avatar\/07fa3449d37670fd38888cb2e3db27aa13df245d811ec65206e44888f202bb53?s=96&d=retro&r=g","caption":"Biuro Prasowe"},"sameAs":["http:\/\/www.lichen.pl"],"url":"https:\/\/www.lichen.pl\/fr\/author\/biuro-prasowe\/"}]}},"_links":{"self":[{"href":"https:\/\/www.lichen.pl\/fr\/wp-json\/wp\/v2\/posts\/83356","targetHints":{"allow":["GET"]}}],"collection":[{"href":"https:\/\/www.lichen.pl\/fr\/wp-json\/wp\/v2\/posts"}],"about":[{"href":"https:\/\/www.lichen.pl\/fr\/wp-json\/wp\/v2\/types\/post"}],"author":[{"embeddable":true,"href":"https:\/\/www.lichen.pl\/fr\/wp-json\/wp\/v2\/users\/8"}],"replies":[{"embeddable":true,"href":"https:\/\/www.lichen.pl\/fr\/wp-json\/wp\/v2\/comments?post=83356"}],"version-history":[{"count":8,"href":"https:\/\/www.lichen.pl\/fr\/wp-json\/wp\/v2\/posts\/83356\/revisions"}],"predecessor-version":[{"id":83936,"href":"https:\/\/www.lichen.pl\/fr\/wp-json\/wp\/v2\/posts\/83356\/revisions\/83936"}],"wp:featuredmedia":[{"embeddable":true,"href":"https:\/\/www.lichen.pl\/fr\/wp-json\/wp\/v2\/media\/83375"}],"wp:attachment":[{"href":"https:\/\/www.lichen.pl\/fr\/wp-json\/wp\/v2\/media?parent=83356"}],"wp:term":[{"taxonomy":"category","embeddable":true,"href":"https:\/\/www.lichen.pl\/fr\/wp-json\/wp\/v2\/categories?post=83356"},{"taxonomy":"post_tag","embeddable":true,"href":"https:\/\/www.lichen.pl\/fr\/wp-json\/wp\/v2\/tags?post=83356"}],"curies":[{"name":"wp","href":"https:\/\/api.w.org\/{rel}","templated":true}]}}