{"id":9727,"date":"2021-05-23T11:30:13","date_gmt":"2021-05-23T11:30:13","guid":{"rendered":"http:\/\/www.lichen.pl\/?p=9727"},"modified":"2021-06-17T08:04:25","modified_gmt":"2021-06-17T08:04:25","slug":"spowiedz-generalna","status":"publish","type":"post","link":"https:\/\/www.lichen.pl\/fr\/spowiedz-generalna\/","title":{"rendered":"Retraite pr\u00e9paratoire \u00e0 la confession g\u00e9n\u00e9rale, 20-23 mai"},"content":{"rendered":"<div data-elementor-type=\"wp-post\" data-elementor-id=\"9727\" class=\"elementor elementor-9727\" data-elementor-post-type=\"post\">\n\t\t\t\t\t\t<section class=\"elementor-section elementor-top-section elementor-element elementor-element-635fcede elementor-section-boxed elementor-section-height-default elementor-section-height-default\" data-id=\"635fcede\" data-element_type=\"section\" data-e-type=\"section\">\n\t\t\t\t\t\t<div class=\"elementor-container elementor-column-gap-default\">\n\t\t\t\t\t<div class=\"elementor-column elementor-col-100 elementor-top-column elementor-element elementor-element-4c6327af\" data-id=\"4c6327af\" data-element_type=\"column\" data-e-type=\"column\">\n\t\t\t<div class=\"elementor-widget-wrap elementor-element-populated\">\n\t\t\t\t\t\t<div class=\"elementor-element elementor-element-2117d07d elementor-drop-cap-yes elementor-drop-cap-view-default elementor-widget elementor-widget-text-editor\" data-id=\"2117d07d\" data-element_type=\"widget\" data-e-type=\"widget\" data-settings=\"{&quot;drop_cap&quot;:&quot;yes&quot;}\" data-widget_type=\"text-editor.default\">\n\t\t\t\t<div class=\"elementor-widget-container\">\n\t\t\t\t\t\t\t\t\t<p>Une autre retraite de pr\u00e9paration \u00e0 la confession g\u00e9n\u00e9rale s&#039;est termin\u00e9e au sanctuaire marial de Liche\u0144 Stary. Lors de la r\u00e9union, du jeudi 20 mai au dimanche 23 mai, 20 personnes de toute la Pologne ont particip\u00e9.<\/p><p>Mme Marzena G\u00f3rka de Zgierz est venue \u00e0 Liche\u0144 avec son mari Waldemar. Elle a d\u00e9couvert la retraite en suivant le profil Facebook du sanctuaire Lichen. Apr\u00e8s avoir pris connaissance du programme de la rencontre, elle d\u00e9cide de s&#039;inscrire pour y participer : \u00ab J&#039;ai toujours voulu savoir si c&#039;est une confession g\u00e9n\u00e9rale, en quoi elle diff\u00e8re de cette confession r\u00e9guli\u00e8rement pratiqu\u00e9e dans la paroisse, quel est le secret c&#039;est l\u00e0-dedans, faire une bonne confession de toute ta vie.&quot; La participante a avou\u00e9 avoir eu un peu peur au d\u00e9but, mais l&#039;ambiance qui r\u00e9gnait \u00e0 la retraite a fait dispara\u00eetre rapidement le stress : - \u00ab Je suis agr\u00e9ablement surprise car la confession s&#039;est faite de mani\u00e8re \u00ab amicale \u00bb, avec beaucoup d&#039;inqui\u00e9tude. Au d\u00e9but, il y avait du stress, mais apr\u00e8s un certain temps, il a \u00e9t\u00e9 neutralis\u00e9 par le pr\u00eatre. Je dois dire que c&#039;\u00e9tait bien organis\u00e9 et bien g\u00e9r\u00e9. \u00bb<\/p><p>Les enseignements de la retraite ont \u00e9t\u00e9 pr\u00e9par\u00e9s par le P. Adam Stankiewicz, MIC, vice-gardien du sanctuaire Lichen. Mme Marzena a soulign\u00e9 qu&#039;ils \u00e9taient importants et extr\u00eamement utiles pour les participants, car le pr\u00eatre a expos\u00e9 aux retraitants beaucoup de contenu sur la fa\u00e7on dont Satan travaille dans la vie humaine. \u00ab Gr\u00e2ce \u00e0 ces conseils, nous avons pu apprendre \u00e0 \u00e9viter les pi\u00e8ges de Satan. Gr\u00e2ce \u00e0 cela, nous avons pu nous pr\u00e9parer \u00e0 une bonne et fructueuse exp\u00e9rience de confession. \u00bb<\/p><p>Le participant \u00e0 la retraite encourage \u00e9galement \u00e0 prendre part \u00e0 ce type de rencontre - pour clore certaines \u00e9tapes de sa vie, pour rena\u00eetre \u00e0 la vie dans la foi, pour aborder sa vie spirituelle avec maturit\u00e9, ainsi qu&#039;\u00e0 la question du salut, pour une relation avec Dieu, pour vivre dans la v\u00e9rit\u00e9.<\/p><p>La prochaine retraite de pr\u00e9paration \u00e0 la confession g\u00e9n\u00e9rale \u00e0 Liche\u0144 aura lieu du 27 au 30 mai. Des informations d\u00e9taill\u00e9es peuvent \u00eatre obtenues aupr\u00e8s du Bureau d&#039;accueil des p\u00e8lerins en appelant le 63 270 81 42.<\/p><p>Lichen Stary, 23 mai 2021<\/p>\t\t\t\t\t\t\t\t<\/div>\n\t\t\t\t<\/div>\n\t\t\t\t<div class=\"elementor-element elementor-element-0b4a6c4 elementor-widget-divider--view-line elementor-widget elementor-widget-divider\" data-id=\"0b4a6c4\" data-element_type=\"widget\" data-e-type=\"widget\" data-widget_type=\"divider.default\">\n\t\t\t\t<div class=\"elementor-widget-container\">\n\t\t\t\t\t\t\t<div class=\"elementor-divider\">\n\t\t\t<span class=\"elementor-divider-separator\">\n\t\t\t\t\t\t<\/span>\n\t\t<\/div>\n\t\t\t\t\t\t<\/div>\n\t\t\t\t<\/div>\n\t\t\t\t\t<\/div>\n\t\t<\/div>\n\t\t\t\t\t<\/div>\n\t\t<\/section>\n\t\t\t\t<\/div>","protected":false},"excerpt":{"rendered":"<p>W Sanktuarium Maryjnym w Licheniu Starym zako\u0144czy\u0142a si\u0119 kolejna tura rekolekcji przygotowuj\u0105cych do spowiedzi generalnej. W trakcie spotkania, od czwartku 20 maja do niedzieli 23 maja, wzi\u0119\u0142o udzia\u0142 20 os\u00f3b z ca\u0142ej Polski. Pani Marzena G\u00f3rka ze Zgierza przyjecha\u0142a do Lichenia wraz ze swoim m\u0119\u017cem Waldemarem. O rekolekcjach dowiedzia\u0142a si\u0119 \u015bledz\u0105c facebookowy profil liche\u0144skiego sanktuarium. [&hellip;]<\/p>\n","protected":false},"author":4,"featured_media":9728,"comment_status":"open","ping_status":"open","sticky":false,"template":"","format":"standard","meta":{"footnotes":""},"categories":[1],"tags":[],"class_list":["post-9727","post","type-post","status-publish","format-standard","has-post-thumbnail","hentry","category-aktualnosci","wpbf-post"],"yoast_head":"<!-- This site is optimized with the Yoast SEO plugin v27.4 - https:\/\/yoast.com\/product\/yoast-seo-wordpress\/ -->\n<title>Rekolekcje przygotowuj\u0105ce do spowiedzi generalnej, 20-23 maja - SANKTUARIUM W LICHENIU<\/title>\n<meta name=\"robots\" content=\"index, follow, max-snippet:-1, max-image-preview:large, max-video-preview:-1\" \/>\n<link rel=\"canonical\" href=\"https:\/\/www.lichen.pl\/fr\/spowiedz-generalna\/\" \/>\n<meta property=\"og:locale\" content=\"fr_FR\" \/>\n<meta property=\"og:type\" content=\"article\" \/>\n<meta property=\"og:title\" content=\"Rekolekcje przygotowuj\u0105ce do spowiedzi generalnej, 20-23 maja - SANKTUARIUM W LICHENIU\" \/>\n<meta property=\"og:description\" content=\"W Sanktuarium Maryjnym w Licheniu Starym zako\u0144czy\u0142a si\u0119 kolejna tura rekolekcji przygotowuj\u0105cych do spowiedzi generalnej. W trakcie spotkania, od czwartku 20 maja do niedzieli 23 maja, wzi\u0119\u0142o udzia\u0142 20 os\u00f3b z ca\u0142ej Polski. Pani Marzena G\u00f3rka ze Zgierza przyjecha\u0142a do Lichenia wraz ze swoim m\u0119\u017cem Waldemarem. O rekolekcjach dowiedzia\u0142a si\u0119 \u015bledz\u0105c facebookowy profil liche\u0144skiego sanktuarium. [&hellip;]\" \/>\n<meta property=\"og:url\" content=\"https:\/\/www.lichen.pl\/fr\/spowiedz-generalna\/\" \/>\n<meta property=\"og:site_name\" content=\"SANKTUARIUM W LICHENIU\" \/>\n<meta property=\"article:published_time\" content=\"2021-05-23T11:30:13+00:00\" \/>\n<meta property=\"article:modified_time\" content=\"2021-06-17T08:04:25+00:00\" \/>\n<meta property=\"og:image\" content=\"https:\/\/www.lichen.pl\/wp-content\/uploads\/2021\/05\/20210523_090109-scaled.jpg\" \/>\n\t<meta property=\"og:image:width\" content=\"1920\" \/>\n\t<meta property=\"og:image:height\" content=\"1440\" \/>\n\t<meta property=\"og:image:type\" content=\"image\/jpeg\" \/>\n<meta name=\"author\" content=\"ROBERT ADAMCZYK\" \/>\n<meta name=\"twitter:card\" content=\"summary_large_image\" \/>\n<meta name=\"twitter:label1\" content=\"\u00c9crit par\" \/>\n\t<meta name=\"twitter:data1\" content=\"ROBERT ADAMCZYK\" \/>\n\t<meta name=\"twitter:label2\" content=\"Dur\u00e9e de lecture estim\u00e9e\" \/>\n\t<meta name=\"twitter:data2\" content=\"2 minutes\" \/>\n<script type=\"application\/ld+json\" class=\"yoast-schema-graph\">{\"@context\":\"https:\\\/\\\/schema.org\",\"@graph\":[{\"@type\":\"Article\",\"@id\":\"https:\\\/\\\/www.lichen.pl\\\/spowiedz-generalna\\\/#article\",\"isPartOf\":{\"@id\":\"https:\\\/\\\/www.lichen.pl\\\/spowiedz-generalna\\\/\"},\"author\":{\"name\":\"ROBERT ADAMCZYK\",\"@id\":\"https:\\\/\\\/www.lichen.pl\\\/fr\\\/#\\\/schema\\\/person\\\/c06cd926b95870cc59f18d6ee6e33da5\"},\"headline\":\"Rekolekcje przygotowuj\u0105ce do spowiedzi generalnej, 20-23 maja\",\"datePublished\":\"2021-05-23T11:30:13+00:00\",\"dateModified\":\"2021-06-17T08:04:25+00:00\",\"mainEntityOfPage\":{\"@id\":\"https:\\\/\\\/www.lichen.pl\\\/spowiedz-generalna\\\/\"},\"wordCount\":359,\"commentCount\":0,\"image\":{\"@id\":\"https:\\\/\\\/www.lichen.pl\\\/spowiedz-generalna\\\/#primaryimage\"},\"thumbnailUrl\":\"https:\\\/\\\/www.lichen.pl\\\/wp-content\\\/uploads\\\/2021\\\/05\\\/20210523_090109-scaled.jpg\",\"articleSection\":[\"Aktualno\u015bci\"],\"inLanguage\":\"fr-FR\",\"potentialAction\":[{\"@type\":\"CommentAction\",\"name\":\"Comment\",\"target\":[\"https:\\\/\\\/www.lichen.pl\\\/spowiedz-generalna\\\/#respond\"]}]},{\"@type\":\"WebPage\",\"@id\":\"https:\\\/\\\/www.lichen.pl\\\/spowiedz-generalna\\\/\",\"url\":\"https:\\\/\\\/www.lichen.pl\\\/spowiedz-generalna\\\/\",\"name\":\"Rekolekcje przygotowuj\u0105ce do spowiedzi generalnej, 20-23 maja - SANKTUARIUM W LICHENIU\",\"isPartOf\":{\"@id\":\"https:\\\/\\\/www.lichen.pl\\\/fr\\\/#website\"},\"primaryImageOfPage\":{\"@id\":\"https:\\\/\\\/www.lichen.pl\\\/spowiedz-generalna\\\/#primaryimage\"},\"image\":{\"@id\":\"https:\\\/\\\/www.lichen.pl\\\/spowiedz-generalna\\\/#primaryimage\"},\"thumbnailUrl\":\"https:\\\/\\\/www.lichen.pl\\\/wp-content\\\/uploads\\\/2021\\\/05\\\/20210523_090109-scaled.jpg\",\"datePublished\":\"2021-05-23T11:30:13+00:00\",\"dateModified\":\"2021-06-17T08:04:25+00:00\",\"author\":{\"@id\":\"https:\\\/\\\/www.lichen.pl\\\/fr\\\/#\\\/schema\\\/person\\\/c06cd926b95870cc59f18d6ee6e33da5\"},\"breadcrumb\":{\"@id\":\"https:\\\/\\\/www.lichen.pl\\\/spowiedz-generalna\\\/#breadcrumb\"},\"inLanguage\":\"fr-FR\",\"potentialAction\":[{\"@type\":\"ReadAction\",\"target\":[\"https:\\\/\\\/www.lichen.pl\\\/spowiedz-generalna\\\/\"]}]},{\"@type\":\"ImageObject\",\"inLanguage\":\"fr-FR\",\"@id\":\"https:\\\/\\\/www.lichen.pl\\\/spowiedz-generalna\\\/#primaryimage\",\"url\":\"https:\\\/\\\/www.lichen.pl\\\/wp-content\\\/uploads\\\/2021\\\/05\\\/20210523_090109-scaled.jpg\",\"contentUrl\":\"https:\\\/\\\/www.lichen.pl\\\/wp-content\\\/uploads\\\/2021\\\/05\\\/20210523_090109-scaled.jpg\",\"width\":1920,\"height\":1440},{\"@type\":\"BreadcrumbList\",\"@id\":\"https:\\\/\\\/www.lichen.pl\\\/spowiedz-generalna\\\/#breadcrumb\",\"itemListElement\":[{\"@type\":\"ListItem\",\"position\":1,\"name\":\"Strona g\u0142\u00f3wna\",\"item\":\"https:\\\/\\\/www.lichen.pl\\\/\"},{\"@type\":\"ListItem\",\"position\":2,\"name\":\"Rekolekcje przygotowuj\u0105ce do spowiedzi generalnej, 20-23 maja\"}]},{\"@type\":\"WebSite\",\"@id\":\"https:\\\/\\\/www.lichen.pl\\\/fr\\\/#website\",\"url\":\"https:\\\/\\\/www.lichen.pl\\\/fr\\\/\",\"name\":\"SANKTUARIUM W LICHENIU\",\"description\":\"MATKI BO\u017bEJ LICHE\u0143SKIEJ BOLESNEJ KR\u00d3LOWEJ POLSKI\",\"potentialAction\":[{\"@type\":\"SearchAction\",\"target\":{\"@type\":\"EntryPoint\",\"urlTemplate\":\"https:\\\/\\\/www.lichen.pl\\\/fr\\\/?s={search_term_string}\"},\"query-input\":{\"@type\":\"PropertyValueSpecification\",\"valueRequired\":true,\"valueName\":\"search_term_string\"}}],\"inLanguage\":\"fr-FR\"},{\"@type\":\"Person\",\"@id\":\"https:\\\/\\\/www.lichen.pl\\\/fr\\\/#\\\/schema\\\/person\\\/c06cd926b95870cc59f18d6ee6e33da5\",\"name\":\"ROBERT ADAMCZYK\",\"image\":{\"@type\":\"ImageObject\",\"inLanguage\":\"fr-FR\",\"@id\":\"https:\\\/\\\/secure.gravatar.com\\\/avatar\\\/53c330430596e73552f4c356c2e47c209ff8f6352a5106011c9b6abcce5e00df?s=96&d=retro&r=g\",\"url\":\"https:\\\/\\\/secure.gravatar.com\\\/avatar\\\/53c330430596e73552f4c356c2e47c209ff8f6352a5106011c9b6abcce5e00df?s=96&d=retro&r=g\",\"contentUrl\":\"https:\\\/\\\/secure.gravatar.com\\\/avatar\\\/53c330430596e73552f4c356c2e47c209ff8f6352a5106011c9b6abcce5e00df?s=96&d=retro&r=g\",\"caption\":\"ROBERT ADAMCZYK\"},\"url\":\"https:\\\/\\\/www.lichen.pl\\\/fr\\\/author\\\/press\\\/\"}]}<\/script>\n<!-- \/ Yoast SEO plugin. -->","yoast_head_json":{"title":"Rekolekcje przygotowuj\u0105ce do spowiedzi generalnej, 20-23 maja - SANKTUARIUM W LICHENIU","robots":{"index":"index","follow":"follow","max-snippet":"max-snippet:-1","max-image-preview":"max-image-preview:large","max-video-preview":"max-video-preview:-1"},"canonical":"https:\/\/www.lichen.pl\/fr\/spowiedz-generalna\/","og_locale":"fr_FR","og_type":"article","og_title":"Rekolekcje przygotowuj\u0105ce do spowiedzi generalnej, 20-23 maja - SANKTUARIUM W LICHENIU","og_description":"W Sanktuarium Maryjnym w Licheniu Starym zako\u0144czy\u0142a si\u0119 kolejna tura rekolekcji przygotowuj\u0105cych do spowiedzi generalnej. W trakcie spotkania, od czwartku 20 maja do niedzieli 23 maja, wzi\u0119\u0142o udzia\u0142 20 os\u00f3b z ca\u0142ej Polski. Pani Marzena G\u00f3rka ze Zgierza przyjecha\u0142a do Lichenia wraz ze swoim m\u0119\u017cem Waldemarem. O rekolekcjach dowiedzia\u0142a si\u0119 \u015bledz\u0105c facebookowy profil liche\u0144skiego sanktuarium. [&hellip;]","og_url":"https:\/\/www.lichen.pl\/fr\/spowiedz-generalna\/","og_site_name":"SANKTUARIUM W LICHENIU","article_published_time":"2021-05-23T11:30:13+00:00","article_modified_time":"2021-06-17T08:04:25+00:00","og_image":[{"width":1920,"height":1440,"url":"https:\/\/www.lichen.pl\/wp-content\/uploads\/2021\/05\/20210523_090109-scaled.jpg","type":"image\/jpeg"}],"author":"ROBERT ADAMCZYK","twitter_card":"summary_large_image","twitter_misc":{"\u00c9crit par":"ROBERT ADAMCZYK","Dur\u00e9e de lecture estim\u00e9e":"2 minutes"},"schema":{"@context":"https:\/\/schema.org","@graph":[{"@type":"Article","@id":"https:\/\/www.lichen.pl\/spowiedz-generalna\/#article","isPartOf":{"@id":"https:\/\/www.lichen.pl\/spowiedz-generalna\/"},"author":{"name":"ROBERT ADAMCZYK","@id":"https:\/\/www.lichen.pl\/fr\/#\/schema\/person\/c06cd926b95870cc59f18d6ee6e33da5"},"headline":"Rekolekcje przygotowuj\u0105ce do spowiedzi generalnej, 20-23 maja","datePublished":"2021-05-23T11:30:13+00:00","dateModified":"2021-06-17T08:04:25+00:00","mainEntityOfPage":{"@id":"https:\/\/www.lichen.pl\/spowiedz-generalna\/"},"wordCount":359,"commentCount":0,"image":{"@id":"https:\/\/www.lichen.pl\/spowiedz-generalna\/#primaryimage"},"thumbnailUrl":"https:\/\/www.lichen.pl\/wp-content\/uploads\/2021\/05\/20210523_090109-scaled.jpg","articleSection":["Aktualno\u015bci"],"inLanguage":"fr-FR","potentialAction":[{"@type":"CommentAction","name":"Comment","target":["https:\/\/www.lichen.pl\/spowiedz-generalna\/#respond"]}]},{"@type":"WebPage","@id":"https:\/\/www.lichen.pl\/spowiedz-generalna\/","url":"https:\/\/www.lichen.pl\/spowiedz-generalna\/","name":"Rekolekcje przygotowuj\u0105ce do spowiedzi generalnej, 20-23 maja - SANKTUARIUM W LICHENIU","isPartOf":{"@id":"https:\/\/www.lichen.pl\/fr\/#website"},"primaryImageOfPage":{"@id":"https:\/\/www.lichen.pl\/spowiedz-generalna\/#primaryimage"},"image":{"@id":"https:\/\/www.lichen.pl\/spowiedz-generalna\/#primaryimage"},"thumbnailUrl":"https:\/\/www.lichen.pl\/wp-content\/uploads\/2021\/05\/20210523_090109-scaled.jpg","datePublished":"2021-05-23T11:30:13+00:00","dateModified":"2021-06-17T08:04:25+00:00","author":{"@id":"https:\/\/www.lichen.pl\/fr\/#\/schema\/person\/c06cd926b95870cc59f18d6ee6e33da5"},"breadcrumb":{"@id":"https:\/\/www.lichen.pl\/spowiedz-generalna\/#breadcrumb"},"inLanguage":"fr-FR","potentialAction":[{"@type":"ReadAction","target":["https:\/\/www.lichen.pl\/spowiedz-generalna\/"]}]},{"@type":"ImageObject","inLanguage":"fr-FR","@id":"https:\/\/www.lichen.pl\/spowiedz-generalna\/#primaryimage","url":"https:\/\/www.lichen.pl\/wp-content\/uploads\/2021\/05\/20210523_090109-scaled.jpg","contentUrl":"https:\/\/www.lichen.pl\/wp-content\/uploads\/2021\/05\/20210523_090109-scaled.jpg","width":1920,"height":1440},{"@type":"BreadcrumbList","@id":"https:\/\/www.lichen.pl\/spowiedz-generalna\/#breadcrumb","itemListElement":[{"@type":"ListItem","position":1,"name":"Strona g\u0142\u00f3wna","item":"https:\/\/www.lichen.pl\/"},{"@type":"ListItem","position":2,"name":"Rekolekcje przygotowuj\u0105ce do spowiedzi generalnej, 20-23 maja"}]},{"@type":"WebSite","@id":"https:\/\/www.lichen.pl\/fr\/#website","url":"https:\/\/www.lichen.pl\/fr\/","name":"SANCTUAIRE EN LICHENIE","description":"LA MAUVAISE REINE DE POLOGNE DE NOTRE LICHEN","potentialAction":[{"@type":"SearchAction","target":{"@type":"EntryPoint","urlTemplate":"https:\/\/www.lichen.pl\/fr\/?s={search_term_string}"},"query-input":{"@type":"PropertyValueSpecification","valueRequired":true,"valueName":"search_term_string"}}],"inLanguage":"fr-FR"},{"@type":"Person","@id":"https:\/\/www.lichen.pl\/fr\/#\/schema\/person\/c06cd926b95870cc59f18d6ee6e33da5","name":"ROBERT ADAMCZYK","image":{"@type":"ImageObject","inLanguage":"fr-FR","@id":"https:\/\/secure.gravatar.com\/avatar\/53c330430596e73552f4c356c2e47c209ff8f6352a5106011c9b6abcce5e00df?s=96&d=retro&r=g","url":"https:\/\/secure.gravatar.com\/avatar\/53c330430596e73552f4c356c2e47c209ff8f6352a5106011c9b6abcce5e00df?s=96&d=retro&r=g","contentUrl":"https:\/\/secure.gravatar.com\/avatar\/53c330430596e73552f4c356c2e47c209ff8f6352a5106011c9b6abcce5e00df?s=96&d=retro&r=g","caption":"ROBERT ADAMCZYK"},"url":"https:\/\/www.lichen.pl\/fr\/author\/press\/"}]}},"_links":{"self":[{"href":"https:\/\/www.lichen.pl\/fr\/wp-json\/wp\/v2\/posts\/9727","targetHints":{"allow":["GET"]}}],"collection":[{"href":"https:\/\/www.lichen.pl\/fr\/wp-json\/wp\/v2\/posts"}],"about":[{"href":"https:\/\/www.lichen.pl\/fr\/wp-json\/wp\/v2\/types\/post"}],"author":[{"embeddable":true,"href":"https:\/\/www.lichen.pl\/fr\/wp-json\/wp\/v2\/users\/4"}],"replies":[{"embeddable":true,"href":"https:\/\/www.lichen.pl\/fr\/wp-json\/wp\/v2\/comments?post=9727"}],"version-history":[{"count":13,"href":"https:\/\/www.lichen.pl\/fr\/wp-json\/wp\/v2\/posts\/9727\/revisions"}],"predecessor-version":[{"id":14203,"href":"https:\/\/www.lichen.pl\/fr\/wp-json\/wp\/v2\/posts\/9727\/revisions\/14203"}],"wp:featuredmedia":[{"embeddable":true,"href":"https:\/\/www.lichen.pl\/fr\/wp-json\/wp\/v2\/media\/9728"}],"wp:attachment":[{"href":"https:\/\/www.lichen.pl\/fr\/wp-json\/wp\/v2\/media?parent=9727"}],"wp:term":[{"taxonomy":"category","embeddable":true,"href":"https:\/\/www.lichen.pl\/fr\/wp-json\/wp\/v2\/categories?post=9727"},{"taxonomy":"post_tag","embeddable":true,"href":"https:\/\/www.lichen.pl\/fr\/wp-json\/wp\/v2\/tags?post=9727"}],"curies":[{"name":"wp","href":"https:\/\/api.w.org\/{rel}","templated":true}]}}