{"id":9746,"date":"2021-05-31T14:00:12","date_gmt":"2021-05-31T14:00:12","guid":{"rendered":"http:\/\/www.lichen.pl\/?p=9746"},"modified":"2021-06-07T08:09:36","modified_gmt":"2021-06-07T08:09:36","slug":"mazowsze-i-perly-muzyki-sakralnej-w-licheniu","status":"publish","type":"post","link":"https:\/\/www.lichen.pl\/fr\/mazowsze-i-perly-muzyki-sakralnej-w-licheniu\/","title":{"rendered":"&quot;Perles de la musique sacr\u00e9e&quot; - concert dans la basilique de Liche\u0144"},"content":{"rendered":"<div data-elementor-type=\"wp-post\" data-elementor-id=\"9746\" class=\"elementor elementor-9746\" data-elementor-post-type=\"post\">\n\t\t\t\t\t\t<section class=\"elementor-section elementor-top-section elementor-element elementor-element-18ee4e3 elementor-section-boxed elementor-section-height-default elementor-section-height-default\" data-id=\"18ee4e3\" data-element_type=\"section\" data-e-type=\"section\">\n\t\t\t\t\t\t<div class=\"elementor-container elementor-column-gap-default\">\n\t\t\t\t\t<div class=\"elementor-column elementor-col-100 elementor-top-column elementor-element elementor-element-27382598\" data-id=\"27382598\" data-element_type=\"column\" data-e-type=\"column\">\n\t\t\t<div class=\"elementor-widget-wrap elementor-element-populated\">\n\t\t\t\t\t\t<div class=\"elementor-element elementor-element-bbcd84e elementor-widget elementor-widget-heading\" data-id=\"bbcd84e\" data-element_type=\"widget\" data-e-type=\"widget\" data-widget_type=\"heading.default\">\n\t\t\t\t<div class=\"elementor-widget-container\">\n\t\t\t\t\t<h2 class=\"elementor-heading-title elementor-size-default\">En la f\u00eate de la Sainte Trinit\u00e9, le 30 mai, la basilique de Liche\u0144 a accueilli le Ch\u0153ur et l&#039;Orchestre de l&#039;Ensemble national de chant et de danse &quot;Mazowsze&quot; Tadeusz Sygiety\u0144ski. Sous la direction du maestro Jacek Boniecki, les artistes ont accompagn\u00e9 la messe de midi avec leur musique, et apr\u00e8s la liturgie, ils ont donn\u00e9 au public un concert extraordinaire.<\/h2>\t\t\t\t<\/div>\n\t\t\t\t<\/div>\n\t\t\t\t<div class=\"elementor-element elementor-element-90b9ce1 elementor-widget elementor-widget-text-editor\" data-id=\"90b9ce1\" data-element_type=\"widget\" data-e-type=\"widget\" data-widget_type=\"text-editor.default\">\n\t\t\t\t<div class=\"elementor-widget-container\">\n\t\t\t\t\t\t\t\t\t<p>La Sainte Messe principale dans la basilique a \u00e9t\u00e9 c\u00e9l\u00e9br\u00e9e \u00e0 12h00 sous la direction du P. Bogus\u0142aw Bindy, MIC, sup\u00e9rieur de la communaut\u00e9 Lichen des pr\u00eatres et fr\u00e8res mariaux. L&#039;essentiel de la f\u00eate d&#039;hier a \u00e9t\u00e9 pr\u00e9sent\u00e9 aux personnes r\u00e9unies avant la liturgie par le vice-curateur du sanctuaire, le P. Adam Stankiewicz, MIC : <i>\u00ab La croyance en un Dieu en trois est l&#039;un des \u00e9l\u00e9ments les plus sp\u00e9cifiques du christianisme. Aucune autre religion ne revendique ce myst\u00e8re. L&#039;existence de la Sainte Trinit\u00e9 est un dogme de notre foi. Avec la seule raison humaine, nous ne parviendrions pas \u00e0 cette v\u00e9rit\u00e9. J\u00e9sus-Christ nous l&#039;a r\u00e9v\u00e9l\u00e9.&quot;<\/i><\/p>\t\t\t\t\t\t\t\t<\/div>\n\t\t\t\t<\/div>\n\t\t\t\t<section class=\"elementor-section elementor-inner-section elementor-element elementor-element-bf0a32d elementor-section-boxed elementor-section-height-default elementor-section-height-default\" data-id=\"bf0a32d\" data-element_type=\"section\" data-e-type=\"section\">\n\t\t\t\t\t\t<div class=\"elementor-container elementor-column-gap-default\">\n\t\t\t\t\t<div class=\"elementor-column elementor-col-50 elementor-inner-column elementor-element elementor-element-7bd26e5\" data-id=\"7bd26e5\" data-element_type=\"column\" data-e-type=\"column\">\n\t\t\t<div class=\"elementor-widget-wrap elementor-element-populated\">\n\t\t\t\t\t\t<div class=\"elementor-element elementor-element-6940064 elementor-widget elementor-widget-image\" data-id=\"6940064\" data-element_type=\"widget\" data-e-type=\"widget\" data-widget_type=\"image.default\">\n\t\t\t\t<div class=\"elementor-widget-container\">\n\t\t\t\t\t\t\t\t\t\t\t\t<figure class=\"wp-caption\">\n\t\t\t\t\t\t\t\t\t\t<img fetchpriority=\"high\" decoding=\"async\" width=\"286\" height=\"300\" src=\"https:\/\/www.lichen.pl\/wp-content\/uploads\/2021\/05\/Msza-31-maja-2021-ks.-Boguslaw-Binda-MIC-e1622828162446-286x300.jpg\" class=\"attachment-medium size-medium wp-image-10562\" alt=\"Msza \u015awi\u0119ta 31 maja 2021 ks. Bogus\u0142aw Binda MIC\" srcset=\"https:\/\/www.lichen.pl\/wp-content\/uploads\/2021\/05\/Msza-31-maja-2021-ks.-Boguslaw-Binda-MIC-e1622828162446-286x300.jpg 286w, https:\/\/www.lichen.pl\/wp-content\/uploads\/2021\/05\/Msza-31-maja-2021-ks.-Boguslaw-Binda-MIC-e1622828162446.jpg 633w\" sizes=\"(max-width: 286px) 100vw, 286px\" \/>\t\t\t\t\t\t\t\t\t\t\t<figcaption class=\"widget-image-caption wp-caption-text\">Pr. Bogus\u0142aw Binda, MIC <\/figcaption>\n\t\t\t\t\t\t\t\t\t\t<\/figure>\n\t\t\t\t\t\t\t\t\t<\/div>\n\t\t\t\t<\/div>\n\t\t\t\t<div class=\"elementor-element elementor-element-2790c87 elementor-widget elementor-widget-image\" data-id=\"2790c87\" data-element_type=\"widget\" data-e-type=\"widget\" data-widget_type=\"image.default\">\n\t\t\t\t<div class=\"elementor-widget-container\">\n\t\t\t\t\t\t\t\t\t\t\t\t<figure class=\"wp-caption\">\n\t\t\t\t\t\t\t\t\t\t<img decoding=\"async\" width=\"200\" height=\"300\" src=\"https:\/\/www.lichen.pl\/wp-content\/uploads\/2021\/05\/Msza-31-maja-2021-1-200x300.jpg\" class=\"attachment-medium size-medium wp-image-10571\" alt=\"Msza 31 maja 2021 1\" srcset=\"https:\/\/www.lichen.pl\/wp-content\/uploads\/2021\/05\/Msza-31-maja-2021-1-200x300.jpg 200w, https:\/\/www.lichen.pl\/wp-content\/uploads\/2021\/05\/Msza-31-maja-2021-1-800x1200.jpg 800w, https:\/\/www.lichen.pl\/wp-content\/uploads\/2021\/05\/Msza-31-maja-2021-1-682x1024.jpg 682w, https:\/\/www.lichen.pl\/wp-content\/uploads\/2021\/05\/Msza-31-maja-2021-1-768x1152.jpg 768w, https:\/\/www.lichen.pl\/wp-content\/uploads\/2021\/05\/Msza-31-maja-2021-1-1024x1536.jpg 1024w, https:\/\/www.lichen.pl\/wp-content\/uploads\/2021\/05\/Msza-31-maja-2021-1.jpg 853w\" sizes=\"(max-width: 200px) 100vw, 200px\" \/>\t\t\t\t\t\t\t\t\t\t\t<figcaption class=\"widget-image-caption wp-caption-text\">Basilique, Solennit\u00e9 de la Tr\u00e8s Sainte Trinit\u00e9, 30 mai 2021<\/figcaption>\n\t\t\t\t\t\t\t\t\t\t<\/figure>\n\t\t\t\t\t\t\t\t\t<\/div>\n\t\t\t\t<\/div>\n\t\t\t\t\t<\/div>\n\t\t<\/div>\n\t\t\t\t<div class=\"elementor-column elementor-col-50 elementor-inner-column elementor-element elementor-element-4a81911\" data-id=\"4a81911\" data-element_type=\"column\" data-e-type=\"column\">\n\t\t\t<div class=\"elementor-widget-wrap elementor-element-populated\">\n\t\t\t\t\t\t<div class=\"elementor-element elementor-element-671368a elementor-widget elementor-widget-text-editor\" data-id=\"671368a\" data-element_type=\"widget\" data-e-type=\"widget\" data-widget_type=\"text-editor.default\">\n\t\t\t\t<div class=\"elementor-widget-container\">\n\t\t\t\t\t\t\t\t\t<p>Dans l&#039;hom\u00e9lie prononc\u00e9e par le P. Binda a encourag\u00e9 la prononciation des mots du signe de la sainte croix, r\u00e9fl\u00e9chissant \u00e0 leur signification. - <em>La Parole de Dieu r\u00e9v\u00e8le la Sainte Trinit\u00e9 travaillant dans l&#039;histoire pour nous et notre salut. Cette histoire continue dans la vie de chacun. L&#039;Eucharistie d&#039;aujourd&#039;hui est une rencontre avec le P\u00e8re, le Fils et le Saint-Esprit. Chaque fois que nous faisons le signe de la sainte croix, c&#039;est pour nous rappeler notre bapt\u00eame<\/em>.<\/p><p>En d&#039;autres termes, le Marian a assur\u00e9 que: <em>- la mesure de l&#039;amour est l&#039;Amour sans mesure. Dieu ne se lasse jamais de nous. Pour lui, vous n&#039;\u00eates pas un esclave, mais un enfant qui, comme tout parent, aime.<\/em><\/p><p><em>- Je veux que tu saches que tout ce qui te s\u00e9pare de Dieu le P\u00e8re peut \u00eatre pardonn\u00e9 dans l&#039;oc\u00e9an de l&#039;amour mis\u00e9ricordieux. Je veux que vous compreniez que vous \u00eates une partie unique de Son Corps - l&#039;\u00c9glise - une communaut\u00e9 dans laquelle nous avons \u00e9t\u00e9 incorpor\u00e9s par le Saint Bapt\u00eame. Notre vie quotidienne exige que nous donnions un t\u00e9moignage. Nous ne pouvons pas le faire seuls. Nous pouvons voir \u00e0 quel point c&#039;est difficile pour nous. Le Saint-Esprit, \u00e9tant un don du P\u00e8re et du Fils, vit en chacun de nous - je veux faire l&#039;exp\u00e9rience maintenant de sa sagesse, de sa puissance et de la vraie et authentique pr\u00e9sence de Dieu en moi. Le Myst\u00e8re de la Sainte Trinit\u00e9 est un appel et une t\u00e2che pour nous d&#039;apprendre \u00e0 bien construire nos relations, notre lien avec Dieu et les autres<\/em> - dit le moine.<\/p>\t\t\t\t\t\t\t\t<\/div>\n\t\t\t\t<\/div>\n\t\t\t\t<div class=\"elementor-element elementor-element-4deb83a elementor-widget-divider--view-line elementor-widget elementor-widget-divider\" data-id=\"4deb83a\" data-element_type=\"widget\" data-e-type=\"widget\" data-widget_type=\"divider.default\">\n\t\t\t\t<div class=\"elementor-widget-container\">\n\t\t\t\t\t\t\t<div class=\"elementor-divider\">\n\t\t\t<span class=\"elementor-divider-separator\">\n\t\t\t\t\t\t<\/span>\n\t\t<\/div>\n\t\t\t\t\t\t<\/div>\n\t\t\t\t<\/div>\n\t\t\t\t\t<\/div>\n\t\t<\/div>\n\t\t\t\t\t<\/div>\n\t\t<\/section>\n\t\t\t\t<div class=\"elementor-element elementor-element-ea51916 elementor-widget elementor-widget-heading\" data-id=\"ea51916\" data-element_type=\"widget\" data-e-type=\"widget\" data-widget_type=\"heading.default\">\n\t\t\t\t<div class=\"elementor-widget-container\">\n\t\t\t\t\t<h2 class=\"elementor-heading-title elementor-size-default\">Apr\u00e8s de longs mois de travail dans le calme des salles de r\u00e9p\u00e9tition, sans contact avec le public et des concerts via Internet, le dernier dimanche de mai, &quot;Mazowsze&quot; a eu l&#039;opportunit\u00e9 de se produire en direct devant le public. Au cours de la Sainte Messe solennelle, entre autres, &quot;Coronation Mass&quot; de WA Mozart ou le c\u00e9l\u00e8bre &quot;Hallelujah&quot; de l&#039;Oratoire &quot;Messiah&quot; de GF Handel.<\/h2>\t\t\t\t<\/div>\n\t\t\t\t<\/div>\n\t\t\t\t<section class=\"elementor-section elementor-inner-section elementor-element elementor-element-dc5be4f elementor-section-boxed elementor-section-height-default elementor-section-height-default\" data-id=\"dc5be4f\" data-element_type=\"section\" data-e-type=\"section\">\n\t\t\t\t\t\t<div class=\"elementor-container elementor-column-gap-default\">\n\t\t\t\t\t<div class=\"elementor-column elementor-col-50 elementor-inner-column elementor-element elementor-element-a1c9372\" data-id=\"a1c9372\" data-element_type=\"column\" data-e-type=\"column\">\n\t\t\t<div class=\"elementor-widget-wrap elementor-element-populated\">\n\t\t\t\t\t\t<div class=\"elementor-element elementor-element-13b82ee elementor-widget elementor-widget-text-editor\" data-id=\"13b82ee\" data-element_type=\"widget\" data-e-type=\"widget\" data-widget_type=\"text-editor.default\">\n\t\t\t\t<div class=\"elementor-widget-container\">\n\t\t\t\t\t\t\t\t\t<p>Le concert s&#039;est ouvert sur les douze mouvements du Gloria d&#039;Antonio Vivaldi. Le public a \u00e9galement eu l&#039;occasion d&#039;entendre, entre autres &quot;Pri\u00e8re \u00e0 la M\u00e8re de Dieu&quot; avec la musique du P. Jan \u017bukowski, \u00e9crit sur les paroles de Juliusz S\u0142owacki et inclus dans le r\u00e9pertoire de &quot;Mazowsze&quot; pendant la pand\u00e9mie &quot;Agnus Dei&quot; de Georges. Il y avait aussi le son du Laudate Dominum de Charles Gounod, jamais jou\u00e9 par Mazowsze, qui a eu sa premi\u00e8re \u00e0 Liche\u0144. Le concert \u00e9tait anim\u00e9 par le maestro Jacek Boniecki, qui a rappel\u00e9 les visites pr\u00e9c\u00e9dentes de Mazowsze \u00e0 Liche\u0144. En 1999, sur les marches de la basilique encore en construction, l&#039;ensemble salue le pape Jean-Paul II par son chant lors du 7e p\u00e8lerinage du Saint-P\u00e8re en Pologne. Il y a deux ans, l&#039;ensemble a c\u00e9l\u00e9br\u00e9 le 70e anniversaire de sa pr\u00e9sence au Sanctuaire avec les P\u00e8res mariaux \u00e0 Liche\u0144. \u00ab Chacun de ces s\u00e9jours ici, tant artistiques que de pri\u00e8re, a suscit\u00e9 la r\u00e9flexion et v\u00e9cu des moments privil\u00e9gi\u00e9s. Aujourd&#039;hui, nous voulons penser \u00e0 l&#039;avenir, dans le contexte des \u00e9v\u00e9nements qui ont touch\u00e9 le monde entier et qui, peut-\u00eatre, \u00e0 Dieu ne plaise, ont entra\u00een\u00e9 un changement dans chaque espace. Aujourd&#039;hui, Mazovie veut chanter la joie et demander \u00e0 Dieu que ce malheur qui a touch\u00e9 le monde passe.&quot; - a d\u00e9clar\u00e9 le chef d&#039;orchestre du groupe, Maestro Jacek Boniecki. Le ch\u0153ur a \u00e9t\u00e9 pr\u00e9par\u00e9 pour le concert par Miros\u0142aw Ziomek.<\/p>\t\t\t\t\t\t\t\t<\/div>\n\t\t\t\t<\/div>\n\t\t\t\t\t<\/div>\n\t\t<\/div>\n\t\t\t\t<div class=\"elementor-column elementor-col-50 elementor-inner-column elementor-element elementor-element-7cc33a0\" data-id=\"7cc33a0\" data-element_type=\"column\" data-e-type=\"column\">\n\t\t\t<div class=\"elementor-widget-wrap elementor-element-populated\">\n\t\t\t\t\t\t<div class=\"elementor-element elementor-element-1b68278 elementor-widget elementor-widget-image\" data-id=\"1b68278\" data-element_type=\"widget\" data-e-type=\"widget\" data-widget_type=\"image.default\">\n\t\t\t\t<div class=\"elementor-widget-container\">\n\t\t\t\t\t\t\t\t\t\t\t\t<figure class=\"wp-caption\">\n\t\t\t\t\t\t\t\t\t\t<img decoding=\"async\" width=\"683\" height=\"1024\" src=\"https:\/\/www.lichen.pl\/wp-content\/uploads\/2021\/05\/MAzowsze-2-683x1024.jpg\" class=\"attachment-large size-large wp-image-10576\" alt=\"\" srcset=\"https:\/\/www.lichen.pl\/wp-content\/uploads\/2021\/05\/MAzowsze-2-683x1024.jpg 683w, https:\/\/www.lichen.pl\/wp-content\/uploads\/2021\/05\/MAzowsze-2-800x1199.jpg 800w, https:\/\/www.lichen.pl\/wp-content\/uploads\/2021\/05\/MAzowsze-2-200x300.jpg 200w, https:\/\/www.lichen.pl\/wp-content\/uploads\/2021\/05\/MAzowsze-2-768x1152.jpg 768w, https:\/\/www.lichen.pl\/wp-content\/uploads\/2021\/05\/MAzowsze-2-1024x1536.jpg 1024w, https:\/\/www.lichen.pl\/wp-content\/uploads\/2021\/05\/MAzowsze-2.jpg 854w\" sizes=\"(max-width: 683px) 100vw, 683px\" \/>\t\t\t\t\t\t\t\t\t\t\t<figcaption class=\"widget-image-caption wp-caption-text\">Ch\u0153ur et Orchestre de l&#039;Ensemble National de Chants et Danses &quot;Mazowsze&quot;, basilique, 30 mai 2021<\/figcaption>\n\t\t\t\t\t\t\t\t\t\t<\/figure>\n\t\t\t\t\t\t\t\t\t<\/div>\n\t\t\t\t<\/div>\n\t\t\t\t\t<\/div>\n\t\t<\/div>\n\t\t\t\t\t<\/div>\n\t\t<\/section>\n\t\t\t\t<div class=\"elementor-element elementor-element-179c504 elementor-widget elementor-widget-spacer\" data-id=\"179c504\" data-element_type=\"widget\" data-e-type=\"widget\" data-widget_type=\"spacer.default\">\n\t\t\t\t<div class=\"elementor-widget-container\">\n\t\t\t\t\t\t\t<div class=\"elementor-spacer\">\n\t\t\t<div class=\"elementor-spacer-inner\"><\/div>\n\t\t<\/div>\n\t\t\t\t\t\t<\/div>\n\t\t\t\t<\/div>\n\t\t\t\t<div class=\"elementor-element elementor-element-786ef79 elementor-widget elementor-widget-gallery\" data-id=\"786ef79\" data-element_type=\"widget\" data-e-type=\"widget\" data-settings=\"{&quot;lazyload&quot;:&quot;yes&quot;,&quot;gallery_layout&quot;:&quot;grid&quot;,&quot;columns&quot;:4,&quot;columns_tablet&quot;:2,&quot;columns_mobile&quot;:1,&quot;gap&quot;:{&quot;unit&quot;:&quot;px&quot;,&quot;size&quot;:10,&quot;sizes&quot;:[]},&quot;gap_tablet&quot;:{&quot;unit&quot;:&quot;px&quot;,&quot;size&quot;:10,&quot;sizes&quot;:[]},&quot;gap_mobile&quot;:{&quot;unit&quot;:&quot;px&quot;,&quot;size&quot;:10,&quot;sizes&quot;:[]},&quot;link_to&quot;:&quot;file&quot;,&quot;aspect_ratio&quot;:&quot;3:2&quot;,&quot;overlay_background&quot;:&quot;yes&quot;,&quot;content_hover_animation&quot;:&quot;fade-in&quot;}\" data-widget_type=\"gallery.default\">\n\t\t\t\t<div class=\"elementor-widget-container\">\n\t\t\t\t\t\t\t<div class=\"elementor-gallery__container\">\n\t\t\t\t\t\t\t<a class=\"e-gallery-item elementor-gallery-item elementor-animated-content\" href=\"https:\/\/www.lichen.pl\/wp-content\/uploads\/2021\/05\/LICHEN-PERLY-FB-EVENT.png\" data-elementor-open-lightbox=\"yes\" data-elementor-lightbox-slideshow=\"786ef79\" data-elementor-lightbox-title=\"LICHE\u0143-PER\u0141Y-FB-EVENT\" data-e-action-hash=\"#elementor-action%3Aaction%3Dlightbox%26settings%3DeyJpZCI6OTc0OCwidXJsIjoiaHR0cHM6XC9cL3d3dy5saWNoZW4ucGxcL3dwLWNvbnRlbnRcL3VwbG9hZHNcLzIwMjFcLzA1XC9MSUNIRU4tUEVSTFktRkItRVZFTlQucG5nIiwic2xpZGVzaG93IjoiNzg2ZWY3OSJ9\">\n\t\t\t\t\t<div class=\"e-gallery-image elementor-gallery-item__image\" data-thumbnail=\"https:\/\/www.lichen.pl\/wp-content\/uploads\/2021\/05\/LICHEN-PERLY-FB-EVENT-300x157.png\" data-width=\"300\" data-height=\"157\" aria-label=\"\" role=\"img\" ><\/div>\n\t\t\t\t\t\t\t\t\t\t\t<div class=\"elementor-gallery-item__overlay\"><\/div>\n\t\t\t\t\t\t\t\t\t\t\t\t\t\t<\/a>\n\t\t\t\t\t\t\t<a class=\"e-gallery-item elementor-gallery-item elementor-animated-content\" href=\"https:\/\/www.lichen.pl\/wp-content\/uploads\/2021\/05\/Mazowsze.jpg\" data-elementor-open-lightbox=\"yes\" data-elementor-lightbox-slideshow=\"786ef79\" data-elementor-lightbox-title=\"Mazowsze\" data-e-action-hash=\"#elementor-action%3Aaction%3Dlightbox%26settings%3DeyJpZCI6MTA2MDEsInVybCI6Imh0dHBzOlwvXC93d3cubGljaGVuLnBsXC93cC1jb250ZW50XC91cGxvYWRzXC8yMDIxXC8wNVwvTWF6b3dzemUuanBnIiwic2xpZGVzaG93IjoiNzg2ZWY3OSJ9\">\n\t\t\t\t\t<div class=\"e-gallery-image elementor-gallery-item__image\" data-thumbnail=\"https:\/\/www.lichen.pl\/wp-content\/uploads\/2021\/05\/Mazowsze-300x200.jpg\" data-width=\"300\" data-height=\"200\" aria-label=\"\" role=\"img\" ><\/div>\n\t\t\t\t\t\t\t\t\t\t\t<div class=\"elementor-gallery-item__overlay\"><\/div>\n\t\t\t\t\t\t\t\t\t\t\t\t\t\t<\/a>\n\t\t\t\t\t\t\t<a class=\"e-gallery-item elementor-gallery-item elementor-animated-content\" href=\"https:\/\/www.lichen.pl\/wp-content\/uploads\/2021\/05\/MAzowsze-2.jpg\" data-elementor-open-lightbox=\"yes\" data-elementor-lightbox-slideshow=\"786ef79\" data-elementor-lightbox-title=\"MAzowsze, bazylika 3. maja 2021\" data-e-action-hash=\"#elementor-action%3Aaction%3Dlightbox%26settings%3DeyJpZCI6MTA1NzYsInVybCI6Imh0dHBzOlwvXC93d3cubGljaGVuLnBsXC93cC1jb250ZW50XC91cGxvYWRzXC8yMDIxXC8wNVwvTUF6b3dzemUtMi5qcGciLCJzbGlkZXNob3ciOiI3ODZlZjc5In0%3D\">\n\t\t\t\t\t<div class=\"e-gallery-image elementor-gallery-item__image\" data-thumbnail=\"https:\/\/www.lichen.pl\/wp-content\/uploads\/2021\/05\/MAzowsze-2-200x300.jpg\" data-width=\"200\" data-height=\"300\" aria-label=\"\" role=\"img\" ><\/div>\n\t\t\t\t\t\t\t\t\t\t\t<div class=\"elementor-gallery-item__overlay\"><\/div>\n\t\t\t\t\t\t\t\t\t\t\t\t\t\t<\/a>\n\t\t\t\t\t\t\t<a class=\"e-gallery-item elementor-gallery-item elementor-animated-content\" href=\"https:\/\/www.lichen.pl\/wp-content\/uploads\/2021\/05\/MAzowsze-3.jpg\" data-elementor-open-lightbox=\"yes\" data-elementor-lightbox-slideshow=\"786ef79\" data-elementor-lightbox-title=\"MAzowsze 3\" data-e-action-hash=\"#elementor-action%3Aaction%3Dlightbox%26settings%3DeyJpZCI6MTA1ODYsInVybCI6Imh0dHBzOlwvXC93d3cubGljaGVuLnBsXC93cC1jb250ZW50XC91cGxvYWRzXC8yMDIxXC8wNVwvTUF6b3dzemUtMy5qcGciLCJzbGlkZXNob3ciOiI3ODZlZjc5In0%3D\">\n\t\t\t\t\t<div class=\"e-gallery-image elementor-gallery-item__image\" data-thumbnail=\"https:\/\/www.lichen.pl\/wp-content\/uploads\/2021\/05\/MAzowsze-3-200x300.jpg\" data-width=\"200\" data-height=\"300\" aria-label=\"\" role=\"img\" ><\/div>\n\t\t\t\t\t\t\t\t\t\t\t<div class=\"elementor-gallery-item__overlay\"><\/div>\n\t\t\t\t\t\t\t\t\t\t\t\t\t\t<\/a>\n\t\t\t\t\t\t\t<a class=\"e-gallery-item elementor-gallery-item elementor-animated-content\" href=\"https:\/\/www.lichen.pl\/wp-content\/uploads\/2021\/05\/MAzowsze-4.jpg\" data-elementor-open-lightbox=\"yes\" data-elementor-lightbox-slideshow=\"786ef79\" data-elementor-lightbox-title=\"MAzowsze 4\" data-e-action-hash=\"#elementor-action%3Aaction%3Dlightbox%26settings%3DeyJpZCI6MTA1OTEsInVybCI6Imh0dHBzOlwvXC93d3cubGljaGVuLnBsXC93cC1jb250ZW50XC91cGxvYWRzXC8yMDIxXC8wNVwvTUF6b3dzemUtNC5qcGciLCJzbGlkZXNob3ciOiI3ODZlZjc5In0%3D\">\n\t\t\t\t\t<div class=\"e-gallery-image elementor-gallery-item__image\" data-thumbnail=\"https:\/\/www.lichen.pl\/wp-content\/uploads\/2021\/05\/MAzowsze-4-300x200.jpg\" data-width=\"300\" data-height=\"200\" aria-label=\"\" role=\"img\" ><\/div>\n\t\t\t\t\t\t\t\t\t\t\t<div class=\"elementor-gallery-item__overlay\"><\/div>\n\t\t\t\t\t\t\t\t\t\t\t\t\t\t<\/a>\n\t\t\t\t\t\t\t<a class=\"e-gallery-item elementor-gallery-item elementor-animated-content\" href=\"https:\/\/www.lichen.pl\/wp-content\/uploads\/2021\/05\/MAzowsze-5.jpg\" data-elementor-open-lightbox=\"yes\" data-elementor-lightbox-slideshow=\"786ef79\" data-elementor-lightbox-title=\"MAzowsze 5\" data-e-action-hash=\"#elementor-action%3Aaction%3Dlightbox%26settings%3DeyJpZCI6MTA1OTYsInVybCI6Imh0dHBzOlwvXC93d3cubGljaGVuLnBsXC93cC1jb250ZW50XC91cGxvYWRzXC8yMDIxXC8wNVwvTUF6b3dzemUtNS5qcGciLCJzbGlkZXNob3ciOiI3ODZlZjc5In0%3D\">\n\t\t\t\t\t<div class=\"e-gallery-image elementor-gallery-item__image\" data-thumbnail=\"https:\/\/www.lichen.pl\/wp-content\/uploads\/2021\/05\/MAzowsze-5-200x300.jpg\" data-width=\"200\" data-height=\"300\" aria-label=\"\" role=\"img\" ><\/div>\n\t\t\t\t\t\t\t\t\t\t\t<div class=\"elementor-gallery-item__overlay\"><\/div>\n\t\t\t\t\t\t\t\t\t\t\t\t\t\t<\/a>\n\t\t\t\t\t\t\t<a class=\"e-gallery-item elementor-gallery-item elementor-animated-content\" href=\"https:\/\/www.lichen.pl\/wp-content\/uploads\/2021\/05\/MAzowsze-1.jpg\" data-elementor-open-lightbox=\"yes\" data-elementor-lightbox-slideshow=\"786ef79\" data-elementor-lightbox-title=\"MAzowsze 1\" data-e-action-hash=\"#elementor-action%3Aaction%3Dlightbox%26settings%3DeyJpZCI6MTA1ODEsInVybCI6Imh0dHBzOlwvXC93d3cubGljaGVuLnBsXC93cC1jb250ZW50XC91cGxvYWRzXC8yMDIxXC8wNVwvTUF6b3dzemUtMS5qcGciLCJzbGlkZXNob3ciOiI3ODZlZjc5In0%3D\">\n\t\t\t\t\t<div class=\"e-gallery-image elementor-gallery-item__image\" data-thumbnail=\"https:\/\/www.lichen.pl\/wp-content\/uploads\/2021\/05\/MAzowsze-1-300x200.jpg\" data-width=\"300\" data-height=\"200\" aria-label=\"\" role=\"img\" ><\/div>\n\t\t\t\t\t\t\t\t\t\t\t<div class=\"elementor-gallery-item__overlay\"><\/div>\n\t\t\t\t\t\t\t\t\t\t\t\t\t\t<\/a>\n\t\t\t\t\t<\/div>\n\t\t\t\t\t<\/div>\n\t\t\t\t<\/div>\n\t\t\t\t<div class=\"elementor-element elementor-element-28a6703 elementor-widget-divider--view-line elementor-widget elementor-widget-divider\" data-id=\"28a6703\" data-element_type=\"widget\" data-e-type=\"widget\" data-widget_type=\"divider.default\">\n\t\t\t\t<div class=\"elementor-widget-container\">\n\t\t\t\t\t\t\t<div class=\"elementor-divider\">\n\t\t\t<span class=\"elementor-divider-separator\">\n\t\t\t\t\t\t<\/span>\n\t\t<\/div>\n\t\t\t\t\t\t<\/div>\n\t\t\t\t<\/div>\n\t\t\t\t\t<\/div>\n\t\t<\/div>\n\t\t\t\t\t<\/div>\n\t\t<\/section>\n\t\t\t\t<\/div>","protected":false},"excerpt":{"rendered":"<p>W uroczysto\u015b\u0107 Naj\u015bwi\u0119tszej Tr\u00f3jcy, 30 maja liche\u0144ska bazylika go\u015bci\u0142a Ch\u00f3r i Orkiestr\u0119 Pa\u0144stwowego Zespo\u0142u Pie\u015bni i Ta\u0144ca \u201eMazowsze\u201d im. Tadeusza Sygiety\u0144skiego. Pod batut\u0105 Maestro Jacka Bonieckiego arty\u015bci towarzyszyli swoj\u0105 muzyk\u0105 po\u0142udniowej Mszy \u015awi\u0119tej, a po liturgii uraczyli zebranych niezwyk\u0142ym koncertem. G\u0142\u00f3wna Msza \u015awi\u0119ta w bazylice zosta\u0142a odprawiona o godzinie 12.00 pod przewodnictwem ks. Bogus\u0142awa Bindy [&hellip;]<\/p>\n","protected":false},"author":4,"featured_media":10581,"comment_status":"open","ping_status":"open","sticky":false,"template":"","format":"standard","meta":{"footnotes":""},"categories":[1],"tags":[],"class_list":["post-9746","post","type-post","status-publish","format-standard","has-post-thumbnail","hentry","category-aktualnosci","wpbf-post"],"yoast_head":"<!-- This site is optimized with the Yoast SEO plugin v27.4 - https:\/\/yoast.com\/product\/yoast-seo-wordpress\/ -->\n<title>&quot;Per\u0142y muzyki sakralnej&quot; - koncert w liche\u0144skiej bazylice - SANKTUARIUM W LICHENIU<\/title>\n<meta name=\"robots\" content=\"index, follow, max-snippet:-1, max-image-preview:large, max-video-preview:-1\" \/>\n<link rel=\"canonical\" href=\"http:\/\/www.lichen.pl\/fr\/mazowsze-i-perly-muzyki-sakralnej-w-licheniu\/\" \/>\n<meta property=\"og:locale\" content=\"fr_FR\" \/>\n<meta property=\"og:type\" content=\"article\" \/>\n<meta property=\"og:title\" content=\"&quot;Per\u0142y muzyki sakralnej&quot; - koncert w liche\u0144skiej bazylice - SANKTUARIUM W LICHENIU\" \/>\n<meta property=\"og:description\" content=\"W uroczysto\u015b\u0107 Naj\u015bwi\u0119tszej Tr\u00f3jcy, 30 maja liche\u0144ska bazylika go\u015bci\u0142a Ch\u00f3r i Orkiestr\u0119 Pa\u0144stwowego Zespo\u0142u Pie\u015bni i Ta\u0144ca \u201eMazowsze\u201d im. Tadeusza Sygiety\u0144skiego. Pod batut\u0105 Maestro Jacka Bonieckiego arty\u015bci towarzyszyli swoj\u0105 muzyk\u0105 po\u0142udniowej Mszy \u015awi\u0119tej, a po liturgii uraczyli zebranych niezwyk\u0142ym koncertem. G\u0142\u00f3wna Msza \u015awi\u0119ta w bazylice zosta\u0142a odprawiona o godzinie 12.00 pod przewodnictwem ks. Bogus\u0142awa Bindy [&hellip;]\" \/>\n<meta property=\"og:url\" content=\"http:\/\/www.lichen.pl\/fr\/mazowsze-i-perly-muzyki-sakralnej-w-licheniu\/\" \/>\n<meta property=\"og:site_name\" content=\"SANKTUARIUM W LICHENIU\" \/>\n<meta property=\"article:published_time\" content=\"2021-05-31T14:00:12+00:00\" \/>\n<meta property=\"article:modified_time\" content=\"2021-06-07T08:09:36+00:00\" \/>\n<meta property=\"og:image\" content=\"http:\/\/www.lichen.pl\/wp-content\/uploads\/2021\/05\/MAzowsze-1.jpg\" \/>\n\t<meta property=\"og:image:width\" content=\"1333\" \/>\n\t<meta property=\"og:image:height\" content=\"889\" \/>\n\t<meta property=\"og:image:type\" content=\"image\/jpeg\" \/>\n<meta name=\"author\" content=\"ROBERT ADAMCZYK\" \/>\n<meta name=\"twitter:card\" content=\"summary_large_image\" \/>\n<meta name=\"twitter:label1\" content=\"\u00c9crit par\" \/>\n\t<meta name=\"twitter:data1\" content=\"ROBERT ADAMCZYK\" \/>\n\t<meta name=\"twitter:label2\" content=\"Dur\u00e9e de lecture estim\u00e9e\" \/>\n\t<meta name=\"twitter:data2\" content=\"4 minutes\" \/>\n<script type=\"application\/ld+json\" class=\"yoast-schema-graph\">{\"@context\":\"https:\\\/\\\/schema.org\",\"@graph\":[{\"@type\":\"Article\",\"@id\":\"http:\\\/\\\/www.lichen.pl\\\/de\\\/mazowsze-i-perly-muzyki-sakralnej-w-licheniu\\\/#article\",\"isPartOf\":{\"@id\":\"http:\\\/\\\/www.lichen.pl\\\/de\\\/mazowsze-i-perly-muzyki-sakralnej-w-licheniu\\\/\"},\"author\":{\"name\":\"ROBERT ADAMCZYK\",\"@id\":\"https:\\\/\\\/www.lichen.pl\\\/fr\\\/#\\\/schema\\\/person\\\/c06cd926b95870cc59f18d6ee6e33da5\"},\"headline\":\"&#8220;Per\u0142y muzyki sakralnej&#8221; &#8211; koncert w liche\u0144skiej bazylice\",\"datePublished\":\"2021-05-31T14:00:12+00:00\",\"dateModified\":\"2021-06-07T08:09:36+00:00\",\"mainEntityOfPage\":{\"@id\":\"http:\\\/\\\/www.lichen.pl\\\/de\\\/mazowsze-i-perly-muzyki-sakralnej-w-licheniu\\\/\"},\"wordCount\":729,\"commentCount\":0,\"image\":{\"@id\":\"http:\\\/\\\/www.lichen.pl\\\/de\\\/mazowsze-i-perly-muzyki-sakralnej-w-licheniu\\\/#primaryimage\"},\"thumbnailUrl\":\"https:\\\/\\\/www.lichen.pl\\\/wp-content\\\/uploads\\\/2021\\\/05\\\/MAzowsze-1.jpg\",\"articleSection\":[\"Aktualno\u015bci\"],\"inLanguage\":\"fr-FR\",\"potentialAction\":[{\"@type\":\"CommentAction\",\"name\":\"Comment\",\"target\":[\"http:\\\/\\\/www.lichen.pl\\\/de\\\/mazowsze-i-perly-muzyki-sakralnej-w-licheniu\\\/#respond\"]}]},{\"@type\":\"WebPage\",\"@id\":\"http:\\\/\\\/www.lichen.pl\\\/de\\\/mazowsze-i-perly-muzyki-sakralnej-w-licheniu\\\/\",\"url\":\"http:\\\/\\\/www.lichen.pl\\\/de\\\/mazowsze-i-perly-muzyki-sakralnej-w-licheniu\\\/\",\"name\":\"\\\"Per\u0142y muzyki sakralnej\\\" - koncert w liche\u0144skiej bazylice - SANKTUARIUM W LICHENIU\",\"isPartOf\":{\"@id\":\"https:\\\/\\\/www.lichen.pl\\\/fr\\\/#website\"},\"primaryImageOfPage\":{\"@id\":\"http:\\\/\\\/www.lichen.pl\\\/de\\\/mazowsze-i-perly-muzyki-sakralnej-w-licheniu\\\/#primaryimage\"},\"image\":{\"@id\":\"http:\\\/\\\/www.lichen.pl\\\/de\\\/mazowsze-i-perly-muzyki-sakralnej-w-licheniu\\\/#primaryimage\"},\"thumbnailUrl\":\"https:\\\/\\\/www.lichen.pl\\\/wp-content\\\/uploads\\\/2021\\\/05\\\/MAzowsze-1.jpg\",\"datePublished\":\"2021-05-31T14:00:12+00:00\",\"dateModified\":\"2021-06-07T08:09:36+00:00\",\"author\":{\"@id\":\"https:\\\/\\\/www.lichen.pl\\\/fr\\\/#\\\/schema\\\/person\\\/c06cd926b95870cc59f18d6ee6e33da5\"},\"breadcrumb\":{\"@id\":\"http:\\\/\\\/www.lichen.pl\\\/de\\\/mazowsze-i-perly-muzyki-sakralnej-w-licheniu\\\/#breadcrumb\"},\"inLanguage\":\"fr-FR\",\"potentialAction\":[{\"@type\":\"ReadAction\",\"target\":[\"http:\\\/\\\/www.lichen.pl\\\/de\\\/mazowsze-i-perly-muzyki-sakralnej-w-licheniu\\\/\"]}]},{\"@type\":\"ImageObject\",\"inLanguage\":\"fr-FR\",\"@id\":\"http:\\\/\\\/www.lichen.pl\\\/de\\\/mazowsze-i-perly-muzyki-sakralnej-w-licheniu\\\/#primaryimage\",\"url\":\"https:\\\/\\\/www.lichen.pl\\\/wp-content\\\/uploads\\\/2021\\\/05\\\/MAzowsze-1.jpg\",\"contentUrl\":\"https:\\\/\\\/www.lichen.pl\\\/wp-content\\\/uploads\\\/2021\\\/05\\\/MAzowsze-1.jpg\",\"width\":1333,\"height\":889,\"caption\":\"Mazowsze, bazylika 30 maja 2021\"},{\"@type\":\"BreadcrumbList\",\"@id\":\"http:\\\/\\\/www.lichen.pl\\\/de\\\/mazowsze-i-perly-muzyki-sakralnej-w-licheniu\\\/#breadcrumb\",\"itemListElement\":[{\"@type\":\"ListItem\",\"position\":1,\"name\":\"Strona g\u0142\u00f3wna\",\"item\":\"https:\\\/\\\/www.lichen.pl\\\/\"},{\"@type\":\"ListItem\",\"position\":2,\"name\":\"&#8220;Per\u0142y muzyki sakralnej&#8221; &#8211; koncert w liche\u0144skiej bazylice\"}]},{\"@type\":\"WebSite\",\"@id\":\"https:\\\/\\\/www.lichen.pl\\\/fr\\\/#website\",\"url\":\"https:\\\/\\\/www.lichen.pl\\\/fr\\\/\",\"name\":\"SANKTUARIUM W LICHENIU\",\"description\":\"MATKI BO\u017bEJ LICHE\u0143SKIEJ BOLESNEJ KR\u00d3LOWEJ POLSKI\",\"potentialAction\":[{\"@type\":\"SearchAction\",\"target\":{\"@type\":\"EntryPoint\",\"urlTemplate\":\"https:\\\/\\\/www.lichen.pl\\\/fr\\\/?s={search_term_string}\"},\"query-input\":{\"@type\":\"PropertyValueSpecification\",\"valueRequired\":true,\"valueName\":\"search_term_string\"}}],\"inLanguage\":\"fr-FR\"},{\"@type\":\"Person\",\"@id\":\"https:\\\/\\\/www.lichen.pl\\\/fr\\\/#\\\/schema\\\/person\\\/c06cd926b95870cc59f18d6ee6e33da5\",\"name\":\"ROBERT ADAMCZYK\",\"image\":{\"@type\":\"ImageObject\",\"inLanguage\":\"fr-FR\",\"@id\":\"https:\\\/\\\/secure.gravatar.com\\\/avatar\\\/53c330430596e73552f4c356c2e47c209ff8f6352a5106011c9b6abcce5e00df?s=96&d=retro&r=g\",\"url\":\"https:\\\/\\\/secure.gravatar.com\\\/avatar\\\/53c330430596e73552f4c356c2e47c209ff8f6352a5106011c9b6abcce5e00df?s=96&d=retro&r=g\",\"contentUrl\":\"https:\\\/\\\/secure.gravatar.com\\\/avatar\\\/53c330430596e73552f4c356c2e47c209ff8f6352a5106011c9b6abcce5e00df?s=96&d=retro&r=g\",\"caption\":\"ROBERT ADAMCZYK\"},\"url\":\"https:\\\/\\\/www.lichen.pl\\\/fr\\\/author\\\/press\\\/\"}]}<\/script>\n<!-- \/ Yoast SEO plugin. -->","yoast_head_json":{"title":"\"Per\u0142y muzyki sakralnej\" - koncert w liche\u0144skiej bazylice - SANKTUARIUM W LICHENIU","robots":{"index":"index","follow":"follow","max-snippet":"max-snippet:-1","max-image-preview":"max-image-preview:large","max-video-preview":"max-video-preview:-1"},"canonical":"http:\/\/www.lichen.pl\/fr\/mazowsze-i-perly-muzyki-sakralnej-w-licheniu\/","og_locale":"fr_FR","og_type":"article","og_title":"\"Per\u0142y muzyki sakralnej\" - koncert w liche\u0144skiej bazylice - SANKTUARIUM W LICHENIU","og_description":"W uroczysto\u015b\u0107 Naj\u015bwi\u0119tszej Tr\u00f3jcy, 30 maja liche\u0144ska bazylika go\u015bci\u0142a Ch\u00f3r i Orkiestr\u0119 Pa\u0144stwowego Zespo\u0142u Pie\u015bni i Ta\u0144ca \u201eMazowsze\u201d im. Tadeusza Sygiety\u0144skiego. Pod batut\u0105 Maestro Jacka Bonieckiego arty\u015bci towarzyszyli swoj\u0105 muzyk\u0105 po\u0142udniowej Mszy \u015awi\u0119tej, a po liturgii uraczyli zebranych niezwyk\u0142ym koncertem. G\u0142\u00f3wna Msza \u015awi\u0119ta w bazylice zosta\u0142a odprawiona o godzinie 12.00 pod przewodnictwem ks. Bogus\u0142awa Bindy [&hellip;]","og_url":"http:\/\/www.lichen.pl\/fr\/mazowsze-i-perly-muzyki-sakralnej-w-licheniu\/","og_site_name":"SANKTUARIUM W LICHENIU","article_published_time":"2021-05-31T14:00:12+00:00","article_modified_time":"2021-06-07T08:09:36+00:00","og_image":[{"width":1333,"height":889,"url":"http:\/\/www.lichen.pl\/wp-content\/uploads\/2021\/05\/MAzowsze-1.jpg","type":"image\/jpeg"}],"author":"ROBERT ADAMCZYK","twitter_card":"summary_large_image","twitter_misc":{"\u00c9crit par":"ROBERT ADAMCZYK","Dur\u00e9e de lecture estim\u00e9e":"4 minutes"},"schema":{"@context":"https:\/\/schema.org","@graph":[{"@type":"Article","@id":"http:\/\/www.lichen.pl\/de\/mazowsze-i-perly-muzyki-sakralnej-w-licheniu\/#article","isPartOf":{"@id":"http:\/\/www.lichen.pl\/de\/mazowsze-i-perly-muzyki-sakralnej-w-licheniu\/"},"author":{"name":"ROBERT ADAMCZYK","@id":"https:\/\/www.lichen.pl\/fr\/#\/schema\/person\/c06cd926b95870cc59f18d6ee6e33da5"},"headline":"&#8220;Per\u0142y muzyki sakralnej&#8221; &#8211; koncert w liche\u0144skiej bazylice","datePublished":"2021-05-31T14:00:12+00:00","dateModified":"2021-06-07T08:09:36+00:00","mainEntityOfPage":{"@id":"http:\/\/www.lichen.pl\/de\/mazowsze-i-perly-muzyki-sakralnej-w-licheniu\/"},"wordCount":729,"commentCount":0,"image":{"@id":"http:\/\/www.lichen.pl\/de\/mazowsze-i-perly-muzyki-sakralnej-w-licheniu\/#primaryimage"},"thumbnailUrl":"https:\/\/www.lichen.pl\/wp-content\/uploads\/2021\/05\/MAzowsze-1.jpg","articleSection":["Aktualno\u015bci"],"inLanguage":"fr-FR","potentialAction":[{"@type":"CommentAction","name":"Comment","target":["http:\/\/www.lichen.pl\/de\/mazowsze-i-perly-muzyki-sakralnej-w-licheniu\/#respond"]}]},{"@type":"WebPage","@id":"http:\/\/www.lichen.pl\/de\/mazowsze-i-perly-muzyki-sakralnej-w-licheniu\/","url":"http:\/\/www.lichen.pl\/de\/mazowsze-i-perly-muzyki-sakralnej-w-licheniu\/","name":"\"Per\u0142y muzyki sakralnej\" - koncert w liche\u0144skiej bazylice - SANKTUARIUM W LICHENIU","isPartOf":{"@id":"https:\/\/www.lichen.pl\/fr\/#website"},"primaryImageOfPage":{"@id":"http:\/\/www.lichen.pl\/de\/mazowsze-i-perly-muzyki-sakralnej-w-licheniu\/#primaryimage"},"image":{"@id":"http:\/\/www.lichen.pl\/de\/mazowsze-i-perly-muzyki-sakralnej-w-licheniu\/#primaryimage"},"thumbnailUrl":"https:\/\/www.lichen.pl\/wp-content\/uploads\/2021\/05\/MAzowsze-1.jpg","datePublished":"2021-05-31T14:00:12+00:00","dateModified":"2021-06-07T08:09:36+00:00","author":{"@id":"https:\/\/www.lichen.pl\/fr\/#\/schema\/person\/c06cd926b95870cc59f18d6ee6e33da5"},"breadcrumb":{"@id":"http:\/\/www.lichen.pl\/de\/mazowsze-i-perly-muzyki-sakralnej-w-licheniu\/#breadcrumb"},"inLanguage":"fr-FR","potentialAction":[{"@type":"ReadAction","target":["http:\/\/www.lichen.pl\/de\/mazowsze-i-perly-muzyki-sakralnej-w-licheniu\/"]}]},{"@type":"ImageObject","inLanguage":"fr-FR","@id":"http:\/\/www.lichen.pl\/de\/mazowsze-i-perly-muzyki-sakralnej-w-licheniu\/#primaryimage","url":"https:\/\/www.lichen.pl\/wp-content\/uploads\/2021\/05\/MAzowsze-1.jpg","contentUrl":"https:\/\/www.lichen.pl\/wp-content\/uploads\/2021\/05\/MAzowsze-1.jpg","width":1333,"height":889,"caption":"Mazowsze, bazylika 30 maja 2021"},{"@type":"BreadcrumbList","@id":"http:\/\/www.lichen.pl\/de\/mazowsze-i-perly-muzyki-sakralnej-w-licheniu\/#breadcrumb","itemListElement":[{"@type":"ListItem","position":1,"name":"Strona g\u0142\u00f3wna","item":"https:\/\/www.lichen.pl\/"},{"@type":"ListItem","position":2,"name":"&#8220;Per\u0142y muzyki sakralnej&#8221; &#8211; koncert w liche\u0144skiej bazylice"}]},{"@type":"WebSite","@id":"https:\/\/www.lichen.pl\/fr\/#website","url":"https:\/\/www.lichen.pl\/fr\/","name":"SANCTUAIRE EN LICHENIE","description":"LA MAUVAISE REINE DE POLOGNE DE NOTRE LICHEN","potentialAction":[{"@type":"SearchAction","target":{"@type":"EntryPoint","urlTemplate":"https:\/\/www.lichen.pl\/fr\/?s={search_term_string}"},"query-input":{"@type":"PropertyValueSpecification","valueRequired":true,"valueName":"search_term_string"}}],"inLanguage":"fr-FR"},{"@type":"Person","@id":"https:\/\/www.lichen.pl\/fr\/#\/schema\/person\/c06cd926b95870cc59f18d6ee6e33da5","name":"ROBERT ADAMCZYK","image":{"@type":"ImageObject","inLanguage":"fr-FR","@id":"https:\/\/secure.gravatar.com\/avatar\/53c330430596e73552f4c356c2e47c209ff8f6352a5106011c9b6abcce5e00df?s=96&d=retro&r=g","url":"https:\/\/secure.gravatar.com\/avatar\/53c330430596e73552f4c356c2e47c209ff8f6352a5106011c9b6abcce5e00df?s=96&d=retro&r=g","contentUrl":"https:\/\/secure.gravatar.com\/avatar\/53c330430596e73552f4c356c2e47c209ff8f6352a5106011c9b6abcce5e00df?s=96&d=retro&r=g","caption":"ROBERT ADAMCZYK"},"url":"https:\/\/www.lichen.pl\/fr\/author\/press\/"}]}},"_links":{"self":[{"href":"https:\/\/www.lichen.pl\/fr\/wp-json\/wp\/v2\/posts\/9746","targetHints":{"allow":["GET"]}}],"collection":[{"href":"https:\/\/www.lichen.pl\/fr\/wp-json\/wp\/v2\/posts"}],"about":[{"href":"https:\/\/www.lichen.pl\/fr\/wp-json\/wp\/v2\/types\/post"}],"author":[{"embeddable":true,"href":"https:\/\/www.lichen.pl\/fr\/wp-json\/wp\/v2\/users\/4"}],"replies":[{"embeddable":true,"href":"https:\/\/www.lichen.pl\/fr\/wp-json\/wp\/v2\/comments?post=9746"}],"version-history":[{"count":31,"href":"https:\/\/www.lichen.pl\/fr\/wp-json\/wp\/v2\/posts\/9746\/revisions"}],"predecessor-version":[{"id":10808,"href":"https:\/\/www.lichen.pl\/fr\/wp-json\/wp\/v2\/posts\/9746\/revisions\/10808"}],"wp:featuredmedia":[{"embeddable":true,"href":"https:\/\/www.lichen.pl\/fr\/wp-json\/wp\/v2\/media\/10581"}],"wp:attachment":[{"href":"https:\/\/www.lichen.pl\/fr\/wp-json\/wp\/v2\/media?parent=9746"}],"wp:term":[{"taxonomy":"category","embeddable":true,"href":"https:\/\/www.lichen.pl\/fr\/wp-json\/wp\/v2\/categories?post=9746"},{"taxonomy":"post_tag","embeddable":true,"href":"https:\/\/www.lichen.pl\/fr\/wp-json\/wp\/v2\/tags?post=9746"}],"curies":[{"name":"wp","href":"https:\/\/api.w.org\/{rel}","templated":true}]}}