{"id":99785,"date":"2026-04-15T10:10:56","date_gmt":"2026-04-15T08:10:56","guid":{"rendered":"https:\/\/www.lichen.pl\/?p=99785"},"modified":"2026-04-20T10:16:51","modified_gmt":"2026-04-20T08:16:51","slug":"festiwal-lichen-mlodych-wprowadzajcie-slowo-w-czyn","status":"publish","type":"post","link":"https:\/\/www.lichen.pl\/fr\/festiwal-lichen-mlodych-wprowadzajcie-slowo-w-czyn\/","title":{"rendered":"Festiwal Liche\u0144 M\u0142odych \u201eWprowadzajcie s\u0142owo w czyn\u201d"},"content":{"rendered":"<div data-elementor-type=\"wp-post\" data-elementor-id=\"99785\" class=\"elementor elementor-99785\" data-elementor-post-type=\"post\">\n\t\t\t\t\t\t<section class=\"elementor-section elementor-top-section elementor-element elementor-element-3c33627 elementor-section-boxed elementor-section-height-default elementor-section-height-default\" data-id=\"3c33627\" data-element_type=\"section\" data-e-type=\"section\">\n\t\t\t\t\t\t<div class=\"elementor-container elementor-column-gap-default\">\n\t\t\t\t\t<div class=\"elementor-column elementor-col-100 elementor-top-column elementor-element elementor-element-3552837\" data-id=\"3552837\" data-element_type=\"column\" data-e-type=\"column\">\n\t\t\t<div class=\"elementor-widget-wrap elementor-element-populated\">\n\t\t\t\t\t\t<div class=\"elementor-element elementor-element-d62324b elementor-widget elementor-widget-text-editor\" data-id=\"d62324b\" data-element_type=\"widget\" data-e-type=\"widget\" data-widget_type=\"text-editor.default\">\n\t\t\t\t<div class=\"elementor-widget-container\">\n\t\t\t\t\t\t\t\t\t<p><span style=\"color: #000000;\"><strong>Festiwal Liche\u0144 M\u0142odych<\/strong> to wydarzenie zainicjowane przez Ksi\u0119\u017cy Marian\u00f3w, opiekun\u00f3w liche\u0144skiego sanktuarium, jako realizacja za\u0142o\u017ce\u0144 Lichenia M\u0142odych: otwierania sanktuarium na m\u0142odzie\u017c, by sta\u0142o si\u0119 ono dla niej przyjazn\u0105 przestrzeni\u0105. Has\u0142o tegorocznej edycji <strong>\u201eWprowadzajcie s\u0142owo w czyn\u201d<\/strong> czerpnie inspiracj\u0119 z has\u0142a trwaj\u0105cego roku liturgicznego \u201eUczniowie-Misjonarze\u201d. Ta my\u015bl ma by\u0107 zaproszeniem do g\u0142\u0119bszego zanurzenia si\u0119 w \u017cycie zgodne z Ewangeli\u0105, by s\u0142owo Bo\u017ce przesta\u0142o by\u0107 jedynie inspiracj\u0105 czy refleksj\u0105, a stawa\u0142o si\u0119 prawdziwym przewodnikiem w codziennych wyborach i przyjmowanych postaw. Jako chrze\u015bcijanie powinni\u015bmy wyra\u017ca\u0107 nasz\u0105 wiar\u0119 przede wszystkim w dzia\u0142aniu.<\/span><\/p><p><span style=\"color: #000000;\">Festiwal jest przede wszystkim adresowany do os\u00f3b w wieku mi\u0119dzy 18 a 30 rokiem \u017cycia, ale z otwartymi sercami zapraszamy r\u00f3wnie\u017c rodziny. W programie znajdzie si\u0119 uroczysta Msza \u015awi\u0119ta, konferencja, \u015bwiadectwa wiary oraz koncerty &#8211; wszystko, by stworzy\u0107 przestrze\u0144 do spotkania z Bogiem i drugim cz\u0142owiekiem. Wst\u0119p na festiwal jest darmowy, a atmosfera modlitwy, muzyki i wsp\u00f3lnoty na pewno na d\u0142ugo zostanie w pami\u0119ci uczestnik\u00f3w.<\/span><\/p><p><span style=\"color: #000000;\">W\u015br\u00f3d zaproszonych go\u015bci b\u0119d\u0105 m.in. ks. Artur Kosierb, dyrektor Centrum Caritas \u015bw. Maksymiliana w Koninie, kt\u00f3ry wraz z m\u0142odzie\u017c\u0105 zaanga\u017cowan\u0105 w misje w Kenii podzieli si\u0119 do\u015bwiadczeniem pracy wolontariackiej.<\/span><\/p><p><span style=\"color: #000000;\">W wydarzeniu we\u017amie udzia\u0142 tak\u017ce Maria\u0144ska Wsp\u00f3lnota M\u0142odzie\u017cowa \u2013 ruch m\u0142odych skupiony wok\u00f3\u0142 Zgromadzenia Ksi\u0119\u017cy Marian\u00f3w, kt\u00f3ry wykorzystuje w swojej formacji formu\u0142\u0119 Katolickiego Stowarzyszenia M\u0142odzie\u017cy.<\/span><\/p><p><span style=\"color: #000000;\">Na scenie wyst\u0105pi\u0105 arty\u015bci reprezentuj\u0105cy r\u00f3\u017cne nurty muzyki chrze\u015bcija\u0144skiej, w tym:<\/span><\/p><p><span style=\"color: #000000;\"><strong>anMari<\/strong> &#8211; m\u0142oda polska artystka, kt\u00f3ra komponuje chrze\u015bcija\u0144skie utwory w neoklasycznej formie fortepianowej, \u0142\u0105cz\u0105c je z popowo-gospelowym wokalem.<\/span><\/p><p><span style=\"color: #000000;\"><strong>niemaGOtu<\/strong> &#8211; polski zesp\u00f3\u0142 muzyczny graj\u0105cy muzyk\u0119 chrze\u015bcija\u0144sk\u0105. Za\u0142o\u017cony w 2015 roku. Zesp\u00f3\u0142 nagra\u0142 utw\u00f3r \u201eB\u0142ogos\u0142awieni mi\u0142osierni\u201d, kt\u00f3ry sta\u0142 si\u0119 hymnem \u015aDM 2016<\/span><\/p><p><span style=\"color: #000000;\"><strong>Wyrwani z Niewoli<\/strong> \u2013 zesp\u00f3\u0142 profilaktyczno-muzyczny posiadaj\u0105cy sze\u015bcioletnie do\u015bwiadczenie dzia\u0142alno\u015bci na rzecz dzieci i m\u0142odzie\u017cy. Liderzy zespo\u0142u specjalizuj\u0105 si\u0119 w pracy z m\u0142odymi lud\u017ami, ukazuj\u0105c im lepszy \u015bwiat.<\/span><\/p><p><span style=\"color: #000000;\"><strong>Pok\u00f3j i Dobro<\/strong> \u2013 zesp\u00f3\u0142, w kt\u00f3rego sk\u0142ad wchodz\u0105 m\u0142odzi franciszkanie. \u0141\u0105cz\u0105 oni g\u0142\u0119bok\u0105 duchowo\u015b\u0107 z \u017cyw\u0105, energetyczn\u0105 muzyk\u0105. Ich utwory czerpi\u0105 inspiracj\u0119 z Pisma \u015awi\u0119tego, tradycji Ko\u015bcio\u0142a i franciszka\u0144skiego do\u015bwiadczenia Boga, ale zaskakuj\u0105 r\u00f3\u017cnorodno\u015bci\u0105 brzmie\u0144 od popu i rocka, przez reggae, a\u017c po rap i blues.<\/span><\/p><p><span style=\"color: #000000;\">Nie zabraknie r\u00f3wnie\u017c element\u00f3w artystycznych:<\/span><\/p><p><span style=\"color: #000000;\"><strong>Teatr A<\/strong> \u2013 w swoich dzia\u0142aniach si\u0119ga do Biblii i Tradycji, ale tak\u017ce przygl\u0105da si\u0119 z ciekawo\u015bci\u0105 i przyja\u017ani\u0105 cz\u0142owiekowi.<\/span><\/p><p><span style=\"color: #000000;\">Liche\u0144ski Festiwal M\u0142odych pragnie uczyni\u0107 sanktuarium przestrzeni\u0105, w kt\u00f3rej Ewangelia spotka si\u0119 z codzienno\u015bci\u0105, a wiara nabierze konkretnego wymiaru poprzez \u015bwiadectwo \u017cycia.<\/span><\/p>\t\t\t\t\t\t\t\t<\/div>\n\t\t\t\t<\/div>\n\t\t\t\t\t<\/div>\n\t\t<\/div>\n\t\t\t\t\t<\/div>\n\t\t<\/section>\n\t\t\t\t<section class=\"elementor-section elementor-top-section elementor-element elementor-element-b3db69b elementor-section-boxed elementor-section-height-default elementor-section-height-default\" data-id=\"b3db69b\" data-element_type=\"section\" data-e-type=\"section\">\n\t\t\t\t\t\t<div class=\"elementor-container elementor-column-gap-default\">\n\t\t\t\t\t<div class=\"elementor-column elementor-col-100 elementor-top-column elementor-element elementor-element-b109937\" data-id=\"b109937\" data-element_type=\"column\" data-e-type=\"column\">\n\t\t\t<div class=\"elementor-widget-wrap elementor-element-populated\">\n\t\t\t\t\t\t<div class=\"elementor-element elementor-element-4b83be1 elementor-widget elementor-widget-image\" data-id=\"4b83be1\" data-element_type=\"widget\" data-e-type=\"widget\" data-widget_type=\"image.default\">\n\t\t\t\t<div class=\"elementor-widget-container\">\n\t\t\t\t\t\t\t\t\t\t\t\t\t\t\t<img fetchpriority=\"high\" decoding=\"async\" width=\"729\" height=\"1024\" src=\"https:\/\/www.lichen.pl\/wp-content\/uploads\/2020\/06\/FESTIWAL-plakat-729x1024.jpg\" class=\"attachment-large size-large wp-image-99692\" alt=\"\" srcset=\"https:\/\/www.lichen.pl\/wp-content\/uploads\/2020\/06\/FESTIWAL-plakat-729x1024.jpg 729w, https:\/\/www.lichen.pl\/wp-content\/uploads\/2020\/06\/FESTIWAL-plakat-213x300.jpg 213w, https:\/\/www.lichen.pl\/wp-content\/uploads\/2020\/06\/FESTIWAL-plakat-768x1080.jpg 768w, https:\/\/www.lichen.pl\/wp-content\/uploads\/2020\/06\/FESTIWAL-plakat-9x12.jpg 9w, https:\/\/www.lichen.pl\/wp-content\/uploads\/2020\/06\/FESTIWAL-plakat-800x1124.jpg 800w, https:\/\/www.lichen.pl\/wp-content\/uploads\/2020\/06\/FESTIWAL-plakat.jpg 911w\" sizes=\"(max-width: 729px) 100vw, 729px\" \/>\t\t\t\t\t\t\t\t\t\t\t\t\t\t\t<\/div>\n\t\t\t\t<\/div>\n\t\t\t\t\t<\/div>\n\t\t<\/div>\n\t\t\t\t\t<\/div>\n\t\t<\/section>\n\t\t\t\t<\/div>","protected":false},"excerpt":{"rendered":"<p>Festiwal Liche\u0144 M\u0142odych to wydarzenie zainicjowane przez Ksi\u0119\u017cy Marian\u00f3w, opiekun\u00f3w liche\u0144skiego sanktuarium, jako realizacja za\u0142o\u017ce\u0144 Lichenia M\u0142odych: otwierania sanktuarium na m\u0142odzie\u017c, by sta\u0142o si\u0119 ono dla niej przyjazn\u0105 przestrzeni\u0105. Has\u0142o tegorocznej edycji \u201eWprowadzajcie s\u0142owo w czyn\u201d czerpnie inspiracj\u0119 z has\u0142a trwaj\u0105cego roku liturgicznego \u201eUczniowie-Misjonarze\u201d. Ta my\u015bl ma by\u0107 zaproszeniem do g\u0142\u0119bszego zanurzenia si\u0119 w \u017cycie [&hellip;]<\/p>\n","protected":false},"author":8,"featured_media":99786,"comment_status":"closed","ping_status":"closed","sticky":false,"template":"","format":"standard","meta":{"footnotes":""},"categories":[72],"tags":[],"class_list":["post-99785","post","type-post","status-publish","format-standard","has-post-thumbnail","hentry","category-zapowiedzi","wpbf-post"],"yoast_head":"<!-- This site is optimized with the Yoast SEO plugin v27.4 - https:\/\/yoast.com\/product\/yoast-seo-wordpress\/ -->\n<title>Festiwal Liche\u0144 M\u0142odych \u201eWprowadzajcie s\u0142owo w czyn\u201d - SANKTUARIUM W LICHENIU<\/title>\n<meta name=\"robots\" content=\"index, follow, max-snippet:-1, max-image-preview:large, max-video-preview:-1\" \/>\n<link rel=\"canonical\" href=\"https:\/\/www.lichen.pl\/fr\/festiwal-lichen-mlodych-wprowadzajcie-slowo-w-czyn\/\" \/>\n<meta property=\"og:locale\" content=\"fr_FR\" \/>\n<meta property=\"og:type\" content=\"article\" \/>\n<meta property=\"og:title\" content=\"Festiwal Liche\u0144 M\u0142odych \u201eWprowadzajcie s\u0142owo w czyn\u201d - SANKTUARIUM W LICHENIU\" \/>\n<meta property=\"og:description\" content=\"Festiwal Liche\u0144 M\u0142odych to wydarzenie zainicjowane przez Ksi\u0119\u017cy Marian\u00f3w, opiekun\u00f3w liche\u0144skiego sanktuarium, jako realizacja za\u0142o\u017ce\u0144 Lichenia M\u0142odych: otwierania sanktuarium na m\u0142odzie\u017c, by sta\u0142o si\u0119 ono dla niej przyjazn\u0105 przestrzeni\u0105. Has\u0142o tegorocznej edycji \u201eWprowadzajcie s\u0142owo w czyn\u201d czerpnie inspiracj\u0119 z has\u0142a trwaj\u0105cego roku liturgicznego \u201eUczniowie-Misjonarze\u201d. Ta my\u015bl ma by\u0107 zaproszeniem do g\u0142\u0119bszego zanurzenia si\u0119 w \u017cycie [&hellip;]\" \/>\n<meta property=\"og:url\" content=\"https:\/\/www.lichen.pl\/fr\/festiwal-lichen-mlodych-wprowadzajcie-slowo-w-czyn\/\" \/>\n<meta property=\"og:site_name\" content=\"SANKTUARIUM W LICHENIU\" \/>\n<meta property=\"article:published_time\" content=\"2026-04-15T08:10:56+00:00\" \/>\n<meta property=\"article:modified_time\" content=\"2026-04-20T08:16:51+00:00\" \/>\n<meta property=\"og:image\" content=\"https:\/\/www.lichen.pl\/wp-content\/uploads\/2026\/04\/IMG_7616-Poprawione-Szum-1024x683.jpg\" \/>\n\t<meta property=\"og:image:width\" content=\"1024\" \/>\n\t<meta property=\"og:image:height\" content=\"683\" \/>\n\t<meta property=\"og:image:type\" content=\"image\/jpeg\" \/>\n<meta name=\"author\" content=\"Biuro Prasowe\" \/>\n<meta name=\"twitter:card\" content=\"summary_large_image\" \/>\n<meta name=\"twitter:label1\" content=\"\u00c9crit par\" \/>\n\t<meta name=\"twitter:data1\" content=\"Biuro Prasowe\" \/>\n\t<meta name=\"twitter:label2\" content=\"Dur\u00e9e de lecture estim\u00e9e\" \/>\n\t<meta name=\"twitter:data2\" content=\"3 minutes\" \/>\n<script type=\"application\/ld+json\" class=\"yoast-schema-graph\">{\"@context\":\"https:\\\/\\\/schema.org\",\"@graph\":[{\"@type\":\"Article\",\"@id\":\"https:\\\/\\\/www.lichen.pl\\\/festiwal-lichen-mlodych-wprowadzajcie-slowo-w-czyn\\\/#article\",\"isPartOf\":{\"@id\":\"https:\\\/\\\/www.lichen.pl\\\/festiwal-lichen-mlodych-wprowadzajcie-slowo-w-czyn\\\/\"},\"author\":{\"name\":\"Biuro Prasowe\",\"@id\":\"https:\\\/\\\/www.lichen.pl\\\/fr\\\/#\\\/schema\\\/person\\\/682b5cfa2f8a664a298ed0bc19782a02\"},\"headline\":\"Festiwal Liche\u0144 M\u0142odych \u201eWprowadzajcie s\u0142owo w czyn\u201d\",\"datePublished\":\"2026-04-15T08:10:56+00:00\",\"dateModified\":\"2026-04-20T08:16:51+00:00\",\"mainEntityOfPage\":{\"@id\":\"https:\\\/\\\/www.lichen.pl\\\/festiwal-lichen-mlodych-wprowadzajcie-slowo-w-czyn\\\/\"},\"wordCount\":494,\"image\":{\"@id\":\"https:\\\/\\\/www.lichen.pl\\\/festiwal-lichen-mlodych-wprowadzajcie-slowo-w-czyn\\\/#primaryimage\"},\"thumbnailUrl\":\"https:\\\/\\\/www.lichen.pl\\\/wp-content\\\/uploads\\\/2026\\\/04\\\/IMG_7616-Poprawione-Szum.jpg\",\"articleSection\":[\"Zapowiedzi\"],\"inLanguage\":\"fr-FR\"},{\"@type\":\"WebPage\",\"@id\":\"https:\\\/\\\/www.lichen.pl\\\/festiwal-lichen-mlodych-wprowadzajcie-slowo-w-czyn\\\/\",\"url\":\"https:\\\/\\\/www.lichen.pl\\\/festiwal-lichen-mlodych-wprowadzajcie-slowo-w-czyn\\\/\",\"name\":\"Festiwal Liche\u0144 M\u0142odych \u201eWprowadzajcie s\u0142owo w czyn\u201d - SANKTUARIUM W LICHENIU\",\"isPartOf\":{\"@id\":\"https:\\\/\\\/www.lichen.pl\\\/fr\\\/#website\"},\"primaryImageOfPage\":{\"@id\":\"https:\\\/\\\/www.lichen.pl\\\/festiwal-lichen-mlodych-wprowadzajcie-slowo-w-czyn\\\/#primaryimage\"},\"image\":{\"@id\":\"https:\\\/\\\/www.lichen.pl\\\/festiwal-lichen-mlodych-wprowadzajcie-slowo-w-czyn\\\/#primaryimage\"},\"thumbnailUrl\":\"https:\\\/\\\/www.lichen.pl\\\/wp-content\\\/uploads\\\/2026\\\/04\\\/IMG_7616-Poprawione-Szum.jpg\",\"datePublished\":\"2026-04-15T08:10:56+00:00\",\"dateModified\":\"2026-04-20T08:16:51+00:00\",\"author\":{\"@id\":\"https:\\\/\\\/www.lichen.pl\\\/fr\\\/#\\\/schema\\\/person\\\/682b5cfa2f8a664a298ed0bc19782a02\"},\"breadcrumb\":{\"@id\":\"https:\\\/\\\/www.lichen.pl\\\/festiwal-lichen-mlodych-wprowadzajcie-slowo-w-czyn\\\/#breadcrumb\"},\"inLanguage\":\"fr-FR\",\"potentialAction\":[{\"@type\":\"ReadAction\",\"target\":[\"https:\\\/\\\/www.lichen.pl\\\/festiwal-lichen-mlodych-wprowadzajcie-slowo-w-czyn\\\/\"]}]},{\"@type\":\"ImageObject\",\"inLanguage\":\"fr-FR\",\"@id\":\"https:\\\/\\\/www.lichen.pl\\\/festiwal-lichen-mlodych-wprowadzajcie-slowo-w-czyn\\\/#primaryimage\",\"url\":\"https:\\\/\\\/www.lichen.pl\\\/wp-content\\\/uploads\\\/2026\\\/04\\\/IMG_7616-Poprawione-Szum.jpg\",\"contentUrl\":\"https:\\\/\\\/www.lichen.pl\\\/wp-content\\\/uploads\\\/2026\\\/04\\\/IMG_7616-Poprawione-Szum.jpg\",\"width\":1920,\"height\":1280},{\"@type\":\"BreadcrumbList\",\"@id\":\"https:\\\/\\\/www.lichen.pl\\\/festiwal-lichen-mlodych-wprowadzajcie-slowo-w-czyn\\\/#breadcrumb\",\"itemListElement\":[{\"@type\":\"ListItem\",\"position\":1,\"name\":\"Strona g\u0142\u00f3wna\",\"item\":\"https:\\\/\\\/www.lichen.pl\\\/\"},{\"@type\":\"ListItem\",\"position\":2,\"name\":\"Festiwal Liche\u0144 M\u0142odych \u201eWprowadzajcie s\u0142owo w czyn\u201d\"}]},{\"@type\":\"WebSite\",\"@id\":\"https:\\\/\\\/www.lichen.pl\\\/fr\\\/#website\",\"url\":\"https:\\\/\\\/www.lichen.pl\\\/fr\\\/\",\"name\":\"SANKTUARIUM W LICHENIU\",\"description\":\"MATKI BO\u017bEJ LICHE\u0143SKIEJ BOLESNEJ KR\u00d3LOWEJ POLSKI\",\"potentialAction\":[{\"@type\":\"SearchAction\",\"target\":{\"@type\":\"EntryPoint\",\"urlTemplate\":\"https:\\\/\\\/www.lichen.pl\\\/fr\\\/?s={search_term_string}\"},\"query-input\":{\"@type\":\"PropertyValueSpecification\",\"valueRequired\":true,\"valueName\":\"search_term_string\"}}],\"inLanguage\":\"fr-FR\"},{\"@type\":\"Person\",\"@id\":\"https:\\\/\\\/www.lichen.pl\\\/fr\\\/#\\\/schema\\\/person\\\/682b5cfa2f8a664a298ed0bc19782a02\",\"name\":\"Biuro Prasowe\",\"image\":{\"@type\":\"ImageObject\",\"inLanguage\":\"fr-FR\",\"@id\":\"https:\\\/\\\/secure.gravatar.com\\\/avatar\\\/07fa3449d37670fd38888cb2e3db27aa13df245d811ec65206e44888f202bb53?s=96&d=retro&r=g\",\"url\":\"https:\\\/\\\/secure.gravatar.com\\\/avatar\\\/07fa3449d37670fd38888cb2e3db27aa13df245d811ec65206e44888f202bb53?s=96&d=retro&r=g\",\"contentUrl\":\"https:\\\/\\\/secure.gravatar.com\\\/avatar\\\/07fa3449d37670fd38888cb2e3db27aa13df245d811ec65206e44888f202bb53?s=96&d=retro&r=g\",\"caption\":\"Biuro Prasowe\"},\"sameAs\":[\"http:\\\/\\\/www.lichen.pl\"],\"url\":\"https:\\\/\\\/www.lichen.pl\\\/fr\\\/author\\\/biuro-prasowe\\\/\"}]}<\/script>\n<!-- \/ Yoast SEO plugin. -->","yoast_head_json":{"title":"Festiwal Liche\u0144 M\u0142odych \u201eWprowadzajcie s\u0142owo w czyn\u201d - SANKTUARIUM W LICHENIU","robots":{"index":"index","follow":"follow","max-snippet":"max-snippet:-1","max-image-preview":"max-image-preview:large","max-video-preview":"max-video-preview:-1"},"canonical":"https:\/\/www.lichen.pl\/fr\/festiwal-lichen-mlodych-wprowadzajcie-slowo-w-czyn\/","og_locale":"fr_FR","og_type":"article","og_title":"Festiwal Liche\u0144 M\u0142odych \u201eWprowadzajcie s\u0142owo w czyn\u201d - SANKTUARIUM W LICHENIU","og_description":"Festiwal Liche\u0144 M\u0142odych to wydarzenie zainicjowane przez Ksi\u0119\u017cy Marian\u00f3w, opiekun\u00f3w liche\u0144skiego sanktuarium, jako realizacja za\u0142o\u017ce\u0144 Lichenia M\u0142odych: otwierania sanktuarium na m\u0142odzie\u017c, by sta\u0142o si\u0119 ono dla niej przyjazn\u0105 przestrzeni\u0105. Has\u0142o tegorocznej edycji \u201eWprowadzajcie s\u0142owo w czyn\u201d czerpnie inspiracj\u0119 z has\u0142a trwaj\u0105cego roku liturgicznego \u201eUczniowie-Misjonarze\u201d. Ta my\u015bl ma by\u0107 zaproszeniem do g\u0142\u0119bszego zanurzenia si\u0119 w \u017cycie [&hellip;]","og_url":"https:\/\/www.lichen.pl\/fr\/festiwal-lichen-mlodych-wprowadzajcie-slowo-w-czyn\/","og_site_name":"SANKTUARIUM W LICHENIU","article_published_time":"2026-04-15T08:10:56+00:00","article_modified_time":"2026-04-20T08:16:51+00:00","og_image":[{"width":1024,"height":683,"url":"https:\/\/www.lichen.pl\/wp-content\/uploads\/2026\/04\/IMG_7616-Poprawione-Szum-1024x683.jpg","type":"image\/jpeg"}],"author":"Biuro Prasowe","twitter_card":"summary_large_image","twitter_misc":{"\u00c9crit par":"Biuro Prasowe","Dur\u00e9e de lecture estim\u00e9e":"3 minutes"},"schema":{"@context":"https:\/\/schema.org","@graph":[{"@type":"Article","@id":"https:\/\/www.lichen.pl\/festiwal-lichen-mlodych-wprowadzajcie-slowo-w-czyn\/#article","isPartOf":{"@id":"https:\/\/www.lichen.pl\/festiwal-lichen-mlodych-wprowadzajcie-slowo-w-czyn\/"},"author":{"name":"Biuro Prasowe","@id":"https:\/\/www.lichen.pl\/fr\/#\/schema\/person\/682b5cfa2f8a664a298ed0bc19782a02"},"headline":"Festiwal Liche\u0144 M\u0142odych \u201eWprowadzajcie s\u0142owo w czyn\u201d","datePublished":"2026-04-15T08:10:56+00:00","dateModified":"2026-04-20T08:16:51+00:00","mainEntityOfPage":{"@id":"https:\/\/www.lichen.pl\/festiwal-lichen-mlodych-wprowadzajcie-slowo-w-czyn\/"},"wordCount":494,"image":{"@id":"https:\/\/www.lichen.pl\/festiwal-lichen-mlodych-wprowadzajcie-slowo-w-czyn\/#primaryimage"},"thumbnailUrl":"https:\/\/www.lichen.pl\/wp-content\/uploads\/2026\/04\/IMG_7616-Poprawione-Szum.jpg","articleSection":["Zapowiedzi"],"inLanguage":"fr-FR"},{"@type":"WebPage","@id":"https:\/\/www.lichen.pl\/festiwal-lichen-mlodych-wprowadzajcie-slowo-w-czyn\/","url":"https:\/\/www.lichen.pl\/festiwal-lichen-mlodych-wprowadzajcie-slowo-w-czyn\/","name":"Festiwal Liche\u0144 M\u0142odych \u201eWprowadzajcie s\u0142owo w czyn\u201d - SANKTUARIUM W LICHENIU","isPartOf":{"@id":"https:\/\/www.lichen.pl\/fr\/#website"},"primaryImageOfPage":{"@id":"https:\/\/www.lichen.pl\/festiwal-lichen-mlodych-wprowadzajcie-slowo-w-czyn\/#primaryimage"},"image":{"@id":"https:\/\/www.lichen.pl\/festiwal-lichen-mlodych-wprowadzajcie-slowo-w-czyn\/#primaryimage"},"thumbnailUrl":"https:\/\/www.lichen.pl\/wp-content\/uploads\/2026\/04\/IMG_7616-Poprawione-Szum.jpg","datePublished":"2026-04-15T08:10:56+00:00","dateModified":"2026-04-20T08:16:51+00:00","author":{"@id":"https:\/\/www.lichen.pl\/fr\/#\/schema\/person\/682b5cfa2f8a664a298ed0bc19782a02"},"breadcrumb":{"@id":"https:\/\/www.lichen.pl\/festiwal-lichen-mlodych-wprowadzajcie-slowo-w-czyn\/#breadcrumb"},"inLanguage":"fr-FR","potentialAction":[{"@type":"ReadAction","target":["https:\/\/www.lichen.pl\/festiwal-lichen-mlodych-wprowadzajcie-slowo-w-czyn\/"]}]},{"@type":"ImageObject","inLanguage":"fr-FR","@id":"https:\/\/www.lichen.pl\/festiwal-lichen-mlodych-wprowadzajcie-slowo-w-czyn\/#primaryimage","url":"https:\/\/www.lichen.pl\/wp-content\/uploads\/2026\/04\/IMG_7616-Poprawione-Szum.jpg","contentUrl":"https:\/\/www.lichen.pl\/wp-content\/uploads\/2026\/04\/IMG_7616-Poprawione-Szum.jpg","width":1920,"height":1280},{"@type":"BreadcrumbList","@id":"https:\/\/www.lichen.pl\/festiwal-lichen-mlodych-wprowadzajcie-slowo-w-czyn\/#breadcrumb","itemListElement":[{"@type":"ListItem","position":1,"name":"Strona g\u0142\u00f3wna","item":"https:\/\/www.lichen.pl\/"},{"@type":"ListItem","position":2,"name":"Festiwal Liche\u0144 M\u0142odych \u201eWprowadzajcie s\u0142owo w czyn\u201d"}]},{"@type":"WebSite","@id":"https:\/\/www.lichen.pl\/fr\/#website","url":"https:\/\/www.lichen.pl\/fr\/","name":"SANCTUAIRE EN LICHENIE","description":"LA MAUVAISE REINE DE POLOGNE DE NOTRE LICHEN","potentialAction":[{"@type":"SearchAction","target":{"@type":"EntryPoint","urlTemplate":"https:\/\/www.lichen.pl\/fr\/?s={search_term_string}"},"query-input":{"@type":"PropertyValueSpecification","valueRequired":true,"valueName":"search_term_string"}}],"inLanguage":"fr-FR"},{"@type":"Person","@id":"https:\/\/www.lichen.pl\/fr\/#\/schema\/person\/682b5cfa2f8a664a298ed0bc19782a02","name":"Biuro Prasowe","image":{"@type":"ImageObject","inLanguage":"fr-FR","@id":"https:\/\/secure.gravatar.com\/avatar\/07fa3449d37670fd38888cb2e3db27aa13df245d811ec65206e44888f202bb53?s=96&d=retro&r=g","url":"https:\/\/secure.gravatar.com\/avatar\/07fa3449d37670fd38888cb2e3db27aa13df245d811ec65206e44888f202bb53?s=96&d=retro&r=g","contentUrl":"https:\/\/secure.gravatar.com\/avatar\/07fa3449d37670fd38888cb2e3db27aa13df245d811ec65206e44888f202bb53?s=96&d=retro&r=g","caption":"Biuro Prasowe"},"sameAs":["http:\/\/www.lichen.pl"],"url":"https:\/\/www.lichen.pl\/fr\/author\/biuro-prasowe\/"}]}},"_links":{"self":[{"href":"https:\/\/www.lichen.pl\/fr\/wp-json\/wp\/v2\/posts\/99785","targetHints":{"allow":["GET"]}}],"collection":[{"href":"https:\/\/www.lichen.pl\/fr\/wp-json\/wp\/v2\/posts"}],"about":[{"href":"https:\/\/www.lichen.pl\/fr\/wp-json\/wp\/v2\/types\/post"}],"author":[{"embeddable":true,"href":"https:\/\/www.lichen.pl\/fr\/wp-json\/wp\/v2\/users\/8"}],"replies":[{"embeddable":true,"href":"https:\/\/www.lichen.pl\/fr\/wp-json\/wp\/v2\/comments?post=99785"}],"version-history":[{"count":4,"href":"https:\/\/www.lichen.pl\/fr\/wp-json\/wp\/v2\/posts\/99785\/revisions"}],"predecessor-version":[{"id":99791,"href":"https:\/\/www.lichen.pl\/fr\/wp-json\/wp\/v2\/posts\/99785\/revisions\/99791"}],"wp:featuredmedia":[{"embeddable":true,"href":"https:\/\/www.lichen.pl\/fr\/wp-json\/wp\/v2\/media\/99786"}],"wp:attachment":[{"href":"https:\/\/www.lichen.pl\/fr\/wp-json\/wp\/v2\/media?parent=99785"}],"wp:term":[{"taxonomy":"category","embeddable":true,"href":"https:\/\/www.lichen.pl\/fr\/wp-json\/wp\/v2\/categories?post=99785"},{"taxonomy":"post_tag","embeddable":true,"href":"https:\/\/www.lichen.pl\/fr\/wp-json\/wp\/v2\/tags?post=99785"}],"curies":[{"name":"wp","href":"https:\/\/api.w.org\/{rel}","templated":true}]}}